{"id":47458,"date":"2026-03-13T10:36:02","date_gmt":"2026-03-13T09:36:02","guid":{"rendered":"https:\/\/www.italpassion.fr\/?p=47458"},"modified":"2026-03-13T10:36:02","modified_gmt":"2026-03-13T09:36:02","slug":"ferrari-presenta-el-lamalfi-spider-y-rectifica-por-fin-el-principal-fallo-del-que-se-quejaban-los-propietarios-del-roma-spider","status":"publish","type":"post","link":"https:\/\/www.italpassion.fr\/es\/ferrari\/ferrari-devoile-lamalfi-spider-et-corrige-enfin-le-principal-defaut-que-les-proprietaires-reprochaient-a-la-roma-spider\/","title":{"rendered":"Ferrari desvela el Amalfi Spider... y corrige por fin el principal defecto que los propietarios ten\u00edan con el Roma Spider"},"content":{"rendered":"<figure class=\"wp-block-image size-large\"><img loading=\"lazy\" decoding=\"async\" width=\"1200\" height=\"800\" src=\"https:\/\/www.italpassion.fr\/wp-content\/uploads\/2026\/03\/ferrari-amalfi-spider-0-1200x800.jpg\" alt=\"\" class=\"wp-image-47459\" srcset=\"https:\/\/www.italpassion.fr\/wp-content\/uploads\/2026\/03\/ferrari-amalfi-spider-0-scaled.jpg 1200w, https:\/\/www.italpassion.fr\/wp-content\/uploads\/2026\/03\/ferrari-amalfi-spider-0-420x280.jpg 420w, https:\/\/www.italpassion.fr\/wp-content\/uploads\/2026\/03\/ferrari-amalfi-spider-0-768x512.jpg 768w, https:\/\/www.italpassion.fr\/wp-content\/uploads\/2026\/03\/ferrari-amalfi-spider-0-18x12.jpg 18w\" sizes=\"auto, (max-width: 1200px) 100vw, 1200px\" \/><\/figure>\n\n\n\n<p>En Maranello, algunas novedades no sorprenden... pero siempre son un acontecimiento. Menos de un a\u00f1o despu\u00e9s de la presentaci\u00f3n del <a href=\"https:\/\/www.italpassion.fr\/es\/coches\/ferrari-amalfi-amalfi-spider\/\">Ferrari Amalfi<\/a>, la marca italiana presenta ahora su versi\u00f3n Spider. Una evoluci\u00f3n l\u00f3gica, ya que el anterior <a href=\"https:\/\/www.italpassion.fr\/es\/coches\/ferrari-roma-roma-spider\/\">Ferrari Roma<\/a> ya estaba disponible como coup\u00e9 y cabriolet.<\/p>\n\n\n\n<p>Pero este Amalfi Spider no s\u00f3lo elimina el techo. Tambi\u00e9n corrige un detalle de dise\u00f1o muy criticado en el Roma Spider, al tiempo que mejora la distribuci\u00f3n interior y conserva las impresionantes prestaciones del V8 biturbo.<\/p>\n\n\n\n<h2 class=\"wp-block-heading\">Un dise\u00f1o que corrige por fin el punto d\u00e9bil del Roma Spider<\/h2>\n\n\n\n<p>Cuando se present\u00f3 el Roma Spider, su estilo dividido fue objeto de un gran debate. Aunque las l\u00edneas generales eran elegantes, el frontal, y especialmente la parrilla integrada en el parachoques, provoc\u00f3 reacciones encontradas. Con el Amalfi Spider, <a href=\"https:\/\/www.italpassion.fr\/es\/ferrari\/\">Ferrari<\/a> parece haber escuchado estas cr\u00edticas.<\/p>\n\n\n\n<figure class=\"wp-block-image size-large\"><img loading=\"lazy\" decoding=\"async\" width=\"1200\" height=\"800\" src=\"https:\/\/www.italpassion.fr\/wp-content\/uploads\/2026\/03\/ferrari-amalfi-spider-10-1200x800.jpg\" alt=\"\" class=\"wp-image-47462\" srcset=\"https:\/\/www.italpassion.fr\/wp-content\/uploads\/2026\/03\/ferrari-amalfi-spider-10-scaled.jpg 1200w, https:\/\/www.italpassion.fr\/wp-content\/uploads\/2026\/03\/ferrari-amalfi-spider-10-420x280.jpg 420w, https:\/\/www.italpassion.fr\/wp-content\/uploads\/2026\/03\/ferrari-amalfi-spider-10-768x512.jpg 768w, https:\/\/www.italpassion.fr\/wp-content\/uploads\/2026\/03\/ferrari-amalfi-spider-10-18x12.jpg 18w\" sizes=\"auto, (max-width: 1200px) 100vw, 1200px\" \/><figcaption class=\"wp-element-caption\">Ferrari Amalfi Spider<\/figcaption><\/figure>\n\n\n\n<figure class=\"wp-block-image size-full\"><img loading=\"lazy\" decoding=\"async\" width=\"1200\" height=\"800\" src=\"https:\/\/www.italpassion.fr\/wp-content\/uploads\/2026\/01\/roma-spider.jpg\" alt=\"\" class=\"wp-image-45393\" srcset=\"https:\/\/www.italpassion.fr\/wp-content\/uploads\/2026\/01\/roma-spider.jpg 1200w, https:\/\/www.italpassion.fr\/wp-content\/uploads\/2026\/01\/roma-spider-420x280.jpg 420w, https:\/\/www.italpassion.fr\/wp-content\/uploads\/2026\/01\/roma-spider-768x512.jpg 768w, https:\/\/www.italpassion.fr\/wp-content\/uploads\/2026\/01\/roma-spider-18x12.jpg 18w\" sizes=\"auto, (max-width: 1200px) 100vw, 1200px\" \/><figcaption class=\"wp-element-caption\">Ferrari Roma Spider<\/figcaption><\/figure>\n\n\n\n<p>El nuevo frontal tiene un dise\u00f1o m\u00e1s limpio y convencional, con una fina banda negra y un parachoques redise\u00f1ado que simplifica la firma visual. El resultado es m\u00e1s atemporal y menos divisivo que el del Roma Spider, cuyo dise\u00f1o frontal no obtuvo una aprobaci\u00f3n un\u00e1nime.<\/p>\n\n\n\n<figure class=\"wp-block-image size-large\"><img loading=\"lazy\" decoding=\"async\" width=\"1200\" height=\"800\" src=\"https:\/\/www.italpassion.fr\/wp-content\/uploads\/2026\/03\/ferrari-amalfi-spider-8-1200x800.jpg\" alt=\"\" class=\"wp-image-47463\" srcset=\"https:\/\/www.italpassion.fr\/wp-content\/uploads\/2026\/03\/ferrari-amalfi-spider-8-scaled.jpg 1200w, https:\/\/www.italpassion.fr\/wp-content\/uploads\/2026\/03\/ferrari-amalfi-spider-8-420x280.jpg 420w, https:\/\/www.italpassion.fr\/wp-content\/uploads\/2026\/03\/ferrari-amalfi-spider-8-768x512.jpg 768w, https:\/\/www.italpassion.fr\/wp-content\/uploads\/2026\/03\/ferrari-amalfi-spider-8-18x12.jpg 18w\" sizes=\"auto, (max-width: 1200px) 100vw, 1200px\" \/><\/figure>\n\n\n\n<p>El resto de la carrocer\u00eda est\u00e1 claramente relacionado. Las proporciones generales, como la posici\u00f3n de las ruedas, el parabrisas, las puertas e incluso la zona detr\u00e1s de los reposacabezas, se basan en gran medida en la arquitectura del Roma Spider. Pero Ferrari ha retocado algunos elementos: los laterales presentan ahora una l\u00ednea ondulada alrededor de las puertas, y la parte trasera conserva la silueta alta caracter\u00edstica de los descapotables Ferrari modernos.<\/p>\n\n\n\n<h2 class=\"wp-block-heading\">Un Spider dise\u00f1ado para el placer de conducir al aire libre<\/h2>\n\n\n\n<p>Como en todos los descapotables de Ferrari, el techo es obviamente el elemento central. El Amalfi Spider cuenta con una capota de tela, disponible en varios colores, que puede abrirse o cerrarse en 13,5 segundos. Adem\u00e1s, la operaci\u00f3n puede realizarse a velocidades de hasta 60 km\/h, lo que permite disfrutar del sol o protegerse r\u00e1pidamente en caso de mal tiempo. A pesar de la flexibilidad del techo, Ferrari asegura que el nivel de aislamiento t\u00e9rmico y ac\u00fastico es comparable al de sus modelos de techo duro retr\u00e1ctil.<\/p>\n\n\n\n<figure class=\"wp-block-image size-large\"><img loading=\"lazy\" decoding=\"async\" width=\"1200\" height=\"800\" src=\"https:\/\/www.italpassion.fr\/wp-content\/uploads\/2026\/03\/ferrari-amalfi-spider-7-1200x800.jpg\" alt=\"\" class=\"wp-image-47464\" srcset=\"https:\/\/www.italpassion.fr\/wp-content\/uploads\/2026\/03\/ferrari-amalfi-spider-7-scaled.jpg 1200w, https:\/\/www.italpassion.fr\/wp-content\/uploads\/2026\/03\/ferrari-amalfi-spider-7-420x280.jpg 420w, https:\/\/www.italpassion.fr\/wp-content\/uploads\/2026\/03\/ferrari-amalfi-spider-7-768x512.jpg 768w, https:\/\/www.italpassion.fr\/wp-content\/uploads\/2026\/03\/ferrari-amalfi-spider-7-18x12.jpg 18w\" sizes=\"auto, (max-width: 1200px) 100vw, 1200px\" \/><\/figure>\n\n\n\n<figure class=\"wp-block-image size-large\"><img loading=\"lazy\" decoding=\"async\" width=\"1200\" height=\"800\" src=\"https:\/\/www.italpassion.fr\/wp-content\/uploads\/2026\/03\/ferrari-amalfi-spider-4-1200x800.jpg\" alt=\"\" class=\"wp-image-47465\" srcset=\"https:\/\/www.italpassion.fr\/wp-content\/uploads\/2026\/03\/ferrari-amalfi-spider-4-scaled.jpg 1200w, https:\/\/www.italpassion.fr\/wp-content\/uploads\/2026\/03\/ferrari-amalfi-spider-4-420x280.jpg 420w, https:\/\/www.italpassion.fr\/wp-content\/uploads\/2026\/03\/ferrari-amalfi-spider-4-768x512.jpg 768w, https:\/\/www.italpassion.fr\/wp-content\/uploads\/2026\/03\/ferrari-amalfi-spider-4-18x12.jpg 18w\" sizes=\"auto, (max-width: 1200px) 100vw, 1200px\" \/><\/figure>\n\n\n\n<p>La arquitectura sigue siendo la de una configuraci\u00f3n \u00ab2+\u00bb. Los dos peque\u00f1os asientos traseros siguen ah\u00ed, m\u00e1s por comodidad o para transportar equipaje que para acomodar a pasajeros adultos. Se trata de un compromiso ya conocido en el Roma Spider, pero que preserva el espacio de almacenamiento extra. El maletero ofrece 255 litros con el techo cerrado y 172 litros con la capota plegada.<\/p>\n\n\n\n<figure class=\"wp-block-image size-large\"><img loading=\"lazy\" decoding=\"async\" width=\"1200\" height=\"800\" src=\"https:\/\/www.italpassion.fr\/wp-content\/uploads\/2026\/03\/ferrari-amalfi-spider-5-1200x800.jpg\" alt=\"\" class=\"wp-image-47466\" srcset=\"https:\/\/www.italpassion.fr\/wp-content\/uploads\/2026\/03\/ferrari-amalfi-spider-5-scaled.jpg 1200w, https:\/\/www.italpassion.fr\/wp-content\/uploads\/2026\/03\/ferrari-amalfi-spider-5-420x280.jpg 420w, https:\/\/www.italpassion.fr\/wp-content\/uploads\/2026\/03\/ferrari-amalfi-spider-5-768x512.jpg 768w, https:\/\/www.italpassion.fr\/wp-content\/uploads\/2026\/03\/ferrari-amalfi-spider-5-18x12.jpg 18w\" sizes=\"auto, (max-width: 1200px) 100vw, 1200px\" \/><\/figure>\n\n\n\n<h2 class=\"wp-block-heading\">Un V8 biturbo que siempre est\u00e1 ah\u00ed<\/h2>\n\n\n\n<p>Bajo el cap\u00f3, Ferrari se mantiene fiel a una receta de eficacia probada. El Amalfi Spider est\u00e1 propulsado por el V8 biturbo de 3,9 litros de la familia F154. Este motor desarrolla 640 CV y 760 Nm de par, un ligero aumento respecto al Roma Spider.<\/p>\n\n\n\n<figure class=\"wp-block-image size-large\"><img loading=\"lazy\" decoding=\"async\" width=\"1200\" height=\"800\" src=\"https:\/\/www.italpassion.fr\/wp-content\/uploads\/2026\/03\/ferrari-amalfi-spider-1-1200x800.jpg\" alt=\"\" class=\"wp-image-47461\" srcset=\"https:\/\/www.italpassion.fr\/wp-content\/uploads\/2026\/03\/ferrari-amalfi-spider-1-scaled.jpg 1200w, https:\/\/www.italpassion.fr\/wp-content\/uploads\/2026\/03\/ferrari-amalfi-spider-1-420x280.jpg 420w, https:\/\/www.italpassion.fr\/wp-content\/uploads\/2026\/03\/ferrari-amalfi-spider-1-768x512.jpg 768w, https:\/\/www.italpassion.fr\/wp-content\/uploads\/2026\/03\/ferrari-amalfi-spider-1-18x12.jpg 18w\" sizes=\"auto, (max-width: 1200px) 100vw, 1200px\" \/><\/figure>\n\n\n\n<figure class=\"wp-block-image size-large\"><img loading=\"lazy\" decoding=\"async\" width=\"1200\" height=\"800\" src=\"https:\/\/www.italpassion.fr\/wp-content\/uploads\/2026\/03\/ferrari-amalfi-spider-3-1200x800.jpg\" alt=\"\" class=\"wp-image-47460\" srcset=\"https:\/\/www.italpassion.fr\/wp-content\/uploads\/2026\/03\/ferrari-amalfi-spider-3-scaled.jpg 1200w, https:\/\/www.italpassion.fr\/wp-content\/uploads\/2026\/03\/ferrari-amalfi-spider-3-420x280.jpg 420w, https:\/\/www.italpassion.fr\/wp-content\/uploads\/2026\/03\/ferrari-amalfi-spider-3-768x512.jpg 768w, https:\/\/www.italpassion.fr\/wp-content\/uploads\/2026\/03\/ferrari-amalfi-spider-3-18x12.jpg 18w\" sizes=\"auto, (max-width: 1200px) 100vw, 1200px\" \/><\/figure>\n\n\n\n<p>Combinado con una caja de cambios autom\u00e1tica de doble embrague y ocho velocidades derivada del SF90 Stradale, este motor ofrece unas prestaciones dignas de un aut\u00e9ntico supercoche: el 0 a 100 km\/h se despacha en unos 3,3 segundos, mientras que la velocidad m\u00e1xima alcanza los 320 km\/h. Incluso dentro de la gama Ferrari, el Amalfi Spider est\u00e1 lejos de ser un coche \u201ctranquilo\u201d.<\/p>\n\n\n\n<h2 class=\"wp-block-heading\">Un interior completamente modernizado<\/h2>\n\n\n\n<p>Es a bordo donde los cambios son m\u00e1s visibles. El Amalfi Spider presenta el interior completamente redise\u00f1ado de la versi\u00f3n coup\u00e9. El puesto de conducci\u00f3n adopta una arquitectura minimalista con tres pantallas: un cuadro de instrumentos digital de 15,6 pulgadas para el conductor, una pantalla central de 10,25 pulgadas para el sistema multimedia y una pantalla de 8,8 pulgadas para el pasajero.<\/p>\n\n\n\n<figure class=\"wp-block-image size-large\"><img loading=\"lazy\" decoding=\"async\" width=\"1200\" height=\"800\" src=\"https:\/\/www.italpassion.fr\/wp-content\/uploads\/2026\/03\/ferrari-amalfi-spider-6-1200x800.jpg\" alt=\"\" class=\"wp-image-47467\" srcset=\"https:\/\/www.italpassion.fr\/wp-content\/uploads\/2026\/03\/ferrari-amalfi-spider-6-scaled.jpg 1200w, https:\/\/www.italpassion.fr\/wp-content\/uploads\/2026\/03\/ferrari-amalfi-spider-6-420x280.jpg 420w, https:\/\/www.italpassion.fr\/wp-content\/uploads\/2026\/03\/ferrari-amalfi-spider-6-768x512.jpg 768w, https:\/\/www.italpassion.fr\/wp-content\/uploads\/2026\/03\/ferrari-amalfi-spider-6-18x12.jpg 18w\" sizes=\"auto, (max-width: 1200px) 100vw, 1200px\" \/><\/figure>\n\n\n\n<p>Ferrari tambi\u00e9n da la bienvenida al regreso de los botones f\u00edsicos en el volante y al bot\u00f3n de arranque de aluminio. Se trata de una respuesta indirecta a las cr\u00edticas a la ergonom\u00eda de los anteriores modelos con pantalla t\u00e1ctil de Ferrari. La disposici\u00f3n general mantiene la filosof\u00eda de \u00abdoble cabina\u00bb tan apreciada por la marca, separando visualmente la zona del conductor de la del pasajero.<\/p>\n\n\n\n<h2 class=\"wp-block-heading\">Un Ferrari dise\u00f1ado para grandes viajes... la versi\u00f3n dolce vita<\/h2>\n\n\n\n<p>El Ferrari Amalfi Spider pertenece a una categor\u00eda bastante singular: la de los GT deportivos descapotables con un motor V8 situado en posici\u00f3n delantera central. Este segmento incluye modelos como el Porsche 911 Turbo S Cabriolet, el Aston Martin V8 Vantage Roadster y el Bentley Continental GTC. Pero el enfoque de Ferrari aqu\u00ed es m\u00e1s ex\u00f3tico y emocional.<\/p>\n\n\n\n<p>El precio a\u00fan no se ha confirmado oficialmente, pero las estimaciones apuntan a una horquilla de entre 270.000 y 300.000 euros, unos 30.000 euros m\u00e1s que la versi\u00f3n coup\u00e9.<\/p>\n\n\n\n<p>Con el Amalfi Spider, Ferrari no revoluciona la receta del Roma... pero la mejora en los aspectos importantes. El dise\u00f1o frontal es menos controvertido, el interior se ha modernizado y el V8 biturbo sigue convirtiendo cada conducci\u00f3n en una experiencia.<\/p>\n\n\n\n<figure class=\"wp-block-embed is-type-video is-provider-youtube wp-block-embed-youtube wp-embed-aspect-16-9 wp-has-aspect-ratio\"><div class=\"wp-block-embed__wrapper\">\n<iframe loading=\"lazy\" title=\"Saluda al Ferrari Amalfi Spider\" width=\"1200\" height=\"675\" src=\"https:\/\/www.youtube-nocookie.com\/embed\/TY_icXkd0oI?feature=oembed\" frameborder=\"0\" allow=\"accelerometer; autoplay; clipboard-write; encrypted-media; gyroscope; picture-in-picture; web-share\" referrerpolicy=\"strict-origin-when-cross-origin\" allowfullscreen><\/iframe>\n<\/div><\/figure>","protected":false},"excerpt":{"rendered":"","protected":false},"author":1,"featured_media":47459,"comment_status":"open","ping_status":"open","sticky":false,"template":"","format":"standard","meta":{"_acf_changed":false,"_sitemap_exclude":false,"_sitemap_priority":"","_sitemap_frequency":"","footnotes":""},"categories":[23],"tags":[455,479],"class_list":["post-47458","post","type-post","status-publish","format-standard","has-post-thumbnail","hentry","category-ferrari","tag-ferrari-amalfi","tag-ferrari-amalfi-spider","generate-columns","tablet-grid-50","mobile-grid-100","grid-parent","grid-33"],"acf":[],"yoast_head":"<!-- This site is optimized with the Yoast SEO plugin v25.8 - https:\/\/yoast.com\/wordpress\/plugins\/seo\/ -->\n<title>Ferrari d\u00e9voile l&#039;Amalfi Spider\u2026 et corrige enfin le principal d\u00e9faut que les propri\u00e9taires reprochaient \u00e0 la Roma Spider - ItalPassion<\/title>\n<meta name=\"description\" content=\"\u00c0 Maranello, certaines nouveaut\u00e9s n\u2019ont rien d\u2019une surprise\u2026 mais elles restent toujours un \u00e9v\u00e9nement. Moins d\u2019un an apr\u00e8s la pr\u00e9sentation de la Ferrari\" \/>\n<meta name=\"robots\" content=\"index, follow, max-snippet:-1, max-image-preview:large, max-video-preview:-1\" \/>\n<link rel=\"canonical\" href=\"https:\/\/www.italpassion.fr\/es\/ferrari\/ferrari-presenta-el-lamalfi-spider-y-rectifica-por-fin-el-principal-fallo-del-que-se-quejaban-los-propietarios-del-roma-spider\/\" \/>\n<meta property=\"og:locale\" content=\"es_ES\" \/>\n<meta property=\"og:type\" content=\"article\" \/>\n<meta property=\"og:title\" content=\"Ferrari d\u00e9voile l&#039;Amalfi Spider\u2026 et corrige enfin le principal d\u00e9faut que les propri\u00e9taires reprochaient \u00e0 la Roma Spider - ItalPassion\" \/>\n<meta property=\"og:description\" content=\"\u00c0 Maranello, certaines nouveaut\u00e9s n\u2019ont rien d\u2019une surprise\u2026 mais elles restent toujours un \u00e9v\u00e9nement. Moins d\u2019un an apr\u00e8s la pr\u00e9sentation de la Ferrari\" \/>\n<meta property=\"og:url\" content=\"https:\/\/www.italpassion.fr\/es\/ferrari\/ferrari-presenta-el-lamalfi-spider-y-rectifica-por-fin-el-principal-fallo-del-que-se-quejaban-los-propietarios-del-roma-spider\/\" \/>\n<meta property=\"og:site_name\" content=\"ItalPassion\" \/>\n<meta property=\"article:publisher\" content=\"https:\/\/www.facebook.com\/italpassion\" \/>\n<meta property=\"article:published_time\" content=\"2026-03-13T09:36:02+00:00\" \/>\n<meta property=\"og:image\" content=\"https:\/\/www.italpassion.fr\/wp-content\/uploads\/2026\/03\/ferrari-amalfi-spider-0-scaled.jpg\" \/>\n\t<meta property=\"og:image:width\" content=\"1200\" \/>\n\t<meta property=\"og:image:height\" content=\"800\" \/>\n\t<meta property=\"og:image:type\" content=\"image\/jpeg\" \/>\n<meta name=\"author\" content=\"Alexandre Filluzeau\" \/>\n<meta name=\"twitter:card\" content=\"summary_large_image\" \/>\n<meta name=\"twitter:creator\" content=\"@italpassion\" \/>\n<meta name=\"twitter:site\" content=\"@italpassion\" \/>\n<script type=\"application\/ld+json\" class=\"yoast-schema-graph\">{\"@context\":\"https:\/\/schema.org\",\"@graph\":[{\"@type\":\"NewsArticle\",\"@id\":\"https:\/\/www.italpassion.fr\/es\/ferrari\/ferrari-devoile-lamalfi-spider-et-corrige-enfin-le-principal-defaut-que-les-proprietaires-reprochaient-a-la-roma-spider\/#article\",\"isPartOf\":{\"@id\":\"https:\/\/www.italpassion.fr\/es\/ferrari\/ferrari-devoile-lamalfi-spider-et-corrige-enfin-le-principal-defaut-que-les-proprietaires-reprochaient-a-la-roma-spider\/\"},\"author\":{\"name\":\"Alexandre Filluzeau\",\"@id\":\"https:\/\/www.italpassion.fr\/es\/#\/schema\/person\/36f747b2a759ca202d847e85a9434ca0\"},\"headline\":\"Ferrari d\u00e9voile l&rsquo;Amalfi Spider\u2026 et corrige enfin le principal d\u00e9faut que les propri\u00e9taires reprochaient \u00e0 la Roma Spider\",\"datePublished\":\"2026-03-13T09:36:02+00:00\",\"mainEntityOfPage\":{\"@id\":\"https:\/\/www.italpassion.fr\/es\/ferrari\/ferrari-devoile-lamalfi-spider-et-corrige-enfin-le-principal-defaut-que-les-proprietaires-reprochaient-a-la-roma-spider\/\"},\"wordCount\":882,\"commentCount\":2,\"publisher\":{\"@id\":\"https:\/\/www.italpassion.fr\/es\/#organization\"},\"image\":{\"@id\":\"https:\/\/www.italpassion.fr\/es\/ferrari\/ferrari-devoile-lamalfi-spider-et-corrige-enfin-le-principal-defaut-que-les-proprietaires-reprochaient-a-la-roma-spider\/#primaryimage\"},\"thumbnailUrl\":\"https:\/\/www.italpassion.fr\/wp-content\/uploads\/2026\/03\/ferrari-amalfi-spider-0-scaled.jpg\",\"keywords\":[\"Ferrari Amalfi\",\"Ferrari Amalfi Spider\"],\"articleSection\":[\"Ferrari\"],\"inLanguage\":\"es\",\"potentialAction\":[{\"@type\":\"CommentAction\",\"name\":\"Comment\",\"target\":[\"https:\/\/www.italpassion.fr\/es\/ferrari\/ferrari-devoile-lamalfi-spider-et-corrige-enfin-le-principal-defaut-que-les-proprietaires-reprochaient-a-la-roma-spider\/#respond\"]}]},{\"@type\":\"WebPage\",\"@id\":\"https:\/\/www.italpassion.fr\/es\/ferrari\/ferrari-devoile-lamalfi-spider-et-corrige-enfin-le-principal-defaut-que-les-proprietaires-reprochaient-a-la-roma-spider\/\",\"url\":\"https:\/\/www.italpassion.fr\/es\/ferrari\/ferrari-devoile-lamalfi-spider-et-corrige-enfin-le-principal-defaut-que-les-proprietaires-reprochaient-a-la-roma-spider\/\",\"name\":\"Ferrari d\u00e9voile l'Amalfi Spider\u2026 et corrige enfin le principal d\u00e9faut que les propri\u00e9taires reprochaient \u00e0 la Roma Spider - ItalPassion\",\"isPartOf\":{\"@id\":\"https:\/\/www.italpassion.fr\/es\/#website\"},\"primaryImageOfPage\":{\"@id\":\"https:\/\/www.italpassion.fr\/es\/ferrari\/ferrari-devoile-lamalfi-spider-et-corrige-enfin-le-principal-defaut-que-les-proprietaires-reprochaient-a-la-roma-spider\/#primaryimage\"},\"image\":{\"@id\":\"https:\/\/www.italpassion.fr\/es\/ferrari\/ferrari-devoile-lamalfi-spider-et-corrige-enfin-le-principal-defaut-que-les-proprietaires-reprochaient-a-la-roma-spider\/#primaryimage\"},\"thumbnailUrl\":\"https:\/\/www.italpassion.fr\/wp-content\/uploads\/2026\/03\/ferrari-amalfi-spider-0-scaled.jpg\",\"datePublished\":\"2026-03-13T09:36:02+00:00\",\"description\":\"\u00c0 Maranello, certaines nouveaut\u00e9s n\u2019ont rien d\u2019une surprise\u2026 mais elles restent toujours un \u00e9v\u00e9nement. Moins d\u2019un an apr\u00e8s la pr\u00e9sentation de la Ferrari\",\"breadcrumb\":{\"@id\":\"https:\/\/www.italpassion.fr\/es\/ferrari\/ferrari-devoile-lamalfi-spider-et-corrige-enfin-le-principal-defaut-que-les-proprietaires-reprochaient-a-la-roma-spider\/#breadcrumb\"},\"inLanguage\":\"es\",\"potentialAction\":[{\"@type\":\"ReadAction\",\"target\":[\"https:\/\/www.italpassion.fr\/es\/ferrari\/ferrari-devoile-lamalfi-spider-et-corrige-enfin-le-principal-defaut-que-les-proprietaires-reprochaient-a-la-roma-spider\/\"]}]},{\"@type\":\"ImageObject\",\"inLanguage\":\"es\",\"@id\":\"https:\/\/www.italpassion.fr\/es\/ferrari\/ferrari-devoile-lamalfi-spider-et-corrige-enfin-le-principal-defaut-que-les-proprietaires-reprochaient-a-la-roma-spider\/#primaryimage\",\"url\":\"https:\/\/www.italpassion.fr\/wp-content\/uploads\/2026\/03\/ferrari-amalfi-spider-0-scaled.jpg\",\"contentUrl\":\"https:\/\/www.italpassion.fr\/wp-content\/uploads\/2026\/03\/ferrari-amalfi-spider-0-scaled.jpg\",\"width\":1200,\"height\":800},{\"@type\":\"BreadcrumbList\",\"@id\":\"https:\/\/www.italpassion.fr\/es\/ferrari\/ferrari-devoile-lamalfi-spider-et-corrige-enfin-le-principal-defaut-que-les-proprietaires-reprochaient-a-la-roma-spider\/#breadcrumb\",\"itemListElement\":[{\"@type\":\"ListItem\",\"position\":1,\"name\":\"Accueil\",\"item\":\"https:\/\/www.italpassion.fr\/es\/\"},{\"@type\":\"ListItem\",\"position\":2,\"name\":\"Ferrari d\u00e9voile l&rsquo;Amalfi Spider\u2026 et corrige enfin le principal d\u00e9faut que les propri\u00e9taires reprochaient \u00e0 la Roma Spider\"}]},{\"@type\":\"WebSite\",\"@id\":\"https:\/\/www.italpassion.fr\/es\/#website\",\"url\":\"https:\/\/www.italpassion.fr\/es\/\",\"name\":\"ItalPassion\",\"description\":\"Les Passionn\u00e9s d&#039;Automobiles Italiennes\",\"publisher\":{\"@id\":\"https:\/\/www.italpassion.fr\/es\/#organization\"},\"potentialAction\":[{\"@type\":\"SearchAction\",\"target\":{\"@type\":\"EntryPoint\",\"urlTemplate\":\"https:\/\/www.italpassion.fr\/es\/?s={search_term_string}\"},\"query-input\":{\"@type\":\"PropertyValueSpecification\",\"valueRequired\":true,\"valueName\":\"search_term_string\"}}],\"inLanguage\":\"es\"},{\"@type\":\"Organization\",\"@id\":\"https:\/\/www.italpassion.fr\/es\/#organization\",\"name\":\"Italpassion\",\"url\":\"https:\/\/www.italpassion.fr\/es\/\",\"logo\":{\"@type\":\"ImageObject\",\"inLanguage\":\"es\",\"@id\":\"https:\/\/www.italpassion.fr\/es\/#\/schema\/logo\/image\/\",\"url\":\"https:\/\/www.italpassion.fr\/wp-content\/uploads\/2023\/07\/italpassion-yoast.jpg\",\"contentUrl\":\"https:\/\/www.italpassion.fr\/wp-content\/uploads\/2023\/07\/italpassion-yoast.jpg\",\"width\":696,\"height\":696,\"caption\":\"Italpassion\"},\"image\":{\"@id\":\"https:\/\/www.italpassion.fr\/es\/#\/schema\/logo\/image\/\"},\"sameAs\":[\"https:\/\/www.facebook.com\/italpassion\",\"https:\/\/x.com\/italpassion\",\"https:\/\/www.instagram.com\/italpassionfr\/\",\"https:\/\/www.youtube.com\/channel\/UCleq-ByQaA42OjhopwevRjQ\",\"https:\/\/www.facebook.com\/italpassion.en\/\",\"https:\/\/www.facebook.com\/italpassion.it\/\",\"https:\/\/www.facebook.com\/italpassion.de\/\",\"https:\/\/www.facebook.com\/italpassion.ja\/\"]},{\"@type\":\"Person\",\"@id\":\"https:\/\/www.italpassion.fr\/es\/#\/schema\/person\/36f747b2a759ca202d847e85a9434ca0\",\"name\":\"Alexandre Filluzeau\",\"image\":{\"@type\":\"ImageObject\",\"inLanguage\":\"es\",\"@id\":\"https:\/\/www.italpassion.fr\/es\/#\/schema\/person\/image\/\",\"url\":\"https:\/\/www.italpassion.fr\/wp-content\/uploads\/2025\/04\/avatar-alexandre-160x160.jpg\",\"contentUrl\":\"https:\/\/www.italpassion.fr\/wp-content\/uploads\/2025\/04\/avatar-alexandre-160x160.jpg\",\"caption\":\"Alexandre Filluzeau\"},\"description\":\"Fondateur du site ItalPassion, passionn\u00e9 de voitures italiennes et de l'Italie en g\u00e9n\u00e9ral. J'apporte un regard critique et technique aux actualit\u00e9s des marques italiennes quand cela est possible. Propri\u00e9taire d'une Maserati GranTurismo, Alfa Romeo MiTo, Lancia Fulvia et Ducati 695. Ex-propri\u00e9taire d'une Alfa Romeo Giulia.\",\"sameAs\":[\"https:\/\/www.italpassion.fr\/\"],\"url\":\"https:\/\/www.italpassion.fr\/es\/author\/alexandre\/\"}]}<\/script>\n<!-- \/ Yoast SEO plugin. -->","yoast_head_json":{"title":"Ferrari presenta el Amalfi Spider... y corrige por fin el principal defecto del Roma Spider - ItalPassion","description":"En Maranello, algunos modelos nuevos no son una sorpresa... pero siempre son un acontecimiento. Menos de un a\u00f1o despu\u00e9s de la presentaci\u00f3n del Ferrari","robots":{"index":"index","follow":"follow","max-snippet":"max-snippet:-1","max-image-preview":"max-image-preview:large","max-video-preview":"max-video-preview:-1"},"canonical":"https:\/\/www.italpassion.fr\/es\/ferrari\/ferrari-presenta-el-lamalfi-spider-y-rectifica-por-fin-el-principal-fallo-del-que-se-quejaban-los-propietarios-del-roma-spider\/","og_locale":"es_ES","og_type":"article","og_title":"Ferrari d\u00e9voile l'Amalfi Spider\u2026 et corrige enfin le principal d\u00e9faut que les propri\u00e9taires reprochaient \u00e0 la Roma Spider - ItalPassion","og_description":"\u00c0 Maranello, certaines nouveaut\u00e9s n\u2019ont rien d\u2019une surprise\u2026 mais elles restent toujours un \u00e9v\u00e9nement. Moins d\u2019un an apr\u00e8s la pr\u00e9sentation de la Ferrari","og_url":"https:\/\/www.italpassion.fr\/es\/ferrari\/ferrari-presenta-el-lamalfi-spider-y-rectifica-por-fin-el-principal-fallo-del-que-se-quejaban-los-propietarios-del-roma-spider\/","og_site_name":"ItalPassion","article_publisher":"https:\/\/www.facebook.com\/italpassion","article_published_time":"2026-03-13T09:36:02+00:00","og_image":[{"width":1200,"height":800,"url":"https:\/\/www.italpassion.fr\/wp-content\/uploads\/2026\/03\/ferrari-amalfi-spider-0-scaled.jpg","type":"image\/jpeg"}],"author":"Alexandre Filluzeau","twitter_card":"summary_large_image","twitter_creator":"@italpassion","twitter_site":"@italpassion","schema":{"@context":"https:\/\/schema.org","@graph":[{"@type":"NewsArticle","@id":"https:\/\/www.italpassion.fr\/es\/ferrari\/ferrari-devoile-lamalfi-spider-et-corrige-enfin-le-principal-defaut-que-les-proprietaires-reprochaient-a-la-roma-spider\/#article","isPartOf":{"@id":"https:\/\/www.italpassion.fr\/es\/ferrari\/ferrari-devoile-lamalfi-spider-et-corrige-enfin-le-principal-defaut-que-les-proprietaires-reprochaient-a-la-roma-spider\/"},"author":{"name":"Alexandre Filluzeau","@id":"https:\/\/www.italpassion.fr\/es\/#\/schema\/person\/36f747b2a759ca202d847e85a9434ca0"},"headline":"Ferrari d\u00e9voile l&rsquo;Amalfi Spider\u2026 et corrige enfin le principal d\u00e9faut que les propri\u00e9taires reprochaient \u00e0 la Roma Spider","datePublished":"2026-03-13T09:36:02+00:00","mainEntityOfPage":{"@id":"https:\/\/www.italpassion.fr\/es\/ferrari\/ferrari-devoile-lamalfi-spider-et-corrige-enfin-le-principal-defaut-que-les-proprietaires-reprochaient-a-la-roma-spider\/"},"wordCount":882,"commentCount":2,"publisher":{"@id":"https:\/\/www.italpassion.fr\/es\/#organization"},"image":{"@id":"https:\/\/www.italpassion.fr\/es\/ferrari\/ferrari-devoile-lamalfi-spider-et-corrige-enfin-le-principal-defaut-que-les-proprietaires-reprochaient-a-la-roma-spider\/#primaryimage"},"thumbnailUrl":"https:\/\/www.italpassion.fr\/wp-content\/uploads\/2026\/03\/ferrari-amalfi-spider-0-scaled.jpg","keywords":["Ferrari Amalfi","Ferrari Amalfi Spider"],"articleSection":["Ferrari"],"inLanguage":"es","potentialAction":[{"@type":"CommentAction","name":"Comment","target":["https:\/\/www.italpassion.fr\/es\/ferrari\/ferrari-devoile-lamalfi-spider-et-corrige-enfin-le-principal-defaut-que-les-proprietaires-reprochaient-a-la-roma-spider\/#respond"]}]},{"@type":"WebPage","@id":"https:\/\/www.italpassion.fr\/es\/ferrari\/ferrari-devoile-lamalfi-spider-et-corrige-enfin-le-principal-defaut-que-les-proprietaires-reprochaient-a-la-roma-spider\/","url":"https:\/\/www.italpassion.fr\/es\/ferrari\/ferrari-devoile-lamalfi-spider-et-corrige-enfin-le-principal-defaut-que-les-proprietaires-reprochaient-a-la-roma-spider\/","name":"Ferrari presenta el Amalfi Spider... y corrige por fin el principal defecto del Roma Spider - ItalPassion","isPartOf":{"@id":"https:\/\/www.italpassion.fr\/es\/#website"},"primaryImageOfPage":{"@id":"https:\/\/www.italpassion.fr\/es\/ferrari\/ferrari-devoile-lamalfi-spider-et-corrige-enfin-le-principal-defaut-que-les-proprietaires-reprochaient-a-la-roma-spider\/#primaryimage"},"image":{"@id":"https:\/\/www.italpassion.fr\/es\/ferrari\/ferrari-devoile-lamalfi-spider-et-corrige-enfin-le-principal-defaut-que-les-proprietaires-reprochaient-a-la-roma-spider\/#primaryimage"},"thumbnailUrl":"https:\/\/www.italpassion.fr\/wp-content\/uploads\/2026\/03\/ferrari-amalfi-spider-0-scaled.jpg","datePublished":"2026-03-13T09:36:02+00:00","description":"En Maranello, algunos modelos nuevos no son una sorpresa... pero siempre son un acontecimiento. Menos de un a\u00f1o despu\u00e9s de la presentaci\u00f3n del Ferrari","breadcrumb":{"@id":"https:\/\/www.italpassion.fr\/es\/ferrari\/ferrari-devoile-lamalfi-spider-et-corrige-enfin-le-principal-defaut-que-les-proprietaires-reprochaient-a-la-roma-spider\/#breadcrumb"},"inLanguage":"es","potentialAction":[{"@type":"ReadAction","target":["https:\/\/www.italpassion.fr\/es\/ferrari\/ferrari-devoile-lamalfi-spider-et-corrige-enfin-le-principal-defaut-que-les-proprietaires-reprochaient-a-la-roma-spider\/"]}]},{"@type":"ImageObject","inLanguage":"es","@id":"https:\/\/www.italpassion.fr\/es\/ferrari\/ferrari-devoile-lamalfi-spider-et-corrige-enfin-le-principal-defaut-que-les-proprietaires-reprochaient-a-la-roma-spider\/#primaryimage","url":"https:\/\/www.italpassion.fr\/wp-content\/uploads\/2026\/03\/ferrari-amalfi-spider-0-scaled.jpg","contentUrl":"https:\/\/www.italpassion.fr\/wp-content\/uploads\/2026\/03\/ferrari-amalfi-spider-0-scaled.jpg","width":1200,"height":800},{"@type":"BreadcrumbList","@id":"https:\/\/www.italpassion.fr\/es\/ferrari\/ferrari-devoile-lamalfi-spider-et-corrige-enfin-le-principal-defaut-que-les-proprietaires-reprochaient-a-la-roma-spider\/#breadcrumb","itemListElement":[{"@type":"ListItem","position":1,"name":"Accueil","item":"https:\/\/www.italpassion.fr\/es\/"},{"@type":"ListItem","position":2,"name":"Ferrari d\u00e9voile l&rsquo;Amalfi Spider\u2026 et corrige enfin le principal d\u00e9faut que les propri\u00e9taires reprochaient \u00e0 la Roma Spider"}]},{"@type":"WebSite","@id":"https:\/\/www.italpassion.fr\/es\/#website","url":"https:\/\/www.italpassion.fr\/es\/","name":"ItalPassion","description":"Entusiastas de los coches italianos","publisher":{"@id":"https:\/\/www.italpassion.fr\/es\/#organization"},"potentialAction":[{"@type":"SearchAction","target":{"@type":"EntryPoint","urlTemplate":"https:\/\/www.italpassion.fr\/es\/?s={search_term_string}"},"query-input":{"@type":"PropertyValueSpecification","valueRequired":true,"valueName":"search_term_string"}}],"inLanguage":"es"},{"@type":"Organization","@id":"https:\/\/www.italpassion.fr\/es\/#organization","name":"Italpassion","url":"https:\/\/www.italpassion.fr\/es\/","logo":{"@type":"ImageObject","inLanguage":"es","@id":"https:\/\/www.italpassion.fr\/es\/#\/schema\/logo\/image\/","url":"https:\/\/www.italpassion.fr\/wp-content\/uploads\/2023\/07\/italpassion-yoast.jpg","contentUrl":"https:\/\/www.italpassion.fr\/wp-content\/uploads\/2023\/07\/italpassion-yoast.jpg","width":696,"height":696,"caption":"Italpassion"},"image":{"@id":"https:\/\/www.italpassion.fr\/es\/#\/schema\/logo\/image\/"},"sameAs":["https:\/\/www.facebook.com\/italpassion","https:\/\/x.com\/italpassion","https:\/\/www.instagram.com\/italpassionfr\/","https:\/\/www.youtube.com\/channel\/UCleq-ByQaA42OjhopwevRjQ","https:\/\/www.facebook.com\/italpassion.en\/","https:\/\/www.facebook.com\/italpassion.it\/","https:\/\/www.facebook.com\/italpassion.de\/","https:\/\/www.facebook.com\/italpassion.ja\/"]},{"@type":"Person","@id":"https:\/\/www.italpassion.fr\/es\/#\/schema\/person\/36f747b2a759ca202d847e85a9434ca0","name":"Alexandre Filluzeau","image":{"@type":"ImageObject","inLanguage":"es","@id":"https:\/\/www.italpassion.fr\/es\/#\/schema\/person\/image\/","url":"https:\/\/www.italpassion.fr\/wp-content\/uploads\/2025\/04\/avatar-alexandre-160x160.jpg","contentUrl":"https:\/\/www.italpassion.fr\/wp-content\/uploads\/2025\/04\/avatar-alexandre-160x160.jpg","caption":"Alexandre Filluzeau"},"description":"Fundador del sitio web ItalPassion, apasionado de los coches italianos y de Italia en general. Aporto una mirada cr\u00edtica y t\u00e9cnica a las noticias de las marcas italianas cuando es posible. Propietario de un Maserati GranTurismo, Alfa Romeo MiTo, Lancia Fulvia y Ducati 695. Ex-propietario de un Alfa Romeo Giulia.","sameAs":["https:\/\/www.italpassion.fr\/"],"url":"https:\/\/www.italpassion.fr\/es\/author\/alexandre\/"}]}},"_links":{"self":[{"href":"https:\/\/www.italpassion.fr\/es\/wp-json\/wp\/v2\/posts\/47458","targetHints":{"allow":["GET"]}}],"collection":[{"href":"https:\/\/www.italpassion.fr\/es\/wp-json\/wp\/v2\/posts"}],"about":[{"href":"https:\/\/www.italpassion.fr\/es\/wp-json\/wp\/v2\/types\/post"}],"author":[{"embeddable":true,"href":"https:\/\/www.italpassion.fr\/es\/wp-json\/wp\/v2\/users\/1"}],"replies":[{"embeddable":true,"href":"https:\/\/www.italpassion.fr\/es\/wp-json\/wp\/v2\/comments?post=47458"}],"version-history":[{"count":1,"href":"https:\/\/www.italpassion.fr\/es\/wp-json\/wp\/v2\/posts\/47458\/revisions"}],"predecessor-version":[{"id":47468,"href":"https:\/\/www.italpassion.fr\/es\/wp-json\/wp\/v2\/posts\/47458\/revisions\/47468"}],"wp:featuredmedia":[{"embeddable":true,"href":"https:\/\/www.italpassion.fr\/es\/wp-json\/wp\/v2\/media\/47459"}],"wp:attachment":[{"href":"https:\/\/www.italpassion.fr\/es\/wp-json\/wp\/v2\/media?parent=47458"}],"wp:term":[{"taxonomy":"category","embeddable":true,"href":"https:\/\/www.italpassion.fr\/es\/wp-json\/wp\/v2\/categories?post=47458"},{"taxonomy":"post_tag","embeddable":true,"href":"https:\/\/www.italpassion.fr\/es\/wp-json\/wp\/v2\/tags?post=47458"}],"curies":[{"name":"wp","href":"https:\/\/api.w.org\/{rel}","templated":true}]}}