{"id":47364,"date":"2026-03-12T17:33:14","date_gmt":"2026-03-12T16:33:14","guid":{"rendered":"https:\/\/www.italpassion.fr\/?p=47364"},"modified":"2026-03-10T14:50:21","modified_gmt":"2026-03-10T13:50:21","slug":"me-quito-el-sombrero-ante-los-coches-chinos-el-hijo-del-fundador-de-lamborghini-anuncia-que-se-va-a-comprar-uno","status":"publish","type":"post","link":"https:\/\/www.italpassion.fr\/es\/lamborghini\/je-me-tire-mon-chapeau-devant-les-voitures-chinoises-le-fils-du-fondateur-de-lamborghini-annonce-quil-va-en-acheter-une\/","title":{"rendered":"\u00abMe quito el sombrero ante los coches chinos\u00bb: el hijo del fundador de Lamborghini anuncia que se va a comprar uno"},"content":{"rendered":"<figure class=\"wp-block-image size-full\"><img loading=\"lazy\" decoding=\"async\" width=\"1200\" height=\"800\" src=\"https:\/\/www.italpassion.fr\/wp-content\/uploads\/2026\/03\/tonino-lamborghini.jpg\" alt=\"\" class=\"wp-image-47365\" srcset=\"https:\/\/www.italpassion.fr\/wp-content\/uploads\/2026\/03\/tonino-lamborghini.jpg 1200w, https:\/\/www.italpassion.fr\/wp-content\/uploads\/2026\/03\/tonino-lamborghini-420x280.jpg 420w, https:\/\/www.italpassion.fr\/wp-content\/uploads\/2026\/03\/tonino-lamborghini-768x512.jpg 768w, https:\/\/www.italpassion.fr\/wp-content\/uploads\/2026\/03\/tonino-lamborghini-18x12.jpg 18w\" sizes=\"auto, (max-width: 1200px) 100vw, 1200px\" \/><\/figure>\n\n\n\n<p>El mercado del autom\u00f3vil evoluciona a una velocidad vertiginosa y los fabricantes chinos se est\u00e1n consolidando como actores clave. Es una realidad que reconocen abiertamente incluso algunas de las figuras m\u00e1s emblem\u00e1ticas de la industria automovil\u00edstica italiana. Esto es especialmente cierto en el caso de Tonino <a href=\"https:\/\/www.italpassion.fr\/es\/lamborghini\/\">Lamborghini<\/a>, hijo del fundador de la c\u00e9lebre marca de superdeportivos, que se apresur\u00f3 a elogiar los impresionantes progresos realizados por los fabricantes chinos... hasta el punto de plantearse comprar uno.<\/p>\n\n\n\n<p>Estas declaraciones se hicieron en el sal\u00f3n Automotoretr\u00f3 de Parma, un evento dedicado a los coches tradicionales, de lujo y deportivos. Tonino Lamborghini particip\u00f3 en una conferencia junto al ingeniero Giampaolo Dallara y el creador de contenidos Noah Cooks F1, para hablar de la evoluci\u00f3n del mercado automovil\u00edstico, las nuevas tecnolog\u00edas y el auge de las marcas chinas.<\/p>\n\n\n\n<h2 class=\"wp-block-heading\">\u00abCoches muy avanzados\u00bb<\/h2>\n\n\n\n<p>Preguntado por la llegada masiva de fabricantes chinos al mercado europeo, Tonino Lamborghini ofreci\u00f3 un an\u00e1lisis franco. En su opini\u00f3n, se acabaron los tiempos en que las marcas chinas se limitaban a copiar a los fabricantes occidentales.<\/p>\n\n\n\n<blockquote class=\"wp-block-quote is-layout-flow wp-block-quote-is-layout-flow\"><svg aria-hidden=\"true\" focusable=\"false\" class=\"icon icon-quote\" width=\"48\" height=\"48\"><use xlink:href=\"#icon-quote\"><\/use><\/svg>\n<p>\u00abLos fabricantes chinos hacen ahora coches muy respetables y tecnol\u00f3gicamente avanzados. Antes se dec\u00eda que al principio copiaban, pero ahora fabrican modelos cada vez m\u00e1s bonitos y competitivos\u00bb, declar\u00f3.<\/p>\n<\/blockquote>\n\n\n\n<p>Para el hijo del fundador de Lamborghini, estos coches re\u00fanen varias ventajas importantes: precios a menudo inferiores a los de sus rivales europeos y una tecnolog\u00eda especialmente avanzada. Una combinaci\u00f3n que explica en gran medida su r\u00e1pido ascenso en el mercado internacional.<\/p>\n\n\n\n<p>Ante estos progresos, Tonino Lamborghini no oculta su admiraci\u00f3n: \u00abMe quito el sombrero ante ellos\u00bb.<\/p>\n\n\n\n<h2 class=\"wp-block-heading\">Tonino Lamborghini podr\u00eda comprar un h\u00edbrido chino<\/h2>\n\n\n\n<p>El empresario italiano fue a\u00fan m\u00e1s lejos y revel\u00f3 que \u00e9l mismo estaba considerando la posibilidad de convertirse en cliente de un fabricante chino.<\/p>\n\n\n\n<p>En su opini\u00f3n, aunque estas marcas no tengan todav\u00eda el prestigio y la imagen de las grandes marcas europeas, lo compensan con creces por su calidad t\u00e9cnica y sus precios competitivos.<\/p>\n\n\n\n<p>\u00abTodav\u00eda no tienen la reputaci\u00f3n de las marcas europeas, pero tienen la calidad, el precio y la tecnolog\u00eda de su parte\u00bb, explica, antes de a\u00f1adir: \u00abProbablemente me quede con un h\u00edbrido chino\u00bb.<\/p>\n\n\n\n<p>Sin embargo, Tonino Lamborghini quiso matizar el argumento que suele asociarse a los veh\u00edculos electrificados. En su opini\u00f3n, el impacto ecol\u00f3gico real de estos coches sigue siendo discutible si tenemos en cuenta todo el ciclo de producci\u00f3n y vida del veh\u00edculo.<\/p>\n\n\n\n<p>\u00abNo pretendamos que sean realmente \u201cverdes\u201d. Hoy por hoy, no es as\u00ed\u00bb, afirm\u00f3, aunque reconoci\u00f3 que se trataba m\u00e1s de su convicci\u00f3n personal que de un an\u00e1lisis basado en datos precisos.<\/p>\n\n\n\n<h2 class=\"wp-block-heading\">El futuro del autom\u00f3vil seg\u00fan Dallara<\/h2>\n\n\n\n<p>En la misma conferencia, Giampaolo Dallara llev\u00f3 el debate un paso m\u00e1s all\u00e1 al hablar del futuro del autom\u00f3vil y de la cambiante relaci\u00f3n con el coche.<\/p>\n\n\n\n<p>Seg\u00fan el fundador de la empresa italiana de ingenier\u00eda, es muy posible que las generaciones futuras adopten un enfoque completamente distinto de la movilidad.<\/p>\n\n\n\n<blockquote class=\"wp-block-quote is-layout-flow wp-block-quote-is-layout-flow\"><svg aria-hidden=\"true\" focusable=\"false\" class=\"icon icon-quote\" width=\"48\" height=\"48\"><use xlink:href=\"#icon-quote\"><\/use><\/svg>\n<p>\u00abNo me entusiasma la idea, pero creo que mis nietos viajar\u00e1n en coches el\u00e9ctricos, quiz\u00e1 aut\u00f3nomos, y probablemente ni siquiera los posean\u00bb, explic\u00f3.<\/p>\n<\/blockquote>\n\n\n\n<p>En su opini\u00f3n, el futuro podr\u00eda estar marcado por la separaci\u00f3n entre dos usos muy distintos del autom\u00f3vil. Por un lado, los veh\u00edculos aut\u00f3nomos y compartidos, que podr\u00edan fabricarse en China, podr\u00edan garantizar la movilidad cotidiana. Por otro, los aficionados seguir\u00edan teniendo coches tradicionales, utilizados para el placer y el ocio.<\/p>\n\n\n\n<p>Una cosa sigue siendo cierta para Dallara: incluso en un futuro dominado por nuevas formas de movilidad, los supercoches siempre tendr\u00e1n su lugar.<\/p>","protected":false},"excerpt":{"rendered":"","protected":false},"author":1,"featured_media":47365,"comment_status":"open","ping_status":"open","sticky":false,"template":"","format":"standard","meta":{"_acf_changed":false,"_sitemap_exclude":false,"_sitemap_priority":"","_sitemap_frequency":"","footnotes":""},"categories":[25],"tags":[732],"class_list":["post-47364","post","type-post","status-publish","format-standard","has-post-thumbnail","hentry","category-lamborghini","tag-tonino-lamborghini","generate-columns","tablet-grid-50","mobile-grid-100","grid-parent","grid-33"],"acf":[],"yoast_head":"<!-- This site is optimized with the Yoast SEO plugin v25.8 - https:\/\/yoast.com\/wordpress\/plugins\/seo\/ -->\n<title>\u00ab Je me tire mon chapeau devant les voitures chinoises \u00bb : le fils du fondateur de Lamborghini annonce qu&#039;il va en acheter une - ItalPassion<\/title>\n<meta name=\"description\" content=\"Le march\u00e9 automobile \u00e9volue \u00e0 grande vitesse et les constructeurs chinois s\u2019imposent d\u00e9sormais comme des acteurs incontournables. Une r\u00e9alit\u00e9 que m\u00eame\" \/>\n<meta name=\"robots\" content=\"index, follow, max-snippet:-1, max-image-preview:large, max-video-preview:-1\" \/>\n<link rel=\"canonical\" href=\"https:\/\/www.italpassion.fr\/es\/lamborghini\/me-quito-el-sombrero-ante-los-coches-chinos-el-hijo-del-fundador-de-lamborghini-anuncia-que-se-va-a-comprar-uno\/\" \/>\n<meta property=\"og:locale\" content=\"es_ES\" \/>\n<meta property=\"og:type\" content=\"article\" \/>\n<meta property=\"og:title\" content=\"\u00ab Je me tire mon chapeau devant les voitures chinoises \u00bb : le fils du fondateur de Lamborghini annonce qu&#039;il va en acheter une - ItalPassion\" \/>\n<meta property=\"og:description\" content=\"Le march\u00e9 automobile \u00e9volue \u00e0 grande vitesse et les constructeurs chinois s\u2019imposent d\u00e9sormais comme des acteurs incontournables. Une r\u00e9alit\u00e9 que m\u00eame\" \/>\n<meta property=\"og:url\" content=\"https:\/\/www.italpassion.fr\/es\/lamborghini\/me-quito-el-sombrero-ante-los-coches-chinos-el-hijo-del-fundador-de-lamborghini-anuncia-que-se-va-a-comprar-uno\/\" \/>\n<meta property=\"og:site_name\" content=\"ItalPassion\" \/>\n<meta property=\"article:publisher\" content=\"https:\/\/www.facebook.com\/italpassion\" \/>\n<meta property=\"article:published_time\" content=\"2026-03-12T16:33:14+00:00\" \/>\n<meta property=\"og:image\" content=\"https:\/\/www.italpassion.fr\/wp-content\/uploads\/2026\/03\/tonino-lamborghini.jpg\" \/>\n\t<meta property=\"og:image:width\" content=\"1200\" \/>\n\t<meta property=\"og:image:height\" content=\"800\" \/>\n\t<meta property=\"og:image:type\" content=\"image\/jpeg\" \/>\n<meta name=\"author\" content=\"Alexandre Filluzeau\" \/>\n<meta name=\"twitter:card\" content=\"summary_large_image\" \/>\n<meta name=\"twitter:creator\" content=\"@italpassion\" \/>\n<meta name=\"twitter:site\" content=\"@italpassion\" \/>\n<script type=\"application\/ld+json\" class=\"yoast-schema-graph\">{\"@context\":\"https:\/\/schema.org\",\"@graph\":[{\"@type\":\"NewsArticle\",\"@id\":\"https:\/\/www.italpassion.fr\/es\/lamborghini\/je-me-tire-mon-chapeau-devant-les-voitures-chinoises-le-fils-du-fondateur-de-lamborghini-annonce-quil-va-en-acheter-une\/#article\",\"isPartOf\":{\"@id\":\"https:\/\/www.italpassion.fr\/es\/lamborghini\/je-me-tire-mon-chapeau-devant-les-voitures-chinoises-le-fils-du-fondateur-de-lamborghini-annonce-quil-va-en-acheter-une\/\"},\"author\":{\"name\":\"Alexandre Filluzeau\",\"@id\":\"https:\/\/www.italpassion.fr\/es\/#\/schema\/person\/36f747b2a759ca202d847e85a9434ca0\"},\"headline\":\"\u00ab Je me tire mon chapeau devant les voitures chinoises \u00bb : le fils du fondateur de Lamborghini annonce qu&rsquo;il va en acheter une\",\"datePublished\":\"2026-03-12T16:33:14+00:00\",\"mainEntityOfPage\":{\"@id\":\"https:\/\/www.italpassion.fr\/es\/lamborghini\/je-me-tire-mon-chapeau-devant-les-voitures-chinoises-le-fils-du-fondateur-de-lamborghini-annonce-quil-va-en-acheter-une\/\"},\"wordCount\":701,\"commentCount\":2,\"publisher\":{\"@id\":\"https:\/\/www.italpassion.fr\/es\/#organization\"},\"image\":{\"@id\":\"https:\/\/www.italpassion.fr\/es\/lamborghini\/je-me-tire-mon-chapeau-devant-les-voitures-chinoises-le-fils-du-fondateur-de-lamborghini-annonce-quil-va-en-acheter-une\/#primaryimage\"},\"thumbnailUrl\":\"https:\/\/www.italpassion.fr\/wp-content\/uploads\/2026\/03\/tonino-lamborghini.jpg\",\"keywords\":[\"Tonino Lamborghini\"],\"articleSection\":[\"Lamborghini\"],\"inLanguage\":\"es\",\"potentialAction\":[{\"@type\":\"CommentAction\",\"name\":\"Comment\",\"target\":[\"https:\/\/www.italpassion.fr\/es\/lamborghini\/je-me-tire-mon-chapeau-devant-les-voitures-chinoises-le-fils-du-fondateur-de-lamborghini-annonce-quil-va-en-acheter-une\/#respond\"]}]},{\"@type\":\"WebPage\",\"@id\":\"https:\/\/www.italpassion.fr\/es\/lamborghini\/je-me-tire-mon-chapeau-devant-les-voitures-chinoises-le-fils-du-fondateur-de-lamborghini-annonce-quil-va-en-acheter-une\/\",\"url\":\"https:\/\/www.italpassion.fr\/es\/lamborghini\/je-me-tire-mon-chapeau-devant-les-voitures-chinoises-le-fils-du-fondateur-de-lamborghini-annonce-quil-va-en-acheter-une\/\",\"name\":\"\u00ab Je me tire mon chapeau devant les voitures chinoises \u00bb : le fils du fondateur de Lamborghini annonce qu'il va en acheter une - ItalPassion\",\"isPartOf\":{\"@id\":\"https:\/\/www.italpassion.fr\/es\/#website\"},\"primaryImageOfPage\":{\"@id\":\"https:\/\/www.italpassion.fr\/es\/lamborghini\/je-me-tire-mon-chapeau-devant-les-voitures-chinoises-le-fils-du-fondateur-de-lamborghini-annonce-quil-va-en-acheter-une\/#primaryimage\"},\"image\":{\"@id\":\"https:\/\/www.italpassion.fr\/es\/lamborghini\/je-me-tire-mon-chapeau-devant-les-voitures-chinoises-le-fils-du-fondateur-de-lamborghini-annonce-quil-va-en-acheter-une\/#primaryimage\"},\"thumbnailUrl\":\"https:\/\/www.italpassion.fr\/wp-content\/uploads\/2026\/03\/tonino-lamborghini.jpg\",\"datePublished\":\"2026-03-12T16:33:14+00:00\",\"description\":\"Le march\u00e9 automobile \u00e9volue \u00e0 grande vitesse et les constructeurs chinois s\u2019imposent d\u00e9sormais comme des acteurs incontournables. Une r\u00e9alit\u00e9 que m\u00eame\",\"breadcrumb\":{\"@id\":\"https:\/\/www.italpassion.fr\/es\/lamborghini\/je-me-tire-mon-chapeau-devant-les-voitures-chinoises-le-fils-du-fondateur-de-lamborghini-annonce-quil-va-en-acheter-une\/#breadcrumb\"},\"inLanguage\":\"es\",\"potentialAction\":[{\"@type\":\"ReadAction\",\"target\":[\"https:\/\/www.italpassion.fr\/es\/lamborghini\/je-me-tire-mon-chapeau-devant-les-voitures-chinoises-le-fils-du-fondateur-de-lamborghini-annonce-quil-va-en-acheter-une\/\"]}]},{\"@type\":\"ImageObject\",\"inLanguage\":\"es\",\"@id\":\"https:\/\/www.italpassion.fr\/es\/lamborghini\/je-me-tire-mon-chapeau-devant-les-voitures-chinoises-le-fils-du-fondateur-de-lamborghini-annonce-quil-va-en-acheter-une\/#primaryimage\",\"url\":\"https:\/\/www.italpassion.fr\/wp-content\/uploads\/2026\/03\/tonino-lamborghini.jpg\",\"contentUrl\":\"https:\/\/www.italpassion.fr\/wp-content\/uploads\/2026\/03\/tonino-lamborghini.jpg\",\"width\":1200,\"height\":800},{\"@type\":\"BreadcrumbList\",\"@id\":\"https:\/\/www.italpassion.fr\/es\/lamborghini\/je-me-tire-mon-chapeau-devant-les-voitures-chinoises-le-fils-du-fondateur-de-lamborghini-annonce-quil-va-en-acheter-une\/#breadcrumb\",\"itemListElement\":[{\"@type\":\"ListItem\",\"position\":1,\"name\":\"Accueil\",\"item\":\"https:\/\/www.italpassion.fr\/es\/\"},{\"@type\":\"ListItem\",\"position\":2,\"name\":\"\u00ab Je me tire mon chapeau devant les voitures chinoises \u00bb : le fils du fondateur de Lamborghini annonce qu&rsquo;il va en acheter une\"}]},{\"@type\":\"WebSite\",\"@id\":\"https:\/\/www.italpassion.fr\/es\/#website\",\"url\":\"https:\/\/www.italpassion.fr\/es\/\",\"name\":\"ItalPassion\",\"description\":\"Les Passionn\u00e9s d&#039;Automobiles Italiennes\",\"publisher\":{\"@id\":\"https:\/\/www.italpassion.fr\/es\/#organization\"},\"potentialAction\":[{\"@type\":\"SearchAction\",\"target\":{\"@type\":\"EntryPoint\",\"urlTemplate\":\"https:\/\/www.italpassion.fr\/es\/?s={search_term_string}\"},\"query-input\":{\"@type\":\"PropertyValueSpecification\",\"valueRequired\":true,\"valueName\":\"search_term_string\"}}],\"inLanguage\":\"es\"},{\"@type\":\"Organization\",\"@id\":\"https:\/\/www.italpassion.fr\/es\/#organization\",\"name\":\"Italpassion\",\"url\":\"https:\/\/www.italpassion.fr\/es\/\",\"logo\":{\"@type\":\"ImageObject\",\"inLanguage\":\"es\",\"@id\":\"https:\/\/www.italpassion.fr\/es\/#\/schema\/logo\/image\/\",\"url\":\"https:\/\/www.italpassion.fr\/wp-content\/uploads\/2023\/07\/italpassion-yoast.jpg\",\"contentUrl\":\"https:\/\/www.italpassion.fr\/wp-content\/uploads\/2023\/07\/italpassion-yoast.jpg\",\"width\":696,\"height\":696,\"caption\":\"Italpassion\"},\"image\":{\"@id\":\"https:\/\/www.italpassion.fr\/es\/#\/schema\/logo\/image\/\"},\"sameAs\":[\"https:\/\/www.facebook.com\/italpassion\",\"https:\/\/x.com\/italpassion\",\"https:\/\/www.instagram.com\/italpassionfr\/\",\"https:\/\/www.youtube.com\/channel\/UCleq-ByQaA42OjhopwevRjQ\",\"https:\/\/www.facebook.com\/italpassion.en\/\",\"https:\/\/www.facebook.com\/italpassion.it\/\",\"https:\/\/www.facebook.com\/italpassion.de\/\",\"https:\/\/www.facebook.com\/italpassion.ja\/\"]},{\"@type\":\"Person\",\"@id\":\"https:\/\/www.italpassion.fr\/es\/#\/schema\/person\/36f747b2a759ca202d847e85a9434ca0\",\"name\":\"Alexandre Filluzeau\",\"image\":{\"@type\":\"ImageObject\",\"inLanguage\":\"es\",\"@id\":\"https:\/\/www.italpassion.fr\/es\/#\/schema\/person\/image\/\",\"url\":\"https:\/\/www.italpassion.fr\/wp-content\/uploads\/2025\/04\/avatar-alexandre-160x160.jpg\",\"contentUrl\":\"https:\/\/www.italpassion.fr\/wp-content\/uploads\/2025\/04\/avatar-alexandre-160x160.jpg\",\"caption\":\"Alexandre Filluzeau\"},\"description\":\"Fondateur du site ItalPassion, passionn\u00e9 de voitures italiennes et de l'Italie en g\u00e9n\u00e9ral. J'apporte un regard critique et technique aux actualit\u00e9s des marques italiennes quand cela est possible. Propri\u00e9taire d'une Maserati GranTurismo, Alfa Romeo MiTo, Lancia Fulvia et Ducati 695. Ex-propri\u00e9taire d'une Alfa Romeo Giulia.\",\"sameAs\":[\"https:\/\/www.italpassion.fr\/\"],\"url\":\"https:\/\/www.italpassion.fr\/es\/author\/alexandre\/\"}]}<\/script>\n<!-- \/ Yoast SEO plugin. -->","yoast_head_json":{"title":"\u00abMe quito el sombrero ante los coches chinos\u00bb: el hijo del fundador de Lamborghini anuncia que se va a comprar uno - ItalPassion","description":"El mercado del autom\u00f3vil evoluciona a una velocidad vertiginosa y los fabricantes chinos se est\u00e1n consolidando como actores clave. Una realidad que incluso","robots":{"index":"index","follow":"follow","max-snippet":"max-snippet:-1","max-image-preview":"max-image-preview:large","max-video-preview":"max-video-preview:-1"},"canonical":"https:\/\/www.italpassion.fr\/es\/lamborghini\/me-quito-el-sombrero-ante-los-coches-chinos-el-hijo-del-fundador-de-lamborghini-anuncia-que-se-va-a-comprar-uno\/","og_locale":"es_ES","og_type":"article","og_title":"\u00ab Je me tire mon chapeau devant les voitures chinoises \u00bb : le fils du fondateur de Lamborghini annonce qu'il va en acheter une - ItalPassion","og_description":"Le march\u00e9 automobile \u00e9volue \u00e0 grande vitesse et les constructeurs chinois s\u2019imposent d\u00e9sormais comme des acteurs incontournables. Une r\u00e9alit\u00e9 que m\u00eame","og_url":"https:\/\/www.italpassion.fr\/es\/lamborghini\/me-quito-el-sombrero-ante-los-coches-chinos-el-hijo-del-fundador-de-lamborghini-anuncia-que-se-va-a-comprar-uno\/","og_site_name":"ItalPassion","article_publisher":"https:\/\/www.facebook.com\/italpassion","article_published_time":"2026-03-12T16:33:14+00:00","og_image":[{"width":1200,"height":800,"url":"https:\/\/www.italpassion.fr\/wp-content\/uploads\/2026\/03\/tonino-lamborghini.jpg","type":"image\/jpeg"}],"author":"Alexandre Filluzeau","twitter_card":"summary_large_image","twitter_creator":"@italpassion","twitter_site":"@italpassion","schema":{"@context":"https:\/\/schema.org","@graph":[{"@type":"NewsArticle","@id":"https:\/\/www.italpassion.fr\/es\/lamborghini\/je-me-tire-mon-chapeau-devant-les-voitures-chinoises-le-fils-du-fondateur-de-lamborghini-annonce-quil-va-en-acheter-une\/#article","isPartOf":{"@id":"https:\/\/www.italpassion.fr\/es\/lamborghini\/je-me-tire-mon-chapeau-devant-les-voitures-chinoises-le-fils-du-fondateur-de-lamborghini-annonce-quil-va-en-acheter-une\/"},"author":{"name":"Alexandre Filluzeau","@id":"https:\/\/www.italpassion.fr\/es\/#\/schema\/person\/36f747b2a759ca202d847e85a9434ca0"},"headline":"\u00ab Je me tire mon chapeau devant les voitures chinoises \u00bb : le fils du fondateur de Lamborghini annonce qu&rsquo;il va en acheter une","datePublished":"2026-03-12T16:33:14+00:00","mainEntityOfPage":{"@id":"https:\/\/www.italpassion.fr\/es\/lamborghini\/je-me-tire-mon-chapeau-devant-les-voitures-chinoises-le-fils-du-fondateur-de-lamborghini-annonce-quil-va-en-acheter-une\/"},"wordCount":701,"commentCount":2,"publisher":{"@id":"https:\/\/www.italpassion.fr\/es\/#organization"},"image":{"@id":"https:\/\/www.italpassion.fr\/es\/lamborghini\/je-me-tire-mon-chapeau-devant-les-voitures-chinoises-le-fils-du-fondateur-de-lamborghini-annonce-quil-va-en-acheter-une\/#primaryimage"},"thumbnailUrl":"https:\/\/www.italpassion.fr\/wp-content\/uploads\/2026\/03\/tonino-lamborghini.jpg","keywords":["Tonino Lamborghini"],"articleSection":["Lamborghini"],"inLanguage":"es","potentialAction":[{"@type":"CommentAction","name":"Comment","target":["https:\/\/www.italpassion.fr\/es\/lamborghini\/je-me-tire-mon-chapeau-devant-les-voitures-chinoises-le-fils-du-fondateur-de-lamborghini-annonce-quil-va-en-acheter-une\/#respond"]}]},{"@type":"WebPage","@id":"https:\/\/www.italpassion.fr\/es\/lamborghini\/je-me-tire-mon-chapeau-devant-les-voitures-chinoises-le-fils-du-fondateur-de-lamborghini-annonce-quil-va-en-acheter-une\/","url":"https:\/\/www.italpassion.fr\/es\/lamborghini\/je-me-tire-mon-chapeau-devant-les-voitures-chinoises-le-fils-du-fondateur-de-lamborghini-annonce-quil-va-en-acheter-une\/","name":"\u00abMe quito el sombrero ante los coches chinos\u00bb: el hijo del fundador de Lamborghini anuncia que se va a comprar uno - ItalPassion","isPartOf":{"@id":"https:\/\/www.italpassion.fr\/es\/#website"},"primaryImageOfPage":{"@id":"https:\/\/www.italpassion.fr\/es\/lamborghini\/je-me-tire-mon-chapeau-devant-les-voitures-chinoises-le-fils-du-fondateur-de-lamborghini-annonce-quil-va-en-acheter-une\/#primaryimage"},"image":{"@id":"https:\/\/www.italpassion.fr\/es\/lamborghini\/je-me-tire-mon-chapeau-devant-les-voitures-chinoises-le-fils-du-fondateur-de-lamborghini-annonce-quil-va-en-acheter-une\/#primaryimage"},"thumbnailUrl":"https:\/\/www.italpassion.fr\/wp-content\/uploads\/2026\/03\/tonino-lamborghini.jpg","datePublished":"2026-03-12T16:33:14+00:00","description":"El mercado del autom\u00f3vil evoluciona a una velocidad vertiginosa y los fabricantes chinos se est\u00e1n consolidando como actores clave. Una realidad que incluso","breadcrumb":{"@id":"https:\/\/www.italpassion.fr\/es\/lamborghini\/je-me-tire-mon-chapeau-devant-les-voitures-chinoises-le-fils-du-fondateur-de-lamborghini-annonce-quil-va-en-acheter-une\/#breadcrumb"},"inLanguage":"es","potentialAction":[{"@type":"ReadAction","target":["https:\/\/www.italpassion.fr\/es\/lamborghini\/je-me-tire-mon-chapeau-devant-les-voitures-chinoises-le-fils-du-fondateur-de-lamborghini-annonce-quil-va-en-acheter-une\/"]}]},{"@type":"ImageObject","inLanguage":"es","@id":"https:\/\/www.italpassion.fr\/es\/lamborghini\/je-me-tire-mon-chapeau-devant-les-voitures-chinoises-le-fils-du-fondateur-de-lamborghini-annonce-quil-va-en-acheter-une\/#primaryimage","url":"https:\/\/www.italpassion.fr\/wp-content\/uploads\/2026\/03\/tonino-lamborghini.jpg","contentUrl":"https:\/\/www.italpassion.fr\/wp-content\/uploads\/2026\/03\/tonino-lamborghini.jpg","width":1200,"height":800},{"@type":"BreadcrumbList","@id":"https:\/\/www.italpassion.fr\/es\/lamborghini\/je-me-tire-mon-chapeau-devant-les-voitures-chinoises-le-fils-du-fondateur-de-lamborghini-annonce-quil-va-en-acheter-une\/#breadcrumb","itemListElement":[{"@type":"ListItem","position":1,"name":"Accueil","item":"https:\/\/www.italpassion.fr\/es\/"},{"@type":"ListItem","position":2,"name":"\u00ab Je me tire mon chapeau devant les voitures chinoises \u00bb : le fils du fondateur de Lamborghini annonce qu&rsquo;il va en acheter une"}]},{"@type":"WebSite","@id":"https:\/\/www.italpassion.fr\/es\/#website","url":"https:\/\/www.italpassion.fr\/es\/","name":"ItalPassion","description":"Entusiastas de los coches italianos","publisher":{"@id":"https:\/\/www.italpassion.fr\/es\/#organization"},"potentialAction":[{"@type":"SearchAction","target":{"@type":"EntryPoint","urlTemplate":"https:\/\/www.italpassion.fr\/es\/?s={search_term_string}"},"query-input":{"@type":"PropertyValueSpecification","valueRequired":true,"valueName":"search_term_string"}}],"inLanguage":"es"},{"@type":"Organization","@id":"https:\/\/www.italpassion.fr\/es\/#organization","name":"Italpassion","url":"https:\/\/www.italpassion.fr\/es\/","logo":{"@type":"ImageObject","inLanguage":"es","@id":"https:\/\/www.italpassion.fr\/es\/#\/schema\/logo\/image\/","url":"https:\/\/www.italpassion.fr\/wp-content\/uploads\/2023\/07\/italpassion-yoast.jpg","contentUrl":"https:\/\/www.italpassion.fr\/wp-content\/uploads\/2023\/07\/italpassion-yoast.jpg","width":696,"height":696,"caption":"Italpassion"},"image":{"@id":"https:\/\/www.italpassion.fr\/es\/#\/schema\/logo\/image\/"},"sameAs":["https:\/\/www.facebook.com\/italpassion","https:\/\/x.com\/italpassion","https:\/\/www.instagram.com\/italpassionfr\/","https:\/\/www.youtube.com\/channel\/UCleq-ByQaA42OjhopwevRjQ","https:\/\/www.facebook.com\/italpassion.en\/","https:\/\/www.facebook.com\/italpassion.it\/","https:\/\/www.facebook.com\/italpassion.de\/","https:\/\/www.facebook.com\/italpassion.ja\/"]},{"@type":"Person","@id":"https:\/\/www.italpassion.fr\/es\/#\/schema\/person\/36f747b2a759ca202d847e85a9434ca0","name":"Alexandre Filluzeau","image":{"@type":"ImageObject","inLanguage":"es","@id":"https:\/\/www.italpassion.fr\/es\/#\/schema\/person\/image\/","url":"https:\/\/www.italpassion.fr\/wp-content\/uploads\/2025\/04\/avatar-alexandre-160x160.jpg","contentUrl":"https:\/\/www.italpassion.fr\/wp-content\/uploads\/2025\/04\/avatar-alexandre-160x160.jpg","caption":"Alexandre Filluzeau"},"description":"Fundador del sitio web ItalPassion, apasionado de los coches italianos y de Italia en general. Aporto una mirada cr\u00edtica y t\u00e9cnica a las noticias de las marcas italianas cuando es posible. Propietario de un Maserati GranTurismo, Alfa Romeo MiTo, Lancia Fulvia y Ducati 695. Ex-propietario de un Alfa Romeo Giulia.","sameAs":["https:\/\/www.italpassion.fr\/"],"url":"https:\/\/www.italpassion.fr\/es\/author\/alexandre\/"}]}},"_links":{"self":[{"href":"https:\/\/www.italpassion.fr\/es\/wp-json\/wp\/v2\/posts\/47364","targetHints":{"allow":["GET"]}}],"collection":[{"href":"https:\/\/www.italpassion.fr\/es\/wp-json\/wp\/v2\/posts"}],"about":[{"href":"https:\/\/www.italpassion.fr\/es\/wp-json\/wp\/v2\/types\/post"}],"author":[{"embeddable":true,"href":"https:\/\/www.italpassion.fr\/es\/wp-json\/wp\/v2\/users\/1"}],"replies":[{"embeddable":true,"href":"https:\/\/www.italpassion.fr\/es\/wp-json\/wp\/v2\/comments?post=47364"}],"version-history":[{"count":1,"href":"https:\/\/www.italpassion.fr\/es\/wp-json\/wp\/v2\/posts\/47364\/revisions"}],"predecessor-version":[{"id":47366,"href":"https:\/\/www.italpassion.fr\/es\/wp-json\/wp\/v2\/posts\/47364\/revisions\/47366"}],"wp:featuredmedia":[{"embeddable":true,"href":"https:\/\/www.italpassion.fr\/es\/wp-json\/wp\/v2\/media\/47365"}],"wp:attachment":[{"href":"https:\/\/www.italpassion.fr\/es\/wp-json\/wp\/v2\/media?parent=47364"}],"wp:term":[{"taxonomy":"category","embeddable":true,"href":"https:\/\/www.italpassion.fr\/es\/wp-json\/wp\/v2\/categories?post=47364"},{"taxonomy":"post_tag","embeddable":true,"href":"https:\/\/www.italpassion.fr\/es\/wp-json\/wp\/v2\/tags?post=47364"}],"curies":[{"name":"wp","href":"https:\/\/api.w.org\/{rel}","templated":true}]}}