{"id":45891,"date":"2026-01-29T15:17:59","date_gmt":"2026-01-29T14:17:59","guid":{"rendered":"https:\/\/www.italpassion.fr\/?p=45891"},"modified":"2026-01-29T15:17:59","modified_gmt":"2026-01-29T14:17:59","slug":"el-ferrari-296-gt3-evo-no-empieza-facil-en-daytona","status":"publish","type":"post","link":"https:\/\/www.italpassion.fr\/es\/competition\/imsa\/ferrari-296-gt3-evo-des-debuts-pas-faciles-a-daytona\/","title":{"rendered":"Ferrari 296 GT3 Evo: \u00a1un debut (nada f\u00e1cil) en Daytona!"},"content":{"rendered":"<figure class=\"wp-block-image size-full\"><img loading=\"lazy\" decoding=\"async\" width=\"1200\" height=\"800\" src=\"https:\/\/www.italpassion.fr\/wp-content\/uploads\/2026\/01\/296-GT3-EVO.jpg\" alt=\"\" class=\"wp-image-45892\" srcset=\"https:\/\/www.italpassion.fr\/wp-content\/uploads\/2026\/01\/296-GT3-EVO.jpg 1200w, https:\/\/www.italpassion.fr\/wp-content\/uploads\/2026\/01\/296-GT3-EVO-420x280.jpg 420w, https:\/\/www.italpassion.fr\/wp-content\/uploads\/2026\/01\/296-GT3-EVO-768x512.jpg 768w, https:\/\/www.italpassion.fr\/wp-content\/uploads\/2026\/01\/296-GT3-EVO-18x12.jpg 18w\" sizes=\"auto, (max-width: 1200px) 100vw, 1200px\" \/><\/figure>\n\n\n\n<p>Cinco coches terminaron, pero ninguna victoria ni podio. La primera salida competitiva del nuevo Ferrari 296 GT3 Evo tuvo lugar este fin de semana en las 24 Horas de Daytona, prueba inaugural del Campeonato Norteamericano de Resistencia IMSA. \"Como se predijo antes de la carrera, la primera prueba del Campeonato IMSA SportsCar 2026 result\u00f3 dif\u00edcil para los coches de Maranello\", explica el comunicado de prensa emitido por Ferrari tras la cl\u00e1sica de Florida.<\/p>\n\n\n\n<p>Al final, Maranello pudo enorgullecerse de varios puestos de honor. En la categor\u00eda GTD, el Ferrari n\u00ba 21 del equipo AF Corse fue 5\u00ba tras dos vueltas. En GTD Pro, el 296 GT3 Evo del equipo Triarsi Competizione termin\u00f3 8\u00ba. <\/p>\n\n\n\n<h2 class=\"wp-block-heading\">Decepcionante en GTD Pro<\/h2>\n\n\n\n<p>En esta clase tan re\u00f1ida, los Ferrari no parec\u00edan poder involucrarse en la batalla por el primer puesto contra los Chevrolet Corvettes, Ford Mustang, Mercedes-AMG GT3 y BMW M4. Hay que recordar que el Balance of Performance (BOP), encargado de equilibrar los coches, hizo del 296 GT3 Evo el coche m\u00e1s ligero de la parrilla este fin de semana (1.323 kg). Pero la potencia estaba limitada, con 88,9 % de caballer\u00eda disponible por debajo de 190 km\/h y 85 % por encima de 200 km\/h.<\/p>\n\n\n\n<p>La tarea no fue f\u00e1cil en las secciones r\u00e1pidas del famoso \"banking\" o al buscar un hueco en el tr\u00e1fico. Pero este aspecto siempre es crucial en una carrera que a menudo se decide en las dos \u00faltimas horas. \"Como vimos en la calificaci\u00f3n, estamos ah\u00ed en una vuelta. En la carrera,<br>es m\u00e1s dif\u00edcil\", declar\u00f3 a Auto Hebdo Lilou Wadoux, piloto oficial de la marca aqu\u00ed en el GTD n\u00ba 21.<\/p>\n\n\n\n<p>La mala suerte intervino cuando dos coches del Cavallino Rampante colisionaron. A las dos horas de carrera, Daniel Serra (#62 Risi Ferrari) cruz\u00f3 la hierba junto al circuito, colisionando con otro 296 GT3 inscrito por el equipo Triarsi. \"Tuvimos que retirarnos de la carrera debido a un toque que provoc\u00f3 un accidente\", explic\u00f3 el brasile\u00f1o en sus redes sociales.<\/p>\n\n\n\n<p>Tambi\u00e9n en la categor\u00eda GTD Pro, el Ferrari N\u00b0033 (Triarsi Competizione) realiz\u00f3 una serie de movimientos estrat\u00e9gicos para meterse en la lucha por el liderato. Este fue el caso durante la \u00faltima neutralizaci\u00f3n, a falta de 2h30 para el final. James Calado permaneci\u00f3 en pista cuando el pelot\u00f3n principal repost\u00f3. El vigente campe\u00f3n del mundo era 2\u00ba en la bandera verde. Cuando se liberaron los coches, el 296 GT3<br>sin embargo, se vio envuelto en una pol\u00e9mica acci\u00f3n con el Corvette n\u00ba 4 de Nico Varrone. Considerado culpable, Calado fue penalizado con un drive-through, lo que acab\u00f3 con las opciones de podio del Ferrari.<\/p>\n\n\n\n<h2 class=\"wp-block-heading\">GTD prometedor<\/h2>\n\n\n\n<p>Para Ferrari, sin embargo, hubo algunos puntos brillantes en una carrera marcada por una neutralizaci\u00f3n tras los coches de seguridad de m\u00e1s de 6 horas, provocada por la espesa niebla nocturna. Este fue particularmente el caso en la categor\u00eda GTD. El n\u00b0 70 del equipo Inception, pilotado por Frederik Schandorff, se puso en cabeza de la categor\u00eda GTD.<br>En varias ocasiones durante las dos primeras horas, el coche se puso en cabeza. A continuaci\u00f3n, el n\u00ba 21 de AF Corse se mantuvo entre los cinco primeros el domingo por la ma\u00f1ana.<\/p>\n\n\n\n<p>Lilou Wadoux tambi\u00e9n obtuvo buenos resultados. La francesa -que renov\u00f3 su contrato como piloto oficial de Ferrari este invierno- es una de las mejores pilotos clasificadas \"plata\" por la Federaci\u00f3n Internacional en el \u00edndice B-Pillar, muy vigilado. Habr\u00e1 que esperar a circunstancias m\u00e1s favorables<br>para juzgar el potencial del Ferrari 296 GT3 Evo. Quiz\u00e1 ya en las 12 Horas de Sebring, a mediados de marzo.<\/p>\n\n\n\n<blockquote class=\"wp-block-quote is-layout-flow wp-block-quote-is-layout-flow\"><svg aria-hidden=\"true\" focusable=\"false\" class=\"icon icon-quote\" width=\"48\" height=\"48\"><use xlink:href=\"#icon-quote\"><\/use><\/svg>\n<p><strong>Primeros comentarios de Michelin<\/strong><\/p>\n\n\n\n<p>He aqu\u00ed otro tema de inter\u00e9s para Ferrari. Michelin, el fabricante oficial de la IMSA, estren\u00f3 dos nuevas gamas de neum\u00e1ticos en Daytona. En GTD y GTD Pro, el fin de semana brind\u00f3 la oportunidad de aprender las primeras lecciones sobre los neum\u00e1ticos Pilot Sport Pro GT H1+, ampliamente revisados. Su correcta utilizaci\u00f3n ser\u00e1 decisiva en IMSA.<\/p>\n\n\n\n<p>Al mismo tiempo, el hombre Michelin debut\u00f3 en la categor\u00eda reina (conocida como GTP) con su nuevo Pilot Sport Endurance. Este neum\u00e1tico tambi\u00e9n se utilizar\u00e1 en el Campeonato del Mundo (WEC) a partir de marzo. Este neum\u00e1tico se montar\u00e1 pr\u00f3ximamente en el Ferrari 499P, inscrito en la categor\u00eda Hypercar.<\/p>\n\n\n\n<p>El principal cambio afecta a las primeras vueltas en fr\u00edo, seg\u00fan los t\u00e9cnicos del fabricante de Clermont-Ferrand: \"La nueva gama ofrece una mejora extraordinaria en t\u00e9rminos de puesta a punto\", explica Matthieu Bonardel, Director de Michelin Motorsport. La vuelta media al salir de boxes es de 5 a 8 segundos m\u00e1s r\u00e1pida con el neum\u00e1tico medio 2026 que con la generaci\u00f3n anterior.<br>todos los coches juntos\". En la sede del programa de resistencia del Cavallino Rampante, estamos<br>probablemente ya est\u00e9n introduciendo este tipo de informaci\u00f3n en la base de datos...<\/p>\n<\/blockquote>","protected":false},"excerpt":{"rendered":"","protected":false},"author":6,"featured_media":45892,"comment_status":"open","ping_status":"open","sticky":false,"template":"","format":"standard","meta":{"_acf_changed":false,"_sitemap_exclude":false,"_sitemap_priority":"","_sitemap_frequency":"","footnotes":""},"categories":[584,408,323],"tags":[],"class_list":["post-45891","post","type-post","status-publish","format-standard","has-post-thumbnail","hentry","category-gt3","category-imsa","category-competition","generate-columns","tablet-grid-50","mobile-grid-100","grid-parent","grid-33"],"acf":[],"yoast_head":"<!-- This site is optimized with the Yoast SEO plugin v25.8 - https:\/\/yoast.com\/wordpress\/plugins\/seo\/ -->\n<title>Ferrari 296 GT3\u00a0Evo : des d\u00e9buts (pas faciles) \u00e0 Daytona ! - ItalPassion<\/title>\n<meta name=\"description\" content=\"Cinq voitures \u00e0 l\u2019arriv\u00e9e, mais pas de victoire ou de podium. La toute premi\u00e8re sortie en comp\u00e9tition de la nouvelle Ferrari 296 GT3 Evo a eu lieu ce\" \/>\n<meta name=\"robots\" content=\"index, follow, max-snippet:-1, max-image-preview:large, max-video-preview:-1\" \/>\n<link rel=\"canonical\" href=\"https:\/\/www.italpassion.fr\/es\/concurso\/imsa\/el-ferrari-296-gt3-evo-no-empieza-facil-en-daytona\/\" \/>\n<meta property=\"og:locale\" content=\"es_ES\" \/>\n<meta property=\"og:type\" content=\"article\" \/>\n<meta property=\"og:title\" content=\"Ferrari 296 GT3\u00a0Evo : des d\u00e9buts (pas faciles) \u00e0 Daytona ! - ItalPassion\" \/>\n<meta property=\"og:description\" content=\"Cinq voitures \u00e0 l\u2019arriv\u00e9e, mais pas de victoire ou de podium. La toute premi\u00e8re sortie en comp\u00e9tition de la nouvelle Ferrari 296 GT3 Evo a eu lieu ce\" \/>\n<meta property=\"og:url\" content=\"https:\/\/www.italpassion.fr\/es\/concurso\/imsa\/el-ferrari-296-gt3-evo-no-empieza-facil-en-daytona\/\" \/>\n<meta property=\"og:site_name\" content=\"ItalPassion\" \/>\n<meta property=\"article:publisher\" content=\"https:\/\/www.facebook.com\/italpassion\" \/>\n<meta property=\"article:published_time\" content=\"2026-01-29T14:17:59+00:00\" \/>\n<meta property=\"og:image\" content=\"https:\/\/www.italpassion.fr\/wp-content\/uploads\/2026\/01\/296-GT3-EVO.jpg\" \/>\n\t<meta property=\"og:image:width\" content=\"1200\" \/>\n\t<meta property=\"og:image:height\" content=\"800\" \/>\n\t<meta property=\"og:image:type\" content=\"image\/jpeg\" \/>\n<meta name=\"author\" content=\"Andy David (Auto Press Club)\" \/>\n<meta name=\"twitter:card\" content=\"summary_large_image\" \/>\n<meta name=\"twitter:creator\" content=\"@italpassion\" \/>\n<meta name=\"twitter:site\" content=\"@italpassion\" \/>\n<script type=\"application\/ld+json\" class=\"yoast-schema-graph\">{\"@context\":\"https:\/\/schema.org\",\"@graph\":[{\"@type\":\"NewsArticle\",\"@id\":\"https:\/\/www.italpassion.fr\/es\/competition\/imsa\/ferrari-296-gt3-evo-des-debuts-pas-faciles-a-daytona\/#article\",\"isPartOf\":{\"@id\":\"https:\/\/www.italpassion.fr\/es\/competition\/imsa\/ferrari-296-gt3-evo-des-debuts-pas-faciles-a-daytona\/\"},\"author\":{\"name\":\"Andy David (Auto Press Club)\",\"@id\":\"https:\/\/www.italpassion.fr\/es\/#\/schema\/person\/567af3a713ef4402a30af608feb37b67\"},\"headline\":\"Ferrari 296 GT3\u00a0Evo : des d\u00e9buts (pas faciles) \u00e0 Daytona !\",\"datePublished\":\"2026-01-29T14:17:59+00:00\",\"mainEntityOfPage\":{\"@id\":\"https:\/\/www.italpassion.fr\/es\/competition\/imsa\/ferrari-296-gt3-evo-des-debuts-pas-faciles-a-daytona\/\"},\"wordCount\":875,\"commentCount\":0,\"publisher\":{\"@id\":\"https:\/\/www.italpassion.fr\/es\/#organization\"},\"image\":{\"@id\":\"https:\/\/www.italpassion.fr\/es\/competition\/imsa\/ferrari-296-gt3-evo-des-debuts-pas-faciles-a-daytona\/#primaryimage\"},\"thumbnailUrl\":\"https:\/\/www.italpassion.fr\/wp-content\/uploads\/2026\/01\/296-GT3-EVO.jpg\",\"articleSection\":[\"GT3\",\"IMSA\",\"Sport Auto\"],\"inLanguage\":\"es\",\"potentialAction\":[{\"@type\":\"CommentAction\",\"name\":\"Comment\",\"target\":[\"https:\/\/www.italpassion.fr\/es\/competition\/imsa\/ferrari-296-gt3-evo-des-debuts-pas-faciles-a-daytona\/#respond\"]}]},{\"@type\":\"WebPage\",\"@id\":\"https:\/\/www.italpassion.fr\/es\/competition\/imsa\/ferrari-296-gt3-evo-des-debuts-pas-faciles-a-daytona\/\",\"url\":\"https:\/\/www.italpassion.fr\/es\/competition\/imsa\/ferrari-296-gt3-evo-des-debuts-pas-faciles-a-daytona\/\",\"name\":\"Ferrari 296 GT3\u00a0Evo : des d\u00e9buts (pas faciles) \u00e0 Daytona ! - ItalPassion\",\"isPartOf\":{\"@id\":\"https:\/\/www.italpassion.fr\/es\/#website\"},\"primaryImageOfPage\":{\"@id\":\"https:\/\/www.italpassion.fr\/es\/competition\/imsa\/ferrari-296-gt3-evo-des-debuts-pas-faciles-a-daytona\/#primaryimage\"},\"image\":{\"@id\":\"https:\/\/www.italpassion.fr\/es\/competition\/imsa\/ferrari-296-gt3-evo-des-debuts-pas-faciles-a-daytona\/#primaryimage\"},\"thumbnailUrl\":\"https:\/\/www.italpassion.fr\/wp-content\/uploads\/2026\/01\/296-GT3-EVO.jpg\",\"datePublished\":\"2026-01-29T14:17:59+00:00\",\"description\":\"Cinq voitures \u00e0 l\u2019arriv\u00e9e, mais pas de victoire ou de podium. La toute premi\u00e8re sortie en comp\u00e9tition de la nouvelle Ferrari 296 GT3 Evo a eu lieu ce\",\"breadcrumb\":{\"@id\":\"https:\/\/www.italpassion.fr\/es\/competition\/imsa\/ferrari-296-gt3-evo-des-debuts-pas-faciles-a-daytona\/#breadcrumb\"},\"inLanguage\":\"es\",\"potentialAction\":[{\"@type\":\"ReadAction\",\"target\":[\"https:\/\/www.italpassion.fr\/es\/competition\/imsa\/ferrari-296-gt3-evo-des-debuts-pas-faciles-a-daytona\/\"]}]},{\"@type\":\"ImageObject\",\"inLanguage\":\"es\",\"@id\":\"https:\/\/www.italpassion.fr\/es\/competition\/imsa\/ferrari-296-gt3-evo-des-debuts-pas-faciles-a-daytona\/#primaryimage\",\"url\":\"https:\/\/www.italpassion.fr\/wp-content\/uploads\/2026\/01\/296-GT3-EVO.jpg\",\"contentUrl\":\"https:\/\/www.italpassion.fr\/wp-content\/uploads\/2026\/01\/296-GT3-EVO.jpg\",\"width\":1200,\"height\":800},{\"@type\":\"BreadcrumbList\",\"@id\":\"https:\/\/www.italpassion.fr\/es\/competition\/imsa\/ferrari-296-gt3-evo-des-debuts-pas-faciles-a-daytona\/#breadcrumb\",\"itemListElement\":[{\"@type\":\"ListItem\",\"position\":1,\"name\":\"Accueil\",\"item\":\"https:\/\/www.italpassion.fr\/es\/\"},{\"@type\":\"ListItem\",\"position\":2,\"name\":\"Ferrari 296 GT3\u00a0Evo : des d\u00e9buts (pas faciles) \u00e0 Daytona !\"}]},{\"@type\":\"WebSite\",\"@id\":\"https:\/\/www.italpassion.fr\/es\/#website\",\"url\":\"https:\/\/www.italpassion.fr\/es\/\",\"name\":\"ItalPassion\",\"description\":\"Les Passionn\u00e9s d&#039;Automobiles Italiennes\",\"publisher\":{\"@id\":\"https:\/\/www.italpassion.fr\/es\/#organization\"},\"potentialAction\":[{\"@type\":\"SearchAction\",\"target\":{\"@type\":\"EntryPoint\",\"urlTemplate\":\"https:\/\/www.italpassion.fr\/es\/?s={search_term_string}\"},\"query-input\":{\"@type\":\"PropertyValueSpecification\",\"valueRequired\":true,\"valueName\":\"search_term_string\"}}],\"inLanguage\":\"es\"},{\"@type\":\"Organization\",\"@id\":\"https:\/\/www.italpassion.fr\/es\/#organization\",\"name\":\"Italpassion\",\"url\":\"https:\/\/www.italpassion.fr\/es\/\",\"logo\":{\"@type\":\"ImageObject\",\"inLanguage\":\"es\",\"@id\":\"https:\/\/www.italpassion.fr\/es\/#\/schema\/logo\/image\/\",\"url\":\"https:\/\/www.italpassion.fr\/wp-content\/uploads\/2023\/07\/italpassion-yoast.jpg\",\"contentUrl\":\"https:\/\/www.italpassion.fr\/wp-content\/uploads\/2023\/07\/italpassion-yoast.jpg\",\"width\":696,\"height\":696,\"caption\":\"Italpassion\"},\"image\":{\"@id\":\"https:\/\/www.italpassion.fr\/es\/#\/schema\/logo\/image\/\"},\"sameAs\":[\"https:\/\/www.facebook.com\/italpassion\",\"https:\/\/x.com\/italpassion\",\"https:\/\/www.instagram.com\/italpassionfr\/\",\"https:\/\/www.youtube.com\/channel\/UCleq-ByQaA42OjhopwevRjQ\",\"https:\/\/www.facebook.com\/italpassion.en\/\",\"https:\/\/www.facebook.com\/italpassion.it\/\",\"https:\/\/www.facebook.com\/italpassion.de\/\",\"https:\/\/www.facebook.com\/italpassion.ja\/\"]},{\"@type\":\"Person\",\"@id\":\"https:\/\/www.italpassion.fr\/es\/#\/schema\/person\/567af3a713ef4402a30af608feb37b67\",\"name\":\"Andy David (Auto Press Club)\",\"image\":{\"@type\":\"ImageObject\",\"inLanguage\":\"es\",\"@id\":\"https:\/\/www.italpassion.fr\/es\/#\/schema\/person\/image\/\",\"url\":\"https:\/\/www.italpassion.fr\/wp-content\/plugins\/generateperf\/images\/icons\/avatar.svg\",\"contentUrl\":\"https:\/\/www.italpassion.fr\/wp-content\/plugins\/generateperf\/images\/icons\/avatar.svg\",\"caption\":\"Andy David (Auto Press Club)\"},\"description\":\"Andy David est journaliste sp\u00e9cialis\u00e9 en sport automobile pour Auto Press Club\",\"url\":\"https:\/\/www.italpassion.fr\/es\/author\/andy\/\"}]}<\/script>\n<!-- \/ Yoast SEO plugin. -->","yoast_head_json":{"title":"Ferrari 296 GT3 Evo: \u00a1un debut nada f\u00e1cil en Daytona! - ItalPassion","description":"Cinco coches terminaron, pero ninguna victoria ni podio. La primera salida a competici\u00f3n del nuevo Ferrari 296 GT3 Evo tuvo lugar este fin de semana.","robots":{"index":"index","follow":"follow","max-snippet":"max-snippet:-1","max-image-preview":"max-image-preview:large","max-video-preview":"max-video-preview:-1"},"canonical":"https:\/\/www.italpassion.fr\/es\/concurso\/imsa\/el-ferrari-296-gt3-evo-no-empieza-facil-en-daytona\/","og_locale":"es_ES","og_type":"article","og_title":"Ferrari 296 GT3\u00a0Evo : des d\u00e9buts (pas faciles) \u00e0 Daytona ! - ItalPassion","og_description":"Cinq voitures \u00e0 l\u2019arriv\u00e9e, mais pas de victoire ou de podium. La toute premi\u00e8re sortie en comp\u00e9tition de la nouvelle Ferrari 296 GT3 Evo a eu lieu ce","og_url":"https:\/\/www.italpassion.fr\/es\/concurso\/imsa\/el-ferrari-296-gt3-evo-no-empieza-facil-en-daytona\/","og_site_name":"ItalPassion","article_publisher":"https:\/\/www.facebook.com\/italpassion","article_published_time":"2026-01-29T14:17:59+00:00","og_image":[{"width":1200,"height":800,"url":"https:\/\/www.italpassion.fr\/wp-content\/uploads\/2026\/01\/296-GT3-EVO.jpg","type":"image\/jpeg"}],"author":"Andy David (Auto Press Club)","twitter_card":"summary_large_image","twitter_creator":"@italpassion","twitter_site":"@italpassion","schema":{"@context":"https:\/\/schema.org","@graph":[{"@type":"NewsArticle","@id":"https:\/\/www.italpassion.fr\/es\/competition\/imsa\/ferrari-296-gt3-evo-des-debuts-pas-faciles-a-daytona\/#article","isPartOf":{"@id":"https:\/\/www.italpassion.fr\/es\/competition\/imsa\/ferrari-296-gt3-evo-des-debuts-pas-faciles-a-daytona\/"},"author":{"name":"Andy David (Auto Press Club)","@id":"https:\/\/www.italpassion.fr\/es\/#\/schema\/person\/567af3a713ef4402a30af608feb37b67"},"headline":"Ferrari 296 GT3\u00a0Evo : des d\u00e9buts (pas faciles) \u00e0 Daytona !","datePublished":"2026-01-29T14:17:59+00:00","mainEntityOfPage":{"@id":"https:\/\/www.italpassion.fr\/es\/competition\/imsa\/ferrari-296-gt3-evo-des-debuts-pas-faciles-a-daytona\/"},"wordCount":875,"commentCount":0,"publisher":{"@id":"https:\/\/www.italpassion.fr\/es\/#organization"},"image":{"@id":"https:\/\/www.italpassion.fr\/es\/competition\/imsa\/ferrari-296-gt3-evo-des-debuts-pas-faciles-a-daytona\/#primaryimage"},"thumbnailUrl":"https:\/\/www.italpassion.fr\/wp-content\/uploads\/2026\/01\/296-GT3-EVO.jpg","articleSection":["GT3","IMSA","Sport Auto"],"inLanguage":"es","potentialAction":[{"@type":"CommentAction","name":"Comment","target":["https:\/\/www.italpassion.fr\/es\/competition\/imsa\/ferrari-296-gt3-evo-des-debuts-pas-faciles-a-daytona\/#respond"]}]},{"@type":"WebPage","@id":"https:\/\/www.italpassion.fr\/es\/competition\/imsa\/ferrari-296-gt3-evo-des-debuts-pas-faciles-a-daytona\/","url":"https:\/\/www.italpassion.fr\/es\/competition\/imsa\/ferrari-296-gt3-evo-des-debuts-pas-faciles-a-daytona\/","name":"Ferrari 296 GT3 Evo: \u00a1un debut nada f\u00e1cil en Daytona! - ItalPassion","isPartOf":{"@id":"https:\/\/www.italpassion.fr\/es\/#website"},"primaryImageOfPage":{"@id":"https:\/\/www.italpassion.fr\/es\/competition\/imsa\/ferrari-296-gt3-evo-des-debuts-pas-faciles-a-daytona\/#primaryimage"},"image":{"@id":"https:\/\/www.italpassion.fr\/es\/competition\/imsa\/ferrari-296-gt3-evo-des-debuts-pas-faciles-a-daytona\/#primaryimage"},"thumbnailUrl":"https:\/\/www.italpassion.fr\/wp-content\/uploads\/2026\/01\/296-GT3-EVO.jpg","datePublished":"2026-01-29T14:17:59+00:00","description":"Cinco coches terminaron, pero ninguna victoria ni podio. La primera salida a competici\u00f3n del nuevo Ferrari 296 GT3 Evo tuvo lugar este fin de semana.","breadcrumb":{"@id":"https:\/\/www.italpassion.fr\/es\/competition\/imsa\/ferrari-296-gt3-evo-des-debuts-pas-faciles-a-daytona\/#breadcrumb"},"inLanguage":"es","potentialAction":[{"@type":"ReadAction","target":["https:\/\/www.italpassion.fr\/es\/competition\/imsa\/ferrari-296-gt3-evo-des-debuts-pas-faciles-a-daytona\/"]}]},{"@type":"ImageObject","inLanguage":"es","@id":"https:\/\/www.italpassion.fr\/es\/competition\/imsa\/ferrari-296-gt3-evo-des-debuts-pas-faciles-a-daytona\/#primaryimage","url":"https:\/\/www.italpassion.fr\/wp-content\/uploads\/2026\/01\/296-GT3-EVO.jpg","contentUrl":"https:\/\/www.italpassion.fr\/wp-content\/uploads\/2026\/01\/296-GT3-EVO.jpg","width":1200,"height":800},{"@type":"BreadcrumbList","@id":"https:\/\/www.italpassion.fr\/es\/competition\/imsa\/ferrari-296-gt3-evo-des-debuts-pas-faciles-a-daytona\/#breadcrumb","itemListElement":[{"@type":"ListItem","position":1,"name":"Accueil","item":"https:\/\/www.italpassion.fr\/es\/"},{"@type":"ListItem","position":2,"name":"Ferrari 296 GT3\u00a0Evo : des d\u00e9buts (pas faciles) \u00e0 Daytona !"}]},{"@type":"WebSite","@id":"https:\/\/www.italpassion.fr\/es\/#website","url":"https:\/\/www.italpassion.fr\/es\/","name":"ItalPassion","description":"Entusiastas de los coches italianos","publisher":{"@id":"https:\/\/www.italpassion.fr\/es\/#organization"},"potentialAction":[{"@type":"SearchAction","target":{"@type":"EntryPoint","urlTemplate":"https:\/\/www.italpassion.fr\/es\/?s={search_term_string}"},"query-input":{"@type":"PropertyValueSpecification","valueRequired":true,"valueName":"search_term_string"}}],"inLanguage":"es"},{"@type":"Organization","@id":"https:\/\/www.italpassion.fr\/es\/#organization","name":"Italpassion","url":"https:\/\/www.italpassion.fr\/es\/","logo":{"@type":"ImageObject","inLanguage":"es","@id":"https:\/\/www.italpassion.fr\/es\/#\/schema\/logo\/image\/","url":"https:\/\/www.italpassion.fr\/wp-content\/uploads\/2023\/07\/italpassion-yoast.jpg","contentUrl":"https:\/\/www.italpassion.fr\/wp-content\/uploads\/2023\/07\/italpassion-yoast.jpg","width":696,"height":696,"caption":"Italpassion"},"image":{"@id":"https:\/\/www.italpassion.fr\/es\/#\/schema\/logo\/image\/"},"sameAs":["https:\/\/www.facebook.com\/italpassion","https:\/\/x.com\/italpassion","https:\/\/www.instagram.com\/italpassionfr\/","https:\/\/www.youtube.com\/channel\/UCleq-ByQaA42OjhopwevRjQ","https:\/\/www.facebook.com\/italpassion.en\/","https:\/\/www.facebook.com\/italpassion.it\/","https:\/\/www.facebook.com\/italpassion.de\/","https:\/\/www.facebook.com\/italpassion.ja\/"]},{"@type":"Person","@id":"https:\/\/www.italpassion.fr\/es\/#\/schema\/person\/567af3a713ef4402a30af608feb37b67","name":"Andy David (Auto Press Club)","image":{"@type":"ImageObject","inLanguage":"es","@id":"https:\/\/www.italpassion.fr\/es\/#\/schema\/person\/image\/","url":"https:\/\/www.italpassion.fr\/wp-content\/plugins\/generateperf\/images\/icons\/avatar.svg","contentUrl":"https:\/\/www.italpassion.fr\/wp-content\/plugins\/generateperf\/images\/icons\/avatar.svg","caption":"Andy David (Auto Press Club)"},"description":"Andy David es periodista de deportes de motor para Auto Press Club.","url":"https:\/\/www.italpassion.fr\/es\/author\/andy\/"}]}},"_links":{"self":[{"href":"https:\/\/www.italpassion.fr\/es\/wp-json\/wp\/v2\/posts\/45891","targetHints":{"allow":["GET"]}}],"collection":[{"href":"https:\/\/www.italpassion.fr\/es\/wp-json\/wp\/v2\/posts"}],"about":[{"href":"https:\/\/www.italpassion.fr\/es\/wp-json\/wp\/v2\/types\/post"}],"author":[{"embeddable":true,"href":"https:\/\/www.italpassion.fr\/es\/wp-json\/wp\/v2\/users\/6"}],"replies":[{"embeddable":true,"href":"https:\/\/www.italpassion.fr\/es\/wp-json\/wp\/v2\/comments?post=45891"}],"version-history":[{"count":1,"href":"https:\/\/www.italpassion.fr\/es\/wp-json\/wp\/v2\/posts\/45891\/revisions"}],"predecessor-version":[{"id":45893,"href":"https:\/\/www.italpassion.fr\/es\/wp-json\/wp\/v2\/posts\/45891\/revisions\/45893"}],"wp:featuredmedia":[{"embeddable":true,"href":"https:\/\/www.italpassion.fr\/es\/wp-json\/wp\/v2\/media\/45892"}],"wp:attachment":[{"href":"https:\/\/www.italpassion.fr\/es\/wp-json\/wp\/v2\/media?parent=45891"}],"wp:term":[{"taxonomy":"category","embeddable":true,"href":"https:\/\/www.italpassion.fr\/es\/wp-json\/wp\/v2\/categories?post=45891"},{"taxonomy":"post_tag","embeddable":true,"href":"https:\/\/www.italpassion.fr\/es\/wp-json\/wp\/v2\/tags?post=45891"}],"curies":[{"name":"wp","href":"https:\/\/api.w.org\/{rel}","templated":true}]}}