{"id":45748,"date":"2026-01-26T12:25:14","date_gmt":"2026-01-26T11:25:14","guid":{"rendered":"https:\/\/www.italpassion.fr\/?p=45748"},"modified":"2026-01-26T12:25:14","modified_gmt":"2026-01-26T11:25:14","slug":"por-que-ferrari-y-porsche-tienen-el-mismo-caballo-rampante-en-su-logotipo","status":"publish","type":"post","link":"https:\/\/www.italpassion.fr\/es\/ferrari\/pourquoi-ferrari-et-porsche-ont-le-meme-cheval-cabre-sur-le-logo\/","title":{"rendered":"\u00bfPor qu\u00e9 Ferrari y Porsche tienen un caballo rampante en su logotipo?"},"content":{"rendered":"<figure class=\"wp-block-image size-full\"><img loading=\"lazy\" decoding=\"async\" width=\"1200\" height=\"800\" src=\"https:\/\/www.italpassion.fr\/wp-content\/uploads\/2026\/01\/logo-ferrari-porsche.jpg\" alt=\"\" class=\"wp-image-45749\" srcset=\"https:\/\/www.italpassion.fr\/wp-content\/uploads\/2026\/01\/logo-ferrari-porsche.jpg 1200w, https:\/\/www.italpassion.fr\/wp-content\/uploads\/2026\/01\/logo-ferrari-porsche-420x280.jpg 420w, https:\/\/www.italpassion.fr\/wp-content\/uploads\/2026\/01\/logo-ferrari-porsche-768x512.jpg 768w, https:\/\/www.italpassion.fr\/wp-content\/uploads\/2026\/01\/logo-ferrari-porsche-18x12.jpg 18w\" sizes=\"auto, (max-width: 1200px) 100vw, 1200px\" \/><\/figure>\n\n\n\n<p>A primera vista, el parecido es asombroso. Dos de las marcas de autom\u00f3viles m\u00e1s prestigiosas del mundo, <a href=\"https:\/\/www.italpassion.fr\/es\/ferrari\/\">Ferrari<\/a> y Porsche, ambos con un caballo rampante en su logotipo. \u00bfCoincidencia gr\u00e1fica, homenaje discreto o pr\u00e9stamo deliberado? La realidad es m\u00e1s sutil y, sobre todo, mucho m\u00e1s antigua que la historia del autom\u00f3vil moderno. Contrariamente a lo que podr\u00eda pensarse, esta similitud no es fruto de una estrategia de marketing ni de la fertilizaci\u00f3n cruzada entre dos fabricantes rivales. Sus ra\u00edces se encuentran en dos trayectorias hist\u00f3ricas distintas, moldeadas por la cultura europea de principios del siglo XX, en la que el caballo ocupa un lugar simb\u00f3lico central.<\/p>\n\n\n\n<h2 class=\"wp-block-heading\">El caballo Porsche, herencia directa de Stuttgart<\/h2>\n\n\n\n<p>Para entender el caballo Porsche, primero tenemos que remontarnos a la ciudad donde naci\u00f3 la marca: Stuttgart. Mucho antes de que apareciera el primer Porsche, la ciudad ya utilizaba un caballo rampante como s\u00edmbolo oficial. El propio nombre de Stuttgart procede de Stuotgarten, que significa literalmente \"yeguada\", un recordatorio de la importancia de la cr\u00eda de caballos en la regi\u00f3n desde la Edad Media. Cuando Porsche present\u00f3 su emblema a principios de los a\u00f1os 50, la elecci\u00f3n del caballo no fue una decisi\u00f3n est\u00e9tica arbitraria. Era un homenaje a sus ra\u00edces geogr\u00e1ficas. El caballo se sit\u00faa en el centro de un complejo escudo de armas que incorpora el nombre de Stuttgart, el de Porsche y los colores y motivos del antiguo Estado Libre de Wurtemberg. A partir del Porsche 356, este escudo se convirti\u00f3 en parte integrante de la identidad de la marca. A lo largo de las d\u00e9cadas, el logotipo ha evolucionado en dise\u00f1o y acabado, pero el caballo permanece inalterado en el coraz\u00f3n del emblema.<\/p>\n\n\n\n<figure class=\"wp-block-image size-full\"><img loading=\"lazy\" decoding=\"async\" width=\"1200\" height=\"800\" src=\"https:\/\/www.italpassion.fr\/wp-content\/uploads\/2026\/01\/logo-porsche.jpg\" alt=\"\" class=\"wp-image-45750\" srcset=\"https:\/\/www.italpassion.fr\/wp-content\/uploads\/2026\/01\/logo-porsche.jpg 1200w, https:\/\/www.italpassion.fr\/wp-content\/uploads\/2026\/01\/logo-porsche-420x280.jpg 420w, https:\/\/www.italpassion.fr\/wp-content\/uploads\/2026\/01\/logo-porsche-768x512.jpg 768w, https:\/\/www.italpassion.fr\/wp-content\/uploads\/2026\/01\/logo-porsche-18x12.jpg 18w\" sizes=\"auto, (max-width: 1200px) 100vw, 1200px\" \/><\/figure>\n\n\n\n<h2 class=\"wp-block-heading\">El caballo Ferrari, s\u00edmbolo militar antes que autom\u00f3vil<\/h2>\n\n\n\n<p>En Ferrari, el origen del caballo es radicalmente distinto y profundamente personal. El famoso Cavallino Rampante no procede de una ciudad o un territorio, sino de un hombre: Francesco Baracca, h\u00e9roe de la aviaci\u00f3n italiana durante la Primera Guerra Mundial. Antes incluso de convertirse en piloto de caza, Baracca fue oficial de caballer\u00eda en el prestigioso 2\u00ba Regimiento Real de Caballer\u00eda del Piamonte, una unidad de \u00e9lite del ej\u00e9rcito italiano cuyo emblema her\u00e1ldico ya era un caballo rampante. Cuando adopt\u00f3 un emblema distintivo para sus aviones a partir de 1917, Baracca no cre\u00f3 un nuevo s\u00edmbolo: utiliz\u00f3 el de su regimiento, simplific\u00e1ndolo y pint\u00e1ndolo de negro para que destacara mejor en el fuselaje de sus aviones.<\/p>\n\n\n\n<figure class=\"wp-block-image size-full\"><img loading=\"lazy\" decoding=\"async\" width=\"1200\" height=\"800\" src=\"https:\/\/www.italpassion.fr\/wp-content\/uploads\/2026\/01\/regiment.jpg\" alt=\"\" class=\"wp-image-45754\" srcset=\"https:\/\/www.italpassion.fr\/wp-content\/uploads\/2026\/01\/regiment.jpg 1200w, https:\/\/www.italpassion.fr\/wp-content\/uploads\/2026\/01\/regiment-420x280.jpg 420w, https:\/\/www.italpassion.fr\/wp-content\/uploads\/2026\/01\/regiment-768x512.jpg 768w, https:\/\/www.italpassion.fr\/wp-content\/uploads\/2026\/01\/regiment-18x12.jpg 18w\" sizes=\"auto, (max-width: 1200px) 100vw, 1200px\" \/><figcaption class=\"wp-element-caption\">Escudo del Regimiento de Caballer\u00eda del Piamonte Real<\/figcaption><\/figure>\n\n\n\n<figure class=\"wp-block-image size-full\"><img loading=\"lazy\" decoding=\"async\" width=\"1200\" height=\"800\" src=\"https:\/\/www.italpassion.fr\/wp-content\/uploads\/2026\/01\/francesco-baccara.jpg\" alt=\"\" class=\"wp-image-45751\" srcset=\"https:\/\/www.italpassion.fr\/wp-content\/uploads\/2026\/01\/francesco-baccara.jpg 1200w, https:\/\/www.italpassion.fr\/wp-content\/uploads\/2026\/01\/francesco-baccara-420x280.jpg 420w, https:\/\/www.italpassion.fr\/wp-content\/uploads\/2026\/01\/francesco-baccara-768x512.jpg 768w, https:\/\/www.italpassion.fr\/wp-content\/uploads\/2026\/01\/francesco-baccara-18x12.jpg 18w\" sizes=\"auto, (max-width: 1200px) 100vw, 1200px\" \/><\/figure>\n\n\n\n<figure class=\"wp-block-image size-full\"><img loading=\"lazy\" decoding=\"async\" width=\"1200\" height=\"800\" src=\"https:\/\/www.italpassion.fr\/wp-content\/uploads\/2026\/01\/francesco-baccara-2.jpg\" alt=\"\" class=\"wp-image-45752\" srcset=\"https:\/\/www.italpassion.fr\/wp-content\/uploads\/2026\/01\/francesco-baccara-2.jpg 1200w, https:\/\/www.italpassion.fr\/wp-content\/uploads\/2026\/01\/francesco-baccara-2-420x280.jpg 420w, https:\/\/www.italpassion.fr\/wp-content\/uploads\/2026\/01\/francesco-baccara-2-768x512.jpg 768w, https:\/\/www.italpassion.fr\/wp-content\/uploads\/2026\/01\/francesco-baccara-2-18x12.jpg 18w\" sizes=\"auto, (max-width: 1200px) 100vw, 1200px\" \/><\/figure>\n\n\n\n<p>El caballo se convirti\u00f3 r\u00e1pidamente en parte integrante de su leyenda. Tras la muerte de Baracca en 1918, el s\u00edmbolo adquiri\u00f3 en Italia una fuerte dimensi\u00f3n conmemorativa, encarnando el valor, la nobleza y el esp\u00edritu caballeresco de los primeros aviadores.<\/p>\n\n\n\n<h2 class=\"wp-block-heading\">De Enzo Ferrari a la Scuderia Ferrari<\/h2>\n\n\n\n<p>En 1923, durante una victoria en el circuito de Savio, Enzo Ferrari conoci\u00f3 a los padres de Francesco Baracca. La madre del piloto le propuso utilizar el caballo de su hijo en sus coches, convencida de que le traer\u00eda buena suerte. En aquel momento, Enzo Ferrari a\u00fan era piloto de carreras y director deportivo de Alfa Romeo, por lo que no pod\u00eda poner el s\u00edmbolo en sus propios coches. No fue hasta 1929, con la creaci\u00f3n de la Scuderia Ferrari, cuando el caballo empez\u00f3 a aparecer oficialmente en competici\u00f3n. En 1932, en las 24 Horas de Spa-Francorchamps, los Alfa Romeo de la Scuderia Ferrari lucieron por primera vez el Cavallino Rampante.<\/p>\n\n\n\n<figure class=\"wp-block-image size-full\"><img loading=\"lazy\" decoding=\"async\" width=\"1200\" height=\"800\" src=\"https:\/\/www.italpassion.fr\/wp-content\/uploads\/2026\/01\/alfa-romeo-ferrari.jpg\" alt=\"\" class=\"wp-image-45753\" srcset=\"https:\/\/www.italpassion.fr\/wp-content\/uploads\/2026\/01\/alfa-romeo-ferrari.jpg 1200w, https:\/\/www.italpassion.fr\/wp-content\/uploads\/2026\/01\/alfa-romeo-ferrari-420x280.jpg 420w, https:\/\/www.italpassion.fr\/wp-content\/uploads\/2026\/01\/alfa-romeo-ferrari-768x512.jpg 768w, https:\/\/www.italpassion.fr\/wp-content\/uploads\/2026\/01\/alfa-romeo-ferrari-18x12.jpg 18w\" sizes=\"auto, (max-width: 1200px) 100vw, 1200px\" \/><figcaption class=\"wp-element-caption\">Antonio Brivo, piloto de Alfa Romeo en 1932<\/figcaption><\/figure>\n\n\n\n<p>El s\u00edmbolo cambi\u00f3 entonces. Ya no era exactamente el de Baracca: el caballo adopt\u00f3 una postura ligeramente diferente, su cola se levant\u00f3 y se coloc\u00f3 sobre un fondo amarillo, el color de M\u00f3dena, la ciudad natal de Enzo Ferrari, coronado por la bandera italiana. Despu\u00e9s de la Segunda Guerra Mundial, cuando Ferrari se convirti\u00f3 en un fabricante por derecho propio, este caballo se convirti\u00f3 en el emblema permanente de la marca.<\/p>\n\n\n\n<figure class=\"wp-block-image size-full\"><img loading=\"lazy\" decoding=\"async\" width=\"1200\" height=\"800\" src=\"https:\/\/www.italpassion.fr\/wp-content\/uploads\/2025\/11\/logo-ferrari-00.jpg\" alt=\"\" class=\"wp-image-43345\" srcset=\"https:\/\/www.italpassion.fr\/wp-content\/uploads\/2025\/11\/logo-ferrari-00.jpg 1200w, https:\/\/www.italpassion.fr\/wp-content\/uploads\/2025\/11\/logo-ferrari-00-420x280.jpg 420w, https:\/\/www.italpassion.fr\/wp-content\/uploads\/2025\/11\/logo-ferrari-00-768x512.jpg 768w, https:\/\/www.italpassion.fr\/wp-content\/uploads\/2025\/11\/logo-ferrari-00-18x12.jpg 18w\" sizes=\"auto, (max-width: 1200px) 100vw, 1200px\" \/><\/figure>\n\n\n\n<h2 class=\"wp-block-heading\">Del caballo Baracca al caballo Ferrari<\/h2>\n\n\n\n<p>Aunque Enzo Ferrari se inspir\u00f3 en el caballo de Francesco Baracca, el s\u00edmbolo que se convertir\u00eda en el de Ferrari no era una reproducci\u00f3n fiel del emblema pintado en el avi\u00f3n del piloto italiano. Varios elementos gr\u00e1ficos difieren notablemente: la postura, el estilo del dibujo y, sobre todo, la cola del caballo, que est\u00e1 levantada en el logotipo de Ferrari mientras que, por lo general, apunta hacia abajo en el avi\u00f3n de Baracca. Esta evoluci\u00f3n se explica por una etapa que a menudo se pasa por alto. En 1930, con motivo de la inauguraci\u00f3n del santuario dedicado a Francesco Baracca en Nervesa della Battaglia, se public\u00f3 un folleto conmemorativo titulado \"Per Francesco Baracca sul Montello\". En la portada figuran las armas her\u00e1ldicas de la familia Baracca, dise\u00f1adas por el pintor lucense Gino Croari.<\/p>\n\n\n\n<figure class=\"wp-block-image size-full\"><img loading=\"lazy\" decoding=\"async\" width=\"1200\" height=\"800\" src=\"https:\/\/www.italpassion.fr\/wp-content\/uploads\/2026\/01\/baracca.jpg\" alt=\"\" class=\"wp-image-45755\" srcset=\"https:\/\/www.italpassion.fr\/wp-content\/uploads\/2026\/01\/baracca.jpg 1200w, https:\/\/www.italpassion.fr\/wp-content\/uploads\/2026\/01\/baracca-420x280.jpg 420w, https:\/\/www.italpassion.fr\/wp-content\/uploads\/2026\/01\/baracca-768x512.jpg 768w, https:\/\/www.italpassion.fr\/wp-content\/uploads\/2026\/01\/baracca-18x12.jpg 18w\" sizes=\"auto, (max-width: 1200px) 100vw, 1200px\" \/><figcaption class=\"wp-element-caption\">Fuente Museo Francesco Baracca<\/figcaption><\/figure>\n\n\n\n<p>En esta versi\u00f3n, el artista reinterpreta libremente el Cavallino Rampante: el estilo es m\u00e1s gr\u00e1fico, la silueta m\u00e1s din\u00e1mica y la cola claramente levantada. Este caballo, colocado sobre un escudo, corresponde casi exactamente al que aparecer\u00eda algunos a\u00f1os m\u00e1s tarde en los coches de la Scuderia Ferrari. Ya no es el caballo del plano Baracca, sino una versi\u00f3n estilizada concebida para un uso her\u00e1ldico y simb\u00f3lico. Por lo tanto, es muy probable que Enzo Ferrari, deseoso de cumplir la promesa que hab\u00eda hecho a la madre de Francesco Baracca, se inspirara en esta versi\u00f3n dise\u00f1ada por Croari a la hora de definir el emblema de su escuder\u00eda.<\/p>\n\n\n\n<h2 class=\"wp-block-heading\">Dos caballos, \u00bfun posible origen com\u00fan?<\/h2>\n\n\n\n<p>Aqu\u00ed es donde hay que matizar la historia. Si los dos caballos son tan parecidos, puede que no se deba puramente al azar, pero ser\u00eda simplista ver un \u00fanico origen. En el caso de Francesco Baracca, la explicaci\u00f3n m\u00e1s s\u00f3lidamente establecida es sobre todo militar. Antes de convertirse en el as de la aviaci\u00f3n italiana, Baracca fue oficial de caballer\u00eda en el prestigioso Regimiento Real de Caballer\u00eda del Piamonte, una unidad de \u00e9lite cuyo emblema her\u00e1ldico ya era un caballo rampante. Al adoptar un emblema distintivo para sus aviones a partir de 1917, Baracca segu\u00eda naturalmente los pasos de su regimiento, adoptando este s\u00edmbolo como afirmaci\u00f3n de su identidad militar y su apego a la tradici\u00f3n de la caballer\u00eda.<\/p>\n\n\n\n<p>Pero esto no excluye otras influencias. Durante la Primera Guerra Mundial, muchos pilotos personalizaron sus aviones con emblemas relacionados con su unidad, su regi\u00f3n de origen o, a veces, sus victorias. Algunos relatos de posguerra afirman que Baracca derrib\u00f3 un avi\u00f3n alem\u00e1n que llevaba un caballo rampante, un s\u00edmbolo posiblemente inspirado en la ciudad de Stuttgart, cuyo escudo de armas presenta este motivo desde hace siglos. Aunque esta hip\u00f3tesis sigue siendo imposible de probar formalmente, ilustra la circulaci\u00f3n de s\u00edmbolos por Europa a principios del siglo XX. En esta hip\u00f3tesis, el caballo podr\u00eda haber existido simult\u00e1neamente en varias tradiciones - her\u00e1ldica alemana, caballer\u00eda italiana, aviaci\u00f3n militar - sin que se trate de una copia directa.<\/p>\n\n\n\n<p>A falta de documentos irrefutables, esta pista permanece en el terreno de la especulaci\u00f3n. No invalida el origen caballeresco del caballo Baracca, hoy ampliamente documentado, pero muestra c\u00f3mo un mismo s\u00edmbolo, profundamente arraigado en el imaginario europeo, pudo aparecer independientemente en contextos diferentes antes de convertirse m\u00e1s tarde en uno de los emblemas m\u00e1s famosos de la historia del autom\u00f3vil. A pesar de su asombroso parecido, los caballos de Ferrari y Porsche nunca han planteado problemas legales o simb\u00f3licos. La raz\u00f3n es sencilla: cada uno cuenta una historia diferente. En Porsche, el caballo es una marca territorial, arraigada en la historia de Stuttgart. En Ferrari, es el legado de un h\u00e9roe nacional, transformado en s\u00edmbolo de competici\u00f3n y rendimiento.<\/p>","protected":false},"excerpt":{"rendered":"","protected":false},"author":1,"featured_media":45749,"comment_status":"open","ping_status":"open","sticky":false,"template":"","format":"standard","meta":{"_acf_changed":false,"_sitemap_exclude":false,"_sitemap_priority":"","_sitemap_frequency":"","footnotes":""},"categories":[23],"tags":[],"class_list":["post-45748","post","type-post","status-publish","format-standard","has-post-thumbnail","hentry","category-ferrari","generate-columns","tablet-grid-50","mobile-grid-100","grid-parent","grid-33"],"acf":[],"yoast_head":"<!-- This site is optimized with the Yoast SEO plugin v25.8 - https:\/\/yoast.com\/wordpress\/plugins\/seo\/ -->\n<title>Pourquoi Ferrari et Porsche ont un cheval cabr\u00e9 sur le logo ? - ItalPassion<\/title>\n<meta name=\"description\" content=\"\u00c0 premi\u00e8re vue, la ressemblance est troublante. Deux des marques automobiles les plus prestigieuses au monde, Ferrari et Porsche, arborent toutes deux un\" \/>\n<meta name=\"robots\" content=\"index, follow, max-snippet:-1, max-image-preview:large, max-video-preview:-1\" \/>\n<link rel=\"canonical\" href=\"https:\/\/www.italpassion.fr\/es\/ferrari\/por-que-ferrari-y-porsche-tienen-el-mismo-caballo-rampante-en-su-logotipo\/\" \/>\n<meta property=\"og:locale\" content=\"es_ES\" \/>\n<meta property=\"og:type\" content=\"article\" \/>\n<meta property=\"og:title\" content=\"Pourquoi Ferrari et Porsche ont un cheval cabr\u00e9 sur le logo ? - ItalPassion\" \/>\n<meta property=\"og:description\" content=\"\u00c0 premi\u00e8re vue, la ressemblance est troublante. Deux des marques automobiles les plus prestigieuses au monde, Ferrari et Porsche, arborent toutes deux un\" \/>\n<meta property=\"og:url\" content=\"https:\/\/www.italpassion.fr\/es\/ferrari\/por-que-ferrari-y-porsche-tienen-el-mismo-caballo-rampante-en-su-logotipo\/\" \/>\n<meta property=\"og:site_name\" content=\"ItalPassion\" \/>\n<meta property=\"article:publisher\" content=\"https:\/\/www.facebook.com\/italpassion\" \/>\n<meta property=\"article:published_time\" content=\"2026-01-26T11:25:14+00:00\" \/>\n<meta property=\"og:image\" content=\"https:\/\/www.italpassion.fr\/wp-content\/uploads\/2026\/01\/logo-ferrari-porsche.jpg\" \/>\n\t<meta property=\"og:image:width\" content=\"1200\" \/>\n\t<meta property=\"og:image:height\" content=\"800\" \/>\n\t<meta property=\"og:image:type\" content=\"image\/jpeg\" \/>\n<meta name=\"author\" content=\"Alexandre Filluzeau\" \/>\n<meta name=\"twitter:card\" content=\"summary_large_image\" \/>\n<meta name=\"twitter:creator\" content=\"@italpassion\" \/>\n<meta name=\"twitter:site\" content=\"@italpassion\" \/>\n<script type=\"application\/ld+json\" class=\"yoast-schema-graph\">{\"@context\":\"https:\/\/schema.org\",\"@graph\":[{\"@type\":\"NewsArticle\",\"@id\":\"https:\/\/www.italpassion.fr\/es\/ferrari\/pourquoi-ferrari-et-porsche-ont-le-meme-cheval-cabre-sur-le-logo\/#article\",\"isPartOf\":{\"@id\":\"https:\/\/www.italpassion.fr\/es\/ferrari\/pourquoi-ferrari-et-porsche-ont-le-meme-cheval-cabre-sur-le-logo\/\"},\"author\":{\"name\":\"Alexandre Filluzeau\",\"@id\":\"https:\/\/www.italpassion.fr\/es\/#\/schema\/person\/36f747b2a759ca202d847e85a9434ca0\"},\"headline\":\"Pourquoi Ferrari et Porsche ont un cheval cabr\u00e9 sur le logo ?\",\"datePublished\":\"2026-01-26T11:25:14+00:00\",\"mainEntityOfPage\":{\"@id\":\"https:\/\/www.italpassion.fr\/es\/ferrari\/pourquoi-ferrari-et-porsche-ont-le-meme-cheval-cabre-sur-le-logo\/\"},\"wordCount\":1409,\"commentCount\":4,\"publisher\":{\"@id\":\"https:\/\/www.italpassion.fr\/es\/#organization\"},\"image\":{\"@id\":\"https:\/\/www.italpassion.fr\/es\/ferrari\/pourquoi-ferrari-et-porsche-ont-le-meme-cheval-cabre-sur-le-logo\/#primaryimage\"},\"thumbnailUrl\":\"https:\/\/www.italpassion.fr\/wp-content\/uploads\/2026\/01\/logo-ferrari-porsche.jpg\",\"articleSection\":[\"Ferrari\"],\"inLanguage\":\"es\",\"potentialAction\":[{\"@type\":\"CommentAction\",\"name\":\"Comment\",\"target\":[\"https:\/\/www.italpassion.fr\/es\/ferrari\/pourquoi-ferrari-et-porsche-ont-le-meme-cheval-cabre-sur-le-logo\/#respond\"]}]},{\"@type\":\"WebPage\",\"@id\":\"https:\/\/www.italpassion.fr\/es\/ferrari\/pourquoi-ferrari-et-porsche-ont-le-meme-cheval-cabre-sur-le-logo\/\",\"url\":\"https:\/\/www.italpassion.fr\/es\/ferrari\/pourquoi-ferrari-et-porsche-ont-le-meme-cheval-cabre-sur-le-logo\/\",\"name\":\"Pourquoi Ferrari et Porsche ont un cheval cabr\u00e9 sur le logo ? - ItalPassion\",\"isPartOf\":{\"@id\":\"https:\/\/www.italpassion.fr\/es\/#website\"},\"primaryImageOfPage\":{\"@id\":\"https:\/\/www.italpassion.fr\/es\/ferrari\/pourquoi-ferrari-et-porsche-ont-le-meme-cheval-cabre-sur-le-logo\/#primaryimage\"},\"image\":{\"@id\":\"https:\/\/www.italpassion.fr\/es\/ferrari\/pourquoi-ferrari-et-porsche-ont-le-meme-cheval-cabre-sur-le-logo\/#primaryimage\"},\"thumbnailUrl\":\"https:\/\/www.italpassion.fr\/wp-content\/uploads\/2026\/01\/logo-ferrari-porsche.jpg\",\"datePublished\":\"2026-01-26T11:25:14+00:00\",\"description\":\"\u00c0 premi\u00e8re vue, la ressemblance est troublante. Deux des marques automobiles les plus prestigieuses au monde, Ferrari et Porsche, arborent toutes deux un\",\"breadcrumb\":{\"@id\":\"https:\/\/www.italpassion.fr\/es\/ferrari\/pourquoi-ferrari-et-porsche-ont-le-meme-cheval-cabre-sur-le-logo\/#breadcrumb\"},\"inLanguage\":\"es\",\"potentialAction\":[{\"@type\":\"ReadAction\",\"target\":[\"https:\/\/www.italpassion.fr\/es\/ferrari\/pourquoi-ferrari-et-porsche-ont-le-meme-cheval-cabre-sur-le-logo\/\"]}]},{\"@type\":\"ImageObject\",\"inLanguage\":\"es\",\"@id\":\"https:\/\/www.italpassion.fr\/es\/ferrari\/pourquoi-ferrari-et-porsche-ont-le-meme-cheval-cabre-sur-le-logo\/#primaryimage\",\"url\":\"https:\/\/www.italpassion.fr\/wp-content\/uploads\/2026\/01\/logo-ferrari-porsche.jpg\",\"contentUrl\":\"https:\/\/www.italpassion.fr\/wp-content\/uploads\/2026\/01\/logo-ferrari-porsche.jpg\",\"width\":1200,\"height\":800},{\"@type\":\"BreadcrumbList\",\"@id\":\"https:\/\/www.italpassion.fr\/es\/ferrari\/pourquoi-ferrari-et-porsche-ont-le-meme-cheval-cabre-sur-le-logo\/#breadcrumb\",\"itemListElement\":[{\"@type\":\"ListItem\",\"position\":1,\"name\":\"Accueil\",\"item\":\"https:\/\/www.italpassion.fr\/es\/\"},{\"@type\":\"ListItem\",\"position\":2,\"name\":\"Pourquoi Ferrari et Porsche ont un cheval cabr\u00e9 sur le logo ?\"}]},{\"@type\":\"WebSite\",\"@id\":\"https:\/\/www.italpassion.fr\/es\/#website\",\"url\":\"https:\/\/www.italpassion.fr\/es\/\",\"name\":\"ItalPassion\",\"description\":\"Les Passionn\u00e9s d&#039;Automobiles Italiennes\",\"publisher\":{\"@id\":\"https:\/\/www.italpassion.fr\/es\/#organization\"},\"potentialAction\":[{\"@type\":\"SearchAction\",\"target\":{\"@type\":\"EntryPoint\",\"urlTemplate\":\"https:\/\/www.italpassion.fr\/es\/?s={search_term_string}\"},\"query-input\":{\"@type\":\"PropertyValueSpecification\",\"valueRequired\":true,\"valueName\":\"search_term_string\"}}],\"inLanguage\":\"es\"},{\"@type\":\"Organization\",\"@id\":\"https:\/\/www.italpassion.fr\/es\/#organization\",\"name\":\"Italpassion\",\"url\":\"https:\/\/www.italpassion.fr\/es\/\",\"logo\":{\"@type\":\"ImageObject\",\"inLanguage\":\"es\",\"@id\":\"https:\/\/www.italpassion.fr\/es\/#\/schema\/logo\/image\/\",\"url\":\"https:\/\/www.italpassion.fr\/wp-content\/uploads\/2023\/07\/italpassion-yoast.jpg\",\"contentUrl\":\"https:\/\/www.italpassion.fr\/wp-content\/uploads\/2023\/07\/italpassion-yoast.jpg\",\"width\":696,\"height\":696,\"caption\":\"Italpassion\"},\"image\":{\"@id\":\"https:\/\/www.italpassion.fr\/es\/#\/schema\/logo\/image\/\"},\"sameAs\":[\"https:\/\/www.facebook.com\/italpassion\",\"https:\/\/x.com\/italpassion\",\"https:\/\/www.instagram.com\/italpassionfr\/\",\"https:\/\/www.youtube.com\/channel\/UCleq-ByQaA42OjhopwevRjQ\",\"https:\/\/www.facebook.com\/italpassion.en\/\",\"https:\/\/www.facebook.com\/italpassion.it\/\",\"https:\/\/www.facebook.com\/italpassion.de\/\",\"https:\/\/www.facebook.com\/italpassion.ja\/\"]},{\"@type\":\"Person\",\"@id\":\"https:\/\/www.italpassion.fr\/es\/#\/schema\/person\/36f747b2a759ca202d847e85a9434ca0\",\"name\":\"Alexandre Filluzeau\",\"image\":{\"@type\":\"ImageObject\",\"inLanguage\":\"es\",\"@id\":\"https:\/\/www.italpassion.fr\/es\/#\/schema\/person\/image\/\",\"url\":\"https:\/\/www.italpassion.fr\/wp-content\/uploads\/2025\/04\/avatar-alexandre-160x160.jpg\",\"contentUrl\":\"https:\/\/www.italpassion.fr\/wp-content\/uploads\/2025\/04\/avatar-alexandre-160x160.jpg\",\"caption\":\"Alexandre Filluzeau\"},\"description\":\"Fondateur du site ItalPassion, passionn\u00e9 de voitures italiennes et de l'Italie en g\u00e9n\u00e9ral. J'apporte un regard critique et technique aux actualit\u00e9s des marques italiennes quand cela est possible. Propri\u00e9taire d'une Maserati GranTurismo, Alfa Romeo MiTo, Lancia Fulvia et Ducati 695. Ex-propri\u00e9taire d'une Alfa Romeo Giulia.\",\"sameAs\":[\"https:\/\/www.italpassion.fr\/\"],\"url\":\"https:\/\/www.italpassion.fr\/es\/author\/alexandre\/\"}]}<\/script>\n<!-- \/ Yoast SEO plugin. -->","yoast_head_json":{"title":"\u00bfPor qu\u00e9 Ferrari y Porsche tienen un caballo rampante en su logotipo? - ItalPassion","description":"A primera vista, el parecido es asombroso. Dos de las marcas de autom\u00f3viles m\u00e1s prestigiosas del mundo, Ferrari y Porsche, tienen ambas un","robots":{"index":"index","follow":"follow","max-snippet":"max-snippet:-1","max-image-preview":"max-image-preview:large","max-video-preview":"max-video-preview:-1"},"canonical":"https:\/\/www.italpassion.fr\/es\/ferrari\/por-que-ferrari-y-porsche-tienen-el-mismo-caballo-rampante-en-su-logotipo\/","og_locale":"es_ES","og_type":"article","og_title":"Pourquoi Ferrari et Porsche ont un cheval cabr\u00e9 sur le logo ? - ItalPassion","og_description":"\u00c0 premi\u00e8re vue, la ressemblance est troublante. Deux des marques automobiles les plus prestigieuses au monde, Ferrari et Porsche, arborent toutes deux un","og_url":"https:\/\/www.italpassion.fr\/es\/ferrari\/por-que-ferrari-y-porsche-tienen-el-mismo-caballo-rampante-en-su-logotipo\/","og_site_name":"ItalPassion","article_publisher":"https:\/\/www.facebook.com\/italpassion","article_published_time":"2026-01-26T11:25:14+00:00","og_image":[{"width":1200,"height":800,"url":"https:\/\/www.italpassion.fr\/wp-content\/uploads\/2026\/01\/logo-ferrari-porsche.jpg","type":"image\/jpeg"}],"author":"Alexandre Filluzeau","twitter_card":"summary_large_image","twitter_creator":"@italpassion","twitter_site":"@italpassion","schema":{"@context":"https:\/\/schema.org","@graph":[{"@type":"NewsArticle","@id":"https:\/\/www.italpassion.fr\/es\/ferrari\/pourquoi-ferrari-et-porsche-ont-le-meme-cheval-cabre-sur-le-logo\/#article","isPartOf":{"@id":"https:\/\/www.italpassion.fr\/es\/ferrari\/pourquoi-ferrari-et-porsche-ont-le-meme-cheval-cabre-sur-le-logo\/"},"author":{"name":"Alexandre Filluzeau","@id":"https:\/\/www.italpassion.fr\/es\/#\/schema\/person\/36f747b2a759ca202d847e85a9434ca0"},"headline":"Pourquoi Ferrari et Porsche ont un cheval cabr\u00e9 sur le logo ?","datePublished":"2026-01-26T11:25:14+00:00","mainEntityOfPage":{"@id":"https:\/\/www.italpassion.fr\/es\/ferrari\/pourquoi-ferrari-et-porsche-ont-le-meme-cheval-cabre-sur-le-logo\/"},"wordCount":1409,"commentCount":4,"publisher":{"@id":"https:\/\/www.italpassion.fr\/es\/#organization"},"image":{"@id":"https:\/\/www.italpassion.fr\/es\/ferrari\/pourquoi-ferrari-et-porsche-ont-le-meme-cheval-cabre-sur-le-logo\/#primaryimage"},"thumbnailUrl":"https:\/\/www.italpassion.fr\/wp-content\/uploads\/2026\/01\/logo-ferrari-porsche.jpg","articleSection":["Ferrari"],"inLanguage":"es","potentialAction":[{"@type":"CommentAction","name":"Comment","target":["https:\/\/www.italpassion.fr\/es\/ferrari\/pourquoi-ferrari-et-porsche-ont-le-meme-cheval-cabre-sur-le-logo\/#respond"]}]},{"@type":"WebPage","@id":"https:\/\/www.italpassion.fr\/es\/ferrari\/pourquoi-ferrari-et-porsche-ont-le-meme-cheval-cabre-sur-le-logo\/","url":"https:\/\/www.italpassion.fr\/es\/ferrari\/pourquoi-ferrari-et-porsche-ont-le-meme-cheval-cabre-sur-le-logo\/","name":"\u00bfPor qu\u00e9 Ferrari y Porsche tienen un caballo rampante en su logotipo? - ItalPassion","isPartOf":{"@id":"https:\/\/www.italpassion.fr\/es\/#website"},"primaryImageOfPage":{"@id":"https:\/\/www.italpassion.fr\/es\/ferrari\/pourquoi-ferrari-et-porsche-ont-le-meme-cheval-cabre-sur-le-logo\/#primaryimage"},"image":{"@id":"https:\/\/www.italpassion.fr\/es\/ferrari\/pourquoi-ferrari-et-porsche-ont-le-meme-cheval-cabre-sur-le-logo\/#primaryimage"},"thumbnailUrl":"https:\/\/www.italpassion.fr\/wp-content\/uploads\/2026\/01\/logo-ferrari-porsche.jpg","datePublished":"2026-01-26T11:25:14+00:00","description":"A primera vista, el parecido es asombroso. Dos de las marcas de autom\u00f3viles m\u00e1s prestigiosas del mundo, Ferrari y Porsche, tienen ambas un","breadcrumb":{"@id":"https:\/\/www.italpassion.fr\/es\/ferrari\/pourquoi-ferrari-et-porsche-ont-le-meme-cheval-cabre-sur-le-logo\/#breadcrumb"},"inLanguage":"es","potentialAction":[{"@type":"ReadAction","target":["https:\/\/www.italpassion.fr\/es\/ferrari\/pourquoi-ferrari-et-porsche-ont-le-meme-cheval-cabre-sur-le-logo\/"]}]},{"@type":"ImageObject","inLanguage":"es","@id":"https:\/\/www.italpassion.fr\/es\/ferrari\/pourquoi-ferrari-et-porsche-ont-le-meme-cheval-cabre-sur-le-logo\/#primaryimage","url":"https:\/\/www.italpassion.fr\/wp-content\/uploads\/2026\/01\/logo-ferrari-porsche.jpg","contentUrl":"https:\/\/www.italpassion.fr\/wp-content\/uploads\/2026\/01\/logo-ferrari-porsche.jpg","width":1200,"height":800},{"@type":"BreadcrumbList","@id":"https:\/\/www.italpassion.fr\/es\/ferrari\/pourquoi-ferrari-et-porsche-ont-le-meme-cheval-cabre-sur-le-logo\/#breadcrumb","itemListElement":[{"@type":"ListItem","position":1,"name":"Accueil","item":"https:\/\/www.italpassion.fr\/es\/"},{"@type":"ListItem","position":2,"name":"Pourquoi Ferrari et Porsche ont un cheval cabr\u00e9 sur le logo ?"}]},{"@type":"WebSite","@id":"https:\/\/www.italpassion.fr\/es\/#website","url":"https:\/\/www.italpassion.fr\/es\/","name":"ItalPassion","description":"Entusiastas de los coches italianos","publisher":{"@id":"https:\/\/www.italpassion.fr\/es\/#organization"},"potentialAction":[{"@type":"SearchAction","target":{"@type":"EntryPoint","urlTemplate":"https:\/\/www.italpassion.fr\/es\/?s={search_term_string}"},"query-input":{"@type":"PropertyValueSpecification","valueRequired":true,"valueName":"search_term_string"}}],"inLanguage":"es"},{"@type":"Organization","@id":"https:\/\/www.italpassion.fr\/es\/#organization","name":"Italpassion","url":"https:\/\/www.italpassion.fr\/es\/","logo":{"@type":"ImageObject","inLanguage":"es","@id":"https:\/\/www.italpassion.fr\/es\/#\/schema\/logo\/image\/","url":"https:\/\/www.italpassion.fr\/wp-content\/uploads\/2023\/07\/italpassion-yoast.jpg","contentUrl":"https:\/\/www.italpassion.fr\/wp-content\/uploads\/2023\/07\/italpassion-yoast.jpg","width":696,"height":696,"caption":"Italpassion"},"image":{"@id":"https:\/\/www.italpassion.fr\/es\/#\/schema\/logo\/image\/"},"sameAs":["https:\/\/www.facebook.com\/italpassion","https:\/\/x.com\/italpassion","https:\/\/www.instagram.com\/italpassionfr\/","https:\/\/www.youtube.com\/channel\/UCleq-ByQaA42OjhopwevRjQ","https:\/\/www.facebook.com\/italpassion.en\/","https:\/\/www.facebook.com\/italpassion.it\/","https:\/\/www.facebook.com\/italpassion.de\/","https:\/\/www.facebook.com\/italpassion.ja\/"]},{"@type":"Person","@id":"https:\/\/www.italpassion.fr\/es\/#\/schema\/person\/36f747b2a759ca202d847e85a9434ca0","name":"Alexandre Filluzeau","image":{"@type":"ImageObject","inLanguage":"es","@id":"https:\/\/www.italpassion.fr\/es\/#\/schema\/person\/image\/","url":"https:\/\/www.italpassion.fr\/wp-content\/uploads\/2025\/04\/avatar-alexandre-160x160.jpg","contentUrl":"https:\/\/www.italpassion.fr\/wp-content\/uploads\/2025\/04\/avatar-alexandre-160x160.jpg","caption":"Alexandre Filluzeau"},"description":"Fundador del sitio web ItalPassion, apasionado de los coches italianos y de Italia en general. Aporto una mirada cr\u00edtica y t\u00e9cnica a las noticias de las marcas italianas cuando es posible. Propietario de un Maserati GranTurismo, Alfa Romeo MiTo, Lancia Fulvia y Ducati 695. Ex-propietario de un Alfa Romeo Giulia.","sameAs":["https:\/\/www.italpassion.fr\/"],"url":"https:\/\/www.italpassion.fr\/es\/author\/alexandre\/"}]}},"_links":{"self":[{"href":"https:\/\/www.italpassion.fr\/es\/wp-json\/wp\/v2\/posts\/45748","targetHints":{"allow":["GET"]}}],"collection":[{"href":"https:\/\/www.italpassion.fr\/es\/wp-json\/wp\/v2\/posts"}],"about":[{"href":"https:\/\/www.italpassion.fr\/es\/wp-json\/wp\/v2\/types\/post"}],"author":[{"embeddable":true,"href":"https:\/\/www.italpassion.fr\/es\/wp-json\/wp\/v2\/users\/1"}],"replies":[{"embeddable":true,"href":"https:\/\/www.italpassion.fr\/es\/wp-json\/wp\/v2\/comments?post=45748"}],"version-history":[{"count":2,"href":"https:\/\/www.italpassion.fr\/es\/wp-json\/wp\/v2\/posts\/45748\/revisions"}],"predecessor-version":[{"id":45761,"href":"https:\/\/www.italpassion.fr\/es\/wp-json\/wp\/v2\/posts\/45748\/revisions\/45761"}],"wp:featuredmedia":[{"embeddable":true,"href":"https:\/\/www.italpassion.fr\/es\/wp-json\/wp\/v2\/media\/45749"}],"wp:attachment":[{"href":"https:\/\/www.italpassion.fr\/es\/wp-json\/wp\/v2\/media?parent=45748"}],"wp:term":[{"taxonomy":"category","embeddable":true,"href":"https:\/\/www.italpassion.fr\/es\/wp-json\/wp\/v2\/categories?post=45748"},{"taxonomy":"post_tag","embeddable":true,"href":"https:\/\/www.italpassion.fr\/es\/wp-json\/wp\/v2\/tags?post=45748"}],"curies":[{"name":"wp","href":"https:\/\/api.w.org\/{rel}","templated":true}]}}