{"id":44330,"date":"2025-12-12T11:03:36","date_gmt":"2025-12-12T10:03:36","guid":{"rendered":"https:\/\/www.italpassion.fr\/?p=44330"},"modified":"2025-12-12T11:03:36","modified_gmt":"2025-12-12T10:03:36","slug":"maserati-rebaja-el-precio-de-su-suv-v6-por-el-de-un-cuatro-cilindros-y-aumenta-el-del-modelo-electrico","status":"publish","type":"post","link":"https:\/\/www.italpassion.fr\/es\/maserati\/maserati-baisse-le-prix-de-son-suv-v6-au-prix-dun-quatre-cylindres-et-augmente-le-prix-du-modele-electrique\/","title":{"rendered":"Maserati rebaja el precio de su SUV V6 al de un cuatro cilindros (y sube el del modelo el\u00e9ctrico)"},"content":{"rendered":"<figure class=\"wp-block-image size-full\"><img loading=\"lazy\" decoding=\"async\" width=\"1200\" height=\"800\" src=\"https:\/\/www.italpassion.fr\/wp-content\/uploads\/2025\/12\/maserati-grecale-v6.jpg\" alt=\"\" class=\"wp-image-44332\" srcset=\"https:\/\/www.italpassion.fr\/wp-content\/uploads\/2025\/12\/maserati-grecale-v6.jpg 1200w, https:\/\/www.italpassion.fr\/wp-content\/uploads\/2025\/12\/maserati-grecale-v6-420x280.jpg 420w, https:\/\/www.italpassion.fr\/wp-content\/uploads\/2025\/12\/maserati-grecale-v6-768x512.jpg 768w, https:\/\/www.italpassion.fr\/wp-content\/uploads\/2025\/12\/maserati-grecale-v6-18x12.jpg 18w\" sizes=\"auto, (max-width: 1200px) 100vw, 1200px\" \/><\/figure>\n\n\n\n<p><a href=\"https:\/\/www.italpassion.fr\/es\/maserati\/\">Maserati<\/a> no ha hecho ning\u00fan anuncio sensacional. Sin embargo, una mirada atenta a los configuradores estadounidenses revela una importante novedad en las \u00faltimas semanas: el SUV <a href=\"https:\/\/www.italpassion.fr\/es\/coches\/maserati-grecale\/\">Grecale<\/a> ya est\u00e1 disponible en Estados Unidos en versi\u00f3n Modena V6, exactamente al mismo precio que el Modena de cuatro cilindros. Esta decisi\u00f3n no es nada desde\u00f1able, sobre todo en un momento en que la marca italiana atraviesa uno de los periodos m\u00e1s dif\u00edciles de su historia reciente.<\/p>\n\n\n\n<h3 class=\"wp-block-heading\">Un Maserati V6 por el precio de un cuatro cilindros<\/h3>\n\n\n\n<p>Hasta ahora, para acceder al motor V6 del Maserati Grecale era necesario pasar directamente al Grecale Trofeo, cuyo precio es de 110.200 d\u00f3lares. Un precio muy elevado que reservaba el motor de seis cilindros a los clientes m\u00e1s adinerados en un pa\u00eds donde los motores V6 y V8 son los reyes. La situaci\u00f3n es radicalmente distinta en el mercado americano.<\/p>\n\n\n\n<figure class=\"wp-block-image size-full\"><img loading=\"lazy\" decoding=\"async\" width=\"1200\" height=\"1184\" src=\"https:\/\/www.italpassion.fr\/wp-content\/uploads\/2025\/12\/tarif-maserati-us-2026.jpg\" alt=\"\" class=\"wp-image-44331\" srcset=\"https:\/\/www.italpassion.fr\/wp-content\/uploads\/2025\/12\/tarif-maserati-us-2026.jpg 1200w, https:\/\/www.italpassion.fr\/wp-content\/uploads\/2025\/12\/tarif-maserati-us-2026-420x414.jpg 420w, https:\/\/www.italpassion.fr\/wp-content\/uploads\/2025\/12\/tarif-maserati-us-2026-768x758.jpg 768w, https:\/\/www.italpassion.fr\/wp-content\/uploads\/2025\/12\/tarif-maserati-us-2026-12x12.jpg 12w\" sizes=\"auto, (max-width: 1200px) 100vw, 1200px\" \/><\/figure>\n\n\n\n<p>El Grecale Modena V6 2026 comienza en 84.500 d\u00f3lares, exactamente el mismo precio que el Grecale Modena de cuatro cilindros. Bajo el cap\u00f3 se encuentra el motor V6 de 3,0 litros de la casa, derivado del Nettuno, pero aqu\u00ed reducido a 385 CV, frente a los 523 CV del Trofeo (550 CV en Europa). Las prestaciones siguen siendo s\u00f3lidas, con una velocidad m\u00e1xima aumentada a 260 km\/h, conservando la tracci\u00f3n total y las prestaciones generales de la excelente plataforma Giorgio. Esta reducci\u00f3n de potencia no es casual. Permite a Maserati reposicionar su V6 como una alternativa m\u00e1s accesible, sin canibalizar por completo al Trofeo, que conserva una clara ventaja en prestaciones puras.<\/p>\n\n\n\n<h2 class=\"wp-block-heading\">Una exclusiva americana...<\/h2>\n\n\n\n<p>Cabe se\u00f1alar que esta versi\u00f3n Modena V6 no existe en Europa. Ni los configuradores franc\u00e9s, alem\u00e1n o italiano la ofrecen por el momento. En estos mercados, el Grecale sigue estructurado de la forma tradicional, con un motor de cuatro cilindros en las versiones de acceso y media, y el V6 reservado para el Trofeo. Esta elecci\u00f3n refuerza la idea de una decisi\u00f3n selectiva, dise\u00f1ada espec\u00edficamente para Estados Unidos. Un pa\u00eds que no s\u00f3lo es el mercado n\u00famero uno de Maserati, sino tambi\u00e9n aquel en el que el declive es actualmente m\u00e1s preocupante.<\/p>\n\n\n\n<h2 class=\"wp-block-heading\">Una respuesta directa a la crisis americana de Maserati<\/h2>\n\n\n\n<p>Las cifras hablan por s\u00ed solas. Durante el periodo enero-noviembre de 2025, <a href=\"https:\/\/www.italpassion.fr\/es\/maserati\/maserati-no-sorprende-ninguna-senal-positiva-para-2025-excepto-en-alemania\/\">Maserati registra una ca\u00edda del 39 % en sus ventas en EE.UU.<\/a>su mercado n\u00famero uno. Las existencias residuales del Ghibli, el Quattroporte y el Levante siguen pesando, mientras que el Grecale, a pesar de haberse convertido en el pilar de la gama, tiene dificultades para compensar por s\u00ed solo la progresiva desaparici\u00f3n de los modelos m\u00e1s antiguos. En este contexto, ofrecer un SUV Maserati con motor V6 al precio de un modelo de cuatro cilindros parece claramente un intento dirigido a relanzar la marca. El mensaje es sencillo: reavivar el deseo, recrear el deseo y, sobre todo, ofrecer un argumento diferenciador frente a la competencia.<\/p>\n\n\n\n<p>\u00bfSe limitar\u00e1 esta estrategia a Estados Unidos o presagia una evoluci\u00f3n m\u00e1s global de la gama Grecale? Por el momento, Maserati no ha revelado ning\u00fan plan para Europa. Sin embargo, el ejemplo alem\u00e1n demuestra que el Grecale puede convertirse en un verdadero motor de crecimiento cuando el posicionamiento es el adecuado.<\/p>\n\n\n\n<p>Esta nueva versi\u00f3n del Grecale Modena V6 no es una revoluci\u00f3n industrial, pero podr\u00eda representar un punto de inflexi\u00f3n comercial. Al reintroducir el V6 a un nivel de precios m\u00e1s accesible, Maserati est\u00e1 claramente tanteando el terreno para el mercado americano, donde la urgencia es mayor. Queda por ver si este recorte de precio, acompa\u00f1ado de una reducci\u00f3n medida de las prestaciones, ser\u00e1 suficiente para detener la espiral descendente observada durante m\u00e1s de un a\u00f1o. La respuesta llegar\u00e1 en 2026, con cifras que lo demuestren. Pero una cosa es cierta: por primera vez en mucho tiempo, Maserati parece estar ajustando su gama no por ideolog\u00eda, sino por pragmatismo.<\/p>\n\n\n\n<figure class=\"wp-block-table\"><table class=\"has-fixed-layout\"><thead><tr><th><\/th><th>2025<\/th><th>2026<\/th><\/tr><\/thead><tbody><tr><td>Maserati Grecale<\/td><td>$69,900<\/td><td>$77,900<\/td><\/tr><tr><td>Maserati Grecale Modena<\/td><td>$78,500<\/td><td>$84,500<\/td><\/tr><tr><td>Maserati Grecale Modena V6<\/td><td><\/td><td>$84,500<\/td><\/tr><tr><td>Maserati Grecale Trofeo<\/td><td>$110,200<\/td><td>$117,500<\/td><\/tr><tr><td>Maserati Grecale Folgore<\/td><td>$109,000<\/td><td>$119,900<\/td><\/tr><\/tbody><\/table><\/figure>","protected":false},"excerpt":{"rendered":"","protected":false},"author":1,"featured_media":44332,"comment_status":"open","ping_status":"open","sticky":false,"template":"","format":"standard","meta":{"_acf_changed":false,"_sitemap_exclude":false,"_sitemap_priority":"","_sitemap_frequency":"","footnotes":""},"categories":[27],"tags":[285],"class_list":["post-44330","post","type-post","status-publish","format-standard","has-post-thumbnail","hentry","category-maserati","tag-maserati-grecale","generate-columns","tablet-grid-50","mobile-grid-100","grid-parent","grid-33"],"acf":[],"yoast_head":"<!-- This site is optimized with the Yoast SEO plugin v25.8 - https:\/\/yoast.com\/wordpress\/plugins\/seo\/ -->\n<title>Maserati baisse le prix de son SUV V6 au prix d\u2019un quatre-cylindres (et augmente le prix du mod\u00e8le \u00e9lectrique) - ItalPassion<\/title>\n<meta name=\"description\" content=\"Maserati n\u2019a pas fait de communiqu\u00e9 tonitruant. Pourtant, en scrutant attentivement les configurateurs am\u00e9ricains, une \u00e9volution majeure est apparue ces\" \/>\n<meta name=\"robots\" content=\"index, follow, max-snippet:-1, max-image-preview:large, max-video-preview:-1\" \/>\n<link rel=\"canonical\" href=\"https:\/\/www.italpassion.fr\/es\/maserati\/maserati-rebaja-el-precio-de-su-suv-v6-por-el-de-un-cuatro-cilindros-y-aumenta-el-del-modelo-electrico\/\" \/>\n<meta property=\"og:locale\" content=\"es_ES\" \/>\n<meta property=\"og:type\" content=\"article\" \/>\n<meta property=\"og:title\" content=\"Maserati baisse le prix de son SUV V6 au prix d\u2019un quatre-cylindres (et augmente le prix du mod\u00e8le \u00e9lectrique) - ItalPassion\" \/>\n<meta property=\"og:description\" content=\"Maserati n\u2019a pas fait de communiqu\u00e9 tonitruant. Pourtant, en scrutant attentivement les configurateurs am\u00e9ricains, une \u00e9volution majeure est apparue ces\" \/>\n<meta property=\"og:url\" content=\"https:\/\/www.italpassion.fr\/es\/maserati\/maserati-rebaja-el-precio-de-su-suv-v6-por-el-de-un-cuatro-cilindros-y-aumenta-el-del-modelo-electrico\/\" \/>\n<meta property=\"og:site_name\" content=\"ItalPassion\" \/>\n<meta property=\"article:publisher\" content=\"https:\/\/www.facebook.com\/italpassion\" \/>\n<meta property=\"article:published_time\" content=\"2025-12-12T10:03:36+00:00\" \/>\n<meta property=\"og:image\" content=\"https:\/\/www.italpassion.fr\/wp-content\/uploads\/2025\/12\/maserati-grecale-v6.jpg\" \/>\n\t<meta property=\"og:image:width\" content=\"1200\" \/>\n\t<meta property=\"og:image:height\" content=\"800\" \/>\n\t<meta property=\"og:image:type\" content=\"image\/jpeg\" \/>\n<meta name=\"author\" content=\"Alexandre Filluzeau\" \/>\n<meta name=\"twitter:card\" content=\"summary_large_image\" \/>\n<meta name=\"twitter:creator\" content=\"@italpassion\" \/>\n<meta name=\"twitter:site\" content=\"@italpassion\" \/>\n<script type=\"application\/ld+json\" class=\"yoast-schema-graph\">{\"@context\":\"https:\/\/schema.org\",\"@graph\":[{\"@type\":\"NewsArticle\",\"@id\":\"https:\/\/www.italpassion.fr\/es\/maserati\/maserati-baisse-le-prix-de-son-suv-v6-au-prix-dun-quatre-cylindres-et-augmente-le-prix-du-modele-electrique\/#article\",\"isPartOf\":{\"@id\":\"https:\/\/www.italpassion.fr\/es\/maserati\/maserati-baisse-le-prix-de-son-suv-v6-au-prix-dun-quatre-cylindres-et-augmente-le-prix-du-modele-electrique\/\"},\"author\":{\"name\":\"Alexandre Filluzeau\",\"@id\":\"https:\/\/www.italpassion.fr\/es\/#\/schema\/person\/36f747b2a759ca202d847e85a9434ca0\"},\"headline\":\"Maserati baisse le prix de son SUV V6 au prix d\u2019un quatre-cylindres (et augmente le prix du mod\u00e8le \u00e9lectrique)\",\"datePublished\":\"2025-12-12T10:03:36+00:00\",\"mainEntityOfPage\":{\"@id\":\"https:\/\/www.italpassion.fr\/es\/maserati\/maserati-baisse-le-prix-de-son-suv-v6-au-prix-dun-quatre-cylindres-et-augmente-le-prix-du-modele-electrique\/\"},\"wordCount\":675,\"commentCount\":2,\"publisher\":{\"@id\":\"https:\/\/www.italpassion.fr\/es\/#organization\"},\"image\":{\"@id\":\"https:\/\/www.italpassion.fr\/es\/maserati\/maserati-baisse-le-prix-de-son-suv-v6-au-prix-dun-quatre-cylindres-et-augmente-le-prix-du-modele-electrique\/#primaryimage\"},\"thumbnailUrl\":\"https:\/\/www.italpassion.fr\/wp-content\/uploads\/2025\/12\/maserati-grecale-v6.jpg\",\"keywords\":[\"Maserati Grecale\"],\"articleSection\":[\"Maserati\"],\"inLanguage\":\"es\",\"potentialAction\":[{\"@type\":\"CommentAction\",\"name\":\"Comment\",\"target\":[\"https:\/\/www.italpassion.fr\/es\/maserati\/maserati-baisse-le-prix-de-son-suv-v6-au-prix-dun-quatre-cylindres-et-augmente-le-prix-du-modele-electrique\/#respond\"]}]},{\"@type\":\"WebPage\",\"@id\":\"https:\/\/www.italpassion.fr\/es\/maserati\/maserati-baisse-le-prix-de-son-suv-v6-au-prix-dun-quatre-cylindres-et-augmente-le-prix-du-modele-electrique\/\",\"url\":\"https:\/\/www.italpassion.fr\/es\/maserati\/maserati-baisse-le-prix-de-son-suv-v6-au-prix-dun-quatre-cylindres-et-augmente-le-prix-du-modele-electrique\/\",\"name\":\"Maserati baisse le prix de son SUV V6 au prix d\u2019un quatre-cylindres (et augmente le prix du mod\u00e8le \u00e9lectrique) - ItalPassion\",\"isPartOf\":{\"@id\":\"https:\/\/www.italpassion.fr\/es\/#website\"},\"primaryImageOfPage\":{\"@id\":\"https:\/\/www.italpassion.fr\/es\/maserati\/maserati-baisse-le-prix-de-son-suv-v6-au-prix-dun-quatre-cylindres-et-augmente-le-prix-du-modele-electrique\/#primaryimage\"},\"image\":{\"@id\":\"https:\/\/www.italpassion.fr\/es\/maserati\/maserati-baisse-le-prix-de-son-suv-v6-au-prix-dun-quatre-cylindres-et-augmente-le-prix-du-modele-electrique\/#primaryimage\"},\"thumbnailUrl\":\"https:\/\/www.italpassion.fr\/wp-content\/uploads\/2025\/12\/maserati-grecale-v6.jpg\",\"datePublished\":\"2025-12-12T10:03:36+00:00\",\"description\":\"Maserati n\u2019a pas fait de communiqu\u00e9 tonitruant. Pourtant, en scrutant attentivement les configurateurs am\u00e9ricains, une \u00e9volution majeure est apparue ces\",\"breadcrumb\":{\"@id\":\"https:\/\/www.italpassion.fr\/es\/maserati\/maserati-baisse-le-prix-de-son-suv-v6-au-prix-dun-quatre-cylindres-et-augmente-le-prix-du-modele-electrique\/#breadcrumb\"},\"inLanguage\":\"es\",\"potentialAction\":[{\"@type\":\"ReadAction\",\"target\":[\"https:\/\/www.italpassion.fr\/es\/maserati\/maserati-baisse-le-prix-de-son-suv-v6-au-prix-dun-quatre-cylindres-et-augmente-le-prix-du-modele-electrique\/\"]}]},{\"@type\":\"ImageObject\",\"inLanguage\":\"es\",\"@id\":\"https:\/\/www.italpassion.fr\/es\/maserati\/maserati-baisse-le-prix-de-son-suv-v6-au-prix-dun-quatre-cylindres-et-augmente-le-prix-du-modele-electrique\/#primaryimage\",\"url\":\"https:\/\/www.italpassion.fr\/wp-content\/uploads\/2025\/12\/maserati-grecale-v6.jpg\",\"contentUrl\":\"https:\/\/www.italpassion.fr\/wp-content\/uploads\/2025\/12\/maserati-grecale-v6.jpg\",\"width\":1200,\"height\":800},{\"@type\":\"BreadcrumbList\",\"@id\":\"https:\/\/www.italpassion.fr\/es\/maserati\/maserati-baisse-le-prix-de-son-suv-v6-au-prix-dun-quatre-cylindres-et-augmente-le-prix-du-modele-electrique\/#breadcrumb\",\"itemListElement\":[{\"@type\":\"ListItem\",\"position\":1,\"name\":\"Accueil\",\"item\":\"https:\/\/www.italpassion.fr\/es\/\"},{\"@type\":\"ListItem\",\"position\":2,\"name\":\"Maserati baisse le prix de son SUV V6 au prix d\u2019un quatre-cylindres (et augmente le prix du mod\u00e8le \u00e9lectrique)\"}]},{\"@type\":\"WebSite\",\"@id\":\"https:\/\/www.italpassion.fr\/es\/#website\",\"url\":\"https:\/\/www.italpassion.fr\/es\/\",\"name\":\"ItalPassion\",\"description\":\"Les Passionn\u00e9s d&#039;Automobiles Italiennes\",\"publisher\":{\"@id\":\"https:\/\/www.italpassion.fr\/es\/#organization\"},\"potentialAction\":[{\"@type\":\"SearchAction\",\"target\":{\"@type\":\"EntryPoint\",\"urlTemplate\":\"https:\/\/www.italpassion.fr\/es\/?s={search_term_string}\"},\"query-input\":{\"@type\":\"PropertyValueSpecification\",\"valueRequired\":true,\"valueName\":\"search_term_string\"}}],\"inLanguage\":\"es\"},{\"@type\":\"Organization\",\"@id\":\"https:\/\/www.italpassion.fr\/es\/#organization\",\"name\":\"Italpassion\",\"url\":\"https:\/\/www.italpassion.fr\/es\/\",\"logo\":{\"@type\":\"ImageObject\",\"inLanguage\":\"es\",\"@id\":\"https:\/\/www.italpassion.fr\/es\/#\/schema\/logo\/image\/\",\"url\":\"https:\/\/www.italpassion.fr\/wp-content\/uploads\/2023\/07\/italpassion-yoast.jpg\",\"contentUrl\":\"https:\/\/www.italpassion.fr\/wp-content\/uploads\/2023\/07\/italpassion-yoast.jpg\",\"width\":696,\"height\":696,\"caption\":\"Italpassion\"},\"image\":{\"@id\":\"https:\/\/www.italpassion.fr\/es\/#\/schema\/logo\/image\/\"},\"sameAs\":[\"https:\/\/www.facebook.com\/italpassion\",\"https:\/\/x.com\/italpassion\",\"https:\/\/www.instagram.com\/italpassionfr\/\",\"https:\/\/www.youtube.com\/channel\/UCleq-ByQaA42OjhopwevRjQ\",\"https:\/\/www.facebook.com\/italpassion.en\/\",\"https:\/\/www.facebook.com\/italpassion.it\/\",\"https:\/\/www.facebook.com\/italpassion.de\/\",\"https:\/\/www.facebook.com\/italpassion.ja\/\"]},{\"@type\":\"Person\",\"@id\":\"https:\/\/www.italpassion.fr\/es\/#\/schema\/person\/36f747b2a759ca202d847e85a9434ca0\",\"name\":\"Alexandre Filluzeau\",\"image\":{\"@type\":\"ImageObject\",\"inLanguage\":\"es\",\"@id\":\"https:\/\/www.italpassion.fr\/es\/#\/schema\/person\/image\/\",\"url\":\"https:\/\/www.italpassion.fr\/wp-content\/uploads\/2025\/04\/avatar-alexandre-160x160.jpg\",\"contentUrl\":\"https:\/\/www.italpassion.fr\/wp-content\/uploads\/2025\/04\/avatar-alexandre-160x160.jpg\",\"caption\":\"Alexandre Filluzeau\"},\"description\":\"Fondateur du site ItalPassion, passionn\u00e9 de voitures italiennes et de l'Italie en g\u00e9n\u00e9ral. J'apporte un regard critique et technique aux actualit\u00e9s des marques italiennes quand cela est possible. Propri\u00e9taire d'une Maserati GranTurismo, Alfa Romeo MiTo, Lancia Fulvia et Ducati 695. Ex-propri\u00e9taire d'une Alfa Romeo Giulia.\",\"sameAs\":[\"https:\/\/www.italpassion.fr\/\"],\"url\":\"https:\/\/www.italpassion.fr\/es\/author\/alexandre\/\"}]}<\/script>\n<!-- \/ Yoast SEO plugin. -->","yoast_head_json":{"title":"Maserati rebaja el precio de su SUV V6 a cuatro cilindros (y sube el del modelo el\u00e9ctrico) - ItalPassion","description":"Maserati no ha emitido ning\u00fan comunicado de prensa estruendoso. Sin embargo, una mirada atenta a los configuradores americanos revela una importante evoluci\u00f3n en los \u00faltimos meses.","robots":{"index":"index","follow":"follow","max-snippet":"max-snippet:-1","max-image-preview":"max-image-preview:large","max-video-preview":"max-video-preview:-1"},"canonical":"https:\/\/www.italpassion.fr\/es\/maserati\/maserati-rebaja-el-precio-de-su-suv-v6-por-el-de-un-cuatro-cilindros-y-aumenta-el-del-modelo-electrico\/","og_locale":"es_ES","og_type":"article","og_title":"Maserati baisse le prix de son SUV V6 au prix d\u2019un quatre-cylindres (et augmente le prix du mod\u00e8le \u00e9lectrique) - ItalPassion","og_description":"Maserati n\u2019a pas fait de communiqu\u00e9 tonitruant. Pourtant, en scrutant attentivement les configurateurs am\u00e9ricains, une \u00e9volution majeure est apparue ces","og_url":"https:\/\/www.italpassion.fr\/es\/maserati\/maserati-rebaja-el-precio-de-su-suv-v6-por-el-de-un-cuatro-cilindros-y-aumenta-el-del-modelo-electrico\/","og_site_name":"ItalPassion","article_publisher":"https:\/\/www.facebook.com\/italpassion","article_published_time":"2025-12-12T10:03:36+00:00","og_image":[{"width":1200,"height":800,"url":"https:\/\/www.italpassion.fr\/wp-content\/uploads\/2025\/12\/maserati-grecale-v6.jpg","type":"image\/jpeg"}],"author":"Alexandre Filluzeau","twitter_card":"summary_large_image","twitter_creator":"@italpassion","twitter_site":"@italpassion","schema":{"@context":"https:\/\/schema.org","@graph":[{"@type":"NewsArticle","@id":"https:\/\/www.italpassion.fr\/es\/maserati\/maserati-baisse-le-prix-de-son-suv-v6-au-prix-dun-quatre-cylindres-et-augmente-le-prix-du-modele-electrique\/#article","isPartOf":{"@id":"https:\/\/www.italpassion.fr\/es\/maserati\/maserati-baisse-le-prix-de-son-suv-v6-au-prix-dun-quatre-cylindres-et-augmente-le-prix-du-modele-electrique\/"},"author":{"name":"Alexandre Filluzeau","@id":"https:\/\/www.italpassion.fr\/es\/#\/schema\/person\/36f747b2a759ca202d847e85a9434ca0"},"headline":"Maserati baisse le prix de son SUV V6 au prix d\u2019un quatre-cylindres (et augmente le prix du mod\u00e8le \u00e9lectrique)","datePublished":"2025-12-12T10:03:36+00:00","mainEntityOfPage":{"@id":"https:\/\/www.italpassion.fr\/es\/maserati\/maserati-baisse-le-prix-de-son-suv-v6-au-prix-dun-quatre-cylindres-et-augmente-le-prix-du-modele-electrique\/"},"wordCount":675,"commentCount":2,"publisher":{"@id":"https:\/\/www.italpassion.fr\/es\/#organization"},"image":{"@id":"https:\/\/www.italpassion.fr\/es\/maserati\/maserati-baisse-le-prix-de-son-suv-v6-au-prix-dun-quatre-cylindres-et-augmente-le-prix-du-modele-electrique\/#primaryimage"},"thumbnailUrl":"https:\/\/www.italpassion.fr\/wp-content\/uploads\/2025\/12\/maserati-grecale-v6.jpg","keywords":["Maserati Grecale"],"articleSection":["Maserati"],"inLanguage":"es","potentialAction":[{"@type":"CommentAction","name":"Comment","target":["https:\/\/www.italpassion.fr\/es\/maserati\/maserati-baisse-le-prix-de-son-suv-v6-au-prix-dun-quatre-cylindres-et-augmente-le-prix-du-modele-electrique\/#respond"]}]},{"@type":"WebPage","@id":"https:\/\/www.italpassion.fr\/es\/maserati\/maserati-baisse-le-prix-de-son-suv-v6-au-prix-dun-quatre-cylindres-et-augmente-le-prix-du-modele-electrique\/","url":"https:\/\/www.italpassion.fr\/es\/maserati\/maserati-baisse-le-prix-de-son-suv-v6-au-prix-dun-quatre-cylindres-et-augmente-le-prix-du-modele-electrique\/","name":"Maserati rebaja el precio de su SUV V6 a cuatro cilindros (y sube el del modelo el\u00e9ctrico) - ItalPassion","isPartOf":{"@id":"https:\/\/www.italpassion.fr\/es\/#website"},"primaryImageOfPage":{"@id":"https:\/\/www.italpassion.fr\/es\/maserati\/maserati-baisse-le-prix-de-son-suv-v6-au-prix-dun-quatre-cylindres-et-augmente-le-prix-du-modele-electrique\/#primaryimage"},"image":{"@id":"https:\/\/www.italpassion.fr\/es\/maserati\/maserati-baisse-le-prix-de-son-suv-v6-au-prix-dun-quatre-cylindres-et-augmente-le-prix-du-modele-electrique\/#primaryimage"},"thumbnailUrl":"https:\/\/www.italpassion.fr\/wp-content\/uploads\/2025\/12\/maserati-grecale-v6.jpg","datePublished":"2025-12-12T10:03:36+00:00","description":"Maserati no ha emitido ning\u00fan comunicado de prensa estruendoso. Sin embargo, una mirada atenta a los configuradores americanos revela una importante evoluci\u00f3n en los \u00faltimos meses.","breadcrumb":{"@id":"https:\/\/www.italpassion.fr\/es\/maserati\/maserati-baisse-le-prix-de-son-suv-v6-au-prix-dun-quatre-cylindres-et-augmente-le-prix-du-modele-electrique\/#breadcrumb"},"inLanguage":"es","potentialAction":[{"@type":"ReadAction","target":["https:\/\/www.italpassion.fr\/es\/maserati\/maserati-baisse-le-prix-de-son-suv-v6-au-prix-dun-quatre-cylindres-et-augmente-le-prix-du-modele-electrique\/"]}]},{"@type":"ImageObject","inLanguage":"es","@id":"https:\/\/www.italpassion.fr\/es\/maserati\/maserati-baisse-le-prix-de-son-suv-v6-au-prix-dun-quatre-cylindres-et-augmente-le-prix-du-modele-electrique\/#primaryimage","url":"https:\/\/www.italpassion.fr\/wp-content\/uploads\/2025\/12\/maserati-grecale-v6.jpg","contentUrl":"https:\/\/www.italpassion.fr\/wp-content\/uploads\/2025\/12\/maserati-grecale-v6.jpg","width":1200,"height":800},{"@type":"BreadcrumbList","@id":"https:\/\/www.italpassion.fr\/es\/maserati\/maserati-baisse-le-prix-de-son-suv-v6-au-prix-dun-quatre-cylindres-et-augmente-le-prix-du-modele-electrique\/#breadcrumb","itemListElement":[{"@type":"ListItem","position":1,"name":"Accueil","item":"https:\/\/www.italpassion.fr\/es\/"},{"@type":"ListItem","position":2,"name":"Maserati baisse le prix de son SUV V6 au prix d\u2019un quatre-cylindres (et augmente le prix du mod\u00e8le \u00e9lectrique)"}]},{"@type":"WebSite","@id":"https:\/\/www.italpassion.fr\/es\/#website","url":"https:\/\/www.italpassion.fr\/es\/","name":"ItalPassion","description":"Entusiastas de los coches italianos","publisher":{"@id":"https:\/\/www.italpassion.fr\/es\/#organization"},"potentialAction":[{"@type":"SearchAction","target":{"@type":"EntryPoint","urlTemplate":"https:\/\/www.italpassion.fr\/es\/?s={search_term_string}"},"query-input":{"@type":"PropertyValueSpecification","valueRequired":true,"valueName":"search_term_string"}}],"inLanguage":"es"},{"@type":"Organization","@id":"https:\/\/www.italpassion.fr\/es\/#organization","name":"Italpassion","url":"https:\/\/www.italpassion.fr\/es\/","logo":{"@type":"ImageObject","inLanguage":"es","@id":"https:\/\/www.italpassion.fr\/es\/#\/schema\/logo\/image\/","url":"https:\/\/www.italpassion.fr\/wp-content\/uploads\/2023\/07\/italpassion-yoast.jpg","contentUrl":"https:\/\/www.italpassion.fr\/wp-content\/uploads\/2023\/07\/italpassion-yoast.jpg","width":696,"height":696,"caption":"Italpassion"},"image":{"@id":"https:\/\/www.italpassion.fr\/es\/#\/schema\/logo\/image\/"},"sameAs":["https:\/\/www.facebook.com\/italpassion","https:\/\/x.com\/italpassion","https:\/\/www.instagram.com\/italpassionfr\/","https:\/\/www.youtube.com\/channel\/UCleq-ByQaA42OjhopwevRjQ","https:\/\/www.facebook.com\/italpassion.en\/","https:\/\/www.facebook.com\/italpassion.it\/","https:\/\/www.facebook.com\/italpassion.de\/","https:\/\/www.facebook.com\/italpassion.ja\/"]},{"@type":"Person","@id":"https:\/\/www.italpassion.fr\/es\/#\/schema\/person\/36f747b2a759ca202d847e85a9434ca0","name":"Alexandre Filluzeau","image":{"@type":"ImageObject","inLanguage":"es","@id":"https:\/\/www.italpassion.fr\/es\/#\/schema\/person\/image\/","url":"https:\/\/www.italpassion.fr\/wp-content\/uploads\/2025\/04\/avatar-alexandre-160x160.jpg","contentUrl":"https:\/\/www.italpassion.fr\/wp-content\/uploads\/2025\/04\/avatar-alexandre-160x160.jpg","caption":"Alexandre Filluzeau"},"description":"Fundador del sitio web ItalPassion, apasionado de los coches italianos y de Italia en general. Aporto una mirada cr\u00edtica y t\u00e9cnica a las noticias de las marcas italianas cuando es posible. Propietario de un Maserati GranTurismo, Alfa Romeo MiTo, Lancia Fulvia y Ducati 695. Ex-propietario de un Alfa Romeo Giulia.","sameAs":["https:\/\/www.italpassion.fr\/"],"url":"https:\/\/www.italpassion.fr\/es\/author\/alexandre\/"}]}},"_links":{"self":[{"href":"https:\/\/www.italpassion.fr\/es\/wp-json\/wp\/v2\/posts\/44330","targetHints":{"allow":["GET"]}}],"collection":[{"href":"https:\/\/www.italpassion.fr\/es\/wp-json\/wp\/v2\/posts"}],"about":[{"href":"https:\/\/www.italpassion.fr\/es\/wp-json\/wp\/v2\/types\/post"}],"author":[{"embeddable":true,"href":"https:\/\/www.italpassion.fr\/es\/wp-json\/wp\/v2\/users\/1"}],"replies":[{"embeddable":true,"href":"https:\/\/www.italpassion.fr\/es\/wp-json\/wp\/v2\/comments?post=44330"}],"version-history":[{"count":1,"href":"https:\/\/www.italpassion.fr\/es\/wp-json\/wp\/v2\/posts\/44330\/revisions"}],"predecessor-version":[{"id":44333,"href":"https:\/\/www.italpassion.fr\/es\/wp-json\/wp\/v2\/posts\/44330\/revisions\/44333"}],"wp:featuredmedia":[{"embeddable":true,"href":"https:\/\/www.italpassion.fr\/es\/wp-json\/wp\/v2\/media\/44332"}],"wp:attachment":[{"href":"https:\/\/www.italpassion.fr\/es\/wp-json\/wp\/v2\/media?parent=44330"}],"wp:term":[{"taxonomy":"category","embeddable":true,"href":"https:\/\/www.italpassion.fr\/es\/wp-json\/wp\/v2\/categories?post=44330"},{"taxonomy":"post_tag","embeddable":true,"href":"https:\/\/www.italpassion.fr\/es\/wp-json\/wp\/v2\/tags?post=44330"}],"curies":[{"name":"wp","href":"https:\/\/api.w.org\/{rel}","templated":true}]}}