{"id":44247,"date":"2025-12-11T10:54:37","date_gmt":"2025-12-11T09:54:37","guid":{"rendered":"https:\/\/www.italpassion.fr\/?p=44247"},"modified":"2025-12-11T10:54:37","modified_gmt":"2025-12-11T09:54:37","slug":"el-alfa-romeo-75-celebra-su-40-aniversario-durante-mucho-tiempo-infravalorado-es-cada-vez-mas-buscado-como-coche-de-coleccion","status":"publish","type":"post","link":"https:\/\/www.italpassion.fr\/es\/alfa-romeo\/alfa-romeo-75-fete-ses-40-ans-longtemps-sous-estimee-elle-est-de-plus-en-plus-recherchee-comme-voiture-de-collection\/","title":{"rendered":"El Alfa Romeo 75 cumple 40 a\u00f1os: infravalorado durante mucho tiempo, cada vez es m\u00e1s codiciado como coche de colecci\u00f3n"},"content":{"rendered":"<figure class=\"wp-block-image size-full\"><img loading=\"lazy\" decoding=\"async\" width=\"1200\" height=\"800\" src=\"https:\/\/www.italpassion.fr\/wp-content\/uploads\/2025\/12\/alfa-romeo-75-000.jpg\" alt=\"\" class=\"wp-image-44273\" srcset=\"https:\/\/www.italpassion.fr\/wp-content\/uploads\/2025\/12\/alfa-romeo-75-000.jpg 1200w, https:\/\/www.italpassion.fr\/wp-content\/uploads\/2025\/12\/alfa-romeo-75-000-420x280.jpg 420w, https:\/\/www.italpassion.fr\/wp-content\/uploads\/2025\/12\/alfa-romeo-75-000-768x512.jpg 768w, https:\/\/www.italpassion.fr\/wp-content\/uploads\/2025\/12\/alfa-romeo-75-000-18x12.jpg 18w\" sizes=\"auto, (max-width: 1200px) 100vw, 1200px\" \/><\/figure>\n\n\n\n<p>En 2025, el Alfa Romeo 75 cumple cuarenta a\u00f1os. Un aniversario simb\u00f3lico para una berlina que durante mucho tiempo ha sido rechazada, a menudo incomprendida, a veces ridiculizada por sus atrevidas elecciones t\u00e9cnicas... pero que ahora est\u00e1 totalmente restaurada. El tiempo ha pasado factura: la \u00faltima <a href=\"https:\/\/www.italpassion.fr\/es\/alfa-romeo\/\">Alfa Romeo<\/a> dise\u00f1ado antes de la absorci\u00f3n por Fiat, y el \u00faltimo coche con arquitectura Transaxle, se ha convertido en uno de los youngtimer italianos m\u00e1s codiciados del momento. La ocasi\u00f3n perfecta para rendirle homenaje.<\/p>\n\n\n\n<h2 class=\"wp-block-heading\">1985: un sal\u00f3n nacido para celebrar un aniversario... y pasar p\u00e1gina<\/h2>\n\n\n\n<p>El 17 de mayo de 1985, Alfa Romeo celebr\u00f3 su 75\u00ba aniversario. En lugar de soplar las velas con un modelo simb\u00f3lico, la marca decidi\u00f3 desvelar una nueva berlina. El nombre era obvio: el 75.<br>Sustituy\u00f3 al Giulietta y ten\u00eda mucho en com\u00fan con el Alfa 90, pero se posicion\u00f3 de forma radicalmente distinta. El 90 asum\u00eda el papel de gran turismo confortable. El 75 era el deportivo familiar.<\/p>\n\n\n\n<figure class=\"wp-block-image size-full\"><img loading=\"lazy\" decoding=\"async\" width=\"1200\" height=\"800\" src=\"https:\/\/www.italpassion.fr\/wp-content\/uploads\/2025\/12\/alfa-romeo-75-00.jpg\" alt=\"\" class=\"wp-image-44270\" srcset=\"https:\/\/www.italpassion.fr\/wp-content\/uploads\/2025\/12\/alfa-romeo-75-00.jpg 1200w, https:\/\/www.italpassion.fr\/wp-content\/uploads\/2025\/12\/alfa-romeo-75-00-420x280.jpg 420w, https:\/\/www.italpassion.fr\/wp-content\/uploads\/2025\/12\/alfa-romeo-75-00-768x512.jpg 768w, https:\/\/www.italpassion.fr\/wp-content\/uploads\/2025\/12\/alfa-romeo-75-00-18x12.jpg 18w\" sizes=\"auto, (max-width: 1200px) 100vw, 1200px\" \/><\/figure>\n\n\n\n<figure class=\"wp-block-image size-full\"><img loading=\"lazy\" decoding=\"async\" width=\"1200\" height=\"800\" src=\"https:\/\/www.italpassion.fr\/wp-content\/uploads\/2025\/12\/alfa-romeo-75-03.jpg\" alt=\"\" class=\"wp-image-44271\" srcset=\"https:\/\/www.italpassion.fr\/wp-content\/uploads\/2025\/12\/alfa-romeo-75-03.jpg 1200w, https:\/\/www.italpassion.fr\/wp-content\/uploads\/2025\/12\/alfa-romeo-75-03-420x280.jpg 420w, https:\/\/www.italpassion.fr\/wp-content\/uploads\/2025\/12\/alfa-romeo-75-03-768x512.jpg 768w, https:\/\/www.italpassion.fr\/wp-content\/uploads\/2025\/12\/alfa-romeo-75-03-18x12.jpg 18w\" sizes=\"auto, (max-width: 1200px) 100vw, 1200px\" \/><\/figure>\n\n\n\n<figure class=\"wp-block-image size-full\"><img loading=\"lazy\" decoding=\"async\" width=\"1200\" height=\"800\" src=\"https:\/\/www.italpassion.fr\/wp-content\/uploads\/2025\/12\/alfa-romeo-75-04.jpg\" alt=\"\" class=\"wp-image-44272\" srcset=\"https:\/\/www.italpassion.fr\/wp-content\/uploads\/2025\/12\/alfa-romeo-75-04.jpg 1200w, https:\/\/www.italpassion.fr\/wp-content\/uploads\/2025\/12\/alfa-romeo-75-04-420x280.jpg 420w, https:\/\/www.italpassion.fr\/wp-content\/uploads\/2025\/12\/alfa-romeo-75-04-768x512.jpg 768w, https:\/\/www.italpassion.fr\/wp-content\/uploads\/2025\/12\/alfa-romeo-75-04-18x12.jpg 18w\" sizes=\"auto, (max-width: 1200px) 100vw, 1200px\" \/><\/figure>\n\n\n\n<p>Domenico Chirico dirigi\u00f3 el proyecto y Ermanno Cressoni, jefe del Centro Stile, se atrevi\u00f3 a crear un dise\u00f1o profundamente anguloso, casi brutalista, totalmente ochentero. La aerodin\u00e1mica era menos importante que la personalidad, y esta silueta en forma de cu\u00f1a se convirti\u00f3 en una de las firmas m\u00e1s reconocibles de la historia de Alfa. Con una longitud que oscila entre los 4,33 y los 4,42 metros seg\u00fan la versi\u00f3n, dispone de un inmenso maletero de 500 litros, sorprendente para un veh\u00edculo tan compacto de tracci\u00f3n trasera. Pero son el reparto de pesos 50\/50 y la configuraci\u00f3n Transaxle (caja de cambios y embrague en la parte trasera) los que dan car\u00e1cter al coche. Un car\u00e1cter que seducir\u00e1 tanto a los clientes privados como a los servicios p\u00fablicos italianos: carabinieri, bomberos, conductores de ambulancias y unidades especiales har\u00e1n de \u00e9l su montura oficial.<\/p>\n\n\n\n<figure class=\"wp-block-image size-full\"><img loading=\"lazy\" decoding=\"async\" width=\"1200\" height=\"800\" src=\"https:\/\/www.italpassion.fr\/wp-content\/uploads\/2025\/12\/alfa-romeo-75-carabineri.jpg\" alt=\"\" class=\"wp-image-44274\" srcset=\"https:\/\/www.italpassion.fr\/wp-content\/uploads\/2025\/12\/alfa-romeo-75-carabineri.jpg 1200w, https:\/\/www.italpassion.fr\/wp-content\/uploads\/2025\/12\/alfa-romeo-75-carabineri-420x280.jpg 420w, https:\/\/www.italpassion.fr\/wp-content\/uploads\/2025\/12\/alfa-romeo-75-carabineri-768x512.jpg 768w, https:\/\/www.italpassion.fr\/wp-content\/uploads\/2025\/12\/alfa-romeo-75-carabineri-18x12.jpg 18w\" sizes=\"auto, (max-width: 1200px) 100vw, 1200px\" \/><\/figure>\n\n\n\n<h2 class=\"wp-block-heading\">Motores, innovaciones y car\u00e1cter<\/h2>\n\n\n\n<p>Desde su lanzamiento, la berlina ofreci\u00f3 una amplia gama de motores: desde el 1.6L de 110 CV del que se produjeron casi 100.000 unidades, a los varios 2.0 Twin Spark que introdujeron el doble encendido en Alfa Romeo, pasando por el 2.5 y luego el 3.0 Busso V6, sin olvidar un turbodi\u00e9sel sorprendentemente potente para su \u00e9poca.<\/p>\n\n\n\n<figure class=\"wp-block-image size-full\"><img loading=\"lazy\" decoding=\"async\" width=\"1200\" height=\"800\" src=\"https:\/\/www.italpassion.fr\/wp-content\/uploads\/2025\/12\/alfa-romeo-75-moteur-16.jpg\" alt=\"\" class=\"wp-image-44276\" srcset=\"https:\/\/www.italpassion.fr\/wp-content\/uploads\/2025\/12\/alfa-romeo-75-moteur-16.jpg 1200w, https:\/\/www.italpassion.fr\/wp-content\/uploads\/2025\/12\/alfa-romeo-75-moteur-16-420x280.jpg 420w, https:\/\/www.italpassion.fr\/wp-content\/uploads\/2025\/12\/alfa-romeo-75-moteur-16-768x512.jpg 768w, https:\/\/www.italpassion.fr\/wp-content\/uploads\/2025\/12\/alfa-romeo-75-moteur-16-18x12.jpg 18w\" sizes=\"auto, (max-width: 1200px) 100vw, 1200px\" \/><figcaption class=\"wp-element-caption\">Motor 1.6L<\/figcaption><\/figure>\n\n\n\n<figure class=\"wp-block-image size-full\"><img loading=\"lazy\" decoding=\"async\" width=\"1200\" height=\"800\" src=\"https:\/\/www.italpassion.fr\/wp-content\/uploads\/2025\/12\/alfa-romeo-75-moteur-20.jpg\" alt=\"\" class=\"wp-image-44277\" srcset=\"https:\/\/www.italpassion.fr\/wp-content\/uploads\/2025\/12\/alfa-romeo-75-moteur-20.jpg 1200w, https:\/\/www.italpassion.fr\/wp-content\/uploads\/2025\/12\/alfa-romeo-75-moteur-20-420x280.jpg 420w, https:\/\/www.italpassion.fr\/wp-content\/uploads\/2025\/12\/alfa-romeo-75-moteur-20-768x512.jpg 768w, https:\/\/www.italpassion.fr\/wp-content\/uploads\/2025\/12\/alfa-romeo-75-moteur-20-18x12.jpg 18w\" sizes=\"auto, (max-width: 1200px) 100vw, 1200px\" \/><figcaption class=\"wp-element-caption\">Motor 2.0L<\/figcaption><\/figure>\n\n\n\n<figure class=\"wp-block-image size-full\"><img loading=\"lazy\" decoding=\"async\" width=\"1200\" height=\"800\" src=\"https:\/\/www.italpassion.fr\/wp-content\/uploads\/2025\/12\/alfa-romeo-75-v6.jpg\" alt=\"\" class=\"wp-image-44278\" srcset=\"https:\/\/www.italpassion.fr\/wp-content\/uploads\/2025\/12\/alfa-romeo-75-v6.jpg 1200w, https:\/\/www.italpassion.fr\/wp-content\/uploads\/2025\/12\/alfa-romeo-75-v6-420x280.jpg 420w, https:\/\/www.italpassion.fr\/wp-content\/uploads\/2025\/12\/alfa-romeo-75-v6-768x512.jpg 768w, https:\/\/www.italpassion.fr\/wp-content\/uploads\/2025\/12\/alfa-romeo-75-v6-18x12.jpg 18w\" sizes=\"auto, (max-width: 1200px) 100vw, 1200px\" \/><figcaption class=\"wp-element-caption\">Motor V6<\/figcaption><\/figure>\n\n\n\n<p>La llegada del 1.8 Turbo en 1986 marc\u00f3 un punto de inflexi\u00f3n. Con su gran turbo Garrett, su cuidada refrigeraci\u00f3n y la brutalidad t\u00edpica de los motores sobrealimentados de los 80, sent\u00f3 las bases de una verdadera carrera deportiva. El 75 Turbo Evoluzione, homologado en 1987, llev\u00f3 esta ambici\u00f3n a\u00fan m\u00e1s lejos.<\/p>\n\n\n\n<figure class=\"wp-block-image size-full\"><img loading=\"lazy\" decoding=\"async\" width=\"1200\" height=\"800\" src=\"https:\/\/www.italpassion.fr\/wp-content\/uploads\/2025\/12\/alfa-romeo-75-moteur-18l.jpg\" alt=\"\" class=\"wp-image-44275\" srcset=\"https:\/\/www.italpassion.fr\/wp-content\/uploads\/2025\/12\/alfa-romeo-75-moteur-18l.jpg 1200w, https:\/\/www.italpassion.fr\/wp-content\/uploads\/2025\/12\/alfa-romeo-75-moteur-18l-420x280.jpg 420w, https:\/\/www.italpassion.fr\/wp-content\/uploads\/2025\/12\/alfa-romeo-75-moteur-18l-768x512.jpg 768w, https:\/\/www.italpassion.fr\/wp-content\/uploads\/2025\/12\/alfa-romeo-75-moteur-18l-18x12.jpg 18w\" sizes=\"auto, (max-width: 1200px) 100vw, 1200px\" \/><figcaption class=\"wp-element-caption\">Motor 1.8L<\/figcaption><\/figure>\n\n\n\n<p>El tope de gama tom\u00f3 forma con el 3.0 Am\u00e9rica V6, aumentado a 185 CV, capaz de alcanzar los 220 km\/h en un ambiente repentinamente lujoso gracias a la introducci\u00f3n del ABS, el aire acondicionado, el control de crucero y un equipamiento notable para la \u00e9poca. En 1992, la carrera comercial del coche lleg\u00f3 a su fin, en favor del 155. En total se fabricaron 387.000 Alfa 75, de los cuales algo m\u00e1s de 21.000 eran V6. Para muchos, el \u00faltimo Transaxle de tracci\u00f3n trasera fue el \"verdadero\" \u00faltimo Alfa Romeo.<\/p>\n\n\n\n<h2 class=\"wp-block-heading\">Una deportista infravalorada... pero nunca olvidada por los aficionados<\/h2>\n\n\n\n<p>El 75 nunca domin\u00f3 los campeonatos internacionales, pero dej\u00f3 huella en quienes lo condujeron. En rallies, sobre todo en Francia, ofreci\u00f3 muchas victorias de clase, especialmente en manos de Yves Loubet. En los a\u00f1os 80, encarn\u00f3 un cierto esp\u00edritu Alfa Romeo: crudo, comprometido, exigente, a veces caprichoso, pero terriblemente entra\u00f1able.<\/p>\n\n\n\n<figure class=\"wp-block-image size-full\"><img loading=\"lazy\" decoding=\"async\" width=\"1200\" height=\"800\" src=\"https:\/\/www.italpassion.fr\/wp-content\/uploads\/2025\/08\/alfa-75-turbo-evoluzione-2.jpg\" alt=\"\" class=\"wp-image-40800\" srcset=\"https:\/\/www.italpassion.fr\/wp-content\/uploads\/2025\/08\/alfa-75-turbo-evoluzione-2.jpg 1200w, https:\/\/www.italpassion.fr\/wp-content\/uploads\/2025\/08\/alfa-75-turbo-evoluzione-2-420x280.jpg 420w, https:\/\/www.italpassion.fr\/wp-content\/uploads\/2025\/08\/alfa-75-turbo-evoluzione-2-768x512.jpg 768w, https:\/\/www.italpassion.fr\/wp-content\/uploads\/2025\/08\/alfa-75-turbo-evoluzione-2-18x12.jpg 18w\" sizes=\"auto, (max-width: 1200px) 100vw, 1200px\" \/><\/figure>\n\n\n\n<p>Algunos siguen compitiendo... y a veces ganando. Como <a href=\"https:\/\/www.italpassion.fr\/es\/alfa-romeo\/un-alfa-romeo-75-turbo-de-410-cv-se-exhibe-en-grecia\/\">este 75 turboalimentado con 410 CV<\/a> visto en una subida a una colina en Grecia, el <a href=\"https:\/\/www.italpassion.fr\/es\/alfa-romeo\/este-alfa-romeo-75-turbo-evoluzione-con-320-cv-sigue-ganando-en-competicion\/\">75 Turbo Evoluzione n\u00b0239<\/a>, l'<a href=\"https:\/\/www.italpassion.fr\/es\/alfa-romeo\/este-alfa-romeo-75-esta-propulsado-por-un-v6-busso-con-500-cv-a-9000-rpm-el-mas-potente-del-mundo\/\">Alfa Romeo 75 con motor Busso<\/a> con m\u00e1s de 500 CV, o <a href=\"https:\/\/www.italpassion.fr\/es\/alfa-romeo\/alfa-romeo-75-turbo-prototech-350-cv-con-motor-bialbero-equipado-con-una-pieza-mecanica-rara\/\">el Alfa Romeo 75 Turbo Prototech de 350 CV<\/a>.<\/p>\n\n\n\n<h2 class=\"wp-block-heading\">Un mercado en auge: de nuevo a favor<\/h2>\n\n\n\n<p>En 2025, los precios se dispararon. Un 75 Twin Spark limpio supera ya los 12.000 euros, un Turbo puede superar los 25.000 euros, y un Evoluzione... m\u00e1s de 80.000 euros, dado que los ejemplares son escasos. La tendencia se acent\u00faa gracias a los tuneadores europeos que dan nueva vida al mito. Durante mucho tiempo, el Alfa Romeo 75 tuvo la imagen de una berlina improvisada, s\u00edmbolo de una \u00e9poca complicada para la marca. Hoy, parece m\u00e1s bien un canto del cisne, una de las 100 \u00faltimas creaciones Alfa Romeo %, fogosa, imperfecta, pero profundamente sincera en su filosof\u00eda.<\/p>\n\n\n\n<figure class=\"wp-block-embed is-type-video is-provider-youtube wp-block-embed-youtube wp-embed-aspect-9-16 wp-has-aspect-ratio\"><div class=\"wp-block-embed__wrapper\">\n<iframe loading=\"lazy\" title=\"El Alfa Romeo 75 cumple 40 a\u00f1os\" width=\"563\" height=\"1000\" src=\"https:\/\/www.youtube-nocookie.com\/embed\/vv6dbTKvdJU?feature=oembed\" frameborder=\"0\" allow=\"accelerometer; autoplay; clipboard-write; encrypted-media; gyroscope; picture-in-picture; web-share\" referrerpolicy=\"strict-origin-when-cross-origin\" allowfullscreen><\/iframe>\n<\/div><\/figure>","protected":false},"excerpt":{"rendered":"","protected":false},"author":1,"featured_media":44273,"comment_status":"open","ping_status":"open","sticky":false,"template":"","format":"standard","meta":{"_acf_changed":false,"_sitemap_exclude":false,"_sitemap_priority":"","_sitemap_frequency":"","footnotes":""},"categories":[22],"tags":[511],"class_list":["post-44247","post","type-post","status-publish","format-standard","has-post-thumbnail","hentry","category-alfa-romeo","tag-alfa-romeo-75","generate-columns","tablet-grid-50","mobile-grid-100","grid-parent","grid-33"],"acf":[],"yoast_head":"<!-- This site is optimized with the Yoast SEO plugin v25.8 - https:\/\/yoast.com\/wordpress\/plugins\/seo\/ -->\n<title>Alfa Romeo 75 f\u00eate ses 40 ans : longtemps sous-estim\u00e9e, elle est de plus en plus recherch\u00e9e comme voiture de collection - ItalPassion<\/title>\n<meta name=\"description\" content=\"En 2025, l\u2019Alfa Romeo 75 souffle ses quarante bougies. Un anniversaire symbolique pour une berline longtemps boud\u00e9e, souvent mal comprise, parfois moqu\u00e9e\" \/>\n<meta name=\"robots\" content=\"index, follow, max-snippet:-1, max-image-preview:large, max-video-preview:-1\" \/>\n<link rel=\"canonical\" href=\"https:\/\/www.italpassion.fr\/es\/alfa-romeo\/el-alfa-romeo-75-celebra-su-40-aniversario-durante-mucho-tiempo-infravalorado-es-cada-vez-mas-buscado-como-coche-de-coleccion\/\" \/>\n<meta property=\"og:locale\" content=\"es_ES\" \/>\n<meta property=\"og:type\" content=\"article\" \/>\n<meta property=\"og:title\" content=\"Alfa Romeo 75 f\u00eate ses 40 ans : longtemps sous-estim\u00e9e, elle est de plus en plus recherch\u00e9e comme voiture de collection - ItalPassion\" \/>\n<meta property=\"og:description\" content=\"En 2025, l\u2019Alfa Romeo 75 souffle ses quarante bougies. Un anniversaire symbolique pour une berline longtemps boud\u00e9e, souvent mal comprise, parfois moqu\u00e9e\" \/>\n<meta property=\"og:url\" content=\"https:\/\/www.italpassion.fr\/es\/alfa-romeo\/el-alfa-romeo-75-celebra-su-40-aniversario-durante-mucho-tiempo-infravalorado-es-cada-vez-mas-buscado-como-coche-de-coleccion\/\" \/>\n<meta property=\"og:site_name\" content=\"ItalPassion\" \/>\n<meta property=\"article:publisher\" content=\"https:\/\/www.facebook.com\/italpassion\" \/>\n<meta property=\"article:published_time\" content=\"2025-12-11T09:54:37+00:00\" \/>\n<meta property=\"og:image\" content=\"https:\/\/www.italpassion.fr\/wp-content\/uploads\/2025\/12\/alfa-romeo-75-000.jpg\" \/>\n\t<meta property=\"og:image:width\" content=\"1200\" \/>\n\t<meta property=\"og:image:height\" content=\"800\" \/>\n\t<meta property=\"og:image:type\" content=\"image\/jpeg\" \/>\n<meta name=\"author\" content=\"Alexandre Filluzeau\" \/>\n<meta name=\"twitter:card\" content=\"summary_large_image\" \/>\n<meta name=\"twitter:creator\" content=\"@italpassion\" \/>\n<meta name=\"twitter:site\" content=\"@italpassion\" \/>\n<script type=\"application\/ld+json\" class=\"yoast-schema-graph\">{\"@context\":\"https:\/\/schema.org\",\"@graph\":[{\"@type\":\"NewsArticle\",\"@id\":\"https:\/\/www.italpassion.fr\/es\/alfa-romeo\/alfa-romeo-75-fete-ses-40-ans-longtemps-sous-estimee-elle-est-de-plus-en-plus-recherchee-comme-voiture-de-collection\/#article\",\"isPartOf\":{\"@id\":\"https:\/\/www.italpassion.fr\/es\/alfa-romeo\/alfa-romeo-75-fete-ses-40-ans-longtemps-sous-estimee-elle-est-de-plus-en-plus-recherchee-comme-voiture-de-collection\/\"},\"author\":{\"name\":\"Alexandre Filluzeau\",\"@id\":\"https:\/\/www.italpassion.fr\/es\/#\/schema\/person\/36f747b2a759ca202d847e85a9434ca0\"},\"headline\":\"Alfa Romeo 75 f\u00eate ses 40 ans : longtemps sous-estim\u00e9e, elle est de plus en plus recherch\u00e9e comme voiture de collection\",\"datePublished\":\"2025-12-11T09:54:37+00:00\",\"mainEntityOfPage\":{\"@id\":\"https:\/\/www.italpassion.fr\/es\/alfa-romeo\/alfa-romeo-75-fete-ses-40-ans-longtemps-sous-estimee-elle-est-de-plus-en-plus-recherchee-comme-voiture-de-collection\/\"},\"wordCount\":750,\"commentCount\":10,\"publisher\":{\"@id\":\"https:\/\/www.italpassion.fr\/es\/#organization\"},\"image\":{\"@id\":\"https:\/\/www.italpassion.fr\/es\/alfa-romeo\/alfa-romeo-75-fete-ses-40-ans-longtemps-sous-estimee-elle-est-de-plus-en-plus-recherchee-comme-voiture-de-collection\/#primaryimage\"},\"thumbnailUrl\":\"https:\/\/www.italpassion.fr\/wp-content\/uploads\/2025\/12\/alfa-romeo-75-000.jpg\",\"keywords\":[\"Alfa Romeo 75\"],\"articleSection\":[\"Alfa Romeo\"],\"inLanguage\":\"es\",\"potentialAction\":[{\"@type\":\"CommentAction\",\"name\":\"Comment\",\"target\":[\"https:\/\/www.italpassion.fr\/es\/alfa-romeo\/alfa-romeo-75-fete-ses-40-ans-longtemps-sous-estimee-elle-est-de-plus-en-plus-recherchee-comme-voiture-de-collection\/#respond\"]}]},{\"@type\":\"WebPage\",\"@id\":\"https:\/\/www.italpassion.fr\/es\/alfa-romeo\/alfa-romeo-75-fete-ses-40-ans-longtemps-sous-estimee-elle-est-de-plus-en-plus-recherchee-comme-voiture-de-collection\/\",\"url\":\"https:\/\/www.italpassion.fr\/es\/alfa-romeo\/alfa-romeo-75-fete-ses-40-ans-longtemps-sous-estimee-elle-est-de-plus-en-plus-recherchee-comme-voiture-de-collection\/\",\"name\":\"Alfa Romeo 75 f\u00eate ses 40 ans : longtemps sous-estim\u00e9e, elle est de plus en plus recherch\u00e9e comme voiture de collection - ItalPassion\",\"isPartOf\":{\"@id\":\"https:\/\/www.italpassion.fr\/es\/#website\"},\"primaryImageOfPage\":{\"@id\":\"https:\/\/www.italpassion.fr\/es\/alfa-romeo\/alfa-romeo-75-fete-ses-40-ans-longtemps-sous-estimee-elle-est-de-plus-en-plus-recherchee-comme-voiture-de-collection\/#primaryimage\"},\"image\":{\"@id\":\"https:\/\/www.italpassion.fr\/es\/alfa-romeo\/alfa-romeo-75-fete-ses-40-ans-longtemps-sous-estimee-elle-est-de-plus-en-plus-recherchee-comme-voiture-de-collection\/#primaryimage\"},\"thumbnailUrl\":\"https:\/\/www.italpassion.fr\/wp-content\/uploads\/2025\/12\/alfa-romeo-75-000.jpg\",\"datePublished\":\"2025-12-11T09:54:37+00:00\",\"description\":\"En 2025, l\u2019Alfa Romeo 75 souffle ses quarante bougies. Un anniversaire symbolique pour une berline longtemps boud\u00e9e, souvent mal comprise, parfois moqu\u00e9e\",\"breadcrumb\":{\"@id\":\"https:\/\/www.italpassion.fr\/es\/alfa-romeo\/alfa-romeo-75-fete-ses-40-ans-longtemps-sous-estimee-elle-est-de-plus-en-plus-recherchee-comme-voiture-de-collection\/#breadcrumb\"},\"inLanguage\":\"es\",\"potentialAction\":[{\"@type\":\"ReadAction\",\"target\":[\"https:\/\/www.italpassion.fr\/es\/alfa-romeo\/alfa-romeo-75-fete-ses-40-ans-longtemps-sous-estimee-elle-est-de-plus-en-plus-recherchee-comme-voiture-de-collection\/\"]}]},{\"@type\":\"ImageObject\",\"inLanguage\":\"es\",\"@id\":\"https:\/\/www.italpassion.fr\/es\/alfa-romeo\/alfa-romeo-75-fete-ses-40-ans-longtemps-sous-estimee-elle-est-de-plus-en-plus-recherchee-comme-voiture-de-collection\/#primaryimage\",\"url\":\"https:\/\/www.italpassion.fr\/wp-content\/uploads\/2025\/12\/alfa-romeo-75-000.jpg\",\"contentUrl\":\"https:\/\/www.italpassion.fr\/wp-content\/uploads\/2025\/12\/alfa-romeo-75-000.jpg\",\"width\":1200,\"height\":800},{\"@type\":\"BreadcrumbList\",\"@id\":\"https:\/\/www.italpassion.fr\/es\/alfa-romeo\/alfa-romeo-75-fete-ses-40-ans-longtemps-sous-estimee-elle-est-de-plus-en-plus-recherchee-comme-voiture-de-collection\/#breadcrumb\",\"itemListElement\":[{\"@type\":\"ListItem\",\"position\":1,\"name\":\"Accueil\",\"item\":\"https:\/\/www.italpassion.fr\/es\/\"},{\"@type\":\"ListItem\",\"position\":2,\"name\":\"Alfa Romeo 75 f\u00eate ses 40 ans : longtemps sous-estim\u00e9e, elle est de plus en plus recherch\u00e9e comme voiture de collection\"}]},{\"@type\":\"WebSite\",\"@id\":\"https:\/\/www.italpassion.fr\/es\/#website\",\"url\":\"https:\/\/www.italpassion.fr\/es\/\",\"name\":\"ItalPassion\",\"description\":\"Les Passionn\u00e9s d&#039;Automobiles Italiennes\",\"publisher\":{\"@id\":\"https:\/\/www.italpassion.fr\/es\/#organization\"},\"potentialAction\":[{\"@type\":\"SearchAction\",\"target\":{\"@type\":\"EntryPoint\",\"urlTemplate\":\"https:\/\/www.italpassion.fr\/es\/?s={search_term_string}\"},\"query-input\":{\"@type\":\"PropertyValueSpecification\",\"valueRequired\":true,\"valueName\":\"search_term_string\"}}],\"inLanguage\":\"es\"},{\"@type\":\"Organization\",\"@id\":\"https:\/\/www.italpassion.fr\/es\/#organization\",\"name\":\"Italpassion\",\"url\":\"https:\/\/www.italpassion.fr\/es\/\",\"logo\":{\"@type\":\"ImageObject\",\"inLanguage\":\"es\",\"@id\":\"https:\/\/www.italpassion.fr\/es\/#\/schema\/logo\/image\/\",\"url\":\"https:\/\/www.italpassion.fr\/wp-content\/uploads\/2023\/07\/italpassion-yoast.jpg\",\"contentUrl\":\"https:\/\/www.italpassion.fr\/wp-content\/uploads\/2023\/07\/italpassion-yoast.jpg\",\"width\":696,\"height\":696,\"caption\":\"Italpassion\"},\"image\":{\"@id\":\"https:\/\/www.italpassion.fr\/es\/#\/schema\/logo\/image\/\"},\"sameAs\":[\"https:\/\/www.facebook.com\/italpassion\",\"https:\/\/x.com\/italpassion\",\"https:\/\/www.instagram.com\/italpassionfr\/\",\"https:\/\/www.youtube.com\/channel\/UCleq-ByQaA42OjhopwevRjQ\",\"https:\/\/www.facebook.com\/italpassion.en\/\",\"https:\/\/www.facebook.com\/italpassion.it\/\",\"https:\/\/www.facebook.com\/italpassion.de\/\",\"https:\/\/www.facebook.com\/italpassion.ja\/\"]},{\"@type\":\"Person\",\"@id\":\"https:\/\/www.italpassion.fr\/es\/#\/schema\/person\/36f747b2a759ca202d847e85a9434ca0\",\"name\":\"Alexandre Filluzeau\",\"image\":{\"@type\":\"ImageObject\",\"inLanguage\":\"es\",\"@id\":\"https:\/\/www.italpassion.fr\/es\/#\/schema\/person\/image\/\",\"url\":\"https:\/\/www.italpassion.fr\/wp-content\/uploads\/2025\/04\/avatar-alexandre-160x160.jpg\",\"contentUrl\":\"https:\/\/www.italpassion.fr\/wp-content\/uploads\/2025\/04\/avatar-alexandre-160x160.jpg\",\"caption\":\"Alexandre Filluzeau\"},\"description\":\"Fondateur du site ItalPassion, passionn\u00e9 de voitures italiennes et de l'Italie en g\u00e9n\u00e9ral. J'apporte un regard critique et technique aux actualit\u00e9s des marques italiennes quand cela est possible. Propri\u00e9taire d'une Maserati GranTurismo, Alfa Romeo MiTo, Lancia Fulvia et Ducati 695. Ex-propri\u00e9taire d'une Alfa Romeo Giulia.\",\"sameAs\":[\"https:\/\/www.italpassion.fr\/\"],\"url\":\"https:\/\/www.italpassion.fr\/es\/author\/alexandre\/\"}]}<\/script>\n<!-- \/ Yoast SEO plugin. -->","yoast_head_json":{"title":"El Alfa Romeo 75 cumple 40 a\u00f1os: infravalorado durante mucho tiempo, cada vez es m\u00e1s codiciado como coche de colecci\u00f3n - ItalPassion","description":"En 2025, el Alfa Romeo 75 cumple cuarenta a\u00f1os. Un aniversario simb\u00f3lico para una berlina que durante mucho tiempo ha sido rechazada, a menudo incomprendida y a veces objeto de burla.","robots":{"index":"index","follow":"follow","max-snippet":"max-snippet:-1","max-image-preview":"max-image-preview:large","max-video-preview":"max-video-preview:-1"},"canonical":"https:\/\/www.italpassion.fr\/es\/alfa-romeo\/el-alfa-romeo-75-celebra-su-40-aniversario-durante-mucho-tiempo-infravalorado-es-cada-vez-mas-buscado-como-coche-de-coleccion\/","og_locale":"es_ES","og_type":"article","og_title":"Alfa Romeo 75 f\u00eate ses 40 ans : longtemps sous-estim\u00e9e, elle est de plus en plus recherch\u00e9e comme voiture de collection - ItalPassion","og_description":"En 2025, l\u2019Alfa Romeo 75 souffle ses quarante bougies. Un anniversaire symbolique pour une berline longtemps boud\u00e9e, souvent mal comprise, parfois moqu\u00e9e","og_url":"https:\/\/www.italpassion.fr\/es\/alfa-romeo\/el-alfa-romeo-75-celebra-su-40-aniversario-durante-mucho-tiempo-infravalorado-es-cada-vez-mas-buscado-como-coche-de-coleccion\/","og_site_name":"ItalPassion","article_publisher":"https:\/\/www.facebook.com\/italpassion","article_published_time":"2025-12-11T09:54:37+00:00","og_image":[{"width":1200,"height":800,"url":"https:\/\/www.italpassion.fr\/wp-content\/uploads\/2025\/12\/alfa-romeo-75-000.jpg","type":"image\/jpeg"}],"author":"Alexandre Filluzeau","twitter_card":"summary_large_image","twitter_creator":"@italpassion","twitter_site":"@italpassion","schema":{"@context":"https:\/\/schema.org","@graph":[{"@type":"NewsArticle","@id":"https:\/\/www.italpassion.fr\/es\/alfa-romeo\/alfa-romeo-75-fete-ses-40-ans-longtemps-sous-estimee-elle-est-de-plus-en-plus-recherchee-comme-voiture-de-collection\/#article","isPartOf":{"@id":"https:\/\/www.italpassion.fr\/es\/alfa-romeo\/alfa-romeo-75-fete-ses-40-ans-longtemps-sous-estimee-elle-est-de-plus-en-plus-recherchee-comme-voiture-de-collection\/"},"author":{"name":"Alexandre Filluzeau","@id":"https:\/\/www.italpassion.fr\/es\/#\/schema\/person\/36f747b2a759ca202d847e85a9434ca0"},"headline":"Alfa Romeo 75 f\u00eate ses 40 ans : longtemps sous-estim\u00e9e, elle est de plus en plus recherch\u00e9e comme voiture de collection","datePublished":"2025-12-11T09:54:37+00:00","mainEntityOfPage":{"@id":"https:\/\/www.italpassion.fr\/es\/alfa-romeo\/alfa-romeo-75-fete-ses-40-ans-longtemps-sous-estimee-elle-est-de-plus-en-plus-recherchee-comme-voiture-de-collection\/"},"wordCount":750,"commentCount":10,"publisher":{"@id":"https:\/\/www.italpassion.fr\/es\/#organization"},"image":{"@id":"https:\/\/www.italpassion.fr\/es\/alfa-romeo\/alfa-romeo-75-fete-ses-40-ans-longtemps-sous-estimee-elle-est-de-plus-en-plus-recherchee-comme-voiture-de-collection\/#primaryimage"},"thumbnailUrl":"https:\/\/www.italpassion.fr\/wp-content\/uploads\/2025\/12\/alfa-romeo-75-000.jpg","keywords":["Alfa Romeo 75"],"articleSection":["Alfa Romeo"],"inLanguage":"es","potentialAction":[{"@type":"CommentAction","name":"Comment","target":["https:\/\/www.italpassion.fr\/es\/alfa-romeo\/alfa-romeo-75-fete-ses-40-ans-longtemps-sous-estimee-elle-est-de-plus-en-plus-recherchee-comme-voiture-de-collection\/#respond"]}]},{"@type":"WebPage","@id":"https:\/\/www.italpassion.fr\/es\/alfa-romeo\/alfa-romeo-75-fete-ses-40-ans-longtemps-sous-estimee-elle-est-de-plus-en-plus-recherchee-comme-voiture-de-collection\/","url":"https:\/\/www.italpassion.fr\/es\/alfa-romeo\/alfa-romeo-75-fete-ses-40-ans-longtemps-sous-estimee-elle-est-de-plus-en-plus-recherchee-comme-voiture-de-collection\/","name":"El Alfa Romeo 75 cumple 40 a\u00f1os: infravalorado durante mucho tiempo, cada vez es m\u00e1s codiciado como coche de colecci\u00f3n - ItalPassion","isPartOf":{"@id":"https:\/\/www.italpassion.fr\/es\/#website"},"primaryImageOfPage":{"@id":"https:\/\/www.italpassion.fr\/es\/alfa-romeo\/alfa-romeo-75-fete-ses-40-ans-longtemps-sous-estimee-elle-est-de-plus-en-plus-recherchee-comme-voiture-de-collection\/#primaryimage"},"image":{"@id":"https:\/\/www.italpassion.fr\/es\/alfa-romeo\/alfa-romeo-75-fete-ses-40-ans-longtemps-sous-estimee-elle-est-de-plus-en-plus-recherchee-comme-voiture-de-collection\/#primaryimage"},"thumbnailUrl":"https:\/\/www.italpassion.fr\/wp-content\/uploads\/2025\/12\/alfa-romeo-75-000.jpg","datePublished":"2025-12-11T09:54:37+00:00","description":"En 2025, el Alfa Romeo 75 cumple cuarenta a\u00f1os. Un aniversario simb\u00f3lico para una berlina que durante mucho tiempo ha sido rechazada, a menudo incomprendida y a veces objeto de burla.","breadcrumb":{"@id":"https:\/\/www.italpassion.fr\/es\/alfa-romeo\/alfa-romeo-75-fete-ses-40-ans-longtemps-sous-estimee-elle-est-de-plus-en-plus-recherchee-comme-voiture-de-collection\/#breadcrumb"},"inLanguage":"es","potentialAction":[{"@type":"ReadAction","target":["https:\/\/www.italpassion.fr\/es\/alfa-romeo\/alfa-romeo-75-fete-ses-40-ans-longtemps-sous-estimee-elle-est-de-plus-en-plus-recherchee-comme-voiture-de-collection\/"]}]},{"@type":"ImageObject","inLanguage":"es","@id":"https:\/\/www.italpassion.fr\/es\/alfa-romeo\/alfa-romeo-75-fete-ses-40-ans-longtemps-sous-estimee-elle-est-de-plus-en-plus-recherchee-comme-voiture-de-collection\/#primaryimage","url":"https:\/\/www.italpassion.fr\/wp-content\/uploads\/2025\/12\/alfa-romeo-75-000.jpg","contentUrl":"https:\/\/www.italpassion.fr\/wp-content\/uploads\/2025\/12\/alfa-romeo-75-000.jpg","width":1200,"height":800},{"@type":"BreadcrumbList","@id":"https:\/\/www.italpassion.fr\/es\/alfa-romeo\/alfa-romeo-75-fete-ses-40-ans-longtemps-sous-estimee-elle-est-de-plus-en-plus-recherchee-comme-voiture-de-collection\/#breadcrumb","itemListElement":[{"@type":"ListItem","position":1,"name":"Accueil","item":"https:\/\/www.italpassion.fr\/es\/"},{"@type":"ListItem","position":2,"name":"Alfa Romeo 75 f\u00eate ses 40 ans : longtemps sous-estim\u00e9e, elle est de plus en plus recherch\u00e9e comme voiture de collection"}]},{"@type":"WebSite","@id":"https:\/\/www.italpassion.fr\/es\/#website","url":"https:\/\/www.italpassion.fr\/es\/","name":"ItalPassion","description":"Entusiastas de los coches italianos","publisher":{"@id":"https:\/\/www.italpassion.fr\/es\/#organization"},"potentialAction":[{"@type":"SearchAction","target":{"@type":"EntryPoint","urlTemplate":"https:\/\/www.italpassion.fr\/es\/?s={search_term_string}"},"query-input":{"@type":"PropertyValueSpecification","valueRequired":true,"valueName":"search_term_string"}}],"inLanguage":"es"},{"@type":"Organization","@id":"https:\/\/www.italpassion.fr\/es\/#organization","name":"Italpassion","url":"https:\/\/www.italpassion.fr\/es\/","logo":{"@type":"ImageObject","inLanguage":"es","@id":"https:\/\/www.italpassion.fr\/es\/#\/schema\/logo\/image\/","url":"https:\/\/www.italpassion.fr\/wp-content\/uploads\/2023\/07\/italpassion-yoast.jpg","contentUrl":"https:\/\/www.italpassion.fr\/wp-content\/uploads\/2023\/07\/italpassion-yoast.jpg","width":696,"height":696,"caption":"Italpassion"},"image":{"@id":"https:\/\/www.italpassion.fr\/es\/#\/schema\/logo\/image\/"},"sameAs":["https:\/\/www.facebook.com\/italpassion","https:\/\/x.com\/italpassion","https:\/\/www.instagram.com\/italpassionfr\/","https:\/\/www.youtube.com\/channel\/UCleq-ByQaA42OjhopwevRjQ","https:\/\/www.facebook.com\/italpassion.en\/","https:\/\/www.facebook.com\/italpassion.it\/","https:\/\/www.facebook.com\/italpassion.de\/","https:\/\/www.facebook.com\/italpassion.ja\/"]},{"@type":"Person","@id":"https:\/\/www.italpassion.fr\/es\/#\/schema\/person\/36f747b2a759ca202d847e85a9434ca0","name":"Alexandre Filluzeau","image":{"@type":"ImageObject","inLanguage":"es","@id":"https:\/\/www.italpassion.fr\/es\/#\/schema\/person\/image\/","url":"https:\/\/www.italpassion.fr\/wp-content\/uploads\/2025\/04\/avatar-alexandre-160x160.jpg","contentUrl":"https:\/\/www.italpassion.fr\/wp-content\/uploads\/2025\/04\/avatar-alexandre-160x160.jpg","caption":"Alexandre Filluzeau"},"description":"Fundador del sitio web ItalPassion, apasionado de los coches italianos y de Italia en general. Aporto una mirada cr\u00edtica y t\u00e9cnica a las noticias de las marcas italianas cuando es posible. Propietario de un Maserati GranTurismo, Alfa Romeo MiTo, Lancia Fulvia y Ducati 695. Ex-propietario de un Alfa Romeo Giulia.","sameAs":["https:\/\/www.italpassion.fr\/"],"url":"https:\/\/www.italpassion.fr\/es\/author\/alexandre\/"}]}},"_links":{"self":[{"href":"https:\/\/www.italpassion.fr\/es\/wp-json\/wp\/v2\/posts\/44247","targetHints":{"allow":["GET"]}}],"collection":[{"href":"https:\/\/www.italpassion.fr\/es\/wp-json\/wp\/v2\/posts"}],"about":[{"href":"https:\/\/www.italpassion.fr\/es\/wp-json\/wp\/v2\/types\/post"}],"author":[{"embeddable":true,"href":"https:\/\/www.italpassion.fr\/es\/wp-json\/wp\/v2\/users\/1"}],"replies":[{"embeddable":true,"href":"https:\/\/www.italpassion.fr\/es\/wp-json\/wp\/v2\/comments?post=44247"}],"version-history":[{"count":2,"href":"https:\/\/www.italpassion.fr\/es\/wp-json\/wp\/v2\/posts\/44247\/revisions"}],"predecessor-version":[{"id":44279,"href":"https:\/\/www.italpassion.fr\/es\/wp-json\/wp\/v2\/posts\/44247\/revisions\/44279"}],"wp:featuredmedia":[{"embeddable":true,"href":"https:\/\/www.italpassion.fr\/es\/wp-json\/wp\/v2\/media\/44273"}],"wp:attachment":[{"href":"https:\/\/www.italpassion.fr\/es\/wp-json\/wp\/v2\/media?parent=44247"}],"wp:term":[{"taxonomy":"category","embeddable":true,"href":"https:\/\/www.italpassion.fr\/es\/wp-json\/wp\/v2\/categories?post=44247"},{"taxonomy":"post_tag","embeddable":true,"href":"https:\/\/www.italpassion.fr\/es\/wp-json\/wp\/v2\/tags?post=44247"}],"curies":[{"name":"wp","href":"https:\/\/api.w.org\/{rel}","templated":true}]}}