{"id":44023,"date":"2025-12-05T09:29:18","date_gmt":"2025-12-05T08:29:18","guid":{"rendered":"https:\/\/www.italpassion.fr\/?p=44023"},"modified":"2025-12-05T09:29:18","modified_gmt":"2025-12-05T08:29:18","slug":"el-director-general-de-stellantis-las-hipotesis-sobre-los-coches-electricos-eran-erroneas-hemos-escuchado-al-mercado-y-revisado-nuestra-estrategia","status":"publish","type":"post","link":"https:\/\/www.italpassion.fr\/es\/stellantis\/le-ceo-de-stellantis-les-hypotheses-sur-les-voitures-electriques-etaient-erronees-nous-avons-ecoute-le-marche-et-revu-notre-strategie\/","title":{"rendered":"El Consejero Delegado de Stellantis: \"Las hip\u00f3tesis sobre los coches el\u00e9ctricos eran err\u00f3neas, as\u00ed que hemos escuchado al mercado y revisado nuestra estrategia\"."},"content":{"rendered":"<figure class=\"wp-block-image size-large\"><img loading=\"lazy\" decoding=\"async\" width=\"1024\" height=\"683\" src=\"https:\/\/www.italpassion.fr\/wp-content\/uploads\/2025\/01\/antonio-filosa-1024x683.jpg\" alt=\"\" class=\"wp-image-36056\" srcset=\"https:\/\/www.italpassion.fr\/wp-content\/uploads\/2025\/01\/antonio-filosa-1024x683.jpg 1024w, https:\/\/www.italpassion.fr\/wp-content\/uploads\/2025\/01\/antonio-filosa-300x200.jpg 300w, https:\/\/www.italpassion.fr\/wp-content\/uploads\/2025\/01\/antonio-filosa-768x512.jpg 768w, https:\/\/www.italpassion.fr\/wp-content\/uploads\/2025\/01\/antonio-filosa-18x12.jpg 18w, https:\/\/www.italpassion.fr\/wp-content\/uploads\/2025\/01\/antonio-filosa-561x374.jpg 561w, https:\/\/www.italpassion.fr\/wp-content\/uploads\/2025\/01\/antonio-filosa-1122x748.jpg 1122w, https:\/\/www.italpassion.fr\/wp-content\/uploads\/2025\/01\/antonio-filosa-265x177.jpg 265w, https:\/\/www.italpassion.fr\/wp-content\/uploads\/2025\/01\/antonio-filosa-531x354.jpg 531w, https:\/\/www.italpassion.fr\/wp-content\/uploads\/2025\/01\/antonio-filosa-364x243.jpg 364w, https:\/\/www.italpassion.fr\/wp-content\/uploads\/2025\/01\/antonio-filosa-728x485.jpg 728w, https:\/\/www.italpassion.fr\/wp-content\/uploads\/2025\/01\/antonio-filosa-608x405.jpg 608w, https:\/\/www.italpassion.fr\/wp-content\/uploads\/2025\/01\/antonio-filosa-758x505.jpg 758w, https:\/\/www.italpassion.fr\/wp-content\/uploads\/2025\/01\/antonio-filosa-1152x768.jpg 1152w, https:\/\/www.italpassion.fr\/wp-content\/uploads\/2025\/01\/antonio-filosa.jpg 1200w\" sizes=\"auto, (max-width: 1024px) 100vw, 1024px\" \/><\/figure>\n\n\n\n<p>Antonio Filosa no tiene pelos en la lengua. Un mes despu\u00e9s de criticar <a href=\"https:\/\/www.italpassion.fr\/es\/stellantis\/el-director-general-de-stellantis-vuelve-a-criticar-a-europa-las-normas-establecidas-por-bruselas-no-son-imperfectas-son-malas\/\">la normativa europea se considera \"mala\" para la industria del autom\u00f3vil<\/a>el director general de <a href=\"https:\/\/www.italpassion.fr\/es\/stellantis\/\">Stellantis<\/a> aprovech\u00f3 la Semana Industrial y del Autom\u00f3vil de Goldman Sachs para admitir claramente lo que muchos fabricantes ven\u00edan pensando sin atreverse a decirlo: las previsiones internas sobre la transici\u00f3n a los veh\u00edculos el\u00e9ctricos eran sencillamente err\u00f3neas. Y el grupo ya ha reorientado profundamente su estrategia.<\/p>\n\n\n\n<h2 class=\"wp-block-heading\">\"Algunas suposiciones eran err\u00f3neas<\/h2>\n\n\n\n<p>Preguntado por la trayectoria estadounidense y europea de Stellantis, Antonio Filosa reconoci\u00f3 una gran discrepancia entre las proyecciones internas realizadas en los \u00faltimos a\u00f1os y la realidad del mercado. En el pasado, el Grupo preve\u00eda una penetraci\u00f3n de los veh\u00edculos el\u00e9ctricos en el mercado estadounidense de 50 % de aqu\u00ed a 2030. Hoy, el mercado a\u00fan no ha superado la barrera de las 6 %. En cuanto a Europa, la idea de alcanzar 100 % de veh\u00edculos el\u00e9ctricos en 2035 parece ahora demasiado optimista, habida cuenta de la demanda real y del poder adquisitivo. \"Algunas hip\u00f3tesis eran err\u00f3neas, pero hemos escuchado al mercado\", asume. En cuatro meses, Stellantis afirma haber revisado su estrategia de productos e inversiones.<\/p>\n\n\n\n<h2 class=\"wp-block-heading\">Los h\u00edbridos vuelven a ser un arma estrat\u00e9gica<\/h2>\n\n\n\n<p>Y el ejemplo m\u00e1s evidente procede de Estados Unidos. Considerado durante mucho tiempo el hogar natural de los veh\u00edculos el\u00e9ctricos para Stellantis, el mercado norteamericano est\u00e1 redescubriendo los h\u00edbridos... e incluso los V8. El regreso del motor Hemi a las pick-up Ram provoc\u00f3 un terremoto comercial: diez mil pedidos en veinticuatro horas, cincuenta mil en seis semanas, hasta el punto de que hubo que duplicar la producci\u00f3n. Filosa est\u00e1 ahora convencido de que los h\u00edbridos, y en particular los h\u00edbridos simples, se convertir\u00e1n en una de las tecnolog\u00edas preferidas por los automovilistas estadounidenses.<\/p>\n\n\n\n<figure class=\"wp-block-image size-full\"><img loading=\"lazy\" decoding=\"async\" width=\"1200\" height=\"800\" src=\"https:\/\/www.italpassion.fr\/wp-content\/uploads\/2025\/12\/ram-v8-hybride.jpg\" alt=\"\" class=\"wp-image-44024\" srcset=\"https:\/\/www.italpassion.fr\/wp-content\/uploads\/2025\/12\/ram-v8-hybride.jpg 1200w, https:\/\/www.italpassion.fr\/wp-content\/uploads\/2025\/12\/ram-v8-hybride-420x280.jpg 420w, https:\/\/www.italpassion.fr\/wp-content\/uploads\/2025\/12\/ram-v8-hybride-768x512.jpg 768w, https:\/\/www.italpassion.fr\/wp-content\/uploads\/2025\/12\/ram-v8-hybride-18x12.jpg 18w\" sizes=\"auto, (max-width: 1200px) 100vw, 1200px\" \/><\/figure>\n\n\n\n<p>El \u00e9xito del Ram V8 no es un rel\u00e1mpago. El nuevo Jeep Cherokee, completamente redise\u00f1ado tras \"escuchar a los consumidores\", llega al segundo segmento m\u00e1s importante de Estados Unidos, donde pretende desempe\u00f1ar un papel estructurador. Stellantis lo considera un ejemplo perfecto de reorientaci\u00f3n de productos impulsada por la demanda, y no por dogmas reglamentarios o de marketing.<\/p>\n\n\n\n<h2 class=\"wp-block-heading\">Estados Unidos afloja, Europa se pregunta<\/h2>\n\n\n\n<p>La din\u00e1mica estadounidense es tanto m\u00e1s prometedora cuanto que viene acompa\u00f1ada de un importante cambio pol\u00edtico. La administraci\u00f3n Trump acaba de suavizar las normas CAFE, dando a los fabricantes una mayor flexibilidad. Filosa ve en ello una oportunidad para reequilibrar el mix de productos y captar una nueva demanda que no exist\u00eda hace diez meses.<\/p>\n\n\n\n<p>En Europa, el ambiente es muy distinto. Bruselas prepara un nuevo paquete normativo largamente esperado, pero a\u00fan no hay se\u00f1ales de una relajaci\u00f3n inmediata. Filosa vuelve a reclamar una transici\u00f3n energ\u00e9tica \"equilibrada y suave\", se\u00f1alando que una ecuaci\u00f3n razonable debe tener en cuenta tres pilares: protecci\u00f3n del medio ambiente, preservaci\u00f3n del empleo y asequibilidad.<\/p>\n\n\n\n<p>Tambi\u00e9n pone de relieve un hecho que a menudo se pasa por alto: las necesidades de los veh\u00edculos comerciales ligeros difieren profundamente de las de los turismos. Los elevados costes de funcionamiento de los veh\u00edculos el\u00e9ctricos en este segmento hacen imprescindible adaptar las normas, abri\u00e9ndose al mismo tiempo a tecnolog\u00edas alternativas como los combustibles sint\u00e9ticos. Esto contrasta con las posiciones m\u00e1s r\u00edgidas adoptadas en los \u00faltimos a\u00f1os (100 % el\u00e9ctricos, hidr\u00f3geno, etc.).<\/p>\n\n\n\n<h2 class=\"wp-block-heading\">Cambio de m\u00e9todo y estrategia revisada<\/h2>\n\n\n\n<p>Aunque Filosa parece adoptar una postura ofensiva sobre la direcci\u00f3n tecnol\u00f3gica de la empresa, se muestra mucho m\u00e1s cauto sobre su situaci\u00f3n financiera. El Consejero Delegado afirma que Stellantis se ajusta en l\u00edneas generales a sus previsiones a finales de noviembre, pero reconoce que la prioridad es volver a generar un flujo de caja positivo. Har\u00e1n falta algunos meses m\u00e1s de avances intertrimestrales para solidificar los fundamentos.<\/p>\n\n\n\n<p>El Capital Market Day, previsto ahora entre mayo y junio de 2026, desvelar\u00e1 el nuevo plan estrat\u00e9gico del Grupo. Esta pr\u00f3rroga demuestra la determinaci\u00f3n de la direcci\u00f3n de reconstruir un plan realista, basado en hip\u00f3tesis revisadas y en una comprensi\u00f3n m\u00e1s clara del mercado. Una mayor disciplina en los lanzamientos, un mejor control de los inventarios y un movimiento ascendente en los segmentos rentables deber\u00edan ser las principales palancas de esta recuperaci\u00f3n.<\/p>\n\n\n\n<h2 class=\"wp-block-heading\">\u00bfUna nueva era para Stellantis?<\/h2>\n\n\n\n<p>En pocas semanas, Antonio Filosa habr\u00e1 impuesto un claro cambio de rumbo: devolver a Stellantis a una estrategia alineada con la demanda real, la diversidad de los mercados y los imperativos econ\u00f3micos del momento. Un enfoque que contrasta radicalmente con el de su predecesor Carlos Tavares, m\u00e1s centrado en una transici\u00f3n el\u00e9ctrica acelerada.<\/p>\n\n\n\n<p>Al reconocer p\u00fablicamente que ciertos supuestos eran err\u00f3neos, el Consejero Delegado env\u00eda una se\u00f1al poco frecuente en el sector: la de una empresa dispuesta a corregir su rumbo r\u00e1pidamente en lugar de sufrir las consecuencias de una estrategia r\u00edgida. El mercado estadounidense ya est\u00e1 respondiendo positivamente. Europa, en cambio, sigue esperando el marco que le permita respirar de nuevo. Si Bruselas relaja su visi\u00f3n, Stellantis promete invertir m\u00e1s en el continente. Si no, la partida podr\u00eda jugarse en otra parte... donde los consumidores dicten el tempo, no la normativa.<\/p>","protected":false},"excerpt":{"rendered":"","protected":false},"author":1,"featured_media":36056,"comment_status":"open","ping_status":"open","sticky":false,"template":"","format":"standard","meta":{"_acf_changed":false,"_sitemap_exclude":false,"_sitemap_priority":"","_sitemap_frequency":"","footnotes":""},"categories":[29],"tags":[565],"class_list":["post-44023","post","type-post","status-publish","format-standard","has-post-thumbnail","hentry","category-stellantis","tag-antonio-filosa","generate-columns","tablet-grid-50","mobile-grid-100","grid-parent","grid-33"],"acf":[],"yoast_head":"<!-- This site is optimized with the Yoast SEO plugin v25.8 - https:\/\/yoast.com\/wordpress\/plugins\/seo\/ -->\n<title>Le CEO de Stellantis : &quot;les hypoth\u00e8ses sur les voitures \u00e9lectriques \u00e9taient erron\u00e9es, nous avons \u00e9cout\u00e9 le march\u00e9 et revu notre strat\u00e9gie&quot; - ItalPassion<\/title>\n<meta name=\"description\" content=\"Antonio Filosa n\u2019est d\u00e9cid\u00e9ment pas un dirigeant qui parle \u00e0 demi-mot. Un mois apr\u00e8s avoir fustig\u00e9 \u00e0 Paris les r\u00e8gles europ\u00e9ennes jug\u00e9es \u00ab mauvaises \u00bb\" \/>\n<meta name=\"robots\" content=\"index, follow, max-snippet:-1, max-image-preview:large, max-video-preview:-1\" \/>\n<link rel=\"canonical\" href=\"https:\/\/www.italpassion.fr\/es\/stellantis\/el-director-general-de-stellantis-las-hipotesis-sobre-los-coches-electricos-eran-erroneas-hemos-escuchado-al-mercado-y-revisado-nuestra-estrategia\/\" \/>\n<meta property=\"og:locale\" content=\"es_ES\" \/>\n<meta property=\"og:type\" content=\"article\" \/>\n<meta property=\"og:title\" content=\"Le CEO de Stellantis : &quot;les hypoth\u00e8ses sur les voitures \u00e9lectriques \u00e9taient erron\u00e9es, nous avons \u00e9cout\u00e9 le march\u00e9 et revu notre strat\u00e9gie&quot; - ItalPassion\" \/>\n<meta property=\"og:description\" content=\"Antonio Filosa n\u2019est d\u00e9cid\u00e9ment pas un dirigeant qui parle \u00e0 demi-mot. Un mois apr\u00e8s avoir fustig\u00e9 \u00e0 Paris les r\u00e8gles europ\u00e9ennes jug\u00e9es \u00ab mauvaises \u00bb\" \/>\n<meta property=\"og:url\" content=\"https:\/\/www.italpassion.fr\/es\/stellantis\/el-director-general-de-stellantis-las-hipotesis-sobre-los-coches-electricos-eran-erroneas-hemos-escuchado-al-mercado-y-revisado-nuestra-estrategia\/\" \/>\n<meta property=\"og:site_name\" content=\"ItalPassion\" \/>\n<meta property=\"article:publisher\" content=\"https:\/\/www.facebook.com\/italpassion\" \/>\n<meta property=\"article:published_time\" content=\"2025-12-05T08:29:18+00:00\" \/>\n<meta property=\"og:image\" content=\"https:\/\/www.italpassion.fr\/wp-content\/uploads\/2025\/01\/antonio-filosa.jpg\" \/>\n\t<meta property=\"og:image:width\" content=\"1200\" \/>\n\t<meta property=\"og:image:height\" content=\"800\" \/>\n\t<meta property=\"og:image:type\" content=\"image\/jpeg\" \/>\n<meta name=\"author\" content=\"Alexandre Filluzeau\" \/>\n<meta name=\"twitter:card\" content=\"summary_large_image\" \/>\n<meta name=\"twitter:creator\" content=\"@italpassion\" \/>\n<meta name=\"twitter:site\" content=\"@italpassion\" \/>\n<script type=\"application\/ld+json\" class=\"yoast-schema-graph\">{\"@context\":\"https:\/\/schema.org\",\"@graph\":[{\"@type\":\"NewsArticle\",\"@id\":\"https:\/\/www.italpassion.fr\/es\/stellantis\/le-ceo-de-stellantis-les-hypotheses-sur-les-voitures-electriques-etaient-erronees-nous-avons-ecoute-le-marche-et-revu-notre-strategie\/#article\",\"isPartOf\":{\"@id\":\"https:\/\/www.italpassion.fr\/es\/stellantis\/le-ceo-de-stellantis-les-hypotheses-sur-les-voitures-electriques-etaient-erronees-nous-avons-ecoute-le-marche-et-revu-notre-strategie\/\"},\"author\":{\"name\":\"Alexandre Filluzeau\",\"@id\":\"https:\/\/www.italpassion.fr\/es\/#\/schema\/person\/36f747b2a759ca202d847e85a9434ca0\"},\"headline\":\"Le CEO de Stellantis : \u00ab\u00a0les hypoth\u00e8ses sur les voitures \u00e9lectriques \u00e9taient erron\u00e9es, nous avons \u00e9cout\u00e9 le march\u00e9 et revu notre strat\u00e9gie\u00a0\u00bb\",\"datePublished\":\"2025-12-05T08:29:18+00:00\",\"mainEntityOfPage\":{\"@id\":\"https:\/\/www.italpassion.fr\/es\/stellantis\/le-ceo-de-stellantis-les-hypotheses-sur-les-voitures-electriques-etaient-erronees-nous-avons-ecoute-le-marche-et-revu-notre-strategie\/\"},\"wordCount\":924,\"commentCount\":22,\"publisher\":{\"@id\":\"https:\/\/www.italpassion.fr\/es\/#organization\"},\"image\":{\"@id\":\"https:\/\/www.italpassion.fr\/es\/stellantis\/le-ceo-de-stellantis-les-hypotheses-sur-les-voitures-electriques-etaient-erronees-nous-avons-ecoute-le-marche-et-revu-notre-strategie\/#primaryimage\"},\"thumbnailUrl\":\"https:\/\/www.italpassion.fr\/wp-content\/uploads\/2025\/01\/antonio-filosa.jpg\",\"keywords\":[\"Antonio Filosa\"],\"articleSection\":[\"Stellantis\"],\"inLanguage\":\"es\",\"potentialAction\":[{\"@type\":\"CommentAction\",\"name\":\"Comment\",\"target\":[\"https:\/\/www.italpassion.fr\/es\/stellantis\/le-ceo-de-stellantis-les-hypotheses-sur-les-voitures-electriques-etaient-erronees-nous-avons-ecoute-le-marche-et-revu-notre-strategie\/#respond\"]}]},{\"@type\":\"WebPage\",\"@id\":\"https:\/\/www.italpassion.fr\/es\/stellantis\/le-ceo-de-stellantis-les-hypotheses-sur-les-voitures-electriques-etaient-erronees-nous-avons-ecoute-le-marche-et-revu-notre-strategie\/\",\"url\":\"https:\/\/www.italpassion.fr\/es\/stellantis\/le-ceo-de-stellantis-les-hypotheses-sur-les-voitures-electriques-etaient-erronees-nous-avons-ecoute-le-marche-et-revu-notre-strategie\/\",\"name\":\"Le CEO de Stellantis : \\\"les hypoth\u00e8ses sur les voitures \u00e9lectriques \u00e9taient erron\u00e9es, nous avons \u00e9cout\u00e9 le march\u00e9 et revu notre strat\u00e9gie\\\" - ItalPassion\",\"isPartOf\":{\"@id\":\"https:\/\/www.italpassion.fr\/es\/#website\"},\"primaryImageOfPage\":{\"@id\":\"https:\/\/www.italpassion.fr\/es\/stellantis\/le-ceo-de-stellantis-les-hypotheses-sur-les-voitures-electriques-etaient-erronees-nous-avons-ecoute-le-marche-et-revu-notre-strategie\/#primaryimage\"},\"image\":{\"@id\":\"https:\/\/www.italpassion.fr\/es\/stellantis\/le-ceo-de-stellantis-les-hypotheses-sur-les-voitures-electriques-etaient-erronees-nous-avons-ecoute-le-marche-et-revu-notre-strategie\/#primaryimage\"},\"thumbnailUrl\":\"https:\/\/www.italpassion.fr\/wp-content\/uploads\/2025\/01\/antonio-filosa.jpg\",\"datePublished\":\"2025-12-05T08:29:18+00:00\",\"description\":\"Antonio Filosa n\u2019est d\u00e9cid\u00e9ment pas un dirigeant qui parle \u00e0 demi-mot. Un mois apr\u00e8s avoir fustig\u00e9 \u00e0 Paris les r\u00e8gles europ\u00e9ennes jug\u00e9es \u00ab mauvaises \u00bb\",\"breadcrumb\":{\"@id\":\"https:\/\/www.italpassion.fr\/es\/stellantis\/le-ceo-de-stellantis-les-hypotheses-sur-les-voitures-electriques-etaient-erronees-nous-avons-ecoute-le-marche-et-revu-notre-strategie\/#breadcrumb\"},\"inLanguage\":\"es\",\"potentialAction\":[{\"@type\":\"ReadAction\",\"target\":[\"https:\/\/www.italpassion.fr\/es\/stellantis\/le-ceo-de-stellantis-les-hypotheses-sur-les-voitures-electriques-etaient-erronees-nous-avons-ecoute-le-marche-et-revu-notre-strategie\/\"]}]},{\"@type\":\"ImageObject\",\"inLanguage\":\"es\",\"@id\":\"https:\/\/www.italpassion.fr\/es\/stellantis\/le-ceo-de-stellantis-les-hypotheses-sur-les-voitures-electriques-etaient-erronees-nous-avons-ecoute-le-marche-et-revu-notre-strategie\/#primaryimage\",\"url\":\"https:\/\/www.italpassion.fr\/wp-content\/uploads\/2025\/01\/antonio-filosa.jpg\",\"contentUrl\":\"https:\/\/www.italpassion.fr\/wp-content\/uploads\/2025\/01\/antonio-filosa.jpg\",\"width\":1200,\"height\":800},{\"@type\":\"BreadcrumbList\",\"@id\":\"https:\/\/www.italpassion.fr\/es\/stellantis\/le-ceo-de-stellantis-les-hypotheses-sur-les-voitures-electriques-etaient-erronees-nous-avons-ecoute-le-marche-et-revu-notre-strategie\/#breadcrumb\",\"itemListElement\":[{\"@type\":\"ListItem\",\"position\":1,\"name\":\"Accueil\",\"item\":\"https:\/\/www.italpassion.fr\/es\/\"},{\"@type\":\"ListItem\",\"position\":2,\"name\":\"Le CEO de Stellantis : \u00ab\u00a0les hypoth\u00e8ses sur les voitures \u00e9lectriques \u00e9taient erron\u00e9es, nous avons \u00e9cout\u00e9 le march\u00e9 et revu notre strat\u00e9gie\u00a0\u00bb\"}]},{\"@type\":\"WebSite\",\"@id\":\"https:\/\/www.italpassion.fr\/es\/#website\",\"url\":\"https:\/\/www.italpassion.fr\/es\/\",\"name\":\"ItalPassion\",\"description\":\"Les Passionn\u00e9s d&#039;Automobiles Italiennes\",\"publisher\":{\"@id\":\"https:\/\/www.italpassion.fr\/es\/#organization\"},\"potentialAction\":[{\"@type\":\"SearchAction\",\"target\":{\"@type\":\"EntryPoint\",\"urlTemplate\":\"https:\/\/www.italpassion.fr\/es\/?s={search_term_string}\"},\"query-input\":{\"@type\":\"PropertyValueSpecification\",\"valueRequired\":true,\"valueName\":\"search_term_string\"}}],\"inLanguage\":\"es\"},{\"@type\":\"Organization\",\"@id\":\"https:\/\/www.italpassion.fr\/es\/#organization\",\"name\":\"Italpassion\",\"url\":\"https:\/\/www.italpassion.fr\/es\/\",\"logo\":{\"@type\":\"ImageObject\",\"inLanguage\":\"es\",\"@id\":\"https:\/\/www.italpassion.fr\/es\/#\/schema\/logo\/image\/\",\"url\":\"https:\/\/www.italpassion.fr\/wp-content\/uploads\/2023\/07\/italpassion-yoast.jpg\",\"contentUrl\":\"https:\/\/www.italpassion.fr\/wp-content\/uploads\/2023\/07\/italpassion-yoast.jpg\",\"width\":696,\"height\":696,\"caption\":\"Italpassion\"},\"image\":{\"@id\":\"https:\/\/www.italpassion.fr\/es\/#\/schema\/logo\/image\/\"},\"sameAs\":[\"https:\/\/www.facebook.com\/italpassion\",\"https:\/\/x.com\/italpassion\",\"https:\/\/www.instagram.com\/italpassionfr\/\",\"https:\/\/www.youtube.com\/channel\/UCleq-ByQaA42OjhopwevRjQ\",\"https:\/\/www.facebook.com\/italpassion.en\/\",\"https:\/\/www.facebook.com\/italpassion.it\/\",\"https:\/\/www.facebook.com\/italpassion.de\/\",\"https:\/\/www.facebook.com\/italpassion.ja\/\"]},{\"@type\":\"Person\",\"@id\":\"https:\/\/www.italpassion.fr\/es\/#\/schema\/person\/36f747b2a759ca202d847e85a9434ca0\",\"name\":\"Alexandre Filluzeau\",\"image\":{\"@type\":\"ImageObject\",\"inLanguage\":\"es\",\"@id\":\"https:\/\/www.italpassion.fr\/es\/#\/schema\/person\/image\/\",\"url\":\"https:\/\/www.italpassion.fr\/wp-content\/uploads\/2025\/04\/avatar-alexandre-160x160.jpg\",\"contentUrl\":\"https:\/\/www.italpassion.fr\/wp-content\/uploads\/2025\/04\/avatar-alexandre-160x160.jpg\",\"caption\":\"Alexandre Filluzeau\"},\"description\":\"Fondateur du site ItalPassion, passionn\u00e9 de voitures italiennes et de l'Italie en g\u00e9n\u00e9ral. J'apporte un regard critique et technique aux actualit\u00e9s des marques italiennes quand cela est possible. Propri\u00e9taire d'une Maserati GranTurismo, Alfa Romeo MiTo, Lancia Fulvia et Ducati 695. Ex-propri\u00e9taire d'une Alfa Romeo Giulia.\",\"sameAs\":[\"https:\/\/www.italpassion.fr\/\"],\"url\":\"https:\/\/www.italpassion.fr\/es\/author\/alexandre\/\"}]}<\/script>\n<!-- \/ Yoast SEO plugin. -->","yoast_head_json":{"title":"El CEO de Stellantis: \"Las hip\u00f3tesis sobre los coches el\u00e9ctricos eran err\u00f3neas, as\u00ed que hemos escuchado al mercado y revisado nuestra estrategia\" - ItalPassion","description":"Antonio Filosa no es un l\u00edder que hable a medias. Un mes despu\u00e9s de criticar en Par\u00eds las \"malas\" normas europeas","robots":{"index":"index","follow":"follow","max-snippet":"max-snippet:-1","max-image-preview":"max-image-preview:large","max-video-preview":"max-video-preview:-1"},"canonical":"https:\/\/www.italpassion.fr\/es\/stellantis\/el-director-general-de-stellantis-las-hipotesis-sobre-los-coches-electricos-eran-erroneas-hemos-escuchado-al-mercado-y-revisado-nuestra-estrategia\/","og_locale":"es_ES","og_type":"article","og_title":"Le CEO de Stellantis : \"les hypoth\u00e8ses sur les voitures \u00e9lectriques \u00e9taient erron\u00e9es, nous avons \u00e9cout\u00e9 le march\u00e9 et revu notre strat\u00e9gie\" - ItalPassion","og_description":"Antonio Filosa n\u2019est d\u00e9cid\u00e9ment pas un dirigeant qui parle \u00e0 demi-mot. Un mois apr\u00e8s avoir fustig\u00e9 \u00e0 Paris les r\u00e8gles europ\u00e9ennes jug\u00e9es \u00ab mauvaises \u00bb","og_url":"https:\/\/www.italpassion.fr\/es\/stellantis\/el-director-general-de-stellantis-las-hipotesis-sobre-los-coches-electricos-eran-erroneas-hemos-escuchado-al-mercado-y-revisado-nuestra-estrategia\/","og_site_name":"ItalPassion","article_publisher":"https:\/\/www.facebook.com\/italpassion","article_published_time":"2025-12-05T08:29:18+00:00","og_image":[{"width":1200,"height":800,"url":"https:\/\/www.italpassion.fr\/wp-content\/uploads\/2025\/01\/antonio-filosa.jpg","type":"image\/jpeg"}],"author":"Alexandre Filluzeau","twitter_card":"summary_large_image","twitter_creator":"@italpassion","twitter_site":"@italpassion","schema":{"@context":"https:\/\/schema.org","@graph":[{"@type":"NewsArticle","@id":"https:\/\/www.italpassion.fr\/es\/stellantis\/le-ceo-de-stellantis-les-hypotheses-sur-les-voitures-electriques-etaient-erronees-nous-avons-ecoute-le-marche-et-revu-notre-strategie\/#article","isPartOf":{"@id":"https:\/\/www.italpassion.fr\/es\/stellantis\/le-ceo-de-stellantis-les-hypotheses-sur-les-voitures-electriques-etaient-erronees-nous-avons-ecoute-le-marche-et-revu-notre-strategie\/"},"author":{"name":"Alexandre Filluzeau","@id":"https:\/\/www.italpassion.fr\/es\/#\/schema\/person\/36f747b2a759ca202d847e85a9434ca0"},"headline":"Le CEO de Stellantis : \u00ab\u00a0les hypoth\u00e8ses sur les voitures \u00e9lectriques \u00e9taient erron\u00e9es, nous avons \u00e9cout\u00e9 le march\u00e9 et revu notre strat\u00e9gie\u00a0\u00bb","datePublished":"2025-12-05T08:29:18+00:00","mainEntityOfPage":{"@id":"https:\/\/www.italpassion.fr\/es\/stellantis\/le-ceo-de-stellantis-les-hypotheses-sur-les-voitures-electriques-etaient-erronees-nous-avons-ecoute-le-marche-et-revu-notre-strategie\/"},"wordCount":924,"commentCount":22,"publisher":{"@id":"https:\/\/www.italpassion.fr\/es\/#organization"},"image":{"@id":"https:\/\/www.italpassion.fr\/es\/stellantis\/le-ceo-de-stellantis-les-hypotheses-sur-les-voitures-electriques-etaient-erronees-nous-avons-ecoute-le-marche-et-revu-notre-strategie\/#primaryimage"},"thumbnailUrl":"https:\/\/www.italpassion.fr\/wp-content\/uploads\/2025\/01\/antonio-filosa.jpg","keywords":["Antonio Filosa"],"articleSection":["Stellantis"],"inLanguage":"es","potentialAction":[{"@type":"CommentAction","name":"Comment","target":["https:\/\/www.italpassion.fr\/es\/stellantis\/le-ceo-de-stellantis-les-hypotheses-sur-les-voitures-electriques-etaient-erronees-nous-avons-ecoute-le-marche-et-revu-notre-strategie\/#respond"]}]},{"@type":"WebPage","@id":"https:\/\/www.italpassion.fr\/es\/stellantis\/le-ceo-de-stellantis-les-hypotheses-sur-les-voitures-electriques-etaient-erronees-nous-avons-ecoute-le-marche-et-revu-notre-strategie\/","url":"https:\/\/www.italpassion.fr\/es\/stellantis\/le-ceo-de-stellantis-les-hypotheses-sur-les-voitures-electriques-etaient-erronees-nous-avons-ecoute-le-marche-et-revu-notre-strategie\/","name":"El CEO de Stellantis: \"Las hip\u00f3tesis sobre los coches el\u00e9ctricos eran err\u00f3neas, as\u00ed que hemos escuchado al mercado y revisado nuestra estrategia\" - ItalPassion","isPartOf":{"@id":"https:\/\/www.italpassion.fr\/es\/#website"},"primaryImageOfPage":{"@id":"https:\/\/www.italpassion.fr\/es\/stellantis\/le-ceo-de-stellantis-les-hypotheses-sur-les-voitures-electriques-etaient-erronees-nous-avons-ecoute-le-marche-et-revu-notre-strategie\/#primaryimage"},"image":{"@id":"https:\/\/www.italpassion.fr\/es\/stellantis\/le-ceo-de-stellantis-les-hypotheses-sur-les-voitures-electriques-etaient-erronees-nous-avons-ecoute-le-marche-et-revu-notre-strategie\/#primaryimage"},"thumbnailUrl":"https:\/\/www.italpassion.fr\/wp-content\/uploads\/2025\/01\/antonio-filosa.jpg","datePublished":"2025-12-05T08:29:18+00:00","description":"Antonio Filosa no es un l\u00edder que hable a medias. Un mes despu\u00e9s de criticar en Par\u00eds las \"malas\" normas europeas","breadcrumb":{"@id":"https:\/\/www.italpassion.fr\/es\/stellantis\/le-ceo-de-stellantis-les-hypotheses-sur-les-voitures-electriques-etaient-erronees-nous-avons-ecoute-le-marche-et-revu-notre-strategie\/#breadcrumb"},"inLanguage":"es","potentialAction":[{"@type":"ReadAction","target":["https:\/\/www.italpassion.fr\/es\/stellantis\/le-ceo-de-stellantis-les-hypotheses-sur-les-voitures-electriques-etaient-erronees-nous-avons-ecoute-le-marche-et-revu-notre-strategie\/"]}]},{"@type":"ImageObject","inLanguage":"es","@id":"https:\/\/www.italpassion.fr\/es\/stellantis\/le-ceo-de-stellantis-les-hypotheses-sur-les-voitures-electriques-etaient-erronees-nous-avons-ecoute-le-marche-et-revu-notre-strategie\/#primaryimage","url":"https:\/\/www.italpassion.fr\/wp-content\/uploads\/2025\/01\/antonio-filosa.jpg","contentUrl":"https:\/\/www.italpassion.fr\/wp-content\/uploads\/2025\/01\/antonio-filosa.jpg","width":1200,"height":800},{"@type":"BreadcrumbList","@id":"https:\/\/www.italpassion.fr\/es\/stellantis\/le-ceo-de-stellantis-les-hypotheses-sur-les-voitures-electriques-etaient-erronees-nous-avons-ecoute-le-marche-et-revu-notre-strategie\/#breadcrumb","itemListElement":[{"@type":"ListItem","position":1,"name":"Accueil","item":"https:\/\/www.italpassion.fr\/es\/"},{"@type":"ListItem","position":2,"name":"Le CEO de Stellantis : \u00ab\u00a0les hypoth\u00e8ses sur les voitures \u00e9lectriques \u00e9taient erron\u00e9es, nous avons \u00e9cout\u00e9 le march\u00e9 et revu notre strat\u00e9gie\u00a0\u00bb"}]},{"@type":"WebSite","@id":"https:\/\/www.italpassion.fr\/es\/#website","url":"https:\/\/www.italpassion.fr\/es\/","name":"ItalPassion","description":"Entusiastas de los coches italianos","publisher":{"@id":"https:\/\/www.italpassion.fr\/es\/#organization"},"potentialAction":[{"@type":"SearchAction","target":{"@type":"EntryPoint","urlTemplate":"https:\/\/www.italpassion.fr\/es\/?s={search_term_string}"},"query-input":{"@type":"PropertyValueSpecification","valueRequired":true,"valueName":"search_term_string"}}],"inLanguage":"es"},{"@type":"Organization","@id":"https:\/\/www.italpassion.fr\/es\/#organization","name":"Italpassion","url":"https:\/\/www.italpassion.fr\/es\/","logo":{"@type":"ImageObject","inLanguage":"es","@id":"https:\/\/www.italpassion.fr\/es\/#\/schema\/logo\/image\/","url":"https:\/\/www.italpassion.fr\/wp-content\/uploads\/2023\/07\/italpassion-yoast.jpg","contentUrl":"https:\/\/www.italpassion.fr\/wp-content\/uploads\/2023\/07\/italpassion-yoast.jpg","width":696,"height":696,"caption":"Italpassion"},"image":{"@id":"https:\/\/www.italpassion.fr\/es\/#\/schema\/logo\/image\/"},"sameAs":["https:\/\/www.facebook.com\/italpassion","https:\/\/x.com\/italpassion","https:\/\/www.instagram.com\/italpassionfr\/","https:\/\/www.youtube.com\/channel\/UCleq-ByQaA42OjhopwevRjQ","https:\/\/www.facebook.com\/italpassion.en\/","https:\/\/www.facebook.com\/italpassion.it\/","https:\/\/www.facebook.com\/italpassion.de\/","https:\/\/www.facebook.com\/italpassion.ja\/"]},{"@type":"Person","@id":"https:\/\/www.italpassion.fr\/es\/#\/schema\/person\/36f747b2a759ca202d847e85a9434ca0","name":"Alexandre Filluzeau","image":{"@type":"ImageObject","inLanguage":"es","@id":"https:\/\/www.italpassion.fr\/es\/#\/schema\/person\/image\/","url":"https:\/\/www.italpassion.fr\/wp-content\/uploads\/2025\/04\/avatar-alexandre-160x160.jpg","contentUrl":"https:\/\/www.italpassion.fr\/wp-content\/uploads\/2025\/04\/avatar-alexandre-160x160.jpg","caption":"Alexandre Filluzeau"},"description":"Fundador del sitio web ItalPassion, apasionado de los coches italianos y de Italia en general. Aporto una mirada cr\u00edtica y t\u00e9cnica a las noticias de las marcas italianas cuando es posible. Propietario de un Maserati GranTurismo, Alfa Romeo MiTo, Lancia Fulvia y Ducati 695. Ex-propietario de un Alfa Romeo Giulia.","sameAs":["https:\/\/www.italpassion.fr\/"],"url":"https:\/\/www.italpassion.fr\/es\/author\/alexandre\/"}]}},"_links":{"self":[{"href":"https:\/\/www.italpassion.fr\/es\/wp-json\/wp\/v2\/posts\/44023","targetHints":{"allow":["GET"]}}],"collection":[{"href":"https:\/\/www.italpassion.fr\/es\/wp-json\/wp\/v2\/posts"}],"about":[{"href":"https:\/\/www.italpassion.fr\/es\/wp-json\/wp\/v2\/types\/post"}],"author":[{"embeddable":true,"href":"https:\/\/www.italpassion.fr\/es\/wp-json\/wp\/v2\/users\/1"}],"replies":[{"embeddable":true,"href":"https:\/\/www.italpassion.fr\/es\/wp-json\/wp\/v2\/comments?post=44023"}],"version-history":[{"count":1,"href":"https:\/\/www.italpassion.fr\/es\/wp-json\/wp\/v2\/posts\/44023\/revisions"}],"predecessor-version":[{"id":44025,"href":"https:\/\/www.italpassion.fr\/es\/wp-json\/wp\/v2\/posts\/44023\/revisions\/44025"}],"wp:featuredmedia":[{"embeddable":true,"href":"https:\/\/www.italpassion.fr\/es\/wp-json\/wp\/v2\/media\/36056"}],"wp:attachment":[{"href":"https:\/\/www.italpassion.fr\/es\/wp-json\/wp\/v2\/media?parent=44023"}],"wp:term":[{"taxonomy":"category","embeddable":true,"href":"https:\/\/www.italpassion.fr\/es\/wp-json\/wp\/v2\/categories?post=44023"},{"taxonomy":"post_tag","embeddable":true,"href":"https:\/\/www.italpassion.fr\/es\/wp-json\/wp\/v2\/tags?post=44023"}],"curies":[{"name":"wp","href":"https:\/\/api.w.org\/{rel}","templated":true}]}}