{"id":42516,"date":"2025-10-29T11:39:18","date_gmt":"2025-10-29T10:39:18","guid":{"rendered":"https:\/\/www.italpassion.fr\/?p=42516"},"modified":"2025-10-29T11:39:18","modified_gmt":"2025-10-29T10:39:18","slug":"carlos-tavares-sobre-el-lancia-stratos-la-pasion-y-la-alegria-que-siente-la-gente-con-solo-pasar-por-delante-de-este-coche-es-increible","status":"publish","type":"post","link":"https:\/\/www.italpassion.fr\/es\/lancia\/carlos-tavares-a-propos-de-la-lancia-stratos-la-passion-et-la-joie-que-procure-aux-gens-le-simple-passage-de-cette-voiture-cest-inoui\/","title":{"rendered":"Carlos Tavares sobre el Lancia Stratos: \"La pasi\u00f3n y la alegr\u00eda que siente la gente con s\u00f3lo pasar por delante de este coche es incre\u00edble\"."},"content":{"rendered":"<figure class=\"wp-block-image size-full\"><img loading=\"lazy\" decoding=\"async\" width=\"1200\" height=\"800\" src=\"https:\/\/www.italpassion.fr\/wp-content\/uploads\/2025\/10\/carlos-tavares-lancia-stratos-2.jpg\" alt=\"\" class=\"wp-image-42587\" srcset=\"https:\/\/www.italpassion.fr\/wp-content\/uploads\/2025\/10\/carlos-tavares-lancia-stratos-2.jpg 1200w, https:\/\/www.italpassion.fr\/wp-content\/uploads\/2025\/10\/carlos-tavares-lancia-stratos-2-420x280.jpg 420w, https:\/\/www.italpassion.fr\/wp-content\/uploads\/2025\/10\/carlos-tavares-lancia-stratos-2-768x512.jpg 768w, https:\/\/www.italpassion.fr\/wp-content\/uploads\/2025\/10\/carlos-tavares-lancia-stratos-2-18x12.jpg 18w\" sizes=\"auto, (max-width: 1200px) 100vw, 1200px\" \/><\/figure>\n\n\n\n<p>Casi un a\u00f1o despu\u00e9s de dimitir como Director General de Stellantis, Carlos Tavares sigue viviendo su pasi\u00f3n de toda la vida: el automovilismo. Instalado en Portugal, lejos de los arcanos del poder industrial, el antiguo Director General comparte en su libro \"Un pilote dans la temp\u00eate\" (Un piloto en la tempestad) algunos recuerdos impactantes de su vida de gentleman driver. Tras evocar <a href=\"https:\/\/www.italpassion.fr\/es\/alfa-romeo\/carlos-tavares-mi-primer-coche-de-carreras-un-alfa-romeo-alfasud-sprint-soldado-con-chicle\/\">su Alfa Romeo Alfasud Sprint<\/a>es otro icono italiano el que recuerda: el <a href=\"https:\/\/www.italpassion.fr\/es\/lancia\/\">Lancia<\/a> Stratos HF.<\/p>\n\n\n\n<blockquote class=\"wp-block-quote is-layout-flow wp-block-quote-is-layout-flow\"><svg aria-hidden=\"true\" focusable=\"false\" class=\"icon icon-quote\" width=\"48\" height=\"48\"><use xlink:href=\"#icon-quote\"><\/use><\/svg>\n<p>\"Otro momento intenso y perfectamente feliz en mi carrera como piloto fue mi participaci\u00f3n en el Rally Hist\u00f3rico de Montecarlo hace unos a\u00f1os al volante de un maravilloso Lancia Stratos con los emblem\u00e1ticos colores de Alitalia, pilotado por Sandro Munari\", escribe.<\/p>\n<\/blockquote>\n\n\n\n<figure class=\"wp-block-image size-full\"><img loading=\"lazy\" decoding=\"async\" width=\"1200\" height=\"800\" src=\"https:\/\/www.italpassion.fr\/wp-content\/uploads\/2025\/10\/carlos-tavares-lancia-stratos-6.jpg\" alt=\"\" class=\"wp-image-42590\" srcset=\"https:\/\/www.italpassion.fr\/wp-content\/uploads\/2025\/10\/carlos-tavares-lancia-stratos-6.jpg 1200w, https:\/\/www.italpassion.fr\/wp-content\/uploads\/2025\/10\/carlos-tavares-lancia-stratos-6-420x280.jpg 420w, https:\/\/www.italpassion.fr\/wp-content\/uploads\/2025\/10\/carlos-tavares-lancia-stratos-6-768x512.jpg 768w, https:\/\/www.italpassion.fr\/wp-content\/uploads\/2025\/10\/carlos-tavares-lancia-stratos-6-18x12.jpg 18w\" sizes=\"auto, (max-width: 1200px) 100vw, 1200px\" \/><figcaption class=\"wp-element-caption\">Foto Carlos Tavares Automotive Life &amp; Vision<\/figcaption><\/figure>\n\n\n\n<p>Este Stratos, propiedad de su amigo Richard Mille, no es un coche cualquiera. Es un verdadero ejemplo del esp\u00edritu de los a\u00f1os 70, cuando Lancia dominaba el campeonato del mundo de rallies. Bajo su cap\u00f3 central, el V6 de 2,4 litros original de Ferrari Dino, que desarrollaba unos 190 CV en su versi\u00f3n de carretera y hasta 280 CV en configuraci\u00f3n de competici\u00f3n, impulsaba este coche compacto con sus l\u00edneas afiladas y un sonido y una capacidad de respuesta inigualables.<\/p>\n\n\n\n<figure class=\"wp-block-image size-full\"><img loading=\"lazy\" decoding=\"async\" width=\"1200\" height=\"800\" src=\"https:\/\/www.italpassion.fr\/wp-content\/uploads\/2025\/10\/carlos-tavares-lancia-stratos-4.jpg\" alt=\"\" class=\"wp-image-42588\" srcset=\"https:\/\/www.italpassion.fr\/wp-content\/uploads\/2025\/10\/carlos-tavares-lancia-stratos-4.jpg 1200w, https:\/\/www.italpassion.fr\/wp-content\/uploads\/2025\/10\/carlos-tavares-lancia-stratos-4-420x280.jpg 420w, https:\/\/www.italpassion.fr\/wp-content\/uploads\/2025\/10\/carlos-tavares-lancia-stratos-4-768x512.jpg 768w, https:\/\/www.italpassion.fr\/wp-content\/uploads\/2025\/10\/carlos-tavares-lancia-stratos-4-18x12.jpg 18w\" sizes=\"auto, (max-width: 1200px) 100vw, 1200px\" \/><figcaption class=\"wp-element-caption\">Foto Carlos Tavares Automotive Life &amp; Vision<\/figcaption><\/figure>\n\n\n\n<figure class=\"wp-block-image size-full\"><img loading=\"lazy\" decoding=\"async\" width=\"1200\" height=\"800\" src=\"https:\/\/www.italpassion.fr\/wp-content\/uploads\/2025\/10\/carlos-tavares-lancia-stratos-3.jpg\" alt=\"\" class=\"wp-image-42589\" srcset=\"https:\/\/www.italpassion.fr\/wp-content\/uploads\/2025\/10\/carlos-tavares-lancia-stratos-3.jpg 1200w, https:\/\/www.italpassion.fr\/wp-content\/uploads\/2025\/10\/carlos-tavares-lancia-stratos-3-420x280.jpg 420w, https:\/\/www.italpassion.fr\/wp-content\/uploads\/2025\/10\/carlos-tavares-lancia-stratos-3-768x512.jpg 768w, https:\/\/www.italpassion.fr\/wp-content\/uploads\/2025\/10\/carlos-tavares-lancia-stratos-3-18x12.jpg 18w\" sizes=\"auto, (max-width: 1200px) 100vw, 1200px\" \/><figcaption class=\"wp-element-caption\">Foto Carlos Tavares Automotive Life &amp; Vision<\/figcaption><\/figure>\n\n\n\n<p>Tavares recuerda haber tenido el privilegio de conducirlo en las etapas nevadas y heladas de la regi\u00f3n de Ard\u00e8che, durante el Rally Hist\u00f3rico de Montecarlo.<\/p>\n\n\n\n<blockquote class=\"wp-block-quote is-layout-flow wp-block-quote-is-layout-flow\"><svg aria-hidden=\"true\" focusable=\"false\" class=\"icon icon-quote\" width=\"48\" height=\"48\"><use xlink:href=\"#icon-quote\"><\/use><\/svg>\n<p>\"Qu\u00e9 felicidad y qu\u00e9 responsabilidad\", confiesa, antes de insistir en un mensaje que a\u00fan resuena hoy:<br>\"\u00a1Los tecn\u00f3cratas aut\u00f3fobos de Europa deber\u00edan darse cuenta de la pasi\u00f3n y la alegr\u00eda que siente la gente cuando este coche pasa por sus pueblos! Es inaudito\".<\/p>\n<\/blockquote>\n\n\n\n<figure class=\"wp-block-image size-full\"><img loading=\"lazy\" decoding=\"async\" width=\"1200\" height=\"800\" src=\"https:\/\/www.italpassion.fr\/wp-content\/uploads\/2025\/10\/carlos-tavares-lancia-stratos-9.jpg\" alt=\"\" class=\"wp-image-42592\" srcset=\"https:\/\/www.italpassion.fr\/wp-content\/uploads\/2025\/10\/carlos-tavares-lancia-stratos-9.jpg 1200w, https:\/\/www.italpassion.fr\/wp-content\/uploads\/2025\/10\/carlos-tavares-lancia-stratos-9-420x280.jpg 420w, https:\/\/www.italpassion.fr\/wp-content\/uploads\/2025\/10\/carlos-tavares-lancia-stratos-9-768x512.jpg 768w, https:\/\/www.italpassion.fr\/wp-content\/uploads\/2025\/10\/carlos-tavares-lancia-stratos-9-18x12.jpg 18w\" sizes=\"auto, (max-width: 1200px) 100vw, 1200px\" \/><figcaption class=\"wp-element-caption\">Foto Carlos Tavares Automotive Life &amp; Vision<\/figcaption><\/figure>\n\n\n\n<p>Es una declaraci\u00f3n contundente de un hombre que ha tenido que conciliar durante mucho tiempo su pasi\u00f3n por los coches con los imperativos de un grupo comprometido con la transici\u00f3n el\u00e9ctrica...<\/p>\n\n\n\n<p>El antiguo patr\u00f3n concluye su an\u00e9cdota con un toque de humor: a pesar de una infracci\u00f3n de tr\u00e1fico injustamente atribuida por los comisarios, devuelve el Stratos \"sin un rasgu\u00f1o\" a Richard Mille, agradeciendo \"de todo coraz\u00f3n\" su generosidad.<\/p>\n\n\n\n<figure class=\"wp-block-image size-full\"><img loading=\"lazy\" decoding=\"async\" width=\"1200\" height=\"800\" src=\"https:\/\/www.italpassion.fr\/wp-content\/uploads\/2025\/10\/carlos-tavares-lancia-stratos-1.jpg\" alt=\"\" class=\"wp-image-42591\" srcset=\"https:\/\/www.italpassion.fr\/wp-content\/uploads\/2025\/10\/carlos-tavares-lancia-stratos-1.jpg 1200w, https:\/\/www.italpassion.fr\/wp-content\/uploads\/2025\/10\/carlos-tavares-lancia-stratos-1-420x280.jpg 420w, https:\/\/www.italpassion.fr\/wp-content\/uploads\/2025\/10\/carlos-tavares-lancia-stratos-1-768x512.jpg 768w, https:\/\/www.italpassion.fr\/wp-content\/uploads\/2025\/10\/carlos-tavares-lancia-stratos-1-18x12.jpg 18w\" sizes=\"auto, (max-width: 1200px) 100vw, 1200px\" \/><figcaption class=\"wp-element-caption\">Foto Carlos Tavares Automotive Life &amp; Vision<\/figcaption><\/figure>\n\n\n\n<p>El Lancia Stratos sigue siendo una leyenda a d\u00eda de hoy. Dise\u00f1ado por Marcello Gandini para <strong>Bertone<\/strong>Campe\u00f3n del Mundo de Rallyes en 1974, 1975 y 1976, simboliza una \u00e9poca en la que Italia sab\u00eda combinar dise\u00f1o, tecnolog\u00eda y emoci\u00f3n.<\/p>\n\n\n\n<figure class=\"wp-block-embed is-type-video is-provider-youtube wp-block-embed-youtube wp-embed-aspect-16-9 wp-has-aspect-ratio\"><div class=\"wp-block-embed__wrapper\">\n<iframe loading=\"lazy\" title=\"Lancia Stratos. Historia de un icono.\" width=\"1200\" height=\"675\" src=\"https:\/\/www.youtube-nocookie.com\/embed\/NeOT-hXuxL8?feature=oembed\" frameborder=\"0\" allow=\"accelerometer; autoplay; clipboard-write; encrypted-media; gyroscope; picture-in-picture; web-share\" referrerpolicy=\"strict-origin-when-cross-origin\" allowfullscreen><\/iframe>\n<\/div><\/figure>","protected":false},"excerpt":{"rendered":"","protected":false},"author":1,"featured_media":42587,"comment_status":"open","ping_status":"open","sticky":false,"template":"","format":"standard","meta":{"_acf_changed":false,"_sitemap_exclude":false,"_sitemap_priority":"","_sitemap_frequency":"","footnotes":""},"categories":[26],"tags":[398,517],"class_list":["post-42516","post","type-post","status-publish","format-standard","has-post-thumbnail","hentry","category-lancia","tag-carlos-tavares","tag-lancia-stratos","generate-columns","tablet-grid-50","mobile-grid-100","grid-parent","grid-33"],"acf":[],"yoast_head":"<!-- This site is optimized with the Yoast SEO plugin v25.8 - https:\/\/yoast.com\/wordpress\/plugins\/seo\/ -->\n<title>Carlos Tavares \u00e0 propos de la Lancia Stratos : &quot;la passion et la joie que procure aux gens le simple passage de cette voiture, c&#039;est inou\u00ef&quot; - ItalPassion<\/title>\n<meta name=\"description\" content=\"Presque un an apr\u00e8s sa d\u00e9mission de la direction de Stellantis, Carlos Tavares continue de vivre sa passion de toujours : la course automobile. D\u00e9sormais\" \/>\n<meta name=\"robots\" content=\"index, follow, max-snippet:-1, max-image-preview:large, max-video-preview:-1\" \/>\n<link rel=\"canonical\" href=\"https:\/\/www.italpassion.fr\/es\/lancia\/carlos-tavares-sobre-el-lancia-stratos-la-pasion-y-la-alegria-que-siente-la-gente-con-solo-pasar-por-delante-de-este-coche-es-increible\/\" \/>\n<meta property=\"og:locale\" content=\"es_ES\" \/>\n<meta property=\"og:type\" content=\"article\" \/>\n<meta property=\"og:title\" content=\"Carlos Tavares \u00e0 propos de la Lancia Stratos : &quot;la passion et la joie que procure aux gens le simple passage de cette voiture, c&#039;est inou\u00ef&quot; - ItalPassion\" \/>\n<meta property=\"og:description\" content=\"Presque un an apr\u00e8s sa d\u00e9mission de la direction de Stellantis, Carlos Tavares continue de vivre sa passion de toujours : la course automobile. D\u00e9sormais\" \/>\n<meta property=\"og:url\" content=\"https:\/\/www.italpassion.fr\/es\/lancia\/carlos-tavares-sobre-el-lancia-stratos-la-pasion-y-la-alegria-que-siente-la-gente-con-solo-pasar-por-delante-de-este-coche-es-increible\/\" \/>\n<meta property=\"og:site_name\" content=\"ItalPassion\" \/>\n<meta property=\"article:publisher\" content=\"https:\/\/www.facebook.com\/italpassion\" \/>\n<meta property=\"article:published_time\" content=\"2025-10-29T10:39:18+00:00\" \/>\n<meta property=\"og:image\" content=\"https:\/\/www.italpassion.fr\/wp-content\/uploads\/2025\/10\/carlos-tavares-lancia-stratos-2.jpg\" \/>\n\t<meta property=\"og:image:width\" content=\"1200\" \/>\n\t<meta property=\"og:image:height\" content=\"800\" \/>\n\t<meta property=\"og:image:type\" content=\"image\/jpeg\" \/>\n<meta name=\"author\" content=\"Alexandre Filluzeau\" \/>\n<meta name=\"twitter:card\" content=\"summary_large_image\" \/>\n<meta name=\"twitter:creator\" content=\"@italpassion\" \/>\n<meta name=\"twitter:site\" content=\"@italpassion\" \/>\n<script type=\"application\/ld+json\" class=\"yoast-schema-graph\">{\"@context\":\"https:\/\/schema.org\",\"@graph\":[{\"@type\":\"NewsArticle\",\"@id\":\"https:\/\/www.italpassion.fr\/es\/lancia\/carlos-tavares-a-propos-de-la-lancia-stratos-la-passion-et-la-joie-que-procure-aux-gens-le-simple-passage-de-cette-voiture-cest-inoui\/#article\",\"isPartOf\":{\"@id\":\"https:\/\/www.italpassion.fr\/es\/lancia\/carlos-tavares-a-propos-de-la-lancia-stratos-la-passion-et-la-joie-que-procure-aux-gens-le-simple-passage-de-cette-voiture-cest-inoui\/\"},\"author\":{\"name\":\"Alexandre Filluzeau\",\"@id\":\"https:\/\/www.italpassion.fr\/es\/#\/schema\/person\/36f747b2a759ca202d847e85a9434ca0\"},\"headline\":\"Carlos Tavares \u00e0 propos de la Lancia Stratos : \u00ab\u00a0la passion et la joie que procure aux gens le simple passage de cette voiture, c&rsquo;est inou\u00ef\u00a0\u00bb\",\"datePublished\":\"2025-10-29T10:39:18+00:00\",\"mainEntityOfPage\":{\"@id\":\"https:\/\/www.italpassion.fr\/es\/lancia\/carlos-tavares-a-propos-de-la-lancia-stratos-la-passion-et-la-joie-que-procure-aux-gens-le-simple-passage-de-cette-voiture-cest-inoui\/\"},\"wordCount\":466,\"commentCount\":4,\"publisher\":{\"@id\":\"https:\/\/www.italpassion.fr\/es\/#organization\"},\"image\":{\"@id\":\"https:\/\/www.italpassion.fr\/es\/lancia\/carlos-tavares-a-propos-de-la-lancia-stratos-la-passion-et-la-joie-que-procure-aux-gens-le-simple-passage-de-cette-voiture-cest-inoui\/#primaryimage\"},\"thumbnailUrl\":\"https:\/\/www.italpassion.fr\/wp-content\/uploads\/2025\/10\/carlos-tavares-lancia-stratos-2.jpg\",\"keywords\":[\"Carlos Tavares\",\"Lancia Stratos\"],\"articleSection\":[\"Lancia\"],\"inLanguage\":\"es\",\"potentialAction\":[{\"@type\":\"CommentAction\",\"name\":\"Comment\",\"target\":[\"https:\/\/www.italpassion.fr\/es\/lancia\/carlos-tavares-a-propos-de-la-lancia-stratos-la-passion-et-la-joie-que-procure-aux-gens-le-simple-passage-de-cette-voiture-cest-inoui\/#respond\"]}]},{\"@type\":\"WebPage\",\"@id\":\"https:\/\/www.italpassion.fr\/es\/lancia\/carlos-tavares-a-propos-de-la-lancia-stratos-la-passion-et-la-joie-que-procure-aux-gens-le-simple-passage-de-cette-voiture-cest-inoui\/\",\"url\":\"https:\/\/www.italpassion.fr\/es\/lancia\/carlos-tavares-a-propos-de-la-lancia-stratos-la-passion-et-la-joie-que-procure-aux-gens-le-simple-passage-de-cette-voiture-cest-inoui\/\",\"name\":\"Carlos Tavares \u00e0 propos de la Lancia Stratos : \\\"la passion et la joie que procure aux gens le simple passage de cette voiture, c'est inou\u00ef\\\" - ItalPassion\",\"isPartOf\":{\"@id\":\"https:\/\/www.italpassion.fr\/es\/#website\"},\"primaryImageOfPage\":{\"@id\":\"https:\/\/www.italpassion.fr\/es\/lancia\/carlos-tavares-a-propos-de-la-lancia-stratos-la-passion-et-la-joie-que-procure-aux-gens-le-simple-passage-de-cette-voiture-cest-inoui\/#primaryimage\"},\"image\":{\"@id\":\"https:\/\/www.italpassion.fr\/es\/lancia\/carlos-tavares-a-propos-de-la-lancia-stratos-la-passion-et-la-joie-que-procure-aux-gens-le-simple-passage-de-cette-voiture-cest-inoui\/#primaryimage\"},\"thumbnailUrl\":\"https:\/\/www.italpassion.fr\/wp-content\/uploads\/2025\/10\/carlos-tavares-lancia-stratos-2.jpg\",\"datePublished\":\"2025-10-29T10:39:18+00:00\",\"description\":\"Presque un an apr\u00e8s sa d\u00e9mission de la direction de Stellantis, Carlos Tavares continue de vivre sa passion de toujours : la course automobile. D\u00e9sormais\",\"breadcrumb\":{\"@id\":\"https:\/\/www.italpassion.fr\/es\/lancia\/carlos-tavares-a-propos-de-la-lancia-stratos-la-passion-et-la-joie-que-procure-aux-gens-le-simple-passage-de-cette-voiture-cest-inoui\/#breadcrumb\"},\"inLanguage\":\"es\",\"potentialAction\":[{\"@type\":\"ReadAction\",\"target\":[\"https:\/\/www.italpassion.fr\/es\/lancia\/carlos-tavares-a-propos-de-la-lancia-stratos-la-passion-et-la-joie-que-procure-aux-gens-le-simple-passage-de-cette-voiture-cest-inoui\/\"]}]},{\"@type\":\"ImageObject\",\"inLanguage\":\"es\",\"@id\":\"https:\/\/www.italpassion.fr\/es\/lancia\/carlos-tavares-a-propos-de-la-lancia-stratos-la-passion-et-la-joie-que-procure-aux-gens-le-simple-passage-de-cette-voiture-cest-inoui\/#primaryimage\",\"url\":\"https:\/\/www.italpassion.fr\/wp-content\/uploads\/2025\/10\/carlos-tavares-lancia-stratos-2.jpg\",\"contentUrl\":\"https:\/\/www.italpassion.fr\/wp-content\/uploads\/2025\/10\/carlos-tavares-lancia-stratos-2.jpg\",\"width\":1200,\"height\":800},{\"@type\":\"BreadcrumbList\",\"@id\":\"https:\/\/www.italpassion.fr\/es\/lancia\/carlos-tavares-a-propos-de-la-lancia-stratos-la-passion-et-la-joie-que-procure-aux-gens-le-simple-passage-de-cette-voiture-cest-inoui\/#breadcrumb\",\"itemListElement\":[{\"@type\":\"ListItem\",\"position\":1,\"name\":\"Accueil\",\"item\":\"https:\/\/www.italpassion.fr\/es\/\"},{\"@type\":\"ListItem\",\"position\":2,\"name\":\"Carlos Tavares \u00e0 propos de la Lancia Stratos : \u00ab\u00a0la passion et la joie que procure aux gens le simple passage de cette voiture, c&rsquo;est inou\u00ef\u00a0\u00bb\"}]},{\"@type\":\"WebSite\",\"@id\":\"https:\/\/www.italpassion.fr\/es\/#website\",\"url\":\"https:\/\/www.italpassion.fr\/es\/\",\"name\":\"ItalPassion\",\"description\":\"Les Passionn\u00e9s d&#039;Automobiles Italiennes\",\"publisher\":{\"@id\":\"https:\/\/www.italpassion.fr\/es\/#organization\"},\"potentialAction\":[{\"@type\":\"SearchAction\",\"target\":{\"@type\":\"EntryPoint\",\"urlTemplate\":\"https:\/\/www.italpassion.fr\/es\/?s={search_term_string}\"},\"query-input\":{\"@type\":\"PropertyValueSpecification\",\"valueRequired\":true,\"valueName\":\"search_term_string\"}}],\"inLanguage\":\"es\"},{\"@type\":\"Organization\",\"@id\":\"https:\/\/www.italpassion.fr\/es\/#organization\",\"name\":\"Italpassion\",\"url\":\"https:\/\/www.italpassion.fr\/es\/\",\"logo\":{\"@type\":\"ImageObject\",\"inLanguage\":\"es\",\"@id\":\"https:\/\/www.italpassion.fr\/es\/#\/schema\/logo\/image\/\",\"url\":\"https:\/\/www.italpassion.fr\/wp-content\/uploads\/2023\/07\/italpassion-yoast.jpg\",\"contentUrl\":\"https:\/\/www.italpassion.fr\/wp-content\/uploads\/2023\/07\/italpassion-yoast.jpg\",\"width\":696,\"height\":696,\"caption\":\"Italpassion\"},\"image\":{\"@id\":\"https:\/\/www.italpassion.fr\/es\/#\/schema\/logo\/image\/\"},\"sameAs\":[\"https:\/\/www.facebook.com\/italpassion\",\"https:\/\/x.com\/italpassion\",\"https:\/\/www.instagram.com\/italpassionfr\/\",\"https:\/\/www.youtube.com\/channel\/UCleq-ByQaA42OjhopwevRjQ\",\"https:\/\/www.facebook.com\/italpassion.en\/\",\"https:\/\/www.facebook.com\/italpassion.it\/\",\"https:\/\/www.facebook.com\/italpassion.de\/\",\"https:\/\/www.facebook.com\/italpassion.ja\/\"]},{\"@type\":\"Person\",\"@id\":\"https:\/\/www.italpassion.fr\/es\/#\/schema\/person\/36f747b2a759ca202d847e85a9434ca0\",\"name\":\"Alexandre Filluzeau\",\"image\":{\"@type\":\"ImageObject\",\"inLanguage\":\"es\",\"@id\":\"https:\/\/www.italpassion.fr\/es\/#\/schema\/person\/image\/\",\"url\":\"https:\/\/www.italpassion.fr\/wp-content\/uploads\/2025\/04\/avatar-alexandre-160x160.jpg\",\"contentUrl\":\"https:\/\/www.italpassion.fr\/wp-content\/uploads\/2025\/04\/avatar-alexandre-160x160.jpg\",\"caption\":\"Alexandre Filluzeau\"},\"description\":\"Fondateur du site ItalPassion, passionn\u00e9 de voitures italiennes et de l'Italie en g\u00e9n\u00e9ral. J'apporte un regard critique et technique aux actualit\u00e9s des marques italiennes quand cela est possible. Propri\u00e9taire d'une Maserati GranTurismo, Alfa Romeo MiTo, Lancia Fulvia et Ducati 695. Ex-propri\u00e9taire d'une Alfa Romeo Giulia.\",\"sameAs\":[\"https:\/\/www.italpassion.fr\/\"],\"url\":\"https:\/\/www.italpassion.fr\/es\/author\/alexandre\/\"}]}<\/script>\n<!-- \/ Yoast SEO plugin. -->","yoast_head_json":{"title":"Carlos Tavares sobre el Lancia Stratos: \"La pasi\u00f3n y la alegr\u00eda que siente la gente con s\u00f3lo pasar por delante de este coche es incre\u00edble\" - ItalPassion","description":"Casi un a\u00f1o despu\u00e9s de dimitir como Consejero Delegado de Stellantis, Carlos Tavares sigue dedic\u00e1ndose a su pasi\u00f3n de toda la vida: el automovilismo. Ahora es","robots":{"index":"index","follow":"follow","max-snippet":"max-snippet:-1","max-image-preview":"max-image-preview:large","max-video-preview":"max-video-preview:-1"},"canonical":"https:\/\/www.italpassion.fr\/es\/lancia\/carlos-tavares-sobre-el-lancia-stratos-la-pasion-y-la-alegria-que-siente-la-gente-con-solo-pasar-por-delante-de-este-coche-es-increible\/","og_locale":"es_ES","og_type":"article","og_title":"Carlos Tavares \u00e0 propos de la Lancia Stratos : \"la passion et la joie que procure aux gens le simple passage de cette voiture, c'est inou\u00ef\" - ItalPassion","og_description":"Presque un an apr\u00e8s sa d\u00e9mission de la direction de Stellantis, Carlos Tavares continue de vivre sa passion de toujours : la course automobile. D\u00e9sormais","og_url":"https:\/\/www.italpassion.fr\/es\/lancia\/carlos-tavares-sobre-el-lancia-stratos-la-pasion-y-la-alegria-que-siente-la-gente-con-solo-pasar-por-delante-de-este-coche-es-increible\/","og_site_name":"ItalPassion","article_publisher":"https:\/\/www.facebook.com\/italpassion","article_published_time":"2025-10-29T10:39:18+00:00","og_image":[{"width":1200,"height":800,"url":"https:\/\/www.italpassion.fr\/wp-content\/uploads\/2025\/10\/carlos-tavares-lancia-stratos-2.jpg","type":"image\/jpeg"}],"author":"Alexandre Filluzeau","twitter_card":"summary_large_image","twitter_creator":"@italpassion","twitter_site":"@italpassion","schema":{"@context":"https:\/\/schema.org","@graph":[{"@type":"NewsArticle","@id":"https:\/\/www.italpassion.fr\/es\/lancia\/carlos-tavares-a-propos-de-la-lancia-stratos-la-passion-et-la-joie-que-procure-aux-gens-le-simple-passage-de-cette-voiture-cest-inoui\/#article","isPartOf":{"@id":"https:\/\/www.italpassion.fr\/es\/lancia\/carlos-tavares-a-propos-de-la-lancia-stratos-la-passion-et-la-joie-que-procure-aux-gens-le-simple-passage-de-cette-voiture-cest-inoui\/"},"author":{"name":"Alexandre Filluzeau","@id":"https:\/\/www.italpassion.fr\/es\/#\/schema\/person\/36f747b2a759ca202d847e85a9434ca0"},"headline":"Carlos Tavares \u00e0 propos de la Lancia Stratos : \u00ab\u00a0la passion et la joie que procure aux gens le simple passage de cette voiture, c&rsquo;est inou\u00ef\u00a0\u00bb","datePublished":"2025-10-29T10:39:18+00:00","mainEntityOfPage":{"@id":"https:\/\/www.italpassion.fr\/es\/lancia\/carlos-tavares-a-propos-de-la-lancia-stratos-la-passion-et-la-joie-que-procure-aux-gens-le-simple-passage-de-cette-voiture-cest-inoui\/"},"wordCount":466,"commentCount":4,"publisher":{"@id":"https:\/\/www.italpassion.fr\/es\/#organization"},"image":{"@id":"https:\/\/www.italpassion.fr\/es\/lancia\/carlos-tavares-a-propos-de-la-lancia-stratos-la-passion-et-la-joie-que-procure-aux-gens-le-simple-passage-de-cette-voiture-cest-inoui\/#primaryimage"},"thumbnailUrl":"https:\/\/www.italpassion.fr\/wp-content\/uploads\/2025\/10\/carlos-tavares-lancia-stratos-2.jpg","keywords":["Carlos Tavares","Lancia Stratos"],"articleSection":["Lancia"],"inLanguage":"es","potentialAction":[{"@type":"CommentAction","name":"Comment","target":["https:\/\/www.italpassion.fr\/es\/lancia\/carlos-tavares-a-propos-de-la-lancia-stratos-la-passion-et-la-joie-que-procure-aux-gens-le-simple-passage-de-cette-voiture-cest-inoui\/#respond"]}]},{"@type":"WebPage","@id":"https:\/\/www.italpassion.fr\/es\/lancia\/carlos-tavares-a-propos-de-la-lancia-stratos-la-passion-et-la-joie-que-procure-aux-gens-le-simple-passage-de-cette-voiture-cest-inoui\/","url":"https:\/\/www.italpassion.fr\/es\/lancia\/carlos-tavares-a-propos-de-la-lancia-stratos-la-passion-et-la-joie-que-procure-aux-gens-le-simple-passage-de-cette-voiture-cest-inoui\/","name":"Carlos Tavares sobre el Lancia Stratos: \"La pasi\u00f3n y la alegr\u00eda que siente la gente con s\u00f3lo pasar por delante de este coche es incre\u00edble\" - ItalPassion","isPartOf":{"@id":"https:\/\/www.italpassion.fr\/es\/#website"},"primaryImageOfPage":{"@id":"https:\/\/www.italpassion.fr\/es\/lancia\/carlos-tavares-a-propos-de-la-lancia-stratos-la-passion-et-la-joie-que-procure-aux-gens-le-simple-passage-de-cette-voiture-cest-inoui\/#primaryimage"},"image":{"@id":"https:\/\/www.italpassion.fr\/es\/lancia\/carlos-tavares-a-propos-de-la-lancia-stratos-la-passion-et-la-joie-que-procure-aux-gens-le-simple-passage-de-cette-voiture-cest-inoui\/#primaryimage"},"thumbnailUrl":"https:\/\/www.italpassion.fr\/wp-content\/uploads\/2025\/10\/carlos-tavares-lancia-stratos-2.jpg","datePublished":"2025-10-29T10:39:18+00:00","description":"Casi un a\u00f1o despu\u00e9s de dimitir como Consejero Delegado de Stellantis, Carlos Tavares sigue dedic\u00e1ndose a su pasi\u00f3n de toda la vida: el automovilismo. Ahora es","breadcrumb":{"@id":"https:\/\/www.italpassion.fr\/es\/lancia\/carlos-tavares-a-propos-de-la-lancia-stratos-la-passion-et-la-joie-que-procure-aux-gens-le-simple-passage-de-cette-voiture-cest-inoui\/#breadcrumb"},"inLanguage":"es","potentialAction":[{"@type":"ReadAction","target":["https:\/\/www.italpassion.fr\/es\/lancia\/carlos-tavares-a-propos-de-la-lancia-stratos-la-passion-et-la-joie-que-procure-aux-gens-le-simple-passage-de-cette-voiture-cest-inoui\/"]}]},{"@type":"ImageObject","inLanguage":"es","@id":"https:\/\/www.italpassion.fr\/es\/lancia\/carlos-tavares-a-propos-de-la-lancia-stratos-la-passion-et-la-joie-que-procure-aux-gens-le-simple-passage-de-cette-voiture-cest-inoui\/#primaryimage","url":"https:\/\/www.italpassion.fr\/wp-content\/uploads\/2025\/10\/carlos-tavares-lancia-stratos-2.jpg","contentUrl":"https:\/\/www.italpassion.fr\/wp-content\/uploads\/2025\/10\/carlos-tavares-lancia-stratos-2.jpg","width":1200,"height":800},{"@type":"BreadcrumbList","@id":"https:\/\/www.italpassion.fr\/es\/lancia\/carlos-tavares-a-propos-de-la-lancia-stratos-la-passion-et-la-joie-que-procure-aux-gens-le-simple-passage-de-cette-voiture-cest-inoui\/#breadcrumb","itemListElement":[{"@type":"ListItem","position":1,"name":"Accueil","item":"https:\/\/www.italpassion.fr\/es\/"},{"@type":"ListItem","position":2,"name":"Carlos Tavares \u00e0 propos de la Lancia Stratos : \u00ab\u00a0la passion et la joie que procure aux gens le simple passage de cette voiture, c&rsquo;est inou\u00ef\u00a0\u00bb"}]},{"@type":"WebSite","@id":"https:\/\/www.italpassion.fr\/es\/#website","url":"https:\/\/www.italpassion.fr\/es\/","name":"ItalPassion","description":"Entusiastas de los coches italianos","publisher":{"@id":"https:\/\/www.italpassion.fr\/es\/#organization"},"potentialAction":[{"@type":"SearchAction","target":{"@type":"EntryPoint","urlTemplate":"https:\/\/www.italpassion.fr\/es\/?s={search_term_string}"},"query-input":{"@type":"PropertyValueSpecification","valueRequired":true,"valueName":"search_term_string"}}],"inLanguage":"es"},{"@type":"Organization","@id":"https:\/\/www.italpassion.fr\/es\/#organization","name":"Italpassion","url":"https:\/\/www.italpassion.fr\/es\/","logo":{"@type":"ImageObject","inLanguage":"es","@id":"https:\/\/www.italpassion.fr\/es\/#\/schema\/logo\/image\/","url":"https:\/\/www.italpassion.fr\/wp-content\/uploads\/2023\/07\/italpassion-yoast.jpg","contentUrl":"https:\/\/www.italpassion.fr\/wp-content\/uploads\/2023\/07\/italpassion-yoast.jpg","width":696,"height":696,"caption":"Italpassion"},"image":{"@id":"https:\/\/www.italpassion.fr\/es\/#\/schema\/logo\/image\/"},"sameAs":["https:\/\/www.facebook.com\/italpassion","https:\/\/x.com\/italpassion","https:\/\/www.instagram.com\/italpassionfr\/","https:\/\/www.youtube.com\/channel\/UCleq-ByQaA42OjhopwevRjQ","https:\/\/www.facebook.com\/italpassion.en\/","https:\/\/www.facebook.com\/italpassion.it\/","https:\/\/www.facebook.com\/italpassion.de\/","https:\/\/www.facebook.com\/italpassion.ja\/"]},{"@type":"Person","@id":"https:\/\/www.italpassion.fr\/es\/#\/schema\/person\/36f747b2a759ca202d847e85a9434ca0","name":"Alexandre Filluzeau","image":{"@type":"ImageObject","inLanguage":"es","@id":"https:\/\/www.italpassion.fr\/es\/#\/schema\/person\/image\/","url":"https:\/\/www.italpassion.fr\/wp-content\/uploads\/2025\/04\/avatar-alexandre-160x160.jpg","contentUrl":"https:\/\/www.italpassion.fr\/wp-content\/uploads\/2025\/04\/avatar-alexandre-160x160.jpg","caption":"Alexandre Filluzeau"},"description":"Fundador del sitio web ItalPassion, apasionado de los coches italianos y de Italia en general. Aporto una mirada cr\u00edtica y t\u00e9cnica a las noticias de las marcas italianas cuando es posible. Propietario de un Maserati GranTurismo, Alfa Romeo MiTo, Lancia Fulvia y Ducati 695. Ex-propietario de un Alfa Romeo Giulia.","sameAs":["https:\/\/www.italpassion.fr\/"],"url":"https:\/\/www.italpassion.fr\/es\/author\/alexandre\/"}]}},"_links":{"self":[{"href":"https:\/\/www.italpassion.fr\/es\/wp-json\/wp\/v2\/posts\/42516","targetHints":{"allow":["GET"]}}],"collection":[{"href":"https:\/\/www.italpassion.fr\/es\/wp-json\/wp\/v2\/posts"}],"about":[{"href":"https:\/\/www.italpassion.fr\/es\/wp-json\/wp\/v2\/types\/post"}],"author":[{"embeddable":true,"href":"https:\/\/www.italpassion.fr\/es\/wp-json\/wp\/v2\/users\/1"}],"replies":[{"embeddable":true,"href":"https:\/\/www.italpassion.fr\/es\/wp-json\/wp\/v2\/comments?post=42516"}],"version-history":[{"count":2,"href":"https:\/\/www.italpassion.fr\/es\/wp-json\/wp\/v2\/posts\/42516\/revisions"}],"predecessor-version":[{"id":42593,"href":"https:\/\/www.italpassion.fr\/es\/wp-json\/wp\/v2\/posts\/42516\/revisions\/42593"}],"wp:featuredmedia":[{"embeddable":true,"href":"https:\/\/www.italpassion.fr\/es\/wp-json\/wp\/v2\/media\/42587"}],"wp:attachment":[{"href":"https:\/\/www.italpassion.fr\/es\/wp-json\/wp\/v2\/media?parent=42516"}],"wp:term":[{"taxonomy":"category","embeddable":true,"href":"https:\/\/www.italpassion.fr\/es\/wp-json\/wp\/v2\/categories?post=42516"},{"taxonomy":"post_tag","embeddable":true,"href":"https:\/\/www.italpassion.fr\/es\/wp-json\/wp\/v2\/tags?post=42516"}],"curies":[{"name":"wp","href":"https:\/\/api.w.org\/{rel}","templated":true}]}}