{"id":42514,"date":"2025-10-28T08:01:54","date_gmt":"2025-10-28T07:01:54","guid":{"rendered":"https:\/\/www.italpassion.fr\/?p=42514"},"modified":"2025-10-27T21:50:40","modified_gmt":"2025-10-27T20:50:40","slug":"carlos-tavares-mi-primer-coche-de-carreras-un-alfa-romeo-alfasud-sprint-soldado-con-chicle","status":"publish","type":"post","link":"https:\/\/www.italpassion.fr\/es\/alfa-romeo\/carlos-tavares-ma-premiere-voiture-de-course-une-alfa-romeo-alfasud-sprint-soudee-au-chewing-gum\/","title":{"rendered":"Carlos Tavares: mi primer coche de carreras, un Alfa Romeo Alfasud Sprint, soldado con chicle"},"content":{"rendered":"<figure class=\"wp-block-image size-full\"><img loading=\"lazy\" decoding=\"async\" width=\"1200\" height=\"800\" src=\"https:\/\/www.italpassion.fr\/wp-content\/uploads\/2025\/10\/alfa-romeo-alfasud.jpg\" alt=\"\" class=\"wp-image-42529\" srcset=\"https:\/\/www.italpassion.fr\/wp-content\/uploads\/2025\/10\/alfa-romeo-alfasud.jpg 1200w, https:\/\/www.italpassion.fr\/wp-content\/uploads\/2025\/10\/alfa-romeo-alfasud-420x280.jpg 420w, https:\/\/www.italpassion.fr\/wp-content\/uploads\/2025\/10\/alfa-romeo-alfasud-768x512.jpg 768w, https:\/\/www.italpassion.fr\/wp-content\/uploads\/2025\/10\/alfa-romeo-alfasud-18x12.jpg 18w\" sizes=\"auto, (max-width: 1200px) 100vw, 1200px\" \/><figcaption class=\"wp-element-caption\">Ilustraci\u00f3n de imagen generada por AI by Italpassion<\/figcaption><\/figure>\n\n\n\n<p>Casi un a\u00f1o despu\u00e9s <a href=\"https:\/\/www.italpassion.fr\/es\/stellantis\/dimision-de-carlos-tavares-consejero-delegado-de-stellantis\/\">su dimisi\u00f3n como Director General de Stellantis<\/a>Carlos Tavares vuelve a ser noticia, tras haber sido sustituido por Antonio Filosa en junio de 2025. El ejecutivo portugu\u00e9s acaba de publicar un libro titulado Un pilote dans la temp\u00eate, que ya hemos le\u00eddo, y en el que repasa su vida, su carrera y su pasi\u00f3n por los coches. Y entre las muchas an\u00e9cdotas que comparte, una har\u00e1 sonre\u00edr a los Alfistas: la de su primer coche de carreras, un Alfasud Sprint 1.5L... parcialmente soldado con chicle.<\/p>\n\n\n\n<h2 class=\"wp-block-heading\">El Alfa Romeo de sus comienzos<\/h2>\n\n\n\n<figure class=\"wp-block-image size-full\"><img loading=\"lazy\" decoding=\"async\" width=\"1200\" height=\"800\" src=\"https:\/\/www.italpassion.fr\/wp-content\/uploads\/2025\/10\/alfa-romeo-alfasud-2.jpg\" alt=\"\" class=\"wp-image-42530\" srcset=\"https:\/\/www.italpassion.fr\/wp-content\/uploads\/2025\/10\/alfa-romeo-alfasud-2.jpg 1200w, https:\/\/www.italpassion.fr\/wp-content\/uploads\/2025\/10\/alfa-romeo-alfasud-2-420x280.jpg 420w, https:\/\/www.italpassion.fr\/wp-content\/uploads\/2025\/10\/alfa-romeo-alfasud-2-768x512.jpg 768w, https:\/\/www.italpassion.fr\/wp-content\/uploads\/2025\/10\/alfa-romeo-alfasud-2-18x12.jpg 18w\" sizes=\"auto, (max-width: 1200px) 100vw, 1200px\" \/><\/figure>\n\n\n\n<p>En el cap\u00edtulo 15, sobriamente titulado \"El piloto\", Carlos Tavares cuenta c\u00f3mo empez\u00f3 su pasi\u00f3n por el automovilismo cuando era adolescente. Su primera carrera oficial fue en julio de 1980, al volante de su propio coche: un Alfa Romeo Alfasud Sprint 1.5L, que le regalaron sus padres. Pero antes de inscribirlo en una competici\u00f3n, tuvo que transformarlo. Extintor, disyuntor, barra antivuelco... hay que instalarlo todo. El joven Tavares no ten\u00eda presupuesto ni infraestructura, as\u00ed que prepar\u00f3 su coche lo mejor que pudo.<\/p>\n\n\n\n<h2 class=\"wp-block-heading\">El aro casero<\/h2>\n\n\n\n<p>La barra antivuelco, obligatoria para correr, se fabricar\u00e1 a medida... en un fabricante de puertas situado al pie del bloque de pisos donde vive. \u00bfEl acero utilizado? Aproximado. \u00bfEspesor? Incierto. En cuanto a las soldaduras, son, seg\u00fan sus propias palabras, \"de todo menos reglamentarias\". <\/p>\n\n\n\n<p>Recuerda que recort\u00f3 la moqueta del habit\u00e1culo para fijar los tubos e improvis\u00f3 donde el acceso era demasiado dif\u00edcil. En estas zonas, imposibles de soldar correctamente, utiliz\u00f3... chicle, que luego pint\u00f3 del mismo color que el resto de la barra antivuelco, solo para enga\u00f1ar a los escrutadores.<\/p>\n\n\n\n<h2 class=\"wp-block-heading\">Un podio inesperado<\/h2>\n\n\n\n<p>Contra todo pron\u00f3stico, el coche super\u00f3 la prueba y tom\u00f3 la salida. Este atrevido movimiento de bricolaje no impidi\u00f3 a Tavares realizar una buena actuaci\u00f3n: termin\u00f3 2\u00ba en su clase y 10\u00ba en la general.<br>Ese d\u00eda, el futuro expatr\u00f3n de Stellantis gan\u00f3 su primer trofeo.<\/p>","protected":false},"excerpt":{"rendered":"","protected":false},"author":1,"featured_media":42529,"comment_status":"open","ping_status":"open","sticky":false,"template":"","format":"standard","meta":{"_acf_changed":false,"_sitemap_exclude":false,"_sitemap_priority":"","_sitemap_frequency":"","footnotes":""},"categories":[22],"tags":[398],"class_list":["post-42514","post","type-post","status-publish","format-standard","has-post-thumbnail","hentry","category-alfa-romeo","tag-carlos-tavares","generate-columns","tablet-grid-50","mobile-grid-100","grid-parent","grid-33"],"acf":[],"yoast_head":"<!-- This site is optimized with the Yoast SEO plugin v25.8 - https:\/\/yoast.com\/wordpress\/plugins\/seo\/ -->\n<title>Carlos Tavares : ma premi\u00e8re voiture de course, une Alfa Romeo Alfasud Sprint, soud\u00e9e au chewing-gum - ItalPassion<\/title>\n<meta name=\"description\" content=\"Image illustration g\u00e9n\u00e9r\u00e9e par IA par Italpassion Pr\u00e8s d\u2019un an apr\u00e8s sa d\u00e9mission de la direction g\u00e9n\u00e9rale de Stellantis, remplac\u00e9 depuis juin 2025 par\" \/>\n<meta name=\"robots\" content=\"index, follow, max-snippet:-1, max-image-preview:large, max-video-preview:-1\" \/>\n<link rel=\"canonical\" href=\"https:\/\/www.italpassion.fr\/es\/alfa-romeo\/carlos-tavares-mi-primer-coche-de-carreras-un-alfa-romeo-alfasud-sprint-soldado-con-chicle\/\" \/>\n<meta property=\"og:locale\" content=\"es_ES\" \/>\n<meta property=\"og:type\" content=\"article\" \/>\n<meta property=\"og:title\" content=\"Carlos Tavares : ma premi\u00e8re voiture de course, une Alfa Romeo Alfasud Sprint, soud\u00e9e au chewing-gum - ItalPassion\" \/>\n<meta property=\"og:description\" content=\"Image illustration g\u00e9n\u00e9r\u00e9e par IA par Italpassion Pr\u00e8s d\u2019un an apr\u00e8s sa d\u00e9mission de la direction g\u00e9n\u00e9rale de Stellantis, remplac\u00e9 depuis juin 2025 par\" \/>\n<meta property=\"og:url\" content=\"https:\/\/www.italpassion.fr\/es\/alfa-romeo\/carlos-tavares-mi-primer-coche-de-carreras-un-alfa-romeo-alfasud-sprint-soldado-con-chicle\/\" \/>\n<meta property=\"og:site_name\" content=\"ItalPassion\" \/>\n<meta property=\"article:publisher\" content=\"https:\/\/www.facebook.com\/italpassion\" \/>\n<meta property=\"article:published_time\" content=\"2025-10-28T07:01:54+00:00\" \/>\n<meta property=\"og:image\" content=\"https:\/\/www.italpassion.fr\/wp-content\/uploads\/2025\/10\/alfa-romeo-alfasud.jpg\" \/>\n\t<meta property=\"og:image:width\" content=\"1200\" \/>\n\t<meta property=\"og:image:height\" content=\"800\" \/>\n\t<meta property=\"og:image:type\" content=\"image\/jpeg\" \/>\n<meta name=\"author\" content=\"Alexandre Filluzeau\" \/>\n<meta name=\"twitter:card\" content=\"summary_large_image\" \/>\n<meta name=\"twitter:creator\" content=\"@italpassion\" \/>\n<meta name=\"twitter:site\" content=\"@italpassion\" \/>\n<script type=\"application\/ld+json\" class=\"yoast-schema-graph\">{\"@context\":\"https:\/\/schema.org\",\"@graph\":[{\"@type\":\"NewsArticle\",\"@id\":\"https:\/\/www.italpassion.fr\/es\/alfa-romeo\/carlos-tavares-ma-premiere-voiture-de-course-une-alfa-romeo-alfasud-sprint-soudee-au-chewing-gum\/#article\",\"isPartOf\":{\"@id\":\"https:\/\/www.italpassion.fr\/es\/alfa-romeo\/carlos-tavares-ma-premiere-voiture-de-course-une-alfa-romeo-alfasud-sprint-soudee-au-chewing-gum\/\"},\"author\":{\"name\":\"Alexandre Filluzeau\",\"@id\":\"https:\/\/www.italpassion.fr\/es\/#\/schema\/person\/36f747b2a759ca202d847e85a9434ca0\"},\"headline\":\"Carlos Tavares : ma premi\u00e8re voiture de course, une Alfa Romeo Alfasud Sprint, soud\u00e9e au chewing-gum\",\"datePublished\":\"2025-10-28T07:01:54+00:00\",\"mainEntityOfPage\":{\"@id\":\"https:\/\/www.italpassion.fr\/es\/alfa-romeo\/carlos-tavares-ma-premiere-voiture-de-course-une-alfa-romeo-alfasud-sprint-soudee-au-chewing-gum\/\"},\"wordCount\":397,\"commentCount\":7,\"publisher\":{\"@id\":\"https:\/\/www.italpassion.fr\/es\/#organization\"},\"image\":{\"@id\":\"https:\/\/www.italpassion.fr\/es\/alfa-romeo\/carlos-tavares-ma-premiere-voiture-de-course-une-alfa-romeo-alfasud-sprint-soudee-au-chewing-gum\/#primaryimage\"},\"thumbnailUrl\":\"https:\/\/www.italpassion.fr\/wp-content\/uploads\/2025\/10\/alfa-romeo-alfasud.jpg\",\"keywords\":[\"Carlos Tavares\"],\"articleSection\":[\"Alfa Romeo\"],\"inLanguage\":\"es\",\"potentialAction\":[{\"@type\":\"CommentAction\",\"name\":\"Comment\",\"target\":[\"https:\/\/www.italpassion.fr\/es\/alfa-romeo\/carlos-tavares-ma-premiere-voiture-de-course-une-alfa-romeo-alfasud-sprint-soudee-au-chewing-gum\/#respond\"]}]},{\"@type\":\"WebPage\",\"@id\":\"https:\/\/www.italpassion.fr\/es\/alfa-romeo\/carlos-tavares-ma-premiere-voiture-de-course-une-alfa-romeo-alfasud-sprint-soudee-au-chewing-gum\/\",\"url\":\"https:\/\/www.italpassion.fr\/es\/alfa-romeo\/carlos-tavares-ma-premiere-voiture-de-course-une-alfa-romeo-alfasud-sprint-soudee-au-chewing-gum\/\",\"name\":\"Carlos Tavares : ma premi\u00e8re voiture de course, une Alfa Romeo Alfasud Sprint, soud\u00e9e au chewing-gum - ItalPassion\",\"isPartOf\":{\"@id\":\"https:\/\/www.italpassion.fr\/es\/#website\"},\"primaryImageOfPage\":{\"@id\":\"https:\/\/www.italpassion.fr\/es\/alfa-romeo\/carlos-tavares-ma-premiere-voiture-de-course-une-alfa-romeo-alfasud-sprint-soudee-au-chewing-gum\/#primaryimage\"},\"image\":{\"@id\":\"https:\/\/www.italpassion.fr\/es\/alfa-romeo\/carlos-tavares-ma-premiere-voiture-de-course-une-alfa-romeo-alfasud-sprint-soudee-au-chewing-gum\/#primaryimage\"},\"thumbnailUrl\":\"https:\/\/www.italpassion.fr\/wp-content\/uploads\/2025\/10\/alfa-romeo-alfasud.jpg\",\"datePublished\":\"2025-10-28T07:01:54+00:00\",\"description\":\"Image illustration g\u00e9n\u00e9r\u00e9e par IA par Italpassion Pr\u00e8s d\u2019un an apr\u00e8s sa d\u00e9mission de la direction g\u00e9n\u00e9rale de Stellantis, remplac\u00e9 depuis juin 2025 par\",\"breadcrumb\":{\"@id\":\"https:\/\/www.italpassion.fr\/es\/alfa-romeo\/carlos-tavares-ma-premiere-voiture-de-course-une-alfa-romeo-alfasud-sprint-soudee-au-chewing-gum\/#breadcrumb\"},\"inLanguage\":\"es\",\"potentialAction\":[{\"@type\":\"ReadAction\",\"target\":[\"https:\/\/www.italpassion.fr\/es\/alfa-romeo\/carlos-tavares-ma-premiere-voiture-de-course-une-alfa-romeo-alfasud-sprint-soudee-au-chewing-gum\/\"]}]},{\"@type\":\"ImageObject\",\"inLanguage\":\"es\",\"@id\":\"https:\/\/www.italpassion.fr\/es\/alfa-romeo\/carlos-tavares-ma-premiere-voiture-de-course-une-alfa-romeo-alfasud-sprint-soudee-au-chewing-gum\/#primaryimage\",\"url\":\"https:\/\/www.italpassion.fr\/wp-content\/uploads\/2025\/10\/alfa-romeo-alfasud.jpg\",\"contentUrl\":\"https:\/\/www.italpassion.fr\/wp-content\/uploads\/2025\/10\/alfa-romeo-alfasud.jpg\",\"width\":1200,\"height\":800},{\"@type\":\"BreadcrumbList\",\"@id\":\"https:\/\/www.italpassion.fr\/es\/alfa-romeo\/carlos-tavares-ma-premiere-voiture-de-course-une-alfa-romeo-alfasud-sprint-soudee-au-chewing-gum\/#breadcrumb\",\"itemListElement\":[{\"@type\":\"ListItem\",\"position\":1,\"name\":\"Accueil\",\"item\":\"https:\/\/www.italpassion.fr\/es\/\"},{\"@type\":\"ListItem\",\"position\":2,\"name\":\"Carlos Tavares : ma premi\u00e8re voiture de course, une Alfa Romeo Alfasud Sprint, soud\u00e9e au chewing-gum\"}]},{\"@type\":\"WebSite\",\"@id\":\"https:\/\/www.italpassion.fr\/es\/#website\",\"url\":\"https:\/\/www.italpassion.fr\/es\/\",\"name\":\"ItalPassion\",\"description\":\"Les Passionn\u00e9s d&#039;Automobiles Italiennes\",\"publisher\":{\"@id\":\"https:\/\/www.italpassion.fr\/es\/#organization\"},\"potentialAction\":[{\"@type\":\"SearchAction\",\"target\":{\"@type\":\"EntryPoint\",\"urlTemplate\":\"https:\/\/www.italpassion.fr\/es\/?s={search_term_string}\"},\"query-input\":{\"@type\":\"PropertyValueSpecification\",\"valueRequired\":true,\"valueName\":\"search_term_string\"}}],\"inLanguage\":\"es\"},{\"@type\":\"Organization\",\"@id\":\"https:\/\/www.italpassion.fr\/es\/#organization\",\"name\":\"Italpassion\",\"url\":\"https:\/\/www.italpassion.fr\/es\/\",\"logo\":{\"@type\":\"ImageObject\",\"inLanguage\":\"es\",\"@id\":\"https:\/\/www.italpassion.fr\/es\/#\/schema\/logo\/image\/\",\"url\":\"https:\/\/www.italpassion.fr\/wp-content\/uploads\/2023\/07\/italpassion-yoast.jpg\",\"contentUrl\":\"https:\/\/www.italpassion.fr\/wp-content\/uploads\/2023\/07\/italpassion-yoast.jpg\",\"width\":696,\"height\":696,\"caption\":\"Italpassion\"},\"image\":{\"@id\":\"https:\/\/www.italpassion.fr\/es\/#\/schema\/logo\/image\/\"},\"sameAs\":[\"https:\/\/www.facebook.com\/italpassion\",\"https:\/\/x.com\/italpassion\",\"https:\/\/www.instagram.com\/italpassionfr\/\",\"https:\/\/www.youtube.com\/channel\/UCleq-ByQaA42OjhopwevRjQ\",\"https:\/\/www.facebook.com\/italpassion.en\/\",\"https:\/\/www.facebook.com\/italpassion.it\/\",\"https:\/\/www.facebook.com\/italpassion.de\/\",\"https:\/\/www.facebook.com\/italpassion.ja\/\"]},{\"@type\":\"Person\",\"@id\":\"https:\/\/www.italpassion.fr\/es\/#\/schema\/person\/36f747b2a759ca202d847e85a9434ca0\",\"name\":\"Alexandre Filluzeau\",\"image\":{\"@type\":\"ImageObject\",\"inLanguage\":\"es\",\"@id\":\"https:\/\/www.italpassion.fr\/es\/#\/schema\/person\/image\/\",\"url\":\"https:\/\/www.italpassion.fr\/wp-content\/uploads\/2025\/04\/avatar-alexandre-160x160.jpg\",\"contentUrl\":\"https:\/\/www.italpassion.fr\/wp-content\/uploads\/2025\/04\/avatar-alexandre-160x160.jpg\",\"caption\":\"Alexandre Filluzeau\"},\"description\":\"Fondateur du site ItalPassion, passionn\u00e9 de voitures italiennes et de l'Italie en g\u00e9n\u00e9ral. J'apporte un regard critique et technique aux actualit\u00e9s des marques italiennes quand cela est possible. Propri\u00e9taire d'une Maserati GranTurismo, Alfa Romeo MiTo, Lancia Fulvia et Ducati 695. Ex-propri\u00e9taire d'une Alfa Romeo Giulia.\",\"sameAs\":[\"https:\/\/www.italpassion.fr\/\"],\"url\":\"https:\/\/www.italpassion.fr\/es\/author\/alexandre\/\"}]}<\/script>\n<!-- \/ Yoast SEO plugin. -->","yoast_head_json":{"title":"Carlos Tavares: mi primer coche de carreras, un Alfa Romeo Alfasud Sprint, soldado con chicle - ItalPassion","description":"Ilustraci\u00f3n de imagen generada por AI by Italpassion Casi un a\u00f1o despu\u00e9s de su dimisi\u00f3n como Consejero Delegado de Stellantis, sustituido desde junio de 2025 por","robots":{"index":"index","follow":"follow","max-snippet":"max-snippet:-1","max-image-preview":"max-image-preview:large","max-video-preview":"max-video-preview:-1"},"canonical":"https:\/\/www.italpassion.fr\/es\/alfa-romeo\/carlos-tavares-mi-primer-coche-de-carreras-un-alfa-romeo-alfasud-sprint-soldado-con-chicle\/","og_locale":"es_ES","og_type":"article","og_title":"Carlos Tavares : ma premi\u00e8re voiture de course, une Alfa Romeo Alfasud Sprint, soud\u00e9e au chewing-gum - ItalPassion","og_description":"Image illustration g\u00e9n\u00e9r\u00e9e par IA par Italpassion Pr\u00e8s d\u2019un an apr\u00e8s sa d\u00e9mission de la direction g\u00e9n\u00e9rale de Stellantis, remplac\u00e9 depuis juin 2025 par","og_url":"https:\/\/www.italpassion.fr\/es\/alfa-romeo\/carlos-tavares-mi-primer-coche-de-carreras-un-alfa-romeo-alfasud-sprint-soldado-con-chicle\/","og_site_name":"ItalPassion","article_publisher":"https:\/\/www.facebook.com\/italpassion","article_published_time":"2025-10-28T07:01:54+00:00","og_image":[{"width":1200,"height":800,"url":"https:\/\/www.italpassion.fr\/wp-content\/uploads\/2025\/10\/alfa-romeo-alfasud.jpg","type":"image\/jpeg"}],"author":"Alexandre Filluzeau","twitter_card":"summary_large_image","twitter_creator":"@italpassion","twitter_site":"@italpassion","schema":{"@context":"https:\/\/schema.org","@graph":[{"@type":"NewsArticle","@id":"https:\/\/www.italpassion.fr\/es\/alfa-romeo\/carlos-tavares-ma-premiere-voiture-de-course-une-alfa-romeo-alfasud-sprint-soudee-au-chewing-gum\/#article","isPartOf":{"@id":"https:\/\/www.italpassion.fr\/es\/alfa-romeo\/carlos-tavares-ma-premiere-voiture-de-course-une-alfa-romeo-alfasud-sprint-soudee-au-chewing-gum\/"},"author":{"name":"Alexandre Filluzeau","@id":"https:\/\/www.italpassion.fr\/es\/#\/schema\/person\/36f747b2a759ca202d847e85a9434ca0"},"headline":"Carlos Tavares : ma premi\u00e8re voiture de course, une Alfa Romeo Alfasud Sprint, soud\u00e9e au chewing-gum","datePublished":"2025-10-28T07:01:54+00:00","mainEntityOfPage":{"@id":"https:\/\/www.italpassion.fr\/es\/alfa-romeo\/carlos-tavares-ma-premiere-voiture-de-course-une-alfa-romeo-alfasud-sprint-soudee-au-chewing-gum\/"},"wordCount":397,"commentCount":7,"publisher":{"@id":"https:\/\/www.italpassion.fr\/es\/#organization"},"image":{"@id":"https:\/\/www.italpassion.fr\/es\/alfa-romeo\/carlos-tavares-ma-premiere-voiture-de-course-une-alfa-romeo-alfasud-sprint-soudee-au-chewing-gum\/#primaryimage"},"thumbnailUrl":"https:\/\/www.italpassion.fr\/wp-content\/uploads\/2025\/10\/alfa-romeo-alfasud.jpg","keywords":["Carlos Tavares"],"articleSection":["Alfa Romeo"],"inLanguage":"es","potentialAction":[{"@type":"CommentAction","name":"Comment","target":["https:\/\/www.italpassion.fr\/es\/alfa-romeo\/carlos-tavares-ma-premiere-voiture-de-course-une-alfa-romeo-alfasud-sprint-soudee-au-chewing-gum\/#respond"]}]},{"@type":"WebPage","@id":"https:\/\/www.italpassion.fr\/es\/alfa-romeo\/carlos-tavares-ma-premiere-voiture-de-course-une-alfa-romeo-alfasud-sprint-soudee-au-chewing-gum\/","url":"https:\/\/www.italpassion.fr\/es\/alfa-romeo\/carlos-tavares-ma-premiere-voiture-de-course-une-alfa-romeo-alfasud-sprint-soudee-au-chewing-gum\/","name":"Carlos Tavares: mi primer coche de carreras, un Alfa Romeo Alfasud Sprint, soldado con chicle - ItalPassion","isPartOf":{"@id":"https:\/\/www.italpassion.fr\/es\/#website"},"primaryImageOfPage":{"@id":"https:\/\/www.italpassion.fr\/es\/alfa-romeo\/carlos-tavares-ma-premiere-voiture-de-course-une-alfa-romeo-alfasud-sprint-soudee-au-chewing-gum\/#primaryimage"},"image":{"@id":"https:\/\/www.italpassion.fr\/es\/alfa-romeo\/carlos-tavares-ma-premiere-voiture-de-course-une-alfa-romeo-alfasud-sprint-soudee-au-chewing-gum\/#primaryimage"},"thumbnailUrl":"https:\/\/www.italpassion.fr\/wp-content\/uploads\/2025\/10\/alfa-romeo-alfasud.jpg","datePublished":"2025-10-28T07:01:54+00:00","description":"Ilustraci\u00f3n de imagen generada por AI by Italpassion Casi un a\u00f1o despu\u00e9s de su dimisi\u00f3n como Consejero Delegado de Stellantis, sustituido desde junio de 2025 por","breadcrumb":{"@id":"https:\/\/www.italpassion.fr\/es\/alfa-romeo\/carlos-tavares-ma-premiere-voiture-de-course-une-alfa-romeo-alfasud-sprint-soudee-au-chewing-gum\/#breadcrumb"},"inLanguage":"es","potentialAction":[{"@type":"ReadAction","target":["https:\/\/www.italpassion.fr\/es\/alfa-romeo\/carlos-tavares-ma-premiere-voiture-de-course-une-alfa-romeo-alfasud-sprint-soudee-au-chewing-gum\/"]}]},{"@type":"ImageObject","inLanguage":"es","@id":"https:\/\/www.italpassion.fr\/es\/alfa-romeo\/carlos-tavares-ma-premiere-voiture-de-course-une-alfa-romeo-alfasud-sprint-soudee-au-chewing-gum\/#primaryimage","url":"https:\/\/www.italpassion.fr\/wp-content\/uploads\/2025\/10\/alfa-romeo-alfasud.jpg","contentUrl":"https:\/\/www.italpassion.fr\/wp-content\/uploads\/2025\/10\/alfa-romeo-alfasud.jpg","width":1200,"height":800},{"@type":"BreadcrumbList","@id":"https:\/\/www.italpassion.fr\/es\/alfa-romeo\/carlos-tavares-ma-premiere-voiture-de-course-une-alfa-romeo-alfasud-sprint-soudee-au-chewing-gum\/#breadcrumb","itemListElement":[{"@type":"ListItem","position":1,"name":"Accueil","item":"https:\/\/www.italpassion.fr\/es\/"},{"@type":"ListItem","position":2,"name":"Carlos Tavares : ma premi\u00e8re voiture de course, une Alfa Romeo Alfasud Sprint, soud\u00e9e au chewing-gum"}]},{"@type":"WebSite","@id":"https:\/\/www.italpassion.fr\/es\/#website","url":"https:\/\/www.italpassion.fr\/es\/","name":"ItalPassion","description":"Entusiastas de los coches italianos","publisher":{"@id":"https:\/\/www.italpassion.fr\/es\/#organization"},"potentialAction":[{"@type":"SearchAction","target":{"@type":"EntryPoint","urlTemplate":"https:\/\/www.italpassion.fr\/es\/?s={search_term_string}"},"query-input":{"@type":"PropertyValueSpecification","valueRequired":true,"valueName":"search_term_string"}}],"inLanguage":"es"},{"@type":"Organization","@id":"https:\/\/www.italpassion.fr\/es\/#organization","name":"Italpassion","url":"https:\/\/www.italpassion.fr\/es\/","logo":{"@type":"ImageObject","inLanguage":"es","@id":"https:\/\/www.italpassion.fr\/es\/#\/schema\/logo\/image\/","url":"https:\/\/www.italpassion.fr\/wp-content\/uploads\/2023\/07\/italpassion-yoast.jpg","contentUrl":"https:\/\/www.italpassion.fr\/wp-content\/uploads\/2023\/07\/italpassion-yoast.jpg","width":696,"height":696,"caption":"Italpassion"},"image":{"@id":"https:\/\/www.italpassion.fr\/es\/#\/schema\/logo\/image\/"},"sameAs":["https:\/\/www.facebook.com\/italpassion","https:\/\/x.com\/italpassion","https:\/\/www.instagram.com\/italpassionfr\/","https:\/\/www.youtube.com\/channel\/UCleq-ByQaA42OjhopwevRjQ","https:\/\/www.facebook.com\/italpassion.en\/","https:\/\/www.facebook.com\/italpassion.it\/","https:\/\/www.facebook.com\/italpassion.de\/","https:\/\/www.facebook.com\/italpassion.ja\/"]},{"@type":"Person","@id":"https:\/\/www.italpassion.fr\/es\/#\/schema\/person\/36f747b2a759ca202d847e85a9434ca0","name":"Alexandre Filluzeau","image":{"@type":"ImageObject","inLanguage":"es","@id":"https:\/\/www.italpassion.fr\/es\/#\/schema\/person\/image\/","url":"https:\/\/www.italpassion.fr\/wp-content\/uploads\/2025\/04\/avatar-alexandre-160x160.jpg","contentUrl":"https:\/\/www.italpassion.fr\/wp-content\/uploads\/2025\/04\/avatar-alexandre-160x160.jpg","caption":"Alexandre Filluzeau"},"description":"Fundador del sitio web ItalPassion, apasionado de los coches italianos y de Italia en general. Aporto una mirada cr\u00edtica y t\u00e9cnica a las noticias de las marcas italianas cuando es posible. Propietario de un Maserati GranTurismo, Alfa Romeo MiTo, Lancia Fulvia y Ducati 695. Ex-propietario de un Alfa Romeo Giulia.","sameAs":["https:\/\/www.italpassion.fr\/"],"url":"https:\/\/www.italpassion.fr\/es\/author\/alexandre\/"}]}},"_links":{"self":[{"href":"https:\/\/www.italpassion.fr\/es\/wp-json\/wp\/v2\/posts\/42514","targetHints":{"allow":["GET"]}}],"collection":[{"href":"https:\/\/www.italpassion.fr\/es\/wp-json\/wp\/v2\/posts"}],"about":[{"href":"https:\/\/www.italpassion.fr\/es\/wp-json\/wp\/v2\/types\/post"}],"author":[{"embeddable":true,"href":"https:\/\/www.italpassion.fr\/es\/wp-json\/wp\/v2\/users\/1"}],"replies":[{"embeddable":true,"href":"https:\/\/www.italpassion.fr\/es\/wp-json\/wp\/v2\/comments?post=42514"}],"version-history":[{"count":3,"href":"https:\/\/www.italpassion.fr\/es\/wp-json\/wp\/v2\/posts\/42514\/revisions"}],"predecessor-version":[{"id":42547,"href":"https:\/\/www.italpassion.fr\/es\/wp-json\/wp\/v2\/posts\/42514\/revisions\/42547"}],"wp:featuredmedia":[{"embeddable":true,"href":"https:\/\/www.italpassion.fr\/es\/wp-json\/wp\/v2\/media\/42529"}],"wp:attachment":[{"href":"https:\/\/www.italpassion.fr\/es\/wp-json\/wp\/v2\/media?parent=42514"}],"wp:term":[{"taxonomy":"category","embeddable":true,"href":"https:\/\/www.italpassion.fr\/es\/wp-json\/wp\/v2\/categories?post=42514"},{"taxonomy":"post_tag","embeddable":true,"href":"https:\/\/www.italpassion.fr\/es\/wp-json\/wp\/v2\/tags?post=42514"}],"curies":[{"name":"wp","href":"https:\/\/api.w.org\/{rel}","templated":true}]}}