{"id":42412,"date":"2025-10-24T14:33:56","date_gmt":"2025-10-24T12:33:56","guid":{"rendered":"https:\/\/www.italpassion.fr\/?p=42412"},"modified":"2025-10-24T14:20:43","modified_gmt":"2025-10-24T12:20:43","slug":"los-pilotos-charles-leclerc-y-antonio-giovinazzi-prueban-el-ferrari-849-de-1050-cv-en-circuito-el-sonido-es-realmente-genial","status":"publish","type":"post","link":"https:\/\/www.italpassion.fr\/es\/ferrari\/les-pilotes-charles-leclerc-et-antonio-giovinazzi-testent-la-ferrari-849-de-1050-ch-sur-circuit-le-son-est-tres-cool\/","title":{"rendered":"Los pilotos Charles Leclerc y Antonio Giovinazzi prueban el Ferrari 849 de 1050 CV en la pista: \"El sonido es muy chulo"},"content":{"rendered":"<figure class=\"wp-block-image size-full\"><img loading=\"lazy\" decoding=\"async\" width=\"960\" height=\"640\" src=\"https:\/\/www.italpassion.fr\/wp-content\/uploads\/2025\/10\/charles-leclerc-849.jpg\" alt=\"\" class=\"wp-image-42467\" srcset=\"https:\/\/www.italpassion.fr\/wp-content\/uploads\/2025\/10\/charles-leclerc-849.jpg 960w, https:\/\/www.italpassion.fr\/wp-content\/uploads\/2025\/10\/charles-leclerc-849-420x280.jpg 420w, https:\/\/www.italpassion.fr\/wp-content\/uploads\/2025\/10\/charles-leclerc-849-768x512.jpg 768w, https:\/\/www.italpassion.fr\/wp-content\/uploads\/2025\/10\/charles-leclerc-849-18x12.jpg 18w\" sizes=\"auto, (max-width: 960px) 100vw, 960px\" \/><\/figure>\n\n\n\n<p>Entre dos Grandes Premios, <a href=\"https:\/\/www.italpassion.fr\/es\/etiqueta\/charles-leclerc\/\">Charles Leclerc<\/a> no pudo resistirse a la llamada del motor V8. El piloto monegasco del <a href=\"https:\/\/www.italpassion.fr\/es\/etiqueta\/scuderia-ferrari\/\">Scuderia Ferrari<\/a> volvi\u00f3 al circuito privado de Fiorano para probar junto a Antonio Giovinazzi,<a href=\"https:\/\/www.italpassion.fr\/es\/ferrari\/ferrari-presenta-su-nuevo-testarossa-849-con-un-v8-de-1050-cv-se-declara-la-guerra-con-lamborghini\/\"> el nuevo Ferrari 849 Testarossa<\/a>el superdeportivo h\u00edbrido de 1050 CV que sucede al SF90 Stradale.<\/p>\n\n\n\n<p>Luciendo una librea de camuflaje, mantenida en secreto hasta su presentaci\u00f3n p\u00fablica hace casi 2 meses, el 849 Testarossa hizo rugir su motor biturbo en una mezcla de adrenalina y lluvia. Los dos pilotos se turnaron al volante, acompa\u00f1ados por Raffaele De Simone, que supervis\u00f3 las pruebas y recogi\u00f3 informaci\u00f3n crucial para las fases finales de desarrollo.<\/p>\n\n\n\n<figure class=\"wp-block-image size-full\"><img loading=\"lazy\" decoding=\"async\" width=\"960\" height=\"640\" src=\"https:\/\/www.italpassion.fr\/wp-content\/uploads\/2025\/10\/charles-leclerc-849-2.jpg\" alt=\"\" class=\"wp-image-42469\" srcset=\"https:\/\/www.italpassion.fr\/wp-content\/uploads\/2025\/10\/charles-leclerc-849-2.jpg 960w, https:\/\/www.italpassion.fr\/wp-content\/uploads\/2025\/10\/charles-leclerc-849-2-420x280.jpg 420w, https:\/\/www.italpassion.fr\/wp-content\/uploads\/2025\/10\/charles-leclerc-849-2-768x512.jpg 768w, https:\/\/www.italpassion.fr\/wp-content\/uploads\/2025\/10\/charles-leclerc-849-2-18x12.jpg 18w\" sizes=\"auto, (max-width: 960px) 100vw, 960px\" \/><\/figure>\n\n\n\n<h2 class=\"wp-block-heading\">El regreso de un nombre legendario<\/h2>\n\n\n\n<p>Presentado a principios de septiembre, el 849 Testarossa resucita un nombre legendario, esta vez asociado a un coche h\u00edbrido recargable que produce una potencia combinada de 1.050 CV. El coraz\u00f3n de la bestia es un V8 biturbo de 830 CV completamente redise\u00f1ado, respaldado por tres motores el\u00e9ctricos para una potencia combinada superior a la del SF90 Stradale, y hasta 415 kg de apoyo aerodin\u00e1mico a 250 km\/h.<\/p>\n\n\n\n<p>Inspirado en prototipos de carreras de los a\u00f1os 70 como el 512 S y el 512 M, el coche combina dise\u00f1o retro y tecnolog\u00eda. Su silueta, dominada por un aler\u00f3n trasero de doble cola, ilustra la b\u00fasqueda de eficiencia aerodin\u00e1mica de Maranello y su nueva identidad estil\u00edstica.<\/p>\n\n\n\n<h2 class=\"wp-block-heading\">Leclerc: \"La sensaci\u00f3n con el acelerador es incre\u00edble\".<\/h2>\n\n\n\n<figure class=\"wp-block-image size-full\"><img loading=\"lazy\" decoding=\"async\" width=\"960\" height=\"640\" src=\"https:\/\/www.italpassion.fr\/wp-content\/uploads\/2025\/10\/charles-leclerc-849-1.jpg\" alt=\"\" class=\"wp-image-42466\" srcset=\"https:\/\/www.italpassion.fr\/wp-content\/uploads\/2025\/10\/charles-leclerc-849-1.jpg 960w, https:\/\/www.italpassion.fr\/wp-content\/uploads\/2025\/10\/charles-leclerc-849-1-420x280.jpg 420w, https:\/\/www.italpassion.fr\/wp-content\/uploads\/2025\/10\/charles-leclerc-849-1-768x512.jpg 768w, https:\/\/www.italpassion.fr\/wp-content\/uploads\/2025\/10\/charles-leclerc-849-1-18x12.jpg 18w\" sizes=\"auto, (max-width: 960px) 100vw, 960px\" \/><\/figure>\n\n\n\n<p>Con un tiempo caprichoso, Leclerc fue el primero en salir. Desde sus primeras vueltas, se mostr\u00f3 entusiasmado:<\/p>\n\n\n\n<blockquote class=\"wp-block-quote is-layout-flow wp-block-quote-is-layout-flow\"><svg aria-hidden=\"true\" focusable=\"false\" class=\"icon icon-quote\" width=\"48\" height=\"48\"><use xlink:href=\"#icon-quote\"><\/use><\/svg>\n<p>\"Me gusta mucho m\u00e1s la sensaci\u00f3n del acelerador. Siempre puedes sentir la potencia, pero nunca te sorprende\", confiesa.<\/p>\n<\/blockquote>\n\n\n\n<p>Una frase que dice mucho de la evoluci\u00f3n t\u00e9cnica del coche: m\u00e1s potencia, pero con un control total. De Simone lo confirma:<\/p>\n\n\n\n<blockquote class=\"wp-block-quote is-layout-flow wp-block-quote-is-layout-flow\"><svg aria-hidden=\"true\" focusable=\"false\" class=\"icon icon-quote\" width=\"48\" height=\"48\"><use xlink:href=\"#icon-quote\"><\/use><\/svg>\n<p>\"Pasamos seis meses retocando el par motor y la respuesta del acelerador. El objetivo era conseguir m\u00e1s rendimiento del motor manteniendo el mismo tiempo de reacci\u00f3n.\"<\/p>\n<\/blockquote>\n\n\n\n<h2 class=\"wp-block-heading\">Giovinazzi: \"1050 caballos de potencia, pero estabilidad real\".<\/h2>\n\n\n\n<figure class=\"wp-block-image size-full\"><img loading=\"lazy\" decoding=\"async\" width=\"960\" height=\"640\" src=\"https:\/\/www.italpassion.fr\/wp-content\/uploads\/2025\/10\/giovinazzi-849-2.jpg\" alt=\"\" class=\"wp-image-42470\" srcset=\"https:\/\/www.italpassion.fr\/wp-content\/uploads\/2025\/10\/giovinazzi-849-2.jpg 960w, https:\/\/www.italpassion.fr\/wp-content\/uploads\/2025\/10\/giovinazzi-849-2-420x280.jpg 420w, https:\/\/www.italpassion.fr\/wp-content\/uploads\/2025\/10\/giovinazzi-849-2-768x512.jpg 768w, https:\/\/www.italpassion.fr\/wp-content\/uploads\/2025\/10\/giovinazzi-849-2-18x12.jpg 18w\" sizes=\"auto, (max-width: 960px) 100vw, 960px\" \/><\/figure>\n\n\n\n<p>Antonio Giovinazzi, ganador de las 24 Horas de Le Mans con Ferrari, tambi\u00e9n hizo un balance positivo:<\/p>\n\n\n\n<blockquote class=\"wp-block-quote is-layout-flow wp-block-quote-is-layout-flow\"><svg aria-hidden=\"true\" focusable=\"false\" class=\"icon icon-quote\" width=\"48\" height=\"48\"><use xlink:href=\"#icon-quote\"><\/use><\/svg>\n<p>\"El coche es muy estable, incluso con toda esa potencia. Cuando aceleras, sientes la potencia, pero sigues teniendo confianza.<\/p>\n<\/blockquote>\n\n\n\n<p>A pesar de las condiciones cambiantes, alternando calor sofocante y lluvia, el 849 demostr\u00f3 una manejabilidad ejemplar.<\/p>\n\n\n\n<h2 class=\"wp-block-heading\">El sonido de un Ferrari moderno<\/h2>\n\n\n\n<figure class=\"wp-block-image size-full\"><img loading=\"lazy\" decoding=\"async\" width=\"960\" height=\"640\" src=\"https:\/\/www.italpassion.fr\/wp-content\/uploads\/2025\/10\/antonio-giovinazzi-849.jpg\" alt=\"\" class=\"wp-image-42468\" srcset=\"https:\/\/www.italpassion.fr\/wp-content\/uploads\/2025\/10\/antonio-giovinazzi-849.jpg 960w, https:\/\/www.italpassion.fr\/wp-content\/uploads\/2025\/10\/antonio-giovinazzi-849-420x280.jpg 420w, https:\/\/www.italpassion.fr\/wp-content\/uploads\/2025\/10\/antonio-giovinazzi-849-768x512.jpg 768w, https:\/\/www.italpassion.fr\/wp-content\/uploads\/2025\/10\/antonio-giovinazzi-849-18x12.jpg 18w\" sizes=\"auto, (max-width: 960px) 100vw, 960px\" \/><\/figure>\n\n\n\n<p>A menudo se critica a los hipercoches h\u00edbridos por ser demasiado silenciosos, pero el 849 Testarossa no entra en esa categor\u00eda. Como lo resumi\u00f3 Antonio Giovinazzi con una sonrisa:<\/p>\n\n\n\n<blockquote class=\"wp-block-quote is-layout-flow wp-block-quote-is-layout-flow\"><svg aria-hidden=\"true\" focusable=\"false\" class=\"icon icon-quote\" width=\"48\" height=\"48\"><use xlink:href=\"#icon-quote\"><\/use><\/svg>\n<p>\"El sonido es muy chulo\".<\/p>\n<\/blockquote>\n\n\n\n<p>Un cumplido que tranquilizar\u00e1 a los puristas: el V8 de Ferrari conserva su voz estridente y met\u00e1lica, firma inseparable del Cavallino Rampante.<\/p>\n\n\n\n<h2 class=\"wp-block-heading\">Una nueva era para los Ferrari de calle<\/h2>\n\n\n\n<p>El Ferrari 849 Testarossa marca un paso decisivo en la transici\u00f3n tecnol\u00f3gica de la marca. M\u00e1s potente que el SF90, casi tan radical como el F80, encarna el compromiso perfecto. Y cuando dos pilotos de la marca, Charles Leclerc y Antonio Giovinazzi, salen encantados, se puede estar seguro de una cosa: el sucesor del SF90 est\u00e1 asegurado.<\/p>\n\n\n\n<figure class=\"wp-block-embed is-type-video is-provider-youtube wp-block-embed-youtube wp-embed-aspect-16-9 wp-has-aspect-ratio\"><div class=\"wp-block-embed__wrapper\">\n<iframe loading=\"lazy\" title=\"Leclerc y Giovinazzi conducen por primera vez el Ferrari 849 Testarossa\" width=\"1200\" height=\"675\" src=\"https:\/\/www.youtube-nocookie.com\/embed\/kwWZ66VdXQE?feature=oembed\" frameborder=\"0\" allow=\"accelerometer; autoplay; clipboard-write; encrypted-media; gyroscope; picture-in-picture; web-share\" referrerpolicy=\"strict-origin-when-cross-origin\" allowfullscreen><\/iframe>\n<\/div><\/figure>","protected":false},"excerpt":{"rendered":"","protected":false},"author":1,"featured_media":42467,"comment_status":"open","ping_status":"open","sticky":false,"template":"","format":"standard","meta":{"_acf_changed":false,"_sitemap_exclude":false,"_sitemap_priority":"","_sitemap_frequency":"","footnotes":""},"categories":[23],"tags":[608,346,567],"class_list":["post-42412","post","type-post","status-publish","format-standard","has-post-thumbnail","hentry","category-ferrari","tag-antonio-giovinazzi","tag-charles-leclerc","tag-ferrari-849-testarossa","generate-columns","tablet-grid-50","mobile-grid-100","grid-parent","grid-33"],"acf":[],"yoast_head":"<!-- This site is optimized with the Yoast SEO plugin v25.8 - https:\/\/yoast.com\/wordpress\/plugins\/seo\/ -->\n<title>Les pilotes Charles Leclerc et Antonio Giovinazzi testent la Ferrari 849 de 1050 ch sur circuit : &quot;le son est tr\u00e8s cool&quot; - ItalPassion<\/title>\n<meta name=\"description\" content=\"Entre deux Grands Prix, Charles Leclerc n\u2019a pas r\u00e9sist\u00e9 \u00e0 l\u2019appel du moteur V8. Le pilote mon\u00e9gasque de la Scuderia Ferrari a retrouv\u00e9 le circuit priv\u00e9 de\" \/>\n<meta name=\"robots\" content=\"index, follow, max-snippet:-1, max-image-preview:large, max-video-preview:-1\" \/>\n<link rel=\"canonical\" href=\"https:\/\/www.italpassion.fr\/es\/ferrari\/los-pilotos-charles-leclerc-y-antonio-giovinazzi-prueban-el-ferrari-849-de-1050-cv-en-circuito-el-sonido-es-realmente-genial\/\" \/>\n<meta property=\"og:locale\" content=\"es_ES\" \/>\n<meta property=\"og:type\" content=\"article\" \/>\n<meta property=\"og:title\" content=\"Les pilotes Charles Leclerc et Antonio Giovinazzi testent la Ferrari 849 de 1050 ch sur circuit : &quot;le son est tr\u00e8s cool&quot; - ItalPassion\" \/>\n<meta property=\"og:description\" content=\"Entre deux Grands Prix, Charles Leclerc n\u2019a pas r\u00e9sist\u00e9 \u00e0 l\u2019appel du moteur V8. Le pilote mon\u00e9gasque de la Scuderia Ferrari a retrouv\u00e9 le circuit priv\u00e9 de\" \/>\n<meta property=\"og:url\" content=\"https:\/\/www.italpassion.fr\/es\/ferrari\/los-pilotos-charles-leclerc-y-antonio-giovinazzi-prueban-el-ferrari-849-de-1050-cv-en-circuito-el-sonido-es-realmente-genial\/\" \/>\n<meta property=\"og:site_name\" content=\"ItalPassion\" \/>\n<meta property=\"article:publisher\" content=\"https:\/\/www.facebook.com\/italpassion\" \/>\n<meta property=\"article:published_time\" content=\"2025-10-24T12:33:56+00:00\" \/>\n<meta property=\"og:image\" content=\"https:\/\/www.italpassion.fr\/wp-content\/uploads\/2025\/10\/charles-leclerc-849.jpg\" \/>\n\t<meta property=\"og:image:width\" content=\"960\" \/>\n\t<meta property=\"og:image:height\" content=\"640\" \/>\n\t<meta property=\"og:image:type\" content=\"image\/jpeg\" \/>\n<meta name=\"author\" content=\"Alexandre Filluzeau\" \/>\n<meta name=\"twitter:card\" content=\"summary_large_image\" \/>\n<meta name=\"twitter:creator\" content=\"@italpassion\" \/>\n<meta name=\"twitter:site\" content=\"@italpassion\" \/>\n<script type=\"application\/ld+json\" class=\"yoast-schema-graph\">{\"@context\":\"https:\/\/schema.org\",\"@graph\":[{\"@type\":\"NewsArticle\",\"@id\":\"https:\/\/www.italpassion.fr\/es\/ferrari\/les-pilotes-charles-leclerc-et-antonio-giovinazzi-testent-la-ferrari-849-de-1050-ch-sur-circuit-le-son-est-tres-cool\/#article\",\"isPartOf\":{\"@id\":\"https:\/\/www.italpassion.fr\/es\/ferrari\/les-pilotes-charles-leclerc-et-antonio-giovinazzi-testent-la-ferrari-849-de-1050-ch-sur-circuit-le-son-est-tres-cool\/\"},\"author\":{\"name\":\"Alexandre Filluzeau\",\"@id\":\"https:\/\/www.italpassion.fr\/es\/#\/schema\/person\/36f747b2a759ca202d847e85a9434ca0\"},\"headline\":\"Les pilotes Charles Leclerc et Antonio Giovinazzi testent la Ferrari 849 de 1050 ch sur circuit : \u00ab\u00a0le son est tr\u00e8s cool\u00a0\u00bb\",\"datePublished\":\"2025-10-24T12:33:56+00:00\",\"mainEntityOfPage\":{\"@id\":\"https:\/\/www.italpassion.fr\/es\/ferrari\/les-pilotes-charles-leclerc-et-antonio-giovinazzi-testent-la-ferrari-849-de-1050-ch-sur-circuit-le-son-est-tres-cool\/\"},\"wordCount\":600,\"commentCount\":0,\"publisher\":{\"@id\":\"https:\/\/www.italpassion.fr\/es\/#organization\"},\"image\":{\"@id\":\"https:\/\/www.italpassion.fr\/es\/ferrari\/les-pilotes-charles-leclerc-et-antonio-giovinazzi-testent-la-ferrari-849-de-1050-ch-sur-circuit-le-son-est-tres-cool\/#primaryimage\"},\"thumbnailUrl\":\"https:\/\/www.italpassion.fr\/wp-content\/uploads\/2025\/10\/charles-leclerc-849.jpg\",\"keywords\":[\"Antonio Giovinazzi\",\"Charles Leclerc\",\"Ferrari 849 Testarossa\"],\"articleSection\":[\"Ferrari\"],\"inLanguage\":\"es\",\"potentialAction\":[{\"@type\":\"CommentAction\",\"name\":\"Comment\",\"target\":[\"https:\/\/www.italpassion.fr\/es\/ferrari\/les-pilotes-charles-leclerc-et-antonio-giovinazzi-testent-la-ferrari-849-de-1050-ch-sur-circuit-le-son-est-tres-cool\/#respond\"]}]},{\"@type\":\"WebPage\",\"@id\":\"https:\/\/www.italpassion.fr\/es\/ferrari\/les-pilotes-charles-leclerc-et-antonio-giovinazzi-testent-la-ferrari-849-de-1050-ch-sur-circuit-le-son-est-tres-cool\/\",\"url\":\"https:\/\/www.italpassion.fr\/es\/ferrari\/les-pilotes-charles-leclerc-et-antonio-giovinazzi-testent-la-ferrari-849-de-1050-ch-sur-circuit-le-son-est-tres-cool\/\",\"name\":\"Les pilotes Charles Leclerc et Antonio Giovinazzi testent la Ferrari 849 de 1050 ch sur circuit : \\\"le son est tr\u00e8s cool\\\" - ItalPassion\",\"isPartOf\":{\"@id\":\"https:\/\/www.italpassion.fr\/es\/#website\"},\"primaryImageOfPage\":{\"@id\":\"https:\/\/www.italpassion.fr\/es\/ferrari\/les-pilotes-charles-leclerc-et-antonio-giovinazzi-testent-la-ferrari-849-de-1050-ch-sur-circuit-le-son-est-tres-cool\/#primaryimage\"},\"image\":{\"@id\":\"https:\/\/www.italpassion.fr\/es\/ferrari\/les-pilotes-charles-leclerc-et-antonio-giovinazzi-testent-la-ferrari-849-de-1050-ch-sur-circuit-le-son-est-tres-cool\/#primaryimage\"},\"thumbnailUrl\":\"https:\/\/www.italpassion.fr\/wp-content\/uploads\/2025\/10\/charles-leclerc-849.jpg\",\"datePublished\":\"2025-10-24T12:33:56+00:00\",\"description\":\"Entre deux Grands Prix, Charles Leclerc n\u2019a pas r\u00e9sist\u00e9 \u00e0 l\u2019appel du moteur V8. Le pilote mon\u00e9gasque de la Scuderia Ferrari a retrouv\u00e9 le circuit priv\u00e9 de\",\"breadcrumb\":{\"@id\":\"https:\/\/www.italpassion.fr\/es\/ferrari\/les-pilotes-charles-leclerc-et-antonio-giovinazzi-testent-la-ferrari-849-de-1050-ch-sur-circuit-le-son-est-tres-cool\/#breadcrumb\"},\"inLanguage\":\"es\",\"potentialAction\":[{\"@type\":\"ReadAction\",\"target\":[\"https:\/\/www.italpassion.fr\/es\/ferrari\/les-pilotes-charles-leclerc-et-antonio-giovinazzi-testent-la-ferrari-849-de-1050-ch-sur-circuit-le-son-est-tres-cool\/\"]}]},{\"@type\":\"ImageObject\",\"inLanguage\":\"es\",\"@id\":\"https:\/\/www.italpassion.fr\/es\/ferrari\/les-pilotes-charles-leclerc-et-antonio-giovinazzi-testent-la-ferrari-849-de-1050-ch-sur-circuit-le-son-est-tres-cool\/#primaryimage\",\"url\":\"https:\/\/www.italpassion.fr\/wp-content\/uploads\/2025\/10\/charles-leclerc-849.jpg\",\"contentUrl\":\"https:\/\/www.italpassion.fr\/wp-content\/uploads\/2025\/10\/charles-leclerc-849.jpg\",\"width\":960,\"height\":640},{\"@type\":\"BreadcrumbList\",\"@id\":\"https:\/\/www.italpassion.fr\/es\/ferrari\/les-pilotes-charles-leclerc-et-antonio-giovinazzi-testent-la-ferrari-849-de-1050-ch-sur-circuit-le-son-est-tres-cool\/#breadcrumb\",\"itemListElement\":[{\"@type\":\"ListItem\",\"position\":1,\"name\":\"Accueil\",\"item\":\"https:\/\/www.italpassion.fr\/es\/\"},{\"@type\":\"ListItem\",\"position\":2,\"name\":\"Les pilotes Charles Leclerc et Antonio Giovinazzi testent la Ferrari 849 de 1050 ch sur circuit : \u00ab\u00a0le son est tr\u00e8s cool\u00a0\u00bb\"}]},{\"@type\":\"WebSite\",\"@id\":\"https:\/\/www.italpassion.fr\/es\/#website\",\"url\":\"https:\/\/www.italpassion.fr\/es\/\",\"name\":\"ItalPassion\",\"description\":\"Les Passionn\u00e9s d&#039;Automobiles Italiennes\",\"publisher\":{\"@id\":\"https:\/\/www.italpassion.fr\/es\/#organization\"},\"potentialAction\":[{\"@type\":\"SearchAction\",\"target\":{\"@type\":\"EntryPoint\",\"urlTemplate\":\"https:\/\/www.italpassion.fr\/es\/?s={search_term_string}\"},\"query-input\":{\"@type\":\"PropertyValueSpecification\",\"valueRequired\":true,\"valueName\":\"search_term_string\"}}],\"inLanguage\":\"es\"},{\"@type\":\"Organization\",\"@id\":\"https:\/\/www.italpassion.fr\/es\/#organization\",\"name\":\"Italpassion\",\"url\":\"https:\/\/www.italpassion.fr\/es\/\",\"logo\":{\"@type\":\"ImageObject\",\"inLanguage\":\"es\",\"@id\":\"https:\/\/www.italpassion.fr\/es\/#\/schema\/logo\/image\/\",\"url\":\"https:\/\/www.italpassion.fr\/wp-content\/uploads\/2023\/07\/italpassion-yoast.jpg\",\"contentUrl\":\"https:\/\/www.italpassion.fr\/wp-content\/uploads\/2023\/07\/italpassion-yoast.jpg\",\"width\":696,\"height\":696,\"caption\":\"Italpassion\"},\"image\":{\"@id\":\"https:\/\/www.italpassion.fr\/es\/#\/schema\/logo\/image\/\"},\"sameAs\":[\"https:\/\/www.facebook.com\/italpassion\",\"https:\/\/x.com\/italpassion\",\"https:\/\/www.instagram.com\/italpassionfr\/\",\"https:\/\/www.youtube.com\/channel\/UCleq-ByQaA42OjhopwevRjQ\",\"https:\/\/www.facebook.com\/italpassion.en\/\",\"https:\/\/www.facebook.com\/italpassion.it\/\",\"https:\/\/www.facebook.com\/italpassion.de\/\",\"https:\/\/www.facebook.com\/italpassion.ja\/\"]},{\"@type\":\"Person\",\"@id\":\"https:\/\/www.italpassion.fr\/es\/#\/schema\/person\/36f747b2a759ca202d847e85a9434ca0\",\"name\":\"Alexandre Filluzeau\",\"image\":{\"@type\":\"ImageObject\",\"inLanguage\":\"es\",\"@id\":\"https:\/\/www.italpassion.fr\/es\/#\/schema\/person\/image\/\",\"url\":\"https:\/\/www.italpassion.fr\/wp-content\/uploads\/2025\/04\/avatar-alexandre-160x160.jpg\",\"contentUrl\":\"https:\/\/www.italpassion.fr\/wp-content\/uploads\/2025\/04\/avatar-alexandre-160x160.jpg\",\"caption\":\"Alexandre Filluzeau\"},\"description\":\"Fondateur du site ItalPassion, passionn\u00e9 de voitures italiennes et de l'Italie en g\u00e9n\u00e9ral. J'apporte un regard critique et technique aux actualit\u00e9s des marques italiennes quand cela est possible. Propri\u00e9taire d'une Maserati GranTurismo, Alfa Romeo MiTo, Lancia Fulvia et Ducati 695. Ex-propri\u00e9taire d'une Alfa Romeo Giulia.\",\"sameAs\":[\"https:\/\/www.italpassion.fr\/\"],\"url\":\"https:\/\/www.italpassion.fr\/es\/author\/alexandre\/\"}]}<\/script>\n<!-- \/ Yoast SEO plugin. -->","yoast_head_json":{"title":"Los pilotos Charles Leclerc y Antonio Giovinazzi prueban en pista el Ferrari 849 de 1050 CV: \"El sonido es muy chulo\" - ItalPassion","description":"Entre Gran Premio y Gran Premio, Charles Leclerc no ha podido resistirse a la llamada del motor V8. El piloto monegasco de la Scuderia Ferrari ha vuelto al circuito privado de","robots":{"index":"index","follow":"follow","max-snippet":"max-snippet:-1","max-image-preview":"max-image-preview:large","max-video-preview":"max-video-preview:-1"},"canonical":"https:\/\/www.italpassion.fr\/es\/ferrari\/los-pilotos-charles-leclerc-y-antonio-giovinazzi-prueban-el-ferrari-849-de-1050-cv-en-circuito-el-sonido-es-realmente-genial\/","og_locale":"es_ES","og_type":"article","og_title":"Les pilotes Charles Leclerc et Antonio Giovinazzi testent la Ferrari 849 de 1050 ch sur circuit : \"le son est tr\u00e8s cool\" - ItalPassion","og_description":"Entre deux Grands Prix, Charles Leclerc n\u2019a pas r\u00e9sist\u00e9 \u00e0 l\u2019appel du moteur V8. Le pilote mon\u00e9gasque de la Scuderia Ferrari a retrouv\u00e9 le circuit priv\u00e9 de","og_url":"https:\/\/www.italpassion.fr\/es\/ferrari\/los-pilotos-charles-leclerc-y-antonio-giovinazzi-prueban-el-ferrari-849-de-1050-cv-en-circuito-el-sonido-es-realmente-genial\/","og_site_name":"ItalPassion","article_publisher":"https:\/\/www.facebook.com\/italpassion","article_published_time":"2025-10-24T12:33:56+00:00","og_image":[{"width":960,"height":640,"url":"https:\/\/www.italpassion.fr\/wp-content\/uploads\/2025\/10\/charles-leclerc-849.jpg","type":"image\/jpeg"}],"author":"Alexandre Filluzeau","twitter_card":"summary_large_image","twitter_creator":"@italpassion","twitter_site":"@italpassion","schema":{"@context":"https:\/\/schema.org","@graph":[{"@type":"NewsArticle","@id":"https:\/\/www.italpassion.fr\/es\/ferrari\/les-pilotes-charles-leclerc-et-antonio-giovinazzi-testent-la-ferrari-849-de-1050-ch-sur-circuit-le-son-est-tres-cool\/#article","isPartOf":{"@id":"https:\/\/www.italpassion.fr\/es\/ferrari\/les-pilotes-charles-leclerc-et-antonio-giovinazzi-testent-la-ferrari-849-de-1050-ch-sur-circuit-le-son-est-tres-cool\/"},"author":{"name":"Alexandre Filluzeau","@id":"https:\/\/www.italpassion.fr\/es\/#\/schema\/person\/36f747b2a759ca202d847e85a9434ca0"},"headline":"Les pilotes Charles Leclerc et Antonio Giovinazzi testent la Ferrari 849 de 1050 ch sur circuit : \u00ab\u00a0le son est tr\u00e8s cool\u00a0\u00bb","datePublished":"2025-10-24T12:33:56+00:00","mainEntityOfPage":{"@id":"https:\/\/www.italpassion.fr\/es\/ferrari\/les-pilotes-charles-leclerc-et-antonio-giovinazzi-testent-la-ferrari-849-de-1050-ch-sur-circuit-le-son-est-tres-cool\/"},"wordCount":600,"commentCount":0,"publisher":{"@id":"https:\/\/www.italpassion.fr\/es\/#organization"},"image":{"@id":"https:\/\/www.italpassion.fr\/es\/ferrari\/les-pilotes-charles-leclerc-et-antonio-giovinazzi-testent-la-ferrari-849-de-1050-ch-sur-circuit-le-son-est-tres-cool\/#primaryimage"},"thumbnailUrl":"https:\/\/www.italpassion.fr\/wp-content\/uploads\/2025\/10\/charles-leclerc-849.jpg","keywords":["Antonio Giovinazzi","Charles Leclerc","Ferrari 849 Testarossa"],"articleSection":["Ferrari"],"inLanguage":"es","potentialAction":[{"@type":"CommentAction","name":"Comment","target":["https:\/\/www.italpassion.fr\/es\/ferrari\/les-pilotes-charles-leclerc-et-antonio-giovinazzi-testent-la-ferrari-849-de-1050-ch-sur-circuit-le-son-est-tres-cool\/#respond"]}]},{"@type":"WebPage","@id":"https:\/\/www.italpassion.fr\/es\/ferrari\/les-pilotes-charles-leclerc-et-antonio-giovinazzi-testent-la-ferrari-849-de-1050-ch-sur-circuit-le-son-est-tres-cool\/","url":"https:\/\/www.italpassion.fr\/es\/ferrari\/les-pilotes-charles-leclerc-et-antonio-giovinazzi-testent-la-ferrari-849-de-1050-ch-sur-circuit-le-son-est-tres-cool\/","name":"Los pilotos Charles Leclerc y Antonio Giovinazzi prueban en pista el Ferrari 849 de 1050 CV: \"El sonido es muy chulo\" - ItalPassion","isPartOf":{"@id":"https:\/\/www.italpassion.fr\/es\/#website"},"primaryImageOfPage":{"@id":"https:\/\/www.italpassion.fr\/es\/ferrari\/les-pilotes-charles-leclerc-et-antonio-giovinazzi-testent-la-ferrari-849-de-1050-ch-sur-circuit-le-son-est-tres-cool\/#primaryimage"},"image":{"@id":"https:\/\/www.italpassion.fr\/es\/ferrari\/les-pilotes-charles-leclerc-et-antonio-giovinazzi-testent-la-ferrari-849-de-1050-ch-sur-circuit-le-son-est-tres-cool\/#primaryimage"},"thumbnailUrl":"https:\/\/www.italpassion.fr\/wp-content\/uploads\/2025\/10\/charles-leclerc-849.jpg","datePublished":"2025-10-24T12:33:56+00:00","description":"Entre Gran Premio y Gran Premio, Charles Leclerc no ha podido resistirse a la llamada del motor V8. El piloto monegasco de la Scuderia Ferrari ha vuelto al circuito privado de","breadcrumb":{"@id":"https:\/\/www.italpassion.fr\/es\/ferrari\/les-pilotes-charles-leclerc-et-antonio-giovinazzi-testent-la-ferrari-849-de-1050-ch-sur-circuit-le-son-est-tres-cool\/#breadcrumb"},"inLanguage":"es","potentialAction":[{"@type":"ReadAction","target":["https:\/\/www.italpassion.fr\/es\/ferrari\/les-pilotes-charles-leclerc-et-antonio-giovinazzi-testent-la-ferrari-849-de-1050-ch-sur-circuit-le-son-est-tres-cool\/"]}]},{"@type":"ImageObject","inLanguage":"es","@id":"https:\/\/www.italpassion.fr\/es\/ferrari\/les-pilotes-charles-leclerc-et-antonio-giovinazzi-testent-la-ferrari-849-de-1050-ch-sur-circuit-le-son-est-tres-cool\/#primaryimage","url":"https:\/\/www.italpassion.fr\/wp-content\/uploads\/2025\/10\/charles-leclerc-849.jpg","contentUrl":"https:\/\/www.italpassion.fr\/wp-content\/uploads\/2025\/10\/charles-leclerc-849.jpg","width":960,"height":640},{"@type":"BreadcrumbList","@id":"https:\/\/www.italpassion.fr\/es\/ferrari\/les-pilotes-charles-leclerc-et-antonio-giovinazzi-testent-la-ferrari-849-de-1050-ch-sur-circuit-le-son-est-tres-cool\/#breadcrumb","itemListElement":[{"@type":"ListItem","position":1,"name":"Accueil","item":"https:\/\/www.italpassion.fr\/es\/"},{"@type":"ListItem","position":2,"name":"Les pilotes Charles Leclerc et Antonio Giovinazzi testent la Ferrari 849 de 1050 ch sur circuit : \u00ab\u00a0le son est tr\u00e8s cool\u00a0\u00bb"}]},{"@type":"WebSite","@id":"https:\/\/www.italpassion.fr\/es\/#website","url":"https:\/\/www.italpassion.fr\/es\/","name":"ItalPassion","description":"Entusiastas de los coches italianos","publisher":{"@id":"https:\/\/www.italpassion.fr\/es\/#organization"},"potentialAction":[{"@type":"SearchAction","target":{"@type":"EntryPoint","urlTemplate":"https:\/\/www.italpassion.fr\/es\/?s={search_term_string}"},"query-input":{"@type":"PropertyValueSpecification","valueRequired":true,"valueName":"search_term_string"}}],"inLanguage":"es"},{"@type":"Organization","@id":"https:\/\/www.italpassion.fr\/es\/#organization","name":"Italpassion","url":"https:\/\/www.italpassion.fr\/es\/","logo":{"@type":"ImageObject","inLanguage":"es","@id":"https:\/\/www.italpassion.fr\/es\/#\/schema\/logo\/image\/","url":"https:\/\/www.italpassion.fr\/wp-content\/uploads\/2023\/07\/italpassion-yoast.jpg","contentUrl":"https:\/\/www.italpassion.fr\/wp-content\/uploads\/2023\/07\/italpassion-yoast.jpg","width":696,"height":696,"caption":"Italpassion"},"image":{"@id":"https:\/\/www.italpassion.fr\/es\/#\/schema\/logo\/image\/"},"sameAs":["https:\/\/www.facebook.com\/italpassion","https:\/\/x.com\/italpassion","https:\/\/www.instagram.com\/italpassionfr\/","https:\/\/www.youtube.com\/channel\/UCleq-ByQaA42OjhopwevRjQ","https:\/\/www.facebook.com\/italpassion.en\/","https:\/\/www.facebook.com\/italpassion.it\/","https:\/\/www.facebook.com\/italpassion.de\/","https:\/\/www.facebook.com\/italpassion.ja\/"]},{"@type":"Person","@id":"https:\/\/www.italpassion.fr\/es\/#\/schema\/person\/36f747b2a759ca202d847e85a9434ca0","name":"Alexandre Filluzeau","image":{"@type":"ImageObject","inLanguage":"es","@id":"https:\/\/www.italpassion.fr\/es\/#\/schema\/person\/image\/","url":"https:\/\/www.italpassion.fr\/wp-content\/uploads\/2025\/04\/avatar-alexandre-160x160.jpg","contentUrl":"https:\/\/www.italpassion.fr\/wp-content\/uploads\/2025\/04\/avatar-alexandre-160x160.jpg","caption":"Alexandre Filluzeau"},"description":"Fundador del sitio web ItalPassion, apasionado de los coches italianos y de Italia en general. Aporto una mirada cr\u00edtica y t\u00e9cnica a las noticias de las marcas italianas cuando es posible. Propietario de un Maserati GranTurismo, Alfa Romeo MiTo, Lancia Fulvia y Ducati 695. Ex-propietario de un Alfa Romeo Giulia.","sameAs":["https:\/\/www.italpassion.fr\/"],"url":"https:\/\/www.italpassion.fr\/es\/author\/alexandre\/"}]}},"_links":{"self":[{"href":"https:\/\/www.italpassion.fr\/es\/wp-json\/wp\/v2\/posts\/42412","targetHints":{"allow":["GET"]}}],"collection":[{"href":"https:\/\/www.italpassion.fr\/es\/wp-json\/wp\/v2\/posts"}],"about":[{"href":"https:\/\/www.italpassion.fr\/es\/wp-json\/wp\/v2\/types\/post"}],"author":[{"embeddable":true,"href":"https:\/\/www.italpassion.fr\/es\/wp-json\/wp\/v2\/users\/1"}],"replies":[{"embeddable":true,"href":"https:\/\/www.italpassion.fr\/es\/wp-json\/wp\/v2\/comments?post=42412"}],"version-history":[{"count":3,"href":"https:\/\/www.italpassion.fr\/es\/wp-json\/wp\/v2\/posts\/42412\/revisions"}],"predecessor-version":[{"id":42471,"href":"https:\/\/www.italpassion.fr\/es\/wp-json\/wp\/v2\/posts\/42412\/revisions\/42471"}],"wp:featuredmedia":[{"embeddable":true,"href":"https:\/\/www.italpassion.fr\/es\/wp-json\/wp\/v2\/media\/42467"}],"wp:attachment":[{"href":"https:\/\/www.italpassion.fr\/es\/wp-json\/wp\/v2\/media?parent=42412"}],"wp:term":[{"taxonomy":"category","embeddable":true,"href":"https:\/\/www.italpassion.fr\/es\/wp-json\/wp\/v2\/categories?post=42412"},{"taxonomy":"post_tag","embeddable":true,"href":"https:\/\/www.italpassion.fr\/es\/wp-json\/wp\/v2\/tags?post=42412"}],"curies":[{"name":"wp","href":"https:\/\/api.w.org\/{rel}","templated":true}]}}