{"id":42408,"date":"2025-10-24T07:33:40","date_gmt":"2025-10-24T05:33:40","guid":{"rendered":"https:\/\/www.italpassion.fr\/?p=42408"},"modified":"2025-10-23T17:28:36","modified_gmt":"2025-10-23T15:28:36","slug":"el-director-general-de-dalfa-romeo-insinua-la-evolucion-de-la-gama-de-la-marca-y-de-maserati-al-mismo-tiempo","status":"publish","type":"post","link":"https:\/\/www.italpassion.fr\/es\/alfa-romeo\/le-ceo-dalfa-romeo-donne-des-indices-sur-levolution-de-la-gamme-de-la-marque-et-maserati-en-meme-temps\/","title":{"rendered":"El CEO de Alfa Romeo da pistas sobre la evoluci\u00f3n de la gama de la marca (y de Maserati al mismo tiempo)"},"content":{"rendered":"<figure class=\"wp-block-image size-large\"><img loading=\"lazy\" decoding=\"async\" width=\"1024\" height=\"683\" src=\"https:\/\/www.italpassion.fr\/wp-content\/uploads\/2024\/10\/ficili-alfa-romeo-1024x683.jpg\" alt=\"\" class=\"wp-image-34861\" srcset=\"https:\/\/www.italpassion.fr\/wp-content\/uploads\/2024\/10\/ficili-alfa-romeo-1024x683.jpg 1024w, https:\/\/www.italpassion.fr\/wp-content\/uploads\/2024\/10\/ficili-alfa-romeo-300x200.jpg 300w, https:\/\/www.italpassion.fr\/wp-content\/uploads\/2024\/10\/ficili-alfa-romeo-768x512.jpg 768w, https:\/\/www.italpassion.fr\/wp-content\/uploads\/2024\/10\/ficili-alfa-romeo-18x12.jpg 18w, https:\/\/www.italpassion.fr\/wp-content\/uploads\/2024\/10\/ficili-alfa-romeo-561x374.jpg 561w, https:\/\/www.italpassion.fr\/wp-content\/uploads\/2024\/10\/ficili-alfa-romeo-1122x748.jpg 1122w, https:\/\/www.italpassion.fr\/wp-content\/uploads\/2024\/10\/ficili-alfa-romeo-265x177.jpg 265w, https:\/\/www.italpassion.fr\/wp-content\/uploads\/2024\/10\/ficili-alfa-romeo-531x354.jpg 531w, https:\/\/www.italpassion.fr\/wp-content\/uploads\/2024\/10\/ficili-alfa-romeo-364x243.jpg 364w, https:\/\/www.italpassion.fr\/wp-content\/uploads\/2024\/10\/ficili-alfa-romeo-728x485.jpg 728w, https:\/\/www.italpassion.fr\/wp-content\/uploads\/2024\/10\/ficili-alfa-romeo-608x405.jpg 608w, https:\/\/www.italpassion.fr\/wp-content\/uploads\/2024\/10\/ficili-alfa-romeo-758x505.jpg 758w, https:\/\/www.italpassion.fr\/wp-content\/uploads\/2024\/10\/ficili-alfa-romeo-1152x768.jpg 1152w, https:\/\/www.italpassion.fr\/wp-content\/uploads\/2024\/10\/ficili-alfa-romeo-600x400.jpg 600w, https:\/\/www.italpassion.fr\/wp-content\/uploads\/2024\/10\/ficili-alfa-romeo.jpg 1200w\" sizes=\"auto, (max-width: 1024px) 100vw, 1024px\" \/><\/figure>\n\n\n\n<p>Hace unos a\u00f1os, el<a href=\"https:\/\/www.italpassion.fr\/es\/alfa-romeo\/\">Alfa Romeo<\/a> estaba claro. Bajo la direcci\u00f3n de Jean-Philippe Imparato, la marca italiana iba a pasarse por completo a los veh\u00edculos el\u00e9ctricos a partir de 2027, con una nueva generaci\u00f3n de Giulia y Stelvio 100 % el\u00e9ctricos, seguidos de un SUV de gran tama\u00f1o situado por encima del Stelvio actual. Pero eso era antes.<\/p>\n\n\n\n<p>Desde la llegada del nuevo Director General Antonio Filosa en junio de 2025, las cosas han ido cambiando. Y aunque <a href=\"https:\/\/www.italpassion.fr\/es\/stellantis\/\">Stellantis<\/a> sigue centrada en la electrificaci\u00f3n, Alfa Romeo, al igual que Maserati, parece estar redefiniendo sus prioridades, adoptando un enfoque m\u00e1s pragm\u00e1tico.<\/p>\n\n\n\n<h2 class=\"wp-block-heading\">Un plan de producto al rev\u00e9s (y m\u00e1s flexible de lo esperado)<\/h2>\n\n\n\n<p>En primer lugar, el lanzamiento de los nuevos Giulia y Stelvio se ha pospuesto hasta 2027, mientras que en un principio estaba previsto que se presentaran en 2025 y 2026 en forma del 100 % el\u00e9ctrico. \u00bfEl motivo? Incorporar cadenas cinem\u00e1ticas h\u00edbridas, m\u00e1s adaptadas a la demanda actual y a determinados mercados estrat\u00e9gicos como Norteam\u00e9rica.<\/p>\n\n\n\n<p>Este cambio en el calendario ha abierto una ventana a la reflexi\u00f3n. Los responsables de Alfa Romeo pueden replantearse sus planes, afinar sus prioridades y, con toda probabilidad, introducir flexibilidad en una gama que se supon\u00eda fija en los el\u00e9ctricos puros. En este contexto, el actual Director General, Santo Ficili, ha dado algunas pistas sobre el futuro.<\/p>\n\n\n\n<h2 class=\"wp-block-heading\">\"El Giulia y el Stelvio ser\u00e1n los Alfa Romeo m\u00e1s grandes de la historia\".<\/h2>\n\n\n\n<p>Esta frase, recogida por Automotive News y repetida por varios medios especializados, lo cambia todo. Significa varias cosas. En primer lugar, que el Giulia y el Stelvio seguir\u00e1n siendo los modelos \"insignia\" de la marca en cuanto a tama\u00f1o. El futuro Stelvio ser\u00e1 ligeramente m\u00e1s grande que el actual, y el pr\u00f3ximo Giulia, que compartir\u00e1 su plataforma, podr\u00eda seguir la misma tendencia.<\/p>\n\n\n\n<p>Sobre todo, esta declaraci\u00f3n pone fin definitivamente a las ambiciones de Alfa Romeo de realizar un gran SUV o una gran berlina del segmento E. El proyecto de un SUV m\u00e1s grande basado en la plataforma STLA Large, planteado en la \u00e9poca de Imparato, parece haber sido abandonado. \"Los coches grandes no son el territorio de Alfa Romeo\", afirma Ficili.<\/p>\n\n\n\n<h2 class=\"wp-block-heading\">Una \"sorpresa Alfa Romeo\" en proyecto<\/h2>\n\n\n\n<p>Entre el Tonale y el futuro Stelvio, a\u00fan se espera otro modelo, actualmente con el nombre en clave A4U. <a href=\"https:\/\/www.italpassion.fr\/es\/alfa-romeo\/un-nuevo-alfa-romeo-para-2026-y-no-es-ni-el-giulia-ni-el-stelvio\/\">Esta sorpresa Alfa Romeo<\/a>cuyo lanzamiento est\u00e1 previsto para el segundo semestre de 2026, se situar\u00e1 entre el Tonale y el actual Stelvio, tanto por tama\u00f1o como por precio.<\/p>\n\n\n\n<p>Este modelo podr\u00eda permitir a Alfa Romeo reforzar su presencia en el segmento C\/D, uno de los m\u00e1s din\u00e1micos de Europa. Un enfoque que tiene sentido, especialmente en un momento en el que la marca necesita consolidar sus vol\u00famenes antes de abordar nuevos territorios.<\/p>\n\n\n\n<h2 class=\"wp-block-heading\">Maserati, principal beneficiario de la reorientaci\u00f3n de Alfa Romeo <\/h2>\n\n\n\n<p>Al declarar que \"los coches grandes no son territorio de Alfa Romeo\", Santo Ficili tambi\u00e9n est\u00e1 dejando un espacio estrat\u00e9gico abierto para Maserati. Mientras Alfa Romeo se concentra en los segmentos compacto e intermedio, Maserati puede ocupar plenamente el extremo superior del espectro. El Quattroporte mantendr\u00eda su papel como gran berlina italiana, y el futuro Levante como SUV de lujo, encarnando la experiencia premium del grupo en el segmento E.<\/p>\n\n\n\n<p>En otras palabras, Alfa Romeo y Maserati dejar\u00e1n de pisarse los talones mutuamente y aclarar\u00e1n por fin su posicionamiento:<\/p>\n\n\n\n<ul class=\"wp-block-list\">\n<li>Alfa Romeo para coches deportivos, din\u00e1micos y premium.<\/li>\n\n\n\n<li>Maserati, lujo, prestaciones y prestigio.<\/li>\n<\/ul>\n\n\n\n<h2 class=\"wp-block-heading\">A la espera del nuevo plan industrial de Stellantis<\/h2>\n\n\n\n<p>La \u00faltima palabra la tendr\u00e1 el nuevo Director General, Antonio Filosa, cuya presentaci\u00f3n est\u00e1 prevista para finales del primer semestre de 2026, <a href=\"https:\/\/www.italpassion.fr\/es\/stellantis\/stellantis-aplaza-la-presentacion-de-su-nuevo-plan-industrial\/\">su plan industrial<\/a> que suceder\u00e1 al Dare Forward 2030 de Carlos Tavares. En ese momento, sabremos oficialmente lo que depara el futuro a todas las marcas del Grupo, incluida Alfa Romeo.<\/p>","protected":false},"excerpt":{"rendered":"","protected":false},"author":1,"featured_media":34861,"comment_status":"open","ping_status":"open","sticky":false,"template":"","format":"standard","meta":{"_acf_changed":false,"_sitemap_exclude":false,"_sitemap_priority":"","_sitemap_frequency":"","footnotes":""},"categories":[22],"tags":[433],"class_list":["post-42408","post","type-post","status-publish","format-standard","has-post-thumbnail","hentry","category-alfa-romeo","tag-santo-ficili","generate-columns","tablet-grid-50","mobile-grid-100","grid-parent","grid-33"],"acf":[],"yoast_head":"<!-- This site is optimized with the Yoast SEO plugin v25.8 - https:\/\/yoast.com\/wordpress\/plugins\/seo\/ -->\n<title>Le CEO d&#039;Alfa Romeo donne des indices sur l&#039;\u00e9volution de la gamme de la marque (et Maserati en m\u00eame temps) - ItalPassion<\/title>\n<meta name=\"description\" content=\"Il y a quelques ann\u00e9es, le plan produit d\u2019Alfa Romeo \u00e9tait clair. Sous la direction de Jean-Philippe Imparato, la marque italienne devait basculer\" \/>\n<meta name=\"robots\" content=\"index, follow, max-snippet:-1, max-image-preview:large, max-video-preview:-1\" \/>\n<link rel=\"canonical\" href=\"https:\/\/www.italpassion.fr\/es\/alfa-romeo\/el-director-general-de-dalfa-romeo-insinua-la-evolucion-de-la-gama-de-la-marca-y-de-maserati-al-mismo-tiempo\/\" \/>\n<meta property=\"og:locale\" content=\"es_ES\" \/>\n<meta property=\"og:type\" content=\"article\" \/>\n<meta property=\"og:title\" content=\"Le CEO d&#039;Alfa Romeo donne des indices sur l&#039;\u00e9volution de la gamme de la marque (et Maserati en m\u00eame temps) - ItalPassion\" \/>\n<meta property=\"og:description\" content=\"Il y a quelques ann\u00e9es, le plan produit d\u2019Alfa Romeo \u00e9tait clair. Sous la direction de Jean-Philippe Imparato, la marque italienne devait basculer\" \/>\n<meta property=\"og:url\" content=\"https:\/\/www.italpassion.fr\/es\/alfa-romeo\/el-director-general-de-dalfa-romeo-insinua-la-evolucion-de-la-gama-de-la-marca-y-de-maserati-al-mismo-tiempo\/\" \/>\n<meta property=\"og:site_name\" content=\"ItalPassion\" \/>\n<meta property=\"article:publisher\" content=\"https:\/\/www.facebook.com\/italpassion\" \/>\n<meta property=\"article:published_time\" content=\"2025-10-24T05:33:40+00:00\" \/>\n<meta property=\"og:image\" content=\"https:\/\/www.italpassion.fr\/wp-content\/uploads\/2024\/10\/ficili-alfa-romeo.jpg\" \/>\n\t<meta property=\"og:image:width\" content=\"1200\" \/>\n\t<meta property=\"og:image:height\" content=\"800\" \/>\n\t<meta property=\"og:image:type\" content=\"image\/jpeg\" \/>\n<meta name=\"author\" content=\"Alexandre Filluzeau\" \/>\n<meta name=\"twitter:card\" content=\"summary_large_image\" \/>\n<meta name=\"twitter:creator\" content=\"@italpassion\" \/>\n<meta name=\"twitter:site\" content=\"@italpassion\" \/>\n<script type=\"application\/ld+json\" class=\"yoast-schema-graph\">{\"@context\":\"https:\/\/schema.org\",\"@graph\":[{\"@type\":\"NewsArticle\",\"@id\":\"https:\/\/www.italpassion.fr\/es\/alfa-romeo\/le-ceo-dalfa-romeo-donne-des-indices-sur-levolution-de-la-gamme-de-la-marque-et-maserati-en-meme-temps\/#article\",\"isPartOf\":{\"@id\":\"https:\/\/www.italpassion.fr\/es\/alfa-romeo\/le-ceo-dalfa-romeo-donne-des-indices-sur-levolution-de-la-gamme-de-la-marque-et-maserati-en-meme-temps\/\"},\"author\":{\"name\":\"Alexandre Filluzeau\",\"@id\":\"https:\/\/www.italpassion.fr\/es\/#\/schema\/person\/36f747b2a759ca202d847e85a9434ca0\"},\"headline\":\"Le CEO d&rsquo;Alfa Romeo donne des indices sur l&rsquo;\u00e9volution de la gamme de la marque (et Maserati en m\u00eame temps)\",\"datePublished\":\"2025-10-24T05:33:40+00:00\",\"mainEntityOfPage\":{\"@id\":\"https:\/\/www.italpassion.fr\/es\/alfa-romeo\/le-ceo-dalfa-romeo-donne-des-indices-sur-levolution-de-la-gamme-de-la-marque-et-maserati-en-meme-temps\/\"},\"wordCount\":702,\"commentCount\":20,\"publisher\":{\"@id\":\"https:\/\/www.italpassion.fr\/es\/#organization\"},\"image\":{\"@id\":\"https:\/\/www.italpassion.fr\/es\/alfa-romeo\/le-ceo-dalfa-romeo-donne-des-indices-sur-levolution-de-la-gamme-de-la-marque-et-maserati-en-meme-temps\/#primaryimage\"},\"thumbnailUrl\":\"https:\/\/www.italpassion.fr\/wp-content\/uploads\/2024\/10\/ficili-alfa-romeo.jpg\",\"keywords\":[\"Santo Ficili\"],\"articleSection\":[\"Alfa Romeo\"],\"inLanguage\":\"es\",\"potentialAction\":[{\"@type\":\"CommentAction\",\"name\":\"Comment\",\"target\":[\"https:\/\/www.italpassion.fr\/es\/alfa-romeo\/le-ceo-dalfa-romeo-donne-des-indices-sur-levolution-de-la-gamme-de-la-marque-et-maserati-en-meme-temps\/#respond\"]}]},{\"@type\":\"WebPage\",\"@id\":\"https:\/\/www.italpassion.fr\/es\/alfa-romeo\/le-ceo-dalfa-romeo-donne-des-indices-sur-levolution-de-la-gamme-de-la-marque-et-maserati-en-meme-temps\/\",\"url\":\"https:\/\/www.italpassion.fr\/es\/alfa-romeo\/le-ceo-dalfa-romeo-donne-des-indices-sur-levolution-de-la-gamme-de-la-marque-et-maserati-en-meme-temps\/\",\"name\":\"Le CEO d'Alfa Romeo donne des indices sur l'\u00e9volution de la gamme de la marque (et Maserati en m\u00eame temps) - ItalPassion\",\"isPartOf\":{\"@id\":\"https:\/\/www.italpassion.fr\/es\/#website\"},\"primaryImageOfPage\":{\"@id\":\"https:\/\/www.italpassion.fr\/es\/alfa-romeo\/le-ceo-dalfa-romeo-donne-des-indices-sur-levolution-de-la-gamme-de-la-marque-et-maserati-en-meme-temps\/#primaryimage\"},\"image\":{\"@id\":\"https:\/\/www.italpassion.fr\/es\/alfa-romeo\/le-ceo-dalfa-romeo-donne-des-indices-sur-levolution-de-la-gamme-de-la-marque-et-maserati-en-meme-temps\/#primaryimage\"},\"thumbnailUrl\":\"https:\/\/www.italpassion.fr\/wp-content\/uploads\/2024\/10\/ficili-alfa-romeo.jpg\",\"datePublished\":\"2025-10-24T05:33:40+00:00\",\"description\":\"Il y a quelques ann\u00e9es, le plan produit d\u2019Alfa Romeo \u00e9tait clair. Sous la direction de Jean-Philippe Imparato, la marque italienne devait basculer\",\"breadcrumb\":{\"@id\":\"https:\/\/www.italpassion.fr\/es\/alfa-romeo\/le-ceo-dalfa-romeo-donne-des-indices-sur-levolution-de-la-gamme-de-la-marque-et-maserati-en-meme-temps\/#breadcrumb\"},\"inLanguage\":\"es\",\"potentialAction\":[{\"@type\":\"ReadAction\",\"target\":[\"https:\/\/www.italpassion.fr\/es\/alfa-romeo\/le-ceo-dalfa-romeo-donne-des-indices-sur-levolution-de-la-gamme-de-la-marque-et-maserati-en-meme-temps\/\"]}]},{\"@type\":\"ImageObject\",\"inLanguage\":\"es\",\"@id\":\"https:\/\/www.italpassion.fr\/es\/alfa-romeo\/le-ceo-dalfa-romeo-donne-des-indices-sur-levolution-de-la-gamme-de-la-marque-et-maserati-en-meme-temps\/#primaryimage\",\"url\":\"https:\/\/www.italpassion.fr\/wp-content\/uploads\/2024\/10\/ficili-alfa-romeo.jpg\",\"contentUrl\":\"https:\/\/www.italpassion.fr\/wp-content\/uploads\/2024\/10\/ficili-alfa-romeo.jpg\",\"width\":1200,\"height\":800},{\"@type\":\"BreadcrumbList\",\"@id\":\"https:\/\/www.italpassion.fr\/es\/alfa-romeo\/le-ceo-dalfa-romeo-donne-des-indices-sur-levolution-de-la-gamme-de-la-marque-et-maserati-en-meme-temps\/#breadcrumb\",\"itemListElement\":[{\"@type\":\"ListItem\",\"position\":1,\"name\":\"Accueil\",\"item\":\"https:\/\/www.italpassion.fr\/es\/\"},{\"@type\":\"ListItem\",\"position\":2,\"name\":\"Le CEO d&rsquo;Alfa Romeo donne des indices sur l&rsquo;\u00e9volution de la gamme de la marque (et Maserati en m\u00eame temps)\"}]},{\"@type\":\"WebSite\",\"@id\":\"https:\/\/www.italpassion.fr\/es\/#website\",\"url\":\"https:\/\/www.italpassion.fr\/es\/\",\"name\":\"ItalPassion\",\"description\":\"Les Passionn\u00e9s d&#039;Automobiles Italiennes\",\"publisher\":{\"@id\":\"https:\/\/www.italpassion.fr\/es\/#organization\"},\"potentialAction\":[{\"@type\":\"SearchAction\",\"target\":{\"@type\":\"EntryPoint\",\"urlTemplate\":\"https:\/\/www.italpassion.fr\/es\/?s={search_term_string}\"},\"query-input\":{\"@type\":\"PropertyValueSpecification\",\"valueRequired\":true,\"valueName\":\"search_term_string\"}}],\"inLanguage\":\"es\"},{\"@type\":\"Organization\",\"@id\":\"https:\/\/www.italpassion.fr\/es\/#organization\",\"name\":\"Italpassion\",\"url\":\"https:\/\/www.italpassion.fr\/es\/\",\"logo\":{\"@type\":\"ImageObject\",\"inLanguage\":\"es\",\"@id\":\"https:\/\/www.italpassion.fr\/es\/#\/schema\/logo\/image\/\",\"url\":\"https:\/\/www.italpassion.fr\/wp-content\/uploads\/2023\/07\/italpassion-yoast.jpg\",\"contentUrl\":\"https:\/\/www.italpassion.fr\/wp-content\/uploads\/2023\/07\/italpassion-yoast.jpg\",\"width\":696,\"height\":696,\"caption\":\"Italpassion\"},\"image\":{\"@id\":\"https:\/\/www.italpassion.fr\/es\/#\/schema\/logo\/image\/\"},\"sameAs\":[\"https:\/\/www.facebook.com\/italpassion\",\"https:\/\/x.com\/italpassion\",\"https:\/\/www.instagram.com\/italpassionfr\/\",\"https:\/\/www.youtube.com\/channel\/UCleq-ByQaA42OjhopwevRjQ\",\"https:\/\/www.facebook.com\/italpassion.en\/\",\"https:\/\/www.facebook.com\/italpassion.it\/\",\"https:\/\/www.facebook.com\/italpassion.de\/\",\"https:\/\/www.facebook.com\/italpassion.ja\/\"]},{\"@type\":\"Person\",\"@id\":\"https:\/\/www.italpassion.fr\/es\/#\/schema\/person\/36f747b2a759ca202d847e85a9434ca0\",\"name\":\"Alexandre Filluzeau\",\"image\":{\"@type\":\"ImageObject\",\"inLanguage\":\"es\",\"@id\":\"https:\/\/www.italpassion.fr\/es\/#\/schema\/person\/image\/\",\"url\":\"https:\/\/www.italpassion.fr\/wp-content\/uploads\/2025\/04\/avatar-alexandre-160x160.jpg\",\"contentUrl\":\"https:\/\/www.italpassion.fr\/wp-content\/uploads\/2025\/04\/avatar-alexandre-160x160.jpg\",\"caption\":\"Alexandre Filluzeau\"},\"description\":\"Fondateur du site ItalPassion, passionn\u00e9 de voitures italiennes et de l'Italie en g\u00e9n\u00e9ral. J'apporte un regard critique et technique aux actualit\u00e9s des marques italiennes quand cela est possible. Propri\u00e9taire d'une Maserati GranTurismo, Alfa Romeo MiTo, Lancia Fulvia et Ducati 695. Ex-propri\u00e9taire d'une Alfa Romeo Giulia.\",\"sameAs\":[\"https:\/\/www.italpassion.fr\/\"],\"url\":\"https:\/\/www.italpassion.fr\/es\/author\/alexandre\/\"}]}<\/script>\n<!-- \/ Yoast SEO plugin. -->","yoast_head_json":{"title":"El CEO de Alfa Romeo da pistas sobre la evoluci\u00f3n de la gama de la marca (y de Maserati al mismo tiempo) - ItalPassion","description":"Hace unos a\u00f1os, el plan de producto de Alfa Romeo estaba claro. Bajo la direcci\u00f3n de Jean-Philippe Imparato, la marca italiana iba a cambiar","robots":{"index":"index","follow":"follow","max-snippet":"max-snippet:-1","max-image-preview":"max-image-preview:large","max-video-preview":"max-video-preview:-1"},"canonical":"https:\/\/www.italpassion.fr\/es\/alfa-romeo\/el-director-general-de-dalfa-romeo-insinua-la-evolucion-de-la-gama-de-la-marca-y-de-maserati-al-mismo-tiempo\/","og_locale":"es_ES","og_type":"article","og_title":"Le CEO d'Alfa Romeo donne des indices sur l'\u00e9volution de la gamme de la marque (et Maserati en m\u00eame temps) - ItalPassion","og_description":"Il y a quelques ann\u00e9es, le plan produit d\u2019Alfa Romeo \u00e9tait clair. Sous la direction de Jean-Philippe Imparato, la marque italienne devait basculer","og_url":"https:\/\/www.italpassion.fr\/es\/alfa-romeo\/el-director-general-de-dalfa-romeo-insinua-la-evolucion-de-la-gama-de-la-marca-y-de-maserati-al-mismo-tiempo\/","og_site_name":"ItalPassion","article_publisher":"https:\/\/www.facebook.com\/italpassion","article_published_time":"2025-10-24T05:33:40+00:00","og_image":[{"width":1200,"height":800,"url":"https:\/\/www.italpassion.fr\/wp-content\/uploads\/2024\/10\/ficili-alfa-romeo.jpg","type":"image\/jpeg"}],"author":"Alexandre Filluzeau","twitter_card":"summary_large_image","twitter_creator":"@italpassion","twitter_site":"@italpassion","schema":{"@context":"https:\/\/schema.org","@graph":[{"@type":"NewsArticle","@id":"https:\/\/www.italpassion.fr\/es\/alfa-romeo\/le-ceo-dalfa-romeo-donne-des-indices-sur-levolution-de-la-gamme-de-la-marque-et-maserati-en-meme-temps\/#article","isPartOf":{"@id":"https:\/\/www.italpassion.fr\/es\/alfa-romeo\/le-ceo-dalfa-romeo-donne-des-indices-sur-levolution-de-la-gamme-de-la-marque-et-maserati-en-meme-temps\/"},"author":{"name":"Alexandre Filluzeau","@id":"https:\/\/www.italpassion.fr\/es\/#\/schema\/person\/36f747b2a759ca202d847e85a9434ca0"},"headline":"Le CEO d&rsquo;Alfa Romeo donne des indices sur l&rsquo;\u00e9volution de la gamme de la marque (et Maserati en m\u00eame temps)","datePublished":"2025-10-24T05:33:40+00:00","mainEntityOfPage":{"@id":"https:\/\/www.italpassion.fr\/es\/alfa-romeo\/le-ceo-dalfa-romeo-donne-des-indices-sur-levolution-de-la-gamme-de-la-marque-et-maserati-en-meme-temps\/"},"wordCount":702,"commentCount":20,"publisher":{"@id":"https:\/\/www.italpassion.fr\/es\/#organization"},"image":{"@id":"https:\/\/www.italpassion.fr\/es\/alfa-romeo\/le-ceo-dalfa-romeo-donne-des-indices-sur-levolution-de-la-gamme-de-la-marque-et-maserati-en-meme-temps\/#primaryimage"},"thumbnailUrl":"https:\/\/www.italpassion.fr\/wp-content\/uploads\/2024\/10\/ficili-alfa-romeo.jpg","keywords":["Santo Ficili"],"articleSection":["Alfa Romeo"],"inLanguage":"es","potentialAction":[{"@type":"CommentAction","name":"Comment","target":["https:\/\/www.italpassion.fr\/es\/alfa-romeo\/le-ceo-dalfa-romeo-donne-des-indices-sur-levolution-de-la-gamme-de-la-marque-et-maserati-en-meme-temps\/#respond"]}]},{"@type":"WebPage","@id":"https:\/\/www.italpassion.fr\/es\/alfa-romeo\/le-ceo-dalfa-romeo-donne-des-indices-sur-levolution-de-la-gamme-de-la-marque-et-maserati-en-meme-temps\/","url":"https:\/\/www.italpassion.fr\/es\/alfa-romeo\/le-ceo-dalfa-romeo-donne-des-indices-sur-levolution-de-la-gamme-de-la-marque-et-maserati-en-meme-temps\/","name":"El CEO de Alfa Romeo da pistas sobre la evoluci\u00f3n de la gama de la marca (y de Maserati al mismo tiempo) - ItalPassion","isPartOf":{"@id":"https:\/\/www.italpassion.fr\/es\/#website"},"primaryImageOfPage":{"@id":"https:\/\/www.italpassion.fr\/es\/alfa-romeo\/le-ceo-dalfa-romeo-donne-des-indices-sur-levolution-de-la-gamme-de-la-marque-et-maserati-en-meme-temps\/#primaryimage"},"image":{"@id":"https:\/\/www.italpassion.fr\/es\/alfa-romeo\/le-ceo-dalfa-romeo-donne-des-indices-sur-levolution-de-la-gamme-de-la-marque-et-maserati-en-meme-temps\/#primaryimage"},"thumbnailUrl":"https:\/\/www.italpassion.fr\/wp-content\/uploads\/2024\/10\/ficili-alfa-romeo.jpg","datePublished":"2025-10-24T05:33:40+00:00","description":"Hace unos a\u00f1os, el plan de producto de Alfa Romeo estaba claro. Bajo la direcci\u00f3n de Jean-Philippe Imparato, la marca italiana iba a cambiar","breadcrumb":{"@id":"https:\/\/www.italpassion.fr\/es\/alfa-romeo\/le-ceo-dalfa-romeo-donne-des-indices-sur-levolution-de-la-gamme-de-la-marque-et-maserati-en-meme-temps\/#breadcrumb"},"inLanguage":"es","potentialAction":[{"@type":"ReadAction","target":["https:\/\/www.italpassion.fr\/es\/alfa-romeo\/le-ceo-dalfa-romeo-donne-des-indices-sur-levolution-de-la-gamme-de-la-marque-et-maserati-en-meme-temps\/"]}]},{"@type":"ImageObject","inLanguage":"es","@id":"https:\/\/www.italpassion.fr\/es\/alfa-romeo\/le-ceo-dalfa-romeo-donne-des-indices-sur-levolution-de-la-gamme-de-la-marque-et-maserati-en-meme-temps\/#primaryimage","url":"https:\/\/www.italpassion.fr\/wp-content\/uploads\/2024\/10\/ficili-alfa-romeo.jpg","contentUrl":"https:\/\/www.italpassion.fr\/wp-content\/uploads\/2024\/10\/ficili-alfa-romeo.jpg","width":1200,"height":800},{"@type":"BreadcrumbList","@id":"https:\/\/www.italpassion.fr\/es\/alfa-romeo\/le-ceo-dalfa-romeo-donne-des-indices-sur-levolution-de-la-gamme-de-la-marque-et-maserati-en-meme-temps\/#breadcrumb","itemListElement":[{"@type":"ListItem","position":1,"name":"Accueil","item":"https:\/\/www.italpassion.fr\/es\/"},{"@type":"ListItem","position":2,"name":"Le CEO d&rsquo;Alfa Romeo donne des indices sur l&rsquo;\u00e9volution de la gamme de la marque (et Maserati en m\u00eame temps)"}]},{"@type":"WebSite","@id":"https:\/\/www.italpassion.fr\/es\/#website","url":"https:\/\/www.italpassion.fr\/es\/","name":"ItalPassion","description":"Entusiastas de los coches italianos","publisher":{"@id":"https:\/\/www.italpassion.fr\/es\/#organization"},"potentialAction":[{"@type":"SearchAction","target":{"@type":"EntryPoint","urlTemplate":"https:\/\/www.italpassion.fr\/es\/?s={search_term_string}"},"query-input":{"@type":"PropertyValueSpecification","valueRequired":true,"valueName":"search_term_string"}}],"inLanguage":"es"},{"@type":"Organization","@id":"https:\/\/www.italpassion.fr\/es\/#organization","name":"Italpassion","url":"https:\/\/www.italpassion.fr\/es\/","logo":{"@type":"ImageObject","inLanguage":"es","@id":"https:\/\/www.italpassion.fr\/es\/#\/schema\/logo\/image\/","url":"https:\/\/www.italpassion.fr\/wp-content\/uploads\/2023\/07\/italpassion-yoast.jpg","contentUrl":"https:\/\/www.italpassion.fr\/wp-content\/uploads\/2023\/07\/italpassion-yoast.jpg","width":696,"height":696,"caption":"Italpassion"},"image":{"@id":"https:\/\/www.italpassion.fr\/es\/#\/schema\/logo\/image\/"},"sameAs":["https:\/\/www.facebook.com\/italpassion","https:\/\/x.com\/italpassion","https:\/\/www.instagram.com\/italpassionfr\/","https:\/\/www.youtube.com\/channel\/UCleq-ByQaA42OjhopwevRjQ","https:\/\/www.facebook.com\/italpassion.en\/","https:\/\/www.facebook.com\/italpassion.it\/","https:\/\/www.facebook.com\/italpassion.de\/","https:\/\/www.facebook.com\/italpassion.ja\/"]},{"@type":"Person","@id":"https:\/\/www.italpassion.fr\/es\/#\/schema\/person\/36f747b2a759ca202d847e85a9434ca0","name":"Alexandre Filluzeau","image":{"@type":"ImageObject","inLanguage":"es","@id":"https:\/\/www.italpassion.fr\/es\/#\/schema\/person\/image\/","url":"https:\/\/www.italpassion.fr\/wp-content\/uploads\/2025\/04\/avatar-alexandre-160x160.jpg","contentUrl":"https:\/\/www.italpassion.fr\/wp-content\/uploads\/2025\/04\/avatar-alexandre-160x160.jpg","caption":"Alexandre Filluzeau"},"description":"Fundador del sitio web ItalPassion, apasionado de los coches italianos y de Italia en general. Aporto una mirada cr\u00edtica y t\u00e9cnica a las noticias de las marcas italianas cuando es posible. Propietario de un Maserati GranTurismo, Alfa Romeo MiTo, Lancia Fulvia y Ducati 695. Ex-propietario de un Alfa Romeo Giulia.","sameAs":["https:\/\/www.italpassion.fr\/"],"url":"https:\/\/www.italpassion.fr\/es\/author\/alexandre\/"}]}},"_links":{"self":[{"href":"https:\/\/www.italpassion.fr\/es\/wp-json\/wp\/v2\/posts\/42408","targetHints":{"allow":["GET"]}}],"collection":[{"href":"https:\/\/www.italpassion.fr\/es\/wp-json\/wp\/v2\/posts"}],"about":[{"href":"https:\/\/www.italpassion.fr\/es\/wp-json\/wp\/v2\/types\/post"}],"author":[{"embeddable":true,"href":"https:\/\/www.italpassion.fr\/es\/wp-json\/wp\/v2\/users\/1"}],"replies":[{"embeddable":true,"href":"https:\/\/www.italpassion.fr\/es\/wp-json\/wp\/v2\/comments?post=42408"}],"version-history":[{"count":3,"href":"https:\/\/www.italpassion.fr\/es\/wp-json\/wp\/v2\/posts\/42408\/revisions"}],"predecessor-version":[{"id":42452,"href":"https:\/\/www.italpassion.fr\/es\/wp-json\/wp\/v2\/posts\/42408\/revisions\/42452"}],"wp:featuredmedia":[{"embeddable":true,"href":"https:\/\/www.italpassion.fr\/es\/wp-json\/wp\/v2\/media\/34861"}],"wp:attachment":[{"href":"https:\/\/www.italpassion.fr\/es\/wp-json\/wp\/v2\/media?parent=42408"}],"wp:term":[{"taxonomy":"category","embeddable":true,"href":"https:\/\/www.italpassion.fr\/es\/wp-json\/wp\/v2\/categories?post=42408"},{"taxonomy":"post_tag","embeddable":true,"href":"https:\/\/www.italpassion.fr\/es\/wp-json\/wp\/v2\/tags?post=42408"}],"curies":[{"name":"wp","href":"https:\/\/api.w.org\/{rel}","templated":true}]}}