{"id":42321,"date":"2025-10-21T09:37:43","date_gmt":"2025-10-21T07:37:43","guid":{"rendered":"https:\/\/www.italpassion.fr\/?p=42321"},"modified":"2025-10-21T09:37:43","modified_gmt":"2025-10-21T07:37:43","slug":"el-nuevo-director-general-de-stellantis-visita-a-los-sindicatos-italianos-y-habla-con-bruselashay-que-revisar-la-normativa-europea","status":"publish","type":"post","link":"https:\/\/www.italpassion.fr\/es\/stellantis\/le-nouveau-ceo-de-stellantis-rend-visite-aux-syndicats-italiens-et-sadresse-a-bruxelles-nous-devons-revoir-la-reglementation-europeenne\/","title":{"rendered":"El nuevo Director General de Stellantis visita a los sindicatos italianos y se dirige a Bruselas: \"\u00a1Necesitamos revisar la normativa europea!"},"content":{"rendered":"<figure class=\"wp-block-image size-full\"><img loading=\"lazy\" decoding=\"async\" width=\"1200\" height=\"800\" src=\"https:\/\/www.italpassion.fr\/wp-content\/uploads\/2025\/10\/antonio-filosa-10.jpg\" alt=\"\" class=\"wp-image-42322\" srcset=\"https:\/\/www.italpassion.fr\/wp-content\/uploads\/2025\/10\/antonio-filosa-10.jpg 1200w, https:\/\/www.italpassion.fr\/wp-content\/uploads\/2025\/10\/antonio-filosa-10-420x280.jpg 420w, https:\/\/www.italpassion.fr\/wp-content\/uploads\/2025\/10\/antonio-filosa-10-768x512.jpg 768w, https:\/\/www.italpassion.fr\/wp-content\/uploads\/2025\/10\/antonio-filosa-10-18x12.jpg 18w\" sizes=\"auto, (max-width: 1200px) 100vw, 1200px\" \/><\/figure>\n\n\n\n<p>El lunes 20 de octubre de 2025 seguir\u00e1 siendo una fecha simb\u00f3lica para los trabajadores de Mirafiori. Por primera vez desde su nombramiento, el nuevo Director General de <a href=\"https:\/\/www.italpassion.fr\/es\/stellantis\/\">Stellantis<\/a>Antonio Filosa, viaj\u00f3 a Tur\u00edn para reunirse con los sindicatos italianos. Era una visita largamente esperada y reclamada desde hac\u00eda a\u00f1os, incluso bajo el mandato de Carlos Tavares.<\/p>\n\n\n\n<h2 class=\"wp-block-heading\">Una visita muy esperada a Mirafiori<\/h2>\n\n\n\n<p>Mientras Stellantis confirmaba recientemente una colosal inversi\u00f3n de 13.000 millones de d\u00f3lares en Estados Unidos, la situaci\u00f3n en Italia segu\u00eda marcada por la duda. Los sindicatos reclamaban un gesto concreto para reactivar la producci\u00f3n nacional, en declive desde hace varios a\u00f1os.<\/p>\n\n\n\n<p>Filosa no vino con las manos vac\u00edas: anunci\u00f3 400 nuevos puestos de trabajo en la planta de Mirafiori para apoyar la producci\u00f3n del nuevo Fiat 500 h\u00edbrido, que comenzar\u00e1 en noviembre. Esta decisi\u00f3n permitir\u00e1 a la planta de Tur\u00edn pasar a una nueva fase de producci\u00f3n en febrero de 2026, llegando a producir 150.000 coches al a\u00f1o.<\/p>\n\n\n\n<blockquote class=\"wp-block-quote is-layout-flow wp-block-quote-is-layout-flow\"><svg aria-hidden=\"true\" focusable=\"false\" class=\"icon icon-quote\" width=\"48\" height=\"48\"><use xlink:href=\"#icon-quote\"><\/use><\/svg>\n<p>\"Todav\u00eda no es suficiente, pero es todo lo que podemos hacer dado el contexto\", admiti\u00f3, felicit\u00e1ndose no obstante por \"un paso importante para el empleo en Italia\".<\/p>\n<\/blockquote>\n\n\n\n<p>Es la primera vez en casi treinta a\u00f1os que Mirafiori experimenta una oleada de contrataciones comparable desde finales de los a\u00f1os noventa.<\/p>\n\n\n\n<h2 class=\"wp-block-heading\">Un mensaje pol\u00edtico a Bruselas<\/h2>\n\n\n\n<p>Pero m\u00e1s all\u00e1 de este anuncio simb\u00f3lico, el n\u00facleo del mensaje de Filosa estaba en otra parte: el marco regulador europeo debe cambiar.<\/p>\n\n\n\n<blockquote class=\"wp-block-quote is-layout-flow wp-block-quote-is-layout-flow\"><svg aria-hidden=\"true\" focusable=\"false\" class=\"icon icon-quote\" width=\"48\" height=\"48\"><use xlink:href=\"#icon-quote\"><\/use><\/svg>\n<p>\"Hay que revisar la normativa europea, que no tiene en cuenta la realidad del mercado y del contexto industrial\", ha afirmado el patr\u00f3n de Stellantis, que ha pedido a los sindicatos italianos que apoyen este planteamiento ante las instituciones europeas.<\/p>\n<\/blockquote>\n\n\n\n<p>En su opini\u00f3n, los objetivos de neutralidad de carbono y la prohibici\u00f3n de vender motores de combusti\u00f3n de aqu\u00ed a 2035 son sencillamente \"poco realistas\". Defiende un enfoque m\u00e1s pragm\u00e1tico, basado en la neutralidad tecnol\u00f3gica: \"Tenemos que permitir a nuestros clientes elegir entre toda la gama de veh\u00edculos que deseen, ya sean el\u00e9ctricos, h\u00edbridos o de combusti\u00f3n interna. Es la \u00fanica manera de reactivar la producci\u00f3n\".<\/p>\n\n\n\n<h2 class=\"wp-block-heading\">Las f\u00e1bricas siguen en la incertidumbre<\/h2>\n\n\n\n<p>Mientras Mirafiori ve venir un renacimiento con el h\u00edbrido 500, otros sitios siguen esperando.<\/p>\n\n\n\n<ul class=\"wp-block-list\">\n<li>Cassino, donde se producir\u00e1n los futuros Alfa Romeo Stelvio y Giulia sobre la plataforma STLA Large, sigue a la espera del lanzamiento real del programa, que se ha retrasado hasta 2027 para incluir versiones h\u00edbridas.<\/li>\n\n\n\n<li>En Termoli, la situaci\u00f3n sigue siendo la m\u00e1s cr\u00edtica: la Gigafactor\u00eda de bater\u00edas sigue en suspenso y no se ha anunciado una nueva asignaci\u00f3n clara.<\/li>\n\n\n\n<li>Por \u00faltimo, en Melfi, Stellantis prepara la producci\u00f3n del nuevo Jeep Compass h\u00edbrido, al que seguir\u00e1n el DS7 y el Lancia Gamma a partir de 2026.<\/li>\n<\/ul>\n\n\n\n<p>Ante estas incertidumbres, los sindicatos celebran el gesto para Mirafiori, al tiempo que piden un refuerzo de \"Piano Italia\" y compromisos concretos para las dem\u00e1s plantas.<\/p>\n\n\n\n<h2 class=\"wp-block-heading\">Un primer contacto, pero muchas preguntas<\/h2>\n\n\n\n<p>Para Filosa, esta reuni\u00f3n era ante todo un primer contacto simb\u00f3lico con los representantes italianos. Trat\u00f3 de tranquilizarles: \"Italia sigue estando en el centro de nuestra visi\u00f3n estrat\u00e9gica\". Pero tambi\u00e9n subray\u00f3 las limitaciones del modelo europeo, comparando la situaci\u00f3n con la de Estados Unidos, donde un marco m\u00e1s favorable ha permitido a Stellantis invertir 13.000 millones de d\u00f3lares y crear 5.000 empleos.<\/p>\n\n\n\n<p>Los sindicatos, divididos entre la cautela y la esperanza, reconocieron un cambio de tono: \"El lanzamiento de modelos h\u00edbridos es un buen punto de partida\", coment\u00f3 Uilm. El lanzamiento de modelos h\u00edbridos es un buen punto de partida\", coment\u00f3 Uilm. \"Pero s\u00f3lo estamos al principio de un camino dif\u00edcil, que depender\u00e1 tanto de Stellantis como de la pol\u00edtica europea\".<\/p>\n\n\n\n<h2 class=\"wp-block-heading\">Batalla normativa por delante<\/h2>\n\n\n\n<p>Al aplazar la presentaci\u00f3n de su nuevo <a href=\"https:\/\/www.italpassion.fr\/es\/stellantis\/stellantis-aplaza-la-presentacion-de-su-nuevo-plan-industrial\/\">plan industrial para finales del primer semestre de 2026<\/a>Antonio Filosa est\u00e1 sentando las bases de una ofensiva pol\u00edtica e industrial. Stellantis pretende ahora influir en el debate europeo para obtener una flexibilizaci\u00f3n de las normas medioambientales, el reconocimiento de la neutralidad tecnol\u00f3gica y el apoyo al segmento de los coches peque\u00f1os, vital para la industria italiana.<\/p>\n\n\n\n<p>Una cosa es cierta: tras a\u00f1os de tensiones entre las f\u00e1bricas italianas y la direcci\u00f3n del grupo, por fin se ha reabierto el di\u00e1logo. Pero la reactivaci\u00f3n de la producci\u00f3n a largo plazo depender\u00e1 ahora tanto de las decisiones que se tomen en Bruselas como en Tur\u00edn.<\/p>","protected":false},"excerpt":{"rendered":"","protected":false},"author":1,"featured_media":42322,"comment_status":"open","ping_status":"open","sticky":false,"template":"","format":"standard","meta":{"_acf_changed":false,"_sitemap_exclude":false,"_sitemap_priority":"","_sitemap_frequency":"","footnotes":""},"categories":[29],"tags":[565],"class_list":["post-42321","post","type-post","status-publish","format-standard","has-post-thumbnail","hentry","category-stellantis","tag-antonio-filosa","generate-columns","tablet-grid-50","mobile-grid-100","grid-parent","grid-33"],"acf":[],"yoast_head":"<!-- This site is optimized with the Yoast SEO plugin v25.8 - https:\/\/yoast.com\/wordpress\/plugins\/seo\/ -->\n<title>Le nouveau CEO de Stellantis rend visite aux syndicats italiens et s&#039;adresse \u00e0 Bruxelles : &quot;Nous devons revoir\u00a0la r\u00e9glementation europ\u00e9enne !&quot; - ItalPassion<\/title>\n<meta name=\"description\" content=\"Lundi 20 octobre 2025 restera comme une date symbolique pour les ouvriers de Mirafiori. Pour la premi\u00e8re fois depuis sa nomination, le nouveau CEO de\" \/>\n<meta name=\"robots\" content=\"index, follow, max-snippet:-1, max-image-preview:large, max-video-preview:-1\" \/>\n<link rel=\"canonical\" href=\"https:\/\/www.italpassion.fr\/es\/stellantis\/el-nuevo-director-general-de-stellantis-visita-a-los-sindicatos-italianos-y-habla-con-bruselashay-que-revisar-la-normativa-europea\/\" \/>\n<meta property=\"og:locale\" content=\"es_ES\" \/>\n<meta property=\"og:type\" content=\"article\" \/>\n<meta property=\"og:title\" content=\"Le nouveau CEO de Stellantis rend visite aux syndicats italiens et s&#039;adresse \u00e0 Bruxelles : &quot;Nous devons revoir\u00a0la r\u00e9glementation europ\u00e9enne !&quot; - ItalPassion\" \/>\n<meta property=\"og:description\" content=\"Lundi 20 octobre 2025 restera comme une date symbolique pour les ouvriers de Mirafiori. Pour la premi\u00e8re fois depuis sa nomination, le nouveau CEO de\" \/>\n<meta property=\"og:url\" content=\"https:\/\/www.italpassion.fr\/es\/stellantis\/el-nuevo-director-general-de-stellantis-visita-a-los-sindicatos-italianos-y-habla-con-bruselashay-que-revisar-la-normativa-europea\/\" \/>\n<meta property=\"og:site_name\" content=\"ItalPassion\" \/>\n<meta property=\"article:publisher\" content=\"https:\/\/www.facebook.com\/italpassion\" \/>\n<meta property=\"article:published_time\" content=\"2025-10-21T07:37:43+00:00\" \/>\n<meta property=\"og:image\" content=\"https:\/\/www.italpassion.fr\/wp-content\/uploads\/2025\/10\/antonio-filosa-10.jpg\" \/>\n\t<meta property=\"og:image:width\" content=\"1200\" \/>\n\t<meta property=\"og:image:height\" content=\"800\" \/>\n\t<meta property=\"og:image:type\" content=\"image\/jpeg\" \/>\n<meta name=\"author\" content=\"Alexandre Filluzeau\" \/>\n<meta name=\"twitter:card\" content=\"summary_large_image\" \/>\n<meta name=\"twitter:creator\" content=\"@italpassion\" \/>\n<meta name=\"twitter:site\" content=\"@italpassion\" \/>\n<script type=\"application\/ld+json\" class=\"yoast-schema-graph\">{\"@context\":\"https:\/\/schema.org\",\"@graph\":[{\"@type\":\"NewsArticle\",\"@id\":\"https:\/\/www.italpassion.fr\/es\/stellantis\/le-nouveau-ceo-de-stellantis-rend-visite-aux-syndicats-italiens-et-sadresse-a-bruxelles-nous-devons-revoir-la-reglementation-europeenne\/#article\",\"isPartOf\":{\"@id\":\"https:\/\/www.italpassion.fr\/es\/stellantis\/le-nouveau-ceo-de-stellantis-rend-visite-aux-syndicats-italiens-et-sadresse-a-bruxelles-nous-devons-revoir-la-reglementation-europeenne\/\"},\"author\":{\"name\":\"Alexandre Filluzeau\",\"@id\":\"https:\/\/www.italpassion.fr\/es\/#\/schema\/person\/36f747b2a759ca202d847e85a9434ca0\"},\"headline\":\"Le nouveau CEO de Stellantis rend visite aux syndicats italiens et s&rsquo;adresse \u00e0 Bruxelles : \u00ab\u00a0Nous devons revoir\u00a0la r\u00e9glementation europ\u00e9enne !\u00a0\u00bb\",\"datePublished\":\"2025-10-21T07:37:43+00:00\",\"mainEntityOfPage\":{\"@id\":\"https:\/\/www.italpassion.fr\/es\/stellantis\/le-nouveau-ceo-de-stellantis-rend-visite-aux-syndicats-italiens-et-sadresse-a-bruxelles-nous-devons-revoir-la-reglementation-europeenne\/\"},\"wordCount\":756,\"commentCount\":13,\"publisher\":{\"@id\":\"https:\/\/www.italpassion.fr\/es\/#organization\"},\"image\":{\"@id\":\"https:\/\/www.italpassion.fr\/es\/stellantis\/le-nouveau-ceo-de-stellantis-rend-visite-aux-syndicats-italiens-et-sadresse-a-bruxelles-nous-devons-revoir-la-reglementation-europeenne\/#primaryimage\"},\"thumbnailUrl\":\"https:\/\/www.italpassion.fr\/wp-content\/uploads\/2025\/10\/antonio-filosa-10.jpg\",\"keywords\":[\"Antonio Filosa\"],\"articleSection\":[\"Stellantis\"],\"inLanguage\":\"es\",\"potentialAction\":[{\"@type\":\"CommentAction\",\"name\":\"Comment\",\"target\":[\"https:\/\/www.italpassion.fr\/es\/stellantis\/le-nouveau-ceo-de-stellantis-rend-visite-aux-syndicats-italiens-et-sadresse-a-bruxelles-nous-devons-revoir-la-reglementation-europeenne\/#respond\"]}]},{\"@type\":\"WebPage\",\"@id\":\"https:\/\/www.italpassion.fr\/es\/stellantis\/le-nouveau-ceo-de-stellantis-rend-visite-aux-syndicats-italiens-et-sadresse-a-bruxelles-nous-devons-revoir-la-reglementation-europeenne\/\",\"url\":\"https:\/\/www.italpassion.fr\/es\/stellantis\/le-nouveau-ceo-de-stellantis-rend-visite-aux-syndicats-italiens-et-sadresse-a-bruxelles-nous-devons-revoir-la-reglementation-europeenne\/\",\"name\":\"Le nouveau CEO de Stellantis rend visite aux syndicats italiens et s'adresse \u00e0 Bruxelles : \\\"Nous devons revoir\u00a0la r\u00e9glementation europ\u00e9enne !\\\" - ItalPassion\",\"isPartOf\":{\"@id\":\"https:\/\/www.italpassion.fr\/es\/#website\"},\"primaryImageOfPage\":{\"@id\":\"https:\/\/www.italpassion.fr\/es\/stellantis\/le-nouveau-ceo-de-stellantis-rend-visite-aux-syndicats-italiens-et-sadresse-a-bruxelles-nous-devons-revoir-la-reglementation-europeenne\/#primaryimage\"},\"image\":{\"@id\":\"https:\/\/www.italpassion.fr\/es\/stellantis\/le-nouveau-ceo-de-stellantis-rend-visite-aux-syndicats-italiens-et-sadresse-a-bruxelles-nous-devons-revoir-la-reglementation-europeenne\/#primaryimage\"},\"thumbnailUrl\":\"https:\/\/www.italpassion.fr\/wp-content\/uploads\/2025\/10\/antonio-filosa-10.jpg\",\"datePublished\":\"2025-10-21T07:37:43+00:00\",\"description\":\"Lundi 20 octobre 2025 restera comme une date symbolique pour les ouvriers de Mirafiori. Pour la premi\u00e8re fois depuis sa nomination, le nouveau CEO de\",\"breadcrumb\":{\"@id\":\"https:\/\/www.italpassion.fr\/es\/stellantis\/le-nouveau-ceo-de-stellantis-rend-visite-aux-syndicats-italiens-et-sadresse-a-bruxelles-nous-devons-revoir-la-reglementation-europeenne\/#breadcrumb\"},\"inLanguage\":\"es\",\"potentialAction\":[{\"@type\":\"ReadAction\",\"target\":[\"https:\/\/www.italpassion.fr\/es\/stellantis\/le-nouveau-ceo-de-stellantis-rend-visite-aux-syndicats-italiens-et-sadresse-a-bruxelles-nous-devons-revoir-la-reglementation-europeenne\/\"]}]},{\"@type\":\"ImageObject\",\"inLanguage\":\"es\",\"@id\":\"https:\/\/www.italpassion.fr\/es\/stellantis\/le-nouveau-ceo-de-stellantis-rend-visite-aux-syndicats-italiens-et-sadresse-a-bruxelles-nous-devons-revoir-la-reglementation-europeenne\/#primaryimage\",\"url\":\"https:\/\/www.italpassion.fr\/wp-content\/uploads\/2025\/10\/antonio-filosa-10.jpg\",\"contentUrl\":\"https:\/\/www.italpassion.fr\/wp-content\/uploads\/2025\/10\/antonio-filosa-10.jpg\",\"width\":1200,\"height\":800},{\"@type\":\"BreadcrumbList\",\"@id\":\"https:\/\/www.italpassion.fr\/es\/stellantis\/le-nouveau-ceo-de-stellantis-rend-visite-aux-syndicats-italiens-et-sadresse-a-bruxelles-nous-devons-revoir-la-reglementation-europeenne\/#breadcrumb\",\"itemListElement\":[{\"@type\":\"ListItem\",\"position\":1,\"name\":\"Accueil\",\"item\":\"https:\/\/www.italpassion.fr\/es\/\"},{\"@type\":\"ListItem\",\"position\":2,\"name\":\"Le nouveau CEO de Stellantis rend visite aux syndicats italiens et s&rsquo;adresse \u00e0 Bruxelles : \u00ab\u00a0Nous devons revoir\u00a0la r\u00e9glementation europ\u00e9enne !\u00a0\u00bb\"}]},{\"@type\":\"WebSite\",\"@id\":\"https:\/\/www.italpassion.fr\/es\/#website\",\"url\":\"https:\/\/www.italpassion.fr\/es\/\",\"name\":\"ItalPassion\",\"description\":\"Les Passionn\u00e9s d&#039;Automobiles Italiennes\",\"publisher\":{\"@id\":\"https:\/\/www.italpassion.fr\/es\/#organization\"},\"potentialAction\":[{\"@type\":\"SearchAction\",\"target\":{\"@type\":\"EntryPoint\",\"urlTemplate\":\"https:\/\/www.italpassion.fr\/es\/?s={search_term_string}\"},\"query-input\":{\"@type\":\"PropertyValueSpecification\",\"valueRequired\":true,\"valueName\":\"search_term_string\"}}],\"inLanguage\":\"es\"},{\"@type\":\"Organization\",\"@id\":\"https:\/\/www.italpassion.fr\/es\/#organization\",\"name\":\"Italpassion\",\"url\":\"https:\/\/www.italpassion.fr\/es\/\",\"logo\":{\"@type\":\"ImageObject\",\"inLanguage\":\"es\",\"@id\":\"https:\/\/www.italpassion.fr\/es\/#\/schema\/logo\/image\/\",\"url\":\"https:\/\/www.italpassion.fr\/wp-content\/uploads\/2023\/07\/italpassion-yoast.jpg\",\"contentUrl\":\"https:\/\/www.italpassion.fr\/wp-content\/uploads\/2023\/07\/italpassion-yoast.jpg\",\"width\":696,\"height\":696,\"caption\":\"Italpassion\"},\"image\":{\"@id\":\"https:\/\/www.italpassion.fr\/es\/#\/schema\/logo\/image\/\"},\"sameAs\":[\"https:\/\/www.facebook.com\/italpassion\",\"https:\/\/x.com\/italpassion\",\"https:\/\/www.instagram.com\/italpassionfr\/\",\"https:\/\/www.youtube.com\/channel\/UCleq-ByQaA42OjhopwevRjQ\",\"https:\/\/www.facebook.com\/italpassion.en\/\",\"https:\/\/www.facebook.com\/italpassion.it\/\",\"https:\/\/www.facebook.com\/italpassion.de\/\",\"https:\/\/www.facebook.com\/italpassion.ja\/\"]},{\"@type\":\"Person\",\"@id\":\"https:\/\/www.italpassion.fr\/es\/#\/schema\/person\/36f747b2a759ca202d847e85a9434ca0\",\"name\":\"Alexandre Filluzeau\",\"image\":{\"@type\":\"ImageObject\",\"inLanguage\":\"es\",\"@id\":\"https:\/\/www.italpassion.fr\/es\/#\/schema\/person\/image\/\",\"url\":\"https:\/\/www.italpassion.fr\/wp-content\/uploads\/2025\/04\/avatar-alexandre-160x160.jpg\",\"contentUrl\":\"https:\/\/www.italpassion.fr\/wp-content\/uploads\/2025\/04\/avatar-alexandre-160x160.jpg\",\"caption\":\"Alexandre Filluzeau\"},\"description\":\"Fondateur du site ItalPassion, passionn\u00e9 de voitures italiennes et de l'Italie en g\u00e9n\u00e9ral. J'apporte un regard critique et technique aux actualit\u00e9s des marques italiennes quand cela est possible. Propri\u00e9taire d'une Maserati GranTurismo, Alfa Romeo MiTo, Lancia Fulvia et Ducati 695. Ex-propri\u00e9taire d'une Alfa Romeo Giulia.\",\"sameAs\":[\"https:\/\/www.italpassion.fr\/\"],\"url\":\"https:\/\/www.italpassion.fr\/es\/author\/alexandre\/\"}]}<\/script>\n<!-- \/ Yoast SEO plugin. -->","yoast_head_json":{"title":"El nuevo CEO de Stellantis visita a los sindicatos italianos y se dirige a Bruselas: \"\u00a1Necesitamos revisar la normativa europea!\" - ItalPassion","description":"El lunes 20 de octubre de 2025 seguir\u00e1 siendo una fecha simb\u00f3lica para los trabajadores de Mirafiori. Por primera vez desde su nombramiento, el nuevo Director General de","robots":{"index":"index","follow":"follow","max-snippet":"max-snippet:-1","max-image-preview":"max-image-preview:large","max-video-preview":"max-video-preview:-1"},"canonical":"https:\/\/www.italpassion.fr\/es\/stellantis\/el-nuevo-director-general-de-stellantis-visita-a-los-sindicatos-italianos-y-habla-con-bruselashay-que-revisar-la-normativa-europea\/","og_locale":"es_ES","og_type":"article","og_title":"Le nouveau CEO de Stellantis rend visite aux syndicats italiens et s'adresse \u00e0 Bruxelles : \"Nous devons revoir\u00a0la r\u00e9glementation europ\u00e9enne !\" - ItalPassion","og_description":"Lundi 20 octobre 2025 restera comme une date symbolique pour les ouvriers de Mirafiori. Pour la premi\u00e8re fois depuis sa nomination, le nouveau CEO de","og_url":"https:\/\/www.italpassion.fr\/es\/stellantis\/el-nuevo-director-general-de-stellantis-visita-a-los-sindicatos-italianos-y-habla-con-bruselashay-que-revisar-la-normativa-europea\/","og_site_name":"ItalPassion","article_publisher":"https:\/\/www.facebook.com\/italpassion","article_published_time":"2025-10-21T07:37:43+00:00","og_image":[{"width":1200,"height":800,"url":"https:\/\/www.italpassion.fr\/wp-content\/uploads\/2025\/10\/antonio-filosa-10.jpg","type":"image\/jpeg"}],"author":"Alexandre Filluzeau","twitter_card":"summary_large_image","twitter_creator":"@italpassion","twitter_site":"@italpassion","schema":{"@context":"https:\/\/schema.org","@graph":[{"@type":"NewsArticle","@id":"https:\/\/www.italpassion.fr\/es\/stellantis\/le-nouveau-ceo-de-stellantis-rend-visite-aux-syndicats-italiens-et-sadresse-a-bruxelles-nous-devons-revoir-la-reglementation-europeenne\/#article","isPartOf":{"@id":"https:\/\/www.italpassion.fr\/es\/stellantis\/le-nouveau-ceo-de-stellantis-rend-visite-aux-syndicats-italiens-et-sadresse-a-bruxelles-nous-devons-revoir-la-reglementation-europeenne\/"},"author":{"name":"Alexandre Filluzeau","@id":"https:\/\/www.italpassion.fr\/es\/#\/schema\/person\/36f747b2a759ca202d847e85a9434ca0"},"headline":"Le nouveau CEO de Stellantis rend visite aux syndicats italiens et s&rsquo;adresse \u00e0 Bruxelles : \u00ab\u00a0Nous devons revoir\u00a0la r\u00e9glementation europ\u00e9enne !\u00a0\u00bb","datePublished":"2025-10-21T07:37:43+00:00","mainEntityOfPage":{"@id":"https:\/\/www.italpassion.fr\/es\/stellantis\/le-nouveau-ceo-de-stellantis-rend-visite-aux-syndicats-italiens-et-sadresse-a-bruxelles-nous-devons-revoir-la-reglementation-europeenne\/"},"wordCount":756,"commentCount":13,"publisher":{"@id":"https:\/\/www.italpassion.fr\/es\/#organization"},"image":{"@id":"https:\/\/www.italpassion.fr\/es\/stellantis\/le-nouveau-ceo-de-stellantis-rend-visite-aux-syndicats-italiens-et-sadresse-a-bruxelles-nous-devons-revoir-la-reglementation-europeenne\/#primaryimage"},"thumbnailUrl":"https:\/\/www.italpassion.fr\/wp-content\/uploads\/2025\/10\/antonio-filosa-10.jpg","keywords":["Antonio Filosa"],"articleSection":["Stellantis"],"inLanguage":"es","potentialAction":[{"@type":"CommentAction","name":"Comment","target":["https:\/\/www.italpassion.fr\/es\/stellantis\/le-nouveau-ceo-de-stellantis-rend-visite-aux-syndicats-italiens-et-sadresse-a-bruxelles-nous-devons-revoir-la-reglementation-europeenne\/#respond"]}]},{"@type":"WebPage","@id":"https:\/\/www.italpassion.fr\/es\/stellantis\/le-nouveau-ceo-de-stellantis-rend-visite-aux-syndicats-italiens-et-sadresse-a-bruxelles-nous-devons-revoir-la-reglementation-europeenne\/","url":"https:\/\/www.italpassion.fr\/es\/stellantis\/le-nouveau-ceo-de-stellantis-rend-visite-aux-syndicats-italiens-et-sadresse-a-bruxelles-nous-devons-revoir-la-reglementation-europeenne\/","name":"El nuevo CEO de Stellantis visita a los sindicatos italianos y se dirige a Bruselas: \"\u00a1Necesitamos revisar la normativa europea!\" - ItalPassion","isPartOf":{"@id":"https:\/\/www.italpassion.fr\/es\/#website"},"primaryImageOfPage":{"@id":"https:\/\/www.italpassion.fr\/es\/stellantis\/le-nouveau-ceo-de-stellantis-rend-visite-aux-syndicats-italiens-et-sadresse-a-bruxelles-nous-devons-revoir-la-reglementation-europeenne\/#primaryimage"},"image":{"@id":"https:\/\/www.italpassion.fr\/es\/stellantis\/le-nouveau-ceo-de-stellantis-rend-visite-aux-syndicats-italiens-et-sadresse-a-bruxelles-nous-devons-revoir-la-reglementation-europeenne\/#primaryimage"},"thumbnailUrl":"https:\/\/www.italpassion.fr\/wp-content\/uploads\/2025\/10\/antonio-filosa-10.jpg","datePublished":"2025-10-21T07:37:43+00:00","description":"El lunes 20 de octubre de 2025 seguir\u00e1 siendo una fecha simb\u00f3lica para los trabajadores de Mirafiori. Por primera vez desde su nombramiento, el nuevo Director General de","breadcrumb":{"@id":"https:\/\/www.italpassion.fr\/es\/stellantis\/le-nouveau-ceo-de-stellantis-rend-visite-aux-syndicats-italiens-et-sadresse-a-bruxelles-nous-devons-revoir-la-reglementation-europeenne\/#breadcrumb"},"inLanguage":"es","potentialAction":[{"@type":"ReadAction","target":["https:\/\/www.italpassion.fr\/es\/stellantis\/le-nouveau-ceo-de-stellantis-rend-visite-aux-syndicats-italiens-et-sadresse-a-bruxelles-nous-devons-revoir-la-reglementation-europeenne\/"]}]},{"@type":"ImageObject","inLanguage":"es","@id":"https:\/\/www.italpassion.fr\/es\/stellantis\/le-nouveau-ceo-de-stellantis-rend-visite-aux-syndicats-italiens-et-sadresse-a-bruxelles-nous-devons-revoir-la-reglementation-europeenne\/#primaryimage","url":"https:\/\/www.italpassion.fr\/wp-content\/uploads\/2025\/10\/antonio-filosa-10.jpg","contentUrl":"https:\/\/www.italpassion.fr\/wp-content\/uploads\/2025\/10\/antonio-filosa-10.jpg","width":1200,"height":800},{"@type":"BreadcrumbList","@id":"https:\/\/www.italpassion.fr\/es\/stellantis\/le-nouveau-ceo-de-stellantis-rend-visite-aux-syndicats-italiens-et-sadresse-a-bruxelles-nous-devons-revoir-la-reglementation-europeenne\/#breadcrumb","itemListElement":[{"@type":"ListItem","position":1,"name":"Accueil","item":"https:\/\/www.italpassion.fr\/es\/"},{"@type":"ListItem","position":2,"name":"Le nouveau CEO de Stellantis rend visite aux syndicats italiens et s&rsquo;adresse \u00e0 Bruxelles : \u00ab\u00a0Nous devons revoir\u00a0la r\u00e9glementation europ\u00e9enne !\u00a0\u00bb"}]},{"@type":"WebSite","@id":"https:\/\/www.italpassion.fr\/es\/#website","url":"https:\/\/www.italpassion.fr\/es\/","name":"ItalPassion","description":"Entusiastas de los coches italianos","publisher":{"@id":"https:\/\/www.italpassion.fr\/es\/#organization"},"potentialAction":[{"@type":"SearchAction","target":{"@type":"EntryPoint","urlTemplate":"https:\/\/www.italpassion.fr\/es\/?s={search_term_string}"},"query-input":{"@type":"PropertyValueSpecification","valueRequired":true,"valueName":"search_term_string"}}],"inLanguage":"es"},{"@type":"Organization","@id":"https:\/\/www.italpassion.fr\/es\/#organization","name":"Italpassion","url":"https:\/\/www.italpassion.fr\/es\/","logo":{"@type":"ImageObject","inLanguage":"es","@id":"https:\/\/www.italpassion.fr\/es\/#\/schema\/logo\/image\/","url":"https:\/\/www.italpassion.fr\/wp-content\/uploads\/2023\/07\/italpassion-yoast.jpg","contentUrl":"https:\/\/www.italpassion.fr\/wp-content\/uploads\/2023\/07\/italpassion-yoast.jpg","width":696,"height":696,"caption":"Italpassion"},"image":{"@id":"https:\/\/www.italpassion.fr\/es\/#\/schema\/logo\/image\/"},"sameAs":["https:\/\/www.facebook.com\/italpassion","https:\/\/x.com\/italpassion","https:\/\/www.instagram.com\/italpassionfr\/","https:\/\/www.youtube.com\/channel\/UCleq-ByQaA42OjhopwevRjQ","https:\/\/www.facebook.com\/italpassion.en\/","https:\/\/www.facebook.com\/italpassion.it\/","https:\/\/www.facebook.com\/italpassion.de\/","https:\/\/www.facebook.com\/italpassion.ja\/"]},{"@type":"Person","@id":"https:\/\/www.italpassion.fr\/es\/#\/schema\/person\/36f747b2a759ca202d847e85a9434ca0","name":"Alexandre Filluzeau","image":{"@type":"ImageObject","inLanguage":"es","@id":"https:\/\/www.italpassion.fr\/es\/#\/schema\/person\/image\/","url":"https:\/\/www.italpassion.fr\/wp-content\/uploads\/2025\/04\/avatar-alexandre-160x160.jpg","contentUrl":"https:\/\/www.italpassion.fr\/wp-content\/uploads\/2025\/04\/avatar-alexandre-160x160.jpg","caption":"Alexandre Filluzeau"},"description":"Fundador del sitio web ItalPassion, apasionado de los coches italianos y de Italia en general. Aporto una mirada cr\u00edtica y t\u00e9cnica a las noticias de las marcas italianas cuando es posible. Propietario de un Maserati GranTurismo, Alfa Romeo MiTo, Lancia Fulvia y Ducati 695. Ex-propietario de un Alfa Romeo Giulia.","sameAs":["https:\/\/www.italpassion.fr\/"],"url":"https:\/\/www.italpassion.fr\/es\/author\/alexandre\/"}]}},"_links":{"self":[{"href":"https:\/\/www.italpassion.fr\/es\/wp-json\/wp\/v2\/posts\/42321","targetHints":{"allow":["GET"]}}],"collection":[{"href":"https:\/\/www.italpassion.fr\/es\/wp-json\/wp\/v2\/posts"}],"about":[{"href":"https:\/\/www.italpassion.fr\/es\/wp-json\/wp\/v2\/types\/post"}],"author":[{"embeddable":true,"href":"https:\/\/www.italpassion.fr\/es\/wp-json\/wp\/v2\/users\/1"}],"replies":[{"embeddable":true,"href":"https:\/\/www.italpassion.fr\/es\/wp-json\/wp\/v2\/comments?post=42321"}],"version-history":[{"count":1,"href":"https:\/\/www.italpassion.fr\/es\/wp-json\/wp\/v2\/posts\/42321\/revisions"}],"predecessor-version":[{"id":42323,"href":"https:\/\/www.italpassion.fr\/es\/wp-json\/wp\/v2\/posts\/42321\/revisions\/42323"}],"wp:featuredmedia":[{"embeddable":true,"href":"https:\/\/www.italpassion.fr\/es\/wp-json\/wp\/v2\/media\/42322"}],"wp:attachment":[{"href":"https:\/\/www.italpassion.fr\/es\/wp-json\/wp\/v2\/media?parent=42321"}],"wp:term":[{"taxonomy":"category","embeddable":true,"href":"https:\/\/www.italpassion.fr\/es\/wp-json\/wp\/v2\/categories?post=42321"},{"taxonomy":"post_tag","embeddable":true,"href":"https:\/\/www.italpassion.fr\/es\/wp-json\/wp\/v2\/tags?post=42321"}],"curies":[{"name":"wp","href":"https:\/\/api.w.org\/{rel}","templated":true}]}}