{"id":41275,"date":"2025-09-15T11:05:45","date_gmt":"2025-09-15T09:05:45","guid":{"rendered":"https:\/\/www.italpassion.fr\/?p=41275"},"modified":"2025-09-15T11:05:45","modified_gmt":"2025-09-15T09:05:45","slug":"el-nuevo-ferrari-849-casi-no-se-llama-testarossa","status":"publish","type":"post","link":"https:\/\/www.italpassion.fr\/es\/ferrari\/la-nouvelle-ferrari-849-a-failli-ne-pas-sappeler-testarossa\/","title":{"rendered":"El nuevo Ferrari 849 estuvo a punto de no llamarse Testarossa"},"content":{"rendered":"<figure class=\"wp-block-image size-full\"><img loading=\"lazy\" decoding=\"async\" width=\"1200\" height=\"800\" src=\"https:\/\/www.italpassion.fr\/wp-content\/uploads\/2025\/09\/ferrari-849-testarossa-M.jpg\" alt=\"\" class=\"wp-image-41246\" srcset=\"https:\/\/www.italpassion.fr\/wp-content\/uploads\/2025\/09\/ferrari-849-testarossa-M.jpg 1200w, https:\/\/www.italpassion.fr\/wp-content\/uploads\/2025\/09\/ferrari-849-testarossa-M-420x280.jpg 420w, https:\/\/www.italpassion.fr\/wp-content\/uploads\/2025\/09\/ferrari-849-testarossa-M-768x512.jpg 768w, https:\/\/www.italpassion.fr\/wp-content\/uploads\/2025\/09\/ferrari-849-testarossa-M-18x12.jpg 18w\" sizes=\"auto, (max-width: 1200px) 100vw, 1200px\" \/><\/figure>\n\n\n\n<p>Cuando se present\u00f3 el 9 de septiembre de 2025, el Ferrari 849 Testarossa llam\u00f3 inmediatamente la atenci\u00f3n. No s\u00f3lo por sus especificaciones t\u00e9cnicas (un V8 h\u00edbrido biturbo de 1.050 CV), sino tambi\u00e9n por su nombre. Cuatro s\u00edlabas cargadas de historia: Testarossa. Una herencia tan pesada que podr\u00eda haber escapado <a href=\"https:\/\/www.italpassion.fr\/es\/ferrari\/\">Ferrari<\/a>. Al fin y al cabo, este supercoche casi nunca llev\u00f3 su legendario nombre.<\/p>\n\n\n\n<h2 class=\"wp-block-heading\">Un nombre estrechamente ligado a Ferrari<\/h2>\n\n\n\n<p>Desde 1957, con el 250 Testa Rossa, y sobre todo con la berlinetta de 1984, \"Testarossa\" es inseparable del Cavallino Rampante. En italiano, significa \"cabeza roja\", en referencia a las tapas de culata pintadas de este color. S\u00edmbolo de una \u00e9poca, de un estilo y de un motor de doce cilindros, el Testarossa ha dejado su impronta en el imaginario colectivo hasta el punto de que su solo nombre evoca a Ferrari, incluso para los no iniciados.<\/p>\n\n\n\n<h2 class=\"wp-block-heading\">Pero Ferrari casi lo pierde todo<\/h2>\n\n\n\n<p>Y, sin embargo, en 2015, la marca de Maranello vio c\u00f3mo la Oficina Europea de Propiedad Intelectual anulaba sus derechos sobre 'Testarossa'. \u00bfEl argumento? La ausencia de \"uso real\" del nombre durante m\u00e1s de cinco a\u00f1os. La demanda fue presentada por un empresario alem\u00e1n, Kurt Hesse, dedicado a los juguetes y los coches en miniatura. Seg\u00fan la ley, si no se hab\u00eda fabricado ning\u00fan modelo con el nombre, Ferrari no ten\u00eda motivos para conservarlo. Un terremoto: el nombre \"Testarossa\" qued\u00f3 legalmente libre.<\/p>\n\n\n\n<p>Ferrari contraatac\u00f3, por supuesto. Tras una larga batalla legal, la decisi\u00f3n fue finalmente anulada en 2025 por el Tribunal Europeo de Primera Instancia. El fabricante recuper\u00f3 sus derechos. Pero en Maranello sab\u00edamos que ten\u00edamos que asegurar el futuro.<\/p>\n\n\n\n<h2 class=\"wp-block-heading\">El truco island\u00e9s: el yacimiento \"849 Testarossa<\/h2>\n\n\n\n<p>Unas semanas antes del lanzamiento del coche, <a href=\"https:\/\/www.italpassion.fr\/es\/ferrari\/ferrari-podria-lanzar-un-nuevo-testarossa-con-un-v12-aun-mas-potente-que-el-12cilindri\/\">Ferrari registra una nueva marca: \"849 Testarossa\".<\/a>. Curiosamente, este registro no est\u00e1 inscrito en Ginebra ni en Madrid, sino... en Islandia. Una sutileza jur\u00eddica. Este pa\u00eds, situado a la vez en las placas tect\u00f3nicas europea y norteamericana, ofrece una manera de reforzar los derechos sobre dos zonas geogr\u00e1ficas. Gracias a esta apuesta jur\u00eddica, el nombre est\u00e1 protegido hasta 2035 tanto en Europa como en Am\u00e9rica.<\/p>\n\n\n\n<p>Este movimiento explica que, ya en julio de 2025, nos llegara la noticia al descubrir este misterioso registro de marca. Algunos imaginaban un V12 de 849 CV, una referencia directa al n\u00famero. Al final, el 849 Testarossa est\u00e1 propulsado por un V8 h\u00edbrido biturbo, respaldado por tres motores el\u00e9ctricos para un total de 1.050 CV.<\/p>\n\n\n\n<h2 class=\"wp-block-heading\">\u00bfY si se hubiera llamado de otra manera?<\/h2>\n\n\n\n<p>Imagine por un momento que Ferrari hubiera perdido la batalla legal. El supercoche que hoy conocemos como 849 Testarossa habr\u00eda tenido que conformarse con otro nombre: \u00bf849 GTB y 849 GTS? \u00bf849 Superfast? Pero la pregunta tambi\u00e9n puede hacerse al rev\u00e9s: \u00bfno acab\u00f3 Ferrari llamando Testarossa a su coche s\u00f3lo para proteger legalmente la marca?<\/p>","protected":false},"excerpt":{"rendered":"","protected":false},"author":1,"featured_media":41246,"comment_status":"open","ping_status":"open","sticky":false,"template":"","format":"standard","meta":{"_acf_changed":false,"_sitemap_exclude":false,"_sitemap_priority":"","_sitemap_frequency":"","footnotes":""},"categories":[23],"tags":[567],"class_list":["post-41275","post","type-post","status-publish","format-standard","has-post-thumbnail","hentry","category-ferrari","tag-ferrari-849-testarossa","generate-columns","tablet-grid-50","mobile-grid-100","grid-parent","grid-33"],"acf":[],"yoast_head":"<!-- This site is optimized with the Yoast SEO plugin v25.8 - https:\/\/yoast.com\/wordpress\/plugins\/seo\/ -->\n<title>La nouvelle Ferrari 849 a failli ne pas s&#039;appeler Testarossa - ItalPassion<\/title>\n<meta name=\"description\" content=\"Lorsqu\u2019elle a \u00e9t\u00e9 d\u00e9voil\u00e9e le 9 septembre 2025, la Ferrari 849 Testarossa a imm\u00e9diatement frapp\u00e9 les esprits. Non seulement par sa fiche technique, un V8\" \/>\n<meta name=\"robots\" content=\"index, follow, max-snippet:-1, max-image-preview:large, max-video-preview:-1\" \/>\n<link rel=\"canonical\" href=\"https:\/\/www.italpassion.fr\/es\/ferrari\/el-nuevo-ferrari-849-casi-no-se-llama-testarossa\/\" \/>\n<meta property=\"og:locale\" content=\"es_ES\" \/>\n<meta property=\"og:type\" content=\"article\" \/>\n<meta property=\"og:title\" content=\"La nouvelle Ferrari 849 a failli ne pas s&#039;appeler Testarossa - ItalPassion\" \/>\n<meta property=\"og:description\" content=\"Lorsqu\u2019elle a \u00e9t\u00e9 d\u00e9voil\u00e9e le 9 septembre 2025, la Ferrari 849 Testarossa a imm\u00e9diatement frapp\u00e9 les esprits. Non seulement par sa fiche technique, un V8\" \/>\n<meta property=\"og:url\" content=\"https:\/\/www.italpassion.fr\/es\/ferrari\/el-nuevo-ferrari-849-casi-no-se-llama-testarossa\/\" \/>\n<meta property=\"og:site_name\" content=\"ItalPassion\" \/>\n<meta property=\"article:publisher\" content=\"https:\/\/www.facebook.com\/italpassion\" \/>\n<meta property=\"article:published_time\" content=\"2025-09-15T09:05:45+00:00\" \/>\n<meta property=\"og:image\" content=\"https:\/\/www.italpassion.fr\/wp-content\/uploads\/2025\/09\/ferrari-849-testarossa-M.jpg\" \/>\n\t<meta property=\"og:image:width\" content=\"1200\" \/>\n\t<meta property=\"og:image:height\" content=\"800\" \/>\n\t<meta property=\"og:image:type\" content=\"image\/jpeg\" \/>\n<meta name=\"author\" content=\"Alexandre Filluzeau\" \/>\n<meta name=\"twitter:card\" content=\"summary_large_image\" \/>\n<meta name=\"twitter:creator\" content=\"@italpassion\" \/>\n<meta name=\"twitter:site\" content=\"@italpassion\" \/>\n<script type=\"application\/ld+json\" class=\"yoast-schema-graph\">{\"@context\":\"https:\/\/schema.org\",\"@graph\":[{\"@type\":\"NewsArticle\",\"@id\":\"https:\/\/www.italpassion.fr\/es\/ferrari\/la-nouvelle-ferrari-849-a-failli-ne-pas-sappeler-testarossa\/#article\",\"isPartOf\":{\"@id\":\"https:\/\/www.italpassion.fr\/es\/ferrari\/la-nouvelle-ferrari-849-a-failli-ne-pas-sappeler-testarossa\/\"},\"author\":{\"name\":\"Alexandre Filluzeau\",\"@id\":\"https:\/\/www.italpassion.fr\/es\/#\/schema\/person\/36f747b2a759ca202d847e85a9434ca0\"},\"headline\":\"La nouvelle Ferrari 849 a failli ne pas s&rsquo;appeler Testarossa\",\"datePublished\":\"2025-09-15T09:05:45+00:00\",\"mainEntityOfPage\":{\"@id\":\"https:\/\/www.italpassion.fr\/es\/ferrari\/la-nouvelle-ferrari-849-a-failli-ne-pas-sappeler-testarossa\/\"},\"wordCount\":511,\"commentCount\":4,\"publisher\":{\"@id\":\"https:\/\/www.italpassion.fr\/es\/#organization\"},\"image\":{\"@id\":\"https:\/\/www.italpassion.fr\/es\/ferrari\/la-nouvelle-ferrari-849-a-failli-ne-pas-sappeler-testarossa\/#primaryimage\"},\"thumbnailUrl\":\"https:\/\/www.italpassion.fr\/wp-content\/uploads\/2025\/09\/ferrari-849-testarossa-M.jpg\",\"keywords\":[\"Ferrari 849 Testarossa\"],\"articleSection\":[\"Ferrari\"],\"inLanguage\":\"es\",\"potentialAction\":[{\"@type\":\"CommentAction\",\"name\":\"Comment\",\"target\":[\"https:\/\/www.italpassion.fr\/es\/ferrari\/la-nouvelle-ferrari-849-a-failli-ne-pas-sappeler-testarossa\/#respond\"]}]},{\"@type\":\"WebPage\",\"@id\":\"https:\/\/www.italpassion.fr\/es\/ferrari\/la-nouvelle-ferrari-849-a-failli-ne-pas-sappeler-testarossa\/\",\"url\":\"https:\/\/www.italpassion.fr\/es\/ferrari\/la-nouvelle-ferrari-849-a-failli-ne-pas-sappeler-testarossa\/\",\"name\":\"La nouvelle Ferrari 849 a failli ne pas s'appeler Testarossa - ItalPassion\",\"isPartOf\":{\"@id\":\"https:\/\/www.italpassion.fr\/es\/#website\"},\"primaryImageOfPage\":{\"@id\":\"https:\/\/www.italpassion.fr\/es\/ferrari\/la-nouvelle-ferrari-849-a-failli-ne-pas-sappeler-testarossa\/#primaryimage\"},\"image\":{\"@id\":\"https:\/\/www.italpassion.fr\/es\/ferrari\/la-nouvelle-ferrari-849-a-failli-ne-pas-sappeler-testarossa\/#primaryimage\"},\"thumbnailUrl\":\"https:\/\/www.italpassion.fr\/wp-content\/uploads\/2025\/09\/ferrari-849-testarossa-M.jpg\",\"datePublished\":\"2025-09-15T09:05:45+00:00\",\"description\":\"Lorsqu\u2019elle a \u00e9t\u00e9 d\u00e9voil\u00e9e le 9 septembre 2025, la Ferrari 849 Testarossa a imm\u00e9diatement frapp\u00e9 les esprits. Non seulement par sa fiche technique, un V8\",\"breadcrumb\":{\"@id\":\"https:\/\/www.italpassion.fr\/es\/ferrari\/la-nouvelle-ferrari-849-a-failli-ne-pas-sappeler-testarossa\/#breadcrumb\"},\"inLanguage\":\"es\",\"potentialAction\":[{\"@type\":\"ReadAction\",\"target\":[\"https:\/\/www.italpassion.fr\/es\/ferrari\/la-nouvelle-ferrari-849-a-failli-ne-pas-sappeler-testarossa\/\"]}]},{\"@type\":\"ImageObject\",\"inLanguage\":\"es\",\"@id\":\"https:\/\/www.italpassion.fr\/es\/ferrari\/la-nouvelle-ferrari-849-a-failli-ne-pas-sappeler-testarossa\/#primaryimage\",\"url\":\"https:\/\/www.italpassion.fr\/wp-content\/uploads\/2025\/09\/ferrari-849-testarossa-M.jpg\",\"contentUrl\":\"https:\/\/www.italpassion.fr\/wp-content\/uploads\/2025\/09\/ferrari-849-testarossa-M.jpg\",\"width\":1200,\"height\":800},{\"@type\":\"BreadcrumbList\",\"@id\":\"https:\/\/www.italpassion.fr\/es\/ferrari\/la-nouvelle-ferrari-849-a-failli-ne-pas-sappeler-testarossa\/#breadcrumb\",\"itemListElement\":[{\"@type\":\"ListItem\",\"position\":1,\"name\":\"Accueil\",\"item\":\"https:\/\/www.italpassion.fr\/es\/\"},{\"@type\":\"ListItem\",\"position\":2,\"name\":\"La nouvelle Ferrari 849 a failli ne pas s&rsquo;appeler Testarossa\"}]},{\"@type\":\"WebSite\",\"@id\":\"https:\/\/www.italpassion.fr\/es\/#website\",\"url\":\"https:\/\/www.italpassion.fr\/es\/\",\"name\":\"ItalPassion\",\"description\":\"Les Passionn\u00e9s d&#039;Automobiles Italiennes\",\"publisher\":{\"@id\":\"https:\/\/www.italpassion.fr\/es\/#organization\"},\"potentialAction\":[{\"@type\":\"SearchAction\",\"target\":{\"@type\":\"EntryPoint\",\"urlTemplate\":\"https:\/\/www.italpassion.fr\/es\/?s={search_term_string}\"},\"query-input\":{\"@type\":\"PropertyValueSpecification\",\"valueRequired\":true,\"valueName\":\"search_term_string\"}}],\"inLanguage\":\"es\"},{\"@type\":\"Organization\",\"@id\":\"https:\/\/www.italpassion.fr\/es\/#organization\",\"name\":\"Italpassion\",\"url\":\"https:\/\/www.italpassion.fr\/es\/\",\"logo\":{\"@type\":\"ImageObject\",\"inLanguage\":\"es\",\"@id\":\"https:\/\/www.italpassion.fr\/es\/#\/schema\/logo\/image\/\",\"url\":\"https:\/\/www.italpassion.fr\/wp-content\/uploads\/2023\/07\/italpassion-yoast.jpg\",\"contentUrl\":\"https:\/\/www.italpassion.fr\/wp-content\/uploads\/2023\/07\/italpassion-yoast.jpg\",\"width\":696,\"height\":696,\"caption\":\"Italpassion\"},\"image\":{\"@id\":\"https:\/\/www.italpassion.fr\/es\/#\/schema\/logo\/image\/\"},\"sameAs\":[\"https:\/\/www.facebook.com\/italpassion\",\"https:\/\/x.com\/italpassion\",\"https:\/\/www.instagram.com\/italpassionfr\/\",\"https:\/\/www.youtube.com\/channel\/UCleq-ByQaA42OjhopwevRjQ\",\"https:\/\/www.facebook.com\/italpassion.en\/\",\"https:\/\/www.facebook.com\/italpassion.it\/\",\"https:\/\/www.facebook.com\/italpassion.de\/\",\"https:\/\/www.facebook.com\/italpassion.ja\/\"]},{\"@type\":\"Person\",\"@id\":\"https:\/\/www.italpassion.fr\/es\/#\/schema\/person\/36f747b2a759ca202d847e85a9434ca0\",\"name\":\"Alexandre Filluzeau\",\"image\":{\"@type\":\"ImageObject\",\"inLanguage\":\"es\",\"@id\":\"https:\/\/www.italpassion.fr\/es\/#\/schema\/person\/image\/\",\"url\":\"https:\/\/www.italpassion.fr\/wp-content\/uploads\/2025\/04\/avatar-alexandre-160x160.jpg\",\"contentUrl\":\"https:\/\/www.italpassion.fr\/wp-content\/uploads\/2025\/04\/avatar-alexandre-160x160.jpg\",\"caption\":\"Alexandre Filluzeau\"},\"description\":\"Fondateur du site ItalPassion, passionn\u00e9 de voitures italiennes et de l'Italie en g\u00e9n\u00e9ral. J'apporte un regard critique et technique aux actualit\u00e9s des marques italiennes quand cela est possible. Propri\u00e9taire d'une Maserati GranTurismo, Alfa Romeo MiTo, Lancia Fulvia et Ducati 695. Ex-propri\u00e9taire d'une Alfa Romeo Giulia.\",\"sameAs\":[\"https:\/\/www.italpassion.fr\/\"],\"url\":\"https:\/\/www.italpassion.fr\/es\/author\/alexandre\/\"}]}<\/script>\n<!-- \/ Yoast SEO plugin. -->","yoast_head_json":{"title":"El nuevo Ferrari 849 estuvo a punto de no llamarse Testarossa - ItalPassion","description":"Cuando se present\u00f3 el 9 de septiembre de 2025, el Ferrari 849 Testarossa caus\u00f3 sensaci\u00f3n de inmediato. No s\u00f3lo por sus especificaciones t\u00e9cnicas, un V8","robots":{"index":"index","follow":"follow","max-snippet":"max-snippet:-1","max-image-preview":"max-image-preview:large","max-video-preview":"max-video-preview:-1"},"canonical":"https:\/\/www.italpassion.fr\/es\/ferrari\/el-nuevo-ferrari-849-casi-no-se-llama-testarossa\/","og_locale":"es_ES","og_type":"article","og_title":"La nouvelle Ferrari 849 a failli ne pas s'appeler Testarossa - ItalPassion","og_description":"Lorsqu\u2019elle a \u00e9t\u00e9 d\u00e9voil\u00e9e le 9 septembre 2025, la Ferrari 849 Testarossa a imm\u00e9diatement frapp\u00e9 les esprits. Non seulement par sa fiche technique, un V8","og_url":"https:\/\/www.italpassion.fr\/es\/ferrari\/el-nuevo-ferrari-849-casi-no-se-llama-testarossa\/","og_site_name":"ItalPassion","article_publisher":"https:\/\/www.facebook.com\/italpassion","article_published_time":"2025-09-15T09:05:45+00:00","og_image":[{"width":1200,"height":800,"url":"https:\/\/www.italpassion.fr\/wp-content\/uploads\/2025\/09\/ferrari-849-testarossa-M.jpg","type":"image\/jpeg"}],"author":"Alexandre Filluzeau","twitter_card":"summary_large_image","twitter_creator":"@italpassion","twitter_site":"@italpassion","schema":{"@context":"https:\/\/schema.org","@graph":[{"@type":"NewsArticle","@id":"https:\/\/www.italpassion.fr\/es\/ferrari\/la-nouvelle-ferrari-849-a-failli-ne-pas-sappeler-testarossa\/#article","isPartOf":{"@id":"https:\/\/www.italpassion.fr\/es\/ferrari\/la-nouvelle-ferrari-849-a-failli-ne-pas-sappeler-testarossa\/"},"author":{"name":"Alexandre Filluzeau","@id":"https:\/\/www.italpassion.fr\/es\/#\/schema\/person\/36f747b2a759ca202d847e85a9434ca0"},"headline":"La nouvelle Ferrari 849 a failli ne pas s&rsquo;appeler Testarossa","datePublished":"2025-09-15T09:05:45+00:00","mainEntityOfPage":{"@id":"https:\/\/www.italpassion.fr\/es\/ferrari\/la-nouvelle-ferrari-849-a-failli-ne-pas-sappeler-testarossa\/"},"wordCount":511,"commentCount":4,"publisher":{"@id":"https:\/\/www.italpassion.fr\/es\/#organization"},"image":{"@id":"https:\/\/www.italpassion.fr\/es\/ferrari\/la-nouvelle-ferrari-849-a-failli-ne-pas-sappeler-testarossa\/#primaryimage"},"thumbnailUrl":"https:\/\/www.italpassion.fr\/wp-content\/uploads\/2025\/09\/ferrari-849-testarossa-M.jpg","keywords":["Ferrari 849 Testarossa"],"articleSection":["Ferrari"],"inLanguage":"es","potentialAction":[{"@type":"CommentAction","name":"Comment","target":["https:\/\/www.italpassion.fr\/es\/ferrari\/la-nouvelle-ferrari-849-a-failli-ne-pas-sappeler-testarossa\/#respond"]}]},{"@type":"WebPage","@id":"https:\/\/www.italpassion.fr\/es\/ferrari\/la-nouvelle-ferrari-849-a-failli-ne-pas-sappeler-testarossa\/","url":"https:\/\/www.italpassion.fr\/es\/ferrari\/la-nouvelle-ferrari-849-a-failli-ne-pas-sappeler-testarossa\/","name":"El nuevo Ferrari 849 estuvo a punto de no llamarse Testarossa - ItalPassion","isPartOf":{"@id":"https:\/\/www.italpassion.fr\/es\/#website"},"primaryImageOfPage":{"@id":"https:\/\/www.italpassion.fr\/es\/ferrari\/la-nouvelle-ferrari-849-a-failli-ne-pas-sappeler-testarossa\/#primaryimage"},"image":{"@id":"https:\/\/www.italpassion.fr\/es\/ferrari\/la-nouvelle-ferrari-849-a-failli-ne-pas-sappeler-testarossa\/#primaryimage"},"thumbnailUrl":"https:\/\/www.italpassion.fr\/wp-content\/uploads\/2025\/09\/ferrari-849-testarossa-M.jpg","datePublished":"2025-09-15T09:05:45+00:00","description":"Cuando se present\u00f3 el 9 de septiembre de 2025, el Ferrari 849 Testarossa caus\u00f3 sensaci\u00f3n de inmediato. No s\u00f3lo por sus especificaciones t\u00e9cnicas, un V8","breadcrumb":{"@id":"https:\/\/www.italpassion.fr\/es\/ferrari\/la-nouvelle-ferrari-849-a-failli-ne-pas-sappeler-testarossa\/#breadcrumb"},"inLanguage":"es","potentialAction":[{"@type":"ReadAction","target":["https:\/\/www.italpassion.fr\/es\/ferrari\/la-nouvelle-ferrari-849-a-failli-ne-pas-sappeler-testarossa\/"]}]},{"@type":"ImageObject","inLanguage":"es","@id":"https:\/\/www.italpassion.fr\/es\/ferrari\/la-nouvelle-ferrari-849-a-failli-ne-pas-sappeler-testarossa\/#primaryimage","url":"https:\/\/www.italpassion.fr\/wp-content\/uploads\/2025\/09\/ferrari-849-testarossa-M.jpg","contentUrl":"https:\/\/www.italpassion.fr\/wp-content\/uploads\/2025\/09\/ferrari-849-testarossa-M.jpg","width":1200,"height":800},{"@type":"BreadcrumbList","@id":"https:\/\/www.italpassion.fr\/es\/ferrari\/la-nouvelle-ferrari-849-a-failli-ne-pas-sappeler-testarossa\/#breadcrumb","itemListElement":[{"@type":"ListItem","position":1,"name":"Accueil","item":"https:\/\/www.italpassion.fr\/es\/"},{"@type":"ListItem","position":2,"name":"La nouvelle Ferrari 849 a failli ne pas s&rsquo;appeler Testarossa"}]},{"@type":"WebSite","@id":"https:\/\/www.italpassion.fr\/es\/#website","url":"https:\/\/www.italpassion.fr\/es\/","name":"ItalPassion","description":"Entusiastas de los coches italianos","publisher":{"@id":"https:\/\/www.italpassion.fr\/es\/#organization"},"potentialAction":[{"@type":"SearchAction","target":{"@type":"EntryPoint","urlTemplate":"https:\/\/www.italpassion.fr\/es\/?s={search_term_string}"},"query-input":{"@type":"PropertyValueSpecification","valueRequired":true,"valueName":"search_term_string"}}],"inLanguage":"es"},{"@type":"Organization","@id":"https:\/\/www.italpassion.fr\/es\/#organization","name":"Italpassion","url":"https:\/\/www.italpassion.fr\/es\/","logo":{"@type":"ImageObject","inLanguage":"es","@id":"https:\/\/www.italpassion.fr\/es\/#\/schema\/logo\/image\/","url":"https:\/\/www.italpassion.fr\/wp-content\/uploads\/2023\/07\/italpassion-yoast.jpg","contentUrl":"https:\/\/www.italpassion.fr\/wp-content\/uploads\/2023\/07\/italpassion-yoast.jpg","width":696,"height":696,"caption":"Italpassion"},"image":{"@id":"https:\/\/www.italpassion.fr\/es\/#\/schema\/logo\/image\/"},"sameAs":["https:\/\/www.facebook.com\/italpassion","https:\/\/x.com\/italpassion","https:\/\/www.instagram.com\/italpassionfr\/","https:\/\/www.youtube.com\/channel\/UCleq-ByQaA42OjhopwevRjQ","https:\/\/www.facebook.com\/italpassion.en\/","https:\/\/www.facebook.com\/italpassion.it\/","https:\/\/www.facebook.com\/italpassion.de\/","https:\/\/www.facebook.com\/italpassion.ja\/"]},{"@type":"Person","@id":"https:\/\/www.italpassion.fr\/es\/#\/schema\/person\/36f747b2a759ca202d847e85a9434ca0","name":"Alexandre Filluzeau","image":{"@type":"ImageObject","inLanguage":"es","@id":"https:\/\/www.italpassion.fr\/es\/#\/schema\/person\/image\/","url":"https:\/\/www.italpassion.fr\/wp-content\/uploads\/2025\/04\/avatar-alexandre-160x160.jpg","contentUrl":"https:\/\/www.italpassion.fr\/wp-content\/uploads\/2025\/04\/avatar-alexandre-160x160.jpg","caption":"Alexandre Filluzeau"},"description":"Fundador del sitio web ItalPassion, apasionado de los coches italianos y de Italia en general. Aporto una mirada cr\u00edtica y t\u00e9cnica a las noticias de las marcas italianas cuando es posible. Propietario de un Maserati GranTurismo, Alfa Romeo MiTo, Lancia Fulvia y Ducati 695. Ex-propietario de un Alfa Romeo Giulia.","sameAs":["https:\/\/www.italpassion.fr\/"],"url":"https:\/\/www.italpassion.fr\/es\/author\/alexandre\/"}]}},"_links":{"self":[{"href":"https:\/\/www.italpassion.fr\/es\/wp-json\/wp\/v2\/posts\/41275","targetHints":{"allow":["GET"]}}],"collection":[{"href":"https:\/\/www.italpassion.fr\/es\/wp-json\/wp\/v2\/posts"}],"about":[{"href":"https:\/\/www.italpassion.fr\/es\/wp-json\/wp\/v2\/types\/post"}],"author":[{"embeddable":true,"href":"https:\/\/www.italpassion.fr\/es\/wp-json\/wp\/v2\/users\/1"}],"replies":[{"embeddable":true,"href":"https:\/\/www.italpassion.fr\/es\/wp-json\/wp\/v2\/comments?post=41275"}],"version-history":[{"count":3,"href":"https:\/\/www.italpassion.fr\/es\/wp-json\/wp\/v2\/posts\/41275\/revisions"}],"predecessor-version":[{"id":41290,"href":"https:\/\/www.italpassion.fr\/es\/wp-json\/wp\/v2\/posts\/41275\/revisions\/41290"}],"wp:featuredmedia":[{"embeddable":true,"href":"https:\/\/www.italpassion.fr\/es\/wp-json\/wp\/v2\/media\/41246"}],"wp:attachment":[{"href":"https:\/\/www.italpassion.fr\/es\/wp-json\/wp\/v2\/media?parent=41275"}],"wp:term":[{"taxonomy":"category","embeddable":true,"href":"https:\/\/www.italpassion.fr\/es\/wp-json\/wp\/v2\/categories?post=41275"},{"taxonomy":"post_tag","embeddable":true,"href":"https:\/\/www.italpassion.fr\/es\/wp-json\/wp\/v2\/tags?post=41275"}],"curies":[{"name":"wp","href":"https:\/\/api.w.org\/{rel}","templated":true}]}}