{"id":41226,"date":"2025-09-12T09:52:41","date_gmt":"2025-09-12T07:52:41","guid":{"rendered":"https:\/\/www.italpassion.fr\/?p=41226"},"modified":"2025-09-12T09:52:41","modified_gmt":"2025-09-12T07:52:41","slug":"por-que-el-proyecto-e-car-de-la-union-europea-podria-beneficiar-a-stellantis-y-sobre-todo-a-fiat","status":"publish","type":"post","link":"https:\/\/www.italpassion.fr\/es\/stellantis\/pourquoi-projet-e-car-de-lunion-europeenne-pourrait-profiter-a-stellantis-et-surtout-a-fiat\/","title":{"rendered":"Por qu\u00e9 el proyecto E-Car de la Uni\u00f3n Europea podr\u00eda beneficiar a Stellantis, y a Fiat en particular"},"content":{"rendered":"<figure class=\"wp-block-image size-full\"><img loading=\"lazy\" decoding=\"async\" width=\"1200\" height=\"800\" src=\"https:\/\/www.italpassion.fr\/wp-content\/uploads\/2025\/09\/fiat-500-jaune.jpg\" alt=\"\" class=\"wp-image-41227\" srcset=\"https:\/\/www.italpassion.fr\/wp-content\/uploads\/2025\/09\/fiat-500-jaune.jpg 1200w, https:\/\/www.italpassion.fr\/wp-content\/uploads\/2025\/09\/fiat-500-jaune-420x280.jpg 420w, https:\/\/www.italpassion.fr\/wp-content\/uploads\/2025\/09\/fiat-500-jaune-768x512.jpg 768w, https:\/\/www.italpassion.fr\/wp-content\/uploads\/2025\/09\/fiat-500-jaune-18x12.jpg 18w\" sizes=\"auto, (max-width: 1200px) 100vw, 1200px\" \/><\/figure>\n\n\n\n<p>En los \u00faltimos d\u00edas se ha producido un anuncio tras otro en relaci\u00f3n con la industria automovil\u00edstica europea. Antonio Filosa, nuevo Director General de <a href=\"https:\/\/www.italpassion.fr\/es\/stellantis\/\">Stellantis<\/a>Jean-Philippe Imparato, Director de Stellantis Europa, habl\u00f3 en el Sal\u00f3n del Autom\u00f3vil de M\u00fanich, y Ursula von der Leyen, Presidenta de la Comisi\u00f3n Europea, dio a conocer una nueva orientaci\u00f3n legislativa. Detr\u00e1s de estas declaraciones hay un hilo conductor: el proyecto E-Car de la Uni\u00f3n Europea, dise\u00f1ado para dar nueva vida a los coches peque\u00f1os y asequibles, bien podr\u00eda convertirse en un revulsivo para Stellantis. Y sobre todo para <a href=\"https:\/\/www.italpassion.fr\/es\/fiat\/\">Fiat<\/a>la marca m\u00e1s leg\u00edtima en este campo.<\/p>\n\n\n\n<h2 class=\"wp-block-heading\">Europa en declive automovil\u00edstico<\/h2>\n\n\n\n<p>Antonio Filosa sac\u00f3 una dura conclusi\u00f3n: Europa es la \u00fanica gran regi\u00f3n del mundo que ha visto caer tan r\u00e1pidamente sus ventas de autom\u00f3viles. \"Hemos pasado de 19 a 15 millones de coches, con la p\u00e9rdida de unos 3 millones de veh\u00edculos\", dijo. El segmento de los coches compactos, hist\u00f3ricamente muy popular en Europa, se ha visto especialmente afectado por este descenso.<\/p>\n\n\n\n<h2 class=\"wp-block-heading\">Ursula von der Leyen toca a rebato<\/h2>\n\n\n\n<p>Consciente de la necesidad de adaptar la oferta automovil\u00edstica a la demanda real de los europeos, Ursula von der Leyen dio a conocer una iniciativa clave: \"Tenemos que invertir en veh\u00edculos compactos y asequibles, tanto para el mercado europeo como para satisfacer la fuerte demanda mundial. Para ello, propondremos trabajar con la industria en una nueva iniciativa titulada Coches peque\u00f1os asequibles\". Menos burocracia, menos normas\".<\/p>\n\n\n\n<p>En otras palabras, Bruselas est\u00e1 preparando el terreno para una normativa m\u00e1s flexible que impulse la producci\u00f3n de coches el\u00e9ctricos peque\u00f1os y baratos. Esto es exactamente lo que Fiat necesita para prepararse para el futuro.<\/p>\n\n\n\n<h2 class=\"wp-block-heading\">Jean-Philippe Imparato pone cifras sobre la mesa<\/h2>\n\n\n\n<p>Jean-Philippe Imparato fue m\u00e1s all\u00e1, se\u00f1alando la pr\u00e1ctica desaparici\u00f3n del segmento A: \"En 2019, hab\u00eda 49 modelos que costaban menos de 15.000 euros. Hoy s\u00f3lo queda uno\". En su opini\u00f3n, volviendo a unas condiciones de homologaci\u00f3n similares a las de 2018, y limitando la potencia y la velocidad, es posible producir coches de 3,50 a 3,70 metros que se vendan por unos 15.000 euros. Exactamente el esp\u00edritu del proyecto europeo E-Car.<\/p>\n\n\n\n<h2 class=\"wp-block-heading\">Por qu\u00e9 el proyecto E-Car es ideal para Fiat<\/h2>\n\n\n\n<p>El proyecto describe dos categor\u00edas de peque\u00f1os coches el\u00e9ctricos:<\/p>\n\n\n\n<ul class=\"wp-block-list\">\n<li>M0: potencia limitada a 54 CV, prohibido circular por autopistas, seguridad reducida.<\/li>\n\n\n\n<li>M1 ASEV: m\u00e1s parecido a los coches actuales, con confort y autorizaci\u00f3n para utilizar v\u00edas r\u00e1pidas, sin dejar de ser compacto (3,80 m m\u00e1ximo, 1 tonelada incluida la bater\u00eda).<\/li>\n<\/ul>\n\n\n\n<p>Es precisamente esta segunda categor\u00eda la que podr\u00eda dar cabida a <a href=\"https:\/\/www.italpassion.fr\/es\/fiat\/futuro-fiat-500-2030-y-panda-2030-cambio-de-plataforma\/\">los futuros Fiat 500 y Fiat Panda, previstos para 2030<\/a>. Estos modelos deber\u00e1n basarse en una plataforma espec\u00edfica, y no en la STLA Small utilizada por otros veh\u00edculos Stellantis, prueba de la importancia estrat\u00e9gica del proyecto para Tur\u00edn.<\/p>\n\n\n\n<p>Desde la creaci\u00f3n de Stellantis, el segmento A ha sido el gran olvidado. El Fiat 500 el\u00e9ctrico ha intentado ocupar este papel, pero con un \u00e9xito limitado debido a un precio que se considera demasiado elevado y al fin gradual de las subvenciones europeas. El Fiat Panda sigue despertando un inter\u00e9s masivo en Italia, pero su sustituci\u00f3n est\u00e1 prevista para 2030.<\/p>\n\n\n\n<p>Si el proyecto E-Car llega a buen puerto, Fiat podr\u00eda retomar su papel hist\u00f3rico de campe\u00f3n de los coches peque\u00f1os y populares. Mejor a\u00fan, este impulso podr\u00eda inspirar a otras marcas del Grupo Stellantis a volver al segmento A, como Citro\u00ebn con el C1 o Peugeot con un 108.<\/p>\n\n\n\n<p>El mensaje es claro: la Uni\u00f3n Europea, Stellantis y Fiat convergen por fin en una misma visi\u00f3n. Por un lado, Bruselas quiere coches compactos, accesibles y el\u00e9ctricos. Por otro, Stellantis podr\u00eda aprovechar el proyecto E-Car para impulsar las ventas de sus futuros Fiat 500 y Fiat Panda.<\/p>","protected":false},"excerpt":{"rendered":"","protected":false},"author":1,"featured_media":41227,"comment_status":"open","ping_status":"open","sticky":false,"template":"","format":"standard","meta":{"_acf_changed":false,"_sitemap_exclude":false,"_sitemap_priority":"","_sitemap_frequency":"","footnotes":""},"categories":[24,29],"tags":[],"class_list":["post-41226","post","type-post","status-publish","format-standard","has-post-thumbnail","hentry","category-fiat","category-stellantis","generate-columns","tablet-grid-50","mobile-grid-100","grid-parent","grid-33"],"acf":[],"yoast_head":"<!-- This site is optimized with the Yoast SEO plugin v25.8 - https:\/\/yoast.com\/wordpress\/plugins\/seo\/ -->\n<title>Pourquoi projet E-Car de l&#039;Union europ\u00e9enne pourrait profiter \u00e0 Stellantis, et surtout \u00e0 Fiat - ItalPassion<\/title>\n<meta name=\"description\" content=\"Depuis quelques jours, les annonces s\u2019encha\u00eenent autour de l\u2019automobile europ\u00e9enne. Antonio Filosa, le nouveau CEO de Stellantis, multiplie les prises de\" \/>\n<meta name=\"robots\" content=\"index, follow, max-snippet:-1, max-image-preview:large, max-video-preview:-1\" \/>\n<link rel=\"canonical\" href=\"https:\/\/www.italpassion.fr\/es\/stellantis\/por-que-el-proyecto-e-car-de-la-union-europea-podria-beneficiar-a-stellantis-y-sobre-todo-a-fiat\/\" \/>\n<meta property=\"og:locale\" content=\"es_ES\" \/>\n<meta property=\"og:type\" content=\"article\" \/>\n<meta property=\"og:title\" content=\"Pourquoi projet E-Car de l&#039;Union europ\u00e9enne pourrait profiter \u00e0 Stellantis, et surtout \u00e0 Fiat - ItalPassion\" \/>\n<meta property=\"og:description\" content=\"Depuis quelques jours, les annonces s\u2019encha\u00eenent autour de l\u2019automobile europ\u00e9enne. Antonio Filosa, le nouveau CEO de Stellantis, multiplie les prises de\" \/>\n<meta property=\"og:url\" content=\"https:\/\/www.italpassion.fr\/es\/stellantis\/por-que-el-proyecto-e-car-de-la-union-europea-podria-beneficiar-a-stellantis-y-sobre-todo-a-fiat\/\" \/>\n<meta property=\"og:site_name\" content=\"ItalPassion\" \/>\n<meta property=\"article:publisher\" content=\"https:\/\/www.facebook.com\/italpassion\" \/>\n<meta property=\"article:published_time\" content=\"2025-09-12T07:52:41+00:00\" \/>\n<meta property=\"og:image\" content=\"https:\/\/www.italpassion.fr\/wp-content\/uploads\/2025\/09\/fiat-500-jaune.jpg\" \/>\n\t<meta property=\"og:image:width\" content=\"1200\" \/>\n\t<meta property=\"og:image:height\" content=\"800\" \/>\n\t<meta property=\"og:image:type\" content=\"image\/jpeg\" \/>\n<meta name=\"author\" content=\"Alexandre Filluzeau\" \/>\n<meta name=\"twitter:card\" content=\"summary_large_image\" \/>\n<meta name=\"twitter:creator\" content=\"@italpassion\" \/>\n<meta name=\"twitter:site\" content=\"@italpassion\" \/>\n<script type=\"application\/ld+json\" class=\"yoast-schema-graph\">{\"@context\":\"https:\/\/schema.org\",\"@graph\":[{\"@type\":\"NewsArticle\",\"@id\":\"https:\/\/www.italpassion.fr\/es\/stellantis\/pourquoi-projet-e-car-de-lunion-europeenne-pourrait-profiter-a-stellantis-et-surtout-a-fiat\/#article\",\"isPartOf\":{\"@id\":\"https:\/\/www.italpassion.fr\/es\/stellantis\/pourquoi-projet-e-car-de-lunion-europeenne-pourrait-profiter-a-stellantis-et-surtout-a-fiat\/\"},\"author\":{\"name\":\"Alexandre Filluzeau\",\"@id\":\"https:\/\/www.italpassion.fr\/es\/#\/schema\/person\/36f747b2a759ca202d847e85a9434ca0\"},\"headline\":\"Pourquoi projet E-Car de l&rsquo;Union europ\u00e9enne pourrait profiter \u00e0 Stellantis, et surtout \u00e0 Fiat\",\"datePublished\":\"2025-09-12T07:52:41+00:00\",\"mainEntityOfPage\":{\"@id\":\"https:\/\/www.italpassion.fr\/es\/stellantis\/pourquoi-projet-e-car-de-lunion-europeenne-pourrait-profiter-a-stellantis-et-surtout-a-fiat\/\"},\"wordCount\":651,\"commentCount\":15,\"publisher\":{\"@id\":\"https:\/\/www.italpassion.fr\/es\/#organization\"},\"image\":{\"@id\":\"https:\/\/www.italpassion.fr\/es\/stellantis\/pourquoi-projet-e-car-de-lunion-europeenne-pourrait-profiter-a-stellantis-et-surtout-a-fiat\/#primaryimage\"},\"thumbnailUrl\":\"https:\/\/www.italpassion.fr\/wp-content\/uploads\/2025\/09\/fiat-500-jaune.jpg\",\"articleSection\":[\"Fiat\",\"Stellantis\"],\"inLanguage\":\"es\",\"potentialAction\":[{\"@type\":\"CommentAction\",\"name\":\"Comment\",\"target\":[\"https:\/\/www.italpassion.fr\/es\/stellantis\/pourquoi-projet-e-car-de-lunion-europeenne-pourrait-profiter-a-stellantis-et-surtout-a-fiat\/#respond\"]}]},{\"@type\":\"WebPage\",\"@id\":\"https:\/\/www.italpassion.fr\/es\/stellantis\/pourquoi-projet-e-car-de-lunion-europeenne-pourrait-profiter-a-stellantis-et-surtout-a-fiat\/\",\"url\":\"https:\/\/www.italpassion.fr\/es\/stellantis\/pourquoi-projet-e-car-de-lunion-europeenne-pourrait-profiter-a-stellantis-et-surtout-a-fiat\/\",\"name\":\"Pourquoi projet E-Car de l'Union europ\u00e9enne pourrait profiter \u00e0 Stellantis, et surtout \u00e0 Fiat - ItalPassion\",\"isPartOf\":{\"@id\":\"https:\/\/www.italpassion.fr\/es\/#website\"},\"primaryImageOfPage\":{\"@id\":\"https:\/\/www.italpassion.fr\/es\/stellantis\/pourquoi-projet-e-car-de-lunion-europeenne-pourrait-profiter-a-stellantis-et-surtout-a-fiat\/#primaryimage\"},\"image\":{\"@id\":\"https:\/\/www.italpassion.fr\/es\/stellantis\/pourquoi-projet-e-car-de-lunion-europeenne-pourrait-profiter-a-stellantis-et-surtout-a-fiat\/#primaryimage\"},\"thumbnailUrl\":\"https:\/\/www.italpassion.fr\/wp-content\/uploads\/2025\/09\/fiat-500-jaune.jpg\",\"datePublished\":\"2025-09-12T07:52:41+00:00\",\"description\":\"Depuis quelques jours, les annonces s\u2019encha\u00eenent autour de l\u2019automobile europ\u00e9enne. Antonio Filosa, le nouveau CEO de Stellantis, multiplie les prises de\",\"breadcrumb\":{\"@id\":\"https:\/\/www.italpassion.fr\/es\/stellantis\/pourquoi-projet-e-car-de-lunion-europeenne-pourrait-profiter-a-stellantis-et-surtout-a-fiat\/#breadcrumb\"},\"inLanguage\":\"es\",\"potentialAction\":[{\"@type\":\"ReadAction\",\"target\":[\"https:\/\/www.italpassion.fr\/es\/stellantis\/pourquoi-projet-e-car-de-lunion-europeenne-pourrait-profiter-a-stellantis-et-surtout-a-fiat\/\"]}]},{\"@type\":\"ImageObject\",\"inLanguage\":\"es\",\"@id\":\"https:\/\/www.italpassion.fr\/es\/stellantis\/pourquoi-projet-e-car-de-lunion-europeenne-pourrait-profiter-a-stellantis-et-surtout-a-fiat\/#primaryimage\",\"url\":\"https:\/\/www.italpassion.fr\/wp-content\/uploads\/2025\/09\/fiat-500-jaune.jpg\",\"contentUrl\":\"https:\/\/www.italpassion.fr\/wp-content\/uploads\/2025\/09\/fiat-500-jaune.jpg\",\"width\":1200,\"height\":800},{\"@type\":\"BreadcrumbList\",\"@id\":\"https:\/\/www.italpassion.fr\/es\/stellantis\/pourquoi-projet-e-car-de-lunion-europeenne-pourrait-profiter-a-stellantis-et-surtout-a-fiat\/#breadcrumb\",\"itemListElement\":[{\"@type\":\"ListItem\",\"position\":1,\"name\":\"Accueil\",\"item\":\"https:\/\/www.italpassion.fr\/es\/\"},{\"@type\":\"ListItem\",\"position\":2,\"name\":\"Pourquoi projet E-Car de l&rsquo;Union europ\u00e9enne pourrait profiter \u00e0 Stellantis, et surtout \u00e0 Fiat\"}]},{\"@type\":\"WebSite\",\"@id\":\"https:\/\/www.italpassion.fr\/es\/#website\",\"url\":\"https:\/\/www.italpassion.fr\/es\/\",\"name\":\"ItalPassion\",\"description\":\"Les Passionn\u00e9s d&#039;Automobiles Italiennes\",\"publisher\":{\"@id\":\"https:\/\/www.italpassion.fr\/es\/#organization\"},\"potentialAction\":[{\"@type\":\"SearchAction\",\"target\":{\"@type\":\"EntryPoint\",\"urlTemplate\":\"https:\/\/www.italpassion.fr\/es\/?s={search_term_string}\"},\"query-input\":{\"@type\":\"PropertyValueSpecification\",\"valueRequired\":true,\"valueName\":\"search_term_string\"}}],\"inLanguage\":\"es\"},{\"@type\":\"Organization\",\"@id\":\"https:\/\/www.italpassion.fr\/es\/#organization\",\"name\":\"Italpassion\",\"url\":\"https:\/\/www.italpassion.fr\/es\/\",\"logo\":{\"@type\":\"ImageObject\",\"inLanguage\":\"es\",\"@id\":\"https:\/\/www.italpassion.fr\/es\/#\/schema\/logo\/image\/\",\"url\":\"https:\/\/www.italpassion.fr\/wp-content\/uploads\/2023\/07\/italpassion-yoast.jpg\",\"contentUrl\":\"https:\/\/www.italpassion.fr\/wp-content\/uploads\/2023\/07\/italpassion-yoast.jpg\",\"width\":696,\"height\":696,\"caption\":\"Italpassion\"},\"image\":{\"@id\":\"https:\/\/www.italpassion.fr\/es\/#\/schema\/logo\/image\/\"},\"sameAs\":[\"https:\/\/www.facebook.com\/italpassion\",\"https:\/\/x.com\/italpassion\",\"https:\/\/www.instagram.com\/italpassionfr\/\",\"https:\/\/www.youtube.com\/channel\/UCleq-ByQaA42OjhopwevRjQ\",\"https:\/\/www.facebook.com\/italpassion.en\/\",\"https:\/\/www.facebook.com\/italpassion.it\/\",\"https:\/\/www.facebook.com\/italpassion.de\/\",\"https:\/\/www.facebook.com\/italpassion.ja\/\"]},{\"@type\":\"Person\",\"@id\":\"https:\/\/www.italpassion.fr\/es\/#\/schema\/person\/36f747b2a759ca202d847e85a9434ca0\",\"name\":\"Alexandre Filluzeau\",\"image\":{\"@type\":\"ImageObject\",\"inLanguage\":\"es\",\"@id\":\"https:\/\/www.italpassion.fr\/es\/#\/schema\/person\/image\/\",\"url\":\"https:\/\/www.italpassion.fr\/wp-content\/uploads\/2025\/04\/avatar-alexandre-160x160.jpg\",\"contentUrl\":\"https:\/\/www.italpassion.fr\/wp-content\/uploads\/2025\/04\/avatar-alexandre-160x160.jpg\",\"caption\":\"Alexandre Filluzeau\"},\"description\":\"Fondateur du site ItalPassion, passionn\u00e9 de voitures italiennes et de l'Italie en g\u00e9n\u00e9ral. J'apporte un regard critique et technique aux actualit\u00e9s des marques italiennes quand cela est possible. Propri\u00e9taire d'une Maserati GranTurismo, Alfa Romeo MiTo, Lancia Fulvia et Ducati 695. Ex-propri\u00e9taire d'une Alfa Romeo Giulia.\",\"sameAs\":[\"https:\/\/www.italpassion.fr\/\"],\"url\":\"https:\/\/www.italpassion.fr\/es\/author\/alexandre\/\"}]}<\/script>\n<!-- \/ Yoast SEO plugin. -->","yoast_head_json":{"title":"Por qu\u00e9 el proyecto de coche el\u00e9ctrico de la UE podr\u00eda beneficiar a Stellantis, y a Fiat en particular - ItalPassion","description":"En los \u00faltimos d\u00edas se ha producido un anuncio tras otro en relaci\u00f3n con la industria automovil\u00edstica europea. Antonio Filosa, nuevo Director General de Stellantis, intensifica sus comunicados de prensa.","robots":{"index":"index","follow":"follow","max-snippet":"max-snippet:-1","max-image-preview":"max-image-preview:large","max-video-preview":"max-video-preview:-1"},"canonical":"https:\/\/www.italpassion.fr\/es\/stellantis\/por-que-el-proyecto-e-car-de-la-union-europea-podria-beneficiar-a-stellantis-y-sobre-todo-a-fiat\/","og_locale":"es_ES","og_type":"article","og_title":"Pourquoi projet E-Car de l'Union europ\u00e9enne pourrait profiter \u00e0 Stellantis, et surtout \u00e0 Fiat - ItalPassion","og_description":"Depuis quelques jours, les annonces s\u2019encha\u00eenent autour de l\u2019automobile europ\u00e9enne. Antonio Filosa, le nouveau CEO de Stellantis, multiplie les prises de","og_url":"https:\/\/www.italpassion.fr\/es\/stellantis\/por-que-el-proyecto-e-car-de-la-union-europea-podria-beneficiar-a-stellantis-y-sobre-todo-a-fiat\/","og_site_name":"ItalPassion","article_publisher":"https:\/\/www.facebook.com\/italpassion","article_published_time":"2025-09-12T07:52:41+00:00","og_image":[{"width":1200,"height":800,"url":"https:\/\/www.italpassion.fr\/wp-content\/uploads\/2025\/09\/fiat-500-jaune.jpg","type":"image\/jpeg"}],"author":"Alexandre Filluzeau","twitter_card":"summary_large_image","twitter_creator":"@italpassion","twitter_site":"@italpassion","schema":{"@context":"https:\/\/schema.org","@graph":[{"@type":"NewsArticle","@id":"https:\/\/www.italpassion.fr\/es\/stellantis\/pourquoi-projet-e-car-de-lunion-europeenne-pourrait-profiter-a-stellantis-et-surtout-a-fiat\/#article","isPartOf":{"@id":"https:\/\/www.italpassion.fr\/es\/stellantis\/pourquoi-projet-e-car-de-lunion-europeenne-pourrait-profiter-a-stellantis-et-surtout-a-fiat\/"},"author":{"name":"Alexandre Filluzeau","@id":"https:\/\/www.italpassion.fr\/es\/#\/schema\/person\/36f747b2a759ca202d847e85a9434ca0"},"headline":"Pourquoi projet E-Car de l&rsquo;Union europ\u00e9enne pourrait profiter \u00e0 Stellantis, et surtout \u00e0 Fiat","datePublished":"2025-09-12T07:52:41+00:00","mainEntityOfPage":{"@id":"https:\/\/www.italpassion.fr\/es\/stellantis\/pourquoi-projet-e-car-de-lunion-europeenne-pourrait-profiter-a-stellantis-et-surtout-a-fiat\/"},"wordCount":651,"commentCount":15,"publisher":{"@id":"https:\/\/www.italpassion.fr\/es\/#organization"},"image":{"@id":"https:\/\/www.italpassion.fr\/es\/stellantis\/pourquoi-projet-e-car-de-lunion-europeenne-pourrait-profiter-a-stellantis-et-surtout-a-fiat\/#primaryimage"},"thumbnailUrl":"https:\/\/www.italpassion.fr\/wp-content\/uploads\/2025\/09\/fiat-500-jaune.jpg","articleSection":["Fiat","Stellantis"],"inLanguage":"es","potentialAction":[{"@type":"CommentAction","name":"Comment","target":["https:\/\/www.italpassion.fr\/es\/stellantis\/pourquoi-projet-e-car-de-lunion-europeenne-pourrait-profiter-a-stellantis-et-surtout-a-fiat\/#respond"]}]},{"@type":"WebPage","@id":"https:\/\/www.italpassion.fr\/es\/stellantis\/pourquoi-projet-e-car-de-lunion-europeenne-pourrait-profiter-a-stellantis-et-surtout-a-fiat\/","url":"https:\/\/www.italpassion.fr\/es\/stellantis\/pourquoi-projet-e-car-de-lunion-europeenne-pourrait-profiter-a-stellantis-et-surtout-a-fiat\/","name":"Por qu\u00e9 el proyecto de coche el\u00e9ctrico de la UE podr\u00eda beneficiar a Stellantis, y a Fiat en particular - ItalPassion","isPartOf":{"@id":"https:\/\/www.italpassion.fr\/es\/#website"},"primaryImageOfPage":{"@id":"https:\/\/www.italpassion.fr\/es\/stellantis\/pourquoi-projet-e-car-de-lunion-europeenne-pourrait-profiter-a-stellantis-et-surtout-a-fiat\/#primaryimage"},"image":{"@id":"https:\/\/www.italpassion.fr\/es\/stellantis\/pourquoi-projet-e-car-de-lunion-europeenne-pourrait-profiter-a-stellantis-et-surtout-a-fiat\/#primaryimage"},"thumbnailUrl":"https:\/\/www.italpassion.fr\/wp-content\/uploads\/2025\/09\/fiat-500-jaune.jpg","datePublished":"2025-09-12T07:52:41+00:00","description":"En los \u00faltimos d\u00edas se ha producido un anuncio tras otro en relaci\u00f3n con la industria automovil\u00edstica europea. Antonio Filosa, nuevo Director General de Stellantis, intensifica sus comunicados de prensa.","breadcrumb":{"@id":"https:\/\/www.italpassion.fr\/es\/stellantis\/pourquoi-projet-e-car-de-lunion-europeenne-pourrait-profiter-a-stellantis-et-surtout-a-fiat\/#breadcrumb"},"inLanguage":"es","potentialAction":[{"@type":"ReadAction","target":["https:\/\/www.italpassion.fr\/es\/stellantis\/pourquoi-projet-e-car-de-lunion-europeenne-pourrait-profiter-a-stellantis-et-surtout-a-fiat\/"]}]},{"@type":"ImageObject","inLanguage":"es","@id":"https:\/\/www.italpassion.fr\/es\/stellantis\/pourquoi-projet-e-car-de-lunion-europeenne-pourrait-profiter-a-stellantis-et-surtout-a-fiat\/#primaryimage","url":"https:\/\/www.italpassion.fr\/wp-content\/uploads\/2025\/09\/fiat-500-jaune.jpg","contentUrl":"https:\/\/www.italpassion.fr\/wp-content\/uploads\/2025\/09\/fiat-500-jaune.jpg","width":1200,"height":800},{"@type":"BreadcrumbList","@id":"https:\/\/www.italpassion.fr\/es\/stellantis\/pourquoi-projet-e-car-de-lunion-europeenne-pourrait-profiter-a-stellantis-et-surtout-a-fiat\/#breadcrumb","itemListElement":[{"@type":"ListItem","position":1,"name":"Accueil","item":"https:\/\/www.italpassion.fr\/es\/"},{"@type":"ListItem","position":2,"name":"Pourquoi projet E-Car de l&rsquo;Union europ\u00e9enne pourrait profiter \u00e0 Stellantis, et surtout \u00e0 Fiat"}]},{"@type":"WebSite","@id":"https:\/\/www.italpassion.fr\/es\/#website","url":"https:\/\/www.italpassion.fr\/es\/","name":"ItalPassion","description":"Entusiastas de los coches italianos","publisher":{"@id":"https:\/\/www.italpassion.fr\/es\/#organization"},"potentialAction":[{"@type":"SearchAction","target":{"@type":"EntryPoint","urlTemplate":"https:\/\/www.italpassion.fr\/es\/?s={search_term_string}"},"query-input":{"@type":"PropertyValueSpecification","valueRequired":true,"valueName":"search_term_string"}}],"inLanguage":"es"},{"@type":"Organization","@id":"https:\/\/www.italpassion.fr\/es\/#organization","name":"Italpassion","url":"https:\/\/www.italpassion.fr\/es\/","logo":{"@type":"ImageObject","inLanguage":"es","@id":"https:\/\/www.italpassion.fr\/es\/#\/schema\/logo\/image\/","url":"https:\/\/www.italpassion.fr\/wp-content\/uploads\/2023\/07\/italpassion-yoast.jpg","contentUrl":"https:\/\/www.italpassion.fr\/wp-content\/uploads\/2023\/07\/italpassion-yoast.jpg","width":696,"height":696,"caption":"Italpassion"},"image":{"@id":"https:\/\/www.italpassion.fr\/es\/#\/schema\/logo\/image\/"},"sameAs":["https:\/\/www.facebook.com\/italpassion","https:\/\/x.com\/italpassion","https:\/\/www.instagram.com\/italpassionfr\/","https:\/\/www.youtube.com\/channel\/UCleq-ByQaA42OjhopwevRjQ","https:\/\/www.facebook.com\/italpassion.en\/","https:\/\/www.facebook.com\/italpassion.it\/","https:\/\/www.facebook.com\/italpassion.de\/","https:\/\/www.facebook.com\/italpassion.ja\/"]},{"@type":"Person","@id":"https:\/\/www.italpassion.fr\/es\/#\/schema\/person\/36f747b2a759ca202d847e85a9434ca0","name":"Alexandre Filluzeau","image":{"@type":"ImageObject","inLanguage":"es","@id":"https:\/\/www.italpassion.fr\/es\/#\/schema\/person\/image\/","url":"https:\/\/www.italpassion.fr\/wp-content\/uploads\/2025\/04\/avatar-alexandre-160x160.jpg","contentUrl":"https:\/\/www.italpassion.fr\/wp-content\/uploads\/2025\/04\/avatar-alexandre-160x160.jpg","caption":"Alexandre Filluzeau"},"description":"Fundador del sitio web ItalPassion, apasionado de los coches italianos y de Italia en general. Aporto una mirada cr\u00edtica y t\u00e9cnica a las noticias de las marcas italianas cuando es posible. Propietario de un Maserati GranTurismo, Alfa Romeo MiTo, Lancia Fulvia y Ducati 695. Ex-propietario de un Alfa Romeo Giulia.","sameAs":["https:\/\/www.italpassion.fr\/"],"url":"https:\/\/www.italpassion.fr\/es\/author\/alexandre\/"}]}},"_links":{"self":[{"href":"https:\/\/www.italpassion.fr\/es\/wp-json\/wp\/v2\/posts\/41226","targetHints":{"allow":["GET"]}}],"collection":[{"href":"https:\/\/www.italpassion.fr\/es\/wp-json\/wp\/v2\/posts"}],"about":[{"href":"https:\/\/www.italpassion.fr\/es\/wp-json\/wp\/v2\/types\/post"}],"author":[{"embeddable":true,"href":"https:\/\/www.italpassion.fr\/es\/wp-json\/wp\/v2\/users\/1"}],"replies":[{"embeddable":true,"href":"https:\/\/www.italpassion.fr\/es\/wp-json\/wp\/v2\/comments?post=41226"}],"version-history":[{"count":1,"href":"https:\/\/www.italpassion.fr\/es\/wp-json\/wp\/v2\/posts\/41226\/revisions"}],"predecessor-version":[{"id":41228,"href":"https:\/\/www.italpassion.fr\/es\/wp-json\/wp\/v2\/posts\/41226\/revisions\/41228"}],"wp:featuredmedia":[{"embeddable":true,"href":"https:\/\/www.italpassion.fr\/es\/wp-json\/wp\/v2\/media\/41227"}],"wp:attachment":[{"href":"https:\/\/www.italpassion.fr\/es\/wp-json\/wp\/v2\/media?parent=41226"}],"wp:term":[{"taxonomy":"category","embeddable":true,"href":"https:\/\/www.italpassion.fr\/es\/wp-json\/wp\/v2\/categories?post=41226"},{"taxonomy":"post_tag","embeddable":true,"href":"https:\/\/www.italpassion.fr\/es\/wp-json\/wp\/v2\/tags?post=41226"}],"curies":[{"name":"wp","href":"https:\/\/api.w.org\/{rel}","templated":true}]}}