{"id":41192,"date":"2025-09-11T09:49:52","date_gmt":"2025-09-11T07:49:52","guid":{"rendered":"https:\/\/www.italpassion.fr\/?p=41192"},"modified":"2025-09-11T09:49:52","modified_gmt":"2025-09-11T07:49:52","slug":"este-es-lalfarrari-un-alfa-romeo-con-motor-v8-ferrari-de-400-cv","status":"publish","type":"post","link":"https:\/\/www.italpassion.fr\/es\/alfa-romeo\/voici-lalfarrari-une-alfa-romeo-equipee-dun-moteur-v8-ferrari-de-400-ch\/","title":{"rendered":"Presentamos el Alfarrari: \u00a1un Alfa Romeo con motor V8 Ferrari de 400 CV!"},"content":{"rendered":"<figure class=\"wp-block-image size-full\"><img loading=\"lazy\" decoding=\"async\" width=\"1200\" height=\"800\" src=\"https:\/\/www.italpassion.fr\/wp-content\/uploads\/2025\/09\/alfa-romeo-giulia-ferrari.jpg\" alt=\"\" class=\"wp-image-41198\" srcset=\"https:\/\/www.italpassion.fr\/wp-content\/uploads\/2025\/09\/alfa-romeo-giulia-ferrari.jpg 1200w, https:\/\/www.italpassion.fr\/wp-content\/uploads\/2025\/09\/alfa-romeo-giulia-ferrari-420x280.jpg 420w, https:\/\/www.italpassion.fr\/wp-content\/uploads\/2025\/09\/alfa-romeo-giulia-ferrari-768x512.jpg 768w, https:\/\/www.italpassion.fr\/wp-content\/uploads\/2025\/09\/alfa-romeo-giulia-ferrari-18x12.jpg 18w\" sizes=\"auto, (max-width: 1200px) 100vw, 1200px\" \/><\/figure>\n\n\n\n<p>Ferrari es hija de<a href=\"https:\/\/www.italpassion.fr\/es\/alfa-romeo\/\">Alfa Romeo<\/a>Todos los aficionados lo saben. La Scuderia, fundada en 1929, fue la escuder\u00eda del Biscione hasta 1938, antes de que el gran Enzo siguiera su propio camino y fundara Ferrari en 1947. Hoy, lo mejor de ambas marcas se ha combinado en el Alfarrari: \u00a1una carrocer\u00eda Alfa Romeo 2000 GTV que alberga un Ferrari V8!<\/p>\n\n\n\n<h2 class=\"wp-block-heading\">El motor procede de la \"gran familia\".<\/h2>\n\n\n\n<p>Ya hemos informado de varios \"canjes\" mec\u00e1nicos en los \u00faltimos tiempos, en particular en Australia con <a href=\"https:\/\/www.italpassion.fr\/es\/alfa-romeo\/alfa-romeo-alfetta-gtv-con-v8-de-700-cv-el-increible-coche-que-gano-en-australia-durante-30-anos\/?fbclid=IwZXh0bgNhZW0CMTEAAR5_BA7Yqymxhfpg1BHIAODBF1Q4NMMge80CqTcwEaiQ9gvOMnx0G6iuO1NM3Q_aem_d0mXTJyBXtptlZgDp5NEqA\">GTV de Tony Ricciardello<\/a> y el <a href=\"https:\/\/www.italpassion.fr\/es\/ferrari\/ferrari-244-gtk-un-bestial-ferrari-308-gtb-potenciado-hasta-los-1000-cv-con-un-motor-honda\/\">Ferrari 308 Honda<\/a> del World Time Attack Challenge. El modelo de hoy nos lleva de nuevo a Australia, pero esta vez no hay motor Honda ni Chevrolet: nos quedamos en suelo italiano con un cup\u00e9 Alfa Romeo que ha cambiado su legendario motor Bialbero por un Tipo F131 V8 de 3,6 litros procedente del glorioso Ferrari 360 Modena.<\/p>\n\n\n\n<p>Aunque el coup\u00e9 Bertone ya es un veh\u00edculo ligero, se llev\u00f3 a cabo una reducci\u00f3n de peso para compensar el aumento de peso del motor Tipo F131, con el doble de cilindros que el original, con el fin de mantener el peso total en torno a una tonelada. Como resultado, el coup\u00e9 cuenta con 400 CV y 373 Nm, lo que confiere a esta obra maestra pintada de amarillo una impresionante relaci\u00f3n peso-potencia. Iniciado en 2019, el proyecto llev\u00f3 cuatro a\u00f1os de duro trabajo, todo ello documentado y filmado a lo largo de 200 episodios hasta su presentaci\u00f3n oficial en 2023. Sin embargo, la historia contin\u00faa para mejorar el proyecto, y este a\u00f1o se han publicado nuevos v\u00eddeos.<\/p>\n\n\n\n<h2 class=\"wp-block-heading\">Usa tu ingenio<\/h2>\n\n\n\n<figure class=\"wp-block-image size-full\"><img loading=\"lazy\" decoding=\"async\" width=\"1200\" height=\"800\" src=\"https:\/\/www.italpassion.fr\/wp-content\/uploads\/2025\/09\/alfa-romeo-ferrari-2.jpg\" alt=\"\" class=\"wp-image-41194\" srcset=\"https:\/\/www.italpassion.fr\/wp-content\/uploads\/2025\/09\/alfa-romeo-ferrari-2.jpg 1200w, https:\/\/www.italpassion.fr\/wp-content\/uploads\/2025\/09\/alfa-romeo-ferrari-2-420x280.jpg 420w, https:\/\/www.italpassion.fr\/wp-content\/uploads\/2025\/09\/alfa-romeo-ferrari-2-768x512.jpg 768w, https:\/\/www.italpassion.fr\/wp-content\/uploads\/2025\/09\/alfa-romeo-ferrari-2-18x12.jpg 18w\" sizes=\"auto, (max-width: 1200px) 100vw, 1200px\" \/><figcaption class=\"wp-element-caption\">Foto de Instagram @<a href=\"https:\/\/www.instagram.com\/homebuiltbyjeff\/?hl=fr#\">homebuiltbyjef<\/a>f<\/figcaption><\/figure>\n\n\n\n<p>El Alfarrari comenz\u00f3 su andadura como una chatarra oxidada de un GTV del a\u00f1o 2000, abandonado bajo un \u00e1rbol, que fue rescatado por un apasionado australiano, Jeff Micklem. Tras rescatar un motor de Ferrari 360 Modena con poco kilometraje de un desguace de supercoches de Adelaida, comenz\u00f3 el injerto. <\/p>\n\n\n\n<figure class=\"wp-block-image size-full\"><img loading=\"lazy\" decoding=\"async\" width=\"1200\" height=\"800\" src=\"https:\/\/www.italpassion.fr\/wp-content\/uploads\/2025\/09\/alfa-romeo-ferrari-3.jpg\" alt=\"\" class=\"wp-image-41195\" srcset=\"https:\/\/www.italpassion.fr\/wp-content\/uploads\/2025\/09\/alfa-romeo-ferrari-3.jpg 1200w, https:\/\/www.italpassion.fr\/wp-content\/uploads\/2025\/09\/alfa-romeo-ferrari-3-420x280.jpg 420w, https:\/\/www.italpassion.fr\/wp-content\/uploads\/2025\/09\/alfa-romeo-ferrari-3-768x512.jpg 768w, https:\/\/www.italpassion.fr\/wp-content\/uploads\/2025\/09\/alfa-romeo-ferrari-3-18x12.jpg 18w\" sizes=\"auto, (max-width: 1200px) 100vw, 1200px\" \/><figcaption class=\"wp-element-caption\">Foto de Instagram @<a href=\"https:\/\/www.instagram.com\/homebuiltbyjeff\/?hl=fr#\">homebuiltbyjef<\/a>f<\/figcaption><\/figure>\n\n\n\n<p>Para lograrlo, hubo que retocar la carrocer\u00eda, sustituyendo todos los paneles a partir del pilar B, sin olvidar otras numerosas reparaciones de \u00f3xido en la carrocer\u00eda antes de idear c\u00f3mo alojar el V8 de 3,6 litros bajo el cap\u00f3. Hubo que modificar la admisi\u00f3n, crear colectores a medida y modificar el subchasis para hacer sitio al motor Ferrari, que luce orgulloso en el cap\u00f3, provisto de un panel transparente para mostrar el V8 de Maranello...<\/p>\n\n\n\n<figure class=\"wp-block-image size-full\"><img loading=\"lazy\" decoding=\"async\" width=\"1200\" height=\"800\" src=\"https:\/\/www.italpassion.fr\/wp-content\/uploads\/2025\/09\/alfa-romeo-v8-ferrari-1.jpg\" alt=\"\" class=\"wp-image-41193\" srcset=\"https:\/\/www.italpassion.fr\/wp-content\/uploads\/2025\/09\/alfa-romeo-v8-ferrari-1.jpg 1200w, https:\/\/www.italpassion.fr\/wp-content\/uploads\/2025\/09\/alfa-romeo-v8-ferrari-1-420x280.jpg 420w, https:\/\/www.italpassion.fr\/wp-content\/uploads\/2025\/09\/alfa-romeo-v8-ferrari-1-768x512.jpg 768w, https:\/\/www.italpassion.fr\/wp-content\/uploads\/2025\/09\/alfa-romeo-v8-ferrari-1-18x12.jpg 18w\" sizes=\"auto, (max-width: 1200px) 100vw, 1200px\" \/><figcaption class=\"wp-element-caption\">Foto de Instagram @<a href=\"https:\/\/www.instagram.com\/homebuiltbyjeff\/?hl=fr#\">homebuiltbyjef<\/a>f<\/figcaption><\/figure>\n\n\n\n<p>El motor del 360 se dise\u00f1\u00f3 originalmente para situarse en el centro, impulsando las ruedas traseras. Pero con su nueva posici\u00f3n en la parte delantera, Micklem tuvo que encontrar la forma de transmitir la potencia a las ruedas traseras. La soluci\u00f3n vino de la mano de una transmisi\u00f3n Subaru BRZ, que ten\u00eda que soportar los 400 CV del motor. <\/p>\n\n\n\n<figure class=\"wp-block-image size-full\"><img loading=\"lazy\" decoding=\"async\" width=\"1200\" height=\"800\" src=\"https:\/\/www.italpassion.fr\/wp-content\/uploads\/2025\/09\/alfa-romeo-ferrari-4.jpg\" alt=\"\" class=\"wp-image-41196\" srcset=\"https:\/\/www.italpassion.fr\/wp-content\/uploads\/2025\/09\/alfa-romeo-ferrari-4.jpg 1200w, https:\/\/www.italpassion.fr\/wp-content\/uploads\/2025\/09\/alfa-romeo-ferrari-4-420x280.jpg 420w, https:\/\/www.italpassion.fr\/wp-content\/uploads\/2025\/09\/alfa-romeo-ferrari-4-768x512.jpg 768w, https:\/\/www.italpassion.fr\/wp-content\/uploads\/2025\/09\/alfa-romeo-ferrari-4-18x12.jpg 18w\" sizes=\"auto, (max-width: 1200px) 100vw, 1200px\" \/><figcaption class=\"wp-element-caption\">Foto de Instagram @<a href=\"https:\/\/www.instagram.com\/homebuiltbyjeff\/?hl=fr#\">homebuiltbyjef<\/a>f<\/figcaption><\/figure>\n\n\n\n<p>Otras soluciones ingeniosas fueron la fabricaci\u00f3n de un dep\u00f3sito de aceite a medida para el motor de c\u00e1rter seco y la instalaci\u00f3n de los condensadores del aire acondicionado en la parte trasera. Adem\u00e1s de un moderno sistema de calefacci\u00f3n, ventilaci\u00f3n y aire acondicionado, el coche tambi\u00e9n est\u00e1 equipado con direcci\u00f3n asistida, control de crucero y elevalunas el\u00e9ctricos, porque, seg\u00fan Micklem, el Alfarrari tiene que ser un conductor diario.<\/p>\n\n\n\n<figure class=\"wp-block-image size-full\"><img loading=\"lazy\" decoding=\"async\" width=\"1200\" height=\"800\" src=\"https:\/\/www.italpassion.fr\/wp-content\/uploads\/2025\/09\/alfa-aromeo-ferrari-7.jpg\" alt=\"\" class=\"wp-image-41197\" srcset=\"https:\/\/www.italpassion.fr\/wp-content\/uploads\/2025\/09\/alfa-aromeo-ferrari-7.jpg 1200w, https:\/\/www.italpassion.fr\/wp-content\/uploads\/2025\/09\/alfa-aromeo-ferrari-7-420x280.jpg 420w, https:\/\/www.italpassion.fr\/wp-content\/uploads\/2025\/09\/alfa-aromeo-ferrari-7-768x512.jpg 768w, https:\/\/www.italpassion.fr\/wp-content\/uploads\/2025\/09\/alfa-aromeo-ferrari-7-18x12.jpg 18w\" sizes=\"auto, (max-width: 1200px) 100vw, 1200px\" \/><figcaption class=\"wp-element-caption\">Foto de Instagram @<a href=\"https:\/\/www.instagram.com\/homebuiltbyjeff\/?hl=fr#\">homebuiltbyjef<\/a>f<\/figcaption><\/figure>\n\n\n\n<p>Obviamente, el proyecto tuvo su cuota de quebraderos de cabeza t\u00e9cnicos y algunas molestias, como unas cuantas abolladuras grandes e inoportunas en el techo y la luneta trasera cuando el coche se mont\u00f3 en una plataforma, pero algunos artesanos ingeniosos consiguieron repararlo todo, aunque el corte y la forma de la luneta trasera del Bertone son muy especiales. En el interior, el acabado mezcla el aluminio de la consola central con un juego de tapicer\u00eda y guarnecido de puertas de color tostado. Por \u00faltimo, el volante de tres radios forrado en cuero incorpora un peque\u00f1o logotipo de Ferrari.<\/p>\n\n\n\n<figure class=\"wp-block-image size-full\"><img loading=\"lazy\" decoding=\"async\" width=\"1200\" height=\"800\" src=\"https:\/\/www.italpassion.fr\/wp-content\/uploads\/2025\/09\/alfa-romeo-giulia-ferrari-0.jpg\" alt=\"\" class=\"wp-image-41200\" srcset=\"https:\/\/www.italpassion.fr\/wp-content\/uploads\/2025\/09\/alfa-romeo-giulia-ferrari-0.jpg 1200w, https:\/\/www.italpassion.fr\/wp-content\/uploads\/2025\/09\/alfa-romeo-giulia-ferrari-0-420x280.jpg 420w, https:\/\/www.italpassion.fr\/wp-content\/uploads\/2025\/09\/alfa-romeo-giulia-ferrari-0-768x512.jpg 768w, https:\/\/www.italpassion.fr\/wp-content\/uploads\/2025\/09\/alfa-romeo-giulia-ferrari-0-18x12.jpg 18w\" sizes=\"auto, (max-width: 1200px) 100vw, 1200px\" \/><figcaption class=\"wp-element-caption\">Foto de Instagram @<a href=\"https:\/\/www.instagram.com\/homebuiltbyjeff\/?hl=fr#\">homebuiltbyjef<\/a>f<\/figcaption><\/figure>\n\n\n\n<h2 class=\"wp-block-heading\">\u00a1Est\u00e1 totalmente operativo!<\/h2>\n\n\n\n<figure class=\"wp-block-image size-full\"><img loading=\"lazy\" decoding=\"async\" width=\"1200\" height=\"800\" src=\"https:\/\/www.italpassion.fr\/wp-content\/uploads\/2025\/09\/alfa-giulia-v8-ferrai.jpg\" alt=\"\" class=\"wp-image-41199\" srcset=\"https:\/\/www.italpassion.fr\/wp-content\/uploads\/2025\/09\/alfa-giulia-v8-ferrai.jpg 1200w, https:\/\/www.italpassion.fr\/wp-content\/uploads\/2025\/09\/alfa-giulia-v8-ferrai-420x280.jpg 420w, https:\/\/www.italpassion.fr\/wp-content\/uploads\/2025\/09\/alfa-giulia-v8-ferrai-768x512.jpg 768w, https:\/\/www.italpassion.fr\/wp-content\/uploads\/2025\/09\/alfa-giulia-v8-ferrai-18x12.jpg 18w\" sizes=\"auto, (max-width: 1200px) 100vw, 1200px\" \/><figcaption class=\"wp-element-caption\">Foto de Instagram @<a href=\"https:\/\/www.instagram.com\/homebuiltbyjeff\/?hl=fr#\">homebuiltbyjef<\/a>f<\/figcaption><\/figure>\n\n\n\n<p>Preparado para el World Time Attack Challenge de 2023 en S\u00eddney, el Alfarrari ha recibido una calurosa acogida por su nivel de acabado y atenci\u00f3n al detalle. Desde una restauraci\u00f3n completa de un Alfa Romeo abandonado hasta una pieza central hecha a medida, puede que no guste a los puristas, pero si hubiera que hacer un cambio de motor loco pero justificado para un Alfa Romeo cl\u00e1sico, \u00a1un Ferrari V8 ser\u00eda el camino a seguir para mantener un m\u00ednimo de respeto!<\/p>\n\n\n\n<figure class=\"wp-block-image size-full\"><img loading=\"lazy\" decoding=\"async\" width=\"1200\" height=\"800\" src=\"https:\/\/www.italpassion.fr\/wp-content\/uploads\/2025\/09\/alfa-romeo-giulia-v8-0.jpg\" alt=\"\" class=\"wp-image-41201\" srcset=\"https:\/\/www.italpassion.fr\/wp-content\/uploads\/2025\/09\/alfa-romeo-giulia-v8-0.jpg 1200w, https:\/\/www.italpassion.fr\/wp-content\/uploads\/2025\/09\/alfa-romeo-giulia-v8-0-420x280.jpg 420w, https:\/\/www.italpassion.fr\/wp-content\/uploads\/2025\/09\/alfa-romeo-giulia-v8-0-768x512.jpg 768w, https:\/\/www.italpassion.fr\/wp-content\/uploads\/2025\/09\/alfa-romeo-giulia-v8-0-18x12.jpg 18w\" sizes=\"auto, (max-width: 1200px) 100vw, 1200px\" \/><figcaption class=\"wp-element-caption\">Foto de Instagram @<a href=\"https:\/\/www.instagram.com\/homebuiltbyjeff\/?hl=fr#\">homebuiltbyjef<\/a>f<\/figcaption><\/figure>\n\n\n\n<p>Jeff Minckley sigue trabajando en su obra, afinando la maniobrabilidad de la m\u00e1quina y el funcionamiento del conjunto mec\u00e1nico, \u00a1que no es poco! Tras varios problemas t\u00e9cnicos encontrados durante las sesiones de los d\u00edas de pista, \u00a1el Alfarrari parece ir ahora por el buen camino!<\/p>\n\n\n\n<figure class=\"wp-block-embed is-type-video is-provider-youtube wp-block-embed-youtube wp-embed-aspect-16-9 wp-has-aspect-ratio\"><div class=\"wp-block-embed__wrapper\">\n<iframe loading=\"lazy\" title=\"De vuelta a la carretera - Alfa 105 Alfarrari con motor Ferrari parte 234\" width=\"1200\" height=\"675\" src=\"https:\/\/www.youtube-nocookie.com\/embed\/EHZAt63fuhU?feature=oembed\" frameborder=\"0\" allow=\"accelerometer; autoplay; clipboard-write; encrypted-media; gyroscope; picture-in-picture; web-share\" referrerpolicy=\"strict-origin-when-cross-origin\" allowfullscreen><\/iframe>\n<\/div><\/figure>","protected":false},"excerpt":{"rendered":"","protected":false},"author":8,"featured_media":41198,"comment_status":"open","ping_status":"open","sticky":false,"template":"","format":"standard","meta":{"_acf_changed":false,"_sitemap_exclude":false,"_sitemap_priority":"","_sitemap_frequency":"","footnotes":""},"categories":[22],"tags":[568],"class_list":["post-41192","post","type-post","status-publish","format-standard","has-post-thumbnail","hentry","category-alfa-romeo","tag-restomod","generate-columns","tablet-grid-50","mobile-grid-100","grid-parent","grid-33"],"acf":[],"yoast_head":"<!-- This site is optimized with the Yoast SEO plugin v25.8 - https:\/\/yoast.com\/wordpress\/plugins\/seo\/ -->\n<title>Voici l\u2019Alfarrari : une Alfa Romeo \u00e9quip\u00e9e d&#039;un moteur V8 Ferrari de 400 ch ! - ItalPassion<\/title>\n<meta name=\"description\" content=\"Ferrari est la fille d\u2019Alfa Romeo, tout amateur le sait ! La Scuderia, fond\u00e9e en 1929, fut l\u2019\u00e9curie de course du Biscione, jusqu\u2019en 1938, avant que le\" \/>\n<meta name=\"robots\" content=\"index, follow, max-snippet:-1, max-image-preview:large, max-video-preview:-1\" \/>\n<link rel=\"canonical\" href=\"https:\/\/www.italpassion.fr\/es\/alfa-romeo\/este-es-lalfarrari-un-alfa-romeo-con-motor-v8-ferrari-de-400-cv\/\" \/>\n<meta property=\"og:locale\" content=\"es_ES\" \/>\n<meta property=\"og:type\" content=\"article\" \/>\n<meta property=\"og:title\" content=\"Voici l\u2019Alfarrari : une Alfa Romeo \u00e9quip\u00e9e d&#039;un moteur V8 Ferrari de 400 ch ! - ItalPassion\" \/>\n<meta property=\"og:description\" content=\"Ferrari est la fille d\u2019Alfa Romeo, tout amateur le sait ! La Scuderia, fond\u00e9e en 1929, fut l\u2019\u00e9curie de course du Biscione, jusqu\u2019en 1938, avant que le\" \/>\n<meta property=\"og:url\" content=\"https:\/\/www.italpassion.fr\/es\/alfa-romeo\/este-es-lalfarrari-un-alfa-romeo-con-motor-v8-ferrari-de-400-cv\/\" \/>\n<meta property=\"og:site_name\" content=\"ItalPassion\" \/>\n<meta property=\"article:publisher\" content=\"https:\/\/www.facebook.com\/italpassion\" \/>\n<meta property=\"article:published_time\" content=\"2025-09-11T07:49:52+00:00\" \/>\n<meta property=\"og:image\" content=\"https:\/\/www.italpassion.fr\/wp-content\/uploads\/2025\/09\/alfa-romeo-giulia-ferrari.jpg\" \/>\n\t<meta property=\"og:image:width\" content=\"1200\" \/>\n\t<meta property=\"og:image:height\" content=\"800\" \/>\n\t<meta property=\"og:image:type\" content=\"image\/jpeg\" \/>\n<meta name=\"author\" content=\"Nicolas Anderbegani\" \/>\n<meta name=\"twitter:card\" content=\"summary_large_image\" \/>\n<meta name=\"twitter:creator\" content=\"@italpassion\" \/>\n<meta name=\"twitter:site\" content=\"@italpassion\" \/>\n<script type=\"application\/ld+json\" class=\"yoast-schema-graph\">{\"@context\":\"https:\/\/schema.org\",\"@graph\":[{\"@type\":\"NewsArticle\",\"@id\":\"https:\/\/www.italpassion.fr\/es\/alfa-romeo\/voici-lalfarrari-une-alfa-romeo-equipee-dun-moteur-v8-ferrari-de-400-ch\/#article\",\"isPartOf\":{\"@id\":\"https:\/\/www.italpassion.fr\/es\/alfa-romeo\/voici-lalfarrari-une-alfa-romeo-equipee-dun-moteur-v8-ferrari-de-400-ch\/\"},\"author\":{\"name\":\"Nicolas Anderbegani\",\"@id\":\"https:\/\/www.italpassion.fr\/es\/#\/schema\/person\/efd63d72fc8007741c5836a896805b04\"},\"headline\":\"Voici l\u2019Alfarrari : une Alfa Romeo \u00e9quip\u00e9e d&rsquo;un moteur V8 Ferrari de 400 ch !\",\"datePublished\":\"2025-09-11T07:49:52+00:00\",\"mainEntityOfPage\":{\"@id\":\"https:\/\/www.italpassion.fr\/es\/alfa-romeo\/voici-lalfarrari-une-alfa-romeo-equipee-dun-moteur-v8-ferrari-de-400-ch\/\"},\"wordCount\":877,\"commentCount\":11,\"publisher\":{\"@id\":\"https:\/\/www.italpassion.fr\/es\/#organization\"},\"image\":{\"@id\":\"https:\/\/www.italpassion.fr\/es\/alfa-romeo\/voici-lalfarrari-une-alfa-romeo-equipee-dun-moteur-v8-ferrari-de-400-ch\/#primaryimage\"},\"thumbnailUrl\":\"https:\/\/www.italpassion.fr\/wp-content\/uploads\/2025\/09\/alfa-romeo-giulia-ferrari.jpg\",\"keywords\":[\"Restomod\"],\"articleSection\":[\"Alfa Romeo\"],\"inLanguage\":\"es\",\"potentialAction\":[{\"@type\":\"CommentAction\",\"name\":\"Comment\",\"target\":[\"https:\/\/www.italpassion.fr\/es\/alfa-romeo\/voici-lalfarrari-une-alfa-romeo-equipee-dun-moteur-v8-ferrari-de-400-ch\/#respond\"]}]},{\"@type\":\"WebPage\",\"@id\":\"https:\/\/www.italpassion.fr\/es\/alfa-romeo\/voici-lalfarrari-une-alfa-romeo-equipee-dun-moteur-v8-ferrari-de-400-ch\/\",\"url\":\"https:\/\/www.italpassion.fr\/es\/alfa-romeo\/voici-lalfarrari-une-alfa-romeo-equipee-dun-moteur-v8-ferrari-de-400-ch\/\",\"name\":\"Voici l\u2019Alfarrari : une Alfa Romeo \u00e9quip\u00e9e d'un moteur V8 Ferrari de 400 ch ! - ItalPassion\",\"isPartOf\":{\"@id\":\"https:\/\/www.italpassion.fr\/es\/#website\"},\"primaryImageOfPage\":{\"@id\":\"https:\/\/www.italpassion.fr\/es\/alfa-romeo\/voici-lalfarrari-une-alfa-romeo-equipee-dun-moteur-v8-ferrari-de-400-ch\/#primaryimage\"},\"image\":{\"@id\":\"https:\/\/www.italpassion.fr\/es\/alfa-romeo\/voici-lalfarrari-une-alfa-romeo-equipee-dun-moteur-v8-ferrari-de-400-ch\/#primaryimage\"},\"thumbnailUrl\":\"https:\/\/www.italpassion.fr\/wp-content\/uploads\/2025\/09\/alfa-romeo-giulia-ferrari.jpg\",\"datePublished\":\"2025-09-11T07:49:52+00:00\",\"description\":\"Ferrari est la fille d\u2019Alfa Romeo, tout amateur le sait ! La Scuderia, fond\u00e9e en 1929, fut l\u2019\u00e9curie de course du Biscione, jusqu\u2019en 1938, avant que le\",\"breadcrumb\":{\"@id\":\"https:\/\/www.italpassion.fr\/es\/alfa-romeo\/voici-lalfarrari-une-alfa-romeo-equipee-dun-moteur-v8-ferrari-de-400-ch\/#breadcrumb\"},\"inLanguage\":\"es\",\"potentialAction\":[{\"@type\":\"ReadAction\",\"target\":[\"https:\/\/www.italpassion.fr\/es\/alfa-romeo\/voici-lalfarrari-une-alfa-romeo-equipee-dun-moteur-v8-ferrari-de-400-ch\/\"]}]},{\"@type\":\"ImageObject\",\"inLanguage\":\"es\",\"@id\":\"https:\/\/www.italpassion.fr\/es\/alfa-romeo\/voici-lalfarrari-une-alfa-romeo-equipee-dun-moteur-v8-ferrari-de-400-ch\/#primaryimage\",\"url\":\"https:\/\/www.italpassion.fr\/wp-content\/uploads\/2025\/09\/alfa-romeo-giulia-ferrari.jpg\",\"contentUrl\":\"https:\/\/www.italpassion.fr\/wp-content\/uploads\/2025\/09\/alfa-romeo-giulia-ferrari.jpg\",\"width\":1200,\"height\":800},{\"@type\":\"BreadcrumbList\",\"@id\":\"https:\/\/www.italpassion.fr\/es\/alfa-romeo\/voici-lalfarrari-une-alfa-romeo-equipee-dun-moteur-v8-ferrari-de-400-ch\/#breadcrumb\",\"itemListElement\":[{\"@type\":\"ListItem\",\"position\":1,\"name\":\"Accueil\",\"item\":\"https:\/\/www.italpassion.fr\/es\/\"},{\"@type\":\"ListItem\",\"position\":2,\"name\":\"Voici l\u2019Alfarrari : une Alfa Romeo \u00e9quip\u00e9e d&rsquo;un moteur V8 Ferrari de 400 ch !\"}]},{\"@type\":\"WebSite\",\"@id\":\"https:\/\/www.italpassion.fr\/es\/#website\",\"url\":\"https:\/\/www.italpassion.fr\/es\/\",\"name\":\"ItalPassion\",\"description\":\"Les Passionn\u00e9s d&#039;Automobiles Italiennes\",\"publisher\":{\"@id\":\"https:\/\/www.italpassion.fr\/es\/#organization\"},\"potentialAction\":[{\"@type\":\"SearchAction\",\"target\":{\"@type\":\"EntryPoint\",\"urlTemplate\":\"https:\/\/www.italpassion.fr\/es\/?s={search_term_string}\"},\"query-input\":{\"@type\":\"PropertyValueSpecification\",\"valueRequired\":true,\"valueName\":\"search_term_string\"}}],\"inLanguage\":\"es\"},{\"@type\":\"Organization\",\"@id\":\"https:\/\/www.italpassion.fr\/es\/#organization\",\"name\":\"Italpassion\",\"url\":\"https:\/\/www.italpassion.fr\/es\/\",\"logo\":{\"@type\":\"ImageObject\",\"inLanguage\":\"es\",\"@id\":\"https:\/\/www.italpassion.fr\/es\/#\/schema\/logo\/image\/\",\"url\":\"https:\/\/www.italpassion.fr\/wp-content\/uploads\/2023\/07\/italpassion-yoast.jpg\",\"contentUrl\":\"https:\/\/www.italpassion.fr\/wp-content\/uploads\/2023\/07\/italpassion-yoast.jpg\",\"width\":696,\"height\":696,\"caption\":\"Italpassion\"},\"image\":{\"@id\":\"https:\/\/www.italpassion.fr\/es\/#\/schema\/logo\/image\/\"},\"sameAs\":[\"https:\/\/www.facebook.com\/italpassion\",\"https:\/\/x.com\/italpassion\",\"https:\/\/www.instagram.com\/italpassionfr\/\",\"https:\/\/www.youtube.com\/channel\/UCleq-ByQaA42OjhopwevRjQ\",\"https:\/\/www.facebook.com\/italpassion.en\/\",\"https:\/\/www.facebook.com\/italpassion.it\/\",\"https:\/\/www.facebook.com\/italpassion.de\/\",\"https:\/\/www.facebook.com\/italpassion.ja\/\"]},{\"@type\":\"Person\",\"@id\":\"https:\/\/www.italpassion.fr\/es\/#\/schema\/person\/efd63d72fc8007741c5836a896805b04\",\"name\":\"Nicolas Anderbegani\",\"image\":{\"@type\":\"ImageObject\",\"inLanguage\":\"es\",\"@id\":\"https:\/\/www.italpassion.fr\/es\/#\/schema\/person\/image\/\",\"url\":\"https:\/\/www.italpassion.fr\/wp-content\/uploads\/2025\/05\/nicolas-anderbegani-160x160.jpg\",\"contentUrl\":\"https:\/\/www.italpassion.fr\/wp-content\/uploads\/2025\/05\/nicolas-anderbegani-160x160.jpg\",\"caption\":\"Nicolas Anderbegani\"},\"description\":\"Nicolas est passionn\u00e9 d\u2019histoire et de sport automobile. Il roule en Alfa Romeo Giulietta et vous partagera avec vous sa passion de l\u2019automobile italienne.\",\"url\":\"https:\/\/www.italpassion.fr\/es\/author\/nicolas\/\"}]}<\/script>\n<!-- \/ Yoast SEO plugin. -->","yoast_head_json":{"title":"Presentamos el Alfarrari: \u00a1un Alfa Romeo con motor V8 Ferrari de 400 CV! - ItalPassion","description":"Ferrari es hija de Alfa Romeo, como todo aficionado sabe. La Scuderia, fundada en 1929, fue la escuder\u00eda del Biscione hasta 1938, antes de que el","robots":{"index":"index","follow":"follow","max-snippet":"max-snippet:-1","max-image-preview":"max-image-preview:large","max-video-preview":"max-video-preview:-1"},"canonical":"https:\/\/www.italpassion.fr\/es\/alfa-romeo\/este-es-lalfarrari-un-alfa-romeo-con-motor-v8-ferrari-de-400-cv\/","og_locale":"es_ES","og_type":"article","og_title":"Voici l\u2019Alfarrari : une Alfa Romeo \u00e9quip\u00e9e d'un moteur V8 Ferrari de 400 ch ! - ItalPassion","og_description":"Ferrari est la fille d\u2019Alfa Romeo, tout amateur le sait ! La Scuderia, fond\u00e9e en 1929, fut l\u2019\u00e9curie de course du Biscione, jusqu\u2019en 1938, avant que le","og_url":"https:\/\/www.italpassion.fr\/es\/alfa-romeo\/este-es-lalfarrari-un-alfa-romeo-con-motor-v8-ferrari-de-400-cv\/","og_site_name":"ItalPassion","article_publisher":"https:\/\/www.facebook.com\/italpassion","article_published_time":"2025-09-11T07:49:52+00:00","og_image":[{"width":1200,"height":800,"url":"https:\/\/www.italpassion.fr\/wp-content\/uploads\/2025\/09\/alfa-romeo-giulia-ferrari.jpg","type":"image\/jpeg"}],"author":"Nicolas Anderbegani","twitter_card":"summary_large_image","twitter_creator":"@italpassion","twitter_site":"@italpassion","schema":{"@context":"https:\/\/schema.org","@graph":[{"@type":"NewsArticle","@id":"https:\/\/www.italpassion.fr\/es\/alfa-romeo\/voici-lalfarrari-une-alfa-romeo-equipee-dun-moteur-v8-ferrari-de-400-ch\/#article","isPartOf":{"@id":"https:\/\/www.italpassion.fr\/es\/alfa-romeo\/voici-lalfarrari-une-alfa-romeo-equipee-dun-moteur-v8-ferrari-de-400-ch\/"},"author":{"name":"Nicolas Anderbegani","@id":"https:\/\/www.italpassion.fr\/es\/#\/schema\/person\/efd63d72fc8007741c5836a896805b04"},"headline":"Voici l\u2019Alfarrari : une Alfa Romeo \u00e9quip\u00e9e d&rsquo;un moteur V8 Ferrari de 400 ch !","datePublished":"2025-09-11T07:49:52+00:00","mainEntityOfPage":{"@id":"https:\/\/www.italpassion.fr\/es\/alfa-romeo\/voici-lalfarrari-une-alfa-romeo-equipee-dun-moteur-v8-ferrari-de-400-ch\/"},"wordCount":877,"commentCount":11,"publisher":{"@id":"https:\/\/www.italpassion.fr\/es\/#organization"},"image":{"@id":"https:\/\/www.italpassion.fr\/es\/alfa-romeo\/voici-lalfarrari-une-alfa-romeo-equipee-dun-moteur-v8-ferrari-de-400-ch\/#primaryimage"},"thumbnailUrl":"https:\/\/www.italpassion.fr\/wp-content\/uploads\/2025\/09\/alfa-romeo-giulia-ferrari.jpg","keywords":["Restomod"],"articleSection":["Alfa Romeo"],"inLanguage":"es","potentialAction":[{"@type":"CommentAction","name":"Comment","target":["https:\/\/www.italpassion.fr\/es\/alfa-romeo\/voici-lalfarrari-une-alfa-romeo-equipee-dun-moteur-v8-ferrari-de-400-ch\/#respond"]}]},{"@type":"WebPage","@id":"https:\/\/www.italpassion.fr\/es\/alfa-romeo\/voici-lalfarrari-une-alfa-romeo-equipee-dun-moteur-v8-ferrari-de-400-ch\/","url":"https:\/\/www.italpassion.fr\/es\/alfa-romeo\/voici-lalfarrari-une-alfa-romeo-equipee-dun-moteur-v8-ferrari-de-400-ch\/","name":"Presentamos el Alfarrari: \u00a1un Alfa Romeo con motor V8 Ferrari de 400 CV! - ItalPassion","isPartOf":{"@id":"https:\/\/www.italpassion.fr\/es\/#website"},"primaryImageOfPage":{"@id":"https:\/\/www.italpassion.fr\/es\/alfa-romeo\/voici-lalfarrari-une-alfa-romeo-equipee-dun-moteur-v8-ferrari-de-400-ch\/#primaryimage"},"image":{"@id":"https:\/\/www.italpassion.fr\/es\/alfa-romeo\/voici-lalfarrari-une-alfa-romeo-equipee-dun-moteur-v8-ferrari-de-400-ch\/#primaryimage"},"thumbnailUrl":"https:\/\/www.italpassion.fr\/wp-content\/uploads\/2025\/09\/alfa-romeo-giulia-ferrari.jpg","datePublished":"2025-09-11T07:49:52+00:00","description":"Ferrari es hija de Alfa Romeo, como todo aficionado sabe. La Scuderia, fundada en 1929, fue la escuder\u00eda del Biscione hasta 1938, antes de que el","breadcrumb":{"@id":"https:\/\/www.italpassion.fr\/es\/alfa-romeo\/voici-lalfarrari-une-alfa-romeo-equipee-dun-moteur-v8-ferrari-de-400-ch\/#breadcrumb"},"inLanguage":"es","potentialAction":[{"@type":"ReadAction","target":["https:\/\/www.italpassion.fr\/es\/alfa-romeo\/voici-lalfarrari-une-alfa-romeo-equipee-dun-moteur-v8-ferrari-de-400-ch\/"]}]},{"@type":"ImageObject","inLanguage":"es","@id":"https:\/\/www.italpassion.fr\/es\/alfa-romeo\/voici-lalfarrari-une-alfa-romeo-equipee-dun-moteur-v8-ferrari-de-400-ch\/#primaryimage","url":"https:\/\/www.italpassion.fr\/wp-content\/uploads\/2025\/09\/alfa-romeo-giulia-ferrari.jpg","contentUrl":"https:\/\/www.italpassion.fr\/wp-content\/uploads\/2025\/09\/alfa-romeo-giulia-ferrari.jpg","width":1200,"height":800},{"@type":"BreadcrumbList","@id":"https:\/\/www.italpassion.fr\/es\/alfa-romeo\/voici-lalfarrari-une-alfa-romeo-equipee-dun-moteur-v8-ferrari-de-400-ch\/#breadcrumb","itemListElement":[{"@type":"ListItem","position":1,"name":"Accueil","item":"https:\/\/www.italpassion.fr\/es\/"},{"@type":"ListItem","position":2,"name":"Voici l\u2019Alfarrari : une Alfa Romeo \u00e9quip\u00e9e d&rsquo;un moteur V8 Ferrari de 400 ch !"}]},{"@type":"WebSite","@id":"https:\/\/www.italpassion.fr\/es\/#website","url":"https:\/\/www.italpassion.fr\/es\/","name":"ItalPassion","description":"Entusiastas de los coches italianos","publisher":{"@id":"https:\/\/www.italpassion.fr\/es\/#organization"},"potentialAction":[{"@type":"SearchAction","target":{"@type":"EntryPoint","urlTemplate":"https:\/\/www.italpassion.fr\/es\/?s={search_term_string}"},"query-input":{"@type":"PropertyValueSpecification","valueRequired":true,"valueName":"search_term_string"}}],"inLanguage":"es"},{"@type":"Organization","@id":"https:\/\/www.italpassion.fr\/es\/#organization","name":"Italpassion","url":"https:\/\/www.italpassion.fr\/es\/","logo":{"@type":"ImageObject","inLanguage":"es","@id":"https:\/\/www.italpassion.fr\/es\/#\/schema\/logo\/image\/","url":"https:\/\/www.italpassion.fr\/wp-content\/uploads\/2023\/07\/italpassion-yoast.jpg","contentUrl":"https:\/\/www.italpassion.fr\/wp-content\/uploads\/2023\/07\/italpassion-yoast.jpg","width":696,"height":696,"caption":"Italpassion"},"image":{"@id":"https:\/\/www.italpassion.fr\/es\/#\/schema\/logo\/image\/"},"sameAs":["https:\/\/www.facebook.com\/italpassion","https:\/\/x.com\/italpassion","https:\/\/www.instagram.com\/italpassionfr\/","https:\/\/www.youtube.com\/channel\/UCleq-ByQaA42OjhopwevRjQ","https:\/\/www.facebook.com\/italpassion.en\/","https:\/\/www.facebook.com\/italpassion.it\/","https:\/\/www.facebook.com\/italpassion.de\/","https:\/\/www.facebook.com\/italpassion.ja\/"]},{"@type":"Person","@id":"https:\/\/www.italpassion.fr\/es\/#\/schema\/person\/efd63d72fc8007741c5836a896805b04","name":"Nicolas Anderbegani","image":{"@type":"ImageObject","inLanguage":"es","@id":"https:\/\/www.italpassion.fr\/es\/#\/schema\/person\/image\/","url":"https:\/\/www.italpassion.fr\/wp-content\/uploads\/2025\/05\/nicolas-anderbegani-160x160.jpg","contentUrl":"https:\/\/www.italpassion.fr\/wp-content\/uploads\/2025\/05\/nicolas-anderbegani-160x160.jpg","caption":"Nicolas Anderbegani"},"description":"Nicolas es un apasionado de la historia y el automovilismo. Conduce un Alfa Romeo Giulietta y estar\u00e1 encantado de compartir con usted su pasi\u00f3n por los coches italianos.","url":"https:\/\/www.italpassion.fr\/es\/author\/nicolas\/"}]}},"_links":{"self":[{"href":"https:\/\/www.italpassion.fr\/es\/wp-json\/wp\/v2\/posts\/41192","targetHints":{"allow":["GET"]}}],"collection":[{"href":"https:\/\/www.italpassion.fr\/es\/wp-json\/wp\/v2\/posts"}],"about":[{"href":"https:\/\/www.italpassion.fr\/es\/wp-json\/wp\/v2\/types\/post"}],"author":[{"embeddable":true,"href":"https:\/\/www.italpassion.fr\/es\/wp-json\/wp\/v2\/users\/8"}],"replies":[{"embeddable":true,"href":"https:\/\/www.italpassion.fr\/es\/wp-json\/wp\/v2\/comments?post=41192"}],"version-history":[{"count":1,"href":"https:\/\/www.italpassion.fr\/es\/wp-json\/wp\/v2\/posts\/41192\/revisions"}],"predecessor-version":[{"id":41202,"href":"https:\/\/www.italpassion.fr\/es\/wp-json\/wp\/v2\/posts\/41192\/revisions\/41202"}],"wp:featuredmedia":[{"embeddable":true,"href":"https:\/\/www.italpassion.fr\/es\/wp-json\/wp\/v2\/media\/41198"}],"wp:attachment":[{"href":"https:\/\/www.italpassion.fr\/es\/wp-json\/wp\/v2\/media?parent=41192"}],"wp:term":[{"taxonomy":"category","embeddable":true,"href":"https:\/\/www.italpassion.fr\/es\/wp-json\/wp\/v2\/categories?post=41192"},{"taxonomy":"post_tag","embeddable":true,"href":"https:\/\/www.italpassion.fr\/es\/wp-json\/wp\/v2\/tags?post=41192"}],"curies":[{"name":"wp","href":"https:\/\/api.w.org\/{rel}","templated":true}]}}