{"id":40627,"date":"2025-09-03T16:19:15","date_gmt":"2025-09-03T14:19:15","guid":{"rendered":"https:\/\/www.italpassion.fr\/?p=40627"},"modified":"2025-09-03T16:19:15","modified_gmt":"2025-09-03T14:19:15","slug":"lamborghini-no-esta-dispuesta-a-detener-el-v12-mas-alla-de-2030","status":"publish","type":"post","link":"https:\/\/www.italpassion.fr\/es\/lamborghini\/lamborghini-nest-pas-pres-darreter-le-v12-au-dela-de-2030\/","title":{"rendered":"Lamborghini no va a renunciar al V12. \"M\u00e1s all\u00e1 de 2030"},"content":{"rendered":"<figure class=\"wp-block-image size-full\"><img loading=\"lazy\" decoding=\"async\" width=\"1200\" height=\"800\" src=\"https:\/\/www.italpassion.fr\/wp-content\/uploads\/2025\/08\/lamborghini-revuelto-v12-00.jpg\" alt=\"\" class=\"wp-image-41041\" srcset=\"https:\/\/www.italpassion.fr\/wp-content\/uploads\/2025\/08\/lamborghini-revuelto-v12-00.jpg 1200w, https:\/\/www.italpassion.fr\/wp-content\/uploads\/2025\/08\/lamborghini-revuelto-v12-00-420x280.jpg 420w, https:\/\/www.italpassion.fr\/wp-content\/uploads\/2025\/08\/lamborghini-revuelto-v12-00-768x512.jpg 768w, https:\/\/www.italpassion.fr\/wp-content\/uploads\/2025\/08\/lamborghini-revuelto-v12-00-18x12.jpg 18w\" sizes=\"auto, (max-width: 1200px) 100vw, 1200px\" \/><\/figure>\n\n\n\n<p>En <a href=\"https:\/\/www.italpassion.fr\/es\/lamborghini\/\">Lamborghini<\/a>Pero hay algunas cosas que no parecen cambiar. El dise\u00f1o anguloso, las puertas de \u00e9lite... y, sobre todo, el legendario motor V12. En un momento en el que el mundo del autom\u00f3vil se mueve hacia la reducci\u00f3n de tama\u00f1o y la electrificaci\u00f3n masiva, la marca de Sant'Agata Bolognese confirma que no tiene intenci\u00f3n de pasar p\u00e1gina a su icono mec\u00e1nico. Mejor a\u00fan, el V12 sobrevivir\u00e1 mucho m\u00e1s all\u00e1 de 2030.<\/p>\n\n\n\n<p>Matteo Ortenzi, Director de Gama de Producto de Lamborghini, lo dej\u00f3 claro en la presentaci\u00f3n de la \u00faltima creaci\u00f3n de la marca, <a href=\"https:\/\/www.italpassion.fr\/es\/lamborghini\/el-lamborghini-fenomeno-mas-potente-y-rapido-en-edicion-limitada\/\">la Fenomeno<\/a> El V12 es muy seguro en Lamborghini. El horizonte para nosotros va incluso m\u00e1s all\u00e1 de 2030. Es una firma para nosotros, nos encanta la capacidad de respuesta de este motor y no queremos cambiarlo.\"<\/p>\n\n\n\n<p>Una afirmaci\u00f3n contundente, especialmente en una \u00e9poca en la que incluso Ferrari ha tenido que hacer concesiones sustituyendo sus V8 por V6 h\u00edbridos. Lamborghini, un fabricante de tama\u00f1o modesto comparado con los gigantes de la industria automovil\u00edstica, tiene que hacer malabarismos con unas normas cada vez m\u00e1s estrictas. Pero el italiano ha encontrado una soluci\u00f3n: la hibridaci\u00f3n.<\/p>\n\n\n\n<figure class=\"wp-block-image size-full\"><img loading=\"lazy\" decoding=\"async\" width=\"1200\" height=\"800\" src=\"https:\/\/www.italpassion.fr\/wp-content\/uploads\/2025\/08\/lamborghini-v12-revuelto.jpg\" alt=\"\" class=\"wp-image-41040\" srcset=\"https:\/\/www.italpassion.fr\/wp-content\/uploads\/2025\/08\/lamborghini-v12-revuelto.jpg 1200w, https:\/\/www.italpassion.fr\/wp-content\/uploads\/2025\/08\/lamborghini-v12-revuelto-420x280.jpg 420w, https:\/\/www.italpassion.fr\/wp-content\/uploads\/2025\/08\/lamborghini-v12-revuelto-768x512.jpg 768w, https:\/\/www.italpassion.fr\/wp-content\/uploads\/2025\/08\/lamborghini-v12-revuelto-18x12.jpg 18w\" sizes=\"auto, (max-width: 1200px) 100vw, 1200px\" \/><\/figure>\n\n\n\n<p>La prueba est\u00e1 en el Revuelto, lanzado en 2023, y a\u00fan m\u00e1s recientemente en el Fenomeno, un \"pocos\" presentado durante la Monterey Car Week. Bajo su carrocer\u00eda de fibra de carbono, el Fenomeno esconde un motor V12 atmosf\u00e9rico de 6,5 litros, respaldado por tres motores el\u00e9ctricos para una potencia combinada de 1.065 CV. Todo ello es capaz de acelerar de 0 a 100 km\/h en 2,4 segundos y alcanzar velocidades superiores a 350 km\/h. Es un monstruo tecnol\u00f3gico que grita hasta a 9.500 rpm y tambi\u00e9n es capaz de circular casi en silencio en modo el\u00e9ctrico.<\/p>\n\n\n\n<p>Esta electrificaci\u00f3n no es una negaci\u00f3n, sino un salvavidas para preservar el car\u00e1cter del V12 frente a las normativas. Tenemos que ser realistas\", explica Ortenzi. Hay legislaciones diferentes en todo el mundo, como la del C6 en China. Necesitamos una soluci\u00f3n \u00fanica que funcione en todas partes\".<\/p>\n\n\n\n<p>En la pr\u00e1ctica, esto significa que Lamborghini no sigue la senda el\u00e9ctrica a toda velocidad. Aunque estaba previsto un primer modelo el\u00e9ctrico 100 % para 2028, seguido de un Urus el\u00e9ctrico en 2029, el CEO Stephan Winkelmann ya ha matizado estos planes: estos modelos <a href=\"https:\/\/www.italpassion.fr\/es\/lamborghini\/el-primer-lamborghini-electrico-podria-tener-por-fin-un-motor-de-gasolina-2\/\">podr\u00eda llegar finalmente en una versi\u00f3n h\u00edbrida enchufable en lugar de una versi\u00f3n pura de cero emisiones.<\/a>.<\/p>\n\n\n\n<p>El futuro de Lamborghini est\u00e1 claro: motores electrificados, s\u00ed, pero siempre asociados a propulsores nobles, de los que el V12 sigue siendo la joya. <\/p>\n\n\n\n<figure class=\"wp-block-embed is-type-video is-provider-youtube wp-block-embed-youtube wp-embed-aspect-9-16 wp-has-aspect-ratio\"><div class=\"wp-block-embed__wrapper\">\n<iframe loading=\"lazy\" title=\"Lamborghini Revuelto V12 sonido de escape : Gintani vs Novitec vs R1 Motorsport\" width=\"563\" height=\"1000\" src=\"https:\/\/www.youtube-nocookie.com\/embed\/9Vdil5D5U9k?feature=oembed\" frameborder=\"0\" allow=\"accelerometer; autoplay; clipboard-write; encrypted-media; gyroscope; picture-in-picture; web-share\" referrerpolicy=\"strict-origin-when-cross-origin\" allowfullscreen><\/iframe>\n<\/div><\/figure>","protected":false},"excerpt":{"rendered":"","protected":false},"author":1,"featured_media":41041,"comment_status":"open","ping_status":"open","sticky":false,"template":"","format":"standard","meta":{"_acf_changed":false,"_sitemap_exclude":false,"_sitemap_priority":"","_sitemap_frequency":"","footnotes":""},"categories":[25],"tags":[],"class_list":["post-40627","post","type-post","status-publish","format-standard","has-post-thumbnail","hentry","category-lamborghini","generate-columns","tablet-grid-50","mobile-grid-100","grid-parent","grid-33"],"acf":[],"yoast_head":"<!-- This site is optimized with the Yoast SEO plugin v25.8 - https:\/\/yoast.com\/wordpress\/plugins\/seo\/ -->\n<title>Lamborghini n&#039;est pas pr\u00e8s d&#039;arr\u00eater le V12 ! &quot;Au-del\u00e0 de 2030&quot; - ItalPassion<\/title>\n<meta name=\"description\" content=\"Chez Lamborghini, certaines choses semblent immuables. Le design anguleux, les portes en \u00e9lytre\u2026 et surtout, le mythique moteur V12. Alors que le monde\" \/>\n<meta name=\"robots\" content=\"index, follow, max-snippet:-1, max-image-preview:large, max-video-preview:-1\" \/>\n<link rel=\"canonical\" href=\"https:\/\/www.italpassion.fr\/es\/lamborghini\/lamborghini-no-esta-dispuesta-a-detener-el-v12-mas-alla-de-2030\/\" \/>\n<meta property=\"og:locale\" content=\"es_ES\" \/>\n<meta property=\"og:type\" content=\"article\" \/>\n<meta property=\"og:title\" content=\"Lamborghini n&#039;est pas pr\u00e8s d&#039;arr\u00eater le V12 ! &quot;Au-del\u00e0 de 2030&quot; - ItalPassion\" \/>\n<meta property=\"og:description\" content=\"Chez Lamborghini, certaines choses semblent immuables. Le design anguleux, les portes en \u00e9lytre\u2026 et surtout, le mythique moteur V12. Alors que le monde\" \/>\n<meta property=\"og:url\" content=\"https:\/\/www.italpassion.fr\/es\/lamborghini\/lamborghini-no-esta-dispuesta-a-detener-el-v12-mas-alla-de-2030\/\" \/>\n<meta property=\"og:site_name\" content=\"ItalPassion\" \/>\n<meta property=\"article:publisher\" content=\"https:\/\/www.facebook.com\/italpassion\" \/>\n<meta property=\"article:published_time\" content=\"2025-09-03T14:19:15+00:00\" \/>\n<meta property=\"og:image\" content=\"https:\/\/www.italpassion.fr\/wp-content\/uploads\/2025\/08\/lamborghini-revuelto-v12-00.jpg\" \/>\n\t<meta property=\"og:image:width\" content=\"1200\" \/>\n\t<meta property=\"og:image:height\" content=\"800\" \/>\n\t<meta property=\"og:image:type\" content=\"image\/jpeg\" \/>\n<meta name=\"author\" content=\"Alexandre Filluzeau\" \/>\n<meta name=\"twitter:card\" content=\"summary_large_image\" \/>\n<meta name=\"twitter:creator\" content=\"@italpassion\" \/>\n<meta name=\"twitter:site\" content=\"@italpassion\" \/>\n<script type=\"application\/ld+json\" class=\"yoast-schema-graph\">{\"@context\":\"https:\/\/schema.org\",\"@graph\":[{\"@type\":\"NewsArticle\",\"@id\":\"https:\/\/www.italpassion.fr\/es\/lamborghini\/lamborghini-nest-pas-pres-darreter-le-v12-au-dela-de-2030\/#article\",\"isPartOf\":{\"@id\":\"https:\/\/www.italpassion.fr\/es\/lamborghini\/lamborghini-nest-pas-pres-darreter-le-v12-au-dela-de-2030\/\"},\"author\":{\"name\":\"Alexandre Filluzeau\",\"@id\":\"https:\/\/www.italpassion.fr\/es\/#\/schema\/person\/36f747b2a759ca202d847e85a9434ca0\"},\"headline\":\"Lamborghini n&rsquo;est pas pr\u00e8s d&rsquo;arr\u00eater le V12 ! \u00ab\u00a0Au-del\u00e0 de 2030\u00a0\u00bb\",\"datePublished\":\"2025-09-03T14:19:15+00:00\",\"mainEntityOfPage\":{\"@id\":\"https:\/\/www.italpassion.fr\/es\/lamborghini\/lamborghini-nest-pas-pres-darreter-le-v12-au-dela-de-2030\/\"},\"wordCount\":452,\"commentCount\":0,\"publisher\":{\"@id\":\"https:\/\/www.italpassion.fr\/es\/#organization\"},\"image\":{\"@id\":\"https:\/\/www.italpassion.fr\/es\/lamborghini\/lamborghini-nest-pas-pres-darreter-le-v12-au-dela-de-2030\/#primaryimage\"},\"thumbnailUrl\":\"https:\/\/www.italpassion.fr\/wp-content\/uploads\/2025\/08\/lamborghini-revuelto-v12-00.jpg\",\"articleSection\":[\"Lamborghini\"],\"inLanguage\":\"es\",\"potentialAction\":[{\"@type\":\"CommentAction\",\"name\":\"Comment\",\"target\":[\"https:\/\/www.italpassion.fr\/es\/lamborghini\/lamborghini-nest-pas-pres-darreter-le-v12-au-dela-de-2030\/#respond\"]}]},{\"@type\":\"WebPage\",\"@id\":\"https:\/\/www.italpassion.fr\/es\/lamborghini\/lamborghini-nest-pas-pres-darreter-le-v12-au-dela-de-2030\/\",\"url\":\"https:\/\/www.italpassion.fr\/es\/lamborghini\/lamborghini-nest-pas-pres-darreter-le-v12-au-dela-de-2030\/\",\"name\":\"Lamborghini n'est pas pr\u00e8s d'arr\u00eater le V12 ! \\\"Au-del\u00e0 de 2030\\\" - ItalPassion\",\"isPartOf\":{\"@id\":\"https:\/\/www.italpassion.fr\/es\/#website\"},\"primaryImageOfPage\":{\"@id\":\"https:\/\/www.italpassion.fr\/es\/lamborghini\/lamborghini-nest-pas-pres-darreter-le-v12-au-dela-de-2030\/#primaryimage\"},\"image\":{\"@id\":\"https:\/\/www.italpassion.fr\/es\/lamborghini\/lamborghini-nest-pas-pres-darreter-le-v12-au-dela-de-2030\/#primaryimage\"},\"thumbnailUrl\":\"https:\/\/www.italpassion.fr\/wp-content\/uploads\/2025\/08\/lamborghini-revuelto-v12-00.jpg\",\"datePublished\":\"2025-09-03T14:19:15+00:00\",\"description\":\"Chez Lamborghini, certaines choses semblent immuables. Le design anguleux, les portes en \u00e9lytre\u2026 et surtout, le mythique moteur V12. Alors que le monde\",\"breadcrumb\":{\"@id\":\"https:\/\/www.italpassion.fr\/es\/lamborghini\/lamborghini-nest-pas-pres-darreter-le-v12-au-dela-de-2030\/#breadcrumb\"},\"inLanguage\":\"es\",\"potentialAction\":[{\"@type\":\"ReadAction\",\"target\":[\"https:\/\/www.italpassion.fr\/es\/lamborghini\/lamborghini-nest-pas-pres-darreter-le-v12-au-dela-de-2030\/\"]}]},{\"@type\":\"ImageObject\",\"inLanguage\":\"es\",\"@id\":\"https:\/\/www.italpassion.fr\/es\/lamborghini\/lamborghini-nest-pas-pres-darreter-le-v12-au-dela-de-2030\/#primaryimage\",\"url\":\"https:\/\/www.italpassion.fr\/wp-content\/uploads\/2025\/08\/lamborghini-revuelto-v12-00.jpg\",\"contentUrl\":\"https:\/\/www.italpassion.fr\/wp-content\/uploads\/2025\/08\/lamborghini-revuelto-v12-00.jpg\",\"width\":1200,\"height\":800},{\"@type\":\"BreadcrumbList\",\"@id\":\"https:\/\/www.italpassion.fr\/es\/lamborghini\/lamborghini-nest-pas-pres-darreter-le-v12-au-dela-de-2030\/#breadcrumb\",\"itemListElement\":[{\"@type\":\"ListItem\",\"position\":1,\"name\":\"Accueil\",\"item\":\"https:\/\/www.italpassion.fr\/es\/\"},{\"@type\":\"ListItem\",\"position\":2,\"name\":\"Lamborghini n&rsquo;est pas pr\u00e8s d&rsquo;arr\u00eater le V12 ! \u00ab\u00a0Au-del\u00e0 de 2030\u00a0\u00bb\"}]},{\"@type\":\"WebSite\",\"@id\":\"https:\/\/www.italpassion.fr\/es\/#website\",\"url\":\"https:\/\/www.italpassion.fr\/es\/\",\"name\":\"ItalPassion\",\"description\":\"Les Passionn\u00e9s d&#039;Automobiles Italiennes\",\"publisher\":{\"@id\":\"https:\/\/www.italpassion.fr\/es\/#organization\"},\"potentialAction\":[{\"@type\":\"SearchAction\",\"target\":{\"@type\":\"EntryPoint\",\"urlTemplate\":\"https:\/\/www.italpassion.fr\/es\/?s={search_term_string}\"},\"query-input\":{\"@type\":\"PropertyValueSpecification\",\"valueRequired\":true,\"valueName\":\"search_term_string\"}}],\"inLanguage\":\"es\"},{\"@type\":\"Organization\",\"@id\":\"https:\/\/www.italpassion.fr\/es\/#organization\",\"name\":\"Italpassion\",\"url\":\"https:\/\/www.italpassion.fr\/es\/\",\"logo\":{\"@type\":\"ImageObject\",\"inLanguage\":\"es\",\"@id\":\"https:\/\/www.italpassion.fr\/es\/#\/schema\/logo\/image\/\",\"url\":\"https:\/\/www.italpassion.fr\/wp-content\/uploads\/2023\/07\/italpassion-yoast.jpg\",\"contentUrl\":\"https:\/\/www.italpassion.fr\/wp-content\/uploads\/2023\/07\/italpassion-yoast.jpg\",\"width\":696,\"height\":696,\"caption\":\"Italpassion\"},\"image\":{\"@id\":\"https:\/\/www.italpassion.fr\/es\/#\/schema\/logo\/image\/\"},\"sameAs\":[\"https:\/\/www.facebook.com\/italpassion\",\"https:\/\/x.com\/italpassion\",\"https:\/\/www.instagram.com\/italpassionfr\/\",\"https:\/\/www.youtube.com\/channel\/UCleq-ByQaA42OjhopwevRjQ\",\"https:\/\/www.facebook.com\/italpassion.en\/\",\"https:\/\/www.facebook.com\/italpassion.it\/\",\"https:\/\/www.facebook.com\/italpassion.de\/\",\"https:\/\/www.facebook.com\/italpassion.ja\/\"]},{\"@type\":\"Person\",\"@id\":\"https:\/\/www.italpassion.fr\/es\/#\/schema\/person\/36f747b2a759ca202d847e85a9434ca0\",\"name\":\"Alexandre Filluzeau\",\"image\":{\"@type\":\"ImageObject\",\"inLanguage\":\"es\",\"@id\":\"https:\/\/www.italpassion.fr\/es\/#\/schema\/person\/image\/\",\"url\":\"https:\/\/www.italpassion.fr\/wp-content\/uploads\/2025\/04\/avatar-alexandre-160x160.jpg\",\"contentUrl\":\"https:\/\/www.italpassion.fr\/wp-content\/uploads\/2025\/04\/avatar-alexandre-160x160.jpg\",\"caption\":\"Alexandre Filluzeau\"},\"description\":\"Fondateur du site ItalPassion, passionn\u00e9 de voitures italiennes et de l'Italie en g\u00e9n\u00e9ral. J'apporte un regard critique et technique aux actualit\u00e9s des marques italiennes quand cela est possible. Propri\u00e9taire d'une Maserati GranTurismo, Alfa Romeo MiTo, Lancia Fulvia et Ducati 695. Ex-propri\u00e9taire d'une Alfa Romeo Giulia.\",\"sameAs\":[\"https:\/\/www.italpassion.fr\/\"],\"url\":\"https:\/\/www.italpassion.fr\/es\/author\/alexandre\/\"}]}<\/script>\n<!-- \/ Yoast SEO plugin. -->","yoast_head_json":{"title":"\u00a1Lamborghini no va a detener el V12! \" M\u00e1s all\u00e1 de 2030 - ItalPassion","description":"En Lamborghini, ciertas cosas parecen inmutables. El dise\u00f1o anguloso, las puertas de \u00e9litro... y, sobre todo, el legendario motor V12. Mientras el mundo","robots":{"index":"index","follow":"follow","max-snippet":"max-snippet:-1","max-image-preview":"max-image-preview:large","max-video-preview":"max-video-preview:-1"},"canonical":"https:\/\/www.italpassion.fr\/es\/lamborghini\/lamborghini-no-esta-dispuesta-a-detener-el-v12-mas-alla-de-2030\/","og_locale":"es_ES","og_type":"article","og_title":"Lamborghini n'est pas pr\u00e8s d'arr\u00eater le V12 ! \"Au-del\u00e0 de 2030\" - ItalPassion","og_description":"Chez Lamborghini, certaines choses semblent immuables. Le design anguleux, les portes en \u00e9lytre\u2026 et surtout, le mythique moteur V12. Alors que le monde","og_url":"https:\/\/www.italpassion.fr\/es\/lamborghini\/lamborghini-no-esta-dispuesta-a-detener-el-v12-mas-alla-de-2030\/","og_site_name":"ItalPassion","article_publisher":"https:\/\/www.facebook.com\/italpassion","article_published_time":"2025-09-03T14:19:15+00:00","og_image":[{"width":1200,"height":800,"url":"https:\/\/www.italpassion.fr\/wp-content\/uploads\/2025\/08\/lamborghini-revuelto-v12-00.jpg","type":"image\/jpeg"}],"author":"Alexandre Filluzeau","twitter_card":"summary_large_image","twitter_creator":"@italpassion","twitter_site":"@italpassion","schema":{"@context":"https:\/\/schema.org","@graph":[{"@type":"NewsArticle","@id":"https:\/\/www.italpassion.fr\/es\/lamborghini\/lamborghini-nest-pas-pres-darreter-le-v12-au-dela-de-2030\/#article","isPartOf":{"@id":"https:\/\/www.italpassion.fr\/es\/lamborghini\/lamborghini-nest-pas-pres-darreter-le-v12-au-dela-de-2030\/"},"author":{"name":"Alexandre Filluzeau","@id":"https:\/\/www.italpassion.fr\/es\/#\/schema\/person\/36f747b2a759ca202d847e85a9434ca0"},"headline":"Lamborghini n&rsquo;est pas pr\u00e8s d&rsquo;arr\u00eater le V12 ! \u00ab\u00a0Au-del\u00e0 de 2030\u00a0\u00bb","datePublished":"2025-09-03T14:19:15+00:00","mainEntityOfPage":{"@id":"https:\/\/www.italpassion.fr\/es\/lamborghini\/lamborghini-nest-pas-pres-darreter-le-v12-au-dela-de-2030\/"},"wordCount":452,"commentCount":0,"publisher":{"@id":"https:\/\/www.italpassion.fr\/es\/#organization"},"image":{"@id":"https:\/\/www.italpassion.fr\/es\/lamborghini\/lamborghini-nest-pas-pres-darreter-le-v12-au-dela-de-2030\/#primaryimage"},"thumbnailUrl":"https:\/\/www.italpassion.fr\/wp-content\/uploads\/2025\/08\/lamborghini-revuelto-v12-00.jpg","articleSection":["Lamborghini"],"inLanguage":"es","potentialAction":[{"@type":"CommentAction","name":"Comment","target":["https:\/\/www.italpassion.fr\/es\/lamborghini\/lamborghini-nest-pas-pres-darreter-le-v12-au-dela-de-2030\/#respond"]}]},{"@type":"WebPage","@id":"https:\/\/www.italpassion.fr\/es\/lamborghini\/lamborghini-nest-pas-pres-darreter-le-v12-au-dela-de-2030\/","url":"https:\/\/www.italpassion.fr\/es\/lamborghini\/lamborghini-nest-pas-pres-darreter-le-v12-au-dela-de-2030\/","name":"\u00a1Lamborghini no va a detener el V12! \" M\u00e1s all\u00e1 de 2030 - ItalPassion","isPartOf":{"@id":"https:\/\/www.italpassion.fr\/es\/#website"},"primaryImageOfPage":{"@id":"https:\/\/www.italpassion.fr\/es\/lamborghini\/lamborghini-nest-pas-pres-darreter-le-v12-au-dela-de-2030\/#primaryimage"},"image":{"@id":"https:\/\/www.italpassion.fr\/es\/lamborghini\/lamborghini-nest-pas-pres-darreter-le-v12-au-dela-de-2030\/#primaryimage"},"thumbnailUrl":"https:\/\/www.italpassion.fr\/wp-content\/uploads\/2025\/08\/lamborghini-revuelto-v12-00.jpg","datePublished":"2025-09-03T14:19:15+00:00","description":"En Lamborghini, ciertas cosas parecen inmutables. El dise\u00f1o anguloso, las puertas de \u00e9litro... y, sobre todo, el legendario motor V12. Mientras el mundo","breadcrumb":{"@id":"https:\/\/www.italpassion.fr\/es\/lamborghini\/lamborghini-nest-pas-pres-darreter-le-v12-au-dela-de-2030\/#breadcrumb"},"inLanguage":"es","potentialAction":[{"@type":"ReadAction","target":["https:\/\/www.italpassion.fr\/es\/lamborghini\/lamborghini-nest-pas-pres-darreter-le-v12-au-dela-de-2030\/"]}]},{"@type":"ImageObject","inLanguage":"es","@id":"https:\/\/www.italpassion.fr\/es\/lamborghini\/lamborghini-nest-pas-pres-darreter-le-v12-au-dela-de-2030\/#primaryimage","url":"https:\/\/www.italpassion.fr\/wp-content\/uploads\/2025\/08\/lamborghini-revuelto-v12-00.jpg","contentUrl":"https:\/\/www.italpassion.fr\/wp-content\/uploads\/2025\/08\/lamborghini-revuelto-v12-00.jpg","width":1200,"height":800},{"@type":"BreadcrumbList","@id":"https:\/\/www.italpassion.fr\/es\/lamborghini\/lamborghini-nest-pas-pres-darreter-le-v12-au-dela-de-2030\/#breadcrumb","itemListElement":[{"@type":"ListItem","position":1,"name":"Accueil","item":"https:\/\/www.italpassion.fr\/es\/"},{"@type":"ListItem","position":2,"name":"Lamborghini n&rsquo;est pas pr\u00e8s d&rsquo;arr\u00eater le V12 ! \u00ab\u00a0Au-del\u00e0 de 2030\u00a0\u00bb"}]},{"@type":"WebSite","@id":"https:\/\/www.italpassion.fr\/es\/#website","url":"https:\/\/www.italpassion.fr\/es\/","name":"ItalPassion","description":"Entusiastas de los coches italianos","publisher":{"@id":"https:\/\/www.italpassion.fr\/es\/#organization"},"potentialAction":[{"@type":"SearchAction","target":{"@type":"EntryPoint","urlTemplate":"https:\/\/www.italpassion.fr\/es\/?s={search_term_string}"},"query-input":{"@type":"PropertyValueSpecification","valueRequired":true,"valueName":"search_term_string"}}],"inLanguage":"es"},{"@type":"Organization","@id":"https:\/\/www.italpassion.fr\/es\/#organization","name":"Italpassion","url":"https:\/\/www.italpassion.fr\/es\/","logo":{"@type":"ImageObject","inLanguage":"es","@id":"https:\/\/www.italpassion.fr\/es\/#\/schema\/logo\/image\/","url":"https:\/\/www.italpassion.fr\/wp-content\/uploads\/2023\/07\/italpassion-yoast.jpg","contentUrl":"https:\/\/www.italpassion.fr\/wp-content\/uploads\/2023\/07\/italpassion-yoast.jpg","width":696,"height":696,"caption":"Italpassion"},"image":{"@id":"https:\/\/www.italpassion.fr\/es\/#\/schema\/logo\/image\/"},"sameAs":["https:\/\/www.facebook.com\/italpassion","https:\/\/x.com\/italpassion","https:\/\/www.instagram.com\/italpassionfr\/","https:\/\/www.youtube.com\/channel\/UCleq-ByQaA42OjhopwevRjQ","https:\/\/www.facebook.com\/italpassion.en\/","https:\/\/www.facebook.com\/italpassion.it\/","https:\/\/www.facebook.com\/italpassion.de\/","https:\/\/www.facebook.com\/italpassion.ja\/"]},{"@type":"Person","@id":"https:\/\/www.italpassion.fr\/es\/#\/schema\/person\/36f747b2a759ca202d847e85a9434ca0","name":"Alexandre Filluzeau","image":{"@type":"ImageObject","inLanguage":"es","@id":"https:\/\/www.italpassion.fr\/es\/#\/schema\/person\/image\/","url":"https:\/\/www.italpassion.fr\/wp-content\/uploads\/2025\/04\/avatar-alexandre-160x160.jpg","contentUrl":"https:\/\/www.italpassion.fr\/wp-content\/uploads\/2025\/04\/avatar-alexandre-160x160.jpg","caption":"Alexandre Filluzeau"},"description":"Fundador del sitio web ItalPassion, apasionado de los coches italianos y de Italia en general. Aporto una mirada cr\u00edtica y t\u00e9cnica a las noticias de las marcas italianas cuando es posible. Propietario de un Maserati GranTurismo, Alfa Romeo MiTo, Lancia Fulvia y Ducati 695. Ex-propietario de un Alfa Romeo Giulia.","sameAs":["https:\/\/www.italpassion.fr\/"],"url":"https:\/\/www.italpassion.fr\/es\/author\/alexandre\/"}]}},"_links":{"self":[{"href":"https:\/\/www.italpassion.fr\/es\/wp-json\/wp\/v2\/posts\/40627","targetHints":{"allow":["GET"]}}],"collection":[{"href":"https:\/\/www.italpassion.fr\/es\/wp-json\/wp\/v2\/posts"}],"about":[{"href":"https:\/\/www.italpassion.fr\/es\/wp-json\/wp\/v2\/types\/post"}],"author":[{"embeddable":true,"href":"https:\/\/www.italpassion.fr\/es\/wp-json\/wp\/v2\/users\/1"}],"replies":[{"embeddable":true,"href":"https:\/\/www.italpassion.fr\/es\/wp-json\/wp\/v2\/comments?post=40627"}],"version-history":[{"count":2,"href":"https:\/\/www.italpassion.fr\/es\/wp-json\/wp\/v2\/posts\/40627\/revisions"}],"predecessor-version":[{"id":41042,"href":"https:\/\/www.italpassion.fr\/es\/wp-json\/wp\/v2\/posts\/40627\/revisions\/41042"}],"wp:featuredmedia":[{"embeddable":true,"href":"https:\/\/www.italpassion.fr\/es\/wp-json\/wp\/v2\/media\/41041"}],"wp:attachment":[{"href":"https:\/\/www.italpassion.fr\/es\/wp-json\/wp\/v2\/media?parent=40627"}],"wp:term":[{"taxonomy":"category","embeddable":true,"href":"https:\/\/www.italpassion.fr\/es\/wp-json\/wp\/v2\/categories?post=40627"},{"taxonomy":"post_tag","embeddable":true,"href":"https:\/\/www.italpassion.fr\/es\/wp-json\/wp\/v2\/tags?post=40627"}],"curies":[{"name":"wp","href":"https:\/\/api.w.org\/{rel}","templated":true}]}}