{"id":40536,"date":"2025-08-15T08:19:03","date_gmt":"2025-08-15T06:19:03","guid":{"rendered":"https:\/\/www.italpassion.fr\/?p=40536"},"modified":"2025-08-14T17:32:42","modified_gmt":"2025-08-14T15:32:42","slug":"sonus-faber-y-lamborghini-presentan-la-edicion-limitada-de-los-altavoces-cremonese-ex3me-al-precio-de-un-coche-de-lujo","status":"publish","type":"post","link":"https:\/\/www.italpassion.fr\/es\/lamborghini\/sonus-faber-et-lamborghini-devoilent-des-enceintes-cremonese-ex3me-en-edition-limitee-et-au-prix-dune-voiture-de-luxe\/","title":{"rendered":"Sonus Faber y Lamborghini presentan la edici\u00f3n limitada de los altavoces 'Cremonese Ex3me'... \u00a1al precio de un coche de lujo!"},"content":{"rendered":"<figure class=\"wp-block-image size-full\"><img loading=\"lazy\" decoding=\"async\" width=\"1200\" height=\"800\" src=\"https:\/\/www.italpassion.fr\/wp-content\/uploads\/2025\/08\/lamborghini-sonus-faber-2.jpg\" alt=\"\" class=\"wp-image-40537\" srcset=\"https:\/\/www.italpassion.fr\/wp-content\/uploads\/2025\/08\/lamborghini-sonus-faber-2.jpg 1200w, https:\/\/www.italpassion.fr\/wp-content\/uploads\/2025\/08\/lamborghini-sonus-faber-2-420x280.jpg 420w, https:\/\/www.italpassion.fr\/wp-content\/uploads\/2025\/08\/lamborghini-sonus-faber-2-768x512.jpg 768w, https:\/\/www.italpassion.fr\/wp-content\/uploads\/2025\/08\/lamborghini-sonus-faber-2-18x12.jpg 18w\" sizes=\"auto, (max-width: 1200px) 100vw, 1200px\" \/><\/figure>\n\n\n\n<p>Italia sabe c\u00f3mo emocionar. En la carretera, con el rugido de un Lamborghini V12. En casa, con los altavoces Sonus faber. Esta vez, los dos iconos italianos han combinado sus conocimientos para crear algo tan exclusivo como deseable: \"Cremonese Ex3me - Automobili Lamborghini Edition\", un par de altavoces con un dise\u00f1o demoledor... y el precio de un deportivo.<\/p>\n\n\n\n<h2 class=\"wp-block-heading\">El matrimonio del sonido y la velocidad<\/h2>\n\n\n\n<p>Sonus faber es conocida desde los a\u00f1os 80 por sus altavoces artesanales, apreciados por los aficionados a la alta fidelidad m\u00e1s exigentes, y ya ha colaborado con Lamborghini, en particular en el superdeportivo Revuelto. Pero aqu\u00ed ya no se trata de equipar un habit\u00e1culo: el objetivo es transformar su sal\u00f3n en una sala de conciertos... con un toque Lamborghini.<\/p>\n\n\n\n<figure class=\"wp-block-image size-full\"><img loading=\"lazy\" decoding=\"async\" width=\"1200\" height=\"800\" src=\"https:\/\/www.italpassion.fr\/wp-content\/uploads\/2025\/08\/lamborgini-sonus-faber.jpg\" alt=\"\" class=\"wp-image-40538\" srcset=\"https:\/\/www.italpassion.fr\/wp-content\/uploads\/2025\/08\/lamborgini-sonus-faber.jpg 1200w, https:\/\/www.italpassion.fr\/wp-content\/uploads\/2025\/08\/lamborgini-sonus-faber-420x280.jpg 420w, https:\/\/www.italpassion.fr\/wp-content\/uploads\/2025\/08\/lamborgini-sonus-faber-768x512.jpg 768w, https:\/\/www.italpassion.fr\/wp-content\/uploads\/2025\/08\/lamborgini-sonus-faber-18x12.jpg 18w\" sizes=\"auto, (max-width: 1200px) 100vw, 1200px\" \/><\/figure>\n\n\n\n<p>Limitada a 50 pares numerados, esta edici\u00f3n especial toma la base t\u00e9cnica del modelo Ex3me, revisada y mejorada para la ocasi\u00f3n. El dise\u00f1o recuerda a un superdeportivo, con una caja angular de cinco lados, acabados Corsa-Tex\u00ae by Dinamica, inserciones de fibra de carbono y el emblem\u00e1tico escudo de Lamborghini.<\/p>\n\n\n\n<h2 class=\"wp-block-heading\">Un concentrado de tecnolog\u00eda audi\u00f3fila<\/h2>\n\n\n\n<p>Bajo sus elegantes l\u00edneas, cada altavoz esconde un arsenal ac\u00fastico excepcional:<\/p>\n\n\n\n<ul class=\"wp-block-list\">\n<li>Tweeter con diafragma de berilio<\/li>\n\n\n\n<li>Transductor de medios de 180 mm<\/li>\n\n\n\n<li>Dos woofers de 180 mm<\/li>\n\n\n\n<li>Infrawoofers laterales reforzados con fibra de carbono<\/li>\n\n\n\n<li>Nuevo filtro Paracross Topology, ajustado por los ingenieros de Sonus faber para una reproducci\u00f3n \u00f3ptima<\/li>\n<\/ul>\n\n\n\n<p>El resultado es un sonido de precisi\u00f3n quir\u00fargica, en el que cada instrumento encuentra su lugar con una claridad casi real.<\/p>\n\n\n\n<h2 class=\"wp-block-heading\">Cinco colores, todos de la paleta Lamborghini<\/h2>\n\n\n\n<p>Los compradores podr\u00e1n adaptar su sistema de audio a su garaje o a su gusto personal gracias a cinco colores legendarios:<\/p>\n\n\n\n<ul class=\"wp-block-list\">\n<li>Giallo Countach (amarillo)<\/li>\n\n\n\n<li>Arancio Egon (naranja)<\/li>\n\n\n\n<li>Blu Marinus Matte (azul mate)<\/li>\n\n\n\n<li>Verde Mercurius (verde)<\/li>\n\n\n\n<li>Nero Nemesis Matte (negro mate)<\/li>\n<\/ul>\n\n\n\n<h2 class=\"wp-block-heading\">Una primicia en Monterrey... y un premio que hace girar cabezas<\/h2>\n\n\n\n<p>El \"Cremonese Ex3me - Automobili Lamborghini Edition\" se presentar\u00e1 en primicia mundial durante la Monterey Car Week en la Villa Lamborghini de Pebble Beach, California. Y aunque a\u00fan no se ha anunciado el precio oficial, las estimaciones rondan los 130.000 d\u00f3lares el par.<\/p>\n\n\n\n<p>Como resume Christian Mastro, Director de Marketing de Automobili Lamborghini:<\/p>\n\n\n\n<blockquote class=\"wp-block-quote is-layout-flow wp-block-quote-is-layout-flow\"><svg aria-hidden=\"true\" focusable=\"false\" class=\"icon icon-quote\" width=\"48\" height=\"48\"><use xlink:href=\"#icon-quote\"><\/use><\/svg>\n<p>\"Esta colaboraci\u00f3n representa la uni\u00f3n perfecta de dos iconos italianos. El resultado es una experiencia ac\u00fastica sin concesiones que refleja nuestra herencia cultural y nuestra incesante b\u00fasqueda de la perfecci\u00f3n\".<\/p>\n<\/blockquote>\n\n\n\n<p>Estos altavoces son un homenaje al Made in Italy por su dise\u00f1o y sus prestaciones sonoras. Queda por ver si har\u00e1n que tu coraz\u00f3n lata m\u00e1s r\u00e1pido que el sonido de un motor V12 al arrancar.<\/p>\n\n\n\n<figure class=\"wp-block-embed is-type-video is-provider-youtube wp-block-embed-youtube wp-embed-aspect-16-9 wp-has-aspect-ratio\"><div class=\"wp-block-embed__wrapper\">\n<iframe loading=\"lazy\" title=\"Lamborghini X Sonus Faber\" width=\"1200\" height=\"675\" src=\"https:\/\/www.youtube-nocookie.com\/embed\/KQ7bbpTzi6U?feature=oembed\" frameborder=\"0\" allow=\"accelerometer; autoplay; clipboard-write; encrypted-media; gyroscope; picture-in-picture; web-share\" referrerpolicy=\"strict-origin-when-cross-origin\" allowfullscreen><\/iframe>\n<\/div><\/figure>","protected":false},"excerpt":{"rendered":"","protected":false},"author":1,"featured_media":40537,"comment_status":"open","ping_status":"open","sticky":false,"template":"","format":"standard","meta":{"_acf_changed":false,"_sitemap_exclude":false,"_sitemap_priority":"","_sitemap_frequency":"","footnotes":""},"categories":[25],"tags":[536],"class_list":["post-40536","post","type-post","status-publish","format-standard","has-post-thumbnail","hentry","category-lamborghini","tag-sonus-faber","generate-columns","tablet-grid-50","mobile-grid-100","grid-parent","grid-33"],"acf":[],"yoast_head":"<!-- This site is optimized with the Yoast SEO plugin v25.8 - https:\/\/yoast.com\/wordpress\/plugins\/seo\/ -->\n<title>Sonus Faber et Lamborghini d\u00e9voilent des enceintes &quot;Cremonese Ex3me&quot; en \u00e9dition limit\u00e9e... et au prix d&#039;une voiture de luxe ! - ItalPassion<\/title>\n<meta name=\"description\" content=\"L\u2019Italie sait faire vibrer ! Sur la route, avec les rugissements d\u2019un V12 Lamborghini. \u00c0 la maison, avec les enceintes Sonus faber. Cette fois, les deux\" \/>\n<meta name=\"robots\" content=\"index, follow, max-snippet:-1, max-image-preview:large, max-video-preview:-1\" \/>\n<link rel=\"canonical\" href=\"https:\/\/www.italpassion.fr\/es\/lamborghini\/sonus-faber-y-lamborghini-presentan-la-edicion-limitada-de-los-altavoces-cremonese-ex3me-al-precio-de-un-coche-de-lujo\/\" \/>\n<meta property=\"og:locale\" content=\"es_ES\" \/>\n<meta property=\"og:type\" content=\"article\" \/>\n<meta property=\"og:title\" content=\"Sonus Faber et Lamborghini d\u00e9voilent des enceintes &quot;Cremonese Ex3me&quot; en \u00e9dition limit\u00e9e... et au prix d&#039;une voiture de luxe ! - ItalPassion\" \/>\n<meta property=\"og:description\" content=\"L\u2019Italie sait faire vibrer ! Sur la route, avec les rugissements d\u2019un V12 Lamborghini. \u00c0 la maison, avec les enceintes Sonus faber. Cette fois, les deux\" \/>\n<meta property=\"og:url\" content=\"https:\/\/www.italpassion.fr\/es\/lamborghini\/sonus-faber-y-lamborghini-presentan-la-edicion-limitada-de-los-altavoces-cremonese-ex3me-al-precio-de-un-coche-de-lujo\/\" \/>\n<meta property=\"og:site_name\" content=\"ItalPassion\" \/>\n<meta property=\"article:publisher\" content=\"https:\/\/www.facebook.com\/italpassion\" \/>\n<meta property=\"article:published_time\" content=\"2025-08-15T06:19:03+00:00\" \/>\n<meta property=\"og:image\" content=\"https:\/\/www.italpassion.fr\/wp-content\/uploads\/2025\/08\/lamborghini-sonus-faber-2.jpg\" \/>\n\t<meta property=\"og:image:width\" content=\"1200\" \/>\n\t<meta property=\"og:image:height\" content=\"800\" \/>\n\t<meta property=\"og:image:type\" content=\"image\/jpeg\" \/>\n<meta name=\"author\" content=\"Alexandre Filluzeau\" \/>\n<meta name=\"twitter:card\" content=\"summary_large_image\" \/>\n<meta name=\"twitter:creator\" content=\"@italpassion\" \/>\n<meta name=\"twitter:site\" content=\"@italpassion\" \/>\n<script type=\"application\/ld+json\" class=\"yoast-schema-graph\">{\"@context\":\"https:\/\/schema.org\",\"@graph\":[{\"@type\":\"NewsArticle\",\"@id\":\"https:\/\/www.italpassion.fr\/es\/lamborghini\/sonus-faber-et-lamborghini-devoilent-des-enceintes-cremonese-ex3me-en-edition-limitee-et-au-prix-dune-voiture-de-luxe\/#article\",\"isPartOf\":{\"@id\":\"https:\/\/www.italpassion.fr\/es\/lamborghini\/sonus-faber-et-lamborghini-devoilent-des-enceintes-cremonese-ex3me-en-edition-limitee-et-au-prix-dune-voiture-de-luxe\/\"},\"author\":{\"name\":\"Alexandre Filluzeau\",\"@id\":\"https:\/\/www.italpassion.fr\/es\/#\/schema\/person\/36f747b2a759ca202d847e85a9434ca0\"},\"headline\":\"Sonus Faber et Lamborghini d\u00e9voilent des enceintes \u00ab\u00a0Cremonese Ex3me\u00a0\u00bb en \u00e9dition limit\u00e9e&#8230; et au prix d&rsquo;une voiture de luxe !\",\"datePublished\":\"2025-08-15T06:19:03+00:00\",\"mainEntityOfPage\":{\"@id\":\"https:\/\/www.italpassion.fr\/es\/lamborghini\/sonus-faber-et-lamborghini-devoilent-des-enceintes-cremonese-ex3me-en-edition-limitee-et-au-prix-dune-voiture-de-luxe\/\"},\"wordCount\":481,\"commentCount\":0,\"publisher\":{\"@id\":\"https:\/\/www.italpassion.fr\/es\/#organization\"},\"image\":{\"@id\":\"https:\/\/www.italpassion.fr\/es\/lamborghini\/sonus-faber-et-lamborghini-devoilent-des-enceintes-cremonese-ex3me-en-edition-limitee-et-au-prix-dune-voiture-de-luxe\/#primaryimage\"},\"thumbnailUrl\":\"https:\/\/www.italpassion.fr\/wp-content\/uploads\/2025\/08\/lamborghini-sonus-faber-2.jpg\",\"keywords\":[\"Sonus Faber\"],\"articleSection\":[\"Lamborghini\"],\"inLanguage\":\"es\",\"potentialAction\":[{\"@type\":\"CommentAction\",\"name\":\"Comment\",\"target\":[\"https:\/\/www.italpassion.fr\/es\/lamborghini\/sonus-faber-et-lamborghini-devoilent-des-enceintes-cremonese-ex3me-en-edition-limitee-et-au-prix-dune-voiture-de-luxe\/#respond\"]}]},{\"@type\":\"WebPage\",\"@id\":\"https:\/\/www.italpassion.fr\/es\/lamborghini\/sonus-faber-et-lamborghini-devoilent-des-enceintes-cremonese-ex3me-en-edition-limitee-et-au-prix-dune-voiture-de-luxe\/\",\"url\":\"https:\/\/www.italpassion.fr\/es\/lamborghini\/sonus-faber-et-lamborghini-devoilent-des-enceintes-cremonese-ex3me-en-edition-limitee-et-au-prix-dune-voiture-de-luxe\/\",\"name\":\"Sonus Faber et Lamborghini d\u00e9voilent des enceintes \\\"Cremonese Ex3me\\\" en \u00e9dition limit\u00e9e... et au prix d'une voiture de luxe ! - ItalPassion\",\"isPartOf\":{\"@id\":\"https:\/\/www.italpassion.fr\/es\/#website\"},\"primaryImageOfPage\":{\"@id\":\"https:\/\/www.italpassion.fr\/es\/lamborghini\/sonus-faber-et-lamborghini-devoilent-des-enceintes-cremonese-ex3me-en-edition-limitee-et-au-prix-dune-voiture-de-luxe\/#primaryimage\"},\"image\":{\"@id\":\"https:\/\/www.italpassion.fr\/es\/lamborghini\/sonus-faber-et-lamborghini-devoilent-des-enceintes-cremonese-ex3me-en-edition-limitee-et-au-prix-dune-voiture-de-luxe\/#primaryimage\"},\"thumbnailUrl\":\"https:\/\/www.italpassion.fr\/wp-content\/uploads\/2025\/08\/lamborghini-sonus-faber-2.jpg\",\"datePublished\":\"2025-08-15T06:19:03+00:00\",\"description\":\"L\u2019Italie sait faire vibrer ! Sur la route, avec les rugissements d\u2019un V12 Lamborghini. \u00c0 la maison, avec les enceintes Sonus faber. Cette fois, les deux\",\"breadcrumb\":{\"@id\":\"https:\/\/www.italpassion.fr\/es\/lamborghini\/sonus-faber-et-lamborghini-devoilent-des-enceintes-cremonese-ex3me-en-edition-limitee-et-au-prix-dune-voiture-de-luxe\/#breadcrumb\"},\"inLanguage\":\"es\",\"potentialAction\":[{\"@type\":\"ReadAction\",\"target\":[\"https:\/\/www.italpassion.fr\/es\/lamborghini\/sonus-faber-et-lamborghini-devoilent-des-enceintes-cremonese-ex3me-en-edition-limitee-et-au-prix-dune-voiture-de-luxe\/\"]}]},{\"@type\":\"ImageObject\",\"inLanguage\":\"es\",\"@id\":\"https:\/\/www.italpassion.fr\/es\/lamborghini\/sonus-faber-et-lamborghini-devoilent-des-enceintes-cremonese-ex3me-en-edition-limitee-et-au-prix-dune-voiture-de-luxe\/#primaryimage\",\"url\":\"https:\/\/www.italpassion.fr\/wp-content\/uploads\/2025\/08\/lamborghini-sonus-faber-2.jpg\",\"contentUrl\":\"https:\/\/www.italpassion.fr\/wp-content\/uploads\/2025\/08\/lamborghini-sonus-faber-2.jpg\",\"width\":1200,\"height\":800},{\"@type\":\"BreadcrumbList\",\"@id\":\"https:\/\/www.italpassion.fr\/es\/lamborghini\/sonus-faber-et-lamborghini-devoilent-des-enceintes-cremonese-ex3me-en-edition-limitee-et-au-prix-dune-voiture-de-luxe\/#breadcrumb\",\"itemListElement\":[{\"@type\":\"ListItem\",\"position\":1,\"name\":\"Accueil\",\"item\":\"https:\/\/www.italpassion.fr\/es\/\"},{\"@type\":\"ListItem\",\"position\":2,\"name\":\"Sonus Faber et Lamborghini d\u00e9voilent des enceintes \u00ab\u00a0Cremonese Ex3me\u00a0\u00bb en \u00e9dition limit\u00e9e&#8230; et au prix d&rsquo;une voiture de luxe !\"}]},{\"@type\":\"WebSite\",\"@id\":\"https:\/\/www.italpassion.fr\/es\/#website\",\"url\":\"https:\/\/www.italpassion.fr\/es\/\",\"name\":\"ItalPassion\",\"description\":\"Les Passionn\u00e9s d&#039;Automobiles Italiennes\",\"publisher\":{\"@id\":\"https:\/\/www.italpassion.fr\/es\/#organization\"},\"potentialAction\":[{\"@type\":\"SearchAction\",\"target\":{\"@type\":\"EntryPoint\",\"urlTemplate\":\"https:\/\/www.italpassion.fr\/es\/?s={search_term_string}\"},\"query-input\":{\"@type\":\"PropertyValueSpecification\",\"valueRequired\":true,\"valueName\":\"search_term_string\"}}],\"inLanguage\":\"es\"},{\"@type\":\"Organization\",\"@id\":\"https:\/\/www.italpassion.fr\/es\/#organization\",\"name\":\"Italpassion\",\"url\":\"https:\/\/www.italpassion.fr\/es\/\",\"logo\":{\"@type\":\"ImageObject\",\"inLanguage\":\"es\",\"@id\":\"https:\/\/www.italpassion.fr\/es\/#\/schema\/logo\/image\/\",\"url\":\"https:\/\/www.italpassion.fr\/wp-content\/uploads\/2023\/07\/italpassion-yoast.jpg\",\"contentUrl\":\"https:\/\/www.italpassion.fr\/wp-content\/uploads\/2023\/07\/italpassion-yoast.jpg\",\"width\":696,\"height\":696,\"caption\":\"Italpassion\"},\"image\":{\"@id\":\"https:\/\/www.italpassion.fr\/es\/#\/schema\/logo\/image\/\"},\"sameAs\":[\"https:\/\/www.facebook.com\/italpassion\",\"https:\/\/x.com\/italpassion\",\"https:\/\/www.instagram.com\/italpassionfr\/\",\"https:\/\/www.youtube.com\/channel\/UCleq-ByQaA42OjhopwevRjQ\",\"https:\/\/www.facebook.com\/italpassion.en\/\",\"https:\/\/www.facebook.com\/italpassion.it\/\",\"https:\/\/www.facebook.com\/italpassion.de\/\",\"https:\/\/www.facebook.com\/italpassion.ja\/\"]},{\"@type\":\"Person\",\"@id\":\"https:\/\/www.italpassion.fr\/es\/#\/schema\/person\/36f747b2a759ca202d847e85a9434ca0\",\"name\":\"Alexandre Filluzeau\",\"image\":{\"@type\":\"ImageObject\",\"inLanguage\":\"es\",\"@id\":\"https:\/\/www.italpassion.fr\/es\/#\/schema\/person\/image\/\",\"url\":\"https:\/\/www.italpassion.fr\/wp-content\/uploads\/2025\/04\/avatar-alexandre-160x160.jpg\",\"contentUrl\":\"https:\/\/www.italpassion.fr\/wp-content\/uploads\/2025\/04\/avatar-alexandre-160x160.jpg\",\"caption\":\"Alexandre Filluzeau\"},\"description\":\"Fondateur du site ItalPassion, passionn\u00e9 de voitures italiennes et de l'Italie en g\u00e9n\u00e9ral. J'apporte un regard critique et technique aux actualit\u00e9s des marques italiennes quand cela est possible. Propri\u00e9taire d'une Maserati GranTurismo, Alfa Romeo MiTo, Lancia Fulvia et Ducati 695. Ex-propri\u00e9taire d'une Alfa Romeo Giulia.\",\"sameAs\":[\"https:\/\/www.italpassion.fr\/\"],\"url\":\"https:\/\/www.italpassion.fr\/es\/author\/alexandre\/\"}]}<\/script>\n<!-- \/ Yoast SEO plugin. -->","yoast_head_json":{"title":"Sonus Faber y Lamborghini presentan la edici\u00f3n limitada de altavoces \"Cremonese Ex3me\"... \u00a1al precio de un coche de lujo! - ItalPassion","description":"Italia sabe c\u00f3mo emocionar. En la carretera, con el rugido de un Lamborghini V12. En casa, con los altavoces Sonus faber. Esta vez, ambos","robots":{"index":"index","follow":"follow","max-snippet":"max-snippet:-1","max-image-preview":"max-image-preview:large","max-video-preview":"max-video-preview:-1"},"canonical":"https:\/\/www.italpassion.fr\/es\/lamborghini\/sonus-faber-y-lamborghini-presentan-la-edicion-limitada-de-los-altavoces-cremonese-ex3me-al-precio-de-un-coche-de-lujo\/","og_locale":"es_ES","og_type":"article","og_title":"Sonus Faber et Lamborghini d\u00e9voilent des enceintes \"Cremonese Ex3me\" en \u00e9dition limit\u00e9e... et au prix d'une voiture de luxe ! - ItalPassion","og_description":"L\u2019Italie sait faire vibrer ! Sur la route, avec les rugissements d\u2019un V12 Lamborghini. \u00c0 la maison, avec les enceintes Sonus faber. Cette fois, les deux","og_url":"https:\/\/www.italpassion.fr\/es\/lamborghini\/sonus-faber-y-lamborghini-presentan-la-edicion-limitada-de-los-altavoces-cremonese-ex3me-al-precio-de-un-coche-de-lujo\/","og_site_name":"ItalPassion","article_publisher":"https:\/\/www.facebook.com\/italpassion","article_published_time":"2025-08-15T06:19:03+00:00","og_image":[{"width":1200,"height":800,"url":"https:\/\/www.italpassion.fr\/wp-content\/uploads\/2025\/08\/lamborghini-sonus-faber-2.jpg","type":"image\/jpeg"}],"author":"Alexandre Filluzeau","twitter_card":"summary_large_image","twitter_creator":"@italpassion","twitter_site":"@italpassion","schema":{"@context":"https:\/\/schema.org","@graph":[{"@type":"NewsArticle","@id":"https:\/\/www.italpassion.fr\/es\/lamborghini\/sonus-faber-et-lamborghini-devoilent-des-enceintes-cremonese-ex3me-en-edition-limitee-et-au-prix-dune-voiture-de-luxe\/#article","isPartOf":{"@id":"https:\/\/www.italpassion.fr\/es\/lamborghini\/sonus-faber-et-lamborghini-devoilent-des-enceintes-cremonese-ex3me-en-edition-limitee-et-au-prix-dune-voiture-de-luxe\/"},"author":{"name":"Alexandre Filluzeau","@id":"https:\/\/www.italpassion.fr\/es\/#\/schema\/person\/36f747b2a759ca202d847e85a9434ca0"},"headline":"Sonus Faber et Lamborghini d\u00e9voilent des enceintes \u00ab\u00a0Cremonese Ex3me\u00a0\u00bb en \u00e9dition limit\u00e9e&#8230; et au prix d&rsquo;une voiture de luxe !","datePublished":"2025-08-15T06:19:03+00:00","mainEntityOfPage":{"@id":"https:\/\/www.italpassion.fr\/es\/lamborghini\/sonus-faber-et-lamborghini-devoilent-des-enceintes-cremonese-ex3me-en-edition-limitee-et-au-prix-dune-voiture-de-luxe\/"},"wordCount":481,"commentCount":0,"publisher":{"@id":"https:\/\/www.italpassion.fr\/es\/#organization"},"image":{"@id":"https:\/\/www.italpassion.fr\/es\/lamborghini\/sonus-faber-et-lamborghini-devoilent-des-enceintes-cremonese-ex3me-en-edition-limitee-et-au-prix-dune-voiture-de-luxe\/#primaryimage"},"thumbnailUrl":"https:\/\/www.italpassion.fr\/wp-content\/uploads\/2025\/08\/lamborghini-sonus-faber-2.jpg","keywords":["Sonus Faber"],"articleSection":["Lamborghini"],"inLanguage":"es","potentialAction":[{"@type":"CommentAction","name":"Comment","target":["https:\/\/www.italpassion.fr\/es\/lamborghini\/sonus-faber-et-lamborghini-devoilent-des-enceintes-cremonese-ex3me-en-edition-limitee-et-au-prix-dune-voiture-de-luxe\/#respond"]}]},{"@type":"WebPage","@id":"https:\/\/www.italpassion.fr\/es\/lamborghini\/sonus-faber-et-lamborghini-devoilent-des-enceintes-cremonese-ex3me-en-edition-limitee-et-au-prix-dune-voiture-de-luxe\/","url":"https:\/\/www.italpassion.fr\/es\/lamborghini\/sonus-faber-et-lamborghini-devoilent-des-enceintes-cremonese-ex3me-en-edition-limitee-et-au-prix-dune-voiture-de-luxe\/","name":"Sonus Faber y Lamborghini presentan la edici\u00f3n limitada de altavoces \"Cremonese Ex3me\"... \u00a1al precio de un coche de lujo! - ItalPassion","isPartOf":{"@id":"https:\/\/www.italpassion.fr\/es\/#website"},"primaryImageOfPage":{"@id":"https:\/\/www.italpassion.fr\/es\/lamborghini\/sonus-faber-et-lamborghini-devoilent-des-enceintes-cremonese-ex3me-en-edition-limitee-et-au-prix-dune-voiture-de-luxe\/#primaryimage"},"image":{"@id":"https:\/\/www.italpassion.fr\/es\/lamborghini\/sonus-faber-et-lamborghini-devoilent-des-enceintes-cremonese-ex3me-en-edition-limitee-et-au-prix-dune-voiture-de-luxe\/#primaryimage"},"thumbnailUrl":"https:\/\/www.italpassion.fr\/wp-content\/uploads\/2025\/08\/lamborghini-sonus-faber-2.jpg","datePublished":"2025-08-15T06:19:03+00:00","description":"Italia sabe c\u00f3mo emocionar. En la carretera, con el rugido de un Lamborghini V12. En casa, con los altavoces Sonus faber. Esta vez, ambos","breadcrumb":{"@id":"https:\/\/www.italpassion.fr\/es\/lamborghini\/sonus-faber-et-lamborghini-devoilent-des-enceintes-cremonese-ex3me-en-edition-limitee-et-au-prix-dune-voiture-de-luxe\/#breadcrumb"},"inLanguage":"es","potentialAction":[{"@type":"ReadAction","target":["https:\/\/www.italpassion.fr\/es\/lamborghini\/sonus-faber-et-lamborghini-devoilent-des-enceintes-cremonese-ex3me-en-edition-limitee-et-au-prix-dune-voiture-de-luxe\/"]}]},{"@type":"ImageObject","inLanguage":"es","@id":"https:\/\/www.italpassion.fr\/es\/lamborghini\/sonus-faber-et-lamborghini-devoilent-des-enceintes-cremonese-ex3me-en-edition-limitee-et-au-prix-dune-voiture-de-luxe\/#primaryimage","url":"https:\/\/www.italpassion.fr\/wp-content\/uploads\/2025\/08\/lamborghini-sonus-faber-2.jpg","contentUrl":"https:\/\/www.italpassion.fr\/wp-content\/uploads\/2025\/08\/lamborghini-sonus-faber-2.jpg","width":1200,"height":800},{"@type":"BreadcrumbList","@id":"https:\/\/www.italpassion.fr\/es\/lamborghini\/sonus-faber-et-lamborghini-devoilent-des-enceintes-cremonese-ex3me-en-edition-limitee-et-au-prix-dune-voiture-de-luxe\/#breadcrumb","itemListElement":[{"@type":"ListItem","position":1,"name":"Accueil","item":"https:\/\/www.italpassion.fr\/es\/"},{"@type":"ListItem","position":2,"name":"Sonus Faber et Lamborghini d\u00e9voilent des enceintes \u00ab\u00a0Cremonese Ex3me\u00a0\u00bb en \u00e9dition limit\u00e9e&#8230; et au prix d&rsquo;une voiture de luxe !"}]},{"@type":"WebSite","@id":"https:\/\/www.italpassion.fr\/es\/#website","url":"https:\/\/www.italpassion.fr\/es\/","name":"ItalPassion","description":"Entusiastas de los coches italianos","publisher":{"@id":"https:\/\/www.italpassion.fr\/es\/#organization"},"potentialAction":[{"@type":"SearchAction","target":{"@type":"EntryPoint","urlTemplate":"https:\/\/www.italpassion.fr\/es\/?s={search_term_string}"},"query-input":{"@type":"PropertyValueSpecification","valueRequired":true,"valueName":"search_term_string"}}],"inLanguage":"es"},{"@type":"Organization","@id":"https:\/\/www.italpassion.fr\/es\/#organization","name":"Italpassion","url":"https:\/\/www.italpassion.fr\/es\/","logo":{"@type":"ImageObject","inLanguage":"es","@id":"https:\/\/www.italpassion.fr\/es\/#\/schema\/logo\/image\/","url":"https:\/\/www.italpassion.fr\/wp-content\/uploads\/2023\/07\/italpassion-yoast.jpg","contentUrl":"https:\/\/www.italpassion.fr\/wp-content\/uploads\/2023\/07\/italpassion-yoast.jpg","width":696,"height":696,"caption":"Italpassion"},"image":{"@id":"https:\/\/www.italpassion.fr\/es\/#\/schema\/logo\/image\/"},"sameAs":["https:\/\/www.facebook.com\/italpassion","https:\/\/x.com\/italpassion","https:\/\/www.instagram.com\/italpassionfr\/","https:\/\/www.youtube.com\/channel\/UCleq-ByQaA42OjhopwevRjQ","https:\/\/www.facebook.com\/italpassion.en\/","https:\/\/www.facebook.com\/italpassion.it\/","https:\/\/www.facebook.com\/italpassion.de\/","https:\/\/www.facebook.com\/italpassion.ja\/"]},{"@type":"Person","@id":"https:\/\/www.italpassion.fr\/es\/#\/schema\/person\/36f747b2a759ca202d847e85a9434ca0","name":"Alexandre Filluzeau","image":{"@type":"ImageObject","inLanguage":"es","@id":"https:\/\/www.italpassion.fr\/es\/#\/schema\/person\/image\/","url":"https:\/\/www.italpassion.fr\/wp-content\/uploads\/2025\/04\/avatar-alexandre-160x160.jpg","contentUrl":"https:\/\/www.italpassion.fr\/wp-content\/uploads\/2025\/04\/avatar-alexandre-160x160.jpg","caption":"Alexandre Filluzeau"},"description":"Fundador del sitio web ItalPassion, apasionado de los coches italianos y de Italia en general. Aporto una mirada cr\u00edtica y t\u00e9cnica a las noticias de las marcas italianas cuando es posible. Propietario de un Maserati GranTurismo, Alfa Romeo MiTo, Lancia Fulvia y Ducati 695. Ex-propietario de un Alfa Romeo Giulia.","sameAs":["https:\/\/www.italpassion.fr\/"],"url":"https:\/\/www.italpassion.fr\/es\/author\/alexandre\/"}]}},"_links":{"self":[{"href":"https:\/\/www.italpassion.fr\/es\/wp-json\/wp\/v2\/posts\/40536","targetHints":{"allow":["GET"]}}],"collection":[{"href":"https:\/\/www.italpassion.fr\/es\/wp-json\/wp\/v2\/posts"}],"about":[{"href":"https:\/\/www.italpassion.fr\/es\/wp-json\/wp\/v2\/types\/post"}],"author":[{"embeddable":true,"href":"https:\/\/www.italpassion.fr\/es\/wp-json\/wp\/v2\/users\/1"}],"replies":[{"embeddable":true,"href":"https:\/\/www.italpassion.fr\/es\/wp-json\/wp\/v2\/comments?post=40536"}],"version-history":[{"count":2,"href":"https:\/\/www.italpassion.fr\/es\/wp-json\/wp\/v2\/posts\/40536\/revisions"}],"predecessor-version":[{"id":40554,"href":"https:\/\/www.italpassion.fr\/es\/wp-json\/wp\/v2\/posts\/40536\/revisions\/40554"}],"wp:featuredmedia":[{"embeddable":true,"href":"https:\/\/www.italpassion.fr\/es\/wp-json\/wp\/v2\/media\/40537"}],"wp:attachment":[{"href":"https:\/\/www.italpassion.fr\/es\/wp-json\/wp\/v2\/media?parent=40536"}],"wp:term":[{"taxonomy":"category","embeddable":true,"href":"https:\/\/www.italpassion.fr\/es\/wp-json\/wp\/v2\/categories?post=40536"},{"taxonomy":"post_tag","embeddable":true,"href":"https:\/\/www.italpassion.fr\/es\/wp-json\/wp\/v2\/tags?post=40536"}],"curies":[{"name":"wp","href":"https:\/\/api.w.org\/{rel}","templated":true}]}}