{"id":40318,"date":"2025-08-06T12:07:37","date_gmt":"2025-08-06T10:07:37","guid":{"rendered":"https:\/\/www.italpassion.fr\/?p=40318"},"modified":"2025-08-06T10:56:16","modified_gmt":"2025-08-06T08:56:16","slug":"el-primer-lamborghini-temerario-personalizado-ha-sido-entregado-a-un-cliente-de-elite","status":"publish","type":"post","link":"https:\/\/www.italpassion.fr\/es\/lamborghini\/la-premiere-lamborghini-temerario-personnalisee-a-ete-livree-a-un-client-elite\/","title":{"rendered":"El primer Lamborghini Temerario personalizado ha sido entregado a un cliente de \u00e9lite."},"content":{"rendered":"<figure class=\"wp-block-image size-full\"><img loading=\"lazy\" decoding=\"async\" width=\"1200\" height=\"800\" src=\"https:\/\/www.italpassion.fr\/wp-content\/uploads\/2025\/08\/lamborghini-temerario-sardaine.jpg\" alt=\"\" class=\"wp-image-40348\" srcset=\"https:\/\/www.italpassion.fr\/wp-content\/uploads\/2025\/08\/lamborghini-temerario-sardaine.jpg 1200w, https:\/\/www.italpassion.fr\/wp-content\/uploads\/2025\/08\/lamborghini-temerario-sardaine-420x280.jpg 420w, https:\/\/www.italpassion.fr\/wp-content\/uploads\/2025\/08\/lamborghini-temerario-sardaine-768x512.jpg 768w, https:\/\/www.italpassion.fr\/wp-content\/uploads\/2025\/08\/lamborghini-temerario-sardaine-18x12.jpg 18w\" sizes=\"auto, (max-width: 1200px) 100vw, 1200px\" \/><\/figure>\n\n\n\n<p>En pleno verano, en el marco ultraelegante de Porto Cervo, en Cerde\u00f1a, <a href=\"https:\/\/www.italpassion.fr\/es\/lamborghini\/\">Lamborghini<\/a> ha desvelado el primer Temerario personalizado de su programa Ad Personam. Este modelo \u00fanico, dise\u00f1ado para un cliente descrito como \"Elite\", encarna tanto el lujo discreto del Mediterr\u00e1neo como las prestaciones en bruto t\u00edpicas de la marca del toro.<\/p>\n\n\n\n<h2 class=\"wp-block-heading\">Homenaje \u00fanico a Cerde\u00f1a<\/h2>\n\n\n\n<p>Presentado en un evento privado celebrado en las terrazas de la Casa Fiorichiari, en el exclusivo club Twiga, este \"Temerario Porto Cervo\" es una aut\u00e9ntica pieza de alta costura automovil\u00edstica. Inspirado en el paisaje sardo.<\/p>\n\n\n\n<figure class=\"wp-block-image size-full\"><img loading=\"lazy\" decoding=\"async\" width=\"1200\" height=\"800\" src=\"https:\/\/www.italpassion.fr\/wp-content\/uploads\/2025\/08\/lamborghini-temerario-sardaigne-1.jpg\" alt=\"\" class=\"wp-image-40349\" srcset=\"https:\/\/www.italpassion.fr\/wp-content\/uploads\/2025\/08\/lamborghini-temerario-sardaigne-1.jpg 1200w, https:\/\/www.italpassion.fr\/wp-content\/uploads\/2025\/08\/lamborghini-temerario-sardaigne-1-420x280.jpg 420w, https:\/\/www.italpassion.fr\/wp-content\/uploads\/2025\/08\/lamborghini-temerario-sardaigne-1-768x512.jpg 768w, https:\/\/www.italpassion.fr\/wp-content\/uploads\/2025\/08\/lamborghini-temerario-sardaigne-1-18x12.jpg 18w\" sizes=\"auto, (max-width: 1200px) 100vw, 1200px\" \/><\/figure>\n\n\n\n<p>El color exterior Grigio Serget, un gris con reflejos azulados visibles a plena luz del sol, evoca tanto las aguas turquesas como los cielos despejados de la isla. El color se acent\u00faa con elementos en Nero Noctis brillante, ribetes en Blu Royal que descienden hasta el spoiler trasero y piezas de fibra de carbono en negro brillante. Incluso las llantas Velador, en negro brillante, contrastan con las pinzas de freno azules, haci\u00e9ndose eco del tema crom\u00e1tico del modelo.<\/p>\n\n\n\n<figure class=\"wp-block-image size-full\"><img loading=\"lazy\" decoding=\"async\" width=\"1200\" height=\"800\" src=\"https:\/\/www.italpassion.fr\/wp-content\/uploads\/2025\/08\/lamborghini-temerario-sardaigne-2.jpg\" alt=\"\" class=\"wp-image-40350\" srcset=\"https:\/\/www.italpassion.fr\/wp-content\/uploads\/2025\/08\/lamborghini-temerario-sardaigne-2.jpg 1200w, https:\/\/www.italpassion.fr\/wp-content\/uploads\/2025\/08\/lamborghini-temerario-sardaigne-2-420x280.jpg 420w, https:\/\/www.italpassion.fr\/wp-content\/uploads\/2025\/08\/lamborghini-temerario-sardaigne-2-768x512.jpg 768w, https:\/\/www.italpassion.fr\/wp-content\/uploads\/2025\/08\/lamborghini-temerario-sardaigne-2-18x12.jpg 18w\" sizes=\"auto, (max-width: 1200px) 100vw, 1200px\" \/><\/figure>\n\n\n\n<h2 class=\"wp-block-heading\">Interiores a medida<\/h2>\n\n\n\n<p>El interior tampoco se queda atr\u00e1s. Combina materiales nobles como el cuero Grigio Octans, la fibra Corsa Tex y las inserciones de cuero Blu Nethuns en los asientos, las puertas y las costuras. El nombre \"Temerario\", acompa\u00f1ado de la bandera italiana, est\u00e1 bordado en la parte trasera del habit\u00e1culo, mientras que en los paneles de las puertas se aprecia un perfil del coche. Hay dos placas especiales a bordo: una muestra las palabras Ad Personam, la otra el evento Porto Cervo 2025, sustituido antes de la entrega por una placa personalizada con el nombre del propietario.<\/p>\n\n\n\n<figure class=\"wp-block-image size-full\"><img loading=\"lazy\" decoding=\"async\" width=\"1200\" height=\"800\" src=\"https:\/\/www.italpassion.fr\/wp-content\/uploads\/2025\/08\/lamborghini-temerario-sardaigne-4.jpg\" alt=\"\" class=\"wp-image-40351\" srcset=\"https:\/\/www.italpassion.fr\/wp-content\/uploads\/2025\/08\/lamborghini-temerario-sardaigne-4.jpg 1200w, https:\/\/www.italpassion.fr\/wp-content\/uploads\/2025\/08\/lamborghini-temerario-sardaigne-4-420x280.jpg 420w, https:\/\/www.italpassion.fr\/wp-content\/uploads\/2025\/08\/lamborghini-temerario-sardaigne-4-768x512.jpg 768w, https:\/\/www.italpassion.fr\/wp-content\/uploads\/2025\/08\/lamborghini-temerario-sardaigne-4-18x12.jpg 18w\" sizes=\"auto, (max-width: 1200px) 100vw, 1200px\" \/><\/figure>\n\n\n\n<figure class=\"wp-block-image size-full\"><img loading=\"lazy\" decoding=\"async\" width=\"1200\" height=\"800\" src=\"https:\/\/www.italpassion.fr\/wp-content\/uploads\/2025\/08\/lamborghini-temerario-sardaigne-5.jpg\" alt=\"\" class=\"wp-image-40352\" srcset=\"https:\/\/www.italpassion.fr\/wp-content\/uploads\/2025\/08\/lamborghini-temerario-sardaigne-5.jpg 1200w, https:\/\/www.italpassion.fr\/wp-content\/uploads\/2025\/08\/lamborghini-temerario-sardaigne-5-420x280.jpg 420w, https:\/\/www.italpassion.fr\/wp-content\/uploads\/2025\/08\/lamborghini-temerario-sardaigne-5-768x512.jpg 768w, https:\/\/www.italpassion.fr\/wp-content\/uploads\/2025\/08\/lamborghini-temerario-sardaigne-5-18x12.jpg 18w\" sizes=\"auto, (max-width: 1200px) 100vw, 1200px\" \/><\/figure>\n\n\n\n<h2 class=\"wp-block-heading\">Mec\u00e1nica sin cambios<\/h2>\n\n\n\n<p>Bajo este exclusivo exterior, la cadena cinem\u00e1tica permanece inalterada: el V8 biturbo de 4,0 litros combinado con un motor el\u00e9ctrico ofrece una potencia combinada de 920 CV. Todo ello sit\u00faa al Temerario entre los supercoches h\u00edbridos m\u00e1s potentes del mercado actual.<\/p>\n\n\n\n<h2 class=\"wp-block-heading\">\u00bfUn cliente misterioso pero no desconocido?<\/h2>\n\n\n\n<p>Aunque Lamborghini no ha revelado la identidad del propietario, todo parece indicar que ser\u00e1 el mismo patrocinador de un Revuelto one-off anterior tambi\u00e9n inspirado en Cerde\u00f1a. La misma inspiraci\u00f3n, la misma paleta de colores negro y azul, y el mismo nivel extremo de personalizaci\u00f3n. Una serie de coincidencias que sugieren que un coleccionista apasionado y fiel est\u00e1 detr\u00e1s de estas dos creaciones \u00fanicas.<\/p>\n\n\n\n<p>Con este primer Temerario personalizado, Lamborghini demuestra el poder de su programa Ad Personam y c\u00f3mo permite a cada cliente convertir su superdeportivo en un objeto de arte rodante.<\/p>\n\n\n\n<blockquote class=\"wp-block-quote is-layout-flow wp-block-quote-is-layout-flow\"><svg aria-hidden=\"true\" focusable=\"false\" class=\"icon icon-quote\" width=\"48\" height=\"48\"><use xlink:href=\"#icon-quote\"><\/use><\/svg>\n<p>Como resume Stephan Winkelmann, CEO de Lamborghini:<br><em>\"El programa Ad Personam permite a cada cliente poseer un aut\u00e9ntico Lamborghini, al tiempo que afirma su personalidad.<\/em><\/p>\n<\/blockquote>\n\n\n\n<figure class=\"wp-block-image size-full\"><img loading=\"lazy\" decoding=\"async\" width=\"1200\" height=\"800\" src=\"https:\/\/www.italpassion.fr\/wp-content\/uploads\/2025\/08\/lamborghini-temerario-sardaigne-7.jpg\" alt=\"\" class=\"wp-image-40353\" srcset=\"https:\/\/www.italpassion.fr\/wp-content\/uploads\/2025\/08\/lamborghini-temerario-sardaigne-7.jpg 1200w, https:\/\/www.italpassion.fr\/wp-content\/uploads\/2025\/08\/lamborghini-temerario-sardaigne-7-420x280.jpg 420w, https:\/\/www.italpassion.fr\/wp-content\/uploads\/2025\/08\/lamborghini-temerario-sardaigne-7-768x512.jpg 768w, https:\/\/www.italpassion.fr\/wp-content\/uploads\/2025\/08\/lamborghini-temerario-sardaigne-7-18x12.jpg 18w\" sizes=\"auto, (max-width: 1200px) 100vw, 1200px\" \/><\/figure>","protected":false},"excerpt":{"rendered":"","protected":false},"author":1,"featured_media":40348,"comment_status":"open","ping_status":"open","sticky":false,"template":"","format":"standard","meta":{"_acf_changed":false,"_sitemap_exclude":false,"_sitemap_priority":"","_sitemap_frequency":"","footnotes":""},"categories":[25],"tags":[374],"class_list":["post-40318","post","type-post","status-publish","format-standard","has-post-thumbnail","hentry","category-lamborghini","tag-lamborghini-temerario","generate-columns","tablet-grid-50","mobile-grid-100","grid-parent","grid-33"],"acf":[],"yoast_head":"<!-- This site is optimized with the Yoast SEO plugin v25.8 - https:\/\/yoast.com\/wordpress\/plugins\/seo\/ -->\n<title>La premi\u00e8re Lamborghini Temerario personnalis\u00e9e a \u00e9t\u00e9 livr\u00e9e \u00e0 un client &quot;Elite&quot; - ItalPassion<\/title>\n<meta name=\"description\" content=\"En plein c\u0153ur de l\u2019\u00e9t\u00e9, dans le cadre ultra-s\u00e9lect de Porto Cervo en Sardaigne, Lamborghini a r\u00e9v\u00e9l\u00e9 la premi\u00e8re Temerario personnalis\u00e9e de son programme\" \/>\n<meta name=\"robots\" content=\"index, follow, max-snippet:-1, max-image-preview:large, max-video-preview:-1\" \/>\n<link rel=\"canonical\" href=\"https:\/\/www.italpassion.fr\/es\/lamborghini\/el-primer-lamborghini-temerario-personalizado-ha-sido-entregado-a-un-cliente-de-elite\/\" \/>\n<meta property=\"og:locale\" content=\"es_ES\" \/>\n<meta property=\"og:type\" content=\"article\" \/>\n<meta property=\"og:title\" content=\"La premi\u00e8re Lamborghini Temerario personnalis\u00e9e a \u00e9t\u00e9 livr\u00e9e \u00e0 un client &quot;Elite&quot; - ItalPassion\" \/>\n<meta property=\"og:description\" content=\"En plein c\u0153ur de l\u2019\u00e9t\u00e9, dans le cadre ultra-s\u00e9lect de Porto Cervo en Sardaigne, Lamborghini a r\u00e9v\u00e9l\u00e9 la premi\u00e8re Temerario personnalis\u00e9e de son programme\" \/>\n<meta property=\"og:url\" content=\"https:\/\/www.italpassion.fr\/es\/lamborghini\/el-primer-lamborghini-temerario-personalizado-ha-sido-entregado-a-un-cliente-de-elite\/\" \/>\n<meta property=\"og:site_name\" content=\"ItalPassion\" \/>\n<meta property=\"article:publisher\" content=\"https:\/\/www.facebook.com\/italpassion\" \/>\n<meta property=\"article:published_time\" content=\"2025-08-06T10:07:37+00:00\" \/>\n<meta property=\"og:image\" content=\"https:\/\/www.italpassion.fr\/wp-content\/uploads\/2025\/08\/lamborghini-temerario-sardaine.jpg\" \/>\n\t<meta property=\"og:image:width\" content=\"1200\" \/>\n\t<meta property=\"og:image:height\" content=\"800\" \/>\n\t<meta property=\"og:image:type\" content=\"image\/jpeg\" \/>\n<meta name=\"author\" content=\"Alexandre Filluzeau\" \/>\n<meta name=\"twitter:card\" content=\"summary_large_image\" \/>\n<meta name=\"twitter:creator\" content=\"@italpassion\" \/>\n<meta name=\"twitter:site\" content=\"@italpassion\" \/>\n<script type=\"application\/ld+json\" class=\"yoast-schema-graph\">{\"@context\":\"https:\/\/schema.org\",\"@graph\":[{\"@type\":\"NewsArticle\",\"@id\":\"https:\/\/www.italpassion.fr\/es\/lamborghini\/la-premiere-lamborghini-temerario-personnalisee-a-ete-livree-a-un-client-elite\/#article\",\"isPartOf\":{\"@id\":\"https:\/\/www.italpassion.fr\/es\/lamborghini\/la-premiere-lamborghini-temerario-personnalisee-a-ete-livree-a-un-client-elite\/\"},\"author\":{\"name\":\"Alexandre Filluzeau\",\"@id\":\"https:\/\/www.italpassion.fr\/es\/#\/schema\/person\/36f747b2a759ca202d847e85a9434ca0\"},\"headline\":\"La premi\u00e8re Lamborghini Temerario personnalis\u00e9e a \u00e9t\u00e9 livr\u00e9e \u00e0 un client \u00ab\u00a0Elite\u00a0\u00bb\",\"datePublished\":\"2025-08-06T10:07:37+00:00\",\"mainEntityOfPage\":{\"@id\":\"https:\/\/www.italpassion.fr\/es\/lamborghini\/la-premiere-lamborghini-temerario-personnalisee-a-ete-livree-a-un-client-elite\/\"},\"wordCount\":518,\"commentCount\":0,\"publisher\":{\"@id\":\"https:\/\/www.italpassion.fr\/es\/#organization\"},\"image\":{\"@id\":\"https:\/\/www.italpassion.fr\/es\/lamborghini\/la-premiere-lamborghini-temerario-personnalisee-a-ete-livree-a-un-client-elite\/#primaryimage\"},\"thumbnailUrl\":\"https:\/\/www.italpassion.fr\/wp-content\/uploads\/2025\/08\/lamborghini-temerario-sardaine.jpg\",\"keywords\":[\"Lamborghini Temerario\"],\"articleSection\":[\"Lamborghini\"],\"inLanguage\":\"es\",\"potentialAction\":[{\"@type\":\"CommentAction\",\"name\":\"Comment\",\"target\":[\"https:\/\/www.italpassion.fr\/es\/lamborghini\/la-premiere-lamborghini-temerario-personnalisee-a-ete-livree-a-un-client-elite\/#respond\"]}]},{\"@type\":\"WebPage\",\"@id\":\"https:\/\/www.italpassion.fr\/es\/lamborghini\/la-premiere-lamborghini-temerario-personnalisee-a-ete-livree-a-un-client-elite\/\",\"url\":\"https:\/\/www.italpassion.fr\/es\/lamborghini\/la-premiere-lamborghini-temerario-personnalisee-a-ete-livree-a-un-client-elite\/\",\"name\":\"La premi\u00e8re Lamborghini Temerario personnalis\u00e9e a \u00e9t\u00e9 livr\u00e9e \u00e0 un client \\\"Elite\\\" - ItalPassion\",\"isPartOf\":{\"@id\":\"https:\/\/www.italpassion.fr\/es\/#website\"},\"primaryImageOfPage\":{\"@id\":\"https:\/\/www.italpassion.fr\/es\/lamborghini\/la-premiere-lamborghini-temerario-personnalisee-a-ete-livree-a-un-client-elite\/#primaryimage\"},\"image\":{\"@id\":\"https:\/\/www.italpassion.fr\/es\/lamborghini\/la-premiere-lamborghini-temerario-personnalisee-a-ete-livree-a-un-client-elite\/#primaryimage\"},\"thumbnailUrl\":\"https:\/\/www.italpassion.fr\/wp-content\/uploads\/2025\/08\/lamborghini-temerario-sardaine.jpg\",\"datePublished\":\"2025-08-06T10:07:37+00:00\",\"description\":\"En plein c\u0153ur de l\u2019\u00e9t\u00e9, dans le cadre ultra-s\u00e9lect de Porto Cervo en Sardaigne, Lamborghini a r\u00e9v\u00e9l\u00e9 la premi\u00e8re Temerario personnalis\u00e9e de son programme\",\"breadcrumb\":{\"@id\":\"https:\/\/www.italpassion.fr\/es\/lamborghini\/la-premiere-lamborghini-temerario-personnalisee-a-ete-livree-a-un-client-elite\/#breadcrumb\"},\"inLanguage\":\"es\",\"potentialAction\":[{\"@type\":\"ReadAction\",\"target\":[\"https:\/\/www.italpassion.fr\/es\/lamborghini\/la-premiere-lamborghini-temerario-personnalisee-a-ete-livree-a-un-client-elite\/\"]}]},{\"@type\":\"ImageObject\",\"inLanguage\":\"es\",\"@id\":\"https:\/\/www.italpassion.fr\/es\/lamborghini\/la-premiere-lamborghini-temerario-personnalisee-a-ete-livree-a-un-client-elite\/#primaryimage\",\"url\":\"https:\/\/www.italpassion.fr\/wp-content\/uploads\/2025\/08\/lamborghini-temerario-sardaine.jpg\",\"contentUrl\":\"https:\/\/www.italpassion.fr\/wp-content\/uploads\/2025\/08\/lamborghini-temerario-sardaine.jpg\",\"width\":1200,\"height\":800},{\"@type\":\"BreadcrumbList\",\"@id\":\"https:\/\/www.italpassion.fr\/es\/lamborghini\/la-premiere-lamborghini-temerario-personnalisee-a-ete-livree-a-un-client-elite\/#breadcrumb\",\"itemListElement\":[{\"@type\":\"ListItem\",\"position\":1,\"name\":\"Accueil\",\"item\":\"https:\/\/www.italpassion.fr\/es\/\"},{\"@type\":\"ListItem\",\"position\":2,\"name\":\"La premi\u00e8re Lamborghini Temerario personnalis\u00e9e a \u00e9t\u00e9 livr\u00e9e \u00e0 un client \u00ab\u00a0Elite\u00a0\u00bb\"}]},{\"@type\":\"WebSite\",\"@id\":\"https:\/\/www.italpassion.fr\/es\/#website\",\"url\":\"https:\/\/www.italpassion.fr\/es\/\",\"name\":\"ItalPassion\",\"description\":\"Les Passionn\u00e9s d&#039;Automobiles Italiennes\",\"publisher\":{\"@id\":\"https:\/\/www.italpassion.fr\/es\/#organization\"},\"potentialAction\":[{\"@type\":\"SearchAction\",\"target\":{\"@type\":\"EntryPoint\",\"urlTemplate\":\"https:\/\/www.italpassion.fr\/es\/?s={search_term_string}\"},\"query-input\":{\"@type\":\"PropertyValueSpecification\",\"valueRequired\":true,\"valueName\":\"search_term_string\"}}],\"inLanguage\":\"es\"},{\"@type\":\"Organization\",\"@id\":\"https:\/\/www.italpassion.fr\/es\/#organization\",\"name\":\"Italpassion\",\"url\":\"https:\/\/www.italpassion.fr\/es\/\",\"logo\":{\"@type\":\"ImageObject\",\"inLanguage\":\"es\",\"@id\":\"https:\/\/www.italpassion.fr\/es\/#\/schema\/logo\/image\/\",\"url\":\"https:\/\/www.italpassion.fr\/wp-content\/uploads\/2023\/07\/italpassion-yoast.jpg\",\"contentUrl\":\"https:\/\/www.italpassion.fr\/wp-content\/uploads\/2023\/07\/italpassion-yoast.jpg\",\"width\":696,\"height\":696,\"caption\":\"Italpassion\"},\"image\":{\"@id\":\"https:\/\/www.italpassion.fr\/es\/#\/schema\/logo\/image\/\"},\"sameAs\":[\"https:\/\/www.facebook.com\/italpassion\",\"https:\/\/x.com\/italpassion\",\"https:\/\/www.instagram.com\/italpassionfr\/\",\"https:\/\/www.youtube.com\/channel\/UCleq-ByQaA42OjhopwevRjQ\",\"https:\/\/www.facebook.com\/italpassion.en\/\",\"https:\/\/www.facebook.com\/italpassion.it\/\",\"https:\/\/www.facebook.com\/italpassion.de\/\",\"https:\/\/www.facebook.com\/italpassion.ja\/\"]},{\"@type\":\"Person\",\"@id\":\"https:\/\/www.italpassion.fr\/es\/#\/schema\/person\/36f747b2a759ca202d847e85a9434ca0\",\"name\":\"Alexandre Filluzeau\",\"image\":{\"@type\":\"ImageObject\",\"inLanguage\":\"es\",\"@id\":\"https:\/\/www.italpassion.fr\/es\/#\/schema\/person\/image\/\",\"url\":\"https:\/\/www.italpassion.fr\/wp-content\/uploads\/2025\/04\/avatar-alexandre-160x160.jpg\",\"contentUrl\":\"https:\/\/www.italpassion.fr\/wp-content\/uploads\/2025\/04\/avatar-alexandre-160x160.jpg\",\"caption\":\"Alexandre Filluzeau\"},\"description\":\"Fondateur du site ItalPassion, passionn\u00e9 de voitures italiennes et de l'Italie en g\u00e9n\u00e9ral. J'apporte un regard critique et technique aux actualit\u00e9s des marques italiennes quand cela est possible. Propri\u00e9taire d'une Maserati GranTurismo, Alfa Romeo MiTo, Lancia Fulvia et Ducati 695. Ex-propri\u00e9taire d'une Alfa Romeo Giulia.\",\"sameAs\":[\"https:\/\/www.italpassion.fr\/\"],\"url\":\"https:\/\/www.italpassion.fr\/es\/author\/alexandre\/\"}]}<\/script>\n<!-- \/ Yoast SEO plugin. -->","yoast_head_json":{"title":"El primer Lamborghini Temerario personalizado ha sido entregado a un cliente \"Elite\" - ItalPassion","description":"En pleno verano, en el marco ultraelegante de Porto Cervo, en Cerde\u00f1a, Lamborghini desvel\u00f3 el primer Temerario personalizado de su programa de","robots":{"index":"index","follow":"follow","max-snippet":"max-snippet:-1","max-image-preview":"max-image-preview:large","max-video-preview":"max-video-preview:-1"},"canonical":"https:\/\/www.italpassion.fr\/es\/lamborghini\/el-primer-lamborghini-temerario-personalizado-ha-sido-entregado-a-un-cliente-de-elite\/","og_locale":"es_ES","og_type":"article","og_title":"La premi\u00e8re Lamborghini Temerario personnalis\u00e9e a \u00e9t\u00e9 livr\u00e9e \u00e0 un client \"Elite\" - ItalPassion","og_description":"En plein c\u0153ur de l\u2019\u00e9t\u00e9, dans le cadre ultra-s\u00e9lect de Porto Cervo en Sardaigne, Lamborghini a r\u00e9v\u00e9l\u00e9 la premi\u00e8re Temerario personnalis\u00e9e de son programme","og_url":"https:\/\/www.italpassion.fr\/es\/lamborghini\/el-primer-lamborghini-temerario-personalizado-ha-sido-entregado-a-un-cliente-de-elite\/","og_site_name":"ItalPassion","article_publisher":"https:\/\/www.facebook.com\/italpassion","article_published_time":"2025-08-06T10:07:37+00:00","og_image":[{"width":1200,"height":800,"url":"https:\/\/www.italpassion.fr\/wp-content\/uploads\/2025\/08\/lamborghini-temerario-sardaine.jpg","type":"image\/jpeg"}],"author":"Alexandre Filluzeau","twitter_card":"summary_large_image","twitter_creator":"@italpassion","twitter_site":"@italpassion","schema":{"@context":"https:\/\/schema.org","@graph":[{"@type":"NewsArticle","@id":"https:\/\/www.italpassion.fr\/es\/lamborghini\/la-premiere-lamborghini-temerario-personnalisee-a-ete-livree-a-un-client-elite\/#article","isPartOf":{"@id":"https:\/\/www.italpassion.fr\/es\/lamborghini\/la-premiere-lamborghini-temerario-personnalisee-a-ete-livree-a-un-client-elite\/"},"author":{"name":"Alexandre Filluzeau","@id":"https:\/\/www.italpassion.fr\/es\/#\/schema\/person\/36f747b2a759ca202d847e85a9434ca0"},"headline":"La premi\u00e8re Lamborghini Temerario personnalis\u00e9e a \u00e9t\u00e9 livr\u00e9e \u00e0 un client \u00ab\u00a0Elite\u00a0\u00bb","datePublished":"2025-08-06T10:07:37+00:00","mainEntityOfPage":{"@id":"https:\/\/www.italpassion.fr\/es\/lamborghini\/la-premiere-lamborghini-temerario-personnalisee-a-ete-livree-a-un-client-elite\/"},"wordCount":518,"commentCount":0,"publisher":{"@id":"https:\/\/www.italpassion.fr\/es\/#organization"},"image":{"@id":"https:\/\/www.italpassion.fr\/es\/lamborghini\/la-premiere-lamborghini-temerario-personnalisee-a-ete-livree-a-un-client-elite\/#primaryimage"},"thumbnailUrl":"https:\/\/www.italpassion.fr\/wp-content\/uploads\/2025\/08\/lamborghini-temerario-sardaine.jpg","keywords":["Lamborghini Temerario"],"articleSection":["Lamborghini"],"inLanguage":"es","potentialAction":[{"@type":"CommentAction","name":"Comment","target":["https:\/\/www.italpassion.fr\/es\/lamborghini\/la-premiere-lamborghini-temerario-personnalisee-a-ete-livree-a-un-client-elite\/#respond"]}]},{"@type":"WebPage","@id":"https:\/\/www.italpassion.fr\/es\/lamborghini\/la-premiere-lamborghini-temerario-personnalisee-a-ete-livree-a-un-client-elite\/","url":"https:\/\/www.italpassion.fr\/es\/lamborghini\/la-premiere-lamborghini-temerario-personnalisee-a-ete-livree-a-un-client-elite\/","name":"El primer Lamborghini Temerario personalizado ha sido entregado a un cliente \"Elite\" - ItalPassion","isPartOf":{"@id":"https:\/\/www.italpassion.fr\/es\/#website"},"primaryImageOfPage":{"@id":"https:\/\/www.italpassion.fr\/es\/lamborghini\/la-premiere-lamborghini-temerario-personnalisee-a-ete-livree-a-un-client-elite\/#primaryimage"},"image":{"@id":"https:\/\/www.italpassion.fr\/es\/lamborghini\/la-premiere-lamborghini-temerario-personnalisee-a-ete-livree-a-un-client-elite\/#primaryimage"},"thumbnailUrl":"https:\/\/www.italpassion.fr\/wp-content\/uploads\/2025\/08\/lamborghini-temerario-sardaine.jpg","datePublished":"2025-08-06T10:07:37+00:00","description":"En pleno verano, en el marco ultraelegante de Porto Cervo, en Cerde\u00f1a, Lamborghini desvel\u00f3 el primer Temerario personalizado de su programa de","breadcrumb":{"@id":"https:\/\/www.italpassion.fr\/es\/lamborghini\/la-premiere-lamborghini-temerario-personnalisee-a-ete-livree-a-un-client-elite\/#breadcrumb"},"inLanguage":"es","potentialAction":[{"@type":"ReadAction","target":["https:\/\/www.italpassion.fr\/es\/lamborghini\/la-premiere-lamborghini-temerario-personnalisee-a-ete-livree-a-un-client-elite\/"]}]},{"@type":"ImageObject","inLanguage":"es","@id":"https:\/\/www.italpassion.fr\/es\/lamborghini\/la-premiere-lamborghini-temerario-personnalisee-a-ete-livree-a-un-client-elite\/#primaryimage","url":"https:\/\/www.italpassion.fr\/wp-content\/uploads\/2025\/08\/lamborghini-temerario-sardaine.jpg","contentUrl":"https:\/\/www.italpassion.fr\/wp-content\/uploads\/2025\/08\/lamborghini-temerario-sardaine.jpg","width":1200,"height":800},{"@type":"BreadcrumbList","@id":"https:\/\/www.italpassion.fr\/es\/lamborghini\/la-premiere-lamborghini-temerario-personnalisee-a-ete-livree-a-un-client-elite\/#breadcrumb","itemListElement":[{"@type":"ListItem","position":1,"name":"Accueil","item":"https:\/\/www.italpassion.fr\/es\/"},{"@type":"ListItem","position":2,"name":"La premi\u00e8re Lamborghini Temerario personnalis\u00e9e a \u00e9t\u00e9 livr\u00e9e \u00e0 un client \u00ab\u00a0Elite\u00a0\u00bb"}]},{"@type":"WebSite","@id":"https:\/\/www.italpassion.fr\/es\/#website","url":"https:\/\/www.italpassion.fr\/es\/","name":"ItalPassion","description":"Entusiastas de los coches italianos","publisher":{"@id":"https:\/\/www.italpassion.fr\/es\/#organization"},"potentialAction":[{"@type":"SearchAction","target":{"@type":"EntryPoint","urlTemplate":"https:\/\/www.italpassion.fr\/es\/?s={search_term_string}"},"query-input":{"@type":"PropertyValueSpecification","valueRequired":true,"valueName":"search_term_string"}}],"inLanguage":"es"},{"@type":"Organization","@id":"https:\/\/www.italpassion.fr\/es\/#organization","name":"Italpassion","url":"https:\/\/www.italpassion.fr\/es\/","logo":{"@type":"ImageObject","inLanguage":"es","@id":"https:\/\/www.italpassion.fr\/es\/#\/schema\/logo\/image\/","url":"https:\/\/www.italpassion.fr\/wp-content\/uploads\/2023\/07\/italpassion-yoast.jpg","contentUrl":"https:\/\/www.italpassion.fr\/wp-content\/uploads\/2023\/07\/italpassion-yoast.jpg","width":696,"height":696,"caption":"Italpassion"},"image":{"@id":"https:\/\/www.italpassion.fr\/es\/#\/schema\/logo\/image\/"},"sameAs":["https:\/\/www.facebook.com\/italpassion","https:\/\/x.com\/italpassion","https:\/\/www.instagram.com\/italpassionfr\/","https:\/\/www.youtube.com\/channel\/UCleq-ByQaA42OjhopwevRjQ","https:\/\/www.facebook.com\/italpassion.en\/","https:\/\/www.facebook.com\/italpassion.it\/","https:\/\/www.facebook.com\/italpassion.de\/","https:\/\/www.facebook.com\/italpassion.ja\/"]},{"@type":"Person","@id":"https:\/\/www.italpassion.fr\/es\/#\/schema\/person\/36f747b2a759ca202d847e85a9434ca0","name":"Alexandre Filluzeau","image":{"@type":"ImageObject","inLanguage":"es","@id":"https:\/\/www.italpassion.fr\/es\/#\/schema\/person\/image\/","url":"https:\/\/www.italpassion.fr\/wp-content\/uploads\/2025\/04\/avatar-alexandre-160x160.jpg","contentUrl":"https:\/\/www.italpassion.fr\/wp-content\/uploads\/2025\/04\/avatar-alexandre-160x160.jpg","caption":"Alexandre Filluzeau"},"description":"Fundador del sitio web ItalPassion, apasionado de los coches italianos y de Italia en general. Aporto una mirada cr\u00edtica y t\u00e9cnica a las noticias de las marcas italianas cuando es posible. Propietario de un Maserati GranTurismo, Alfa Romeo MiTo, Lancia Fulvia y Ducati 695. Ex-propietario de un Alfa Romeo Giulia.","sameAs":["https:\/\/www.italpassion.fr\/"],"url":"https:\/\/www.italpassion.fr\/es\/author\/alexandre\/"}]}},"_links":{"self":[{"href":"https:\/\/www.italpassion.fr\/es\/wp-json\/wp\/v2\/posts\/40318","targetHints":{"allow":["GET"]}}],"collection":[{"href":"https:\/\/www.italpassion.fr\/es\/wp-json\/wp\/v2\/posts"}],"about":[{"href":"https:\/\/www.italpassion.fr\/es\/wp-json\/wp\/v2\/types\/post"}],"author":[{"embeddable":true,"href":"https:\/\/www.italpassion.fr\/es\/wp-json\/wp\/v2\/users\/1"}],"replies":[{"embeddable":true,"href":"https:\/\/www.italpassion.fr\/es\/wp-json\/wp\/v2\/comments?post=40318"}],"version-history":[{"count":3,"href":"https:\/\/www.italpassion.fr\/es\/wp-json\/wp\/v2\/posts\/40318\/revisions"}],"predecessor-version":[{"id":40354,"href":"https:\/\/www.italpassion.fr\/es\/wp-json\/wp\/v2\/posts\/40318\/revisions\/40354"}],"wp:featuredmedia":[{"embeddable":true,"href":"https:\/\/www.italpassion.fr\/es\/wp-json\/wp\/v2\/media\/40348"}],"wp:attachment":[{"href":"https:\/\/www.italpassion.fr\/es\/wp-json\/wp\/v2\/media?parent=40318"}],"wp:term":[{"taxonomy":"category","embeddable":true,"href":"https:\/\/www.italpassion.fr\/es\/wp-json\/wp\/v2\/categories?post=40318"},{"taxonomy":"post_tag","embeddable":true,"href":"https:\/\/www.italpassion.fr\/es\/wp-json\/wp\/v2\/tags?post=40318"}],"curies":[{"name":"wp","href":"https:\/\/api.w.org\/{rel}","templated":true}]}}