{"id":40067,"date":"2025-07-29T08:46:14","date_gmt":"2025-07-29T06:46:14","guid":{"rendered":"https:\/\/www.italpassion.fr\/?p=40067"},"modified":"2025-07-28T16:41:40","modified_gmt":"2025-07-28T14:41:40","slug":"insolito-transforma-su-alfa-romeo-junior-en-un-milano","status":"publish","type":"post","link":"https:\/\/www.italpassion.fr\/es\/alfa-romeo\/insolite-il-transforme-son-alfa-romeo-junior-en-milano\/","title":{"rendered":"Ins\u00f3lito: transforma su Alfa Romeo Junior... \u00a1en un Milano!"},"content":{"rendered":"<p>Cuando algunas personas se contentan con publicar con orgullo una foto de su nuevo <a href=\"https:\/\/www.italpassion.fr\/es\/coches\/alfa-romeo-junior\/\">Alfa Romeo Junior<\/a> en Facebook, otros van mucho m\u00e1s... mucho m\u00e1s lejos. Casi un a\u00f1o y medio despu\u00e9s de su lanzamiento, el peque\u00f1o SUV de la marca del Biscione sigue dando que hablar, a veces de forma inesperada. La prueba est\u00e1 en la forma de un apasionado propietario que decidi\u00f3 transformar su Alfa Romeo Junior... en un Milano. Es un gui\u00f1o a una pol\u00e9mica que hizo correr mucha tinta.<\/p>\n\n\n\n<h2 class=\"wp-block-heading\">El retorno del nombre prohibido<\/h2>\n\n\n\n<p>Recuerde: en abril de 2024, el BSUV de<a href=\"https:\/\/www.italpassion.fr\/es\/alfa-romeo\/\">Alfa Romeo<\/a> iba a llamarse Milano, en homenaje a la ciudad donde naci\u00f3 la marca en 1910. Un nombre fuerte, simb\u00f3lico... y, sin embargo, prohibido. \u00bfEl motivo? Una ley italiana de 2003 que pretend\u00eda impedir el \"sonido italiano\" para los productos fabricados en el extranjero. Junior se fabrica en Tychy (Polonia). <a href=\"https:\/\/www.italpassion.fr\/es\/alfa-romeo\/alfa-romeo-milano-el-nombre-no-le-gusta-al-ministro-de-made-in-italy\/\">El Ministro de Made in Italy, Adolfo Urso, se implic\u00f3 denunciando un nombre enga\u00f1oso<\/a>y Stellantis tuvo que ceder: <a href=\"https:\/\/www.italpassion.fr\/es\/alfa-romeo\/lalfa-romeo-milano-oficial-cambia-su-nombre-por-el-de-junior\/\">Milano se convirti\u00f3 en Junior, s\u00f3lo tres d\u00edas despu\u00e9s de la presentaci\u00f3n oficial<\/a>.<\/p>\n\n\n\n<h2 class=\"wp-block-heading\">El modelo Junior es popular... pero algunos quieren el original<\/h2>\n\n\n\n<p>Desde su lanzamiento, el Alfa Romeo Junior ha conquistado a su p\u00fablico. En las redes sociales, muchos propietarios comparten cada detalle de su nueva adquisici\u00f3n. Pero un propietario ha decidido cruzar una l\u00ednea que ni siquiera Alfa Romeo se ha atrevido a cruzar oficialmente: revivir el Milano.<\/p>\n\n\n\n<figure class=\"wp-block-image size-full\"><img loading=\"lazy\" decoding=\"async\" width=\"1200\" height=\"800\" src=\"https:\/\/www.italpassion.fr\/wp-content\/uploads\/2025\/07\/alfa-romeo-milano-blanc-2.jpg\" alt=\"\" class=\"wp-image-40149\" srcset=\"https:\/\/www.italpassion.fr\/wp-content\/uploads\/2025\/07\/alfa-romeo-milano-blanc-2.jpg 1200w, https:\/\/www.italpassion.fr\/wp-content\/uploads\/2025\/07\/alfa-romeo-milano-blanc-2-420x280.jpg 420w, https:\/\/www.italpassion.fr\/wp-content\/uploads\/2025\/07\/alfa-romeo-milano-blanc-2-768x512.jpg 768w, https:\/\/www.italpassion.fr\/wp-content\/uploads\/2025\/07\/alfa-romeo-milano-blanc-2-18x12.jpg 18w\" sizes=\"auto, (max-width: 1200px) 100vw, 1200px\" \/><figcaption class=\"wp-element-caption\">Alfa Romeo Milano de Mario<\/figcaption><\/figure>\n\n\n\n<figure class=\"wp-block-image size-full\"><img loading=\"lazy\" decoding=\"async\" width=\"1200\" height=\"800\" src=\"https:\/\/www.italpassion.fr\/wp-content\/uploads\/2025\/07\/alfa-romeo-milano-blanc-3.jpg\" alt=\"\" class=\"wp-image-40150\" srcset=\"https:\/\/www.italpassion.fr\/wp-content\/uploads\/2025\/07\/alfa-romeo-milano-blanc-3.jpg 1200w, https:\/\/www.italpassion.fr\/wp-content\/uploads\/2025\/07\/alfa-romeo-milano-blanc-3-420x280.jpg 420w, https:\/\/www.italpassion.fr\/wp-content\/uploads\/2025\/07\/alfa-romeo-milano-blanc-3-768x512.jpg 768w, https:\/\/www.italpassion.fr\/wp-content\/uploads\/2025\/07\/alfa-romeo-milano-blanc-3-18x12.jpg 18w\" sizes=\"auto, (max-width: 1200px) 100vw, 1200px\" \/><figcaption class=\"wp-element-caption\">Alfa Romeo Milano de Mario<\/figcaption><\/figure>\n\n\n\n<figure class=\"wp-block-image size-full\"><img loading=\"lazy\" decoding=\"async\" width=\"1200\" height=\"800\" src=\"https:\/\/www.italpassion.fr\/wp-content\/uploads\/2025\/07\/alfa-romeo-milano-1.jpg\" alt=\"\" class=\"wp-image-40148\" srcset=\"https:\/\/www.italpassion.fr\/wp-content\/uploads\/2025\/07\/alfa-romeo-milano-1.jpg 1200w, https:\/\/www.italpassion.fr\/wp-content\/uploads\/2025\/07\/alfa-romeo-milano-1-420x280.jpg 420w, https:\/\/www.italpassion.fr\/wp-content\/uploads\/2025\/07\/alfa-romeo-milano-1-768x512.jpg 768w, https:\/\/www.italpassion.fr\/wp-content\/uploads\/2025\/07\/alfa-romeo-milano-1-18x12.jpg 18w\" sizes=\"auto, (max-width: 1200px) 100vw, 1200px\" \/><figcaption class=\"wp-element-caption\">Alfa Romeo Milano de Mario<\/figcaption><\/figure>\n\n\n\n<p>\u00bfEl modelo en cuesti\u00f3n? Un Junior blanco, transformado con precisi\u00f3n. En el exterior, el logotipo Milano luce orgulloso en las aletas. Las llantas se han sustituido por unas MAK Monza de 18 pulgadas, con un estilo m\u00e1s asertivo. El cap\u00f3 lleva un adhesivo que representa el Biscione, emblema hist\u00f3rico de Alfa Romeo. Los retrovisores exteriores lucen una bandera italiana.<\/p>\n\n\n\n<p>En el interior, la personalizaci\u00f3n contin\u00faa: volante de alc\u00e1ntara, alfombrillas Milano bordadas y un detalle que har\u00e1 sonre\u00edr a los entusiastas: el bot\u00f3n \"Start\" ha pasado de negro a rojo, como en el Giulia y el Stelvio Quadrifoglio. <\/p>\n\n\n\n<figure class=\"wp-block-image size-full\"><img loading=\"lazy\" decoding=\"async\" width=\"1200\" height=\"800\" src=\"https:\/\/www.italpassion.fr\/wp-content\/uploads\/2025\/07\/alfa-romeo-milano-blanc-4.jpg\" alt=\"\" class=\"wp-image-40151\" srcset=\"https:\/\/www.italpassion.fr\/wp-content\/uploads\/2025\/07\/alfa-romeo-milano-blanc-4.jpg 1200w, https:\/\/www.italpassion.fr\/wp-content\/uploads\/2025\/07\/alfa-romeo-milano-blanc-4-420x280.jpg 420w, https:\/\/www.italpassion.fr\/wp-content\/uploads\/2025\/07\/alfa-romeo-milano-blanc-4-768x512.jpg 768w, https:\/\/www.italpassion.fr\/wp-content\/uploads\/2025\/07\/alfa-romeo-milano-blanc-4-18x12.jpg 18w\" sizes=\"auto, (max-width: 1200px) 100vw, 1200px\" \/><figcaption class=\"wp-element-caption\">Alfa Romeo Milano de Mario<\/figcaption><\/figure>\n\n\n\n<p>Puede que este modelo no sea oficialmente un Milano, pero tambi\u00e9n simboliza una forma de protesta suave, contra una decisi\u00f3n pol\u00edtica que interrumpi\u00f3 la historia de un modelo que apenas se hab\u00eda lanzado. A d\u00eda de hoy, es probablemente el \u00fanico \"Milano\" que se ve por las carreteras europeas. <\/p>\n\n\n\n<p>PD: por favor, sea respetuoso en sus comentarios.<\/p>","protected":false},"excerpt":{"rendered":"","protected":false},"author":1,"featured_media":40149,"comment_status":"open","ping_status":"open","sticky":false,"template":"","format":"standard","meta":{"_acf_changed":false,"_sitemap_exclude":false,"_sitemap_priority":"","_sitemap_frequency":"","footnotes":""},"categories":[22],"tags":[403],"class_list":["post-40067","post","type-post","status-publish","format-standard","has-post-thumbnail","hentry","category-alfa-romeo","tag-alfa-romeo-junior","generate-columns","tablet-grid-50","mobile-grid-100","grid-parent","grid-33"],"acf":[],"yoast_head":"<!-- This site is optimized with the Yoast SEO plugin v25.8 - https:\/\/yoast.com\/wordpress\/plugins\/seo\/ -->\n<title>Insolite : il transforme son Alfa Romeo Junior... en Milano ! - ItalPassion<\/title>\n<meta name=\"description\" content=\"Quand certains se contentent de poster fi\u00e8rement la photo de leur nouvelle Alfa Romeo Junior sur Facebook, d\u2019autres vont plus loin\u2026 Beaucoup plus loin.\" \/>\n<meta name=\"robots\" content=\"index, follow, max-snippet:-1, max-image-preview:large, max-video-preview:-1\" \/>\n<link rel=\"canonical\" href=\"https:\/\/www.italpassion.fr\/es\/alfa-romeo\/insolito-transforma-su-alfa-romeo-junior-en-un-milano\/\" \/>\n<meta property=\"og:locale\" content=\"es_ES\" \/>\n<meta property=\"og:type\" content=\"article\" \/>\n<meta property=\"og:title\" content=\"Insolite : il transforme son Alfa Romeo Junior... en Milano ! - ItalPassion\" \/>\n<meta property=\"og:description\" content=\"Quand certains se contentent de poster fi\u00e8rement la photo de leur nouvelle Alfa Romeo Junior sur Facebook, d\u2019autres vont plus loin\u2026 Beaucoup plus loin.\" \/>\n<meta property=\"og:url\" content=\"https:\/\/www.italpassion.fr\/es\/alfa-romeo\/insolito-transforma-su-alfa-romeo-junior-en-un-milano\/\" \/>\n<meta property=\"og:site_name\" content=\"ItalPassion\" \/>\n<meta property=\"article:publisher\" content=\"https:\/\/www.facebook.com\/italpassion\" \/>\n<meta property=\"article:published_time\" content=\"2025-07-29T06:46:14+00:00\" \/>\n<meta property=\"og:image\" content=\"https:\/\/www.italpassion.fr\/wp-content\/uploads\/2025\/07\/alfa-romeo-milano-blanc-2.jpg\" \/>\n\t<meta property=\"og:image:width\" content=\"1200\" \/>\n\t<meta property=\"og:image:height\" content=\"800\" \/>\n\t<meta property=\"og:image:type\" content=\"image\/jpeg\" \/>\n<meta name=\"author\" content=\"Alexandre Filluzeau\" \/>\n<meta name=\"twitter:card\" content=\"summary_large_image\" \/>\n<meta name=\"twitter:creator\" content=\"@italpassion\" \/>\n<meta name=\"twitter:site\" content=\"@italpassion\" \/>\n<script type=\"application\/ld+json\" class=\"yoast-schema-graph\">{\"@context\":\"https:\/\/schema.org\",\"@graph\":[{\"@type\":\"NewsArticle\",\"@id\":\"https:\/\/www.italpassion.fr\/es\/alfa-romeo\/insolite-il-transforme-son-alfa-romeo-junior-en-milano\/#article\",\"isPartOf\":{\"@id\":\"https:\/\/www.italpassion.fr\/es\/alfa-romeo\/insolite-il-transforme-son-alfa-romeo-junior-en-milano\/\"},\"author\":{\"name\":\"Alexandre Filluzeau\",\"@id\":\"https:\/\/www.italpassion.fr\/es\/#\/schema\/person\/36f747b2a759ca202d847e85a9434ca0\"},\"headline\":\"Insolite : il transforme son Alfa Romeo Junior&#8230; en Milano !\",\"datePublished\":\"2025-07-29T06:46:14+00:00\",\"mainEntityOfPage\":{\"@id\":\"https:\/\/www.italpassion.fr\/es\/alfa-romeo\/insolite-il-transforme-son-alfa-romeo-junior-en-milano\/\"},\"wordCount\":455,\"commentCount\":8,\"publisher\":{\"@id\":\"https:\/\/www.italpassion.fr\/es\/#organization\"},\"image\":{\"@id\":\"https:\/\/www.italpassion.fr\/es\/alfa-romeo\/insolite-il-transforme-son-alfa-romeo-junior-en-milano\/#primaryimage\"},\"thumbnailUrl\":\"https:\/\/www.italpassion.fr\/wp-content\/uploads\/2025\/07\/alfa-romeo-milano-blanc-2.jpg\",\"keywords\":[\"Alfa Romeo Junior\"],\"articleSection\":[\"Alfa Romeo\"],\"inLanguage\":\"es\",\"potentialAction\":[{\"@type\":\"CommentAction\",\"name\":\"Comment\",\"target\":[\"https:\/\/www.italpassion.fr\/es\/alfa-romeo\/insolite-il-transforme-son-alfa-romeo-junior-en-milano\/#respond\"]}]},{\"@type\":\"WebPage\",\"@id\":\"https:\/\/www.italpassion.fr\/es\/alfa-romeo\/insolite-il-transforme-son-alfa-romeo-junior-en-milano\/\",\"url\":\"https:\/\/www.italpassion.fr\/es\/alfa-romeo\/insolite-il-transforme-son-alfa-romeo-junior-en-milano\/\",\"name\":\"Insolite : il transforme son Alfa Romeo Junior... en Milano ! - ItalPassion\",\"isPartOf\":{\"@id\":\"https:\/\/www.italpassion.fr\/es\/#website\"},\"primaryImageOfPage\":{\"@id\":\"https:\/\/www.italpassion.fr\/es\/alfa-romeo\/insolite-il-transforme-son-alfa-romeo-junior-en-milano\/#primaryimage\"},\"image\":{\"@id\":\"https:\/\/www.italpassion.fr\/es\/alfa-romeo\/insolite-il-transforme-son-alfa-romeo-junior-en-milano\/#primaryimage\"},\"thumbnailUrl\":\"https:\/\/www.italpassion.fr\/wp-content\/uploads\/2025\/07\/alfa-romeo-milano-blanc-2.jpg\",\"datePublished\":\"2025-07-29T06:46:14+00:00\",\"description\":\"Quand certains se contentent de poster fi\u00e8rement la photo de leur nouvelle Alfa Romeo Junior sur Facebook, d\u2019autres vont plus loin\u2026 Beaucoup plus loin.\",\"breadcrumb\":{\"@id\":\"https:\/\/www.italpassion.fr\/es\/alfa-romeo\/insolite-il-transforme-son-alfa-romeo-junior-en-milano\/#breadcrumb\"},\"inLanguage\":\"es\",\"potentialAction\":[{\"@type\":\"ReadAction\",\"target\":[\"https:\/\/www.italpassion.fr\/es\/alfa-romeo\/insolite-il-transforme-son-alfa-romeo-junior-en-milano\/\"]}]},{\"@type\":\"ImageObject\",\"inLanguage\":\"es\",\"@id\":\"https:\/\/www.italpassion.fr\/es\/alfa-romeo\/insolite-il-transforme-son-alfa-romeo-junior-en-milano\/#primaryimage\",\"url\":\"https:\/\/www.italpassion.fr\/wp-content\/uploads\/2025\/07\/alfa-romeo-milano-blanc-2.jpg\",\"contentUrl\":\"https:\/\/www.italpassion.fr\/wp-content\/uploads\/2025\/07\/alfa-romeo-milano-blanc-2.jpg\",\"width\":1200,\"height\":800},{\"@type\":\"BreadcrumbList\",\"@id\":\"https:\/\/www.italpassion.fr\/es\/alfa-romeo\/insolite-il-transforme-son-alfa-romeo-junior-en-milano\/#breadcrumb\",\"itemListElement\":[{\"@type\":\"ListItem\",\"position\":1,\"name\":\"Accueil\",\"item\":\"https:\/\/www.italpassion.fr\/es\/\"},{\"@type\":\"ListItem\",\"position\":2,\"name\":\"Insolite : il transforme son Alfa Romeo Junior&#8230; en Milano !\"}]},{\"@type\":\"WebSite\",\"@id\":\"https:\/\/www.italpassion.fr\/es\/#website\",\"url\":\"https:\/\/www.italpassion.fr\/es\/\",\"name\":\"ItalPassion\",\"description\":\"Les Passionn\u00e9s d&#039;Automobiles Italiennes\",\"publisher\":{\"@id\":\"https:\/\/www.italpassion.fr\/es\/#organization\"},\"potentialAction\":[{\"@type\":\"SearchAction\",\"target\":{\"@type\":\"EntryPoint\",\"urlTemplate\":\"https:\/\/www.italpassion.fr\/es\/?s={search_term_string}\"},\"query-input\":{\"@type\":\"PropertyValueSpecification\",\"valueRequired\":true,\"valueName\":\"search_term_string\"}}],\"inLanguage\":\"es\"},{\"@type\":\"Organization\",\"@id\":\"https:\/\/www.italpassion.fr\/es\/#organization\",\"name\":\"Italpassion\",\"url\":\"https:\/\/www.italpassion.fr\/es\/\",\"logo\":{\"@type\":\"ImageObject\",\"inLanguage\":\"es\",\"@id\":\"https:\/\/www.italpassion.fr\/es\/#\/schema\/logo\/image\/\",\"url\":\"https:\/\/www.italpassion.fr\/wp-content\/uploads\/2023\/07\/italpassion-yoast.jpg\",\"contentUrl\":\"https:\/\/www.italpassion.fr\/wp-content\/uploads\/2023\/07\/italpassion-yoast.jpg\",\"width\":696,\"height\":696,\"caption\":\"Italpassion\"},\"image\":{\"@id\":\"https:\/\/www.italpassion.fr\/es\/#\/schema\/logo\/image\/\"},\"sameAs\":[\"https:\/\/www.facebook.com\/italpassion\",\"https:\/\/x.com\/italpassion\",\"https:\/\/www.instagram.com\/italpassionfr\/\",\"https:\/\/www.youtube.com\/channel\/UCleq-ByQaA42OjhopwevRjQ\",\"https:\/\/www.facebook.com\/italpassion.en\/\",\"https:\/\/www.facebook.com\/italpassion.it\/\",\"https:\/\/www.facebook.com\/italpassion.de\/\",\"https:\/\/www.facebook.com\/italpassion.ja\/\"]},{\"@type\":\"Person\",\"@id\":\"https:\/\/www.italpassion.fr\/es\/#\/schema\/person\/36f747b2a759ca202d847e85a9434ca0\",\"name\":\"Alexandre Filluzeau\",\"image\":{\"@type\":\"ImageObject\",\"inLanguage\":\"es\",\"@id\":\"https:\/\/www.italpassion.fr\/es\/#\/schema\/person\/image\/\",\"url\":\"https:\/\/www.italpassion.fr\/wp-content\/uploads\/2025\/04\/avatar-alexandre-160x160.jpg\",\"contentUrl\":\"https:\/\/www.italpassion.fr\/wp-content\/uploads\/2025\/04\/avatar-alexandre-160x160.jpg\",\"caption\":\"Alexandre Filluzeau\"},\"description\":\"Fondateur du site ItalPassion, passionn\u00e9 de voitures italiennes et de l'Italie en g\u00e9n\u00e9ral. J'apporte un regard critique et technique aux actualit\u00e9s des marques italiennes quand cela est possible. Propri\u00e9taire d'une Maserati GranTurismo, Alfa Romeo MiTo, Lancia Fulvia et Ducati 695. Ex-propri\u00e9taire d'une Alfa Romeo Giulia.\",\"sameAs\":[\"https:\/\/www.italpassion.fr\/\"],\"url\":\"https:\/\/www.italpassion.fr\/es\/author\/alexandre\/\"}]}<\/script>\n<!-- \/ Yoast SEO plugin. -->","yoast_head_json":{"title":"Ins\u00f3lito: transforma su Alfa Romeo Junior... \u00a1en un Milano! - ItalPassion","description":"Mientras que algunos se contentan con colgar orgullosos fotos de su nuevo Alfa Romeo Junior en Facebook, otros van m\u00e1s all\u00e1... mucho m\u00e1s all\u00e1.","robots":{"index":"index","follow":"follow","max-snippet":"max-snippet:-1","max-image-preview":"max-image-preview:large","max-video-preview":"max-video-preview:-1"},"canonical":"https:\/\/www.italpassion.fr\/es\/alfa-romeo\/insolito-transforma-su-alfa-romeo-junior-en-un-milano\/","og_locale":"es_ES","og_type":"article","og_title":"Insolite : il transforme son Alfa Romeo Junior... en Milano ! - ItalPassion","og_description":"Quand certains se contentent de poster fi\u00e8rement la photo de leur nouvelle Alfa Romeo Junior sur Facebook, d\u2019autres vont plus loin\u2026 Beaucoup plus loin.","og_url":"https:\/\/www.italpassion.fr\/es\/alfa-romeo\/insolito-transforma-su-alfa-romeo-junior-en-un-milano\/","og_site_name":"ItalPassion","article_publisher":"https:\/\/www.facebook.com\/italpassion","article_published_time":"2025-07-29T06:46:14+00:00","og_image":[{"width":1200,"height":800,"url":"https:\/\/www.italpassion.fr\/wp-content\/uploads\/2025\/07\/alfa-romeo-milano-blanc-2.jpg","type":"image\/jpeg"}],"author":"Alexandre Filluzeau","twitter_card":"summary_large_image","twitter_creator":"@italpassion","twitter_site":"@italpassion","schema":{"@context":"https:\/\/schema.org","@graph":[{"@type":"NewsArticle","@id":"https:\/\/www.italpassion.fr\/es\/alfa-romeo\/insolite-il-transforme-son-alfa-romeo-junior-en-milano\/#article","isPartOf":{"@id":"https:\/\/www.italpassion.fr\/es\/alfa-romeo\/insolite-il-transforme-son-alfa-romeo-junior-en-milano\/"},"author":{"name":"Alexandre Filluzeau","@id":"https:\/\/www.italpassion.fr\/es\/#\/schema\/person\/36f747b2a759ca202d847e85a9434ca0"},"headline":"Insolite : il transforme son Alfa Romeo Junior&#8230; en Milano !","datePublished":"2025-07-29T06:46:14+00:00","mainEntityOfPage":{"@id":"https:\/\/www.italpassion.fr\/es\/alfa-romeo\/insolite-il-transforme-son-alfa-romeo-junior-en-milano\/"},"wordCount":455,"commentCount":8,"publisher":{"@id":"https:\/\/www.italpassion.fr\/es\/#organization"},"image":{"@id":"https:\/\/www.italpassion.fr\/es\/alfa-romeo\/insolite-il-transforme-son-alfa-romeo-junior-en-milano\/#primaryimage"},"thumbnailUrl":"https:\/\/www.italpassion.fr\/wp-content\/uploads\/2025\/07\/alfa-romeo-milano-blanc-2.jpg","keywords":["Alfa Romeo Junior"],"articleSection":["Alfa Romeo"],"inLanguage":"es","potentialAction":[{"@type":"CommentAction","name":"Comment","target":["https:\/\/www.italpassion.fr\/es\/alfa-romeo\/insolite-il-transforme-son-alfa-romeo-junior-en-milano\/#respond"]}]},{"@type":"WebPage","@id":"https:\/\/www.italpassion.fr\/es\/alfa-romeo\/insolite-il-transforme-son-alfa-romeo-junior-en-milano\/","url":"https:\/\/www.italpassion.fr\/es\/alfa-romeo\/insolite-il-transforme-son-alfa-romeo-junior-en-milano\/","name":"Ins\u00f3lito: transforma su Alfa Romeo Junior... \u00a1en un Milano! - ItalPassion","isPartOf":{"@id":"https:\/\/www.italpassion.fr\/es\/#website"},"primaryImageOfPage":{"@id":"https:\/\/www.italpassion.fr\/es\/alfa-romeo\/insolite-il-transforme-son-alfa-romeo-junior-en-milano\/#primaryimage"},"image":{"@id":"https:\/\/www.italpassion.fr\/es\/alfa-romeo\/insolite-il-transforme-son-alfa-romeo-junior-en-milano\/#primaryimage"},"thumbnailUrl":"https:\/\/www.italpassion.fr\/wp-content\/uploads\/2025\/07\/alfa-romeo-milano-blanc-2.jpg","datePublished":"2025-07-29T06:46:14+00:00","description":"Mientras que algunos se contentan con colgar orgullosos fotos de su nuevo Alfa Romeo Junior en Facebook, otros van m\u00e1s all\u00e1... mucho m\u00e1s all\u00e1.","breadcrumb":{"@id":"https:\/\/www.italpassion.fr\/es\/alfa-romeo\/insolite-il-transforme-son-alfa-romeo-junior-en-milano\/#breadcrumb"},"inLanguage":"es","potentialAction":[{"@type":"ReadAction","target":["https:\/\/www.italpassion.fr\/es\/alfa-romeo\/insolite-il-transforme-son-alfa-romeo-junior-en-milano\/"]}]},{"@type":"ImageObject","inLanguage":"es","@id":"https:\/\/www.italpassion.fr\/es\/alfa-romeo\/insolite-il-transforme-son-alfa-romeo-junior-en-milano\/#primaryimage","url":"https:\/\/www.italpassion.fr\/wp-content\/uploads\/2025\/07\/alfa-romeo-milano-blanc-2.jpg","contentUrl":"https:\/\/www.italpassion.fr\/wp-content\/uploads\/2025\/07\/alfa-romeo-milano-blanc-2.jpg","width":1200,"height":800},{"@type":"BreadcrumbList","@id":"https:\/\/www.italpassion.fr\/es\/alfa-romeo\/insolite-il-transforme-son-alfa-romeo-junior-en-milano\/#breadcrumb","itemListElement":[{"@type":"ListItem","position":1,"name":"Accueil","item":"https:\/\/www.italpassion.fr\/es\/"},{"@type":"ListItem","position":2,"name":"Insolite : il transforme son Alfa Romeo Junior&#8230; en Milano !"}]},{"@type":"WebSite","@id":"https:\/\/www.italpassion.fr\/es\/#website","url":"https:\/\/www.italpassion.fr\/es\/","name":"ItalPassion","description":"Entusiastas de los coches italianos","publisher":{"@id":"https:\/\/www.italpassion.fr\/es\/#organization"},"potentialAction":[{"@type":"SearchAction","target":{"@type":"EntryPoint","urlTemplate":"https:\/\/www.italpassion.fr\/es\/?s={search_term_string}"},"query-input":{"@type":"PropertyValueSpecification","valueRequired":true,"valueName":"search_term_string"}}],"inLanguage":"es"},{"@type":"Organization","@id":"https:\/\/www.italpassion.fr\/es\/#organization","name":"Italpassion","url":"https:\/\/www.italpassion.fr\/es\/","logo":{"@type":"ImageObject","inLanguage":"es","@id":"https:\/\/www.italpassion.fr\/es\/#\/schema\/logo\/image\/","url":"https:\/\/www.italpassion.fr\/wp-content\/uploads\/2023\/07\/italpassion-yoast.jpg","contentUrl":"https:\/\/www.italpassion.fr\/wp-content\/uploads\/2023\/07\/italpassion-yoast.jpg","width":696,"height":696,"caption":"Italpassion"},"image":{"@id":"https:\/\/www.italpassion.fr\/es\/#\/schema\/logo\/image\/"},"sameAs":["https:\/\/www.facebook.com\/italpassion","https:\/\/x.com\/italpassion","https:\/\/www.instagram.com\/italpassionfr\/","https:\/\/www.youtube.com\/channel\/UCleq-ByQaA42OjhopwevRjQ","https:\/\/www.facebook.com\/italpassion.en\/","https:\/\/www.facebook.com\/italpassion.it\/","https:\/\/www.facebook.com\/italpassion.de\/","https:\/\/www.facebook.com\/italpassion.ja\/"]},{"@type":"Person","@id":"https:\/\/www.italpassion.fr\/es\/#\/schema\/person\/36f747b2a759ca202d847e85a9434ca0","name":"Alexandre Filluzeau","image":{"@type":"ImageObject","inLanguage":"es","@id":"https:\/\/www.italpassion.fr\/es\/#\/schema\/person\/image\/","url":"https:\/\/www.italpassion.fr\/wp-content\/uploads\/2025\/04\/avatar-alexandre-160x160.jpg","contentUrl":"https:\/\/www.italpassion.fr\/wp-content\/uploads\/2025\/04\/avatar-alexandre-160x160.jpg","caption":"Alexandre Filluzeau"},"description":"Fundador del sitio web ItalPassion, apasionado de los coches italianos y de Italia en general. Aporto una mirada cr\u00edtica y t\u00e9cnica a las noticias de las marcas italianas cuando es posible. Propietario de un Maserati GranTurismo, Alfa Romeo MiTo, Lancia Fulvia y Ducati 695. Ex-propietario de un Alfa Romeo Giulia.","sameAs":["https:\/\/www.italpassion.fr\/"],"url":"https:\/\/www.italpassion.fr\/es\/author\/alexandre\/"}]}},"_links":{"self":[{"href":"https:\/\/www.italpassion.fr\/es\/wp-json\/wp\/v2\/posts\/40067","targetHints":{"allow":["GET"]}}],"collection":[{"href":"https:\/\/www.italpassion.fr\/es\/wp-json\/wp\/v2\/posts"}],"about":[{"href":"https:\/\/www.italpassion.fr\/es\/wp-json\/wp\/v2\/types\/post"}],"author":[{"embeddable":true,"href":"https:\/\/www.italpassion.fr\/es\/wp-json\/wp\/v2\/users\/1"}],"replies":[{"embeddable":true,"href":"https:\/\/www.italpassion.fr\/es\/wp-json\/wp\/v2\/comments?post=40067"}],"version-history":[{"count":3,"href":"https:\/\/www.italpassion.fr\/es\/wp-json\/wp\/v2\/posts\/40067\/revisions"}],"predecessor-version":[{"id":40153,"href":"https:\/\/www.italpassion.fr\/es\/wp-json\/wp\/v2\/posts\/40067\/revisions\/40153"}],"wp:featuredmedia":[{"embeddable":true,"href":"https:\/\/www.italpassion.fr\/es\/wp-json\/wp\/v2\/media\/40149"}],"wp:attachment":[{"href":"https:\/\/www.italpassion.fr\/es\/wp-json\/wp\/v2\/media?parent=40067"}],"wp:term":[{"taxonomy":"category","embeddable":true,"href":"https:\/\/www.italpassion.fr\/es\/wp-json\/wp\/v2\/categories?post=40067"},{"taxonomy":"post_tag","embeddable":true,"href":"https:\/\/www.italpassion.fr\/es\/wp-json\/wp\/v2\/tags?post=40067"}],"curies":[{"name":"wp","href":"https:\/\/api.w.org\/{rel}","templated":true}]}}