{"id":40044,"date":"2025-07-24T10:35:19","date_gmt":"2025-07-24T08:35:19","guid":{"rendered":"https:\/\/www.italpassion.fr\/?p=40044"},"modified":"2025-07-24T10:35:19","modified_gmt":"2025-07-24T08:35:19","slug":"cifras-de-maserati-en-el-primer-semestre-de-2025-cuando-habra-tocado-fondo-la-marca","status":"publish","type":"post","link":"https:\/\/www.italpassion.fr\/es\/maserati\/chiffres-maserati-du-premier-semestre-2025-quand-est-ce-que-la-marque-aura-touche-le-fond\/","title":{"rendered":"Cifras de Maserati en el primer semestre de 2025: \u00bfcu\u00e1ndo habr\u00e1 tocado fondo la marca?"},"content":{"rendered":"<figure class=\"wp-block-image size-large\"><img loading=\"lazy\" decoding=\"async\" width=\"1024\" height=\"683\" src=\"https:\/\/www.italpassion.fr\/wp-content\/uploads\/2025\/03\/maserati-mc20-modene-1024x683.jpg\" alt=\"\" class=\"wp-image-37189\" srcset=\"https:\/\/www.italpassion.fr\/wp-content\/uploads\/2025\/03\/maserati-mc20-modene-1024x683.jpg 1024w, https:\/\/www.italpassion.fr\/wp-content\/uploads\/2025\/03\/maserati-mc20-modene-300x200.jpg 300w, https:\/\/www.italpassion.fr\/wp-content\/uploads\/2025\/03\/maserati-mc20-modene-768x512.jpg 768w, https:\/\/www.italpassion.fr\/wp-content\/uploads\/2025\/03\/maserati-mc20-modene-18x12.jpg 18w, https:\/\/www.italpassion.fr\/wp-content\/uploads\/2025\/03\/maserati-mc20-modene-561x374.jpg 561w, https:\/\/www.italpassion.fr\/wp-content\/uploads\/2025\/03\/maserati-mc20-modene-1122x748.jpg 1122w, https:\/\/www.italpassion.fr\/wp-content\/uploads\/2025\/03\/maserati-mc20-modene-265x177.jpg 265w, https:\/\/www.italpassion.fr\/wp-content\/uploads\/2025\/03\/maserati-mc20-modene-531x354.jpg 531w, https:\/\/www.italpassion.fr\/wp-content\/uploads\/2025\/03\/maserati-mc20-modene-364x243.jpg 364w, https:\/\/www.italpassion.fr\/wp-content\/uploads\/2025\/03\/maserati-mc20-modene-728x485.jpg 728w, https:\/\/www.italpassion.fr\/wp-content\/uploads\/2025\/03\/maserati-mc20-modene-608x405.jpg 608w, https:\/\/www.italpassion.fr\/wp-content\/uploads\/2025\/03\/maserati-mc20-modene-758x505.jpg 758w, https:\/\/www.italpassion.fr\/wp-content\/uploads\/2025\/03\/maserati-mc20-modene-1152x768.jpg 1152w, https:\/\/www.italpassion.fr\/wp-content\/uploads\/2025\/03\/maserati-mc20-modene.jpg 1200w\" sizes=\"auto, (max-width: 1024px) 100vw, 1024px\" \/><\/figure>\n\n\n\n<p>Desde la segunda mitad de 2023, <a href=\"https:\/\/www.italpassion.fr\/es\/maserati\/\">Maserati<\/a> se desliza lenta pero inexorablemente hacia los \u00faltimos puestos de la clasificaci\u00f3n mundial de matriculaciones de marcas de lujo. Despu\u00e9s de <a href=\"https:\/\/www.italpassion.fr\/es\/maserati\/maserati-cifras-para-2024-la-marca-senfonce-en-numeros-rojos-cuando-se-producira-el-electroshock-2\/\">2024 ya en n\u00fameros rojos<\/a>Desgraciadamente, la marca italiana confirma la tendencia en 2025, con un primer semestre catastr\u00f3fico: -32 % en matriculaciones en los 10 pa\u00edses m\u00e1s importantes, tras una ca\u00edda de -31 % en 2024. <strong>En dos a\u00f1os, los vol\u00famenes se han reducido a la mitad.<\/strong><\/p>\n\n\n\n<h2 class=\"wp-block-heading\">Fuerte ca\u00edda en casi todos los pa\u00edses<\/h2>\n\n\n\n<p><strong>Todas las cifras que figuran a continuaci\u00f3n son recuperadas por Italpassion y requieren horas de trabajo. Gracias por citarnos.<\/strong><\/p>\n\n\n\n<p>El mercado estadounidense, hist\u00f3ricamente el mayor de la marca, cay\u00f3 bruscamente hasta las 1.830 unidades, frente a las 2.921 del mismo periodo del a\u00f1o anterior, lo que supone un descenso de 37 %. Italia, la cuna de Maserati, no fue una excepci\u00f3n, con un descenso de las ventas de 30 %, mientras que el Reino Unido se desplom\u00f3 hasta las 38 %. Las \u00fanicas excepciones notables fueron Alemania, que subi\u00f3 ligeramente hasta +12 %, y Francia, que progres\u00f3 t\u00edmidamente (+7 %, pero con s\u00f3lo... 48 matriculaciones en seis meses).<\/p>\n\n\n\n<p>Suiza es un claro ejemplo: 50 % menos, al igual que Jap\u00f3n (36 % menos), Espa\u00f1a (15 % menos) y Australia (25 % menos). Incluso Turqu\u00eda, que todav\u00eda era un peque\u00f1o mercado en crecimiento en 2024, ha bajado -8 %. En el primer semestre, Maserati registr\u00f3 4.328 matriculaciones, frente a las 6.324 de 2024 y las 9.194 de 2023.<\/p>\n\n\n\n<figure class=\"wp-block-table\"><table class=\"has-fixed-layout\"><thead><tr><th>Pa\u00eds<\/th><th>H1 2023<\/th><th>H1 2024<\/th><th>H1 2025<\/th><th>Cambia n-1<\/th><\/tr><\/thead><tbody><tr><td>Estados Unidos<\/td><td>3811<\/td><td>2921<\/td><td>1830<\/td><td>-37%<\/td><\/tr><tr><td>Italia<\/td><td>2223<\/td><td>1445<\/td><td>1017<\/td><td>-30%<\/td><\/tr><tr><td>Jap\u00f3n<\/td><td>667<\/td><td>659<\/td><td>424<\/td><td>-36%<\/td><\/tr><tr><td>Alemania<\/td><td>696<\/td><td>300<\/td><td>336<\/td><td>12%<\/td><\/tr><tr><td>Reino Unido<\/td><td>544<\/td><td>277<\/td><td>171<\/td><td>-38%<\/td><\/tr><tr><td>Suiza<\/td><td>312<\/td><td>181<\/td><td>91<\/td><td>-50%<\/td><\/tr><tr><td>Australia<\/td><td>319<\/td><td>200<\/td><td>151<\/td><td>-25%<\/td><\/tr><tr><td>Turqu\u00eda<\/td><td>307<\/td><td>131<\/td><td>120<\/td><td>-8%<\/td><\/tr><tr><td>Espa\u00f1a<\/td><td>245<\/td><td>165<\/td><td>140<\/td><td>-15%<\/td><\/tr><tr><td>Francia<\/td><td>70<\/td><td>45<\/td><td>48<\/td><td>7%<\/td><\/tr><tr><td><\/td><td>9194<\/td><td>6324<\/td><td>4328<\/td><td>-32%<\/td><\/tr><\/tbody><\/table><\/figure>\n\n\n\n<h2 class=\"wp-block-heading\">Pero los buenos productos...<\/h2>\n\n\n\n<p>La paradoja es que la marca ofrece varios modelos muy interesantes, sobre todo para los amantes de los coches deportivos:<\/p>\n\n\n\n<ul class=\"wp-block-list\">\n<li>El GT2 Stradale, la versi\u00f3n de carretera del GT2 de carreras.<\/li>\n\n\n\n<li>El MCXtrema, un hipercoche extremo no homologado para la carretera, reservado a un pu\u00f1ado de coleccionistas.<\/li>\n\n\n\n<li>El MCPURA, un supercoche exclusivo producido en M\u00f3dena, es uno de los \u00faltimos sin motor h\u00edbrido.<\/li>\n<\/ul>\n\n\n\n<p>Pero estos modelos son raros, caros y no contribuyen en nada a cambiar la situaci\u00f3n comercial general de Maserati.<\/p>\n\n\n\n<h2 class=\"wp-block-heading\">Una gama incoherente y mal situada<\/h2>\n\n\n\n<p>Las verdaderas dificultades proceden de la gama de consumo:<\/p>\n\n\n\n<ul class=\"wp-block-list\">\n<li>La gama el\u00e9ctrica Folgore 100 % es un fracaso.<\/li>\n\n\n\n<li>El SUV Grecale, que iba a ser un pilar del volumen, sigue sin ofrecerse con un motor V6 h\u00edbrido.<\/li>\n\n\n\n<li>Los nuevos Granturismo y Grancabrio, aunque t\u00e9cnicamente exitosos, se lanzaron a precios demasiado elevados. <a href=\"https:\/\/www.italpassion.fr\/es\/maserati\/maserati-comienza-a-bajar-los-precios-de-algunos-modelos-de-su-gama-2025\/\">Los recortes de precios siguieron<\/a>Pero el da\u00f1o ya estaba hecho.<\/li>\n\n\n\n<li>La desaparici\u00f3n del Ghibli, el Quattroporte y el Levante sin sustitutos tambi\u00e9n ha dejado un enorme vac\u00edo en la gama Maserati.<\/li>\n<\/ul>\n\n\n\n<h2 class=\"wp-block-heading\">Un futuro impreciso... \u00bfo uno en ciernes?<\/h2>\n\n\n\n<p>Ante esta preocupante situaci\u00f3n, el silencio de Maserati en los \u00faltimos meses plantea interrogantes. Se nos ha prometido un plan de recuperaci\u00f3n desde finales de 2024. Al principio se supon\u00eda que ser\u00eda en febrero de 2025. Se pospuso hasta finales de junio. Ahora estamos a finales de julio... y a\u00fan no hay anuncio oficial.<\/p>\n\n\n\n<p>Sin embargo, seg\u00fan nuestras informaciones, se ha presentado internamente a algunos empleados de la marca un plan de producto. Deber\u00eda reorganizar la gama en torno a modelos m\u00e1s acordes con las expectativas del mercado e incorporar cadenas cinem\u00e1ticas h\u00edbridas.<\/p>\n\n\n\n<p>La producci\u00f3n del Granturismo y el Grancabrio se trasladar\u00e1 a M\u00f3dena a finales de 2025, donde compartir\u00e1n l\u00ednea con el MCPURA. Se trata de una forma de racionalizar costes y dar un nuevo sentido a la producci\u00f3n tradicional italiana.<\/p>\n\n\n\n<h2 class=\"wp-block-heading\">\u00bfPodr\u00e1 Maserati recuperarse?<\/h2>\n\n\n\n<p>Hay muchas razones para creer que Maserati a\u00fan no ha tocado fondo... pero que se est\u00e1 acercando peligrosamente. En dos a\u00f1os, el desplome de las ventas ha sido real. Los errores estrat\u00e9gicos cometidos por Stellantis est\u00e1n pasando factura: una gama el\u00e9ctrica sin mercado, un SUV poco potente, berlinas abandonadas, deportivos sobrevalorados, etc. Y la falta de comunicaci\u00f3n no ayuda a tranquilizar a los entusiastas ni a los inversores.<\/p>","protected":false},"excerpt":{"rendered":"","protected":false},"author":1,"featured_media":37189,"comment_status":"open","ping_status":"open","sticky":false,"template":"","format":"standard","meta":{"_acf_changed":false,"_sitemap_exclude":false,"_sitemap_priority":"","_sitemap_frequency":"","footnotes":""},"categories":[27],"tags":[],"class_list":["post-40044","post","type-post","status-publish","format-standard","has-post-thumbnail","hentry","category-maserati","generate-columns","tablet-grid-50","mobile-grid-100","grid-parent","grid-33"],"acf":[],"yoast_head":"<!-- This site is optimized with the Yoast SEO plugin v25.8 - https:\/\/yoast.com\/wordpress\/plugins\/seo\/ -->\n<title>Chiffres Maserati du premier semestre 2025 : quand est-ce que la marque aura touch\u00e9 le fond ? - ItalPassion<\/title>\n<meta name=\"description\" content=\"Depuis la deuxi\u00e8me moiti\u00e9 de l\u2019ann\u00e9e 2023, Maserati glisse lentement, mais s\u00fbrement vers le fond du classement mondial des immatriculations des marques de\" \/>\n<meta name=\"robots\" content=\"index, follow, max-snippet:-1, max-image-preview:large, max-video-preview:-1\" \/>\n<link rel=\"canonical\" href=\"https:\/\/www.italpassion.fr\/es\/maserati\/cifras-de-maserati-en-el-primer-semestre-de-2025-cuando-habra-tocado-fondo-la-marca\/\" \/>\n<meta property=\"og:locale\" content=\"es_ES\" \/>\n<meta property=\"og:type\" content=\"article\" \/>\n<meta property=\"og:title\" content=\"Chiffres Maserati du premier semestre 2025 : quand est-ce que la marque aura touch\u00e9 le fond ? - ItalPassion\" \/>\n<meta property=\"og:description\" content=\"Depuis la deuxi\u00e8me moiti\u00e9 de l\u2019ann\u00e9e 2023, Maserati glisse lentement, mais s\u00fbrement vers le fond du classement mondial des immatriculations des marques de\" \/>\n<meta property=\"og:url\" content=\"https:\/\/www.italpassion.fr\/es\/maserati\/cifras-de-maserati-en-el-primer-semestre-de-2025-cuando-habra-tocado-fondo-la-marca\/\" \/>\n<meta property=\"og:site_name\" content=\"ItalPassion\" \/>\n<meta property=\"article:publisher\" content=\"https:\/\/www.facebook.com\/italpassion\" \/>\n<meta property=\"article:published_time\" content=\"2025-07-24T08:35:19+00:00\" \/>\n<meta property=\"og:image\" content=\"https:\/\/www.italpassion.fr\/wp-content\/uploads\/2025\/03\/maserati-mc20-modene.jpg\" \/>\n\t<meta property=\"og:image:width\" content=\"1200\" \/>\n\t<meta property=\"og:image:height\" content=\"800\" \/>\n\t<meta property=\"og:image:type\" content=\"image\/jpeg\" \/>\n<meta name=\"author\" content=\"Alexandre Filluzeau\" \/>\n<meta name=\"twitter:card\" content=\"summary_large_image\" \/>\n<meta name=\"twitter:creator\" content=\"@italpassion\" \/>\n<meta name=\"twitter:site\" content=\"@italpassion\" \/>\n<script type=\"application\/ld+json\" class=\"yoast-schema-graph\">{\"@context\":\"https:\/\/schema.org\",\"@graph\":[{\"@type\":\"NewsArticle\",\"@id\":\"https:\/\/www.italpassion.fr\/es\/maserati\/chiffres-maserati-du-premier-semestre-2025-quand-est-ce-que-la-marque-aura-touche-le-fond\/#article\",\"isPartOf\":{\"@id\":\"https:\/\/www.italpassion.fr\/es\/maserati\/chiffres-maserati-du-premier-semestre-2025-quand-est-ce-que-la-marque-aura-touche-le-fond\/\"},\"author\":{\"name\":\"Alexandre Filluzeau\",\"@id\":\"https:\/\/www.italpassion.fr\/es\/#\/schema\/person\/36f747b2a759ca202d847e85a9434ca0\"},\"headline\":\"Chiffres Maserati du premier semestre 2025 : quand est-ce que la marque aura touch\u00e9 le fond ?\",\"datePublished\":\"2025-07-24T08:35:19+00:00\",\"mainEntityOfPage\":{\"@id\":\"https:\/\/www.italpassion.fr\/es\/maserati\/chiffres-maserati-du-premier-semestre-2025-quand-est-ce-que-la-marque-aura-touche-le-fond\/\"},\"wordCount\":672,\"commentCount\":18,\"publisher\":{\"@id\":\"https:\/\/www.italpassion.fr\/es\/#organization\"},\"image\":{\"@id\":\"https:\/\/www.italpassion.fr\/es\/maserati\/chiffres-maserati-du-premier-semestre-2025-quand-est-ce-que-la-marque-aura-touche-le-fond\/#primaryimage\"},\"thumbnailUrl\":\"https:\/\/www.italpassion.fr\/wp-content\/uploads\/2025\/03\/maserati-mc20-modene.jpg\",\"articleSection\":[\"Maserati\"],\"inLanguage\":\"es\",\"potentialAction\":[{\"@type\":\"CommentAction\",\"name\":\"Comment\",\"target\":[\"https:\/\/www.italpassion.fr\/es\/maserati\/chiffres-maserati-du-premier-semestre-2025-quand-est-ce-que-la-marque-aura-touche-le-fond\/#respond\"]}]},{\"@type\":\"WebPage\",\"@id\":\"https:\/\/www.italpassion.fr\/es\/maserati\/chiffres-maserati-du-premier-semestre-2025-quand-est-ce-que-la-marque-aura-touche-le-fond\/\",\"url\":\"https:\/\/www.italpassion.fr\/es\/maserati\/chiffres-maserati-du-premier-semestre-2025-quand-est-ce-que-la-marque-aura-touche-le-fond\/\",\"name\":\"Chiffres Maserati du premier semestre 2025 : quand est-ce que la marque aura touch\u00e9 le fond ? - ItalPassion\",\"isPartOf\":{\"@id\":\"https:\/\/www.italpassion.fr\/es\/#website\"},\"primaryImageOfPage\":{\"@id\":\"https:\/\/www.italpassion.fr\/es\/maserati\/chiffres-maserati-du-premier-semestre-2025-quand-est-ce-que-la-marque-aura-touche-le-fond\/#primaryimage\"},\"image\":{\"@id\":\"https:\/\/www.italpassion.fr\/es\/maserati\/chiffres-maserati-du-premier-semestre-2025-quand-est-ce-que-la-marque-aura-touche-le-fond\/#primaryimage\"},\"thumbnailUrl\":\"https:\/\/www.italpassion.fr\/wp-content\/uploads\/2025\/03\/maserati-mc20-modene.jpg\",\"datePublished\":\"2025-07-24T08:35:19+00:00\",\"description\":\"Depuis la deuxi\u00e8me moiti\u00e9 de l\u2019ann\u00e9e 2023, Maserati glisse lentement, mais s\u00fbrement vers le fond du classement mondial des immatriculations des marques de\",\"breadcrumb\":{\"@id\":\"https:\/\/www.italpassion.fr\/es\/maserati\/chiffres-maserati-du-premier-semestre-2025-quand-est-ce-que-la-marque-aura-touche-le-fond\/#breadcrumb\"},\"inLanguage\":\"es\",\"potentialAction\":[{\"@type\":\"ReadAction\",\"target\":[\"https:\/\/www.italpassion.fr\/es\/maserati\/chiffres-maserati-du-premier-semestre-2025-quand-est-ce-que-la-marque-aura-touche-le-fond\/\"]}]},{\"@type\":\"ImageObject\",\"inLanguage\":\"es\",\"@id\":\"https:\/\/www.italpassion.fr\/es\/maserati\/chiffres-maserati-du-premier-semestre-2025-quand-est-ce-que-la-marque-aura-touche-le-fond\/#primaryimage\",\"url\":\"https:\/\/www.italpassion.fr\/wp-content\/uploads\/2025\/03\/maserati-mc20-modene.jpg\",\"contentUrl\":\"https:\/\/www.italpassion.fr\/wp-content\/uploads\/2025\/03\/maserati-mc20-modene.jpg\",\"width\":1200,\"height\":800},{\"@type\":\"BreadcrumbList\",\"@id\":\"https:\/\/www.italpassion.fr\/es\/maserati\/chiffres-maserati-du-premier-semestre-2025-quand-est-ce-que-la-marque-aura-touche-le-fond\/#breadcrumb\",\"itemListElement\":[{\"@type\":\"ListItem\",\"position\":1,\"name\":\"Accueil\",\"item\":\"https:\/\/www.italpassion.fr\/es\/\"},{\"@type\":\"ListItem\",\"position\":2,\"name\":\"Chiffres Maserati du premier semestre 2025 : quand est-ce que la marque aura touch\u00e9 le fond ?\"}]},{\"@type\":\"WebSite\",\"@id\":\"https:\/\/www.italpassion.fr\/es\/#website\",\"url\":\"https:\/\/www.italpassion.fr\/es\/\",\"name\":\"ItalPassion\",\"description\":\"Les Passionn\u00e9s d&#039;Automobiles Italiennes\",\"publisher\":{\"@id\":\"https:\/\/www.italpassion.fr\/es\/#organization\"},\"potentialAction\":[{\"@type\":\"SearchAction\",\"target\":{\"@type\":\"EntryPoint\",\"urlTemplate\":\"https:\/\/www.italpassion.fr\/es\/?s={search_term_string}\"},\"query-input\":{\"@type\":\"PropertyValueSpecification\",\"valueRequired\":true,\"valueName\":\"search_term_string\"}}],\"inLanguage\":\"es\"},{\"@type\":\"Organization\",\"@id\":\"https:\/\/www.italpassion.fr\/es\/#organization\",\"name\":\"Italpassion\",\"url\":\"https:\/\/www.italpassion.fr\/es\/\",\"logo\":{\"@type\":\"ImageObject\",\"inLanguage\":\"es\",\"@id\":\"https:\/\/www.italpassion.fr\/es\/#\/schema\/logo\/image\/\",\"url\":\"https:\/\/www.italpassion.fr\/wp-content\/uploads\/2023\/07\/italpassion-yoast.jpg\",\"contentUrl\":\"https:\/\/www.italpassion.fr\/wp-content\/uploads\/2023\/07\/italpassion-yoast.jpg\",\"width\":696,\"height\":696,\"caption\":\"Italpassion\"},\"image\":{\"@id\":\"https:\/\/www.italpassion.fr\/es\/#\/schema\/logo\/image\/\"},\"sameAs\":[\"https:\/\/www.facebook.com\/italpassion\",\"https:\/\/x.com\/italpassion\",\"https:\/\/www.instagram.com\/italpassionfr\/\",\"https:\/\/www.youtube.com\/channel\/UCleq-ByQaA42OjhopwevRjQ\",\"https:\/\/www.facebook.com\/italpassion.en\/\",\"https:\/\/www.facebook.com\/italpassion.it\/\",\"https:\/\/www.facebook.com\/italpassion.de\/\",\"https:\/\/www.facebook.com\/italpassion.ja\/\"]},{\"@type\":\"Person\",\"@id\":\"https:\/\/www.italpassion.fr\/es\/#\/schema\/person\/36f747b2a759ca202d847e85a9434ca0\",\"name\":\"Alexandre Filluzeau\",\"image\":{\"@type\":\"ImageObject\",\"inLanguage\":\"es\",\"@id\":\"https:\/\/www.italpassion.fr\/es\/#\/schema\/person\/image\/\",\"url\":\"https:\/\/www.italpassion.fr\/wp-content\/uploads\/2025\/04\/avatar-alexandre-160x160.jpg\",\"contentUrl\":\"https:\/\/www.italpassion.fr\/wp-content\/uploads\/2025\/04\/avatar-alexandre-160x160.jpg\",\"caption\":\"Alexandre Filluzeau\"},\"description\":\"Fondateur du site ItalPassion, passionn\u00e9 de voitures italiennes et de l'Italie en g\u00e9n\u00e9ral. J'apporte un regard critique et technique aux actualit\u00e9s des marques italiennes quand cela est possible. Propri\u00e9taire d'une Maserati GranTurismo, Alfa Romeo MiTo, Lancia Fulvia et Ducati 695. Ex-propri\u00e9taire d'une Alfa Romeo Giulia.\",\"sameAs\":[\"https:\/\/www.italpassion.fr\/\"],\"url\":\"https:\/\/www.italpassion.fr\/es\/author\/alexandre\/\"}]}<\/script>\n<!-- \/ Yoast SEO plugin. -->","yoast_head_json":{"title":"Las cifras de Maserati en el primer semestre de 2025: \u00bfcu\u00e1ndo tocar\u00e1 fondo la marca? - ItalPassion","description":"Desde el segundo semestre de 2023, Maserati ha ido desliz\u00e1ndose lenta pero inexorablemente hacia el fondo de la clasificaci\u00f3n mundial de matriculaciones de marcas de autom\u00f3viles.","robots":{"index":"index","follow":"follow","max-snippet":"max-snippet:-1","max-image-preview":"max-image-preview:large","max-video-preview":"max-video-preview:-1"},"canonical":"https:\/\/www.italpassion.fr\/es\/maserati\/cifras-de-maserati-en-el-primer-semestre-de-2025-cuando-habra-tocado-fondo-la-marca\/","og_locale":"es_ES","og_type":"article","og_title":"Chiffres Maserati du premier semestre 2025 : quand est-ce que la marque aura touch\u00e9 le fond ? - ItalPassion","og_description":"Depuis la deuxi\u00e8me moiti\u00e9 de l\u2019ann\u00e9e 2023, Maserati glisse lentement, mais s\u00fbrement vers le fond du classement mondial des immatriculations des marques de","og_url":"https:\/\/www.italpassion.fr\/es\/maserati\/cifras-de-maserati-en-el-primer-semestre-de-2025-cuando-habra-tocado-fondo-la-marca\/","og_site_name":"ItalPassion","article_publisher":"https:\/\/www.facebook.com\/italpassion","article_published_time":"2025-07-24T08:35:19+00:00","og_image":[{"width":1200,"height":800,"url":"https:\/\/www.italpassion.fr\/wp-content\/uploads\/2025\/03\/maserati-mc20-modene.jpg","type":"image\/jpeg"}],"author":"Alexandre Filluzeau","twitter_card":"summary_large_image","twitter_creator":"@italpassion","twitter_site":"@italpassion","schema":{"@context":"https:\/\/schema.org","@graph":[{"@type":"NewsArticle","@id":"https:\/\/www.italpassion.fr\/es\/maserati\/chiffres-maserati-du-premier-semestre-2025-quand-est-ce-que-la-marque-aura-touche-le-fond\/#article","isPartOf":{"@id":"https:\/\/www.italpassion.fr\/es\/maserati\/chiffres-maserati-du-premier-semestre-2025-quand-est-ce-que-la-marque-aura-touche-le-fond\/"},"author":{"name":"Alexandre Filluzeau","@id":"https:\/\/www.italpassion.fr\/es\/#\/schema\/person\/36f747b2a759ca202d847e85a9434ca0"},"headline":"Chiffres Maserati du premier semestre 2025 : quand est-ce que la marque aura touch\u00e9 le fond ?","datePublished":"2025-07-24T08:35:19+00:00","mainEntityOfPage":{"@id":"https:\/\/www.italpassion.fr\/es\/maserati\/chiffres-maserati-du-premier-semestre-2025-quand-est-ce-que-la-marque-aura-touche-le-fond\/"},"wordCount":672,"commentCount":18,"publisher":{"@id":"https:\/\/www.italpassion.fr\/es\/#organization"},"image":{"@id":"https:\/\/www.italpassion.fr\/es\/maserati\/chiffres-maserati-du-premier-semestre-2025-quand-est-ce-que-la-marque-aura-touche-le-fond\/#primaryimage"},"thumbnailUrl":"https:\/\/www.italpassion.fr\/wp-content\/uploads\/2025\/03\/maserati-mc20-modene.jpg","articleSection":["Maserati"],"inLanguage":"es","potentialAction":[{"@type":"CommentAction","name":"Comment","target":["https:\/\/www.italpassion.fr\/es\/maserati\/chiffres-maserati-du-premier-semestre-2025-quand-est-ce-que-la-marque-aura-touche-le-fond\/#respond"]}]},{"@type":"WebPage","@id":"https:\/\/www.italpassion.fr\/es\/maserati\/chiffres-maserati-du-premier-semestre-2025-quand-est-ce-que-la-marque-aura-touche-le-fond\/","url":"https:\/\/www.italpassion.fr\/es\/maserati\/chiffres-maserati-du-premier-semestre-2025-quand-est-ce-que-la-marque-aura-touche-le-fond\/","name":"Las cifras de Maserati en el primer semestre de 2025: \u00bfcu\u00e1ndo tocar\u00e1 fondo la marca? - ItalPassion","isPartOf":{"@id":"https:\/\/www.italpassion.fr\/es\/#website"},"primaryImageOfPage":{"@id":"https:\/\/www.italpassion.fr\/es\/maserati\/chiffres-maserati-du-premier-semestre-2025-quand-est-ce-que-la-marque-aura-touche-le-fond\/#primaryimage"},"image":{"@id":"https:\/\/www.italpassion.fr\/es\/maserati\/chiffres-maserati-du-premier-semestre-2025-quand-est-ce-que-la-marque-aura-touche-le-fond\/#primaryimage"},"thumbnailUrl":"https:\/\/www.italpassion.fr\/wp-content\/uploads\/2025\/03\/maserati-mc20-modene.jpg","datePublished":"2025-07-24T08:35:19+00:00","description":"Desde el segundo semestre de 2023, Maserati ha ido desliz\u00e1ndose lenta pero inexorablemente hacia el fondo de la clasificaci\u00f3n mundial de matriculaciones de marcas de autom\u00f3viles.","breadcrumb":{"@id":"https:\/\/www.italpassion.fr\/es\/maserati\/chiffres-maserati-du-premier-semestre-2025-quand-est-ce-que-la-marque-aura-touche-le-fond\/#breadcrumb"},"inLanguage":"es","potentialAction":[{"@type":"ReadAction","target":["https:\/\/www.italpassion.fr\/es\/maserati\/chiffres-maserati-du-premier-semestre-2025-quand-est-ce-que-la-marque-aura-touche-le-fond\/"]}]},{"@type":"ImageObject","inLanguage":"es","@id":"https:\/\/www.italpassion.fr\/es\/maserati\/chiffres-maserati-du-premier-semestre-2025-quand-est-ce-que-la-marque-aura-touche-le-fond\/#primaryimage","url":"https:\/\/www.italpassion.fr\/wp-content\/uploads\/2025\/03\/maserati-mc20-modene.jpg","contentUrl":"https:\/\/www.italpassion.fr\/wp-content\/uploads\/2025\/03\/maserati-mc20-modene.jpg","width":1200,"height":800},{"@type":"BreadcrumbList","@id":"https:\/\/www.italpassion.fr\/es\/maserati\/chiffres-maserati-du-premier-semestre-2025-quand-est-ce-que-la-marque-aura-touche-le-fond\/#breadcrumb","itemListElement":[{"@type":"ListItem","position":1,"name":"Accueil","item":"https:\/\/www.italpassion.fr\/es\/"},{"@type":"ListItem","position":2,"name":"Chiffres Maserati du premier semestre 2025 : quand est-ce que la marque aura touch\u00e9 le fond ?"}]},{"@type":"WebSite","@id":"https:\/\/www.italpassion.fr\/es\/#website","url":"https:\/\/www.italpassion.fr\/es\/","name":"ItalPassion","description":"Entusiastas de los coches italianos","publisher":{"@id":"https:\/\/www.italpassion.fr\/es\/#organization"},"potentialAction":[{"@type":"SearchAction","target":{"@type":"EntryPoint","urlTemplate":"https:\/\/www.italpassion.fr\/es\/?s={search_term_string}"},"query-input":{"@type":"PropertyValueSpecification","valueRequired":true,"valueName":"search_term_string"}}],"inLanguage":"es"},{"@type":"Organization","@id":"https:\/\/www.italpassion.fr\/es\/#organization","name":"Italpassion","url":"https:\/\/www.italpassion.fr\/es\/","logo":{"@type":"ImageObject","inLanguage":"es","@id":"https:\/\/www.italpassion.fr\/es\/#\/schema\/logo\/image\/","url":"https:\/\/www.italpassion.fr\/wp-content\/uploads\/2023\/07\/italpassion-yoast.jpg","contentUrl":"https:\/\/www.italpassion.fr\/wp-content\/uploads\/2023\/07\/italpassion-yoast.jpg","width":696,"height":696,"caption":"Italpassion"},"image":{"@id":"https:\/\/www.italpassion.fr\/es\/#\/schema\/logo\/image\/"},"sameAs":["https:\/\/www.facebook.com\/italpassion","https:\/\/x.com\/italpassion","https:\/\/www.instagram.com\/italpassionfr\/","https:\/\/www.youtube.com\/channel\/UCleq-ByQaA42OjhopwevRjQ","https:\/\/www.facebook.com\/italpassion.en\/","https:\/\/www.facebook.com\/italpassion.it\/","https:\/\/www.facebook.com\/italpassion.de\/","https:\/\/www.facebook.com\/italpassion.ja\/"]},{"@type":"Person","@id":"https:\/\/www.italpassion.fr\/es\/#\/schema\/person\/36f747b2a759ca202d847e85a9434ca0","name":"Alexandre Filluzeau","image":{"@type":"ImageObject","inLanguage":"es","@id":"https:\/\/www.italpassion.fr\/es\/#\/schema\/person\/image\/","url":"https:\/\/www.italpassion.fr\/wp-content\/uploads\/2025\/04\/avatar-alexandre-160x160.jpg","contentUrl":"https:\/\/www.italpassion.fr\/wp-content\/uploads\/2025\/04\/avatar-alexandre-160x160.jpg","caption":"Alexandre Filluzeau"},"description":"Fundador del sitio web ItalPassion, apasionado de los coches italianos y de Italia en general. Aporto una mirada cr\u00edtica y t\u00e9cnica a las noticias de las marcas italianas cuando es posible. Propietario de un Maserati GranTurismo, Alfa Romeo MiTo, Lancia Fulvia y Ducati 695. Ex-propietario de un Alfa Romeo Giulia.","sameAs":["https:\/\/www.italpassion.fr\/"],"url":"https:\/\/www.italpassion.fr\/es\/author\/alexandre\/"}]}},"_links":{"self":[{"href":"https:\/\/www.italpassion.fr\/es\/wp-json\/wp\/v2\/posts\/40044","targetHints":{"allow":["GET"]}}],"collection":[{"href":"https:\/\/www.italpassion.fr\/es\/wp-json\/wp\/v2\/posts"}],"about":[{"href":"https:\/\/www.italpassion.fr\/es\/wp-json\/wp\/v2\/types\/post"}],"author":[{"embeddable":true,"href":"https:\/\/www.italpassion.fr\/es\/wp-json\/wp\/v2\/users\/1"}],"replies":[{"embeddable":true,"href":"https:\/\/www.italpassion.fr\/es\/wp-json\/wp\/v2\/comments?post=40044"}],"version-history":[{"count":1,"href":"https:\/\/www.italpassion.fr\/es\/wp-json\/wp\/v2\/posts\/40044\/revisions"}],"predecessor-version":[{"id":40045,"href":"https:\/\/www.italpassion.fr\/es\/wp-json\/wp\/v2\/posts\/40044\/revisions\/40045"}],"wp:featuredmedia":[{"embeddable":true,"href":"https:\/\/www.italpassion.fr\/es\/wp-json\/wp\/v2\/media\/37189"}],"wp:attachment":[{"href":"https:\/\/www.italpassion.fr\/es\/wp-json\/wp\/v2\/media?parent=40044"}],"wp:term":[{"taxonomy":"category","embeddable":true,"href":"https:\/\/www.italpassion.fr\/es\/wp-json\/wp\/v2\/categories?post=40044"},{"taxonomy":"post_tag","embeddable":true,"href":"https:\/\/www.italpassion.fr\/es\/wp-json\/wp\/v2\/tags?post=40044"}],"curies":[{"name":"wp","href":"https:\/\/api.w.org\/{rel}","templated":true}]}}