{"id":39748,"date":"2025-07-17T07:50:57","date_gmt":"2025-07-17T05:50:57","guid":{"rendered":"https:\/\/www.italpassion.fr\/?p=39748"},"modified":"2025-07-17T07:50:57","modified_gmt":"2025-07-17T05:50:57","slug":"lamborghini-pospone-el-lanzamiento-de-su-suv-electrico-es-importante-para-nosotros-y-nuestros-clientes","status":"publish","type":"post","link":"https:\/\/www.italpassion.fr\/es\/lamborghini\/lamborghini-repousse-le-lancement-de-son-suv-electrique-cest-important-pour-nous-et-nos-clients\/","title":{"rendered":"Lamborghini aplaza el lanzamiento de su SUV el\u00e9ctrico: \"es importante para nosotros y para nuestros clientes\""},"content":{"rendered":"<figure class=\"wp-block-image size-full\"><img loading=\"lazy\" decoding=\"async\" width=\"1200\" height=\"800\" src=\"https:\/\/www.italpassion.fr\/wp-content\/uploads\/2025\/07\/lamborghini-urus-orange.jpg\" alt=\"\" class=\"wp-image-39886\" srcset=\"https:\/\/www.italpassion.fr\/wp-content\/uploads\/2025\/07\/lamborghini-urus-orange.jpg 1200w, https:\/\/www.italpassion.fr\/wp-content\/uploads\/2025\/07\/lamborghini-urus-orange-420x280.jpg 420w, https:\/\/www.italpassion.fr\/wp-content\/uploads\/2025\/07\/lamborghini-urus-orange-768x512.jpg 768w, https:\/\/www.italpassion.fr\/wp-content\/uploads\/2025\/07\/lamborghini-urus-orange-18x12.jpg 18w\" sizes=\"auto, (max-width: 1200px) 100vw, 1200px\" \/><\/figure>\n\n\n\n<p><a href=\"https:\/\/www.italpassion.fr\/es\/lamborghini\/\">Lamborghini<\/a> cambia de rumbo. Si bien el fabricante italiano ya hab\u00eda pospuesto la llegada de su primer coche el\u00e9ctrico 100 %, el Lanzador, de 2028 a 2029, ahora ha confirmado que su superventas, el SUV Urus, no ser\u00e1 el\u00e9ctrico todav\u00eda. El futuro Urus, previsto para 2029, ser\u00e1 una nueva versi\u00f3n... pero seguir\u00e1 siendo h\u00edbrido enchufable.<\/p>\n\n\n\n<h2 class=\"wp-block-heading\">H\u00edbrido t\u00e9rmico para el superventas de Sant'Agata<\/h2>\n\n\n\n<p>El Urus, lanzado en 2018, se convirti\u00f3 r\u00e1pidamente en el modelo m\u00e1s vendido de la historia de Lamborghini. Renovado como h\u00edbrido enchufable SE en 2024, se esperaba que fuera totalmente el\u00e9ctrico en su pr\u00f3xima generaci\u00f3n. Pero los planes han cambiado. En una entrevista concedida a Autocar, Stephan Winkelmann, consejero delegado de Lamborghini, declar\u00f3:<\/p>\n\n\n\n<blockquote class=\"wp-block-quote is-layout-flow wp-block-quote-is-layout-flow\"><svg aria-hidden=\"true\" focusable=\"false\" class=\"icon icon-quote\" width=\"48\" height=\"48\"><use xlink:href=\"#icon-quote\"><\/use><\/svg>\n<p>\"Queremos que la pr\u00f3xima generaci\u00f3n sea un h\u00edbrido enchufable. Es muy importante para nosotros y para nuestros clientes. Est\u00e1n encantados con la noticia.<\/p>\n<\/blockquote>\n\n\n\n<p>Por tanto, la pr\u00f3xima generaci\u00f3n del Urus mantendr\u00e1 un motor V8 h\u00edbrido enchufable, probablemente derivado del del nuevo superdeportivo Temerario, con una potencia que podr\u00eda acercarse a los 900 CV.<\/p>\n\n\n\n<h2 class=\"wp-block-heading\">\u00bfCoches el\u00e9ctricos? No antes de 2035<\/h2>\n\n\n\n<p>Por ello, Lamborghini retrasa el plazo para la fabricaci\u00f3n de un Urus 100 % el\u00e9ctrico. La versi\u00f3n EV del SUV no ver\u00eda la luz hasta 2035, a\u00f1o en el que la Uni\u00f3n Europea exigir\u00e1 que todos los coches nuevos sean cero emisiones.<\/p>\n\n\n\n<figure class=\"wp-block-image size-large\"><img loading=\"lazy\" decoding=\"async\" width=\"1024\" height=\"683\" src=\"https:\/\/www.italpassion.fr\/wp-content\/uploads\/2025\/03\/lamborghini-lanzador-thumn-1024x683.jpg\" alt=\"\" class=\"wp-image-37307\" srcset=\"https:\/\/www.italpassion.fr\/wp-content\/uploads\/2025\/03\/lamborghini-lanzador-thumn-1024x683.jpg 1024w, https:\/\/www.italpassion.fr\/wp-content\/uploads\/2025\/03\/lamborghini-lanzador-thumn-300x200.jpg 300w, https:\/\/www.italpassion.fr\/wp-content\/uploads\/2025\/03\/lamborghini-lanzador-thumn-768x512.jpg 768w, https:\/\/www.italpassion.fr\/wp-content\/uploads\/2025\/03\/lamborghini-lanzador-thumn-18x12.jpg 18w, https:\/\/www.italpassion.fr\/wp-content\/uploads\/2025\/03\/lamborghini-lanzador-thumn-561x374.jpg 561w, https:\/\/www.italpassion.fr\/wp-content\/uploads\/2025\/03\/lamborghini-lanzador-thumn-1122x748.jpg 1122w, https:\/\/www.italpassion.fr\/wp-content\/uploads\/2025\/03\/lamborghini-lanzador-thumn-265x177.jpg 265w, https:\/\/www.italpassion.fr\/wp-content\/uploads\/2025\/03\/lamborghini-lanzador-thumn-531x354.jpg 531w, https:\/\/www.italpassion.fr\/wp-content\/uploads\/2025\/03\/lamborghini-lanzador-thumn-364x243.jpg 364w, https:\/\/www.italpassion.fr\/wp-content\/uploads\/2025\/03\/lamborghini-lanzador-thumn-728x485.jpg 728w, https:\/\/www.italpassion.fr\/wp-content\/uploads\/2025\/03\/lamborghini-lanzador-thumn-608x405.jpg 608w, https:\/\/www.italpassion.fr\/wp-content\/uploads\/2025\/03\/lamborghini-lanzador-thumn-758x505.jpg 758w, https:\/\/www.italpassion.fr\/wp-content\/uploads\/2025\/03\/lamborghini-lanzador-thumn-1152x768.jpg 1152w, https:\/\/www.italpassion.fr\/wp-content\/uploads\/2025\/03\/lamborghini-lanzador-thumn.jpg 1200w\" sizes=\"auto, (max-width: 1024px) 100vw, 1024px\" \/><\/figure>\n\n\n\n<p>Este aplazamiento no es aislado: <a href=\"https:\/\/www.italpassion.fr\/es\/lamborghini\/lamborghini-aplaza-el-lanzamiento-de-su-100-electrico-el-mercado-no-esta-preparado\/\">el Lanzador, primer modelo el\u00e9ctrico de la marca, ya ha sido aplazado un a\u00f1o<\/a>y podr\u00eda volver a serlo. \u00bfLas razones? Una normativa en constante cambio, una adopci\u00f3n de los veh\u00edculos el\u00e9ctricos m\u00e1s lenta de lo previsto y la incertidumbre sobre la aceptaci\u00f3n de los clientes.<\/p>\n\n\n\n<blockquote class=\"wp-block-quote is-layout-flow wp-block-quote-is-layout-flow\"><svg aria-hidden=\"true\" focusable=\"false\" class=\"icon icon-quote\" width=\"48\" height=\"48\"><use xlink:href=\"#icon-quote\"><\/use><\/svg>\n<p>\"Ya hemos pospuesto el coche porque la curva de adopci\u00f3n de la electrificaci\u00f3n est\u00e1 por debajo de nuestras previsiones\", confi\u00f3 Winkelmann, quien a\u00f1adi\u00f3 que se dan varios meses m\u00e1s para decidir qu\u00e9 hacer a continuaci\u00f3n.<\/p>\n<\/blockquote>\n\n\n\n<h2 class=\"wp-block-heading\">Lamborghini quiere mantener los motores de combusti\u00f3n el mayor tiempo posible<\/h2>\n\n\n\n<figure class=\"wp-block-image size-full\"><img loading=\"lazy\" decoding=\"async\" width=\"1200\" height=\"800\" src=\"https:\/\/www.italpassion.fr\/wp-content\/uploads\/2025\/07\/lamborghini-urus-orange-2.jpg\" alt=\"\" class=\"wp-image-39887\" srcset=\"https:\/\/www.italpassion.fr\/wp-content\/uploads\/2025\/07\/lamborghini-urus-orange-2.jpg 1200w, https:\/\/www.italpassion.fr\/wp-content\/uploads\/2025\/07\/lamborghini-urus-orange-2-420x280.jpg 420w, https:\/\/www.italpassion.fr\/wp-content\/uploads\/2025\/07\/lamborghini-urus-orange-2-768x512.jpg 768w, https:\/\/www.italpassion.fr\/wp-content\/uploads\/2025\/07\/lamborghini-urus-orange-2-18x12.jpg 18w\" sizes=\"auto, (max-width: 1200px) 100vw, 1200px\" \/><\/figure>\n\n\n\n<p>Esta postura est\u00e1 en consonancia con las recientes declaraciones de Rouven Mohr, Director T\u00e9cnico de la marca, quien afirm\u00f3 que quer\u00eda conservar los motores de combusti\u00f3n durante el mayor tiempo legalmente posible.<\/p>\n\n\n\n<blockquote class=\"wp-block-quote is-layout-flow wp-block-quote-is-layout-flow\"><svg aria-hidden=\"true\" focusable=\"false\" class=\"icon icon-quote\" width=\"48\" height=\"48\"><use xlink:href=\"#icon-quote\"><\/use><\/svg>\n<p>\"A\u00fan tenemos muchas ideas que expresar a trav\u00e9s de la combusti\u00f3n. Para nosotros, a\u00fan no ha terminado\".<\/p>\n<\/blockquote>\n\n\n\n<p>La pr\u00f3xima generaci\u00f3n del Urus, prevista para 2029, no ser\u00e1 una revoluci\u00f3n el\u00e9ctrica, sino una potente evoluci\u00f3n h\u00edbrida de un modelo ya ic\u00f3nico. Esta es la forma que tiene Lamborghini de mantenerse fiel a su ADN al tiempo que inicia suavemente la transici\u00f3n energ\u00e9tica, sin precipitar a sus clientes.<\/p>","protected":false},"excerpt":{"rendered":"","protected":false},"author":1,"featured_media":39886,"comment_status":"open","ping_status":"open","sticky":false,"template":"","format":"standard","meta":{"_acf_changed":false,"_sitemap_exclude":false,"_sitemap_priority":"","_sitemap_frequency":"","footnotes":""},"categories":[25],"tags":[379],"class_list":["post-39748","post","type-post","status-publish","format-standard","has-post-thumbnail","hentry","category-lamborghini","tag-lamborghini-urus","generate-columns","tablet-grid-50","mobile-grid-100","grid-parent","grid-33"],"acf":[],"yoast_head":"<!-- This site is optimized with the Yoast SEO plugin v25.8 - https:\/\/yoast.com\/wordpress\/plugins\/seo\/ -->\n<title>Lamborghini repousse le lancement de son SUV \u00e9lectrique : &quot;c&#039;est important pour nous et nos clients&quot; - ItalPassion<\/title>\n<meta name=\"description\" content=\"Lamborghini change de cap. Alors que le constructeur italien avait d\u00e9j\u00e0 repouss\u00e9 l\u2019arriv\u00e9e de sa premi\u00e8re voiture 100 % \u00e9lectrique, la Lanzador, de 2028 \u00e0\" \/>\n<meta name=\"robots\" content=\"index, follow, max-snippet:-1, max-image-preview:large, max-video-preview:-1\" \/>\n<link rel=\"canonical\" href=\"https:\/\/www.italpassion.fr\/es\/lamborghini\/lamborghini-pospone-el-lanzamiento-de-su-suv-electrico-es-importante-para-nosotros-y-nuestros-clientes\/\" \/>\n<meta property=\"og:locale\" content=\"es_ES\" \/>\n<meta property=\"og:type\" content=\"article\" \/>\n<meta property=\"og:title\" content=\"Lamborghini repousse le lancement de son SUV \u00e9lectrique : &quot;c&#039;est important pour nous et nos clients&quot; - ItalPassion\" \/>\n<meta property=\"og:description\" content=\"Lamborghini change de cap. Alors que le constructeur italien avait d\u00e9j\u00e0 repouss\u00e9 l\u2019arriv\u00e9e de sa premi\u00e8re voiture 100 % \u00e9lectrique, la Lanzador, de 2028 \u00e0\" \/>\n<meta property=\"og:url\" content=\"https:\/\/www.italpassion.fr\/es\/lamborghini\/lamborghini-pospone-el-lanzamiento-de-su-suv-electrico-es-importante-para-nosotros-y-nuestros-clientes\/\" \/>\n<meta property=\"og:site_name\" content=\"ItalPassion\" \/>\n<meta property=\"article:publisher\" content=\"https:\/\/www.facebook.com\/italpassion\" \/>\n<meta property=\"article:published_time\" content=\"2025-07-17T05:50:57+00:00\" \/>\n<meta property=\"og:image\" content=\"https:\/\/www.italpassion.fr\/wp-content\/uploads\/2025\/07\/lamborghini-urus-orange.jpg\" \/>\n\t<meta property=\"og:image:width\" content=\"1200\" \/>\n\t<meta property=\"og:image:height\" content=\"800\" \/>\n\t<meta property=\"og:image:type\" content=\"image\/jpeg\" \/>\n<meta name=\"author\" content=\"Alexandre Filluzeau\" \/>\n<meta name=\"twitter:card\" content=\"summary_large_image\" \/>\n<meta name=\"twitter:creator\" content=\"@italpassion\" \/>\n<meta name=\"twitter:site\" content=\"@italpassion\" \/>\n<script type=\"application\/ld+json\" class=\"yoast-schema-graph\">{\"@context\":\"https:\/\/schema.org\",\"@graph\":[{\"@type\":\"NewsArticle\",\"@id\":\"https:\/\/www.italpassion.fr\/es\/lamborghini\/lamborghini-repousse-le-lancement-de-son-suv-electrique-cest-important-pour-nous-et-nos-clients\/#article\",\"isPartOf\":{\"@id\":\"https:\/\/www.italpassion.fr\/es\/lamborghini\/lamborghini-repousse-le-lancement-de-son-suv-electrique-cest-important-pour-nous-et-nos-clients\/\"},\"author\":{\"name\":\"Alexandre Filluzeau\",\"@id\":\"https:\/\/www.italpassion.fr\/es\/#\/schema\/person\/36f747b2a759ca202d847e85a9434ca0\"},\"headline\":\"Lamborghini repousse le lancement de son SUV \u00e9lectrique : \u00ab\u00a0c&rsquo;est important pour nous et nos clients\u00a0\u00bb\",\"datePublished\":\"2025-07-17T05:50:57+00:00\",\"mainEntityOfPage\":{\"@id\":\"https:\/\/www.italpassion.fr\/es\/lamborghini\/lamborghini-repousse-le-lancement-de-son-suv-electrique-cest-important-pour-nous-et-nos-clients\/\"},\"wordCount\":470,\"commentCount\":1,\"publisher\":{\"@id\":\"https:\/\/www.italpassion.fr\/es\/#organization\"},\"image\":{\"@id\":\"https:\/\/www.italpassion.fr\/es\/lamborghini\/lamborghini-repousse-le-lancement-de-son-suv-electrique-cest-important-pour-nous-et-nos-clients\/#primaryimage\"},\"thumbnailUrl\":\"https:\/\/www.italpassion.fr\/wp-content\/uploads\/2025\/07\/lamborghini-urus-orange.jpg\",\"keywords\":[\"Lamborghini Urus\"],\"articleSection\":[\"Lamborghini\"],\"inLanguage\":\"es\",\"potentialAction\":[{\"@type\":\"CommentAction\",\"name\":\"Comment\",\"target\":[\"https:\/\/www.italpassion.fr\/es\/lamborghini\/lamborghini-repousse-le-lancement-de-son-suv-electrique-cest-important-pour-nous-et-nos-clients\/#respond\"]}]},{\"@type\":\"WebPage\",\"@id\":\"https:\/\/www.italpassion.fr\/es\/lamborghini\/lamborghini-repousse-le-lancement-de-son-suv-electrique-cest-important-pour-nous-et-nos-clients\/\",\"url\":\"https:\/\/www.italpassion.fr\/es\/lamborghini\/lamborghini-repousse-le-lancement-de-son-suv-electrique-cest-important-pour-nous-et-nos-clients\/\",\"name\":\"Lamborghini repousse le lancement de son SUV \u00e9lectrique : \\\"c'est important pour nous et nos clients\\\" - ItalPassion\",\"isPartOf\":{\"@id\":\"https:\/\/www.italpassion.fr\/es\/#website\"},\"primaryImageOfPage\":{\"@id\":\"https:\/\/www.italpassion.fr\/es\/lamborghini\/lamborghini-repousse-le-lancement-de-son-suv-electrique-cest-important-pour-nous-et-nos-clients\/#primaryimage\"},\"image\":{\"@id\":\"https:\/\/www.italpassion.fr\/es\/lamborghini\/lamborghini-repousse-le-lancement-de-son-suv-electrique-cest-important-pour-nous-et-nos-clients\/#primaryimage\"},\"thumbnailUrl\":\"https:\/\/www.italpassion.fr\/wp-content\/uploads\/2025\/07\/lamborghini-urus-orange.jpg\",\"datePublished\":\"2025-07-17T05:50:57+00:00\",\"description\":\"Lamborghini change de cap. Alors que le constructeur italien avait d\u00e9j\u00e0 repouss\u00e9 l\u2019arriv\u00e9e de sa premi\u00e8re voiture 100 % \u00e9lectrique, la Lanzador, de 2028 \u00e0\",\"breadcrumb\":{\"@id\":\"https:\/\/www.italpassion.fr\/es\/lamborghini\/lamborghini-repousse-le-lancement-de-son-suv-electrique-cest-important-pour-nous-et-nos-clients\/#breadcrumb\"},\"inLanguage\":\"es\",\"potentialAction\":[{\"@type\":\"ReadAction\",\"target\":[\"https:\/\/www.italpassion.fr\/es\/lamborghini\/lamborghini-repousse-le-lancement-de-son-suv-electrique-cest-important-pour-nous-et-nos-clients\/\"]}]},{\"@type\":\"ImageObject\",\"inLanguage\":\"es\",\"@id\":\"https:\/\/www.italpassion.fr\/es\/lamborghini\/lamborghini-repousse-le-lancement-de-son-suv-electrique-cest-important-pour-nous-et-nos-clients\/#primaryimage\",\"url\":\"https:\/\/www.italpassion.fr\/wp-content\/uploads\/2025\/07\/lamborghini-urus-orange.jpg\",\"contentUrl\":\"https:\/\/www.italpassion.fr\/wp-content\/uploads\/2025\/07\/lamborghini-urus-orange.jpg\",\"width\":1200,\"height\":800},{\"@type\":\"BreadcrumbList\",\"@id\":\"https:\/\/www.italpassion.fr\/es\/lamborghini\/lamborghini-repousse-le-lancement-de-son-suv-electrique-cest-important-pour-nous-et-nos-clients\/#breadcrumb\",\"itemListElement\":[{\"@type\":\"ListItem\",\"position\":1,\"name\":\"Accueil\",\"item\":\"https:\/\/www.italpassion.fr\/es\/\"},{\"@type\":\"ListItem\",\"position\":2,\"name\":\"Lamborghini repousse le lancement de son SUV \u00e9lectrique : \u00ab\u00a0c&rsquo;est important pour nous et nos clients\u00a0\u00bb\"}]},{\"@type\":\"WebSite\",\"@id\":\"https:\/\/www.italpassion.fr\/es\/#website\",\"url\":\"https:\/\/www.italpassion.fr\/es\/\",\"name\":\"ItalPassion\",\"description\":\"Les Passionn\u00e9s d&#039;Automobiles Italiennes\",\"publisher\":{\"@id\":\"https:\/\/www.italpassion.fr\/es\/#organization\"},\"potentialAction\":[{\"@type\":\"SearchAction\",\"target\":{\"@type\":\"EntryPoint\",\"urlTemplate\":\"https:\/\/www.italpassion.fr\/es\/?s={search_term_string}\"},\"query-input\":{\"@type\":\"PropertyValueSpecification\",\"valueRequired\":true,\"valueName\":\"search_term_string\"}}],\"inLanguage\":\"es\"},{\"@type\":\"Organization\",\"@id\":\"https:\/\/www.italpassion.fr\/es\/#organization\",\"name\":\"Italpassion\",\"url\":\"https:\/\/www.italpassion.fr\/es\/\",\"logo\":{\"@type\":\"ImageObject\",\"inLanguage\":\"es\",\"@id\":\"https:\/\/www.italpassion.fr\/es\/#\/schema\/logo\/image\/\",\"url\":\"https:\/\/www.italpassion.fr\/wp-content\/uploads\/2023\/07\/italpassion-yoast.jpg\",\"contentUrl\":\"https:\/\/www.italpassion.fr\/wp-content\/uploads\/2023\/07\/italpassion-yoast.jpg\",\"width\":696,\"height\":696,\"caption\":\"Italpassion\"},\"image\":{\"@id\":\"https:\/\/www.italpassion.fr\/es\/#\/schema\/logo\/image\/\"},\"sameAs\":[\"https:\/\/www.facebook.com\/italpassion\",\"https:\/\/x.com\/italpassion\",\"https:\/\/www.instagram.com\/italpassionfr\/\",\"https:\/\/www.youtube.com\/channel\/UCleq-ByQaA42OjhopwevRjQ\",\"https:\/\/www.facebook.com\/italpassion.en\/\",\"https:\/\/www.facebook.com\/italpassion.it\/\",\"https:\/\/www.facebook.com\/italpassion.de\/\",\"https:\/\/www.facebook.com\/italpassion.ja\/\"]},{\"@type\":\"Person\",\"@id\":\"https:\/\/www.italpassion.fr\/es\/#\/schema\/person\/36f747b2a759ca202d847e85a9434ca0\",\"name\":\"Alexandre Filluzeau\",\"image\":{\"@type\":\"ImageObject\",\"inLanguage\":\"es\",\"@id\":\"https:\/\/www.italpassion.fr\/es\/#\/schema\/person\/image\/\",\"url\":\"https:\/\/www.italpassion.fr\/wp-content\/uploads\/2025\/04\/avatar-alexandre-160x160.jpg\",\"contentUrl\":\"https:\/\/www.italpassion.fr\/wp-content\/uploads\/2025\/04\/avatar-alexandre-160x160.jpg\",\"caption\":\"Alexandre Filluzeau\"},\"description\":\"Fondateur du site ItalPassion, passionn\u00e9 de voitures italiennes et de l'Italie en g\u00e9n\u00e9ral. J'apporte un regard critique et technique aux actualit\u00e9s des marques italiennes quand cela est possible. Propri\u00e9taire d'une Maserati GranTurismo, Alfa Romeo MiTo, Lancia Fulvia et Ducati 695. Ex-propri\u00e9taire d'une Alfa Romeo Giulia.\",\"sameAs\":[\"https:\/\/www.italpassion.fr\/\"],\"url\":\"https:\/\/www.italpassion.fr\/es\/author\/alexandre\/\"}]}<\/script>\n<!-- \/ Yoast SEO plugin. -->","yoast_head_json":{"title":"Lamborghini aplaza el lanzamiento de su SUV el\u00e9ctrico: \"es importante para nosotros y para nuestros clientes\" - ItalPassion","description":"Lamborghini cambia de rumbo. Mientras que el fabricante italiano ya hab\u00eda pospuesto la llegada de su primer coche el\u00e9ctrico de 100 %, el Lanzador, de 2028 a","robots":{"index":"index","follow":"follow","max-snippet":"max-snippet:-1","max-image-preview":"max-image-preview:large","max-video-preview":"max-video-preview:-1"},"canonical":"https:\/\/www.italpassion.fr\/es\/lamborghini\/lamborghini-pospone-el-lanzamiento-de-su-suv-electrico-es-importante-para-nosotros-y-nuestros-clientes\/","og_locale":"es_ES","og_type":"article","og_title":"Lamborghini repousse le lancement de son SUV \u00e9lectrique : \"c'est important pour nous et nos clients\" - ItalPassion","og_description":"Lamborghini change de cap. Alors que le constructeur italien avait d\u00e9j\u00e0 repouss\u00e9 l\u2019arriv\u00e9e de sa premi\u00e8re voiture 100 % \u00e9lectrique, la Lanzador, de 2028 \u00e0","og_url":"https:\/\/www.italpassion.fr\/es\/lamborghini\/lamborghini-pospone-el-lanzamiento-de-su-suv-electrico-es-importante-para-nosotros-y-nuestros-clientes\/","og_site_name":"ItalPassion","article_publisher":"https:\/\/www.facebook.com\/italpassion","article_published_time":"2025-07-17T05:50:57+00:00","og_image":[{"width":1200,"height":800,"url":"https:\/\/www.italpassion.fr\/wp-content\/uploads\/2025\/07\/lamborghini-urus-orange.jpg","type":"image\/jpeg"}],"author":"Alexandre Filluzeau","twitter_card":"summary_large_image","twitter_creator":"@italpassion","twitter_site":"@italpassion","schema":{"@context":"https:\/\/schema.org","@graph":[{"@type":"NewsArticle","@id":"https:\/\/www.italpassion.fr\/es\/lamborghini\/lamborghini-repousse-le-lancement-de-son-suv-electrique-cest-important-pour-nous-et-nos-clients\/#article","isPartOf":{"@id":"https:\/\/www.italpassion.fr\/es\/lamborghini\/lamborghini-repousse-le-lancement-de-son-suv-electrique-cest-important-pour-nous-et-nos-clients\/"},"author":{"name":"Alexandre Filluzeau","@id":"https:\/\/www.italpassion.fr\/es\/#\/schema\/person\/36f747b2a759ca202d847e85a9434ca0"},"headline":"Lamborghini repousse le lancement de son SUV \u00e9lectrique : \u00ab\u00a0c&rsquo;est important pour nous et nos clients\u00a0\u00bb","datePublished":"2025-07-17T05:50:57+00:00","mainEntityOfPage":{"@id":"https:\/\/www.italpassion.fr\/es\/lamborghini\/lamborghini-repousse-le-lancement-de-son-suv-electrique-cest-important-pour-nous-et-nos-clients\/"},"wordCount":470,"commentCount":1,"publisher":{"@id":"https:\/\/www.italpassion.fr\/es\/#organization"},"image":{"@id":"https:\/\/www.italpassion.fr\/es\/lamborghini\/lamborghini-repousse-le-lancement-de-son-suv-electrique-cest-important-pour-nous-et-nos-clients\/#primaryimage"},"thumbnailUrl":"https:\/\/www.italpassion.fr\/wp-content\/uploads\/2025\/07\/lamborghini-urus-orange.jpg","keywords":["Lamborghini Urus"],"articleSection":["Lamborghini"],"inLanguage":"es","potentialAction":[{"@type":"CommentAction","name":"Comment","target":["https:\/\/www.italpassion.fr\/es\/lamborghini\/lamborghini-repousse-le-lancement-de-son-suv-electrique-cest-important-pour-nous-et-nos-clients\/#respond"]}]},{"@type":"WebPage","@id":"https:\/\/www.italpassion.fr\/es\/lamborghini\/lamborghini-repousse-le-lancement-de-son-suv-electrique-cest-important-pour-nous-et-nos-clients\/","url":"https:\/\/www.italpassion.fr\/es\/lamborghini\/lamborghini-repousse-le-lancement-de-son-suv-electrique-cest-important-pour-nous-et-nos-clients\/","name":"Lamborghini aplaza el lanzamiento de su SUV el\u00e9ctrico: \"es importante para nosotros y para nuestros clientes\" - ItalPassion","isPartOf":{"@id":"https:\/\/www.italpassion.fr\/es\/#website"},"primaryImageOfPage":{"@id":"https:\/\/www.italpassion.fr\/es\/lamborghini\/lamborghini-repousse-le-lancement-de-son-suv-electrique-cest-important-pour-nous-et-nos-clients\/#primaryimage"},"image":{"@id":"https:\/\/www.italpassion.fr\/es\/lamborghini\/lamborghini-repousse-le-lancement-de-son-suv-electrique-cest-important-pour-nous-et-nos-clients\/#primaryimage"},"thumbnailUrl":"https:\/\/www.italpassion.fr\/wp-content\/uploads\/2025\/07\/lamborghini-urus-orange.jpg","datePublished":"2025-07-17T05:50:57+00:00","description":"Lamborghini cambia de rumbo. Mientras que el fabricante italiano ya hab\u00eda pospuesto la llegada de su primer coche el\u00e9ctrico de 100 %, el Lanzador, de 2028 a","breadcrumb":{"@id":"https:\/\/www.italpassion.fr\/es\/lamborghini\/lamborghini-repousse-le-lancement-de-son-suv-electrique-cest-important-pour-nous-et-nos-clients\/#breadcrumb"},"inLanguage":"es","potentialAction":[{"@type":"ReadAction","target":["https:\/\/www.italpassion.fr\/es\/lamborghini\/lamborghini-repousse-le-lancement-de-son-suv-electrique-cest-important-pour-nous-et-nos-clients\/"]}]},{"@type":"ImageObject","inLanguage":"es","@id":"https:\/\/www.italpassion.fr\/es\/lamborghini\/lamborghini-repousse-le-lancement-de-son-suv-electrique-cest-important-pour-nous-et-nos-clients\/#primaryimage","url":"https:\/\/www.italpassion.fr\/wp-content\/uploads\/2025\/07\/lamborghini-urus-orange.jpg","contentUrl":"https:\/\/www.italpassion.fr\/wp-content\/uploads\/2025\/07\/lamborghini-urus-orange.jpg","width":1200,"height":800},{"@type":"BreadcrumbList","@id":"https:\/\/www.italpassion.fr\/es\/lamborghini\/lamborghini-repousse-le-lancement-de-son-suv-electrique-cest-important-pour-nous-et-nos-clients\/#breadcrumb","itemListElement":[{"@type":"ListItem","position":1,"name":"Accueil","item":"https:\/\/www.italpassion.fr\/es\/"},{"@type":"ListItem","position":2,"name":"Lamborghini repousse le lancement de son SUV \u00e9lectrique : \u00ab\u00a0c&rsquo;est important pour nous et nos clients\u00a0\u00bb"}]},{"@type":"WebSite","@id":"https:\/\/www.italpassion.fr\/es\/#website","url":"https:\/\/www.italpassion.fr\/es\/","name":"ItalPassion","description":"Entusiastas de los coches italianos","publisher":{"@id":"https:\/\/www.italpassion.fr\/es\/#organization"},"potentialAction":[{"@type":"SearchAction","target":{"@type":"EntryPoint","urlTemplate":"https:\/\/www.italpassion.fr\/es\/?s={search_term_string}"},"query-input":{"@type":"PropertyValueSpecification","valueRequired":true,"valueName":"search_term_string"}}],"inLanguage":"es"},{"@type":"Organization","@id":"https:\/\/www.italpassion.fr\/es\/#organization","name":"Italpassion","url":"https:\/\/www.italpassion.fr\/es\/","logo":{"@type":"ImageObject","inLanguage":"es","@id":"https:\/\/www.italpassion.fr\/es\/#\/schema\/logo\/image\/","url":"https:\/\/www.italpassion.fr\/wp-content\/uploads\/2023\/07\/italpassion-yoast.jpg","contentUrl":"https:\/\/www.italpassion.fr\/wp-content\/uploads\/2023\/07\/italpassion-yoast.jpg","width":696,"height":696,"caption":"Italpassion"},"image":{"@id":"https:\/\/www.italpassion.fr\/es\/#\/schema\/logo\/image\/"},"sameAs":["https:\/\/www.facebook.com\/italpassion","https:\/\/x.com\/italpassion","https:\/\/www.instagram.com\/italpassionfr\/","https:\/\/www.youtube.com\/channel\/UCleq-ByQaA42OjhopwevRjQ","https:\/\/www.facebook.com\/italpassion.en\/","https:\/\/www.facebook.com\/italpassion.it\/","https:\/\/www.facebook.com\/italpassion.de\/","https:\/\/www.facebook.com\/italpassion.ja\/"]},{"@type":"Person","@id":"https:\/\/www.italpassion.fr\/es\/#\/schema\/person\/36f747b2a759ca202d847e85a9434ca0","name":"Alexandre Filluzeau","image":{"@type":"ImageObject","inLanguage":"es","@id":"https:\/\/www.italpassion.fr\/es\/#\/schema\/person\/image\/","url":"https:\/\/www.italpassion.fr\/wp-content\/uploads\/2025\/04\/avatar-alexandre-160x160.jpg","contentUrl":"https:\/\/www.italpassion.fr\/wp-content\/uploads\/2025\/04\/avatar-alexandre-160x160.jpg","caption":"Alexandre Filluzeau"},"description":"Fundador del sitio web ItalPassion, apasionado de los coches italianos y de Italia en general. Aporto una mirada cr\u00edtica y t\u00e9cnica a las noticias de las marcas italianas cuando es posible. Propietario de un Maserati GranTurismo, Alfa Romeo MiTo, Lancia Fulvia y Ducati 695. Ex-propietario de un Alfa Romeo Giulia.","sameAs":["https:\/\/www.italpassion.fr\/"],"url":"https:\/\/www.italpassion.fr\/es\/author\/alexandre\/"}]}},"_links":{"self":[{"href":"https:\/\/www.italpassion.fr\/es\/wp-json\/wp\/v2\/posts\/39748","targetHints":{"allow":["GET"]}}],"collection":[{"href":"https:\/\/www.italpassion.fr\/es\/wp-json\/wp\/v2\/posts"}],"about":[{"href":"https:\/\/www.italpassion.fr\/es\/wp-json\/wp\/v2\/types\/post"}],"author":[{"embeddable":true,"href":"https:\/\/www.italpassion.fr\/es\/wp-json\/wp\/v2\/users\/1"}],"replies":[{"embeddable":true,"href":"https:\/\/www.italpassion.fr\/es\/wp-json\/wp\/v2\/comments?post=39748"}],"version-history":[{"count":3,"href":"https:\/\/www.italpassion.fr\/es\/wp-json\/wp\/v2\/posts\/39748\/revisions"}],"predecessor-version":[{"id":39888,"href":"https:\/\/www.italpassion.fr\/es\/wp-json\/wp\/v2\/posts\/39748\/revisions\/39888"}],"wp:featuredmedia":[{"embeddable":true,"href":"https:\/\/www.italpassion.fr\/es\/wp-json\/wp\/v2\/media\/39886"}],"wp:attachment":[{"href":"https:\/\/www.italpassion.fr\/es\/wp-json\/wp\/v2\/media?parent=39748"}],"wp:term":[{"taxonomy":"category","embeddable":true,"href":"https:\/\/www.italpassion.fr\/es\/wp-json\/wp\/v2\/categories?post=39748"},{"taxonomy":"post_tag","embeddable":true,"href":"https:\/\/www.italpassion.fr\/es\/wp-json\/wp\/v2\/tags?post=39748"}],"curies":[{"name":"wp","href":"https:\/\/api.w.org\/{rel}","templated":true}]}}