{"id":39177,"date":"2025-07-19T09:39:46","date_gmt":"2025-07-19T07:39:46","guid":{"rendered":"https:\/\/www.italpassion.fr\/?p=39177"},"modified":"2025-07-01T10:42:57","modified_gmt":"2025-07-01T08:42:57","slug":"cuando-el-ex-presidente-de-ferrari-declaro-que-el-348-era-una-mierda-de-coche","status":"publish","type":"post","link":"https:\/\/www.italpassion.fr\/es\/ferrari\/quand-lancien-president-de-ferrari-a-declare-la-348-une-voiture-de-merde\/","title":{"rendered":"Cuando el ex presidente de Ferrari dijo: \"\u00a1el 348 es una mierda de coche!\"."},"content":{"rendered":"<figure class=\"wp-block-image size-full\"><img loading=\"lazy\" decoding=\"async\" width=\"1200\" height=\"800\" src=\"https:\/\/www.italpassion.fr\/wp-content\/uploads\/2025\/06\/ferrari-348.jpg\" alt=\"\" class=\"wp-image-39535\" srcset=\"https:\/\/www.italpassion.fr\/wp-content\/uploads\/2025\/06\/ferrari-348.jpg 1200w, https:\/\/www.italpassion.fr\/wp-content\/uploads\/2025\/06\/ferrari-348-420x280.jpg 420w, https:\/\/www.italpassion.fr\/wp-content\/uploads\/2025\/06\/ferrari-348-768x512.jpg 768w, https:\/\/www.italpassion.fr\/wp-content\/uploads\/2025\/06\/ferrari-348-18x12.jpg 18w\" sizes=\"auto, (max-width: 1200px) 100vw, 1200px\" \/><\/figure>\n\n\n\n<p>Todos los fans de <a href=\"https:\/\/www.italpassion.fr\/es\/ferrari\/\">Ferrari<\/a> conoce el 348. Pero no todo el mundo sabe que lleva consigo una an\u00e9cdota bastante sabrosa, contada por el propio Luca di Montezemolo, antiguo Presidente de la marca del Cavallino Rampante.<\/p>\n\n\n\n<p>Corr\u00eda el a\u00f1o 1991, justo despu\u00e9s del Mundial de Italia. Montezemolo, satisfecho por el \u00e9xito del evento, decidi\u00f3 regalarse un flamante Ferrari 348 amarillo. Pero un d\u00eda, mientras conduc\u00eda su coche por Roma, sufri\u00f3 una humillaci\u00f3n: parado en un sem\u00e1foro, fue literalmente arrollado durante los primeros 30-40 metros por... un Golf GTi negro. El comentario m\u00e1s picante lo hizo el conductor del Volkswagen: \"\u00a1Eh, Montezemolo, \u00e9ste es mucho mejor!<\/p>\n\n\n\n<p>A\u00f1os m\u00e1s tarde, en la presentaci\u00f3n del sublime 458 Italia en 2009, cont\u00f3 la an\u00e9cdota a la prensa: \"\u00a1Nunca lo olvidar\u00e9! Despu\u00e9s de aquello, convoqu\u00e9 una reuni\u00f3n sin dec\u00edrselo a nadie en Ferrari. Me mostraron con orgullo una diapositiva en la que se promocionaba el 348 como \"el mejor de su clase\" en aceleraci\u00f3n. Les dej\u00e9 hablar y les dije: 'Chicos, mala suerte, en realidad soy cliente de esta mierda de coche. Hace mucho ruido, \u00a1pero no va a ninguna parte!<\/p>\n\n\n\n<figure class=\"wp-block-image size-full\"><img loading=\"lazy\" decoding=\"async\" width=\"1200\" height=\"800\" src=\"https:\/\/www.italpassion.fr\/wp-content\/uploads\/2025\/06\/ferrari-348-2.jpg\" alt=\"\" class=\"wp-image-39536\" srcset=\"https:\/\/www.italpassion.fr\/wp-content\/uploads\/2025\/06\/ferrari-348-2.jpg 1200w, https:\/\/www.italpassion.fr\/wp-content\/uploads\/2025\/06\/ferrari-348-2-420x280.jpg 420w, https:\/\/www.italpassion.fr\/wp-content\/uploads\/2025\/06\/ferrari-348-2-768x512.jpg 768w, https:\/\/www.italpassion.fr\/wp-content\/uploads\/2025\/06\/ferrari-348-2-18x12.jpg 18w\" sizes=\"auto, (max-width: 1200px) 100vw, 1200px\" \/><\/figure>\n\n\n\n<p>Para colmo de males, Montezemolo incluso invit\u00f3 a Niki Lauda a probar el 348. \u00bfEl veredicto de la leyenda austriaca? Exactamente el mismo: un magn\u00edfico coup\u00e9, pero terriblemente lento para ser un Ferrari.<\/p>\n\n\n\n<p>Por supuesto, algunos puristas rebatieron la historia: sobre el papel, el 348 aceleraba de 0 a 100 km\/h en 5,6 segundos, frente a los 8,3 segundos del Golf GTi de la \u00e9poca. A menos que te encuentres con un Golf preparado, es dif\u00edcil creer que pudiera competir en toda la recta. Pero no importa: lo importante es que esta frase se ha convertido en una frase de culto, y que simboliza por s\u00ed sola el alto nivel que Montezemolo quiso restablecer en Ferrari nada m\u00e1s llegar.<\/p>\n\n\n\n<p>Sin embargo, el Ferrari 348 sigue siendo un coche fundamental: el \u00faltimo Ferrari construido en la era Enzo, del que se fabricaron casi 9.000 unidades entre 1989 y 1994, antes de ser sustituido por el mucho m\u00e1s afilado 355.<\/p>\n\n\n\n<figure class=\"wp-block-image size-full\"><img loading=\"lazy\" decoding=\"async\" width=\"1200\" height=\"800\" src=\"https:\/\/www.italpassion.fr\/wp-content\/uploads\/2025\/06\/ferrari-348-3.jpg\" alt=\"\" class=\"wp-image-39537\" srcset=\"https:\/\/www.italpassion.fr\/wp-content\/uploads\/2025\/06\/ferrari-348-3.jpg 1200w, https:\/\/www.italpassion.fr\/wp-content\/uploads\/2025\/06\/ferrari-348-3-420x280.jpg 420w, https:\/\/www.italpassion.fr\/wp-content\/uploads\/2025\/06\/ferrari-348-3-768x512.jpg 768w, https:\/\/www.italpassion.fr\/wp-content\/uploads\/2025\/06\/ferrari-348-3-18x12.jpg 18w\" sizes=\"auto, (max-width: 1200px) 100vw, 1200px\" \/><\/figure>","protected":false},"excerpt":{"rendered":"","protected":false},"author":1,"featured_media":39535,"comment_status":"open","ping_status":"open","sticky":false,"template":"","format":"standard","meta":{"_acf_changed":false,"_sitemap_exclude":false,"_sitemap_priority":"","_sitemap_frequency":"","footnotes":""},"categories":[23],"tags":[443],"class_list":["post-39177","post","type-post","status-publish","format-standard","has-post-thumbnail","hentry","category-ferrari","tag-ferrari-348","generate-columns","tablet-grid-50","mobile-grid-100","grid-parent","grid-33"],"acf":[],"yoast_head":"<!-- This site is optimized with the Yoast SEO plugin v25.8 - https:\/\/yoast.com\/wordpress\/plugins\/seo\/ -->\n<title>Quand l&#039;ancien pr\u00e9sident de Ferrari \u00e0 d\u00e9clar\u00e9 : &quot;la 348, une voiture de merde&quot; ! - ItalPassion<\/title>\n<meta name=\"description\" content=\"Tout passionn\u00e9 de Ferrari conna\u00eet la 348. Mais tout le monde ne sait pas qu\u2019elle tra\u00eene derri\u00e8re elle une anecdote plut\u00f4t savoureuse, racont\u00e9e par Luca di\" \/>\n<meta name=\"robots\" content=\"index, follow, max-snippet:-1, max-image-preview:large, max-video-preview:-1\" \/>\n<link rel=\"canonical\" href=\"https:\/\/www.italpassion.fr\/es\/ferrari\/cuando-el-ex-presidente-de-ferrari-declaro-que-el-348-era-una-mierda-de-coche\/\" \/>\n<meta property=\"og:locale\" content=\"es_ES\" \/>\n<meta property=\"og:type\" content=\"article\" \/>\n<meta property=\"og:title\" content=\"Quand l&#039;ancien pr\u00e9sident de Ferrari \u00e0 d\u00e9clar\u00e9 : &quot;la 348, une voiture de merde&quot; ! - ItalPassion\" \/>\n<meta property=\"og:description\" content=\"Tout passionn\u00e9 de Ferrari conna\u00eet la 348. Mais tout le monde ne sait pas qu\u2019elle tra\u00eene derri\u00e8re elle une anecdote plut\u00f4t savoureuse, racont\u00e9e par Luca di\" \/>\n<meta property=\"og:url\" content=\"https:\/\/www.italpassion.fr\/es\/ferrari\/cuando-el-ex-presidente-de-ferrari-declaro-que-el-348-era-una-mierda-de-coche\/\" \/>\n<meta property=\"og:site_name\" content=\"ItalPassion\" \/>\n<meta property=\"article:publisher\" content=\"https:\/\/www.facebook.com\/italpassion\" \/>\n<meta property=\"article:published_time\" content=\"2025-07-19T07:39:46+00:00\" \/>\n<meta property=\"og:image\" content=\"https:\/\/www.italpassion.fr\/wp-content\/uploads\/2025\/06\/ferrari-348.jpg\" \/>\n\t<meta property=\"og:image:width\" content=\"1200\" \/>\n\t<meta property=\"og:image:height\" content=\"800\" \/>\n\t<meta property=\"og:image:type\" content=\"image\/jpeg\" \/>\n<meta name=\"author\" content=\"Alexandre Filluzeau\" \/>\n<meta name=\"twitter:card\" content=\"summary_large_image\" \/>\n<meta name=\"twitter:creator\" content=\"@italpassion\" \/>\n<meta name=\"twitter:site\" content=\"@italpassion\" \/>\n<script type=\"application\/ld+json\" class=\"yoast-schema-graph\">{\"@context\":\"https:\/\/schema.org\",\"@graph\":[{\"@type\":\"NewsArticle\",\"@id\":\"https:\/\/www.italpassion.fr\/es\/ferrari\/quand-lancien-president-de-ferrari-a-declare-la-348-une-voiture-de-merde\/#article\",\"isPartOf\":{\"@id\":\"https:\/\/www.italpassion.fr\/es\/ferrari\/quand-lancien-president-de-ferrari-a-declare-la-348-une-voiture-de-merde\/\"},\"author\":{\"name\":\"Alexandre Filluzeau\",\"@id\":\"https:\/\/www.italpassion.fr\/es\/#\/schema\/person\/36f747b2a759ca202d847e85a9434ca0\"},\"headline\":\"Quand l&rsquo;ancien pr\u00e9sident de Ferrari \u00e0 d\u00e9clar\u00e9 : \u00ab\u00a0la 348, une voiture de merde\u00a0\u00bb !\",\"datePublished\":\"2025-07-19T07:39:46+00:00\",\"mainEntityOfPage\":{\"@id\":\"https:\/\/www.italpassion.fr\/es\/ferrari\/quand-lancien-president-de-ferrari-a-declare-la-348-une-voiture-de-merde\/\"},\"wordCount\":387,\"commentCount\":2,\"publisher\":{\"@id\":\"https:\/\/www.italpassion.fr\/es\/#organization\"},\"image\":{\"@id\":\"https:\/\/www.italpassion.fr\/es\/ferrari\/quand-lancien-president-de-ferrari-a-declare-la-348-une-voiture-de-merde\/#primaryimage\"},\"thumbnailUrl\":\"https:\/\/www.italpassion.fr\/wp-content\/uploads\/2025\/06\/ferrari-348.jpg\",\"keywords\":[\"Ferrari 348\"],\"articleSection\":[\"Ferrari\"],\"inLanguage\":\"es\",\"potentialAction\":[{\"@type\":\"CommentAction\",\"name\":\"Comment\",\"target\":[\"https:\/\/www.italpassion.fr\/es\/ferrari\/quand-lancien-president-de-ferrari-a-declare-la-348-une-voiture-de-merde\/#respond\"]}]},{\"@type\":\"WebPage\",\"@id\":\"https:\/\/www.italpassion.fr\/es\/ferrari\/quand-lancien-president-de-ferrari-a-declare-la-348-une-voiture-de-merde\/\",\"url\":\"https:\/\/www.italpassion.fr\/es\/ferrari\/quand-lancien-president-de-ferrari-a-declare-la-348-une-voiture-de-merde\/\",\"name\":\"Quand l'ancien pr\u00e9sident de Ferrari \u00e0 d\u00e9clar\u00e9 : \\\"la 348, une voiture de merde\\\" ! - ItalPassion\",\"isPartOf\":{\"@id\":\"https:\/\/www.italpassion.fr\/es\/#website\"},\"primaryImageOfPage\":{\"@id\":\"https:\/\/www.italpassion.fr\/es\/ferrari\/quand-lancien-president-de-ferrari-a-declare-la-348-une-voiture-de-merde\/#primaryimage\"},\"image\":{\"@id\":\"https:\/\/www.italpassion.fr\/es\/ferrari\/quand-lancien-president-de-ferrari-a-declare-la-348-une-voiture-de-merde\/#primaryimage\"},\"thumbnailUrl\":\"https:\/\/www.italpassion.fr\/wp-content\/uploads\/2025\/06\/ferrari-348.jpg\",\"datePublished\":\"2025-07-19T07:39:46+00:00\",\"description\":\"Tout passionn\u00e9 de Ferrari conna\u00eet la 348. Mais tout le monde ne sait pas qu\u2019elle tra\u00eene derri\u00e8re elle une anecdote plut\u00f4t savoureuse, racont\u00e9e par Luca di\",\"breadcrumb\":{\"@id\":\"https:\/\/www.italpassion.fr\/es\/ferrari\/quand-lancien-president-de-ferrari-a-declare-la-348-une-voiture-de-merde\/#breadcrumb\"},\"inLanguage\":\"es\",\"potentialAction\":[{\"@type\":\"ReadAction\",\"target\":[\"https:\/\/www.italpassion.fr\/es\/ferrari\/quand-lancien-president-de-ferrari-a-declare-la-348-une-voiture-de-merde\/\"]}]},{\"@type\":\"ImageObject\",\"inLanguage\":\"es\",\"@id\":\"https:\/\/www.italpassion.fr\/es\/ferrari\/quand-lancien-president-de-ferrari-a-declare-la-348-une-voiture-de-merde\/#primaryimage\",\"url\":\"https:\/\/www.italpassion.fr\/wp-content\/uploads\/2025\/06\/ferrari-348.jpg\",\"contentUrl\":\"https:\/\/www.italpassion.fr\/wp-content\/uploads\/2025\/06\/ferrari-348.jpg\",\"width\":1200,\"height\":800},{\"@type\":\"BreadcrumbList\",\"@id\":\"https:\/\/www.italpassion.fr\/es\/ferrari\/quand-lancien-president-de-ferrari-a-declare-la-348-une-voiture-de-merde\/#breadcrumb\",\"itemListElement\":[{\"@type\":\"ListItem\",\"position\":1,\"name\":\"Accueil\",\"item\":\"https:\/\/www.italpassion.fr\/es\/\"},{\"@type\":\"ListItem\",\"position\":2,\"name\":\"Quand l&rsquo;ancien pr\u00e9sident de Ferrari \u00e0 d\u00e9clar\u00e9 : \u00ab\u00a0la 348, une voiture de merde\u00a0\u00bb !\"}]},{\"@type\":\"WebSite\",\"@id\":\"https:\/\/www.italpassion.fr\/es\/#website\",\"url\":\"https:\/\/www.italpassion.fr\/es\/\",\"name\":\"ItalPassion\",\"description\":\"Les Passionn\u00e9s d&#039;Automobiles Italiennes\",\"publisher\":{\"@id\":\"https:\/\/www.italpassion.fr\/es\/#organization\"},\"potentialAction\":[{\"@type\":\"SearchAction\",\"target\":{\"@type\":\"EntryPoint\",\"urlTemplate\":\"https:\/\/www.italpassion.fr\/es\/?s={search_term_string}\"},\"query-input\":{\"@type\":\"PropertyValueSpecification\",\"valueRequired\":true,\"valueName\":\"search_term_string\"}}],\"inLanguage\":\"es\"},{\"@type\":\"Organization\",\"@id\":\"https:\/\/www.italpassion.fr\/es\/#organization\",\"name\":\"Italpassion\",\"url\":\"https:\/\/www.italpassion.fr\/es\/\",\"logo\":{\"@type\":\"ImageObject\",\"inLanguage\":\"es\",\"@id\":\"https:\/\/www.italpassion.fr\/es\/#\/schema\/logo\/image\/\",\"url\":\"https:\/\/www.italpassion.fr\/wp-content\/uploads\/2023\/07\/italpassion-yoast.jpg\",\"contentUrl\":\"https:\/\/www.italpassion.fr\/wp-content\/uploads\/2023\/07\/italpassion-yoast.jpg\",\"width\":696,\"height\":696,\"caption\":\"Italpassion\"},\"image\":{\"@id\":\"https:\/\/www.italpassion.fr\/es\/#\/schema\/logo\/image\/\"},\"sameAs\":[\"https:\/\/www.facebook.com\/italpassion\",\"https:\/\/x.com\/italpassion\",\"https:\/\/www.instagram.com\/italpassionfr\/\",\"https:\/\/www.youtube.com\/channel\/UCleq-ByQaA42OjhopwevRjQ\",\"https:\/\/www.facebook.com\/italpassion.en\/\",\"https:\/\/www.facebook.com\/italpassion.it\/\",\"https:\/\/www.facebook.com\/italpassion.de\/\",\"https:\/\/www.facebook.com\/italpassion.ja\/\"]},{\"@type\":\"Person\",\"@id\":\"https:\/\/www.italpassion.fr\/es\/#\/schema\/person\/36f747b2a759ca202d847e85a9434ca0\",\"name\":\"Alexandre Filluzeau\",\"image\":{\"@type\":\"ImageObject\",\"inLanguage\":\"es\",\"@id\":\"https:\/\/www.italpassion.fr\/es\/#\/schema\/person\/image\/\",\"url\":\"https:\/\/www.italpassion.fr\/wp-content\/uploads\/2025\/04\/avatar-alexandre-160x160.jpg\",\"contentUrl\":\"https:\/\/www.italpassion.fr\/wp-content\/uploads\/2025\/04\/avatar-alexandre-160x160.jpg\",\"caption\":\"Alexandre Filluzeau\"},\"description\":\"Fondateur du site ItalPassion, passionn\u00e9 de voitures italiennes et de l'Italie en g\u00e9n\u00e9ral. J'apporte un regard critique et technique aux actualit\u00e9s des marques italiennes quand cela est possible. Propri\u00e9taire d'une Maserati GranTurismo, Alfa Romeo MiTo, Lancia Fulvia et Ducati 695. Ex-propri\u00e9taire d'une Alfa Romeo Giulia.\",\"sameAs\":[\"https:\/\/www.italpassion.fr\/\"],\"url\":\"https:\/\/www.italpassion.fr\/es\/author\/alexandre\/\"}]}<\/script>\n<!-- \/ Yoast SEO plugin. -->","yoast_head_json":{"title":"Cuando el ex presidente de Ferrari dijo: \"\u00a1el 348 es una mierda de coche! - ItalPassion","description":"Todo aficionado a Ferrari conoce el 348. Pero no todo el mundo sabe que lleva detr\u00e1s una an\u00e9cdota bastante sabrosa, contada por Luca di","robots":{"index":"index","follow":"follow","max-snippet":"max-snippet:-1","max-image-preview":"max-image-preview:large","max-video-preview":"max-video-preview:-1"},"canonical":"https:\/\/www.italpassion.fr\/es\/ferrari\/cuando-el-ex-presidente-de-ferrari-declaro-que-el-348-era-una-mierda-de-coche\/","og_locale":"es_ES","og_type":"article","og_title":"Quand l'ancien pr\u00e9sident de Ferrari \u00e0 d\u00e9clar\u00e9 : \"la 348, une voiture de merde\" ! - ItalPassion","og_description":"Tout passionn\u00e9 de Ferrari conna\u00eet la 348. Mais tout le monde ne sait pas qu\u2019elle tra\u00eene derri\u00e8re elle une anecdote plut\u00f4t savoureuse, racont\u00e9e par Luca di","og_url":"https:\/\/www.italpassion.fr\/es\/ferrari\/cuando-el-ex-presidente-de-ferrari-declaro-que-el-348-era-una-mierda-de-coche\/","og_site_name":"ItalPassion","article_publisher":"https:\/\/www.facebook.com\/italpassion","article_published_time":"2025-07-19T07:39:46+00:00","og_image":[{"width":1200,"height":800,"url":"https:\/\/www.italpassion.fr\/wp-content\/uploads\/2025\/06\/ferrari-348.jpg","type":"image\/jpeg"}],"author":"Alexandre Filluzeau","twitter_card":"summary_large_image","twitter_creator":"@italpassion","twitter_site":"@italpassion","schema":{"@context":"https:\/\/schema.org","@graph":[{"@type":"NewsArticle","@id":"https:\/\/www.italpassion.fr\/es\/ferrari\/quand-lancien-president-de-ferrari-a-declare-la-348-une-voiture-de-merde\/#article","isPartOf":{"@id":"https:\/\/www.italpassion.fr\/es\/ferrari\/quand-lancien-president-de-ferrari-a-declare-la-348-une-voiture-de-merde\/"},"author":{"name":"Alexandre Filluzeau","@id":"https:\/\/www.italpassion.fr\/es\/#\/schema\/person\/36f747b2a759ca202d847e85a9434ca0"},"headline":"Quand l&rsquo;ancien pr\u00e9sident de Ferrari \u00e0 d\u00e9clar\u00e9 : \u00ab\u00a0la 348, une voiture de merde\u00a0\u00bb !","datePublished":"2025-07-19T07:39:46+00:00","mainEntityOfPage":{"@id":"https:\/\/www.italpassion.fr\/es\/ferrari\/quand-lancien-president-de-ferrari-a-declare-la-348-une-voiture-de-merde\/"},"wordCount":387,"commentCount":2,"publisher":{"@id":"https:\/\/www.italpassion.fr\/es\/#organization"},"image":{"@id":"https:\/\/www.italpassion.fr\/es\/ferrari\/quand-lancien-president-de-ferrari-a-declare-la-348-une-voiture-de-merde\/#primaryimage"},"thumbnailUrl":"https:\/\/www.italpassion.fr\/wp-content\/uploads\/2025\/06\/ferrari-348.jpg","keywords":["Ferrari 348"],"articleSection":["Ferrari"],"inLanguage":"es","potentialAction":[{"@type":"CommentAction","name":"Comment","target":["https:\/\/www.italpassion.fr\/es\/ferrari\/quand-lancien-president-de-ferrari-a-declare-la-348-une-voiture-de-merde\/#respond"]}]},{"@type":"WebPage","@id":"https:\/\/www.italpassion.fr\/es\/ferrari\/quand-lancien-president-de-ferrari-a-declare-la-348-une-voiture-de-merde\/","url":"https:\/\/www.italpassion.fr\/es\/ferrari\/quand-lancien-president-de-ferrari-a-declare-la-348-une-voiture-de-merde\/","name":"Cuando el ex presidente de Ferrari dijo: \"\u00a1el 348 es una mierda de coche! - ItalPassion","isPartOf":{"@id":"https:\/\/www.italpassion.fr\/es\/#website"},"primaryImageOfPage":{"@id":"https:\/\/www.italpassion.fr\/es\/ferrari\/quand-lancien-president-de-ferrari-a-declare-la-348-une-voiture-de-merde\/#primaryimage"},"image":{"@id":"https:\/\/www.italpassion.fr\/es\/ferrari\/quand-lancien-president-de-ferrari-a-declare-la-348-une-voiture-de-merde\/#primaryimage"},"thumbnailUrl":"https:\/\/www.italpassion.fr\/wp-content\/uploads\/2025\/06\/ferrari-348.jpg","datePublished":"2025-07-19T07:39:46+00:00","description":"Todo aficionado a Ferrari conoce el 348. Pero no todo el mundo sabe que lleva detr\u00e1s una an\u00e9cdota bastante sabrosa, contada por Luca di","breadcrumb":{"@id":"https:\/\/www.italpassion.fr\/es\/ferrari\/quand-lancien-president-de-ferrari-a-declare-la-348-une-voiture-de-merde\/#breadcrumb"},"inLanguage":"es","potentialAction":[{"@type":"ReadAction","target":["https:\/\/www.italpassion.fr\/es\/ferrari\/quand-lancien-president-de-ferrari-a-declare-la-348-une-voiture-de-merde\/"]}]},{"@type":"ImageObject","inLanguage":"es","@id":"https:\/\/www.italpassion.fr\/es\/ferrari\/quand-lancien-president-de-ferrari-a-declare-la-348-une-voiture-de-merde\/#primaryimage","url":"https:\/\/www.italpassion.fr\/wp-content\/uploads\/2025\/06\/ferrari-348.jpg","contentUrl":"https:\/\/www.italpassion.fr\/wp-content\/uploads\/2025\/06\/ferrari-348.jpg","width":1200,"height":800},{"@type":"BreadcrumbList","@id":"https:\/\/www.italpassion.fr\/es\/ferrari\/quand-lancien-president-de-ferrari-a-declare-la-348-une-voiture-de-merde\/#breadcrumb","itemListElement":[{"@type":"ListItem","position":1,"name":"Accueil","item":"https:\/\/www.italpassion.fr\/es\/"},{"@type":"ListItem","position":2,"name":"Quand l&rsquo;ancien pr\u00e9sident de Ferrari \u00e0 d\u00e9clar\u00e9 : \u00ab\u00a0la 348, une voiture de merde\u00a0\u00bb !"}]},{"@type":"WebSite","@id":"https:\/\/www.italpassion.fr\/es\/#website","url":"https:\/\/www.italpassion.fr\/es\/","name":"ItalPassion","description":"Entusiastas de los coches italianos","publisher":{"@id":"https:\/\/www.italpassion.fr\/es\/#organization"},"potentialAction":[{"@type":"SearchAction","target":{"@type":"EntryPoint","urlTemplate":"https:\/\/www.italpassion.fr\/es\/?s={search_term_string}"},"query-input":{"@type":"PropertyValueSpecification","valueRequired":true,"valueName":"search_term_string"}}],"inLanguage":"es"},{"@type":"Organization","@id":"https:\/\/www.italpassion.fr\/es\/#organization","name":"Italpassion","url":"https:\/\/www.italpassion.fr\/es\/","logo":{"@type":"ImageObject","inLanguage":"es","@id":"https:\/\/www.italpassion.fr\/es\/#\/schema\/logo\/image\/","url":"https:\/\/www.italpassion.fr\/wp-content\/uploads\/2023\/07\/italpassion-yoast.jpg","contentUrl":"https:\/\/www.italpassion.fr\/wp-content\/uploads\/2023\/07\/italpassion-yoast.jpg","width":696,"height":696,"caption":"Italpassion"},"image":{"@id":"https:\/\/www.italpassion.fr\/es\/#\/schema\/logo\/image\/"},"sameAs":["https:\/\/www.facebook.com\/italpassion","https:\/\/x.com\/italpassion","https:\/\/www.instagram.com\/italpassionfr\/","https:\/\/www.youtube.com\/channel\/UCleq-ByQaA42OjhopwevRjQ","https:\/\/www.facebook.com\/italpassion.en\/","https:\/\/www.facebook.com\/italpassion.it\/","https:\/\/www.facebook.com\/italpassion.de\/","https:\/\/www.facebook.com\/italpassion.ja\/"]},{"@type":"Person","@id":"https:\/\/www.italpassion.fr\/es\/#\/schema\/person\/36f747b2a759ca202d847e85a9434ca0","name":"Alexandre Filluzeau","image":{"@type":"ImageObject","inLanguage":"es","@id":"https:\/\/www.italpassion.fr\/es\/#\/schema\/person\/image\/","url":"https:\/\/www.italpassion.fr\/wp-content\/uploads\/2025\/04\/avatar-alexandre-160x160.jpg","contentUrl":"https:\/\/www.italpassion.fr\/wp-content\/uploads\/2025\/04\/avatar-alexandre-160x160.jpg","caption":"Alexandre Filluzeau"},"description":"Fundador del sitio web ItalPassion, apasionado de los coches italianos y de Italia en general. Aporto una mirada cr\u00edtica y t\u00e9cnica a las noticias de las marcas italianas cuando es posible. Propietario de un Maserati GranTurismo, Alfa Romeo MiTo, Lancia Fulvia y Ducati 695. Ex-propietario de un Alfa Romeo Giulia.","sameAs":["https:\/\/www.italpassion.fr\/"],"url":"https:\/\/www.italpassion.fr\/es\/author\/alexandre\/"}]}},"_links":{"self":[{"href":"https:\/\/www.italpassion.fr\/es\/wp-json\/wp\/v2\/posts\/39177","targetHints":{"allow":["GET"]}}],"collection":[{"href":"https:\/\/www.italpassion.fr\/es\/wp-json\/wp\/v2\/posts"}],"about":[{"href":"https:\/\/www.italpassion.fr\/es\/wp-json\/wp\/v2\/types\/post"}],"author":[{"embeddable":true,"href":"https:\/\/www.italpassion.fr\/es\/wp-json\/wp\/v2\/users\/1"}],"replies":[{"embeddable":true,"href":"https:\/\/www.italpassion.fr\/es\/wp-json\/wp\/v2\/comments?post=39177"}],"version-history":[{"count":3,"href":"https:\/\/www.italpassion.fr\/es\/wp-json\/wp\/v2\/posts\/39177\/revisions"}],"predecessor-version":[{"id":39917,"href":"https:\/\/www.italpassion.fr\/es\/wp-json\/wp\/v2\/posts\/39177\/revisions\/39917"}],"wp:featuredmedia":[{"embeddable":true,"href":"https:\/\/www.italpassion.fr\/es\/wp-json\/wp\/v2\/media\/39535"}],"wp:attachment":[{"href":"https:\/\/www.italpassion.fr\/es\/wp-json\/wp\/v2\/media?parent=39177"}],"wp:term":[{"taxonomy":"category","embeddable":true,"href":"https:\/\/www.italpassion.fr\/es\/wp-json\/wp\/v2\/categories?post=39177"},{"taxonomy":"post_tag","embeddable":true,"href":"https:\/\/www.italpassion.fr\/es\/wp-json\/wp\/v2\/tags?post=39177"}],"curies":[{"name":"wp","href":"https:\/\/api.w.org\/{rel}","templated":true}]}}