{"id":38823,"date":"2025-06-02T10:02:43","date_gmt":"2025-06-02T08:02:43","guid":{"rendered":"https:\/\/www.italpassion.fr\/?p=38823"},"modified":"2025-06-02T10:06:48","modified_gmt":"2025-06-02T08:06:48","slug":"estuvimos-en-los-dias-del-delta-aqui-estan-los-deltas-de-lancia-mas-espectaculares-en-imagenes-2","status":"publish","type":"post","link":"https:\/\/www.italpassion.fr\/es\/lancia\/on-etait-aux-delta-days-voici-les-lancia-delta-les-plus-spectaculaires-en-images\/","title":{"rendered":"Estuvimos en los Delta Days: \u00a1aqu\u00ed tienes las im\u00e1genes m\u00e1s espectaculares de los Lancia Delta!"},"content":{"rendered":"<figure class=\"wp-block-image size-full\"><img loading=\"lazy\" decoding=\"async\" width=\"1200\" height=\"800\" src=\"https:\/\/www.italpassion.fr\/wp-content\/uploads\/2025\/06\/lancia-delta-days-thumn.jpg\" alt=\"\" class=\"wp-image-38840\" srcset=\"https:\/\/www.italpassion.fr\/wp-content\/uploads\/2025\/06\/lancia-delta-days-thumn.jpg 1200w, https:\/\/www.italpassion.fr\/wp-content\/uploads\/2025\/06\/lancia-delta-days-thumn-420x280.jpg 420w, https:\/\/www.italpassion.fr\/wp-content\/uploads\/2025\/06\/lancia-delta-days-thumn-768x512.jpg 768w, https:\/\/www.italpassion.fr\/wp-content\/uploads\/2025\/06\/lancia-delta-days-thumn-18x12.jpg 18w\" sizes=\"auto, (max-width: 1200px) 100vw, 1200px\" \/><\/figure>\n\n\n\n<p><strong>Creada en 2001, la Scuderia Lancia Int\u00e9grale, con sede en el sureste de Francia, organiz\u00f3 la primera edici\u00f3n de los \"Delta Days\", un gran encuentro dedicado a los <a href=\"https:\/\/www.italpassion.fr\/es\/lancia\/\">Lancia<\/a> Delta.<\/strong> Una primicia a este lado de los Alpes. El coraz\u00f3n de la concentraci\u00f3n se situ\u00f3 en la comuna de Roquebilli\u00e8re, en el valle del V\u00e9subie. En el coraz\u00f3n de esta tierra de rallyes, donde se encuentra el legendario Col du Turini, no pod\u00eda faltar un homenaje a la reina del Grupo A.<\/p>\n\n\n\n<p><strong>En esta primera edici\u00f3n se esperaba la participaci\u00f3n de cerca de 120 autom\u00f3viles Lancia Delta.<\/strong> Por diversas razones administrativas, la hist\u00f3rica ascensi\u00f3n al Col du Turini y los bautismos no pudieron celebrarse, pero la Scuderia tiene la intenci\u00f3n de repetir este acontecimiento y hacerlo m\u00e1s grande. Es lo \u00fanico que podemos esperar, porque la calidad de los coches expuestos s\u00f3lo es comparable a su simpat\u00eda. <strong>Uno de los participantes, el antiguo piloto de rallies Ra\u00fal Marchisio,<\/strong> muy conocido por los j\u00f3venes como compa\u00f1ero de GMK en numerosos v\u00eddeos.<\/p>\n\n\n\n<p>El Lancia Delta se lanz\u00f3 en 1979. La elegante berlina se volvi\u00f3 loca cuando en 1983 se le uni\u00f3 la versi\u00f3n HF Turbo, en 1986 la HF 4WD y en 1987 la HF Integral, que se convirti\u00f3 en la punta de lanza de la marca en los rallyes tras el abrupto final de la categor\u00eda Grupo B. Este coche sufri\u00f3 a su vez una serie de cambios, con el paso a 16 v\u00e1lvulas en 1989, seguido de la \"Evoluzione 1\" en 1991 y la \"Evoluzione 2\" en 1993. En rallyes, el Delta lleg\u00f3 en 1985 a la era del Grupo B con el S4, pero fue en la era del Grupo A donde el Delta escribi\u00f3 su leyenda, con los t\u00edtulos de pilotos de Biasion (1988, 1989) y Kankkunen (1991), pero sobre todo con los seis t\u00edtulos consecutivos de constructores entre 1987 y 1992.<\/p>\n\n\n\n<h2 class=\"wp-block-heading\">\u00c9stos son algunos de los aspectos m\u00e1s destacados del acto<\/h2>\n\n\n\n<p><strong>Este es el coche del \"jefe\" Marco, un modelo que data de 1994, pero todav\u00eda en configuraci\u00f3n Evolution 1, importado de Jap\u00f3n. <\/strong>La evoluci\u00f3n se aprecia inmediatamente en las aletas ensanchadas y el aler\u00f3n trasero en la parte superior del port\u00f3n trasero. La pintura y la decoraci\u00f3n se han realizado en Italia, mientras que el tren motriz ha recibido algunas peque\u00f1as optimizaciones para alcanzar los 215 CV, casi tantos como el Evolution 2.<\/p>\n\n\n\n<figure class=\"wp-block-image size-full\"><img loading=\"lazy\" decoding=\"async\" width=\"1200\" height=\"800\" src=\"https:\/\/www.italpassion.fr\/wp-content\/uploads\/2025\/06\/lancia-delta-days-1.jpg\" alt=\"\" class=\"wp-image-38824\" srcset=\"https:\/\/www.italpassion.fr\/wp-content\/uploads\/2025\/06\/lancia-delta-days-1.jpg 1200w, https:\/\/www.italpassion.fr\/wp-content\/uploads\/2025\/06\/lancia-delta-days-1-420x280.jpg 420w, https:\/\/www.italpassion.fr\/wp-content\/uploads\/2025\/06\/lancia-delta-days-1-768x512.jpg 768w, https:\/\/www.italpassion.fr\/wp-content\/uploads\/2025\/06\/lancia-delta-days-1-18x12.jpg 18w\" sizes=\"auto, (max-width: 1200px) 100vw, 1200px\" \/><figcaption class=\"wp-element-caption\">Foto Nicolas Anderbegani para Italpassion<\/figcaption><\/figure>\n\n\n\n<figure class=\"wp-block-image size-full\"><img loading=\"lazy\" decoding=\"async\" width=\"1200\" height=\"800\" src=\"https:\/\/www.italpassion.fr\/wp-content\/uploads\/2025\/06\/lancia-delta-days-2.jpg\" alt=\"\" class=\"wp-image-38825\" srcset=\"https:\/\/www.italpassion.fr\/wp-content\/uploads\/2025\/06\/lancia-delta-days-2.jpg 1200w, https:\/\/www.italpassion.fr\/wp-content\/uploads\/2025\/06\/lancia-delta-days-2-420x280.jpg 420w, https:\/\/www.italpassion.fr\/wp-content\/uploads\/2025\/06\/lancia-delta-days-2-768x512.jpg 768w, https:\/\/www.italpassion.fr\/wp-content\/uploads\/2025\/06\/lancia-delta-days-2-18x12.jpg 18w\" sizes=\"auto, (max-width: 1200px) 100vw, 1200px\" \/><figcaption class=\"wp-element-caption\">Foto Nicolas Anderbegani para Italpassion<\/figcaption><\/figure>\n\n\n\n<figure class=\"wp-block-image size-full\"><img loading=\"lazy\" decoding=\"async\" width=\"1200\" height=\"800\" src=\"https:\/\/www.italpassion.fr\/wp-content\/uploads\/2025\/06\/lancia-delta-days-3.jpg\" alt=\"\" class=\"wp-image-38826\" srcset=\"https:\/\/www.italpassion.fr\/wp-content\/uploads\/2025\/06\/lancia-delta-days-3.jpg 1200w, https:\/\/www.italpassion.fr\/wp-content\/uploads\/2025\/06\/lancia-delta-days-3-420x280.jpg 420w, https:\/\/www.italpassion.fr\/wp-content\/uploads\/2025\/06\/lancia-delta-days-3-768x512.jpg 768w, https:\/\/www.italpassion.fr\/wp-content\/uploads\/2025\/06\/lancia-delta-days-3-18x12.jpg 18w\" sizes=\"auto, (max-width: 1200px) 100vw, 1200px\" \/><figcaption class=\"wp-element-caption\">Foto Nicolas Anderbegani para Italpassion<\/figcaption><\/figure>\n\n\n\n<p>Un Evolution 1 muy fino (210 CV a 5.750 rpm y 300 Nm de par), <strong>con algunos peque\u00f1os toques de calcoman\u00eda y, sobre todo, un hermoso tono de azul oscuro,<\/strong> que no es original y no figuraba en el cat\u00e1logo en aquel momento.<\/p>\n\n\n\n<figure class=\"wp-block-image size-full\"><img loading=\"lazy\" decoding=\"async\" width=\"1200\" height=\"800\" src=\"https:\/\/www.italpassion.fr\/wp-content\/uploads\/2025\/06\/lancia-delta-days-5.jpg\" alt=\"\" class=\"wp-image-38828\" srcset=\"https:\/\/www.italpassion.fr\/wp-content\/uploads\/2025\/06\/lancia-delta-days-5.jpg 1200w, https:\/\/www.italpassion.fr\/wp-content\/uploads\/2025\/06\/lancia-delta-days-5-420x280.jpg 420w, https:\/\/www.italpassion.fr\/wp-content\/uploads\/2025\/06\/lancia-delta-days-5-768x512.jpg 768w, https:\/\/www.italpassion.fr\/wp-content\/uploads\/2025\/06\/lancia-delta-days-5-18x12.jpg 18w\" sizes=\"auto, (max-width: 1200px) 100vw, 1200px\" \/><figcaption class=\"wp-element-caption\">Foto Nicolas Anderbegani para Italpassion<\/figcaption><\/figure>\n\n\n\n<figure class=\"wp-block-image size-full\"><img loading=\"lazy\" decoding=\"async\" width=\"1200\" height=\"800\" src=\"https:\/\/www.italpassion.fr\/wp-content\/uploads\/2025\/06\/lancia-delta-days-4.jpg\" alt=\"\" class=\"wp-image-38827\" srcset=\"https:\/\/www.italpassion.fr\/wp-content\/uploads\/2025\/06\/lancia-delta-days-4.jpg 1200w, https:\/\/www.italpassion.fr\/wp-content\/uploads\/2025\/06\/lancia-delta-days-4-420x280.jpg 420w, https:\/\/www.italpassion.fr\/wp-content\/uploads\/2025\/06\/lancia-delta-days-4-768x512.jpg 768w, https:\/\/www.italpassion.fr\/wp-content\/uploads\/2025\/06\/lancia-delta-days-4-18x12.jpg 18w\" sizes=\"auto, (max-width: 1200px) 100vw, 1200px\" \/><figcaption class=\"wp-element-caption\">Foto Nicolas Anderbegani para Italpassion<\/figcaption><\/figure>\n\n\n\n<p><strong>No pod\u00eda faltar este Delta Int\u00e9grale HF 16V 'Fina', que sencillamente particip\u00f3 en el Campeonato del Mundo de Rallyes de 1991. <\/strong>Fue inscrito por el Jolly Club, mientras que los coches Delta \"de f\u00e1brica\" llevaban, por supuesto, la famosa librea Martini. Como se puede ver en la puerta, el n\u00b06, matriculado en Tur\u00edn, fue conducido por Didier Auriol y Bernard Occelli en el Rally Acr\u00f3polis, que termin\u00f3 en 4\u00aa posici\u00f3n. Este modelo pertenece a Raul Marchisio. Justo delante se encuentra el HF Int\u00e9grale Evoluzione, que corri\u00f3 en 1992, \u00faltimo a\u00f1o de participaci\u00f3n oficial de Lancia en el campeonato del mundo.<\/p>\n\n\n\n<figure class=\"wp-block-image size-full\"><img loading=\"lazy\" decoding=\"async\" width=\"1200\" height=\"662\" src=\"https:\/\/www.italpassion.fr\/wp-content\/uploads\/2025\/06\/lancia-delta-days-6.jpg\" alt=\"\" class=\"wp-image-38829\" srcset=\"https:\/\/www.italpassion.fr\/wp-content\/uploads\/2025\/06\/lancia-delta-days-6.jpg 1200w, https:\/\/www.italpassion.fr\/wp-content\/uploads\/2025\/06\/lancia-delta-days-6-420x232.jpg 420w, https:\/\/www.italpassion.fr\/wp-content\/uploads\/2025\/06\/lancia-delta-days-6-768x424.jpg 768w, https:\/\/www.italpassion.fr\/wp-content\/uploads\/2025\/06\/lancia-delta-days-6-18x10.jpg 18w\" sizes=\"auto, (max-width: 1200px) 100vw, 1200px\" \/><figcaption class=\"wp-element-caption\">Foto Nicolas Anderbegani para Italpassion<\/figcaption><\/figure>\n\n\n\n<figure class=\"wp-block-image size-full\"><img loading=\"lazy\" decoding=\"async\" width=\"1200\" height=\"800\" src=\"https:\/\/www.italpassion.fr\/wp-content\/uploads\/2025\/06\/lancia-delta-days-7.jpg\" alt=\"\" class=\"wp-image-38830\" srcset=\"https:\/\/www.italpassion.fr\/wp-content\/uploads\/2025\/06\/lancia-delta-days-7.jpg 1200w, https:\/\/www.italpassion.fr\/wp-content\/uploads\/2025\/06\/lancia-delta-days-7-420x280.jpg 420w, https:\/\/www.italpassion.fr\/wp-content\/uploads\/2025\/06\/lancia-delta-days-7-768x512.jpg 768w, https:\/\/www.italpassion.fr\/wp-content\/uploads\/2025\/06\/lancia-delta-days-7-18x12.jpg 18w\" sizes=\"auto, (max-width: 1200px) 100vw, 1200px\" \/><\/figure>\n\n\n\n<p>Se trata de un HF Int\u00e9grale 'Evoluzione' italiano muy bonito, con la misma decoraci\u00f3n, patrocinadores y dise\u00f1o que los coches del Grupo A inscritos a partir de 1992, que destacaban sobre todo por sus retrovisores aerodin\u00e1micos. Sin embargo, se a\u00f1adieron deflectores de rueda en la parte delantera.<\/p>\n\n\n\n<figure class=\"wp-block-image size-full\"><img loading=\"lazy\" decoding=\"async\" width=\"1200\" height=\"800\" src=\"https:\/\/www.italpassion.fr\/wp-content\/uploads\/2025\/06\/lancia-delta-days-9.jpg\" alt=\"\" class=\"wp-image-38831\" srcset=\"https:\/\/www.italpassion.fr\/wp-content\/uploads\/2025\/06\/lancia-delta-days-9.jpg 1200w, https:\/\/www.italpassion.fr\/wp-content\/uploads\/2025\/06\/lancia-delta-days-9-420x280.jpg 420w, https:\/\/www.italpassion.fr\/wp-content\/uploads\/2025\/06\/lancia-delta-days-9-768x512.jpg 768w, https:\/\/www.italpassion.fr\/wp-content\/uploads\/2025\/06\/lancia-delta-days-9-18x12.jpg 18w\" sizes=\"auto, (max-width: 1200px) 100vw, 1200px\" \/><figcaption class=\"wp-element-caption\">Foto Nicolas Anderbegani para Italpassion<\/figcaption><\/figure>\n\n\n\n<figure class=\"wp-block-image size-full\"><img loading=\"lazy\" decoding=\"async\" width=\"1200\" height=\"800\" src=\"https:\/\/www.italpassion.fr\/wp-content\/uploads\/2025\/06\/lancia-delta-days-10.jpg\" alt=\"\" class=\"wp-image-38832\" srcset=\"https:\/\/www.italpassion.fr\/wp-content\/uploads\/2025\/06\/lancia-delta-days-10.jpg 1200w, https:\/\/www.italpassion.fr\/wp-content\/uploads\/2025\/06\/lancia-delta-days-10-420x280.jpg 420w, https:\/\/www.italpassion.fr\/wp-content\/uploads\/2025\/06\/lancia-delta-days-10-768x512.jpg 768w, https:\/\/www.italpassion.fr\/wp-content\/uploads\/2025\/06\/lancia-delta-days-10-18x12.jpg 18w\" sizes=\"auto, (max-width: 1200px) 100vw, 1200px\" \/><figcaption class=\"wp-element-caption\">Foto Nicolas Anderbegani para Italpassion<\/figcaption><\/figure>\n\n\n\n<p><strong>La HF Int\u00e9grale Evoluzione se present\u00f3 con fuerza, en versiones 1 \u00f3 2, con una amplia variedad de colores,<\/strong> incluyendo negro, rojo y amarillo, algunos acabados con interiores de cuero. El Gialla Ginestra amarillo es un Evo 2, y una de las \u00faltimas series especiales producidas. Incorpora cristales pavonados Solextra y un interior m\u00e1s rico y mejor acabado. El blanco es una serie especial para el \"5\u00ba Campe\u00f3n del Mundo de Rallyes\", comercializada desde finales de enero de 1992 para celebrar el quinto campeonato de constructores ganado por el Delta. Como lema principal, esta versi\u00f3n especial contaba con decoraci\u00f3n martini, as\u00ed como aire acondicionado -s\u00ed, hay cierto confort en el purismo-, ABS y asientos delanteros en tejido alc\u00e1ntara negro. <\/p>\n\n\n\n<figure class=\"wp-block-image size-full\"><img loading=\"lazy\" decoding=\"async\" width=\"1200\" height=\"800\" src=\"https:\/\/www.italpassion.fr\/wp-content\/uploads\/2025\/06\/lancia-delta-11.jpg\" alt=\"\" class=\"wp-image-38833\" srcset=\"https:\/\/www.italpassion.fr\/wp-content\/uploads\/2025\/06\/lancia-delta-11.jpg 1200w, https:\/\/www.italpassion.fr\/wp-content\/uploads\/2025\/06\/lancia-delta-11-420x280.jpg 420w, https:\/\/www.italpassion.fr\/wp-content\/uploads\/2025\/06\/lancia-delta-11-768x512.jpg 768w, https:\/\/www.italpassion.fr\/wp-content\/uploads\/2025\/06\/lancia-delta-11-18x12.jpg 18w\" sizes=\"auto, (max-width: 1200px) 100vw, 1200px\" \/><figcaption class=\"wp-element-caption\">Foto Nicolas Anderbegani para Italpassion<\/figcaption><\/figure>\n\n\n\n<figure class=\"wp-block-image size-full\"><img loading=\"lazy\" decoding=\"async\" width=\"1200\" height=\"800\" src=\"https:\/\/www.italpassion.fr\/wp-content\/uploads\/2025\/06\/lancia-delta-days-12.jpg\" alt=\"\" class=\"wp-image-38834\" srcset=\"https:\/\/www.italpassion.fr\/wp-content\/uploads\/2025\/06\/lancia-delta-days-12.jpg 1200w, https:\/\/www.italpassion.fr\/wp-content\/uploads\/2025\/06\/lancia-delta-days-12-420x280.jpg 420w, https:\/\/www.italpassion.fr\/wp-content\/uploads\/2025\/06\/lancia-delta-days-12-768x512.jpg 768w, https:\/\/www.italpassion.fr\/wp-content\/uploads\/2025\/06\/lancia-delta-days-12-18x12.jpg 18w\" sizes=\"auto, (max-width: 1200px) 100vw, 1200px\" \/><figcaption class=\"wp-element-caption\">Foto Nicolas Anderbegani para Italpassion<\/figcaption><\/figure>\n\n\n\n<figure class=\"wp-block-image size-full\"><img loading=\"lazy\" decoding=\"async\" width=\"1200\" height=\"800\" src=\"https:\/\/www.italpassion.fr\/wp-content\/uploads\/2025\/06\/lancia-delta-days.jpg\" alt=\"\" class=\"wp-image-38835\" srcset=\"https:\/\/www.italpassion.fr\/wp-content\/uploads\/2025\/06\/lancia-delta-days.jpg 1200w, https:\/\/www.italpassion.fr\/wp-content\/uploads\/2025\/06\/lancia-delta-days-420x280.jpg 420w, https:\/\/www.italpassion.fr\/wp-content\/uploads\/2025\/06\/lancia-delta-days-768x512.jpg 768w, https:\/\/www.italpassion.fr\/wp-content\/uploads\/2025\/06\/lancia-delta-days-18x12.jpg 18w\" sizes=\"auto, (max-width: 1200px) 100vw, 1200px\" \/><figcaption class=\"wp-element-caption\">Foto Nicolas Anderbegani para Italpassion<\/figcaption><\/figure>\n\n\n\n<figure class=\"wp-block-image size-full\"><img loading=\"lazy\" decoding=\"async\" width=\"1200\" height=\"800\" src=\"https:\/\/www.italpassion.fr\/wp-content\/uploads\/2025\/06\/lancia-delta-days-14.jpg\" alt=\"\" class=\"wp-image-38836\" srcset=\"https:\/\/www.italpassion.fr\/wp-content\/uploads\/2025\/06\/lancia-delta-days-14.jpg 1200w, https:\/\/www.italpassion.fr\/wp-content\/uploads\/2025\/06\/lancia-delta-days-14-420x280.jpg 420w, https:\/\/www.italpassion.fr\/wp-content\/uploads\/2025\/06\/lancia-delta-days-14-768x512.jpg 768w, https:\/\/www.italpassion.fr\/wp-content\/uploads\/2025\/06\/lancia-delta-days-14-18x12.jpg 18w\" sizes=\"auto, (max-width: 1200px) 100vw, 1200px\" \/><figcaption class=\"wp-element-caption\">Foto Nicolas Anderbegani para Italpassion<\/figcaption><\/figure>\n\n\n\n<p>En cierto modo, el Delta HF Turbo abri\u00f3 el camino a la leyenda, aunque posteriormente fue eclipsado por el Int\u00e9grale. En la versi\u00f3n HF, el bloque de 1585 cm3 alcanzaba los 130 CV gracias a este Garrett T3 Turbo, frente a los 105 CV de su versi\u00f3n atmosf\u00e9rica (el GT).<\/p>\n\n\n\n<p><strong>Este Lancia delta hf turbo ie est\u00e1 equipado con el famoso kit Martini Racing desarrollado en 1984 por Chardonnet,<\/strong> Un conocido importador de Lancia y Autobianchi: adem\u00e1s de los guardabarros y el kit aerodin\u00e1mico, llevaba los famosos ribetes Martini Racing, incluso en el volante, y faros dobles. <\/p>\n\n\n\n<figure class=\"wp-block-image size-full\"><img loading=\"lazy\" decoding=\"async\" width=\"1200\" height=\"800\" src=\"https:\/\/www.italpassion.fr\/wp-content\/uploads\/2025\/06\/lancia-delta-days-15.jpg\" alt=\"\" class=\"wp-image-38837\" srcset=\"https:\/\/www.italpassion.fr\/wp-content\/uploads\/2025\/06\/lancia-delta-days-15.jpg 1200w, https:\/\/www.italpassion.fr\/wp-content\/uploads\/2025\/06\/lancia-delta-days-15-420x280.jpg 420w, https:\/\/www.italpassion.fr\/wp-content\/uploads\/2025\/06\/lancia-delta-days-15-768x512.jpg 768w, https:\/\/www.italpassion.fr\/wp-content\/uploads\/2025\/06\/lancia-delta-days-15-18x12.jpg 18w\" sizes=\"auto, (max-width: 1200px) 100vw, 1200px\" \/><figcaption class=\"wp-element-caption\">Foto Nicolas Anderbegani para Italpassion<\/figcaption><\/figure>\n\n\n\n<figure class=\"wp-block-image size-full\"><img loading=\"lazy\" decoding=\"async\" width=\"1200\" height=\"800\" src=\"https:\/\/www.italpassion.fr\/wp-content\/uploads\/2025\/06\/lancia-delta-days-16.jpg\" alt=\"\" class=\"wp-image-38838\" srcset=\"https:\/\/www.italpassion.fr\/wp-content\/uploads\/2025\/06\/lancia-delta-days-16.jpg 1200w, https:\/\/www.italpassion.fr\/wp-content\/uploads\/2025\/06\/lancia-delta-days-16-420x280.jpg 420w, https:\/\/www.italpassion.fr\/wp-content\/uploads\/2025\/06\/lancia-delta-days-16-768x512.jpg 768w, https:\/\/www.italpassion.fr\/wp-content\/uploads\/2025\/06\/lancia-delta-days-16-18x12.jpg 18w\" sizes=\"auto, (max-width: 1200px) 100vw, 1200px\" \/><figcaption class=\"wp-element-caption\">Foto Nicolas Anderbegani para Italpassion<\/figcaption><\/figure>\n\n\n\n<p>Cabe se\u00f1alar que, al no poder celebrarse los bautizos, fueron los miembros del club quienes se unieron a la asociaci\u00f3n para extender un cheque de 2.000 euros a la ASBH, la Association Nationale Spinda Bifida et Handicaps.<\/p>\n\n\n\n<figure class=\"wp-block-embed is-type-video is-provider-youtube wp-block-embed-youtube wp-embed-aspect-16-9 wp-has-aspect-ratio\"><div class=\"wp-block-embed__wrapper\">\n<iframe loading=\"lazy\" title=\"D\u00cdAS DEL DELTA: \u00a1EL FESTIVAL INTEGRAL DEL DELTA DE LANCIA EN EL 06!\" width=\"1200\" height=\"675\" src=\"https:\/\/www.youtube-nocookie.com\/embed\/PkvkTPQ4D4A?feature=oembed\" frameborder=\"0\" allow=\"accelerometer; autoplay; clipboard-write; encrypted-media; gyroscope; picture-in-picture; web-share\" referrerpolicy=\"strict-origin-when-cross-origin\" allowfullscreen><\/iframe>\n<\/div><\/figure>","protected":false},"excerpt":{"rendered":"","protected":false},"author":8,"featured_media":38840,"comment_status":"open","ping_status":"open","sticky":false,"template":"","format":"standard","meta":{"_acf_changed":false,"_sitemap_exclude":false,"_sitemap_priority":"","_sitemap_frequency":"","footnotes":""},"categories":[26],"tags":[],"class_list":["post-38823","post","type-post","status-publish","format-standard","has-post-thumbnail","hentry","category-lancia","generate-columns","tablet-grid-50","mobile-grid-100","grid-parent","grid-33"],"acf":[],"yoast_head":"<!-- This site is optimized with the Yoast SEO plugin v25.8 - https:\/\/yoast.com\/wordpress\/plugins\/seo\/ -->\n<title>On \u00e9tait aux Delta Days : voici les Lancia Delta les plus spectaculaires en images ! - ItalPassion<\/title>\n<meta name=\"description\" content=\"Cr\u00e9\u00e9e en 2001, la Scuderia Lancia Int\u00e9grale, bas\u00e9e dans le sud-est de la France, organisait la premi\u00e8re \u00e9dition des \u00ab&nbsp;Delta Days&nbsp;\u00bb, un grand\" \/>\n<meta name=\"robots\" content=\"index, follow, max-snippet:-1, max-image-preview:large, max-video-preview:-1\" \/>\n<link rel=\"canonical\" href=\"https:\/\/www.italpassion.fr\/es\/lancia\/estuvimos-en-los-dias-del-delta-aqui-estan-los-deltas-de-lancia-mas-espectaculares-en-imagenes-2\/\" \/>\n<meta property=\"og:locale\" content=\"es_ES\" \/>\n<meta property=\"og:type\" content=\"article\" \/>\n<meta property=\"og:title\" content=\"On \u00e9tait aux Delta Days : voici les Lancia Delta les plus spectaculaires en images ! - ItalPassion\" \/>\n<meta property=\"og:description\" content=\"Cr\u00e9\u00e9e en 2001, la Scuderia Lancia Int\u00e9grale, bas\u00e9e dans le sud-est de la France, organisait la premi\u00e8re \u00e9dition des \u00ab&nbsp;Delta Days&nbsp;\u00bb, un grand\" \/>\n<meta property=\"og:url\" content=\"https:\/\/www.italpassion.fr\/es\/lancia\/estuvimos-en-los-dias-del-delta-aqui-estan-los-deltas-de-lancia-mas-espectaculares-en-imagenes-2\/\" \/>\n<meta property=\"og:site_name\" content=\"ItalPassion\" \/>\n<meta property=\"article:publisher\" content=\"https:\/\/www.facebook.com\/italpassion\" \/>\n<meta property=\"article:published_time\" content=\"2025-06-02T08:02:43+00:00\" \/>\n<meta property=\"article:modified_time\" content=\"2025-06-02T08:06:48+00:00\" \/>\n<meta property=\"og:image\" content=\"https:\/\/www.italpassion.fr\/wp-content\/uploads\/2025\/06\/lancia-delta-days-thumn.jpg\" \/>\n\t<meta property=\"og:image:width\" content=\"1200\" \/>\n\t<meta property=\"og:image:height\" content=\"800\" \/>\n\t<meta property=\"og:image:type\" content=\"image\/jpeg\" \/>\n<meta name=\"author\" content=\"Nicolas Anderbegani\" \/>\n<meta name=\"twitter:card\" content=\"summary_large_image\" \/>\n<meta name=\"twitter:creator\" content=\"@italpassion\" \/>\n<meta name=\"twitter:site\" content=\"@italpassion\" \/>\n<script type=\"application\/ld+json\" class=\"yoast-schema-graph\">{\"@context\":\"https:\/\/schema.org\",\"@graph\":[{\"@type\":\"NewsArticle\",\"@id\":\"https:\/\/www.italpassion.fr\/es\/lancia\/on-etait-aux-delta-days-voici-les-lancia-delta-les-plus-spectaculaires-en-images\/#article\",\"isPartOf\":{\"@id\":\"https:\/\/www.italpassion.fr\/es\/lancia\/on-etait-aux-delta-days-voici-les-lancia-delta-les-plus-spectaculaires-en-images\/\"},\"author\":{\"name\":\"Nicolas Anderbegani\",\"@id\":\"https:\/\/www.italpassion.fr\/es\/#\/schema\/person\/efd63d72fc8007741c5836a896805b04\"},\"headline\":\"On \u00e9tait aux Delta Days : voici les Lancia Delta les plus spectaculaires en images !\",\"datePublished\":\"2025-06-02T08:02:43+00:00\",\"dateModified\":\"2025-06-02T08:06:48+00:00\",\"mainEntityOfPage\":{\"@id\":\"https:\/\/www.italpassion.fr\/es\/lancia\/on-etait-aux-delta-days-voici-les-lancia-delta-les-plus-spectaculaires-en-images\/\"},\"wordCount\":1032,\"commentCount\":0,\"publisher\":{\"@id\":\"https:\/\/www.italpassion.fr\/es\/#organization\"},\"image\":{\"@id\":\"https:\/\/www.italpassion.fr\/es\/lancia\/on-etait-aux-delta-days-voici-les-lancia-delta-les-plus-spectaculaires-en-images\/#primaryimage\"},\"thumbnailUrl\":\"https:\/\/www.italpassion.fr\/wp-content\/uploads\/2025\/06\/lancia-delta-days-thumn.jpg\",\"articleSection\":[\"Lancia\"],\"inLanguage\":\"es\",\"potentialAction\":[{\"@type\":\"CommentAction\",\"name\":\"Comment\",\"target\":[\"https:\/\/www.italpassion.fr\/es\/lancia\/on-etait-aux-delta-days-voici-les-lancia-delta-les-plus-spectaculaires-en-images\/#respond\"]}]},{\"@type\":\"WebPage\",\"@id\":\"https:\/\/www.italpassion.fr\/es\/lancia\/on-etait-aux-delta-days-voici-les-lancia-delta-les-plus-spectaculaires-en-images\/\",\"url\":\"https:\/\/www.italpassion.fr\/es\/lancia\/on-etait-aux-delta-days-voici-les-lancia-delta-les-plus-spectaculaires-en-images\/\",\"name\":\"On \u00e9tait aux Delta Days : voici les Lancia Delta les plus spectaculaires en images ! - ItalPassion\",\"isPartOf\":{\"@id\":\"https:\/\/www.italpassion.fr\/es\/#website\"},\"primaryImageOfPage\":{\"@id\":\"https:\/\/www.italpassion.fr\/es\/lancia\/on-etait-aux-delta-days-voici-les-lancia-delta-les-plus-spectaculaires-en-images\/#primaryimage\"},\"image\":{\"@id\":\"https:\/\/www.italpassion.fr\/es\/lancia\/on-etait-aux-delta-days-voici-les-lancia-delta-les-plus-spectaculaires-en-images\/#primaryimage\"},\"thumbnailUrl\":\"https:\/\/www.italpassion.fr\/wp-content\/uploads\/2025\/06\/lancia-delta-days-thumn.jpg\",\"datePublished\":\"2025-06-02T08:02:43+00:00\",\"dateModified\":\"2025-06-02T08:06:48+00:00\",\"description\":\"Cr\u00e9\u00e9e en 2001, la Scuderia Lancia Int\u00e9grale, bas\u00e9e dans le sud-est de la France, organisait la premi\u00e8re \u00e9dition des \u00ab&nbsp;Delta Days&nbsp;\u00bb, un grand\",\"breadcrumb\":{\"@id\":\"https:\/\/www.italpassion.fr\/es\/lancia\/on-etait-aux-delta-days-voici-les-lancia-delta-les-plus-spectaculaires-en-images\/#breadcrumb\"},\"inLanguage\":\"es\",\"potentialAction\":[{\"@type\":\"ReadAction\",\"target\":[\"https:\/\/www.italpassion.fr\/es\/lancia\/on-etait-aux-delta-days-voici-les-lancia-delta-les-plus-spectaculaires-en-images\/\"]}]},{\"@type\":\"ImageObject\",\"inLanguage\":\"es\",\"@id\":\"https:\/\/www.italpassion.fr\/es\/lancia\/on-etait-aux-delta-days-voici-les-lancia-delta-les-plus-spectaculaires-en-images\/#primaryimage\",\"url\":\"https:\/\/www.italpassion.fr\/wp-content\/uploads\/2025\/06\/lancia-delta-days-thumn.jpg\",\"contentUrl\":\"https:\/\/www.italpassion.fr\/wp-content\/uploads\/2025\/06\/lancia-delta-days-thumn.jpg\",\"width\":1200,\"height\":800},{\"@type\":\"BreadcrumbList\",\"@id\":\"https:\/\/www.italpassion.fr\/es\/lancia\/on-etait-aux-delta-days-voici-les-lancia-delta-les-plus-spectaculaires-en-images\/#breadcrumb\",\"itemListElement\":[{\"@type\":\"ListItem\",\"position\":1,\"name\":\"Accueil\",\"item\":\"https:\/\/www.italpassion.fr\/es\/\"},{\"@type\":\"ListItem\",\"position\":2,\"name\":\"On \u00e9tait aux Delta Days : voici les Lancia Delta les plus spectaculaires en images !\"}]},{\"@type\":\"WebSite\",\"@id\":\"https:\/\/www.italpassion.fr\/es\/#website\",\"url\":\"https:\/\/www.italpassion.fr\/es\/\",\"name\":\"ItalPassion\",\"description\":\"Les Passionn\u00e9s d&#039;Automobiles Italiennes\",\"publisher\":{\"@id\":\"https:\/\/www.italpassion.fr\/es\/#organization\"},\"potentialAction\":[{\"@type\":\"SearchAction\",\"target\":{\"@type\":\"EntryPoint\",\"urlTemplate\":\"https:\/\/www.italpassion.fr\/es\/?s={search_term_string}\"},\"query-input\":{\"@type\":\"PropertyValueSpecification\",\"valueRequired\":true,\"valueName\":\"search_term_string\"}}],\"inLanguage\":\"es\"},{\"@type\":\"Organization\",\"@id\":\"https:\/\/www.italpassion.fr\/es\/#organization\",\"name\":\"Italpassion\",\"url\":\"https:\/\/www.italpassion.fr\/es\/\",\"logo\":{\"@type\":\"ImageObject\",\"inLanguage\":\"es\",\"@id\":\"https:\/\/www.italpassion.fr\/es\/#\/schema\/logo\/image\/\",\"url\":\"https:\/\/www.italpassion.fr\/wp-content\/uploads\/2023\/07\/italpassion-yoast.jpg\",\"contentUrl\":\"https:\/\/www.italpassion.fr\/wp-content\/uploads\/2023\/07\/italpassion-yoast.jpg\",\"width\":696,\"height\":696,\"caption\":\"Italpassion\"},\"image\":{\"@id\":\"https:\/\/www.italpassion.fr\/es\/#\/schema\/logo\/image\/\"},\"sameAs\":[\"https:\/\/www.facebook.com\/italpassion\",\"https:\/\/x.com\/italpassion\",\"https:\/\/www.instagram.com\/italpassionfr\/\",\"https:\/\/www.youtube.com\/channel\/UCleq-ByQaA42OjhopwevRjQ\",\"https:\/\/www.facebook.com\/italpassion.en\/\",\"https:\/\/www.facebook.com\/italpassion.it\/\",\"https:\/\/www.facebook.com\/italpassion.de\/\",\"https:\/\/www.facebook.com\/italpassion.ja\/\"]},{\"@type\":\"Person\",\"@id\":\"https:\/\/www.italpassion.fr\/es\/#\/schema\/person\/efd63d72fc8007741c5836a896805b04\",\"name\":\"Nicolas Anderbegani\",\"image\":{\"@type\":\"ImageObject\",\"inLanguage\":\"es\",\"@id\":\"https:\/\/www.italpassion.fr\/es\/#\/schema\/person\/image\/\",\"url\":\"https:\/\/www.italpassion.fr\/wp-content\/uploads\/2025\/05\/nicolas-anderbegani-160x160.jpg\",\"contentUrl\":\"https:\/\/www.italpassion.fr\/wp-content\/uploads\/2025\/05\/nicolas-anderbegani-160x160.jpg\",\"caption\":\"Nicolas Anderbegani\"},\"description\":\"Nicolas est passionn\u00e9 d\u2019histoire et de sport automobile. Il roule en Alfa Romeo Giulietta et vous partagera avec vous sa passion de l\u2019automobile italienne.\",\"url\":\"https:\/\/www.italpassion.fr\/es\/author\/nicolas\/\"}]}<\/script>\n<!-- \/ Yoast SEO plugin. -->","yoast_head_json":{"title":"Estuvimos en los Delta Days: \u00a1aqu\u00ed tienes las fotos m\u00e1s espectaculares del Lancia Delta! - ItalPassion","description":"Creada en 2001, la Scuderia Lancia Int\u00e9grale, con sede en el sureste de Francia, organiz\u00f3 la primera edici\u00f3n de los Delta Days, un evento de gran envergadura.","robots":{"index":"index","follow":"follow","max-snippet":"max-snippet:-1","max-image-preview":"max-image-preview:large","max-video-preview":"max-video-preview:-1"},"canonical":"https:\/\/www.italpassion.fr\/es\/lancia\/estuvimos-en-los-dias-del-delta-aqui-estan-los-deltas-de-lancia-mas-espectaculares-en-imagenes-2\/","og_locale":"es_ES","og_type":"article","og_title":"On \u00e9tait aux Delta Days : voici les Lancia Delta les plus spectaculaires en images ! - ItalPassion","og_description":"Cr\u00e9\u00e9e en 2001, la Scuderia Lancia Int\u00e9grale, bas\u00e9e dans le sud-est de la France, organisait la premi\u00e8re \u00e9dition des \u00ab&nbsp;Delta Days&nbsp;\u00bb, un grand","og_url":"https:\/\/www.italpassion.fr\/es\/lancia\/estuvimos-en-los-dias-del-delta-aqui-estan-los-deltas-de-lancia-mas-espectaculares-en-imagenes-2\/","og_site_name":"ItalPassion","article_publisher":"https:\/\/www.facebook.com\/italpassion","article_published_time":"2025-06-02T08:02:43+00:00","article_modified_time":"2025-06-02T08:06:48+00:00","og_image":[{"width":1200,"height":800,"url":"https:\/\/www.italpassion.fr\/wp-content\/uploads\/2025\/06\/lancia-delta-days-thumn.jpg","type":"image\/jpeg"}],"author":"Nicolas Anderbegani","twitter_card":"summary_large_image","twitter_creator":"@italpassion","twitter_site":"@italpassion","schema":{"@context":"https:\/\/schema.org","@graph":[{"@type":"NewsArticle","@id":"https:\/\/www.italpassion.fr\/es\/lancia\/on-etait-aux-delta-days-voici-les-lancia-delta-les-plus-spectaculaires-en-images\/#article","isPartOf":{"@id":"https:\/\/www.italpassion.fr\/es\/lancia\/on-etait-aux-delta-days-voici-les-lancia-delta-les-plus-spectaculaires-en-images\/"},"author":{"name":"Nicolas Anderbegani","@id":"https:\/\/www.italpassion.fr\/es\/#\/schema\/person\/efd63d72fc8007741c5836a896805b04"},"headline":"On \u00e9tait aux Delta Days : voici les Lancia Delta les plus spectaculaires en images !","datePublished":"2025-06-02T08:02:43+00:00","dateModified":"2025-06-02T08:06:48+00:00","mainEntityOfPage":{"@id":"https:\/\/www.italpassion.fr\/es\/lancia\/on-etait-aux-delta-days-voici-les-lancia-delta-les-plus-spectaculaires-en-images\/"},"wordCount":1032,"commentCount":0,"publisher":{"@id":"https:\/\/www.italpassion.fr\/es\/#organization"},"image":{"@id":"https:\/\/www.italpassion.fr\/es\/lancia\/on-etait-aux-delta-days-voici-les-lancia-delta-les-plus-spectaculaires-en-images\/#primaryimage"},"thumbnailUrl":"https:\/\/www.italpassion.fr\/wp-content\/uploads\/2025\/06\/lancia-delta-days-thumn.jpg","articleSection":["Lancia"],"inLanguage":"es","potentialAction":[{"@type":"CommentAction","name":"Comment","target":["https:\/\/www.italpassion.fr\/es\/lancia\/on-etait-aux-delta-days-voici-les-lancia-delta-les-plus-spectaculaires-en-images\/#respond"]}]},{"@type":"WebPage","@id":"https:\/\/www.italpassion.fr\/es\/lancia\/on-etait-aux-delta-days-voici-les-lancia-delta-les-plus-spectaculaires-en-images\/","url":"https:\/\/www.italpassion.fr\/es\/lancia\/on-etait-aux-delta-days-voici-les-lancia-delta-les-plus-spectaculaires-en-images\/","name":"Estuvimos en los Delta Days: \u00a1aqu\u00ed tienes las fotos m\u00e1s espectaculares del Lancia Delta! - ItalPassion","isPartOf":{"@id":"https:\/\/www.italpassion.fr\/es\/#website"},"primaryImageOfPage":{"@id":"https:\/\/www.italpassion.fr\/es\/lancia\/on-etait-aux-delta-days-voici-les-lancia-delta-les-plus-spectaculaires-en-images\/#primaryimage"},"image":{"@id":"https:\/\/www.italpassion.fr\/es\/lancia\/on-etait-aux-delta-days-voici-les-lancia-delta-les-plus-spectaculaires-en-images\/#primaryimage"},"thumbnailUrl":"https:\/\/www.italpassion.fr\/wp-content\/uploads\/2025\/06\/lancia-delta-days-thumn.jpg","datePublished":"2025-06-02T08:02:43+00:00","dateModified":"2025-06-02T08:06:48+00:00","description":"Creada en 2001, la Scuderia Lancia Int\u00e9grale, con sede en el sureste de Francia, organiz\u00f3 la primera edici\u00f3n de los Delta Days, un evento de gran envergadura.","breadcrumb":{"@id":"https:\/\/www.italpassion.fr\/es\/lancia\/on-etait-aux-delta-days-voici-les-lancia-delta-les-plus-spectaculaires-en-images\/#breadcrumb"},"inLanguage":"es","potentialAction":[{"@type":"ReadAction","target":["https:\/\/www.italpassion.fr\/es\/lancia\/on-etait-aux-delta-days-voici-les-lancia-delta-les-plus-spectaculaires-en-images\/"]}]},{"@type":"ImageObject","inLanguage":"es","@id":"https:\/\/www.italpassion.fr\/es\/lancia\/on-etait-aux-delta-days-voici-les-lancia-delta-les-plus-spectaculaires-en-images\/#primaryimage","url":"https:\/\/www.italpassion.fr\/wp-content\/uploads\/2025\/06\/lancia-delta-days-thumn.jpg","contentUrl":"https:\/\/www.italpassion.fr\/wp-content\/uploads\/2025\/06\/lancia-delta-days-thumn.jpg","width":1200,"height":800},{"@type":"BreadcrumbList","@id":"https:\/\/www.italpassion.fr\/es\/lancia\/on-etait-aux-delta-days-voici-les-lancia-delta-les-plus-spectaculaires-en-images\/#breadcrumb","itemListElement":[{"@type":"ListItem","position":1,"name":"Accueil","item":"https:\/\/www.italpassion.fr\/es\/"},{"@type":"ListItem","position":2,"name":"On \u00e9tait aux Delta Days : voici les Lancia Delta les plus spectaculaires en images !"}]},{"@type":"WebSite","@id":"https:\/\/www.italpassion.fr\/es\/#website","url":"https:\/\/www.italpassion.fr\/es\/","name":"ItalPassion","description":"Entusiastas de los coches italianos","publisher":{"@id":"https:\/\/www.italpassion.fr\/es\/#organization"},"potentialAction":[{"@type":"SearchAction","target":{"@type":"EntryPoint","urlTemplate":"https:\/\/www.italpassion.fr\/es\/?s={search_term_string}"},"query-input":{"@type":"PropertyValueSpecification","valueRequired":true,"valueName":"search_term_string"}}],"inLanguage":"es"},{"@type":"Organization","@id":"https:\/\/www.italpassion.fr\/es\/#organization","name":"Italpassion","url":"https:\/\/www.italpassion.fr\/es\/","logo":{"@type":"ImageObject","inLanguage":"es","@id":"https:\/\/www.italpassion.fr\/es\/#\/schema\/logo\/image\/","url":"https:\/\/www.italpassion.fr\/wp-content\/uploads\/2023\/07\/italpassion-yoast.jpg","contentUrl":"https:\/\/www.italpassion.fr\/wp-content\/uploads\/2023\/07\/italpassion-yoast.jpg","width":696,"height":696,"caption":"Italpassion"},"image":{"@id":"https:\/\/www.italpassion.fr\/es\/#\/schema\/logo\/image\/"},"sameAs":["https:\/\/www.facebook.com\/italpassion","https:\/\/x.com\/italpassion","https:\/\/www.instagram.com\/italpassionfr\/","https:\/\/www.youtube.com\/channel\/UCleq-ByQaA42OjhopwevRjQ","https:\/\/www.facebook.com\/italpassion.en\/","https:\/\/www.facebook.com\/italpassion.it\/","https:\/\/www.facebook.com\/italpassion.de\/","https:\/\/www.facebook.com\/italpassion.ja\/"]},{"@type":"Person","@id":"https:\/\/www.italpassion.fr\/es\/#\/schema\/person\/efd63d72fc8007741c5836a896805b04","name":"Nicolas Anderbegani","image":{"@type":"ImageObject","inLanguage":"es","@id":"https:\/\/www.italpassion.fr\/es\/#\/schema\/person\/image\/","url":"https:\/\/www.italpassion.fr\/wp-content\/uploads\/2025\/05\/nicolas-anderbegani-160x160.jpg","contentUrl":"https:\/\/www.italpassion.fr\/wp-content\/uploads\/2025\/05\/nicolas-anderbegani-160x160.jpg","caption":"Nicolas Anderbegani"},"description":"Nicolas es un apasionado de la historia y el automovilismo. Conduce un Alfa Romeo Giulietta y estar\u00e1 encantado de compartir con usted su pasi\u00f3n por los coches italianos.","url":"https:\/\/www.italpassion.fr\/es\/author\/nicolas\/"}]}},"_links":{"self":[{"href":"https:\/\/www.italpassion.fr\/es\/wp-json\/wp\/v2\/posts\/38823","targetHints":{"allow":["GET"]}}],"collection":[{"href":"https:\/\/www.italpassion.fr\/es\/wp-json\/wp\/v2\/posts"}],"about":[{"href":"https:\/\/www.italpassion.fr\/es\/wp-json\/wp\/v2\/types\/post"}],"author":[{"embeddable":true,"href":"https:\/\/www.italpassion.fr\/es\/wp-json\/wp\/v2\/users\/8"}],"replies":[{"embeddable":true,"href":"https:\/\/www.italpassion.fr\/es\/wp-json\/wp\/v2\/comments?post=38823"}],"version-history":[{"count":3,"href":"https:\/\/www.italpassion.fr\/es\/wp-json\/wp\/v2\/posts\/38823\/revisions"}],"predecessor-version":[{"id":38843,"href":"https:\/\/www.italpassion.fr\/es\/wp-json\/wp\/v2\/posts\/38823\/revisions\/38843"}],"wp:featuredmedia":[{"embeddable":true,"href":"https:\/\/www.italpassion.fr\/es\/wp-json\/wp\/v2\/media\/38840"}],"wp:attachment":[{"href":"https:\/\/www.italpassion.fr\/es\/wp-json\/wp\/v2\/media?parent=38823"}],"wp:term":[{"taxonomy":"category","embeddable":true,"href":"https:\/\/www.italpassion.fr\/es\/wp-json\/wp\/v2\/categories?post=38823"},{"taxonomy":"post_tag","embeddable":true,"href":"https:\/\/www.italpassion.fr\/es\/wp-json\/wp\/v2\/tags?post=38823"}],"curies":[{"name":"wp","href":"https:\/\/api.w.org\/{rel}","templated":true}]}}