{"id":38778,"date":"2025-05-29T14:25:23","date_gmt":"2025-05-29T12:25:23","guid":{"rendered":"https:\/\/www.italpassion.fr\/?p=38778"},"modified":"2025-05-29T14:25:23","modified_gmt":"2025-05-29T12:25:23","slug":"aparca-su-lamborghini-en-una-plaza-para-minusvalidos-y-es-criticado-e-insultado","status":"publish","type":"post","link":"https:\/\/www.italpassion.fr\/es\/lamborghini\/il-gare-sa-lamborghini-sur-une-place-handicape-se-fait-critiquer-insulter-et-pourtant\/","title":{"rendered":"Aparca su Lamborghini en una plaza para minusv\u00e1lidos, recibe cr\u00edticas e insultos, y sin embargo..."},"content":{"rendered":"<p><strong>En las redes sociales, la indignaci\u00f3n puede ser abrumadora. Y a veces... totalmente injusta. <\/strong>Esto es exactamente lo que ocurri\u00f3 hace unos d\u00edas cuando un hombre fue violentamente criticado por aparcar su <a href=\"https:\/\/www.italpassion.fr\/es\/lamborghini\/\">Lamborghini<\/a> en un espacio reservado a los discapacitados. Juzgado en cuesti\u00f3n de segundos e insultado sobre la marcha, dej\u00f3 las cosas claras.<\/p>\n\n\n\n<h2 class=\"wp-block-heading\">Un supercoche en un cuadrado azul, y estalla la indignaci\u00f3n<\/h2>\n\n\n\n<figure class=\"wp-block-image size-full\"><img loading=\"lazy\" decoding=\"async\" width=\"1200\" height=\"800\" src=\"https:\/\/www.italpassion.fr\/wp-content\/uploads\/2025\/05\/lamborghini-handicap.jpg\" alt=\"\" class=\"wp-image-38779\" srcset=\"https:\/\/www.italpassion.fr\/wp-content\/uploads\/2025\/05\/lamborghini-handicap.jpg 1200w, https:\/\/www.italpassion.fr\/wp-content\/uploads\/2025\/05\/lamborghini-handicap-420x280.jpg 420w, https:\/\/www.italpassion.fr\/wp-content\/uploads\/2025\/05\/lamborghini-handicap-768x512.jpg 768w, https:\/\/www.italpassion.fr\/wp-content\/uploads\/2025\/05\/lamborghini-handicap-18x12.jpg 18w\" sizes=\"auto, (max-width: 1200px) 100vw, 1200px\" \/><\/figure>\n\n\n\n<p>La escena fue captada en una foto y luego difundida ampliamente en Facebook, Instagram y Reddit : <em>un Lamborghini Hurac\u00e1n en una plaza de aparcamiento para minusv\u00e1lidos.<\/em> Eso fue todo lo que hizo falta para desencadenar una avalancha de comentarios.<\/p>\n\n\n\n<p>\"Otro ricach\u00f3n que cree que puede salirse con la suya\", \"\u00bfEn serio? Qu\u00e9 ego\u00edsmo!\", \"Deber\u00edan ponerle una multa r\u00e9cord\"... Los internautas se apresuraron a condenar, imaginando a un propietario arrogante, despreocupado, incluso desde\u00f1oso. Pero, como suele ocurrir, la verdad es m\u00e1s compleja que las apariencias.<\/p>\n\n\n\n<h2 class=\"wp-block-heading\">La respuesta del propietario: un disparo que detendr\u00e1 a todos en seco<\/h2>\n\n\n\n<p>A medida que crec\u00eda la pol\u00e9mica, el propietario del superdeportivo decidi\u00f3 responder. Y lo hizo con una foto que puso fin al debate. En ella se le ve tumbado junto a su Lamborghini, mostrando no s\u00f3lo una tarjeta de aparcamiento para discapacitados... sino tambi\u00e9n su pierna ortop\u00e9dica. Debajo de la imagen hay una leyenda escalofriantemente ir\u00f3nica: <strong>\"Una foto para todos mis fans\".<\/strong><\/p>\n\n\n\n<figure class=\"wp-block-image size-full\"><img loading=\"lazy\" decoding=\"async\" width=\"1200\" height=\"900\" src=\"https:\/\/www.italpassion.fr\/wp-content\/uploads\/2025\/05\/lamborghini-handicap-2.jpg\" alt=\"\" class=\"wp-image-38780\" srcset=\"https:\/\/www.italpassion.fr\/wp-content\/uploads\/2025\/05\/lamborghini-handicap-2.jpg 1200w, https:\/\/www.italpassion.fr\/wp-content\/uploads\/2025\/05\/lamborghini-handicap-2-420x315.jpg 420w, https:\/\/www.italpassion.fr\/wp-content\/uploads\/2025\/05\/lamborghini-handicap-2-768x576.jpg 768w, https:\/\/www.italpassion.fr\/wp-content\/uploads\/2025\/05\/lamborghini-handicap-2-16x12.jpg 16w\" sizes=\"auto, (max-width: 1200px) 100vw, 1200px\" \/><\/figure>\n\n\n\n<p>La publicaci\u00f3n dio la vuelta a la opini\u00f3n p\u00fablica. Este hombre no solo ten\u00eda todo el derecho a aparcar all\u00ed, sino que adem\u00e1s hab\u00eda elegido un espacio m\u00e1s amplio para poder salir de su coche en condiciones adecuadas.<\/p>\n\n\n\n<h2 class=\"wp-block-heading\">Un recordatorio \u00fatil: nunca juzgues demasiado r\u00e1pido<\/h2>\n\n\n\n<p>Esta noticia, tan viral como instructiva, pone de manifiesto lo enga\u00f1osas que pueden ser las apariencias, sobre todo cuando se trata de coches de lujo. Poseer un Lamborghini no significa no tener una discapacidad. Y aunque la tarjeta de cr\u00e9dito no estuviera inmediatamente visible en el salpicadero, eso no justifica el torrente de odio recibido.<\/p>\n\n\n\n<p>Tambi\u00e9n hay que tener en cuenta que en los coches muy bajos con parabrisas inclinados, como los superdeportivos, las tarjetas pueden deslizarse y hacerse invisibles desde el exterior.<\/p>\n\n\n\n<p><strong>\u00bfCu\u00e1l es la moraleja?<\/strong> Antes de emitir un juicio sobre las redes, es mejor esperar a tener todos los datos. Porque a veces, tras las apariencias de lujo ostentoso, se esconde una realidad mucho m\u00e1s humana.<\/p>\n\n\n\n<iframe loading=\"lazy\" src=\"https:\/\/www.facebook.com\/plugins\/post.php?href=https%3A%2F%2Fwww.facebook.com%2Fspottedtorquay%2Fposts%2Fpfbid02Cgtc7VE3A4ZYpyf14aZLCRofcHTvFkqP1FFqhVN6QaXQWBC9TELAoXmYX41ovqw4l&#038;show_text=true&#038;width=500\" width=\"500\" height=\"466\" style=\"border:none;overflow:hidden\" scrolling=\"no\" frameborder=\"0\" allowfullscreen=\"true\" allow=\"autoplay; clipboard-write; encrypted-media; picture-in-picture; web-share\"><\/iframe>","protected":false},"excerpt":{"rendered":"","protected":false},"author":1,"featured_media":38779,"comment_status":"open","ping_status":"open","sticky":false,"template":"","format":"standard","meta":{"_acf_changed":false,"_sitemap_exclude":false,"_sitemap_priority":"","_sitemap_frequency":"","footnotes":""},"categories":[25],"tags":[375],"class_list":["post-38778","post","type-post","status-publish","format-standard","has-post-thumbnail","hentry","category-lamborghini","tag-lamborghini-huracan","generate-columns","tablet-grid-50","mobile-grid-100","grid-parent","grid-33"],"acf":[],"yoast_head":"<!-- This site is optimized with the Yoast SEO plugin v25.8 - https:\/\/yoast.com\/wordpress\/plugins\/seo\/ -->\n<title>Il gare sa Lamborghini sur une place handicap\u00e9, se fait critiquer, insulter, et pourtant... - ItalPassion<\/title>\n<meta name=\"description\" content=\"Sur les r\u00e9seaux sociaux, l\u2019indignation peut \u00eatre foudroyante. Et parfois\u2026 totalement injuste. C\u2019est exactement ce qui s\u2019est produit il y a quelques jours\" \/>\n<meta name=\"robots\" content=\"index, follow, max-snippet:-1, max-image-preview:large, max-video-preview:-1\" \/>\n<link rel=\"canonical\" href=\"https:\/\/www.italpassion.fr\/es\/lamborghini\/aparca-su-lamborghini-en-una-plaza-para-minusvalidos-y-es-criticado-e-insultado\/\" \/>\n<meta property=\"og:locale\" content=\"es_ES\" \/>\n<meta property=\"og:type\" content=\"article\" \/>\n<meta property=\"og:title\" content=\"Il gare sa Lamborghini sur une place handicap\u00e9, se fait critiquer, insulter, et pourtant... - ItalPassion\" \/>\n<meta property=\"og:description\" content=\"Sur les r\u00e9seaux sociaux, l\u2019indignation peut \u00eatre foudroyante. Et parfois\u2026 totalement injuste. C\u2019est exactement ce qui s\u2019est produit il y a quelques jours\" \/>\n<meta property=\"og:url\" content=\"https:\/\/www.italpassion.fr\/es\/lamborghini\/aparca-su-lamborghini-en-una-plaza-para-minusvalidos-y-es-criticado-e-insultado\/\" \/>\n<meta property=\"og:site_name\" content=\"ItalPassion\" \/>\n<meta property=\"article:publisher\" content=\"https:\/\/www.facebook.com\/italpassion\" \/>\n<meta property=\"article:published_time\" content=\"2025-05-29T12:25:23+00:00\" \/>\n<meta property=\"og:image\" content=\"https:\/\/www.italpassion.fr\/wp-content\/uploads\/2025\/05\/lamborghini-handicap.jpg\" \/>\n\t<meta property=\"og:image:width\" content=\"1200\" \/>\n\t<meta property=\"og:image:height\" content=\"800\" \/>\n\t<meta property=\"og:image:type\" content=\"image\/jpeg\" \/>\n<meta name=\"author\" content=\"Alexandre Filluzeau\" \/>\n<meta name=\"twitter:card\" content=\"summary_large_image\" \/>\n<meta name=\"twitter:creator\" content=\"@italpassion\" \/>\n<meta name=\"twitter:site\" content=\"@italpassion\" \/>\n<script type=\"application\/ld+json\" class=\"yoast-schema-graph\">{\"@context\":\"https:\/\/schema.org\",\"@graph\":[{\"@type\":\"NewsArticle\",\"@id\":\"https:\/\/www.italpassion.fr\/es\/lamborghini\/il-gare-sa-lamborghini-sur-une-place-handicape-se-fait-critiquer-insulter-et-pourtant\/#article\",\"isPartOf\":{\"@id\":\"https:\/\/www.italpassion.fr\/es\/lamborghini\/il-gare-sa-lamborghini-sur-une-place-handicape-se-fait-critiquer-insulter-et-pourtant\/\"},\"author\":{\"name\":\"Alexandre Filluzeau\",\"@id\":\"https:\/\/www.italpassion.fr\/es\/#\/schema\/person\/36f747b2a759ca202d847e85a9434ca0\"},\"headline\":\"Il gare sa Lamborghini sur une place handicap\u00e9, se fait critiquer, insulter, et pourtant&#8230;\",\"datePublished\":\"2025-05-29T12:25:23+00:00\",\"mainEntityOfPage\":{\"@id\":\"https:\/\/www.italpassion.fr\/es\/lamborghini\/il-gare-sa-lamborghini-sur-une-place-handicape-se-fait-critiquer-insulter-et-pourtant\/\"},\"wordCount\":459,\"commentCount\":5,\"publisher\":{\"@id\":\"https:\/\/www.italpassion.fr\/es\/#organization\"},\"image\":{\"@id\":\"https:\/\/www.italpassion.fr\/es\/lamborghini\/il-gare-sa-lamborghini-sur-une-place-handicape-se-fait-critiquer-insulter-et-pourtant\/#primaryimage\"},\"thumbnailUrl\":\"https:\/\/www.italpassion.fr\/wp-content\/uploads\/2025\/05\/lamborghini-handicap.jpg\",\"keywords\":[\"Lamborghini Huracan\"],\"articleSection\":[\"Lamborghini\"],\"inLanguage\":\"es\",\"potentialAction\":[{\"@type\":\"CommentAction\",\"name\":\"Comment\",\"target\":[\"https:\/\/www.italpassion.fr\/es\/lamborghini\/il-gare-sa-lamborghini-sur-une-place-handicape-se-fait-critiquer-insulter-et-pourtant\/#respond\"]}]},{\"@type\":\"WebPage\",\"@id\":\"https:\/\/www.italpassion.fr\/es\/lamborghini\/il-gare-sa-lamborghini-sur-une-place-handicape-se-fait-critiquer-insulter-et-pourtant\/\",\"url\":\"https:\/\/www.italpassion.fr\/es\/lamborghini\/il-gare-sa-lamborghini-sur-une-place-handicape-se-fait-critiquer-insulter-et-pourtant\/\",\"name\":\"Il gare sa Lamborghini sur une place handicap\u00e9, se fait critiquer, insulter, et pourtant... - ItalPassion\",\"isPartOf\":{\"@id\":\"https:\/\/www.italpassion.fr\/es\/#website\"},\"primaryImageOfPage\":{\"@id\":\"https:\/\/www.italpassion.fr\/es\/lamborghini\/il-gare-sa-lamborghini-sur-une-place-handicape-se-fait-critiquer-insulter-et-pourtant\/#primaryimage\"},\"image\":{\"@id\":\"https:\/\/www.italpassion.fr\/es\/lamborghini\/il-gare-sa-lamborghini-sur-une-place-handicape-se-fait-critiquer-insulter-et-pourtant\/#primaryimage\"},\"thumbnailUrl\":\"https:\/\/www.italpassion.fr\/wp-content\/uploads\/2025\/05\/lamborghini-handicap.jpg\",\"datePublished\":\"2025-05-29T12:25:23+00:00\",\"description\":\"Sur les r\u00e9seaux sociaux, l\u2019indignation peut \u00eatre foudroyante. Et parfois\u2026 totalement injuste. C\u2019est exactement ce qui s\u2019est produit il y a quelques jours\",\"breadcrumb\":{\"@id\":\"https:\/\/www.italpassion.fr\/es\/lamborghini\/il-gare-sa-lamborghini-sur-une-place-handicape-se-fait-critiquer-insulter-et-pourtant\/#breadcrumb\"},\"inLanguage\":\"es\",\"potentialAction\":[{\"@type\":\"ReadAction\",\"target\":[\"https:\/\/www.italpassion.fr\/es\/lamborghini\/il-gare-sa-lamborghini-sur-une-place-handicape-se-fait-critiquer-insulter-et-pourtant\/\"]}]},{\"@type\":\"ImageObject\",\"inLanguage\":\"es\",\"@id\":\"https:\/\/www.italpassion.fr\/es\/lamborghini\/il-gare-sa-lamborghini-sur-une-place-handicape-se-fait-critiquer-insulter-et-pourtant\/#primaryimage\",\"url\":\"https:\/\/www.italpassion.fr\/wp-content\/uploads\/2025\/05\/lamborghini-handicap.jpg\",\"contentUrl\":\"https:\/\/www.italpassion.fr\/wp-content\/uploads\/2025\/05\/lamborghini-handicap.jpg\",\"width\":1200,\"height\":800},{\"@type\":\"BreadcrumbList\",\"@id\":\"https:\/\/www.italpassion.fr\/es\/lamborghini\/il-gare-sa-lamborghini-sur-une-place-handicape-se-fait-critiquer-insulter-et-pourtant\/#breadcrumb\",\"itemListElement\":[{\"@type\":\"ListItem\",\"position\":1,\"name\":\"Accueil\",\"item\":\"https:\/\/www.italpassion.fr\/es\/\"},{\"@type\":\"ListItem\",\"position\":2,\"name\":\"Il gare sa Lamborghini sur une place handicap\u00e9, se fait critiquer, insulter, et pourtant&#8230;\"}]},{\"@type\":\"WebSite\",\"@id\":\"https:\/\/www.italpassion.fr\/es\/#website\",\"url\":\"https:\/\/www.italpassion.fr\/es\/\",\"name\":\"ItalPassion\",\"description\":\"Les Passionn\u00e9s d&#039;Automobiles Italiennes\",\"publisher\":{\"@id\":\"https:\/\/www.italpassion.fr\/es\/#organization\"},\"potentialAction\":[{\"@type\":\"SearchAction\",\"target\":{\"@type\":\"EntryPoint\",\"urlTemplate\":\"https:\/\/www.italpassion.fr\/es\/?s={search_term_string}\"},\"query-input\":{\"@type\":\"PropertyValueSpecification\",\"valueRequired\":true,\"valueName\":\"search_term_string\"}}],\"inLanguage\":\"es\"},{\"@type\":\"Organization\",\"@id\":\"https:\/\/www.italpassion.fr\/es\/#organization\",\"name\":\"Italpassion\",\"url\":\"https:\/\/www.italpassion.fr\/es\/\",\"logo\":{\"@type\":\"ImageObject\",\"inLanguage\":\"es\",\"@id\":\"https:\/\/www.italpassion.fr\/es\/#\/schema\/logo\/image\/\",\"url\":\"https:\/\/www.italpassion.fr\/wp-content\/uploads\/2023\/07\/italpassion-yoast.jpg\",\"contentUrl\":\"https:\/\/www.italpassion.fr\/wp-content\/uploads\/2023\/07\/italpassion-yoast.jpg\",\"width\":696,\"height\":696,\"caption\":\"Italpassion\"},\"image\":{\"@id\":\"https:\/\/www.italpassion.fr\/es\/#\/schema\/logo\/image\/\"},\"sameAs\":[\"https:\/\/www.facebook.com\/italpassion\",\"https:\/\/x.com\/italpassion\",\"https:\/\/www.instagram.com\/italpassionfr\/\",\"https:\/\/www.youtube.com\/channel\/UCleq-ByQaA42OjhopwevRjQ\",\"https:\/\/www.facebook.com\/italpassion.en\/\",\"https:\/\/www.facebook.com\/italpassion.it\/\",\"https:\/\/www.facebook.com\/italpassion.de\/\",\"https:\/\/www.facebook.com\/italpassion.ja\/\"]},{\"@type\":\"Person\",\"@id\":\"https:\/\/www.italpassion.fr\/es\/#\/schema\/person\/36f747b2a759ca202d847e85a9434ca0\",\"name\":\"Alexandre Filluzeau\",\"image\":{\"@type\":\"ImageObject\",\"inLanguage\":\"es\",\"@id\":\"https:\/\/www.italpassion.fr\/es\/#\/schema\/person\/image\/\",\"url\":\"https:\/\/www.italpassion.fr\/wp-content\/uploads\/2025\/04\/avatar-alexandre-160x160.jpg\",\"contentUrl\":\"https:\/\/www.italpassion.fr\/wp-content\/uploads\/2025\/04\/avatar-alexandre-160x160.jpg\",\"caption\":\"Alexandre Filluzeau\"},\"description\":\"Fondateur du site ItalPassion, passionn\u00e9 de voitures italiennes et de l'Italie en g\u00e9n\u00e9ral. J'apporte un regard critique et technique aux actualit\u00e9s des marques italiennes quand cela est possible. Propri\u00e9taire d'une Maserati GranTurismo, Alfa Romeo MiTo, Lancia Fulvia et Ducati 695. Ex-propri\u00e9taire d'une Alfa Romeo Giulia.\",\"sameAs\":[\"https:\/\/www.italpassion.fr\/\"],\"url\":\"https:\/\/www.italpassion.fr\/es\/author\/alexandre\/\"}]}<\/script>\n<!-- \/ Yoast SEO plugin. -->","yoast_head_json":{"title":"Aparc\u00f3 su Lamborghini en una plaza para minusv\u00e1lidos, fue criticado e insultado, y sin embargo... - ItalPassion","description":"En las redes sociales, la indignaci\u00f3n puede ser abrumadora. Y a veces... totalmente injusta. Eso es exactamente lo que ocurri\u00f3 hace unos d\u00edas","robots":{"index":"index","follow":"follow","max-snippet":"max-snippet:-1","max-image-preview":"max-image-preview:large","max-video-preview":"max-video-preview:-1"},"canonical":"https:\/\/www.italpassion.fr\/es\/lamborghini\/aparca-su-lamborghini-en-una-plaza-para-minusvalidos-y-es-criticado-e-insultado\/","og_locale":"es_ES","og_type":"article","og_title":"Il gare sa Lamborghini sur une place handicap\u00e9, se fait critiquer, insulter, et pourtant... - ItalPassion","og_description":"Sur les r\u00e9seaux sociaux, l\u2019indignation peut \u00eatre foudroyante. Et parfois\u2026 totalement injuste. C\u2019est exactement ce qui s\u2019est produit il y a quelques jours","og_url":"https:\/\/www.italpassion.fr\/es\/lamborghini\/aparca-su-lamborghini-en-una-plaza-para-minusvalidos-y-es-criticado-e-insultado\/","og_site_name":"ItalPassion","article_publisher":"https:\/\/www.facebook.com\/italpassion","article_published_time":"2025-05-29T12:25:23+00:00","og_image":[{"width":1200,"height":800,"url":"https:\/\/www.italpassion.fr\/wp-content\/uploads\/2025\/05\/lamborghini-handicap.jpg","type":"image\/jpeg"}],"author":"Alexandre Filluzeau","twitter_card":"summary_large_image","twitter_creator":"@italpassion","twitter_site":"@italpassion","schema":{"@context":"https:\/\/schema.org","@graph":[{"@type":"NewsArticle","@id":"https:\/\/www.italpassion.fr\/es\/lamborghini\/il-gare-sa-lamborghini-sur-une-place-handicape-se-fait-critiquer-insulter-et-pourtant\/#article","isPartOf":{"@id":"https:\/\/www.italpassion.fr\/es\/lamborghini\/il-gare-sa-lamborghini-sur-une-place-handicape-se-fait-critiquer-insulter-et-pourtant\/"},"author":{"name":"Alexandre Filluzeau","@id":"https:\/\/www.italpassion.fr\/es\/#\/schema\/person\/36f747b2a759ca202d847e85a9434ca0"},"headline":"Il gare sa Lamborghini sur une place handicap\u00e9, se fait critiquer, insulter, et pourtant&#8230;","datePublished":"2025-05-29T12:25:23+00:00","mainEntityOfPage":{"@id":"https:\/\/www.italpassion.fr\/es\/lamborghini\/il-gare-sa-lamborghini-sur-une-place-handicape-se-fait-critiquer-insulter-et-pourtant\/"},"wordCount":459,"commentCount":5,"publisher":{"@id":"https:\/\/www.italpassion.fr\/es\/#organization"},"image":{"@id":"https:\/\/www.italpassion.fr\/es\/lamborghini\/il-gare-sa-lamborghini-sur-une-place-handicape-se-fait-critiquer-insulter-et-pourtant\/#primaryimage"},"thumbnailUrl":"https:\/\/www.italpassion.fr\/wp-content\/uploads\/2025\/05\/lamborghini-handicap.jpg","keywords":["Lamborghini Huracan"],"articleSection":["Lamborghini"],"inLanguage":"es","potentialAction":[{"@type":"CommentAction","name":"Comment","target":["https:\/\/www.italpassion.fr\/es\/lamborghini\/il-gare-sa-lamborghini-sur-une-place-handicape-se-fait-critiquer-insulter-et-pourtant\/#respond"]}]},{"@type":"WebPage","@id":"https:\/\/www.italpassion.fr\/es\/lamborghini\/il-gare-sa-lamborghini-sur-une-place-handicape-se-fait-critiquer-insulter-et-pourtant\/","url":"https:\/\/www.italpassion.fr\/es\/lamborghini\/il-gare-sa-lamborghini-sur-une-place-handicape-se-fait-critiquer-insulter-et-pourtant\/","name":"Aparc\u00f3 su Lamborghini en una plaza para minusv\u00e1lidos, fue criticado e insultado, y sin embargo... - ItalPassion","isPartOf":{"@id":"https:\/\/www.italpassion.fr\/es\/#website"},"primaryImageOfPage":{"@id":"https:\/\/www.italpassion.fr\/es\/lamborghini\/il-gare-sa-lamborghini-sur-une-place-handicape-se-fait-critiquer-insulter-et-pourtant\/#primaryimage"},"image":{"@id":"https:\/\/www.italpassion.fr\/es\/lamborghini\/il-gare-sa-lamborghini-sur-une-place-handicape-se-fait-critiquer-insulter-et-pourtant\/#primaryimage"},"thumbnailUrl":"https:\/\/www.italpassion.fr\/wp-content\/uploads\/2025\/05\/lamborghini-handicap.jpg","datePublished":"2025-05-29T12:25:23+00:00","description":"En las redes sociales, la indignaci\u00f3n puede ser abrumadora. Y a veces... totalmente injusta. Eso es exactamente lo que ocurri\u00f3 hace unos d\u00edas","breadcrumb":{"@id":"https:\/\/www.italpassion.fr\/es\/lamborghini\/il-gare-sa-lamborghini-sur-une-place-handicape-se-fait-critiquer-insulter-et-pourtant\/#breadcrumb"},"inLanguage":"es","potentialAction":[{"@type":"ReadAction","target":["https:\/\/www.italpassion.fr\/es\/lamborghini\/il-gare-sa-lamborghini-sur-une-place-handicape-se-fait-critiquer-insulter-et-pourtant\/"]}]},{"@type":"ImageObject","inLanguage":"es","@id":"https:\/\/www.italpassion.fr\/es\/lamborghini\/il-gare-sa-lamborghini-sur-une-place-handicape-se-fait-critiquer-insulter-et-pourtant\/#primaryimage","url":"https:\/\/www.italpassion.fr\/wp-content\/uploads\/2025\/05\/lamborghini-handicap.jpg","contentUrl":"https:\/\/www.italpassion.fr\/wp-content\/uploads\/2025\/05\/lamborghini-handicap.jpg","width":1200,"height":800},{"@type":"BreadcrumbList","@id":"https:\/\/www.italpassion.fr\/es\/lamborghini\/il-gare-sa-lamborghini-sur-une-place-handicape-se-fait-critiquer-insulter-et-pourtant\/#breadcrumb","itemListElement":[{"@type":"ListItem","position":1,"name":"Accueil","item":"https:\/\/www.italpassion.fr\/es\/"},{"@type":"ListItem","position":2,"name":"Il gare sa Lamborghini sur une place handicap\u00e9, se fait critiquer, insulter, et pourtant&#8230;"}]},{"@type":"WebSite","@id":"https:\/\/www.italpassion.fr\/es\/#website","url":"https:\/\/www.italpassion.fr\/es\/","name":"ItalPassion","description":"Entusiastas de los coches italianos","publisher":{"@id":"https:\/\/www.italpassion.fr\/es\/#organization"},"potentialAction":[{"@type":"SearchAction","target":{"@type":"EntryPoint","urlTemplate":"https:\/\/www.italpassion.fr\/es\/?s={search_term_string}"},"query-input":{"@type":"PropertyValueSpecification","valueRequired":true,"valueName":"search_term_string"}}],"inLanguage":"es"},{"@type":"Organization","@id":"https:\/\/www.italpassion.fr\/es\/#organization","name":"Italpassion","url":"https:\/\/www.italpassion.fr\/es\/","logo":{"@type":"ImageObject","inLanguage":"es","@id":"https:\/\/www.italpassion.fr\/es\/#\/schema\/logo\/image\/","url":"https:\/\/www.italpassion.fr\/wp-content\/uploads\/2023\/07\/italpassion-yoast.jpg","contentUrl":"https:\/\/www.italpassion.fr\/wp-content\/uploads\/2023\/07\/italpassion-yoast.jpg","width":696,"height":696,"caption":"Italpassion"},"image":{"@id":"https:\/\/www.italpassion.fr\/es\/#\/schema\/logo\/image\/"},"sameAs":["https:\/\/www.facebook.com\/italpassion","https:\/\/x.com\/italpassion","https:\/\/www.instagram.com\/italpassionfr\/","https:\/\/www.youtube.com\/channel\/UCleq-ByQaA42OjhopwevRjQ","https:\/\/www.facebook.com\/italpassion.en\/","https:\/\/www.facebook.com\/italpassion.it\/","https:\/\/www.facebook.com\/italpassion.de\/","https:\/\/www.facebook.com\/italpassion.ja\/"]},{"@type":"Person","@id":"https:\/\/www.italpassion.fr\/es\/#\/schema\/person\/36f747b2a759ca202d847e85a9434ca0","name":"Alexandre Filluzeau","image":{"@type":"ImageObject","inLanguage":"es","@id":"https:\/\/www.italpassion.fr\/es\/#\/schema\/person\/image\/","url":"https:\/\/www.italpassion.fr\/wp-content\/uploads\/2025\/04\/avatar-alexandre-160x160.jpg","contentUrl":"https:\/\/www.italpassion.fr\/wp-content\/uploads\/2025\/04\/avatar-alexandre-160x160.jpg","caption":"Alexandre Filluzeau"},"description":"Fundador del sitio web ItalPassion, apasionado de los coches italianos y de Italia en general. Aporto una mirada cr\u00edtica y t\u00e9cnica a las noticias de las marcas italianas cuando es posible. Propietario de un Maserati GranTurismo, Alfa Romeo MiTo, Lancia Fulvia y Ducati 695. Ex-propietario de un Alfa Romeo Giulia.","sameAs":["https:\/\/www.italpassion.fr\/"],"url":"https:\/\/www.italpassion.fr\/es\/author\/alexandre\/"}]}},"_links":{"self":[{"href":"https:\/\/www.italpassion.fr\/es\/wp-json\/wp\/v2\/posts\/38778","targetHints":{"allow":["GET"]}}],"collection":[{"href":"https:\/\/www.italpassion.fr\/es\/wp-json\/wp\/v2\/posts"}],"about":[{"href":"https:\/\/www.italpassion.fr\/es\/wp-json\/wp\/v2\/types\/post"}],"author":[{"embeddable":true,"href":"https:\/\/www.italpassion.fr\/es\/wp-json\/wp\/v2\/users\/1"}],"replies":[{"embeddable":true,"href":"https:\/\/www.italpassion.fr\/es\/wp-json\/wp\/v2\/comments?post=38778"}],"version-history":[{"count":1,"href":"https:\/\/www.italpassion.fr\/es\/wp-json\/wp\/v2\/posts\/38778\/revisions"}],"predecessor-version":[{"id":38781,"href":"https:\/\/www.italpassion.fr\/es\/wp-json\/wp\/v2\/posts\/38778\/revisions\/38781"}],"wp:featuredmedia":[{"embeddable":true,"href":"https:\/\/www.italpassion.fr\/es\/wp-json\/wp\/v2\/media\/38779"}],"wp:attachment":[{"href":"https:\/\/www.italpassion.fr\/es\/wp-json\/wp\/v2\/media?parent=38778"}],"wp:term":[{"taxonomy":"category","embeddable":true,"href":"https:\/\/www.italpassion.fr\/es\/wp-json\/wp\/v2\/categories?post=38778"},{"taxonomy":"post_tag","embeddable":true,"href":"https:\/\/www.italpassion.fr\/es\/wp-json\/wp\/v2\/tags?post=38778"}],"curies":[{"name":"wp","href":"https:\/\/api.w.org\/{rel}","templated":true}]}}