{"id":38764,"date":"2025-05-29T09:27:55","date_gmt":"2025-05-29T07:27:55","guid":{"rendered":"https:\/\/www.italpassion.fr\/?p=38764"},"modified":"2025-05-29T09:27:55","modified_gmt":"2025-05-29T07:27:55","slug":"stellantis-el-nuevo-ceo-rinde-homenaje-a-sergio-marchionne","status":"publish","type":"post","link":"https:\/\/www.italpassion.fr\/es\/stellantis\/stellantis-le-nouveau-ceo-rend-hommage-a-sergio-marchionne\/","title":{"rendered":"Stellantis: el nuevo CEO rinde homenaje a... Sergio Marchionne"},"content":{"rendered":"<figure class=\"wp-block-image size-full\"><img loading=\"lazy\" decoding=\"async\" width=\"1200\" height=\"800\" src=\"https:\/\/www.italpassion.fr\/wp-content\/uploads\/2025\/05\/sergio-marchionne.jpg\" alt=\"\" class=\"wp-image-38773\" srcset=\"https:\/\/www.italpassion.fr\/wp-content\/uploads\/2025\/05\/sergio-marchionne.jpg 1200w, https:\/\/www.italpassion.fr\/wp-content\/uploads\/2025\/05\/sergio-marchionne-420x280.jpg 420w, https:\/\/www.italpassion.fr\/wp-content\/uploads\/2025\/05\/sergio-marchionne-768x512.jpg 768w, https:\/\/www.italpassion.fr\/wp-content\/uploads\/2025\/05\/sergio-marchionne-18x12.jpg 18w\" sizes=\"auto, (max-width: 1200px) 100vw, 1200px\" \/><\/figure>\n\n\n\n<p>Antonio Filosa no tuvo que esperar a tomar oficialmente posesi\u00f3n como <a href=\"https:\/\/www.italpassion.fr\/es\/stellantis\/el-italiano-de-stellantis-antonio-filosa-ex-de-fca-se-convierte-en-consejero-delegado-del-grupo\/\">nuevo Director General de Stellantis<\/a>el 23 de junio para marcar la pauta. En un breve mensaje publicado anoche en LinkedIn, el futuro jefe de <a href=\"https:\/\/www.italpassion.fr\/es\/stellantis\/\">Stellantis<\/a> agradeci\u00f3 al Presidente John Elkann, al Consejo de Administraci\u00f3n, a los 272.000 empleados del Grupo... y, sobre todo, a la memoria de Sergio Marchionne:<\/p>\n\n\n\n<blockquote class=\"wp-block-quote is-layout-flow wp-block-quote-is-layout-flow\"><svg aria-hidden=\"true\" focusable=\"false\" class=\"icon icon-quote\" width=\"48\" height=\"48\"><use xlink:href=\"#icon-quote\"><\/use><\/svg>\n<p>Como dir\u00eda Sergio Marchionne: \"La mediocridad no vale el viaje. \u00a1Llev\u00e9monos juntos esta victoria a casa!<\/p>\n<\/blockquote>\n\n\n\n<p><strong>En s\u00f3lo dos frases, Filosa nos record\u00f3 de d\u00f3nde ven\u00eda,<\/strong> a qui\u00e9n debe gran parte de su ascenso y qu\u00e9 cultura de excelencia pretende reinstalar en el coraz\u00f3n del cuarto fabricante de autom\u00f3viles del mundo. M\u00e1s sorprendente a\u00fan: ni una palabra para su predecesor, Carlos Tavares, que dimiti\u00f3 el 1\u1d49\u02b3 de diciembre de 2024. Un silencio que lo dice todo.<\/p>\n\n\n\n<h2 class=\"wp-block-heading\">El regreso de uno de los hijos de Marchionne<\/h2>\n\n\n\n<p>Nacido en N\u00e1poles y licenciado en ingenier\u00eda mec\u00e1nica, Antonio Filosa creci\u00f3 a la sombra del \"Maestro\". En 2004, Marchionne acababa de tomar el tim\u00f3n de Fiat, mientras que Filosa, entonces treinta\u00f1ero, ya dirig\u00eda la planta de Betim en Brasil. Ambos se reencontraron en 2014 para la inauguraci\u00f3n del complejo Jeep en Pernambuco, uno de los proyectos emblem\u00e1ticos del programa \"Jeep Global\" que impulsar\u00eda los beneficios de FCA en Latinoam\u00e9rica. En marzo de 2018, el jefe nombr\u00f3 a su protegido miembro del Consejo Ejecutivo del Grupo, el m\u00e1ximo \u00f3rgano de decisi\u00f3n del grupo.<\/p>\n\n\n\n<p>Cuando Marchionne muri\u00f3 repentinamente, el 25 de julio de 2018, Filosa perdi\u00f3 a su mentor, pero conserv\u00f3 grabado el lema: \"La mediocridad no merece el viaje.\" Siete a\u00f1os despu\u00e9s, lo cita p\u00fablicamente como estandarte.<\/p>\n\n\n\n<p><strong>El 28 de mayo, Stellantis hizo oficial un secreto a voces: tras veinticinco a\u00f1os en la empresa, Antonio Filosa se convertir\u00eda en Consejero Delegado el 23 de junio. <\/strong>Mientras tanto, el napolitano visitar\u00e1 f\u00e1bricas y concesionarios de todo el mundo para \"escuchar\" y tomar el pulso a un grupo sacudido: beneficio operativo dividido casi por tres en 2024, r\u00e9cord de existencias en Estados Unidos, competencia china m\u00e1s feroz que nunca en coches el\u00e9ctricos urbanos.<\/p>\n\n\n\n<p>Si John Elkann alaba el \"liderazgo fuerte y eficaz\", es tambi\u00e9n porque Filosa tiene un historial probado: n\u00famero 1 en la regi\u00f3n sudamericana, devolvi\u00f3 a Fiat a la cima del mercado brasile\u00f1o al tiempo que impulsaba las ventas de Peugeot, Citro\u00ebn, Ram y Jeep. M\u00e1s tarde, nombrado Director General de las Am\u00e9ricas, redujo los inventarios estadounidenses en seis meses y prepar\u00f3 una nueva oleada de modelos h\u00edbridos y el\u00e9ctricos.<\/p>\n\n\n\n<h2 class=\"wp-block-heading\">\u00bfOlvidar a Tavares?<\/h2>\n\n\n\n<p><strong>La ausencia de referencias a Carlos Tavares no es, sin duda, casual.<\/strong> En primer lugar, porque el luso-franc\u00e9s encarnaba una f\u00e9rrea disciplina presupuestaria, a veces criticada por apretar las tuercas hasta asfixiar a la red de distribuci\u00f3n. Sobre todo, porque Tavares part\u00eda de una situaci\u00f3n grave: mercados en declive, rentabilidad a la baja, tensiones crecientes con el Gobierno italiano.<\/p>\n\n\n\n<p>Al citar a Marchionne, Filosa vincula a Stellantis con su ADN italoamericano, tranquiliza a Tur\u00edn y a M\u00f3dena asegur\u00e1ndoles que presta mucha atenci\u00f3n a las marcas transalpinas (Fiat, Alfa Romeo, Lancia, Maserati) y se posiciona simb\u00f3licamente como heredero de un l\u00edder que supo transformar un gigante adormecido en una m\u00e1quina de hacer dinero.<\/p>","protected":false},"excerpt":{"rendered":"","protected":false},"author":1,"featured_media":38773,"comment_status":"open","ping_status":"open","sticky":false,"template":"","format":"standard","meta":{"_acf_changed":false,"_sitemap_exclude":false,"_sitemap_priority":"","_sitemap_frequency":"","footnotes":""},"categories":[29],"tags":[],"class_list":["post-38764","post","type-post","status-publish","format-standard","has-post-thumbnail","hentry","category-stellantis","generate-columns","tablet-grid-50","mobile-grid-100","grid-parent","grid-33"],"acf":[],"yoast_head":"<!-- This site is optimized with the Yoast SEO plugin v25.8 - https:\/\/yoast.com\/wordpress\/plugins\/seo\/ -->\n<title>Stellantis : le nouveau CEO rend hommage \u00e0\u2026 Sergio Marchionne - ItalPassion<\/title>\n<meta name=\"description\" content=\"Antonio Filosa n\u2019aura pas attendu de prendre officiellement ses fonctions de nouveau CEO de Stellantis, le 23 juin prochain, pour donner le ton. Dans un\" \/>\n<meta name=\"robots\" content=\"index, follow, max-snippet:-1, max-image-preview:large, max-video-preview:-1\" \/>\n<link rel=\"canonical\" href=\"https:\/\/www.italpassion.fr\/es\/stellantis\/stellantis-el-nuevo-ceo-rinde-homenaje-a-sergio-marchionne\/\" \/>\n<meta property=\"og:locale\" content=\"es_ES\" \/>\n<meta property=\"og:type\" content=\"article\" \/>\n<meta property=\"og:title\" content=\"Stellantis : le nouveau CEO rend hommage \u00e0\u2026 Sergio Marchionne - ItalPassion\" \/>\n<meta property=\"og:description\" content=\"Antonio Filosa n\u2019aura pas attendu de prendre officiellement ses fonctions de nouveau CEO de Stellantis, le 23 juin prochain, pour donner le ton. Dans un\" \/>\n<meta property=\"og:url\" content=\"https:\/\/www.italpassion.fr\/es\/stellantis\/stellantis-el-nuevo-ceo-rinde-homenaje-a-sergio-marchionne\/\" \/>\n<meta property=\"og:site_name\" content=\"ItalPassion\" \/>\n<meta property=\"article:publisher\" content=\"https:\/\/www.facebook.com\/italpassion\" \/>\n<meta property=\"article:published_time\" content=\"2025-05-29T07:27:55+00:00\" \/>\n<meta property=\"og:image\" content=\"https:\/\/www.italpassion.fr\/wp-content\/uploads\/2025\/05\/sergio-marchionne.jpg\" \/>\n\t<meta property=\"og:image:width\" content=\"1200\" \/>\n\t<meta property=\"og:image:height\" content=\"800\" \/>\n\t<meta property=\"og:image:type\" content=\"image\/jpeg\" \/>\n<meta name=\"author\" content=\"Alexandre Filluzeau\" \/>\n<meta name=\"twitter:card\" content=\"summary_large_image\" \/>\n<meta name=\"twitter:creator\" content=\"@italpassion\" \/>\n<meta name=\"twitter:site\" content=\"@italpassion\" \/>\n<script type=\"application\/ld+json\" class=\"yoast-schema-graph\">{\"@context\":\"https:\/\/schema.org\",\"@graph\":[{\"@type\":\"NewsArticle\",\"@id\":\"https:\/\/www.italpassion.fr\/es\/stellantis\/stellantis-le-nouveau-ceo-rend-hommage-a-sergio-marchionne\/#article\",\"isPartOf\":{\"@id\":\"https:\/\/www.italpassion.fr\/es\/stellantis\/stellantis-le-nouveau-ceo-rend-hommage-a-sergio-marchionne\/\"},\"author\":{\"name\":\"Alexandre Filluzeau\",\"@id\":\"https:\/\/www.italpassion.fr\/es\/#\/schema\/person\/36f747b2a759ca202d847e85a9434ca0\"},\"headline\":\"Stellantis : le nouveau CEO rend hommage \u00e0\u2026 Sergio Marchionne\",\"datePublished\":\"2025-05-29T07:27:55+00:00\",\"mainEntityOfPage\":{\"@id\":\"https:\/\/www.italpassion.fr\/es\/stellantis\/stellantis-le-nouveau-ceo-rend-hommage-a-sergio-marchionne\/\"},\"wordCount\":557,\"commentCount\":16,\"publisher\":{\"@id\":\"https:\/\/www.italpassion.fr\/es\/#organization\"},\"image\":{\"@id\":\"https:\/\/www.italpassion.fr\/es\/stellantis\/stellantis-le-nouveau-ceo-rend-hommage-a-sergio-marchionne\/#primaryimage\"},\"thumbnailUrl\":\"https:\/\/www.italpassion.fr\/wp-content\/uploads\/2025\/05\/sergio-marchionne.jpg\",\"articleSection\":[\"Stellantis\"],\"inLanguage\":\"es\",\"potentialAction\":[{\"@type\":\"CommentAction\",\"name\":\"Comment\",\"target\":[\"https:\/\/www.italpassion.fr\/es\/stellantis\/stellantis-le-nouveau-ceo-rend-hommage-a-sergio-marchionne\/#respond\"]}]},{\"@type\":\"WebPage\",\"@id\":\"https:\/\/www.italpassion.fr\/es\/stellantis\/stellantis-le-nouveau-ceo-rend-hommage-a-sergio-marchionne\/\",\"url\":\"https:\/\/www.italpassion.fr\/es\/stellantis\/stellantis-le-nouveau-ceo-rend-hommage-a-sergio-marchionne\/\",\"name\":\"Stellantis : le nouveau CEO rend hommage \u00e0\u2026 Sergio Marchionne - ItalPassion\",\"isPartOf\":{\"@id\":\"https:\/\/www.italpassion.fr\/es\/#website\"},\"primaryImageOfPage\":{\"@id\":\"https:\/\/www.italpassion.fr\/es\/stellantis\/stellantis-le-nouveau-ceo-rend-hommage-a-sergio-marchionne\/#primaryimage\"},\"image\":{\"@id\":\"https:\/\/www.italpassion.fr\/es\/stellantis\/stellantis-le-nouveau-ceo-rend-hommage-a-sergio-marchionne\/#primaryimage\"},\"thumbnailUrl\":\"https:\/\/www.italpassion.fr\/wp-content\/uploads\/2025\/05\/sergio-marchionne.jpg\",\"datePublished\":\"2025-05-29T07:27:55+00:00\",\"description\":\"Antonio Filosa n\u2019aura pas attendu de prendre officiellement ses fonctions de nouveau CEO de Stellantis, le 23 juin prochain, pour donner le ton. Dans un\",\"breadcrumb\":{\"@id\":\"https:\/\/www.italpassion.fr\/es\/stellantis\/stellantis-le-nouveau-ceo-rend-hommage-a-sergio-marchionne\/#breadcrumb\"},\"inLanguage\":\"es\",\"potentialAction\":[{\"@type\":\"ReadAction\",\"target\":[\"https:\/\/www.italpassion.fr\/es\/stellantis\/stellantis-le-nouveau-ceo-rend-hommage-a-sergio-marchionne\/\"]}]},{\"@type\":\"ImageObject\",\"inLanguage\":\"es\",\"@id\":\"https:\/\/www.italpassion.fr\/es\/stellantis\/stellantis-le-nouveau-ceo-rend-hommage-a-sergio-marchionne\/#primaryimage\",\"url\":\"https:\/\/www.italpassion.fr\/wp-content\/uploads\/2025\/05\/sergio-marchionne.jpg\",\"contentUrl\":\"https:\/\/www.italpassion.fr\/wp-content\/uploads\/2025\/05\/sergio-marchionne.jpg\",\"width\":1200,\"height\":800},{\"@type\":\"BreadcrumbList\",\"@id\":\"https:\/\/www.italpassion.fr\/es\/stellantis\/stellantis-le-nouveau-ceo-rend-hommage-a-sergio-marchionne\/#breadcrumb\",\"itemListElement\":[{\"@type\":\"ListItem\",\"position\":1,\"name\":\"Accueil\",\"item\":\"https:\/\/www.italpassion.fr\/es\/\"},{\"@type\":\"ListItem\",\"position\":2,\"name\":\"Stellantis : le nouveau CEO rend hommage \u00e0\u2026 Sergio Marchionne\"}]},{\"@type\":\"WebSite\",\"@id\":\"https:\/\/www.italpassion.fr\/es\/#website\",\"url\":\"https:\/\/www.italpassion.fr\/es\/\",\"name\":\"ItalPassion\",\"description\":\"Les Passionn\u00e9s d&#039;Automobiles Italiennes\",\"publisher\":{\"@id\":\"https:\/\/www.italpassion.fr\/es\/#organization\"},\"potentialAction\":[{\"@type\":\"SearchAction\",\"target\":{\"@type\":\"EntryPoint\",\"urlTemplate\":\"https:\/\/www.italpassion.fr\/es\/?s={search_term_string}\"},\"query-input\":{\"@type\":\"PropertyValueSpecification\",\"valueRequired\":true,\"valueName\":\"search_term_string\"}}],\"inLanguage\":\"es\"},{\"@type\":\"Organization\",\"@id\":\"https:\/\/www.italpassion.fr\/es\/#organization\",\"name\":\"Italpassion\",\"url\":\"https:\/\/www.italpassion.fr\/es\/\",\"logo\":{\"@type\":\"ImageObject\",\"inLanguage\":\"es\",\"@id\":\"https:\/\/www.italpassion.fr\/es\/#\/schema\/logo\/image\/\",\"url\":\"https:\/\/www.italpassion.fr\/wp-content\/uploads\/2023\/07\/italpassion-yoast.jpg\",\"contentUrl\":\"https:\/\/www.italpassion.fr\/wp-content\/uploads\/2023\/07\/italpassion-yoast.jpg\",\"width\":696,\"height\":696,\"caption\":\"Italpassion\"},\"image\":{\"@id\":\"https:\/\/www.italpassion.fr\/es\/#\/schema\/logo\/image\/\"},\"sameAs\":[\"https:\/\/www.facebook.com\/italpassion\",\"https:\/\/x.com\/italpassion\",\"https:\/\/www.instagram.com\/italpassionfr\/\",\"https:\/\/www.youtube.com\/channel\/UCleq-ByQaA42OjhopwevRjQ\",\"https:\/\/www.facebook.com\/italpassion.en\/\",\"https:\/\/www.facebook.com\/italpassion.it\/\",\"https:\/\/www.facebook.com\/italpassion.de\/\",\"https:\/\/www.facebook.com\/italpassion.ja\/\"]},{\"@type\":\"Person\",\"@id\":\"https:\/\/www.italpassion.fr\/es\/#\/schema\/person\/36f747b2a759ca202d847e85a9434ca0\",\"name\":\"Alexandre Filluzeau\",\"image\":{\"@type\":\"ImageObject\",\"inLanguage\":\"es\",\"@id\":\"https:\/\/www.italpassion.fr\/es\/#\/schema\/person\/image\/\",\"url\":\"https:\/\/www.italpassion.fr\/wp-content\/uploads\/2025\/04\/avatar-alexandre-160x160.jpg\",\"contentUrl\":\"https:\/\/www.italpassion.fr\/wp-content\/uploads\/2025\/04\/avatar-alexandre-160x160.jpg\",\"caption\":\"Alexandre Filluzeau\"},\"description\":\"Fondateur du site ItalPassion, passionn\u00e9 de voitures italiennes et de l'Italie en g\u00e9n\u00e9ral. J'apporte un regard critique et technique aux actualit\u00e9s des marques italiennes quand cela est possible. Propri\u00e9taire d'une Maserati GranTurismo, Alfa Romeo MiTo, Lancia Fulvia et Ducati 695. Ex-propri\u00e9taire d'une Alfa Romeo Giulia.\",\"sameAs\":[\"https:\/\/www.italpassion.fr\/\"],\"url\":\"https:\/\/www.italpassion.fr\/es\/author\/alexandre\/\"}]}<\/script>\n<!-- \/ Yoast SEO plugin. -->","yoast_head_json":{"title":"Stellantis: el nuevo CEO rinde homenaje a... Sergio Marchionne - ItalPassion","description":"Antonio Filosa no tuvo que esperar hasta su toma de posesi\u00f3n oficial como nuevo Director General de Stellantis, el 23 de junio, para marcar la pauta. En un","robots":{"index":"index","follow":"follow","max-snippet":"max-snippet:-1","max-image-preview":"max-image-preview:large","max-video-preview":"max-video-preview:-1"},"canonical":"https:\/\/www.italpassion.fr\/es\/stellantis\/stellantis-el-nuevo-ceo-rinde-homenaje-a-sergio-marchionne\/","og_locale":"es_ES","og_type":"article","og_title":"Stellantis : le nouveau CEO rend hommage \u00e0\u2026 Sergio Marchionne - ItalPassion","og_description":"Antonio Filosa n\u2019aura pas attendu de prendre officiellement ses fonctions de nouveau CEO de Stellantis, le 23 juin prochain, pour donner le ton. Dans un","og_url":"https:\/\/www.italpassion.fr\/es\/stellantis\/stellantis-el-nuevo-ceo-rinde-homenaje-a-sergio-marchionne\/","og_site_name":"ItalPassion","article_publisher":"https:\/\/www.facebook.com\/italpassion","article_published_time":"2025-05-29T07:27:55+00:00","og_image":[{"width":1200,"height":800,"url":"https:\/\/www.italpassion.fr\/wp-content\/uploads\/2025\/05\/sergio-marchionne.jpg","type":"image\/jpeg"}],"author":"Alexandre Filluzeau","twitter_card":"summary_large_image","twitter_creator":"@italpassion","twitter_site":"@italpassion","schema":{"@context":"https:\/\/schema.org","@graph":[{"@type":"NewsArticle","@id":"https:\/\/www.italpassion.fr\/es\/stellantis\/stellantis-le-nouveau-ceo-rend-hommage-a-sergio-marchionne\/#article","isPartOf":{"@id":"https:\/\/www.italpassion.fr\/es\/stellantis\/stellantis-le-nouveau-ceo-rend-hommage-a-sergio-marchionne\/"},"author":{"name":"Alexandre Filluzeau","@id":"https:\/\/www.italpassion.fr\/es\/#\/schema\/person\/36f747b2a759ca202d847e85a9434ca0"},"headline":"Stellantis : le nouveau CEO rend hommage \u00e0\u2026 Sergio Marchionne","datePublished":"2025-05-29T07:27:55+00:00","mainEntityOfPage":{"@id":"https:\/\/www.italpassion.fr\/es\/stellantis\/stellantis-le-nouveau-ceo-rend-hommage-a-sergio-marchionne\/"},"wordCount":557,"commentCount":16,"publisher":{"@id":"https:\/\/www.italpassion.fr\/es\/#organization"},"image":{"@id":"https:\/\/www.italpassion.fr\/es\/stellantis\/stellantis-le-nouveau-ceo-rend-hommage-a-sergio-marchionne\/#primaryimage"},"thumbnailUrl":"https:\/\/www.italpassion.fr\/wp-content\/uploads\/2025\/05\/sergio-marchionne.jpg","articleSection":["Stellantis"],"inLanguage":"es","potentialAction":[{"@type":"CommentAction","name":"Comment","target":["https:\/\/www.italpassion.fr\/es\/stellantis\/stellantis-le-nouveau-ceo-rend-hommage-a-sergio-marchionne\/#respond"]}]},{"@type":"WebPage","@id":"https:\/\/www.italpassion.fr\/es\/stellantis\/stellantis-le-nouveau-ceo-rend-hommage-a-sergio-marchionne\/","url":"https:\/\/www.italpassion.fr\/es\/stellantis\/stellantis-le-nouveau-ceo-rend-hommage-a-sergio-marchionne\/","name":"Stellantis: el nuevo CEO rinde homenaje a... Sergio Marchionne - ItalPassion","isPartOf":{"@id":"https:\/\/www.italpassion.fr\/es\/#website"},"primaryImageOfPage":{"@id":"https:\/\/www.italpassion.fr\/es\/stellantis\/stellantis-le-nouveau-ceo-rend-hommage-a-sergio-marchionne\/#primaryimage"},"image":{"@id":"https:\/\/www.italpassion.fr\/es\/stellantis\/stellantis-le-nouveau-ceo-rend-hommage-a-sergio-marchionne\/#primaryimage"},"thumbnailUrl":"https:\/\/www.italpassion.fr\/wp-content\/uploads\/2025\/05\/sergio-marchionne.jpg","datePublished":"2025-05-29T07:27:55+00:00","description":"Antonio Filosa no tuvo que esperar hasta su toma de posesi\u00f3n oficial como nuevo Director General de Stellantis, el 23 de junio, para marcar la pauta. En un","breadcrumb":{"@id":"https:\/\/www.italpassion.fr\/es\/stellantis\/stellantis-le-nouveau-ceo-rend-hommage-a-sergio-marchionne\/#breadcrumb"},"inLanguage":"es","potentialAction":[{"@type":"ReadAction","target":["https:\/\/www.italpassion.fr\/es\/stellantis\/stellantis-le-nouveau-ceo-rend-hommage-a-sergio-marchionne\/"]}]},{"@type":"ImageObject","inLanguage":"es","@id":"https:\/\/www.italpassion.fr\/es\/stellantis\/stellantis-le-nouveau-ceo-rend-hommage-a-sergio-marchionne\/#primaryimage","url":"https:\/\/www.italpassion.fr\/wp-content\/uploads\/2025\/05\/sergio-marchionne.jpg","contentUrl":"https:\/\/www.italpassion.fr\/wp-content\/uploads\/2025\/05\/sergio-marchionne.jpg","width":1200,"height":800},{"@type":"BreadcrumbList","@id":"https:\/\/www.italpassion.fr\/es\/stellantis\/stellantis-le-nouveau-ceo-rend-hommage-a-sergio-marchionne\/#breadcrumb","itemListElement":[{"@type":"ListItem","position":1,"name":"Accueil","item":"https:\/\/www.italpassion.fr\/es\/"},{"@type":"ListItem","position":2,"name":"Stellantis : le nouveau CEO rend hommage \u00e0\u2026 Sergio Marchionne"}]},{"@type":"WebSite","@id":"https:\/\/www.italpassion.fr\/es\/#website","url":"https:\/\/www.italpassion.fr\/es\/","name":"ItalPassion","description":"Entusiastas de los coches italianos","publisher":{"@id":"https:\/\/www.italpassion.fr\/es\/#organization"},"potentialAction":[{"@type":"SearchAction","target":{"@type":"EntryPoint","urlTemplate":"https:\/\/www.italpassion.fr\/es\/?s={search_term_string}"},"query-input":{"@type":"PropertyValueSpecification","valueRequired":true,"valueName":"search_term_string"}}],"inLanguage":"es"},{"@type":"Organization","@id":"https:\/\/www.italpassion.fr\/es\/#organization","name":"Italpassion","url":"https:\/\/www.italpassion.fr\/es\/","logo":{"@type":"ImageObject","inLanguage":"es","@id":"https:\/\/www.italpassion.fr\/es\/#\/schema\/logo\/image\/","url":"https:\/\/www.italpassion.fr\/wp-content\/uploads\/2023\/07\/italpassion-yoast.jpg","contentUrl":"https:\/\/www.italpassion.fr\/wp-content\/uploads\/2023\/07\/italpassion-yoast.jpg","width":696,"height":696,"caption":"Italpassion"},"image":{"@id":"https:\/\/www.italpassion.fr\/es\/#\/schema\/logo\/image\/"},"sameAs":["https:\/\/www.facebook.com\/italpassion","https:\/\/x.com\/italpassion","https:\/\/www.instagram.com\/italpassionfr\/","https:\/\/www.youtube.com\/channel\/UCleq-ByQaA42OjhopwevRjQ","https:\/\/www.facebook.com\/italpassion.en\/","https:\/\/www.facebook.com\/italpassion.it\/","https:\/\/www.facebook.com\/italpassion.de\/","https:\/\/www.facebook.com\/italpassion.ja\/"]},{"@type":"Person","@id":"https:\/\/www.italpassion.fr\/es\/#\/schema\/person\/36f747b2a759ca202d847e85a9434ca0","name":"Alexandre Filluzeau","image":{"@type":"ImageObject","inLanguage":"es","@id":"https:\/\/www.italpassion.fr\/es\/#\/schema\/person\/image\/","url":"https:\/\/www.italpassion.fr\/wp-content\/uploads\/2025\/04\/avatar-alexandre-160x160.jpg","contentUrl":"https:\/\/www.italpassion.fr\/wp-content\/uploads\/2025\/04\/avatar-alexandre-160x160.jpg","caption":"Alexandre Filluzeau"},"description":"Fundador del sitio web ItalPassion, apasionado de los coches italianos y de Italia en general. Aporto una mirada cr\u00edtica y t\u00e9cnica a las noticias de las marcas italianas cuando es posible. Propietario de un Maserati GranTurismo, Alfa Romeo MiTo, Lancia Fulvia y Ducati 695. Ex-propietario de un Alfa Romeo Giulia.","sameAs":["https:\/\/www.italpassion.fr\/"],"url":"https:\/\/www.italpassion.fr\/es\/author\/alexandre\/"}]}},"_links":{"self":[{"href":"https:\/\/www.italpassion.fr\/es\/wp-json\/wp\/v2\/posts\/38764","targetHints":{"allow":["GET"]}}],"collection":[{"href":"https:\/\/www.italpassion.fr\/es\/wp-json\/wp\/v2\/posts"}],"about":[{"href":"https:\/\/www.italpassion.fr\/es\/wp-json\/wp\/v2\/types\/post"}],"author":[{"embeddable":true,"href":"https:\/\/www.italpassion.fr\/es\/wp-json\/wp\/v2\/users\/1"}],"replies":[{"embeddable":true,"href":"https:\/\/www.italpassion.fr\/es\/wp-json\/wp\/v2\/comments?post=38764"}],"version-history":[{"count":3,"href":"https:\/\/www.italpassion.fr\/es\/wp-json\/wp\/v2\/posts\/38764\/revisions"}],"predecessor-version":[{"id":38777,"href":"https:\/\/www.italpassion.fr\/es\/wp-json\/wp\/v2\/posts\/38764\/revisions\/38777"}],"wp:featuredmedia":[{"embeddable":true,"href":"https:\/\/www.italpassion.fr\/es\/wp-json\/wp\/v2\/media\/38773"}],"wp:attachment":[{"href":"https:\/\/www.italpassion.fr\/es\/wp-json\/wp\/v2\/media?parent=38764"}],"wp:term":[{"taxonomy":"category","embeddable":true,"href":"https:\/\/www.italpassion.fr\/es\/wp-json\/wp\/v2\/categories?post=38764"},{"taxonomy":"post_tag","embeddable":true,"href":"https:\/\/www.italpassion.fr\/es\/wp-json\/wp\/v2\/tags?post=38764"}],"curies":[{"name":"wp","href":"https:\/\/api.w.org\/{rel}","templated":true}]}}