{"id":38708,"date":"2025-05-27T10:02:15","date_gmt":"2025-05-27T08:02:15","guid":{"rendered":"https:\/\/www.italpassion.fr\/?p=38708"},"modified":"2025-05-27T10:02:15","modified_gmt":"2025-05-27T08:02:15","slug":"el-director-general-de-alfa-romeo-confirma-cuadrifoglios-de-gasolina-y-electricos","status":"publish","type":"post","link":"https:\/\/www.italpassion.fr\/es\/alfa-romeo\/alfa-romeo-le-ceo-a-confirme-des-quadrifoglio-a-essence-et-electrique\/","title":{"rendered":"Alfa Romeo: el CEO confirma el Quadrifoglio de gasolina y el\u00e9ctrico"},"content":{"rendered":"<figure class=\"wp-block-image size-full\"><img loading=\"lazy\" decoding=\"async\" width=\"1200\" height=\"800\" src=\"https:\/\/www.italpassion.fr\/wp-content\/uploads\/2025\/05\/alfa-romeo-quadrifoglio-2025.jpg\" alt=\"\" class=\"wp-image-38711\" srcset=\"https:\/\/www.italpassion.fr\/wp-content\/uploads\/2025\/05\/alfa-romeo-quadrifoglio-2025.jpg 1200w, https:\/\/www.italpassion.fr\/wp-content\/uploads\/2025\/05\/alfa-romeo-quadrifoglio-2025-420x280.jpg 420w, https:\/\/www.italpassion.fr\/wp-content\/uploads\/2025\/05\/alfa-romeo-quadrifoglio-2025-768x512.jpg 768w, https:\/\/www.italpassion.fr\/wp-content\/uploads\/2025\/05\/alfa-romeo-quadrifoglio-2025-18x12.jpg 18w\" sizes=\"auto, (max-width: 1200px) 100vw, 1200px\" \/><\/figure>\n\n\n\n<p>Fue en el prestigioso evento FuoriConcorso 2025, celebrado los d\u00edas 24 y 25 de mayo a orillas del lago de Como junto al Concurso de Elegancia de Villa d'Este, <strong>que Santo Ficili, CEO de Alfa Romeo, levant\u00f3 una esquina del velo sobre el futuro de las versiones Quadrifoglio. <\/strong>Y si nos atenemos a sus declaraciones, los entusiastas del rendimiento se llevar\u00e1n algunas sorpresas el\u00e9ctricas... y t\u00e9rmicas.<\/p>\n\n\n\n<p>Entre las joyas expuestas se encontraba el exclusiv\u00edsimo Alfa Romeo 33 Stradale, junto a otros modelos emblem\u00e1ticos de la marca. Pero fue sobre todo la entrevista de Ficili con la prensa, en particular con Motor1, lo que llam\u00f3 la atenci\u00f3n. Cuando se le pregunt\u00f3 por el futuro del Quadrifoglio, dijo sin rodeos:<\/p>\n\n\n\n<blockquote class=\"wp-block-quote is-layout-flow wp-block-quote-is-layout-flow\"><svg aria-hidden=\"true\" focusable=\"false\" class=\"icon icon-quote\" width=\"48\" height=\"48\"><use xlink:href=\"#icon-quote\"><\/use><\/svg>\n<p>\"Vamos a sorprenderles tanto con motores el\u00e9ctricos como de combusti\u00f3n.<\/p>\n<\/blockquote>\n\n\n\n<p>Se trata de una respuesta significativa, dado que Alfa Romeo hab\u00eda anunciado inicialmente un 100 % el\u00e9ctrico para 2027. El responsable de Alfa Romeo declar\u00f3 al medio 'alvolante' que la marca estaba trabajando en redefinir el calendario del motor de combusti\u00f3n interna:<\/p>\n\n\n\n<blockquote class=\"wp-block-quote is-layout-flow wp-block-quote-is-layout-flow\"><svg aria-hidden=\"true\" focusable=\"false\" class=\"icon icon-quote\" width=\"48\" height=\"48\"><use xlink:href=\"#icon-quote\"><\/use><\/svg>\n<p>\"Como saben, hab\u00edamos ido en la direcci\u00f3n de tener s\u00f3lo coches el\u00e9ctricos, en su lugar tenemos que desarrollar tambi\u00e9n motores de combusti\u00f3n interna, para lo que estamos definiendo un calendario\".<br>En cuanto a la vuelta a la energ\u00eda t\u00e9rmica en 2026, Ficili se mostr\u00f3 evasivo:<br>\"Te avisaremos pronto\".<\/p>\n<\/blockquote>\n\n\n\n<h2 class=\"wp-block-heading\">\u00bfHacia una doble oferta Quadrifoglio?<\/h2>\n\n\n\n<p>\u00bfSignifica esto que Alfa Romeo prepara una doble versi\u00f3n Quadrifoglio para sus futuros modelos: una versi\u00f3n h\u00edbrida con motor de combusti\u00f3n interna (quiz\u00e1s para los Giulia y Stelvio de nueva generaci\u00f3n), y una versi\u00f3n el\u00e9ctrica 100 % (como la que se espera para el 33 Stradale)? <strong>O que \"combusti\u00f3n y el\u00e9ctrico\" indica simplemente una versi\u00f3n h\u00edbrida enchufable.<\/strong><\/p>\n\n\n\n<p>El misterio se mantiene, pero una cosa es segura: el motor de combusti\u00f3n interna sigue estando en las cartas. Santo Ficili no ha confirmado qu\u00e9 bloque motor se utilizar\u00e1, pero parecen destacar dos candidatos:<\/p>\n\n\n\n<ul class=\"wp-block-list\">\n<li>el <strong>GME 3.0L 6 cilindros<\/strong>ya utilizado en Estados Unidos en los modelos Dodge, Ram y Jeep;<\/li>\n\n\n\n<li>el <strong>Nettuno 3.0L V6<\/strong>  de Maserati, especialmente montado en el MC20 (y derivado del 2.9L V6 de Alfa Romeo).<\/li>\n<\/ul>\n\n\n\n<p>En todos los casos, la hibridaci\u00f3n es de esperar. Y justo a tiempo: revelamos que <a href=\"https:\/\/www.italpassion.fr\/es\/stellantis\/stellantis-lanzara-nuevos-motores-de-combustion-hibrida-para-sus-modelos-de-gama-alta\/\">Stellantis trabaja con ZF para integrar una transmisi\u00f3n h\u00edbrida<\/a> sobre la plataforma STLA Large, que servir\u00e1 de base para los futuros modelos de gama alta de Alfa Romeo, Dodge y Jeep.<\/p>\n\n\n\n<h2 class=\"wp-block-heading\">Tecnolog\u00eda ZF de apoyo<\/h2>\n\n\n\n<p>ZF ha desarrollado la caja de cambios autom\u00e1tica Gen 4 8HP, cuya producci\u00f3n ha comenzado en Alemania y pronto se fabricar\u00e1 en Estados Unidos. Esta transmisi\u00f3n incorpora un potente motor el\u00e9ctrico en la carcasa de la caja de cambios, ofreciendo hasta 160 kW (218 CV) y 450 Nm de par, unas prestaciones dignas de un VE. A\u00fan mejor:<\/p>\n\n\n\n<blockquote class=\"wp-block-quote is-layout-flow wp-block-quote-is-layout-flow\"><svg aria-hidden=\"true\" focusable=\"false\" class=\"icon icon-quote\" width=\"48\" height=\"48\"><use xlink:href=\"#icon-quote\"><\/use><\/svg>\n<p>\"Dependiendo del fabricante y de la bater\u00eda utilizada, es posible una autonom\u00eda del 100 % el\u00e9ctrico de m\u00e1s de 120 km\".<\/p>\n<\/blockquote>\n\n\n\n<p>En otras palabras, con esta tecnolog\u00eda, Alfa Romeo podr\u00eda ofrecer un Quadrifoglio h\u00edbrido enchufable de altas prestaciones, conservando al mismo tiempo el sonido, el car\u00e1cter y el tacto de un motor de combusti\u00f3n. \u00bfLo mejor de ambos mundos?<\/p>\n\n\n\n<figure class=\"wp-block-image size-full\"><img loading=\"lazy\" decoding=\"async\" width=\"960\" height=\"540\" src=\"https:\/\/www.italpassion.fr\/wp-content\/uploads\/2025\/05\/zf-8h-gen4.jpg\" alt=\"\" class=\"wp-image-38710\" srcset=\"https:\/\/www.italpassion.fr\/wp-content\/uploads\/2025\/05\/zf-8h-gen4.jpg 960w, https:\/\/www.italpassion.fr\/wp-content\/uploads\/2025\/05\/zf-8h-gen4-420x236.jpg 420w, https:\/\/www.italpassion.fr\/wp-content\/uploads\/2025\/05\/zf-8h-gen4-768x432.jpg 768w, https:\/\/www.italpassion.fr\/wp-content\/uploads\/2025\/05\/zf-8h-gen4-18x10.jpg 18w\" sizes=\"auto, (max-width: 960px) 100vw, 960px\" \/><\/figure>","protected":false},"excerpt":{"rendered":"","protected":false},"author":1,"featured_media":38711,"comment_status":"open","ping_status":"open","sticky":false,"template":"","format":"standard","meta":{"_acf_changed":false,"_sitemap_exclude":false,"_sitemap_priority":"","_sitemap_frequency":"","footnotes":""},"categories":[22],"tags":[],"class_list":["post-38708","post","type-post","status-publish","format-standard","has-post-thumbnail","hentry","category-alfa-romeo","generate-columns","tablet-grid-50","mobile-grid-100","grid-parent","grid-33"],"acf":[],"yoast_head":"<!-- This site is optimized with the Yoast SEO plugin v25.8 - https:\/\/yoast.com\/wordpress\/plugins\/seo\/ -->\n<title>Alfa Romeo : le CEO a confirm\u00e9 des Quadrifoglio \u00e0 essence et \u00e9lectrique - ItalPassion<\/title>\n<meta name=\"description\" content=\"C\u2019est \u00e0 l\u2019occasion du prestigieux \u00e9v\u00e9nement FuoriConcorso 2025, qui se tenait les 24 et 25 mai sur les rives du lac de C\u00f4me en marge du Concours\" \/>\n<meta name=\"robots\" content=\"index, follow, max-snippet:-1, max-image-preview:large, max-video-preview:-1\" \/>\n<link rel=\"canonical\" href=\"https:\/\/www.italpassion.fr\/es\/alfa-romeo\/el-director-general-de-alfa-romeo-confirma-cuadrifoglios-de-gasolina-y-electricos\/\" \/>\n<meta property=\"og:locale\" content=\"es_ES\" \/>\n<meta property=\"og:type\" content=\"article\" \/>\n<meta property=\"og:title\" content=\"Alfa Romeo : le CEO a confirm\u00e9 des Quadrifoglio \u00e0 essence et \u00e9lectrique - ItalPassion\" \/>\n<meta property=\"og:description\" content=\"C\u2019est \u00e0 l\u2019occasion du prestigieux \u00e9v\u00e9nement FuoriConcorso 2025, qui se tenait les 24 et 25 mai sur les rives du lac de C\u00f4me en marge du Concours\" \/>\n<meta property=\"og:url\" content=\"https:\/\/www.italpassion.fr\/es\/alfa-romeo\/el-director-general-de-alfa-romeo-confirma-cuadrifoglios-de-gasolina-y-electricos\/\" \/>\n<meta property=\"og:site_name\" content=\"ItalPassion\" \/>\n<meta property=\"article:publisher\" content=\"https:\/\/www.facebook.com\/italpassion\" \/>\n<meta property=\"article:published_time\" content=\"2025-05-27T08:02:15+00:00\" \/>\n<meta property=\"og:image\" content=\"https:\/\/www.italpassion.fr\/wp-content\/uploads\/2025\/05\/alfa-romeo-quadrifoglio-2025.jpg\" \/>\n\t<meta property=\"og:image:width\" content=\"1200\" \/>\n\t<meta property=\"og:image:height\" content=\"800\" \/>\n\t<meta property=\"og:image:type\" content=\"image\/jpeg\" \/>\n<meta name=\"author\" content=\"Alexandre Filluzeau\" \/>\n<meta name=\"twitter:card\" content=\"summary_large_image\" \/>\n<meta name=\"twitter:creator\" content=\"@italpassion\" \/>\n<meta name=\"twitter:site\" content=\"@italpassion\" \/>\n<script type=\"application\/ld+json\" class=\"yoast-schema-graph\">{\"@context\":\"https:\/\/schema.org\",\"@graph\":[{\"@type\":\"NewsArticle\",\"@id\":\"https:\/\/www.italpassion.fr\/es\/alfa-romeo\/alfa-romeo-le-ceo-a-confirme-des-quadrifoglio-a-essence-et-electrique\/#article\",\"isPartOf\":{\"@id\":\"https:\/\/www.italpassion.fr\/es\/alfa-romeo\/alfa-romeo-le-ceo-a-confirme-des-quadrifoglio-a-essence-et-electrique\/\"},\"author\":{\"name\":\"Alexandre Filluzeau\",\"@id\":\"https:\/\/www.italpassion.fr\/es\/#\/schema\/person\/36f747b2a759ca202d847e85a9434ca0\"},\"headline\":\"Alfa Romeo : le CEO a confirm\u00e9 des Quadrifoglio \u00e0 essence et \u00e9lectrique\",\"datePublished\":\"2025-05-27T08:02:15+00:00\",\"mainEntityOfPage\":{\"@id\":\"https:\/\/www.italpassion.fr\/es\/alfa-romeo\/alfa-romeo-le-ceo-a-confirme-des-quadrifoglio-a-essence-et-electrique\/\"},\"wordCount\":557,\"commentCount\":6,\"publisher\":{\"@id\":\"https:\/\/www.italpassion.fr\/es\/#organization\"},\"image\":{\"@id\":\"https:\/\/www.italpassion.fr\/es\/alfa-romeo\/alfa-romeo-le-ceo-a-confirme-des-quadrifoglio-a-essence-et-electrique\/#primaryimage\"},\"thumbnailUrl\":\"https:\/\/www.italpassion.fr\/wp-content\/uploads\/2025\/05\/alfa-romeo-quadrifoglio-2025.jpg\",\"articleSection\":[\"Alfa Romeo\"],\"inLanguage\":\"es\",\"potentialAction\":[{\"@type\":\"CommentAction\",\"name\":\"Comment\",\"target\":[\"https:\/\/www.italpassion.fr\/es\/alfa-romeo\/alfa-romeo-le-ceo-a-confirme-des-quadrifoglio-a-essence-et-electrique\/#respond\"]}]},{\"@type\":\"WebPage\",\"@id\":\"https:\/\/www.italpassion.fr\/es\/alfa-romeo\/alfa-romeo-le-ceo-a-confirme-des-quadrifoglio-a-essence-et-electrique\/\",\"url\":\"https:\/\/www.italpassion.fr\/es\/alfa-romeo\/alfa-romeo-le-ceo-a-confirme-des-quadrifoglio-a-essence-et-electrique\/\",\"name\":\"Alfa Romeo : le CEO a confirm\u00e9 des Quadrifoglio \u00e0 essence et \u00e9lectrique - ItalPassion\",\"isPartOf\":{\"@id\":\"https:\/\/www.italpassion.fr\/es\/#website\"},\"primaryImageOfPage\":{\"@id\":\"https:\/\/www.italpassion.fr\/es\/alfa-romeo\/alfa-romeo-le-ceo-a-confirme-des-quadrifoglio-a-essence-et-electrique\/#primaryimage\"},\"image\":{\"@id\":\"https:\/\/www.italpassion.fr\/es\/alfa-romeo\/alfa-romeo-le-ceo-a-confirme-des-quadrifoglio-a-essence-et-electrique\/#primaryimage\"},\"thumbnailUrl\":\"https:\/\/www.italpassion.fr\/wp-content\/uploads\/2025\/05\/alfa-romeo-quadrifoglio-2025.jpg\",\"datePublished\":\"2025-05-27T08:02:15+00:00\",\"description\":\"C\u2019est \u00e0 l\u2019occasion du prestigieux \u00e9v\u00e9nement FuoriConcorso 2025, qui se tenait les 24 et 25 mai sur les rives du lac de C\u00f4me en marge du Concours\",\"breadcrumb\":{\"@id\":\"https:\/\/www.italpassion.fr\/es\/alfa-romeo\/alfa-romeo-le-ceo-a-confirme-des-quadrifoglio-a-essence-et-electrique\/#breadcrumb\"},\"inLanguage\":\"es\",\"potentialAction\":[{\"@type\":\"ReadAction\",\"target\":[\"https:\/\/www.italpassion.fr\/es\/alfa-romeo\/alfa-romeo-le-ceo-a-confirme-des-quadrifoglio-a-essence-et-electrique\/\"]}]},{\"@type\":\"ImageObject\",\"inLanguage\":\"es\",\"@id\":\"https:\/\/www.italpassion.fr\/es\/alfa-romeo\/alfa-romeo-le-ceo-a-confirme-des-quadrifoglio-a-essence-et-electrique\/#primaryimage\",\"url\":\"https:\/\/www.italpassion.fr\/wp-content\/uploads\/2025\/05\/alfa-romeo-quadrifoglio-2025.jpg\",\"contentUrl\":\"https:\/\/www.italpassion.fr\/wp-content\/uploads\/2025\/05\/alfa-romeo-quadrifoglio-2025.jpg\",\"width\":1200,\"height\":800},{\"@type\":\"BreadcrumbList\",\"@id\":\"https:\/\/www.italpassion.fr\/es\/alfa-romeo\/alfa-romeo-le-ceo-a-confirme-des-quadrifoglio-a-essence-et-electrique\/#breadcrumb\",\"itemListElement\":[{\"@type\":\"ListItem\",\"position\":1,\"name\":\"Accueil\",\"item\":\"https:\/\/www.italpassion.fr\/es\/\"},{\"@type\":\"ListItem\",\"position\":2,\"name\":\"Alfa Romeo : le CEO a confirm\u00e9 des Quadrifoglio \u00e0 essence et \u00e9lectrique\"}]},{\"@type\":\"WebSite\",\"@id\":\"https:\/\/www.italpassion.fr\/es\/#website\",\"url\":\"https:\/\/www.italpassion.fr\/es\/\",\"name\":\"ItalPassion\",\"description\":\"Les Passionn\u00e9s d&#039;Automobiles Italiennes\",\"publisher\":{\"@id\":\"https:\/\/www.italpassion.fr\/es\/#organization\"},\"potentialAction\":[{\"@type\":\"SearchAction\",\"target\":{\"@type\":\"EntryPoint\",\"urlTemplate\":\"https:\/\/www.italpassion.fr\/es\/?s={search_term_string}\"},\"query-input\":{\"@type\":\"PropertyValueSpecification\",\"valueRequired\":true,\"valueName\":\"search_term_string\"}}],\"inLanguage\":\"es\"},{\"@type\":\"Organization\",\"@id\":\"https:\/\/www.italpassion.fr\/es\/#organization\",\"name\":\"Italpassion\",\"url\":\"https:\/\/www.italpassion.fr\/es\/\",\"logo\":{\"@type\":\"ImageObject\",\"inLanguage\":\"es\",\"@id\":\"https:\/\/www.italpassion.fr\/es\/#\/schema\/logo\/image\/\",\"url\":\"https:\/\/www.italpassion.fr\/wp-content\/uploads\/2023\/07\/italpassion-yoast.jpg\",\"contentUrl\":\"https:\/\/www.italpassion.fr\/wp-content\/uploads\/2023\/07\/italpassion-yoast.jpg\",\"width\":696,\"height\":696,\"caption\":\"Italpassion\"},\"image\":{\"@id\":\"https:\/\/www.italpassion.fr\/es\/#\/schema\/logo\/image\/\"},\"sameAs\":[\"https:\/\/www.facebook.com\/italpassion\",\"https:\/\/x.com\/italpassion\",\"https:\/\/www.instagram.com\/italpassionfr\/\",\"https:\/\/www.youtube.com\/channel\/UCleq-ByQaA42OjhopwevRjQ\",\"https:\/\/www.facebook.com\/italpassion.en\/\",\"https:\/\/www.facebook.com\/italpassion.it\/\",\"https:\/\/www.facebook.com\/italpassion.de\/\",\"https:\/\/www.facebook.com\/italpassion.ja\/\"]},{\"@type\":\"Person\",\"@id\":\"https:\/\/www.italpassion.fr\/es\/#\/schema\/person\/36f747b2a759ca202d847e85a9434ca0\",\"name\":\"Alexandre Filluzeau\",\"image\":{\"@type\":\"ImageObject\",\"inLanguage\":\"es\",\"@id\":\"https:\/\/www.italpassion.fr\/es\/#\/schema\/person\/image\/\",\"url\":\"https:\/\/www.italpassion.fr\/wp-content\/uploads\/2025\/04\/avatar-alexandre-160x160.jpg\",\"contentUrl\":\"https:\/\/www.italpassion.fr\/wp-content\/uploads\/2025\/04\/avatar-alexandre-160x160.jpg\",\"caption\":\"Alexandre Filluzeau\"},\"description\":\"Fondateur du site ItalPassion, passionn\u00e9 de voitures italiennes et de l'Italie en g\u00e9n\u00e9ral. J'apporte un regard critique et technique aux actualit\u00e9s des marques italiennes quand cela est possible. Propri\u00e9taire d'une Maserati GranTurismo, Alfa Romeo MiTo, Lancia Fulvia et Ducati 695. Ex-propri\u00e9taire d'une Alfa Romeo Giulia.\",\"sameAs\":[\"https:\/\/www.italpassion.fr\/\"],\"url\":\"https:\/\/www.italpassion.fr\/es\/author\/alexandre\/\"}]}<\/script>\n<!-- \/ Yoast SEO plugin. -->","yoast_head_json":{"title":"Alfa Romeo: el CEO confirma el Quadrifoglio de gasolina y el\u00e9ctrico - ItalPassion","description":"Fue en el prestigioso evento FuoriConcorso 2025, celebrado los d\u00edas 24 y 25 de mayo a orillas del lago de Como junto al Concours","robots":{"index":"index","follow":"follow","max-snippet":"max-snippet:-1","max-image-preview":"max-image-preview:large","max-video-preview":"max-video-preview:-1"},"canonical":"https:\/\/www.italpassion.fr\/es\/alfa-romeo\/el-director-general-de-alfa-romeo-confirma-cuadrifoglios-de-gasolina-y-electricos\/","og_locale":"es_ES","og_type":"article","og_title":"Alfa Romeo : le CEO a confirm\u00e9 des Quadrifoglio \u00e0 essence et \u00e9lectrique - ItalPassion","og_description":"C\u2019est \u00e0 l\u2019occasion du prestigieux \u00e9v\u00e9nement FuoriConcorso 2025, qui se tenait les 24 et 25 mai sur les rives du lac de C\u00f4me en marge du Concours","og_url":"https:\/\/www.italpassion.fr\/es\/alfa-romeo\/el-director-general-de-alfa-romeo-confirma-cuadrifoglios-de-gasolina-y-electricos\/","og_site_name":"ItalPassion","article_publisher":"https:\/\/www.facebook.com\/italpassion","article_published_time":"2025-05-27T08:02:15+00:00","og_image":[{"width":1200,"height":800,"url":"https:\/\/www.italpassion.fr\/wp-content\/uploads\/2025\/05\/alfa-romeo-quadrifoglio-2025.jpg","type":"image\/jpeg"}],"author":"Alexandre Filluzeau","twitter_card":"summary_large_image","twitter_creator":"@italpassion","twitter_site":"@italpassion","schema":{"@context":"https:\/\/schema.org","@graph":[{"@type":"NewsArticle","@id":"https:\/\/www.italpassion.fr\/es\/alfa-romeo\/alfa-romeo-le-ceo-a-confirme-des-quadrifoglio-a-essence-et-electrique\/#article","isPartOf":{"@id":"https:\/\/www.italpassion.fr\/es\/alfa-romeo\/alfa-romeo-le-ceo-a-confirme-des-quadrifoglio-a-essence-et-electrique\/"},"author":{"name":"Alexandre Filluzeau","@id":"https:\/\/www.italpassion.fr\/es\/#\/schema\/person\/36f747b2a759ca202d847e85a9434ca0"},"headline":"Alfa Romeo : le CEO a confirm\u00e9 des Quadrifoglio \u00e0 essence et \u00e9lectrique","datePublished":"2025-05-27T08:02:15+00:00","mainEntityOfPage":{"@id":"https:\/\/www.italpassion.fr\/es\/alfa-romeo\/alfa-romeo-le-ceo-a-confirme-des-quadrifoglio-a-essence-et-electrique\/"},"wordCount":557,"commentCount":6,"publisher":{"@id":"https:\/\/www.italpassion.fr\/es\/#organization"},"image":{"@id":"https:\/\/www.italpassion.fr\/es\/alfa-romeo\/alfa-romeo-le-ceo-a-confirme-des-quadrifoglio-a-essence-et-electrique\/#primaryimage"},"thumbnailUrl":"https:\/\/www.italpassion.fr\/wp-content\/uploads\/2025\/05\/alfa-romeo-quadrifoglio-2025.jpg","articleSection":["Alfa Romeo"],"inLanguage":"es","potentialAction":[{"@type":"CommentAction","name":"Comment","target":["https:\/\/www.italpassion.fr\/es\/alfa-romeo\/alfa-romeo-le-ceo-a-confirme-des-quadrifoglio-a-essence-et-electrique\/#respond"]}]},{"@type":"WebPage","@id":"https:\/\/www.italpassion.fr\/es\/alfa-romeo\/alfa-romeo-le-ceo-a-confirme-des-quadrifoglio-a-essence-et-electrique\/","url":"https:\/\/www.italpassion.fr\/es\/alfa-romeo\/alfa-romeo-le-ceo-a-confirme-des-quadrifoglio-a-essence-et-electrique\/","name":"Alfa Romeo: el CEO confirma el Quadrifoglio de gasolina y el\u00e9ctrico - ItalPassion","isPartOf":{"@id":"https:\/\/www.italpassion.fr\/es\/#website"},"primaryImageOfPage":{"@id":"https:\/\/www.italpassion.fr\/es\/alfa-romeo\/alfa-romeo-le-ceo-a-confirme-des-quadrifoglio-a-essence-et-electrique\/#primaryimage"},"image":{"@id":"https:\/\/www.italpassion.fr\/es\/alfa-romeo\/alfa-romeo-le-ceo-a-confirme-des-quadrifoglio-a-essence-et-electrique\/#primaryimage"},"thumbnailUrl":"https:\/\/www.italpassion.fr\/wp-content\/uploads\/2025\/05\/alfa-romeo-quadrifoglio-2025.jpg","datePublished":"2025-05-27T08:02:15+00:00","description":"Fue en el prestigioso evento FuoriConcorso 2025, celebrado los d\u00edas 24 y 25 de mayo a orillas del lago de Como junto al Concours","breadcrumb":{"@id":"https:\/\/www.italpassion.fr\/es\/alfa-romeo\/alfa-romeo-le-ceo-a-confirme-des-quadrifoglio-a-essence-et-electrique\/#breadcrumb"},"inLanguage":"es","potentialAction":[{"@type":"ReadAction","target":["https:\/\/www.italpassion.fr\/es\/alfa-romeo\/alfa-romeo-le-ceo-a-confirme-des-quadrifoglio-a-essence-et-electrique\/"]}]},{"@type":"ImageObject","inLanguage":"es","@id":"https:\/\/www.italpassion.fr\/es\/alfa-romeo\/alfa-romeo-le-ceo-a-confirme-des-quadrifoglio-a-essence-et-electrique\/#primaryimage","url":"https:\/\/www.italpassion.fr\/wp-content\/uploads\/2025\/05\/alfa-romeo-quadrifoglio-2025.jpg","contentUrl":"https:\/\/www.italpassion.fr\/wp-content\/uploads\/2025\/05\/alfa-romeo-quadrifoglio-2025.jpg","width":1200,"height":800},{"@type":"BreadcrumbList","@id":"https:\/\/www.italpassion.fr\/es\/alfa-romeo\/alfa-romeo-le-ceo-a-confirme-des-quadrifoglio-a-essence-et-electrique\/#breadcrumb","itemListElement":[{"@type":"ListItem","position":1,"name":"Accueil","item":"https:\/\/www.italpassion.fr\/es\/"},{"@type":"ListItem","position":2,"name":"Alfa Romeo : le CEO a confirm\u00e9 des Quadrifoglio \u00e0 essence et \u00e9lectrique"}]},{"@type":"WebSite","@id":"https:\/\/www.italpassion.fr\/es\/#website","url":"https:\/\/www.italpassion.fr\/es\/","name":"ItalPassion","description":"Entusiastas de los coches italianos","publisher":{"@id":"https:\/\/www.italpassion.fr\/es\/#organization"},"potentialAction":[{"@type":"SearchAction","target":{"@type":"EntryPoint","urlTemplate":"https:\/\/www.italpassion.fr\/es\/?s={search_term_string}"},"query-input":{"@type":"PropertyValueSpecification","valueRequired":true,"valueName":"search_term_string"}}],"inLanguage":"es"},{"@type":"Organization","@id":"https:\/\/www.italpassion.fr\/es\/#organization","name":"Italpassion","url":"https:\/\/www.italpassion.fr\/es\/","logo":{"@type":"ImageObject","inLanguage":"es","@id":"https:\/\/www.italpassion.fr\/es\/#\/schema\/logo\/image\/","url":"https:\/\/www.italpassion.fr\/wp-content\/uploads\/2023\/07\/italpassion-yoast.jpg","contentUrl":"https:\/\/www.italpassion.fr\/wp-content\/uploads\/2023\/07\/italpassion-yoast.jpg","width":696,"height":696,"caption":"Italpassion"},"image":{"@id":"https:\/\/www.italpassion.fr\/es\/#\/schema\/logo\/image\/"},"sameAs":["https:\/\/www.facebook.com\/italpassion","https:\/\/x.com\/italpassion","https:\/\/www.instagram.com\/italpassionfr\/","https:\/\/www.youtube.com\/channel\/UCleq-ByQaA42OjhopwevRjQ","https:\/\/www.facebook.com\/italpassion.en\/","https:\/\/www.facebook.com\/italpassion.it\/","https:\/\/www.facebook.com\/italpassion.de\/","https:\/\/www.facebook.com\/italpassion.ja\/"]},{"@type":"Person","@id":"https:\/\/www.italpassion.fr\/es\/#\/schema\/person\/36f747b2a759ca202d847e85a9434ca0","name":"Alexandre Filluzeau","image":{"@type":"ImageObject","inLanguage":"es","@id":"https:\/\/www.italpassion.fr\/es\/#\/schema\/person\/image\/","url":"https:\/\/www.italpassion.fr\/wp-content\/uploads\/2025\/04\/avatar-alexandre-160x160.jpg","contentUrl":"https:\/\/www.italpassion.fr\/wp-content\/uploads\/2025\/04\/avatar-alexandre-160x160.jpg","caption":"Alexandre Filluzeau"},"description":"Fundador del sitio web ItalPassion, apasionado de los coches italianos y de Italia en general. Aporto una mirada cr\u00edtica y t\u00e9cnica a las noticias de las marcas italianas cuando es posible. Propietario de un Maserati GranTurismo, Alfa Romeo MiTo, Lancia Fulvia y Ducati 695. Ex-propietario de un Alfa Romeo Giulia.","sameAs":["https:\/\/www.italpassion.fr\/"],"url":"https:\/\/www.italpassion.fr\/es\/author\/alexandre\/"}]}},"_links":{"self":[{"href":"https:\/\/www.italpassion.fr\/es\/wp-json\/wp\/v2\/posts\/38708","targetHints":{"allow":["GET"]}}],"collection":[{"href":"https:\/\/www.italpassion.fr\/es\/wp-json\/wp\/v2\/posts"}],"about":[{"href":"https:\/\/www.italpassion.fr\/es\/wp-json\/wp\/v2\/types\/post"}],"author":[{"embeddable":true,"href":"https:\/\/www.italpassion.fr\/es\/wp-json\/wp\/v2\/users\/1"}],"replies":[{"embeddable":true,"href":"https:\/\/www.italpassion.fr\/es\/wp-json\/wp\/v2\/comments?post=38708"}],"version-history":[{"count":2,"href":"https:\/\/www.italpassion.fr\/es\/wp-json\/wp\/v2\/posts\/38708\/revisions"}],"predecessor-version":[{"id":38712,"href":"https:\/\/www.italpassion.fr\/es\/wp-json\/wp\/v2\/posts\/38708\/revisions\/38712"}],"wp:featuredmedia":[{"embeddable":true,"href":"https:\/\/www.italpassion.fr\/es\/wp-json\/wp\/v2\/media\/38711"}],"wp:attachment":[{"href":"https:\/\/www.italpassion.fr\/es\/wp-json\/wp\/v2\/media?parent=38708"}],"wp:term":[{"taxonomy":"category","embeddable":true,"href":"https:\/\/www.italpassion.fr\/es\/wp-json\/wp\/v2\/categories?post=38708"},{"taxonomy":"post_tag","embeddable":true,"href":"https:\/\/www.italpassion.fr\/es\/wp-json\/wp\/v2\/tags?post=38708"}],"curies":[{"name":"wp","href":"https:\/\/api.w.org\/{rel}","templated":true}]}}