{"id":38223,"date":"2025-05-02T10:09:19","date_gmt":"2025-05-02T08:09:19","guid":{"rendered":"https:\/\/www.italpassion.fr\/?p=38223"},"modified":"2025-05-02T10:09:19","modified_gmt":"2025-05-02T08:09:19","slug":"fabrica-stellantis-termoli-asistimos-al-funeral-del-camion-de-bomberos","status":"publish","type":"post","link":"https:\/\/www.italpassion.fr\/es\/stellantis\/usine-stellantis-termoli-nous-assistons-aux-funerailles-du-moteur-fire\/","title":{"rendered":"Planta de Stellantis Termoli: \"Asistimos al funeral del motor FIRE\"."},"content":{"rendered":"<figure class=\"wp-block-image size-large\"><img loading=\"lazy\" decoding=\"async\" width=\"1024\" height=\"683\" src=\"https:\/\/www.italpassion.fr\/wp-content\/uploads\/2024\/09\/firefly-1024x683.jpg\" alt=\"\" class=\"wp-image-34619\" srcset=\"https:\/\/www.italpassion.fr\/wp-content\/uploads\/2024\/09\/firefly-1024x683.jpg 1024w, https:\/\/www.italpassion.fr\/wp-content\/uploads\/2024\/09\/firefly-300x200.jpg 300w, https:\/\/www.italpassion.fr\/wp-content\/uploads\/2024\/09\/firefly-768x512.jpg 768w, https:\/\/www.italpassion.fr\/wp-content\/uploads\/2024\/09\/firefly-18x12.jpg 18w, https:\/\/www.italpassion.fr\/wp-content\/uploads\/2024\/09\/firefly-561x374.jpg 561w, https:\/\/www.italpassion.fr\/wp-content\/uploads\/2024\/09\/firefly-1122x748.jpg 1122w, https:\/\/www.italpassion.fr\/wp-content\/uploads\/2024\/09\/firefly-265x177.jpg 265w, https:\/\/www.italpassion.fr\/wp-content\/uploads\/2024\/09\/firefly-531x354.jpg 531w, https:\/\/www.italpassion.fr\/wp-content\/uploads\/2024\/09\/firefly-364x243.jpg 364w, https:\/\/www.italpassion.fr\/wp-content\/uploads\/2024\/09\/firefly-728x485.jpg 728w, https:\/\/www.italpassion.fr\/wp-content\/uploads\/2024\/09\/firefly-608x405.jpg 608w, https:\/\/www.italpassion.fr\/wp-content\/uploads\/2024\/09\/firefly-758x505.jpg 758w, https:\/\/www.italpassion.fr\/wp-content\/uploads\/2024\/09\/firefly-1152x768.jpg 1152w, https:\/\/www.italpassion.fr\/wp-content\/uploads\/2024\/09\/firefly-600x400.jpg 600w, https:\/\/www.italpassion.fr\/wp-content\/uploads\/2024\/09\/firefly.jpg 1200w\" sizes=\"auto, (max-width: 1024px) 100vw, 1024px\" \/><\/figure>\n\n\n\n<p><strong>Termoli, s\u00edmbolo de la industria automovil\u00edstica italiana, est\u00e1 cada d\u00eda m\u00e1s aislada. <\/strong>Y esta vez, es la hist\u00f3rica l\u00ednea de motores FIRE la que est\u00e1 siendo condenada. \"Estamos asistiendo al funeral del motor FIRE\", declar\u00f3 amargamente el sindicato FIM CISL. Y a\u00f1ad\u00eda: \"Se est\u00e1 aniquilando toda una parte de la historia industrial italiana, con la indiferencia de Stellantis y el silencio de las instituciones\".<\/p>\n\n\n\n<h2 class=\"wp-block-heading\">El fin de un mito industrial<\/h2>\n\n\n\n<p>El motor FIRE ha propulsado varias generaciones de autom\u00f3viles Fiat y Alfa Romeo. Fue uno de los \u00faltimos s\u00edmbolos de la maestr\u00eda italiana 100 % que a\u00fan se fabricaba en Italia. Hoy, su l\u00ednea de producci\u00f3n se ha interrumpido. Los motores de 8 v\u00e1lvulas ya est\u00e1n fuera de producci\u00f3n, y los de 16 v\u00e1lvulas se retirar\u00e1n progresivamente este verano. La producci\u00f3n del GME 2.0L y el Nettuno V6 tambi\u00e9n est\u00e1 amenazada. Quedan los motores GSE (FireFly) para el Fiat Panda y el Alfa Romeo Tonale.<\/p>\n\n\n\n<h2 class=\"wp-block-heading\">Un futuro hecho pedazos<\/h2>\n\n\n\n<p>El ambiente en Termoli es sombr\u00edo. Los testimonios coinciden: <a href=\"https:\/\/www.italpassion.fr\/es\/stellantis\/stellantis-la-fabrica-italiana-de-motores-fiat-se-desmantelara-a-partir-de-este-verano-no-quedara-nada-que-producir\/\">los camiones salen de la planta<\/a>Las \u00faltimas cajas de electricidad de la l\u00ednea de transmisi\u00f3n fueron barridas. El otrora vibrante emplazamiento se est\u00e1 vaciando poco a poco. \"Seg\u00fan Gianluca Falcone, de FIOM Molise, el emplazamiento se est\u00e1 enajenando pieza a pieza. \u00bfEl proyecto de convertir el emplazamiento en una gigafactor\u00eda a trav\u00e9s de ACC? Evaporado. Promesa abandonada. Incluso John Elkann lo admiti\u00f3 en abril: \"muy dif\u00edcil\" de realizar, demasiado costoso.<\/p>\n\n\n\n<p>Por otra parte, Espa\u00f1a atrae a inversores y fabricantes con su <a href=\"https:\/\/www.italpassion.fr\/es\/stellantis\/stellantis-catl-factory-por-que-espana-gana-a-francia-alemania-e-italia\/\">4 000 millones y una asociaci\u00f3n estrat\u00e9gica con la china CATL<\/a>. Mientras tanto, los 370 millones de euros prometidos por la regi\u00f3n de Molise para la Gigafactor\u00eda han desaparecido de la vista. La sensaci\u00f3n de abandono es cada vez mayor.<\/p>\n\n\n\n<h2 class=\"wp-block-heading\">Enfado sindical, dimisi\u00f3n de trabajadores<\/h2>\n\n\n\n<p>Hace unos d\u00edas, el 29 de abril en Termoli, la FIM CISL celebr\u00f3 una reuni\u00f3n crucial. <strong>El tono es serio. \"Sin futuro concreto, sin garant\u00edas para los trabajadores\",<\/strong> insiste Fabrizio Boschini, Secretario Nacional. El veredicto es claro: la gesti\u00f3n de Stellantis se juzga \"ciega, sin visi\u00f3n\", basada en \"la renuncia m\u00e1s que en la reconstrucci\u00f3n\".<\/p>\n\n\n\n<p>Ahora hay menos de 2.000 empleados en los talleres, frente a m\u00e1s de 3.500 en el pico de actividad. <strong>La l\u00ednea eDCT, que supuestamente salvar\u00e1 algunos puestos de trabajo, no estar\u00e1 plenamente operativa hasta 2026... y s\u00f3lo proporcionar\u00e1 300 empleos.<\/strong> Los trabajadores hacen la pregunta que todo el mundo evita: \"\u00bfY hasta entonces?<\/p>\n\n\n\n<p>El cambio a la energ\u00eda el\u00e9ctrica, que supuestamente justifica toda la agitaci\u00f3n, no ha ido seguido de una estrategia clara para Termoli. A d\u00eda de hoy, incluso el futuro Fiat 500 h\u00edbrido previsto para noviembre de 2025, que supuestamente se fabricar\u00e1 con motores 1.0 GSE, sigue sin tener una hoja de ruta clara para Termoli. En cuanto a Maserati y Alfa Romeo, la hibridaci\u00f3n de los V6 y GME sigue siendo un rumor.<\/p>\n\n\n\n<h2 class=\"wp-block-heading\">Un grito de alarma que resuena en el vac\u00edo<\/h2>\n\n\n\n<p><strong>La FIM CISL solicita ahora una reuni\u00f3n ministerial urgente con Stellantis, la ACC y el gobierno italiano. <\/strong>El objetivo es extraer compromisos claros, inversiones concretas y, sobre todo, un plan para evitar nuevas p\u00e9rdidas de empleo y de cualificaciones. Porque en Termoli no se trata s\u00f3lo de una transici\u00f3n industrial. \"El futuro se construye con opciones valientes, no con el silencio\", resume el comunicado del sindicato. Un silencio cada vez m\u00e1s ensordecedor.<\/p>\n\n\n\n<figure class=\"wp-block-embed is-type-video is-provider-youtube wp-block-embed-youtube wp-embed-aspect-4-3 wp-has-aspect-ratio\"><div class=\"wp-block-embed__wrapper\">\n<iframe loading=\"lazy\" title=\"C\u00f3mo naci\u00f3 el FIRE 1000 1985 ita\" width=\"1200\" height=\"900\" src=\"https:\/\/www.youtube-nocookie.com\/embed\/32TLXppDuzk?feature=oembed\" frameborder=\"0\" allow=\"accelerometer; autoplay; clipboard-write; encrypted-media; gyroscope; picture-in-picture; web-share\" referrerpolicy=\"strict-origin-when-cross-origin\" allowfullscreen><\/iframe>\n<\/div><\/figure>","protected":false},"excerpt":{"rendered":"","protected":false},"author":1,"featured_media":34619,"comment_status":"open","ping_status":"open","sticky":false,"template":"","format":"standard","meta":{"_acf_changed":false,"_sitemap_exclude":false,"_sitemap_priority":"","_sitemap_frequency":"","footnotes":""},"categories":[29],"tags":[449,412,386],"class_list":["post-38223","post","type-post","status-publish","format-standard","has-post-thumbnail","hentry","category-stellantis","tag-fire","tag-firefly","tag-termoli","generate-columns","tablet-grid-50","mobile-grid-100","grid-parent","grid-33"],"acf":[],"yoast_head":"<!-- This site is optimized with the Yoast SEO plugin v25.8 - https:\/\/yoast.com\/wordpress\/plugins\/seo\/ -->\n<title>Usine Stellantis Termoli : &quot;nous assistons aux fun\u00e9railles du moteur FIRE&quot; - ItalPassion<\/title>\n<meta name=\"description\" content=\"Le couperet tombe un peu plus chaque jour sur Termoli, symbole de l&#039;industrie automobile italienne. Et cette fois, c\u2019est la ligne historique du moteur\" \/>\n<meta name=\"robots\" content=\"index, follow, max-snippet:-1, max-image-preview:large, max-video-preview:-1\" \/>\n<link rel=\"canonical\" href=\"https:\/\/www.italpassion.fr\/es\/stellantis\/fabrica-stellantis-termoli-asistimos-al-funeral-del-camion-de-bomberos\/\" \/>\n<meta property=\"og:locale\" content=\"es_ES\" \/>\n<meta property=\"og:type\" content=\"article\" \/>\n<meta property=\"og:title\" content=\"Usine Stellantis Termoli : &quot;nous assistons aux fun\u00e9railles du moteur FIRE&quot; - ItalPassion\" \/>\n<meta property=\"og:description\" content=\"Le couperet tombe un peu plus chaque jour sur Termoli, symbole de l&#039;industrie automobile italienne. Et cette fois, c\u2019est la ligne historique du moteur\" \/>\n<meta property=\"og:url\" content=\"https:\/\/www.italpassion.fr\/es\/stellantis\/fabrica-stellantis-termoli-asistimos-al-funeral-del-camion-de-bomberos\/\" \/>\n<meta property=\"og:site_name\" content=\"ItalPassion\" \/>\n<meta property=\"article:publisher\" content=\"https:\/\/www.facebook.com\/italpassion\" \/>\n<meta property=\"article:published_time\" content=\"2025-05-02T08:09:19+00:00\" \/>\n<meta property=\"og:image\" content=\"https:\/\/www.italpassion.fr\/wp-content\/uploads\/2024\/09\/firefly.jpg\" \/>\n\t<meta property=\"og:image:width\" content=\"1200\" \/>\n\t<meta property=\"og:image:height\" content=\"800\" \/>\n\t<meta property=\"og:image:type\" content=\"image\/jpeg\" \/>\n<meta name=\"author\" content=\"Alexandre Filluzeau\" \/>\n<meta name=\"twitter:card\" content=\"summary_large_image\" \/>\n<meta name=\"twitter:creator\" content=\"@italpassion\" \/>\n<meta name=\"twitter:site\" content=\"@italpassion\" \/>\n<script type=\"application\/ld+json\" class=\"yoast-schema-graph\">{\"@context\":\"https:\/\/schema.org\",\"@graph\":[{\"@type\":\"NewsArticle\",\"@id\":\"https:\/\/www.italpassion.fr\/es\/stellantis\/usine-stellantis-termoli-nous-assistons-aux-funerailles-du-moteur-fire\/#article\",\"isPartOf\":{\"@id\":\"https:\/\/www.italpassion.fr\/es\/stellantis\/usine-stellantis-termoli-nous-assistons-aux-funerailles-du-moteur-fire\/\"},\"author\":{\"name\":\"Alexandre Filluzeau\",\"@id\":\"https:\/\/www.italpassion.fr\/es\/#\/schema\/person\/36f747b2a759ca202d847e85a9434ca0\"},\"headline\":\"Usine Stellantis Termoli : \u00ab\u00a0nous assistons aux fun\u00e9railles du moteur FIRE\u00a0\u00bb\",\"datePublished\":\"2025-05-02T08:09:19+00:00\",\"mainEntityOfPage\":{\"@id\":\"https:\/\/www.italpassion.fr\/es\/stellantis\/usine-stellantis-termoli-nous-assistons-aux-funerailles-du-moteur-fire\/\"},\"wordCount\":595,\"commentCount\":19,\"publisher\":{\"@id\":\"https:\/\/www.italpassion.fr\/es\/#organization\"},\"image\":{\"@id\":\"https:\/\/www.italpassion.fr\/es\/stellantis\/usine-stellantis-termoli-nous-assistons-aux-funerailles-du-moteur-fire\/#primaryimage\"},\"thumbnailUrl\":\"https:\/\/www.italpassion.fr\/wp-content\/uploads\/2024\/09\/firefly.jpg\",\"keywords\":[\"FIRE\",\"Firefly\",\"Termoli\"],\"articleSection\":[\"Stellantis\"],\"inLanguage\":\"es\",\"potentialAction\":[{\"@type\":\"CommentAction\",\"name\":\"Comment\",\"target\":[\"https:\/\/www.italpassion.fr\/es\/stellantis\/usine-stellantis-termoli-nous-assistons-aux-funerailles-du-moteur-fire\/#respond\"]}]},{\"@type\":\"WebPage\",\"@id\":\"https:\/\/www.italpassion.fr\/es\/stellantis\/usine-stellantis-termoli-nous-assistons-aux-funerailles-du-moteur-fire\/\",\"url\":\"https:\/\/www.italpassion.fr\/es\/stellantis\/usine-stellantis-termoli-nous-assistons-aux-funerailles-du-moteur-fire\/\",\"name\":\"Usine Stellantis Termoli : \\\"nous assistons aux fun\u00e9railles du moteur FIRE\\\" - ItalPassion\",\"isPartOf\":{\"@id\":\"https:\/\/www.italpassion.fr\/es\/#website\"},\"primaryImageOfPage\":{\"@id\":\"https:\/\/www.italpassion.fr\/es\/stellantis\/usine-stellantis-termoli-nous-assistons-aux-funerailles-du-moteur-fire\/#primaryimage\"},\"image\":{\"@id\":\"https:\/\/www.italpassion.fr\/es\/stellantis\/usine-stellantis-termoli-nous-assistons-aux-funerailles-du-moteur-fire\/#primaryimage\"},\"thumbnailUrl\":\"https:\/\/www.italpassion.fr\/wp-content\/uploads\/2024\/09\/firefly.jpg\",\"datePublished\":\"2025-05-02T08:09:19+00:00\",\"description\":\"Le couperet tombe un peu plus chaque jour sur Termoli, symbole de l'industrie automobile italienne. Et cette fois, c\u2019est la ligne historique du moteur\",\"breadcrumb\":{\"@id\":\"https:\/\/www.italpassion.fr\/es\/stellantis\/usine-stellantis-termoli-nous-assistons-aux-funerailles-du-moteur-fire\/#breadcrumb\"},\"inLanguage\":\"es\",\"potentialAction\":[{\"@type\":\"ReadAction\",\"target\":[\"https:\/\/www.italpassion.fr\/es\/stellantis\/usine-stellantis-termoli-nous-assistons-aux-funerailles-du-moteur-fire\/\"]}]},{\"@type\":\"ImageObject\",\"inLanguage\":\"es\",\"@id\":\"https:\/\/www.italpassion.fr\/es\/stellantis\/usine-stellantis-termoli-nous-assistons-aux-funerailles-du-moteur-fire\/#primaryimage\",\"url\":\"https:\/\/www.italpassion.fr\/wp-content\/uploads\/2024\/09\/firefly.jpg\",\"contentUrl\":\"https:\/\/www.italpassion.fr\/wp-content\/uploads\/2024\/09\/firefly.jpg\",\"width\":1200,\"height\":800},{\"@type\":\"BreadcrumbList\",\"@id\":\"https:\/\/www.italpassion.fr\/es\/stellantis\/usine-stellantis-termoli-nous-assistons-aux-funerailles-du-moteur-fire\/#breadcrumb\",\"itemListElement\":[{\"@type\":\"ListItem\",\"position\":1,\"name\":\"Accueil\",\"item\":\"https:\/\/www.italpassion.fr\/es\/\"},{\"@type\":\"ListItem\",\"position\":2,\"name\":\"Usine Stellantis Termoli : \u00ab\u00a0nous assistons aux fun\u00e9railles du moteur FIRE\u00a0\u00bb\"}]},{\"@type\":\"WebSite\",\"@id\":\"https:\/\/www.italpassion.fr\/es\/#website\",\"url\":\"https:\/\/www.italpassion.fr\/es\/\",\"name\":\"ItalPassion\",\"description\":\"Les Passionn\u00e9s d&#039;Automobiles Italiennes\",\"publisher\":{\"@id\":\"https:\/\/www.italpassion.fr\/es\/#organization\"},\"potentialAction\":[{\"@type\":\"SearchAction\",\"target\":{\"@type\":\"EntryPoint\",\"urlTemplate\":\"https:\/\/www.italpassion.fr\/es\/?s={search_term_string}\"},\"query-input\":{\"@type\":\"PropertyValueSpecification\",\"valueRequired\":true,\"valueName\":\"search_term_string\"}}],\"inLanguage\":\"es\"},{\"@type\":\"Organization\",\"@id\":\"https:\/\/www.italpassion.fr\/es\/#organization\",\"name\":\"Italpassion\",\"url\":\"https:\/\/www.italpassion.fr\/es\/\",\"logo\":{\"@type\":\"ImageObject\",\"inLanguage\":\"es\",\"@id\":\"https:\/\/www.italpassion.fr\/es\/#\/schema\/logo\/image\/\",\"url\":\"https:\/\/www.italpassion.fr\/wp-content\/uploads\/2023\/07\/italpassion-yoast.jpg\",\"contentUrl\":\"https:\/\/www.italpassion.fr\/wp-content\/uploads\/2023\/07\/italpassion-yoast.jpg\",\"width\":696,\"height\":696,\"caption\":\"Italpassion\"},\"image\":{\"@id\":\"https:\/\/www.italpassion.fr\/es\/#\/schema\/logo\/image\/\"},\"sameAs\":[\"https:\/\/www.facebook.com\/italpassion\",\"https:\/\/x.com\/italpassion\",\"https:\/\/www.instagram.com\/italpassionfr\/\",\"https:\/\/www.youtube.com\/channel\/UCleq-ByQaA42OjhopwevRjQ\",\"https:\/\/www.facebook.com\/italpassion.en\/\",\"https:\/\/www.facebook.com\/italpassion.it\/\",\"https:\/\/www.facebook.com\/italpassion.de\/\",\"https:\/\/www.facebook.com\/italpassion.ja\/\"]},{\"@type\":\"Person\",\"@id\":\"https:\/\/www.italpassion.fr\/es\/#\/schema\/person\/36f747b2a759ca202d847e85a9434ca0\",\"name\":\"Alexandre Filluzeau\",\"image\":{\"@type\":\"ImageObject\",\"inLanguage\":\"es\",\"@id\":\"https:\/\/www.italpassion.fr\/es\/#\/schema\/person\/image\/\",\"url\":\"https:\/\/www.italpassion.fr\/wp-content\/uploads\/2025\/04\/avatar-alexandre-160x160.jpg\",\"contentUrl\":\"https:\/\/www.italpassion.fr\/wp-content\/uploads\/2025\/04\/avatar-alexandre-160x160.jpg\",\"caption\":\"Alexandre Filluzeau\"},\"description\":\"Fondateur du site ItalPassion, passionn\u00e9 de voitures italiennes et de l'Italie en g\u00e9n\u00e9ral. J'apporte un regard critique et technique aux actualit\u00e9s des marques italiennes quand cela est possible. Propri\u00e9taire d'une Maserati GranTurismo, Alfa Romeo MiTo, Lancia Fulvia et Ducati 695. Ex-propri\u00e9taire d'une Alfa Romeo Giulia.\",\"sameAs\":[\"https:\/\/www.italpassion.fr\/\"],\"url\":\"https:\/\/www.italpassion.fr\/es\/author\/alexandre\/\"}]}<\/script>\n<!-- \/ Yoast SEO plugin. -->","yoast_head_json":{"title":"Planta de Stellantis Termoli: \"Asistimos al funeral del motor FIRE\" - ItalPassion","description":"El hacha cae cada d\u00eda un poco m\u00e1s sobre Termoli, el s\u00edmbolo de la industria automovil\u00edstica italiana. Y esta vez, es la hist\u00f3rica l\u00ednea de motores","robots":{"index":"index","follow":"follow","max-snippet":"max-snippet:-1","max-image-preview":"max-image-preview:large","max-video-preview":"max-video-preview:-1"},"canonical":"https:\/\/www.italpassion.fr\/es\/stellantis\/fabrica-stellantis-termoli-asistimos-al-funeral-del-camion-de-bomberos\/","og_locale":"es_ES","og_type":"article","og_title":"Usine Stellantis Termoli : \"nous assistons aux fun\u00e9railles du moteur FIRE\" - ItalPassion","og_description":"Le couperet tombe un peu plus chaque jour sur Termoli, symbole de l'industrie automobile italienne. Et cette fois, c\u2019est la ligne historique du moteur","og_url":"https:\/\/www.italpassion.fr\/es\/stellantis\/fabrica-stellantis-termoli-asistimos-al-funeral-del-camion-de-bomberos\/","og_site_name":"ItalPassion","article_publisher":"https:\/\/www.facebook.com\/italpassion","article_published_time":"2025-05-02T08:09:19+00:00","og_image":[{"width":1200,"height":800,"url":"https:\/\/www.italpassion.fr\/wp-content\/uploads\/2024\/09\/firefly.jpg","type":"image\/jpeg"}],"author":"Alexandre Filluzeau","twitter_card":"summary_large_image","twitter_creator":"@italpassion","twitter_site":"@italpassion","schema":{"@context":"https:\/\/schema.org","@graph":[{"@type":"NewsArticle","@id":"https:\/\/www.italpassion.fr\/es\/stellantis\/usine-stellantis-termoli-nous-assistons-aux-funerailles-du-moteur-fire\/#article","isPartOf":{"@id":"https:\/\/www.italpassion.fr\/es\/stellantis\/usine-stellantis-termoli-nous-assistons-aux-funerailles-du-moteur-fire\/"},"author":{"name":"Alexandre Filluzeau","@id":"https:\/\/www.italpassion.fr\/es\/#\/schema\/person\/36f747b2a759ca202d847e85a9434ca0"},"headline":"Usine Stellantis Termoli : \u00ab\u00a0nous assistons aux fun\u00e9railles du moteur FIRE\u00a0\u00bb","datePublished":"2025-05-02T08:09:19+00:00","mainEntityOfPage":{"@id":"https:\/\/www.italpassion.fr\/es\/stellantis\/usine-stellantis-termoli-nous-assistons-aux-funerailles-du-moteur-fire\/"},"wordCount":595,"commentCount":19,"publisher":{"@id":"https:\/\/www.italpassion.fr\/es\/#organization"},"image":{"@id":"https:\/\/www.italpassion.fr\/es\/stellantis\/usine-stellantis-termoli-nous-assistons-aux-funerailles-du-moteur-fire\/#primaryimage"},"thumbnailUrl":"https:\/\/www.italpassion.fr\/wp-content\/uploads\/2024\/09\/firefly.jpg","keywords":["FIRE","Firefly","Termoli"],"articleSection":["Stellantis"],"inLanguage":"es","potentialAction":[{"@type":"CommentAction","name":"Comment","target":["https:\/\/www.italpassion.fr\/es\/stellantis\/usine-stellantis-termoli-nous-assistons-aux-funerailles-du-moteur-fire\/#respond"]}]},{"@type":"WebPage","@id":"https:\/\/www.italpassion.fr\/es\/stellantis\/usine-stellantis-termoli-nous-assistons-aux-funerailles-du-moteur-fire\/","url":"https:\/\/www.italpassion.fr\/es\/stellantis\/usine-stellantis-termoli-nous-assistons-aux-funerailles-du-moteur-fire\/","name":"Planta de Stellantis Termoli: \"Asistimos al funeral del motor FIRE\" - ItalPassion","isPartOf":{"@id":"https:\/\/www.italpassion.fr\/es\/#website"},"primaryImageOfPage":{"@id":"https:\/\/www.italpassion.fr\/es\/stellantis\/usine-stellantis-termoli-nous-assistons-aux-funerailles-du-moteur-fire\/#primaryimage"},"image":{"@id":"https:\/\/www.italpassion.fr\/es\/stellantis\/usine-stellantis-termoli-nous-assistons-aux-funerailles-du-moteur-fire\/#primaryimage"},"thumbnailUrl":"https:\/\/www.italpassion.fr\/wp-content\/uploads\/2024\/09\/firefly.jpg","datePublished":"2025-05-02T08:09:19+00:00","description":"El hacha cae cada d\u00eda un poco m\u00e1s sobre Termoli, el s\u00edmbolo de la industria automovil\u00edstica italiana. Y esta vez, es la hist\u00f3rica l\u00ednea de motores","breadcrumb":{"@id":"https:\/\/www.italpassion.fr\/es\/stellantis\/usine-stellantis-termoli-nous-assistons-aux-funerailles-du-moteur-fire\/#breadcrumb"},"inLanguage":"es","potentialAction":[{"@type":"ReadAction","target":["https:\/\/www.italpassion.fr\/es\/stellantis\/usine-stellantis-termoli-nous-assistons-aux-funerailles-du-moteur-fire\/"]}]},{"@type":"ImageObject","inLanguage":"es","@id":"https:\/\/www.italpassion.fr\/es\/stellantis\/usine-stellantis-termoli-nous-assistons-aux-funerailles-du-moteur-fire\/#primaryimage","url":"https:\/\/www.italpassion.fr\/wp-content\/uploads\/2024\/09\/firefly.jpg","contentUrl":"https:\/\/www.italpassion.fr\/wp-content\/uploads\/2024\/09\/firefly.jpg","width":1200,"height":800},{"@type":"BreadcrumbList","@id":"https:\/\/www.italpassion.fr\/es\/stellantis\/usine-stellantis-termoli-nous-assistons-aux-funerailles-du-moteur-fire\/#breadcrumb","itemListElement":[{"@type":"ListItem","position":1,"name":"Accueil","item":"https:\/\/www.italpassion.fr\/es\/"},{"@type":"ListItem","position":2,"name":"Usine Stellantis Termoli : \u00ab\u00a0nous assistons aux fun\u00e9railles du moteur FIRE\u00a0\u00bb"}]},{"@type":"WebSite","@id":"https:\/\/www.italpassion.fr\/es\/#website","url":"https:\/\/www.italpassion.fr\/es\/","name":"ItalPassion","description":"Entusiastas de los coches italianos","publisher":{"@id":"https:\/\/www.italpassion.fr\/es\/#organization"},"potentialAction":[{"@type":"SearchAction","target":{"@type":"EntryPoint","urlTemplate":"https:\/\/www.italpassion.fr\/es\/?s={search_term_string}"},"query-input":{"@type":"PropertyValueSpecification","valueRequired":true,"valueName":"search_term_string"}}],"inLanguage":"es"},{"@type":"Organization","@id":"https:\/\/www.italpassion.fr\/es\/#organization","name":"Italpassion","url":"https:\/\/www.italpassion.fr\/es\/","logo":{"@type":"ImageObject","inLanguage":"es","@id":"https:\/\/www.italpassion.fr\/es\/#\/schema\/logo\/image\/","url":"https:\/\/www.italpassion.fr\/wp-content\/uploads\/2023\/07\/italpassion-yoast.jpg","contentUrl":"https:\/\/www.italpassion.fr\/wp-content\/uploads\/2023\/07\/italpassion-yoast.jpg","width":696,"height":696,"caption":"Italpassion"},"image":{"@id":"https:\/\/www.italpassion.fr\/es\/#\/schema\/logo\/image\/"},"sameAs":["https:\/\/www.facebook.com\/italpassion","https:\/\/x.com\/italpassion","https:\/\/www.instagram.com\/italpassionfr\/","https:\/\/www.youtube.com\/channel\/UCleq-ByQaA42OjhopwevRjQ","https:\/\/www.facebook.com\/italpassion.en\/","https:\/\/www.facebook.com\/italpassion.it\/","https:\/\/www.facebook.com\/italpassion.de\/","https:\/\/www.facebook.com\/italpassion.ja\/"]},{"@type":"Person","@id":"https:\/\/www.italpassion.fr\/es\/#\/schema\/person\/36f747b2a759ca202d847e85a9434ca0","name":"Alexandre Filluzeau","image":{"@type":"ImageObject","inLanguage":"es","@id":"https:\/\/www.italpassion.fr\/es\/#\/schema\/person\/image\/","url":"https:\/\/www.italpassion.fr\/wp-content\/uploads\/2025\/04\/avatar-alexandre-160x160.jpg","contentUrl":"https:\/\/www.italpassion.fr\/wp-content\/uploads\/2025\/04\/avatar-alexandre-160x160.jpg","caption":"Alexandre Filluzeau"},"description":"Fundador del sitio web ItalPassion, apasionado de los coches italianos y de Italia en general. Aporto una mirada cr\u00edtica y t\u00e9cnica a las noticias de las marcas italianas cuando es posible. Propietario de un Maserati GranTurismo, Alfa Romeo MiTo, Lancia Fulvia y Ducati 695. Ex-propietario de un Alfa Romeo Giulia.","sameAs":["https:\/\/www.italpassion.fr\/"],"url":"https:\/\/www.italpassion.fr\/es\/author\/alexandre\/"}]}},"_links":{"self":[{"href":"https:\/\/www.italpassion.fr\/es\/wp-json\/wp\/v2\/posts\/38223","targetHints":{"allow":["GET"]}}],"collection":[{"href":"https:\/\/www.italpassion.fr\/es\/wp-json\/wp\/v2\/posts"}],"about":[{"href":"https:\/\/www.italpassion.fr\/es\/wp-json\/wp\/v2\/types\/post"}],"author":[{"embeddable":true,"href":"https:\/\/www.italpassion.fr\/es\/wp-json\/wp\/v2\/users\/1"}],"replies":[{"embeddable":true,"href":"https:\/\/www.italpassion.fr\/es\/wp-json\/wp\/v2\/comments?post=38223"}],"version-history":[{"count":1,"href":"https:\/\/www.italpassion.fr\/es\/wp-json\/wp\/v2\/posts\/38223\/revisions"}],"predecessor-version":[{"id":38224,"href":"https:\/\/www.italpassion.fr\/es\/wp-json\/wp\/v2\/posts\/38223\/revisions\/38224"}],"wp:featuredmedia":[{"embeddable":true,"href":"https:\/\/www.italpassion.fr\/es\/wp-json\/wp\/v2\/media\/34619"}],"wp:attachment":[{"href":"https:\/\/www.italpassion.fr\/es\/wp-json\/wp\/v2\/media?parent=38223"}],"wp:term":[{"taxonomy":"category","embeddable":true,"href":"https:\/\/www.italpassion.fr\/es\/wp-json\/wp\/v2\/categories?post=38223"},{"taxonomy":"post_tag","embeddable":true,"href":"https:\/\/www.italpassion.fr\/es\/wp-json\/wp\/v2\/tags?post=38223"}],"curies":[{"name":"wp","href":"https:\/\/api.w.org\/{rel}","templated":true}]}}