{"id":37123,"date":"2025-03-10T16:38:04","date_gmt":"2025-03-10T15:38:04","guid":{"rendered":"https:\/\/www.italpassion.fr\/?p=37123"},"modified":"2025-03-10T16:38:06","modified_gmt":"2025-03-10T15:38:06","slug":"f1-de-que-acusa-red-bull-a-ferrari-en-su-denuncia-ante-la-fia-a-que-se-arriesga-la-scuderia","status":"publish","type":"post","link":"https:\/\/www.italpassion.fr\/es\/competition\/f1-que-reproche-red-bull-a-ferrari-dans-sa-plainte-aupres-de-la-fia-que-risque-la-scuderia\/","title":{"rendered":"F1: \u00bfDe qu\u00e9 acusa Red Bull a Ferrari en su denuncia ante la FIA? \u00bfA qu\u00e9 se arriesga la Scuderia?"},"content":{"rendered":"<figure class=\"wp-block-image size-large\"><img loading=\"lazy\" decoding=\"async\" width=\"1024\" height=\"683\" src=\"https:\/\/www.italpassion.fr\/wp-content\/uploads\/2025\/03\/sf-25-aileron-1024x683.jpg\" alt=\"\" class=\"wp-image-37124\" srcset=\"https:\/\/www.italpassion.fr\/wp-content\/uploads\/2025\/03\/sf-25-aileron-1024x683.jpg 1024w, https:\/\/www.italpassion.fr\/wp-content\/uploads\/2025\/03\/sf-25-aileron-300x200.jpg 300w, https:\/\/www.italpassion.fr\/wp-content\/uploads\/2025\/03\/sf-25-aileron-768x512.jpg 768w, https:\/\/www.italpassion.fr\/wp-content\/uploads\/2025\/03\/sf-25-aileron-18x12.jpg 18w, https:\/\/www.italpassion.fr\/wp-content\/uploads\/2025\/03\/sf-25-aileron-561x374.jpg 561w, https:\/\/www.italpassion.fr\/wp-content\/uploads\/2025\/03\/sf-25-aileron-1122x748.jpg 1122w, https:\/\/www.italpassion.fr\/wp-content\/uploads\/2025\/03\/sf-25-aileron-265x177.jpg 265w, https:\/\/www.italpassion.fr\/wp-content\/uploads\/2025\/03\/sf-25-aileron-531x354.jpg 531w, https:\/\/www.italpassion.fr\/wp-content\/uploads\/2025\/03\/sf-25-aileron-364x243.jpg 364w, https:\/\/www.italpassion.fr\/wp-content\/uploads\/2025\/03\/sf-25-aileron-728x485.jpg 728w, https:\/\/www.italpassion.fr\/wp-content\/uploads\/2025\/03\/sf-25-aileron-608x405.jpg 608w, https:\/\/www.italpassion.fr\/wp-content\/uploads\/2025\/03\/sf-25-aileron-758x505.jpg 758w, https:\/\/www.italpassion.fr\/wp-content\/uploads\/2025\/03\/sf-25-aileron-1152x768.jpg 1152w, https:\/\/www.italpassion.fr\/wp-content\/uploads\/2025\/03\/sf-25-aileron.jpg 1200w\" sizes=\"auto, (max-width: 1024px) 100vw, 1024px\" \/><\/figure>\n\n\n\n<p>La rivalidad en <a href=\"https:\/\/www.italpassion.fr\/es\/concurso\/formula-1\/\">F\u00f3rmula 1<\/a> es tan intensa como siempre, y con la temporada 2025 cada vez m\u00e1s cerca, las tensiones entre los equipos parecen estar a flor de piel. Hace unos d\u00edas, supimos que <a href=\"https:\/\/www.italpassion.fr\/es\/concurso\/f1-la-fia-inspeccionara-la-fabrica-de-ferrari-y-la-sf-25-tras-la-denuncia-de-red-bull\/\">Red Bull lanza un nuevo ataque a la Scuderia<\/a>presentando una queja formal ante la FIA. <strong>\u00bfEl motivo? Sospechas de disconformidad t\u00e9cnica en relaci\u00f3n con el SF-25, el monoplaza de Ferrari para la pr\u00f3xima temporada.<\/strong> Pero, \u00bfcu\u00e1les son exactamente las acusaciones de la escuder\u00eda austriaca y cu\u00e1les ser\u00e1n las consecuencias para la Scuderia?<\/p>\n\n\n\n<h2 class=\"wp-block-heading\">La queja de Red Bull: la amenaza del mini-DRS<\/h2>\n\n\n\n<p><strong>La denuncia de Red Bull forma parte de una larga serie de inspecciones t\u00e9cnicas llevadas a cabo por el equipo de Christian Horner, <\/strong>cuyo objetivo es detectar cualquier laguna reglamentaria de sus competidores. Pero esta vez, el ataque va dirigido al SF-25 y a un fen\u00f3meno del que ya se habl\u00f3 en 2024: el mini-DRS. Este sistema flexible permite que el aler\u00f3n trasero del coche se abra ligeramente a altas velocidades, reduciendo la resistencia y ofreciendo una ventaja aerodin\u00e1mica.<\/p>\n\n\n\n<p><strong>El mini-DRS se vio por primera vez en el Gran Premio de Azerbaiy\u00e1n 2024,<\/strong> cuando McLaren la utiliz\u00f3 en el coche de Oscar Piastri. Gracias a esta tecnolog\u00eda, el aler\u00f3n trasero del McLaren se deform\u00f3, creando una ganancia significativa de velocidad en l\u00ednea recta. Aunque McLaren tuvo que cumplir la normativa modificando su aler\u00f3n tras la investigaci\u00f3n de la FIA, Pierre Wach\u00e9, director t\u00e9cnico de Red Bull, insinu\u00f3 que Ferrari y McLaren siguen utilizando esta tecnolog\u00eda, aunque de forma ligeramente modificada.<\/p>\n\n\n\n<h2 class=\"wp-block-heading\">Inspecci\u00f3n de la FIA en Maranello<\/h2>\n\n\n\n<p><strong>No hay que subestimar la gravedad de la situaci\u00f3n. <\/strong>Tras la denuncia de Red Bull, la FIA ha decidido llevar a cabo una inspecci\u00f3n en la f\u00e1brica de Ferrari en Maranello, una medida que podr\u00eda tener un impacto directo en los preparativos de la temporada 2025. La decisi\u00f3n se produce tras las acusaciones de Pierre Wach\u00e9 de que Ferrari utilizaba un sistema similar en su SF-25. Los inspectores de la FIA visitar\u00e1n la f\u00e1brica de Ferrari para aclarar la situaci\u00f3n y comprobar si las pr\u00e1cticas del equipo contravienen la normativa vigente.<\/p>\n\n\n\n<h2 class=\"wp-block-heading\">La Scuderia Ferrari conf\u00eda<\/h2>\n\n\n\n<p><strong>Ante esta nueva acusaci\u00f3n, el <a href=\"https:\/\/www.italpassion.fr\/es\/etiqueta\/scuderia-ferrari\/\">Scuderia Ferrari<\/a> mantiene la calma y se defiende en\u00e9rgicamente.<\/strong> Seg\u00fan fuentes cercanas al equipo, los responsables de la Scuderia aseguran que el SF-25 respeta escrupulosamente la reglamentaci\u00f3n t\u00e9cnica. Consideran que la queja de Red Bull es un intento de desestabilizar al equipo y perturbar sus preparativos para el inicio de la temporada. Sin embargo, la presi\u00f3n es palpable, sobre todo porque los tifosi est\u00e1n impacientes por que Ferrari pueda competir con gigantes como Red Bull y McLaren, defensores del t\u00edtulo en 2023 y 2024 respectivamente.<\/p>\n\n\n\n<h2 class=\"wp-block-heading\">\u00bfCu\u00e1les son las consecuencias para la Scuderia Ferrari?<\/h2>\n\n\n\n<p><strong>Las consecuencias de esta denuncia son inciertas.<\/strong> Si la FIA decide que el SF-25 no cumple las normas, podr\u00edan aplicarse sanciones que van desde simples multas hasta la descalificaci\u00f3n, imponiendo as\u00ed modificaciones en el dise\u00f1o del coche. Si finalmente se exculpa a Ferrari, no habr\u00e1 sido m\u00e1s que un simple intento de desestabilizar a un equipo contrario. No es la primera vez que la F1 ve enfrentarse a los equipos no s\u00f3lo en la pista, sino tambi\u00e9n fuera de ella.<\/p>\n\n\n\n<p>La FIA tendr\u00e1 que tomar ahora una decisi\u00f3n r\u00e1pida para evitar que estas pol\u00e9micas invadan los preparativos de los equipos a pocos d\u00edas del inicio de la temporada. <\/p>","protected":false},"excerpt":{"rendered":"","protected":false},"author":1,"featured_media":37124,"comment_status":"open","ping_status":"open","sticky":false,"template":"","format":"standard","meta":{"_acf_changed":false,"_sitemap_exclude":false,"_sitemap_priority":"","_sitemap_frequency":"","footnotes":""},"categories":[328,323],"tags":[370],"class_list":["post-37123","post","type-post","status-publish","format-standard","has-post-thumbnail","hentry","category-formule-1","category-competition","tag-scuderia-ferrari","generate-columns","tablet-grid-50","mobile-grid-100","grid-parent","grid-33"],"acf":[],"yoast_head":"<!-- This site is optimized with the Yoast SEO plugin v25.8 - https:\/\/yoast.com\/wordpress\/plugins\/seo\/ -->\n<title>F1 : que reproche Red Bull \u00e0 Ferrari dans sa plainte aupr\u00e8s de la FIA ? Que risque la Scuderia ? - ItalPassion<\/title>\n<meta name=\"description\" content=\"La rivalit\u00e9 en Formule 1 est toujours aussi intense, et alors que la saison 2025 approche \u00e0 grands pas, les tensions entre les \u00e9curies semble d\u00e9j\u00e0 bien\" \/>\n<meta name=\"robots\" content=\"index, follow, max-snippet:-1, max-image-preview:large, max-video-preview:-1\" \/>\n<link rel=\"canonical\" href=\"https:\/\/www.italpassion.fr\/es\/concurso\/f1-de-que-acusa-red-bull-a-ferrari-en-su-denuncia-ante-la-fia-a-que-se-arriesga-la-scuderia\/\" \/>\n<meta property=\"og:locale\" content=\"es_ES\" \/>\n<meta property=\"og:type\" content=\"article\" \/>\n<meta property=\"og:title\" content=\"F1 : que reproche Red Bull \u00e0 Ferrari dans sa plainte aupr\u00e8s de la FIA ? Que risque la Scuderia ? - ItalPassion\" \/>\n<meta property=\"og:description\" content=\"La rivalit\u00e9 en Formule 1 est toujours aussi intense, et alors que la saison 2025 approche \u00e0 grands pas, les tensions entre les \u00e9curies semble d\u00e9j\u00e0 bien\" \/>\n<meta property=\"og:url\" content=\"https:\/\/www.italpassion.fr\/es\/concurso\/f1-de-que-acusa-red-bull-a-ferrari-en-su-denuncia-ante-la-fia-a-que-se-arriesga-la-scuderia\/\" \/>\n<meta property=\"og:site_name\" content=\"ItalPassion\" \/>\n<meta property=\"article:publisher\" content=\"https:\/\/www.facebook.com\/italpassion\" \/>\n<meta property=\"article:published_time\" content=\"2025-03-10T15:38:04+00:00\" \/>\n<meta property=\"article:modified_time\" content=\"2025-03-10T15:38:06+00:00\" \/>\n<meta property=\"og:image\" content=\"https:\/\/www.italpassion.fr\/wp-content\/uploads\/2025\/03\/sf-25-aileron.jpg\" \/>\n\t<meta property=\"og:image:width\" content=\"1200\" \/>\n\t<meta property=\"og:image:height\" content=\"800\" \/>\n\t<meta property=\"og:image:type\" content=\"image\/jpeg\" \/>\n<meta name=\"author\" content=\"Alexandre Filluzeau\" \/>\n<meta name=\"twitter:card\" content=\"summary_large_image\" \/>\n<meta name=\"twitter:creator\" content=\"@italpassion\" \/>\n<meta name=\"twitter:site\" content=\"@italpassion\" \/>\n<script type=\"application\/ld+json\" class=\"yoast-schema-graph\">{\"@context\":\"https:\/\/schema.org\",\"@graph\":[{\"@type\":\"NewsArticle\",\"@id\":\"https:\/\/www.italpassion.fr\/es\/competition\/f1-que-reproche-red-bull-a-ferrari-dans-sa-plainte-aupres-de-la-fia-que-risque-la-scuderia\/#article\",\"isPartOf\":{\"@id\":\"https:\/\/www.italpassion.fr\/es\/competition\/f1-que-reproche-red-bull-a-ferrari-dans-sa-plainte-aupres-de-la-fia-que-risque-la-scuderia\/\"},\"author\":{\"name\":\"Alexandre Filluzeau\",\"@id\":\"https:\/\/www.italpassion.fr\/es\/#\/schema\/person\/36f747b2a759ca202d847e85a9434ca0\"},\"headline\":\"F1 : que reproche Red Bull \u00e0 Ferrari dans sa plainte aupr\u00e8s de la FIA ? Que risque la Scuderia ?\",\"datePublished\":\"2025-03-10T15:38:04+00:00\",\"dateModified\":\"2025-03-10T15:38:06+00:00\",\"mainEntityOfPage\":{\"@id\":\"https:\/\/www.italpassion.fr\/es\/competition\/f1-que-reproche-red-bull-a-ferrari-dans-sa-plainte-aupres-de-la-fia-que-risque-la-scuderia\/\"},\"wordCount\":649,\"commentCount\":1,\"publisher\":{\"@id\":\"https:\/\/www.italpassion.fr\/es\/#organization\"},\"image\":{\"@id\":\"https:\/\/www.italpassion.fr\/es\/competition\/f1-que-reproche-red-bull-a-ferrari-dans-sa-plainte-aupres-de-la-fia-que-risque-la-scuderia\/#primaryimage\"},\"thumbnailUrl\":\"https:\/\/www.italpassion.fr\/wp-content\/uploads\/2025\/03\/sf-25-aileron.jpg\",\"keywords\":[\"Scuderia Ferrari\"],\"articleSection\":[\"Formule 1\",\"Sport Auto\"],\"inLanguage\":\"es\",\"potentialAction\":[{\"@type\":\"CommentAction\",\"name\":\"Comment\",\"target\":[\"https:\/\/www.italpassion.fr\/es\/competition\/f1-que-reproche-red-bull-a-ferrari-dans-sa-plainte-aupres-de-la-fia-que-risque-la-scuderia\/#respond\"]}]},{\"@type\":\"WebPage\",\"@id\":\"https:\/\/www.italpassion.fr\/es\/competition\/f1-que-reproche-red-bull-a-ferrari-dans-sa-plainte-aupres-de-la-fia-que-risque-la-scuderia\/\",\"url\":\"https:\/\/www.italpassion.fr\/es\/competition\/f1-que-reproche-red-bull-a-ferrari-dans-sa-plainte-aupres-de-la-fia-que-risque-la-scuderia\/\",\"name\":\"F1 : que reproche Red Bull \u00e0 Ferrari dans sa plainte aupr\u00e8s de la FIA ? Que risque la Scuderia ? - ItalPassion\",\"isPartOf\":{\"@id\":\"https:\/\/www.italpassion.fr\/es\/#website\"},\"primaryImageOfPage\":{\"@id\":\"https:\/\/www.italpassion.fr\/es\/competition\/f1-que-reproche-red-bull-a-ferrari-dans-sa-plainte-aupres-de-la-fia-que-risque-la-scuderia\/#primaryimage\"},\"image\":{\"@id\":\"https:\/\/www.italpassion.fr\/es\/competition\/f1-que-reproche-red-bull-a-ferrari-dans-sa-plainte-aupres-de-la-fia-que-risque-la-scuderia\/#primaryimage\"},\"thumbnailUrl\":\"https:\/\/www.italpassion.fr\/wp-content\/uploads\/2025\/03\/sf-25-aileron.jpg\",\"datePublished\":\"2025-03-10T15:38:04+00:00\",\"dateModified\":\"2025-03-10T15:38:06+00:00\",\"description\":\"La rivalit\u00e9 en Formule 1 est toujours aussi intense, et alors que la saison 2025 approche \u00e0 grands pas, les tensions entre les \u00e9curies semble d\u00e9j\u00e0 bien\",\"breadcrumb\":{\"@id\":\"https:\/\/www.italpassion.fr\/es\/competition\/f1-que-reproche-red-bull-a-ferrari-dans-sa-plainte-aupres-de-la-fia-que-risque-la-scuderia\/#breadcrumb\"},\"inLanguage\":\"es\",\"potentialAction\":[{\"@type\":\"ReadAction\",\"target\":[\"https:\/\/www.italpassion.fr\/es\/competition\/f1-que-reproche-red-bull-a-ferrari-dans-sa-plainte-aupres-de-la-fia-que-risque-la-scuderia\/\"]}]},{\"@type\":\"ImageObject\",\"inLanguage\":\"es\",\"@id\":\"https:\/\/www.italpassion.fr\/es\/competition\/f1-que-reproche-red-bull-a-ferrari-dans-sa-plainte-aupres-de-la-fia-que-risque-la-scuderia\/#primaryimage\",\"url\":\"https:\/\/www.italpassion.fr\/wp-content\/uploads\/2025\/03\/sf-25-aileron.jpg\",\"contentUrl\":\"https:\/\/www.italpassion.fr\/wp-content\/uploads\/2025\/03\/sf-25-aileron.jpg\",\"width\":1200,\"height\":800},{\"@type\":\"BreadcrumbList\",\"@id\":\"https:\/\/www.italpassion.fr\/es\/competition\/f1-que-reproche-red-bull-a-ferrari-dans-sa-plainte-aupres-de-la-fia-que-risque-la-scuderia\/#breadcrumb\",\"itemListElement\":[{\"@type\":\"ListItem\",\"position\":1,\"name\":\"Accueil\",\"item\":\"https:\/\/www.italpassion.fr\/es\/\"},{\"@type\":\"ListItem\",\"position\":2,\"name\":\"F1 : que reproche Red Bull \u00e0 Ferrari dans sa plainte aupr\u00e8s de la FIA ? Que risque la Scuderia ?\"}]},{\"@type\":\"WebSite\",\"@id\":\"https:\/\/www.italpassion.fr\/es\/#website\",\"url\":\"https:\/\/www.italpassion.fr\/es\/\",\"name\":\"ItalPassion\",\"description\":\"Les Passionn\u00e9s d&#039;Automobiles Italiennes\",\"publisher\":{\"@id\":\"https:\/\/www.italpassion.fr\/es\/#organization\"},\"potentialAction\":[{\"@type\":\"SearchAction\",\"target\":{\"@type\":\"EntryPoint\",\"urlTemplate\":\"https:\/\/www.italpassion.fr\/es\/?s={search_term_string}\"},\"query-input\":{\"@type\":\"PropertyValueSpecification\",\"valueRequired\":true,\"valueName\":\"search_term_string\"}}],\"inLanguage\":\"es\"},{\"@type\":\"Organization\",\"@id\":\"https:\/\/www.italpassion.fr\/es\/#organization\",\"name\":\"Italpassion\",\"url\":\"https:\/\/www.italpassion.fr\/es\/\",\"logo\":{\"@type\":\"ImageObject\",\"inLanguage\":\"es\",\"@id\":\"https:\/\/www.italpassion.fr\/es\/#\/schema\/logo\/image\/\",\"url\":\"https:\/\/www.italpassion.fr\/wp-content\/uploads\/2023\/07\/italpassion-yoast.jpg\",\"contentUrl\":\"https:\/\/www.italpassion.fr\/wp-content\/uploads\/2023\/07\/italpassion-yoast.jpg\",\"width\":696,\"height\":696,\"caption\":\"Italpassion\"},\"image\":{\"@id\":\"https:\/\/www.italpassion.fr\/es\/#\/schema\/logo\/image\/\"},\"sameAs\":[\"https:\/\/www.facebook.com\/italpassion\",\"https:\/\/x.com\/italpassion\",\"https:\/\/www.instagram.com\/italpassionfr\/\",\"https:\/\/www.youtube.com\/channel\/UCleq-ByQaA42OjhopwevRjQ\",\"https:\/\/www.facebook.com\/italpassion.en\/\",\"https:\/\/www.facebook.com\/italpassion.it\/\",\"https:\/\/www.facebook.com\/italpassion.de\/\",\"https:\/\/www.facebook.com\/italpassion.ja\/\"]},{\"@type\":\"Person\",\"@id\":\"https:\/\/www.italpassion.fr\/es\/#\/schema\/person\/36f747b2a759ca202d847e85a9434ca0\",\"name\":\"Alexandre Filluzeau\",\"image\":{\"@type\":\"ImageObject\",\"inLanguage\":\"es\",\"@id\":\"https:\/\/www.italpassion.fr\/es\/#\/schema\/person\/image\/\",\"url\":\"https:\/\/www.italpassion.fr\/wp-content\/uploads\/2025\/04\/avatar-alexandre-160x160.jpg\",\"contentUrl\":\"https:\/\/www.italpassion.fr\/wp-content\/uploads\/2025\/04\/avatar-alexandre-160x160.jpg\",\"caption\":\"Alexandre Filluzeau\"},\"description\":\"Fondateur du site ItalPassion, passionn\u00e9 de voitures italiennes et de l'Italie en g\u00e9n\u00e9ral. J'apporte un regard critique et technique aux actualit\u00e9s des marques italiennes quand cela est possible. Propri\u00e9taire d'une Maserati GranTurismo, Alfa Romeo MiTo, Lancia Fulvia et Ducati 695. Ex-propri\u00e9taire d'une Alfa Romeo Giulia.\",\"sameAs\":[\"https:\/\/www.italpassion.fr\/\"],\"url\":\"https:\/\/www.italpassion.fr\/es\/author\/alexandre\/\"}]}<\/script>\n<!-- \/ Yoast SEO plugin. -->","yoast_head_json":{"title":"F1: \u00bfDe qu\u00e9 acusa Red Bull a Ferrari en su denuncia ante la FIA? \u00bfA qu\u00e9 se arriesga la Scuderia? - ItalPassion","description":"La rivalidad en la F\u00f3rmula 1 es m\u00e1s intensa que nunca y, con la temporada 2025 a la vuelta de la esquina, las tensiones entre los equipos parecen estar ya a flor de piel.","robots":{"index":"index","follow":"follow","max-snippet":"max-snippet:-1","max-image-preview":"max-image-preview:large","max-video-preview":"max-video-preview:-1"},"canonical":"https:\/\/www.italpassion.fr\/es\/concurso\/f1-de-que-acusa-red-bull-a-ferrari-en-su-denuncia-ante-la-fia-a-que-se-arriesga-la-scuderia\/","og_locale":"es_ES","og_type":"article","og_title":"F1 : que reproche Red Bull \u00e0 Ferrari dans sa plainte aupr\u00e8s de la FIA ? Que risque la Scuderia ? - ItalPassion","og_description":"La rivalit\u00e9 en Formule 1 est toujours aussi intense, et alors que la saison 2025 approche \u00e0 grands pas, les tensions entre les \u00e9curies semble d\u00e9j\u00e0 bien","og_url":"https:\/\/www.italpassion.fr\/es\/concurso\/f1-de-que-acusa-red-bull-a-ferrari-en-su-denuncia-ante-la-fia-a-que-se-arriesga-la-scuderia\/","og_site_name":"ItalPassion","article_publisher":"https:\/\/www.facebook.com\/italpassion","article_published_time":"2025-03-10T15:38:04+00:00","article_modified_time":"2025-03-10T15:38:06+00:00","og_image":[{"width":1200,"height":800,"url":"https:\/\/www.italpassion.fr\/wp-content\/uploads\/2025\/03\/sf-25-aileron.jpg","type":"image\/jpeg"}],"author":"Alexandre Filluzeau","twitter_card":"summary_large_image","twitter_creator":"@italpassion","twitter_site":"@italpassion","schema":{"@context":"https:\/\/schema.org","@graph":[{"@type":"NewsArticle","@id":"https:\/\/www.italpassion.fr\/es\/competition\/f1-que-reproche-red-bull-a-ferrari-dans-sa-plainte-aupres-de-la-fia-que-risque-la-scuderia\/#article","isPartOf":{"@id":"https:\/\/www.italpassion.fr\/es\/competition\/f1-que-reproche-red-bull-a-ferrari-dans-sa-plainte-aupres-de-la-fia-que-risque-la-scuderia\/"},"author":{"name":"Alexandre Filluzeau","@id":"https:\/\/www.italpassion.fr\/es\/#\/schema\/person\/36f747b2a759ca202d847e85a9434ca0"},"headline":"F1 : que reproche Red Bull \u00e0 Ferrari dans sa plainte aupr\u00e8s de la FIA ? Que risque la Scuderia ?","datePublished":"2025-03-10T15:38:04+00:00","dateModified":"2025-03-10T15:38:06+00:00","mainEntityOfPage":{"@id":"https:\/\/www.italpassion.fr\/es\/competition\/f1-que-reproche-red-bull-a-ferrari-dans-sa-plainte-aupres-de-la-fia-que-risque-la-scuderia\/"},"wordCount":649,"commentCount":1,"publisher":{"@id":"https:\/\/www.italpassion.fr\/es\/#organization"},"image":{"@id":"https:\/\/www.italpassion.fr\/es\/competition\/f1-que-reproche-red-bull-a-ferrari-dans-sa-plainte-aupres-de-la-fia-que-risque-la-scuderia\/#primaryimage"},"thumbnailUrl":"https:\/\/www.italpassion.fr\/wp-content\/uploads\/2025\/03\/sf-25-aileron.jpg","keywords":["Scuderia Ferrari"],"articleSection":["Formule 1","Sport Auto"],"inLanguage":"es","potentialAction":[{"@type":"CommentAction","name":"Comment","target":["https:\/\/www.italpassion.fr\/es\/competition\/f1-que-reproche-red-bull-a-ferrari-dans-sa-plainte-aupres-de-la-fia-que-risque-la-scuderia\/#respond"]}]},{"@type":"WebPage","@id":"https:\/\/www.italpassion.fr\/es\/competition\/f1-que-reproche-red-bull-a-ferrari-dans-sa-plainte-aupres-de-la-fia-que-risque-la-scuderia\/","url":"https:\/\/www.italpassion.fr\/es\/competition\/f1-que-reproche-red-bull-a-ferrari-dans-sa-plainte-aupres-de-la-fia-que-risque-la-scuderia\/","name":"F1: \u00bfDe qu\u00e9 acusa Red Bull a Ferrari en su denuncia ante la FIA? \u00bfA qu\u00e9 se arriesga la Scuderia? - ItalPassion","isPartOf":{"@id":"https:\/\/www.italpassion.fr\/es\/#website"},"primaryImageOfPage":{"@id":"https:\/\/www.italpassion.fr\/es\/competition\/f1-que-reproche-red-bull-a-ferrari-dans-sa-plainte-aupres-de-la-fia-que-risque-la-scuderia\/#primaryimage"},"image":{"@id":"https:\/\/www.italpassion.fr\/es\/competition\/f1-que-reproche-red-bull-a-ferrari-dans-sa-plainte-aupres-de-la-fia-que-risque-la-scuderia\/#primaryimage"},"thumbnailUrl":"https:\/\/www.italpassion.fr\/wp-content\/uploads\/2025\/03\/sf-25-aileron.jpg","datePublished":"2025-03-10T15:38:04+00:00","dateModified":"2025-03-10T15:38:06+00:00","description":"La rivalidad en la F\u00f3rmula 1 es m\u00e1s intensa que nunca y, con la temporada 2025 a la vuelta de la esquina, las tensiones entre los equipos parecen estar ya a flor de piel.","breadcrumb":{"@id":"https:\/\/www.italpassion.fr\/es\/competition\/f1-que-reproche-red-bull-a-ferrari-dans-sa-plainte-aupres-de-la-fia-que-risque-la-scuderia\/#breadcrumb"},"inLanguage":"es","potentialAction":[{"@type":"ReadAction","target":["https:\/\/www.italpassion.fr\/es\/competition\/f1-que-reproche-red-bull-a-ferrari-dans-sa-plainte-aupres-de-la-fia-que-risque-la-scuderia\/"]}]},{"@type":"ImageObject","inLanguage":"es","@id":"https:\/\/www.italpassion.fr\/es\/competition\/f1-que-reproche-red-bull-a-ferrari-dans-sa-plainte-aupres-de-la-fia-que-risque-la-scuderia\/#primaryimage","url":"https:\/\/www.italpassion.fr\/wp-content\/uploads\/2025\/03\/sf-25-aileron.jpg","contentUrl":"https:\/\/www.italpassion.fr\/wp-content\/uploads\/2025\/03\/sf-25-aileron.jpg","width":1200,"height":800},{"@type":"BreadcrumbList","@id":"https:\/\/www.italpassion.fr\/es\/competition\/f1-que-reproche-red-bull-a-ferrari-dans-sa-plainte-aupres-de-la-fia-que-risque-la-scuderia\/#breadcrumb","itemListElement":[{"@type":"ListItem","position":1,"name":"Accueil","item":"https:\/\/www.italpassion.fr\/es\/"},{"@type":"ListItem","position":2,"name":"F1 : que reproche Red Bull \u00e0 Ferrari dans sa plainte aupr\u00e8s de la FIA ? Que risque la Scuderia ?"}]},{"@type":"WebSite","@id":"https:\/\/www.italpassion.fr\/es\/#website","url":"https:\/\/www.italpassion.fr\/es\/","name":"ItalPassion","description":"Entusiastas de los coches italianos","publisher":{"@id":"https:\/\/www.italpassion.fr\/es\/#organization"},"potentialAction":[{"@type":"SearchAction","target":{"@type":"EntryPoint","urlTemplate":"https:\/\/www.italpassion.fr\/es\/?s={search_term_string}"},"query-input":{"@type":"PropertyValueSpecification","valueRequired":true,"valueName":"search_term_string"}}],"inLanguage":"es"},{"@type":"Organization","@id":"https:\/\/www.italpassion.fr\/es\/#organization","name":"Italpassion","url":"https:\/\/www.italpassion.fr\/es\/","logo":{"@type":"ImageObject","inLanguage":"es","@id":"https:\/\/www.italpassion.fr\/es\/#\/schema\/logo\/image\/","url":"https:\/\/www.italpassion.fr\/wp-content\/uploads\/2023\/07\/italpassion-yoast.jpg","contentUrl":"https:\/\/www.italpassion.fr\/wp-content\/uploads\/2023\/07\/italpassion-yoast.jpg","width":696,"height":696,"caption":"Italpassion"},"image":{"@id":"https:\/\/www.italpassion.fr\/es\/#\/schema\/logo\/image\/"},"sameAs":["https:\/\/www.facebook.com\/italpassion","https:\/\/x.com\/italpassion","https:\/\/www.instagram.com\/italpassionfr\/","https:\/\/www.youtube.com\/channel\/UCleq-ByQaA42OjhopwevRjQ","https:\/\/www.facebook.com\/italpassion.en\/","https:\/\/www.facebook.com\/italpassion.it\/","https:\/\/www.facebook.com\/italpassion.de\/","https:\/\/www.facebook.com\/italpassion.ja\/"]},{"@type":"Person","@id":"https:\/\/www.italpassion.fr\/es\/#\/schema\/person\/36f747b2a759ca202d847e85a9434ca0","name":"Alexandre Filluzeau","image":{"@type":"ImageObject","inLanguage":"es","@id":"https:\/\/www.italpassion.fr\/es\/#\/schema\/person\/image\/","url":"https:\/\/www.italpassion.fr\/wp-content\/uploads\/2025\/04\/avatar-alexandre-160x160.jpg","contentUrl":"https:\/\/www.italpassion.fr\/wp-content\/uploads\/2025\/04\/avatar-alexandre-160x160.jpg","caption":"Alexandre Filluzeau"},"description":"Fundador del sitio web ItalPassion, apasionado de los coches italianos y de Italia en general. Aporto una mirada cr\u00edtica y t\u00e9cnica a las noticias de las marcas italianas cuando es posible. Propietario de un Maserati GranTurismo, Alfa Romeo MiTo, Lancia Fulvia y Ducati 695. Ex-propietario de un Alfa Romeo Giulia.","sameAs":["https:\/\/www.italpassion.fr\/"],"url":"https:\/\/www.italpassion.fr\/es\/author\/alexandre\/"}]}},"_links":{"self":[{"href":"https:\/\/www.italpassion.fr\/es\/wp-json\/wp\/v2\/posts\/37123","targetHints":{"allow":["GET"]}}],"collection":[{"href":"https:\/\/www.italpassion.fr\/es\/wp-json\/wp\/v2\/posts"}],"about":[{"href":"https:\/\/www.italpassion.fr\/es\/wp-json\/wp\/v2\/types\/post"}],"author":[{"embeddable":true,"href":"https:\/\/www.italpassion.fr\/es\/wp-json\/wp\/v2\/users\/1"}],"replies":[{"embeddable":true,"href":"https:\/\/www.italpassion.fr\/es\/wp-json\/wp\/v2\/comments?post=37123"}],"version-history":[{"count":4,"href":"https:\/\/www.italpassion.fr\/es\/wp-json\/wp\/v2\/posts\/37123\/revisions"}],"predecessor-version":[{"id":37144,"href":"https:\/\/www.italpassion.fr\/es\/wp-json\/wp\/v2\/posts\/37123\/revisions\/37144"}],"wp:featuredmedia":[{"embeddable":true,"href":"https:\/\/www.italpassion.fr\/es\/wp-json\/wp\/v2\/media\/37124"}],"wp:attachment":[{"href":"https:\/\/www.italpassion.fr\/es\/wp-json\/wp\/v2\/media?parent=37123"}],"wp:term":[{"taxonomy":"category","embeddable":true,"href":"https:\/\/www.italpassion.fr\/es\/wp-json\/wp\/v2\/categories?post=37123"},{"taxonomy":"post_tag","embeddable":true,"href":"https:\/\/www.italpassion.fr\/es\/wp-json\/wp\/v2\/tags?post=37123"}],"curies":[{"name":"wp","href":"https:\/\/api.w.org\/{rel}","templated":true}]}}