{"id":36232,"date":"2025-01-27T14:28:01","date_gmt":"2025-01-27T13:28:01","guid":{"rendered":"https:\/\/www.italpassion.fr\/?p=36232"},"modified":"2025-01-27T14:28:03","modified_gmt":"2025-01-27T13:28:03","slug":"suv-maserati-grecale-se-planea-una-actualizacion-para-impulsar-las-ventas-pero-solo-para-vehiculos-electricos","status":"publish","type":"post","link":"https:\/\/www.italpassion.fr\/es\/maserati\/suv-maserati-grecale-une-mise-a-jour-est-prevue-pour-relancer-les-ventes-mais-uniquement-pour-lelectrique\/","title":{"rendered":"Maserati Grecale SUV: se planea una actualizaci\u00f3n para impulsar las ventas, pero \u00bfs\u00f3lo para el\u00e9ctricos?"},"content":{"rendered":"<figure class=\"wp-block-image size-large\"><img loading=\"lazy\" decoding=\"async\" width=\"1024\" height=\"683\" src=\"https:\/\/www.italpassion.fr\/wp-content\/uploads\/2025\/01\/Small-23595-MaseratiGrecaleDarkAurora31-fotor-20250127141356-1024x683.jpg\" alt=\"\" class=\"wp-image-36235\" srcset=\"https:\/\/www.italpassion.fr\/wp-content\/uploads\/2025\/01\/Small-23595-MaseratiGrecaleDarkAurora31-fotor-20250127141356-1024x683.jpg 1024w, https:\/\/www.italpassion.fr\/wp-content\/uploads\/2025\/01\/Small-23595-MaseratiGrecaleDarkAurora31-fotor-20250127141356-300x200.jpg 300w, https:\/\/www.italpassion.fr\/wp-content\/uploads\/2025\/01\/Small-23595-MaseratiGrecaleDarkAurora31-fotor-20250127141356-768x512.jpg 768w, https:\/\/www.italpassion.fr\/wp-content\/uploads\/2025\/01\/Small-23595-MaseratiGrecaleDarkAurora31-fotor-20250127141356-18x12.jpg 18w, https:\/\/www.italpassion.fr\/wp-content\/uploads\/2025\/01\/Small-23595-MaseratiGrecaleDarkAurora31-fotor-20250127141356-561x374.jpg 561w, https:\/\/www.italpassion.fr\/wp-content\/uploads\/2025\/01\/Small-23595-MaseratiGrecaleDarkAurora31-fotor-20250127141356-1122x748.jpg 1122w, https:\/\/www.italpassion.fr\/wp-content\/uploads\/2025\/01\/Small-23595-MaseratiGrecaleDarkAurora31-fotor-20250127141356-265x177.jpg 265w, https:\/\/www.italpassion.fr\/wp-content\/uploads\/2025\/01\/Small-23595-MaseratiGrecaleDarkAurora31-fotor-20250127141356-531x354.jpg 531w, https:\/\/www.italpassion.fr\/wp-content\/uploads\/2025\/01\/Small-23595-MaseratiGrecaleDarkAurora31-fotor-20250127141356-364x243.jpg 364w, https:\/\/www.italpassion.fr\/wp-content\/uploads\/2025\/01\/Small-23595-MaseratiGrecaleDarkAurora31-fotor-20250127141356-728x485.jpg 728w, https:\/\/www.italpassion.fr\/wp-content\/uploads\/2025\/01\/Small-23595-MaseratiGrecaleDarkAurora31-fotor-20250127141356-608x405.jpg 608w, https:\/\/www.italpassion.fr\/wp-content\/uploads\/2025\/01\/Small-23595-MaseratiGrecaleDarkAurora31-fotor-20250127141356-758x505.jpg 758w, https:\/\/www.italpassion.fr\/wp-content\/uploads\/2025\/01\/Small-23595-MaseratiGrecaleDarkAurora31-fotor-20250127141356-1152x768.jpg 1152w, https:\/\/www.italpassion.fr\/wp-content\/uploads\/2025\/01\/Small-23595-MaseratiGrecaleDarkAurora31-fotor-20250127141356.jpg 1200w\" sizes=\"auto, (max-width: 1024px) 100vw, 1024px\" \/><\/figure>\n\n\n\n<p><strong>El SUV Maserati Grecale, que se lanzar\u00e1 en 2022, se enfrenta a un importante descenso en las cifras de producci\u00f3n<\/strong>. Entre 2023 y 2024, <a href=\"https:\/\/www.italpassion.fr\/es\/maserati\/las-catastroficas-cifras-de-produccion-de-maserati-para-2024\/\">la producci\u00f3n de este todoterreno se redujo en 58%<\/a>De 17.242 a s\u00f3lo 7.250 unidades producidas en la planta de Cassino (Italia). Este descenso es especialmente llamativo si se compara con modelos rivales como el Porsche Macan, del que se vendieron casi 83.000 unidades en 2024, incluidas m\u00e1s de 18.000 versiones el\u00e9ctricas.<\/p>\n\n\n\n<h2 class=\"wp-block-heading\">Folgore Grecale: \u00bfun fracaso comercial?<\/h2>\n\n\n\n<p>El Grecale se ofreci\u00f3 inicialmente en versi\u00f3n de combusti\u00f3n, con un motor de 4 cilindros y 2.0L y un V6 de 3.0L, antes del lanzamiento del modelo el\u00e9ctrico, el <a href=\"https:\/\/www.italpassion.fr\/es\/coches\/maserati-grecale-folgore\/\">Folgore Grecale<\/a>a finales de 2023, ha sido m\u00e1s bien t\u00edmida. Por lo que sabemos, <strong>las ventas de la versi\u00f3n el\u00e9ctrica no han despegado<\/strong>Esto plantea la cuesti\u00f3n del posicionamiento de <a href=\"https:\/\/www.italpassion.fr\/es\/maserati\/\">Maserati<\/a> sobre el futuro de su todoterreno. <strong>Por ejemplo, en Alemania, de 541 Maserati matriculados en 2024, s\u00f3lo 25 eran Folgore. En el mismo periodo, en Italia, de 2.242 matriculaciones, solo 43 son Folgore.<\/strong><\/p>\n\n\n\n<p>Si nos fijamos en Porsche, el Macan, un competidor directo, parece estar haciendo una transici\u00f3n m\u00e1s exitosa a la electricidad, con una versi\u00f3n totalmente el\u00e9ctrica que representa una proporci\u00f3n m\u00e1s significativa de sus ventas. Sin embargo, Porsche parece estar considerando la posibilidad de recuperar una versi\u00f3n de combusti\u00f3n en el nuevo Macan para Europa, mientras que el antiguo modelo de combusti\u00f3n sigue estando disponible para el mercado estadounidense. La pregunta aqu\u00ed es: \u00bfdeber\u00eda Maserati seguir una estrategia similar o persistir con su exclusiva versi\u00f3n Folgore del Grecale?<\/p>\n\n\n\n<h2 class=\"wp-block-heading\">\u00bfEs la mejora Grecale s\u00f3lo para veh\u00edculos el\u00e9ctricos?<\/h2>\n\n\n\n<p><strong>Seg\u00fan nuestras informaciones, Maserati planea una actualizaci\u00f3n de mitad de carrera (MCA) para el Grecale con el fin de impulsar las ventas.<\/strong> Aunque los detalles de esta actualizaci\u00f3n siguen sin estar claros, varios cambios parecen probables. En primer lugar, podr\u00eda renovarse el frontal, ya que muchos clientes consideran que el dise\u00f1o actual es demasiado conservador, y algunos incluso le ven un parecido con el Ford Puma. Una evoluci\u00f3n del dise\u00f1o, sobre todo en la parte delantera, dar\u00eda al Grecale un car\u00e1cter m\u00e1s asertivo, como el del Levante, en l\u00ednea con la imagen de la marca Maserati.<\/p>\n\n\n\n<p><strong>En cuanto a la gama t\u00e9rmica, persisten las incertidumbres<\/strong>. Aunque Maserati ha expresado claramente su deseo de convertirse en una marca totalmente el\u00e9ctrica en el futuro, nos preguntamos si esta actualizaci\u00f3n s\u00f3lo se aplicar\u00e1 a la versi\u00f3n Folgore o si la versi\u00f3n de combusti\u00f3n seguir\u00e1 existiendo junto a la el\u00e9ctrica. \u00bfPodr\u00eda el Grecale t\u00e9rmico, con sus motores V6 de 2.0L y 3.0L, sobrevivir en la era de la transici\u00f3n energ\u00e9tica o decidir\u00e1 Maserati ofrecer \u00fanicamente el Grecale Folgore en el futuro?<\/p>\n\n\n\n<h2 class=\"wp-block-heading\">Una estrategia arriesgada<\/h2>\n\n\n\n<p><strong>A medida que Europa y China impulsan una electrificaci\u00f3n cada vez mayor, Maserati debe hacer malabarismos para contrarrestar esta presi\u00f3n manteniendo su identidad.<\/strong>. Los clientes de lujo quieren modelos con motor de combusti\u00f3n. Al mismo tiempo, Maserati sigue prepar\u00e1ndose para el futuro con modelos como el nuevo SUV Levante, previsto para 2027, y el nuevo Quattroporte para 2028. \u00bfDecidir\u00e1 Maserati centrarse \u00fanicamente en los el\u00e9ctricos con el Folgore, u optar\u00e1 por un enfoque m\u00e1s matizado manteniendo tambi\u00e9n una versi\u00f3n de combusti\u00f3n? <a href=\"https:\/\/www.italpassion.fr\/es\/alfa-romeo\/alfa-romeo-pospone-finalmente-su-transicion-a-una-gama-100-electrica\/\">La marca hermana Alfa Romeo ha confirmado el regreso de los motores de combusti\u00f3n a los futuros modelos de su gama.<\/a> y Porsche, la marca rival, tambi\u00e9n lo est\u00e1 estudiando.<\/p>","protected":false},"excerpt":{"rendered":"","protected":false},"author":1,"featured_media":36235,"comment_status":"open","ping_status":"open","sticky":false,"template":"","format":"standard","meta":{"_acf_changed":false,"_sitemap_exclude":false,"_sitemap_priority":"","_sitemap_frequency":"","footnotes":""},"categories":[27],"tags":[285],"class_list":["post-36232","post","type-post","status-publish","format-standard","has-post-thumbnail","hentry","category-maserati","tag-maserati-grecale","generate-columns","tablet-grid-50","mobile-grid-100","grid-parent","grid-33"],"acf":[],"yoast_head":"<!-- This site is optimized with the Yoast SEO plugin v25.8 - https:\/\/yoast.com\/wordpress\/plugins\/seo\/ -->\n<title>SUV Maserati Grecale : une mise \u00e0 jour est pr\u00e9vue pour relancer les ventes, mais uniquement pour l&#039;\u00e9lectrique ? - ItalPassion<\/title>\n<meta name=\"description\" content=\"Le SUV Maserati Grecale, lanc\u00e9 en 2022, fait face \u00e0 une baisse importante de ses chiffres de production. En effet, entre 2023 et 2024, la production de ce\" \/>\n<meta name=\"robots\" content=\"index, follow, max-snippet:-1, max-image-preview:large, max-video-preview:-1\" \/>\n<link rel=\"canonical\" href=\"https:\/\/www.italpassion.fr\/es\/maserati\/suv-maserati-grecale-se-planea-una-actualizacion-para-impulsar-las-ventas-pero-solo-para-vehiculos-electricos\/\" \/>\n<meta property=\"og:locale\" content=\"es_ES\" \/>\n<meta property=\"og:type\" content=\"article\" \/>\n<meta property=\"og:title\" content=\"SUV Maserati Grecale : une mise \u00e0 jour est pr\u00e9vue pour relancer les ventes, mais uniquement pour l&#039;\u00e9lectrique ? - ItalPassion\" \/>\n<meta property=\"og:description\" content=\"Le SUV Maserati Grecale, lanc\u00e9 en 2022, fait face \u00e0 une baisse importante de ses chiffres de production. En effet, entre 2023 et 2024, la production de ce\" \/>\n<meta property=\"og:url\" content=\"https:\/\/www.italpassion.fr\/es\/maserati\/suv-maserati-grecale-se-planea-una-actualizacion-para-impulsar-las-ventas-pero-solo-para-vehiculos-electricos\/\" \/>\n<meta property=\"og:site_name\" content=\"ItalPassion\" \/>\n<meta property=\"article:publisher\" content=\"https:\/\/www.facebook.com\/italpassion\" \/>\n<meta property=\"article:published_time\" content=\"2025-01-27T13:28:01+00:00\" \/>\n<meta property=\"article:modified_time\" content=\"2025-01-27T13:28:03+00:00\" \/>\n<meta property=\"og:image\" content=\"https:\/\/www.italpassion.fr\/wp-content\/uploads\/2025\/01\/Small-23595-MaseratiGrecaleDarkAurora31-fotor-20250127141356.jpg\" \/>\n\t<meta property=\"og:image:width\" content=\"1200\" \/>\n\t<meta property=\"og:image:height\" content=\"800\" \/>\n\t<meta property=\"og:image:type\" content=\"image\/jpeg\" \/>\n<meta name=\"author\" content=\"Alexandre Filluzeau\" \/>\n<meta name=\"twitter:card\" content=\"summary_large_image\" \/>\n<meta name=\"twitter:creator\" content=\"@italpassion\" \/>\n<meta name=\"twitter:site\" content=\"@italpassion\" \/>\n<script type=\"application\/ld+json\" class=\"yoast-schema-graph\">{\"@context\":\"https:\/\/schema.org\",\"@graph\":[{\"@type\":\"NewsArticle\",\"@id\":\"https:\/\/www.italpassion.fr\/es\/maserati\/suv-maserati-grecale-une-mise-a-jour-est-prevue-pour-relancer-les-ventes-mais-uniquement-pour-lelectrique\/#article\",\"isPartOf\":{\"@id\":\"https:\/\/www.italpassion.fr\/es\/maserati\/suv-maserati-grecale-une-mise-a-jour-est-prevue-pour-relancer-les-ventes-mais-uniquement-pour-lelectrique\/\"},\"author\":{\"name\":\"Alexandre Filluzeau\",\"@id\":\"https:\/\/www.italpassion.fr\/es\/#\/schema\/person\/36f747b2a759ca202d847e85a9434ca0\"},\"headline\":\"SUV Maserati Grecale : une mise \u00e0 jour est pr\u00e9vue pour relancer les ventes, mais uniquement pour l&rsquo;\u00e9lectrique ?\",\"datePublished\":\"2025-01-27T13:28:01+00:00\",\"dateModified\":\"2025-01-27T13:28:03+00:00\",\"mainEntityOfPage\":{\"@id\":\"https:\/\/www.italpassion.fr\/es\/maserati\/suv-maserati-grecale-une-mise-a-jour-est-prevue-pour-relancer-les-ventes-mais-uniquement-pour-lelectrique\/\"},\"wordCount\":598,\"commentCount\":4,\"publisher\":{\"@id\":\"https:\/\/www.italpassion.fr\/es\/#organization\"},\"image\":{\"@id\":\"https:\/\/www.italpassion.fr\/es\/maserati\/suv-maserati-grecale-une-mise-a-jour-est-prevue-pour-relancer-les-ventes-mais-uniquement-pour-lelectrique\/#primaryimage\"},\"thumbnailUrl\":\"https:\/\/www.italpassion.fr\/wp-content\/uploads\/2025\/01\/Small-23595-MaseratiGrecaleDarkAurora31-fotor-20250127141356.jpg\",\"keywords\":[\"Maserati Grecale\"],\"articleSection\":[\"Maserati\"],\"inLanguage\":\"es\",\"potentialAction\":[{\"@type\":\"CommentAction\",\"name\":\"Comment\",\"target\":[\"https:\/\/www.italpassion.fr\/es\/maserati\/suv-maserati-grecale-une-mise-a-jour-est-prevue-pour-relancer-les-ventes-mais-uniquement-pour-lelectrique\/#respond\"]}]},{\"@type\":\"WebPage\",\"@id\":\"https:\/\/www.italpassion.fr\/es\/maserati\/suv-maserati-grecale-une-mise-a-jour-est-prevue-pour-relancer-les-ventes-mais-uniquement-pour-lelectrique\/\",\"url\":\"https:\/\/www.italpassion.fr\/es\/maserati\/suv-maserati-grecale-une-mise-a-jour-est-prevue-pour-relancer-les-ventes-mais-uniquement-pour-lelectrique\/\",\"name\":\"SUV Maserati Grecale : une mise \u00e0 jour est pr\u00e9vue pour relancer les ventes, mais uniquement pour l'\u00e9lectrique ? - ItalPassion\",\"isPartOf\":{\"@id\":\"https:\/\/www.italpassion.fr\/es\/#website\"},\"primaryImageOfPage\":{\"@id\":\"https:\/\/www.italpassion.fr\/es\/maserati\/suv-maserati-grecale-une-mise-a-jour-est-prevue-pour-relancer-les-ventes-mais-uniquement-pour-lelectrique\/#primaryimage\"},\"image\":{\"@id\":\"https:\/\/www.italpassion.fr\/es\/maserati\/suv-maserati-grecale-une-mise-a-jour-est-prevue-pour-relancer-les-ventes-mais-uniquement-pour-lelectrique\/#primaryimage\"},\"thumbnailUrl\":\"https:\/\/www.italpassion.fr\/wp-content\/uploads\/2025\/01\/Small-23595-MaseratiGrecaleDarkAurora31-fotor-20250127141356.jpg\",\"datePublished\":\"2025-01-27T13:28:01+00:00\",\"dateModified\":\"2025-01-27T13:28:03+00:00\",\"description\":\"Le SUV Maserati Grecale, lanc\u00e9 en 2022, fait face \u00e0 une baisse importante de ses chiffres de production. En effet, entre 2023 et 2024, la production de ce\",\"breadcrumb\":{\"@id\":\"https:\/\/www.italpassion.fr\/es\/maserati\/suv-maserati-grecale-une-mise-a-jour-est-prevue-pour-relancer-les-ventes-mais-uniquement-pour-lelectrique\/#breadcrumb\"},\"inLanguage\":\"es\",\"potentialAction\":[{\"@type\":\"ReadAction\",\"target\":[\"https:\/\/www.italpassion.fr\/es\/maserati\/suv-maserati-grecale-une-mise-a-jour-est-prevue-pour-relancer-les-ventes-mais-uniquement-pour-lelectrique\/\"]}]},{\"@type\":\"ImageObject\",\"inLanguage\":\"es\",\"@id\":\"https:\/\/www.italpassion.fr\/es\/maserati\/suv-maserati-grecale-une-mise-a-jour-est-prevue-pour-relancer-les-ventes-mais-uniquement-pour-lelectrique\/#primaryimage\",\"url\":\"https:\/\/www.italpassion.fr\/wp-content\/uploads\/2025\/01\/Small-23595-MaseratiGrecaleDarkAurora31-fotor-20250127141356.jpg\",\"contentUrl\":\"https:\/\/www.italpassion.fr\/wp-content\/uploads\/2025\/01\/Small-23595-MaseratiGrecaleDarkAurora31-fotor-20250127141356.jpg\",\"width\":1200,\"height\":800},{\"@type\":\"BreadcrumbList\",\"@id\":\"https:\/\/www.italpassion.fr\/es\/maserati\/suv-maserati-grecale-une-mise-a-jour-est-prevue-pour-relancer-les-ventes-mais-uniquement-pour-lelectrique\/#breadcrumb\",\"itemListElement\":[{\"@type\":\"ListItem\",\"position\":1,\"name\":\"Accueil\",\"item\":\"https:\/\/www.italpassion.fr\/es\/\"},{\"@type\":\"ListItem\",\"position\":2,\"name\":\"SUV Maserati Grecale : une mise \u00e0 jour est pr\u00e9vue pour relancer les ventes, mais uniquement pour l&rsquo;\u00e9lectrique ?\"}]},{\"@type\":\"WebSite\",\"@id\":\"https:\/\/www.italpassion.fr\/es\/#website\",\"url\":\"https:\/\/www.italpassion.fr\/es\/\",\"name\":\"ItalPassion\",\"description\":\"Les Passionn\u00e9s d&#039;Automobiles Italiennes\",\"publisher\":{\"@id\":\"https:\/\/www.italpassion.fr\/es\/#organization\"},\"potentialAction\":[{\"@type\":\"SearchAction\",\"target\":{\"@type\":\"EntryPoint\",\"urlTemplate\":\"https:\/\/www.italpassion.fr\/es\/?s={search_term_string}\"},\"query-input\":{\"@type\":\"PropertyValueSpecification\",\"valueRequired\":true,\"valueName\":\"search_term_string\"}}],\"inLanguage\":\"es\"},{\"@type\":\"Organization\",\"@id\":\"https:\/\/www.italpassion.fr\/es\/#organization\",\"name\":\"Italpassion\",\"url\":\"https:\/\/www.italpassion.fr\/es\/\",\"logo\":{\"@type\":\"ImageObject\",\"inLanguage\":\"es\",\"@id\":\"https:\/\/www.italpassion.fr\/es\/#\/schema\/logo\/image\/\",\"url\":\"https:\/\/www.italpassion.fr\/wp-content\/uploads\/2023\/07\/italpassion-yoast.jpg\",\"contentUrl\":\"https:\/\/www.italpassion.fr\/wp-content\/uploads\/2023\/07\/italpassion-yoast.jpg\",\"width\":696,\"height\":696,\"caption\":\"Italpassion\"},\"image\":{\"@id\":\"https:\/\/www.italpassion.fr\/es\/#\/schema\/logo\/image\/\"},\"sameAs\":[\"https:\/\/www.facebook.com\/italpassion\",\"https:\/\/x.com\/italpassion\",\"https:\/\/www.instagram.com\/italpassionfr\/\",\"https:\/\/www.youtube.com\/channel\/UCleq-ByQaA42OjhopwevRjQ\",\"https:\/\/www.facebook.com\/italpassion.en\/\",\"https:\/\/www.facebook.com\/italpassion.it\/\",\"https:\/\/www.facebook.com\/italpassion.de\/\",\"https:\/\/www.facebook.com\/italpassion.ja\/\"]},{\"@type\":\"Person\",\"@id\":\"https:\/\/www.italpassion.fr\/es\/#\/schema\/person\/36f747b2a759ca202d847e85a9434ca0\",\"name\":\"Alexandre Filluzeau\",\"image\":{\"@type\":\"ImageObject\",\"inLanguage\":\"es\",\"@id\":\"https:\/\/www.italpassion.fr\/es\/#\/schema\/person\/image\/\",\"url\":\"https:\/\/www.italpassion.fr\/wp-content\/uploads\/2025\/04\/avatar-alexandre-160x160.jpg\",\"contentUrl\":\"https:\/\/www.italpassion.fr\/wp-content\/uploads\/2025\/04\/avatar-alexandre-160x160.jpg\",\"caption\":\"Alexandre Filluzeau\"},\"description\":\"Fondateur du site ItalPassion, passionn\u00e9 de voitures italiennes et de l'Italie en g\u00e9n\u00e9ral. J'apporte un regard critique et technique aux actualit\u00e9s des marques italiennes quand cela est possible. Propri\u00e9taire d'une Maserati GranTurismo, Alfa Romeo MiTo, Lancia Fulvia et Ducati 695. Ex-propri\u00e9taire d'une Alfa Romeo Giulia.\",\"sameAs\":[\"https:\/\/www.italpassion.fr\/\"],\"url\":\"https:\/\/www.italpassion.fr\/es\/author\/alexandre\/\"}]}<\/script>\n<!-- \/ Yoast SEO plugin. -->","yoast_head_json":{"title":"Maserati Grecale SUV: se planea una actualizaci\u00f3n para impulsar las ventas, pero \u00bfs\u00f3lo con energ\u00eda el\u00e9ctrica? - ItalPassion","description":"El SUV Maserati Grecale, cuyo lanzamiento estaba previsto para 2022, se enfrenta a un importante descenso en sus cifras de producci\u00f3n. De hecho, entre 2023 y 2024, la producci\u00f3n de este","robots":{"index":"index","follow":"follow","max-snippet":"max-snippet:-1","max-image-preview":"max-image-preview:large","max-video-preview":"max-video-preview:-1"},"canonical":"https:\/\/www.italpassion.fr\/es\/maserati\/suv-maserati-grecale-se-planea-una-actualizacion-para-impulsar-las-ventas-pero-solo-para-vehiculos-electricos\/","og_locale":"es_ES","og_type":"article","og_title":"SUV Maserati Grecale : une mise \u00e0 jour est pr\u00e9vue pour relancer les ventes, mais uniquement pour l'\u00e9lectrique ? - ItalPassion","og_description":"Le SUV Maserati Grecale, lanc\u00e9 en 2022, fait face \u00e0 une baisse importante de ses chiffres de production. En effet, entre 2023 et 2024, la production de ce","og_url":"https:\/\/www.italpassion.fr\/es\/maserati\/suv-maserati-grecale-se-planea-una-actualizacion-para-impulsar-las-ventas-pero-solo-para-vehiculos-electricos\/","og_site_name":"ItalPassion","article_publisher":"https:\/\/www.facebook.com\/italpassion","article_published_time":"2025-01-27T13:28:01+00:00","article_modified_time":"2025-01-27T13:28:03+00:00","og_image":[{"width":1200,"height":800,"url":"https:\/\/www.italpassion.fr\/wp-content\/uploads\/2025\/01\/Small-23595-MaseratiGrecaleDarkAurora31-fotor-20250127141356.jpg","type":"image\/jpeg"}],"author":"Alexandre Filluzeau","twitter_card":"summary_large_image","twitter_creator":"@italpassion","twitter_site":"@italpassion","schema":{"@context":"https:\/\/schema.org","@graph":[{"@type":"NewsArticle","@id":"https:\/\/www.italpassion.fr\/es\/maserati\/suv-maserati-grecale-une-mise-a-jour-est-prevue-pour-relancer-les-ventes-mais-uniquement-pour-lelectrique\/#article","isPartOf":{"@id":"https:\/\/www.italpassion.fr\/es\/maserati\/suv-maserati-grecale-une-mise-a-jour-est-prevue-pour-relancer-les-ventes-mais-uniquement-pour-lelectrique\/"},"author":{"name":"Alexandre Filluzeau","@id":"https:\/\/www.italpassion.fr\/es\/#\/schema\/person\/36f747b2a759ca202d847e85a9434ca0"},"headline":"SUV Maserati Grecale : une mise \u00e0 jour est pr\u00e9vue pour relancer les ventes, mais uniquement pour l&rsquo;\u00e9lectrique ?","datePublished":"2025-01-27T13:28:01+00:00","dateModified":"2025-01-27T13:28:03+00:00","mainEntityOfPage":{"@id":"https:\/\/www.italpassion.fr\/es\/maserati\/suv-maserati-grecale-une-mise-a-jour-est-prevue-pour-relancer-les-ventes-mais-uniquement-pour-lelectrique\/"},"wordCount":598,"commentCount":4,"publisher":{"@id":"https:\/\/www.italpassion.fr\/es\/#organization"},"image":{"@id":"https:\/\/www.italpassion.fr\/es\/maserati\/suv-maserati-grecale-une-mise-a-jour-est-prevue-pour-relancer-les-ventes-mais-uniquement-pour-lelectrique\/#primaryimage"},"thumbnailUrl":"https:\/\/www.italpassion.fr\/wp-content\/uploads\/2025\/01\/Small-23595-MaseratiGrecaleDarkAurora31-fotor-20250127141356.jpg","keywords":["Maserati Grecale"],"articleSection":["Maserati"],"inLanguage":"es","potentialAction":[{"@type":"CommentAction","name":"Comment","target":["https:\/\/www.italpassion.fr\/es\/maserati\/suv-maserati-grecale-une-mise-a-jour-est-prevue-pour-relancer-les-ventes-mais-uniquement-pour-lelectrique\/#respond"]}]},{"@type":"WebPage","@id":"https:\/\/www.italpassion.fr\/es\/maserati\/suv-maserati-grecale-une-mise-a-jour-est-prevue-pour-relancer-les-ventes-mais-uniquement-pour-lelectrique\/","url":"https:\/\/www.italpassion.fr\/es\/maserati\/suv-maserati-grecale-une-mise-a-jour-est-prevue-pour-relancer-les-ventes-mais-uniquement-pour-lelectrique\/","name":"Maserati Grecale SUV: se planea una actualizaci\u00f3n para impulsar las ventas, pero \u00bfs\u00f3lo con energ\u00eda el\u00e9ctrica? - ItalPassion","isPartOf":{"@id":"https:\/\/www.italpassion.fr\/es\/#website"},"primaryImageOfPage":{"@id":"https:\/\/www.italpassion.fr\/es\/maserati\/suv-maserati-grecale-une-mise-a-jour-est-prevue-pour-relancer-les-ventes-mais-uniquement-pour-lelectrique\/#primaryimage"},"image":{"@id":"https:\/\/www.italpassion.fr\/es\/maserati\/suv-maserati-grecale-une-mise-a-jour-est-prevue-pour-relancer-les-ventes-mais-uniquement-pour-lelectrique\/#primaryimage"},"thumbnailUrl":"https:\/\/www.italpassion.fr\/wp-content\/uploads\/2025\/01\/Small-23595-MaseratiGrecaleDarkAurora31-fotor-20250127141356.jpg","datePublished":"2025-01-27T13:28:01+00:00","dateModified":"2025-01-27T13:28:03+00:00","description":"El SUV Maserati Grecale, cuyo lanzamiento estaba previsto para 2022, se enfrenta a un importante descenso en sus cifras de producci\u00f3n. De hecho, entre 2023 y 2024, la producci\u00f3n de este","breadcrumb":{"@id":"https:\/\/www.italpassion.fr\/es\/maserati\/suv-maserati-grecale-une-mise-a-jour-est-prevue-pour-relancer-les-ventes-mais-uniquement-pour-lelectrique\/#breadcrumb"},"inLanguage":"es","potentialAction":[{"@type":"ReadAction","target":["https:\/\/www.italpassion.fr\/es\/maserati\/suv-maserati-grecale-une-mise-a-jour-est-prevue-pour-relancer-les-ventes-mais-uniquement-pour-lelectrique\/"]}]},{"@type":"ImageObject","inLanguage":"es","@id":"https:\/\/www.italpassion.fr\/es\/maserati\/suv-maserati-grecale-une-mise-a-jour-est-prevue-pour-relancer-les-ventes-mais-uniquement-pour-lelectrique\/#primaryimage","url":"https:\/\/www.italpassion.fr\/wp-content\/uploads\/2025\/01\/Small-23595-MaseratiGrecaleDarkAurora31-fotor-20250127141356.jpg","contentUrl":"https:\/\/www.italpassion.fr\/wp-content\/uploads\/2025\/01\/Small-23595-MaseratiGrecaleDarkAurora31-fotor-20250127141356.jpg","width":1200,"height":800},{"@type":"BreadcrumbList","@id":"https:\/\/www.italpassion.fr\/es\/maserati\/suv-maserati-grecale-une-mise-a-jour-est-prevue-pour-relancer-les-ventes-mais-uniquement-pour-lelectrique\/#breadcrumb","itemListElement":[{"@type":"ListItem","position":1,"name":"Accueil","item":"https:\/\/www.italpassion.fr\/es\/"},{"@type":"ListItem","position":2,"name":"SUV Maserati Grecale : une mise \u00e0 jour est pr\u00e9vue pour relancer les ventes, mais uniquement pour l&rsquo;\u00e9lectrique ?"}]},{"@type":"WebSite","@id":"https:\/\/www.italpassion.fr\/es\/#website","url":"https:\/\/www.italpassion.fr\/es\/","name":"ItalPassion","description":"Entusiastas de los coches italianos","publisher":{"@id":"https:\/\/www.italpassion.fr\/es\/#organization"},"potentialAction":[{"@type":"SearchAction","target":{"@type":"EntryPoint","urlTemplate":"https:\/\/www.italpassion.fr\/es\/?s={search_term_string}"},"query-input":{"@type":"PropertyValueSpecification","valueRequired":true,"valueName":"search_term_string"}}],"inLanguage":"es"},{"@type":"Organization","@id":"https:\/\/www.italpassion.fr\/es\/#organization","name":"Italpassion","url":"https:\/\/www.italpassion.fr\/es\/","logo":{"@type":"ImageObject","inLanguage":"es","@id":"https:\/\/www.italpassion.fr\/es\/#\/schema\/logo\/image\/","url":"https:\/\/www.italpassion.fr\/wp-content\/uploads\/2023\/07\/italpassion-yoast.jpg","contentUrl":"https:\/\/www.italpassion.fr\/wp-content\/uploads\/2023\/07\/italpassion-yoast.jpg","width":696,"height":696,"caption":"Italpassion"},"image":{"@id":"https:\/\/www.italpassion.fr\/es\/#\/schema\/logo\/image\/"},"sameAs":["https:\/\/www.facebook.com\/italpassion","https:\/\/x.com\/italpassion","https:\/\/www.instagram.com\/italpassionfr\/","https:\/\/www.youtube.com\/channel\/UCleq-ByQaA42OjhopwevRjQ","https:\/\/www.facebook.com\/italpassion.en\/","https:\/\/www.facebook.com\/italpassion.it\/","https:\/\/www.facebook.com\/italpassion.de\/","https:\/\/www.facebook.com\/italpassion.ja\/"]},{"@type":"Person","@id":"https:\/\/www.italpassion.fr\/es\/#\/schema\/person\/36f747b2a759ca202d847e85a9434ca0","name":"Alexandre Filluzeau","image":{"@type":"ImageObject","inLanguage":"es","@id":"https:\/\/www.italpassion.fr\/es\/#\/schema\/person\/image\/","url":"https:\/\/www.italpassion.fr\/wp-content\/uploads\/2025\/04\/avatar-alexandre-160x160.jpg","contentUrl":"https:\/\/www.italpassion.fr\/wp-content\/uploads\/2025\/04\/avatar-alexandre-160x160.jpg","caption":"Alexandre Filluzeau"},"description":"Fundador del sitio web ItalPassion, apasionado de los coches italianos y de Italia en general. Aporto una mirada cr\u00edtica y t\u00e9cnica a las noticias de las marcas italianas cuando es posible. Propietario de un Maserati GranTurismo, Alfa Romeo MiTo, Lancia Fulvia y Ducati 695. Ex-propietario de un Alfa Romeo Giulia.","sameAs":["https:\/\/www.italpassion.fr\/"],"url":"https:\/\/www.italpassion.fr\/es\/author\/alexandre\/"}]}},"_links":{"self":[{"href":"https:\/\/www.italpassion.fr\/es\/wp-json\/wp\/v2\/posts\/36232","targetHints":{"allow":["GET"]}}],"collection":[{"href":"https:\/\/www.italpassion.fr\/es\/wp-json\/wp\/v2\/posts"}],"about":[{"href":"https:\/\/www.italpassion.fr\/es\/wp-json\/wp\/v2\/types\/post"}],"author":[{"embeddable":true,"href":"https:\/\/www.italpassion.fr\/es\/wp-json\/wp\/v2\/users\/1"}],"replies":[{"embeddable":true,"href":"https:\/\/www.italpassion.fr\/es\/wp-json\/wp\/v2\/comments?post=36232"}],"version-history":[{"count":4,"href":"https:\/\/www.italpassion.fr\/es\/wp-json\/wp\/v2\/posts\/36232\/revisions"}],"predecessor-version":[{"id":36237,"href":"https:\/\/www.italpassion.fr\/es\/wp-json\/wp\/v2\/posts\/36232\/revisions\/36237"}],"wp:featuredmedia":[{"embeddable":true,"href":"https:\/\/www.italpassion.fr\/es\/wp-json\/wp\/v2\/media\/36235"}],"wp:attachment":[{"href":"https:\/\/www.italpassion.fr\/es\/wp-json\/wp\/v2\/media?parent=36232"}],"wp:term":[{"taxonomy":"category","embeddable":true,"href":"https:\/\/www.italpassion.fr\/es\/wp-json\/wp\/v2\/categories?post=36232"},{"taxonomy":"post_tag","embeddable":true,"href":"https:\/\/www.italpassion.fr\/es\/wp-json\/wp\/v2\/tags?post=36232"}],"curies":[{"name":"wp","href":"https:\/\/api.w.org\/{rel}","templated":true}]}}