{"id":35226,"date":"2024-11-26T20:38:56","date_gmt":"2024-11-26T19:38:56","guid":{"rendered":"https:\/\/www.italpassion.fr\/?p=35226"},"modified":"2024-11-26T20:38:57","modified_gmt":"2024-11-26T19:38:57","slug":"maserati-griega-folgore-2025-rebaja-el-precio-del-suv-electrico-excepto-en-un-pais","status":"publish","type":"post","link":"https:\/\/www.italpassion.fr\/es\/maserati\/maserati-grecale-folgore-2025-baisse-de-prix-pour-le-suv-electrique-sauf-dans-un-pays\/","title":{"rendered":"Maserati Grecale Folgore 2025: rebaja del precio del SUV el\u00e9ctrico, \u00a1excepto en un pa\u00eds!"},"content":{"rendered":"<figure class=\"wp-block-image size-large\"><img loading=\"lazy\" decoding=\"async\" width=\"1024\" height=\"683\" src=\"https:\/\/www.italpassion.fr\/wp-content\/uploads\/2024\/11\/maserati-grecale-2025-1024x683.jpg\" alt=\"\" class=\"wp-image-35228\" srcset=\"https:\/\/www.italpassion.fr\/wp-content\/uploads\/2024\/11\/maserati-grecale-2025-1024x683.jpg 1024w, https:\/\/www.italpassion.fr\/wp-content\/uploads\/2024\/11\/maserati-grecale-2025-300x200.jpg 300w, https:\/\/www.italpassion.fr\/wp-content\/uploads\/2024\/11\/maserati-grecale-2025-768x512.jpg 768w, https:\/\/www.italpassion.fr\/wp-content\/uploads\/2024\/11\/maserati-grecale-2025-18x12.jpg 18w, https:\/\/www.italpassion.fr\/wp-content\/uploads\/2024\/11\/maserati-grecale-2025-561x374.jpg 561w, https:\/\/www.italpassion.fr\/wp-content\/uploads\/2024\/11\/maserati-grecale-2025-1122x748.jpg 1122w, https:\/\/www.italpassion.fr\/wp-content\/uploads\/2024\/11\/maserati-grecale-2025-265x177.jpg 265w, https:\/\/www.italpassion.fr\/wp-content\/uploads\/2024\/11\/maserati-grecale-2025-531x354.jpg 531w, https:\/\/www.italpassion.fr\/wp-content\/uploads\/2024\/11\/maserati-grecale-2025-364x243.jpg 364w, https:\/\/www.italpassion.fr\/wp-content\/uploads\/2024\/11\/maserati-grecale-2025-728x485.jpg 728w, https:\/\/www.italpassion.fr\/wp-content\/uploads\/2024\/11\/maserati-grecale-2025-608x405.jpg 608w, https:\/\/www.italpassion.fr\/wp-content\/uploads\/2024\/11\/maserati-grecale-2025-758x505.jpg 758w, https:\/\/www.italpassion.fr\/wp-content\/uploads\/2024\/11\/maserati-grecale-2025-1152x768.jpg 1152w, https:\/\/www.italpassion.fr\/wp-content\/uploads\/2024\/11\/maserati-grecale-2025.jpg 1200w\" sizes=\"auto, (max-width: 1024px) 100vw, 1024px\" \/><\/figure>\n\n\n\n<p><a href=\"https:\/\/www.italpassion.fr\/es\/maserati\/\">Maserati<\/a> est\u00e1 ajustando su estrategia para su primer SUV el\u00e9ctrico, el <strong>Folgore Grecale<\/strong>, <strong>con importantes recortes de precios para el modelo 2025 en varios pa\u00edses.<\/strong> Se esperaba que esta decisi\u00f3n reposicionara el Folgore frente a la feroz competencia y atrajera a m\u00e1s clientes en mercados clave. Sin embargo, Alemania, basti\u00f3n europeo del autom\u00f3vil, parece ser la excepci\u00f3n en esta estrategia de precios.<\/p>\n\n\n\n<h3 class=\"wp-block-heading\">Una reducci\u00f3n de precios bienvenida para 2025<\/h3>\n\n\n\n<p>Presentado en la primavera de 2022, el <a href=\"https:\/\/www.italpassion.fr\/es\/etiqueta\/maserati-grecale\/\">Maserati Grecale<\/a> Folgore dio mucho que hablar, sobre todo por su <a href=\"https:\/\/www.italpassion.fr\/es\/maserati\/ya-se-pueden-hacer-pedidos-del-primer-suv-electrico-de-maserati-este-es-el-precio\/\">su elevado precio de lanzamiento.<\/a> Un posicionamiento que la situaba en una posici\u00f3n fuerte <a href=\"https:\/\/www.italpassion.fr\/es\/maserati\/como-se-comporta-el-maserati-folgore-suv-frente-a-la-competencia-electrica\/\">por encima de sus rivales directos como el BMW iX o el Audi SQ8 Sportback e-tron.<\/a>. Con la versi\u00f3n 2025, <strong>Maserati adopta <a href=\"https:\/\/www.italpassion.fr\/es\/maserati\/maserati-dispuesta-a-bajar-el-precio-de-sus-coches-para-volver-a-la-carrera\/\">un nuevo enfoque para reducir los precios<\/a><\/strong> en varios pa\u00edses:<\/p>\n\n\n\n<ul class=\"wp-block-list\">\n<li>En <strong>Francia<\/strong>el precio va de <strong>125 850 \u20ac<\/strong> \u00e0 <strong>111 350 \u20ac<\/strong>una reducci\u00f3n de unos 14.500 euros.<\/li>\n\n\n\n<li>En <strong>Italia<\/strong>las tarifas tambi\u00e9n caen <strong>127 100 \u20ac<\/strong> \u00e0 <strong>113 600 \u20ac<\/strong>.<\/li>\n\n\n\n<li>Visite <strong>Reino Unido<\/strong>el Folgore Grecale va de <strong>\u00a3109,905<\/strong> \u00e0 <strong>\u00a399,000<\/strong>.<\/li>\n<\/ul>\n\n\n\n<figure class=\"wp-block-table\"><table class=\"has-fixed-layout\"><thead><tr><th><\/th><th>2024<\/th><th>2025<\/th><\/tr><\/thead><tbody><tr><td>Francia<\/td><td>125 850 \u20ac<\/td><td>111 350 \u20ac<\/td><\/tr><tr><td>Italia<\/td><td>127 100 \u20ac<\/td><td>113 600 \u20ac<\/td><\/tr><tr><td>Alemania<\/td><td>124 301 \u20ac<\/td><td>124 302 \u20ac<\/td><\/tr><tr><td>Estados Unidos<\/td><td>no disponible<\/td><td>$109,000<\/td><\/tr><tr><td>Jap\u00f3n<\/td><td>no disponible<\/td><td>no disponible<\/td><\/tr><tr><td>Reino Unido<\/td><td>\u00a3109,905<\/td><td>\u00a399,000<\/td><\/tr><\/tbody><\/table><\/figure>\n\n\n\n<p>Estas reducciones permiten al Folgore volver a un nivel m\u00e1s competitivo en comparaci\u00f3n con rivales como el BMW iX o el Mercedes-AMG EQE 43. En comparaci\u00f3n, sin embargo, el <strong>Porsche Macan 4 El\u00e9ctrico<\/strong> sigue siendo la opci\u00f3n m\u00e1s asequible, con un precio de entrada de 2,5 euros. <strong>86 439 \u20ac<\/strong>mientras que el <strong>Macan Turbo<\/strong>est\u00e1 disponible en <strong>118 910 \u20ac<\/strong>un precio competitivo en comparaci\u00f3n con Folgore.<\/p>\n\n\n\n<figure class=\"wp-block-table\"><table><thead><tr><th><\/th><th>Maserati Grecale Folgore<\/th><th>Porsche Macan 4 El\u00e9ctrico<\/th><th>Porsche Macan Turbo El\u00e9ctrico<\/th><\/tr><\/thead><tbody><tr><td>Precios (Francia)<\/td><td>111 350 \u20ac<\/td><td>86 439 \u20ac<\/td><td>118 910 \u20ac<\/td><\/tr><tr><td>Potencia<\/td><td>410 kW<\/td><td>300 kW<\/td><td>470 kW<\/td><\/tr><tr><td>Pareja<\/td><td>820 Nm<\/td><td>650 Nm<\/td><td>1130 Nm<\/td><\/tr><tr><td>Vmax<\/td><td>220 km\/h<\/td><td>220 km\/h<\/td><td>260 km\/h<\/td><\/tr><tr><td>De 0 a 100 km\/h<\/td><td>4,1 segundos<\/td><td>5,2 segundos<\/td><td>3,3 segundos<\/td><\/tr><tr><td>Autonom\u00eda<\/td><td>500 km<\/td><td>591 km<\/td><td>613 km<\/td><\/tr><tr><td>Consumo<\/td><td>24 kwh<\/td><td>21 kwh<\/td><td>21 kwh<\/td><\/tr><tr><td>Bater\u00eda<\/td><td>105 kwh<\/td><td>100 kWh<\/td><td>100 kWh<\/td><\/tr><tr><td>Proveedor de c\u00e9lulas<\/td><td>CATL<\/td><td>Draxlmaier<\/td><td>Draxlmaier<\/td><\/tr><tr><td>Arquitectura<\/td><td>400V<\/td><td>800V<\/td><td>800V<\/td><\/tr><tr><td>Carga de potencia<\/td><td>150 kW<\/td><td>270 kW<\/td><td>270 kW<\/td><\/tr><tr><td>Peso de la bater\u00eda<\/td><td>676 kg<\/td><td>NC<\/td><td>NC<\/td><\/tr><tr><td>Longitud<\/td><td>4,86m<\/td><td>4,78 m<\/td><td>4,78 m<\/td><\/tr><tr><td>Peso total<\/td><td>2480 kg<\/td><td>NC<\/td><td>NC<\/td><\/tr><\/tbody><\/table><\/figure>\n\n\n\n<h2 class=\"wp-block-heading\">La excepci\u00f3n alemana<\/h2>\n\n\n\n<p>A diferencia de otros mercados, el precio del Folgore Grecale sigue siendo <strong>sin cambios en Alemania<\/strong>, \u00e0 <strong>124 301 \u20ac<\/strong>. Este statu quo es intrigante, sobre todo porque Alemania es un mercado crucial para los veh\u00edculos el\u00e9ctricos.<strong> Este es el pa\u00eds donde el modelo es m\u00e1s caro<\/strong>Y ello a pesar de tener el tipo de IVA m\u00e1s bajo (19 % frente a 20 % en Francia y 21 % en Italia).<\/p>\n\n\n\n<p>Queda por ver si, con esta rebaja de precio, el Maserati Grecale Folgore 2025 se reposicionar\u00e1 como un actor serio en el mercado de los SUV el\u00e9ctricos premium\/lujo. <\/p>\n\n\n\n<figure class=\"wp-block-image size-large\"><img loading=\"lazy\" decoding=\"async\" width=\"1024\" height=\"683\" src=\"https:\/\/www.italpassion.fr\/wp-content\/uploads\/2024\/11\/maserati-grecale-folgore-2025-2-1024x683.jpg\" alt=\"\" class=\"wp-image-35229\" srcset=\"https:\/\/www.italpassion.fr\/wp-content\/uploads\/2024\/11\/maserati-grecale-folgore-2025-2-1024x683.jpg 1024w, https:\/\/www.italpassion.fr\/wp-content\/uploads\/2024\/11\/maserati-grecale-folgore-2025-2-300x200.jpg 300w, https:\/\/www.italpassion.fr\/wp-content\/uploads\/2024\/11\/maserati-grecale-folgore-2025-2-768x512.jpg 768w, https:\/\/www.italpassion.fr\/wp-content\/uploads\/2024\/11\/maserati-grecale-folgore-2025-2-18x12.jpg 18w, https:\/\/www.italpassion.fr\/wp-content\/uploads\/2024\/11\/maserati-grecale-folgore-2025-2-561x374.jpg 561w, https:\/\/www.italpassion.fr\/wp-content\/uploads\/2024\/11\/maserati-grecale-folgore-2025-2-1122x748.jpg 1122w, https:\/\/www.italpassion.fr\/wp-content\/uploads\/2024\/11\/maserati-grecale-folgore-2025-2-265x177.jpg 265w, https:\/\/www.italpassion.fr\/wp-content\/uploads\/2024\/11\/maserati-grecale-folgore-2025-2-531x354.jpg 531w, https:\/\/www.italpassion.fr\/wp-content\/uploads\/2024\/11\/maserati-grecale-folgore-2025-2-364x243.jpg 364w, https:\/\/www.italpassion.fr\/wp-content\/uploads\/2024\/11\/maserati-grecale-folgore-2025-2-728x485.jpg 728w, https:\/\/www.italpassion.fr\/wp-content\/uploads\/2024\/11\/maserati-grecale-folgore-2025-2-608x405.jpg 608w, https:\/\/www.italpassion.fr\/wp-content\/uploads\/2024\/11\/maserati-grecale-folgore-2025-2-758x505.jpg 758w, https:\/\/www.italpassion.fr\/wp-content\/uploads\/2024\/11\/maserati-grecale-folgore-2025-2-1152x768.jpg 1152w, https:\/\/www.italpassion.fr\/wp-content\/uploads\/2024\/11\/maserati-grecale-folgore-2025-2.jpg 1200w\" sizes=\"auto, (max-width: 1024px) 100vw, 1024px\" \/><\/figure>","protected":false},"excerpt":{"rendered":"","protected":false},"author":1,"featured_media":35228,"comment_status":"open","ping_status":"open","sticky":false,"template":"","format":"standard","meta":{"_acf_changed":false,"_sitemap_exclude":false,"_sitemap_priority":"","_sitemap_frequency":"","footnotes":""},"categories":[27],"tags":[285],"class_list":["post-35226","post","type-post","status-publish","format-standard","has-post-thumbnail","hentry","category-maserati","tag-maserati-grecale","generate-columns","tablet-grid-50","mobile-grid-100","grid-parent","grid-33"],"acf":[],"yoast_head":"<!-- This site is optimized with the Yoast SEO plugin v25.8 - https:\/\/yoast.com\/wordpress\/plugins\/seo\/ -->\n<title>Maserati Grecale Folgore 2025 : baisse de prix pour le SUV \u00e9lectrique, sauf dans un pays ! - ItalPassion<\/title>\n<meta name=\"description\" content=\"Maserati ajuste sa strat\u00e9gie pour son premier SUV \u00e9lectrique, le Grecale Folgore, avec une baisse significative des prix pour le mod\u00e8le 2025 dans\" \/>\n<meta name=\"robots\" content=\"index, follow, max-snippet:-1, max-image-preview:large, max-video-preview:-1\" \/>\n<link rel=\"canonical\" href=\"https:\/\/www.italpassion.fr\/es\/maserati\/maserati-griega-folgore-2025-rebaja-el-precio-del-suv-electrico-excepto-en-un-pais\/\" \/>\n<meta property=\"og:locale\" content=\"es_ES\" \/>\n<meta property=\"og:type\" content=\"article\" \/>\n<meta property=\"og:title\" content=\"Maserati Grecale Folgore 2025 : baisse de prix pour le SUV \u00e9lectrique, sauf dans un pays ! - ItalPassion\" \/>\n<meta property=\"og:description\" content=\"Maserati ajuste sa strat\u00e9gie pour son premier SUV \u00e9lectrique, le Grecale Folgore, avec une baisse significative des prix pour le mod\u00e8le 2025 dans\" \/>\n<meta property=\"og:url\" content=\"https:\/\/www.italpassion.fr\/es\/maserati\/maserati-griega-folgore-2025-rebaja-el-precio-del-suv-electrico-excepto-en-un-pais\/\" \/>\n<meta property=\"og:site_name\" content=\"ItalPassion\" \/>\n<meta property=\"article:publisher\" content=\"https:\/\/www.facebook.com\/italpassion\" \/>\n<meta property=\"article:published_time\" content=\"2024-11-26T19:38:56+00:00\" \/>\n<meta property=\"article:modified_time\" content=\"2024-11-26T19:38:57+00:00\" \/>\n<meta property=\"og:image\" content=\"https:\/\/www.italpassion.fr\/wp-content\/uploads\/2024\/11\/maserati-grecale-2025.jpg\" \/>\n\t<meta property=\"og:image:width\" content=\"1200\" \/>\n\t<meta property=\"og:image:height\" content=\"800\" \/>\n\t<meta property=\"og:image:type\" content=\"image\/jpeg\" \/>\n<meta name=\"author\" content=\"Alexandre Filluzeau\" \/>\n<meta name=\"twitter:card\" content=\"summary_large_image\" \/>\n<meta name=\"twitter:creator\" content=\"@italpassion\" \/>\n<meta name=\"twitter:site\" content=\"@italpassion\" \/>\n<script type=\"application\/ld+json\" class=\"yoast-schema-graph\">{\"@context\":\"https:\/\/schema.org\",\"@graph\":[{\"@type\":\"NewsArticle\",\"@id\":\"https:\/\/www.italpassion.fr\/es\/maserati\/maserati-grecale-folgore-2025-baisse-de-prix-pour-le-suv-electrique-sauf-dans-un-pays\/#article\",\"isPartOf\":{\"@id\":\"https:\/\/www.italpassion.fr\/es\/maserati\/maserati-grecale-folgore-2025-baisse-de-prix-pour-le-suv-electrique-sauf-dans-un-pays\/\"},\"author\":{\"name\":\"Alexandre Filluzeau\",\"@id\":\"https:\/\/www.italpassion.fr\/es\/#\/schema\/person\/36f747b2a759ca202d847e85a9434ca0\"},\"headline\":\"Maserati Grecale Folgore 2025 : baisse de prix pour le SUV \u00e9lectrique, sauf dans un pays !\",\"datePublished\":\"2024-11-26T19:38:56+00:00\",\"dateModified\":\"2024-11-26T19:38:57+00:00\",\"mainEntityOfPage\":{\"@id\":\"https:\/\/www.italpassion.fr\/es\/maserati\/maserati-grecale-folgore-2025-baisse-de-prix-pour-le-suv-electrique-sauf-dans-un-pays\/\"},\"wordCount\":414,\"commentCount\":2,\"publisher\":{\"@id\":\"https:\/\/www.italpassion.fr\/es\/#organization\"},\"image\":{\"@id\":\"https:\/\/www.italpassion.fr\/es\/maserati\/maserati-grecale-folgore-2025-baisse-de-prix-pour-le-suv-electrique-sauf-dans-un-pays\/#primaryimage\"},\"thumbnailUrl\":\"https:\/\/www.italpassion.fr\/wp-content\/uploads\/2024\/11\/maserati-grecale-2025.jpg\",\"keywords\":[\"Maserati Grecale\"],\"articleSection\":[\"Maserati\"],\"inLanguage\":\"es\",\"potentialAction\":[{\"@type\":\"CommentAction\",\"name\":\"Comment\",\"target\":[\"https:\/\/www.italpassion.fr\/es\/maserati\/maserati-grecale-folgore-2025-baisse-de-prix-pour-le-suv-electrique-sauf-dans-un-pays\/#respond\"]}]},{\"@type\":\"WebPage\",\"@id\":\"https:\/\/www.italpassion.fr\/es\/maserati\/maserati-grecale-folgore-2025-baisse-de-prix-pour-le-suv-electrique-sauf-dans-un-pays\/\",\"url\":\"https:\/\/www.italpassion.fr\/es\/maserati\/maserati-grecale-folgore-2025-baisse-de-prix-pour-le-suv-electrique-sauf-dans-un-pays\/\",\"name\":\"Maserati Grecale Folgore 2025 : baisse de prix pour le SUV \u00e9lectrique, sauf dans un pays ! - ItalPassion\",\"isPartOf\":{\"@id\":\"https:\/\/www.italpassion.fr\/es\/#website\"},\"primaryImageOfPage\":{\"@id\":\"https:\/\/www.italpassion.fr\/es\/maserati\/maserati-grecale-folgore-2025-baisse-de-prix-pour-le-suv-electrique-sauf-dans-un-pays\/#primaryimage\"},\"image\":{\"@id\":\"https:\/\/www.italpassion.fr\/es\/maserati\/maserati-grecale-folgore-2025-baisse-de-prix-pour-le-suv-electrique-sauf-dans-un-pays\/#primaryimage\"},\"thumbnailUrl\":\"https:\/\/www.italpassion.fr\/wp-content\/uploads\/2024\/11\/maserati-grecale-2025.jpg\",\"datePublished\":\"2024-11-26T19:38:56+00:00\",\"dateModified\":\"2024-11-26T19:38:57+00:00\",\"description\":\"Maserati ajuste sa strat\u00e9gie pour son premier SUV \u00e9lectrique, le Grecale Folgore, avec une baisse significative des prix pour le mod\u00e8le 2025 dans\",\"breadcrumb\":{\"@id\":\"https:\/\/www.italpassion.fr\/es\/maserati\/maserati-grecale-folgore-2025-baisse-de-prix-pour-le-suv-electrique-sauf-dans-un-pays\/#breadcrumb\"},\"inLanguage\":\"es\",\"potentialAction\":[{\"@type\":\"ReadAction\",\"target\":[\"https:\/\/www.italpassion.fr\/es\/maserati\/maserati-grecale-folgore-2025-baisse-de-prix-pour-le-suv-electrique-sauf-dans-un-pays\/\"]}]},{\"@type\":\"ImageObject\",\"inLanguage\":\"es\",\"@id\":\"https:\/\/www.italpassion.fr\/es\/maserati\/maserati-grecale-folgore-2025-baisse-de-prix-pour-le-suv-electrique-sauf-dans-un-pays\/#primaryimage\",\"url\":\"https:\/\/www.italpassion.fr\/wp-content\/uploads\/2024\/11\/maserati-grecale-2025.jpg\",\"contentUrl\":\"https:\/\/www.italpassion.fr\/wp-content\/uploads\/2024\/11\/maserati-grecale-2025.jpg\",\"width\":1200,\"height\":800},{\"@type\":\"BreadcrumbList\",\"@id\":\"https:\/\/www.italpassion.fr\/es\/maserati\/maserati-grecale-folgore-2025-baisse-de-prix-pour-le-suv-electrique-sauf-dans-un-pays\/#breadcrumb\",\"itemListElement\":[{\"@type\":\"ListItem\",\"position\":1,\"name\":\"Accueil\",\"item\":\"https:\/\/www.italpassion.fr\/es\/\"},{\"@type\":\"ListItem\",\"position\":2,\"name\":\"Maserati Grecale Folgore 2025 : baisse de prix pour le SUV \u00e9lectrique, sauf dans un pays !\"}]},{\"@type\":\"WebSite\",\"@id\":\"https:\/\/www.italpassion.fr\/es\/#website\",\"url\":\"https:\/\/www.italpassion.fr\/es\/\",\"name\":\"ItalPassion\",\"description\":\"Les Passionn\u00e9s d&#039;Automobiles Italiennes\",\"publisher\":{\"@id\":\"https:\/\/www.italpassion.fr\/es\/#organization\"},\"potentialAction\":[{\"@type\":\"SearchAction\",\"target\":{\"@type\":\"EntryPoint\",\"urlTemplate\":\"https:\/\/www.italpassion.fr\/es\/?s={search_term_string}\"},\"query-input\":{\"@type\":\"PropertyValueSpecification\",\"valueRequired\":true,\"valueName\":\"search_term_string\"}}],\"inLanguage\":\"es\"},{\"@type\":\"Organization\",\"@id\":\"https:\/\/www.italpassion.fr\/es\/#organization\",\"name\":\"Italpassion\",\"url\":\"https:\/\/www.italpassion.fr\/es\/\",\"logo\":{\"@type\":\"ImageObject\",\"inLanguage\":\"es\",\"@id\":\"https:\/\/www.italpassion.fr\/es\/#\/schema\/logo\/image\/\",\"url\":\"https:\/\/www.italpassion.fr\/wp-content\/uploads\/2023\/07\/italpassion-yoast.jpg\",\"contentUrl\":\"https:\/\/www.italpassion.fr\/wp-content\/uploads\/2023\/07\/italpassion-yoast.jpg\",\"width\":696,\"height\":696,\"caption\":\"Italpassion\"},\"image\":{\"@id\":\"https:\/\/www.italpassion.fr\/es\/#\/schema\/logo\/image\/\"},\"sameAs\":[\"https:\/\/www.facebook.com\/italpassion\",\"https:\/\/x.com\/italpassion\",\"https:\/\/www.instagram.com\/italpassionfr\/\",\"https:\/\/www.youtube.com\/channel\/UCleq-ByQaA42OjhopwevRjQ\",\"https:\/\/www.facebook.com\/italpassion.en\/\",\"https:\/\/www.facebook.com\/italpassion.it\/\",\"https:\/\/www.facebook.com\/italpassion.de\/\",\"https:\/\/www.facebook.com\/italpassion.ja\/\"]},{\"@type\":\"Person\",\"@id\":\"https:\/\/www.italpassion.fr\/es\/#\/schema\/person\/36f747b2a759ca202d847e85a9434ca0\",\"name\":\"Alexandre Filluzeau\",\"image\":{\"@type\":\"ImageObject\",\"inLanguage\":\"es\",\"@id\":\"https:\/\/www.italpassion.fr\/es\/#\/schema\/person\/image\/\",\"url\":\"https:\/\/www.italpassion.fr\/wp-content\/uploads\/2025\/04\/avatar-alexandre-160x160.jpg\",\"contentUrl\":\"https:\/\/www.italpassion.fr\/wp-content\/uploads\/2025\/04\/avatar-alexandre-160x160.jpg\",\"caption\":\"Alexandre Filluzeau\"},\"description\":\"Fondateur du site ItalPassion, passionn\u00e9 de voitures italiennes et de l'Italie en g\u00e9n\u00e9ral. J'apporte un regard critique et technique aux actualit\u00e9s des marques italiennes quand cela est possible. Propri\u00e9taire d'une Maserati GranTurismo, Alfa Romeo MiTo, Lancia Fulvia et Ducati 695. Ex-propri\u00e9taire d'une Alfa Romeo Giulia.\",\"sameAs\":[\"https:\/\/www.italpassion.fr\/\"],\"url\":\"https:\/\/www.italpassion.fr\/es\/author\/alexandre\/\"}]}<\/script>\n<!-- \/ Yoast SEO plugin. -->","yoast_head_json":{"title":"Maserati Grecale Folgore 2025: rebaja del precio del SUV el\u00e9ctrico, \u00a1excepto en un pa\u00eds! - ItalPassion","description":"Maserati est\u00e1 ajustando su estrategia para su primer SUV el\u00e9ctrico, el Grecale Folgore, con un importante recorte de precios para el modelo de 2025 en","robots":{"index":"index","follow":"follow","max-snippet":"max-snippet:-1","max-image-preview":"max-image-preview:large","max-video-preview":"max-video-preview:-1"},"canonical":"https:\/\/www.italpassion.fr\/es\/maserati\/maserati-griega-folgore-2025-rebaja-el-precio-del-suv-electrico-excepto-en-un-pais\/","og_locale":"es_ES","og_type":"article","og_title":"Maserati Grecale Folgore 2025 : baisse de prix pour le SUV \u00e9lectrique, sauf dans un pays ! - ItalPassion","og_description":"Maserati ajuste sa strat\u00e9gie pour son premier SUV \u00e9lectrique, le Grecale Folgore, avec une baisse significative des prix pour le mod\u00e8le 2025 dans","og_url":"https:\/\/www.italpassion.fr\/es\/maserati\/maserati-griega-folgore-2025-rebaja-el-precio-del-suv-electrico-excepto-en-un-pais\/","og_site_name":"ItalPassion","article_publisher":"https:\/\/www.facebook.com\/italpassion","article_published_time":"2024-11-26T19:38:56+00:00","article_modified_time":"2024-11-26T19:38:57+00:00","og_image":[{"width":1200,"height":800,"url":"https:\/\/www.italpassion.fr\/wp-content\/uploads\/2024\/11\/maserati-grecale-2025.jpg","type":"image\/jpeg"}],"author":"Alexandre Filluzeau","twitter_card":"summary_large_image","twitter_creator":"@italpassion","twitter_site":"@italpassion","schema":{"@context":"https:\/\/schema.org","@graph":[{"@type":"NewsArticle","@id":"https:\/\/www.italpassion.fr\/es\/maserati\/maserati-grecale-folgore-2025-baisse-de-prix-pour-le-suv-electrique-sauf-dans-un-pays\/#article","isPartOf":{"@id":"https:\/\/www.italpassion.fr\/es\/maserati\/maserati-grecale-folgore-2025-baisse-de-prix-pour-le-suv-electrique-sauf-dans-un-pays\/"},"author":{"name":"Alexandre Filluzeau","@id":"https:\/\/www.italpassion.fr\/es\/#\/schema\/person\/36f747b2a759ca202d847e85a9434ca0"},"headline":"Maserati Grecale Folgore 2025 : baisse de prix pour le SUV \u00e9lectrique, sauf dans un pays !","datePublished":"2024-11-26T19:38:56+00:00","dateModified":"2024-11-26T19:38:57+00:00","mainEntityOfPage":{"@id":"https:\/\/www.italpassion.fr\/es\/maserati\/maserati-grecale-folgore-2025-baisse-de-prix-pour-le-suv-electrique-sauf-dans-un-pays\/"},"wordCount":414,"commentCount":2,"publisher":{"@id":"https:\/\/www.italpassion.fr\/es\/#organization"},"image":{"@id":"https:\/\/www.italpassion.fr\/es\/maserati\/maserati-grecale-folgore-2025-baisse-de-prix-pour-le-suv-electrique-sauf-dans-un-pays\/#primaryimage"},"thumbnailUrl":"https:\/\/www.italpassion.fr\/wp-content\/uploads\/2024\/11\/maserati-grecale-2025.jpg","keywords":["Maserati Grecale"],"articleSection":["Maserati"],"inLanguage":"es","potentialAction":[{"@type":"CommentAction","name":"Comment","target":["https:\/\/www.italpassion.fr\/es\/maserati\/maserati-grecale-folgore-2025-baisse-de-prix-pour-le-suv-electrique-sauf-dans-un-pays\/#respond"]}]},{"@type":"WebPage","@id":"https:\/\/www.italpassion.fr\/es\/maserati\/maserati-grecale-folgore-2025-baisse-de-prix-pour-le-suv-electrique-sauf-dans-un-pays\/","url":"https:\/\/www.italpassion.fr\/es\/maserati\/maserati-grecale-folgore-2025-baisse-de-prix-pour-le-suv-electrique-sauf-dans-un-pays\/","name":"Maserati Grecale Folgore 2025: rebaja del precio del SUV el\u00e9ctrico, \u00a1excepto en un pa\u00eds! - ItalPassion","isPartOf":{"@id":"https:\/\/www.italpassion.fr\/es\/#website"},"primaryImageOfPage":{"@id":"https:\/\/www.italpassion.fr\/es\/maserati\/maserati-grecale-folgore-2025-baisse-de-prix-pour-le-suv-electrique-sauf-dans-un-pays\/#primaryimage"},"image":{"@id":"https:\/\/www.italpassion.fr\/es\/maserati\/maserati-grecale-folgore-2025-baisse-de-prix-pour-le-suv-electrique-sauf-dans-un-pays\/#primaryimage"},"thumbnailUrl":"https:\/\/www.italpassion.fr\/wp-content\/uploads\/2024\/11\/maserati-grecale-2025.jpg","datePublished":"2024-11-26T19:38:56+00:00","dateModified":"2024-11-26T19:38:57+00:00","description":"Maserati est\u00e1 ajustando su estrategia para su primer SUV el\u00e9ctrico, el Grecale Folgore, con un importante recorte de precios para el modelo de 2025 en","breadcrumb":{"@id":"https:\/\/www.italpassion.fr\/es\/maserati\/maserati-grecale-folgore-2025-baisse-de-prix-pour-le-suv-electrique-sauf-dans-un-pays\/#breadcrumb"},"inLanguage":"es","potentialAction":[{"@type":"ReadAction","target":["https:\/\/www.italpassion.fr\/es\/maserati\/maserati-grecale-folgore-2025-baisse-de-prix-pour-le-suv-electrique-sauf-dans-un-pays\/"]}]},{"@type":"ImageObject","inLanguage":"es","@id":"https:\/\/www.italpassion.fr\/es\/maserati\/maserati-grecale-folgore-2025-baisse-de-prix-pour-le-suv-electrique-sauf-dans-un-pays\/#primaryimage","url":"https:\/\/www.italpassion.fr\/wp-content\/uploads\/2024\/11\/maserati-grecale-2025.jpg","contentUrl":"https:\/\/www.italpassion.fr\/wp-content\/uploads\/2024\/11\/maserati-grecale-2025.jpg","width":1200,"height":800},{"@type":"BreadcrumbList","@id":"https:\/\/www.italpassion.fr\/es\/maserati\/maserati-grecale-folgore-2025-baisse-de-prix-pour-le-suv-electrique-sauf-dans-un-pays\/#breadcrumb","itemListElement":[{"@type":"ListItem","position":1,"name":"Accueil","item":"https:\/\/www.italpassion.fr\/es\/"},{"@type":"ListItem","position":2,"name":"Maserati Grecale Folgore 2025 : baisse de prix pour le SUV \u00e9lectrique, sauf dans un pays !"}]},{"@type":"WebSite","@id":"https:\/\/www.italpassion.fr\/es\/#website","url":"https:\/\/www.italpassion.fr\/es\/","name":"ItalPassion","description":"Entusiastas de los coches italianos","publisher":{"@id":"https:\/\/www.italpassion.fr\/es\/#organization"},"potentialAction":[{"@type":"SearchAction","target":{"@type":"EntryPoint","urlTemplate":"https:\/\/www.italpassion.fr\/es\/?s={search_term_string}"},"query-input":{"@type":"PropertyValueSpecification","valueRequired":true,"valueName":"search_term_string"}}],"inLanguage":"es"},{"@type":"Organization","@id":"https:\/\/www.italpassion.fr\/es\/#organization","name":"Italpassion","url":"https:\/\/www.italpassion.fr\/es\/","logo":{"@type":"ImageObject","inLanguage":"es","@id":"https:\/\/www.italpassion.fr\/es\/#\/schema\/logo\/image\/","url":"https:\/\/www.italpassion.fr\/wp-content\/uploads\/2023\/07\/italpassion-yoast.jpg","contentUrl":"https:\/\/www.italpassion.fr\/wp-content\/uploads\/2023\/07\/italpassion-yoast.jpg","width":696,"height":696,"caption":"Italpassion"},"image":{"@id":"https:\/\/www.italpassion.fr\/es\/#\/schema\/logo\/image\/"},"sameAs":["https:\/\/www.facebook.com\/italpassion","https:\/\/x.com\/italpassion","https:\/\/www.instagram.com\/italpassionfr\/","https:\/\/www.youtube.com\/channel\/UCleq-ByQaA42OjhopwevRjQ","https:\/\/www.facebook.com\/italpassion.en\/","https:\/\/www.facebook.com\/italpassion.it\/","https:\/\/www.facebook.com\/italpassion.de\/","https:\/\/www.facebook.com\/italpassion.ja\/"]},{"@type":"Person","@id":"https:\/\/www.italpassion.fr\/es\/#\/schema\/person\/36f747b2a759ca202d847e85a9434ca0","name":"Alexandre Filluzeau","image":{"@type":"ImageObject","inLanguage":"es","@id":"https:\/\/www.italpassion.fr\/es\/#\/schema\/person\/image\/","url":"https:\/\/www.italpassion.fr\/wp-content\/uploads\/2025\/04\/avatar-alexandre-160x160.jpg","contentUrl":"https:\/\/www.italpassion.fr\/wp-content\/uploads\/2025\/04\/avatar-alexandre-160x160.jpg","caption":"Alexandre Filluzeau"},"description":"Fundador del sitio web ItalPassion, apasionado de los coches italianos y de Italia en general. Aporto una mirada cr\u00edtica y t\u00e9cnica a las noticias de las marcas italianas cuando es posible. Propietario de un Maserati GranTurismo, Alfa Romeo MiTo, Lancia Fulvia y Ducati 695. Ex-propietario de un Alfa Romeo Giulia.","sameAs":["https:\/\/www.italpassion.fr\/"],"url":"https:\/\/www.italpassion.fr\/es\/author\/alexandre\/"}]}},"_links":{"self":[{"href":"https:\/\/www.italpassion.fr\/es\/wp-json\/wp\/v2\/posts\/35226","targetHints":{"allow":["GET"]}}],"collection":[{"href":"https:\/\/www.italpassion.fr\/es\/wp-json\/wp\/v2\/posts"}],"about":[{"href":"https:\/\/www.italpassion.fr\/es\/wp-json\/wp\/v2\/types\/post"}],"author":[{"embeddable":true,"href":"https:\/\/www.italpassion.fr\/es\/wp-json\/wp\/v2\/users\/1"}],"replies":[{"embeddable":true,"href":"https:\/\/www.italpassion.fr\/es\/wp-json\/wp\/v2\/comments?post=35226"}],"version-history":[{"count":3,"href":"https:\/\/www.italpassion.fr\/es\/wp-json\/wp\/v2\/posts\/35226\/revisions"}],"predecessor-version":[{"id":35270,"href":"https:\/\/www.italpassion.fr\/es\/wp-json\/wp\/v2\/posts\/35226\/revisions\/35270"}],"wp:featuredmedia":[{"embeddable":true,"href":"https:\/\/www.italpassion.fr\/es\/wp-json\/wp\/v2\/media\/35228"}],"wp:attachment":[{"href":"https:\/\/www.italpassion.fr\/es\/wp-json\/wp\/v2\/media?parent=35226"}],"wp:term":[{"taxonomy":"category","embeddable":true,"href":"https:\/\/www.italpassion.fr\/es\/wp-json\/wp\/v2\/categories?post=35226"},{"taxonomy":"post_tag","embeddable":true,"href":"https:\/\/www.italpassion.fr\/es\/wp-json\/wp\/v2\/tags?post=35226"}],"curies":[{"name":"wp","href":"https:\/\/api.w.org\/{rel}","templated":true}]}}