{"id":34454,"date":"2024-07-24T21:24:00","date_gmt":"2024-07-24T19:24:00","guid":{"rendered":"https:\/\/www.italpassion.fr\/?p=34454"},"modified":"2024-07-24T21:24:02","modified_gmt":"2024-07-24T19:24:02","slug":"mirafiori-casi-un-ano-de-paro-para-la-fabrica-electrica-del-fiat-500","status":"publish","type":"post","link":"https:\/\/www.italpassion.fr\/es\/fiat\/mirafiori-presque-une-annee-de-chomage-pour-lusine-de-la-fiat-500-electrique\/","title":{"rendered":"Mirafiori: casi un a\u00f1o de paro para la f\u00e1brica de coches el\u00e9ctricos Fiat 500"},"content":{"rendered":"<figure class=\"wp-block-image size-large\"><img loading=\"lazy\" decoding=\"async\" width=\"1024\" height=\"683\" src=\"https:\/\/www.italpassion.fr\/wp-content\/uploads\/2024\/03\/fiat-500-mirafiori-1024x683.jpg\" alt=\"fiat-500-mirafiori\" class=\"wp-image-33535\" srcset=\"https:\/\/www.italpassion.fr\/wp-content\/uploads\/2024\/03\/fiat-500-mirafiori-1024x683.jpg 1024w, https:\/\/www.italpassion.fr\/wp-content\/uploads\/2024\/03\/fiat-500-mirafiori-300x200.jpg 300w, https:\/\/www.italpassion.fr\/wp-content\/uploads\/2024\/03\/fiat-500-mirafiori-768x512.jpg 768w, https:\/\/www.italpassion.fr\/wp-content\/uploads\/2024\/03\/fiat-500-mirafiori-18x12.jpg 18w, https:\/\/www.italpassion.fr\/wp-content\/uploads\/2024\/03\/fiat-500-mirafiori-561x374.jpg 561w, https:\/\/www.italpassion.fr\/wp-content\/uploads\/2024\/03\/fiat-500-mirafiori-1122x748.jpg 1122w, https:\/\/www.italpassion.fr\/wp-content\/uploads\/2024\/03\/fiat-500-mirafiori-265x177.jpg 265w, https:\/\/www.italpassion.fr\/wp-content\/uploads\/2024\/03\/fiat-500-mirafiori-531x354.jpg 531w, https:\/\/www.italpassion.fr\/wp-content\/uploads\/2024\/03\/fiat-500-mirafiori-364x243.jpg 364w, https:\/\/www.italpassion.fr\/wp-content\/uploads\/2024\/03\/fiat-500-mirafiori-728x485.jpg 728w, https:\/\/www.italpassion.fr\/wp-content\/uploads\/2024\/03\/fiat-500-mirafiori-608x405.jpg 608w, https:\/\/www.italpassion.fr\/wp-content\/uploads\/2024\/03\/fiat-500-mirafiori-758x505.jpg 758w, https:\/\/www.italpassion.fr\/wp-content\/uploads\/2024\/03\/fiat-500-mirafiori-1152x768.jpg 1152w, https:\/\/www.italpassion.fr\/wp-content\/uploads\/2024\/03\/fiat-500-mirafiori-600x400.jpg 600w, https:\/\/www.italpassion.fr\/wp-content\/uploads\/2024\/03\/fiat-500-mirafiori.jpg 1200w\" sizes=\"auto, (max-width: 1024px) 100vw, 1024px\" \/><\/figure>\n\n\n\n<p>La planta de Mirafiori, en Tur\u00edn, es el coraz\u00f3n de la producci\u00f3n del Fiat 500 el\u00e9ctrico y de varios modelos de Maserati. Sin embargo, el a\u00f1o 2024 estuvo marcado por una serie de interrupciones de la producci\u00f3n que sumieron a la planta y a sus empleados en una situaci\u00f3n cr\u00edtica. Tras las paradas de principios de a\u00f1o, luego <a href=\"https:\/\/www.italpassion.fr\/es\/stellantis\/la-fabrica-de-mirafiori-que-produce-fiat-500-y-maseratis-seguira-en-larret-en-abril\/\">en abril<\/a>, <a href=\"https:\/\/www.italpassion.fr\/es\/stellantis\/la-fabrica-de-mirafiori-en-stellantis-sigue-cerrada-hasta-el-6-de-mayo-los-sindicatos-enfadados-con-el-gobierno\/\">Mayo<\/a>, <a href=\"https:\/\/www.italpassion.fr\/es\/fiat\/fiat-500-electrico-mirafiori-fabrica-cerrada-hasta-septiembre\/\">Junio y julio<\/a>Estaba previsto que la planta volviera a funcionar a pleno rendimiento en septiembre, tras las vacaciones de agosto. Sin embargo, no fue as\u00ed y <strong>se mantendr\u00e1 la jornada reducida, que afectar\u00e1 a 3.100 empleados.<\/strong><\/p>\n\n\n\n<p>El 7 de agosto se celebrar\u00e1 una reuni\u00f3n crucial entre el Ministerio de Empresa y Made in Italy, representado por Adolfo Urso, los directivos de Stellantis y los sindicatos. El objetivo es debatir medidas para relanzar la producci\u00f3n y <strong>propondr\u00e1 nuevas subvenciones para la compra de coches el\u00e9ctricos durante los pr\u00f3ximos tres a\u00f1os<\/strong>. Esta reuni\u00f3n ha sido muy esperada, no s\u00f3lo por los empleados de Mirafiori, sino tambi\u00e9n por los de <a href=\"https:\/\/www.italpassion.fr\/es\/stellantis\/stellantis-termoli-factoria-de-larret-respuestas-para-el-futuro-previstas-para-el-7-de-agosto\/\">la planta de Termoli, que tambi\u00e9n experimenta dificultades<\/a>.<\/p>\n\n\n\n<p>Para los sindicatos, la situaci\u00f3n es alarmante. Reclaman<strong> producci\u00f3n acelerada del Fiat 500 h\u00edbrido<\/strong>, <a href=\"https:\/\/www.italpassion.fr\/es\/fiat\/carlos-tavares-confirma-que-el-fiat-500-hibrido-se-fabricara-en-italia-pero-con-un-largo-plazo-de-entrega\/\">prevista para finales de 2025<\/a>. Sin esta nueva l\u00ednea de producci\u00f3n, 2025 podr\u00eda parecerse a 2024, con una gran parte del a\u00f1o marcada por el trabajo a jornada reducida. Los sindicatos insisten en la urgencia de una intervenci\u00f3n institucional a todos los niveles para evitar un declive dram\u00e1tico de la planta de Mirafiori.<\/p>\n\n\n\n<p>El Secretario General de FIOM-CGIL en Tur\u00edn expres\u00f3 <strong>cr\u00edticas feroces a la familia Elkan\/Agnelli<\/strong>. \"La \u00fanica familia 'turinesa' que se ha beneficiado de la fusi\u00f3n de Fiat con PSA es la familia Elkan\/Agnelli. Precisamente por este motivo, FIOM Tur\u00edn pide urgentemente una intervenci\u00f3n institucional a todos los niveles para producir nuevos modelos en Mirafiori y detener este dram\u00e1tico declive\".<\/p>\n\n\n\n<p>El a\u00f1o 2024 ser\u00e1 recordado como uno de jornada reducida casi permanente para los empleados de Mirafiori. La situaci\u00f3n actual exige medidas inmediatas para reanudar la producci\u00f3n y garantizar un futuro m\u00e1s estable para la planta y sus trabajadores. La reuni\u00f3n del 7 de agosto ser\u00e1 decisiva para el futuro de Mirafiori y podr\u00eda aportar las tan esperadas soluciones a esta crisis. La \u00fanica soluci\u00f3n a corto plazo ser\u00eda la ayuda a la compra de <a href=\"https:\/\/www.italpassion.fr\/es\/fiat\/por-que-los-italianos-rechazan-el-500-electrico-aunque-se-fabrique-en-italia\/\">el 500 el\u00e9ctrico, hasta ahora rechazado por los italianos<\/a>. No se prev\u00e9n soluciones a corto plazo para los modelos Maserati.<\/p>","protected":false},"excerpt":{"rendered":"","protected":false},"author":1,"featured_media":33665,"comment_status":"open","ping_status":"open","sticky":false,"template":"","format":"standard","meta":{"_acf_changed":false,"_sitemap_exclude":false,"_sitemap_priority":"","_sitemap_frequency":"","footnotes":""},"categories":[24],"tags":[387],"class_list":["post-34454","post","type-post","status-publish","format-standard","has-post-thumbnail","hentry","category-fiat","tag-mirafiori","generate-columns","tablet-grid-50","mobile-grid-100","grid-parent","grid-33"],"acf":[],"yoast_head":"<!-- This site is optimized with the Yoast SEO plugin v25.8 - https:\/\/yoast.com\/wordpress\/plugins\/seo\/ -->\n<title>Mirafiori : presque une ann\u00e9e de ch\u00f4mage pour l&#039;usine de la Fiat 500 \u00e9lectrique - ItalPassion<\/title>\n<meta name=\"description\" content=\"L&#039;usine de Mirafiori, situ\u00e9e \u00e0 Turin, est le c\u0153ur de la production de la Fiat 500 \u00e9lectrique et de plusieurs mod\u00e8les Maserati. Pourtant, cette ann\u00e9e 2024\" \/>\n<meta name=\"robots\" content=\"index, follow, max-snippet:-1, max-image-preview:large, max-video-preview:-1\" \/>\n<link rel=\"canonical\" href=\"https:\/\/www.italpassion.fr\/es\/fiat\/mirafiori-casi-un-ano-de-paro-para-la-fabrica-electrica-del-fiat-500\/\" \/>\n<meta property=\"og:locale\" content=\"es_ES\" \/>\n<meta property=\"og:type\" content=\"article\" \/>\n<meta property=\"og:title\" content=\"Mirafiori : presque une ann\u00e9e de ch\u00f4mage pour l&#039;usine de la Fiat 500 \u00e9lectrique - ItalPassion\" \/>\n<meta property=\"og:description\" content=\"L&#039;usine de Mirafiori, situ\u00e9e \u00e0 Turin, est le c\u0153ur de la production de la Fiat 500 \u00e9lectrique et de plusieurs mod\u00e8les Maserati. Pourtant, cette ann\u00e9e 2024\" \/>\n<meta property=\"og:url\" content=\"https:\/\/www.italpassion.fr\/es\/fiat\/mirafiori-casi-un-ano-de-paro-para-la-fabrica-electrica-del-fiat-500\/\" \/>\n<meta property=\"og:site_name\" content=\"ItalPassion\" \/>\n<meta property=\"article:publisher\" content=\"https:\/\/www.facebook.com\/italpassion\" \/>\n<meta property=\"article:published_time\" content=\"2024-07-24T19:24:00+00:00\" \/>\n<meta property=\"article:modified_time\" content=\"2024-07-24T19:24:02+00:00\" \/>\n<meta property=\"og:image\" content=\"https:\/\/www.italpassion.fr\/wp-content\/uploads\/2024\/04\/mirafiori-500-electrique.jpg\" \/>\n\t<meta property=\"og:image:width\" content=\"1200\" \/>\n\t<meta property=\"og:image:height\" content=\"800\" \/>\n\t<meta property=\"og:image:type\" content=\"image\/jpeg\" \/>\n<meta name=\"author\" content=\"Alexandre Filluzeau\" \/>\n<meta name=\"twitter:card\" content=\"summary_large_image\" \/>\n<meta name=\"twitter:creator\" content=\"@italpassion\" \/>\n<meta name=\"twitter:site\" content=\"@italpassion\" \/>\n<script type=\"application\/ld+json\" class=\"yoast-schema-graph\">{\"@context\":\"https:\/\/schema.org\",\"@graph\":[{\"@type\":\"NewsArticle\",\"@id\":\"https:\/\/www.italpassion.fr\/es\/fiat\/mirafiori-presque-une-annee-de-chomage-pour-lusine-de-la-fiat-500-electrique\/#article\",\"isPartOf\":{\"@id\":\"https:\/\/www.italpassion.fr\/es\/fiat\/mirafiori-presque-une-annee-de-chomage-pour-lusine-de-la-fiat-500-electrique\/\"},\"author\":{\"name\":\"Alexandre Filluzeau\",\"@id\":\"https:\/\/www.italpassion.fr\/es\/#\/schema\/person\/36f747b2a759ca202d847e85a9434ca0\"},\"headline\":\"Mirafiori : presque une ann\u00e9e de ch\u00f4mage pour l&rsquo;usine de la Fiat 500 \u00e9lectrique\",\"datePublished\":\"2024-07-24T19:24:00+00:00\",\"dateModified\":\"2024-07-24T19:24:02+00:00\",\"mainEntityOfPage\":{\"@id\":\"https:\/\/www.italpassion.fr\/es\/fiat\/mirafiori-presque-une-annee-de-chomage-pour-lusine-de-la-fiat-500-electrique\/\"},\"wordCount\":481,\"commentCount\":4,\"publisher\":{\"@id\":\"https:\/\/www.italpassion.fr\/es\/#organization\"},\"image\":{\"@id\":\"https:\/\/www.italpassion.fr\/es\/fiat\/mirafiori-presque-une-annee-de-chomage-pour-lusine-de-la-fiat-500-electrique\/#primaryimage\"},\"thumbnailUrl\":\"https:\/\/www.italpassion.fr\/wp-content\/uploads\/2024\/04\/mirafiori-500-electrique.jpg\",\"keywords\":[\"Mirafiori\"],\"articleSection\":[\"Fiat\"],\"inLanguage\":\"es\",\"potentialAction\":[{\"@type\":\"CommentAction\",\"name\":\"Comment\",\"target\":[\"https:\/\/www.italpassion.fr\/es\/fiat\/mirafiori-presque-une-annee-de-chomage-pour-lusine-de-la-fiat-500-electrique\/#respond\"]}]},{\"@type\":\"WebPage\",\"@id\":\"https:\/\/www.italpassion.fr\/es\/fiat\/mirafiori-presque-une-annee-de-chomage-pour-lusine-de-la-fiat-500-electrique\/\",\"url\":\"https:\/\/www.italpassion.fr\/es\/fiat\/mirafiori-presque-une-annee-de-chomage-pour-lusine-de-la-fiat-500-electrique\/\",\"name\":\"Mirafiori : presque une ann\u00e9e de ch\u00f4mage pour l'usine de la Fiat 500 \u00e9lectrique - ItalPassion\",\"isPartOf\":{\"@id\":\"https:\/\/www.italpassion.fr\/es\/#website\"},\"primaryImageOfPage\":{\"@id\":\"https:\/\/www.italpassion.fr\/es\/fiat\/mirafiori-presque-une-annee-de-chomage-pour-lusine-de-la-fiat-500-electrique\/#primaryimage\"},\"image\":{\"@id\":\"https:\/\/www.italpassion.fr\/es\/fiat\/mirafiori-presque-une-annee-de-chomage-pour-lusine-de-la-fiat-500-electrique\/#primaryimage\"},\"thumbnailUrl\":\"https:\/\/www.italpassion.fr\/wp-content\/uploads\/2024\/04\/mirafiori-500-electrique.jpg\",\"datePublished\":\"2024-07-24T19:24:00+00:00\",\"dateModified\":\"2024-07-24T19:24:02+00:00\",\"description\":\"L'usine de Mirafiori, situ\u00e9e \u00e0 Turin, est le c\u0153ur de la production de la Fiat 500 \u00e9lectrique et de plusieurs mod\u00e8les Maserati. Pourtant, cette ann\u00e9e 2024\",\"breadcrumb\":{\"@id\":\"https:\/\/www.italpassion.fr\/es\/fiat\/mirafiori-presque-une-annee-de-chomage-pour-lusine-de-la-fiat-500-electrique\/#breadcrumb\"},\"inLanguage\":\"es\",\"potentialAction\":[{\"@type\":\"ReadAction\",\"target\":[\"https:\/\/www.italpassion.fr\/es\/fiat\/mirafiori-presque-une-annee-de-chomage-pour-lusine-de-la-fiat-500-electrique\/\"]}]},{\"@type\":\"ImageObject\",\"inLanguage\":\"es\",\"@id\":\"https:\/\/www.italpassion.fr\/es\/fiat\/mirafiori-presque-une-annee-de-chomage-pour-lusine-de-la-fiat-500-electrique\/#primaryimage\",\"url\":\"https:\/\/www.italpassion.fr\/wp-content\/uploads\/2024\/04\/mirafiori-500-electrique.jpg\",\"contentUrl\":\"https:\/\/www.italpassion.fr\/wp-content\/uploads\/2024\/04\/mirafiori-500-electrique.jpg\",\"width\":1200,\"height\":800},{\"@type\":\"BreadcrumbList\",\"@id\":\"https:\/\/www.italpassion.fr\/es\/fiat\/mirafiori-presque-une-annee-de-chomage-pour-lusine-de-la-fiat-500-electrique\/#breadcrumb\",\"itemListElement\":[{\"@type\":\"ListItem\",\"position\":1,\"name\":\"Accueil\",\"item\":\"https:\/\/www.italpassion.fr\/es\/\"},{\"@type\":\"ListItem\",\"position\":2,\"name\":\"Mirafiori : presque une ann\u00e9e de ch\u00f4mage pour l&rsquo;usine de la Fiat 500 \u00e9lectrique\"}]},{\"@type\":\"WebSite\",\"@id\":\"https:\/\/www.italpassion.fr\/es\/#website\",\"url\":\"https:\/\/www.italpassion.fr\/es\/\",\"name\":\"ItalPassion\",\"description\":\"Les Passionn\u00e9s d&#039;Automobiles Italiennes\",\"publisher\":{\"@id\":\"https:\/\/www.italpassion.fr\/es\/#organization\"},\"potentialAction\":[{\"@type\":\"SearchAction\",\"target\":{\"@type\":\"EntryPoint\",\"urlTemplate\":\"https:\/\/www.italpassion.fr\/es\/?s={search_term_string}\"},\"query-input\":{\"@type\":\"PropertyValueSpecification\",\"valueRequired\":true,\"valueName\":\"search_term_string\"}}],\"inLanguage\":\"es\"},{\"@type\":\"Organization\",\"@id\":\"https:\/\/www.italpassion.fr\/es\/#organization\",\"name\":\"Italpassion\",\"url\":\"https:\/\/www.italpassion.fr\/es\/\",\"logo\":{\"@type\":\"ImageObject\",\"inLanguage\":\"es\",\"@id\":\"https:\/\/www.italpassion.fr\/es\/#\/schema\/logo\/image\/\",\"url\":\"https:\/\/www.italpassion.fr\/wp-content\/uploads\/2023\/07\/italpassion-yoast.jpg\",\"contentUrl\":\"https:\/\/www.italpassion.fr\/wp-content\/uploads\/2023\/07\/italpassion-yoast.jpg\",\"width\":696,\"height\":696,\"caption\":\"Italpassion\"},\"image\":{\"@id\":\"https:\/\/www.italpassion.fr\/es\/#\/schema\/logo\/image\/\"},\"sameAs\":[\"https:\/\/www.facebook.com\/italpassion\",\"https:\/\/x.com\/italpassion\",\"https:\/\/www.instagram.com\/italpassionfr\/\",\"https:\/\/www.youtube.com\/channel\/UCleq-ByQaA42OjhopwevRjQ\",\"https:\/\/www.facebook.com\/italpassion.en\/\",\"https:\/\/www.facebook.com\/italpassion.it\/\",\"https:\/\/www.facebook.com\/italpassion.de\/\",\"https:\/\/www.facebook.com\/italpassion.ja\/\"]},{\"@type\":\"Person\",\"@id\":\"https:\/\/www.italpassion.fr\/es\/#\/schema\/person\/36f747b2a759ca202d847e85a9434ca0\",\"name\":\"Alexandre Filluzeau\",\"image\":{\"@type\":\"ImageObject\",\"inLanguage\":\"es\",\"@id\":\"https:\/\/www.italpassion.fr\/es\/#\/schema\/person\/image\/\",\"url\":\"https:\/\/www.italpassion.fr\/wp-content\/uploads\/2025\/04\/avatar-alexandre-160x160.jpg\",\"contentUrl\":\"https:\/\/www.italpassion.fr\/wp-content\/uploads\/2025\/04\/avatar-alexandre-160x160.jpg\",\"caption\":\"Alexandre Filluzeau\"},\"description\":\"Fondateur du site ItalPassion, passionn\u00e9 de voitures italiennes et de l'Italie en g\u00e9n\u00e9ral. J'apporte un regard critique et technique aux actualit\u00e9s des marques italiennes quand cela est possible. Propri\u00e9taire d'une Maserati GranTurismo, Alfa Romeo MiTo, Lancia Fulvia et Ducati 695. Ex-propri\u00e9taire d'une Alfa Romeo Giulia.\",\"sameAs\":[\"https:\/\/www.italpassion.fr\/\"],\"url\":\"https:\/\/www.italpassion.fr\/es\/author\/alexandre\/\"}]}<\/script>\n<!-- \/ Yoast SEO plugin. -->","yoast_head_json":{"title":"Mirafiori: casi un a\u00f1o de paro para la f\u00e1brica de coches el\u00e9ctricos Fiat 500 - ItalPassion","description":"La planta de Mirafiori, en Tur\u00edn, es el coraz\u00f3n de la producci\u00f3n del Fiat 500 el\u00e9ctrico y de varios modelos de Maserati. Pero este a\u00f1o, 2024","robots":{"index":"index","follow":"follow","max-snippet":"max-snippet:-1","max-image-preview":"max-image-preview:large","max-video-preview":"max-video-preview:-1"},"canonical":"https:\/\/www.italpassion.fr\/es\/fiat\/mirafiori-casi-un-ano-de-paro-para-la-fabrica-electrica-del-fiat-500\/","og_locale":"es_ES","og_type":"article","og_title":"Mirafiori : presque une ann\u00e9e de ch\u00f4mage pour l'usine de la Fiat 500 \u00e9lectrique - ItalPassion","og_description":"L'usine de Mirafiori, situ\u00e9e \u00e0 Turin, est le c\u0153ur de la production de la Fiat 500 \u00e9lectrique et de plusieurs mod\u00e8les Maserati. Pourtant, cette ann\u00e9e 2024","og_url":"https:\/\/www.italpassion.fr\/es\/fiat\/mirafiori-casi-un-ano-de-paro-para-la-fabrica-electrica-del-fiat-500\/","og_site_name":"ItalPassion","article_publisher":"https:\/\/www.facebook.com\/italpassion","article_published_time":"2024-07-24T19:24:00+00:00","article_modified_time":"2024-07-24T19:24:02+00:00","og_image":[{"width":1200,"height":800,"url":"https:\/\/www.italpassion.fr\/wp-content\/uploads\/2024\/04\/mirafiori-500-electrique.jpg","type":"image\/jpeg"}],"author":"Alexandre Filluzeau","twitter_card":"summary_large_image","twitter_creator":"@italpassion","twitter_site":"@italpassion","schema":{"@context":"https:\/\/schema.org","@graph":[{"@type":"NewsArticle","@id":"https:\/\/www.italpassion.fr\/es\/fiat\/mirafiori-presque-une-annee-de-chomage-pour-lusine-de-la-fiat-500-electrique\/#article","isPartOf":{"@id":"https:\/\/www.italpassion.fr\/es\/fiat\/mirafiori-presque-une-annee-de-chomage-pour-lusine-de-la-fiat-500-electrique\/"},"author":{"name":"Alexandre Filluzeau","@id":"https:\/\/www.italpassion.fr\/es\/#\/schema\/person\/36f747b2a759ca202d847e85a9434ca0"},"headline":"Mirafiori : presque une ann\u00e9e de ch\u00f4mage pour l&rsquo;usine de la Fiat 500 \u00e9lectrique","datePublished":"2024-07-24T19:24:00+00:00","dateModified":"2024-07-24T19:24:02+00:00","mainEntityOfPage":{"@id":"https:\/\/www.italpassion.fr\/es\/fiat\/mirafiori-presque-une-annee-de-chomage-pour-lusine-de-la-fiat-500-electrique\/"},"wordCount":481,"commentCount":4,"publisher":{"@id":"https:\/\/www.italpassion.fr\/es\/#organization"},"image":{"@id":"https:\/\/www.italpassion.fr\/es\/fiat\/mirafiori-presque-une-annee-de-chomage-pour-lusine-de-la-fiat-500-electrique\/#primaryimage"},"thumbnailUrl":"https:\/\/www.italpassion.fr\/wp-content\/uploads\/2024\/04\/mirafiori-500-electrique.jpg","keywords":["Mirafiori"],"articleSection":["Fiat"],"inLanguage":"es","potentialAction":[{"@type":"CommentAction","name":"Comment","target":["https:\/\/www.italpassion.fr\/es\/fiat\/mirafiori-presque-une-annee-de-chomage-pour-lusine-de-la-fiat-500-electrique\/#respond"]}]},{"@type":"WebPage","@id":"https:\/\/www.italpassion.fr\/es\/fiat\/mirafiori-presque-une-annee-de-chomage-pour-lusine-de-la-fiat-500-electrique\/","url":"https:\/\/www.italpassion.fr\/es\/fiat\/mirafiori-presque-une-annee-de-chomage-pour-lusine-de-la-fiat-500-electrique\/","name":"Mirafiori: casi un a\u00f1o de paro para la f\u00e1brica de coches el\u00e9ctricos Fiat 500 - ItalPassion","isPartOf":{"@id":"https:\/\/www.italpassion.fr\/es\/#website"},"primaryImageOfPage":{"@id":"https:\/\/www.italpassion.fr\/es\/fiat\/mirafiori-presque-une-annee-de-chomage-pour-lusine-de-la-fiat-500-electrique\/#primaryimage"},"image":{"@id":"https:\/\/www.italpassion.fr\/es\/fiat\/mirafiori-presque-une-annee-de-chomage-pour-lusine-de-la-fiat-500-electrique\/#primaryimage"},"thumbnailUrl":"https:\/\/www.italpassion.fr\/wp-content\/uploads\/2024\/04\/mirafiori-500-electrique.jpg","datePublished":"2024-07-24T19:24:00+00:00","dateModified":"2024-07-24T19:24:02+00:00","description":"La planta de Mirafiori, en Tur\u00edn, es el coraz\u00f3n de la producci\u00f3n del Fiat 500 el\u00e9ctrico y de varios modelos de Maserati. Pero este a\u00f1o, 2024","breadcrumb":{"@id":"https:\/\/www.italpassion.fr\/es\/fiat\/mirafiori-presque-une-annee-de-chomage-pour-lusine-de-la-fiat-500-electrique\/#breadcrumb"},"inLanguage":"es","potentialAction":[{"@type":"ReadAction","target":["https:\/\/www.italpassion.fr\/es\/fiat\/mirafiori-presque-une-annee-de-chomage-pour-lusine-de-la-fiat-500-electrique\/"]}]},{"@type":"ImageObject","inLanguage":"es","@id":"https:\/\/www.italpassion.fr\/es\/fiat\/mirafiori-presque-une-annee-de-chomage-pour-lusine-de-la-fiat-500-electrique\/#primaryimage","url":"https:\/\/www.italpassion.fr\/wp-content\/uploads\/2024\/04\/mirafiori-500-electrique.jpg","contentUrl":"https:\/\/www.italpassion.fr\/wp-content\/uploads\/2024\/04\/mirafiori-500-electrique.jpg","width":1200,"height":800},{"@type":"BreadcrumbList","@id":"https:\/\/www.italpassion.fr\/es\/fiat\/mirafiori-presque-une-annee-de-chomage-pour-lusine-de-la-fiat-500-electrique\/#breadcrumb","itemListElement":[{"@type":"ListItem","position":1,"name":"Accueil","item":"https:\/\/www.italpassion.fr\/es\/"},{"@type":"ListItem","position":2,"name":"Mirafiori : presque une ann\u00e9e de ch\u00f4mage pour l&rsquo;usine de la Fiat 500 \u00e9lectrique"}]},{"@type":"WebSite","@id":"https:\/\/www.italpassion.fr\/es\/#website","url":"https:\/\/www.italpassion.fr\/es\/","name":"ItalPassion","description":"Entusiastas de los coches italianos","publisher":{"@id":"https:\/\/www.italpassion.fr\/es\/#organization"},"potentialAction":[{"@type":"SearchAction","target":{"@type":"EntryPoint","urlTemplate":"https:\/\/www.italpassion.fr\/es\/?s={search_term_string}"},"query-input":{"@type":"PropertyValueSpecification","valueRequired":true,"valueName":"search_term_string"}}],"inLanguage":"es"},{"@type":"Organization","@id":"https:\/\/www.italpassion.fr\/es\/#organization","name":"Italpassion","url":"https:\/\/www.italpassion.fr\/es\/","logo":{"@type":"ImageObject","inLanguage":"es","@id":"https:\/\/www.italpassion.fr\/es\/#\/schema\/logo\/image\/","url":"https:\/\/www.italpassion.fr\/wp-content\/uploads\/2023\/07\/italpassion-yoast.jpg","contentUrl":"https:\/\/www.italpassion.fr\/wp-content\/uploads\/2023\/07\/italpassion-yoast.jpg","width":696,"height":696,"caption":"Italpassion"},"image":{"@id":"https:\/\/www.italpassion.fr\/es\/#\/schema\/logo\/image\/"},"sameAs":["https:\/\/www.facebook.com\/italpassion","https:\/\/x.com\/italpassion","https:\/\/www.instagram.com\/italpassionfr\/","https:\/\/www.youtube.com\/channel\/UCleq-ByQaA42OjhopwevRjQ","https:\/\/www.facebook.com\/italpassion.en\/","https:\/\/www.facebook.com\/italpassion.it\/","https:\/\/www.facebook.com\/italpassion.de\/","https:\/\/www.facebook.com\/italpassion.ja\/"]},{"@type":"Person","@id":"https:\/\/www.italpassion.fr\/es\/#\/schema\/person\/36f747b2a759ca202d847e85a9434ca0","name":"Alexandre Filluzeau","image":{"@type":"ImageObject","inLanguage":"es","@id":"https:\/\/www.italpassion.fr\/es\/#\/schema\/person\/image\/","url":"https:\/\/www.italpassion.fr\/wp-content\/uploads\/2025\/04\/avatar-alexandre-160x160.jpg","contentUrl":"https:\/\/www.italpassion.fr\/wp-content\/uploads\/2025\/04\/avatar-alexandre-160x160.jpg","caption":"Alexandre Filluzeau"},"description":"Fundador del sitio web ItalPassion, apasionado de los coches italianos y de Italia en general. Aporto una mirada cr\u00edtica y t\u00e9cnica a las noticias de las marcas italianas cuando es posible. Propietario de un Maserati GranTurismo, Alfa Romeo MiTo, Lancia Fulvia y Ducati 695. Ex-propietario de un Alfa Romeo Giulia.","sameAs":["https:\/\/www.italpassion.fr\/"],"url":"https:\/\/www.italpassion.fr\/es\/author\/alexandre\/"}]}},"_links":{"self":[{"href":"https:\/\/www.italpassion.fr\/es\/wp-json\/wp\/v2\/posts\/34454","targetHints":{"allow":["GET"]}}],"collection":[{"href":"https:\/\/www.italpassion.fr\/es\/wp-json\/wp\/v2\/posts"}],"about":[{"href":"https:\/\/www.italpassion.fr\/es\/wp-json\/wp\/v2\/types\/post"}],"author":[{"embeddable":true,"href":"https:\/\/www.italpassion.fr\/es\/wp-json\/wp\/v2\/users\/1"}],"replies":[{"embeddable":true,"href":"https:\/\/www.italpassion.fr\/es\/wp-json\/wp\/v2\/comments?post=34454"}],"version-history":[{"count":1,"href":"https:\/\/www.italpassion.fr\/es\/wp-json\/wp\/v2\/posts\/34454\/revisions"}],"predecessor-version":[{"id":34455,"href":"https:\/\/www.italpassion.fr\/es\/wp-json\/wp\/v2\/posts\/34454\/revisions\/34455"}],"wp:featuredmedia":[{"embeddable":true,"href":"https:\/\/www.italpassion.fr\/es\/wp-json\/wp\/v2\/media\/33665"}],"wp:attachment":[{"href":"https:\/\/www.italpassion.fr\/es\/wp-json\/wp\/v2\/media?parent=34454"}],"wp:term":[{"taxonomy":"category","embeddable":true,"href":"https:\/\/www.italpassion.fr\/es\/wp-json\/wp\/v2\/categories?post=34454"},{"taxonomy":"post_tag","embeddable":true,"href":"https:\/\/www.italpassion.fr\/es\/wp-json\/wp\/v2\/tags?post=34454"}],"curies":[{"name":"wp","href":"https:\/\/api.w.org\/{rel}","templated":true}]}}