{"id":34155,"date":"2024-06-04T21:18:14","date_gmt":"2024-06-04T19:18:14","guid":{"rendered":"https:\/\/www.italpassion.fr\/?p=34155"},"modified":"2024-06-04T21:18:17","modified_gmt":"2024-06-04T19:18:17","slug":"fiat-500-electrico-mirafiori-fabrica-cerrada-hasta-septiembre","status":"publish","type":"post","link":"https:\/\/www.italpassion.fr\/es\/fiat\/fiat-500-electrique-lusine-de-mirafiori-fermee-jusqua-septembre\/","title":{"rendered":"Fiat 500 el\u00e9ctrico: la planta de Mirafiori cierra hasta septiembre"},"content":{"rendered":"<figure class=\"wp-block-image size-large\"><img loading=\"lazy\" decoding=\"async\" width=\"1024\" height=\"683\" src=\"https:\/\/www.italpassion.fr\/wp-content\/uploads\/2024\/04\/mirafiori-500-electrique-1024x683.jpg\" alt=\"\" class=\"wp-image-33665\" srcset=\"https:\/\/www.italpassion.fr\/wp-content\/uploads\/2024\/04\/mirafiori-500-electrique-1024x683.jpg 1024w, https:\/\/www.italpassion.fr\/wp-content\/uploads\/2024\/04\/mirafiori-500-electrique-300x200.jpg 300w, https:\/\/www.italpassion.fr\/wp-content\/uploads\/2024\/04\/mirafiori-500-electrique-768x512.jpg 768w, https:\/\/www.italpassion.fr\/wp-content\/uploads\/2024\/04\/mirafiori-500-electrique-18x12.jpg 18w, https:\/\/www.italpassion.fr\/wp-content\/uploads\/2024\/04\/mirafiori-500-electrique-561x374.jpg 561w, https:\/\/www.italpassion.fr\/wp-content\/uploads\/2024\/04\/mirafiori-500-electrique-1122x748.jpg 1122w, https:\/\/www.italpassion.fr\/wp-content\/uploads\/2024\/04\/mirafiori-500-electrique-265x177.jpg 265w, https:\/\/www.italpassion.fr\/wp-content\/uploads\/2024\/04\/mirafiori-500-electrique-531x354.jpg 531w, https:\/\/www.italpassion.fr\/wp-content\/uploads\/2024\/04\/mirafiori-500-electrique-364x243.jpg 364w, https:\/\/www.italpassion.fr\/wp-content\/uploads\/2024\/04\/mirafiori-500-electrique-728x485.jpg 728w, https:\/\/www.italpassion.fr\/wp-content\/uploads\/2024\/04\/mirafiori-500-electrique-608x405.jpg 608w, https:\/\/www.italpassion.fr\/wp-content\/uploads\/2024\/04\/mirafiori-500-electrique-758x505.jpg 758w, https:\/\/www.italpassion.fr\/wp-content\/uploads\/2024\/04\/mirafiori-500-electrique-1152x768.jpg 1152w, https:\/\/www.italpassion.fr\/wp-content\/uploads\/2024\/04\/mirafiori-500-electrique-600x400.jpg 600w, https:\/\/www.italpassion.fr\/wp-content\/uploads\/2024\/04\/mirafiori-500-electrique.jpg 1200w\" sizes=\"auto, (max-width: 1024px) 100vw, 1024px\" \/><\/figure>\n\n\n\n<p>La planta de Mirafiori en Tur\u00edn, que produce el Fiat 500 el\u00e9ctrico, ha anunciado que va a<strong> cerrado hasta septiembre<\/strong>. Esta decisi\u00f3n llega tras una serie de medidas de reducci\u00f3n de la producci\u00f3n, entre ellas el recurso a contratos de solidaridad para los empleados.<\/p>\n\n\n\n<p>Seg\u00fan el Corriere Torino, Stellantis, la empresa matriz de Fiat, ha comunicado a los sindicatos que recurrir\u00e1 a los contratos de solidaridad, es decir, a la jornada reducida, <strong>hasta el 4 de agosto.<\/strong> Esta medida afecta a casi 1.200 empleados que trabajan en la producci\u00f3n del 500. Posteriormente, <strong>la planta cerrar\u00e1 por vacaciones de verano hasta septiembre.<\/strong> Esta decisi\u00f3n se produce tras la firma de contratos de solidaridad similares para un millar de trabajadores de Maserati...<\/p>\n\n\n\n<p>Mirafiori, anta\u00f1o s\u00edmbolo de la producci\u00f3n automovil\u00edstica italiana, se encuentra ahora en una situaci\u00f3n delicada. A pesar de los esfuerzos por impulsar la producci\u00f3n con el nuevo Fiat 500 el\u00e9ctrico, que aspiraba a 100.000 unidades al a\u00f1o, los resultados est\u00e1n lejos de llegar. Seg\u00fan los sindicatos, <strong>la producci\u00f3n en mayo fue pr\u00e1cticamente nula<\/strong> y las perspectivas para los pr\u00f3ximos meses son sombr\u00edas.<\/p>\n\n\n\n<p>Los sindicatos piden al gobierno que intervenga. Luigi Paone, de Uilm Torino, se\u00f1ala que \"el precio de las disputas entre Stellantis y el Gobierno lo est\u00e1n pagando los trabajadores. Tenemos que llegar a un acuerdo lo antes posible para que la industria automovil\u00edstica se recupere\". Rocco Cutr\u00ec, secretario de la Fim Cisl Torino, a\u00f1adi\u00f3 que el gobierno debe \"hacer todo lo posible para garantizar la producci\u00f3n en Italia, y la empresa debe mostrarse m\u00e1s responsable socialmente\".<\/p>\n\n\n\n<p>Las cifras de ventas del Fiat 500 el\u00e9ctrico son preocupantes. <a href=\"https:\/\/www.italpassion.fr\/es\/fiat\/ventas-fiat-500-q1-2024-los-electricos-fallan-cuando-la-combustion-interna-se-resiste\/\">En el primer trimestre de 2024, las ventas cayeron un 50 %<\/a>. En abril de 2024, el Fiat 500 el\u00e9ctrico segu\u00eda sin estar en el top 10 de ventas de coches el\u00e9ctricos en Europa, mientras que s\u00ed lo estaba en 2023. Esta ca\u00edda de las ventas refleja los retos a los que se enfrenta la planta de Mirafiori.<\/p>\n\n\n\n<p>Los directivos y ejecutivos de Stellantis comparten las preocupaciones de los sindicatos. Insisten en la necesidad de <strong>definir una nueva misi\u00f3n para la planta de Mirafiori.<\/strong> Seg\u00fan Fabrizio Amante y Filippo Santoiemma, de AQCF-R, es crucial implantar r\u00e1pidamente una nueva l\u00ednea de producci\u00f3n para un modelo de gran volumen, aunque esto podr\u00eda llevar entre 18 y 24 meses. Esta prolongada situaci\u00f3n de precariedad est\u00e1 generando serias preocupaciones sobre la viabilidad industrial y el empleo en Mirafiori.<\/p>\n\n\n\n<p>El cierre de la planta de Mirafiori hasta septiembre es consecuencia directa de las dificultades encontradas por Stellantis y su modelo el\u00e9ctrico Fiat 500. Hace dos meses, Stellantis anunci\u00f3 <a href=\"https:\/\/www.italpassion.fr\/es\/fiat\/fiat-500-electrico-stellantis-invierte-100-millones-de-euros-para-impulsar-sus-ventas\/\">invertir\u00e1 100 millones de euros para hacer m\u00e1s competitivo el modelo el\u00e9ctrico<\/a>sin dar una fecha, y <a href=\"https:\/\/www.italpassion.fr\/es\/fiat\/carlos-tavares-confirma-que-el-fiat-500-hibrido-se-fabricara-en-italia-pero-con-un-largo-plazo-de-entrega\/\">ha confirmado finalmente un modelo h\u00edbrido<\/a>... \u00a1pero no antes de 2026! <\/p>","protected":false},"excerpt":{"rendered":"","protected":false},"author":1,"featured_media":33665,"comment_status":"open","ping_status":"open","sticky":false,"template":"","format":"standard","meta":{"_acf_changed":false,"_sitemap_exclude":false,"_sitemap_priority":"","_sitemap_frequency":"","footnotes":""},"categories":[24],"tags":[289],"class_list":["post-34155","post","type-post","status-publish","format-standard","has-post-thumbnail","hentry","category-fiat","tag-fiat-500e","generate-columns","tablet-grid-50","mobile-grid-100","grid-parent","grid-33"],"acf":[],"yoast_head":"<!-- This site is optimized with the Yoast SEO plugin v25.8 - https:\/\/yoast.com\/wordpress\/plugins\/seo\/ -->\n<title>Fiat 500 \u00e9lectrique : l&#039;usine de Mirafiori ferm\u00e9e jusqu&#039;\u00e0 septembre - ItalPassion<\/title>\n<meta name=\"description\" content=\"L&#039;usine de Mirafiori \u00e0 Turin, qui produit la Fiat 500 \u00e9lectrique, a annonc\u00e9 sa fermeture jusqu&#039;\u00e0 septembre. Cette d\u00e9cision intervient apr\u00e8s une s\u00e9rie de\" \/>\n<meta name=\"robots\" content=\"index, follow, max-snippet:-1, max-image-preview:large, max-video-preview:-1\" \/>\n<link rel=\"canonical\" href=\"https:\/\/www.italpassion.fr\/es\/fiat\/fiat-500-electrico-mirafiori-fabrica-cerrada-hasta-septiembre\/\" \/>\n<meta property=\"og:locale\" content=\"es_ES\" \/>\n<meta property=\"og:type\" content=\"article\" \/>\n<meta property=\"og:title\" content=\"Fiat 500 \u00e9lectrique : l&#039;usine de Mirafiori ferm\u00e9e jusqu&#039;\u00e0 septembre - ItalPassion\" \/>\n<meta property=\"og:description\" content=\"L&#039;usine de Mirafiori \u00e0 Turin, qui produit la Fiat 500 \u00e9lectrique, a annonc\u00e9 sa fermeture jusqu&#039;\u00e0 septembre. Cette d\u00e9cision intervient apr\u00e8s une s\u00e9rie de\" \/>\n<meta property=\"og:url\" content=\"https:\/\/www.italpassion.fr\/es\/fiat\/fiat-500-electrico-mirafiori-fabrica-cerrada-hasta-septiembre\/\" \/>\n<meta property=\"og:site_name\" content=\"ItalPassion\" \/>\n<meta property=\"article:publisher\" content=\"https:\/\/www.facebook.com\/italpassion\" \/>\n<meta property=\"article:published_time\" content=\"2024-06-04T19:18:14+00:00\" \/>\n<meta property=\"article:modified_time\" content=\"2024-06-04T19:18:17+00:00\" \/>\n<meta property=\"og:image\" content=\"https:\/\/www.italpassion.fr\/wp-content\/uploads\/2024\/04\/mirafiori-500-electrique.jpg\" \/>\n\t<meta property=\"og:image:width\" content=\"1200\" \/>\n\t<meta property=\"og:image:height\" content=\"800\" \/>\n\t<meta property=\"og:image:type\" content=\"image\/jpeg\" \/>\n<meta name=\"author\" content=\"Alexandre Filluzeau\" \/>\n<meta name=\"twitter:card\" content=\"summary_large_image\" \/>\n<meta name=\"twitter:creator\" content=\"@italpassion\" \/>\n<meta name=\"twitter:site\" content=\"@italpassion\" \/>\n<script type=\"application\/ld+json\" class=\"yoast-schema-graph\">{\"@context\":\"https:\/\/schema.org\",\"@graph\":[{\"@type\":\"NewsArticle\",\"@id\":\"https:\/\/www.italpassion.fr\/es\/fiat\/fiat-500-electrique-lusine-de-mirafiori-fermee-jusqua-septembre\/#article\",\"isPartOf\":{\"@id\":\"https:\/\/www.italpassion.fr\/es\/fiat\/fiat-500-electrique-lusine-de-mirafiori-fermee-jusqua-septembre\/\"},\"author\":{\"name\":\"Alexandre Filluzeau\",\"@id\":\"https:\/\/www.italpassion.fr\/es\/#\/schema\/person\/36f747b2a759ca202d847e85a9434ca0\"},\"headline\":\"Fiat 500 \u00e9lectrique : l&rsquo;usine de Mirafiori ferm\u00e9e jusqu&rsquo;\u00e0 septembre\",\"datePublished\":\"2024-06-04T19:18:14+00:00\",\"dateModified\":\"2024-06-04T19:18:17+00:00\",\"mainEntityOfPage\":{\"@id\":\"https:\/\/www.italpassion.fr\/es\/fiat\/fiat-500-electrique-lusine-de-mirafiori-fermee-jusqua-septembre\/\"},\"wordCount\":491,\"commentCount\":5,\"publisher\":{\"@id\":\"https:\/\/www.italpassion.fr\/es\/#organization\"},\"image\":{\"@id\":\"https:\/\/www.italpassion.fr\/es\/fiat\/fiat-500-electrique-lusine-de-mirafiori-fermee-jusqua-septembre\/#primaryimage\"},\"thumbnailUrl\":\"https:\/\/www.italpassion.fr\/wp-content\/uploads\/2024\/04\/mirafiori-500-electrique.jpg\",\"keywords\":[\"Fiat 500 \u00e9lectrique\"],\"articleSection\":[\"Fiat\"],\"inLanguage\":\"es\",\"potentialAction\":[{\"@type\":\"CommentAction\",\"name\":\"Comment\",\"target\":[\"https:\/\/www.italpassion.fr\/es\/fiat\/fiat-500-electrique-lusine-de-mirafiori-fermee-jusqua-septembre\/#respond\"]}]},{\"@type\":\"WebPage\",\"@id\":\"https:\/\/www.italpassion.fr\/es\/fiat\/fiat-500-electrique-lusine-de-mirafiori-fermee-jusqua-septembre\/\",\"url\":\"https:\/\/www.italpassion.fr\/es\/fiat\/fiat-500-electrique-lusine-de-mirafiori-fermee-jusqua-septembre\/\",\"name\":\"Fiat 500 \u00e9lectrique : l'usine de Mirafiori ferm\u00e9e jusqu'\u00e0 septembre - ItalPassion\",\"isPartOf\":{\"@id\":\"https:\/\/www.italpassion.fr\/es\/#website\"},\"primaryImageOfPage\":{\"@id\":\"https:\/\/www.italpassion.fr\/es\/fiat\/fiat-500-electrique-lusine-de-mirafiori-fermee-jusqua-septembre\/#primaryimage\"},\"image\":{\"@id\":\"https:\/\/www.italpassion.fr\/es\/fiat\/fiat-500-electrique-lusine-de-mirafiori-fermee-jusqua-septembre\/#primaryimage\"},\"thumbnailUrl\":\"https:\/\/www.italpassion.fr\/wp-content\/uploads\/2024\/04\/mirafiori-500-electrique.jpg\",\"datePublished\":\"2024-06-04T19:18:14+00:00\",\"dateModified\":\"2024-06-04T19:18:17+00:00\",\"description\":\"L'usine de Mirafiori \u00e0 Turin, qui produit la Fiat 500 \u00e9lectrique, a annonc\u00e9 sa fermeture jusqu'\u00e0 septembre. Cette d\u00e9cision intervient apr\u00e8s une s\u00e9rie de\",\"breadcrumb\":{\"@id\":\"https:\/\/www.italpassion.fr\/es\/fiat\/fiat-500-electrique-lusine-de-mirafiori-fermee-jusqua-septembre\/#breadcrumb\"},\"inLanguage\":\"es\",\"potentialAction\":[{\"@type\":\"ReadAction\",\"target\":[\"https:\/\/www.italpassion.fr\/es\/fiat\/fiat-500-electrique-lusine-de-mirafiori-fermee-jusqua-septembre\/\"]}]},{\"@type\":\"ImageObject\",\"inLanguage\":\"es\",\"@id\":\"https:\/\/www.italpassion.fr\/es\/fiat\/fiat-500-electrique-lusine-de-mirafiori-fermee-jusqua-septembre\/#primaryimage\",\"url\":\"https:\/\/www.italpassion.fr\/wp-content\/uploads\/2024\/04\/mirafiori-500-electrique.jpg\",\"contentUrl\":\"https:\/\/www.italpassion.fr\/wp-content\/uploads\/2024\/04\/mirafiori-500-electrique.jpg\",\"width\":1200,\"height\":800},{\"@type\":\"BreadcrumbList\",\"@id\":\"https:\/\/www.italpassion.fr\/es\/fiat\/fiat-500-electrique-lusine-de-mirafiori-fermee-jusqua-septembre\/#breadcrumb\",\"itemListElement\":[{\"@type\":\"ListItem\",\"position\":1,\"name\":\"Accueil\",\"item\":\"https:\/\/www.italpassion.fr\/es\/\"},{\"@type\":\"ListItem\",\"position\":2,\"name\":\"Fiat 500 \u00e9lectrique : l&rsquo;usine de Mirafiori ferm\u00e9e jusqu&rsquo;\u00e0 septembre\"}]},{\"@type\":\"WebSite\",\"@id\":\"https:\/\/www.italpassion.fr\/es\/#website\",\"url\":\"https:\/\/www.italpassion.fr\/es\/\",\"name\":\"ItalPassion\",\"description\":\"Les Passionn\u00e9s d&#039;Automobiles Italiennes\",\"publisher\":{\"@id\":\"https:\/\/www.italpassion.fr\/es\/#organization\"},\"potentialAction\":[{\"@type\":\"SearchAction\",\"target\":{\"@type\":\"EntryPoint\",\"urlTemplate\":\"https:\/\/www.italpassion.fr\/es\/?s={search_term_string}\"},\"query-input\":{\"@type\":\"PropertyValueSpecification\",\"valueRequired\":true,\"valueName\":\"search_term_string\"}}],\"inLanguage\":\"es\"},{\"@type\":\"Organization\",\"@id\":\"https:\/\/www.italpassion.fr\/es\/#organization\",\"name\":\"Italpassion\",\"url\":\"https:\/\/www.italpassion.fr\/es\/\",\"logo\":{\"@type\":\"ImageObject\",\"inLanguage\":\"es\",\"@id\":\"https:\/\/www.italpassion.fr\/es\/#\/schema\/logo\/image\/\",\"url\":\"https:\/\/www.italpassion.fr\/wp-content\/uploads\/2023\/07\/italpassion-yoast.jpg\",\"contentUrl\":\"https:\/\/www.italpassion.fr\/wp-content\/uploads\/2023\/07\/italpassion-yoast.jpg\",\"width\":696,\"height\":696,\"caption\":\"Italpassion\"},\"image\":{\"@id\":\"https:\/\/www.italpassion.fr\/es\/#\/schema\/logo\/image\/\"},\"sameAs\":[\"https:\/\/www.facebook.com\/italpassion\",\"https:\/\/x.com\/italpassion\",\"https:\/\/www.instagram.com\/italpassionfr\/\",\"https:\/\/www.youtube.com\/channel\/UCleq-ByQaA42OjhopwevRjQ\",\"https:\/\/www.facebook.com\/italpassion.en\/\",\"https:\/\/www.facebook.com\/italpassion.it\/\",\"https:\/\/www.facebook.com\/italpassion.de\/\",\"https:\/\/www.facebook.com\/italpassion.ja\/\"]},{\"@type\":\"Person\",\"@id\":\"https:\/\/www.italpassion.fr\/es\/#\/schema\/person\/36f747b2a759ca202d847e85a9434ca0\",\"name\":\"Alexandre Filluzeau\",\"image\":{\"@type\":\"ImageObject\",\"inLanguage\":\"es\",\"@id\":\"https:\/\/www.italpassion.fr\/es\/#\/schema\/person\/image\/\",\"url\":\"https:\/\/www.italpassion.fr\/wp-content\/uploads\/2025\/04\/avatar-alexandre-160x160.jpg\",\"contentUrl\":\"https:\/\/www.italpassion.fr\/wp-content\/uploads\/2025\/04\/avatar-alexandre-160x160.jpg\",\"caption\":\"Alexandre Filluzeau\"},\"description\":\"Fondateur du site ItalPassion, passionn\u00e9 de voitures italiennes et de l'Italie en g\u00e9n\u00e9ral. J'apporte un regard critique et technique aux actualit\u00e9s des marques italiennes quand cela est possible. Propri\u00e9taire d'une Maserati GranTurismo, Alfa Romeo MiTo, Lancia Fulvia et Ducati 695. Ex-propri\u00e9taire d'une Alfa Romeo Giulia.\",\"sameAs\":[\"https:\/\/www.italpassion.fr\/\"],\"url\":\"https:\/\/www.italpassion.fr\/es\/author\/alexandre\/\"}]}<\/script>\n<!-- \/ Yoast SEO plugin. -->","yoast_head_json":{"title":"Fiat 500 el\u00e9ctrico: la planta de Mirafiori cierra hasta septiembre - ItalPassion","description":"La planta de Mirafiori, en Tur\u00edn, que produce el Fiat 500 el\u00e9ctrico, ha anunciado su cierre hasta septiembre. Esta decisi\u00f3n llega tras una serie de","robots":{"index":"index","follow":"follow","max-snippet":"max-snippet:-1","max-image-preview":"max-image-preview:large","max-video-preview":"max-video-preview:-1"},"canonical":"https:\/\/www.italpassion.fr\/es\/fiat\/fiat-500-electrico-mirafiori-fabrica-cerrada-hasta-septiembre\/","og_locale":"es_ES","og_type":"article","og_title":"Fiat 500 \u00e9lectrique : l'usine de Mirafiori ferm\u00e9e jusqu'\u00e0 septembre - ItalPassion","og_description":"L'usine de Mirafiori \u00e0 Turin, qui produit la Fiat 500 \u00e9lectrique, a annonc\u00e9 sa fermeture jusqu'\u00e0 septembre. Cette d\u00e9cision intervient apr\u00e8s une s\u00e9rie de","og_url":"https:\/\/www.italpassion.fr\/es\/fiat\/fiat-500-electrico-mirafiori-fabrica-cerrada-hasta-septiembre\/","og_site_name":"ItalPassion","article_publisher":"https:\/\/www.facebook.com\/italpassion","article_published_time":"2024-06-04T19:18:14+00:00","article_modified_time":"2024-06-04T19:18:17+00:00","og_image":[{"width":1200,"height":800,"url":"https:\/\/www.italpassion.fr\/wp-content\/uploads\/2024\/04\/mirafiori-500-electrique.jpg","type":"image\/jpeg"}],"author":"Alexandre Filluzeau","twitter_card":"summary_large_image","twitter_creator":"@italpassion","twitter_site":"@italpassion","schema":{"@context":"https:\/\/schema.org","@graph":[{"@type":"NewsArticle","@id":"https:\/\/www.italpassion.fr\/es\/fiat\/fiat-500-electrique-lusine-de-mirafiori-fermee-jusqua-septembre\/#article","isPartOf":{"@id":"https:\/\/www.italpassion.fr\/es\/fiat\/fiat-500-electrique-lusine-de-mirafiori-fermee-jusqua-septembre\/"},"author":{"name":"Alexandre Filluzeau","@id":"https:\/\/www.italpassion.fr\/es\/#\/schema\/person\/36f747b2a759ca202d847e85a9434ca0"},"headline":"Fiat 500 \u00e9lectrique : l&rsquo;usine de Mirafiori ferm\u00e9e jusqu&rsquo;\u00e0 septembre","datePublished":"2024-06-04T19:18:14+00:00","dateModified":"2024-06-04T19:18:17+00:00","mainEntityOfPage":{"@id":"https:\/\/www.italpassion.fr\/es\/fiat\/fiat-500-electrique-lusine-de-mirafiori-fermee-jusqua-septembre\/"},"wordCount":491,"commentCount":5,"publisher":{"@id":"https:\/\/www.italpassion.fr\/es\/#organization"},"image":{"@id":"https:\/\/www.italpassion.fr\/es\/fiat\/fiat-500-electrique-lusine-de-mirafiori-fermee-jusqua-septembre\/#primaryimage"},"thumbnailUrl":"https:\/\/www.italpassion.fr\/wp-content\/uploads\/2024\/04\/mirafiori-500-electrique.jpg","keywords":["Fiat 500 \u00e9lectrique"],"articleSection":["Fiat"],"inLanguage":"es","potentialAction":[{"@type":"CommentAction","name":"Comment","target":["https:\/\/www.italpassion.fr\/es\/fiat\/fiat-500-electrique-lusine-de-mirafiori-fermee-jusqua-septembre\/#respond"]}]},{"@type":"WebPage","@id":"https:\/\/www.italpassion.fr\/es\/fiat\/fiat-500-electrique-lusine-de-mirafiori-fermee-jusqua-septembre\/","url":"https:\/\/www.italpassion.fr\/es\/fiat\/fiat-500-electrique-lusine-de-mirafiori-fermee-jusqua-septembre\/","name":"Fiat 500 el\u00e9ctrico: la planta de Mirafiori cierra hasta septiembre - ItalPassion","isPartOf":{"@id":"https:\/\/www.italpassion.fr\/es\/#website"},"primaryImageOfPage":{"@id":"https:\/\/www.italpassion.fr\/es\/fiat\/fiat-500-electrique-lusine-de-mirafiori-fermee-jusqua-septembre\/#primaryimage"},"image":{"@id":"https:\/\/www.italpassion.fr\/es\/fiat\/fiat-500-electrique-lusine-de-mirafiori-fermee-jusqua-septembre\/#primaryimage"},"thumbnailUrl":"https:\/\/www.italpassion.fr\/wp-content\/uploads\/2024\/04\/mirafiori-500-electrique.jpg","datePublished":"2024-06-04T19:18:14+00:00","dateModified":"2024-06-04T19:18:17+00:00","description":"La planta de Mirafiori, en Tur\u00edn, que produce el Fiat 500 el\u00e9ctrico, ha anunciado su cierre hasta septiembre. Esta decisi\u00f3n llega tras una serie de","breadcrumb":{"@id":"https:\/\/www.italpassion.fr\/es\/fiat\/fiat-500-electrique-lusine-de-mirafiori-fermee-jusqua-septembre\/#breadcrumb"},"inLanguage":"es","potentialAction":[{"@type":"ReadAction","target":["https:\/\/www.italpassion.fr\/es\/fiat\/fiat-500-electrique-lusine-de-mirafiori-fermee-jusqua-septembre\/"]}]},{"@type":"ImageObject","inLanguage":"es","@id":"https:\/\/www.italpassion.fr\/es\/fiat\/fiat-500-electrique-lusine-de-mirafiori-fermee-jusqua-septembre\/#primaryimage","url":"https:\/\/www.italpassion.fr\/wp-content\/uploads\/2024\/04\/mirafiori-500-electrique.jpg","contentUrl":"https:\/\/www.italpassion.fr\/wp-content\/uploads\/2024\/04\/mirafiori-500-electrique.jpg","width":1200,"height":800},{"@type":"BreadcrumbList","@id":"https:\/\/www.italpassion.fr\/es\/fiat\/fiat-500-electrique-lusine-de-mirafiori-fermee-jusqua-septembre\/#breadcrumb","itemListElement":[{"@type":"ListItem","position":1,"name":"Accueil","item":"https:\/\/www.italpassion.fr\/es\/"},{"@type":"ListItem","position":2,"name":"Fiat 500 \u00e9lectrique : l&rsquo;usine de Mirafiori ferm\u00e9e jusqu&rsquo;\u00e0 septembre"}]},{"@type":"WebSite","@id":"https:\/\/www.italpassion.fr\/es\/#website","url":"https:\/\/www.italpassion.fr\/es\/","name":"ItalPassion","description":"Entusiastas de los coches italianos","publisher":{"@id":"https:\/\/www.italpassion.fr\/es\/#organization"},"potentialAction":[{"@type":"SearchAction","target":{"@type":"EntryPoint","urlTemplate":"https:\/\/www.italpassion.fr\/es\/?s={search_term_string}"},"query-input":{"@type":"PropertyValueSpecification","valueRequired":true,"valueName":"search_term_string"}}],"inLanguage":"es"},{"@type":"Organization","@id":"https:\/\/www.italpassion.fr\/es\/#organization","name":"Italpassion","url":"https:\/\/www.italpassion.fr\/es\/","logo":{"@type":"ImageObject","inLanguage":"es","@id":"https:\/\/www.italpassion.fr\/es\/#\/schema\/logo\/image\/","url":"https:\/\/www.italpassion.fr\/wp-content\/uploads\/2023\/07\/italpassion-yoast.jpg","contentUrl":"https:\/\/www.italpassion.fr\/wp-content\/uploads\/2023\/07\/italpassion-yoast.jpg","width":696,"height":696,"caption":"Italpassion"},"image":{"@id":"https:\/\/www.italpassion.fr\/es\/#\/schema\/logo\/image\/"},"sameAs":["https:\/\/www.facebook.com\/italpassion","https:\/\/x.com\/italpassion","https:\/\/www.instagram.com\/italpassionfr\/","https:\/\/www.youtube.com\/channel\/UCleq-ByQaA42OjhopwevRjQ","https:\/\/www.facebook.com\/italpassion.en\/","https:\/\/www.facebook.com\/italpassion.it\/","https:\/\/www.facebook.com\/italpassion.de\/","https:\/\/www.facebook.com\/italpassion.ja\/"]},{"@type":"Person","@id":"https:\/\/www.italpassion.fr\/es\/#\/schema\/person\/36f747b2a759ca202d847e85a9434ca0","name":"Alexandre Filluzeau","image":{"@type":"ImageObject","inLanguage":"es","@id":"https:\/\/www.italpassion.fr\/es\/#\/schema\/person\/image\/","url":"https:\/\/www.italpassion.fr\/wp-content\/uploads\/2025\/04\/avatar-alexandre-160x160.jpg","contentUrl":"https:\/\/www.italpassion.fr\/wp-content\/uploads\/2025\/04\/avatar-alexandre-160x160.jpg","caption":"Alexandre Filluzeau"},"description":"Fundador del sitio web ItalPassion, apasionado de los coches italianos y de Italia en general. Aporto una mirada cr\u00edtica y t\u00e9cnica a las noticias de las marcas italianas cuando es posible. Propietario de un Maserati GranTurismo, Alfa Romeo MiTo, Lancia Fulvia y Ducati 695. Ex-propietario de un Alfa Romeo Giulia.","sameAs":["https:\/\/www.italpassion.fr\/"],"url":"https:\/\/www.italpassion.fr\/es\/author\/alexandre\/"}]}},"_links":{"self":[{"href":"https:\/\/www.italpassion.fr\/es\/wp-json\/wp\/v2\/posts\/34155","targetHints":{"allow":["GET"]}}],"collection":[{"href":"https:\/\/www.italpassion.fr\/es\/wp-json\/wp\/v2\/posts"}],"about":[{"href":"https:\/\/www.italpassion.fr\/es\/wp-json\/wp\/v2\/types\/post"}],"author":[{"embeddable":true,"href":"https:\/\/www.italpassion.fr\/es\/wp-json\/wp\/v2\/users\/1"}],"replies":[{"embeddable":true,"href":"https:\/\/www.italpassion.fr\/es\/wp-json\/wp\/v2\/comments?post=34155"}],"version-history":[{"count":1,"href":"https:\/\/www.italpassion.fr\/es\/wp-json\/wp\/v2\/posts\/34155\/revisions"}],"predecessor-version":[{"id":34156,"href":"https:\/\/www.italpassion.fr\/es\/wp-json\/wp\/v2\/posts\/34155\/revisions\/34156"}],"wp:featuredmedia":[{"embeddable":true,"href":"https:\/\/www.italpassion.fr\/es\/wp-json\/wp\/v2\/media\/33665"}],"wp:attachment":[{"href":"https:\/\/www.italpassion.fr\/es\/wp-json\/wp\/v2\/media?parent=34155"}],"wp:term":[{"taxonomy":"category","embeddable":true,"href":"https:\/\/www.italpassion.fr\/es\/wp-json\/wp\/v2\/categories?post=34155"},{"taxonomy":"post_tag","embeddable":true,"href":"https:\/\/www.italpassion.fr\/es\/wp-json\/wp\/v2\/tags?post=34155"}],"curies":[{"name":"wp","href":"https:\/\/api.w.org\/{rel}","templated":true}]}}