{"id":33664,"date":"2024-04-05T20:57:54","date_gmt":"2024-04-05T18:57:54","guid":{"rendered":"https:\/\/www.italpassion.fr\/?p=33664"},"modified":"2024-04-05T20:57:56","modified_gmt":"2024-04-05T18:57:56","slug":"la-produccion-del-fiat-500-electrico-se-reducira-a-la-mitad-en-el-primer-trimestre-de-2024","status":"publish","type":"post","link":"https:\/\/www.italpassion.fr\/es\/fiat\/fiat-500-electrique-production-reduite-de-moitie-au-premier-trimestre-2024\/","title":{"rendered":"Fiat 500 el\u00e9ctrico: la producci\u00f3n se reducir\u00e1 a la mitad en el primer trimestre de 2024"},"content":{"rendered":"<figure class=\"wp-block-image size-large\"><img loading=\"lazy\" decoding=\"async\" width=\"1024\" height=\"683\" src=\"https:\/\/www.italpassion.fr\/wp-content\/uploads\/2024\/04\/mirafiori-500-electrique-1024x683.jpg\" alt=\"\" class=\"wp-image-33665\" srcset=\"https:\/\/www.italpassion.fr\/wp-content\/uploads\/2024\/04\/mirafiori-500-electrique-1024x683.jpg 1024w, https:\/\/www.italpassion.fr\/wp-content\/uploads\/2024\/04\/mirafiori-500-electrique-300x200.jpg 300w, https:\/\/www.italpassion.fr\/wp-content\/uploads\/2024\/04\/mirafiori-500-electrique-768x512.jpg 768w, https:\/\/www.italpassion.fr\/wp-content\/uploads\/2024\/04\/mirafiori-500-electrique-18x12.jpg 18w, https:\/\/www.italpassion.fr\/wp-content\/uploads\/2024\/04\/mirafiori-500-electrique-561x374.jpg 561w, https:\/\/www.italpassion.fr\/wp-content\/uploads\/2024\/04\/mirafiori-500-electrique-1122x748.jpg 1122w, https:\/\/www.italpassion.fr\/wp-content\/uploads\/2024\/04\/mirafiori-500-electrique-265x177.jpg 265w, https:\/\/www.italpassion.fr\/wp-content\/uploads\/2024\/04\/mirafiori-500-electrique-531x354.jpg 531w, https:\/\/www.italpassion.fr\/wp-content\/uploads\/2024\/04\/mirafiori-500-electrique-364x243.jpg 364w, https:\/\/www.italpassion.fr\/wp-content\/uploads\/2024\/04\/mirafiori-500-electrique-728x485.jpg 728w, https:\/\/www.italpassion.fr\/wp-content\/uploads\/2024\/04\/mirafiori-500-electrique-608x405.jpg 608w, https:\/\/www.italpassion.fr\/wp-content\/uploads\/2024\/04\/mirafiori-500-electrique-758x505.jpg 758w, https:\/\/www.italpassion.fr\/wp-content\/uploads\/2024\/04\/mirafiori-500-electrique-1152x768.jpg 1152w, https:\/\/www.italpassion.fr\/wp-content\/uploads\/2024\/04\/mirafiori-500-electrique-600x400.jpg 600w, https:\/\/www.italpassion.fr\/wp-content\/uploads\/2024\/04\/mirafiori-500-electrique.jpg 1200w\" sizes=\"auto, (max-width: 1024px) 100vw, 1024px\" \/><\/figure>\n\n\n\n<p>La situaci\u00f3n actual de la planta de Mirafiori de Stellantis, en Tur\u00edn, sigue siendo objeto de atenci\u00f3n y preocupaci\u00f3n en la industria automovil\u00edstica italiana. Seg\u00fan los \u00faltimos an\u00e1lisis de Fim Cisl, un sindicato italiano, la producci\u00f3n en esta planta ha ca\u00eddo de forma alarmante, marcando un <strong>51% menos que el a\u00f1o anterior.<\/strong> Este declive habr\u00eda llevado a la producci\u00f3n de s\u00f3lo <strong>12.000 veh\u00edculos en el primer trimestre de 2024<\/strong>Esta cifra representa un dr\u00e1stico descenso con respecto a las 25.900 unidades producidas en el mismo periodo de 2023.<\/p>\n\n\n\n<p>Esta ralentizaci\u00f3n es a\u00fan m\u00e1s llamativa si se tiene en cuenta que la planta de Mirafiori es la que ha experimentado la reducci\u00f3n de producci\u00f3n m\u00e1s significativa de todos los centros italianos de Stellantis, ya que el Grupo ha registrado una desaceleraci\u00f3n media de la producci\u00f3n de autom\u00f3viles en Italia de 9,8 %. La producci\u00f3n en <strong>el Fiat 500 el\u00e9ctrico representa el 90 % de los vol\u00famenes de la f\u00e1brica<\/strong>Con 11.360 unidades, el resto se atribuy\u00f3 a la producci\u00f3n de modelos Maserati, que representaron s\u00f3lo 1.320 unidades.<\/p>\n\n\n\n<p>Ante esta precaria situaci\u00f3n, <strong>La Fim Cisl insiste en la urgencia de diversificar la producci\u00f3n <\/strong>de la planta introduciendo nuevos modelos de veh\u00edculos con vol\u00famenes elevados y no s\u00f3lo modelos de nicho. Esta estrategia es crucial para que Mirafiori sobreviva como planta clave de producci\u00f3n de autom\u00f3viles. Por ello, el 12 de abril se celebrar\u00e1 en Tur\u00edn una jornada de huelga y manifestaciones.<\/p>\n\n\n\n<p>En una reciente reuni\u00f3n gubernamental sobre la industria del autom\u00f3vil, <a href=\"https:\/\/www.italpassion.fr\/es\/stellantis\/fiat-500-planta-electrica-en-crisis-los-sindicatos-dicen-que-la-reunion-con-stellantis-no-tiene-sentido\/\">la direcci\u00f3n de Stellantis ha reafirmado la importancia estrat\u00e9gica de la planta de Mirafiori<\/a>. Sin embargo, a pesar de este reconocimiento, actualmente no est\u00e1 previsto destinar ning\u00fan nuevo modelo de autom\u00f3vil a la producci\u00f3n en Tur\u00edn. En la reuni\u00f3n, Stellantis afirm\u00f3 estar \"estudiando un mecanismo que abarate los 500 el\u00e9ctricos, para que tambi\u00e9n podamos producir m\u00e1s\".<\/p>\n\n\n\n<p>La \u00fanica esperanza sigue siendo <a href=\"https:\/\/www.italpassion.fr\/es\/fiat\/los-proveedores-de-fiat-500-thermal-en-italia-reciben-una-carta-de-stellantis\/\">la introducci\u00f3n de una versi\u00f3n h\u00edbrida t\u00e9rmica<\/a> para complementar la versi\u00f3n el\u00e9ctrica del 500. As\u00ed que la historia no ha terminado...<\/p>","protected":false},"excerpt":{"rendered":"","protected":false},"author":1,"featured_media":33665,"comment_status":"open","ping_status":"open","sticky":false,"template":"","format":"standard","meta":{"_acf_changed":false,"_sitemap_exclude":false,"_sitemap_priority":"","_sitemap_frequency":"","footnotes":""},"categories":[24],"tags":[],"class_list":["post-33664","post","type-post","status-publish","format-standard","has-post-thumbnail","hentry","category-fiat","generate-columns","tablet-grid-50","mobile-grid-100","grid-parent","grid-33"],"acf":[],"yoast_head":"<!-- This site is optimized with the Yoast SEO plugin v25.8 - https:\/\/yoast.com\/wordpress\/plugins\/seo\/ -->\n<title>Fiat 500 \u00e9lectrique : production r\u00e9duite de moiti\u00e9 au premier trimestre 2024 - ItalPassion<\/title>\n<meta name=\"description\" content=\"Toujours au c\u0153ur de l&#039;actualit\u00e9 automobile italienne, la situation actuelle de l&#039;usine Mirafiori de Stellantis \u00e0 Turin capture l&#039;attention et suscite\" \/>\n<meta name=\"robots\" content=\"index, follow, max-snippet:-1, max-image-preview:large, max-video-preview:-1\" \/>\n<link rel=\"canonical\" href=\"https:\/\/www.italpassion.fr\/es\/fiat\/la-produccion-del-fiat-500-electrico-se-reducira-a-la-mitad-en-el-primer-trimestre-de-2024\/\" \/>\n<meta property=\"og:locale\" content=\"es_ES\" \/>\n<meta property=\"og:type\" content=\"article\" \/>\n<meta property=\"og:title\" content=\"Fiat 500 \u00e9lectrique : production r\u00e9duite de moiti\u00e9 au premier trimestre 2024 - ItalPassion\" \/>\n<meta property=\"og:description\" content=\"Toujours au c\u0153ur de l&#039;actualit\u00e9 automobile italienne, la situation actuelle de l&#039;usine Mirafiori de Stellantis \u00e0 Turin capture l&#039;attention et suscite\" \/>\n<meta property=\"og:url\" content=\"https:\/\/www.italpassion.fr\/es\/fiat\/la-produccion-del-fiat-500-electrico-se-reducira-a-la-mitad-en-el-primer-trimestre-de-2024\/\" \/>\n<meta property=\"og:site_name\" content=\"ItalPassion\" \/>\n<meta property=\"article:publisher\" content=\"https:\/\/www.facebook.com\/italpassion\" \/>\n<meta property=\"article:published_time\" content=\"2024-04-05T18:57:54+00:00\" \/>\n<meta property=\"article:modified_time\" content=\"2024-04-05T18:57:56+00:00\" \/>\n<meta property=\"og:image\" content=\"https:\/\/www.italpassion.fr\/wp-content\/uploads\/2024\/04\/mirafiori-500-electrique.jpg\" \/>\n\t<meta property=\"og:image:width\" content=\"1200\" \/>\n\t<meta property=\"og:image:height\" content=\"800\" \/>\n\t<meta property=\"og:image:type\" content=\"image\/jpeg\" \/>\n<meta name=\"author\" content=\"Alexandre Filluzeau\" \/>\n<meta name=\"twitter:card\" content=\"summary_large_image\" \/>\n<meta name=\"twitter:creator\" content=\"@italpassion\" \/>\n<meta name=\"twitter:site\" content=\"@italpassion\" \/>\n<script type=\"application\/ld+json\" class=\"yoast-schema-graph\">{\"@context\":\"https:\/\/schema.org\",\"@graph\":[{\"@type\":\"NewsArticle\",\"@id\":\"https:\/\/www.italpassion.fr\/es\/fiat\/fiat-500-electrique-production-reduite-de-moitie-au-premier-trimestre-2024\/#article\",\"isPartOf\":{\"@id\":\"https:\/\/www.italpassion.fr\/es\/fiat\/fiat-500-electrique-production-reduite-de-moitie-au-premier-trimestre-2024\/\"},\"author\":{\"name\":\"Alexandre Filluzeau\",\"@id\":\"https:\/\/www.italpassion.fr\/es\/#\/schema\/person\/36f747b2a759ca202d847e85a9434ca0\"},\"headline\":\"Fiat 500 \u00e9lectrique : production r\u00e9duite de moiti\u00e9 au premier trimestre 2024\",\"datePublished\":\"2024-04-05T18:57:54+00:00\",\"dateModified\":\"2024-04-05T18:57:56+00:00\",\"mainEntityOfPage\":{\"@id\":\"https:\/\/www.italpassion.fr\/es\/fiat\/fiat-500-electrique-production-reduite-de-moitie-au-premier-trimestre-2024\/\"},\"wordCount\":379,\"commentCount\":6,\"publisher\":{\"@id\":\"https:\/\/www.italpassion.fr\/es\/#organization\"},\"image\":{\"@id\":\"https:\/\/www.italpassion.fr\/es\/fiat\/fiat-500-electrique-production-reduite-de-moitie-au-premier-trimestre-2024\/#primaryimage\"},\"thumbnailUrl\":\"https:\/\/www.italpassion.fr\/wp-content\/uploads\/2024\/04\/mirafiori-500-electrique.jpg\",\"articleSection\":[\"Fiat\"],\"inLanguage\":\"es\",\"potentialAction\":[{\"@type\":\"CommentAction\",\"name\":\"Comment\",\"target\":[\"https:\/\/www.italpassion.fr\/es\/fiat\/fiat-500-electrique-production-reduite-de-moitie-au-premier-trimestre-2024\/#respond\"]}]},{\"@type\":\"WebPage\",\"@id\":\"https:\/\/www.italpassion.fr\/es\/fiat\/fiat-500-electrique-production-reduite-de-moitie-au-premier-trimestre-2024\/\",\"url\":\"https:\/\/www.italpassion.fr\/es\/fiat\/fiat-500-electrique-production-reduite-de-moitie-au-premier-trimestre-2024\/\",\"name\":\"Fiat 500 \u00e9lectrique : production r\u00e9duite de moiti\u00e9 au premier trimestre 2024 - ItalPassion\",\"isPartOf\":{\"@id\":\"https:\/\/www.italpassion.fr\/es\/#website\"},\"primaryImageOfPage\":{\"@id\":\"https:\/\/www.italpassion.fr\/es\/fiat\/fiat-500-electrique-production-reduite-de-moitie-au-premier-trimestre-2024\/#primaryimage\"},\"image\":{\"@id\":\"https:\/\/www.italpassion.fr\/es\/fiat\/fiat-500-electrique-production-reduite-de-moitie-au-premier-trimestre-2024\/#primaryimage\"},\"thumbnailUrl\":\"https:\/\/www.italpassion.fr\/wp-content\/uploads\/2024\/04\/mirafiori-500-electrique.jpg\",\"datePublished\":\"2024-04-05T18:57:54+00:00\",\"dateModified\":\"2024-04-05T18:57:56+00:00\",\"description\":\"Toujours au c\u0153ur de l'actualit\u00e9 automobile italienne, la situation actuelle de l'usine Mirafiori de Stellantis \u00e0 Turin capture l'attention et suscite\",\"breadcrumb\":{\"@id\":\"https:\/\/www.italpassion.fr\/es\/fiat\/fiat-500-electrique-production-reduite-de-moitie-au-premier-trimestre-2024\/#breadcrumb\"},\"inLanguage\":\"es\",\"potentialAction\":[{\"@type\":\"ReadAction\",\"target\":[\"https:\/\/www.italpassion.fr\/es\/fiat\/fiat-500-electrique-production-reduite-de-moitie-au-premier-trimestre-2024\/\"]}]},{\"@type\":\"ImageObject\",\"inLanguage\":\"es\",\"@id\":\"https:\/\/www.italpassion.fr\/es\/fiat\/fiat-500-electrique-production-reduite-de-moitie-au-premier-trimestre-2024\/#primaryimage\",\"url\":\"https:\/\/www.italpassion.fr\/wp-content\/uploads\/2024\/04\/mirafiori-500-electrique.jpg\",\"contentUrl\":\"https:\/\/www.italpassion.fr\/wp-content\/uploads\/2024\/04\/mirafiori-500-electrique.jpg\",\"width\":1200,\"height\":800},{\"@type\":\"BreadcrumbList\",\"@id\":\"https:\/\/www.italpassion.fr\/es\/fiat\/fiat-500-electrique-production-reduite-de-moitie-au-premier-trimestre-2024\/#breadcrumb\",\"itemListElement\":[{\"@type\":\"ListItem\",\"position\":1,\"name\":\"Accueil\",\"item\":\"https:\/\/www.italpassion.fr\/es\/\"},{\"@type\":\"ListItem\",\"position\":2,\"name\":\"Fiat 500 \u00e9lectrique : production r\u00e9duite de moiti\u00e9 au premier trimestre 2024\"}]},{\"@type\":\"WebSite\",\"@id\":\"https:\/\/www.italpassion.fr\/es\/#website\",\"url\":\"https:\/\/www.italpassion.fr\/es\/\",\"name\":\"ItalPassion\",\"description\":\"Les Passionn\u00e9s d&#039;Automobiles Italiennes\",\"publisher\":{\"@id\":\"https:\/\/www.italpassion.fr\/es\/#organization\"},\"potentialAction\":[{\"@type\":\"SearchAction\",\"target\":{\"@type\":\"EntryPoint\",\"urlTemplate\":\"https:\/\/www.italpassion.fr\/es\/?s={search_term_string}\"},\"query-input\":{\"@type\":\"PropertyValueSpecification\",\"valueRequired\":true,\"valueName\":\"search_term_string\"}}],\"inLanguage\":\"es\"},{\"@type\":\"Organization\",\"@id\":\"https:\/\/www.italpassion.fr\/es\/#organization\",\"name\":\"Italpassion\",\"url\":\"https:\/\/www.italpassion.fr\/es\/\",\"logo\":{\"@type\":\"ImageObject\",\"inLanguage\":\"es\",\"@id\":\"https:\/\/www.italpassion.fr\/es\/#\/schema\/logo\/image\/\",\"url\":\"https:\/\/www.italpassion.fr\/wp-content\/uploads\/2023\/07\/italpassion-yoast.jpg\",\"contentUrl\":\"https:\/\/www.italpassion.fr\/wp-content\/uploads\/2023\/07\/italpassion-yoast.jpg\",\"width\":696,\"height\":696,\"caption\":\"Italpassion\"},\"image\":{\"@id\":\"https:\/\/www.italpassion.fr\/es\/#\/schema\/logo\/image\/\"},\"sameAs\":[\"https:\/\/www.facebook.com\/italpassion\",\"https:\/\/x.com\/italpassion\",\"https:\/\/www.instagram.com\/italpassionfr\/\",\"https:\/\/www.youtube.com\/channel\/UCleq-ByQaA42OjhopwevRjQ\",\"https:\/\/www.facebook.com\/italpassion.en\/\",\"https:\/\/www.facebook.com\/italpassion.it\/\",\"https:\/\/www.facebook.com\/italpassion.de\/\",\"https:\/\/www.facebook.com\/italpassion.ja\/\"]},{\"@type\":\"Person\",\"@id\":\"https:\/\/www.italpassion.fr\/es\/#\/schema\/person\/36f747b2a759ca202d847e85a9434ca0\",\"name\":\"Alexandre Filluzeau\",\"image\":{\"@type\":\"ImageObject\",\"inLanguage\":\"es\",\"@id\":\"https:\/\/www.italpassion.fr\/es\/#\/schema\/person\/image\/\",\"url\":\"https:\/\/www.italpassion.fr\/wp-content\/uploads\/2025\/04\/avatar-alexandre-160x160.jpg\",\"contentUrl\":\"https:\/\/www.italpassion.fr\/wp-content\/uploads\/2025\/04\/avatar-alexandre-160x160.jpg\",\"caption\":\"Alexandre Filluzeau\"},\"description\":\"Fondateur du site ItalPassion, passionn\u00e9 de voitures italiennes et de l'Italie en g\u00e9n\u00e9ral. J'apporte un regard critique et technique aux actualit\u00e9s des marques italiennes quand cela est possible. Propri\u00e9taire d'une Maserati GranTurismo, Alfa Romeo MiTo, Lancia Fulvia et Ducati 695. Ex-propri\u00e9taire d'une Alfa Romeo Giulia.\",\"sameAs\":[\"https:\/\/www.italpassion.fr\/\"],\"url\":\"https:\/\/www.italpassion.fr\/es\/author\/alexandre\/\"}]}<\/script>\n<!-- \/ Yoast SEO plugin. -->","yoast_head_json":{"title":"Fiat 500 el\u00e9ctrico: la producci\u00f3n se reducir\u00e1 a la mitad en el primer trimestre de 2024 - ItalPassion","description":"La situaci\u00f3n actual de la planta de Mirafiori de Stellantis, en Tur\u00edn, sigue ocupando el centro de la actualidad automovil\u00edstica italiana y suscita una gran atenci\u00f3n.","robots":{"index":"index","follow":"follow","max-snippet":"max-snippet:-1","max-image-preview":"max-image-preview:large","max-video-preview":"max-video-preview:-1"},"canonical":"https:\/\/www.italpassion.fr\/es\/fiat\/la-produccion-del-fiat-500-electrico-se-reducira-a-la-mitad-en-el-primer-trimestre-de-2024\/","og_locale":"es_ES","og_type":"article","og_title":"Fiat 500 \u00e9lectrique : production r\u00e9duite de moiti\u00e9 au premier trimestre 2024 - ItalPassion","og_description":"Toujours au c\u0153ur de l'actualit\u00e9 automobile italienne, la situation actuelle de l'usine Mirafiori de Stellantis \u00e0 Turin capture l'attention et suscite","og_url":"https:\/\/www.italpassion.fr\/es\/fiat\/la-produccion-del-fiat-500-electrico-se-reducira-a-la-mitad-en-el-primer-trimestre-de-2024\/","og_site_name":"ItalPassion","article_publisher":"https:\/\/www.facebook.com\/italpassion","article_published_time":"2024-04-05T18:57:54+00:00","article_modified_time":"2024-04-05T18:57:56+00:00","og_image":[{"width":1200,"height":800,"url":"https:\/\/www.italpassion.fr\/wp-content\/uploads\/2024\/04\/mirafiori-500-electrique.jpg","type":"image\/jpeg"}],"author":"Alexandre Filluzeau","twitter_card":"summary_large_image","twitter_creator":"@italpassion","twitter_site":"@italpassion","schema":{"@context":"https:\/\/schema.org","@graph":[{"@type":"NewsArticle","@id":"https:\/\/www.italpassion.fr\/es\/fiat\/fiat-500-electrique-production-reduite-de-moitie-au-premier-trimestre-2024\/#article","isPartOf":{"@id":"https:\/\/www.italpassion.fr\/es\/fiat\/fiat-500-electrique-production-reduite-de-moitie-au-premier-trimestre-2024\/"},"author":{"name":"Alexandre Filluzeau","@id":"https:\/\/www.italpassion.fr\/es\/#\/schema\/person\/36f747b2a759ca202d847e85a9434ca0"},"headline":"Fiat 500 \u00e9lectrique : production r\u00e9duite de moiti\u00e9 au premier trimestre 2024","datePublished":"2024-04-05T18:57:54+00:00","dateModified":"2024-04-05T18:57:56+00:00","mainEntityOfPage":{"@id":"https:\/\/www.italpassion.fr\/es\/fiat\/fiat-500-electrique-production-reduite-de-moitie-au-premier-trimestre-2024\/"},"wordCount":379,"commentCount":6,"publisher":{"@id":"https:\/\/www.italpassion.fr\/es\/#organization"},"image":{"@id":"https:\/\/www.italpassion.fr\/es\/fiat\/fiat-500-electrique-production-reduite-de-moitie-au-premier-trimestre-2024\/#primaryimage"},"thumbnailUrl":"https:\/\/www.italpassion.fr\/wp-content\/uploads\/2024\/04\/mirafiori-500-electrique.jpg","articleSection":["Fiat"],"inLanguage":"es","potentialAction":[{"@type":"CommentAction","name":"Comment","target":["https:\/\/www.italpassion.fr\/es\/fiat\/fiat-500-electrique-production-reduite-de-moitie-au-premier-trimestre-2024\/#respond"]}]},{"@type":"WebPage","@id":"https:\/\/www.italpassion.fr\/es\/fiat\/fiat-500-electrique-production-reduite-de-moitie-au-premier-trimestre-2024\/","url":"https:\/\/www.italpassion.fr\/es\/fiat\/fiat-500-electrique-production-reduite-de-moitie-au-premier-trimestre-2024\/","name":"Fiat 500 el\u00e9ctrico: la producci\u00f3n se reducir\u00e1 a la mitad en el primer trimestre de 2024 - ItalPassion","isPartOf":{"@id":"https:\/\/www.italpassion.fr\/es\/#website"},"primaryImageOfPage":{"@id":"https:\/\/www.italpassion.fr\/es\/fiat\/fiat-500-electrique-production-reduite-de-moitie-au-premier-trimestre-2024\/#primaryimage"},"image":{"@id":"https:\/\/www.italpassion.fr\/es\/fiat\/fiat-500-electrique-production-reduite-de-moitie-au-premier-trimestre-2024\/#primaryimage"},"thumbnailUrl":"https:\/\/www.italpassion.fr\/wp-content\/uploads\/2024\/04\/mirafiori-500-electrique.jpg","datePublished":"2024-04-05T18:57:54+00:00","dateModified":"2024-04-05T18:57:56+00:00","description":"La situaci\u00f3n actual de la planta de Mirafiori de Stellantis, en Tur\u00edn, sigue ocupando el centro de la actualidad automovil\u00edstica italiana y suscita una gran atenci\u00f3n.","breadcrumb":{"@id":"https:\/\/www.italpassion.fr\/es\/fiat\/fiat-500-electrique-production-reduite-de-moitie-au-premier-trimestre-2024\/#breadcrumb"},"inLanguage":"es","potentialAction":[{"@type":"ReadAction","target":["https:\/\/www.italpassion.fr\/es\/fiat\/fiat-500-electrique-production-reduite-de-moitie-au-premier-trimestre-2024\/"]}]},{"@type":"ImageObject","inLanguage":"es","@id":"https:\/\/www.italpassion.fr\/es\/fiat\/fiat-500-electrique-production-reduite-de-moitie-au-premier-trimestre-2024\/#primaryimage","url":"https:\/\/www.italpassion.fr\/wp-content\/uploads\/2024\/04\/mirafiori-500-electrique.jpg","contentUrl":"https:\/\/www.italpassion.fr\/wp-content\/uploads\/2024\/04\/mirafiori-500-electrique.jpg","width":1200,"height":800},{"@type":"BreadcrumbList","@id":"https:\/\/www.italpassion.fr\/es\/fiat\/fiat-500-electrique-production-reduite-de-moitie-au-premier-trimestre-2024\/#breadcrumb","itemListElement":[{"@type":"ListItem","position":1,"name":"Accueil","item":"https:\/\/www.italpassion.fr\/es\/"},{"@type":"ListItem","position":2,"name":"Fiat 500 \u00e9lectrique : production r\u00e9duite de moiti\u00e9 au premier trimestre 2024"}]},{"@type":"WebSite","@id":"https:\/\/www.italpassion.fr\/es\/#website","url":"https:\/\/www.italpassion.fr\/es\/","name":"ItalPassion","description":"Entusiastas de los coches italianos","publisher":{"@id":"https:\/\/www.italpassion.fr\/es\/#organization"},"potentialAction":[{"@type":"SearchAction","target":{"@type":"EntryPoint","urlTemplate":"https:\/\/www.italpassion.fr\/es\/?s={search_term_string}"},"query-input":{"@type":"PropertyValueSpecification","valueRequired":true,"valueName":"search_term_string"}}],"inLanguage":"es"},{"@type":"Organization","@id":"https:\/\/www.italpassion.fr\/es\/#organization","name":"Italpassion","url":"https:\/\/www.italpassion.fr\/es\/","logo":{"@type":"ImageObject","inLanguage":"es","@id":"https:\/\/www.italpassion.fr\/es\/#\/schema\/logo\/image\/","url":"https:\/\/www.italpassion.fr\/wp-content\/uploads\/2023\/07\/italpassion-yoast.jpg","contentUrl":"https:\/\/www.italpassion.fr\/wp-content\/uploads\/2023\/07\/italpassion-yoast.jpg","width":696,"height":696,"caption":"Italpassion"},"image":{"@id":"https:\/\/www.italpassion.fr\/es\/#\/schema\/logo\/image\/"},"sameAs":["https:\/\/www.facebook.com\/italpassion","https:\/\/x.com\/italpassion","https:\/\/www.instagram.com\/italpassionfr\/","https:\/\/www.youtube.com\/channel\/UCleq-ByQaA42OjhopwevRjQ","https:\/\/www.facebook.com\/italpassion.en\/","https:\/\/www.facebook.com\/italpassion.it\/","https:\/\/www.facebook.com\/italpassion.de\/","https:\/\/www.facebook.com\/italpassion.ja\/"]},{"@type":"Person","@id":"https:\/\/www.italpassion.fr\/es\/#\/schema\/person\/36f747b2a759ca202d847e85a9434ca0","name":"Alexandre Filluzeau","image":{"@type":"ImageObject","inLanguage":"es","@id":"https:\/\/www.italpassion.fr\/es\/#\/schema\/person\/image\/","url":"https:\/\/www.italpassion.fr\/wp-content\/uploads\/2025\/04\/avatar-alexandre-160x160.jpg","contentUrl":"https:\/\/www.italpassion.fr\/wp-content\/uploads\/2025\/04\/avatar-alexandre-160x160.jpg","caption":"Alexandre Filluzeau"},"description":"Fundador del sitio web ItalPassion, apasionado de los coches italianos y de Italia en general. Aporto una mirada cr\u00edtica y t\u00e9cnica a las noticias de las marcas italianas cuando es posible. Propietario de un Maserati GranTurismo, Alfa Romeo MiTo, Lancia Fulvia y Ducati 695. Ex-propietario de un Alfa Romeo Giulia.","sameAs":["https:\/\/www.italpassion.fr\/"],"url":"https:\/\/www.italpassion.fr\/es\/author\/alexandre\/"}]}},"_links":{"self":[{"href":"https:\/\/www.italpassion.fr\/es\/wp-json\/wp\/v2\/posts\/33664","targetHints":{"allow":["GET"]}}],"collection":[{"href":"https:\/\/www.italpassion.fr\/es\/wp-json\/wp\/v2\/posts"}],"about":[{"href":"https:\/\/www.italpassion.fr\/es\/wp-json\/wp\/v2\/types\/post"}],"author":[{"embeddable":true,"href":"https:\/\/www.italpassion.fr\/es\/wp-json\/wp\/v2\/users\/1"}],"replies":[{"embeddable":true,"href":"https:\/\/www.italpassion.fr\/es\/wp-json\/wp\/v2\/comments?post=33664"}],"version-history":[{"count":1,"href":"https:\/\/www.italpassion.fr\/es\/wp-json\/wp\/v2\/posts\/33664\/revisions"}],"predecessor-version":[{"id":33666,"href":"https:\/\/www.italpassion.fr\/es\/wp-json\/wp\/v2\/posts\/33664\/revisions\/33666"}],"wp:featuredmedia":[{"embeddable":true,"href":"https:\/\/www.italpassion.fr\/es\/wp-json\/wp\/v2\/media\/33665"}],"wp:attachment":[{"href":"https:\/\/www.italpassion.fr\/es\/wp-json\/wp\/v2\/media?parent=33664"}],"wp:term":[{"taxonomy":"category","embeddable":true,"href":"https:\/\/www.italpassion.fr\/es\/wp-json\/wp\/v2\/categories?post=33664"},{"taxonomy":"post_tag","embeddable":true,"href":"https:\/\/www.italpassion.fr\/es\/wp-json\/wp\/v2\/tags?post=33664"}],"curies":[{"name":"wp","href":"https:\/\/api.w.org\/{rel}","templated":true}]}}