{"id":32985,"date":"2024-01-29T21:41:21","date_gmt":"2024-01-29T20:41:21","guid":{"rendered":"https:\/\/www.italpassion.fr\/?p=32985"},"modified":"2024-01-29T21:41:24","modified_gmt":"2024-01-29T20:41:24","slug":"por-que-fiat-quiere-sustituir-su-500-electrico-tan-pronto","status":"publish","type":"post","link":"https:\/\/www.italpassion.fr\/es\/fiat\/voila-pourquoi-fiat-veut-remplacer-si-tot-sa-500-electrique\/","title":{"rendered":"Por qu\u00e9 Fiat quiere sustituir su 500 el\u00e9ctrico tan pronto"},"content":{"rendered":"<figure class=\"wp-block-image size-large\"><img loading=\"lazy\" decoding=\"async\" width=\"1024\" height=\"683\" src=\"https:\/\/www.italpassion.fr\/wp-content\/uploads\/2023\/09\/fiat-500-miarfiori-1024x683.jpg\" alt=\"fiat-500-miarfiori\" class=\"wp-image-32096\" srcset=\"https:\/\/www.italpassion.fr\/wp-content\/uploads\/2023\/09\/fiat-500-miarfiori-1024x683.jpg 1024w, https:\/\/www.italpassion.fr\/wp-content\/uploads\/2023\/09\/fiat-500-miarfiori-300x200.jpg 300w, https:\/\/www.italpassion.fr\/wp-content\/uploads\/2023\/09\/fiat-500-miarfiori-768x512.jpg 768w, https:\/\/www.italpassion.fr\/wp-content\/uploads\/2023\/09\/fiat-500-miarfiori-18x12.jpg 18w, https:\/\/www.italpassion.fr\/wp-content\/uploads\/2023\/09\/fiat-500-miarfiori-561x374.jpg 561w, https:\/\/www.italpassion.fr\/wp-content\/uploads\/2023\/09\/fiat-500-miarfiori-1122x748.jpg 1122w, https:\/\/www.italpassion.fr\/wp-content\/uploads\/2023\/09\/fiat-500-miarfiori-265x177.jpg 265w, https:\/\/www.italpassion.fr\/wp-content\/uploads\/2023\/09\/fiat-500-miarfiori-531x354.jpg 531w, https:\/\/www.italpassion.fr\/wp-content\/uploads\/2023\/09\/fiat-500-miarfiori-364x243.jpg 364w, https:\/\/www.italpassion.fr\/wp-content\/uploads\/2023\/09\/fiat-500-miarfiori-728x485.jpg 728w, https:\/\/www.italpassion.fr\/wp-content\/uploads\/2023\/09\/fiat-500-miarfiori-608x405.jpg 608w, https:\/\/www.italpassion.fr\/wp-content\/uploads\/2023\/09\/fiat-500-miarfiori-758x505.jpg 758w, https:\/\/www.italpassion.fr\/wp-content\/uploads\/2023\/09\/fiat-500-miarfiori-1152x768.jpg 1152w, https:\/\/www.italpassion.fr\/wp-content\/uploads\/2023\/09\/fiat-500-miarfiori-600x400.jpg 600w, https:\/\/www.italpassion.fr\/wp-content\/uploads\/2023\/09\/fiat-500-miarfiori.jpg 1200w\" sizes=\"auto, (max-width: 1024px) 100vw, 1024px\" \/><\/figure>\n\n\n\n<p>En 2007, <a href=\"https:\/\/www.italpassion.fr\/es\/fiat\/\">Fiat<\/a> relanz\u00f3 un icono del automovilismo, el 500. Todav\u00eda hoy en producci\u00f3n, batiendo todos los r\u00e9cords de longevidad, el nuevo 500 el\u00e9ctrico no deber\u00eda seguir el mismo camino. El hecho es que, <strong>Stellantis tiene previsto sustituir este coche tras s\u00f3lo unos a\u00f1os en el negocio.<\/strong><\/p>\n\n\n\n<p>Fue en 2020, en plena \u00e9poca covacha, cuando Olivier Fran\u00e7ois, responsable de la marca, present\u00f3 el nuevo 500 el\u00e9ctrico. Este nuevo modelo es diferente de su predecesor en muchos aspectos. Desarrollado sobre una base completamente <strong>nueva plataforma,<\/strong> s\u00f3lo disponible en <strong>100 % el\u00e9ctrico,<\/strong> y<strong> Hecho en Italia.<\/strong><\/p>\n\n\n\n<p>Si no <strong>objetivo oficial de marketing<\/strong> Olivier Fran\u00e7ois hab\u00eda dicho inicialmente que quer\u00eda producir 100.000 Fiat 500 el\u00e9ctricos al a\u00f1o, pero luego cambi\u00f3 de opini\u00f3n y se decidi\u00f3 por 80.000. Al final, <a href=\"https:\/\/www.italpassion.fr\/es\/fiat\/el-fiat-500-electrico-cifra-sus-ventas-en-2023\/\">las ventas del 500 el\u00e9ctrico se estabilizan<\/a> con 66.000 unidades en 2022 y 65.000 unidades en 2023, gracias sobre todo a Francia y Alemania. Es probable que 2024 se mantenga al mismo nivel a pesar de <a href=\"https:\/\/www.italpassion.fr\/es\/fiat\/el-nuevo-fiat-500-electrico-vuelve-a-ee-uu-esta-vez-de-verdad\/\">el lanzamiento del modelo en EE.UU.<\/a> hace unos meses.<\/p>\n\n\n\n<p>Hay muchas razones por las que las ventas pueden estar por debajo de los objetivos. Pero una forma sencilla de aumentar las ventas<strong> ser\u00eda bajar el precio del<\/strong>. A modo de comparaci\u00f3n, el 500 el\u00e9ctrico cuesta 30.400 euros por un motor de 70 kW, el 600 el\u00e9ctrico 35.900 euros por 115 kW y el Citro\u00ebn e-C3, primo t\u00e9cnico del futuro Fiat Panda, cuesta 23.300 euros por 83 kW. Puede que sean unos miles de euros demasiado caros.<\/p>\n\n\n\n<p>Aunque lleno de calidad, el hecho de que el actual 500 el\u00e9ctrico se fabrique en Mirafiori (con Maseratis), y <strong>sin la posibilidad (o el deseo) de poner en com\u00fan<\/strong> Su plataforma \u00fanica limita la inversi\u00f3n y el desarrollo. El otro caso evidente es el del 500 Abarth, sobre la misma plataforma, con sus 155 CV, mientras que el 600 Abarth, sobre la plataforma CMP, deber\u00eda ofrecer 240 CV.<\/p>\n\n\n\n<p>Por eso, en el <a href=\"https:\/\/www.italpassion.fr\/es\/fiat\/fiat-excluye-futuros-modelos-hasta-2029\/\">Plan de productos Fiat 2029<\/a> desvelado hace unos d\u00edas, <strong>un nuevo 500 el\u00e9ctrico basado en la plataforma STLA Small est\u00e1 previsto para 2027 <\/strong>(si no llega tarde). Compartir\u00e1, seg\u00fan <a href=\"https:\/\/www.italpassion.fr\/es\/stellantis\/plan-de-productos-stellantis-hasta-2028-con-las-plataformas\/\">la hoja de ruta de Stellantis 2028<\/a>Stellantis ha optado por utilizar la misma plataforma con los futuros Peugeot 2008, Peugeot 208, Opel Corsa, DS3 Crossback, Opel Mokka y Citro\u00ebn C4. Esta es la soluci\u00f3n de Stellantis para agrupar los costes de desarrollo y fabricaci\u00f3n, lo que le permite ofrecer modelos a precios competitivos con unas prestaciones l\u00edderes en el mercado.<\/p>","protected":false},"excerpt":{"rendered":"","protected":false},"author":1,"featured_media":32096,"comment_status":"open","ping_status":"open","sticky":false,"template":"","format":"standard","meta":{"_acf_changed":false,"_sitemap_exclude":false,"_sitemap_priority":"","_sitemap_frequency":"","footnotes":""},"categories":[24],"tags":[],"class_list":["post-32985","post","type-post","status-publish","format-standard","has-post-thumbnail","hentry","category-fiat","generate-columns","tablet-grid-50","mobile-grid-100","grid-parent","grid-33"],"acf":[],"yoast_head":"<!-- This site is optimized with the Yoast SEO plugin v25.8 - https:\/\/yoast.com\/wordpress\/plugins\/seo\/ -->\n<title>Voil\u00e0 pourquoi Fiat veut remplacer si t\u00f4t sa 500 \u00e9lectrique - ItalPassion<\/title>\n<meta name=\"description\" content=\"En 2007, Fiat relan\u00e7ait une ic\u00f4ne de l&#039;automobile, la 500. Toujours produite \u00e0 ce jour, battant des records de long\u00e9vit\u00e9, la nouvelle 500 \u00e9lectrique ne\" \/>\n<meta name=\"robots\" content=\"index, follow, max-snippet:-1, max-image-preview:large, max-video-preview:-1\" \/>\n<link rel=\"canonical\" href=\"https:\/\/www.italpassion.fr\/es\/fiat\/por-que-fiat-quiere-sustituir-su-500-electrico-tan-pronto\/\" \/>\n<meta property=\"og:locale\" content=\"es_ES\" \/>\n<meta property=\"og:type\" content=\"article\" \/>\n<meta property=\"og:title\" content=\"Voil\u00e0 pourquoi Fiat veut remplacer si t\u00f4t sa 500 \u00e9lectrique - ItalPassion\" \/>\n<meta property=\"og:description\" content=\"En 2007, Fiat relan\u00e7ait une ic\u00f4ne de l&#039;automobile, la 500. Toujours produite \u00e0 ce jour, battant des records de long\u00e9vit\u00e9, la nouvelle 500 \u00e9lectrique ne\" \/>\n<meta property=\"og:url\" content=\"https:\/\/www.italpassion.fr\/es\/fiat\/por-que-fiat-quiere-sustituir-su-500-electrico-tan-pronto\/\" \/>\n<meta property=\"og:site_name\" content=\"ItalPassion\" \/>\n<meta property=\"article:publisher\" content=\"https:\/\/www.facebook.com\/italpassion\" \/>\n<meta property=\"article:published_time\" content=\"2024-01-29T20:41:21+00:00\" \/>\n<meta property=\"article:modified_time\" content=\"2024-01-29T20:41:24+00:00\" \/>\n<meta property=\"og:image\" content=\"https:\/\/www.italpassion.fr\/wp-content\/uploads\/2023\/09\/fiat-500-miarfiori.jpg\" \/>\n\t<meta property=\"og:image:width\" content=\"1200\" \/>\n\t<meta property=\"og:image:height\" content=\"800\" \/>\n\t<meta property=\"og:image:type\" content=\"image\/jpeg\" \/>\n<meta name=\"author\" content=\"Alexandre Filluzeau\" \/>\n<meta name=\"twitter:card\" content=\"summary_large_image\" \/>\n<meta name=\"twitter:creator\" content=\"@italpassion\" \/>\n<meta name=\"twitter:site\" content=\"@italpassion\" \/>\n<script type=\"application\/ld+json\" class=\"yoast-schema-graph\">{\"@context\":\"https:\/\/schema.org\",\"@graph\":[{\"@type\":\"NewsArticle\",\"@id\":\"https:\/\/www.italpassion.fr\/es\/fiat\/voila-pourquoi-fiat-veut-remplacer-si-tot-sa-500-electrique\/#article\",\"isPartOf\":{\"@id\":\"https:\/\/www.italpassion.fr\/es\/fiat\/voila-pourquoi-fiat-veut-remplacer-si-tot-sa-500-electrique\/\"},\"author\":{\"name\":\"Alexandre Filluzeau\",\"@id\":\"https:\/\/www.italpassion.fr\/es\/#\/schema\/person\/36f747b2a759ca202d847e85a9434ca0\"},\"headline\":\"Voil\u00e0 pourquoi Fiat veut remplacer si t\u00f4t sa 500 \u00e9lectrique\",\"datePublished\":\"2024-01-29T20:41:21+00:00\",\"dateModified\":\"2024-01-29T20:41:24+00:00\",\"mainEntityOfPage\":{\"@id\":\"https:\/\/www.italpassion.fr\/es\/fiat\/voila-pourquoi-fiat-veut-remplacer-si-tot-sa-500-electrique\/\"},\"wordCount\":417,\"commentCount\":18,\"publisher\":{\"@id\":\"https:\/\/www.italpassion.fr\/es\/#organization\"},\"image\":{\"@id\":\"https:\/\/www.italpassion.fr\/es\/fiat\/voila-pourquoi-fiat-veut-remplacer-si-tot-sa-500-electrique\/#primaryimage\"},\"thumbnailUrl\":\"https:\/\/www.italpassion.fr\/wp-content\/uploads\/2023\/09\/fiat-500-miarfiori.jpg\",\"articleSection\":[\"Fiat\"],\"inLanguage\":\"es\",\"potentialAction\":[{\"@type\":\"CommentAction\",\"name\":\"Comment\",\"target\":[\"https:\/\/www.italpassion.fr\/es\/fiat\/voila-pourquoi-fiat-veut-remplacer-si-tot-sa-500-electrique\/#respond\"]}]},{\"@type\":\"WebPage\",\"@id\":\"https:\/\/www.italpassion.fr\/es\/fiat\/voila-pourquoi-fiat-veut-remplacer-si-tot-sa-500-electrique\/\",\"url\":\"https:\/\/www.italpassion.fr\/es\/fiat\/voila-pourquoi-fiat-veut-remplacer-si-tot-sa-500-electrique\/\",\"name\":\"Voil\u00e0 pourquoi Fiat veut remplacer si t\u00f4t sa 500 \u00e9lectrique - ItalPassion\",\"isPartOf\":{\"@id\":\"https:\/\/www.italpassion.fr\/es\/#website\"},\"primaryImageOfPage\":{\"@id\":\"https:\/\/www.italpassion.fr\/es\/fiat\/voila-pourquoi-fiat-veut-remplacer-si-tot-sa-500-electrique\/#primaryimage\"},\"image\":{\"@id\":\"https:\/\/www.italpassion.fr\/es\/fiat\/voila-pourquoi-fiat-veut-remplacer-si-tot-sa-500-electrique\/#primaryimage\"},\"thumbnailUrl\":\"https:\/\/www.italpassion.fr\/wp-content\/uploads\/2023\/09\/fiat-500-miarfiori.jpg\",\"datePublished\":\"2024-01-29T20:41:21+00:00\",\"dateModified\":\"2024-01-29T20:41:24+00:00\",\"description\":\"En 2007, Fiat relan\u00e7ait une ic\u00f4ne de l'automobile, la 500. Toujours produite \u00e0 ce jour, battant des records de long\u00e9vit\u00e9, la nouvelle 500 \u00e9lectrique ne\",\"breadcrumb\":{\"@id\":\"https:\/\/www.italpassion.fr\/es\/fiat\/voila-pourquoi-fiat-veut-remplacer-si-tot-sa-500-electrique\/#breadcrumb\"},\"inLanguage\":\"es\",\"potentialAction\":[{\"@type\":\"ReadAction\",\"target\":[\"https:\/\/www.italpassion.fr\/es\/fiat\/voila-pourquoi-fiat-veut-remplacer-si-tot-sa-500-electrique\/\"]}]},{\"@type\":\"ImageObject\",\"inLanguage\":\"es\",\"@id\":\"https:\/\/www.italpassion.fr\/es\/fiat\/voila-pourquoi-fiat-veut-remplacer-si-tot-sa-500-electrique\/#primaryimage\",\"url\":\"https:\/\/www.italpassion.fr\/wp-content\/uploads\/2023\/09\/fiat-500-miarfiori.jpg\",\"contentUrl\":\"https:\/\/www.italpassion.fr\/wp-content\/uploads\/2023\/09\/fiat-500-miarfiori.jpg\",\"width\":1200,\"height\":800,\"caption\":\"fiat-500-miarfiori\"},{\"@type\":\"BreadcrumbList\",\"@id\":\"https:\/\/www.italpassion.fr\/es\/fiat\/voila-pourquoi-fiat-veut-remplacer-si-tot-sa-500-electrique\/#breadcrumb\",\"itemListElement\":[{\"@type\":\"ListItem\",\"position\":1,\"name\":\"Accueil\",\"item\":\"https:\/\/www.italpassion.fr\/es\/\"},{\"@type\":\"ListItem\",\"position\":2,\"name\":\"Voil\u00e0 pourquoi Fiat veut remplacer si t\u00f4t sa 500 \u00e9lectrique\"}]},{\"@type\":\"WebSite\",\"@id\":\"https:\/\/www.italpassion.fr\/es\/#website\",\"url\":\"https:\/\/www.italpassion.fr\/es\/\",\"name\":\"ItalPassion\",\"description\":\"Les Passionn\u00e9s d&#039;Automobiles Italiennes\",\"publisher\":{\"@id\":\"https:\/\/www.italpassion.fr\/es\/#organization\"},\"potentialAction\":[{\"@type\":\"SearchAction\",\"target\":{\"@type\":\"EntryPoint\",\"urlTemplate\":\"https:\/\/www.italpassion.fr\/es\/?s={search_term_string}\"},\"query-input\":{\"@type\":\"PropertyValueSpecification\",\"valueRequired\":true,\"valueName\":\"search_term_string\"}}],\"inLanguage\":\"es\"},{\"@type\":\"Organization\",\"@id\":\"https:\/\/www.italpassion.fr\/es\/#organization\",\"name\":\"Italpassion\",\"url\":\"https:\/\/www.italpassion.fr\/es\/\",\"logo\":{\"@type\":\"ImageObject\",\"inLanguage\":\"es\",\"@id\":\"https:\/\/www.italpassion.fr\/es\/#\/schema\/logo\/image\/\",\"url\":\"https:\/\/www.italpassion.fr\/wp-content\/uploads\/2023\/07\/italpassion-yoast.jpg\",\"contentUrl\":\"https:\/\/www.italpassion.fr\/wp-content\/uploads\/2023\/07\/italpassion-yoast.jpg\",\"width\":696,\"height\":696,\"caption\":\"Italpassion\"},\"image\":{\"@id\":\"https:\/\/www.italpassion.fr\/es\/#\/schema\/logo\/image\/\"},\"sameAs\":[\"https:\/\/www.facebook.com\/italpassion\",\"https:\/\/x.com\/italpassion\",\"https:\/\/www.instagram.com\/italpassionfr\/\",\"https:\/\/www.youtube.com\/channel\/UCleq-ByQaA42OjhopwevRjQ\",\"https:\/\/www.facebook.com\/italpassion.en\/\",\"https:\/\/www.facebook.com\/italpassion.it\/\",\"https:\/\/www.facebook.com\/italpassion.de\/\",\"https:\/\/www.facebook.com\/italpassion.ja\/\"]},{\"@type\":\"Person\",\"@id\":\"https:\/\/www.italpassion.fr\/es\/#\/schema\/person\/36f747b2a759ca202d847e85a9434ca0\",\"name\":\"Alexandre Filluzeau\",\"image\":{\"@type\":\"ImageObject\",\"inLanguage\":\"es\",\"@id\":\"https:\/\/www.italpassion.fr\/es\/#\/schema\/person\/image\/\",\"url\":\"https:\/\/www.italpassion.fr\/wp-content\/uploads\/2025\/04\/avatar-alexandre-160x160.jpg\",\"contentUrl\":\"https:\/\/www.italpassion.fr\/wp-content\/uploads\/2025\/04\/avatar-alexandre-160x160.jpg\",\"caption\":\"Alexandre Filluzeau\"},\"description\":\"Fondateur du site ItalPassion, passionn\u00e9 de voitures italiennes et de l'Italie en g\u00e9n\u00e9ral. J'apporte un regard critique et technique aux actualit\u00e9s des marques italiennes quand cela est possible. Propri\u00e9taire d'une Maserati GranTurismo, Alfa Romeo MiTo, Lancia Fulvia et Ducati 695. Ex-propri\u00e9taire d'une Alfa Romeo Giulia.\",\"sameAs\":[\"https:\/\/www.italpassion.fr\/\"],\"url\":\"https:\/\/www.italpassion.fr\/es\/author\/alexandre\/\"}]}<\/script>\n<!-- \/ Yoast SEO plugin. -->","yoast_head_json":{"title":"Por qu\u00e9 Fiat quiere sustituir su 500 el\u00e9ctrico tan pronto - ItalPassion","description":"En 2007, Fiat relanz\u00f3 un icono del automovilismo, el 500. El nuevo 500 el\u00e9ctrico, que sigue fabric\u00e1ndose y batiendo r\u00e9cords de longevidad, no es el \u00fanico modelo que se ha lanzado.","robots":{"index":"index","follow":"follow","max-snippet":"max-snippet:-1","max-image-preview":"max-image-preview:large","max-video-preview":"max-video-preview:-1"},"canonical":"https:\/\/www.italpassion.fr\/es\/fiat\/por-que-fiat-quiere-sustituir-su-500-electrico-tan-pronto\/","og_locale":"es_ES","og_type":"article","og_title":"Voil\u00e0 pourquoi Fiat veut remplacer si t\u00f4t sa 500 \u00e9lectrique - ItalPassion","og_description":"En 2007, Fiat relan\u00e7ait une ic\u00f4ne de l'automobile, la 500. Toujours produite \u00e0 ce jour, battant des records de long\u00e9vit\u00e9, la nouvelle 500 \u00e9lectrique ne","og_url":"https:\/\/www.italpassion.fr\/es\/fiat\/por-que-fiat-quiere-sustituir-su-500-electrico-tan-pronto\/","og_site_name":"ItalPassion","article_publisher":"https:\/\/www.facebook.com\/italpassion","article_published_time":"2024-01-29T20:41:21+00:00","article_modified_time":"2024-01-29T20:41:24+00:00","og_image":[{"width":1200,"height":800,"url":"https:\/\/www.italpassion.fr\/wp-content\/uploads\/2023\/09\/fiat-500-miarfiori.jpg","type":"image\/jpeg"}],"author":"Alexandre Filluzeau","twitter_card":"summary_large_image","twitter_creator":"@italpassion","twitter_site":"@italpassion","schema":{"@context":"https:\/\/schema.org","@graph":[{"@type":"NewsArticle","@id":"https:\/\/www.italpassion.fr\/es\/fiat\/voila-pourquoi-fiat-veut-remplacer-si-tot-sa-500-electrique\/#article","isPartOf":{"@id":"https:\/\/www.italpassion.fr\/es\/fiat\/voila-pourquoi-fiat-veut-remplacer-si-tot-sa-500-electrique\/"},"author":{"name":"Alexandre Filluzeau","@id":"https:\/\/www.italpassion.fr\/es\/#\/schema\/person\/36f747b2a759ca202d847e85a9434ca0"},"headline":"Voil\u00e0 pourquoi Fiat veut remplacer si t\u00f4t sa 500 \u00e9lectrique","datePublished":"2024-01-29T20:41:21+00:00","dateModified":"2024-01-29T20:41:24+00:00","mainEntityOfPage":{"@id":"https:\/\/www.italpassion.fr\/es\/fiat\/voila-pourquoi-fiat-veut-remplacer-si-tot-sa-500-electrique\/"},"wordCount":417,"commentCount":18,"publisher":{"@id":"https:\/\/www.italpassion.fr\/es\/#organization"},"image":{"@id":"https:\/\/www.italpassion.fr\/es\/fiat\/voila-pourquoi-fiat-veut-remplacer-si-tot-sa-500-electrique\/#primaryimage"},"thumbnailUrl":"https:\/\/www.italpassion.fr\/wp-content\/uploads\/2023\/09\/fiat-500-miarfiori.jpg","articleSection":["Fiat"],"inLanguage":"es","potentialAction":[{"@type":"CommentAction","name":"Comment","target":["https:\/\/www.italpassion.fr\/es\/fiat\/voila-pourquoi-fiat-veut-remplacer-si-tot-sa-500-electrique\/#respond"]}]},{"@type":"WebPage","@id":"https:\/\/www.italpassion.fr\/es\/fiat\/voila-pourquoi-fiat-veut-remplacer-si-tot-sa-500-electrique\/","url":"https:\/\/www.italpassion.fr\/es\/fiat\/voila-pourquoi-fiat-veut-remplacer-si-tot-sa-500-electrique\/","name":"Por qu\u00e9 Fiat quiere sustituir su 500 el\u00e9ctrico tan pronto - ItalPassion","isPartOf":{"@id":"https:\/\/www.italpassion.fr\/es\/#website"},"primaryImageOfPage":{"@id":"https:\/\/www.italpassion.fr\/es\/fiat\/voila-pourquoi-fiat-veut-remplacer-si-tot-sa-500-electrique\/#primaryimage"},"image":{"@id":"https:\/\/www.italpassion.fr\/es\/fiat\/voila-pourquoi-fiat-veut-remplacer-si-tot-sa-500-electrique\/#primaryimage"},"thumbnailUrl":"https:\/\/www.italpassion.fr\/wp-content\/uploads\/2023\/09\/fiat-500-miarfiori.jpg","datePublished":"2024-01-29T20:41:21+00:00","dateModified":"2024-01-29T20:41:24+00:00","description":"En 2007, Fiat relanz\u00f3 un icono del automovilismo, el 500. El nuevo 500 el\u00e9ctrico, que sigue fabric\u00e1ndose y batiendo r\u00e9cords de longevidad, no es el \u00fanico modelo que se ha lanzado.","breadcrumb":{"@id":"https:\/\/www.italpassion.fr\/es\/fiat\/voila-pourquoi-fiat-veut-remplacer-si-tot-sa-500-electrique\/#breadcrumb"},"inLanguage":"es","potentialAction":[{"@type":"ReadAction","target":["https:\/\/www.italpassion.fr\/es\/fiat\/voila-pourquoi-fiat-veut-remplacer-si-tot-sa-500-electrique\/"]}]},{"@type":"ImageObject","inLanguage":"es","@id":"https:\/\/www.italpassion.fr\/es\/fiat\/voila-pourquoi-fiat-veut-remplacer-si-tot-sa-500-electrique\/#primaryimage","url":"https:\/\/www.italpassion.fr\/wp-content\/uploads\/2023\/09\/fiat-500-miarfiori.jpg","contentUrl":"https:\/\/www.italpassion.fr\/wp-content\/uploads\/2023\/09\/fiat-500-miarfiori.jpg","width":1200,"height":800,"caption":"fiat-500-miarfiori"},{"@type":"BreadcrumbList","@id":"https:\/\/www.italpassion.fr\/es\/fiat\/voila-pourquoi-fiat-veut-remplacer-si-tot-sa-500-electrique\/#breadcrumb","itemListElement":[{"@type":"ListItem","position":1,"name":"Accueil","item":"https:\/\/www.italpassion.fr\/es\/"},{"@type":"ListItem","position":2,"name":"Voil\u00e0 pourquoi Fiat veut remplacer si t\u00f4t sa 500 \u00e9lectrique"}]},{"@type":"WebSite","@id":"https:\/\/www.italpassion.fr\/es\/#website","url":"https:\/\/www.italpassion.fr\/es\/","name":"ItalPassion","description":"Entusiastas de los coches italianos","publisher":{"@id":"https:\/\/www.italpassion.fr\/es\/#organization"},"potentialAction":[{"@type":"SearchAction","target":{"@type":"EntryPoint","urlTemplate":"https:\/\/www.italpassion.fr\/es\/?s={search_term_string}"},"query-input":{"@type":"PropertyValueSpecification","valueRequired":true,"valueName":"search_term_string"}}],"inLanguage":"es"},{"@type":"Organization","@id":"https:\/\/www.italpassion.fr\/es\/#organization","name":"Italpassion","url":"https:\/\/www.italpassion.fr\/es\/","logo":{"@type":"ImageObject","inLanguage":"es","@id":"https:\/\/www.italpassion.fr\/es\/#\/schema\/logo\/image\/","url":"https:\/\/www.italpassion.fr\/wp-content\/uploads\/2023\/07\/italpassion-yoast.jpg","contentUrl":"https:\/\/www.italpassion.fr\/wp-content\/uploads\/2023\/07\/italpassion-yoast.jpg","width":696,"height":696,"caption":"Italpassion"},"image":{"@id":"https:\/\/www.italpassion.fr\/es\/#\/schema\/logo\/image\/"},"sameAs":["https:\/\/www.facebook.com\/italpassion","https:\/\/x.com\/italpassion","https:\/\/www.instagram.com\/italpassionfr\/","https:\/\/www.youtube.com\/channel\/UCleq-ByQaA42OjhopwevRjQ","https:\/\/www.facebook.com\/italpassion.en\/","https:\/\/www.facebook.com\/italpassion.it\/","https:\/\/www.facebook.com\/italpassion.de\/","https:\/\/www.facebook.com\/italpassion.ja\/"]},{"@type":"Person","@id":"https:\/\/www.italpassion.fr\/es\/#\/schema\/person\/36f747b2a759ca202d847e85a9434ca0","name":"Alexandre Filluzeau","image":{"@type":"ImageObject","inLanguage":"es","@id":"https:\/\/www.italpassion.fr\/es\/#\/schema\/person\/image\/","url":"https:\/\/www.italpassion.fr\/wp-content\/uploads\/2025\/04\/avatar-alexandre-160x160.jpg","contentUrl":"https:\/\/www.italpassion.fr\/wp-content\/uploads\/2025\/04\/avatar-alexandre-160x160.jpg","caption":"Alexandre Filluzeau"},"description":"Fundador del sitio web ItalPassion, apasionado de los coches italianos y de Italia en general. Aporto una mirada cr\u00edtica y t\u00e9cnica a las noticias de las marcas italianas cuando es posible. Propietario de un Maserati GranTurismo, Alfa Romeo MiTo, Lancia Fulvia y Ducati 695. Ex-propietario de un Alfa Romeo Giulia.","sameAs":["https:\/\/www.italpassion.fr\/"],"url":"https:\/\/www.italpassion.fr\/es\/author\/alexandre\/"}]}},"_links":{"self":[{"href":"https:\/\/www.italpassion.fr\/es\/wp-json\/wp\/v2\/posts\/32985","targetHints":{"allow":["GET"]}}],"collection":[{"href":"https:\/\/www.italpassion.fr\/es\/wp-json\/wp\/v2\/posts"}],"about":[{"href":"https:\/\/www.italpassion.fr\/es\/wp-json\/wp\/v2\/types\/post"}],"author":[{"embeddable":true,"href":"https:\/\/www.italpassion.fr\/es\/wp-json\/wp\/v2\/users\/1"}],"replies":[{"embeddable":true,"href":"https:\/\/www.italpassion.fr\/es\/wp-json\/wp\/v2\/comments?post=32985"}],"version-history":[{"count":1,"href":"https:\/\/www.italpassion.fr\/es\/wp-json\/wp\/v2\/posts\/32985\/revisions"}],"predecessor-version":[{"id":32986,"href":"https:\/\/www.italpassion.fr\/es\/wp-json\/wp\/v2\/posts\/32985\/revisions\/32986"}],"wp:featuredmedia":[{"embeddable":true,"href":"https:\/\/www.italpassion.fr\/es\/wp-json\/wp\/v2\/media\/32096"}],"wp:attachment":[{"href":"https:\/\/www.italpassion.fr\/es\/wp-json\/wp\/v2\/media?parent=32985"}],"wp:term":[{"taxonomy":"category","embeddable":true,"href":"https:\/\/www.italpassion.fr\/es\/wp-json\/wp\/v2\/categories?post=32985"},{"taxonomy":"post_tag","embeddable":true,"href":"https:\/\/www.italpassion.fr\/es\/wp-json\/wp\/v2\/tags?post=32985"}],"curies":[{"name":"wp","href":"https:\/\/api.w.org\/{rel}","templated":true}]}}