{"id":32909,"date":"2024-01-21T21:18:05","date_gmt":"2024-01-21T20:18:05","guid":{"rendered":"https:\/\/www.italpassion.fr\/?p=32909"},"modified":"2024-05-28T14:48:21","modified_gmt":"2024-05-28T12:48:21","slug":"alfa-romeo-excluida-del-plan-de-productos-hasta-2028","status":"publish","type":"post","link":"https:\/\/www.italpassion.fr\/es\/alfa-romeo\/alfa-romeo-exclu-le-plan-produit-jusquen-2028\/","title":{"rendered":"Alfa Romeo: \u00a1la primicia, el plan para producir hasta 2028!"},"content":{"rendered":"<figure class=\"wp-block-image size-large\"><img loading=\"lazy\" decoding=\"async\" width=\"1024\" height=\"683\" src=\"https:\/\/www.italpassion.fr\/wp-content\/uploads\/2024\/01\/plan-produit-alfa-romeo-2024-2028-1024x683.jpg\" alt=\"\" class=\"wp-image-32910\" srcset=\"https:\/\/www.italpassion.fr\/wp-content\/uploads\/2024\/01\/plan-produit-alfa-romeo-2024-2028-1024x683.jpg 1024w, https:\/\/www.italpassion.fr\/wp-content\/uploads\/2024\/01\/plan-produit-alfa-romeo-2024-2028-300x200.jpg 300w, https:\/\/www.italpassion.fr\/wp-content\/uploads\/2024\/01\/plan-produit-alfa-romeo-2024-2028-768x512.jpg 768w, https:\/\/www.italpassion.fr\/wp-content\/uploads\/2024\/01\/plan-produit-alfa-romeo-2024-2028-18x12.jpg 18w, https:\/\/www.italpassion.fr\/wp-content\/uploads\/2024\/01\/plan-produit-alfa-romeo-2024-2028-561x374.jpg 561w, https:\/\/www.italpassion.fr\/wp-content\/uploads\/2024\/01\/plan-produit-alfa-romeo-2024-2028-1122x748.jpg 1122w, https:\/\/www.italpassion.fr\/wp-content\/uploads\/2024\/01\/plan-produit-alfa-romeo-2024-2028-265x177.jpg 265w, https:\/\/www.italpassion.fr\/wp-content\/uploads\/2024\/01\/plan-produit-alfa-romeo-2024-2028-531x354.jpg 531w, https:\/\/www.italpassion.fr\/wp-content\/uploads\/2024\/01\/plan-produit-alfa-romeo-2024-2028-364x243.jpg 364w, https:\/\/www.italpassion.fr\/wp-content\/uploads\/2024\/01\/plan-produit-alfa-romeo-2024-2028-728x485.jpg 728w, https:\/\/www.italpassion.fr\/wp-content\/uploads\/2024\/01\/plan-produit-alfa-romeo-2024-2028-608x405.jpg 608w, https:\/\/www.italpassion.fr\/wp-content\/uploads\/2024\/01\/plan-produit-alfa-romeo-2024-2028-758x505.jpg 758w, https:\/\/www.italpassion.fr\/wp-content\/uploads\/2024\/01\/plan-produit-alfa-romeo-2024-2028-1152x768.jpg 1152w, https:\/\/www.italpassion.fr\/wp-content\/uploads\/2024\/01\/plan-produit-alfa-romeo-2024-2028-600x400.jpg 600w, https:\/\/www.italpassion.fr\/wp-content\/uploads\/2024\/01\/plan-produit-alfa-romeo-2024-2028.jpg 1200w\" sizes=\"auto, (max-width: 1024px) 100vw, 1024px\" \/><figcaption class=\"wp-element-caption\">Ilustraci\u00f3n Italpassion<\/figcaption><\/figure>\n\n\n\n<p>El relanzamiento de<a href=\"https:\/\/www.italpassion.fr\/es\/alfa-romeo\/\">Alfa Romeo<\/a> est\u00e1 en marcha. Como anunci\u00f3 Jean-Philippe Imparato cuando tom\u00f3 el control de la marca, se ha validado y financiado el plan de producto hasta 2030 con<strong> un nuevo modelo al a\u00f1o<\/strong>. Si, gracias a las numerosas declaraciones oficiales, se daba por hecho que despu\u00e9s del Milano, habr\u00eda un Stelvio, luego un Giulia. El resto es un misterio... hasta ahora.<\/p>\n\n\n\n<p>Durante mucho tiempo pensamos que habr\u00eda un E-SUV, un GTV o incluso un duetto, <strong>es otro nombre de Alfa Romeo que vuelve despu\u00e9s del Giulia, y uno que seguro gustar\u00e1 a los fans de Alfa: \u00a1un Giulietta!<\/strong> Seg\u00fan un documento que hemos podido consultar, es efectivamente el compacto el que har\u00e1 su regreso a Alfa Romeo, seguido de un nuevo Tonale.<\/p>\n\n\n\n<figure class=\"wp-block-table\"><table><thead><tr><th>Modelo<\/th><th>C\u00f3digo<\/th><th>Plataforma<\/th><th>Motorizaci\u00f3n<\/th><th>Lanzamiento<\/th><\/tr><\/thead><tbody><tr><td>Alfa Romeo Tonale<\/td><td>965<\/td><td>Fiat SUSW<\/td><td>h\u00edbrido<\/td><td>2022<\/td><\/tr><tr><td>Alfa Romeo Milano<\/td><td>966<\/td><td>CMP<\/td><td>el\u00e9ctrico \/ h\u00edbrido<\/td><td>2024<\/td><\/tr><tr><td>Alfa Romeo Stelvio<\/td><td>A5U<\/td><td>STLA Large<\/td><td>el\u00e9ctrico<\/td><td>2025<\/td><\/tr><tr><td>Alfa Romeo Giulia<\/td><td>A5S<\/td><td>STLA Large<\/td><td>el\u00e9ctrico<\/td><td>2026<\/td><\/tr><tr><td>Alfa Romeo E-SUV<\/td><td>A6U<\/td><td>STLA Large<\/td><td>el\u00e9ctrico<\/td><td>2027<\/td><\/tr><tr><td>Alfa Romeo Tonale<\/td><td>A4U<\/td><td>STLA Medium<\/td><td>el\u00e9ctrico<\/td><td>2027<\/td><\/tr><tr><td>Alfa Romeo Giulietta<\/td><td>?<\/td><td>STLA Medium<\/td><td>el\u00e9ctrico<\/td><td>2028 ?<\/td><\/tr><tr><td>Alfa Romeo Alfetta<\/td><td>A7S<\/td><td>STLA Large<\/td><td>el\u00e9ctrico<\/td><td>2028 ?<\/td><\/tr><\/tbody><\/table><\/figure>\n\n\n\n<h2 class=\"wp-block-heading\">Alfa Romeo Milano - 2024<\/h2>\n\n\n\n<p>El Alfa Romeo Milano, que casi todo el mundo conoce ya, es el modelo insignia del relanzamiento de la marca italiana bajo la direcci\u00f3n de Stellantis. Basado en la plataforma CMP, el Milano estar\u00e1 disponible como h\u00edbrido suave y como el\u00e9ctrico 100 %. La versi\u00f3n el\u00e9ctrica tendr\u00e1 probablemente una potencia de 156 CV, mientras que la versi\u00f3n deportiva tope de gama rondar\u00e1 los 240 CV.<\/p>\n\n\n\n<p>Tambi\u00e9n es el modelo que marcar\u00e1 el nuevo estilo de Alfa, bajo la direcci\u00f3n de Alejandro Mesonero-Romanos. Se presentar\u00e1 en abril de 2024, se probar\u00e1 en junio de 2024 y llegar\u00e1 a los concesionarios en septiembre de 2024.<\/p>\n\n\n\n<h2 class=\"wp-block-heading\">Alfa Romeo Stelvio - 2025<\/h2>\n\n\n\n<p>El actual Alfa Romeo Stelvio, lanzado en 2016, dejar\u00e1 paso a una nueva versi\u00f3n el\u00e9ctrica 100 %, basada en una plataforma STLA Large. Ser\u00e1 un SUV del segmento D, del mismo estilo que el Milano. <\/p>\n\n\n\n<p>No se ha filtrado nada sobre la potencia, pero se rumorea que podr\u00eda haber varias versiones, de 250 kW (340 CV), 400 kW (540 CV) y 600 kW (815 CV). La versi\u00f3n m\u00e1s potente llegar\u00eda un poco m\u00e1s tarde. <\/p>\n\n\n\n<h2 class=\"wp-block-heading\">Alfa Romeo Giulia - 2026<\/h2>\n\n\n\n<p>Tras el SUV, la berlina Giulia. El actual modelo de 2015 ser\u00e1 sustituido por un nuevo 100 el\u00e9ctrico %, que seguir\u00e1 bas\u00e1ndose en la plataforma STLA Large. En cuanto al dise\u00f1o, dos fuentes distintas han confirmado <a href=\"https:\/\/www.italpassion.fr\/es\/alfa-romeo\/el-futuro-alfa-romeo-giulia-no-sera-una-berlina-clasica-de-tres-puertas\/\">que no ser\u00e1 una berlina convencional sino un crossover fastback<\/a> un poco como el Peugeot 408. Eso s\u00ed, no ser\u00e1 un Peugeot 408 porque no est\u00e1 en el STLA Large (ni en el STLA en absoluto), pero es solo para que te hagas una idea del aspecto.<\/p>\n\n\n\n<p>Las cadenas cinem\u00e1ticas son similares a las del Stelvio.<\/p>\n\n\n\n<h2 class=\"wp-block-heading\">Alfa Romeo Giulietta - 2027<\/h2>\n\n\n\n<p>Y aqu\u00ed est\u00e1 la sorpresa para 2027, el regreso del Giulietta. S\u00ed, Jean-Philippe Imparato anunci\u00f3 recientemente que Alfa Romeo no ser\u00eda una marca de SUV. As\u00ed que despu\u00e9s de un Milano, un Stelvio y un crossover fastback Giulia, un coche compacto es muy bienvenido. <\/p>\n\n\n\n<p>Por el momento, hay poca informaci\u00f3n al respecto, aparte de que estar\u00e1 basado en el STLA Medium y, por tanto, en la arquitectura 400V, con potencias comprendidas entre 160 kW (217 CV) y 285 kW (387 CV), con tracci\u00f3n delantera o total, y una longitud de entre 4,3 y 4,9 m.<\/p>\n\n\n\n<h2 class=\"wp-block-heading\">Alfa Romeo Tonale - 2028<\/h2>\n\n\n\n<p>Por \u00faltimo, un nuevo Tonale en 2028. Lanzado en 2022, el Tonale actual tendr\u00e1 una carrera muy corta. Pero eso no es realmente sorprendente. Recordemos el De 0 a 0 anunciado por Jean-Philippe Imparato, el Tonale actual, equipado con una plataforma antigua, no podr\u00e1 evolucionar hacia un 100 % el\u00e9ctrico y, por tanto, no es compatible con la estrategia de Alfa Romeo. Es m\u00e1s, no encajar\u00e1 en el nuevo estilo de Alfa Romeo. Su carrera podr\u00eda incluso llegar a su fin en 2027. Un \"bastardo\", como se le conoce aqu\u00ed, porque el Tonale actual es un modelo que se qued\u00f3 atascado entre las \u00e9pocas de FCA y Stellantis.<\/p>\n\n\n\n<h2 class=\"wp-block-heading\">\u00bfY despu\u00e9s de 2028?<\/h2>\n\n\n\n<p>Un compacto, 3 SUV y un crossover, a\u00fan quedan 2 modelos misteriosos para Alfa Romeo. \u00bfPor qu\u00e9 no, esta vez <a href=\"https:\/\/www.italpassion.fr\/es\/alfa-romeo\/el-pdg-dalfa-romeo-da-primera-informacion-sobre-el-futuro-grand-e-suv\/\">un gran SUV el\u00e9ctrico<\/a> en funci\u00f3n de los resultados de la marca en China y EE.UU., un GTV berlina coup\u00e9, o un <a href=\"https:\/\/www.italpassion.fr\/es\/alfa-romeo\/alfa-romeo-alfetta-se-confirmara-pronto\/\">gran berlina Alfetta<\/a>o <a href=\"https:\/\/www.italpassion.fr\/es\/alfa-romeo\/alfa-romeo-prepara-su-futuro-exclusivo-spider-todo-lo-que-ya-sabemos\/\">la ara\u00f1a de edici\u00f3n limitada<\/a>. Pero eso sigue siendo especulaci\u00f3n.<\/p>","protected":false},"excerpt":{"rendered":"","protected":false},"author":1,"featured_media":32910,"comment_status":"open","ping_status":"open","sticky":false,"template":"","format":"standard","meta":{"_acf_changed":false,"_sitemap_exclude":false,"_sitemap_priority":"","_sitemap_frequency":"","footnotes":""},"categories":[22],"tags":[],"class_list":["post-32909","post","type-post","status-publish","format-standard","has-post-thumbnail","hentry","category-alfa-romeo","generate-columns","tablet-grid-50","mobile-grid-100","grid-parent","grid-33"],"acf":[],"yoast_head":"<!-- This site is optimized with the Yoast SEO plugin v25.8 - https:\/\/yoast.com\/wordpress\/plugins\/seo\/ -->\n<title>Alfa Romeo : scoop, le plan produit jusqu&#039;en 2028 ! - ItalPassion<\/title>\n<meta name=\"description\" content=\"Illustration Italpassion La relance d&#039;Alfa Romeo est en marche. Jean-Philippe Imparato l&#039;avait annonc\u00e9 lors de la prise de commande de la marque, le plan\" \/>\n<meta name=\"robots\" content=\"index, follow, max-snippet:-1, max-image-preview:large, max-video-preview:-1\" \/>\n<link rel=\"canonical\" href=\"https:\/\/www.italpassion.fr\/es\/alfa-romeo\/alfa-romeo-excluida-del-plan-de-productos-hasta-2028\/\" \/>\n<meta property=\"og:locale\" content=\"es_ES\" \/>\n<meta property=\"og:type\" content=\"article\" \/>\n<meta property=\"og:title\" content=\"Alfa Romeo : scoop, le plan produit jusqu&#039;en 2028 ! - ItalPassion\" \/>\n<meta property=\"og:description\" content=\"Illustration Italpassion La relance d&#039;Alfa Romeo est en marche. Jean-Philippe Imparato l&#039;avait annonc\u00e9 lors de la prise de commande de la marque, le plan\" \/>\n<meta property=\"og:url\" content=\"https:\/\/www.italpassion.fr\/es\/alfa-romeo\/alfa-romeo-excluida-del-plan-de-productos-hasta-2028\/\" \/>\n<meta property=\"og:site_name\" content=\"ItalPassion\" \/>\n<meta property=\"article:publisher\" content=\"https:\/\/www.facebook.com\/italpassion\" \/>\n<meta property=\"article:published_time\" content=\"2024-01-21T20:18:05+00:00\" \/>\n<meta property=\"article:modified_time\" content=\"2024-05-28T12:48:21+00:00\" \/>\n<meta property=\"og:image\" content=\"https:\/\/www.italpassion.fr\/wp-content\/uploads\/2024\/01\/plan-produit-alfa-romeo-2024-2028.jpg\" \/>\n\t<meta property=\"og:image:width\" content=\"1200\" \/>\n\t<meta property=\"og:image:height\" content=\"800\" \/>\n\t<meta property=\"og:image:type\" content=\"image\/jpeg\" \/>\n<meta name=\"author\" content=\"Alexandre Filluzeau\" \/>\n<meta name=\"twitter:card\" content=\"summary_large_image\" \/>\n<meta name=\"twitter:creator\" content=\"@italpassion\" \/>\n<meta name=\"twitter:site\" content=\"@italpassion\" \/>\n<script type=\"application\/ld+json\" class=\"yoast-schema-graph\">{\"@context\":\"https:\/\/schema.org\",\"@graph\":[{\"@type\":\"NewsArticle\",\"@id\":\"https:\/\/www.italpassion.fr\/es\/alfa-romeo\/alfa-romeo-exclu-le-plan-produit-jusquen-2028\/#article\",\"isPartOf\":{\"@id\":\"https:\/\/www.italpassion.fr\/es\/alfa-romeo\/alfa-romeo-exclu-le-plan-produit-jusquen-2028\/\"},\"author\":{\"name\":\"Alexandre Filluzeau\",\"@id\":\"https:\/\/www.italpassion.fr\/es\/#\/schema\/person\/36f747b2a759ca202d847e85a9434ca0\"},\"headline\":\"Alfa Romeo : scoop, le plan produit jusqu&rsquo;en 2028 !\",\"datePublished\":\"2024-01-21T20:18:05+00:00\",\"dateModified\":\"2024-05-28T12:48:21+00:00\",\"mainEntityOfPage\":{\"@id\":\"https:\/\/www.italpassion.fr\/es\/alfa-romeo\/alfa-romeo-exclu-le-plan-produit-jusquen-2028\/\"},\"wordCount\":763,\"commentCount\":23,\"publisher\":{\"@id\":\"https:\/\/www.italpassion.fr\/es\/#organization\"},\"image\":{\"@id\":\"https:\/\/www.italpassion.fr\/es\/alfa-romeo\/alfa-romeo-exclu-le-plan-produit-jusquen-2028\/#primaryimage\"},\"thumbnailUrl\":\"https:\/\/www.italpassion.fr\/wp-content\/uploads\/2024\/01\/plan-produit-alfa-romeo-2024-2028.jpg\",\"articleSection\":[\"Alfa Romeo\"],\"inLanguage\":\"es\",\"potentialAction\":[{\"@type\":\"CommentAction\",\"name\":\"Comment\",\"target\":[\"https:\/\/www.italpassion.fr\/es\/alfa-romeo\/alfa-romeo-exclu-le-plan-produit-jusquen-2028\/#respond\"]}]},{\"@type\":\"WebPage\",\"@id\":\"https:\/\/www.italpassion.fr\/es\/alfa-romeo\/alfa-romeo-exclu-le-plan-produit-jusquen-2028\/\",\"url\":\"https:\/\/www.italpassion.fr\/es\/alfa-romeo\/alfa-romeo-exclu-le-plan-produit-jusquen-2028\/\",\"name\":\"Alfa Romeo : scoop, le plan produit jusqu'en 2028 ! - ItalPassion\",\"isPartOf\":{\"@id\":\"https:\/\/www.italpassion.fr\/es\/#website\"},\"primaryImageOfPage\":{\"@id\":\"https:\/\/www.italpassion.fr\/es\/alfa-romeo\/alfa-romeo-exclu-le-plan-produit-jusquen-2028\/#primaryimage\"},\"image\":{\"@id\":\"https:\/\/www.italpassion.fr\/es\/alfa-romeo\/alfa-romeo-exclu-le-plan-produit-jusquen-2028\/#primaryimage\"},\"thumbnailUrl\":\"https:\/\/www.italpassion.fr\/wp-content\/uploads\/2024\/01\/plan-produit-alfa-romeo-2024-2028.jpg\",\"datePublished\":\"2024-01-21T20:18:05+00:00\",\"dateModified\":\"2024-05-28T12:48:21+00:00\",\"description\":\"Illustration Italpassion La relance d'Alfa Romeo est en marche. Jean-Philippe Imparato l'avait annonc\u00e9 lors de la prise de commande de la marque, le plan\",\"breadcrumb\":{\"@id\":\"https:\/\/www.italpassion.fr\/es\/alfa-romeo\/alfa-romeo-exclu-le-plan-produit-jusquen-2028\/#breadcrumb\"},\"inLanguage\":\"es\",\"potentialAction\":[{\"@type\":\"ReadAction\",\"target\":[\"https:\/\/www.italpassion.fr\/es\/alfa-romeo\/alfa-romeo-exclu-le-plan-produit-jusquen-2028\/\"]}]},{\"@type\":\"ImageObject\",\"inLanguage\":\"es\",\"@id\":\"https:\/\/www.italpassion.fr\/es\/alfa-romeo\/alfa-romeo-exclu-le-plan-produit-jusquen-2028\/#primaryimage\",\"url\":\"https:\/\/www.italpassion.fr\/wp-content\/uploads\/2024\/01\/plan-produit-alfa-romeo-2024-2028.jpg\",\"contentUrl\":\"https:\/\/www.italpassion.fr\/wp-content\/uploads\/2024\/01\/plan-produit-alfa-romeo-2024-2028.jpg\",\"width\":1200,\"height\":800,\"caption\":\"plan-produit-alfa-romeo-2024-2028\"},{\"@type\":\"BreadcrumbList\",\"@id\":\"https:\/\/www.italpassion.fr\/es\/alfa-romeo\/alfa-romeo-exclu-le-plan-produit-jusquen-2028\/#breadcrumb\",\"itemListElement\":[{\"@type\":\"ListItem\",\"position\":1,\"name\":\"Accueil\",\"item\":\"https:\/\/www.italpassion.fr\/es\/\"},{\"@type\":\"ListItem\",\"position\":2,\"name\":\"Alfa Romeo : scoop, le plan produit jusqu&rsquo;en 2028 !\"}]},{\"@type\":\"WebSite\",\"@id\":\"https:\/\/www.italpassion.fr\/es\/#website\",\"url\":\"https:\/\/www.italpassion.fr\/es\/\",\"name\":\"ItalPassion\",\"description\":\"Les Passionn\u00e9s d&#039;Automobiles Italiennes\",\"publisher\":{\"@id\":\"https:\/\/www.italpassion.fr\/es\/#organization\"},\"potentialAction\":[{\"@type\":\"SearchAction\",\"target\":{\"@type\":\"EntryPoint\",\"urlTemplate\":\"https:\/\/www.italpassion.fr\/es\/?s={search_term_string}\"},\"query-input\":{\"@type\":\"PropertyValueSpecification\",\"valueRequired\":true,\"valueName\":\"search_term_string\"}}],\"inLanguage\":\"es\"},{\"@type\":\"Organization\",\"@id\":\"https:\/\/www.italpassion.fr\/es\/#organization\",\"name\":\"Italpassion\",\"url\":\"https:\/\/www.italpassion.fr\/es\/\",\"logo\":{\"@type\":\"ImageObject\",\"inLanguage\":\"es\",\"@id\":\"https:\/\/www.italpassion.fr\/es\/#\/schema\/logo\/image\/\",\"url\":\"https:\/\/www.italpassion.fr\/wp-content\/uploads\/2023\/07\/italpassion-yoast.jpg\",\"contentUrl\":\"https:\/\/www.italpassion.fr\/wp-content\/uploads\/2023\/07\/italpassion-yoast.jpg\",\"width\":696,\"height\":696,\"caption\":\"Italpassion\"},\"image\":{\"@id\":\"https:\/\/www.italpassion.fr\/es\/#\/schema\/logo\/image\/\"},\"sameAs\":[\"https:\/\/www.facebook.com\/italpassion\",\"https:\/\/x.com\/italpassion\",\"https:\/\/www.instagram.com\/italpassionfr\/\",\"https:\/\/www.youtube.com\/channel\/UCleq-ByQaA42OjhopwevRjQ\",\"https:\/\/www.facebook.com\/italpassion.en\/\",\"https:\/\/www.facebook.com\/italpassion.it\/\",\"https:\/\/www.facebook.com\/italpassion.de\/\",\"https:\/\/www.facebook.com\/italpassion.ja\/\"]},{\"@type\":\"Person\",\"@id\":\"https:\/\/www.italpassion.fr\/es\/#\/schema\/person\/36f747b2a759ca202d847e85a9434ca0\",\"name\":\"Alexandre Filluzeau\",\"image\":{\"@type\":\"ImageObject\",\"inLanguage\":\"es\",\"@id\":\"https:\/\/www.italpassion.fr\/es\/#\/schema\/person\/image\/\",\"url\":\"https:\/\/www.italpassion.fr\/wp-content\/uploads\/2025\/04\/avatar-alexandre-160x160.jpg\",\"contentUrl\":\"https:\/\/www.italpassion.fr\/wp-content\/uploads\/2025\/04\/avatar-alexandre-160x160.jpg\",\"caption\":\"Alexandre Filluzeau\"},\"description\":\"Fondateur du site ItalPassion, passionn\u00e9 de voitures italiennes et de l'Italie en g\u00e9n\u00e9ral. J'apporte un regard critique et technique aux actualit\u00e9s des marques italiennes quand cela est possible. Propri\u00e9taire d'une Maserati GranTurismo, Alfa Romeo MiTo, Lancia Fulvia et Ducati 695. Ex-propri\u00e9taire d'une Alfa Romeo Giulia.\",\"sameAs\":[\"https:\/\/www.italpassion.fr\/\"],\"url\":\"https:\/\/www.italpassion.fr\/es\/author\/alexandre\/\"}]}<\/script>\n<!-- \/ Yoast SEO plugin. -->","yoast_head_json":{"title":"Alfa Romeo: \u00a1la primicia, el plan de producci\u00f3n hasta 2028! - ItalPassion","description":"Ilustraci\u00f3n Italpassion El relanzamiento de Alfa Romeo est\u00e1 en marcha. Como anunci\u00f3 Jean-Philippe Imparato cuando se hizo cargo de la marca, el","robots":{"index":"index","follow":"follow","max-snippet":"max-snippet:-1","max-image-preview":"max-image-preview:large","max-video-preview":"max-video-preview:-1"},"canonical":"https:\/\/www.italpassion.fr\/es\/alfa-romeo\/alfa-romeo-excluida-del-plan-de-productos-hasta-2028\/","og_locale":"es_ES","og_type":"article","og_title":"Alfa Romeo : scoop, le plan produit jusqu'en 2028 ! - ItalPassion","og_description":"Illustration Italpassion La relance d'Alfa Romeo est en marche. Jean-Philippe Imparato l'avait annonc\u00e9 lors de la prise de commande de la marque, le plan","og_url":"https:\/\/www.italpassion.fr\/es\/alfa-romeo\/alfa-romeo-excluida-del-plan-de-productos-hasta-2028\/","og_site_name":"ItalPassion","article_publisher":"https:\/\/www.facebook.com\/italpassion","article_published_time":"2024-01-21T20:18:05+00:00","article_modified_time":"2024-05-28T12:48:21+00:00","og_image":[{"width":1200,"height":800,"url":"https:\/\/www.italpassion.fr\/wp-content\/uploads\/2024\/01\/plan-produit-alfa-romeo-2024-2028.jpg","type":"image\/jpeg"}],"author":"Alexandre Filluzeau","twitter_card":"summary_large_image","twitter_creator":"@italpassion","twitter_site":"@italpassion","schema":{"@context":"https:\/\/schema.org","@graph":[{"@type":"NewsArticle","@id":"https:\/\/www.italpassion.fr\/es\/alfa-romeo\/alfa-romeo-exclu-le-plan-produit-jusquen-2028\/#article","isPartOf":{"@id":"https:\/\/www.italpassion.fr\/es\/alfa-romeo\/alfa-romeo-exclu-le-plan-produit-jusquen-2028\/"},"author":{"name":"Alexandre Filluzeau","@id":"https:\/\/www.italpassion.fr\/es\/#\/schema\/person\/36f747b2a759ca202d847e85a9434ca0"},"headline":"Alfa Romeo : scoop, le plan produit jusqu&rsquo;en 2028 !","datePublished":"2024-01-21T20:18:05+00:00","dateModified":"2024-05-28T12:48:21+00:00","mainEntityOfPage":{"@id":"https:\/\/www.italpassion.fr\/es\/alfa-romeo\/alfa-romeo-exclu-le-plan-produit-jusquen-2028\/"},"wordCount":763,"commentCount":23,"publisher":{"@id":"https:\/\/www.italpassion.fr\/es\/#organization"},"image":{"@id":"https:\/\/www.italpassion.fr\/es\/alfa-romeo\/alfa-romeo-exclu-le-plan-produit-jusquen-2028\/#primaryimage"},"thumbnailUrl":"https:\/\/www.italpassion.fr\/wp-content\/uploads\/2024\/01\/plan-produit-alfa-romeo-2024-2028.jpg","articleSection":["Alfa Romeo"],"inLanguage":"es","potentialAction":[{"@type":"CommentAction","name":"Comment","target":["https:\/\/www.italpassion.fr\/es\/alfa-romeo\/alfa-romeo-exclu-le-plan-produit-jusquen-2028\/#respond"]}]},{"@type":"WebPage","@id":"https:\/\/www.italpassion.fr\/es\/alfa-romeo\/alfa-romeo-exclu-le-plan-produit-jusquen-2028\/","url":"https:\/\/www.italpassion.fr\/es\/alfa-romeo\/alfa-romeo-exclu-le-plan-produit-jusquen-2028\/","name":"Alfa Romeo: \u00a1la primicia, el plan de producci\u00f3n hasta 2028! - ItalPassion","isPartOf":{"@id":"https:\/\/www.italpassion.fr\/es\/#website"},"primaryImageOfPage":{"@id":"https:\/\/www.italpassion.fr\/es\/alfa-romeo\/alfa-romeo-exclu-le-plan-produit-jusquen-2028\/#primaryimage"},"image":{"@id":"https:\/\/www.italpassion.fr\/es\/alfa-romeo\/alfa-romeo-exclu-le-plan-produit-jusquen-2028\/#primaryimage"},"thumbnailUrl":"https:\/\/www.italpassion.fr\/wp-content\/uploads\/2024\/01\/plan-produit-alfa-romeo-2024-2028.jpg","datePublished":"2024-01-21T20:18:05+00:00","dateModified":"2024-05-28T12:48:21+00:00","description":"Ilustraci\u00f3n Italpassion El relanzamiento de Alfa Romeo est\u00e1 en marcha. Como anunci\u00f3 Jean-Philippe Imparato cuando se hizo cargo de la marca, el","breadcrumb":{"@id":"https:\/\/www.italpassion.fr\/es\/alfa-romeo\/alfa-romeo-exclu-le-plan-produit-jusquen-2028\/#breadcrumb"},"inLanguage":"es","potentialAction":[{"@type":"ReadAction","target":["https:\/\/www.italpassion.fr\/es\/alfa-romeo\/alfa-romeo-exclu-le-plan-produit-jusquen-2028\/"]}]},{"@type":"ImageObject","inLanguage":"es","@id":"https:\/\/www.italpassion.fr\/es\/alfa-romeo\/alfa-romeo-exclu-le-plan-produit-jusquen-2028\/#primaryimage","url":"https:\/\/www.italpassion.fr\/wp-content\/uploads\/2024\/01\/plan-produit-alfa-romeo-2024-2028.jpg","contentUrl":"https:\/\/www.italpassion.fr\/wp-content\/uploads\/2024\/01\/plan-produit-alfa-romeo-2024-2028.jpg","width":1200,"height":800,"caption":"plan-produit-alfa-romeo-2024-2028"},{"@type":"BreadcrumbList","@id":"https:\/\/www.italpassion.fr\/es\/alfa-romeo\/alfa-romeo-exclu-le-plan-produit-jusquen-2028\/#breadcrumb","itemListElement":[{"@type":"ListItem","position":1,"name":"Accueil","item":"https:\/\/www.italpassion.fr\/es\/"},{"@type":"ListItem","position":2,"name":"Alfa Romeo : scoop, le plan produit jusqu&rsquo;en 2028 !"}]},{"@type":"WebSite","@id":"https:\/\/www.italpassion.fr\/es\/#website","url":"https:\/\/www.italpassion.fr\/es\/","name":"ItalPassion","description":"Entusiastas de los coches italianos","publisher":{"@id":"https:\/\/www.italpassion.fr\/es\/#organization"},"potentialAction":[{"@type":"SearchAction","target":{"@type":"EntryPoint","urlTemplate":"https:\/\/www.italpassion.fr\/es\/?s={search_term_string}"},"query-input":{"@type":"PropertyValueSpecification","valueRequired":true,"valueName":"search_term_string"}}],"inLanguage":"es"},{"@type":"Organization","@id":"https:\/\/www.italpassion.fr\/es\/#organization","name":"Italpassion","url":"https:\/\/www.italpassion.fr\/es\/","logo":{"@type":"ImageObject","inLanguage":"es","@id":"https:\/\/www.italpassion.fr\/es\/#\/schema\/logo\/image\/","url":"https:\/\/www.italpassion.fr\/wp-content\/uploads\/2023\/07\/italpassion-yoast.jpg","contentUrl":"https:\/\/www.italpassion.fr\/wp-content\/uploads\/2023\/07\/italpassion-yoast.jpg","width":696,"height":696,"caption":"Italpassion"},"image":{"@id":"https:\/\/www.italpassion.fr\/es\/#\/schema\/logo\/image\/"},"sameAs":["https:\/\/www.facebook.com\/italpassion","https:\/\/x.com\/italpassion","https:\/\/www.instagram.com\/italpassionfr\/","https:\/\/www.youtube.com\/channel\/UCleq-ByQaA42OjhopwevRjQ","https:\/\/www.facebook.com\/italpassion.en\/","https:\/\/www.facebook.com\/italpassion.it\/","https:\/\/www.facebook.com\/italpassion.de\/","https:\/\/www.facebook.com\/italpassion.ja\/"]},{"@type":"Person","@id":"https:\/\/www.italpassion.fr\/es\/#\/schema\/person\/36f747b2a759ca202d847e85a9434ca0","name":"Alexandre Filluzeau","image":{"@type":"ImageObject","inLanguage":"es","@id":"https:\/\/www.italpassion.fr\/es\/#\/schema\/person\/image\/","url":"https:\/\/www.italpassion.fr\/wp-content\/uploads\/2025\/04\/avatar-alexandre-160x160.jpg","contentUrl":"https:\/\/www.italpassion.fr\/wp-content\/uploads\/2025\/04\/avatar-alexandre-160x160.jpg","caption":"Alexandre Filluzeau"},"description":"Fundador del sitio web ItalPassion, apasionado de los coches italianos y de Italia en general. Aporto una mirada cr\u00edtica y t\u00e9cnica a las noticias de las marcas italianas cuando es posible. Propietario de un Maserati GranTurismo, Alfa Romeo MiTo, Lancia Fulvia y Ducati 695. Ex-propietario de un Alfa Romeo Giulia.","sameAs":["https:\/\/www.italpassion.fr\/"],"url":"https:\/\/www.italpassion.fr\/es\/author\/alexandre\/"}]}},"_links":{"self":[{"href":"https:\/\/www.italpassion.fr\/es\/wp-json\/wp\/v2\/posts\/32909","targetHints":{"allow":["GET"]}}],"collection":[{"href":"https:\/\/www.italpassion.fr\/es\/wp-json\/wp\/v2\/posts"}],"about":[{"href":"https:\/\/www.italpassion.fr\/es\/wp-json\/wp\/v2\/types\/post"}],"author":[{"embeddable":true,"href":"https:\/\/www.italpassion.fr\/es\/wp-json\/wp\/v2\/users\/1"}],"replies":[{"embeddable":true,"href":"https:\/\/www.italpassion.fr\/es\/wp-json\/wp\/v2\/comments?post=32909"}],"version-history":[{"count":5,"href":"https:\/\/www.italpassion.fr\/es\/wp-json\/wp\/v2\/posts\/32909\/revisions"}],"predecessor-version":[{"id":34114,"href":"https:\/\/www.italpassion.fr\/es\/wp-json\/wp\/v2\/posts\/32909\/revisions\/34114"}],"wp:featuredmedia":[{"embeddable":true,"href":"https:\/\/www.italpassion.fr\/es\/wp-json\/wp\/v2\/media\/32910"}],"wp:attachment":[{"href":"https:\/\/www.italpassion.fr\/es\/wp-json\/wp\/v2\/media?parent=32909"}],"wp:term":[{"taxonomy":"category","embeddable":true,"href":"https:\/\/www.italpassion.fr\/es\/wp-json\/wp\/v2\/categories?post=32909"},{"taxonomy":"post_tag","embeddable":true,"href":"https:\/\/www.italpassion.fr\/es\/wp-json\/wp\/v2\/tags?post=32909"}],"curies":[{"name":"wp","href":"https:\/\/api.w.org\/{rel}","templated":true}]}}