{"id":32241,"date":"2023-10-09T21:15:52","date_gmt":"2023-10-09T19:15:52","guid":{"rendered":"https:\/\/www.italpassion.fr\/?p=32241"},"modified":"2023-10-09T21:17:43","modified_gmt":"2023-10-09T19:17:43","slug":"maserati-realiza-un-podio-para-su-retorno-en-el-podio-en-gt2","status":"publish","type":"post","link":"https:\/\/www.italpassion.fr\/es\/maserati\/maserati-realise-un-podium-pour-son-retour-sur-le-podium-en-gt2\/","title":{"rendered":"Maserati sube al podio en su regreso a GT2"},"content":{"rendered":"<figure class=\"wp-block-image size-large\"><img loading=\"lazy\" decoding=\"async\" width=\"1024\" height=\"614\" src=\"https:\/\/www.italpassion.fr\/wp-content\/uploads\/2023\/10\/MaseratiGT2-1024x614.jpg\" alt=\"Maserati GT2\" class=\"wp-image-32242\" srcset=\"https:\/\/www.italpassion.fr\/wp-content\/uploads\/2023\/10\/MaseratiGT2-1024x614.jpg 1024w, https:\/\/www.italpassion.fr\/wp-content\/uploads\/2023\/10\/MaseratiGT2-300x180.jpg 300w, https:\/\/www.italpassion.fr\/wp-content\/uploads\/2023\/10\/MaseratiGT2-768x461.jpg 768w, https:\/\/www.italpassion.fr\/wp-content\/uploads\/2023\/10\/MaseratiGT2-18x12.jpg 18w, https:\/\/www.italpassion.fr\/wp-content\/uploads\/2023\/10\/MaseratiGT2-561x337.jpg 561w, https:\/\/www.italpassion.fr\/wp-content\/uploads\/2023\/10\/MaseratiGT2-1122x673.jpg 1122w, https:\/\/www.italpassion.fr\/wp-content\/uploads\/2023\/10\/MaseratiGT2-265x159.jpg 265w, https:\/\/www.italpassion.fr\/wp-content\/uploads\/2023\/10\/MaseratiGT2-531x319.jpg 531w, https:\/\/www.italpassion.fr\/wp-content\/uploads\/2023\/10\/MaseratiGT2-364x218.jpg 364w, https:\/\/www.italpassion.fr\/wp-content\/uploads\/2023\/10\/MaseratiGT2-728x437.jpg 728w, https:\/\/www.italpassion.fr\/wp-content\/uploads\/2023\/10\/MaseratiGT2-608x365.jpg 608w, https:\/\/www.italpassion.fr\/wp-content\/uploads\/2023\/10\/MaseratiGT2-758x455.jpg 758w, https:\/\/www.italpassion.fr\/wp-content\/uploads\/2023\/10\/MaseratiGT2-1152x691.jpg 1152w, https:\/\/www.italpassion.fr\/wp-content\/uploads\/2023\/10\/MaseratiGT2-600x360.jpg 600w, https:\/\/www.italpassion.fr\/wp-content\/uploads\/2023\/10\/MaseratiGT2.jpg 1200w\" sizes=\"auto, (max-width: 1024px) 100vw, 1024px\" \/><\/figure>\n\n\n\n<p><a href=\"https:\/\/www.italpassion.fr\/es\/maserati\/\">Maserati<\/a> caus\u00f3 sensaci\u00f3n en su regreso a las carreras de GT en el circuito franc\u00e9s de Paul Ricard. <\/p>\n\n\n\n<p>El Maserati GT2, el nuevo modelo de carreras en circuito derivado del MC20, hizo su debut con gran fanfarria en la ronda final de las Fanatec GT2 European Series 2023.<\/p>\n\n\n\n<p>El equipo LP Racing gan\u00f3 <strong>pole position en la calificaci\u00f3n, luego segundo puesto en la primera carrera<\/strong> y el s\u00e9ptimo puesto en la segunda carrera. <\/p>\n\n\n\n<p>Esta fue solo la \u00faltima ronda del campeonato, pero es un buen presagio para la temporada 2024, que comenzar\u00e1 en el Circuit Paul Ricard en abril.<\/p>\n\n\n\n<p><strong>Puede ver las repeticiones de las dos carreras a continuaci\u00f3n.<\/strong><\/p>\n\n\n\n<figure class=\"wp-block-embed is-type-video is-provider-youtube wp-block-embed-youtube wp-embed-aspect-16-9 wp-has-aspect-ratio\"><div class=\"wp-block-embed__wrapper\">\n<iframe loading=\"lazy\" title=\"EN DIRECTO \/ CARRERA 1 \/ Fanatec GT2 European Series 2023 (Espa\u00f1ol)\" width=\"1200\" height=\"675\" src=\"https:\/\/www.youtube-nocookie.com\/embed\/TCWMCJufzTA?feature=oembed\" frameborder=\"0\" allow=\"accelerometer; autoplay; clipboard-write; encrypted-media; gyroscope; picture-in-picture; web-share\" referrerpolicy=\"strict-origin-when-cross-origin\" allowfullscreen><\/iframe>\n<\/div><\/figure>\n\n\n\n<figure class=\"wp-block-embed is-type-video is-provider-youtube wp-block-embed-youtube wp-embed-aspect-16-9 wp-has-aspect-ratio\"><div class=\"wp-block-embed__wrapper\">\n<iframe loading=\"lazy\" title=\"EN DIRECTO \/ CARRERA 2 \/ Fanatec GT2 European Series 2023 (Espa\u00f1ol)\" width=\"1200\" height=\"675\" src=\"https:\/\/www.youtube-nocookie.com\/embed\/qzroPZai5pw?feature=oembed\" frameborder=\"0\" allow=\"accelerometer; autoplay; clipboard-write; encrypted-media; gyroscope; picture-in-picture; web-share\" referrerpolicy=\"strict-origin-when-cross-origin\" allowfullscreen><\/iframe>\n<\/div><\/figure>\n\n\n\n<p><\/p>","protected":false},"excerpt":{"rendered":"","protected":false},"author":1,"featured_media":32242,"comment_status":"open","ping_status":"open","sticky":false,"template":"","format":"standard","meta":{"_acf_changed":false,"_sitemap_exclude":false,"_sitemap_priority":"","_sitemap_frequency":"","footnotes":""},"categories":[27],"tags":[],"class_list":["post-32241","post","type-post","status-publish","format-standard","has-post-thumbnail","hentry","category-maserati","generate-columns","tablet-grid-50","mobile-grid-100","grid-parent","grid-33"],"acf":[],"yoast_head":"<!-- This site is optimized with the Yoast SEO plugin v25.8 - https:\/\/yoast.com\/wordpress\/plugins\/seo\/ -->\n<title>Maserati r\u00e9alise un podium pour son retour en GT2 - ItalPassion<\/title>\n<meta name=\"description\" content=\"Maserati a fait sensation lors de son retour en comp\u00e9tition GT sur le circuit Paul Ricard, en France. La Maserati GT2, le nouveau mod\u00e8le d\u00e9di\u00e9 \u00e0 la course\" \/>\n<meta name=\"robots\" content=\"index, follow, max-snippet:-1, max-image-preview:large, max-video-preview:-1\" \/>\n<link rel=\"canonical\" href=\"https:\/\/www.italpassion.fr\/es\/maserati\/maserati-realiza-un-podio-para-su-retorno-en-el-podio-en-gt2\/\" \/>\n<meta property=\"og:locale\" content=\"es_ES\" \/>\n<meta property=\"og:type\" content=\"article\" \/>\n<meta property=\"og:title\" content=\"Maserati r\u00e9alise un podium pour son retour en GT2 - ItalPassion\" \/>\n<meta property=\"og:description\" content=\"Maserati a fait sensation lors de son retour en comp\u00e9tition GT sur le circuit Paul Ricard, en France. La Maserati GT2, le nouveau mod\u00e8le d\u00e9di\u00e9 \u00e0 la course\" \/>\n<meta property=\"og:url\" content=\"https:\/\/www.italpassion.fr\/es\/maserati\/maserati-realiza-un-podio-para-su-retorno-en-el-podio-en-gt2\/\" \/>\n<meta property=\"og:site_name\" content=\"ItalPassion\" \/>\n<meta property=\"article:publisher\" content=\"https:\/\/www.facebook.com\/italpassion\" \/>\n<meta property=\"article:published_time\" content=\"2023-10-09T19:15:52+00:00\" \/>\n<meta property=\"article:modified_time\" content=\"2023-10-09T19:17:43+00:00\" \/>\n<meta property=\"og:image\" content=\"https:\/\/www.italpassion.fr\/wp-content\/uploads\/2023\/10\/MaseratiGT2.jpg\" \/>\n\t<meta property=\"og:image:width\" content=\"1200\" \/>\n\t<meta property=\"og:image:height\" content=\"720\" \/>\n\t<meta property=\"og:image:type\" content=\"image\/jpeg\" \/>\n<meta name=\"author\" content=\"Alexandre Filluzeau\" \/>\n<meta name=\"twitter:card\" content=\"summary_large_image\" \/>\n<meta name=\"twitter:creator\" content=\"@italpassion\" \/>\n<meta name=\"twitter:site\" content=\"@italpassion\" \/>\n<script type=\"application\/ld+json\" class=\"yoast-schema-graph\">{\"@context\":\"https:\/\/schema.org\",\"@graph\":[{\"@type\":\"NewsArticle\",\"@id\":\"https:\/\/www.italpassion.fr\/es\/maserati\/maserati-realise-un-podium-pour-son-retour-sur-le-podium-en-gt2\/#article\",\"isPartOf\":{\"@id\":\"https:\/\/www.italpassion.fr\/es\/maserati\/maserati-realise-un-podium-pour-son-retour-sur-le-podium-en-gt2\/\"},\"author\":{\"name\":\"Alexandre Filluzeau\",\"@id\":\"https:\/\/www.italpassion.fr\/es\/#\/schema\/person\/36f747b2a759ca202d847e85a9434ca0\"},\"headline\":\"Maserati r\u00e9alise un podium pour son retour en GT2\",\"datePublished\":\"2023-10-09T19:15:52+00:00\",\"dateModified\":\"2023-10-09T19:17:43+00:00\",\"mainEntityOfPage\":{\"@id\":\"https:\/\/www.italpassion.fr\/es\/maserati\/maserati-realise-un-podium-pour-son-retour-sur-le-podium-en-gt2\/\"},\"wordCount\":163,\"commentCount\":6,\"publisher\":{\"@id\":\"https:\/\/www.italpassion.fr\/es\/#organization\"},\"image\":{\"@id\":\"https:\/\/www.italpassion.fr\/es\/maserati\/maserati-realise-un-podium-pour-son-retour-sur-le-podium-en-gt2\/#primaryimage\"},\"thumbnailUrl\":\"https:\/\/www.italpassion.fr\/wp-content\/uploads\/2023\/10\/MaseratiGT2.jpg\",\"articleSection\":[\"Maserati\"],\"inLanguage\":\"es\",\"potentialAction\":[{\"@type\":\"CommentAction\",\"name\":\"Comment\",\"target\":[\"https:\/\/www.italpassion.fr\/es\/maserati\/maserati-realise-un-podium-pour-son-retour-sur-le-podium-en-gt2\/#respond\"]}]},{\"@type\":\"WebPage\",\"@id\":\"https:\/\/www.italpassion.fr\/es\/maserati\/maserati-realise-un-podium-pour-son-retour-sur-le-podium-en-gt2\/\",\"url\":\"https:\/\/www.italpassion.fr\/es\/maserati\/maserati-realise-un-podium-pour-son-retour-sur-le-podium-en-gt2\/\",\"name\":\"Maserati r\u00e9alise un podium pour son retour en GT2 - ItalPassion\",\"isPartOf\":{\"@id\":\"https:\/\/www.italpassion.fr\/es\/#website\"},\"primaryImageOfPage\":{\"@id\":\"https:\/\/www.italpassion.fr\/es\/maserati\/maserati-realise-un-podium-pour-son-retour-sur-le-podium-en-gt2\/#primaryimage\"},\"image\":{\"@id\":\"https:\/\/www.italpassion.fr\/es\/maserati\/maserati-realise-un-podium-pour-son-retour-sur-le-podium-en-gt2\/#primaryimage\"},\"thumbnailUrl\":\"https:\/\/www.italpassion.fr\/wp-content\/uploads\/2023\/10\/MaseratiGT2.jpg\",\"datePublished\":\"2023-10-09T19:15:52+00:00\",\"dateModified\":\"2023-10-09T19:17:43+00:00\",\"description\":\"Maserati a fait sensation lors de son retour en comp\u00e9tition GT sur le circuit Paul Ricard, en France. La Maserati GT2, le nouveau mod\u00e8le d\u00e9di\u00e9 \u00e0 la course\",\"breadcrumb\":{\"@id\":\"https:\/\/www.italpassion.fr\/es\/maserati\/maserati-realise-un-podium-pour-son-retour-sur-le-podium-en-gt2\/#breadcrumb\"},\"inLanguage\":\"es\",\"potentialAction\":[{\"@type\":\"ReadAction\",\"target\":[\"https:\/\/www.italpassion.fr\/es\/maserati\/maserati-realise-un-podium-pour-son-retour-sur-le-podium-en-gt2\/\"]}]},{\"@type\":\"ImageObject\",\"inLanguage\":\"es\",\"@id\":\"https:\/\/www.italpassion.fr\/es\/maserati\/maserati-realise-un-podium-pour-son-retour-sur-le-podium-en-gt2\/#primaryimage\",\"url\":\"https:\/\/www.italpassion.fr\/wp-content\/uploads\/2023\/10\/MaseratiGT2.jpg\",\"contentUrl\":\"https:\/\/www.italpassion.fr\/wp-content\/uploads\/2023\/10\/MaseratiGT2.jpg\",\"width\":1200,\"height\":720,\"caption\":\"Maserati GT2\"},{\"@type\":\"BreadcrumbList\",\"@id\":\"https:\/\/www.italpassion.fr\/es\/maserati\/maserati-realise-un-podium-pour-son-retour-sur-le-podium-en-gt2\/#breadcrumb\",\"itemListElement\":[{\"@type\":\"ListItem\",\"position\":1,\"name\":\"Accueil\",\"item\":\"https:\/\/www.italpassion.fr\/es\/\"},{\"@type\":\"ListItem\",\"position\":2,\"name\":\"Maserati r\u00e9alise un podium pour son retour en GT2\"}]},{\"@type\":\"WebSite\",\"@id\":\"https:\/\/www.italpassion.fr\/es\/#website\",\"url\":\"https:\/\/www.italpassion.fr\/es\/\",\"name\":\"ItalPassion\",\"description\":\"Les Passionn\u00e9s d&#039;Automobiles Italiennes\",\"publisher\":{\"@id\":\"https:\/\/www.italpassion.fr\/es\/#organization\"},\"potentialAction\":[{\"@type\":\"SearchAction\",\"target\":{\"@type\":\"EntryPoint\",\"urlTemplate\":\"https:\/\/www.italpassion.fr\/es\/?s={search_term_string}\"},\"query-input\":{\"@type\":\"PropertyValueSpecification\",\"valueRequired\":true,\"valueName\":\"search_term_string\"}}],\"inLanguage\":\"es\"},{\"@type\":\"Organization\",\"@id\":\"https:\/\/www.italpassion.fr\/es\/#organization\",\"name\":\"Italpassion\",\"url\":\"https:\/\/www.italpassion.fr\/es\/\",\"logo\":{\"@type\":\"ImageObject\",\"inLanguage\":\"es\",\"@id\":\"https:\/\/www.italpassion.fr\/es\/#\/schema\/logo\/image\/\",\"url\":\"https:\/\/www.italpassion.fr\/wp-content\/uploads\/2023\/07\/italpassion-yoast.jpg\",\"contentUrl\":\"https:\/\/www.italpassion.fr\/wp-content\/uploads\/2023\/07\/italpassion-yoast.jpg\",\"width\":696,\"height\":696,\"caption\":\"Italpassion\"},\"image\":{\"@id\":\"https:\/\/www.italpassion.fr\/es\/#\/schema\/logo\/image\/\"},\"sameAs\":[\"https:\/\/www.facebook.com\/italpassion\",\"https:\/\/x.com\/italpassion\",\"https:\/\/www.instagram.com\/italpassionfr\/\",\"https:\/\/www.youtube.com\/channel\/UCleq-ByQaA42OjhopwevRjQ\",\"https:\/\/www.facebook.com\/italpassion.en\/\",\"https:\/\/www.facebook.com\/italpassion.it\/\",\"https:\/\/www.facebook.com\/italpassion.de\/\",\"https:\/\/www.facebook.com\/italpassion.ja\/\"]},{\"@type\":\"Person\",\"@id\":\"https:\/\/www.italpassion.fr\/es\/#\/schema\/person\/36f747b2a759ca202d847e85a9434ca0\",\"name\":\"Alexandre Filluzeau\",\"image\":{\"@type\":\"ImageObject\",\"inLanguage\":\"es\",\"@id\":\"https:\/\/www.italpassion.fr\/es\/#\/schema\/person\/image\/\",\"url\":\"https:\/\/www.italpassion.fr\/wp-content\/uploads\/2025\/04\/avatar-alexandre-160x160.jpg\",\"contentUrl\":\"https:\/\/www.italpassion.fr\/wp-content\/uploads\/2025\/04\/avatar-alexandre-160x160.jpg\",\"caption\":\"Alexandre Filluzeau\"},\"description\":\"Fondateur du site ItalPassion, passionn\u00e9 de voitures italiennes et de l'Italie en g\u00e9n\u00e9ral. J'apporte un regard critique et technique aux actualit\u00e9s des marques italiennes quand cela est possible. Propri\u00e9taire d'une Maserati GranTurismo, Alfa Romeo MiTo, Lancia Fulvia et Ducati 695. Ex-propri\u00e9taire d'une Alfa Romeo Giulia.\",\"sameAs\":[\"https:\/\/www.italpassion.fr\/\"],\"url\":\"https:\/\/www.italpassion.fr\/es\/author\/alexandre\/\"}]}<\/script>\n<!-- \/ Yoast SEO plugin. -->","yoast_head_json":{"title":"Maserati sube al podio en su regreso a GT2 - ItalPassion","description":"Maserati caus\u00f3 sensaci\u00f3n con su regreso a las carreras de GT en el circuito franc\u00e9s de Paul Ricard. El Maserati GT2, el nuevo modelo dedicado a las carreras","robots":{"index":"index","follow":"follow","max-snippet":"max-snippet:-1","max-image-preview":"max-image-preview:large","max-video-preview":"max-video-preview:-1"},"canonical":"https:\/\/www.italpassion.fr\/es\/maserati\/maserati-realiza-un-podio-para-su-retorno-en-el-podio-en-gt2\/","og_locale":"es_ES","og_type":"article","og_title":"Maserati r\u00e9alise un podium pour son retour en GT2 - ItalPassion","og_description":"Maserati a fait sensation lors de son retour en comp\u00e9tition GT sur le circuit Paul Ricard, en France. La Maserati GT2, le nouveau mod\u00e8le d\u00e9di\u00e9 \u00e0 la course","og_url":"https:\/\/www.italpassion.fr\/es\/maserati\/maserati-realiza-un-podio-para-su-retorno-en-el-podio-en-gt2\/","og_site_name":"ItalPassion","article_publisher":"https:\/\/www.facebook.com\/italpassion","article_published_time":"2023-10-09T19:15:52+00:00","article_modified_time":"2023-10-09T19:17:43+00:00","og_image":[{"width":1200,"height":720,"url":"https:\/\/www.italpassion.fr\/wp-content\/uploads\/2023\/10\/MaseratiGT2.jpg","type":"image\/jpeg"}],"author":"Alexandre Filluzeau","twitter_card":"summary_large_image","twitter_creator":"@italpassion","twitter_site":"@italpassion","schema":{"@context":"https:\/\/schema.org","@graph":[{"@type":"NewsArticle","@id":"https:\/\/www.italpassion.fr\/es\/maserati\/maserati-realise-un-podium-pour-son-retour-sur-le-podium-en-gt2\/#article","isPartOf":{"@id":"https:\/\/www.italpassion.fr\/es\/maserati\/maserati-realise-un-podium-pour-son-retour-sur-le-podium-en-gt2\/"},"author":{"name":"Alexandre Filluzeau","@id":"https:\/\/www.italpassion.fr\/es\/#\/schema\/person\/36f747b2a759ca202d847e85a9434ca0"},"headline":"Maserati r\u00e9alise un podium pour son retour en GT2","datePublished":"2023-10-09T19:15:52+00:00","dateModified":"2023-10-09T19:17:43+00:00","mainEntityOfPage":{"@id":"https:\/\/www.italpassion.fr\/es\/maserati\/maserati-realise-un-podium-pour-son-retour-sur-le-podium-en-gt2\/"},"wordCount":163,"commentCount":6,"publisher":{"@id":"https:\/\/www.italpassion.fr\/es\/#organization"},"image":{"@id":"https:\/\/www.italpassion.fr\/es\/maserati\/maserati-realise-un-podium-pour-son-retour-sur-le-podium-en-gt2\/#primaryimage"},"thumbnailUrl":"https:\/\/www.italpassion.fr\/wp-content\/uploads\/2023\/10\/MaseratiGT2.jpg","articleSection":["Maserati"],"inLanguage":"es","potentialAction":[{"@type":"CommentAction","name":"Comment","target":["https:\/\/www.italpassion.fr\/es\/maserati\/maserati-realise-un-podium-pour-son-retour-sur-le-podium-en-gt2\/#respond"]}]},{"@type":"WebPage","@id":"https:\/\/www.italpassion.fr\/es\/maserati\/maserati-realise-un-podium-pour-son-retour-sur-le-podium-en-gt2\/","url":"https:\/\/www.italpassion.fr\/es\/maserati\/maserati-realise-un-podium-pour-son-retour-sur-le-podium-en-gt2\/","name":"Maserati sube al podio en su regreso a GT2 - ItalPassion","isPartOf":{"@id":"https:\/\/www.italpassion.fr\/es\/#website"},"primaryImageOfPage":{"@id":"https:\/\/www.italpassion.fr\/es\/maserati\/maserati-realise-un-podium-pour-son-retour-sur-le-podium-en-gt2\/#primaryimage"},"image":{"@id":"https:\/\/www.italpassion.fr\/es\/maserati\/maserati-realise-un-podium-pour-son-retour-sur-le-podium-en-gt2\/#primaryimage"},"thumbnailUrl":"https:\/\/www.italpassion.fr\/wp-content\/uploads\/2023\/10\/MaseratiGT2.jpg","datePublished":"2023-10-09T19:15:52+00:00","dateModified":"2023-10-09T19:17:43+00:00","description":"Maserati caus\u00f3 sensaci\u00f3n con su regreso a las carreras de GT en el circuito franc\u00e9s de Paul Ricard. El Maserati GT2, el nuevo modelo dedicado a las carreras","breadcrumb":{"@id":"https:\/\/www.italpassion.fr\/es\/maserati\/maserati-realise-un-podium-pour-son-retour-sur-le-podium-en-gt2\/#breadcrumb"},"inLanguage":"es","potentialAction":[{"@type":"ReadAction","target":["https:\/\/www.italpassion.fr\/es\/maserati\/maserati-realise-un-podium-pour-son-retour-sur-le-podium-en-gt2\/"]}]},{"@type":"ImageObject","inLanguage":"es","@id":"https:\/\/www.italpassion.fr\/es\/maserati\/maserati-realise-un-podium-pour-son-retour-sur-le-podium-en-gt2\/#primaryimage","url":"https:\/\/www.italpassion.fr\/wp-content\/uploads\/2023\/10\/MaseratiGT2.jpg","contentUrl":"https:\/\/www.italpassion.fr\/wp-content\/uploads\/2023\/10\/MaseratiGT2.jpg","width":1200,"height":720,"caption":"Maserati GT2"},{"@type":"BreadcrumbList","@id":"https:\/\/www.italpassion.fr\/es\/maserati\/maserati-realise-un-podium-pour-son-retour-sur-le-podium-en-gt2\/#breadcrumb","itemListElement":[{"@type":"ListItem","position":1,"name":"Accueil","item":"https:\/\/www.italpassion.fr\/es\/"},{"@type":"ListItem","position":2,"name":"Maserati r\u00e9alise un podium pour son retour en GT2"}]},{"@type":"WebSite","@id":"https:\/\/www.italpassion.fr\/es\/#website","url":"https:\/\/www.italpassion.fr\/es\/","name":"ItalPassion","description":"Entusiastas de los coches italianos","publisher":{"@id":"https:\/\/www.italpassion.fr\/es\/#organization"},"potentialAction":[{"@type":"SearchAction","target":{"@type":"EntryPoint","urlTemplate":"https:\/\/www.italpassion.fr\/es\/?s={search_term_string}"},"query-input":{"@type":"PropertyValueSpecification","valueRequired":true,"valueName":"search_term_string"}}],"inLanguage":"es"},{"@type":"Organization","@id":"https:\/\/www.italpassion.fr\/es\/#organization","name":"Italpassion","url":"https:\/\/www.italpassion.fr\/es\/","logo":{"@type":"ImageObject","inLanguage":"es","@id":"https:\/\/www.italpassion.fr\/es\/#\/schema\/logo\/image\/","url":"https:\/\/www.italpassion.fr\/wp-content\/uploads\/2023\/07\/italpassion-yoast.jpg","contentUrl":"https:\/\/www.italpassion.fr\/wp-content\/uploads\/2023\/07\/italpassion-yoast.jpg","width":696,"height":696,"caption":"Italpassion"},"image":{"@id":"https:\/\/www.italpassion.fr\/es\/#\/schema\/logo\/image\/"},"sameAs":["https:\/\/www.facebook.com\/italpassion","https:\/\/x.com\/italpassion","https:\/\/www.instagram.com\/italpassionfr\/","https:\/\/www.youtube.com\/channel\/UCleq-ByQaA42OjhopwevRjQ","https:\/\/www.facebook.com\/italpassion.en\/","https:\/\/www.facebook.com\/italpassion.it\/","https:\/\/www.facebook.com\/italpassion.de\/","https:\/\/www.facebook.com\/italpassion.ja\/"]},{"@type":"Person","@id":"https:\/\/www.italpassion.fr\/es\/#\/schema\/person\/36f747b2a759ca202d847e85a9434ca0","name":"Alexandre Filluzeau","image":{"@type":"ImageObject","inLanguage":"es","@id":"https:\/\/www.italpassion.fr\/es\/#\/schema\/person\/image\/","url":"https:\/\/www.italpassion.fr\/wp-content\/uploads\/2025\/04\/avatar-alexandre-160x160.jpg","contentUrl":"https:\/\/www.italpassion.fr\/wp-content\/uploads\/2025\/04\/avatar-alexandre-160x160.jpg","caption":"Alexandre Filluzeau"},"description":"Fundador del sitio web ItalPassion, apasionado de los coches italianos y de Italia en general. Aporto una mirada cr\u00edtica y t\u00e9cnica a las noticias de las marcas italianas cuando es posible. Propietario de un Maserati GranTurismo, Alfa Romeo MiTo, Lancia Fulvia y Ducati 695. Ex-propietario de un Alfa Romeo Giulia.","sameAs":["https:\/\/www.italpassion.fr\/"],"url":"https:\/\/www.italpassion.fr\/es\/author\/alexandre\/"}]}},"_links":{"self":[{"href":"https:\/\/www.italpassion.fr\/es\/wp-json\/wp\/v2\/posts\/32241","targetHints":{"allow":["GET"]}}],"collection":[{"href":"https:\/\/www.italpassion.fr\/es\/wp-json\/wp\/v2\/posts"}],"about":[{"href":"https:\/\/www.italpassion.fr\/es\/wp-json\/wp\/v2\/types\/post"}],"author":[{"embeddable":true,"href":"https:\/\/www.italpassion.fr\/es\/wp-json\/wp\/v2\/users\/1"}],"replies":[{"embeddable":true,"href":"https:\/\/www.italpassion.fr\/es\/wp-json\/wp\/v2\/comments?post=32241"}],"version-history":[{"count":2,"href":"https:\/\/www.italpassion.fr\/es\/wp-json\/wp\/v2\/posts\/32241\/revisions"}],"predecessor-version":[{"id":32244,"href":"https:\/\/www.italpassion.fr\/es\/wp-json\/wp\/v2\/posts\/32241\/revisions\/32244"}],"wp:featuredmedia":[{"embeddable":true,"href":"https:\/\/www.italpassion.fr\/es\/wp-json\/wp\/v2\/media\/32242"}],"wp:attachment":[{"href":"https:\/\/www.italpassion.fr\/es\/wp-json\/wp\/v2\/media?parent=32241"}],"wp:term":[{"taxonomy":"category","embeddable":true,"href":"https:\/\/www.italpassion.fr\/es\/wp-json\/wp\/v2\/categories?post=32241"},{"taxonomy":"post_tag","embeddable":true,"href":"https:\/\/www.italpassion.fr\/es\/wp-json\/wp\/v2\/tags?post=32241"}],"curies":[{"name":"wp","href":"https:\/\/api.w.org\/{rel}","templated":true}]}}