{"id":32105,"date":"2023-09-29T18:17:54","date_gmt":"2023-09-29T16:17:54","guid":{"rendered":"https:\/\/www.italpassion.fr\/?p=32105"},"modified":"2023-09-29T18:26:32","modified_gmt":"2023-09-29T16:26:32","slug":"el-director-dalfa-romeo-disena-sus-ambiciosos-objetivos-para-los-anos-futuros","status":"publish","type":"post","link":"https:\/\/www.italpassion.fr\/es\/alfa-romeo\/le-directeur-dalfa-romeo-devoile-ses-objectifs-ambitieux-pour-les-annees-a-venir\/","title":{"rendered":"El CEO de Alfa Romeo desvela sus ambiciosos objetivos para los pr\u00f3ximos a\u00f1os"},"content":{"rendered":"<figure class=\"wp-block-image size-large\"><img loading=\"lazy\" decoding=\"async\" width=\"1024\" height=\"597\" src=\"https:\/\/www.italpassion.fr\/wp-content\/uploads\/2023\/09\/alfa-romeo-photo-1024x597.jpg\" alt=\"alfa-romeo-foto\" class=\"wp-image-32135\" srcset=\"https:\/\/www.italpassion.fr\/wp-content\/uploads\/2023\/09\/alfa-romeo-photo-1024x597.jpg 1024w, https:\/\/www.italpassion.fr\/wp-content\/uploads\/2023\/09\/alfa-romeo-photo-300x175.jpg 300w, https:\/\/www.italpassion.fr\/wp-content\/uploads\/2023\/09\/alfa-romeo-photo-768x448.jpg 768w, https:\/\/www.italpassion.fr\/wp-content\/uploads\/2023\/09\/alfa-romeo-photo-561x327.jpg 561w, https:\/\/www.italpassion.fr\/wp-content\/uploads\/2023\/09\/alfa-romeo-photo-1122x655.jpg 1122w, https:\/\/www.italpassion.fr\/wp-content\/uploads\/2023\/09\/alfa-romeo-photo-265x155.jpg 265w, https:\/\/www.italpassion.fr\/wp-content\/uploads\/2023\/09\/alfa-romeo-photo-531x310.jpg 531w, https:\/\/www.italpassion.fr\/wp-content\/uploads\/2023\/09\/alfa-romeo-photo-364x212.jpg 364w, https:\/\/www.italpassion.fr\/wp-content\/uploads\/2023\/09\/alfa-romeo-photo-728x425.jpg 728w, https:\/\/www.italpassion.fr\/wp-content\/uploads\/2023\/09\/alfa-romeo-photo-608x355.jpg 608w, https:\/\/www.italpassion.fr\/wp-content\/uploads\/2023\/09\/alfa-romeo-photo-758x442.jpg 758w, https:\/\/www.italpassion.fr\/wp-content\/uploads\/2023\/09\/alfa-romeo-photo-1152x672.jpg 1152w, https:\/\/www.italpassion.fr\/wp-content\/uploads\/2023\/09\/alfa-romeo-photo-600x350.jpg 600w, https:\/\/www.italpassion.fr\/wp-content\/uploads\/2023\/09\/alfa-romeo-photo.jpg 1200w\" sizes=\"auto, (max-width: 1024px) 100vw, 1024px\" \/><figcaption class=\"wp-element-caption\">Foto: Alfa Romeo en el circuito de Abu Dhabi<\/figcaption><\/figure>\n\n\n\n<p><strong>La marca italiana <a href=\"https:\/\/www.italpassion.fr\/es\/alfa-romeo\/\">Alfa Romeo<\/a> prev\u00e9 batir su r\u00e9cord anual de ventas en 2025, gracias a la ampliaci\u00f3n de su gama, <\/strong>anunci\u00f3 el Director General, Jean-Philippe Imparato.<\/p>\n\n\n\n<p><a href=\"https:\/\/www.italpassion.fr\/es\/alfa-romeo\/alfa-romeo-ranking-de-ventas-por-pais-en-el-primer-semestre-2023\/\">Alfa Romeo ya ha visto aumentar sus ventas en el primer semestre de 2023<\/a> con el lanzamiento de su SUV compacto Tonale, y planea lanzar un peque\u00f1o SUV el\u00e9ctrico (<a href=\"https:\/\/www.italpassion.fr\/es\/alfa-romeo\/alfa-romeo-b-suv-kid-las-primeras-fotos-en-fuite\/\">fotos filtradas<\/a>) que suceder\u00e1 indirectamente a la Mito.<\/p>\n\n\n\n<p>\"Las ventas de Alfa Romeo han ca\u00eddo en los \u00faltimos a\u00f1os, pero deber\u00edan volver a subir hasta unas 80.000-90.000 unidades este a\u00f1o, antes de batir su propio r\u00e9cord en 2025\", pronostic\u00f3 Jean-Philippe Imparato en una entrevista para <em>Entrenador<\/em>.<\/p>\n\n\n\n<p>El r\u00e9cord actual de la marca se remonta a 1990, cuando vendi\u00f3 223.643 veh\u00edculos en todo el mundo.<\/p>\n\n\n\n<p><strong>Por ello, Jean-Philippe Imparato es muy optimista respecto a Alfa Romeo.<\/strong>que aspira a superar su r\u00e9cord de 1990, cuando su gama estaba mucho m\u00e1s diversificada que ahora. <\/p>\n\n\n\n<p>En nuestra opini\u00f3n, <strong>Alfa Romeo podr\u00eda superar las 80.000 ventas este a\u00f1o<\/strong> gracias a <a href=\"https:\/\/www.italpassion.fr\/es\/alfa-romeo\/alfa-romeo-tonale-ranking-de-ventas-por-pais-en-el-primer-semestre-2023-litalia-largely-in-team\/\">Tonale, que ya representa 50 % de ventas en el primer semestre de 2023<\/a>que acaba de empezar su carrera en EE UU. Tambi\u00e9n habr\u00e1 que estar atentos a la carrera de este SUV, que tambi\u00e9n se lanza en China, donde la marca est\u00e1 sufriendo... (m\u00e1s sobre eso pronto).<\/p>\n\n\n\n<p>Luego, para superar las 200.000 ventas, todo depender\u00e1 del \u00e9xito del peque\u00f1o SUV, posicionado bajo el Tonale, que llegar\u00e1 en 2024. Su primo, el Jeep Avenger, acaba de superar los 40.000 pedidos en un a\u00f1o. Luego est\u00e1 el Stelvio el\u00e9ctrico, previsto para 2025.<\/p>\n\n\n\n<figure class=\"wp-block-image size-large\"><img loading=\"lazy\" decoding=\"async\" width=\"1024\" height=\"376\" src=\"https:\/\/www.italpassion.fr\/wp-content\/uploads\/2023\/09\/image-7-1024x376.png\" alt=\"\" class=\"wp-image-32134\" srcset=\"https:\/\/www.italpassion.fr\/wp-content\/uploads\/2023\/09\/image-7-1024x376.png 1024w, https:\/\/www.italpassion.fr\/wp-content\/uploads\/2023\/09\/image-7-300x110.png 300w, https:\/\/www.italpassion.fr\/wp-content\/uploads\/2023\/09\/image-7-768x282.png 768w, https:\/\/www.italpassion.fr\/wp-content\/uploads\/2023\/09\/image-7-18x7.png 18w, https:\/\/www.italpassion.fr\/wp-content\/uploads\/2023\/09\/image-7-561x206.png 561w, https:\/\/www.italpassion.fr\/wp-content\/uploads\/2023\/09\/image-7-1122x412.png 1122w, https:\/\/www.italpassion.fr\/wp-content\/uploads\/2023\/09\/image-7-265x97.png 265w, https:\/\/www.italpassion.fr\/wp-content\/uploads\/2023\/09\/image-7-531x195.png 531w, https:\/\/www.italpassion.fr\/wp-content\/uploads\/2023\/09\/image-7-364x134.png 364w, https:\/\/www.italpassion.fr\/wp-content\/uploads\/2023\/09\/image-7-728x267.png 728w, https:\/\/www.italpassion.fr\/wp-content\/uploads\/2023\/09\/image-7-608x223.png 608w, https:\/\/www.italpassion.fr\/wp-content\/uploads\/2023\/09\/image-7-758x278.png 758w, https:\/\/www.italpassion.fr\/wp-content\/uploads\/2023\/09\/image-7-1152x423.png 1152w, https:\/\/www.italpassion.fr\/wp-content\/uploads\/2023\/09\/image-7-600x220.png 600w, https:\/\/www.italpassion.fr\/wp-content\/uploads\/2023\/09\/image-7.png 1458w\" sizes=\"auto, (max-width: 1024px) 100vw, 1024px\" \/><\/figure>\n\n\n\n<p><strong>En conclusi\u00f3n, para superar su r\u00e9cord en 2025, Alfa Romeo apuesta por 3 SUVs<\/strong> Tonale, el B-SUV y el nuevo Stelvio 100 % el\u00e9ctrico. Cada modelo tendr\u00eda que vender al menos 70.000 unidades al a\u00f1o...<\/p>","protected":false},"excerpt":{"rendered":"","protected":false},"author":1,"featured_media":32135,"comment_status":"open","ping_status":"open","sticky":false,"template":"","format":"standard","meta":{"_acf_changed":false,"_sitemap_exclude":false,"_sitemap_priority":"","_sitemap_frequency":"","footnotes":""},"categories":[22],"tags":[],"class_list":["post-32105","post","type-post","status-publish","format-standard","has-post-thumbnail","hentry","category-alfa-romeo","generate-columns","tablet-grid-50","mobile-grid-100","grid-parent","grid-33"],"acf":[],"yoast_head":"<!-- This site is optimized with the Yoast SEO plugin v25.8 - https:\/\/yoast.com\/wordpress\/plugins\/seo\/ -->\n<title>Le directeur d&#039;Alfa Romeo d\u00e9voile ses objectifs ambitieux pour les ann\u00e9es \u00e0 venir - ItalPassion<\/title>\n<meta name=\"description\" content=\"Photo : Alfa Romeo, au circuit Abu Dhabi La marque italienne Alfa Romeo compte battre son record de ventes annuelles en 2025, gr\u00e2ce \u00e0 l\u2019\u00e9largissement de\" \/>\n<meta name=\"robots\" content=\"index, follow, max-snippet:-1, max-image-preview:large, max-video-preview:-1\" \/>\n<link rel=\"canonical\" href=\"https:\/\/www.italpassion.fr\/es\/alfa-romeo\/el-director-dalfa-romeo-disena-sus-ambiciosos-objetivos-para-los-anos-futuros\/\" \/>\n<meta property=\"og:locale\" content=\"es_ES\" \/>\n<meta property=\"og:type\" content=\"article\" \/>\n<meta property=\"og:title\" content=\"Le directeur d&#039;Alfa Romeo d\u00e9voile ses objectifs ambitieux pour les ann\u00e9es \u00e0 venir - ItalPassion\" \/>\n<meta property=\"og:description\" content=\"Photo : Alfa Romeo, au circuit Abu Dhabi La marque italienne Alfa Romeo compte battre son record de ventes annuelles en 2025, gr\u00e2ce \u00e0 l\u2019\u00e9largissement de\" \/>\n<meta property=\"og:url\" content=\"https:\/\/www.italpassion.fr\/es\/alfa-romeo\/el-director-dalfa-romeo-disena-sus-ambiciosos-objetivos-para-los-anos-futuros\/\" \/>\n<meta property=\"og:site_name\" content=\"ItalPassion\" \/>\n<meta property=\"article:publisher\" content=\"https:\/\/www.facebook.com\/italpassion\" \/>\n<meta property=\"article:published_time\" content=\"2023-09-29T16:17:54+00:00\" \/>\n<meta property=\"article:modified_time\" content=\"2023-09-29T16:26:32+00:00\" \/>\n<meta property=\"og:image\" content=\"https:\/\/www.italpassion.fr\/wp-content\/uploads\/2023\/09\/alfa-romeo-photo.jpg\" \/>\n\t<meta property=\"og:image:width\" content=\"1200\" \/>\n\t<meta property=\"og:image:height\" content=\"700\" \/>\n\t<meta property=\"og:image:type\" content=\"image\/jpeg\" \/>\n<meta name=\"author\" content=\"Alexandre Filluzeau\" \/>\n<meta name=\"twitter:card\" content=\"summary_large_image\" \/>\n<meta name=\"twitter:creator\" content=\"@italpassion\" \/>\n<meta name=\"twitter:site\" content=\"@italpassion\" \/>\n<script type=\"application\/ld+json\" class=\"yoast-schema-graph\">{\"@context\":\"https:\/\/schema.org\",\"@graph\":[{\"@type\":\"NewsArticle\",\"@id\":\"https:\/\/www.italpassion.fr\/es\/alfa-romeo\/le-directeur-dalfa-romeo-devoile-ses-objectifs-ambitieux-pour-les-annees-a-venir\/#article\",\"isPartOf\":{\"@id\":\"https:\/\/www.italpassion.fr\/es\/alfa-romeo\/le-directeur-dalfa-romeo-devoile-ses-objectifs-ambitieux-pour-les-annees-a-venir\/\"},\"author\":{\"name\":\"Alexandre Filluzeau\",\"@id\":\"https:\/\/www.italpassion.fr\/es\/#\/schema\/person\/36f747b2a759ca202d847e85a9434ca0\"},\"headline\":\"Le directeur d&rsquo;Alfa Romeo d\u00e9voile ses objectifs ambitieux pour les ann\u00e9es \u00e0 venir\",\"datePublished\":\"2023-09-29T16:17:54+00:00\",\"dateModified\":\"2023-09-29T16:26:32+00:00\",\"mainEntityOfPage\":{\"@id\":\"https:\/\/www.italpassion.fr\/es\/alfa-romeo\/le-directeur-dalfa-romeo-devoile-ses-objectifs-ambitieux-pour-les-annees-a-venir\/\"},\"wordCount\":328,\"commentCount\":32,\"publisher\":{\"@id\":\"https:\/\/www.italpassion.fr\/es\/#organization\"},\"image\":{\"@id\":\"https:\/\/www.italpassion.fr\/es\/alfa-romeo\/le-directeur-dalfa-romeo-devoile-ses-objectifs-ambitieux-pour-les-annees-a-venir\/#primaryimage\"},\"thumbnailUrl\":\"https:\/\/www.italpassion.fr\/wp-content\/uploads\/2023\/09\/alfa-romeo-photo.jpg\",\"articleSection\":[\"Alfa Romeo\"],\"inLanguage\":\"es\",\"potentialAction\":[{\"@type\":\"CommentAction\",\"name\":\"Comment\",\"target\":[\"https:\/\/www.italpassion.fr\/es\/alfa-romeo\/le-directeur-dalfa-romeo-devoile-ses-objectifs-ambitieux-pour-les-annees-a-venir\/#respond\"]}]},{\"@type\":\"WebPage\",\"@id\":\"https:\/\/www.italpassion.fr\/es\/alfa-romeo\/le-directeur-dalfa-romeo-devoile-ses-objectifs-ambitieux-pour-les-annees-a-venir\/\",\"url\":\"https:\/\/www.italpassion.fr\/es\/alfa-romeo\/le-directeur-dalfa-romeo-devoile-ses-objectifs-ambitieux-pour-les-annees-a-venir\/\",\"name\":\"Le directeur d'Alfa Romeo d\u00e9voile ses objectifs ambitieux pour les ann\u00e9es \u00e0 venir - ItalPassion\",\"isPartOf\":{\"@id\":\"https:\/\/www.italpassion.fr\/es\/#website\"},\"primaryImageOfPage\":{\"@id\":\"https:\/\/www.italpassion.fr\/es\/alfa-romeo\/le-directeur-dalfa-romeo-devoile-ses-objectifs-ambitieux-pour-les-annees-a-venir\/#primaryimage\"},\"image\":{\"@id\":\"https:\/\/www.italpassion.fr\/es\/alfa-romeo\/le-directeur-dalfa-romeo-devoile-ses-objectifs-ambitieux-pour-les-annees-a-venir\/#primaryimage\"},\"thumbnailUrl\":\"https:\/\/www.italpassion.fr\/wp-content\/uploads\/2023\/09\/alfa-romeo-photo.jpg\",\"datePublished\":\"2023-09-29T16:17:54+00:00\",\"dateModified\":\"2023-09-29T16:26:32+00:00\",\"description\":\"Photo : Alfa Romeo, au circuit Abu Dhabi La marque italienne Alfa Romeo compte battre son record de ventes annuelles en 2025, gr\u00e2ce \u00e0 l\u2019\u00e9largissement de\",\"breadcrumb\":{\"@id\":\"https:\/\/www.italpassion.fr\/es\/alfa-romeo\/le-directeur-dalfa-romeo-devoile-ses-objectifs-ambitieux-pour-les-annees-a-venir\/#breadcrumb\"},\"inLanguage\":\"es\",\"potentialAction\":[{\"@type\":\"ReadAction\",\"target\":[\"https:\/\/www.italpassion.fr\/es\/alfa-romeo\/le-directeur-dalfa-romeo-devoile-ses-objectifs-ambitieux-pour-les-annees-a-venir\/\"]}]},{\"@type\":\"ImageObject\",\"inLanguage\":\"es\",\"@id\":\"https:\/\/www.italpassion.fr\/es\/alfa-romeo\/le-directeur-dalfa-romeo-devoile-ses-objectifs-ambitieux-pour-les-annees-a-venir\/#primaryimage\",\"url\":\"https:\/\/www.italpassion.fr\/wp-content\/uploads\/2023\/09\/alfa-romeo-photo.jpg\",\"contentUrl\":\"https:\/\/www.italpassion.fr\/wp-content\/uploads\/2023\/09\/alfa-romeo-photo.jpg\",\"width\":1200,\"height\":700,\"caption\":\"alfa-romeo-photo\"},{\"@type\":\"BreadcrumbList\",\"@id\":\"https:\/\/www.italpassion.fr\/es\/alfa-romeo\/le-directeur-dalfa-romeo-devoile-ses-objectifs-ambitieux-pour-les-annees-a-venir\/#breadcrumb\",\"itemListElement\":[{\"@type\":\"ListItem\",\"position\":1,\"name\":\"Accueil\",\"item\":\"https:\/\/www.italpassion.fr\/es\/\"},{\"@type\":\"ListItem\",\"position\":2,\"name\":\"Le directeur d&rsquo;Alfa Romeo d\u00e9voile ses objectifs ambitieux pour les ann\u00e9es \u00e0 venir\"}]},{\"@type\":\"WebSite\",\"@id\":\"https:\/\/www.italpassion.fr\/es\/#website\",\"url\":\"https:\/\/www.italpassion.fr\/es\/\",\"name\":\"ItalPassion\",\"description\":\"Les Passionn\u00e9s d&#039;Automobiles Italiennes\",\"publisher\":{\"@id\":\"https:\/\/www.italpassion.fr\/es\/#organization\"},\"potentialAction\":[{\"@type\":\"SearchAction\",\"target\":{\"@type\":\"EntryPoint\",\"urlTemplate\":\"https:\/\/www.italpassion.fr\/es\/?s={search_term_string}\"},\"query-input\":{\"@type\":\"PropertyValueSpecification\",\"valueRequired\":true,\"valueName\":\"search_term_string\"}}],\"inLanguage\":\"es\"},{\"@type\":\"Organization\",\"@id\":\"https:\/\/www.italpassion.fr\/es\/#organization\",\"name\":\"Italpassion\",\"url\":\"https:\/\/www.italpassion.fr\/es\/\",\"logo\":{\"@type\":\"ImageObject\",\"inLanguage\":\"es\",\"@id\":\"https:\/\/www.italpassion.fr\/es\/#\/schema\/logo\/image\/\",\"url\":\"https:\/\/www.italpassion.fr\/wp-content\/uploads\/2023\/07\/italpassion-yoast.jpg\",\"contentUrl\":\"https:\/\/www.italpassion.fr\/wp-content\/uploads\/2023\/07\/italpassion-yoast.jpg\",\"width\":696,\"height\":696,\"caption\":\"Italpassion\"},\"image\":{\"@id\":\"https:\/\/www.italpassion.fr\/es\/#\/schema\/logo\/image\/\"},\"sameAs\":[\"https:\/\/www.facebook.com\/italpassion\",\"https:\/\/x.com\/italpassion\",\"https:\/\/www.instagram.com\/italpassionfr\/\",\"https:\/\/www.youtube.com\/channel\/UCleq-ByQaA42OjhopwevRjQ\",\"https:\/\/www.facebook.com\/italpassion.en\/\",\"https:\/\/www.facebook.com\/italpassion.it\/\",\"https:\/\/www.facebook.com\/italpassion.de\/\",\"https:\/\/www.facebook.com\/italpassion.ja\/\"]},{\"@type\":\"Person\",\"@id\":\"https:\/\/www.italpassion.fr\/es\/#\/schema\/person\/36f747b2a759ca202d847e85a9434ca0\",\"name\":\"Alexandre Filluzeau\",\"image\":{\"@type\":\"ImageObject\",\"inLanguage\":\"es\",\"@id\":\"https:\/\/www.italpassion.fr\/es\/#\/schema\/person\/image\/\",\"url\":\"https:\/\/www.italpassion.fr\/wp-content\/uploads\/2025\/04\/avatar-alexandre-160x160.jpg\",\"contentUrl\":\"https:\/\/www.italpassion.fr\/wp-content\/uploads\/2025\/04\/avatar-alexandre-160x160.jpg\",\"caption\":\"Alexandre Filluzeau\"},\"description\":\"Fondateur du site ItalPassion, passionn\u00e9 de voitures italiennes et de l'Italie en g\u00e9n\u00e9ral. J'apporte un regard critique et technique aux actualit\u00e9s des marques italiennes quand cela est possible. Propri\u00e9taire d'une Maserati GranTurismo, Alfa Romeo MiTo, Lancia Fulvia et Ducati 695. Ex-propri\u00e9taire d'une Alfa Romeo Giulia.\",\"sameAs\":[\"https:\/\/www.italpassion.fr\/\"],\"url\":\"https:\/\/www.italpassion.fr\/es\/author\/alexandre\/\"}]}<\/script>\n<!-- \/ Yoast SEO plugin. -->","yoast_head_json":{"title":"El CEO de Alfa Romeo desvela sus ambiciosos objetivos para los pr\u00f3ximos a\u00f1os - ItalPassion","description":"Foto: Alfa Romeo, en el circuito de Abu Dhabi La marca italiana Alfa Romeo aspira a batir su r\u00e9cord anual de ventas en 2025, gracias a la ampliaci\u00f3n de su gama.","robots":{"index":"index","follow":"follow","max-snippet":"max-snippet:-1","max-image-preview":"max-image-preview:large","max-video-preview":"max-video-preview:-1"},"canonical":"https:\/\/www.italpassion.fr\/es\/alfa-romeo\/el-director-dalfa-romeo-disena-sus-ambiciosos-objetivos-para-los-anos-futuros\/","og_locale":"es_ES","og_type":"article","og_title":"Le directeur d'Alfa Romeo d\u00e9voile ses objectifs ambitieux pour les ann\u00e9es \u00e0 venir - ItalPassion","og_description":"Photo : Alfa Romeo, au circuit Abu Dhabi La marque italienne Alfa Romeo compte battre son record de ventes annuelles en 2025, gr\u00e2ce \u00e0 l\u2019\u00e9largissement de","og_url":"https:\/\/www.italpassion.fr\/es\/alfa-romeo\/el-director-dalfa-romeo-disena-sus-ambiciosos-objetivos-para-los-anos-futuros\/","og_site_name":"ItalPassion","article_publisher":"https:\/\/www.facebook.com\/italpassion","article_published_time":"2023-09-29T16:17:54+00:00","article_modified_time":"2023-09-29T16:26:32+00:00","og_image":[{"width":1200,"height":700,"url":"https:\/\/www.italpassion.fr\/wp-content\/uploads\/2023\/09\/alfa-romeo-photo.jpg","type":"image\/jpeg"}],"author":"Alexandre Filluzeau","twitter_card":"summary_large_image","twitter_creator":"@italpassion","twitter_site":"@italpassion","schema":{"@context":"https:\/\/schema.org","@graph":[{"@type":"NewsArticle","@id":"https:\/\/www.italpassion.fr\/es\/alfa-romeo\/le-directeur-dalfa-romeo-devoile-ses-objectifs-ambitieux-pour-les-annees-a-venir\/#article","isPartOf":{"@id":"https:\/\/www.italpassion.fr\/es\/alfa-romeo\/le-directeur-dalfa-romeo-devoile-ses-objectifs-ambitieux-pour-les-annees-a-venir\/"},"author":{"name":"Alexandre Filluzeau","@id":"https:\/\/www.italpassion.fr\/es\/#\/schema\/person\/36f747b2a759ca202d847e85a9434ca0"},"headline":"Le directeur d&rsquo;Alfa Romeo d\u00e9voile ses objectifs ambitieux pour les ann\u00e9es \u00e0 venir","datePublished":"2023-09-29T16:17:54+00:00","dateModified":"2023-09-29T16:26:32+00:00","mainEntityOfPage":{"@id":"https:\/\/www.italpassion.fr\/es\/alfa-romeo\/le-directeur-dalfa-romeo-devoile-ses-objectifs-ambitieux-pour-les-annees-a-venir\/"},"wordCount":328,"commentCount":32,"publisher":{"@id":"https:\/\/www.italpassion.fr\/es\/#organization"},"image":{"@id":"https:\/\/www.italpassion.fr\/es\/alfa-romeo\/le-directeur-dalfa-romeo-devoile-ses-objectifs-ambitieux-pour-les-annees-a-venir\/#primaryimage"},"thumbnailUrl":"https:\/\/www.italpassion.fr\/wp-content\/uploads\/2023\/09\/alfa-romeo-photo.jpg","articleSection":["Alfa Romeo"],"inLanguage":"es","potentialAction":[{"@type":"CommentAction","name":"Comment","target":["https:\/\/www.italpassion.fr\/es\/alfa-romeo\/le-directeur-dalfa-romeo-devoile-ses-objectifs-ambitieux-pour-les-annees-a-venir\/#respond"]}]},{"@type":"WebPage","@id":"https:\/\/www.italpassion.fr\/es\/alfa-romeo\/le-directeur-dalfa-romeo-devoile-ses-objectifs-ambitieux-pour-les-annees-a-venir\/","url":"https:\/\/www.italpassion.fr\/es\/alfa-romeo\/le-directeur-dalfa-romeo-devoile-ses-objectifs-ambitieux-pour-les-annees-a-venir\/","name":"El CEO de Alfa Romeo desvela sus ambiciosos objetivos para los pr\u00f3ximos a\u00f1os - ItalPassion","isPartOf":{"@id":"https:\/\/www.italpassion.fr\/es\/#website"},"primaryImageOfPage":{"@id":"https:\/\/www.italpassion.fr\/es\/alfa-romeo\/le-directeur-dalfa-romeo-devoile-ses-objectifs-ambitieux-pour-les-annees-a-venir\/#primaryimage"},"image":{"@id":"https:\/\/www.italpassion.fr\/es\/alfa-romeo\/le-directeur-dalfa-romeo-devoile-ses-objectifs-ambitieux-pour-les-annees-a-venir\/#primaryimage"},"thumbnailUrl":"https:\/\/www.italpassion.fr\/wp-content\/uploads\/2023\/09\/alfa-romeo-photo.jpg","datePublished":"2023-09-29T16:17:54+00:00","dateModified":"2023-09-29T16:26:32+00:00","description":"Foto: Alfa Romeo, en el circuito de Abu Dhabi La marca italiana Alfa Romeo aspira a batir su r\u00e9cord anual de ventas en 2025, gracias a la ampliaci\u00f3n de su gama.","breadcrumb":{"@id":"https:\/\/www.italpassion.fr\/es\/alfa-romeo\/le-directeur-dalfa-romeo-devoile-ses-objectifs-ambitieux-pour-les-annees-a-venir\/#breadcrumb"},"inLanguage":"es","potentialAction":[{"@type":"ReadAction","target":["https:\/\/www.italpassion.fr\/es\/alfa-romeo\/le-directeur-dalfa-romeo-devoile-ses-objectifs-ambitieux-pour-les-annees-a-venir\/"]}]},{"@type":"ImageObject","inLanguage":"es","@id":"https:\/\/www.italpassion.fr\/es\/alfa-romeo\/le-directeur-dalfa-romeo-devoile-ses-objectifs-ambitieux-pour-les-annees-a-venir\/#primaryimage","url":"https:\/\/www.italpassion.fr\/wp-content\/uploads\/2023\/09\/alfa-romeo-photo.jpg","contentUrl":"https:\/\/www.italpassion.fr\/wp-content\/uploads\/2023\/09\/alfa-romeo-photo.jpg","width":1200,"height":700,"caption":"alfa-romeo-photo"},{"@type":"BreadcrumbList","@id":"https:\/\/www.italpassion.fr\/es\/alfa-romeo\/le-directeur-dalfa-romeo-devoile-ses-objectifs-ambitieux-pour-les-annees-a-venir\/#breadcrumb","itemListElement":[{"@type":"ListItem","position":1,"name":"Accueil","item":"https:\/\/www.italpassion.fr\/es\/"},{"@type":"ListItem","position":2,"name":"Le directeur d&rsquo;Alfa Romeo d\u00e9voile ses objectifs ambitieux pour les ann\u00e9es \u00e0 venir"}]},{"@type":"WebSite","@id":"https:\/\/www.italpassion.fr\/es\/#website","url":"https:\/\/www.italpassion.fr\/es\/","name":"ItalPassion","description":"Entusiastas de los coches italianos","publisher":{"@id":"https:\/\/www.italpassion.fr\/es\/#organization"},"potentialAction":[{"@type":"SearchAction","target":{"@type":"EntryPoint","urlTemplate":"https:\/\/www.italpassion.fr\/es\/?s={search_term_string}"},"query-input":{"@type":"PropertyValueSpecification","valueRequired":true,"valueName":"search_term_string"}}],"inLanguage":"es"},{"@type":"Organization","@id":"https:\/\/www.italpassion.fr\/es\/#organization","name":"Italpassion","url":"https:\/\/www.italpassion.fr\/es\/","logo":{"@type":"ImageObject","inLanguage":"es","@id":"https:\/\/www.italpassion.fr\/es\/#\/schema\/logo\/image\/","url":"https:\/\/www.italpassion.fr\/wp-content\/uploads\/2023\/07\/italpassion-yoast.jpg","contentUrl":"https:\/\/www.italpassion.fr\/wp-content\/uploads\/2023\/07\/italpassion-yoast.jpg","width":696,"height":696,"caption":"Italpassion"},"image":{"@id":"https:\/\/www.italpassion.fr\/es\/#\/schema\/logo\/image\/"},"sameAs":["https:\/\/www.facebook.com\/italpassion","https:\/\/x.com\/italpassion","https:\/\/www.instagram.com\/italpassionfr\/","https:\/\/www.youtube.com\/channel\/UCleq-ByQaA42OjhopwevRjQ","https:\/\/www.facebook.com\/italpassion.en\/","https:\/\/www.facebook.com\/italpassion.it\/","https:\/\/www.facebook.com\/italpassion.de\/","https:\/\/www.facebook.com\/italpassion.ja\/"]},{"@type":"Person","@id":"https:\/\/www.italpassion.fr\/es\/#\/schema\/person\/36f747b2a759ca202d847e85a9434ca0","name":"Alexandre Filluzeau","image":{"@type":"ImageObject","inLanguage":"es","@id":"https:\/\/www.italpassion.fr\/es\/#\/schema\/person\/image\/","url":"https:\/\/www.italpassion.fr\/wp-content\/uploads\/2025\/04\/avatar-alexandre-160x160.jpg","contentUrl":"https:\/\/www.italpassion.fr\/wp-content\/uploads\/2025\/04\/avatar-alexandre-160x160.jpg","caption":"Alexandre Filluzeau"},"description":"Fundador del sitio web ItalPassion, apasionado de los coches italianos y de Italia en general. Aporto una mirada cr\u00edtica y t\u00e9cnica a las noticias de las marcas italianas cuando es posible. Propietario de un Maserati GranTurismo, Alfa Romeo MiTo, Lancia Fulvia y Ducati 695. Ex-propietario de un Alfa Romeo Giulia.","sameAs":["https:\/\/www.italpassion.fr\/"],"url":"https:\/\/www.italpassion.fr\/es\/author\/alexandre\/"}]}},"_links":{"self":[{"href":"https:\/\/www.italpassion.fr\/es\/wp-json\/wp\/v2\/posts\/32105","targetHints":{"allow":["GET"]}}],"collection":[{"href":"https:\/\/www.italpassion.fr\/es\/wp-json\/wp\/v2\/posts"}],"about":[{"href":"https:\/\/www.italpassion.fr\/es\/wp-json\/wp\/v2\/types\/post"}],"author":[{"embeddable":true,"href":"https:\/\/www.italpassion.fr\/es\/wp-json\/wp\/v2\/users\/1"}],"replies":[{"embeddable":true,"href":"https:\/\/www.italpassion.fr\/es\/wp-json\/wp\/v2\/comments?post=32105"}],"version-history":[{"count":3,"href":"https:\/\/www.italpassion.fr\/es\/wp-json\/wp\/v2\/posts\/32105\/revisions"}],"predecessor-version":[{"id":32139,"href":"https:\/\/www.italpassion.fr\/es\/wp-json\/wp\/v2\/posts\/32105\/revisions\/32139"}],"wp:featuredmedia":[{"embeddable":true,"href":"https:\/\/www.italpassion.fr\/es\/wp-json\/wp\/v2\/media\/32135"}],"wp:attachment":[{"href":"https:\/\/www.italpassion.fr\/es\/wp-json\/wp\/v2\/media?parent=32105"}],"wp:term":[{"taxonomy":"category","embeddable":true,"href":"https:\/\/www.italpassion.fr\/es\/wp-json\/wp\/v2\/categories?post=32105"},{"taxonomy":"post_tag","embeddable":true,"href":"https:\/\/www.italpassion.fr\/es\/wp-json\/wp\/v2\/tags?post=32105"}],"curies":[{"name":"wp","href":"https:\/\/api.w.org\/{rel}","templated":true}]}}