{"id":32094,"date":"2023-09-25T20:48:42","date_gmt":"2023-09-25T18:48:42","guid":{"rendered":"https:\/\/www.italpassion.fr\/?p=32094"},"modified":"2023-09-25T20:49:36","modified_gmt":"2023-09-25T18:49:36","slug":"fiat-500-electric-lusine-a-larret-a-causa-de-la-disminucion-de-la-demanda","status":"publish","type":"post","link":"https:\/\/www.italpassion.fr\/es\/fiat\/fiat-500-electrique-lusine-a-larret-a-cause-dune-baisse-de-la-demande\/","title":{"rendered":"Fiat 500 el\u00e9ctrico: cierre de la f\u00e1brica por la ca\u00edda de la demanda"},"content":{"rendered":"<figure class=\"wp-block-image size-large\"><img loading=\"lazy\" decoding=\"async\" width=\"1024\" height=\"683\" src=\"https:\/\/www.italpassion.fr\/wp-content\/uploads\/2023\/09\/fiat-500-miarfiori-1024x683.jpg\" alt=\"\" class=\"wp-image-32096\" srcset=\"https:\/\/www.italpassion.fr\/wp-content\/uploads\/2023\/09\/fiat-500-miarfiori-1024x683.jpg 1024w, https:\/\/www.italpassion.fr\/wp-content\/uploads\/2023\/09\/fiat-500-miarfiori-300x200.jpg 300w, https:\/\/www.italpassion.fr\/wp-content\/uploads\/2023\/09\/fiat-500-miarfiori-768x512.jpg 768w, https:\/\/www.italpassion.fr\/wp-content\/uploads\/2023\/09\/fiat-500-miarfiori-18x12.jpg 18w, https:\/\/www.italpassion.fr\/wp-content\/uploads\/2023\/09\/fiat-500-miarfiori-561x374.jpg 561w, https:\/\/www.italpassion.fr\/wp-content\/uploads\/2023\/09\/fiat-500-miarfiori-1122x748.jpg 1122w, https:\/\/www.italpassion.fr\/wp-content\/uploads\/2023\/09\/fiat-500-miarfiori-265x177.jpg 265w, https:\/\/www.italpassion.fr\/wp-content\/uploads\/2023\/09\/fiat-500-miarfiori-531x354.jpg 531w, https:\/\/www.italpassion.fr\/wp-content\/uploads\/2023\/09\/fiat-500-miarfiori-364x243.jpg 364w, https:\/\/www.italpassion.fr\/wp-content\/uploads\/2023\/09\/fiat-500-miarfiori-728x485.jpg 728w, https:\/\/www.italpassion.fr\/wp-content\/uploads\/2023\/09\/fiat-500-miarfiori-608x405.jpg 608w, https:\/\/www.italpassion.fr\/wp-content\/uploads\/2023\/09\/fiat-500-miarfiori-758x505.jpg 758w, https:\/\/www.italpassion.fr\/wp-content\/uploads\/2023\/09\/fiat-500-miarfiori-1152x768.jpg 1152w, https:\/\/www.italpassion.fr\/wp-content\/uploads\/2023\/09\/fiat-500-miarfiori-600x400.jpg 600w, https:\/\/www.italpassion.fr\/wp-content\/uploads\/2023\/09\/fiat-500-miarfiori.jpg 1200w\" sizes=\"auto, (max-width: 1024px) 100vw, 1024px\" \/><\/figure>\n\n\n\n<p>Como se\u00f1alamos hace unas semanas, la <a href=\"https:\/\/www.italpassion.fr\/es\/fiat\/la-fiat-500-pintura-electrica-imponiendo-cara-a-los-termicos-que-lo-hacen-resistente\/\">El Fiat 500 el\u00e9ctrico lucha por imponerse al modelo de combusti\u00f3n interna<\/a>. De hecho, aunque alcanzara la honrosa cifra de 66.732 ventas en 2022, el primer semestre de 2023 se presentaba estancado, si no ligeramente a la baja.<\/p>\n\n\n\n<p>Esta sensaci\u00f3n se confirma ahora por el hecho de que <strong>Stellantis ha decidido poner la planta de Mirafiori, donde se ensambla el 500 el\u00e9ctrico, en r\u00e9gimen de jornada reducida durante quince d\u00edas.<\/strong>del 19 de octubre al 3 de noviembre de 2023. Esto representa 2.400 empleados. En la misma planta se ensamblan varios Maserati: el Levante desde 2016, el Ghibli y el Quattroporte desde 2022, y el nuevo Granturismo desde 2023.<\/p>\n\n\n\n<p>Stellantis inform\u00f3 a los sindicatos de que <strong>las previsiones de ventas son inferiores a los vol\u00famenes de producci\u00f3n<\/strong>. Una clara se\u00f1al, una vez m\u00e1s, de que a la demanda de coches el\u00e9ctricos le cuesta despegar. Se espera que Stellantis anuncie <strong>un descenso de la producci\u00f3n del 500 el\u00e9ctrico a 80.000 modelos<\/strong> en 2023, en lugar de las 100.000 previstas inicialmente. En nuestra opini\u00f3n, eso ya es mucho, porque si la tendencia contin\u00faa en la segunda mitad de 2023, los 500 coches el\u00e9ctricos apenas podr\u00edan superar las 60.000 unidades.<\/p>\n\n\n\n<p>De momento, la planta de Mirafiori depende mucho del \u00e9xito del 500 el\u00e9ctrico y de Maserati, cuyos Ghibli, Levante y Quattroporte est\u00e1n llegando al final de su carrera, y del nuevo Gantursimo, que acaba de lanzarse. En el futuro, se le deber\u00eda confiar la fabricaci\u00f3n de los futuros Quattroporte y Levante... pero eso no es para ma\u00f1ana.<\/p>\n\n\n\n<figure class=\"wp-block-embed is-type-video is-provider-youtube wp-block-embed-youtube wp-embed-aspect-16-9 wp-has-aspect-ratio\"><div class=\"wp-block-embed__wrapper\">\n<iframe loading=\"lazy\" title=\"La excelencia de la planta de Mirafiori\" width=\"1200\" height=\"675\" src=\"https:\/\/www.youtube-nocookie.com\/embed\/Sz10MfBvjcE?feature=oembed\" frameborder=\"0\" allow=\"accelerometer; autoplay; clipboard-write; encrypted-media; gyroscope; picture-in-picture; web-share\" referrerpolicy=\"strict-origin-when-cross-origin\" allowfullscreen><\/iframe>\n<\/div><\/figure>","protected":false},"excerpt":{"rendered":"","protected":false},"author":1,"featured_media":32096,"comment_status":"open","ping_status":"open","sticky":false,"template":"","format":"standard","meta":{"_acf_changed":false,"_sitemap_exclude":false,"_sitemap_priority":"","_sitemap_frequency":"","footnotes":""},"categories":[24],"tags":[],"class_list":["post-32094","post","type-post","status-publish","format-standard","has-post-thumbnail","hentry","category-fiat","generate-columns","tablet-grid-50","mobile-grid-100","grid-parent","grid-33"],"acf":[],"yoast_head":"<!-- This site is optimized with the Yoast SEO plugin v25.8 - https:\/\/yoast.com\/wordpress\/plugins\/seo\/ -->\n<title>Fiat 500 \u00e9lectrique : l&#039;usine \u00e0 l&#039;arr\u00eat \u00e0 cause d&#039;une baisse de la demande - ItalPassion<\/title>\n<meta name=\"description\" content=\"Nous le soulignions il y a quelques semaines, la Fiat 500 \u00e9lectrique peine \u00e0 s&#039;imposer face au mod\u00e8le thermique. En effet, m\u00eame si elle a atteint le\" \/>\n<meta name=\"robots\" content=\"index, follow, max-snippet:-1, max-image-preview:large, max-video-preview:-1\" \/>\n<link rel=\"canonical\" href=\"https:\/\/www.italpassion.fr\/es\/fiat\/fiat-500-electric-lusine-a-larret-a-causa-de-la-disminucion-de-la-demanda\/\" \/>\n<meta property=\"og:locale\" content=\"es_ES\" \/>\n<meta property=\"og:type\" content=\"article\" \/>\n<meta property=\"og:title\" content=\"Fiat 500 \u00e9lectrique : l&#039;usine \u00e0 l&#039;arr\u00eat \u00e0 cause d&#039;une baisse de la demande - ItalPassion\" \/>\n<meta property=\"og:description\" content=\"Nous le soulignions il y a quelques semaines, la Fiat 500 \u00e9lectrique peine \u00e0 s&#039;imposer face au mod\u00e8le thermique. En effet, m\u00eame si elle a atteint le\" \/>\n<meta property=\"og:url\" content=\"https:\/\/www.italpassion.fr\/es\/fiat\/fiat-500-electric-lusine-a-larret-a-causa-de-la-disminucion-de-la-demanda\/\" \/>\n<meta property=\"og:site_name\" content=\"ItalPassion\" \/>\n<meta property=\"article:publisher\" content=\"https:\/\/www.facebook.com\/italpassion\" \/>\n<meta property=\"article:published_time\" content=\"2023-09-25T18:48:42+00:00\" \/>\n<meta property=\"article:modified_time\" content=\"2023-09-25T18:49:36+00:00\" \/>\n<meta property=\"og:image\" content=\"https:\/\/www.italpassion.fr\/wp-content\/uploads\/2023\/09\/fiat-500-miarfiori.jpg\" \/>\n\t<meta property=\"og:image:width\" content=\"1200\" \/>\n\t<meta property=\"og:image:height\" content=\"800\" \/>\n\t<meta property=\"og:image:type\" content=\"image\/jpeg\" \/>\n<meta name=\"author\" content=\"Alexandre Filluzeau\" \/>\n<meta name=\"twitter:card\" content=\"summary_large_image\" \/>\n<meta name=\"twitter:creator\" content=\"@italpassion\" \/>\n<meta name=\"twitter:site\" content=\"@italpassion\" \/>\n<script type=\"application\/ld+json\" class=\"yoast-schema-graph\">{\"@context\":\"https:\/\/schema.org\",\"@graph\":[{\"@type\":\"NewsArticle\",\"@id\":\"https:\/\/www.italpassion.fr\/es\/fiat\/fiat-500-electrique-lusine-a-larret-a-cause-dune-baisse-de-la-demande\/#article\",\"isPartOf\":{\"@id\":\"https:\/\/www.italpassion.fr\/es\/fiat\/fiat-500-electrique-lusine-a-larret-a-cause-dune-baisse-de-la-demande\/\"},\"author\":{\"name\":\"Alexandre Filluzeau\",\"@id\":\"https:\/\/www.italpassion.fr\/es\/#\/schema\/person\/36f747b2a759ca202d847e85a9434ca0\"},\"headline\":\"Fiat 500 \u00e9lectrique : l&rsquo;usine \u00e0 l&rsquo;arr\u00eat \u00e0 cause d&rsquo;une baisse de la demande\",\"datePublished\":\"2023-09-25T18:48:42+00:00\",\"dateModified\":\"2023-09-25T18:49:36+00:00\",\"mainEntityOfPage\":{\"@id\":\"https:\/\/www.italpassion.fr\/es\/fiat\/fiat-500-electrique-lusine-a-larret-a-cause-dune-baisse-de-la-demande\/\"},\"wordCount\":277,\"commentCount\":23,\"publisher\":{\"@id\":\"https:\/\/www.italpassion.fr\/es\/#organization\"},\"image\":{\"@id\":\"https:\/\/www.italpassion.fr\/es\/fiat\/fiat-500-electrique-lusine-a-larret-a-cause-dune-baisse-de-la-demande\/#primaryimage\"},\"thumbnailUrl\":\"https:\/\/www.italpassion.fr\/wp-content\/uploads\/2023\/09\/fiat-500-miarfiori.jpg\",\"articleSection\":[\"Fiat\"],\"inLanguage\":\"es\",\"potentialAction\":[{\"@type\":\"CommentAction\",\"name\":\"Comment\",\"target\":[\"https:\/\/www.italpassion.fr\/es\/fiat\/fiat-500-electrique-lusine-a-larret-a-cause-dune-baisse-de-la-demande\/#respond\"]}]},{\"@type\":\"WebPage\",\"@id\":\"https:\/\/www.italpassion.fr\/es\/fiat\/fiat-500-electrique-lusine-a-larret-a-cause-dune-baisse-de-la-demande\/\",\"url\":\"https:\/\/www.italpassion.fr\/es\/fiat\/fiat-500-electrique-lusine-a-larret-a-cause-dune-baisse-de-la-demande\/\",\"name\":\"Fiat 500 \u00e9lectrique : l'usine \u00e0 l'arr\u00eat \u00e0 cause d'une baisse de la demande - ItalPassion\",\"isPartOf\":{\"@id\":\"https:\/\/www.italpassion.fr\/es\/#website\"},\"primaryImageOfPage\":{\"@id\":\"https:\/\/www.italpassion.fr\/es\/fiat\/fiat-500-electrique-lusine-a-larret-a-cause-dune-baisse-de-la-demande\/#primaryimage\"},\"image\":{\"@id\":\"https:\/\/www.italpassion.fr\/es\/fiat\/fiat-500-electrique-lusine-a-larret-a-cause-dune-baisse-de-la-demande\/#primaryimage\"},\"thumbnailUrl\":\"https:\/\/www.italpassion.fr\/wp-content\/uploads\/2023\/09\/fiat-500-miarfiori.jpg\",\"datePublished\":\"2023-09-25T18:48:42+00:00\",\"dateModified\":\"2023-09-25T18:49:36+00:00\",\"description\":\"Nous le soulignions il y a quelques semaines, la Fiat 500 \u00e9lectrique peine \u00e0 s'imposer face au mod\u00e8le thermique. En effet, m\u00eame si elle a atteint le\",\"breadcrumb\":{\"@id\":\"https:\/\/www.italpassion.fr\/es\/fiat\/fiat-500-electrique-lusine-a-larret-a-cause-dune-baisse-de-la-demande\/#breadcrumb\"},\"inLanguage\":\"es\",\"potentialAction\":[{\"@type\":\"ReadAction\",\"target\":[\"https:\/\/www.italpassion.fr\/es\/fiat\/fiat-500-electrique-lusine-a-larret-a-cause-dune-baisse-de-la-demande\/\"]}]},{\"@type\":\"ImageObject\",\"inLanguage\":\"es\",\"@id\":\"https:\/\/www.italpassion.fr\/es\/fiat\/fiat-500-electrique-lusine-a-larret-a-cause-dune-baisse-de-la-demande\/#primaryimage\",\"url\":\"https:\/\/www.italpassion.fr\/wp-content\/uploads\/2023\/09\/fiat-500-miarfiori.jpg\",\"contentUrl\":\"https:\/\/www.italpassion.fr\/wp-content\/uploads\/2023\/09\/fiat-500-miarfiori.jpg\",\"width\":1200,\"height\":800,\"caption\":\"fiat-500-miarfiori\"},{\"@type\":\"BreadcrumbList\",\"@id\":\"https:\/\/www.italpassion.fr\/es\/fiat\/fiat-500-electrique-lusine-a-larret-a-cause-dune-baisse-de-la-demande\/#breadcrumb\",\"itemListElement\":[{\"@type\":\"ListItem\",\"position\":1,\"name\":\"Accueil\",\"item\":\"https:\/\/www.italpassion.fr\/es\/\"},{\"@type\":\"ListItem\",\"position\":2,\"name\":\"Fiat 500 \u00e9lectrique : l&rsquo;usine \u00e0 l&rsquo;arr\u00eat \u00e0 cause d&rsquo;une baisse de la demande\"}]},{\"@type\":\"WebSite\",\"@id\":\"https:\/\/www.italpassion.fr\/es\/#website\",\"url\":\"https:\/\/www.italpassion.fr\/es\/\",\"name\":\"ItalPassion\",\"description\":\"Les Passionn\u00e9s d&#039;Automobiles Italiennes\",\"publisher\":{\"@id\":\"https:\/\/www.italpassion.fr\/es\/#organization\"},\"potentialAction\":[{\"@type\":\"SearchAction\",\"target\":{\"@type\":\"EntryPoint\",\"urlTemplate\":\"https:\/\/www.italpassion.fr\/es\/?s={search_term_string}\"},\"query-input\":{\"@type\":\"PropertyValueSpecification\",\"valueRequired\":true,\"valueName\":\"search_term_string\"}}],\"inLanguage\":\"es\"},{\"@type\":\"Organization\",\"@id\":\"https:\/\/www.italpassion.fr\/es\/#organization\",\"name\":\"Italpassion\",\"url\":\"https:\/\/www.italpassion.fr\/es\/\",\"logo\":{\"@type\":\"ImageObject\",\"inLanguage\":\"es\",\"@id\":\"https:\/\/www.italpassion.fr\/es\/#\/schema\/logo\/image\/\",\"url\":\"https:\/\/www.italpassion.fr\/wp-content\/uploads\/2023\/07\/italpassion-yoast.jpg\",\"contentUrl\":\"https:\/\/www.italpassion.fr\/wp-content\/uploads\/2023\/07\/italpassion-yoast.jpg\",\"width\":696,\"height\":696,\"caption\":\"Italpassion\"},\"image\":{\"@id\":\"https:\/\/www.italpassion.fr\/es\/#\/schema\/logo\/image\/\"},\"sameAs\":[\"https:\/\/www.facebook.com\/italpassion\",\"https:\/\/x.com\/italpassion\",\"https:\/\/www.instagram.com\/italpassionfr\/\",\"https:\/\/www.youtube.com\/channel\/UCleq-ByQaA42OjhopwevRjQ\",\"https:\/\/www.facebook.com\/italpassion.en\/\",\"https:\/\/www.facebook.com\/italpassion.it\/\",\"https:\/\/www.facebook.com\/italpassion.de\/\",\"https:\/\/www.facebook.com\/italpassion.ja\/\"]},{\"@type\":\"Person\",\"@id\":\"https:\/\/www.italpassion.fr\/es\/#\/schema\/person\/36f747b2a759ca202d847e85a9434ca0\",\"name\":\"Alexandre Filluzeau\",\"image\":{\"@type\":\"ImageObject\",\"inLanguage\":\"es\",\"@id\":\"https:\/\/www.italpassion.fr\/es\/#\/schema\/person\/image\/\",\"url\":\"https:\/\/www.italpassion.fr\/wp-content\/uploads\/2025\/04\/avatar-alexandre-160x160.jpg\",\"contentUrl\":\"https:\/\/www.italpassion.fr\/wp-content\/uploads\/2025\/04\/avatar-alexandre-160x160.jpg\",\"caption\":\"Alexandre Filluzeau\"},\"description\":\"Fondateur du site ItalPassion, passionn\u00e9 de voitures italiennes et de l'Italie en g\u00e9n\u00e9ral. J'apporte un regard critique et technique aux actualit\u00e9s des marques italiennes quand cela est possible. Propri\u00e9taire d'une Maserati GranTurismo, Alfa Romeo MiTo, Lancia Fulvia et Ducati 695. Ex-propri\u00e9taire d'une Alfa Romeo Giulia.\",\"sameAs\":[\"https:\/\/www.italpassion.fr\/\"],\"url\":\"https:\/\/www.italpassion.fr\/es\/author\/alexandre\/\"}]}<\/script>\n<!-- \/ Yoast SEO plugin. -->","yoast_head_json":{"title":"Fiat 500 el\u00e9ctrico: f\u00e1brica parada por la ca\u00edda de la demanda - ItalPassion","description":"Como se\u00f1alamos hace unas semanas, el Fiat 500 el\u00e9ctrico est\u00e1 luchando por imponerse frente al modelo de combusti\u00f3n interna. Aunque ha alcanzado el","robots":{"index":"index","follow":"follow","max-snippet":"max-snippet:-1","max-image-preview":"max-image-preview:large","max-video-preview":"max-video-preview:-1"},"canonical":"https:\/\/www.italpassion.fr\/es\/fiat\/fiat-500-electric-lusine-a-larret-a-causa-de-la-disminucion-de-la-demanda\/","og_locale":"es_ES","og_type":"article","og_title":"Fiat 500 \u00e9lectrique : l'usine \u00e0 l'arr\u00eat \u00e0 cause d'une baisse de la demande - ItalPassion","og_description":"Nous le soulignions il y a quelques semaines, la Fiat 500 \u00e9lectrique peine \u00e0 s'imposer face au mod\u00e8le thermique. En effet, m\u00eame si elle a atteint le","og_url":"https:\/\/www.italpassion.fr\/es\/fiat\/fiat-500-electric-lusine-a-larret-a-causa-de-la-disminucion-de-la-demanda\/","og_site_name":"ItalPassion","article_publisher":"https:\/\/www.facebook.com\/italpassion","article_published_time":"2023-09-25T18:48:42+00:00","article_modified_time":"2023-09-25T18:49:36+00:00","og_image":[{"width":1200,"height":800,"url":"https:\/\/www.italpassion.fr\/wp-content\/uploads\/2023\/09\/fiat-500-miarfiori.jpg","type":"image\/jpeg"}],"author":"Alexandre Filluzeau","twitter_card":"summary_large_image","twitter_creator":"@italpassion","twitter_site":"@italpassion","schema":{"@context":"https:\/\/schema.org","@graph":[{"@type":"NewsArticle","@id":"https:\/\/www.italpassion.fr\/es\/fiat\/fiat-500-electrique-lusine-a-larret-a-cause-dune-baisse-de-la-demande\/#article","isPartOf":{"@id":"https:\/\/www.italpassion.fr\/es\/fiat\/fiat-500-electrique-lusine-a-larret-a-cause-dune-baisse-de-la-demande\/"},"author":{"name":"Alexandre Filluzeau","@id":"https:\/\/www.italpassion.fr\/es\/#\/schema\/person\/36f747b2a759ca202d847e85a9434ca0"},"headline":"Fiat 500 \u00e9lectrique : l&rsquo;usine \u00e0 l&rsquo;arr\u00eat \u00e0 cause d&rsquo;une baisse de la demande","datePublished":"2023-09-25T18:48:42+00:00","dateModified":"2023-09-25T18:49:36+00:00","mainEntityOfPage":{"@id":"https:\/\/www.italpassion.fr\/es\/fiat\/fiat-500-electrique-lusine-a-larret-a-cause-dune-baisse-de-la-demande\/"},"wordCount":277,"commentCount":23,"publisher":{"@id":"https:\/\/www.italpassion.fr\/es\/#organization"},"image":{"@id":"https:\/\/www.italpassion.fr\/es\/fiat\/fiat-500-electrique-lusine-a-larret-a-cause-dune-baisse-de-la-demande\/#primaryimage"},"thumbnailUrl":"https:\/\/www.italpassion.fr\/wp-content\/uploads\/2023\/09\/fiat-500-miarfiori.jpg","articleSection":["Fiat"],"inLanguage":"es","potentialAction":[{"@type":"CommentAction","name":"Comment","target":["https:\/\/www.italpassion.fr\/es\/fiat\/fiat-500-electrique-lusine-a-larret-a-cause-dune-baisse-de-la-demande\/#respond"]}]},{"@type":"WebPage","@id":"https:\/\/www.italpassion.fr\/es\/fiat\/fiat-500-electrique-lusine-a-larret-a-cause-dune-baisse-de-la-demande\/","url":"https:\/\/www.italpassion.fr\/es\/fiat\/fiat-500-electrique-lusine-a-larret-a-cause-dune-baisse-de-la-demande\/","name":"Fiat 500 el\u00e9ctrico: f\u00e1brica parada por la ca\u00edda de la demanda - ItalPassion","isPartOf":{"@id":"https:\/\/www.italpassion.fr\/es\/#website"},"primaryImageOfPage":{"@id":"https:\/\/www.italpassion.fr\/es\/fiat\/fiat-500-electrique-lusine-a-larret-a-cause-dune-baisse-de-la-demande\/#primaryimage"},"image":{"@id":"https:\/\/www.italpassion.fr\/es\/fiat\/fiat-500-electrique-lusine-a-larret-a-cause-dune-baisse-de-la-demande\/#primaryimage"},"thumbnailUrl":"https:\/\/www.italpassion.fr\/wp-content\/uploads\/2023\/09\/fiat-500-miarfiori.jpg","datePublished":"2023-09-25T18:48:42+00:00","dateModified":"2023-09-25T18:49:36+00:00","description":"Como se\u00f1alamos hace unas semanas, el Fiat 500 el\u00e9ctrico est\u00e1 luchando por imponerse frente al modelo de combusti\u00f3n interna. Aunque ha alcanzado el","breadcrumb":{"@id":"https:\/\/www.italpassion.fr\/es\/fiat\/fiat-500-electrique-lusine-a-larret-a-cause-dune-baisse-de-la-demande\/#breadcrumb"},"inLanguage":"es","potentialAction":[{"@type":"ReadAction","target":["https:\/\/www.italpassion.fr\/es\/fiat\/fiat-500-electrique-lusine-a-larret-a-cause-dune-baisse-de-la-demande\/"]}]},{"@type":"ImageObject","inLanguage":"es","@id":"https:\/\/www.italpassion.fr\/es\/fiat\/fiat-500-electrique-lusine-a-larret-a-cause-dune-baisse-de-la-demande\/#primaryimage","url":"https:\/\/www.italpassion.fr\/wp-content\/uploads\/2023\/09\/fiat-500-miarfiori.jpg","contentUrl":"https:\/\/www.italpassion.fr\/wp-content\/uploads\/2023\/09\/fiat-500-miarfiori.jpg","width":1200,"height":800,"caption":"fiat-500-miarfiori"},{"@type":"BreadcrumbList","@id":"https:\/\/www.italpassion.fr\/es\/fiat\/fiat-500-electrique-lusine-a-larret-a-cause-dune-baisse-de-la-demande\/#breadcrumb","itemListElement":[{"@type":"ListItem","position":1,"name":"Accueil","item":"https:\/\/www.italpassion.fr\/es\/"},{"@type":"ListItem","position":2,"name":"Fiat 500 \u00e9lectrique : l&rsquo;usine \u00e0 l&rsquo;arr\u00eat \u00e0 cause d&rsquo;une baisse de la demande"}]},{"@type":"WebSite","@id":"https:\/\/www.italpassion.fr\/es\/#website","url":"https:\/\/www.italpassion.fr\/es\/","name":"ItalPassion","description":"Entusiastas de los coches italianos","publisher":{"@id":"https:\/\/www.italpassion.fr\/es\/#organization"},"potentialAction":[{"@type":"SearchAction","target":{"@type":"EntryPoint","urlTemplate":"https:\/\/www.italpassion.fr\/es\/?s={search_term_string}"},"query-input":{"@type":"PropertyValueSpecification","valueRequired":true,"valueName":"search_term_string"}}],"inLanguage":"es"},{"@type":"Organization","@id":"https:\/\/www.italpassion.fr\/es\/#organization","name":"Italpassion","url":"https:\/\/www.italpassion.fr\/es\/","logo":{"@type":"ImageObject","inLanguage":"es","@id":"https:\/\/www.italpassion.fr\/es\/#\/schema\/logo\/image\/","url":"https:\/\/www.italpassion.fr\/wp-content\/uploads\/2023\/07\/italpassion-yoast.jpg","contentUrl":"https:\/\/www.italpassion.fr\/wp-content\/uploads\/2023\/07\/italpassion-yoast.jpg","width":696,"height":696,"caption":"Italpassion"},"image":{"@id":"https:\/\/www.italpassion.fr\/es\/#\/schema\/logo\/image\/"},"sameAs":["https:\/\/www.facebook.com\/italpassion","https:\/\/x.com\/italpassion","https:\/\/www.instagram.com\/italpassionfr\/","https:\/\/www.youtube.com\/channel\/UCleq-ByQaA42OjhopwevRjQ","https:\/\/www.facebook.com\/italpassion.en\/","https:\/\/www.facebook.com\/italpassion.it\/","https:\/\/www.facebook.com\/italpassion.de\/","https:\/\/www.facebook.com\/italpassion.ja\/"]},{"@type":"Person","@id":"https:\/\/www.italpassion.fr\/es\/#\/schema\/person\/36f747b2a759ca202d847e85a9434ca0","name":"Alexandre Filluzeau","image":{"@type":"ImageObject","inLanguage":"es","@id":"https:\/\/www.italpassion.fr\/es\/#\/schema\/person\/image\/","url":"https:\/\/www.italpassion.fr\/wp-content\/uploads\/2025\/04\/avatar-alexandre-160x160.jpg","contentUrl":"https:\/\/www.italpassion.fr\/wp-content\/uploads\/2025\/04\/avatar-alexandre-160x160.jpg","caption":"Alexandre Filluzeau"},"description":"Fundador del sitio web ItalPassion, apasionado de los coches italianos y de Italia en general. Aporto una mirada cr\u00edtica y t\u00e9cnica a las noticias de las marcas italianas cuando es posible. Propietario de un Maserati GranTurismo, Alfa Romeo MiTo, Lancia Fulvia y Ducati 695. Ex-propietario de un Alfa Romeo Giulia.","sameAs":["https:\/\/www.italpassion.fr\/"],"url":"https:\/\/www.italpassion.fr\/es\/author\/alexandre\/"}]}},"_links":{"self":[{"href":"https:\/\/www.italpassion.fr\/es\/wp-json\/wp\/v2\/posts\/32094","targetHints":{"allow":["GET"]}}],"collection":[{"href":"https:\/\/www.italpassion.fr\/es\/wp-json\/wp\/v2\/posts"}],"about":[{"href":"https:\/\/www.italpassion.fr\/es\/wp-json\/wp\/v2\/types\/post"}],"author":[{"embeddable":true,"href":"https:\/\/www.italpassion.fr\/es\/wp-json\/wp\/v2\/users\/1"}],"replies":[{"embeddable":true,"href":"https:\/\/www.italpassion.fr\/es\/wp-json\/wp\/v2\/comments?post=32094"}],"version-history":[{"count":3,"href":"https:\/\/www.italpassion.fr\/es\/wp-json\/wp\/v2\/posts\/32094\/revisions"}],"predecessor-version":[{"id":32101,"href":"https:\/\/www.italpassion.fr\/es\/wp-json\/wp\/v2\/posts\/32094\/revisions\/32101"}],"wp:featuredmedia":[{"embeddable":true,"href":"https:\/\/www.italpassion.fr\/es\/wp-json\/wp\/v2\/media\/32096"}],"wp:attachment":[{"href":"https:\/\/www.italpassion.fr\/es\/wp-json\/wp\/v2\/media?parent=32094"}],"wp:term":[{"taxonomy":"category","embeddable":true,"href":"https:\/\/www.italpassion.fr\/es\/wp-json\/wp\/v2\/categories?post=32094"},{"taxonomy":"post_tag","embeddable":true,"href":"https:\/\/www.italpassion.fr\/es\/wp-json\/wp\/v2\/tags?post=32094"}],"curies":[{"name":"wp","href":"https:\/\/api.w.org\/{rel}","templated":true}]}}