{"id":53774,"date":"2026-09-03T17:55:06","date_gmt":"2026-09-03T15:55:06","guid":{"rendered":"https:\/\/www.italpassion.fr\/?p=53774"},"modified":"2026-09-01T17:20:05","modified_gmt":"2026-09-01T15:20:05","slug":"as-a-child-he-couldnt-afford-to-go-to-the-worlds-biggest-auto-show-30-years-later-hes-going-there-with-14-lamborghinis","status":"publish","type":"post","link":"https:\/\/www.italpassion.fr\/en\/lamborghini\/enfant-il-navait-pas-les-moyens-daller-au-plus-grand-concours-automobile-du-monde-30-ans-plus-tard-il-y-va-avec-14-lamborghini\/","title":{"rendered":"As a child, he couldn't afford to go to the world's biggest auto show; 30 years later, he's going there with 14 Lamborghinis"},"content":{"rendered":"<figure class=\"wp-block-image size-full\"><img loading=\"lazy\" decoding=\"async\" width=\"1200\" height=\"800\" src=\"https:\/\/www.italpassion.fr\/wp-content\/uploads\/2026\/09\/lambo-002-1.jpg\" alt=\"\" class=\"wp-image-53859\" srcset=\"https:\/\/www.italpassion.fr\/wp-content\/uploads\/2026\/09\/lambo-002-1.jpg 1200w, https:\/\/www.italpassion.fr\/wp-content\/uploads\/2026\/09\/lambo-002-1-768x512.jpg 768w, https:\/\/www.italpassion.fr\/wp-content\/uploads\/2026\/09\/lambo-002-1-18x12.jpg 18w, https:\/\/www.italpassion.fr\/wp-content\/uploads\/2026\/09\/lambo-002-1-420x280.jpg 420w\" sizes=\"auto, (max-width: 1200px) 100vw, 1200px\" \/><\/figure>\n\n\n\n<p class=\"wp-block-paragraph\">Thirty years ago, Pebble Beach was nothing more than a distant, almost unattainable name to John Temerian. Back then, the man who would become the co-founder of Curated spent his days in his father\u2019s workshop, sweeping the floor, preparing car bodies for painting, and watching cars being restored. Every summer, the same promise came up: this year, they would go to Pebble Beach. But the trip was expensive, and the family lived modestly. They never made the trip.<\/p>\n\n\n\n<p class=\"wp-block-paragraph\">Three decades later, the story took a rather dramatic turn. For Monterey Car Week 2026, Temerian didn\u2019t just come to attend America\u2019s most prestigious automotive event. He showed up with Curated and a veritable armada of <a href=\"https:\/\/www.italpassion.fr\/en\/lamborghini\/\">Lamborghini<\/a>.<\/p>\n\n\n\n<h2 class=\"wp-block-heading\">From a family workshop to 14 cars for Monterey<\/h2>\n\n\n\n<p class=\"wp-block-paragraph\">The scene could almost serve as a summary of his journey. Before the start, the transporters are loaded with Lamborghinis: <a href=\"https:\/\/www.italpassion.fr\/en\/cars\/lamborghini-diablo\/\">Diablo SV<\/a>, <a href=\"https:\/\/www.italpassion.fr\/en\/cars\/lamborghini-countach\/\">Countach LP400 S<\/a>, <a href=\"https:\/\/www.italpassion.fr\/en\/cars\/lamborghini-miura\/\">Miura<\/a> and other rarities. Temerian estimated the convoy at \u00ababout 14 cars.\u00bb A few hours later, the trucks began unloading them at the Pebble Beach Equestrian Center.<\/p>\n\n\n\n<figure class=\"wp-block-image size-full\"><img loading=\"lazy\" decoding=\"async\" width=\"1200\" height=\"800\" src=\"https:\/\/www.italpassion.fr\/wp-content\/uploads\/2026\/08\/lambo-miura-2.jpg\" alt=\"\" class=\"wp-image-53851\" srcset=\"https:\/\/www.italpassion.fr\/wp-content\/uploads\/2026\/08\/lambo-miura-2.jpg 1200w, https:\/\/www.italpassion.fr\/wp-content\/uploads\/2026\/08\/lambo-miura-2-768x512.jpg 768w, https:\/\/www.italpassion.fr\/wp-content\/uploads\/2026\/08\/lambo-miura-2-420x280.jpg 420w, https:\/\/www.italpassion.fr\/wp-content\/uploads\/2026\/08\/lambo-miura-2-18x12.jpg 18w\" sizes=\"auto, (max-width: 1200px) 100vw, 1200px\" \/><\/figure>\n\n\n\n<figure class=\"wp-block-image size-full\"><img loading=\"lazy\" decoding=\"async\" width=\"1200\" height=\"800\" src=\"https:\/\/www.italpassion.fr\/wp-content\/uploads\/2026\/08\/lambo-violoette-2.jpg\" alt=\"\" class=\"wp-image-53850\" srcset=\"https:\/\/www.italpassion.fr\/wp-content\/uploads\/2026\/08\/lambo-violoette-2.jpg 1200w, https:\/\/www.italpassion.fr\/wp-content\/uploads\/2026\/08\/lambo-violoette-2-420x280.jpg 420w, https:\/\/www.italpassion.fr\/wp-content\/uploads\/2026\/08\/lambo-violoette-2-18x12.jpg 18w, https:\/\/www.italpassion.fr\/wp-content\/uploads\/2026\/08\/lambo-violoette-2-768x512.jpg 768w\" sizes=\"auto, (max-width: 1200px) 100vw, 1200px\" \/><\/figure>\n\n\n\n<figure class=\"wp-block-image size-full\"><img loading=\"lazy\" decoding=\"async\" width=\"1200\" height=\"800\" src=\"https:\/\/www.italpassion.fr\/wp-content\/uploads\/2026\/08\/lambo-diablo.jpg\" alt=\"\" class=\"wp-image-53849\" srcset=\"https:\/\/www.italpassion.fr\/wp-content\/uploads\/2026\/08\/lambo-diablo.jpg 1200w, https:\/\/www.italpassion.fr\/wp-content\/uploads\/2026\/08\/lambo-diablo-420x280.jpg 420w, https:\/\/www.italpassion.fr\/wp-content\/uploads\/2026\/08\/lambo-diablo-768x512.jpg 768w, https:\/\/www.italpassion.fr\/wp-content\/uploads\/2026\/08\/lambo-diablo-18x12.jpg 18w\" sizes=\"auto, (max-width: 1200px) 100vw, 1200px\" \/><\/figure>\n\n\n\n<figure class=\"wp-block-image size-full\"><img loading=\"lazy\" decoding=\"async\" width=\"1200\" height=\"800\" src=\"https:\/\/www.italpassion.fr\/wp-content\/uploads\/2026\/08\/lambo-countach.jpg\" alt=\"\" class=\"wp-image-53843\" srcset=\"https:\/\/www.italpassion.fr\/wp-content\/uploads\/2026\/08\/lambo-countach.jpg 1200w, https:\/\/www.italpassion.fr\/wp-content\/uploads\/2026\/08\/lambo-countach-768x512.jpg 768w, https:\/\/www.italpassion.fr\/wp-content\/uploads\/2026\/08\/lambo-countach-420x280.jpg 420w, https:\/\/www.italpassion.fr\/wp-content\/uploads\/2026\/08\/lambo-countach-18x12.jpg 18w\" sizes=\"auto, (max-width: 1200px) 100vw, 1200px\" \/><\/figure>\n\n\n\n<figure class=\"wp-block-image size-full\"><img loading=\"lazy\" decoding=\"async\" width=\"1200\" height=\"800\" src=\"https:\/\/www.italpassion.fr\/wp-content\/uploads\/2026\/08\/lambo-sv.jpg\" alt=\"\" class=\"wp-image-53842\" srcset=\"https:\/\/www.italpassion.fr\/wp-content\/uploads\/2026\/08\/lambo-sv.jpg 1200w, https:\/\/www.italpassion.fr\/wp-content\/uploads\/2026\/08\/lambo-sv-420x280.jpg 420w, https:\/\/www.italpassion.fr\/wp-content\/uploads\/2026\/08\/lambo-sv-768x512.jpg 768w, https:\/\/www.italpassion.fr\/wp-content\/uploads\/2026\/08\/lambo-sv-18x12.jpg 18w\" sizes=\"auto, (max-width: 1200px) 100vw, 1200px\" \/><\/figure>\n\n\n\n<figure class=\"wp-block-image size-full\"><img loading=\"lazy\" decoding=\"async\" width=\"1200\" height=\"800\" src=\"https:\/\/www.italpassion.fr\/wp-content\/uploads\/2026\/08\/lambo-murcielago.jpg\" alt=\"\" class=\"wp-image-53844\" srcset=\"https:\/\/www.italpassion.fr\/wp-content\/uploads\/2026\/08\/lambo-murcielago.jpg 1200w, https:\/\/www.italpassion.fr\/wp-content\/uploads\/2026\/08\/lambo-murcielago-420x280.jpg 420w, https:\/\/www.italpassion.fr\/wp-content\/uploads\/2026\/08\/lambo-murcielago-18x12.jpg 18w, https:\/\/www.italpassion.fr\/wp-content\/uploads\/2026\/08\/lambo-murcielago-768x512.jpg 768w\" sizes=\"auto, (max-width: 1200px) 100vw, 1200px\" \/><\/figure>\n\n\n\n<figure class=\"wp-block-image size-full\"><img loading=\"lazy\" decoding=\"async\" width=\"1200\" height=\"800\" src=\"https:\/\/www.italpassion.fr\/wp-content\/uploads\/2026\/08\/lambo-blanche.jpg\" alt=\"\" class=\"wp-image-53845\" srcset=\"https:\/\/www.italpassion.fr\/wp-content\/uploads\/2026\/08\/lambo-blanche.jpg 1200w, https:\/\/www.italpassion.fr\/wp-content\/uploads\/2026\/08\/lambo-blanche-768x512.jpg 768w, https:\/\/www.italpassion.fr\/wp-content\/uploads\/2026\/08\/lambo-blanche-420x280.jpg 420w, https:\/\/www.italpassion.fr\/wp-content\/uploads\/2026\/08\/lambo-blanche-18x12.jpg 18w\" sizes=\"auto, (max-width: 1200px) 100vw, 1200px\" \/><\/figure>\n\n\n\n<figure class=\"wp-block-image size-full\"><img loading=\"lazy\" decoding=\"async\" width=\"1200\" height=\"800\" src=\"https:\/\/www.italpassion.fr\/wp-content\/uploads\/2026\/08\/lambo-blanche2.jpg\" alt=\"\" class=\"wp-image-53846\" srcset=\"https:\/\/www.italpassion.fr\/wp-content\/uploads\/2026\/08\/lambo-blanche2.jpg 1200w, https:\/\/www.italpassion.fr\/wp-content\/uploads\/2026\/08\/lambo-blanche2-768x512.jpg 768w, https:\/\/www.italpassion.fr\/wp-content\/uploads\/2026\/08\/lambo-blanche2-18x12.jpg 18w, https:\/\/www.italpassion.fr\/wp-content\/uploads\/2026\/08\/lambo-blanche2-420x280.jpg 420w\" sizes=\"auto, (max-width: 1200px) 100vw, 1200px\" \/><\/figure>\n\n\n\n<p class=\"wp-block-paragraph\"><\/p>\n\n\n\n<p class=\"wp-block-paragraph\">And that's just the beginning. Curated is also setting up its Villa Curated on the famous 17-Mile Drive and organizing a rally dedicated to the Diablo. For The Quail, the company is even bringing together around 18 Lamborghini Diablos, including cars from former customers and a few from its own inventory. It\u2019s a scene hard to imagine when Temerian recalls his first time participating in the event, back in 2019: just one car, limited resources, and, in his own words, an experience that turned into a \u00abdisaster.\u00bb.<\/p>\n\n\n\n<figure class=\"wp-block-image size-full\"><img loading=\"lazy\" decoding=\"async\" width=\"1200\" height=\"800\" src=\"https:\/\/www.italpassion.fr\/wp-content\/uploads\/2026\/09\/lambo-0.jpg\" alt=\"\" class=\"wp-image-53858\" srcset=\"https:\/\/www.italpassion.fr\/wp-content\/uploads\/2026\/09\/lambo-0.jpg 1200w, https:\/\/www.italpassion.fr\/wp-content\/uploads\/2026\/09\/lambo-0-420x280.jpg 420w, https:\/\/www.italpassion.fr\/wp-content\/uploads\/2026\/09\/lambo-0-18x12.jpg 18w, https:\/\/www.italpassion.fr\/wp-content\/uploads\/2026\/09\/lambo-0-768x512.jpg 768w\" sizes=\"auto, (max-width: 1200px) 100vw, 1200px\" \/><\/figure>\n\n\n\n<figure class=\"wp-block-image size-full\"><img loading=\"lazy\" decoding=\"async\" width=\"1200\" height=\"800\" src=\"https:\/\/www.italpassion.fr\/wp-content\/uploads\/2026\/09\/lambo-002.jpg\" alt=\"\" class=\"wp-image-53857\" srcset=\"https:\/\/www.italpassion.fr\/wp-content\/uploads\/2026\/09\/lambo-002.jpg 1200w, https:\/\/www.italpassion.fr\/wp-content\/uploads\/2026\/09\/lambo-002-768x512.jpg 768w, https:\/\/www.italpassion.fr\/wp-content\/uploads\/2026\/09\/lambo-002-18x12.jpg 18w, https:\/\/www.italpassion.fr\/wp-content\/uploads\/2026\/09\/lambo-002-420x280.jpg 420w\" sizes=\"auto, (max-width: 1200px) 100vw, 1200px\" \/><\/figure>\n\n\n\n<figure class=\"wp-block-image size-full\"><img loading=\"lazy\" decoding=\"async\" width=\"1200\" height=\"800\" src=\"https:\/\/www.italpassion.fr\/wp-content\/uploads\/2026\/08\/lambo-collection.jpg\" alt=\"\" class=\"wp-image-53852\" srcset=\"https:\/\/www.italpassion.fr\/wp-content\/uploads\/2026\/08\/lambo-collection.jpg 1200w, https:\/\/www.italpassion.fr\/wp-content\/uploads\/2026\/08\/lambo-collection-420x280.jpg 420w, https:\/\/www.italpassion.fr\/wp-content\/uploads\/2026\/08\/lambo-collection-18x12.jpg 18w, https:\/\/www.italpassion.fr\/wp-content\/uploads\/2026\/08\/lambo-collection-768x512.jpg 768w\" sizes=\"auto, (max-width: 1200px) 100vw, 1200px\" \/><\/figure>\n\n\n\n<h2 class=\"wp-block-heading\">Some of the rarest Lamborghinis in the world<\/h2>\n\n\n\n<p class=\"wp-block-paragraph\">The lineup gathered in Monterey is breathtaking. Among the cars on display are a factory-built Diablo SE30 Jota, a Diablo GT, several Roadsters, and an extremely rare <a href=\"https:\/\/www.italpassion.fr\/en\/cars\/lamborghini-gallardo\/\">Gallardo<\/a> with a manual transmission in Verde Ithaca, or even <a href=\"https:\/\/www.italpassion.fr\/en\/lamborghini\/the-missing-lamborghini-diabo-se30-prototype-found-in-the-arctic-circle\/\">the original SE30 prototype<\/a>. Curated is also returning to California <a href=\"https:\/\/www.italpassion.fr\/en\/lamborghini\/lamborghini-restored-guitarist-eddie-van-halens-miura-to-its-original-condition-and-paid-a-moving-tribute-to-him-at-the-factory\/\">the famous Miura that once belonged to Eddie Van Halen<\/a>, to mark the model's 60th anniversary.<\/p>\n\n\n\n<figure class=\"wp-block-image size-full\"><img loading=\"lazy\" decoding=\"async\" width=\"1200\" height=\"800\" src=\"https:\/\/www.italpassion.fr\/wp-content\/uploads\/2026\/08\/lambo-collection-2.jpg\" alt=\"\" class=\"wp-image-53853\" srcset=\"https:\/\/www.italpassion.fr\/wp-content\/uploads\/2026\/08\/lambo-collection-2.jpg 1200w, https:\/\/www.italpassion.fr\/wp-content\/uploads\/2026\/08\/lambo-collection-2-420x280.jpg 420w, https:\/\/www.italpassion.fr\/wp-content\/uploads\/2026\/08\/lambo-collection-2-18x12.jpg 18w, https:\/\/www.italpassion.fr\/wp-content\/uploads\/2026\/08\/lambo-collection-2-768x512.jpg 768w\" sizes=\"auto, (max-width: 1200px) 100vw, 1200px\" \/><\/figure>\n\n\n\n<figure class=\"wp-block-image size-full\"><img loading=\"lazy\" decoding=\"async\" width=\"1200\" height=\"800\" src=\"https:\/\/www.italpassion.fr\/wp-content\/uploads\/2026\/08\/lambo-violoette-1.jpg\" alt=\"\" class=\"wp-image-53848\" srcset=\"https:\/\/www.italpassion.fr\/wp-content\/uploads\/2026\/08\/lambo-violoette-1.jpg 1200w, https:\/\/www.italpassion.fr\/wp-content\/uploads\/2026\/08\/lambo-violoette-1-420x280.jpg 420w, https:\/\/www.italpassion.fr\/wp-content\/uploads\/2026\/08\/lambo-violoette-1-18x12.jpg 18w, https:\/\/www.italpassion.fr\/wp-content\/uploads\/2026\/08\/lambo-violoette-1-768x512.jpg 768w\" sizes=\"auto, (max-width: 1200px) 100vw, 1200px\" \/><\/figure>\n\n\n\n<figure class=\"wp-block-image size-full\"><img loading=\"lazy\" decoding=\"async\" width=\"1200\" height=\"800\" src=\"https:\/\/www.italpassion.fr\/wp-content\/uploads\/2026\/08\/lambo-violoette.jpg\" alt=\"\" class=\"wp-image-53847\" srcset=\"https:\/\/www.italpassion.fr\/wp-content\/uploads\/2026\/08\/lambo-violoette.jpg 1200w, https:\/\/www.italpassion.fr\/wp-content\/uploads\/2026\/08\/lambo-violoette-768x512.jpg 768w, https:\/\/www.italpassion.fr\/wp-content\/uploads\/2026\/08\/lambo-violoette-18x12.jpg 18w, https:\/\/www.italpassion.fr\/wp-content\/uploads\/2026\/08\/lambo-violoette-420x280.jpg 420w\" sizes=\"auto, (max-width: 1200px) 100vw, 1200px\" \/><\/figure>\n\n\n\n<figure class=\"wp-block-image size-full\"><img loading=\"lazy\" decoding=\"async\" width=\"1200\" height=\"800\" src=\"https:\/\/www.italpassion.fr\/wp-content\/uploads\/2026\/09\/lambo-collect.jpg\" alt=\"\" class=\"wp-image-53855\" srcset=\"https:\/\/www.italpassion.fr\/wp-content\/uploads\/2026\/09\/lambo-collect.jpg 1200w, https:\/\/www.italpassion.fr\/wp-content\/uploads\/2026\/09\/lambo-collect-18x12.jpg 18w, https:\/\/www.italpassion.fr\/wp-content\/uploads\/2026\/09\/lambo-collect-420x280.jpg 420w, https:\/\/www.italpassion.fr\/wp-content\/uploads\/2026\/09\/lambo-collect-768x512.jpg 768w\" sizes=\"auto, (max-width: 1200px) 100vw, 1200px\" \/><\/figure>\n\n\n\n<figure class=\"wp-block-image size-full\"><img loading=\"lazy\" decoding=\"async\" width=\"1200\" height=\"800\" src=\"https:\/\/www.italpassion.fr\/wp-content\/uploads\/2026\/08\/lambo-centenario.jpg\" alt=\"\" class=\"wp-image-53840\" srcset=\"https:\/\/www.italpassion.fr\/wp-content\/uploads\/2026\/08\/lambo-centenario.jpg 1200w, https:\/\/www.italpassion.fr\/wp-content\/uploads\/2026\/08\/lambo-centenario-18x12.jpg 18w, https:\/\/www.italpassion.fr\/wp-content\/uploads\/2026\/08\/lambo-centenario-768x512.jpg 768w, https:\/\/www.italpassion.fr\/wp-content\/uploads\/2026\/08\/lambo-centenario-420x280.jpg 420w\" sizes=\"auto, (max-width: 1200px) 100vw, 1200px\" \/><\/figure>\n\n\n\n<figure class=\"wp-block-image size-full\"><img loading=\"lazy\" decoding=\"async\" width=\"1200\" height=\"800\" src=\"https:\/\/www.italpassion.fr\/wp-content\/uploads\/2026\/09\/lambo-colect-4.jpg\" alt=\"\" class=\"wp-image-53856\" srcset=\"https:\/\/www.italpassion.fr\/wp-content\/uploads\/2026\/09\/lambo-colect-4.jpg 1200w, https:\/\/www.italpassion.fr\/wp-content\/uploads\/2026\/09\/lambo-colect-4-18x12.jpg 18w, https:\/\/www.italpassion.fr\/wp-content\/uploads\/2026\/09\/lambo-colect-4-420x280.jpg 420w, https:\/\/www.italpassion.fr\/wp-content\/uploads\/2026\/09\/lambo-colect-4-768x512.jpg 768w\" sizes=\"auto, (max-width: 1200px) 100vw, 1200px\" \/><\/figure>\n\n\n\n<p class=\"wp-block-paragraph\">The week also takes on a financial dimension. At the RM Sotheby\u2019s auction, <a href=\"https:\/\/www.italpassion.fr\/en\/lamborghini\/these-four-lamborghinis-brought-in-74-million-for-the-same-owner-at-auction-and-each-one-set-a-record\/\">Four Lamborghinis presented by Curated<\/a> are setting records, notably with a Countach LP400 S Series 1 that sold for around $2.34 million and a Murci\u00e9lago SV for around $3.14 million. For him, however, this surge is not merely a matter of speculation: the increase in value also provides an economic justification for the maintenance and restoration of cars that were once neglected.<\/p>\n\n\n\n<h2 class=\"wp-block-heading\">\u00abThe dream is simply to be here.\u00bb<\/h2>\n\n\n\n<p class=\"wp-block-paragraph\">Pebble Beach, however, remains the true thread running through this story. Curated features a remarkably well-preserved Miura SV there, which retains most of its original paint, its original interior, and documentation detailing its history with exceptional precision.<\/p>\n\n\n\n<figure class=\"wp-block-image size-full\"><img loading=\"lazy\" decoding=\"async\" width=\"1200\" height=\"800\" src=\"https:\/\/www.italpassion.fr\/wp-content\/uploads\/2026\/08\/lambo-miura.jpg\" alt=\"\" class=\"wp-image-53841\" srcset=\"https:\/\/www.italpassion.fr\/wp-content\/uploads\/2026\/08\/lambo-miura.jpg 1200w, https:\/\/www.italpassion.fr\/wp-content\/uploads\/2026\/08\/lambo-miura-768x512.jpg 768w, https:\/\/www.italpassion.fr\/wp-content\/uploads\/2026\/08\/lambo-miura-420x280.jpg 420w, https:\/\/www.italpassion.fr\/wp-content\/uploads\/2026\/08\/lambo-miura-18x12.jpg 18w\" sizes=\"auto, (max-width: 1200px) 100vw, 1200px\" \/><\/figure>\n\n\n\n<p class=\"wp-block-paragraph\">In the end, it didn\u2019t win its category. But that\u2019s not what matters most. For Temerian, simply getting the car into the Concours d\u2019Elegance was already a victory. He, who once viewed Pebble Beach as an unattainable dream while working as a child in the family workshop, finds himself\u2014thirty years later\u2014at the very heart of the event. If you love Lamborghinis, the video below is a must-see!<\/p>\n\n\n\n<figure class=\"wp-block-embed is-type-video is-provider-youtube wp-block-embed-youtube wp-embed-aspect-16-9 wp-has-aspect-ratio\"><div class=\"wp-block-embed__wrapper\">\n<iframe loading=\"lazy\" title=\"Our BIGGEST Car Week Ever! Curated Villa, Auction Records, Diablo Rally, and More!\" width=\"1200\" height=\"675\" src=\"https:\/\/www.youtube-nocookie.com\/embed\/hna8rPD7K4w?feature=oembed\" frameborder=\"0\" allow=\"accelerometer; autoplay; clipboard-write; encrypted-media; gyroscope; picture-in-picture; web-share\" referrerpolicy=\"strict-origin-when-cross-origin\" allowfullscreen><\/iframe>\n<\/div><\/figure>","protected":false},"excerpt":{"rendered":"","protected":false},"author":1,"featured_media":53859,"comment_status":"open","ping_status":"open","sticky":false,"template":"","format":"standard","meta":{"_acf_changed":false,"_sitemap_exclude":false,"_sitemap_priority":"","_sitemap_frequency":"","footnotes":""},"categories":[25],"tags":[],"class_list":["post-53774","post","type-post","status-publish","format-standard","has-post-thumbnail","hentry","category-lamborghini","generate-columns","tablet-grid-50","mobile-grid-100","grid-parent","grid-33"],"acf":[],"yoast_head":"<!-- This site is optimized with the Yoast SEO plugin v25.8 - https:\/\/yoast.com\/wordpress\/plugins\/seo\/ -->\n<title>Enfant, il n&#039;avait pas les moyens d&#039;aller au plus grand concours automobile du monde : 30 ans plus tard, il y va avec 14 Lamborghini - ItalPassion<\/title>\n<meta name=\"description\" content=\"Il y a trente ans, Pebble Beach n\u2019\u00e9tait pour John Temerian qu\u2019un nom lointain, presque inaccessible. \u00c0 l\u2019\u00e9poque, celui qui allait devenir le cofondateur\" \/>\n<meta name=\"robots\" content=\"index, follow, max-snippet:-1, max-image-preview:large, max-video-preview:-1\" \/>\n<link rel=\"canonical\" href=\"https:\/\/www.italpassion.fr\/en\/lamborghini\/as-a-child-he-couldnt-afford-to-go-to-the-worlds-biggest-auto-show-30-years-later-hes-going-there-with-14-lamborghinis\/\" \/>\n<meta property=\"og:locale\" content=\"en_US\" \/>\n<meta property=\"og:type\" content=\"article\" \/>\n<meta property=\"og:title\" content=\"Enfant, il n&#039;avait pas les moyens d&#039;aller au plus grand concours automobile du monde : 30 ans plus tard, il y va avec 14 Lamborghini - ItalPassion\" \/>\n<meta property=\"og:description\" content=\"Il y a trente ans, Pebble Beach n\u2019\u00e9tait pour John Temerian qu\u2019un nom lointain, presque inaccessible. \u00c0 l\u2019\u00e9poque, celui qui allait devenir le cofondateur\" \/>\n<meta property=\"og:url\" content=\"https:\/\/www.italpassion.fr\/en\/lamborghini\/as-a-child-he-couldnt-afford-to-go-to-the-worlds-biggest-auto-show-30-years-later-hes-going-there-with-14-lamborghinis\/\" \/>\n<meta property=\"og:site_name\" content=\"ItalPassion\" \/>\n<meta property=\"article:publisher\" content=\"https:\/\/www.facebook.com\/italpassion\" \/>\n<meta property=\"article:published_time\" content=\"2026-09-03T15:55:06+00:00\" \/>\n<meta property=\"og:image\" content=\"https:\/\/www.italpassion.fr\/wp-content\/uploads\/2026\/09\/lambo-002-1.jpg\" \/>\n\t<meta property=\"og:image:width\" content=\"1200\" \/>\n\t<meta property=\"og:image:height\" content=\"800\" \/>\n\t<meta property=\"og:image:type\" content=\"image\/jpeg\" \/>\n<meta name=\"author\" content=\"Alexandre Filluzeau\" \/>\n<meta name=\"twitter:card\" content=\"summary_large_image\" \/>\n<meta name=\"twitter:creator\" content=\"@italpassion\" \/>\n<meta name=\"twitter:site\" content=\"@italpassion\" \/>\n<script type=\"application\/ld+json\" class=\"yoast-schema-graph\">{\"@context\":\"https:\/\/schema.org\",\"@graph\":[{\"@type\":\"NewsArticle\",\"@id\":\"https:\/\/www.italpassion.fr\/en\/lamborghini\/enfant-il-navait-pas-les-moyens-daller-au-plus-grand-concours-automobile-du-monde-30-ans-plus-tard-il-y-va-avec-14-lamborghini\/#article\",\"isPartOf\":{\"@id\":\"https:\/\/www.italpassion.fr\/en\/lamborghini\/enfant-il-navait-pas-les-moyens-daller-au-plus-grand-concours-automobile-du-monde-30-ans-plus-tard-il-y-va-avec-14-lamborghini\/\"},\"author\":{\"name\":\"Alexandre Filluzeau\",\"@id\":\"https:\/\/www.italpassion.fr\/en\/#\/schema\/person\/36f747b2a759ca202d847e85a9434ca0\"},\"headline\":\"Enfant, il n&rsquo;avait pas les moyens d&rsquo;aller au plus grand concours automobile du monde : 30 ans plus tard, il y va avec 14 Lamborghini\",\"datePublished\":\"2026-09-03T15:55:06+00:00\",\"mainEntityOfPage\":{\"@id\":\"https:\/\/www.italpassion.fr\/en\/lamborghini\/enfant-il-navait-pas-les-moyens-daller-au-plus-grand-concours-automobile-du-monde-30-ans-plus-tard-il-y-va-avec-14-lamborghini\/\"},\"wordCount\":601,\"commentCount\":0,\"publisher\":{\"@id\":\"https:\/\/www.italpassion.fr\/en\/#organization\"},\"image\":{\"@id\":\"https:\/\/www.italpassion.fr\/en\/lamborghini\/enfant-il-navait-pas-les-moyens-daller-au-plus-grand-concours-automobile-du-monde-30-ans-plus-tard-il-y-va-avec-14-lamborghini\/#primaryimage\"},\"thumbnailUrl\":\"https:\/\/www.italpassion.fr\/wp-content\/uploads\/2026\/09\/lambo-002-1.jpg\",\"articleSection\":[\"Lamborghini\"],\"inLanguage\":\"en-US\",\"potentialAction\":[{\"@type\":\"CommentAction\",\"name\":\"Comment\",\"target\":[\"https:\/\/www.italpassion.fr\/en\/lamborghini\/enfant-il-navait-pas-les-moyens-daller-au-plus-grand-concours-automobile-du-monde-30-ans-plus-tard-il-y-va-avec-14-lamborghini\/#respond\"]}]},{\"@type\":\"WebPage\",\"@id\":\"https:\/\/www.italpassion.fr\/en\/lamborghini\/enfant-il-navait-pas-les-moyens-daller-au-plus-grand-concours-automobile-du-monde-30-ans-plus-tard-il-y-va-avec-14-lamborghini\/\",\"url\":\"https:\/\/www.italpassion.fr\/en\/lamborghini\/enfant-il-navait-pas-les-moyens-daller-au-plus-grand-concours-automobile-du-monde-30-ans-plus-tard-il-y-va-avec-14-lamborghini\/\",\"name\":\"Enfant, il n'avait pas les moyens d'aller au plus grand concours automobile du monde : 30 ans plus tard, il y va avec 14 Lamborghini - ItalPassion\",\"isPartOf\":{\"@id\":\"https:\/\/www.italpassion.fr\/en\/#website\"},\"primaryImageOfPage\":{\"@id\":\"https:\/\/www.italpassion.fr\/en\/lamborghini\/enfant-il-navait-pas-les-moyens-daller-au-plus-grand-concours-automobile-du-monde-30-ans-plus-tard-il-y-va-avec-14-lamborghini\/#primaryimage\"},\"image\":{\"@id\":\"https:\/\/www.italpassion.fr\/en\/lamborghini\/enfant-il-navait-pas-les-moyens-daller-au-plus-grand-concours-automobile-du-monde-30-ans-plus-tard-il-y-va-avec-14-lamborghini\/#primaryimage\"},\"thumbnailUrl\":\"https:\/\/www.italpassion.fr\/wp-content\/uploads\/2026\/09\/lambo-002-1.jpg\",\"datePublished\":\"2026-09-03T15:55:06+00:00\",\"description\":\"Il y a trente ans, Pebble Beach n\u2019\u00e9tait pour John Temerian qu\u2019un nom lointain, presque inaccessible. \u00c0 l\u2019\u00e9poque, celui qui allait devenir le cofondateur\",\"breadcrumb\":{\"@id\":\"https:\/\/www.italpassion.fr\/en\/lamborghini\/enfant-il-navait-pas-les-moyens-daller-au-plus-grand-concours-automobile-du-monde-30-ans-plus-tard-il-y-va-avec-14-lamborghini\/#breadcrumb\"},\"inLanguage\":\"en-US\",\"potentialAction\":[{\"@type\":\"ReadAction\",\"target\":[\"https:\/\/www.italpassion.fr\/en\/lamborghini\/enfant-il-navait-pas-les-moyens-daller-au-plus-grand-concours-automobile-du-monde-30-ans-plus-tard-il-y-va-avec-14-lamborghini\/\"]}]},{\"@type\":\"ImageObject\",\"inLanguage\":\"en-US\",\"@id\":\"https:\/\/www.italpassion.fr\/en\/lamborghini\/enfant-il-navait-pas-les-moyens-daller-au-plus-grand-concours-automobile-du-monde-30-ans-plus-tard-il-y-va-avec-14-lamborghini\/#primaryimage\",\"url\":\"https:\/\/www.italpassion.fr\/wp-content\/uploads\/2026\/09\/lambo-002-1.jpg\",\"contentUrl\":\"https:\/\/www.italpassion.fr\/wp-content\/uploads\/2026\/09\/lambo-002-1.jpg\",\"width\":1200,\"height\":800},{\"@type\":\"BreadcrumbList\",\"@id\":\"https:\/\/www.italpassion.fr\/en\/lamborghini\/enfant-il-navait-pas-les-moyens-daller-au-plus-grand-concours-automobile-du-monde-30-ans-plus-tard-il-y-va-avec-14-lamborghini\/#breadcrumb\",\"itemListElement\":[{\"@type\":\"ListItem\",\"position\":1,\"name\":\"Accueil\",\"item\":\"https:\/\/www.italpassion.fr\/en\/\"},{\"@type\":\"ListItem\",\"position\":2,\"name\":\"Enfant, il n&rsquo;avait pas les moyens d&rsquo;aller au plus grand concours automobile du monde : 30 ans plus tard, il y va avec 14 Lamborghini\"}]},{\"@type\":\"WebSite\",\"@id\":\"https:\/\/www.italpassion.fr\/en\/#website\",\"url\":\"https:\/\/www.italpassion.fr\/en\/\",\"name\":\"ItalPassion\",\"description\":\"Les Passionn\u00e9s d&#039;Automobiles Italiennes\",\"publisher\":{\"@id\":\"https:\/\/www.italpassion.fr\/en\/#organization\"},\"potentialAction\":[{\"@type\":\"SearchAction\",\"target\":{\"@type\":\"EntryPoint\",\"urlTemplate\":\"https:\/\/www.italpassion.fr\/en\/?s={search_term_string}\"},\"query-input\":{\"@type\":\"PropertyValueSpecification\",\"valueRequired\":true,\"valueName\":\"search_term_string\"}}],\"inLanguage\":\"en-US\"},{\"@type\":\"Organization\",\"@id\":\"https:\/\/www.italpassion.fr\/en\/#organization\",\"name\":\"Italpassion\",\"url\":\"https:\/\/www.italpassion.fr\/en\/\",\"logo\":{\"@type\":\"ImageObject\",\"inLanguage\":\"en-US\",\"@id\":\"https:\/\/www.italpassion.fr\/en\/#\/schema\/logo\/image\/\",\"url\":\"https:\/\/www.italpassion.fr\/wp-content\/uploads\/2023\/07\/italpassion-yoast.jpg\",\"contentUrl\":\"https:\/\/www.italpassion.fr\/wp-content\/uploads\/2023\/07\/italpassion-yoast.jpg\",\"width\":696,\"height\":696,\"caption\":\"Italpassion\"},\"image\":{\"@id\":\"https:\/\/www.italpassion.fr\/en\/#\/schema\/logo\/image\/\"},\"sameAs\":[\"https:\/\/www.facebook.com\/italpassion\",\"https:\/\/x.com\/italpassion\",\"https:\/\/www.instagram.com\/italpassionfr\/\",\"https:\/\/www.youtube.com\/channel\/UCleq-ByQaA42OjhopwevRjQ\",\"https:\/\/www.facebook.com\/italpassion.en\/\",\"https:\/\/www.facebook.com\/italpassion.it\/\",\"https:\/\/www.facebook.com\/italpassion.de\/\",\"https:\/\/www.facebook.com\/italpassion.ja\/\"]},{\"@type\":\"Person\",\"@id\":\"https:\/\/www.italpassion.fr\/en\/#\/schema\/person\/36f747b2a759ca202d847e85a9434ca0\",\"name\":\"Alexandre Filluzeau\",\"image\":{\"@type\":\"ImageObject\",\"inLanguage\":\"en-US\",\"@id\":\"https:\/\/www.italpassion.fr\/en\/#\/schema\/person\/image\/\",\"url\":\"https:\/\/www.italpassion.fr\/wp-content\/uploads\/2025\/04\/avatar-alexandre-160x160.jpg\",\"contentUrl\":\"https:\/\/www.italpassion.fr\/wp-content\/uploads\/2025\/04\/avatar-alexandre-160x160.jpg\",\"caption\":\"Alexandre Filluzeau\"},\"description\":\"Fondateur du site ItalPassion, passionn\u00e9 de voitures italiennes et de l'Italie en g\u00e9n\u00e9ral. J'apporte un regard critique et technique aux actualit\u00e9s des marques italiennes quand cela est possible. Propri\u00e9taire d'une Maserati GranTurismo, Alfa Romeo MiTo, Lancia Fulvia et Ducati 695. Ex-propri\u00e9taire d'une Alfa Romeo Giulia.\",\"sameAs\":[\"https:\/\/www.italpassion.fr\/\"],\"url\":\"https:\/\/www.italpassion.fr\/en\/author\/alexandre\/\"}]}<\/script>\n<!-- \/ Yoast SEO plugin. -->","yoast_head_json":{"title":"As a child, he couldn't afford to go to the world's biggest auto show: 30 years later, he's going there with 14 Lamborghinis - ItalPassion","description":"Thirty years ago, Pebble Beach was, for John Temerian, nothing more than a distant, almost unattainable name. At the time, the man who would go on to become the co-founder","robots":{"index":"index","follow":"follow","max-snippet":"max-snippet:-1","max-image-preview":"max-image-preview:large","max-video-preview":"max-video-preview:-1"},"canonical":"https:\/\/www.italpassion.fr\/en\/lamborghini\/as-a-child-he-couldnt-afford-to-go-to-the-worlds-biggest-auto-show-30-years-later-hes-going-there-with-14-lamborghinis\/","og_locale":"en_US","og_type":"article","og_title":"Enfant, il n'avait pas les moyens d'aller au plus grand concours automobile du monde : 30 ans plus tard, il y va avec 14 Lamborghini - ItalPassion","og_description":"Il y a trente ans, Pebble Beach n\u2019\u00e9tait pour John Temerian qu\u2019un nom lointain, presque inaccessible. \u00c0 l\u2019\u00e9poque, celui qui allait devenir le cofondateur","og_url":"https:\/\/www.italpassion.fr\/en\/lamborghini\/as-a-child-he-couldnt-afford-to-go-to-the-worlds-biggest-auto-show-30-years-later-hes-going-there-with-14-lamborghinis\/","og_site_name":"ItalPassion","article_publisher":"https:\/\/www.facebook.com\/italpassion","article_published_time":"2026-09-03T15:55:06+00:00","og_image":[{"width":1200,"height":800,"url":"https:\/\/www.italpassion.fr\/wp-content\/uploads\/2026\/09\/lambo-002-1.jpg","type":"image\/jpeg"}],"author":"Alexandre Filluzeau","twitter_card":"summary_large_image","twitter_creator":"@italpassion","twitter_site":"@italpassion","schema":{"@context":"https:\/\/schema.org","@graph":[{"@type":"NewsArticle","@id":"https:\/\/www.italpassion.fr\/en\/lamborghini\/enfant-il-navait-pas-les-moyens-daller-au-plus-grand-concours-automobile-du-monde-30-ans-plus-tard-il-y-va-avec-14-lamborghini\/#article","isPartOf":{"@id":"https:\/\/www.italpassion.fr\/en\/lamborghini\/enfant-il-navait-pas-les-moyens-daller-au-plus-grand-concours-automobile-du-monde-30-ans-plus-tard-il-y-va-avec-14-lamborghini\/"},"author":{"name":"Alexandre Filluzeau","@id":"https:\/\/www.italpassion.fr\/en\/#\/schema\/person\/36f747b2a759ca202d847e85a9434ca0"},"headline":"Enfant, il n&rsquo;avait pas les moyens d&rsquo;aller au plus grand concours automobile du monde : 30 ans plus tard, il y va avec 14 Lamborghini","datePublished":"2026-09-03T15:55:06+00:00","mainEntityOfPage":{"@id":"https:\/\/www.italpassion.fr\/en\/lamborghini\/enfant-il-navait-pas-les-moyens-daller-au-plus-grand-concours-automobile-du-monde-30-ans-plus-tard-il-y-va-avec-14-lamborghini\/"},"wordCount":601,"commentCount":0,"publisher":{"@id":"https:\/\/www.italpassion.fr\/en\/#organization"},"image":{"@id":"https:\/\/www.italpassion.fr\/en\/lamborghini\/enfant-il-navait-pas-les-moyens-daller-au-plus-grand-concours-automobile-du-monde-30-ans-plus-tard-il-y-va-avec-14-lamborghini\/#primaryimage"},"thumbnailUrl":"https:\/\/www.italpassion.fr\/wp-content\/uploads\/2026\/09\/lambo-002-1.jpg","articleSection":["Lamborghini"],"inLanguage":"en-US","potentialAction":[{"@type":"CommentAction","name":"Comment","target":["https:\/\/www.italpassion.fr\/en\/lamborghini\/enfant-il-navait-pas-les-moyens-daller-au-plus-grand-concours-automobile-du-monde-30-ans-plus-tard-il-y-va-avec-14-lamborghini\/#respond"]}]},{"@type":"WebPage","@id":"https:\/\/www.italpassion.fr\/en\/lamborghini\/enfant-il-navait-pas-les-moyens-daller-au-plus-grand-concours-automobile-du-monde-30-ans-plus-tard-il-y-va-avec-14-lamborghini\/","url":"https:\/\/www.italpassion.fr\/en\/lamborghini\/enfant-il-navait-pas-les-moyens-daller-au-plus-grand-concours-automobile-du-monde-30-ans-plus-tard-il-y-va-avec-14-lamborghini\/","name":"As a child, he couldn't afford to go to the world's biggest auto show: 30 years later, he's going there with 14 Lamborghinis - ItalPassion","isPartOf":{"@id":"https:\/\/www.italpassion.fr\/en\/#website"},"primaryImageOfPage":{"@id":"https:\/\/www.italpassion.fr\/en\/lamborghini\/enfant-il-navait-pas-les-moyens-daller-au-plus-grand-concours-automobile-du-monde-30-ans-plus-tard-il-y-va-avec-14-lamborghini\/#primaryimage"},"image":{"@id":"https:\/\/www.italpassion.fr\/en\/lamborghini\/enfant-il-navait-pas-les-moyens-daller-au-plus-grand-concours-automobile-du-monde-30-ans-plus-tard-il-y-va-avec-14-lamborghini\/#primaryimage"},"thumbnailUrl":"https:\/\/www.italpassion.fr\/wp-content\/uploads\/2026\/09\/lambo-002-1.jpg","datePublished":"2026-09-03T15:55:06+00:00","description":"Thirty years ago, Pebble Beach was, for John Temerian, nothing more than a distant, almost unattainable name. At the time, the man who would go on to become the co-founder","breadcrumb":{"@id":"https:\/\/www.italpassion.fr\/en\/lamborghini\/enfant-il-navait-pas-les-moyens-daller-au-plus-grand-concours-automobile-du-monde-30-ans-plus-tard-il-y-va-avec-14-lamborghini\/#breadcrumb"},"inLanguage":"en-US","potentialAction":[{"@type":"ReadAction","target":["https:\/\/www.italpassion.fr\/en\/lamborghini\/enfant-il-navait-pas-les-moyens-daller-au-plus-grand-concours-automobile-du-monde-30-ans-plus-tard-il-y-va-avec-14-lamborghini\/"]}]},{"@type":"ImageObject","inLanguage":"en-US","@id":"https:\/\/www.italpassion.fr\/en\/lamborghini\/enfant-il-navait-pas-les-moyens-daller-au-plus-grand-concours-automobile-du-monde-30-ans-plus-tard-il-y-va-avec-14-lamborghini\/#primaryimage","url":"https:\/\/www.italpassion.fr\/wp-content\/uploads\/2026\/09\/lambo-002-1.jpg","contentUrl":"https:\/\/www.italpassion.fr\/wp-content\/uploads\/2026\/09\/lambo-002-1.jpg","width":1200,"height":800},{"@type":"BreadcrumbList","@id":"https:\/\/www.italpassion.fr\/en\/lamborghini\/enfant-il-navait-pas-les-moyens-daller-au-plus-grand-concours-automobile-du-monde-30-ans-plus-tard-il-y-va-avec-14-lamborghini\/#breadcrumb","itemListElement":[{"@type":"ListItem","position":1,"name":"Accueil","item":"https:\/\/www.italpassion.fr\/en\/"},{"@type":"ListItem","position":2,"name":"Enfant, il n&rsquo;avait pas les moyens d&rsquo;aller au plus grand concours automobile du monde : 30 ans plus tard, il y va avec 14 Lamborghini"}]},{"@type":"WebSite","@id":"https:\/\/www.italpassion.fr\/en\/#website","url":"https:\/\/www.italpassion.fr\/en\/","name":"ItalPassion","description":"Italian Car Enthusiasts","publisher":{"@id":"https:\/\/www.italpassion.fr\/en\/#organization"},"potentialAction":[{"@type":"SearchAction","target":{"@type":"EntryPoint","urlTemplate":"https:\/\/www.italpassion.fr\/en\/?s={search_term_string}"},"query-input":{"@type":"PropertyValueSpecification","valueRequired":true,"valueName":"search_term_string"}}],"inLanguage":"en-US"},{"@type":"Organization","@id":"https:\/\/www.italpassion.fr\/en\/#organization","name":"Italpassion","url":"https:\/\/www.italpassion.fr\/en\/","logo":{"@type":"ImageObject","inLanguage":"en-US","@id":"https:\/\/www.italpassion.fr\/en\/#\/schema\/logo\/image\/","url":"https:\/\/www.italpassion.fr\/wp-content\/uploads\/2023\/07\/italpassion-yoast.jpg","contentUrl":"https:\/\/www.italpassion.fr\/wp-content\/uploads\/2023\/07\/italpassion-yoast.jpg","width":696,"height":696,"caption":"Italpassion"},"image":{"@id":"https:\/\/www.italpassion.fr\/en\/#\/schema\/logo\/image\/"},"sameAs":["https:\/\/www.facebook.com\/italpassion","https:\/\/x.com\/italpassion","https:\/\/www.instagram.com\/italpassionfr\/","https:\/\/www.youtube.com\/channel\/UCleq-ByQaA42OjhopwevRjQ","https:\/\/www.facebook.com\/italpassion.en\/","https:\/\/www.facebook.com\/italpassion.it\/","https:\/\/www.facebook.com\/italpassion.de\/","https:\/\/www.facebook.com\/italpassion.ja\/"]},{"@type":"Person","@id":"https:\/\/www.italpassion.fr\/en\/#\/schema\/person\/36f747b2a759ca202d847e85a9434ca0","name":"Alexandre Filluzeau","image":{"@type":"ImageObject","inLanguage":"en-US","@id":"https:\/\/www.italpassion.fr\/en\/#\/schema\/person\/image\/","url":"https:\/\/www.italpassion.fr\/wp-content\/uploads\/2025\/04\/avatar-alexandre-160x160.jpg","contentUrl":"https:\/\/www.italpassion.fr\/wp-content\/uploads\/2025\/04\/avatar-alexandre-160x160.jpg","caption":"Alexandre Filluzeau"},"description":"Founder of the ItalPassion website, passionate about Italian cars and Italy in general. I bring a critical and technical eye to the news of Italian brands when possible. Owner of a Maserati GranTurismo, Alfa Romeo MiTo, Lancia Fulvia and Ducati 695. Ex-owner of an Alfa Romeo Giulia.","sameAs":["https:\/\/www.italpassion.fr\/"],"url":"https:\/\/www.italpassion.fr\/en\/author\/alexandre\/"}]}},"_links":{"self":[{"href":"https:\/\/www.italpassion.fr\/en\/wp-json\/wp\/v2\/posts\/53774","targetHints":{"allow":["GET"]}}],"collection":[{"href":"https:\/\/www.italpassion.fr\/en\/wp-json\/wp\/v2\/posts"}],"about":[{"href":"https:\/\/www.italpassion.fr\/en\/wp-json\/wp\/v2\/types\/post"}],"author":[{"embeddable":true,"href":"https:\/\/www.italpassion.fr\/en\/wp-json\/wp\/v2\/users\/1"}],"replies":[{"embeddable":true,"href":"https:\/\/www.italpassion.fr\/en\/wp-json\/wp\/v2\/comments?post=53774"}],"version-history":[{"count":3,"href":"https:\/\/www.italpassion.fr\/en\/wp-json\/wp\/v2\/posts\/53774\/revisions"}],"predecessor-version":[{"id":53936,"href":"https:\/\/www.italpassion.fr\/en\/wp-json\/wp\/v2\/posts\/53774\/revisions\/53936"}],"wp:featuredmedia":[{"embeddable":true,"href":"https:\/\/www.italpassion.fr\/en\/wp-json\/wp\/v2\/media\/53859"}],"wp:attachment":[{"href":"https:\/\/www.italpassion.fr\/en\/wp-json\/wp\/v2\/media?parent=53774"}],"wp:term":[{"taxonomy":"category","embeddable":true,"href":"https:\/\/www.italpassion.fr\/en\/wp-json\/wp\/v2\/categories?post=53774"},{"taxonomy":"post_tag","embeddable":true,"href":"https:\/\/www.italpassion.fr\/en\/wp-json\/wp\/v2\/tags?post=53774"}],"curies":[{"name":"wp","href":"https:\/\/api.w.org\/{rel}","templated":true}]}}