{"id":47525,"date":"2026-03-16T14:08:13","date_gmt":"2026-03-16T13:08:13","guid":{"rendered":"https:\/\/www.italpassion.fr\/?p=47525"},"modified":"2026-03-16T10:59:27","modified_gmt":"2026-03-16T09:59:27","slug":"the-first-electric-ferrari-may-already-have-to-change-its-name-because-of-mazda","status":"publish","type":"post","link":"https:\/\/www.italpassion.fr\/en\/ferrari\/la-premiere-ferrari-electrique-pourrait-deja-devoir-changer-de-nom-a-cause-de-mazda\/","title":{"rendered":"The first electric Ferrari may already have to change its name... because of Mazda"},"content":{"rendered":"<figure class=\"wp-block-image size-full\"><img loading=\"lazy\" decoding=\"async\" width=\"1200\" height=\"800\" src=\"https:\/\/www.italpassion.fr\/wp-content\/uploads\/2026\/03\/ferrari-luce.jpg\" alt=\"\" class=\"wp-image-47398\" srcset=\"https:\/\/www.italpassion.fr\/wp-content\/uploads\/2026\/03\/ferrari-luce.jpg 1200w, https:\/\/www.italpassion.fr\/wp-content\/uploads\/2026\/03\/ferrari-luce-420x280.jpg 420w, https:\/\/www.italpassion.fr\/wp-content\/uploads\/2026\/03\/ferrari-luce-768x512.jpg 768w, https:\/\/www.italpassion.fr\/wp-content\/uploads\/2026\/03\/ferrari-luce-18x12.jpg 18w\" sizes=\"auto, (max-width: 1200px) 100vw, 1200px\" \/><figcaption class=\"wp-element-caption\">Ferrari Luce<\/figcaption><\/figure>\n\n\n\n<p>The first 100 % electric model from <a href=\"https:\/\/www.italpassion.fr\/en\/ferrari\/\">Ferrari<\/a> hasn't even been officially unveiled yet, it could already be facing an unexpected problem. The Maranello-based brand had recently unveiled the name Luce for its future electric model, but this choice could be called into question. The reason? Japanese automaker Mazda has also filed an application to protect exactly the same name.<\/p>\n\n\n\n<p>This situation could create an unexpected legal conflict and force <a href=\"https:\/\/www.italpassion.fr\/en\/ferrari\/\">Ferrari<\/a> to revise its plans in line with developments in trademark registration procedures.<\/p>\n\n\n\n<h2 class=\"wp-block-heading\">Ferrari unveils the name Luce for its first electric model<\/h2>\n\n\n\n<p>At the beginning of February 2026, Ferrari began teasing its very first all-electric model by revealing <a href=\"https:\/\/www.italpassion.fr\/en\/ferrari\/ferrari-unveils-the-name-and-design-of-its-first-electric-car\/\">including the interior of the vehicle<\/a>. On this occasion, the Italian brand mentioned for the first time the name <a href=\"https:\/\/www.italpassion.fr\/en\/cars\/ferrari-luce\/\">Luce<\/a>.<\/p>\n\n\n\n<p>Shortly after this announcement, Ferrari officially registered the brand in Italy on February 9. The name, which means \u00ablight\u00bb in Italian, seemed to fit perfectly with the brand's strategy: to symbolize a new technological era while retaining a strong Italian identity.<\/p>\n\n\n\n<p>Ferrari's future electric model promises to be particularly ambitious. According to initial reports, it will be equipped with four electric motors, capable of accelerating from 0 to 100 km\/h in around 2.5 seconds and reaching a top speed of close to 310 km\/h. Energy would be supplied by a 122 kWh battery, giving an estimated range of 530 km, with the option of rapid recharging up to 350 kW.<\/p>\n\n\n\n<h2 class=\"wp-block-heading\">Mazda also registers the Luce brand<\/h2>\n\n\n\n<p>But just a few weeks after Ferrari's move, another manufacturer invited itself into the story. On March 4, 2026, Mazda filed an application to protect the Luce name, this time with the Japanese Patent Office.<\/p>\n\n\n\n<p>This filing could complicate Ferrari's use of the name in certain markets, depending on how the authorities rule on the various applications.<\/p>\n\n\n\n<p>For enthusiasts of the Japanese brand, this choice is no coincidence. The name Luce is part of Mazda's history: it was used for a large luxury sedan produced from the 1960s until the early 1990s. In some countries, this model was also known as the Mazda 929, but the Luce name retains its historical value for the automaker.<\/p>\n\n\n\n<p>Mazda had already brought the name back to the forefront in 2017 with the <strong>Vision Coupe<\/strong>, whose design paid tribute to the 1969 Luce Rotary Coupe.<\/p>\n\n\n\n<h2 class=\"wp-block-heading\">An intriguing timing<\/h2>\n\n\n\n<p>In the automotive industry, it's not uncommon for manufacturers to register or renew old trademarks, simply to protect their heritage and prevent other brands from using them.<\/p>\n\n\n\n<p>Mazda may simply be seeking to secure a historic name. But the timing of this filing inevitably attracts attention: the application was filed just after Ferrari unveiled the name of its future electric model.<\/p>\n\n\n\n<p>Should Mazda obtain the rights in certain markets, Ferrari could be forced to use another name for its electric car in these regions, or even change its name completely before commercial launch.<\/p>\n\n\n\n<h2 class=\"wp-block-heading\">Name changes are not uncommon in the automotive industry<\/h2>\n\n\n\n<p>This type of situation has already occurred several times in automotive history. More recently, Alfa Romeo had to <a href=\"https:\/\/www.italpassion.fr\/en\/alfa-romeo\/official-lalfa-romeo-milano-changes-name-to-junior\/\">rename its Milano crossover Junior<\/a> shortly after its presentation, under political pressure linked to the fact that the model was not produced in Italy.<\/p>\n\n\n\n<p>A famous case also dates back to 1963, when Porsche had to abandon the name 901 for its new sports model. Peugeot already owned the rights to the three-digit names with a zero in the middle, which eventually gave rise to the famous name 911.<\/p>\n\n\n\n<p>It remains to be seen whether Ferrari and Mazda will find common ground, or whether the Italian brand will have to find a new identity for its first electric car. One thing is certain: even before its official launch in the coming months, this electric Ferrari is already the talk of the town.<\/p>","protected":false},"excerpt":{"rendered":"","protected":false},"author":1,"featured_media":47398,"comment_status":"open","ping_status":"open","sticky":false,"template":"","format":"standard","meta":{"_acf_changed":false,"_sitemap_exclude":false,"_sitemap_priority":"","_sitemap_frequency":"","footnotes":""},"categories":[23],"tags":[448],"class_list":["post-47525","post","type-post","status-publish","format-standard","has-post-thumbnail","hentry","category-ferrari","tag-ferrari-elettrica","generate-columns","tablet-grid-50","mobile-grid-100","grid-parent","grid-33"],"acf":[],"yoast_head":"<!-- This site is optimized with the Yoast SEO plugin v25.8 - https:\/\/yoast.com\/wordpress\/plugins\/seo\/ -->\n<title>La premi\u00e8re Ferrari \u00e9lectrique pourrait d\u00e9j\u00e0 devoir changer de nom\u2026 \u00e0 cause de Mazda - ItalPassion<\/title>\n<meta name=\"description\" content=\"Ferrari Luce Le premier mod\u00e8le 100 % \u00e9lectrique de Ferrari n\u2019est m\u00eame pas encore officiellement pr\u00e9sent\u00e9 qu\u2019il pourrait d\u00e9j\u00e0 rencontrer un probl\u00e8me\" \/>\n<meta name=\"robots\" content=\"index, follow, max-snippet:-1, max-image-preview:large, max-video-preview:-1\" \/>\n<link rel=\"canonical\" href=\"https:\/\/www.italpassion.fr\/en\/ferrari\/the-first-electric-ferrari-may-already-have-to-change-its-name-because-of-mazda\/\" \/>\n<meta property=\"og:locale\" content=\"en_US\" \/>\n<meta property=\"og:type\" content=\"article\" \/>\n<meta property=\"og:title\" content=\"La premi\u00e8re Ferrari \u00e9lectrique pourrait d\u00e9j\u00e0 devoir changer de nom\u2026 \u00e0 cause de Mazda - ItalPassion\" \/>\n<meta property=\"og:description\" content=\"Ferrari Luce Le premier mod\u00e8le 100 % \u00e9lectrique de Ferrari n\u2019est m\u00eame pas encore officiellement pr\u00e9sent\u00e9 qu\u2019il pourrait d\u00e9j\u00e0 rencontrer un probl\u00e8me\" \/>\n<meta property=\"og:url\" content=\"https:\/\/www.italpassion.fr\/en\/ferrari\/the-first-electric-ferrari-may-already-have-to-change-its-name-because-of-mazda\/\" \/>\n<meta property=\"og:site_name\" content=\"ItalPassion\" \/>\n<meta property=\"article:publisher\" content=\"https:\/\/www.facebook.com\/italpassion\" \/>\n<meta property=\"article:published_time\" content=\"2026-03-16T13:08:13+00:00\" \/>\n<meta property=\"og:image\" content=\"https:\/\/www.italpassion.fr\/wp-content\/uploads\/2026\/03\/ferrari-luce.jpg\" \/>\n\t<meta property=\"og:image:width\" content=\"1200\" \/>\n\t<meta property=\"og:image:height\" content=\"800\" \/>\n\t<meta property=\"og:image:type\" content=\"image\/jpeg\" \/>\n<meta name=\"author\" content=\"Alexandre Filluzeau\" \/>\n<meta name=\"twitter:card\" content=\"summary_large_image\" \/>\n<meta name=\"twitter:creator\" content=\"@italpassion\" \/>\n<meta name=\"twitter:site\" content=\"@italpassion\" \/>\n<script type=\"application\/ld+json\" class=\"yoast-schema-graph\">{\"@context\":\"https:\/\/schema.org\",\"@graph\":[{\"@type\":\"NewsArticle\",\"@id\":\"https:\/\/www.italpassion.fr\/en\/ferrari\/la-premiere-ferrari-electrique-pourrait-deja-devoir-changer-de-nom-a-cause-de-mazda\/#article\",\"isPartOf\":{\"@id\":\"https:\/\/www.italpassion.fr\/en\/ferrari\/la-premiere-ferrari-electrique-pourrait-deja-devoir-changer-de-nom-a-cause-de-mazda\/\"},\"author\":{\"name\":\"Alexandre Filluzeau\",\"@id\":\"https:\/\/www.italpassion.fr\/en\/#\/schema\/person\/36f747b2a759ca202d847e85a9434ca0\"},\"headline\":\"La premi\u00e8re Ferrari \u00e9lectrique pourrait d\u00e9j\u00e0 devoir changer de nom\u2026 \u00e0 cause de Mazda\",\"datePublished\":\"2026-03-16T13:08:13+00:00\",\"mainEntityOfPage\":{\"@id\":\"https:\/\/www.italpassion.fr\/en\/ferrari\/la-premiere-ferrari-electrique-pourrait-deja-devoir-changer-de-nom-a-cause-de-mazda\/\"},\"wordCount\":764,\"commentCount\":7,\"publisher\":{\"@id\":\"https:\/\/www.italpassion.fr\/en\/#organization\"},\"image\":{\"@id\":\"https:\/\/www.italpassion.fr\/en\/ferrari\/la-premiere-ferrari-electrique-pourrait-deja-devoir-changer-de-nom-a-cause-de-mazda\/#primaryimage\"},\"thumbnailUrl\":\"https:\/\/www.italpassion.fr\/wp-content\/uploads\/2026\/03\/ferrari-luce.jpg\",\"keywords\":[\"Ferrari Elettrica\"],\"articleSection\":[\"Ferrari\"],\"inLanguage\":\"en-US\",\"potentialAction\":[{\"@type\":\"CommentAction\",\"name\":\"Comment\",\"target\":[\"https:\/\/www.italpassion.fr\/en\/ferrari\/la-premiere-ferrari-electrique-pourrait-deja-devoir-changer-de-nom-a-cause-de-mazda\/#respond\"]}]},{\"@type\":\"WebPage\",\"@id\":\"https:\/\/www.italpassion.fr\/en\/ferrari\/la-premiere-ferrari-electrique-pourrait-deja-devoir-changer-de-nom-a-cause-de-mazda\/\",\"url\":\"https:\/\/www.italpassion.fr\/en\/ferrari\/la-premiere-ferrari-electrique-pourrait-deja-devoir-changer-de-nom-a-cause-de-mazda\/\",\"name\":\"La premi\u00e8re Ferrari \u00e9lectrique pourrait d\u00e9j\u00e0 devoir changer de nom\u2026 \u00e0 cause de Mazda - ItalPassion\",\"isPartOf\":{\"@id\":\"https:\/\/www.italpassion.fr\/en\/#website\"},\"primaryImageOfPage\":{\"@id\":\"https:\/\/www.italpassion.fr\/en\/ferrari\/la-premiere-ferrari-electrique-pourrait-deja-devoir-changer-de-nom-a-cause-de-mazda\/#primaryimage\"},\"image\":{\"@id\":\"https:\/\/www.italpassion.fr\/en\/ferrari\/la-premiere-ferrari-electrique-pourrait-deja-devoir-changer-de-nom-a-cause-de-mazda\/#primaryimage\"},\"thumbnailUrl\":\"https:\/\/www.italpassion.fr\/wp-content\/uploads\/2026\/03\/ferrari-luce.jpg\",\"datePublished\":\"2026-03-16T13:08:13+00:00\",\"description\":\"Ferrari Luce Le premier mod\u00e8le 100 % \u00e9lectrique de Ferrari n\u2019est m\u00eame pas encore officiellement pr\u00e9sent\u00e9 qu\u2019il pourrait d\u00e9j\u00e0 rencontrer un probl\u00e8me\",\"breadcrumb\":{\"@id\":\"https:\/\/www.italpassion.fr\/en\/ferrari\/la-premiere-ferrari-electrique-pourrait-deja-devoir-changer-de-nom-a-cause-de-mazda\/#breadcrumb\"},\"inLanguage\":\"en-US\",\"potentialAction\":[{\"@type\":\"ReadAction\",\"target\":[\"https:\/\/www.italpassion.fr\/en\/ferrari\/la-premiere-ferrari-electrique-pourrait-deja-devoir-changer-de-nom-a-cause-de-mazda\/\"]}]},{\"@type\":\"ImageObject\",\"inLanguage\":\"en-US\",\"@id\":\"https:\/\/www.italpassion.fr\/en\/ferrari\/la-premiere-ferrari-electrique-pourrait-deja-devoir-changer-de-nom-a-cause-de-mazda\/#primaryimage\",\"url\":\"https:\/\/www.italpassion.fr\/wp-content\/uploads\/2026\/03\/ferrari-luce.jpg\",\"contentUrl\":\"https:\/\/www.italpassion.fr\/wp-content\/uploads\/2026\/03\/ferrari-luce.jpg\",\"width\":1200,\"height\":800,\"caption\":\"Ferrari Luce\"},{\"@type\":\"BreadcrumbList\",\"@id\":\"https:\/\/www.italpassion.fr\/en\/ferrari\/la-premiere-ferrari-electrique-pourrait-deja-devoir-changer-de-nom-a-cause-de-mazda\/#breadcrumb\",\"itemListElement\":[{\"@type\":\"ListItem\",\"position\":1,\"name\":\"Accueil\",\"item\":\"https:\/\/www.italpassion.fr\/en\/\"},{\"@type\":\"ListItem\",\"position\":2,\"name\":\"La premi\u00e8re Ferrari \u00e9lectrique pourrait d\u00e9j\u00e0 devoir changer de nom\u2026 \u00e0 cause de Mazda\"}]},{\"@type\":\"WebSite\",\"@id\":\"https:\/\/www.italpassion.fr\/en\/#website\",\"url\":\"https:\/\/www.italpassion.fr\/en\/\",\"name\":\"ItalPassion\",\"description\":\"Les Passionn\u00e9s d&#039;Automobiles Italiennes\",\"publisher\":{\"@id\":\"https:\/\/www.italpassion.fr\/en\/#organization\"},\"potentialAction\":[{\"@type\":\"SearchAction\",\"target\":{\"@type\":\"EntryPoint\",\"urlTemplate\":\"https:\/\/www.italpassion.fr\/en\/?s={search_term_string}\"},\"query-input\":{\"@type\":\"PropertyValueSpecification\",\"valueRequired\":true,\"valueName\":\"search_term_string\"}}],\"inLanguage\":\"en-US\"},{\"@type\":\"Organization\",\"@id\":\"https:\/\/www.italpassion.fr\/en\/#organization\",\"name\":\"Italpassion\",\"url\":\"https:\/\/www.italpassion.fr\/en\/\",\"logo\":{\"@type\":\"ImageObject\",\"inLanguage\":\"en-US\",\"@id\":\"https:\/\/www.italpassion.fr\/en\/#\/schema\/logo\/image\/\",\"url\":\"https:\/\/www.italpassion.fr\/wp-content\/uploads\/2023\/07\/italpassion-yoast.jpg\",\"contentUrl\":\"https:\/\/www.italpassion.fr\/wp-content\/uploads\/2023\/07\/italpassion-yoast.jpg\",\"width\":696,\"height\":696,\"caption\":\"Italpassion\"},\"image\":{\"@id\":\"https:\/\/www.italpassion.fr\/en\/#\/schema\/logo\/image\/\"},\"sameAs\":[\"https:\/\/www.facebook.com\/italpassion\",\"https:\/\/x.com\/italpassion\",\"https:\/\/www.instagram.com\/italpassionfr\/\",\"https:\/\/www.youtube.com\/channel\/UCleq-ByQaA42OjhopwevRjQ\",\"https:\/\/www.facebook.com\/italpassion.en\/\",\"https:\/\/www.facebook.com\/italpassion.it\/\",\"https:\/\/www.facebook.com\/italpassion.de\/\",\"https:\/\/www.facebook.com\/italpassion.ja\/\"]},{\"@type\":\"Person\",\"@id\":\"https:\/\/www.italpassion.fr\/en\/#\/schema\/person\/36f747b2a759ca202d847e85a9434ca0\",\"name\":\"Alexandre Filluzeau\",\"image\":{\"@type\":\"ImageObject\",\"inLanguage\":\"en-US\",\"@id\":\"https:\/\/www.italpassion.fr\/en\/#\/schema\/person\/image\/\",\"url\":\"https:\/\/www.italpassion.fr\/wp-content\/uploads\/2025\/04\/avatar-alexandre-160x160.jpg\",\"contentUrl\":\"https:\/\/www.italpassion.fr\/wp-content\/uploads\/2025\/04\/avatar-alexandre-160x160.jpg\",\"caption\":\"Alexandre Filluzeau\"},\"description\":\"Fondateur du site ItalPassion, passionn\u00e9 de voitures italiennes et de l'Italie en g\u00e9n\u00e9ral. J'apporte un regard critique et technique aux actualit\u00e9s des marques italiennes quand cela est possible. Propri\u00e9taire d'une Maserati GranTurismo, Alfa Romeo MiTo, Lancia Fulvia et Ducati 695. Ex-propri\u00e9taire d'une Alfa Romeo Giulia.\",\"sameAs\":[\"https:\/\/www.italpassion.fr\/\"],\"url\":\"https:\/\/www.italpassion.fr\/en\/author\/alexandre\/\"}]}<\/script>\n<!-- \/ Yoast SEO plugin. -->","yoast_head_json":{"title":"The first electric Ferrari may already have to change its name... because of Mazda - ItalPassion","description":"Ferrari Luce Ferrari's first electric 100 % model hasn't even been officially unveiled yet, but it could already have a problem.","robots":{"index":"index","follow":"follow","max-snippet":"max-snippet:-1","max-image-preview":"max-image-preview:large","max-video-preview":"max-video-preview:-1"},"canonical":"https:\/\/www.italpassion.fr\/en\/ferrari\/the-first-electric-ferrari-may-already-have-to-change-its-name-because-of-mazda\/","og_locale":"en_US","og_type":"article","og_title":"La premi\u00e8re Ferrari \u00e9lectrique pourrait d\u00e9j\u00e0 devoir changer de nom\u2026 \u00e0 cause de Mazda - ItalPassion","og_description":"Ferrari Luce Le premier mod\u00e8le 100 % \u00e9lectrique de Ferrari n\u2019est m\u00eame pas encore officiellement pr\u00e9sent\u00e9 qu\u2019il pourrait d\u00e9j\u00e0 rencontrer un probl\u00e8me","og_url":"https:\/\/www.italpassion.fr\/en\/ferrari\/the-first-electric-ferrari-may-already-have-to-change-its-name-because-of-mazda\/","og_site_name":"ItalPassion","article_publisher":"https:\/\/www.facebook.com\/italpassion","article_published_time":"2026-03-16T13:08:13+00:00","og_image":[{"width":1200,"height":800,"url":"https:\/\/www.italpassion.fr\/wp-content\/uploads\/2026\/03\/ferrari-luce.jpg","type":"image\/jpeg"}],"author":"Alexandre Filluzeau","twitter_card":"summary_large_image","twitter_creator":"@italpassion","twitter_site":"@italpassion","schema":{"@context":"https:\/\/schema.org","@graph":[{"@type":"NewsArticle","@id":"https:\/\/www.italpassion.fr\/en\/ferrari\/la-premiere-ferrari-electrique-pourrait-deja-devoir-changer-de-nom-a-cause-de-mazda\/#article","isPartOf":{"@id":"https:\/\/www.italpassion.fr\/en\/ferrari\/la-premiere-ferrari-electrique-pourrait-deja-devoir-changer-de-nom-a-cause-de-mazda\/"},"author":{"name":"Alexandre Filluzeau","@id":"https:\/\/www.italpassion.fr\/en\/#\/schema\/person\/36f747b2a759ca202d847e85a9434ca0"},"headline":"La premi\u00e8re Ferrari \u00e9lectrique pourrait d\u00e9j\u00e0 devoir changer de nom\u2026 \u00e0 cause de Mazda","datePublished":"2026-03-16T13:08:13+00:00","mainEntityOfPage":{"@id":"https:\/\/www.italpassion.fr\/en\/ferrari\/la-premiere-ferrari-electrique-pourrait-deja-devoir-changer-de-nom-a-cause-de-mazda\/"},"wordCount":764,"commentCount":7,"publisher":{"@id":"https:\/\/www.italpassion.fr\/en\/#organization"},"image":{"@id":"https:\/\/www.italpassion.fr\/en\/ferrari\/la-premiere-ferrari-electrique-pourrait-deja-devoir-changer-de-nom-a-cause-de-mazda\/#primaryimage"},"thumbnailUrl":"https:\/\/www.italpassion.fr\/wp-content\/uploads\/2026\/03\/ferrari-luce.jpg","keywords":["Ferrari Elettrica"],"articleSection":["Ferrari"],"inLanguage":"en-US","potentialAction":[{"@type":"CommentAction","name":"Comment","target":["https:\/\/www.italpassion.fr\/en\/ferrari\/la-premiere-ferrari-electrique-pourrait-deja-devoir-changer-de-nom-a-cause-de-mazda\/#respond"]}]},{"@type":"WebPage","@id":"https:\/\/www.italpassion.fr\/en\/ferrari\/la-premiere-ferrari-electrique-pourrait-deja-devoir-changer-de-nom-a-cause-de-mazda\/","url":"https:\/\/www.italpassion.fr\/en\/ferrari\/la-premiere-ferrari-electrique-pourrait-deja-devoir-changer-de-nom-a-cause-de-mazda\/","name":"The first electric Ferrari may already have to change its name... because of Mazda - ItalPassion","isPartOf":{"@id":"https:\/\/www.italpassion.fr\/en\/#website"},"primaryImageOfPage":{"@id":"https:\/\/www.italpassion.fr\/en\/ferrari\/la-premiere-ferrari-electrique-pourrait-deja-devoir-changer-de-nom-a-cause-de-mazda\/#primaryimage"},"image":{"@id":"https:\/\/www.italpassion.fr\/en\/ferrari\/la-premiere-ferrari-electrique-pourrait-deja-devoir-changer-de-nom-a-cause-de-mazda\/#primaryimage"},"thumbnailUrl":"https:\/\/www.italpassion.fr\/wp-content\/uploads\/2026\/03\/ferrari-luce.jpg","datePublished":"2026-03-16T13:08:13+00:00","description":"Ferrari Luce Ferrari's first electric 100 % model hasn't even been officially unveiled yet, but it could already have a problem.","breadcrumb":{"@id":"https:\/\/www.italpassion.fr\/en\/ferrari\/la-premiere-ferrari-electrique-pourrait-deja-devoir-changer-de-nom-a-cause-de-mazda\/#breadcrumb"},"inLanguage":"en-US","potentialAction":[{"@type":"ReadAction","target":["https:\/\/www.italpassion.fr\/en\/ferrari\/la-premiere-ferrari-electrique-pourrait-deja-devoir-changer-de-nom-a-cause-de-mazda\/"]}]},{"@type":"ImageObject","inLanguage":"en-US","@id":"https:\/\/www.italpassion.fr\/en\/ferrari\/la-premiere-ferrari-electrique-pourrait-deja-devoir-changer-de-nom-a-cause-de-mazda\/#primaryimage","url":"https:\/\/www.italpassion.fr\/wp-content\/uploads\/2026\/03\/ferrari-luce.jpg","contentUrl":"https:\/\/www.italpassion.fr\/wp-content\/uploads\/2026\/03\/ferrari-luce.jpg","width":1200,"height":800,"caption":"Ferrari Luce"},{"@type":"BreadcrumbList","@id":"https:\/\/www.italpassion.fr\/en\/ferrari\/la-premiere-ferrari-electrique-pourrait-deja-devoir-changer-de-nom-a-cause-de-mazda\/#breadcrumb","itemListElement":[{"@type":"ListItem","position":1,"name":"Accueil","item":"https:\/\/www.italpassion.fr\/en\/"},{"@type":"ListItem","position":2,"name":"La premi\u00e8re Ferrari \u00e9lectrique pourrait d\u00e9j\u00e0 devoir changer de nom\u2026 \u00e0 cause de Mazda"}]},{"@type":"WebSite","@id":"https:\/\/www.italpassion.fr\/en\/#website","url":"https:\/\/www.italpassion.fr\/en\/","name":"ItalPassion","description":"Italian Car Enthusiasts","publisher":{"@id":"https:\/\/www.italpassion.fr\/en\/#organization"},"potentialAction":[{"@type":"SearchAction","target":{"@type":"EntryPoint","urlTemplate":"https:\/\/www.italpassion.fr\/en\/?s={search_term_string}"},"query-input":{"@type":"PropertyValueSpecification","valueRequired":true,"valueName":"search_term_string"}}],"inLanguage":"en-US"},{"@type":"Organization","@id":"https:\/\/www.italpassion.fr\/en\/#organization","name":"Italpassion","url":"https:\/\/www.italpassion.fr\/en\/","logo":{"@type":"ImageObject","inLanguage":"en-US","@id":"https:\/\/www.italpassion.fr\/en\/#\/schema\/logo\/image\/","url":"https:\/\/www.italpassion.fr\/wp-content\/uploads\/2023\/07\/italpassion-yoast.jpg","contentUrl":"https:\/\/www.italpassion.fr\/wp-content\/uploads\/2023\/07\/italpassion-yoast.jpg","width":696,"height":696,"caption":"Italpassion"},"image":{"@id":"https:\/\/www.italpassion.fr\/en\/#\/schema\/logo\/image\/"},"sameAs":["https:\/\/www.facebook.com\/italpassion","https:\/\/x.com\/italpassion","https:\/\/www.instagram.com\/italpassionfr\/","https:\/\/www.youtube.com\/channel\/UCleq-ByQaA42OjhopwevRjQ","https:\/\/www.facebook.com\/italpassion.en\/","https:\/\/www.facebook.com\/italpassion.it\/","https:\/\/www.facebook.com\/italpassion.de\/","https:\/\/www.facebook.com\/italpassion.ja\/"]},{"@type":"Person","@id":"https:\/\/www.italpassion.fr\/en\/#\/schema\/person\/36f747b2a759ca202d847e85a9434ca0","name":"Alexandre Filluzeau","image":{"@type":"ImageObject","inLanguage":"en-US","@id":"https:\/\/www.italpassion.fr\/en\/#\/schema\/person\/image\/","url":"https:\/\/www.italpassion.fr\/wp-content\/uploads\/2025\/04\/avatar-alexandre-160x160.jpg","contentUrl":"https:\/\/www.italpassion.fr\/wp-content\/uploads\/2025\/04\/avatar-alexandre-160x160.jpg","caption":"Alexandre Filluzeau"},"description":"Founder of the ItalPassion website, passionate about Italian cars and Italy in general. I bring a critical and technical eye to the news of Italian brands when possible. Owner of a Maserati GranTurismo, Alfa Romeo MiTo, Lancia Fulvia and Ducati 695. Ex-owner of an Alfa Romeo Giulia.","sameAs":["https:\/\/www.italpassion.fr\/"],"url":"https:\/\/www.italpassion.fr\/en\/author\/alexandre\/"}]}},"_links":{"self":[{"href":"https:\/\/www.italpassion.fr\/en\/wp-json\/wp\/v2\/posts\/47525","targetHints":{"allow":["GET"]}}],"collection":[{"href":"https:\/\/www.italpassion.fr\/en\/wp-json\/wp\/v2\/posts"}],"about":[{"href":"https:\/\/www.italpassion.fr\/en\/wp-json\/wp\/v2\/types\/post"}],"author":[{"embeddable":true,"href":"https:\/\/www.italpassion.fr\/en\/wp-json\/wp\/v2\/users\/1"}],"replies":[{"embeddable":true,"href":"https:\/\/www.italpassion.fr\/en\/wp-json\/wp\/v2\/comments?post=47525"}],"version-history":[{"count":2,"href":"https:\/\/www.italpassion.fr\/en\/wp-json\/wp\/v2\/posts\/47525\/revisions"}],"predecessor-version":[{"id":47571,"href":"https:\/\/www.italpassion.fr\/en\/wp-json\/wp\/v2\/posts\/47525\/revisions\/47571"}],"wp:featuredmedia":[{"embeddable":true,"href":"https:\/\/www.italpassion.fr\/en\/wp-json\/wp\/v2\/media\/47398"}],"wp:attachment":[{"href":"https:\/\/www.italpassion.fr\/en\/wp-json\/wp\/v2\/media?parent=47525"}],"wp:term":[{"taxonomy":"category","embeddable":true,"href":"https:\/\/www.italpassion.fr\/en\/wp-json\/wp\/v2\/categories?post=47525"},{"taxonomy":"post_tag","embeddable":true,"href":"https:\/\/www.italpassion.fr\/en\/wp-json\/wp\/v2\/tags?post=47525"}],"curies":[{"name":"wp","href":"https:\/\/api.w.org\/{rel}","templated":true}]}}