{"id":47364,"date":"2026-03-12T17:33:14","date_gmt":"2026-03-12T16:33:14","guid":{"rendered":"https:\/\/www.italpassion.fr\/?p=47364"},"modified":"2026-03-10T14:50:21","modified_gmt":"2026-03-10T13:50:21","slug":"i-take-my-hat-off-to-chinese-cars-the-son-of-lamborghinis-founder-announces-hes-going-to-buy-one","status":"publish","type":"post","link":"https:\/\/www.italpassion.fr\/en\/lamborghini\/je-me-tire-mon-chapeau-devant-les-voitures-chinoises-le-fils-du-fondateur-de-lamborghini-annonce-quil-va-en-acheter-une\/","title":{"rendered":"\u00abI take my hat off to Chinese cars\u00bb: the son of Lamborghini's founder announces he's going to buy one"},"content":{"rendered":"<figure class=\"wp-block-image size-full\"><img loading=\"lazy\" decoding=\"async\" width=\"1200\" height=\"800\" src=\"https:\/\/www.italpassion.fr\/wp-content\/uploads\/2026\/03\/tonino-lamborghini.jpg\" alt=\"\" class=\"wp-image-47365\" srcset=\"https:\/\/www.italpassion.fr\/wp-content\/uploads\/2026\/03\/tonino-lamborghini.jpg 1200w, https:\/\/www.italpassion.fr\/wp-content\/uploads\/2026\/03\/tonino-lamborghini-420x280.jpg 420w, https:\/\/www.italpassion.fr\/wp-content\/uploads\/2026\/03\/tonino-lamborghini-768x512.jpg 768w, https:\/\/www.italpassion.fr\/wp-content\/uploads\/2026\/03\/tonino-lamborghini-18x12.jpg 18w\" sizes=\"auto, (max-width: 1200px) 100vw, 1200px\" \/><\/figure>\n\n\n\n<p>The automotive market is changing fast, and Chinese automakers are now establishing themselves as key players. A reality that even some of Italy's most emblematic automotive figures openly acknowledge. This is particularly true of Tonino <a href=\"https:\/\/www.italpassion.fr\/en\/lamborghini\/\">Lamborghini<\/a>, son of the founder of the famous supercar brand, who was quick to praise the impressive progress made by Chinese manufacturers... to the point of considering buying one.<\/p>\n\n\n\n<p>These statements were made at the Automotoretr\u00f3 show in Parma, an event dedicated to traditional, luxury and sporty vehicles. On this occasion, Tonino Lamborghini took part in a conference alongside engineer Giampaolo Dallara and content creator Noah Cooks F1, to discuss the evolution of the automotive market, new technologies and the rise of Chinese brands.<\/p>\n\n\n\n<h2 class=\"wp-block-heading\">\u00abHighly advanced cars\u00bb<\/h2>\n\n\n\n<p>When asked about the massive arrival of Chinese automakers on the European market, Tonino Lamborghini offered a candid analysis. In his view, the days when Chinese brands simply copied Western manufacturers are over.<\/p>\n\n\n\n<blockquote class=\"wp-block-quote is-layout-flow wp-block-quote-is-layout-flow\"><svg aria-hidden=\"true\" focusable=\"false\" class=\"icon icon-quote\" width=\"48\" height=\"48\"><use xlink:href=\"#icon-quote\"><\/use><\/svg>\n<p>\u00abToday, Chinese automakers are making very respectable, technologically advanced cars. It used to be said that at first they copied, but now they produce ever more beautiful and competitive models\u00bb, he declared.<\/p>\n<\/blockquote>\n\n\n\n<p>For the son of Lamborghini's founder, these cars combine several major advantages: prices that are often lower than their European rivals, and particularly advanced technology. A combination that goes a long way to explaining their rapid progress on the international market.<\/p>\n\n\n\n<p>In the face of such progress, Tonino Lamborghini made no secret of his admiration: \u00abI take my hat off to them.<\/p>\n\n\n\n<h2 class=\"wp-block-heading\">Tonino Lamborghini could buy a Chinese hybrid<\/h2>\n\n\n\n<p>The Italian businessman went even further, revealing that he himself was considering becoming a customer of a Chinese manufacturer.<\/p>\n\n\n\n<p>In his opinion, even if these brands don't yet have the prestige and image of the major European brands, they more than make up for this lack with their technical qualities and competitive pricing.<\/p>\n\n\n\n<p>\u00abThey don't yet have the reputation of European brands, but they've got quality, price and technology on their side,\u00bb he explains, before adding: \u00abI'll probably go for a Chinese hybrid.<\/p>\n\n\n\n<p>However, Tonino Lamborghini was keen to qualify the discourse often associated with electrified vehicles. He believes that the real ecological impact of these cars remains debatable if we consider the entire production and life cycle of the vehicle.<\/p>\n\n\n\n<p>\u00abLet's not pretend they're really \u201cgreen\u201d. Today, that's not the case\u00bb, he asserted, while acknowledging that this was more his personal conviction than an analysis based on precise data.<\/p>\n\n\n\n<h2 class=\"wp-block-heading\">The future of the automobile according to Dallara<\/h2>\n\n\n\n<p>At the same conference, Giampaolo Dallara extended his thoughts to the future of the automobile and the changing relationship with the car.<\/p>\n\n\n\n<p>According to the founder of the Italian engineering company, future generations may well adopt a totally different approach to mobility.<\/p>\n\n\n\n<blockquote class=\"wp-block-quote is-layout-flow wp-block-quote-is-layout-flow\"><svg aria-hidden=\"true\" focusable=\"false\" class=\"icon icon-quote\" width=\"48\" height=\"48\"><use xlink:href=\"#icon-quote\"><\/use><\/svg>\n<p>\u00abI'm not enthusiastic about the idea, but I think my grandchildren will be traveling in electric cars, maybe autonomous, and probably won't even own them,\u00bb he explained.<\/p>\n<\/blockquote>\n\n\n\n<p>For him, the future could be marked by a separation between two very distinct uses for the automobile. On the one hand, daily mobility could be provided by autonomous, shared vehicles, potentially produced in China. On the other, enthusiasts would continue to own traditional cars, used for pleasure and leisure.<\/p>\n\n\n\n<p>One thing remains certain for Dallara: even in a future dominated by new forms of mobility, supercars will always have their place.<\/p>","protected":false},"excerpt":{"rendered":"","protected":false},"author":1,"featured_media":47365,"comment_status":"open","ping_status":"open","sticky":false,"template":"","format":"standard","meta":{"_acf_changed":false,"_sitemap_exclude":false,"_sitemap_priority":"","_sitemap_frequency":"","footnotes":""},"categories":[25],"tags":[732],"class_list":["post-47364","post","type-post","status-publish","format-standard","has-post-thumbnail","hentry","category-lamborghini","tag-tonino-lamborghini","generate-columns","tablet-grid-50","mobile-grid-100","grid-parent","grid-33"],"acf":[],"yoast_head":"<!-- This site is optimized with the Yoast SEO plugin v25.8 - https:\/\/yoast.com\/wordpress\/plugins\/seo\/ -->\n<title>\u00ab Je me tire mon chapeau devant les voitures chinoises \u00bb : le fils du fondateur de Lamborghini annonce qu&#039;il va en acheter une - ItalPassion<\/title>\n<meta name=\"description\" content=\"Le march\u00e9 automobile \u00e9volue \u00e0 grande vitesse et les constructeurs chinois s\u2019imposent d\u00e9sormais comme des acteurs incontournables. Une r\u00e9alit\u00e9 que m\u00eame\" \/>\n<meta name=\"robots\" content=\"index, follow, max-snippet:-1, max-image-preview:large, max-video-preview:-1\" \/>\n<link rel=\"canonical\" href=\"https:\/\/www.italpassion.fr\/en\/lamborghini\/i-take-my-hat-off-to-chinese-cars-the-son-of-lamborghinis-founder-announces-hes-going-to-buy-one\/\" \/>\n<meta property=\"og:locale\" content=\"en_US\" \/>\n<meta property=\"og:type\" content=\"article\" \/>\n<meta property=\"og:title\" content=\"\u00ab Je me tire mon chapeau devant les voitures chinoises \u00bb : le fils du fondateur de Lamborghini annonce qu&#039;il va en acheter une - ItalPassion\" \/>\n<meta property=\"og:description\" content=\"Le march\u00e9 automobile \u00e9volue \u00e0 grande vitesse et les constructeurs chinois s\u2019imposent d\u00e9sormais comme des acteurs incontournables. Une r\u00e9alit\u00e9 que m\u00eame\" \/>\n<meta property=\"og:url\" content=\"https:\/\/www.italpassion.fr\/en\/lamborghini\/i-take-my-hat-off-to-chinese-cars-the-son-of-lamborghinis-founder-announces-hes-going-to-buy-one\/\" \/>\n<meta property=\"og:site_name\" content=\"ItalPassion\" \/>\n<meta property=\"article:publisher\" content=\"https:\/\/www.facebook.com\/italpassion\" \/>\n<meta property=\"article:published_time\" content=\"2026-03-12T16:33:14+00:00\" \/>\n<meta property=\"og:image\" content=\"https:\/\/www.italpassion.fr\/wp-content\/uploads\/2026\/03\/tonino-lamborghini.jpg\" \/>\n\t<meta property=\"og:image:width\" content=\"1200\" \/>\n\t<meta property=\"og:image:height\" content=\"800\" \/>\n\t<meta property=\"og:image:type\" content=\"image\/jpeg\" \/>\n<meta name=\"author\" content=\"Alexandre Filluzeau\" \/>\n<meta name=\"twitter:card\" content=\"summary_large_image\" \/>\n<meta name=\"twitter:creator\" content=\"@italpassion\" \/>\n<meta name=\"twitter:site\" content=\"@italpassion\" \/>\n<script type=\"application\/ld+json\" class=\"yoast-schema-graph\">{\"@context\":\"https:\/\/schema.org\",\"@graph\":[{\"@type\":\"NewsArticle\",\"@id\":\"https:\/\/www.italpassion.fr\/en\/lamborghini\/je-me-tire-mon-chapeau-devant-les-voitures-chinoises-le-fils-du-fondateur-de-lamborghini-annonce-quil-va-en-acheter-une\/#article\",\"isPartOf\":{\"@id\":\"https:\/\/www.italpassion.fr\/en\/lamborghini\/je-me-tire-mon-chapeau-devant-les-voitures-chinoises-le-fils-du-fondateur-de-lamborghini-annonce-quil-va-en-acheter-une\/\"},\"author\":{\"name\":\"Alexandre Filluzeau\",\"@id\":\"https:\/\/www.italpassion.fr\/en\/#\/schema\/person\/36f747b2a759ca202d847e85a9434ca0\"},\"headline\":\"\u00ab Je me tire mon chapeau devant les voitures chinoises \u00bb : le fils du fondateur de Lamborghini annonce qu&rsquo;il va en acheter une\",\"datePublished\":\"2026-03-12T16:33:14+00:00\",\"mainEntityOfPage\":{\"@id\":\"https:\/\/www.italpassion.fr\/en\/lamborghini\/je-me-tire-mon-chapeau-devant-les-voitures-chinoises-le-fils-du-fondateur-de-lamborghini-annonce-quil-va-en-acheter-une\/\"},\"wordCount\":701,\"commentCount\":2,\"publisher\":{\"@id\":\"https:\/\/www.italpassion.fr\/en\/#organization\"},\"image\":{\"@id\":\"https:\/\/www.italpassion.fr\/en\/lamborghini\/je-me-tire-mon-chapeau-devant-les-voitures-chinoises-le-fils-du-fondateur-de-lamborghini-annonce-quil-va-en-acheter-une\/#primaryimage\"},\"thumbnailUrl\":\"https:\/\/www.italpassion.fr\/wp-content\/uploads\/2026\/03\/tonino-lamborghini.jpg\",\"keywords\":[\"Tonino Lamborghini\"],\"articleSection\":[\"Lamborghini\"],\"inLanguage\":\"en-US\",\"potentialAction\":[{\"@type\":\"CommentAction\",\"name\":\"Comment\",\"target\":[\"https:\/\/www.italpassion.fr\/en\/lamborghini\/je-me-tire-mon-chapeau-devant-les-voitures-chinoises-le-fils-du-fondateur-de-lamborghini-annonce-quil-va-en-acheter-une\/#respond\"]}]},{\"@type\":\"WebPage\",\"@id\":\"https:\/\/www.italpassion.fr\/en\/lamborghini\/je-me-tire-mon-chapeau-devant-les-voitures-chinoises-le-fils-du-fondateur-de-lamborghini-annonce-quil-va-en-acheter-une\/\",\"url\":\"https:\/\/www.italpassion.fr\/en\/lamborghini\/je-me-tire-mon-chapeau-devant-les-voitures-chinoises-le-fils-du-fondateur-de-lamborghini-annonce-quil-va-en-acheter-une\/\",\"name\":\"\u00ab Je me tire mon chapeau devant les voitures chinoises \u00bb : le fils du fondateur de Lamborghini annonce qu'il va en acheter une - ItalPassion\",\"isPartOf\":{\"@id\":\"https:\/\/www.italpassion.fr\/en\/#website\"},\"primaryImageOfPage\":{\"@id\":\"https:\/\/www.italpassion.fr\/en\/lamborghini\/je-me-tire-mon-chapeau-devant-les-voitures-chinoises-le-fils-du-fondateur-de-lamborghini-annonce-quil-va-en-acheter-une\/#primaryimage\"},\"image\":{\"@id\":\"https:\/\/www.italpassion.fr\/en\/lamborghini\/je-me-tire-mon-chapeau-devant-les-voitures-chinoises-le-fils-du-fondateur-de-lamborghini-annonce-quil-va-en-acheter-une\/#primaryimage\"},\"thumbnailUrl\":\"https:\/\/www.italpassion.fr\/wp-content\/uploads\/2026\/03\/tonino-lamborghini.jpg\",\"datePublished\":\"2026-03-12T16:33:14+00:00\",\"description\":\"Le march\u00e9 automobile \u00e9volue \u00e0 grande vitesse et les constructeurs chinois s\u2019imposent d\u00e9sormais comme des acteurs incontournables. Une r\u00e9alit\u00e9 que m\u00eame\",\"breadcrumb\":{\"@id\":\"https:\/\/www.italpassion.fr\/en\/lamborghini\/je-me-tire-mon-chapeau-devant-les-voitures-chinoises-le-fils-du-fondateur-de-lamborghini-annonce-quil-va-en-acheter-une\/#breadcrumb\"},\"inLanguage\":\"en-US\",\"potentialAction\":[{\"@type\":\"ReadAction\",\"target\":[\"https:\/\/www.italpassion.fr\/en\/lamborghini\/je-me-tire-mon-chapeau-devant-les-voitures-chinoises-le-fils-du-fondateur-de-lamborghini-annonce-quil-va-en-acheter-une\/\"]}]},{\"@type\":\"ImageObject\",\"inLanguage\":\"en-US\",\"@id\":\"https:\/\/www.italpassion.fr\/en\/lamborghini\/je-me-tire-mon-chapeau-devant-les-voitures-chinoises-le-fils-du-fondateur-de-lamborghini-annonce-quil-va-en-acheter-une\/#primaryimage\",\"url\":\"https:\/\/www.italpassion.fr\/wp-content\/uploads\/2026\/03\/tonino-lamborghini.jpg\",\"contentUrl\":\"https:\/\/www.italpassion.fr\/wp-content\/uploads\/2026\/03\/tonino-lamborghini.jpg\",\"width\":1200,\"height\":800},{\"@type\":\"BreadcrumbList\",\"@id\":\"https:\/\/www.italpassion.fr\/en\/lamborghini\/je-me-tire-mon-chapeau-devant-les-voitures-chinoises-le-fils-du-fondateur-de-lamborghini-annonce-quil-va-en-acheter-une\/#breadcrumb\",\"itemListElement\":[{\"@type\":\"ListItem\",\"position\":1,\"name\":\"Accueil\",\"item\":\"https:\/\/www.italpassion.fr\/en\/\"},{\"@type\":\"ListItem\",\"position\":2,\"name\":\"\u00ab Je me tire mon chapeau devant les voitures chinoises \u00bb : le fils du fondateur de Lamborghini annonce qu&rsquo;il va en acheter une\"}]},{\"@type\":\"WebSite\",\"@id\":\"https:\/\/www.italpassion.fr\/en\/#website\",\"url\":\"https:\/\/www.italpassion.fr\/en\/\",\"name\":\"ItalPassion\",\"description\":\"Les Passionn\u00e9s d&#039;Automobiles Italiennes\",\"publisher\":{\"@id\":\"https:\/\/www.italpassion.fr\/en\/#organization\"},\"potentialAction\":[{\"@type\":\"SearchAction\",\"target\":{\"@type\":\"EntryPoint\",\"urlTemplate\":\"https:\/\/www.italpassion.fr\/en\/?s={search_term_string}\"},\"query-input\":{\"@type\":\"PropertyValueSpecification\",\"valueRequired\":true,\"valueName\":\"search_term_string\"}}],\"inLanguage\":\"en-US\"},{\"@type\":\"Organization\",\"@id\":\"https:\/\/www.italpassion.fr\/en\/#organization\",\"name\":\"Italpassion\",\"url\":\"https:\/\/www.italpassion.fr\/en\/\",\"logo\":{\"@type\":\"ImageObject\",\"inLanguage\":\"en-US\",\"@id\":\"https:\/\/www.italpassion.fr\/en\/#\/schema\/logo\/image\/\",\"url\":\"https:\/\/www.italpassion.fr\/wp-content\/uploads\/2023\/07\/italpassion-yoast.jpg\",\"contentUrl\":\"https:\/\/www.italpassion.fr\/wp-content\/uploads\/2023\/07\/italpassion-yoast.jpg\",\"width\":696,\"height\":696,\"caption\":\"Italpassion\"},\"image\":{\"@id\":\"https:\/\/www.italpassion.fr\/en\/#\/schema\/logo\/image\/\"},\"sameAs\":[\"https:\/\/www.facebook.com\/italpassion\",\"https:\/\/x.com\/italpassion\",\"https:\/\/www.instagram.com\/italpassionfr\/\",\"https:\/\/www.youtube.com\/channel\/UCleq-ByQaA42OjhopwevRjQ\",\"https:\/\/www.facebook.com\/italpassion.en\/\",\"https:\/\/www.facebook.com\/italpassion.it\/\",\"https:\/\/www.facebook.com\/italpassion.de\/\",\"https:\/\/www.facebook.com\/italpassion.ja\/\"]},{\"@type\":\"Person\",\"@id\":\"https:\/\/www.italpassion.fr\/en\/#\/schema\/person\/36f747b2a759ca202d847e85a9434ca0\",\"name\":\"Alexandre Filluzeau\",\"image\":{\"@type\":\"ImageObject\",\"inLanguage\":\"en-US\",\"@id\":\"https:\/\/www.italpassion.fr\/en\/#\/schema\/person\/image\/\",\"url\":\"https:\/\/www.italpassion.fr\/wp-content\/uploads\/2025\/04\/avatar-alexandre-160x160.jpg\",\"contentUrl\":\"https:\/\/www.italpassion.fr\/wp-content\/uploads\/2025\/04\/avatar-alexandre-160x160.jpg\",\"caption\":\"Alexandre Filluzeau\"},\"description\":\"Fondateur du site ItalPassion, passionn\u00e9 de voitures italiennes et de l'Italie en g\u00e9n\u00e9ral. J'apporte un regard critique et technique aux actualit\u00e9s des marques italiennes quand cela est possible. Propri\u00e9taire d'une Maserati GranTurismo, Alfa Romeo MiTo, Lancia Fulvia et Ducati 695. Ex-propri\u00e9taire d'une Alfa Romeo Giulia.\",\"sameAs\":[\"https:\/\/www.italpassion.fr\/\"],\"url\":\"https:\/\/www.italpassion.fr\/en\/author\/alexandre\/\"}]}<\/script>\n<!-- \/ Yoast SEO plugin. -->","yoast_head_json":{"title":"\u00abI take my hat off to Chinese cars\u00bb: the son of Lamborghini's founder announces he's going to buy one - ItalPassion","description":"The automotive market is changing fast, and Chinese automakers are now establishing themselves as key players. A reality that even","robots":{"index":"index","follow":"follow","max-snippet":"max-snippet:-1","max-image-preview":"max-image-preview:large","max-video-preview":"max-video-preview:-1"},"canonical":"https:\/\/www.italpassion.fr\/en\/lamborghini\/i-take-my-hat-off-to-chinese-cars-the-son-of-lamborghinis-founder-announces-hes-going-to-buy-one\/","og_locale":"en_US","og_type":"article","og_title":"\u00ab Je me tire mon chapeau devant les voitures chinoises \u00bb : le fils du fondateur de Lamborghini annonce qu'il va en acheter une - ItalPassion","og_description":"Le march\u00e9 automobile \u00e9volue \u00e0 grande vitesse et les constructeurs chinois s\u2019imposent d\u00e9sormais comme des acteurs incontournables. Une r\u00e9alit\u00e9 que m\u00eame","og_url":"https:\/\/www.italpassion.fr\/en\/lamborghini\/i-take-my-hat-off-to-chinese-cars-the-son-of-lamborghinis-founder-announces-hes-going-to-buy-one\/","og_site_name":"ItalPassion","article_publisher":"https:\/\/www.facebook.com\/italpassion","article_published_time":"2026-03-12T16:33:14+00:00","og_image":[{"width":1200,"height":800,"url":"https:\/\/www.italpassion.fr\/wp-content\/uploads\/2026\/03\/tonino-lamborghini.jpg","type":"image\/jpeg"}],"author":"Alexandre Filluzeau","twitter_card":"summary_large_image","twitter_creator":"@italpassion","twitter_site":"@italpassion","schema":{"@context":"https:\/\/schema.org","@graph":[{"@type":"NewsArticle","@id":"https:\/\/www.italpassion.fr\/en\/lamborghini\/je-me-tire-mon-chapeau-devant-les-voitures-chinoises-le-fils-du-fondateur-de-lamborghini-annonce-quil-va-en-acheter-une\/#article","isPartOf":{"@id":"https:\/\/www.italpassion.fr\/en\/lamborghini\/je-me-tire-mon-chapeau-devant-les-voitures-chinoises-le-fils-du-fondateur-de-lamborghini-annonce-quil-va-en-acheter-une\/"},"author":{"name":"Alexandre Filluzeau","@id":"https:\/\/www.italpassion.fr\/en\/#\/schema\/person\/36f747b2a759ca202d847e85a9434ca0"},"headline":"\u00ab Je me tire mon chapeau devant les voitures chinoises \u00bb : le fils du fondateur de Lamborghini annonce qu&rsquo;il va en acheter une","datePublished":"2026-03-12T16:33:14+00:00","mainEntityOfPage":{"@id":"https:\/\/www.italpassion.fr\/en\/lamborghini\/je-me-tire-mon-chapeau-devant-les-voitures-chinoises-le-fils-du-fondateur-de-lamborghini-annonce-quil-va-en-acheter-une\/"},"wordCount":701,"commentCount":2,"publisher":{"@id":"https:\/\/www.italpassion.fr\/en\/#organization"},"image":{"@id":"https:\/\/www.italpassion.fr\/en\/lamborghini\/je-me-tire-mon-chapeau-devant-les-voitures-chinoises-le-fils-du-fondateur-de-lamborghini-annonce-quil-va-en-acheter-une\/#primaryimage"},"thumbnailUrl":"https:\/\/www.italpassion.fr\/wp-content\/uploads\/2026\/03\/tonino-lamborghini.jpg","keywords":["Tonino Lamborghini"],"articleSection":["Lamborghini"],"inLanguage":"en-US","potentialAction":[{"@type":"CommentAction","name":"Comment","target":["https:\/\/www.italpassion.fr\/en\/lamborghini\/je-me-tire-mon-chapeau-devant-les-voitures-chinoises-le-fils-du-fondateur-de-lamborghini-annonce-quil-va-en-acheter-une\/#respond"]}]},{"@type":"WebPage","@id":"https:\/\/www.italpassion.fr\/en\/lamborghini\/je-me-tire-mon-chapeau-devant-les-voitures-chinoises-le-fils-du-fondateur-de-lamborghini-annonce-quil-va-en-acheter-une\/","url":"https:\/\/www.italpassion.fr\/en\/lamborghini\/je-me-tire-mon-chapeau-devant-les-voitures-chinoises-le-fils-du-fondateur-de-lamborghini-annonce-quil-va-en-acheter-une\/","name":"\u00abI take my hat off to Chinese cars\u00bb: the son of Lamborghini's founder announces he's going to buy one - ItalPassion","isPartOf":{"@id":"https:\/\/www.italpassion.fr\/en\/#website"},"primaryImageOfPage":{"@id":"https:\/\/www.italpassion.fr\/en\/lamborghini\/je-me-tire-mon-chapeau-devant-les-voitures-chinoises-le-fils-du-fondateur-de-lamborghini-annonce-quil-va-en-acheter-une\/#primaryimage"},"image":{"@id":"https:\/\/www.italpassion.fr\/en\/lamborghini\/je-me-tire-mon-chapeau-devant-les-voitures-chinoises-le-fils-du-fondateur-de-lamborghini-annonce-quil-va-en-acheter-une\/#primaryimage"},"thumbnailUrl":"https:\/\/www.italpassion.fr\/wp-content\/uploads\/2026\/03\/tonino-lamborghini.jpg","datePublished":"2026-03-12T16:33:14+00:00","description":"The automotive market is changing fast, and Chinese automakers are now establishing themselves as key players. A reality that even","breadcrumb":{"@id":"https:\/\/www.italpassion.fr\/en\/lamborghini\/je-me-tire-mon-chapeau-devant-les-voitures-chinoises-le-fils-du-fondateur-de-lamborghini-annonce-quil-va-en-acheter-une\/#breadcrumb"},"inLanguage":"en-US","potentialAction":[{"@type":"ReadAction","target":["https:\/\/www.italpassion.fr\/en\/lamborghini\/je-me-tire-mon-chapeau-devant-les-voitures-chinoises-le-fils-du-fondateur-de-lamborghini-annonce-quil-va-en-acheter-une\/"]}]},{"@type":"ImageObject","inLanguage":"en-US","@id":"https:\/\/www.italpassion.fr\/en\/lamborghini\/je-me-tire-mon-chapeau-devant-les-voitures-chinoises-le-fils-du-fondateur-de-lamborghini-annonce-quil-va-en-acheter-une\/#primaryimage","url":"https:\/\/www.italpassion.fr\/wp-content\/uploads\/2026\/03\/tonino-lamborghini.jpg","contentUrl":"https:\/\/www.italpassion.fr\/wp-content\/uploads\/2026\/03\/tonino-lamborghini.jpg","width":1200,"height":800},{"@type":"BreadcrumbList","@id":"https:\/\/www.italpassion.fr\/en\/lamborghini\/je-me-tire-mon-chapeau-devant-les-voitures-chinoises-le-fils-du-fondateur-de-lamborghini-annonce-quil-va-en-acheter-une\/#breadcrumb","itemListElement":[{"@type":"ListItem","position":1,"name":"Accueil","item":"https:\/\/www.italpassion.fr\/en\/"},{"@type":"ListItem","position":2,"name":"\u00ab Je me tire mon chapeau devant les voitures chinoises \u00bb : le fils du fondateur de Lamborghini annonce qu&rsquo;il va en acheter une"}]},{"@type":"WebSite","@id":"https:\/\/www.italpassion.fr\/en\/#website","url":"https:\/\/www.italpassion.fr\/en\/","name":"ItalPassion","description":"Italian Car Enthusiasts","publisher":{"@id":"https:\/\/www.italpassion.fr\/en\/#organization"},"potentialAction":[{"@type":"SearchAction","target":{"@type":"EntryPoint","urlTemplate":"https:\/\/www.italpassion.fr\/en\/?s={search_term_string}"},"query-input":{"@type":"PropertyValueSpecification","valueRequired":true,"valueName":"search_term_string"}}],"inLanguage":"en-US"},{"@type":"Organization","@id":"https:\/\/www.italpassion.fr\/en\/#organization","name":"Italpassion","url":"https:\/\/www.italpassion.fr\/en\/","logo":{"@type":"ImageObject","inLanguage":"en-US","@id":"https:\/\/www.italpassion.fr\/en\/#\/schema\/logo\/image\/","url":"https:\/\/www.italpassion.fr\/wp-content\/uploads\/2023\/07\/italpassion-yoast.jpg","contentUrl":"https:\/\/www.italpassion.fr\/wp-content\/uploads\/2023\/07\/italpassion-yoast.jpg","width":696,"height":696,"caption":"Italpassion"},"image":{"@id":"https:\/\/www.italpassion.fr\/en\/#\/schema\/logo\/image\/"},"sameAs":["https:\/\/www.facebook.com\/italpassion","https:\/\/x.com\/italpassion","https:\/\/www.instagram.com\/italpassionfr\/","https:\/\/www.youtube.com\/channel\/UCleq-ByQaA42OjhopwevRjQ","https:\/\/www.facebook.com\/italpassion.en\/","https:\/\/www.facebook.com\/italpassion.it\/","https:\/\/www.facebook.com\/italpassion.de\/","https:\/\/www.facebook.com\/italpassion.ja\/"]},{"@type":"Person","@id":"https:\/\/www.italpassion.fr\/en\/#\/schema\/person\/36f747b2a759ca202d847e85a9434ca0","name":"Alexandre Filluzeau","image":{"@type":"ImageObject","inLanguage":"en-US","@id":"https:\/\/www.italpassion.fr\/en\/#\/schema\/person\/image\/","url":"https:\/\/www.italpassion.fr\/wp-content\/uploads\/2025\/04\/avatar-alexandre-160x160.jpg","contentUrl":"https:\/\/www.italpassion.fr\/wp-content\/uploads\/2025\/04\/avatar-alexandre-160x160.jpg","caption":"Alexandre Filluzeau"},"description":"Founder of the ItalPassion website, passionate about Italian cars and Italy in general. I bring a critical and technical eye to the news of Italian brands when possible. Owner of a Maserati GranTurismo, Alfa Romeo MiTo, Lancia Fulvia and Ducati 695. Ex-owner of an Alfa Romeo Giulia.","sameAs":["https:\/\/www.italpassion.fr\/"],"url":"https:\/\/www.italpassion.fr\/en\/author\/alexandre\/"}]}},"_links":{"self":[{"href":"https:\/\/www.italpassion.fr\/en\/wp-json\/wp\/v2\/posts\/47364","targetHints":{"allow":["GET"]}}],"collection":[{"href":"https:\/\/www.italpassion.fr\/en\/wp-json\/wp\/v2\/posts"}],"about":[{"href":"https:\/\/www.italpassion.fr\/en\/wp-json\/wp\/v2\/types\/post"}],"author":[{"embeddable":true,"href":"https:\/\/www.italpassion.fr\/en\/wp-json\/wp\/v2\/users\/1"}],"replies":[{"embeddable":true,"href":"https:\/\/www.italpassion.fr\/en\/wp-json\/wp\/v2\/comments?post=47364"}],"version-history":[{"count":1,"href":"https:\/\/www.italpassion.fr\/en\/wp-json\/wp\/v2\/posts\/47364\/revisions"}],"predecessor-version":[{"id":47366,"href":"https:\/\/www.italpassion.fr\/en\/wp-json\/wp\/v2\/posts\/47364\/revisions\/47366"}],"wp:featuredmedia":[{"embeddable":true,"href":"https:\/\/www.italpassion.fr\/en\/wp-json\/wp\/v2\/media\/47365"}],"wp:attachment":[{"href":"https:\/\/www.italpassion.fr\/en\/wp-json\/wp\/v2\/media?parent=47364"}],"wp:term":[{"taxonomy":"category","embeddable":true,"href":"https:\/\/www.italpassion.fr\/en\/wp-json\/wp\/v2\/categories?post=47364"},{"taxonomy":"post_tag","embeddable":true,"href":"https:\/\/www.italpassion.fr\/en\/wp-json\/wp\/v2\/tags?post=47364"}],"curies":[{"name":"wp","href":"https:\/\/api.w.org\/{rel}","templated":true}]}}