{"id":45748,"date":"2026-01-26T12:25:14","date_gmt":"2026-01-26T11:25:14","guid":{"rendered":"https:\/\/www.italpassion.fr\/?p=45748"},"modified":"2026-01-26T12:25:14","modified_gmt":"2026-01-26T11:25:14","slug":"why-ferrari-and-porsche-have-the-same-prancing-horse-on-the-logo","status":"publish","type":"post","link":"https:\/\/www.italpassion.fr\/en\/ferrari\/pourquoi-ferrari-et-porsche-ont-le-meme-cheval-cabre-sur-le-logo\/","title":{"rendered":"Why do Ferrari and Porsche have a prancing horse on their logo?"},"content":{"rendered":"<figure class=\"wp-block-image size-full\"><img loading=\"lazy\" decoding=\"async\" width=\"1200\" height=\"800\" src=\"https:\/\/www.italpassion.fr\/wp-content\/uploads\/2026\/01\/logo-ferrari-porsche.jpg\" alt=\"\" class=\"wp-image-45749\" srcset=\"https:\/\/www.italpassion.fr\/wp-content\/uploads\/2026\/01\/logo-ferrari-porsche.jpg 1200w, https:\/\/www.italpassion.fr\/wp-content\/uploads\/2026\/01\/logo-ferrari-porsche-420x280.jpg 420w, https:\/\/www.italpassion.fr\/wp-content\/uploads\/2026\/01\/logo-ferrari-porsche-768x512.jpg 768w, https:\/\/www.italpassion.fr\/wp-content\/uploads\/2026\/01\/logo-ferrari-porsche-18x12.jpg 18w\" sizes=\"auto, (max-width: 1200px) 100vw, 1200px\" \/><\/figure>\n\n\n\n<p>At first glance, the resemblance is uncanny. Two of the world's most prestigious automotive brands, <a href=\"https:\/\/www.italpassion.fr\/en\/ferrari\/\">Ferrari<\/a> and Porsche, both feature a prancing horse on their logo. Graphic coincidence, discreet homage or deliberate borrowing? The reality is more subtle, and much older than the history of the modern automobile. Contrary to popular belief, this similarity is neither the fruit of a marketing strategy nor of cross-fertilization between two rival manufacturers. It has its roots in two distinct historical trajectories, shaped by the European culture of the early 20th century, in which the horse occupies a central symbolic place.<\/p>\n\n\n\n<h2 class=\"wp-block-heading\">The Porsche horse, a direct heritage from Stuttgart<\/h2>\n\n\n\n<p>To understand the Porsche horse, we first need to go back to the city where the brand was born: Stuttgart. Long before the first Porsche appeared, the city was already using a prancing horse as its official symbol. The very name Stuttgart comes from Stuotgarten, literally meaning \"stud farm\", a reminder of the importance of horse breeding in the region since the Middle Ages. When Porsche unveiled its emblem in the early 1950s, the choice of the horse was not an arbitrary aesthetic decision. It was a tribute to its geographical roots. The horse is placed at the center of a complex coat of arms incorporating the name of Stuttgart, that of Porsche, and the colors and motifs of the former Free State of W\u00fcrttemberg. From the Porsche 356 onwards, this coat of arms became an integral part of the brand's identity. Over the decades, the logo evolved in design and finish, but the horse remained unchanged at the heart of the emblem.<\/p>\n\n\n\n<figure class=\"wp-block-image size-full\"><img loading=\"lazy\" decoding=\"async\" width=\"1200\" height=\"800\" src=\"https:\/\/www.italpassion.fr\/wp-content\/uploads\/2026\/01\/logo-porsche.jpg\" alt=\"\" class=\"wp-image-45750\" srcset=\"https:\/\/www.italpassion.fr\/wp-content\/uploads\/2026\/01\/logo-porsche.jpg 1200w, https:\/\/www.italpassion.fr\/wp-content\/uploads\/2026\/01\/logo-porsche-420x280.jpg 420w, https:\/\/www.italpassion.fr\/wp-content\/uploads\/2026\/01\/logo-porsche-768x512.jpg 768w, https:\/\/www.italpassion.fr\/wp-content\/uploads\/2026\/01\/logo-porsche-18x12.jpg 18w\" sizes=\"auto, (max-width: 1200px) 100vw, 1200px\" \/><\/figure>\n\n\n\n<h2 class=\"wp-block-heading\">The Ferrari horse, a military symbol before it was an automobile<\/h2>\n\n\n\n<p>At Ferrari, the origin of the horse is radically different and deeply personal. The famous Cavallino Rampante comes neither from a town nor a territory, but from a man: Francesco Baracca, hero of Italian aviation during the First World War. Even before becoming a fighter pilot, Baracca was a cavalry officer in the prestigious 2nd Royal Piedmont Cavalry Regiment, an elite unit of the Italian army whose heraldic emblem was already a prancing horse. When he adopted a distinctive sign for his aircraft in 1917, Baracca didn't create a new symbol: he used his regiment's, simplifying it and painting it black to make it stand out better on the fuselage.<\/p>\n\n\n\n<figure class=\"wp-block-image size-full\"><img loading=\"lazy\" decoding=\"async\" width=\"1200\" height=\"800\" src=\"https:\/\/www.italpassion.fr\/wp-content\/uploads\/2026\/01\/regiment.jpg\" alt=\"\" class=\"wp-image-45754\" srcset=\"https:\/\/www.italpassion.fr\/wp-content\/uploads\/2026\/01\/regiment.jpg 1200w, https:\/\/www.italpassion.fr\/wp-content\/uploads\/2026\/01\/regiment-420x280.jpg 420w, https:\/\/www.italpassion.fr\/wp-content\/uploads\/2026\/01\/regiment-768x512.jpg 768w, https:\/\/www.italpassion.fr\/wp-content\/uploads\/2026\/01\/regiment-18x12.jpg 18w\" sizes=\"auto, (max-width: 1200px) 100vw, 1200px\" \/><figcaption class=\"wp-element-caption\">Coat of arms of the Royal Piedmont Cavalry Regiment<\/figcaption><\/figure>\n\n\n\n<figure class=\"wp-block-image size-full\"><img loading=\"lazy\" decoding=\"async\" width=\"1200\" height=\"800\" src=\"https:\/\/www.italpassion.fr\/wp-content\/uploads\/2026\/01\/francesco-baccara.jpg\" alt=\"\" class=\"wp-image-45751\" srcset=\"https:\/\/www.italpassion.fr\/wp-content\/uploads\/2026\/01\/francesco-baccara.jpg 1200w, https:\/\/www.italpassion.fr\/wp-content\/uploads\/2026\/01\/francesco-baccara-420x280.jpg 420w, https:\/\/www.italpassion.fr\/wp-content\/uploads\/2026\/01\/francesco-baccara-768x512.jpg 768w, https:\/\/www.italpassion.fr\/wp-content\/uploads\/2026\/01\/francesco-baccara-18x12.jpg 18w\" sizes=\"auto, (max-width: 1200px) 100vw, 1200px\" \/><\/figure>\n\n\n\n<figure class=\"wp-block-image size-full\"><img loading=\"lazy\" decoding=\"async\" width=\"1200\" height=\"800\" src=\"https:\/\/www.italpassion.fr\/wp-content\/uploads\/2026\/01\/francesco-baccara-2.jpg\" alt=\"\" class=\"wp-image-45752\" srcset=\"https:\/\/www.italpassion.fr\/wp-content\/uploads\/2026\/01\/francesco-baccara-2.jpg 1200w, https:\/\/www.italpassion.fr\/wp-content\/uploads\/2026\/01\/francesco-baccara-2-420x280.jpg 420w, https:\/\/www.italpassion.fr\/wp-content\/uploads\/2026\/01\/francesco-baccara-2-768x512.jpg 768w, https:\/\/www.italpassion.fr\/wp-content\/uploads\/2026\/01\/francesco-baccara-2-18x12.jpg 18w\" sizes=\"auto, (max-width: 1200px) 100vw, 1200px\" \/><\/figure>\n\n\n\n<p>The horse quickly became an integral part of his legend. After Baracca's death in 1918, the symbol acquired a strong memorial dimension in Italy, embodying the courage, nobility and chivalric spirit of the first aviators.<\/p>\n\n\n\n<h2 class=\"wp-block-heading\">From Enzo Ferrari to Scuderia Ferrari<\/h2>\n\n\n\n<p>In 1923, during a victory on the Savio circuit, Enzo Ferrari met Francesco Baracca's parents. The driver's mother suggested that he use her son's horse on his cars, convinced that it would bring him good luck. At the time, Enzo Ferrari was still a racing driver and sports manager at Alfa Romeo, so he couldn't put the symbol on his own cars. It wasn't until 1929, with the creation of Scuderia Ferrari, that the horse began to appear officially in competition. In 1932, at the Spa-Francorchamps 24 Hours, the Alfa Romeos entered by Scuderia Ferrari sported the prancing horse for the first time.<\/p>\n\n\n\n<figure class=\"wp-block-image size-full\"><img loading=\"lazy\" decoding=\"async\" width=\"1200\" height=\"800\" src=\"https:\/\/www.italpassion.fr\/wp-content\/uploads\/2026\/01\/alfa-romeo-ferrari.jpg\" alt=\"\" class=\"wp-image-45753\" srcset=\"https:\/\/www.italpassion.fr\/wp-content\/uploads\/2026\/01\/alfa-romeo-ferrari.jpg 1200w, https:\/\/www.italpassion.fr\/wp-content\/uploads\/2026\/01\/alfa-romeo-ferrari-420x280.jpg 420w, https:\/\/www.italpassion.fr\/wp-content\/uploads\/2026\/01\/alfa-romeo-ferrari-768x512.jpg 768w, https:\/\/www.italpassion.fr\/wp-content\/uploads\/2026\/01\/alfa-romeo-ferrari-18x12.jpg 18w\" sizes=\"auto, (max-width: 1200px) 100vw, 1200px\" \/><figcaption class=\"wp-element-caption\">Antonio Brivo, Alfa Romeo driver in 1932<\/figcaption><\/figure>\n\n\n\n<p>The symbol then evolved. It was no longer exactly that of Baracca: the horse adopted a slightly different posture, its tail was raised, and it was placed on a yellow background - the color of Modena, Enzo Ferrari's hometown - surmounted by the Italian flag. After the Second World War, when Ferrari became a manufacturer in its own right, this horse became the brand's permanent emblem.<\/p>\n\n\n\n<figure class=\"wp-block-image size-full\"><img loading=\"lazy\" decoding=\"async\" width=\"1200\" height=\"800\" src=\"https:\/\/www.italpassion.fr\/wp-content\/uploads\/2025\/11\/logo-ferrari-00.jpg\" alt=\"\" class=\"wp-image-43345\" srcset=\"https:\/\/www.italpassion.fr\/wp-content\/uploads\/2025\/11\/logo-ferrari-00.jpg 1200w, https:\/\/www.italpassion.fr\/wp-content\/uploads\/2025\/11\/logo-ferrari-00-420x280.jpg 420w, https:\/\/www.italpassion.fr\/wp-content\/uploads\/2025\/11\/logo-ferrari-00-768x512.jpg 768w, https:\/\/www.italpassion.fr\/wp-content\/uploads\/2025\/11\/logo-ferrari-00-18x12.jpg 18w\" sizes=\"auto, (max-width: 1200px) 100vw, 1200px\" \/><\/figure>\n\n\n\n<h2 class=\"wp-block-heading\">From the Baracca horse to the Ferrari horse<\/h2>\n\n\n\n<p>Although Enzo Ferrari was inspired by Francesco Baracca's horse, the symbol that would become Ferrari's was not a faithful reproduction of the emblem painted on the Italian pilot's aircraft. Several graphic elements differ markedly: the posture, the style of the drawing and, above all, the horse's tail, which is raised on the Ferrari logo, whereas it is generally pointing downwards on Baracca's planes. This evolution can be explained by an often overlooked step. In 1930, to mark the inauguration of the shrine dedicated to Francesco Baracca in Nervesa della Battaglia, a commemorative booklet entitled \"Per Francesco Baracca sul Montello\" was published. The cover features the Baracca family heraldic coat of arms, designed by Lugo painter Gino Croari.<\/p>\n\n\n\n<figure class=\"wp-block-image size-full\"><img loading=\"lazy\" decoding=\"async\" width=\"1200\" height=\"800\" src=\"https:\/\/www.italpassion.fr\/wp-content\/uploads\/2026\/01\/baracca.jpg\" alt=\"\" class=\"wp-image-45755\" srcset=\"https:\/\/www.italpassion.fr\/wp-content\/uploads\/2026\/01\/baracca.jpg 1200w, https:\/\/www.italpassion.fr\/wp-content\/uploads\/2026\/01\/baracca-420x280.jpg 420w, https:\/\/www.italpassion.fr\/wp-content\/uploads\/2026\/01\/baracca-768x512.jpg 768w, https:\/\/www.italpassion.fr\/wp-content\/uploads\/2026\/01\/baracca-18x12.jpg 18w\" sizes=\"auto, (max-width: 1200px) 100vw, 1200px\" \/><figcaption class=\"wp-element-caption\">Source Francesco Baracca Museum<\/figcaption><\/figure>\n\n\n\n<p>In this version, the artist freely reinterprets the prancing horse: the style is more graphic, the silhouette more dynamic, and the tail clearly raised. This horse, placed on a shield, corresponds almost exactly to the one that would appear a few years later on Scuderia Ferrari cars. This is no longer the horse from Baracca's plane, but a stylized version designed for heraldic and symbolic use. It is therefore highly likely that Enzo Ferrari, wishing to honor the promise made to Francesco Baracca's mother, drew inspiration from this Croari-designed version when defining his team's emblem.<\/p>\n\n\n\n<h2 class=\"wp-block-heading\">Two horses, a possible common origin?<\/h2>\n\n\n\n<p>This is where the story needs to be qualified. The similarities between the two horses may not be purely coincidental, but it would be simplistic to attribute them to a single origin. In the case of Francesco Baracca, the most solidly established explanation is above all military. Before becoming Italy's aviation ace, Baracca was a cavalry officer in the prestigious Royal Piedmont Cavalry Regiment, an elite unit whose heraldic emblem was already a prancing horse. When he adopted a distinctive sign for his aircraft from 1917 onwards, Baracca was naturally following in the footsteps of his regiment, taking up this symbol as an affirmation of his military identity and his attachment to the cavalry tradition.<\/p>\n\n\n\n<p>But this doesn't rule out other influences. During the First World War, many pilots personalized their aircraft with emblems linked to their unit, their region of origin or, sometimes, their victories. Some post-war accounts claim that Baracca shot down a German aircraft bearing a prancing horse, a symbol possibly inspired by the city of Stuttgart, whose coat of arms has featured this motif for centuries. While this hypothesis remains impossible to prove formally, it does illustrate the circulation of symbols across Europe in the early 20th century. In this scenario, the horse could have existed simultaneously in several traditions - German heraldry, Italian cavalry, military aviation - without there being any question of direct copying.<\/p>\n\n\n\n<p>In the absence of irrefutable documentation, this line of enquiry remains in the realm of speculation. It does not invalidate the cavalry origin of the Baracca horse, which is now widely documented, but it does show how the same symbol, deeply rooted in the European imagination, could appear independently in different contexts before later becoming one of the most famous emblems in automotive history. Despite their striking resemblance, the Ferrari and Porsche horses have never posed any legal or symbolic problems. The reason is simple: each tells a different story. At Porsche, the horse is a territorial marker, rooted in the history of Stuttgart. At Ferrari, it is the legacy of a national hero, transformed into a symbol of competition and performance.<\/p>","protected":false},"excerpt":{"rendered":"","protected":false},"author":1,"featured_media":45749,"comment_status":"open","ping_status":"open","sticky":false,"template":"","format":"standard","meta":{"_acf_changed":false,"_sitemap_exclude":false,"_sitemap_priority":"","_sitemap_frequency":"","footnotes":""},"categories":[23],"tags":[],"class_list":["post-45748","post","type-post","status-publish","format-standard","has-post-thumbnail","hentry","category-ferrari","generate-columns","tablet-grid-50","mobile-grid-100","grid-parent","grid-33"],"acf":[],"yoast_head":"<!-- This site is optimized with the Yoast SEO plugin v25.8 - https:\/\/yoast.com\/wordpress\/plugins\/seo\/ -->\n<title>Pourquoi Ferrari et Porsche ont un cheval cabr\u00e9 sur le logo ? - ItalPassion<\/title>\n<meta name=\"description\" content=\"\u00c0 premi\u00e8re vue, la ressemblance est troublante. Deux des marques automobiles les plus prestigieuses au monde, Ferrari et Porsche, arborent toutes deux un\" \/>\n<meta name=\"robots\" content=\"index, follow, max-snippet:-1, max-image-preview:large, max-video-preview:-1\" \/>\n<link rel=\"canonical\" href=\"https:\/\/www.italpassion.fr\/en\/ferrari\/why-ferrari-and-porsche-have-the-same-prancing-horse-on-the-logo\/\" \/>\n<meta property=\"og:locale\" content=\"en_US\" \/>\n<meta property=\"og:type\" content=\"article\" \/>\n<meta property=\"og:title\" content=\"Pourquoi Ferrari et Porsche ont un cheval cabr\u00e9 sur le logo ? - ItalPassion\" \/>\n<meta property=\"og:description\" content=\"\u00c0 premi\u00e8re vue, la ressemblance est troublante. Deux des marques automobiles les plus prestigieuses au monde, Ferrari et Porsche, arborent toutes deux un\" \/>\n<meta property=\"og:url\" content=\"https:\/\/www.italpassion.fr\/en\/ferrari\/why-ferrari-and-porsche-have-the-same-prancing-horse-on-the-logo\/\" \/>\n<meta property=\"og:site_name\" content=\"ItalPassion\" \/>\n<meta property=\"article:publisher\" content=\"https:\/\/www.facebook.com\/italpassion\" \/>\n<meta property=\"article:published_time\" content=\"2026-01-26T11:25:14+00:00\" \/>\n<meta property=\"og:image\" content=\"https:\/\/www.italpassion.fr\/wp-content\/uploads\/2026\/01\/logo-ferrari-porsche.jpg\" \/>\n\t<meta property=\"og:image:width\" content=\"1200\" \/>\n\t<meta property=\"og:image:height\" content=\"800\" \/>\n\t<meta property=\"og:image:type\" content=\"image\/jpeg\" \/>\n<meta name=\"author\" content=\"Alexandre Filluzeau\" \/>\n<meta name=\"twitter:card\" content=\"summary_large_image\" \/>\n<meta name=\"twitter:creator\" content=\"@italpassion\" \/>\n<meta name=\"twitter:site\" content=\"@italpassion\" \/>\n<script type=\"application\/ld+json\" class=\"yoast-schema-graph\">{\"@context\":\"https:\/\/schema.org\",\"@graph\":[{\"@type\":\"NewsArticle\",\"@id\":\"https:\/\/www.italpassion.fr\/en\/ferrari\/pourquoi-ferrari-et-porsche-ont-le-meme-cheval-cabre-sur-le-logo\/#article\",\"isPartOf\":{\"@id\":\"https:\/\/www.italpassion.fr\/en\/ferrari\/pourquoi-ferrari-et-porsche-ont-le-meme-cheval-cabre-sur-le-logo\/\"},\"author\":{\"name\":\"Alexandre Filluzeau\",\"@id\":\"https:\/\/www.italpassion.fr\/en\/#\/schema\/person\/36f747b2a759ca202d847e85a9434ca0\"},\"headline\":\"Pourquoi Ferrari et Porsche ont un cheval cabr\u00e9 sur le logo ?\",\"datePublished\":\"2026-01-26T11:25:14+00:00\",\"mainEntityOfPage\":{\"@id\":\"https:\/\/www.italpassion.fr\/en\/ferrari\/pourquoi-ferrari-et-porsche-ont-le-meme-cheval-cabre-sur-le-logo\/\"},\"wordCount\":1409,\"commentCount\":4,\"publisher\":{\"@id\":\"https:\/\/www.italpassion.fr\/en\/#organization\"},\"image\":{\"@id\":\"https:\/\/www.italpassion.fr\/en\/ferrari\/pourquoi-ferrari-et-porsche-ont-le-meme-cheval-cabre-sur-le-logo\/#primaryimage\"},\"thumbnailUrl\":\"https:\/\/www.italpassion.fr\/wp-content\/uploads\/2026\/01\/logo-ferrari-porsche.jpg\",\"articleSection\":[\"Ferrari\"],\"inLanguage\":\"en-US\",\"potentialAction\":[{\"@type\":\"CommentAction\",\"name\":\"Comment\",\"target\":[\"https:\/\/www.italpassion.fr\/en\/ferrari\/pourquoi-ferrari-et-porsche-ont-le-meme-cheval-cabre-sur-le-logo\/#respond\"]}]},{\"@type\":\"WebPage\",\"@id\":\"https:\/\/www.italpassion.fr\/en\/ferrari\/pourquoi-ferrari-et-porsche-ont-le-meme-cheval-cabre-sur-le-logo\/\",\"url\":\"https:\/\/www.italpassion.fr\/en\/ferrari\/pourquoi-ferrari-et-porsche-ont-le-meme-cheval-cabre-sur-le-logo\/\",\"name\":\"Pourquoi Ferrari et Porsche ont un cheval cabr\u00e9 sur le logo ? - ItalPassion\",\"isPartOf\":{\"@id\":\"https:\/\/www.italpassion.fr\/en\/#website\"},\"primaryImageOfPage\":{\"@id\":\"https:\/\/www.italpassion.fr\/en\/ferrari\/pourquoi-ferrari-et-porsche-ont-le-meme-cheval-cabre-sur-le-logo\/#primaryimage\"},\"image\":{\"@id\":\"https:\/\/www.italpassion.fr\/en\/ferrari\/pourquoi-ferrari-et-porsche-ont-le-meme-cheval-cabre-sur-le-logo\/#primaryimage\"},\"thumbnailUrl\":\"https:\/\/www.italpassion.fr\/wp-content\/uploads\/2026\/01\/logo-ferrari-porsche.jpg\",\"datePublished\":\"2026-01-26T11:25:14+00:00\",\"description\":\"\u00c0 premi\u00e8re vue, la ressemblance est troublante. Deux des marques automobiles les plus prestigieuses au monde, Ferrari et Porsche, arborent toutes deux un\",\"breadcrumb\":{\"@id\":\"https:\/\/www.italpassion.fr\/en\/ferrari\/pourquoi-ferrari-et-porsche-ont-le-meme-cheval-cabre-sur-le-logo\/#breadcrumb\"},\"inLanguage\":\"en-US\",\"potentialAction\":[{\"@type\":\"ReadAction\",\"target\":[\"https:\/\/www.italpassion.fr\/en\/ferrari\/pourquoi-ferrari-et-porsche-ont-le-meme-cheval-cabre-sur-le-logo\/\"]}]},{\"@type\":\"ImageObject\",\"inLanguage\":\"en-US\",\"@id\":\"https:\/\/www.italpassion.fr\/en\/ferrari\/pourquoi-ferrari-et-porsche-ont-le-meme-cheval-cabre-sur-le-logo\/#primaryimage\",\"url\":\"https:\/\/www.italpassion.fr\/wp-content\/uploads\/2026\/01\/logo-ferrari-porsche.jpg\",\"contentUrl\":\"https:\/\/www.italpassion.fr\/wp-content\/uploads\/2026\/01\/logo-ferrari-porsche.jpg\",\"width\":1200,\"height\":800},{\"@type\":\"BreadcrumbList\",\"@id\":\"https:\/\/www.italpassion.fr\/en\/ferrari\/pourquoi-ferrari-et-porsche-ont-le-meme-cheval-cabre-sur-le-logo\/#breadcrumb\",\"itemListElement\":[{\"@type\":\"ListItem\",\"position\":1,\"name\":\"Accueil\",\"item\":\"https:\/\/www.italpassion.fr\/en\/\"},{\"@type\":\"ListItem\",\"position\":2,\"name\":\"Pourquoi Ferrari et Porsche ont un cheval cabr\u00e9 sur le logo ?\"}]},{\"@type\":\"WebSite\",\"@id\":\"https:\/\/www.italpassion.fr\/en\/#website\",\"url\":\"https:\/\/www.italpassion.fr\/en\/\",\"name\":\"ItalPassion\",\"description\":\"Les Passionn\u00e9s d&#039;Automobiles Italiennes\",\"publisher\":{\"@id\":\"https:\/\/www.italpassion.fr\/en\/#organization\"},\"potentialAction\":[{\"@type\":\"SearchAction\",\"target\":{\"@type\":\"EntryPoint\",\"urlTemplate\":\"https:\/\/www.italpassion.fr\/en\/?s={search_term_string}\"},\"query-input\":{\"@type\":\"PropertyValueSpecification\",\"valueRequired\":true,\"valueName\":\"search_term_string\"}}],\"inLanguage\":\"en-US\"},{\"@type\":\"Organization\",\"@id\":\"https:\/\/www.italpassion.fr\/en\/#organization\",\"name\":\"Italpassion\",\"url\":\"https:\/\/www.italpassion.fr\/en\/\",\"logo\":{\"@type\":\"ImageObject\",\"inLanguage\":\"en-US\",\"@id\":\"https:\/\/www.italpassion.fr\/en\/#\/schema\/logo\/image\/\",\"url\":\"https:\/\/www.italpassion.fr\/wp-content\/uploads\/2023\/07\/italpassion-yoast.jpg\",\"contentUrl\":\"https:\/\/www.italpassion.fr\/wp-content\/uploads\/2023\/07\/italpassion-yoast.jpg\",\"width\":696,\"height\":696,\"caption\":\"Italpassion\"},\"image\":{\"@id\":\"https:\/\/www.italpassion.fr\/en\/#\/schema\/logo\/image\/\"},\"sameAs\":[\"https:\/\/www.facebook.com\/italpassion\",\"https:\/\/x.com\/italpassion\",\"https:\/\/www.instagram.com\/italpassionfr\/\",\"https:\/\/www.youtube.com\/channel\/UCleq-ByQaA42OjhopwevRjQ\",\"https:\/\/www.facebook.com\/italpassion.en\/\",\"https:\/\/www.facebook.com\/italpassion.it\/\",\"https:\/\/www.facebook.com\/italpassion.de\/\",\"https:\/\/www.facebook.com\/italpassion.ja\/\"]},{\"@type\":\"Person\",\"@id\":\"https:\/\/www.italpassion.fr\/en\/#\/schema\/person\/36f747b2a759ca202d847e85a9434ca0\",\"name\":\"Alexandre Filluzeau\",\"image\":{\"@type\":\"ImageObject\",\"inLanguage\":\"en-US\",\"@id\":\"https:\/\/www.italpassion.fr\/en\/#\/schema\/person\/image\/\",\"url\":\"https:\/\/www.italpassion.fr\/wp-content\/uploads\/2025\/04\/avatar-alexandre-160x160.jpg\",\"contentUrl\":\"https:\/\/www.italpassion.fr\/wp-content\/uploads\/2025\/04\/avatar-alexandre-160x160.jpg\",\"caption\":\"Alexandre Filluzeau\"},\"description\":\"Fondateur du site ItalPassion, passionn\u00e9 de voitures italiennes et de l'Italie en g\u00e9n\u00e9ral. J'apporte un regard critique et technique aux actualit\u00e9s des marques italiennes quand cela est possible. Propri\u00e9taire d'une Maserati GranTurismo, Alfa Romeo MiTo, Lancia Fulvia et Ducati 695. Ex-propri\u00e9taire d'une Alfa Romeo Giulia.\",\"sameAs\":[\"https:\/\/www.italpassion.fr\/\"],\"url\":\"https:\/\/www.italpassion.fr\/en\/author\/alexandre\/\"}]}<\/script>\n<!-- \/ Yoast SEO plugin. -->","yoast_head_json":{"title":"Why do Ferrari and Porsche have a prancing horse on their logo? - ItalPassion","description":"At first glance, the resemblance is uncanny. Two of the world's most prestigious automobile brands, Ferrari and Porsche, both feature a","robots":{"index":"index","follow":"follow","max-snippet":"max-snippet:-1","max-image-preview":"max-image-preview:large","max-video-preview":"max-video-preview:-1"},"canonical":"https:\/\/www.italpassion.fr\/en\/ferrari\/why-ferrari-and-porsche-have-the-same-prancing-horse-on-the-logo\/","og_locale":"en_US","og_type":"article","og_title":"Pourquoi Ferrari et Porsche ont un cheval cabr\u00e9 sur le logo ? - ItalPassion","og_description":"\u00c0 premi\u00e8re vue, la ressemblance est troublante. Deux des marques automobiles les plus prestigieuses au monde, Ferrari et Porsche, arborent toutes deux un","og_url":"https:\/\/www.italpassion.fr\/en\/ferrari\/why-ferrari-and-porsche-have-the-same-prancing-horse-on-the-logo\/","og_site_name":"ItalPassion","article_publisher":"https:\/\/www.facebook.com\/italpassion","article_published_time":"2026-01-26T11:25:14+00:00","og_image":[{"width":1200,"height":800,"url":"https:\/\/www.italpassion.fr\/wp-content\/uploads\/2026\/01\/logo-ferrari-porsche.jpg","type":"image\/jpeg"}],"author":"Alexandre Filluzeau","twitter_card":"summary_large_image","twitter_creator":"@italpassion","twitter_site":"@italpassion","schema":{"@context":"https:\/\/schema.org","@graph":[{"@type":"NewsArticle","@id":"https:\/\/www.italpassion.fr\/en\/ferrari\/pourquoi-ferrari-et-porsche-ont-le-meme-cheval-cabre-sur-le-logo\/#article","isPartOf":{"@id":"https:\/\/www.italpassion.fr\/en\/ferrari\/pourquoi-ferrari-et-porsche-ont-le-meme-cheval-cabre-sur-le-logo\/"},"author":{"name":"Alexandre Filluzeau","@id":"https:\/\/www.italpassion.fr\/en\/#\/schema\/person\/36f747b2a759ca202d847e85a9434ca0"},"headline":"Pourquoi Ferrari et Porsche ont un cheval cabr\u00e9 sur le logo ?","datePublished":"2026-01-26T11:25:14+00:00","mainEntityOfPage":{"@id":"https:\/\/www.italpassion.fr\/en\/ferrari\/pourquoi-ferrari-et-porsche-ont-le-meme-cheval-cabre-sur-le-logo\/"},"wordCount":1409,"commentCount":4,"publisher":{"@id":"https:\/\/www.italpassion.fr\/en\/#organization"},"image":{"@id":"https:\/\/www.italpassion.fr\/en\/ferrari\/pourquoi-ferrari-et-porsche-ont-le-meme-cheval-cabre-sur-le-logo\/#primaryimage"},"thumbnailUrl":"https:\/\/www.italpassion.fr\/wp-content\/uploads\/2026\/01\/logo-ferrari-porsche.jpg","articleSection":["Ferrari"],"inLanguage":"en-US","potentialAction":[{"@type":"CommentAction","name":"Comment","target":["https:\/\/www.italpassion.fr\/en\/ferrari\/pourquoi-ferrari-et-porsche-ont-le-meme-cheval-cabre-sur-le-logo\/#respond"]}]},{"@type":"WebPage","@id":"https:\/\/www.italpassion.fr\/en\/ferrari\/pourquoi-ferrari-et-porsche-ont-le-meme-cheval-cabre-sur-le-logo\/","url":"https:\/\/www.italpassion.fr\/en\/ferrari\/pourquoi-ferrari-et-porsche-ont-le-meme-cheval-cabre-sur-le-logo\/","name":"Why do Ferrari and Porsche have a prancing horse on their logo? - ItalPassion","isPartOf":{"@id":"https:\/\/www.italpassion.fr\/en\/#website"},"primaryImageOfPage":{"@id":"https:\/\/www.italpassion.fr\/en\/ferrari\/pourquoi-ferrari-et-porsche-ont-le-meme-cheval-cabre-sur-le-logo\/#primaryimage"},"image":{"@id":"https:\/\/www.italpassion.fr\/en\/ferrari\/pourquoi-ferrari-et-porsche-ont-le-meme-cheval-cabre-sur-le-logo\/#primaryimage"},"thumbnailUrl":"https:\/\/www.italpassion.fr\/wp-content\/uploads\/2026\/01\/logo-ferrari-porsche.jpg","datePublished":"2026-01-26T11:25:14+00:00","description":"At first glance, the resemblance is uncanny. Two of the world's most prestigious automobile brands, Ferrari and Porsche, both feature a","breadcrumb":{"@id":"https:\/\/www.italpassion.fr\/en\/ferrari\/pourquoi-ferrari-et-porsche-ont-le-meme-cheval-cabre-sur-le-logo\/#breadcrumb"},"inLanguage":"en-US","potentialAction":[{"@type":"ReadAction","target":["https:\/\/www.italpassion.fr\/en\/ferrari\/pourquoi-ferrari-et-porsche-ont-le-meme-cheval-cabre-sur-le-logo\/"]}]},{"@type":"ImageObject","inLanguage":"en-US","@id":"https:\/\/www.italpassion.fr\/en\/ferrari\/pourquoi-ferrari-et-porsche-ont-le-meme-cheval-cabre-sur-le-logo\/#primaryimage","url":"https:\/\/www.italpassion.fr\/wp-content\/uploads\/2026\/01\/logo-ferrari-porsche.jpg","contentUrl":"https:\/\/www.italpassion.fr\/wp-content\/uploads\/2026\/01\/logo-ferrari-porsche.jpg","width":1200,"height":800},{"@type":"BreadcrumbList","@id":"https:\/\/www.italpassion.fr\/en\/ferrari\/pourquoi-ferrari-et-porsche-ont-le-meme-cheval-cabre-sur-le-logo\/#breadcrumb","itemListElement":[{"@type":"ListItem","position":1,"name":"Accueil","item":"https:\/\/www.italpassion.fr\/en\/"},{"@type":"ListItem","position":2,"name":"Pourquoi Ferrari et Porsche ont un cheval cabr\u00e9 sur le logo ?"}]},{"@type":"WebSite","@id":"https:\/\/www.italpassion.fr\/en\/#website","url":"https:\/\/www.italpassion.fr\/en\/","name":"ItalPassion","description":"Italian Car Enthusiasts","publisher":{"@id":"https:\/\/www.italpassion.fr\/en\/#organization"},"potentialAction":[{"@type":"SearchAction","target":{"@type":"EntryPoint","urlTemplate":"https:\/\/www.italpassion.fr\/en\/?s={search_term_string}"},"query-input":{"@type":"PropertyValueSpecification","valueRequired":true,"valueName":"search_term_string"}}],"inLanguage":"en-US"},{"@type":"Organization","@id":"https:\/\/www.italpassion.fr\/en\/#organization","name":"Italpassion","url":"https:\/\/www.italpassion.fr\/en\/","logo":{"@type":"ImageObject","inLanguage":"en-US","@id":"https:\/\/www.italpassion.fr\/en\/#\/schema\/logo\/image\/","url":"https:\/\/www.italpassion.fr\/wp-content\/uploads\/2023\/07\/italpassion-yoast.jpg","contentUrl":"https:\/\/www.italpassion.fr\/wp-content\/uploads\/2023\/07\/italpassion-yoast.jpg","width":696,"height":696,"caption":"Italpassion"},"image":{"@id":"https:\/\/www.italpassion.fr\/en\/#\/schema\/logo\/image\/"},"sameAs":["https:\/\/www.facebook.com\/italpassion","https:\/\/x.com\/italpassion","https:\/\/www.instagram.com\/italpassionfr\/","https:\/\/www.youtube.com\/channel\/UCleq-ByQaA42OjhopwevRjQ","https:\/\/www.facebook.com\/italpassion.en\/","https:\/\/www.facebook.com\/italpassion.it\/","https:\/\/www.facebook.com\/italpassion.de\/","https:\/\/www.facebook.com\/italpassion.ja\/"]},{"@type":"Person","@id":"https:\/\/www.italpassion.fr\/en\/#\/schema\/person\/36f747b2a759ca202d847e85a9434ca0","name":"Alexandre Filluzeau","image":{"@type":"ImageObject","inLanguage":"en-US","@id":"https:\/\/www.italpassion.fr\/en\/#\/schema\/person\/image\/","url":"https:\/\/www.italpassion.fr\/wp-content\/uploads\/2025\/04\/avatar-alexandre-160x160.jpg","contentUrl":"https:\/\/www.italpassion.fr\/wp-content\/uploads\/2025\/04\/avatar-alexandre-160x160.jpg","caption":"Alexandre Filluzeau"},"description":"Founder of the ItalPassion website, passionate about Italian cars and Italy in general. I bring a critical and technical eye to the news of Italian brands when possible. Owner of a Maserati GranTurismo, Alfa Romeo MiTo, Lancia Fulvia and Ducati 695. Ex-owner of an Alfa Romeo Giulia.","sameAs":["https:\/\/www.italpassion.fr\/"],"url":"https:\/\/www.italpassion.fr\/en\/author\/alexandre\/"}]}},"_links":{"self":[{"href":"https:\/\/www.italpassion.fr\/en\/wp-json\/wp\/v2\/posts\/45748","targetHints":{"allow":["GET"]}}],"collection":[{"href":"https:\/\/www.italpassion.fr\/en\/wp-json\/wp\/v2\/posts"}],"about":[{"href":"https:\/\/www.italpassion.fr\/en\/wp-json\/wp\/v2\/types\/post"}],"author":[{"embeddable":true,"href":"https:\/\/www.italpassion.fr\/en\/wp-json\/wp\/v2\/users\/1"}],"replies":[{"embeddable":true,"href":"https:\/\/www.italpassion.fr\/en\/wp-json\/wp\/v2\/comments?post=45748"}],"version-history":[{"count":2,"href":"https:\/\/www.italpassion.fr\/en\/wp-json\/wp\/v2\/posts\/45748\/revisions"}],"predecessor-version":[{"id":45761,"href":"https:\/\/www.italpassion.fr\/en\/wp-json\/wp\/v2\/posts\/45748\/revisions\/45761"}],"wp:featuredmedia":[{"embeddable":true,"href":"https:\/\/www.italpassion.fr\/en\/wp-json\/wp\/v2\/media\/45749"}],"wp:attachment":[{"href":"https:\/\/www.italpassion.fr\/en\/wp-json\/wp\/v2\/media?parent=45748"}],"wp:term":[{"taxonomy":"category","embeddable":true,"href":"https:\/\/www.italpassion.fr\/en\/wp-json\/wp\/v2\/categories?post=45748"},{"taxonomy":"post_tag","embeddable":true,"href":"https:\/\/www.italpassion.fr\/en\/wp-json\/wp\/v2\/tags?post=45748"}],"curies":[{"name":"wp","href":"https:\/\/api.w.org\/{rel}","templated":true}]}}