{"id":44330,"date":"2025-12-12T11:03:36","date_gmt":"2025-12-12T10:03:36","guid":{"rendered":"https:\/\/www.italpassion.fr\/?p=44330"},"modified":"2025-12-12T11:03:36","modified_gmt":"2025-12-12T10:03:36","slug":"maserati-lowers-the-price-of-its-v6-suv-for-the-price-of-a-four-cylinder-and-raises-the-price-of-the-electric-model","status":"publish","type":"post","link":"https:\/\/www.italpassion.fr\/en\/maserati\/maserati-baisse-le-prix-de-son-suv-v6-au-prix-dun-quatre-cylindres-et-augmente-le-prix-du-modele-electrique\/","title":{"rendered":"Maserati lowers the price of its V6 SUV to that of a four-cylinder (and raises the price of the electric model)"},"content":{"rendered":"<figure class=\"wp-block-image size-full\"><img loading=\"lazy\" decoding=\"async\" width=\"1200\" height=\"800\" src=\"https:\/\/www.italpassion.fr\/wp-content\/uploads\/2025\/12\/maserati-grecale-v6.jpg\" alt=\"\" class=\"wp-image-44332\" srcset=\"https:\/\/www.italpassion.fr\/wp-content\/uploads\/2025\/12\/maserati-grecale-v6.jpg 1200w, https:\/\/www.italpassion.fr\/wp-content\/uploads\/2025\/12\/maserati-grecale-v6-420x280.jpg 420w, https:\/\/www.italpassion.fr\/wp-content\/uploads\/2025\/12\/maserati-grecale-v6-768x512.jpg 768w, https:\/\/www.italpassion.fr\/wp-content\/uploads\/2025\/12\/maserati-grecale-v6-18x12.jpg 18w\" sizes=\"auto, (max-width: 1200px) 100vw, 1200px\" \/><\/figure>\n\n\n\n<p><a href=\"https:\/\/www.italpassion.fr\/en\/maserati\/\">Maserati<\/a> didn't issue a thunderous press release. However, a close look at the American configurators reveals a major development in recent weeks: the SUV <a href=\"https:\/\/www.italpassion.fr\/en\/cars\/maserati-grecale\/\">Grecale<\/a> is now available in the USA in a V6 Modena version, at exactly the same price as the four-cylinder Modena. This decision is far from insignificant, especially at a time when the Italian brand is going through one of the most difficult periods in its recent history.<\/p>\n\n\n\n<h3 class=\"wp-block-heading\">A Maserati V6 at four-cylinder prices<\/h3>\n\n\n\n<p>Until now, access to the V6 engine on the Maserati Grecale required a direct upgrade to the Grecale Trofeo, priced at $110,200. This was a steep price to pay, reserving the six-cylinder engine for the wealthiest customers in a country where V6 and V8 engines are king! The situation is now radically different on the American market.<\/p>\n\n\n\n<figure class=\"wp-block-image size-full\"><img loading=\"lazy\" decoding=\"async\" width=\"1200\" height=\"1184\" src=\"https:\/\/www.italpassion.fr\/wp-content\/uploads\/2025\/12\/tarif-maserati-us-2026.jpg\" alt=\"\" class=\"wp-image-44331\" srcset=\"https:\/\/www.italpassion.fr\/wp-content\/uploads\/2025\/12\/tarif-maserati-us-2026.jpg 1200w, https:\/\/www.italpassion.fr\/wp-content\/uploads\/2025\/12\/tarif-maserati-us-2026-420x414.jpg 420w, https:\/\/www.italpassion.fr\/wp-content\/uploads\/2025\/12\/tarif-maserati-us-2026-768x758.jpg 768w, https:\/\/www.italpassion.fr\/wp-content\/uploads\/2025\/12\/tarif-maserati-us-2026-12x12.jpg 12w\" sizes=\"auto, (max-width: 1200px) 100vw, 1200px\" \/><\/figure>\n\n\n\n<p>The 2026 Grecale Modena V6 starts at $84,500, exactly the same price as the four-cylinder Grecale Modena. Under the hood is the in-house 3.0-liter V6, derived from the Nettuno, but here reduced to 385 hp, compared with 523 hp on the Trofeo (550 hp in Europe). Performance remains solid, with top speed increased to 160 mph (260 km\/h), while retaining all-wheel drive and the overall performance of the excellent Giorgio platform. This drop in power is no accident. It enables Maserati to reposition its V6 as a more accessible alternative, without totally cannibalizing the Trofeo, which retains a clear advantage in pure performance.<\/p>\n\n\n\n<h2 class=\"wp-block-heading\">An American exclusive...<\/h2>\n\n\n\n<p>It's worth noting that this Modena V6 version does not exist in Europe. Neither the French, German nor Italian configurators offer it at this stage. In these markets, the Grecale remains classically structured, with a four-cylinder on entry-level and mid-range versions, and the V6 reserved for the Trofeo. This choice reinforces the idea of a targeted decision, designed specifically for the United States. A country that is not only Maserati's number-one market, but also the one where the decline is currently the most worrying.<\/p>\n\n\n\n<h2 class=\"wp-block-heading\">A direct response to Maserati's American crisis<\/h2>\n\n\n\n<p>The figures speak for themselves. Over the period January-November 2025, <a href=\"https:\/\/www.italpassion.fr\/en\/maserati\/maserati-no-surprise-no-positive-signs-for-2025-except-in-germany\/\">Maserati posts 39 % drop in U.S. sales<\/a>its number-one market. Residual stocks of the Ghibli, Quattroporte and Levante continue to weigh heavily, while the Grecale, which has become the mainstay of the range, is struggling to compensate on its own for the gradual disappearance of older models. Against this backdrop, offering a V6-powered Maserati SUV at the price of a four-cylinder model clearly looks like a targeted relaunch attempt. The message is simple: restore desire, recreate desire, and above all offer a differentiating argument in the face of the competition.<\/p>\n\n\n\n<p>Will this strategy remain limited to the United States, or does it prefigure a more global evolution of the Grecale range? For the time being, Maserati has not revealed any plans for Europe. However, the German example shows that the Grecale can become a real growth driver when the positioning is right.<\/p>\n\n\n\n<p>This new version of the Grecale Modena V6 is not an industrial revolution, but it could represent a commercial turning point. By reintroducing the V6 at a more accessible price level, Maserati is clearly testing the American market, where the urgency is greatest. It remains to be seen whether this price cut, accompanied by a measured drop in performance, will be enough to halt the negative spiral observed for over a year. The answer will come in 2026, with figures to prove it. But one thing is certain: for the first time in a long time, Maserati seems to be adjusting its offering not out of ideology, but out of pragmatism.<\/p>\n\n\n\n<figure class=\"wp-block-table\"><table class=\"has-fixed-layout\"><thead><tr><th><\/th><th>2025<\/th><th>2026<\/th><\/tr><\/thead><tbody><tr><td>Maserati Grecale<\/td><td>$69,900<\/td><td>$77,900<\/td><\/tr><tr><td>Maserati Grecale Modena<\/td><td>$78,500<\/td><td>$84,500<\/td><\/tr><tr><td>Maserati Grecale Modena V6<\/td><td><\/td><td>$84,500<\/td><\/tr><tr><td>Maserati Grecale Trofeo<\/td><td>$110,200<\/td><td>$117,500<\/td><\/tr><tr><td>Maserati Grecale Folgore<\/td><td>$109,000<\/td><td>$119,900<\/td><\/tr><\/tbody><\/table><\/figure>","protected":false},"excerpt":{"rendered":"","protected":false},"author":1,"featured_media":44332,"comment_status":"open","ping_status":"open","sticky":false,"template":"","format":"standard","meta":{"_acf_changed":false,"_sitemap_exclude":false,"_sitemap_priority":"","_sitemap_frequency":"","footnotes":""},"categories":[27],"tags":[285],"class_list":["post-44330","post","type-post","status-publish","format-standard","has-post-thumbnail","hentry","category-maserati","tag-maserati-grecale","generate-columns","tablet-grid-50","mobile-grid-100","grid-parent","grid-33"],"acf":[],"yoast_head":"<!-- This site is optimized with the Yoast SEO plugin v25.8 - https:\/\/yoast.com\/wordpress\/plugins\/seo\/ -->\n<title>Maserati baisse le prix de son SUV V6 au prix d\u2019un quatre-cylindres (et augmente le prix du mod\u00e8le \u00e9lectrique) - ItalPassion<\/title>\n<meta name=\"description\" content=\"Maserati n\u2019a pas fait de communiqu\u00e9 tonitruant. Pourtant, en scrutant attentivement les configurateurs am\u00e9ricains, une \u00e9volution majeure est apparue ces\" \/>\n<meta name=\"robots\" content=\"index, follow, max-snippet:-1, max-image-preview:large, max-video-preview:-1\" \/>\n<link rel=\"canonical\" href=\"https:\/\/www.italpassion.fr\/en\/maserati\/maserati-lowers-the-price-of-its-v6-suv-for-the-price-of-a-four-cylinder-and-raises-the-price-of-the-electric-model\/\" \/>\n<meta property=\"og:locale\" content=\"en_US\" \/>\n<meta property=\"og:type\" content=\"article\" \/>\n<meta property=\"og:title\" content=\"Maserati baisse le prix de son SUV V6 au prix d\u2019un quatre-cylindres (et augmente le prix du mod\u00e8le \u00e9lectrique) - ItalPassion\" \/>\n<meta property=\"og:description\" content=\"Maserati n\u2019a pas fait de communiqu\u00e9 tonitruant. Pourtant, en scrutant attentivement les configurateurs am\u00e9ricains, une \u00e9volution majeure est apparue ces\" \/>\n<meta property=\"og:url\" content=\"https:\/\/www.italpassion.fr\/en\/maserati\/maserati-lowers-the-price-of-its-v6-suv-for-the-price-of-a-four-cylinder-and-raises-the-price-of-the-electric-model\/\" \/>\n<meta property=\"og:site_name\" content=\"ItalPassion\" \/>\n<meta property=\"article:publisher\" content=\"https:\/\/www.facebook.com\/italpassion\" \/>\n<meta property=\"article:published_time\" content=\"2025-12-12T10:03:36+00:00\" \/>\n<meta property=\"og:image\" content=\"https:\/\/www.italpassion.fr\/wp-content\/uploads\/2025\/12\/maserati-grecale-v6.jpg\" \/>\n\t<meta property=\"og:image:width\" content=\"1200\" \/>\n\t<meta property=\"og:image:height\" content=\"800\" \/>\n\t<meta property=\"og:image:type\" content=\"image\/jpeg\" \/>\n<meta name=\"author\" content=\"Alexandre Filluzeau\" \/>\n<meta name=\"twitter:card\" content=\"summary_large_image\" \/>\n<meta name=\"twitter:creator\" content=\"@italpassion\" \/>\n<meta name=\"twitter:site\" content=\"@italpassion\" \/>\n<script type=\"application\/ld+json\" class=\"yoast-schema-graph\">{\"@context\":\"https:\/\/schema.org\",\"@graph\":[{\"@type\":\"NewsArticle\",\"@id\":\"https:\/\/www.italpassion.fr\/en\/maserati\/maserati-baisse-le-prix-de-son-suv-v6-au-prix-dun-quatre-cylindres-et-augmente-le-prix-du-modele-electrique\/#article\",\"isPartOf\":{\"@id\":\"https:\/\/www.italpassion.fr\/en\/maserati\/maserati-baisse-le-prix-de-son-suv-v6-au-prix-dun-quatre-cylindres-et-augmente-le-prix-du-modele-electrique\/\"},\"author\":{\"name\":\"Alexandre Filluzeau\",\"@id\":\"https:\/\/www.italpassion.fr\/en\/#\/schema\/person\/36f747b2a759ca202d847e85a9434ca0\"},\"headline\":\"Maserati baisse le prix de son SUV V6 au prix d\u2019un quatre-cylindres (et augmente le prix du mod\u00e8le \u00e9lectrique)\",\"datePublished\":\"2025-12-12T10:03:36+00:00\",\"mainEntityOfPage\":{\"@id\":\"https:\/\/www.italpassion.fr\/en\/maserati\/maserati-baisse-le-prix-de-son-suv-v6-au-prix-dun-quatre-cylindres-et-augmente-le-prix-du-modele-electrique\/\"},\"wordCount\":675,\"commentCount\":2,\"publisher\":{\"@id\":\"https:\/\/www.italpassion.fr\/en\/#organization\"},\"image\":{\"@id\":\"https:\/\/www.italpassion.fr\/en\/maserati\/maserati-baisse-le-prix-de-son-suv-v6-au-prix-dun-quatre-cylindres-et-augmente-le-prix-du-modele-electrique\/#primaryimage\"},\"thumbnailUrl\":\"https:\/\/www.italpassion.fr\/wp-content\/uploads\/2025\/12\/maserati-grecale-v6.jpg\",\"keywords\":[\"Maserati Grecale\"],\"articleSection\":[\"Maserati\"],\"inLanguage\":\"en-US\",\"potentialAction\":[{\"@type\":\"CommentAction\",\"name\":\"Comment\",\"target\":[\"https:\/\/www.italpassion.fr\/en\/maserati\/maserati-baisse-le-prix-de-son-suv-v6-au-prix-dun-quatre-cylindres-et-augmente-le-prix-du-modele-electrique\/#respond\"]}]},{\"@type\":\"WebPage\",\"@id\":\"https:\/\/www.italpassion.fr\/en\/maserati\/maserati-baisse-le-prix-de-son-suv-v6-au-prix-dun-quatre-cylindres-et-augmente-le-prix-du-modele-electrique\/\",\"url\":\"https:\/\/www.italpassion.fr\/en\/maserati\/maserati-baisse-le-prix-de-son-suv-v6-au-prix-dun-quatre-cylindres-et-augmente-le-prix-du-modele-electrique\/\",\"name\":\"Maserati baisse le prix de son SUV V6 au prix d\u2019un quatre-cylindres (et augmente le prix du mod\u00e8le \u00e9lectrique) - ItalPassion\",\"isPartOf\":{\"@id\":\"https:\/\/www.italpassion.fr\/en\/#website\"},\"primaryImageOfPage\":{\"@id\":\"https:\/\/www.italpassion.fr\/en\/maserati\/maserati-baisse-le-prix-de-son-suv-v6-au-prix-dun-quatre-cylindres-et-augmente-le-prix-du-modele-electrique\/#primaryimage\"},\"image\":{\"@id\":\"https:\/\/www.italpassion.fr\/en\/maserati\/maserati-baisse-le-prix-de-son-suv-v6-au-prix-dun-quatre-cylindres-et-augmente-le-prix-du-modele-electrique\/#primaryimage\"},\"thumbnailUrl\":\"https:\/\/www.italpassion.fr\/wp-content\/uploads\/2025\/12\/maserati-grecale-v6.jpg\",\"datePublished\":\"2025-12-12T10:03:36+00:00\",\"description\":\"Maserati n\u2019a pas fait de communiqu\u00e9 tonitruant. Pourtant, en scrutant attentivement les configurateurs am\u00e9ricains, une \u00e9volution majeure est apparue ces\",\"breadcrumb\":{\"@id\":\"https:\/\/www.italpassion.fr\/en\/maserati\/maserati-baisse-le-prix-de-son-suv-v6-au-prix-dun-quatre-cylindres-et-augmente-le-prix-du-modele-electrique\/#breadcrumb\"},\"inLanguage\":\"en-US\",\"potentialAction\":[{\"@type\":\"ReadAction\",\"target\":[\"https:\/\/www.italpassion.fr\/en\/maserati\/maserati-baisse-le-prix-de-son-suv-v6-au-prix-dun-quatre-cylindres-et-augmente-le-prix-du-modele-electrique\/\"]}]},{\"@type\":\"ImageObject\",\"inLanguage\":\"en-US\",\"@id\":\"https:\/\/www.italpassion.fr\/en\/maserati\/maserati-baisse-le-prix-de-son-suv-v6-au-prix-dun-quatre-cylindres-et-augmente-le-prix-du-modele-electrique\/#primaryimage\",\"url\":\"https:\/\/www.italpassion.fr\/wp-content\/uploads\/2025\/12\/maserati-grecale-v6.jpg\",\"contentUrl\":\"https:\/\/www.italpassion.fr\/wp-content\/uploads\/2025\/12\/maserati-grecale-v6.jpg\",\"width\":1200,\"height\":800},{\"@type\":\"BreadcrumbList\",\"@id\":\"https:\/\/www.italpassion.fr\/en\/maserati\/maserati-baisse-le-prix-de-son-suv-v6-au-prix-dun-quatre-cylindres-et-augmente-le-prix-du-modele-electrique\/#breadcrumb\",\"itemListElement\":[{\"@type\":\"ListItem\",\"position\":1,\"name\":\"Accueil\",\"item\":\"https:\/\/www.italpassion.fr\/en\/\"},{\"@type\":\"ListItem\",\"position\":2,\"name\":\"Maserati baisse le prix de son SUV V6 au prix d\u2019un quatre-cylindres (et augmente le prix du mod\u00e8le \u00e9lectrique)\"}]},{\"@type\":\"WebSite\",\"@id\":\"https:\/\/www.italpassion.fr\/en\/#website\",\"url\":\"https:\/\/www.italpassion.fr\/en\/\",\"name\":\"ItalPassion\",\"description\":\"Les Passionn\u00e9s d&#039;Automobiles Italiennes\",\"publisher\":{\"@id\":\"https:\/\/www.italpassion.fr\/en\/#organization\"},\"potentialAction\":[{\"@type\":\"SearchAction\",\"target\":{\"@type\":\"EntryPoint\",\"urlTemplate\":\"https:\/\/www.italpassion.fr\/en\/?s={search_term_string}\"},\"query-input\":{\"@type\":\"PropertyValueSpecification\",\"valueRequired\":true,\"valueName\":\"search_term_string\"}}],\"inLanguage\":\"en-US\"},{\"@type\":\"Organization\",\"@id\":\"https:\/\/www.italpassion.fr\/en\/#organization\",\"name\":\"Italpassion\",\"url\":\"https:\/\/www.italpassion.fr\/en\/\",\"logo\":{\"@type\":\"ImageObject\",\"inLanguage\":\"en-US\",\"@id\":\"https:\/\/www.italpassion.fr\/en\/#\/schema\/logo\/image\/\",\"url\":\"https:\/\/www.italpassion.fr\/wp-content\/uploads\/2023\/07\/italpassion-yoast.jpg\",\"contentUrl\":\"https:\/\/www.italpassion.fr\/wp-content\/uploads\/2023\/07\/italpassion-yoast.jpg\",\"width\":696,\"height\":696,\"caption\":\"Italpassion\"},\"image\":{\"@id\":\"https:\/\/www.italpassion.fr\/en\/#\/schema\/logo\/image\/\"},\"sameAs\":[\"https:\/\/www.facebook.com\/italpassion\",\"https:\/\/x.com\/italpassion\",\"https:\/\/www.instagram.com\/italpassionfr\/\",\"https:\/\/www.youtube.com\/channel\/UCleq-ByQaA42OjhopwevRjQ\",\"https:\/\/www.facebook.com\/italpassion.en\/\",\"https:\/\/www.facebook.com\/italpassion.it\/\",\"https:\/\/www.facebook.com\/italpassion.de\/\",\"https:\/\/www.facebook.com\/italpassion.ja\/\"]},{\"@type\":\"Person\",\"@id\":\"https:\/\/www.italpassion.fr\/en\/#\/schema\/person\/36f747b2a759ca202d847e85a9434ca0\",\"name\":\"Alexandre Filluzeau\",\"image\":{\"@type\":\"ImageObject\",\"inLanguage\":\"en-US\",\"@id\":\"https:\/\/www.italpassion.fr\/en\/#\/schema\/person\/image\/\",\"url\":\"https:\/\/www.italpassion.fr\/wp-content\/uploads\/2025\/04\/avatar-alexandre-160x160.jpg\",\"contentUrl\":\"https:\/\/www.italpassion.fr\/wp-content\/uploads\/2025\/04\/avatar-alexandre-160x160.jpg\",\"caption\":\"Alexandre Filluzeau\"},\"description\":\"Fondateur du site ItalPassion, passionn\u00e9 de voitures italiennes et de l'Italie en g\u00e9n\u00e9ral. J'apporte un regard critique et technique aux actualit\u00e9s des marques italiennes quand cela est possible. Propri\u00e9taire d'une Maserati GranTurismo, Alfa Romeo MiTo, Lancia Fulvia et Ducati 695. Ex-propri\u00e9taire d'une Alfa Romeo Giulia.\",\"sameAs\":[\"https:\/\/www.italpassion.fr\/\"],\"url\":\"https:\/\/www.italpassion.fr\/en\/author\/alexandre\/\"}]}<\/script>\n<!-- \/ Yoast SEO plugin. -->","yoast_head_json":{"title":"Maserati lowers the price of its V6 SUV to that of a four-cylinder (and raises the price of the electric model) - ItalPassion","description":"Maserati didn't issue a thunderous press release. However, a close look at the American configurators reveals a major evolution in the last few months.","robots":{"index":"index","follow":"follow","max-snippet":"max-snippet:-1","max-image-preview":"max-image-preview:large","max-video-preview":"max-video-preview:-1"},"canonical":"https:\/\/www.italpassion.fr\/en\/maserati\/maserati-lowers-the-price-of-its-v6-suv-for-the-price-of-a-four-cylinder-and-raises-the-price-of-the-electric-model\/","og_locale":"en_US","og_type":"article","og_title":"Maserati baisse le prix de son SUV V6 au prix d\u2019un quatre-cylindres (et augmente le prix du mod\u00e8le \u00e9lectrique) - ItalPassion","og_description":"Maserati n\u2019a pas fait de communiqu\u00e9 tonitruant. Pourtant, en scrutant attentivement les configurateurs am\u00e9ricains, une \u00e9volution majeure est apparue ces","og_url":"https:\/\/www.italpassion.fr\/en\/maserati\/maserati-lowers-the-price-of-its-v6-suv-for-the-price-of-a-four-cylinder-and-raises-the-price-of-the-electric-model\/","og_site_name":"ItalPassion","article_publisher":"https:\/\/www.facebook.com\/italpassion","article_published_time":"2025-12-12T10:03:36+00:00","og_image":[{"width":1200,"height":800,"url":"https:\/\/www.italpassion.fr\/wp-content\/uploads\/2025\/12\/maserati-grecale-v6.jpg","type":"image\/jpeg"}],"author":"Alexandre Filluzeau","twitter_card":"summary_large_image","twitter_creator":"@italpassion","twitter_site":"@italpassion","schema":{"@context":"https:\/\/schema.org","@graph":[{"@type":"NewsArticle","@id":"https:\/\/www.italpassion.fr\/en\/maserati\/maserati-baisse-le-prix-de-son-suv-v6-au-prix-dun-quatre-cylindres-et-augmente-le-prix-du-modele-electrique\/#article","isPartOf":{"@id":"https:\/\/www.italpassion.fr\/en\/maserati\/maserati-baisse-le-prix-de-son-suv-v6-au-prix-dun-quatre-cylindres-et-augmente-le-prix-du-modele-electrique\/"},"author":{"name":"Alexandre Filluzeau","@id":"https:\/\/www.italpassion.fr\/en\/#\/schema\/person\/36f747b2a759ca202d847e85a9434ca0"},"headline":"Maserati baisse le prix de son SUV V6 au prix d\u2019un quatre-cylindres (et augmente le prix du mod\u00e8le \u00e9lectrique)","datePublished":"2025-12-12T10:03:36+00:00","mainEntityOfPage":{"@id":"https:\/\/www.italpassion.fr\/en\/maserati\/maserati-baisse-le-prix-de-son-suv-v6-au-prix-dun-quatre-cylindres-et-augmente-le-prix-du-modele-electrique\/"},"wordCount":675,"commentCount":2,"publisher":{"@id":"https:\/\/www.italpassion.fr\/en\/#organization"},"image":{"@id":"https:\/\/www.italpassion.fr\/en\/maserati\/maserati-baisse-le-prix-de-son-suv-v6-au-prix-dun-quatre-cylindres-et-augmente-le-prix-du-modele-electrique\/#primaryimage"},"thumbnailUrl":"https:\/\/www.italpassion.fr\/wp-content\/uploads\/2025\/12\/maserati-grecale-v6.jpg","keywords":["Maserati Grecale"],"articleSection":["Maserati"],"inLanguage":"en-US","potentialAction":[{"@type":"CommentAction","name":"Comment","target":["https:\/\/www.italpassion.fr\/en\/maserati\/maserati-baisse-le-prix-de-son-suv-v6-au-prix-dun-quatre-cylindres-et-augmente-le-prix-du-modele-electrique\/#respond"]}]},{"@type":"WebPage","@id":"https:\/\/www.italpassion.fr\/en\/maserati\/maserati-baisse-le-prix-de-son-suv-v6-au-prix-dun-quatre-cylindres-et-augmente-le-prix-du-modele-electrique\/","url":"https:\/\/www.italpassion.fr\/en\/maserati\/maserati-baisse-le-prix-de-son-suv-v6-au-prix-dun-quatre-cylindres-et-augmente-le-prix-du-modele-electrique\/","name":"Maserati lowers the price of its V6 SUV to that of a four-cylinder (and raises the price of the electric model) - ItalPassion","isPartOf":{"@id":"https:\/\/www.italpassion.fr\/en\/#website"},"primaryImageOfPage":{"@id":"https:\/\/www.italpassion.fr\/en\/maserati\/maserati-baisse-le-prix-de-son-suv-v6-au-prix-dun-quatre-cylindres-et-augmente-le-prix-du-modele-electrique\/#primaryimage"},"image":{"@id":"https:\/\/www.italpassion.fr\/en\/maserati\/maserati-baisse-le-prix-de-son-suv-v6-au-prix-dun-quatre-cylindres-et-augmente-le-prix-du-modele-electrique\/#primaryimage"},"thumbnailUrl":"https:\/\/www.italpassion.fr\/wp-content\/uploads\/2025\/12\/maserati-grecale-v6.jpg","datePublished":"2025-12-12T10:03:36+00:00","description":"Maserati didn't issue a thunderous press release. However, a close look at the American configurators reveals a major evolution in the last few months.","breadcrumb":{"@id":"https:\/\/www.italpassion.fr\/en\/maserati\/maserati-baisse-le-prix-de-son-suv-v6-au-prix-dun-quatre-cylindres-et-augmente-le-prix-du-modele-electrique\/#breadcrumb"},"inLanguage":"en-US","potentialAction":[{"@type":"ReadAction","target":["https:\/\/www.italpassion.fr\/en\/maserati\/maserati-baisse-le-prix-de-son-suv-v6-au-prix-dun-quatre-cylindres-et-augmente-le-prix-du-modele-electrique\/"]}]},{"@type":"ImageObject","inLanguage":"en-US","@id":"https:\/\/www.italpassion.fr\/en\/maserati\/maserati-baisse-le-prix-de-son-suv-v6-au-prix-dun-quatre-cylindres-et-augmente-le-prix-du-modele-electrique\/#primaryimage","url":"https:\/\/www.italpassion.fr\/wp-content\/uploads\/2025\/12\/maserati-grecale-v6.jpg","contentUrl":"https:\/\/www.italpassion.fr\/wp-content\/uploads\/2025\/12\/maserati-grecale-v6.jpg","width":1200,"height":800},{"@type":"BreadcrumbList","@id":"https:\/\/www.italpassion.fr\/en\/maserati\/maserati-baisse-le-prix-de-son-suv-v6-au-prix-dun-quatre-cylindres-et-augmente-le-prix-du-modele-electrique\/#breadcrumb","itemListElement":[{"@type":"ListItem","position":1,"name":"Accueil","item":"https:\/\/www.italpassion.fr\/en\/"},{"@type":"ListItem","position":2,"name":"Maserati baisse le prix de son SUV V6 au prix d\u2019un quatre-cylindres (et augmente le prix du mod\u00e8le \u00e9lectrique)"}]},{"@type":"WebSite","@id":"https:\/\/www.italpassion.fr\/en\/#website","url":"https:\/\/www.italpassion.fr\/en\/","name":"ItalPassion","description":"Italian Car Enthusiasts","publisher":{"@id":"https:\/\/www.italpassion.fr\/en\/#organization"},"potentialAction":[{"@type":"SearchAction","target":{"@type":"EntryPoint","urlTemplate":"https:\/\/www.italpassion.fr\/en\/?s={search_term_string}"},"query-input":{"@type":"PropertyValueSpecification","valueRequired":true,"valueName":"search_term_string"}}],"inLanguage":"en-US"},{"@type":"Organization","@id":"https:\/\/www.italpassion.fr\/en\/#organization","name":"Italpassion","url":"https:\/\/www.italpassion.fr\/en\/","logo":{"@type":"ImageObject","inLanguage":"en-US","@id":"https:\/\/www.italpassion.fr\/en\/#\/schema\/logo\/image\/","url":"https:\/\/www.italpassion.fr\/wp-content\/uploads\/2023\/07\/italpassion-yoast.jpg","contentUrl":"https:\/\/www.italpassion.fr\/wp-content\/uploads\/2023\/07\/italpassion-yoast.jpg","width":696,"height":696,"caption":"Italpassion"},"image":{"@id":"https:\/\/www.italpassion.fr\/en\/#\/schema\/logo\/image\/"},"sameAs":["https:\/\/www.facebook.com\/italpassion","https:\/\/x.com\/italpassion","https:\/\/www.instagram.com\/italpassionfr\/","https:\/\/www.youtube.com\/channel\/UCleq-ByQaA42OjhopwevRjQ","https:\/\/www.facebook.com\/italpassion.en\/","https:\/\/www.facebook.com\/italpassion.it\/","https:\/\/www.facebook.com\/italpassion.de\/","https:\/\/www.facebook.com\/italpassion.ja\/"]},{"@type":"Person","@id":"https:\/\/www.italpassion.fr\/en\/#\/schema\/person\/36f747b2a759ca202d847e85a9434ca0","name":"Alexandre Filluzeau","image":{"@type":"ImageObject","inLanguage":"en-US","@id":"https:\/\/www.italpassion.fr\/en\/#\/schema\/person\/image\/","url":"https:\/\/www.italpassion.fr\/wp-content\/uploads\/2025\/04\/avatar-alexandre-160x160.jpg","contentUrl":"https:\/\/www.italpassion.fr\/wp-content\/uploads\/2025\/04\/avatar-alexandre-160x160.jpg","caption":"Alexandre Filluzeau"},"description":"Founder of the ItalPassion website, passionate about Italian cars and Italy in general. I bring a critical and technical eye to the news of Italian brands when possible. Owner of a Maserati GranTurismo, Alfa Romeo MiTo, Lancia Fulvia and Ducati 695. Ex-owner of an Alfa Romeo Giulia.","sameAs":["https:\/\/www.italpassion.fr\/"],"url":"https:\/\/www.italpassion.fr\/en\/author\/alexandre\/"}]}},"_links":{"self":[{"href":"https:\/\/www.italpassion.fr\/en\/wp-json\/wp\/v2\/posts\/44330","targetHints":{"allow":["GET"]}}],"collection":[{"href":"https:\/\/www.italpassion.fr\/en\/wp-json\/wp\/v2\/posts"}],"about":[{"href":"https:\/\/www.italpassion.fr\/en\/wp-json\/wp\/v2\/types\/post"}],"author":[{"embeddable":true,"href":"https:\/\/www.italpassion.fr\/en\/wp-json\/wp\/v2\/users\/1"}],"replies":[{"embeddable":true,"href":"https:\/\/www.italpassion.fr\/en\/wp-json\/wp\/v2\/comments?post=44330"}],"version-history":[{"count":1,"href":"https:\/\/www.italpassion.fr\/en\/wp-json\/wp\/v2\/posts\/44330\/revisions"}],"predecessor-version":[{"id":44333,"href":"https:\/\/www.italpassion.fr\/en\/wp-json\/wp\/v2\/posts\/44330\/revisions\/44333"}],"wp:featuredmedia":[{"embeddable":true,"href":"https:\/\/www.italpassion.fr\/en\/wp-json\/wp\/v2\/media\/44332"}],"wp:attachment":[{"href":"https:\/\/www.italpassion.fr\/en\/wp-json\/wp\/v2\/media?parent=44330"}],"wp:term":[{"taxonomy":"category","embeddable":true,"href":"https:\/\/www.italpassion.fr\/en\/wp-json\/wp\/v2\/categories?post=44330"},{"taxonomy":"post_tag","embeddable":true,"href":"https:\/\/www.italpassion.fr\/en\/wp-json\/wp\/v2\/tags?post=44330"}],"curies":[{"name":"wp","href":"https:\/\/api.w.org\/{rel}","templated":true}]}}