{"id":44244,"date":"2025-12-12T11:59:35","date_gmt":"2025-12-12T10:59:35","guid":{"rendered":"https:\/\/www.italpassion.fr\/?p=44244"},"modified":"2025-12-12T11:59:35","modified_gmt":"2025-12-12T10:59:35","slug":"no-room-in-the-garage-he-parks-his-new-ferrari-on-his-balcony-with-the-help-of-a-crane-but-the-authorities-dont-like-it-vienne-is-not-dubai","status":"publish","type":"post","link":"https:\/\/www.italpassion.fr\/en\/ferrari\/pas-de-place-dans-le-garage-il-gare-sa-nouvelle-ferrari-sur-son-balcon-a-laide-dune-grue-mais-ca-na-pas-plu-aux-autorites-vienne-nest-pas-dubai\/","title":{"rendered":"No room in the garage? He parks his new Ferrari on his balcony using a crane, but the authorities don't like it \"Vienna is not Dubai\"."},"content":{"rendered":"<figure class=\"wp-block-image size-full\"><img loading=\"lazy\" decoding=\"async\" width=\"1200\" height=\"800\" src=\"https:\/\/www.italpassion.fr\/wp-content\/uploads\/2025\/12\/ferrari-296.jpg\" alt=\"\" class=\"wp-image-44336\" srcset=\"https:\/\/www.italpassion.fr\/wp-content\/uploads\/2025\/12\/ferrari-296.jpg 1200w, https:\/\/www.italpassion.fr\/wp-content\/uploads\/2025\/12\/ferrari-296-420x280.jpg 420w, https:\/\/www.italpassion.fr\/wp-content\/uploads\/2025\/12\/ferrari-296-768x512.jpg 768w, https:\/\/www.italpassion.fr\/wp-content\/uploads\/2025\/12\/ferrari-296-18x12.jpg 18w\" sizes=\"auto, (max-width: 1200px) 100vw, 1200px\" \/><\/figure>\n\n\n\n<p>When winter approaches, sports cars usually go home to hibernate in the warmth of a secure garage. But in Vienna, a young entrepreneur decided to get around the lack of parking spaces in a spectacular way: by hoisting his Ferrari 296 GTB... onto the balcony of his apartment.<\/p>\n\n\n\n<p>The protagonist of this story is Amar Dezic. Aged 28, this Viennese entrepreneur is active in the world of car preparation. His collection already includes several top-of-the-range models, including a Porsche Panamera, a BMW M2 and a Range Rover Sport. But his latest acquisition, a <a href=\"https:\/\/www.italpassion.fr\/en\/ferrari\/\">Ferrari<\/a> 296 GTB, is in a class of its own. As winter approaches, Dezic is looking for a solution to store his new jewel under cover. Problem: he couldn't get an extra garage space in his building. Faced with this refusal, the entrepreneur decided to look at things differently.<\/p>\n\n\n\n<h2 class=\"wp-block-heading\">Converting a balcony into an overhead parking lot<\/h2>\n\n\n\n<p>Rather than rent a remote space, Amar Dezic uses a crane. In broad daylight, the Ferrari 296 GTB was lifted into the air before being precisely deposited on the balcony of his apartment. The scene, obviously filmed, quickly spread across social networks. The idea didn't stop there. The owner even planned to install a glass and light structure around the car, like a museum showcase. The cost of this operation was already running into the thousands of euros.<\/p>\n\n\n\n<figure class=\"wp-block-image size-full\"><img loading=\"lazy\" decoding=\"async\" width=\"1200\" height=\"800\" src=\"https:\/\/www.italpassion.fr\/wp-content\/uploads\/2025\/12\/ferrari-296-2.jpg\" alt=\"\" class=\"wp-image-44337\" srcset=\"https:\/\/www.italpassion.fr\/wp-content\/uploads\/2025\/12\/ferrari-296-2.jpg 1200w, https:\/\/www.italpassion.fr\/wp-content\/uploads\/2025\/12\/ferrari-296-2-420x280.jpg 420w, https:\/\/www.italpassion.fr\/wp-content\/uploads\/2025\/12\/ferrari-296-2-768x512.jpg 768w, https:\/\/www.italpassion.fr\/wp-content\/uploads\/2025\/12\/ferrari-296-2-18x12.jpg 18w\" sizes=\"auto, (max-width: 1200px) 100vw, 1200px\" \/><\/figure>\n\n\n\n<h2 class=\"wp-block-heading\">\"Vienna is not Dubai<\/h2>\n\n\n\n<p>If the image made people smile, the Viennese authorities had little taste for the performance. In just a few days, the decision was made: the Ferrari had to come down. There were serious concerns about the building's structure and fire safety. A balcony, even a spacious one, is not designed to accommodate a supercar weighing almost 1.5 tons. Amar Dezic explains that he was inspired by certain practices observed abroad, notably in Dubai, where the display of prestigious cars in unlikely locations is sometimes tolerated. In Vienna, however, the comparison quickly reached its limits.<\/p>\n\n\n\n<h2 class=\"wp-block-heading\">Back to earth<\/h2>\n\n\n\n<figure class=\"wp-block-image size-full\"><img loading=\"lazy\" decoding=\"async\" width=\"1200\" height=\"800\" src=\"https:\/\/www.italpassion.fr\/wp-content\/uploads\/2025\/12\/ferrari-296-3.jpg\" alt=\"\" class=\"wp-image-44338\" srcset=\"https:\/\/www.italpassion.fr\/wp-content\/uploads\/2025\/12\/ferrari-296-3.jpg 1200w, https:\/\/www.italpassion.fr\/wp-content\/uploads\/2025\/12\/ferrari-296-3-420x280.jpg 420w, https:\/\/www.italpassion.fr\/wp-content\/uploads\/2025\/12\/ferrari-296-3-768x512.jpg 768w, https:\/\/www.italpassion.fr\/wp-content\/uploads\/2025\/12\/ferrari-296-3-18x12.jpg 18w\" sizes=\"auto, (max-width: 1200px) 100vw, 1200px\" \/><\/figure>\n\n\n\n<p>A second crane was mobilized a few days later. Same staging, same public curiosity, but this time to bring the Ferrari 296 GTB back to the cow floor. The adventure was as short as it was costly. In the end, the supercar was stored in its owner's professional workshop, far from balconies and controversy. A more conventional conclusion, but undoubtedly more in line with local rules. And for this entrepreneur, it's not bad publicity!<\/p>\n\n\n\n<blockquote class=\"instagram-media\" data-instgrm-permalink=\"https:\/\/www.instagram.com\/reel\/DR4jPQID5Sq\/?utm_source=ig_embed&amp;utm_campaign=loading\" data-instgrm-version=\"14\" style=\" background:#FFF; border:0; border-radius:3px; box-shadow:0 0 1px 0 rgba(0,0,0,0.5),0 1px 10px 0 rgba(0,0,0,0.15); margin: 1px; max-width:540px; min-width:326px; padding:0; width:99.375%; width:-webkit-calc(100% - 2px); width:calc(100% - 2px);\"><div style=\"padding:16px;\"> <a href=\"https:\/\/www.instagram.com\/reel\/DR4jPQID5Sq\/?utm_source=ig_embed&amp;utm_campaign=loading\" style=\" background:#FFFFFF; line-height:0; padding:0 0; text-align:center; text-decoration:none; width:100%;\" target=\"_blank\"> <div style=\" display: flex; flex-direction: row; align-items: center;\"> <div style=\"background-color: #F4F4F4; border-radius: 50%; flex-grow: 0; height: 40px; margin-right: 14px; width: 40px;\"><\/div> <div style=\"display: flex; flex-direction: column; flex-grow: 1; justify-content: center;\"> <div style=\" background-color: #F4F4F4; border-radius: 4px; flex-grow: 0; height: 14px; margin-bottom: 6px; width: 100px;\"><\/div> <div style=\" background-color: #F4F4F4; border-radius: 4px; flex-grow: 0; height: 14px; width: 60px;\"><\/div><\/div><\/div><div style=\"padding: 19% 0;\"><\/div> <div style=\"display:block; height:50px; margin:0 auto 12px; width:50px;\"><svg width=\"50px\" height=\"50px\" viewbox=\"0 0 60 60\" version=\"1.1\" xmlns=\"https:\/\/www.w3.org\/2000\/svg\" xmlns:xlink=\"https:\/\/www.w3.org\/1999\/xlink\"><g stroke=\"none\" stroke-width=\"1\" fill=\"none\" fill-rule=\"evenodd\"><g transform=\"translate(-511.000000, -20.000000)\" fill=\"#000000\"><g><path d=\"M556.869,30.41 C554.814,30.41 553.148,32.076 553.148,34.131 C553.148,36.186 554.814,37.852 556.869,37.852 C558.924,37.852 560.59,36.186 560.59,34.131 C560.59,32.076 558.924,30.41 556.869,30.41 M541,60.657 C535.114,60.657 530.342,55.887 530.342,50 C530.342,44.114 535.114,39.342 541,39.342 C546.887,39.342 551.658,44.114 551.658,50 C551.658,55.887 546.887,60.657 541,60.657 M541,33.886 C532.1,33.886 524.886,41.1 524.886,50 C524.886,58.899 532.1,66.113 541,66.113 C549.9,66.113 557.115,58.899 557.115,50 C557.115,41.1 549.9,33.886 541,33.886 M565.378,62.101 C565.244,65.022 564.756,66.606 564.346,67.663 C563.803,69.06 563.154,70.057 562.106,71.106 C561.058,72.155 560.06,72.803 558.662,73.347 C557.607,73.757 556.021,74.244 553.102,74.378 C549.944,74.521 548.997,74.552 541,74.552 C533.003,74.552 532.056,74.521 528.898,74.378 C525.979,74.244 524.393,73.757 523.338,73.347 C521.94,72.803 520.942,72.155 519.894,71.106 C518.846,70.057 518.197,69.06 517.654,67.663 C517.244,66.606 516.755,65.022 516.623,62.101 C516.479,58.943 516.448,57.996 516.448,50 C516.448,42.003 516.479,41.056 516.623,37.899 C516.755,34.978 517.244,33.391 517.654,32.338 C518.197,30.938 518.846,29.942 519.894,28.894 C520.942,27.846 521.94,27.196 523.338,26.654 C524.393,26.244 525.979,25.756 528.898,25.623 C532.057,25.479 533.004,25.448 541,25.448 C548.997,25.448 549.943,25.479 553.102,25.623 C556.021,25.756 557.607,26.244 558.662,26.654 C560.06,27.196 561.058,27.846 562.106,28.894 C563.154,29.942 563.803,30.938 564.346,32.338 C564.756,33.391 565.244,34.978 565.378,37.899 C565.522,41.056 565.552,42.003 565.552,50 C565.552,57.996 565.522,58.943 565.378,62.101 M570.82,37.631 C570.674,34.438 570.167,32.258 569.425,30.349 C568.659,28.377 567.633,26.702 565.965,25.035 C564.297,23.368 562.623,22.342 560.652,21.575 C558.743,20.834 556.562,20.326 553.369,20.18 C550.169,20.033 549.148,20 541,20 C532.853,20 531.831,20.033 528.631,20.18 C525.438,20.326 523.257,20.834 521.349,21.575 C519.376,22.342 517.703,23.368 516.035,25.035 C514.368,26.702 513.342,28.377 512.574,30.349 C511.834,32.258 511.326,34.438 511.181,37.631 C511.035,40.831 511,41.851 511,50 C511,58.147 511.035,59.17 511.181,62.369 C511.326,65.562 511.834,67.743 512.574,69.651 C513.342,71.625 514.368,73.296 516.035,74.965 C517.703,76.634 519.376,77.658 521.349,78.425 C523.257,79.167 525.438,79.673 528.631,79.82 C531.831,79.965 532.853,80.001 541,80.001 C549.148,80.001 550.169,79.965 553.369,79.82 C556.562,79.673 558.743,79.167 560.652,78.425 C562.623,77.658 564.297,76.634 565.965,74.965 C567.633,73.296 568.659,71.625 569.425,69.651 C570.167,67.743 570.674,65.562 570.82,62.369 C570.966,59.17 571,58.147 571,50 C571,41.851 570.966,40.831 570.82,37.631\"><\/path><\/g><\/g><\/g><\/svg><\/div><div style=\"padding-top: 8px;\"> <div style=\" color:#3897f0; font-family:Arial,sans-serif; font-size:14px; font-style:normal; font-weight:550; line-height:18px;\">See this post on Instagram<\/div><\/div><div style=\"padding: 12.5% 0;\"><\/div> <div style=\"display: flex; flex-direction: row; margin-bottom: 14px; align-items: center;\"><div> <div style=\"background-color: #F4F4F4; border-radius: 50%; height: 12.5px; width: 12.5px; transform: translateX(0px) translateY(7px);\"><\/div> <div style=\"background-color: #F4F4F4; height: 12.5px; transform: rotate(-45deg) translateX(3px) translateY(1px); width: 12.5px; flex-grow: 0; margin-right: 14px; margin-left: 2px;\"><\/div> <div style=\"background-color: #F4F4F4; border-radius: 50%; height: 12.5px; width: 12.5px; transform: translateX(9px) translateY(-18px);\"><\/div><\/div><div style=\"margin-left: 8px;\"> <div style=\" background-color: #F4F4F4; border-radius: 50%; flex-grow: 0; height: 20px; width: 20px;\"><\/div> <div style=\" width: 0; height: 0; border-top: 2px solid transparent; border-left: 6px solid #f4f4f4; border-bottom: 2px solid transparent; transform: translateX(16px) translateY(-4px) rotate(30deg)\"><\/div><\/div><div style=\"margin-left: auto;\"> <div style=\" width: 0px; border-top: 8px solid #F4F4F4; border-right: 8px solid transparent; transform: translateY(16px);\"><\/div> <div style=\" background-color: #F4F4F4; flex-grow: 0; height: 12px; width: 16px; transform: translateY(-4px);\"><\/div> <div style=\" width: 0; height: 0; border-top: 8px solid #F4F4F4; border-left: 8px solid transparent; transform: translateY(-4px) translateX(8px);\"><\/div><\/div><\/div> <div style=\"display: flex; flex-direction: column; flex-grow: 1; justify-content: center; margin-bottom: 24px;\"> <div style=\" background-color: #F4F4F4; border-radius: 4px; flex-grow: 0; height: 14px; margin-bottom: 6px; width: 224px;\"><\/div> <div style=\" background-color: #F4F4F4; border-radius: 4px; flex-grow: 0; height: 14px; width: 144px;\"><\/div><\/div><\/a><p style=\" color:#c9c8cd; font-family:Arial,sans-serif; font-size:14px; line-height:17px; margin-bottom:0; margin-top:8px; overflow:hidden; padding:8px 0 7px; text-align:center; text-overflow:ellipsis; white-space:nowrap;\"><a href=\"https:\/\/www.instagram.com\/reel\/DR4jPQID5Sq\/?utm_source=ig_embed&amp;utm_campaign=loading\" style=\" color:#c9c8cd; font-family:Arial,sans-serif; font-size:14px; font-style:normal; font-weight:normal; line-height:17px; text-decoration:none;\" target=\"_blank\">A publication shared by Heute - Tageszeitung, Heute.at (@heute.at)<\/a><\/p><\/div><\/blockquote>\n<script async src=\"\/\/www.instagram.com\/embed.js\"><\/script>","protected":false},"excerpt":{"rendered":"","protected":false},"author":1,"featured_media":44336,"comment_status":"open","ping_status":"open","sticky":false,"template":"","format":"standard","meta":{"_acf_changed":false,"_sitemap_exclude":false,"_sitemap_priority":"","_sitemap_frequency":"","footnotes":""},"categories":[23],"tags":[439,322],"class_list":["post-44244","post","type-post","status-publish","format-standard","has-post-thumbnail","hentry","category-ferrari","tag-ferrari-296","tag-ferrari-296-gtb","generate-columns","tablet-grid-50","mobile-grid-100","grid-parent","grid-33"],"acf":[],"yoast_head":"<!-- This site is optimized with the Yoast SEO plugin v25.8 - https:\/\/yoast.com\/wordpress\/plugins\/seo\/ -->\n<title>Pas de place dans le garage ? Il gare sa nouvelle Ferrari sur son balcon \u00e0 l&#039;aide d&#039;une grue, mais \u00e7a n&#039;a pas plu aux autorit\u00e9s \u00ab Vienne n\u2019est pas Duba\u00ef \u00bb - ItalPassion<\/title>\n<meta name=\"description\" content=\"Quand l\u2019hiver approche, les voitures de sport rentrent g\u00e9n\u00e9ralement hiberner bien au chaud dans un garage s\u00e9curis\u00e9. Mais \u00e0 Vienne, un jeune entrepreneur a\" \/>\n<meta name=\"robots\" content=\"index, follow, max-snippet:-1, max-image-preview:large, max-video-preview:-1\" \/>\n<link rel=\"canonical\" href=\"https:\/\/www.italpassion.fr\/en\/ferrari\/no-room-in-the-garage-he-parks-his-new-ferrari-on-his-balcony-with-the-help-of-a-crane-but-the-authorities-dont-like-it-vienne-is-not-dubai\/\" \/>\n<meta property=\"og:locale\" content=\"en_US\" \/>\n<meta property=\"og:type\" content=\"article\" \/>\n<meta property=\"og:title\" content=\"Pas de place dans le garage ? Il gare sa nouvelle Ferrari sur son balcon \u00e0 l&#039;aide d&#039;une grue, mais \u00e7a n&#039;a pas plu aux autorit\u00e9s \u00ab Vienne n\u2019est pas Duba\u00ef \u00bb - ItalPassion\" \/>\n<meta property=\"og:description\" content=\"Quand l\u2019hiver approche, les voitures de sport rentrent g\u00e9n\u00e9ralement hiberner bien au chaud dans un garage s\u00e9curis\u00e9. Mais \u00e0 Vienne, un jeune entrepreneur a\" \/>\n<meta property=\"og:url\" content=\"https:\/\/www.italpassion.fr\/en\/ferrari\/no-room-in-the-garage-he-parks-his-new-ferrari-on-his-balcony-with-the-help-of-a-crane-but-the-authorities-dont-like-it-vienne-is-not-dubai\/\" \/>\n<meta property=\"og:site_name\" content=\"ItalPassion\" \/>\n<meta property=\"article:publisher\" content=\"https:\/\/www.facebook.com\/italpassion\" \/>\n<meta property=\"article:published_time\" content=\"2025-12-12T10:59:35+00:00\" \/>\n<meta property=\"og:image\" content=\"https:\/\/www.italpassion.fr\/wp-content\/uploads\/2025\/12\/ferrari-296.jpg\" \/>\n\t<meta property=\"og:image:width\" content=\"1200\" \/>\n\t<meta property=\"og:image:height\" content=\"800\" \/>\n\t<meta property=\"og:image:type\" content=\"image\/jpeg\" \/>\n<meta name=\"author\" content=\"Alexandre Filluzeau\" \/>\n<meta name=\"twitter:card\" content=\"summary_large_image\" \/>\n<meta name=\"twitter:creator\" content=\"@italpassion\" \/>\n<meta name=\"twitter:site\" content=\"@italpassion\" \/>\n<script type=\"application\/ld+json\" class=\"yoast-schema-graph\">{\"@context\":\"https:\/\/schema.org\",\"@graph\":[{\"@type\":\"NewsArticle\",\"@id\":\"https:\/\/www.italpassion.fr\/en\/ferrari\/pas-de-place-dans-le-garage-il-gare-sa-nouvelle-ferrari-sur-son-balcon-a-laide-dune-grue-mais-ca-na-pas-plu-aux-autorites-vienne-nest-pas-dubai\/#article\",\"isPartOf\":{\"@id\":\"https:\/\/www.italpassion.fr\/en\/ferrari\/pas-de-place-dans-le-garage-il-gare-sa-nouvelle-ferrari-sur-son-balcon-a-laide-dune-grue-mais-ca-na-pas-plu-aux-autorites-vienne-nest-pas-dubai\/\"},\"author\":{\"name\":\"Alexandre Filluzeau\",\"@id\":\"https:\/\/www.italpassion.fr\/en\/#\/schema\/person\/36f747b2a759ca202d847e85a9434ca0\"},\"headline\":\"Pas de place dans le garage ? Il gare sa nouvelle Ferrari sur son balcon \u00e0 l&rsquo;aide d&rsquo;une grue, mais \u00e7a n&rsquo;a pas plu aux autorit\u00e9s \u00ab Vienne n\u2019est pas Duba\u00ef \u00bb\",\"datePublished\":\"2025-12-12T10:59:35+00:00\",\"mainEntityOfPage\":{\"@id\":\"https:\/\/www.italpassion.fr\/en\/ferrari\/pas-de-place-dans-le-garage-il-gare-sa-nouvelle-ferrari-sur-son-balcon-a-laide-dune-grue-mais-ca-na-pas-plu-aux-autorites-vienne-nest-pas-dubai\/\"},\"wordCount\":536,\"commentCount\":2,\"publisher\":{\"@id\":\"https:\/\/www.italpassion.fr\/en\/#organization\"},\"image\":{\"@id\":\"https:\/\/www.italpassion.fr\/en\/ferrari\/pas-de-place-dans-le-garage-il-gare-sa-nouvelle-ferrari-sur-son-balcon-a-laide-dune-grue-mais-ca-na-pas-plu-aux-autorites-vienne-nest-pas-dubai\/#primaryimage\"},\"thumbnailUrl\":\"https:\/\/www.italpassion.fr\/wp-content\/uploads\/2025\/12\/ferrari-296.jpg\",\"keywords\":[\"Ferrari 296\",\"Ferrari 296 GTB\"],\"articleSection\":[\"Ferrari\"],\"inLanguage\":\"en-US\",\"potentialAction\":[{\"@type\":\"CommentAction\",\"name\":\"Comment\",\"target\":[\"https:\/\/www.italpassion.fr\/en\/ferrari\/pas-de-place-dans-le-garage-il-gare-sa-nouvelle-ferrari-sur-son-balcon-a-laide-dune-grue-mais-ca-na-pas-plu-aux-autorites-vienne-nest-pas-dubai\/#respond\"]}]},{\"@type\":\"WebPage\",\"@id\":\"https:\/\/www.italpassion.fr\/en\/ferrari\/pas-de-place-dans-le-garage-il-gare-sa-nouvelle-ferrari-sur-son-balcon-a-laide-dune-grue-mais-ca-na-pas-plu-aux-autorites-vienne-nest-pas-dubai\/\",\"url\":\"https:\/\/www.italpassion.fr\/en\/ferrari\/pas-de-place-dans-le-garage-il-gare-sa-nouvelle-ferrari-sur-son-balcon-a-laide-dune-grue-mais-ca-na-pas-plu-aux-autorites-vienne-nest-pas-dubai\/\",\"name\":\"Pas de place dans le garage ? Il gare sa nouvelle Ferrari sur son balcon \u00e0 l'aide d'une grue, mais \u00e7a n'a pas plu aux autorit\u00e9s \u00ab Vienne n\u2019est pas Duba\u00ef \u00bb - ItalPassion\",\"isPartOf\":{\"@id\":\"https:\/\/www.italpassion.fr\/en\/#website\"},\"primaryImageOfPage\":{\"@id\":\"https:\/\/www.italpassion.fr\/en\/ferrari\/pas-de-place-dans-le-garage-il-gare-sa-nouvelle-ferrari-sur-son-balcon-a-laide-dune-grue-mais-ca-na-pas-plu-aux-autorites-vienne-nest-pas-dubai\/#primaryimage\"},\"image\":{\"@id\":\"https:\/\/www.italpassion.fr\/en\/ferrari\/pas-de-place-dans-le-garage-il-gare-sa-nouvelle-ferrari-sur-son-balcon-a-laide-dune-grue-mais-ca-na-pas-plu-aux-autorites-vienne-nest-pas-dubai\/#primaryimage\"},\"thumbnailUrl\":\"https:\/\/www.italpassion.fr\/wp-content\/uploads\/2025\/12\/ferrari-296.jpg\",\"datePublished\":\"2025-12-12T10:59:35+00:00\",\"description\":\"Quand l\u2019hiver approche, les voitures de sport rentrent g\u00e9n\u00e9ralement hiberner bien au chaud dans un garage s\u00e9curis\u00e9. Mais \u00e0 Vienne, un jeune entrepreneur a\",\"breadcrumb\":{\"@id\":\"https:\/\/www.italpassion.fr\/en\/ferrari\/pas-de-place-dans-le-garage-il-gare-sa-nouvelle-ferrari-sur-son-balcon-a-laide-dune-grue-mais-ca-na-pas-plu-aux-autorites-vienne-nest-pas-dubai\/#breadcrumb\"},\"inLanguage\":\"en-US\",\"potentialAction\":[{\"@type\":\"ReadAction\",\"target\":[\"https:\/\/www.italpassion.fr\/en\/ferrari\/pas-de-place-dans-le-garage-il-gare-sa-nouvelle-ferrari-sur-son-balcon-a-laide-dune-grue-mais-ca-na-pas-plu-aux-autorites-vienne-nest-pas-dubai\/\"]}]},{\"@type\":\"ImageObject\",\"inLanguage\":\"en-US\",\"@id\":\"https:\/\/www.italpassion.fr\/en\/ferrari\/pas-de-place-dans-le-garage-il-gare-sa-nouvelle-ferrari-sur-son-balcon-a-laide-dune-grue-mais-ca-na-pas-plu-aux-autorites-vienne-nest-pas-dubai\/#primaryimage\",\"url\":\"https:\/\/www.italpassion.fr\/wp-content\/uploads\/2025\/12\/ferrari-296.jpg\",\"contentUrl\":\"https:\/\/www.italpassion.fr\/wp-content\/uploads\/2025\/12\/ferrari-296.jpg\",\"width\":1200,\"height\":800},{\"@type\":\"BreadcrumbList\",\"@id\":\"https:\/\/www.italpassion.fr\/en\/ferrari\/pas-de-place-dans-le-garage-il-gare-sa-nouvelle-ferrari-sur-son-balcon-a-laide-dune-grue-mais-ca-na-pas-plu-aux-autorites-vienne-nest-pas-dubai\/#breadcrumb\",\"itemListElement\":[{\"@type\":\"ListItem\",\"position\":1,\"name\":\"Accueil\",\"item\":\"https:\/\/www.italpassion.fr\/en\/\"},{\"@type\":\"ListItem\",\"position\":2,\"name\":\"Pas de place dans le garage ? Il gare sa nouvelle Ferrari sur son balcon \u00e0 l&rsquo;aide d&rsquo;une grue, mais \u00e7a n&rsquo;a pas plu aux autorit\u00e9s \u00ab Vienne n\u2019est pas Duba\u00ef \u00bb\"}]},{\"@type\":\"WebSite\",\"@id\":\"https:\/\/www.italpassion.fr\/en\/#website\",\"url\":\"https:\/\/www.italpassion.fr\/en\/\",\"name\":\"ItalPassion\",\"description\":\"Les Passionn\u00e9s d&#039;Automobiles Italiennes\",\"publisher\":{\"@id\":\"https:\/\/www.italpassion.fr\/en\/#organization\"},\"potentialAction\":[{\"@type\":\"SearchAction\",\"target\":{\"@type\":\"EntryPoint\",\"urlTemplate\":\"https:\/\/www.italpassion.fr\/en\/?s={search_term_string}\"},\"query-input\":{\"@type\":\"PropertyValueSpecification\",\"valueRequired\":true,\"valueName\":\"search_term_string\"}}],\"inLanguage\":\"en-US\"},{\"@type\":\"Organization\",\"@id\":\"https:\/\/www.italpassion.fr\/en\/#organization\",\"name\":\"Italpassion\",\"url\":\"https:\/\/www.italpassion.fr\/en\/\",\"logo\":{\"@type\":\"ImageObject\",\"inLanguage\":\"en-US\",\"@id\":\"https:\/\/www.italpassion.fr\/en\/#\/schema\/logo\/image\/\",\"url\":\"https:\/\/www.italpassion.fr\/wp-content\/uploads\/2023\/07\/italpassion-yoast.jpg\",\"contentUrl\":\"https:\/\/www.italpassion.fr\/wp-content\/uploads\/2023\/07\/italpassion-yoast.jpg\",\"width\":696,\"height\":696,\"caption\":\"Italpassion\"},\"image\":{\"@id\":\"https:\/\/www.italpassion.fr\/en\/#\/schema\/logo\/image\/\"},\"sameAs\":[\"https:\/\/www.facebook.com\/italpassion\",\"https:\/\/x.com\/italpassion\",\"https:\/\/www.instagram.com\/italpassionfr\/\",\"https:\/\/www.youtube.com\/channel\/UCleq-ByQaA42OjhopwevRjQ\",\"https:\/\/www.facebook.com\/italpassion.en\/\",\"https:\/\/www.facebook.com\/italpassion.it\/\",\"https:\/\/www.facebook.com\/italpassion.de\/\",\"https:\/\/www.facebook.com\/italpassion.ja\/\"]},{\"@type\":\"Person\",\"@id\":\"https:\/\/www.italpassion.fr\/en\/#\/schema\/person\/36f747b2a759ca202d847e85a9434ca0\",\"name\":\"Alexandre Filluzeau\",\"image\":{\"@type\":\"ImageObject\",\"inLanguage\":\"en-US\",\"@id\":\"https:\/\/www.italpassion.fr\/en\/#\/schema\/person\/image\/\",\"url\":\"https:\/\/www.italpassion.fr\/wp-content\/uploads\/2025\/04\/avatar-alexandre-160x160.jpg\",\"contentUrl\":\"https:\/\/www.italpassion.fr\/wp-content\/uploads\/2025\/04\/avatar-alexandre-160x160.jpg\",\"caption\":\"Alexandre Filluzeau\"},\"description\":\"Fondateur du site ItalPassion, passionn\u00e9 de voitures italiennes et de l'Italie en g\u00e9n\u00e9ral. J'apporte un regard critique et technique aux actualit\u00e9s des marques italiennes quand cela est possible. Propri\u00e9taire d'une Maserati GranTurismo, Alfa Romeo MiTo, Lancia Fulvia et Ducati 695. Ex-propri\u00e9taire d'une Alfa Romeo Giulia.\",\"sameAs\":[\"https:\/\/www.italpassion.fr\/\"],\"url\":\"https:\/\/www.italpassion.fr\/en\/author\/alexandre\/\"}]}<\/script>\n<!-- \/ Yoast SEO plugin. -->","yoast_head_json":{"title":"No room in the garage? He parks his new Ferrari on his balcony using a crane, but the authorities don't like it \"Vienna is not Dubai\" - ItalPassion","description":"When winter approaches, sports cars usually go home to hibernate in the warmth of a secure garage. But in Vienna, a young entrepreneur has","robots":{"index":"index","follow":"follow","max-snippet":"max-snippet:-1","max-image-preview":"max-image-preview:large","max-video-preview":"max-video-preview:-1"},"canonical":"https:\/\/www.italpassion.fr\/en\/ferrari\/no-room-in-the-garage-he-parks-his-new-ferrari-on-his-balcony-with-the-help-of-a-crane-but-the-authorities-dont-like-it-vienne-is-not-dubai\/","og_locale":"en_US","og_type":"article","og_title":"Pas de place dans le garage ? Il gare sa nouvelle Ferrari sur son balcon \u00e0 l'aide d'une grue, mais \u00e7a n'a pas plu aux autorit\u00e9s \u00ab Vienne n\u2019est pas Duba\u00ef \u00bb - ItalPassion","og_description":"Quand l\u2019hiver approche, les voitures de sport rentrent g\u00e9n\u00e9ralement hiberner bien au chaud dans un garage s\u00e9curis\u00e9. Mais \u00e0 Vienne, un jeune entrepreneur a","og_url":"https:\/\/www.italpassion.fr\/en\/ferrari\/no-room-in-the-garage-he-parks-his-new-ferrari-on-his-balcony-with-the-help-of-a-crane-but-the-authorities-dont-like-it-vienne-is-not-dubai\/","og_site_name":"ItalPassion","article_publisher":"https:\/\/www.facebook.com\/italpassion","article_published_time":"2025-12-12T10:59:35+00:00","og_image":[{"width":1200,"height":800,"url":"https:\/\/www.italpassion.fr\/wp-content\/uploads\/2025\/12\/ferrari-296.jpg","type":"image\/jpeg"}],"author":"Alexandre Filluzeau","twitter_card":"summary_large_image","twitter_creator":"@italpassion","twitter_site":"@italpassion","schema":{"@context":"https:\/\/schema.org","@graph":[{"@type":"NewsArticle","@id":"https:\/\/www.italpassion.fr\/en\/ferrari\/pas-de-place-dans-le-garage-il-gare-sa-nouvelle-ferrari-sur-son-balcon-a-laide-dune-grue-mais-ca-na-pas-plu-aux-autorites-vienne-nest-pas-dubai\/#article","isPartOf":{"@id":"https:\/\/www.italpassion.fr\/en\/ferrari\/pas-de-place-dans-le-garage-il-gare-sa-nouvelle-ferrari-sur-son-balcon-a-laide-dune-grue-mais-ca-na-pas-plu-aux-autorites-vienne-nest-pas-dubai\/"},"author":{"name":"Alexandre Filluzeau","@id":"https:\/\/www.italpassion.fr\/en\/#\/schema\/person\/36f747b2a759ca202d847e85a9434ca0"},"headline":"Pas de place dans le garage ? Il gare sa nouvelle Ferrari sur son balcon \u00e0 l&rsquo;aide d&rsquo;une grue, mais \u00e7a n&rsquo;a pas plu aux autorit\u00e9s \u00ab Vienne n\u2019est pas Duba\u00ef \u00bb","datePublished":"2025-12-12T10:59:35+00:00","mainEntityOfPage":{"@id":"https:\/\/www.italpassion.fr\/en\/ferrari\/pas-de-place-dans-le-garage-il-gare-sa-nouvelle-ferrari-sur-son-balcon-a-laide-dune-grue-mais-ca-na-pas-plu-aux-autorites-vienne-nest-pas-dubai\/"},"wordCount":536,"commentCount":2,"publisher":{"@id":"https:\/\/www.italpassion.fr\/en\/#organization"},"image":{"@id":"https:\/\/www.italpassion.fr\/en\/ferrari\/pas-de-place-dans-le-garage-il-gare-sa-nouvelle-ferrari-sur-son-balcon-a-laide-dune-grue-mais-ca-na-pas-plu-aux-autorites-vienne-nest-pas-dubai\/#primaryimage"},"thumbnailUrl":"https:\/\/www.italpassion.fr\/wp-content\/uploads\/2025\/12\/ferrari-296.jpg","keywords":["Ferrari 296","Ferrari 296 GTB"],"articleSection":["Ferrari"],"inLanguage":"en-US","potentialAction":[{"@type":"CommentAction","name":"Comment","target":["https:\/\/www.italpassion.fr\/en\/ferrari\/pas-de-place-dans-le-garage-il-gare-sa-nouvelle-ferrari-sur-son-balcon-a-laide-dune-grue-mais-ca-na-pas-plu-aux-autorites-vienne-nest-pas-dubai\/#respond"]}]},{"@type":"WebPage","@id":"https:\/\/www.italpassion.fr\/en\/ferrari\/pas-de-place-dans-le-garage-il-gare-sa-nouvelle-ferrari-sur-son-balcon-a-laide-dune-grue-mais-ca-na-pas-plu-aux-autorites-vienne-nest-pas-dubai\/","url":"https:\/\/www.italpassion.fr\/en\/ferrari\/pas-de-place-dans-le-garage-il-gare-sa-nouvelle-ferrari-sur-son-balcon-a-laide-dune-grue-mais-ca-na-pas-plu-aux-autorites-vienne-nest-pas-dubai\/","name":"No room in the garage? He parks his new Ferrari on his balcony using a crane, but the authorities don't like it \"Vienna is not Dubai\" - ItalPassion","isPartOf":{"@id":"https:\/\/www.italpassion.fr\/en\/#website"},"primaryImageOfPage":{"@id":"https:\/\/www.italpassion.fr\/en\/ferrari\/pas-de-place-dans-le-garage-il-gare-sa-nouvelle-ferrari-sur-son-balcon-a-laide-dune-grue-mais-ca-na-pas-plu-aux-autorites-vienne-nest-pas-dubai\/#primaryimage"},"image":{"@id":"https:\/\/www.italpassion.fr\/en\/ferrari\/pas-de-place-dans-le-garage-il-gare-sa-nouvelle-ferrari-sur-son-balcon-a-laide-dune-grue-mais-ca-na-pas-plu-aux-autorites-vienne-nest-pas-dubai\/#primaryimage"},"thumbnailUrl":"https:\/\/www.italpassion.fr\/wp-content\/uploads\/2025\/12\/ferrari-296.jpg","datePublished":"2025-12-12T10:59:35+00:00","description":"When winter approaches, sports cars usually go home to hibernate in the warmth of a secure garage. But in Vienna, a young entrepreneur has","breadcrumb":{"@id":"https:\/\/www.italpassion.fr\/en\/ferrari\/pas-de-place-dans-le-garage-il-gare-sa-nouvelle-ferrari-sur-son-balcon-a-laide-dune-grue-mais-ca-na-pas-plu-aux-autorites-vienne-nest-pas-dubai\/#breadcrumb"},"inLanguage":"en-US","potentialAction":[{"@type":"ReadAction","target":["https:\/\/www.italpassion.fr\/en\/ferrari\/pas-de-place-dans-le-garage-il-gare-sa-nouvelle-ferrari-sur-son-balcon-a-laide-dune-grue-mais-ca-na-pas-plu-aux-autorites-vienne-nest-pas-dubai\/"]}]},{"@type":"ImageObject","inLanguage":"en-US","@id":"https:\/\/www.italpassion.fr\/en\/ferrari\/pas-de-place-dans-le-garage-il-gare-sa-nouvelle-ferrari-sur-son-balcon-a-laide-dune-grue-mais-ca-na-pas-plu-aux-autorites-vienne-nest-pas-dubai\/#primaryimage","url":"https:\/\/www.italpassion.fr\/wp-content\/uploads\/2025\/12\/ferrari-296.jpg","contentUrl":"https:\/\/www.italpassion.fr\/wp-content\/uploads\/2025\/12\/ferrari-296.jpg","width":1200,"height":800},{"@type":"BreadcrumbList","@id":"https:\/\/www.italpassion.fr\/en\/ferrari\/pas-de-place-dans-le-garage-il-gare-sa-nouvelle-ferrari-sur-son-balcon-a-laide-dune-grue-mais-ca-na-pas-plu-aux-autorites-vienne-nest-pas-dubai\/#breadcrumb","itemListElement":[{"@type":"ListItem","position":1,"name":"Accueil","item":"https:\/\/www.italpassion.fr\/en\/"},{"@type":"ListItem","position":2,"name":"Pas de place dans le garage ? Il gare sa nouvelle Ferrari sur son balcon \u00e0 l&rsquo;aide d&rsquo;une grue, mais \u00e7a n&rsquo;a pas plu aux autorit\u00e9s \u00ab Vienne n\u2019est pas Duba\u00ef \u00bb"}]},{"@type":"WebSite","@id":"https:\/\/www.italpassion.fr\/en\/#website","url":"https:\/\/www.italpassion.fr\/en\/","name":"ItalPassion","description":"Italian Car Enthusiasts","publisher":{"@id":"https:\/\/www.italpassion.fr\/en\/#organization"},"potentialAction":[{"@type":"SearchAction","target":{"@type":"EntryPoint","urlTemplate":"https:\/\/www.italpassion.fr\/en\/?s={search_term_string}"},"query-input":{"@type":"PropertyValueSpecification","valueRequired":true,"valueName":"search_term_string"}}],"inLanguage":"en-US"},{"@type":"Organization","@id":"https:\/\/www.italpassion.fr\/en\/#organization","name":"Italpassion","url":"https:\/\/www.italpassion.fr\/en\/","logo":{"@type":"ImageObject","inLanguage":"en-US","@id":"https:\/\/www.italpassion.fr\/en\/#\/schema\/logo\/image\/","url":"https:\/\/www.italpassion.fr\/wp-content\/uploads\/2023\/07\/italpassion-yoast.jpg","contentUrl":"https:\/\/www.italpassion.fr\/wp-content\/uploads\/2023\/07\/italpassion-yoast.jpg","width":696,"height":696,"caption":"Italpassion"},"image":{"@id":"https:\/\/www.italpassion.fr\/en\/#\/schema\/logo\/image\/"},"sameAs":["https:\/\/www.facebook.com\/italpassion","https:\/\/x.com\/italpassion","https:\/\/www.instagram.com\/italpassionfr\/","https:\/\/www.youtube.com\/channel\/UCleq-ByQaA42OjhopwevRjQ","https:\/\/www.facebook.com\/italpassion.en\/","https:\/\/www.facebook.com\/italpassion.it\/","https:\/\/www.facebook.com\/italpassion.de\/","https:\/\/www.facebook.com\/italpassion.ja\/"]},{"@type":"Person","@id":"https:\/\/www.italpassion.fr\/en\/#\/schema\/person\/36f747b2a759ca202d847e85a9434ca0","name":"Alexandre Filluzeau","image":{"@type":"ImageObject","inLanguage":"en-US","@id":"https:\/\/www.italpassion.fr\/en\/#\/schema\/person\/image\/","url":"https:\/\/www.italpassion.fr\/wp-content\/uploads\/2025\/04\/avatar-alexandre-160x160.jpg","contentUrl":"https:\/\/www.italpassion.fr\/wp-content\/uploads\/2025\/04\/avatar-alexandre-160x160.jpg","caption":"Alexandre Filluzeau"},"description":"Founder of the ItalPassion website, passionate about Italian cars and Italy in general. I bring a critical and technical eye to the news of Italian brands when possible. Owner of a Maserati GranTurismo, Alfa Romeo MiTo, Lancia Fulvia and Ducati 695. Ex-owner of an Alfa Romeo Giulia.","sameAs":["https:\/\/www.italpassion.fr\/"],"url":"https:\/\/www.italpassion.fr\/en\/author\/alexandre\/"}]}},"_links":{"self":[{"href":"https:\/\/www.italpassion.fr\/en\/wp-json\/wp\/v2\/posts\/44244","targetHints":{"allow":["GET"]}}],"collection":[{"href":"https:\/\/www.italpassion.fr\/en\/wp-json\/wp\/v2\/posts"}],"about":[{"href":"https:\/\/www.italpassion.fr\/en\/wp-json\/wp\/v2\/types\/post"}],"author":[{"embeddable":true,"href":"https:\/\/www.italpassion.fr\/en\/wp-json\/wp\/v2\/users\/1"}],"replies":[{"embeddable":true,"href":"https:\/\/www.italpassion.fr\/en\/wp-json\/wp\/v2\/comments?post=44244"}],"version-history":[{"count":3,"href":"https:\/\/www.italpassion.fr\/en\/wp-json\/wp\/v2\/posts\/44244\/revisions"}],"predecessor-version":[{"id":44339,"href":"https:\/\/www.italpassion.fr\/en\/wp-json\/wp\/v2\/posts\/44244\/revisions\/44339"}],"wp:featuredmedia":[{"embeddable":true,"href":"https:\/\/www.italpassion.fr\/en\/wp-json\/wp\/v2\/media\/44336"}],"wp:attachment":[{"href":"https:\/\/www.italpassion.fr\/en\/wp-json\/wp\/v2\/media?parent=44244"}],"wp:term":[{"taxonomy":"category","embeddable":true,"href":"https:\/\/www.italpassion.fr\/en\/wp-json\/wp\/v2\/categories?post=44244"},{"taxonomy":"post_tag","embeddable":true,"href":"https:\/\/www.italpassion.fr\/en\/wp-json\/wp\/v2\/tags?post=44244"}],"curies":[{"name":"wp","href":"https:\/\/api.w.org\/{rel}","templated":true}]}}