{"id":44115,"date":"2025-12-08T09:20:07","date_gmt":"2025-12-08T08:20:07","guid":{"rendered":"https:\/\/www.italpassion.fr\/?p=44115"},"modified":"2025-12-08T09:20:07","modified_gmt":"2025-12-08T08:20:07","slug":"former-ceo-of-stellantis-warns-european-car-plants-will-be-closed-or-taken-over-by-the-chinese-with-protests-tire-and-pallet-fires","status":"publish","type":"post","link":"https:\/\/www.italpassion.fr\/en\/stellantis\/lancien-ceo-de-stellantis-previent-les-usines-automobiles-europeennes-seront-fermees-ou-rachetees-par-les-chinois-avec-des-manifestations-des-incendies-de-pneus-et-de-palettes\/","title":{"rendered":"The former CEO of Stellantis warns that European car plants will be closed or taken over by the Chinese, with \"demonstrations, tire and pallet fires\"."},"content":{"rendered":"<figure class=\"wp-block-image size-full\"><img loading=\"lazy\" decoding=\"async\" width=\"1200\" height=\"800\" src=\"https:\/\/www.italpassion.fr\/wp-content\/uploads\/2025\/12\/carlos-tavares-manifestation.jpg\" alt=\"\" class=\"wp-image-44116\" srcset=\"https:\/\/www.italpassion.fr\/wp-content\/uploads\/2025\/12\/carlos-tavares-manifestation.jpg 1200w, https:\/\/www.italpassion.fr\/wp-content\/uploads\/2025\/12\/carlos-tavares-manifestation-420x280.jpg 420w, https:\/\/www.italpassion.fr\/wp-content\/uploads\/2025\/12\/carlos-tavares-manifestation-768x512.jpg 768w, https:\/\/www.italpassion.fr\/wp-content\/uploads\/2025\/12\/carlos-tavares-manifestation-18x12.jpg 18w\" sizes=\"auto, (max-width: 1200px) 100vw, 1200px\" \/><\/figure>\n\n\n\n<p>Carlos Tavares' recent comments are likely to send shockwaves through Europe. One year after <a href=\"https:\/\/www.italpassion.fr\/en\/stellantis\/thunderclap-at-stellantis-ceo-carlos-tavares-resigns\/\">having left the management of Stellantis<\/a>the former boss, now free of any communication constraints, delivers a brutal analysis: \"Europe is going to give its automotive industry to the Chinese\". A sentence that resonates all the more strongly because it comes at a time when the Group's plants are moving at radically different speeds in different countries.<\/p>\n\n\n\n<h2 class=\"wp-block-heading\">A fractured continent<\/h2>\n\n\n\n<p>You only have to look at the current state of Stellantis plants to understand why Tavares' warning is not being issued in a vacuum. In Spain, the Vigo plant is experiencing a historic year: over 600,000 vehicles produced by 2025, a production rate of one vehicle per minute, four teams mobilized day and night. Vigo has become the Group's real industrial lung in Europe, boosted by competitive energy costs.<\/p>\n\n\n\n<p>In France, the dynamic is already less favorable. The five sites in France are expected to fall below the 600,000-unit mark within three years. The decline is gradual, but real. Poissy is the focus of concern, with weakened activity and uncertain visibility. Antonio Filosa, the new CEO, is trying to rebalance the strategy between combustion, hybrid and electric, but this pivot leaves Europe in a grey zone.<\/p>\n\n\n\n<p>It's in Italy, however, that the situation is taking on the appearance of an industrial hemorrhage. Production down to 310,000 vehicles, a 31 % drop in the third quarter of 2025, plants at partial shutdown, and the prospect of passenger car production falling below 200,000 units. Half of the Group's Italian employees are now affected by short-time working arrangements.<\/p>\n\n\n\n<h2 class=\"wp-block-heading\">As Filosa reviews Stellantis' strategy, Tavares warns Europe<\/h2>\n\n\n\n<p>While European factories are struggling in an uncertain economic climate, Antonio Filosa is assuming a far-reaching reorientation of the Group's strategy. At Goldman Sachs Industrials &amp; Autos Week, he admitted that <a href=\"https:\/\/www.italpassion.fr\/en\/stellantis\/stellantis-ceo-the-assumptions-about-electric-cars-were-wrong-we-listened-to-the-market-and-revised-our-strategy\/\">the electrical projections were wrong<\/a> and that the transition should be more gradual. In the United States, <a href=\"https:\/\/www.italpassion.fr\/en\/stellantis\/\">Stellantis<\/a> is rediscovering the commercial effectiveness of hybrids and even V8s, while the European market is desperately awaiting regulatory relaxation.<\/p>\n\n\n\n<p>But for Carlos Tavares, the main problem is not Stellantis. It's much broader, systemic, almost ideological. The former CEO accuses the European Union of having made a \"serious mistake\": imposing a technology rather than an objective. By forcing manufacturers to converge on the 100 % electric, Europe would have created a major vulnerability, leaving the way open for Chinese brands, which have been working on electromobility for twenty years, to conquer the continent.<\/p>\n\n\n\n<h2 class=\"wp-block-heading\">\"Ten plants will disappear<\/h2>\n\n\n\n<p>Speaking to several Portuguese media, Tavares made a chilling projection. Chinese brands, he said, will reach 10 % of the European market within five years. On the basis of 15 million vehicles a year, that would represent 1.5 million imported cars, or the equivalent of ten major European factories doomed to lose their raison d'\u00eatre.<\/p>\n\n\n\n<p>And it's here that his warning becomes prophetic and almost cinematic: \"When there are demonstrations, burning tires and burning pallets, a Chinese investor will offer to buy the plant for a token sum, promising to preserve jobs. And governments will accept.\" For Tavares, there's nothing fictional about this scenario. It is the direct consequence of an \"intellectually arrogant\", overly bureaucratic Europe, which preferred to lay down technological dogmas rather than give engineers the freedom to find the most \"clean, safe and accessible\" solutions.<\/p>\n\n\n\n<p>The former boss also delivers a harsh critique of European bureaucracy, which he describes as a \"cancer\". In his view, Europe risks disqualification in the duel between the United States and China, due to a lack of competitiveness, productivity and long-term vision. While Washington simplifies its standards and Beijing invests massively, Brussels multiplies regulations and consumes resources that could have been invested in innovation.<\/p>\n\n\n\n<p>Tavares insists that if Europe wants to maintain its standard of living, it will have to work more and, above all, work better. Otherwise, it will become the \"fuse\" in the Sino-American tension.<\/p>\n\n\n\n<p><\/p>","protected":false},"excerpt":{"rendered":"","protected":false},"author":1,"featured_media":44116,"comment_status":"open","ping_status":"open","sticky":false,"template":"","format":"standard","meta":{"_acf_changed":false,"_sitemap_exclude":false,"_sitemap_priority":"","_sitemap_frequency":"","footnotes":""},"categories":[29],"tags":[398],"class_list":["post-44115","post","type-post","status-publish","format-standard","has-post-thumbnail","hentry","category-stellantis","tag-carlos-tavares","generate-columns","tablet-grid-50","mobile-grid-100","grid-parent","grid-33"],"acf":[],"yoast_head":"<!-- This site is optimized with the Yoast SEO plugin v25.8 - https:\/\/yoast.com\/wordpress\/plugins\/seo\/ -->\n<title>L&#039;ancien CEO de Stellantis pr\u00e9vient : les usines automobiles europ\u00e9ennes seront ferm\u00e9es ou rachet\u00e9es par les Chinois avec &quot;des manifestations, des incendies de pneus et de palettes&quot; - ItalPassion<\/title>\n<meta name=\"description\" content=\"Les r\u00e9cents propos de Carlos Tavares auraient de quoi provoquer une onde de choc dans toute l\u2019Europe. Un an apr\u00e8s avoir quitt\u00e9 la direction de Stellantis,\" \/>\n<meta name=\"robots\" content=\"index, follow, max-snippet:-1, max-image-preview:large, max-video-preview:-1\" \/>\n<link rel=\"canonical\" href=\"https:\/\/www.italpassion.fr\/en\/stellantis\/former-ceo-of-stellantis-warns-european-car-plants-will-be-closed-or-taken-over-by-the-chinese-with-protests-tire-and-pallet-fires\/\" \/>\n<meta property=\"og:locale\" content=\"en_US\" \/>\n<meta property=\"og:type\" content=\"article\" \/>\n<meta property=\"og:title\" content=\"L&#039;ancien CEO de Stellantis pr\u00e9vient : les usines automobiles europ\u00e9ennes seront ferm\u00e9es ou rachet\u00e9es par les Chinois avec &quot;des manifestations, des incendies de pneus et de palettes&quot; - ItalPassion\" \/>\n<meta property=\"og:description\" content=\"Les r\u00e9cents propos de Carlos Tavares auraient de quoi provoquer une onde de choc dans toute l\u2019Europe. Un an apr\u00e8s avoir quitt\u00e9 la direction de Stellantis,\" \/>\n<meta property=\"og:url\" content=\"https:\/\/www.italpassion.fr\/en\/stellantis\/former-ceo-of-stellantis-warns-european-car-plants-will-be-closed-or-taken-over-by-the-chinese-with-protests-tire-and-pallet-fires\/\" \/>\n<meta property=\"og:site_name\" content=\"ItalPassion\" \/>\n<meta property=\"article:publisher\" content=\"https:\/\/www.facebook.com\/italpassion\" \/>\n<meta property=\"article:published_time\" content=\"2025-12-08T08:20:07+00:00\" \/>\n<meta property=\"og:image\" content=\"https:\/\/www.italpassion.fr\/wp-content\/uploads\/2025\/12\/carlos-tavares-manifestation.jpg\" \/>\n\t<meta property=\"og:image:width\" content=\"1200\" \/>\n\t<meta property=\"og:image:height\" content=\"800\" \/>\n\t<meta property=\"og:image:type\" content=\"image\/jpeg\" \/>\n<meta name=\"author\" content=\"Alexandre Filluzeau\" \/>\n<meta name=\"twitter:card\" content=\"summary_large_image\" \/>\n<meta name=\"twitter:creator\" content=\"@italpassion\" \/>\n<meta name=\"twitter:site\" content=\"@italpassion\" \/>\n<script type=\"application\/ld+json\" class=\"yoast-schema-graph\">{\"@context\":\"https:\/\/schema.org\",\"@graph\":[{\"@type\":\"NewsArticle\",\"@id\":\"https:\/\/www.italpassion.fr\/en\/stellantis\/lancien-ceo-de-stellantis-previent-les-usines-automobiles-europeennes-seront-fermees-ou-rachetees-par-les-chinois-avec-des-manifestations-des-incendies-de-pneus-et-de-palettes\/#article\",\"isPartOf\":{\"@id\":\"https:\/\/www.italpassion.fr\/en\/stellantis\/lancien-ceo-de-stellantis-previent-les-usines-automobiles-europeennes-seront-fermees-ou-rachetees-par-les-chinois-avec-des-manifestations-des-incendies-de-pneus-et-de-palettes\/\"},\"author\":{\"name\":\"Alexandre Filluzeau\",\"@id\":\"https:\/\/www.italpassion.fr\/en\/#\/schema\/person\/36f747b2a759ca202d847e85a9434ca0\"},\"headline\":\"L&rsquo;ancien CEO de Stellantis pr\u00e9vient : les usines automobiles europ\u00e9ennes seront ferm\u00e9es ou rachet\u00e9es par les Chinois avec \u00ab\u00a0des manifestations, des incendies de pneus et de palettes\u00a0\u00bb\",\"datePublished\":\"2025-12-08T08:20:07+00:00\",\"mainEntityOfPage\":{\"@id\":\"https:\/\/www.italpassion.fr\/en\/stellantis\/lancien-ceo-de-stellantis-previent-les-usines-automobiles-europeennes-seront-fermees-ou-rachetees-par-les-chinois-avec-des-manifestations-des-incendies-de-pneus-et-de-palettes\/\"},\"wordCount\":792,\"commentCount\":19,\"publisher\":{\"@id\":\"https:\/\/www.italpassion.fr\/en\/#organization\"},\"image\":{\"@id\":\"https:\/\/www.italpassion.fr\/en\/stellantis\/lancien-ceo-de-stellantis-previent-les-usines-automobiles-europeennes-seront-fermees-ou-rachetees-par-les-chinois-avec-des-manifestations-des-incendies-de-pneus-et-de-palettes\/#primaryimage\"},\"thumbnailUrl\":\"https:\/\/www.italpassion.fr\/wp-content\/uploads\/2025\/12\/carlos-tavares-manifestation.jpg\",\"keywords\":[\"Carlos Tavares\"],\"articleSection\":[\"Stellantis\"],\"inLanguage\":\"en-US\",\"potentialAction\":[{\"@type\":\"CommentAction\",\"name\":\"Comment\",\"target\":[\"https:\/\/www.italpassion.fr\/en\/stellantis\/lancien-ceo-de-stellantis-previent-les-usines-automobiles-europeennes-seront-fermees-ou-rachetees-par-les-chinois-avec-des-manifestations-des-incendies-de-pneus-et-de-palettes\/#respond\"]}]},{\"@type\":\"WebPage\",\"@id\":\"https:\/\/www.italpassion.fr\/en\/stellantis\/lancien-ceo-de-stellantis-previent-les-usines-automobiles-europeennes-seront-fermees-ou-rachetees-par-les-chinois-avec-des-manifestations-des-incendies-de-pneus-et-de-palettes\/\",\"url\":\"https:\/\/www.italpassion.fr\/en\/stellantis\/lancien-ceo-de-stellantis-previent-les-usines-automobiles-europeennes-seront-fermees-ou-rachetees-par-les-chinois-avec-des-manifestations-des-incendies-de-pneus-et-de-palettes\/\",\"name\":\"L'ancien CEO de Stellantis pr\u00e9vient : les usines automobiles europ\u00e9ennes seront ferm\u00e9es ou rachet\u00e9es par les Chinois avec \\\"des manifestations, des incendies de pneus et de palettes\\\" - ItalPassion\",\"isPartOf\":{\"@id\":\"https:\/\/www.italpassion.fr\/en\/#website\"},\"primaryImageOfPage\":{\"@id\":\"https:\/\/www.italpassion.fr\/en\/stellantis\/lancien-ceo-de-stellantis-previent-les-usines-automobiles-europeennes-seront-fermees-ou-rachetees-par-les-chinois-avec-des-manifestations-des-incendies-de-pneus-et-de-palettes\/#primaryimage\"},\"image\":{\"@id\":\"https:\/\/www.italpassion.fr\/en\/stellantis\/lancien-ceo-de-stellantis-previent-les-usines-automobiles-europeennes-seront-fermees-ou-rachetees-par-les-chinois-avec-des-manifestations-des-incendies-de-pneus-et-de-palettes\/#primaryimage\"},\"thumbnailUrl\":\"https:\/\/www.italpassion.fr\/wp-content\/uploads\/2025\/12\/carlos-tavares-manifestation.jpg\",\"datePublished\":\"2025-12-08T08:20:07+00:00\",\"description\":\"Les r\u00e9cents propos de Carlos Tavares auraient de quoi provoquer une onde de choc dans toute l\u2019Europe. Un an apr\u00e8s avoir quitt\u00e9 la direction de Stellantis,\",\"breadcrumb\":{\"@id\":\"https:\/\/www.italpassion.fr\/en\/stellantis\/lancien-ceo-de-stellantis-previent-les-usines-automobiles-europeennes-seront-fermees-ou-rachetees-par-les-chinois-avec-des-manifestations-des-incendies-de-pneus-et-de-palettes\/#breadcrumb\"},\"inLanguage\":\"en-US\",\"potentialAction\":[{\"@type\":\"ReadAction\",\"target\":[\"https:\/\/www.italpassion.fr\/en\/stellantis\/lancien-ceo-de-stellantis-previent-les-usines-automobiles-europeennes-seront-fermees-ou-rachetees-par-les-chinois-avec-des-manifestations-des-incendies-de-pneus-et-de-palettes\/\"]}]},{\"@type\":\"ImageObject\",\"inLanguage\":\"en-US\",\"@id\":\"https:\/\/www.italpassion.fr\/en\/stellantis\/lancien-ceo-de-stellantis-previent-les-usines-automobiles-europeennes-seront-fermees-ou-rachetees-par-les-chinois-avec-des-manifestations-des-incendies-de-pneus-et-de-palettes\/#primaryimage\",\"url\":\"https:\/\/www.italpassion.fr\/wp-content\/uploads\/2025\/12\/carlos-tavares-manifestation.jpg\",\"contentUrl\":\"https:\/\/www.italpassion.fr\/wp-content\/uploads\/2025\/12\/carlos-tavares-manifestation.jpg\",\"width\":1200,\"height\":800},{\"@type\":\"BreadcrumbList\",\"@id\":\"https:\/\/www.italpassion.fr\/en\/stellantis\/lancien-ceo-de-stellantis-previent-les-usines-automobiles-europeennes-seront-fermees-ou-rachetees-par-les-chinois-avec-des-manifestations-des-incendies-de-pneus-et-de-palettes\/#breadcrumb\",\"itemListElement\":[{\"@type\":\"ListItem\",\"position\":1,\"name\":\"Accueil\",\"item\":\"https:\/\/www.italpassion.fr\/en\/\"},{\"@type\":\"ListItem\",\"position\":2,\"name\":\"L&rsquo;ancien CEO de Stellantis pr\u00e9vient : les usines automobiles europ\u00e9ennes seront ferm\u00e9es ou rachet\u00e9es par les Chinois avec \u00ab\u00a0des manifestations, des incendies de pneus et de palettes\u00a0\u00bb\"}]},{\"@type\":\"WebSite\",\"@id\":\"https:\/\/www.italpassion.fr\/en\/#website\",\"url\":\"https:\/\/www.italpassion.fr\/en\/\",\"name\":\"ItalPassion\",\"description\":\"Les Passionn\u00e9s d&#039;Automobiles Italiennes\",\"publisher\":{\"@id\":\"https:\/\/www.italpassion.fr\/en\/#organization\"},\"potentialAction\":[{\"@type\":\"SearchAction\",\"target\":{\"@type\":\"EntryPoint\",\"urlTemplate\":\"https:\/\/www.italpassion.fr\/en\/?s={search_term_string}\"},\"query-input\":{\"@type\":\"PropertyValueSpecification\",\"valueRequired\":true,\"valueName\":\"search_term_string\"}}],\"inLanguage\":\"en-US\"},{\"@type\":\"Organization\",\"@id\":\"https:\/\/www.italpassion.fr\/en\/#organization\",\"name\":\"Italpassion\",\"url\":\"https:\/\/www.italpassion.fr\/en\/\",\"logo\":{\"@type\":\"ImageObject\",\"inLanguage\":\"en-US\",\"@id\":\"https:\/\/www.italpassion.fr\/en\/#\/schema\/logo\/image\/\",\"url\":\"https:\/\/www.italpassion.fr\/wp-content\/uploads\/2023\/07\/italpassion-yoast.jpg\",\"contentUrl\":\"https:\/\/www.italpassion.fr\/wp-content\/uploads\/2023\/07\/italpassion-yoast.jpg\",\"width\":696,\"height\":696,\"caption\":\"Italpassion\"},\"image\":{\"@id\":\"https:\/\/www.italpassion.fr\/en\/#\/schema\/logo\/image\/\"},\"sameAs\":[\"https:\/\/www.facebook.com\/italpassion\",\"https:\/\/x.com\/italpassion\",\"https:\/\/www.instagram.com\/italpassionfr\/\",\"https:\/\/www.youtube.com\/channel\/UCleq-ByQaA42OjhopwevRjQ\",\"https:\/\/www.facebook.com\/italpassion.en\/\",\"https:\/\/www.facebook.com\/italpassion.it\/\",\"https:\/\/www.facebook.com\/italpassion.de\/\",\"https:\/\/www.facebook.com\/italpassion.ja\/\"]},{\"@type\":\"Person\",\"@id\":\"https:\/\/www.italpassion.fr\/en\/#\/schema\/person\/36f747b2a759ca202d847e85a9434ca0\",\"name\":\"Alexandre Filluzeau\",\"image\":{\"@type\":\"ImageObject\",\"inLanguage\":\"en-US\",\"@id\":\"https:\/\/www.italpassion.fr\/en\/#\/schema\/person\/image\/\",\"url\":\"https:\/\/www.italpassion.fr\/wp-content\/uploads\/2025\/04\/avatar-alexandre-160x160.jpg\",\"contentUrl\":\"https:\/\/www.italpassion.fr\/wp-content\/uploads\/2025\/04\/avatar-alexandre-160x160.jpg\",\"caption\":\"Alexandre Filluzeau\"},\"description\":\"Fondateur du site ItalPassion, passionn\u00e9 de voitures italiennes et de l'Italie en g\u00e9n\u00e9ral. J'apporte un regard critique et technique aux actualit\u00e9s des marques italiennes quand cela est possible. Propri\u00e9taire d'une Maserati GranTurismo, Alfa Romeo MiTo, Lancia Fulvia et Ducati 695. Ex-propri\u00e9taire d'une Alfa Romeo Giulia.\",\"sameAs\":[\"https:\/\/www.italpassion.fr\/\"],\"url\":\"https:\/\/www.italpassion.fr\/en\/author\/alexandre\/\"}]}<\/script>\n<!-- \/ Yoast SEO plugin. -->","yoast_head_json":{"title":"Former Stellantis CEO warns: European car plants will be closed or bought out by the Chinese with \"demonstrations, tire and pallet fires\" - ItalPassion","description":"Carlos Tavares' recent comments are likely to send shockwaves through Europe. One year after leaving the management of Stellantis,","robots":{"index":"index","follow":"follow","max-snippet":"max-snippet:-1","max-image-preview":"max-image-preview:large","max-video-preview":"max-video-preview:-1"},"canonical":"https:\/\/www.italpassion.fr\/en\/stellantis\/former-ceo-of-stellantis-warns-european-car-plants-will-be-closed-or-taken-over-by-the-chinese-with-protests-tire-and-pallet-fires\/","og_locale":"en_US","og_type":"article","og_title":"L'ancien CEO de Stellantis pr\u00e9vient : les usines automobiles europ\u00e9ennes seront ferm\u00e9es ou rachet\u00e9es par les Chinois avec \"des manifestations, des incendies de pneus et de palettes\" - ItalPassion","og_description":"Les r\u00e9cents propos de Carlos Tavares auraient de quoi provoquer une onde de choc dans toute l\u2019Europe. Un an apr\u00e8s avoir quitt\u00e9 la direction de Stellantis,","og_url":"https:\/\/www.italpassion.fr\/en\/stellantis\/former-ceo-of-stellantis-warns-european-car-plants-will-be-closed-or-taken-over-by-the-chinese-with-protests-tire-and-pallet-fires\/","og_site_name":"ItalPassion","article_publisher":"https:\/\/www.facebook.com\/italpassion","article_published_time":"2025-12-08T08:20:07+00:00","og_image":[{"width":1200,"height":800,"url":"https:\/\/www.italpassion.fr\/wp-content\/uploads\/2025\/12\/carlos-tavares-manifestation.jpg","type":"image\/jpeg"}],"author":"Alexandre Filluzeau","twitter_card":"summary_large_image","twitter_creator":"@italpassion","twitter_site":"@italpassion","schema":{"@context":"https:\/\/schema.org","@graph":[{"@type":"NewsArticle","@id":"https:\/\/www.italpassion.fr\/en\/stellantis\/lancien-ceo-de-stellantis-previent-les-usines-automobiles-europeennes-seront-fermees-ou-rachetees-par-les-chinois-avec-des-manifestations-des-incendies-de-pneus-et-de-palettes\/#article","isPartOf":{"@id":"https:\/\/www.italpassion.fr\/en\/stellantis\/lancien-ceo-de-stellantis-previent-les-usines-automobiles-europeennes-seront-fermees-ou-rachetees-par-les-chinois-avec-des-manifestations-des-incendies-de-pneus-et-de-palettes\/"},"author":{"name":"Alexandre Filluzeau","@id":"https:\/\/www.italpassion.fr\/en\/#\/schema\/person\/36f747b2a759ca202d847e85a9434ca0"},"headline":"L&rsquo;ancien CEO de Stellantis pr\u00e9vient : les usines automobiles europ\u00e9ennes seront ferm\u00e9es ou rachet\u00e9es par les Chinois avec \u00ab\u00a0des manifestations, des incendies de pneus et de palettes\u00a0\u00bb","datePublished":"2025-12-08T08:20:07+00:00","mainEntityOfPage":{"@id":"https:\/\/www.italpassion.fr\/en\/stellantis\/lancien-ceo-de-stellantis-previent-les-usines-automobiles-europeennes-seront-fermees-ou-rachetees-par-les-chinois-avec-des-manifestations-des-incendies-de-pneus-et-de-palettes\/"},"wordCount":792,"commentCount":19,"publisher":{"@id":"https:\/\/www.italpassion.fr\/en\/#organization"},"image":{"@id":"https:\/\/www.italpassion.fr\/en\/stellantis\/lancien-ceo-de-stellantis-previent-les-usines-automobiles-europeennes-seront-fermees-ou-rachetees-par-les-chinois-avec-des-manifestations-des-incendies-de-pneus-et-de-palettes\/#primaryimage"},"thumbnailUrl":"https:\/\/www.italpassion.fr\/wp-content\/uploads\/2025\/12\/carlos-tavares-manifestation.jpg","keywords":["Carlos Tavares"],"articleSection":["Stellantis"],"inLanguage":"en-US","potentialAction":[{"@type":"CommentAction","name":"Comment","target":["https:\/\/www.italpassion.fr\/en\/stellantis\/lancien-ceo-de-stellantis-previent-les-usines-automobiles-europeennes-seront-fermees-ou-rachetees-par-les-chinois-avec-des-manifestations-des-incendies-de-pneus-et-de-palettes\/#respond"]}]},{"@type":"WebPage","@id":"https:\/\/www.italpassion.fr\/en\/stellantis\/lancien-ceo-de-stellantis-previent-les-usines-automobiles-europeennes-seront-fermees-ou-rachetees-par-les-chinois-avec-des-manifestations-des-incendies-de-pneus-et-de-palettes\/","url":"https:\/\/www.italpassion.fr\/en\/stellantis\/lancien-ceo-de-stellantis-previent-les-usines-automobiles-europeennes-seront-fermees-ou-rachetees-par-les-chinois-avec-des-manifestations-des-incendies-de-pneus-et-de-palettes\/","name":"Former Stellantis CEO warns: European car plants will be closed or bought out by the Chinese with \"demonstrations, tire and pallet fires\" - ItalPassion","isPartOf":{"@id":"https:\/\/www.italpassion.fr\/en\/#website"},"primaryImageOfPage":{"@id":"https:\/\/www.italpassion.fr\/en\/stellantis\/lancien-ceo-de-stellantis-previent-les-usines-automobiles-europeennes-seront-fermees-ou-rachetees-par-les-chinois-avec-des-manifestations-des-incendies-de-pneus-et-de-palettes\/#primaryimage"},"image":{"@id":"https:\/\/www.italpassion.fr\/en\/stellantis\/lancien-ceo-de-stellantis-previent-les-usines-automobiles-europeennes-seront-fermees-ou-rachetees-par-les-chinois-avec-des-manifestations-des-incendies-de-pneus-et-de-palettes\/#primaryimage"},"thumbnailUrl":"https:\/\/www.italpassion.fr\/wp-content\/uploads\/2025\/12\/carlos-tavares-manifestation.jpg","datePublished":"2025-12-08T08:20:07+00:00","description":"Carlos Tavares' recent comments are likely to send shockwaves through Europe. One year after leaving the management of Stellantis,","breadcrumb":{"@id":"https:\/\/www.italpassion.fr\/en\/stellantis\/lancien-ceo-de-stellantis-previent-les-usines-automobiles-europeennes-seront-fermees-ou-rachetees-par-les-chinois-avec-des-manifestations-des-incendies-de-pneus-et-de-palettes\/#breadcrumb"},"inLanguage":"en-US","potentialAction":[{"@type":"ReadAction","target":["https:\/\/www.italpassion.fr\/en\/stellantis\/lancien-ceo-de-stellantis-previent-les-usines-automobiles-europeennes-seront-fermees-ou-rachetees-par-les-chinois-avec-des-manifestations-des-incendies-de-pneus-et-de-palettes\/"]}]},{"@type":"ImageObject","inLanguage":"en-US","@id":"https:\/\/www.italpassion.fr\/en\/stellantis\/lancien-ceo-de-stellantis-previent-les-usines-automobiles-europeennes-seront-fermees-ou-rachetees-par-les-chinois-avec-des-manifestations-des-incendies-de-pneus-et-de-palettes\/#primaryimage","url":"https:\/\/www.italpassion.fr\/wp-content\/uploads\/2025\/12\/carlos-tavares-manifestation.jpg","contentUrl":"https:\/\/www.italpassion.fr\/wp-content\/uploads\/2025\/12\/carlos-tavares-manifestation.jpg","width":1200,"height":800},{"@type":"BreadcrumbList","@id":"https:\/\/www.italpassion.fr\/en\/stellantis\/lancien-ceo-de-stellantis-previent-les-usines-automobiles-europeennes-seront-fermees-ou-rachetees-par-les-chinois-avec-des-manifestations-des-incendies-de-pneus-et-de-palettes\/#breadcrumb","itemListElement":[{"@type":"ListItem","position":1,"name":"Accueil","item":"https:\/\/www.italpassion.fr\/en\/"},{"@type":"ListItem","position":2,"name":"L&rsquo;ancien CEO de Stellantis pr\u00e9vient : les usines automobiles europ\u00e9ennes seront ferm\u00e9es ou rachet\u00e9es par les Chinois avec \u00ab\u00a0des manifestations, des incendies de pneus et de palettes\u00a0\u00bb"}]},{"@type":"WebSite","@id":"https:\/\/www.italpassion.fr\/en\/#website","url":"https:\/\/www.italpassion.fr\/en\/","name":"ItalPassion","description":"Italian Car Enthusiasts","publisher":{"@id":"https:\/\/www.italpassion.fr\/en\/#organization"},"potentialAction":[{"@type":"SearchAction","target":{"@type":"EntryPoint","urlTemplate":"https:\/\/www.italpassion.fr\/en\/?s={search_term_string}"},"query-input":{"@type":"PropertyValueSpecification","valueRequired":true,"valueName":"search_term_string"}}],"inLanguage":"en-US"},{"@type":"Organization","@id":"https:\/\/www.italpassion.fr\/en\/#organization","name":"Italpassion","url":"https:\/\/www.italpassion.fr\/en\/","logo":{"@type":"ImageObject","inLanguage":"en-US","@id":"https:\/\/www.italpassion.fr\/en\/#\/schema\/logo\/image\/","url":"https:\/\/www.italpassion.fr\/wp-content\/uploads\/2023\/07\/italpassion-yoast.jpg","contentUrl":"https:\/\/www.italpassion.fr\/wp-content\/uploads\/2023\/07\/italpassion-yoast.jpg","width":696,"height":696,"caption":"Italpassion"},"image":{"@id":"https:\/\/www.italpassion.fr\/en\/#\/schema\/logo\/image\/"},"sameAs":["https:\/\/www.facebook.com\/italpassion","https:\/\/x.com\/italpassion","https:\/\/www.instagram.com\/italpassionfr\/","https:\/\/www.youtube.com\/channel\/UCleq-ByQaA42OjhopwevRjQ","https:\/\/www.facebook.com\/italpassion.en\/","https:\/\/www.facebook.com\/italpassion.it\/","https:\/\/www.facebook.com\/italpassion.de\/","https:\/\/www.facebook.com\/italpassion.ja\/"]},{"@type":"Person","@id":"https:\/\/www.italpassion.fr\/en\/#\/schema\/person\/36f747b2a759ca202d847e85a9434ca0","name":"Alexandre Filluzeau","image":{"@type":"ImageObject","inLanguage":"en-US","@id":"https:\/\/www.italpassion.fr\/en\/#\/schema\/person\/image\/","url":"https:\/\/www.italpassion.fr\/wp-content\/uploads\/2025\/04\/avatar-alexandre-160x160.jpg","contentUrl":"https:\/\/www.italpassion.fr\/wp-content\/uploads\/2025\/04\/avatar-alexandre-160x160.jpg","caption":"Alexandre Filluzeau"},"description":"Founder of the ItalPassion website, passionate about Italian cars and Italy in general. I bring a critical and technical eye to the news of Italian brands when possible. Owner of a Maserati GranTurismo, Alfa Romeo MiTo, Lancia Fulvia and Ducati 695. Ex-owner of an Alfa Romeo Giulia.","sameAs":["https:\/\/www.italpassion.fr\/"],"url":"https:\/\/www.italpassion.fr\/en\/author\/alexandre\/"}]}},"_links":{"self":[{"href":"https:\/\/www.italpassion.fr\/en\/wp-json\/wp\/v2\/posts\/44115","targetHints":{"allow":["GET"]}}],"collection":[{"href":"https:\/\/www.italpassion.fr\/en\/wp-json\/wp\/v2\/posts"}],"about":[{"href":"https:\/\/www.italpassion.fr\/en\/wp-json\/wp\/v2\/types\/post"}],"author":[{"embeddable":true,"href":"https:\/\/www.italpassion.fr\/en\/wp-json\/wp\/v2\/users\/1"}],"replies":[{"embeddable":true,"href":"https:\/\/www.italpassion.fr\/en\/wp-json\/wp\/v2\/comments?post=44115"}],"version-history":[{"count":1,"href":"https:\/\/www.italpassion.fr\/en\/wp-json\/wp\/v2\/posts\/44115\/revisions"}],"predecessor-version":[{"id":44117,"href":"https:\/\/www.italpassion.fr\/en\/wp-json\/wp\/v2\/posts\/44115\/revisions\/44117"}],"wp:featuredmedia":[{"embeddable":true,"href":"https:\/\/www.italpassion.fr\/en\/wp-json\/wp\/v2\/media\/44116"}],"wp:attachment":[{"href":"https:\/\/www.italpassion.fr\/en\/wp-json\/wp\/v2\/media?parent=44115"}],"wp:term":[{"taxonomy":"category","embeddable":true,"href":"https:\/\/www.italpassion.fr\/en\/wp-json\/wp\/v2\/categories?post=44115"},{"taxonomy":"post_tag","embeddable":true,"href":"https:\/\/www.italpassion.fr\/en\/wp-json\/wp\/v2\/tags?post=44115"}],"curies":[{"name":"wp","href":"https:\/\/api.w.org\/{rel}","templated":true}]}}