{"id":42408,"date":"2025-10-24T07:33:40","date_gmt":"2025-10-24T05:33:40","guid":{"rendered":"https:\/\/www.italpassion.fr\/?p=42408"},"modified":"2025-10-23T17:28:36","modified_gmt":"2025-10-23T15:28:36","slug":"dalfa-romeo-ceo-hints-at-brand-and-maserati-range-evolution-at-the-same-time","status":"publish","type":"post","link":"https:\/\/www.italpassion.fr\/en\/alfa-romeo\/le-ceo-dalfa-romeo-donne-des-indices-sur-levolution-de-la-gamme-de-la-marque-et-maserati-en-meme-temps\/","title":{"rendered":"Alfa Romeo CEO hints at the brand's (and Maserati's) range evolution"},"content":{"rendered":"<figure class=\"wp-block-image size-large\"><img loading=\"lazy\" decoding=\"async\" width=\"1024\" height=\"683\" src=\"https:\/\/www.italpassion.fr\/wp-content\/uploads\/2024\/10\/ficili-alfa-romeo-1024x683.jpg\" alt=\"\" class=\"wp-image-34861\" srcset=\"https:\/\/www.italpassion.fr\/wp-content\/uploads\/2024\/10\/ficili-alfa-romeo-1024x683.jpg 1024w, https:\/\/www.italpassion.fr\/wp-content\/uploads\/2024\/10\/ficili-alfa-romeo-300x200.jpg 300w, https:\/\/www.italpassion.fr\/wp-content\/uploads\/2024\/10\/ficili-alfa-romeo-768x512.jpg 768w, https:\/\/www.italpassion.fr\/wp-content\/uploads\/2024\/10\/ficili-alfa-romeo-18x12.jpg 18w, https:\/\/www.italpassion.fr\/wp-content\/uploads\/2024\/10\/ficili-alfa-romeo-561x374.jpg 561w, https:\/\/www.italpassion.fr\/wp-content\/uploads\/2024\/10\/ficili-alfa-romeo-1122x748.jpg 1122w, https:\/\/www.italpassion.fr\/wp-content\/uploads\/2024\/10\/ficili-alfa-romeo-265x177.jpg 265w, https:\/\/www.italpassion.fr\/wp-content\/uploads\/2024\/10\/ficili-alfa-romeo-531x354.jpg 531w, https:\/\/www.italpassion.fr\/wp-content\/uploads\/2024\/10\/ficili-alfa-romeo-364x243.jpg 364w, https:\/\/www.italpassion.fr\/wp-content\/uploads\/2024\/10\/ficili-alfa-romeo-728x485.jpg 728w, https:\/\/www.italpassion.fr\/wp-content\/uploads\/2024\/10\/ficili-alfa-romeo-608x405.jpg 608w, https:\/\/www.italpassion.fr\/wp-content\/uploads\/2024\/10\/ficili-alfa-romeo-758x505.jpg 758w, https:\/\/www.italpassion.fr\/wp-content\/uploads\/2024\/10\/ficili-alfa-romeo-1152x768.jpg 1152w, https:\/\/www.italpassion.fr\/wp-content\/uploads\/2024\/10\/ficili-alfa-romeo-600x400.jpg 600w, https:\/\/www.italpassion.fr\/wp-content\/uploads\/2024\/10\/ficili-alfa-romeo.jpg 1200w\" sizes=\"auto, (max-width: 1024px) 100vw, 1024px\" \/><\/figure>\n\n\n\n<p>A few years ago, the<a href=\"https:\/\/www.italpassion.fr\/en\/alfa-romeo\/\">Alfa Romeo<\/a> was clear. Under the direction of Jean-Philippe Imparato, the Italian brand was to switch entirely to electric power by 2027, with a new generation of electric Giulia and Stelvio 100 %, followed by a large SUV positioned above the current Stelvio. But that was before.<\/p>\n\n\n\n<p>Since the arrival of new CEO Antonio Filosa in June 2025, things have been changing. And if <a href=\"https:\/\/www.italpassion.fr\/en\/stellantis\/\">Stellantis<\/a> remains focused on electrification, Alfa Romeo, like Maserati, seems to be redefining its priorities, taking a more pragmatic approach.<\/p>\n\n\n\n<h2 class=\"wp-block-heading\">A product plan turned upside down (and more flexible than expected)<\/h2>\n\n\n\n<p>First, let's remember that the launch of the new Giulia and Stelvio has been postponed to 2027, whereas they were originally scheduled to be unveiled as early as 2025 and 2026 in the form of the 100 % electric. The reason? To integrate hybrid powertrains, better suited to current demand and certain strategic markets such as North America.<\/p>\n\n\n\n<p>This shift in the timetable has opened up a window of opportunity for reflection. Alfa Romeo's decision-makers can review the copy, refine priorities and, in all likelihood, introduce flexibility into a range that was supposed to be fixed on pure electric. And it was against this backdrop that current CEO Santo Ficili dropped a few hints about the direction to come.<\/p>\n\n\n\n<h2 class=\"wp-block-heading\">\"The Giulia and Stelvio will be the biggest Alfa Romeo ever\".<\/h2>\n\n\n\n<p>This sentence, reported by Automotive News and picked up by several specialist media, changes everything. It means several things. Firstly, that the Giulia and Stelvio will remain the brand's \"flagship\" models in terms of size. The future Stelvio will be slightly larger than the current one, and the next Giulia, which will share its platform, could follow the same trend.<\/p>\n\n\n\n<p>Above all, this statement puts a definitive stop to Alfa Romeo's ambitions for a large SUV or E-segment sedan. The project for a larger SUV based on the STLA Large platform, mooted at the time of Imparato, seems well and truly abandoned. \"Big cars are not Alfa Romeo's territory\", Ficili is quoted as saying.<\/p>\n\n\n\n<h2 class=\"wp-block-heading\">An \"Alfa Romeo surprise\" in the works<\/h2>\n\n\n\n<p>Between the Tonale and the future Stelvio, another model, currently codenamed A4U, is still awaited. <a href=\"https:\/\/www.italpassion.fr\/en\/alfa-romeo\/a-new-alfa-romeo-for-2026-and-its-neither-the-giulia-nor-the-stelvio\/\">This \"surprise\" Alfa Romeo<\/a>to be unveiled in the second half of 2026, will come between the Tonale and the current Stelvio, both in size and price.<\/p>\n\n\n\n<p>This model could enable Alfa Romeo to strengthen its presence in the C\/D segment, one of the most dynamic in Europe. An approach that makes sense, especially at a time when the brand needs to consolidate its volumes before tackling new territories.<\/p>\n\n\n\n<h2 class=\"wp-block-heading\">Maserati, major beneficiary of Alfa Romeo's refocusing <\/h2>\n\n\n\n<p>By declaring that \"large cars are not Alfa Romeo's territory\", Santo Ficili also leaves a strategic space open for Maserati. For if Alfa Romeo concentrates on the compact and intermediate segments, Maserati can fully occupy the upper end of the spectrum. The Quattroporte would retain its role as a large Italian sedan, and the future Levante as a luxury SUV, embodying the group's premium expertise in the E-segment.<\/p>\n\n\n\n<p>In other words, Alfa Romeo and Maserati would stop stepping on each other's toes, by finally clarifying their positioning:<\/p>\n\n\n\n<ul class=\"wp-block-list\">\n<li>Alfa Romeo for sporty, dynamic and premium cars.<\/li>\n\n\n\n<li>Maserati for luxury, performance and prestige.<\/li>\n<\/ul>\n\n\n\n<h2 class=\"wp-block-heading\">Awaiting Stellantis' new industrial plan<\/h2>\n\n\n\n<p>The final word will go to new CEO Antonio Filosa, who is due to present the company's financial statements at the end of the first half of 2026, <a href=\"https:\/\/www.italpassion.fr\/en\/stellantis\/stellantis-postpones-presentation-of-new-industrial-plan\/\">its industrial plan<\/a> which will succeed Carlos Tavares' Dare Forward 2030. At that time, we'll officially know what the future holds for all the Group's brands, including Alfa Romeo.<\/p>","protected":false},"excerpt":{"rendered":"","protected":false},"author":1,"featured_media":34861,"comment_status":"open","ping_status":"open","sticky":false,"template":"","format":"standard","meta":{"_acf_changed":false,"_sitemap_exclude":false,"_sitemap_priority":"","_sitemap_frequency":"","footnotes":""},"categories":[22],"tags":[433],"class_list":["post-42408","post","type-post","status-publish","format-standard","has-post-thumbnail","hentry","category-alfa-romeo","tag-santo-ficili","generate-columns","tablet-grid-50","mobile-grid-100","grid-parent","grid-33"],"acf":[],"yoast_head":"<!-- This site is optimized with the Yoast SEO plugin v25.8 - https:\/\/yoast.com\/wordpress\/plugins\/seo\/ -->\n<title>Le CEO d&#039;Alfa Romeo donne des indices sur l&#039;\u00e9volution de la gamme de la marque (et Maserati en m\u00eame temps) - ItalPassion<\/title>\n<meta name=\"description\" content=\"Il y a quelques ann\u00e9es, le plan produit d\u2019Alfa Romeo \u00e9tait clair. Sous la direction de Jean-Philippe Imparato, la marque italienne devait basculer\" \/>\n<meta name=\"robots\" content=\"index, follow, max-snippet:-1, max-image-preview:large, max-video-preview:-1\" \/>\n<link rel=\"canonical\" href=\"https:\/\/www.italpassion.fr\/en\/alfa-romeo\/dalfa-romeo-ceo-hints-at-brand-and-maserati-range-evolution-at-the-same-time\/\" \/>\n<meta property=\"og:locale\" content=\"en_US\" \/>\n<meta property=\"og:type\" content=\"article\" \/>\n<meta property=\"og:title\" content=\"Le CEO d&#039;Alfa Romeo donne des indices sur l&#039;\u00e9volution de la gamme de la marque (et Maserati en m\u00eame temps) - ItalPassion\" \/>\n<meta property=\"og:description\" content=\"Il y a quelques ann\u00e9es, le plan produit d\u2019Alfa Romeo \u00e9tait clair. Sous la direction de Jean-Philippe Imparato, la marque italienne devait basculer\" \/>\n<meta property=\"og:url\" content=\"https:\/\/www.italpassion.fr\/en\/alfa-romeo\/dalfa-romeo-ceo-hints-at-brand-and-maserati-range-evolution-at-the-same-time\/\" \/>\n<meta property=\"og:site_name\" content=\"ItalPassion\" \/>\n<meta property=\"article:publisher\" content=\"https:\/\/www.facebook.com\/italpassion\" \/>\n<meta property=\"article:published_time\" content=\"2025-10-24T05:33:40+00:00\" \/>\n<meta property=\"og:image\" content=\"https:\/\/www.italpassion.fr\/wp-content\/uploads\/2024\/10\/ficili-alfa-romeo.jpg\" \/>\n\t<meta property=\"og:image:width\" content=\"1200\" \/>\n\t<meta property=\"og:image:height\" content=\"800\" \/>\n\t<meta property=\"og:image:type\" content=\"image\/jpeg\" \/>\n<meta name=\"author\" content=\"Alexandre Filluzeau\" \/>\n<meta name=\"twitter:card\" content=\"summary_large_image\" \/>\n<meta name=\"twitter:creator\" content=\"@italpassion\" \/>\n<meta name=\"twitter:site\" content=\"@italpassion\" \/>\n<script type=\"application\/ld+json\" class=\"yoast-schema-graph\">{\"@context\":\"https:\/\/schema.org\",\"@graph\":[{\"@type\":\"NewsArticle\",\"@id\":\"https:\/\/www.italpassion.fr\/en\/alfa-romeo\/le-ceo-dalfa-romeo-donne-des-indices-sur-levolution-de-la-gamme-de-la-marque-et-maserati-en-meme-temps\/#article\",\"isPartOf\":{\"@id\":\"https:\/\/www.italpassion.fr\/en\/alfa-romeo\/le-ceo-dalfa-romeo-donne-des-indices-sur-levolution-de-la-gamme-de-la-marque-et-maserati-en-meme-temps\/\"},\"author\":{\"name\":\"Alexandre Filluzeau\",\"@id\":\"https:\/\/www.italpassion.fr\/en\/#\/schema\/person\/36f747b2a759ca202d847e85a9434ca0\"},\"headline\":\"Le CEO d&rsquo;Alfa Romeo donne des indices sur l&rsquo;\u00e9volution de la gamme de la marque (et Maserati en m\u00eame temps)\",\"datePublished\":\"2025-10-24T05:33:40+00:00\",\"mainEntityOfPage\":{\"@id\":\"https:\/\/www.italpassion.fr\/en\/alfa-romeo\/le-ceo-dalfa-romeo-donne-des-indices-sur-levolution-de-la-gamme-de-la-marque-et-maserati-en-meme-temps\/\"},\"wordCount\":702,\"commentCount\":20,\"publisher\":{\"@id\":\"https:\/\/www.italpassion.fr\/en\/#organization\"},\"image\":{\"@id\":\"https:\/\/www.italpassion.fr\/en\/alfa-romeo\/le-ceo-dalfa-romeo-donne-des-indices-sur-levolution-de-la-gamme-de-la-marque-et-maserati-en-meme-temps\/#primaryimage\"},\"thumbnailUrl\":\"https:\/\/www.italpassion.fr\/wp-content\/uploads\/2024\/10\/ficili-alfa-romeo.jpg\",\"keywords\":[\"Santo Ficili\"],\"articleSection\":[\"Alfa Romeo\"],\"inLanguage\":\"en-US\",\"potentialAction\":[{\"@type\":\"CommentAction\",\"name\":\"Comment\",\"target\":[\"https:\/\/www.italpassion.fr\/en\/alfa-romeo\/le-ceo-dalfa-romeo-donne-des-indices-sur-levolution-de-la-gamme-de-la-marque-et-maserati-en-meme-temps\/#respond\"]}]},{\"@type\":\"WebPage\",\"@id\":\"https:\/\/www.italpassion.fr\/en\/alfa-romeo\/le-ceo-dalfa-romeo-donne-des-indices-sur-levolution-de-la-gamme-de-la-marque-et-maserati-en-meme-temps\/\",\"url\":\"https:\/\/www.italpassion.fr\/en\/alfa-romeo\/le-ceo-dalfa-romeo-donne-des-indices-sur-levolution-de-la-gamme-de-la-marque-et-maserati-en-meme-temps\/\",\"name\":\"Le CEO d'Alfa Romeo donne des indices sur l'\u00e9volution de la gamme de la marque (et Maserati en m\u00eame temps) - ItalPassion\",\"isPartOf\":{\"@id\":\"https:\/\/www.italpassion.fr\/en\/#website\"},\"primaryImageOfPage\":{\"@id\":\"https:\/\/www.italpassion.fr\/en\/alfa-romeo\/le-ceo-dalfa-romeo-donne-des-indices-sur-levolution-de-la-gamme-de-la-marque-et-maserati-en-meme-temps\/#primaryimage\"},\"image\":{\"@id\":\"https:\/\/www.italpassion.fr\/en\/alfa-romeo\/le-ceo-dalfa-romeo-donne-des-indices-sur-levolution-de-la-gamme-de-la-marque-et-maserati-en-meme-temps\/#primaryimage\"},\"thumbnailUrl\":\"https:\/\/www.italpassion.fr\/wp-content\/uploads\/2024\/10\/ficili-alfa-romeo.jpg\",\"datePublished\":\"2025-10-24T05:33:40+00:00\",\"description\":\"Il y a quelques ann\u00e9es, le plan produit d\u2019Alfa Romeo \u00e9tait clair. Sous la direction de Jean-Philippe Imparato, la marque italienne devait basculer\",\"breadcrumb\":{\"@id\":\"https:\/\/www.italpassion.fr\/en\/alfa-romeo\/le-ceo-dalfa-romeo-donne-des-indices-sur-levolution-de-la-gamme-de-la-marque-et-maserati-en-meme-temps\/#breadcrumb\"},\"inLanguage\":\"en-US\",\"potentialAction\":[{\"@type\":\"ReadAction\",\"target\":[\"https:\/\/www.italpassion.fr\/en\/alfa-romeo\/le-ceo-dalfa-romeo-donne-des-indices-sur-levolution-de-la-gamme-de-la-marque-et-maserati-en-meme-temps\/\"]}]},{\"@type\":\"ImageObject\",\"inLanguage\":\"en-US\",\"@id\":\"https:\/\/www.italpassion.fr\/en\/alfa-romeo\/le-ceo-dalfa-romeo-donne-des-indices-sur-levolution-de-la-gamme-de-la-marque-et-maserati-en-meme-temps\/#primaryimage\",\"url\":\"https:\/\/www.italpassion.fr\/wp-content\/uploads\/2024\/10\/ficili-alfa-romeo.jpg\",\"contentUrl\":\"https:\/\/www.italpassion.fr\/wp-content\/uploads\/2024\/10\/ficili-alfa-romeo.jpg\",\"width\":1200,\"height\":800},{\"@type\":\"BreadcrumbList\",\"@id\":\"https:\/\/www.italpassion.fr\/en\/alfa-romeo\/le-ceo-dalfa-romeo-donne-des-indices-sur-levolution-de-la-gamme-de-la-marque-et-maserati-en-meme-temps\/#breadcrumb\",\"itemListElement\":[{\"@type\":\"ListItem\",\"position\":1,\"name\":\"Accueil\",\"item\":\"https:\/\/www.italpassion.fr\/en\/\"},{\"@type\":\"ListItem\",\"position\":2,\"name\":\"Le CEO d&rsquo;Alfa Romeo donne des indices sur l&rsquo;\u00e9volution de la gamme de la marque (et Maserati en m\u00eame temps)\"}]},{\"@type\":\"WebSite\",\"@id\":\"https:\/\/www.italpassion.fr\/en\/#website\",\"url\":\"https:\/\/www.italpassion.fr\/en\/\",\"name\":\"ItalPassion\",\"description\":\"Les Passionn\u00e9s d&#039;Automobiles Italiennes\",\"publisher\":{\"@id\":\"https:\/\/www.italpassion.fr\/en\/#organization\"},\"potentialAction\":[{\"@type\":\"SearchAction\",\"target\":{\"@type\":\"EntryPoint\",\"urlTemplate\":\"https:\/\/www.italpassion.fr\/en\/?s={search_term_string}\"},\"query-input\":{\"@type\":\"PropertyValueSpecification\",\"valueRequired\":true,\"valueName\":\"search_term_string\"}}],\"inLanguage\":\"en-US\"},{\"@type\":\"Organization\",\"@id\":\"https:\/\/www.italpassion.fr\/en\/#organization\",\"name\":\"Italpassion\",\"url\":\"https:\/\/www.italpassion.fr\/en\/\",\"logo\":{\"@type\":\"ImageObject\",\"inLanguage\":\"en-US\",\"@id\":\"https:\/\/www.italpassion.fr\/en\/#\/schema\/logo\/image\/\",\"url\":\"https:\/\/www.italpassion.fr\/wp-content\/uploads\/2023\/07\/italpassion-yoast.jpg\",\"contentUrl\":\"https:\/\/www.italpassion.fr\/wp-content\/uploads\/2023\/07\/italpassion-yoast.jpg\",\"width\":696,\"height\":696,\"caption\":\"Italpassion\"},\"image\":{\"@id\":\"https:\/\/www.italpassion.fr\/en\/#\/schema\/logo\/image\/\"},\"sameAs\":[\"https:\/\/www.facebook.com\/italpassion\",\"https:\/\/x.com\/italpassion\",\"https:\/\/www.instagram.com\/italpassionfr\/\",\"https:\/\/www.youtube.com\/channel\/UCleq-ByQaA42OjhopwevRjQ\",\"https:\/\/www.facebook.com\/italpassion.en\/\",\"https:\/\/www.facebook.com\/italpassion.it\/\",\"https:\/\/www.facebook.com\/italpassion.de\/\",\"https:\/\/www.facebook.com\/italpassion.ja\/\"]},{\"@type\":\"Person\",\"@id\":\"https:\/\/www.italpassion.fr\/en\/#\/schema\/person\/36f747b2a759ca202d847e85a9434ca0\",\"name\":\"Alexandre Filluzeau\",\"image\":{\"@type\":\"ImageObject\",\"inLanguage\":\"en-US\",\"@id\":\"https:\/\/www.italpassion.fr\/en\/#\/schema\/person\/image\/\",\"url\":\"https:\/\/www.italpassion.fr\/wp-content\/uploads\/2025\/04\/avatar-alexandre-160x160.jpg\",\"contentUrl\":\"https:\/\/www.italpassion.fr\/wp-content\/uploads\/2025\/04\/avatar-alexandre-160x160.jpg\",\"caption\":\"Alexandre Filluzeau\"},\"description\":\"Fondateur du site ItalPassion, passionn\u00e9 de voitures italiennes et de l'Italie en g\u00e9n\u00e9ral. J'apporte un regard critique et technique aux actualit\u00e9s des marques italiennes quand cela est possible. Propri\u00e9taire d'une Maserati GranTurismo, Alfa Romeo MiTo, Lancia Fulvia et Ducati 695. Ex-propri\u00e9taire d'une Alfa Romeo Giulia.\",\"sameAs\":[\"https:\/\/www.italpassion.fr\/\"],\"url\":\"https:\/\/www.italpassion.fr\/en\/author\/alexandre\/\"}]}<\/script>\n<!-- \/ Yoast SEO plugin. -->","yoast_head_json":{"title":"Alfa Romeo CEO hints at brand (and Maserati) range evolution - ItalPassion","description":"A few years ago, Alfa Romeo's product plan was clear. Under the leadership of Jean-Philippe Imparato, the Italian brand was to switch","robots":{"index":"index","follow":"follow","max-snippet":"max-snippet:-1","max-image-preview":"max-image-preview:large","max-video-preview":"max-video-preview:-1"},"canonical":"https:\/\/www.italpassion.fr\/en\/alfa-romeo\/dalfa-romeo-ceo-hints-at-brand-and-maserati-range-evolution-at-the-same-time\/","og_locale":"en_US","og_type":"article","og_title":"Le CEO d'Alfa Romeo donne des indices sur l'\u00e9volution de la gamme de la marque (et Maserati en m\u00eame temps) - ItalPassion","og_description":"Il y a quelques ann\u00e9es, le plan produit d\u2019Alfa Romeo \u00e9tait clair. Sous la direction de Jean-Philippe Imparato, la marque italienne devait basculer","og_url":"https:\/\/www.italpassion.fr\/en\/alfa-romeo\/dalfa-romeo-ceo-hints-at-brand-and-maserati-range-evolution-at-the-same-time\/","og_site_name":"ItalPassion","article_publisher":"https:\/\/www.facebook.com\/italpassion","article_published_time":"2025-10-24T05:33:40+00:00","og_image":[{"width":1200,"height":800,"url":"https:\/\/www.italpassion.fr\/wp-content\/uploads\/2024\/10\/ficili-alfa-romeo.jpg","type":"image\/jpeg"}],"author":"Alexandre Filluzeau","twitter_card":"summary_large_image","twitter_creator":"@italpassion","twitter_site":"@italpassion","schema":{"@context":"https:\/\/schema.org","@graph":[{"@type":"NewsArticle","@id":"https:\/\/www.italpassion.fr\/en\/alfa-romeo\/le-ceo-dalfa-romeo-donne-des-indices-sur-levolution-de-la-gamme-de-la-marque-et-maserati-en-meme-temps\/#article","isPartOf":{"@id":"https:\/\/www.italpassion.fr\/en\/alfa-romeo\/le-ceo-dalfa-romeo-donne-des-indices-sur-levolution-de-la-gamme-de-la-marque-et-maserati-en-meme-temps\/"},"author":{"name":"Alexandre Filluzeau","@id":"https:\/\/www.italpassion.fr\/en\/#\/schema\/person\/36f747b2a759ca202d847e85a9434ca0"},"headline":"Le CEO d&rsquo;Alfa Romeo donne des indices sur l&rsquo;\u00e9volution de la gamme de la marque (et Maserati en m\u00eame temps)","datePublished":"2025-10-24T05:33:40+00:00","mainEntityOfPage":{"@id":"https:\/\/www.italpassion.fr\/en\/alfa-romeo\/le-ceo-dalfa-romeo-donne-des-indices-sur-levolution-de-la-gamme-de-la-marque-et-maserati-en-meme-temps\/"},"wordCount":702,"commentCount":20,"publisher":{"@id":"https:\/\/www.italpassion.fr\/en\/#organization"},"image":{"@id":"https:\/\/www.italpassion.fr\/en\/alfa-romeo\/le-ceo-dalfa-romeo-donne-des-indices-sur-levolution-de-la-gamme-de-la-marque-et-maserati-en-meme-temps\/#primaryimage"},"thumbnailUrl":"https:\/\/www.italpassion.fr\/wp-content\/uploads\/2024\/10\/ficili-alfa-romeo.jpg","keywords":["Santo Ficili"],"articleSection":["Alfa Romeo"],"inLanguage":"en-US","potentialAction":[{"@type":"CommentAction","name":"Comment","target":["https:\/\/www.italpassion.fr\/en\/alfa-romeo\/le-ceo-dalfa-romeo-donne-des-indices-sur-levolution-de-la-gamme-de-la-marque-et-maserati-en-meme-temps\/#respond"]}]},{"@type":"WebPage","@id":"https:\/\/www.italpassion.fr\/en\/alfa-romeo\/le-ceo-dalfa-romeo-donne-des-indices-sur-levolution-de-la-gamme-de-la-marque-et-maserati-en-meme-temps\/","url":"https:\/\/www.italpassion.fr\/en\/alfa-romeo\/le-ceo-dalfa-romeo-donne-des-indices-sur-levolution-de-la-gamme-de-la-marque-et-maserati-en-meme-temps\/","name":"Alfa Romeo CEO hints at brand (and Maserati) range evolution - ItalPassion","isPartOf":{"@id":"https:\/\/www.italpassion.fr\/en\/#website"},"primaryImageOfPage":{"@id":"https:\/\/www.italpassion.fr\/en\/alfa-romeo\/le-ceo-dalfa-romeo-donne-des-indices-sur-levolution-de-la-gamme-de-la-marque-et-maserati-en-meme-temps\/#primaryimage"},"image":{"@id":"https:\/\/www.italpassion.fr\/en\/alfa-romeo\/le-ceo-dalfa-romeo-donne-des-indices-sur-levolution-de-la-gamme-de-la-marque-et-maserati-en-meme-temps\/#primaryimage"},"thumbnailUrl":"https:\/\/www.italpassion.fr\/wp-content\/uploads\/2024\/10\/ficili-alfa-romeo.jpg","datePublished":"2025-10-24T05:33:40+00:00","description":"A few years ago, Alfa Romeo's product plan was clear. Under the leadership of Jean-Philippe Imparato, the Italian brand was to switch","breadcrumb":{"@id":"https:\/\/www.italpassion.fr\/en\/alfa-romeo\/le-ceo-dalfa-romeo-donne-des-indices-sur-levolution-de-la-gamme-de-la-marque-et-maserati-en-meme-temps\/#breadcrumb"},"inLanguage":"en-US","potentialAction":[{"@type":"ReadAction","target":["https:\/\/www.italpassion.fr\/en\/alfa-romeo\/le-ceo-dalfa-romeo-donne-des-indices-sur-levolution-de-la-gamme-de-la-marque-et-maserati-en-meme-temps\/"]}]},{"@type":"ImageObject","inLanguage":"en-US","@id":"https:\/\/www.italpassion.fr\/en\/alfa-romeo\/le-ceo-dalfa-romeo-donne-des-indices-sur-levolution-de-la-gamme-de-la-marque-et-maserati-en-meme-temps\/#primaryimage","url":"https:\/\/www.italpassion.fr\/wp-content\/uploads\/2024\/10\/ficili-alfa-romeo.jpg","contentUrl":"https:\/\/www.italpassion.fr\/wp-content\/uploads\/2024\/10\/ficili-alfa-romeo.jpg","width":1200,"height":800},{"@type":"BreadcrumbList","@id":"https:\/\/www.italpassion.fr\/en\/alfa-romeo\/le-ceo-dalfa-romeo-donne-des-indices-sur-levolution-de-la-gamme-de-la-marque-et-maserati-en-meme-temps\/#breadcrumb","itemListElement":[{"@type":"ListItem","position":1,"name":"Accueil","item":"https:\/\/www.italpassion.fr\/en\/"},{"@type":"ListItem","position":2,"name":"Le CEO d&rsquo;Alfa Romeo donne des indices sur l&rsquo;\u00e9volution de la gamme de la marque (et Maserati en m\u00eame temps)"}]},{"@type":"WebSite","@id":"https:\/\/www.italpassion.fr\/en\/#website","url":"https:\/\/www.italpassion.fr\/en\/","name":"ItalPassion","description":"Italian Car Enthusiasts","publisher":{"@id":"https:\/\/www.italpassion.fr\/en\/#organization"},"potentialAction":[{"@type":"SearchAction","target":{"@type":"EntryPoint","urlTemplate":"https:\/\/www.italpassion.fr\/en\/?s={search_term_string}"},"query-input":{"@type":"PropertyValueSpecification","valueRequired":true,"valueName":"search_term_string"}}],"inLanguage":"en-US"},{"@type":"Organization","@id":"https:\/\/www.italpassion.fr\/en\/#organization","name":"Italpassion","url":"https:\/\/www.italpassion.fr\/en\/","logo":{"@type":"ImageObject","inLanguage":"en-US","@id":"https:\/\/www.italpassion.fr\/en\/#\/schema\/logo\/image\/","url":"https:\/\/www.italpassion.fr\/wp-content\/uploads\/2023\/07\/italpassion-yoast.jpg","contentUrl":"https:\/\/www.italpassion.fr\/wp-content\/uploads\/2023\/07\/italpassion-yoast.jpg","width":696,"height":696,"caption":"Italpassion"},"image":{"@id":"https:\/\/www.italpassion.fr\/en\/#\/schema\/logo\/image\/"},"sameAs":["https:\/\/www.facebook.com\/italpassion","https:\/\/x.com\/italpassion","https:\/\/www.instagram.com\/italpassionfr\/","https:\/\/www.youtube.com\/channel\/UCleq-ByQaA42OjhopwevRjQ","https:\/\/www.facebook.com\/italpassion.en\/","https:\/\/www.facebook.com\/italpassion.it\/","https:\/\/www.facebook.com\/italpassion.de\/","https:\/\/www.facebook.com\/italpassion.ja\/"]},{"@type":"Person","@id":"https:\/\/www.italpassion.fr\/en\/#\/schema\/person\/36f747b2a759ca202d847e85a9434ca0","name":"Alexandre Filluzeau","image":{"@type":"ImageObject","inLanguage":"en-US","@id":"https:\/\/www.italpassion.fr\/en\/#\/schema\/person\/image\/","url":"https:\/\/www.italpassion.fr\/wp-content\/uploads\/2025\/04\/avatar-alexandre-160x160.jpg","contentUrl":"https:\/\/www.italpassion.fr\/wp-content\/uploads\/2025\/04\/avatar-alexandre-160x160.jpg","caption":"Alexandre Filluzeau"},"description":"Founder of the ItalPassion website, passionate about Italian cars and Italy in general. I bring a critical and technical eye to the news of Italian brands when possible. Owner of a Maserati GranTurismo, Alfa Romeo MiTo, Lancia Fulvia and Ducati 695. Ex-owner of an Alfa Romeo Giulia.","sameAs":["https:\/\/www.italpassion.fr\/"],"url":"https:\/\/www.italpassion.fr\/en\/author\/alexandre\/"}]}},"_links":{"self":[{"href":"https:\/\/www.italpassion.fr\/en\/wp-json\/wp\/v2\/posts\/42408","targetHints":{"allow":["GET"]}}],"collection":[{"href":"https:\/\/www.italpassion.fr\/en\/wp-json\/wp\/v2\/posts"}],"about":[{"href":"https:\/\/www.italpassion.fr\/en\/wp-json\/wp\/v2\/types\/post"}],"author":[{"embeddable":true,"href":"https:\/\/www.italpassion.fr\/en\/wp-json\/wp\/v2\/users\/1"}],"replies":[{"embeddable":true,"href":"https:\/\/www.italpassion.fr\/en\/wp-json\/wp\/v2\/comments?post=42408"}],"version-history":[{"count":3,"href":"https:\/\/www.italpassion.fr\/en\/wp-json\/wp\/v2\/posts\/42408\/revisions"}],"predecessor-version":[{"id":42452,"href":"https:\/\/www.italpassion.fr\/en\/wp-json\/wp\/v2\/posts\/42408\/revisions\/42452"}],"wp:featuredmedia":[{"embeddable":true,"href":"https:\/\/www.italpassion.fr\/en\/wp-json\/wp\/v2\/media\/34861"}],"wp:attachment":[{"href":"https:\/\/www.italpassion.fr\/en\/wp-json\/wp\/v2\/media?parent=42408"}],"wp:term":[{"taxonomy":"category","embeddable":true,"href":"https:\/\/www.italpassion.fr\/en\/wp-json\/wp\/v2\/categories?post=42408"},{"taxonomy":"post_tag","embeddable":true,"href":"https:\/\/www.italpassion.fr\/en\/wp-json\/wp\/v2\/tags?post=42408"}],"curies":[{"name":"wp","href":"https:\/\/api.w.org\/{rel}","templated":true}]}}