{"id":41226,"date":"2025-09-12T09:52:41","date_gmt":"2025-09-12T07:52:41","guid":{"rendered":"https:\/\/www.italpassion.fr\/?p=41226"},"modified":"2025-09-12T09:52:41","modified_gmt":"2025-09-12T07:52:41","slug":"why-the-european-unions-e-car-project-could-benefit-stellantis-and-especially-fiat","status":"publish","type":"post","link":"https:\/\/www.italpassion.fr\/en\/stellantis\/pourquoi-projet-e-car-de-lunion-europeenne-pourrait-profiter-a-stellantis-et-surtout-a-fiat\/","title":{"rendered":"Why the European Union's E-Car project could benefit Stellantis, and especially Fiat"},"content":{"rendered":"<figure class=\"wp-block-image size-full\"><img loading=\"lazy\" decoding=\"async\" width=\"1200\" height=\"800\" src=\"https:\/\/www.italpassion.fr\/wp-content\/uploads\/2025\/09\/fiat-500-jaune.jpg\" alt=\"\" class=\"wp-image-41227\" srcset=\"https:\/\/www.italpassion.fr\/wp-content\/uploads\/2025\/09\/fiat-500-jaune.jpg 1200w, https:\/\/www.italpassion.fr\/wp-content\/uploads\/2025\/09\/fiat-500-jaune-420x280.jpg 420w, https:\/\/www.italpassion.fr\/wp-content\/uploads\/2025\/09\/fiat-500-jaune-768x512.jpg 768w, https:\/\/www.italpassion.fr\/wp-content\/uploads\/2025\/09\/fiat-500-jaune-18x12.jpg 18w\" sizes=\"auto, (max-width: 1200px) 100vw, 1200px\" \/><\/figure>\n\n\n\n<p>The last few days have seen a flurry of announcements concerning the European automotive industry. Antonio Filosa, the new CEO of <a href=\"https:\/\/www.italpassion.fr\/en\/stellantis\/\">Stellantis<\/a>Stellantis Europe's CEO, Jean-Philippe Imparato, spoke at the Munich Motor Show, and Ursula von der Leyen, President of the European Commission, unveiled a new legislative direction. Behind these statements, a common thread emerges: the European Union's E-Car project, designed to breathe new life into small, affordable cars, could well become a boon for Stellantis. And above all for <a href=\"https:\/\/www.italpassion.fr\/en\/fiat\/\">Fiat<\/a>the most legitimate brand in this field.<\/p>\n\n\n\n<h2 class=\"wp-block-heading\">Europe in automotive decline<\/h2>\n\n\n\n<p>Antonio Filosa drew a stark conclusion: Europe is the only major region in the world to see its automobile sales fall so rapidly. \"We've gone from 19 to 15 million cars, with the loss of around 3 million vehicles\", he recalls. The compact car segment, historically the most popular in Europe, has been particularly hard hit by this decline.<\/p>\n\n\n\n<h2 class=\"wp-block-heading\">Ursula von der Leyen rings the revival<\/h2>\n\n\n\n<p>Aware of the need to adapt automotive supply to real demand from Europeans, Ursula von der Leyen unveiled a key initiative: \"We need to invest in compact, affordable vehicles, both for the European market and to meet strong global demand. To this end, we will propose to work with industry on a new initiative entitled Affordable Small Cars. Less bureaucracy, fewer rules.\"<\/p>\n\n\n\n<p>Clearly, Brussels is paving the way for more flexible regulations to boost production of small, cheap, electric cars. This is exactly what Fiat needs to prepare for the future.<\/p>\n\n\n\n<h2 class=\"wp-block-heading\">Jean-Philippe Imparato puts figures on the table<\/h2>\n\n\n\n<p>Jean-Philippe Imparato went further, pointing to the near-disappearance of the A segment: \"In 2019, there were 49 models under 15,000 euros. Today, only one remains. In his opinion, by returning to homologation conditions similar to 2018, and by limiting power and speed, it is possible to produce 3.50 to 3.70-meter cars sold for around 15,000 euros. Exactly the spirit of the European E-Car project.<\/p>\n\n\n\n<h2 class=\"wp-block-heading\">Why the E-Car project is ideal for Fiat<\/h2>\n\n\n\n<p>The project describes two categories of small electric cars:<\/p>\n\n\n\n<ul class=\"wp-block-list\">\n<li>M0: power limited to 54 hp, no freeway use, reduced safety.<\/li>\n\n\n\n<li>M1 ASEV: closer to today's cars, with comfort and authorization to use expressways, while remaining compact (3.80 m max., 1 tonne including battery).<\/li>\n<\/ul>\n\n\n\n<p>It is precisely this second category that could accommodate <a href=\"https:\/\/www.italpassion.fr\/en\/fiat\/future-fiat-500-2030-and-panda-2030-platform-changes\/\">the future Fiat 500 and Fiat Panda expected around 2030<\/a>. These models should be based on a specific platform, not the STLA Small used by other Stellantis vehicles, proof of the strategic importance of the project for Turin.<\/p>\n\n\n\n<p>Since the creation of Stellantis, the A segment has been the forgotten one. The electric Fiat 500 has attempted to fill this role, but with mixed success due to a price deemed too high and the gradual end of European subsidies. As for the Fiat Panda, it continues to attract massive interest in Italy, but its replacement is expected by 2030.<\/p>\n\n\n\n<p>If the E-Car project comes to fruition, Fiat could resume its historic role as champion of small, popular cars. Better still, this momentum could inspire other Stellantis Group brands to return to the A segment, such as Citro\u00ebn with the C1 or Peugeot with a 108.<\/p>\n\n\n\n<p>The message is clear: the European Union, Stellantis and Fiat are finally converging on the same vision. On the one hand, Brussels wants compact, accessible, electric cars. On the other, Stellantis could take advantage of the E-Car project to boost sales of its future Fiat 500 and Fiat Panda.<\/p>","protected":false},"excerpt":{"rendered":"","protected":false},"author":1,"featured_media":41227,"comment_status":"open","ping_status":"open","sticky":false,"template":"","format":"standard","meta":{"_acf_changed":false,"_sitemap_exclude":false,"_sitemap_priority":"","_sitemap_frequency":"","footnotes":""},"categories":[24,29],"tags":[],"class_list":["post-41226","post","type-post","status-publish","format-standard","has-post-thumbnail","hentry","category-fiat","category-stellantis","generate-columns","tablet-grid-50","mobile-grid-100","grid-parent","grid-33"],"acf":[],"yoast_head":"<!-- This site is optimized with the Yoast SEO plugin v25.8 - https:\/\/yoast.com\/wordpress\/plugins\/seo\/ -->\n<title>Pourquoi projet E-Car de l&#039;Union europ\u00e9enne pourrait profiter \u00e0 Stellantis, et surtout \u00e0 Fiat - ItalPassion<\/title>\n<meta name=\"description\" content=\"Depuis quelques jours, les annonces s\u2019encha\u00eenent autour de l\u2019automobile europ\u00e9enne. Antonio Filosa, le nouveau CEO de Stellantis, multiplie les prises de\" \/>\n<meta name=\"robots\" content=\"index, follow, max-snippet:-1, max-image-preview:large, max-video-preview:-1\" \/>\n<link rel=\"canonical\" href=\"https:\/\/www.italpassion.fr\/en\/stellantis\/why-the-european-unions-e-car-project-could-benefit-stellantis-and-especially-fiat\/\" \/>\n<meta property=\"og:locale\" content=\"en_US\" \/>\n<meta property=\"og:type\" content=\"article\" \/>\n<meta property=\"og:title\" content=\"Pourquoi projet E-Car de l&#039;Union europ\u00e9enne pourrait profiter \u00e0 Stellantis, et surtout \u00e0 Fiat - ItalPassion\" \/>\n<meta property=\"og:description\" content=\"Depuis quelques jours, les annonces s\u2019encha\u00eenent autour de l\u2019automobile europ\u00e9enne. Antonio Filosa, le nouveau CEO de Stellantis, multiplie les prises de\" \/>\n<meta property=\"og:url\" content=\"https:\/\/www.italpassion.fr\/en\/stellantis\/why-the-european-unions-e-car-project-could-benefit-stellantis-and-especially-fiat\/\" \/>\n<meta property=\"og:site_name\" content=\"ItalPassion\" \/>\n<meta property=\"article:publisher\" content=\"https:\/\/www.facebook.com\/italpassion\" \/>\n<meta property=\"article:published_time\" content=\"2025-09-12T07:52:41+00:00\" \/>\n<meta property=\"og:image\" content=\"https:\/\/www.italpassion.fr\/wp-content\/uploads\/2025\/09\/fiat-500-jaune.jpg\" \/>\n\t<meta property=\"og:image:width\" content=\"1200\" \/>\n\t<meta property=\"og:image:height\" content=\"800\" \/>\n\t<meta property=\"og:image:type\" content=\"image\/jpeg\" \/>\n<meta name=\"author\" content=\"Alexandre Filluzeau\" \/>\n<meta name=\"twitter:card\" content=\"summary_large_image\" \/>\n<meta name=\"twitter:creator\" content=\"@italpassion\" \/>\n<meta name=\"twitter:site\" content=\"@italpassion\" \/>\n<script type=\"application\/ld+json\" class=\"yoast-schema-graph\">{\"@context\":\"https:\/\/schema.org\",\"@graph\":[{\"@type\":\"NewsArticle\",\"@id\":\"https:\/\/www.italpassion.fr\/en\/stellantis\/pourquoi-projet-e-car-de-lunion-europeenne-pourrait-profiter-a-stellantis-et-surtout-a-fiat\/#article\",\"isPartOf\":{\"@id\":\"https:\/\/www.italpassion.fr\/en\/stellantis\/pourquoi-projet-e-car-de-lunion-europeenne-pourrait-profiter-a-stellantis-et-surtout-a-fiat\/\"},\"author\":{\"name\":\"Alexandre Filluzeau\",\"@id\":\"https:\/\/www.italpassion.fr\/en\/#\/schema\/person\/36f747b2a759ca202d847e85a9434ca0\"},\"headline\":\"Pourquoi projet E-Car de l&rsquo;Union europ\u00e9enne pourrait profiter \u00e0 Stellantis, et surtout \u00e0 Fiat\",\"datePublished\":\"2025-09-12T07:52:41+00:00\",\"mainEntityOfPage\":{\"@id\":\"https:\/\/www.italpassion.fr\/en\/stellantis\/pourquoi-projet-e-car-de-lunion-europeenne-pourrait-profiter-a-stellantis-et-surtout-a-fiat\/\"},\"wordCount\":651,\"commentCount\":15,\"publisher\":{\"@id\":\"https:\/\/www.italpassion.fr\/en\/#organization\"},\"image\":{\"@id\":\"https:\/\/www.italpassion.fr\/en\/stellantis\/pourquoi-projet-e-car-de-lunion-europeenne-pourrait-profiter-a-stellantis-et-surtout-a-fiat\/#primaryimage\"},\"thumbnailUrl\":\"https:\/\/www.italpassion.fr\/wp-content\/uploads\/2025\/09\/fiat-500-jaune.jpg\",\"articleSection\":[\"Fiat\",\"Stellantis\"],\"inLanguage\":\"en-US\",\"potentialAction\":[{\"@type\":\"CommentAction\",\"name\":\"Comment\",\"target\":[\"https:\/\/www.italpassion.fr\/en\/stellantis\/pourquoi-projet-e-car-de-lunion-europeenne-pourrait-profiter-a-stellantis-et-surtout-a-fiat\/#respond\"]}]},{\"@type\":\"WebPage\",\"@id\":\"https:\/\/www.italpassion.fr\/en\/stellantis\/pourquoi-projet-e-car-de-lunion-europeenne-pourrait-profiter-a-stellantis-et-surtout-a-fiat\/\",\"url\":\"https:\/\/www.italpassion.fr\/en\/stellantis\/pourquoi-projet-e-car-de-lunion-europeenne-pourrait-profiter-a-stellantis-et-surtout-a-fiat\/\",\"name\":\"Pourquoi projet E-Car de l'Union europ\u00e9enne pourrait profiter \u00e0 Stellantis, et surtout \u00e0 Fiat - ItalPassion\",\"isPartOf\":{\"@id\":\"https:\/\/www.italpassion.fr\/en\/#website\"},\"primaryImageOfPage\":{\"@id\":\"https:\/\/www.italpassion.fr\/en\/stellantis\/pourquoi-projet-e-car-de-lunion-europeenne-pourrait-profiter-a-stellantis-et-surtout-a-fiat\/#primaryimage\"},\"image\":{\"@id\":\"https:\/\/www.italpassion.fr\/en\/stellantis\/pourquoi-projet-e-car-de-lunion-europeenne-pourrait-profiter-a-stellantis-et-surtout-a-fiat\/#primaryimage\"},\"thumbnailUrl\":\"https:\/\/www.italpassion.fr\/wp-content\/uploads\/2025\/09\/fiat-500-jaune.jpg\",\"datePublished\":\"2025-09-12T07:52:41+00:00\",\"description\":\"Depuis quelques jours, les annonces s\u2019encha\u00eenent autour de l\u2019automobile europ\u00e9enne. Antonio Filosa, le nouveau CEO de Stellantis, multiplie les prises de\",\"breadcrumb\":{\"@id\":\"https:\/\/www.italpassion.fr\/en\/stellantis\/pourquoi-projet-e-car-de-lunion-europeenne-pourrait-profiter-a-stellantis-et-surtout-a-fiat\/#breadcrumb\"},\"inLanguage\":\"en-US\",\"potentialAction\":[{\"@type\":\"ReadAction\",\"target\":[\"https:\/\/www.italpassion.fr\/en\/stellantis\/pourquoi-projet-e-car-de-lunion-europeenne-pourrait-profiter-a-stellantis-et-surtout-a-fiat\/\"]}]},{\"@type\":\"ImageObject\",\"inLanguage\":\"en-US\",\"@id\":\"https:\/\/www.italpassion.fr\/en\/stellantis\/pourquoi-projet-e-car-de-lunion-europeenne-pourrait-profiter-a-stellantis-et-surtout-a-fiat\/#primaryimage\",\"url\":\"https:\/\/www.italpassion.fr\/wp-content\/uploads\/2025\/09\/fiat-500-jaune.jpg\",\"contentUrl\":\"https:\/\/www.italpassion.fr\/wp-content\/uploads\/2025\/09\/fiat-500-jaune.jpg\",\"width\":1200,\"height\":800},{\"@type\":\"BreadcrumbList\",\"@id\":\"https:\/\/www.italpassion.fr\/en\/stellantis\/pourquoi-projet-e-car-de-lunion-europeenne-pourrait-profiter-a-stellantis-et-surtout-a-fiat\/#breadcrumb\",\"itemListElement\":[{\"@type\":\"ListItem\",\"position\":1,\"name\":\"Accueil\",\"item\":\"https:\/\/www.italpassion.fr\/en\/\"},{\"@type\":\"ListItem\",\"position\":2,\"name\":\"Pourquoi projet E-Car de l&rsquo;Union europ\u00e9enne pourrait profiter \u00e0 Stellantis, et surtout \u00e0 Fiat\"}]},{\"@type\":\"WebSite\",\"@id\":\"https:\/\/www.italpassion.fr\/en\/#website\",\"url\":\"https:\/\/www.italpassion.fr\/en\/\",\"name\":\"ItalPassion\",\"description\":\"Les Passionn\u00e9s d&#039;Automobiles Italiennes\",\"publisher\":{\"@id\":\"https:\/\/www.italpassion.fr\/en\/#organization\"},\"potentialAction\":[{\"@type\":\"SearchAction\",\"target\":{\"@type\":\"EntryPoint\",\"urlTemplate\":\"https:\/\/www.italpassion.fr\/en\/?s={search_term_string}\"},\"query-input\":{\"@type\":\"PropertyValueSpecification\",\"valueRequired\":true,\"valueName\":\"search_term_string\"}}],\"inLanguage\":\"en-US\"},{\"@type\":\"Organization\",\"@id\":\"https:\/\/www.italpassion.fr\/en\/#organization\",\"name\":\"Italpassion\",\"url\":\"https:\/\/www.italpassion.fr\/en\/\",\"logo\":{\"@type\":\"ImageObject\",\"inLanguage\":\"en-US\",\"@id\":\"https:\/\/www.italpassion.fr\/en\/#\/schema\/logo\/image\/\",\"url\":\"https:\/\/www.italpassion.fr\/wp-content\/uploads\/2023\/07\/italpassion-yoast.jpg\",\"contentUrl\":\"https:\/\/www.italpassion.fr\/wp-content\/uploads\/2023\/07\/italpassion-yoast.jpg\",\"width\":696,\"height\":696,\"caption\":\"Italpassion\"},\"image\":{\"@id\":\"https:\/\/www.italpassion.fr\/en\/#\/schema\/logo\/image\/\"},\"sameAs\":[\"https:\/\/www.facebook.com\/italpassion\",\"https:\/\/x.com\/italpassion\",\"https:\/\/www.instagram.com\/italpassionfr\/\",\"https:\/\/www.youtube.com\/channel\/UCleq-ByQaA42OjhopwevRjQ\",\"https:\/\/www.facebook.com\/italpassion.en\/\",\"https:\/\/www.facebook.com\/italpassion.it\/\",\"https:\/\/www.facebook.com\/italpassion.de\/\",\"https:\/\/www.facebook.com\/italpassion.ja\/\"]},{\"@type\":\"Person\",\"@id\":\"https:\/\/www.italpassion.fr\/en\/#\/schema\/person\/36f747b2a759ca202d847e85a9434ca0\",\"name\":\"Alexandre Filluzeau\",\"image\":{\"@type\":\"ImageObject\",\"inLanguage\":\"en-US\",\"@id\":\"https:\/\/www.italpassion.fr\/en\/#\/schema\/person\/image\/\",\"url\":\"https:\/\/www.italpassion.fr\/wp-content\/uploads\/2025\/04\/avatar-alexandre-160x160.jpg\",\"contentUrl\":\"https:\/\/www.italpassion.fr\/wp-content\/uploads\/2025\/04\/avatar-alexandre-160x160.jpg\",\"caption\":\"Alexandre Filluzeau\"},\"description\":\"Fondateur du site ItalPassion, passionn\u00e9 de voitures italiennes et de l'Italie en g\u00e9n\u00e9ral. J'apporte un regard critique et technique aux actualit\u00e9s des marques italiennes quand cela est possible. Propri\u00e9taire d'une Maserati GranTurismo, Alfa Romeo MiTo, Lancia Fulvia et Ducati 695. Ex-propri\u00e9taire d'une Alfa Romeo Giulia.\",\"sameAs\":[\"https:\/\/www.italpassion.fr\/\"],\"url\":\"https:\/\/www.italpassion.fr\/en\/author\/alexandre\/\"}]}<\/script>\n<!-- \/ Yoast SEO plugin. -->","yoast_head_json":{"title":"Why the EU's E-Car project could benefit Stellantis, and especially Fiat - ItalPassion","description":"The last few days have seen a flurry of announcements concerning the European automotive industry. Antonio Filosa, the new CEO of Stellantis, is stepping up his press releases.","robots":{"index":"index","follow":"follow","max-snippet":"max-snippet:-1","max-image-preview":"max-image-preview:large","max-video-preview":"max-video-preview:-1"},"canonical":"https:\/\/www.italpassion.fr\/en\/stellantis\/why-the-european-unions-e-car-project-could-benefit-stellantis-and-especially-fiat\/","og_locale":"en_US","og_type":"article","og_title":"Pourquoi projet E-Car de l'Union europ\u00e9enne pourrait profiter \u00e0 Stellantis, et surtout \u00e0 Fiat - ItalPassion","og_description":"Depuis quelques jours, les annonces s\u2019encha\u00eenent autour de l\u2019automobile europ\u00e9enne. Antonio Filosa, le nouveau CEO de Stellantis, multiplie les prises de","og_url":"https:\/\/www.italpassion.fr\/en\/stellantis\/why-the-european-unions-e-car-project-could-benefit-stellantis-and-especially-fiat\/","og_site_name":"ItalPassion","article_publisher":"https:\/\/www.facebook.com\/italpassion","article_published_time":"2025-09-12T07:52:41+00:00","og_image":[{"width":1200,"height":800,"url":"https:\/\/www.italpassion.fr\/wp-content\/uploads\/2025\/09\/fiat-500-jaune.jpg","type":"image\/jpeg"}],"author":"Alexandre Filluzeau","twitter_card":"summary_large_image","twitter_creator":"@italpassion","twitter_site":"@italpassion","schema":{"@context":"https:\/\/schema.org","@graph":[{"@type":"NewsArticle","@id":"https:\/\/www.italpassion.fr\/en\/stellantis\/pourquoi-projet-e-car-de-lunion-europeenne-pourrait-profiter-a-stellantis-et-surtout-a-fiat\/#article","isPartOf":{"@id":"https:\/\/www.italpassion.fr\/en\/stellantis\/pourquoi-projet-e-car-de-lunion-europeenne-pourrait-profiter-a-stellantis-et-surtout-a-fiat\/"},"author":{"name":"Alexandre Filluzeau","@id":"https:\/\/www.italpassion.fr\/en\/#\/schema\/person\/36f747b2a759ca202d847e85a9434ca0"},"headline":"Pourquoi projet E-Car de l&rsquo;Union europ\u00e9enne pourrait profiter \u00e0 Stellantis, et surtout \u00e0 Fiat","datePublished":"2025-09-12T07:52:41+00:00","mainEntityOfPage":{"@id":"https:\/\/www.italpassion.fr\/en\/stellantis\/pourquoi-projet-e-car-de-lunion-europeenne-pourrait-profiter-a-stellantis-et-surtout-a-fiat\/"},"wordCount":651,"commentCount":15,"publisher":{"@id":"https:\/\/www.italpassion.fr\/en\/#organization"},"image":{"@id":"https:\/\/www.italpassion.fr\/en\/stellantis\/pourquoi-projet-e-car-de-lunion-europeenne-pourrait-profiter-a-stellantis-et-surtout-a-fiat\/#primaryimage"},"thumbnailUrl":"https:\/\/www.italpassion.fr\/wp-content\/uploads\/2025\/09\/fiat-500-jaune.jpg","articleSection":["Fiat","Stellantis"],"inLanguage":"en-US","potentialAction":[{"@type":"CommentAction","name":"Comment","target":["https:\/\/www.italpassion.fr\/en\/stellantis\/pourquoi-projet-e-car-de-lunion-europeenne-pourrait-profiter-a-stellantis-et-surtout-a-fiat\/#respond"]}]},{"@type":"WebPage","@id":"https:\/\/www.italpassion.fr\/en\/stellantis\/pourquoi-projet-e-car-de-lunion-europeenne-pourrait-profiter-a-stellantis-et-surtout-a-fiat\/","url":"https:\/\/www.italpassion.fr\/en\/stellantis\/pourquoi-projet-e-car-de-lunion-europeenne-pourrait-profiter-a-stellantis-et-surtout-a-fiat\/","name":"Why the EU's E-Car project could benefit Stellantis, and especially Fiat - ItalPassion","isPartOf":{"@id":"https:\/\/www.italpassion.fr\/en\/#website"},"primaryImageOfPage":{"@id":"https:\/\/www.italpassion.fr\/en\/stellantis\/pourquoi-projet-e-car-de-lunion-europeenne-pourrait-profiter-a-stellantis-et-surtout-a-fiat\/#primaryimage"},"image":{"@id":"https:\/\/www.italpassion.fr\/en\/stellantis\/pourquoi-projet-e-car-de-lunion-europeenne-pourrait-profiter-a-stellantis-et-surtout-a-fiat\/#primaryimage"},"thumbnailUrl":"https:\/\/www.italpassion.fr\/wp-content\/uploads\/2025\/09\/fiat-500-jaune.jpg","datePublished":"2025-09-12T07:52:41+00:00","description":"The last few days have seen a flurry of announcements concerning the European automotive industry. Antonio Filosa, the new CEO of Stellantis, is stepping up his press releases.","breadcrumb":{"@id":"https:\/\/www.italpassion.fr\/en\/stellantis\/pourquoi-projet-e-car-de-lunion-europeenne-pourrait-profiter-a-stellantis-et-surtout-a-fiat\/#breadcrumb"},"inLanguage":"en-US","potentialAction":[{"@type":"ReadAction","target":["https:\/\/www.italpassion.fr\/en\/stellantis\/pourquoi-projet-e-car-de-lunion-europeenne-pourrait-profiter-a-stellantis-et-surtout-a-fiat\/"]}]},{"@type":"ImageObject","inLanguage":"en-US","@id":"https:\/\/www.italpassion.fr\/en\/stellantis\/pourquoi-projet-e-car-de-lunion-europeenne-pourrait-profiter-a-stellantis-et-surtout-a-fiat\/#primaryimage","url":"https:\/\/www.italpassion.fr\/wp-content\/uploads\/2025\/09\/fiat-500-jaune.jpg","contentUrl":"https:\/\/www.italpassion.fr\/wp-content\/uploads\/2025\/09\/fiat-500-jaune.jpg","width":1200,"height":800},{"@type":"BreadcrumbList","@id":"https:\/\/www.italpassion.fr\/en\/stellantis\/pourquoi-projet-e-car-de-lunion-europeenne-pourrait-profiter-a-stellantis-et-surtout-a-fiat\/#breadcrumb","itemListElement":[{"@type":"ListItem","position":1,"name":"Accueil","item":"https:\/\/www.italpassion.fr\/en\/"},{"@type":"ListItem","position":2,"name":"Pourquoi projet E-Car de l&rsquo;Union europ\u00e9enne pourrait profiter \u00e0 Stellantis, et surtout \u00e0 Fiat"}]},{"@type":"WebSite","@id":"https:\/\/www.italpassion.fr\/en\/#website","url":"https:\/\/www.italpassion.fr\/en\/","name":"ItalPassion","description":"Italian Car Enthusiasts","publisher":{"@id":"https:\/\/www.italpassion.fr\/en\/#organization"},"potentialAction":[{"@type":"SearchAction","target":{"@type":"EntryPoint","urlTemplate":"https:\/\/www.italpassion.fr\/en\/?s={search_term_string}"},"query-input":{"@type":"PropertyValueSpecification","valueRequired":true,"valueName":"search_term_string"}}],"inLanguage":"en-US"},{"@type":"Organization","@id":"https:\/\/www.italpassion.fr\/en\/#organization","name":"Italpassion","url":"https:\/\/www.italpassion.fr\/en\/","logo":{"@type":"ImageObject","inLanguage":"en-US","@id":"https:\/\/www.italpassion.fr\/en\/#\/schema\/logo\/image\/","url":"https:\/\/www.italpassion.fr\/wp-content\/uploads\/2023\/07\/italpassion-yoast.jpg","contentUrl":"https:\/\/www.italpassion.fr\/wp-content\/uploads\/2023\/07\/italpassion-yoast.jpg","width":696,"height":696,"caption":"Italpassion"},"image":{"@id":"https:\/\/www.italpassion.fr\/en\/#\/schema\/logo\/image\/"},"sameAs":["https:\/\/www.facebook.com\/italpassion","https:\/\/x.com\/italpassion","https:\/\/www.instagram.com\/italpassionfr\/","https:\/\/www.youtube.com\/channel\/UCleq-ByQaA42OjhopwevRjQ","https:\/\/www.facebook.com\/italpassion.en\/","https:\/\/www.facebook.com\/italpassion.it\/","https:\/\/www.facebook.com\/italpassion.de\/","https:\/\/www.facebook.com\/italpassion.ja\/"]},{"@type":"Person","@id":"https:\/\/www.italpassion.fr\/en\/#\/schema\/person\/36f747b2a759ca202d847e85a9434ca0","name":"Alexandre Filluzeau","image":{"@type":"ImageObject","inLanguage":"en-US","@id":"https:\/\/www.italpassion.fr\/en\/#\/schema\/person\/image\/","url":"https:\/\/www.italpassion.fr\/wp-content\/uploads\/2025\/04\/avatar-alexandre-160x160.jpg","contentUrl":"https:\/\/www.italpassion.fr\/wp-content\/uploads\/2025\/04\/avatar-alexandre-160x160.jpg","caption":"Alexandre Filluzeau"},"description":"Founder of the ItalPassion website, passionate about Italian cars and Italy in general. I bring a critical and technical eye to the news of Italian brands when possible. Owner of a Maserati GranTurismo, Alfa Romeo MiTo, Lancia Fulvia and Ducati 695. Ex-owner of an Alfa Romeo Giulia.","sameAs":["https:\/\/www.italpassion.fr\/"],"url":"https:\/\/www.italpassion.fr\/en\/author\/alexandre\/"}]}},"_links":{"self":[{"href":"https:\/\/www.italpassion.fr\/en\/wp-json\/wp\/v2\/posts\/41226","targetHints":{"allow":["GET"]}}],"collection":[{"href":"https:\/\/www.italpassion.fr\/en\/wp-json\/wp\/v2\/posts"}],"about":[{"href":"https:\/\/www.italpassion.fr\/en\/wp-json\/wp\/v2\/types\/post"}],"author":[{"embeddable":true,"href":"https:\/\/www.italpassion.fr\/en\/wp-json\/wp\/v2\/users\/1"}],"replies":[{"embeddable":true,"href":"https:\/\/www.italpassion.fr\/en\/wp-json\/wp\/v2\/comments?post=41226"}],"version-history":[{"count":1,"href":"https:\/\/www.italpassion.fr\/en\/wp-json\/wp\/v2\/posts\/41226\/revisions"}],"predecessor-version":[{"id":41228,"href":"https:\/\/www.italpassion.fr\/en\/wp-json\/wp\/v2\/posts\/41226\/revisions\/41228"}],"wp:featuredmedia":[{"embeddable":true,"href":"https:\/\/www.italpassion.fr\/en\/wp-json\/wp\/v2\/media\/41227"}],"wp:attachment":[{"href":"https:\/\/www.italpassion.fr\/en\/wp-json\/wp\/v2\/media?parent=41226"}],"wp:term":[{"taxonomy":"category","embeddable":true,"href":"https:\/\/www.italpassion.fr\/en\/wp-json\/wp\/v2\/categories?post=41226"},{"taxonomy":"post_tag","embeddable":true,"href":"https:\/\/www.italpassion.fr\/en\/wp-json\/wp\/v2\/tags?post=41226"}],"curies":[{"name":"wp","href":"https:\/\/api.w.org\/{rel}","templated":true}]}}