{"id":40536,"date":"2025-08-15T08:19:03","date_gmt":"2025-08-15T06:19:03","guid":{"rendered":"https:\/\/www.italpassion.fr\/?p=40536"},"modified":"2025-08-14T17:32:42","modified_gmt":"2025-08-14T15:32:42","slug":"sonus-faber-and-lamborghini-unveil-limited-edition-cremonese-ex3me-speakers-at-luxury-car-prices","status":"publish","type":"post","link":"https:\/\/www.italpassion.fr\/en\/lamborghini\/sonus-faber-et-lamborghini-devoilent-des-enceintes-cremonese-ex3me-en-edition-limitee-et-au-prix-dune-voiture-de-luxe\/","title":{"rendered":"Sonus Faber and Lamborghini unveil limited-edition \"Cremonese Ex3me\" speakers... for the price of a luxury car!"},"content":{"rendered":"<figure class=\"wp-block-image size-full\"><img loading=\"lazy\" decoding=\"async\" width=\"1200\" height=\"800\" src=\"https:\/\/www.italpassion.fr\/wp-content\/uploads\/2025\/08\/lamborghini-sonus-faber-2.jpg\" alt=\"\" class=\"wp-image-40537\" srcset=\"https:\/\/www.italpassion.fr\/wp-content\/uploads\/2025\/08\/lamborghini-sonus-faber-2.jpg 1200w, https:\/\/www.italpassion.fr\/wp-content\/uploads\/2025\/08\/lamborghini-sonus-faber-2-420x280.jpg 420w, https:\/\/www.italpassion.fr\/wp-content\/uploads\/2025\/08\/lamborghini-sonus-faber-2-768x512.jpg 768w, https:\/\/www.italpassion.fr\/wp-content\/uploads\/2025\/08\/lamborghini-sonus-faber-2-18x12.jpg 18w\" sizes=\"auto, (max-width: 1200px) 100vw, 1200px\" \/><\/figure>\n\n\n\n<p>Italy knows how to thrill! On the road, with the roar of a Lamborghini V12. At home, with Sonus faber speakers. This time, the two transalpine icons combine their know-how for an object as exclusive as it is desirable: \"Cremonese Ex3me - Automobili Lamborghini Edition\", a pair of speakers with a devastating design... and the price of a sports car.<\/p>\n\n\n\n<h2 class=\"wp-block-heading\">The marriage of sound and speed<\/h2>\n\n\n\n<p>Sonus faber, known since the 1980s for its hand-crafted loudspeakers, has already collaborated with Lamborghini, notably on the Revuelto supercar. But here, it's no longer a question of equipping a passenger compartment: the aim is to transform your living room into a concert hall... with a touch of Lamborghini.<\/p>\n\n\n\n<figure class=\"wp-block-image size-full\"><img loading=\"lazy\" decoding=\"async\" width=\"1200\" height=\"800\" src=\"https:\/\/www.italpassion.fr\/wp-content\/uploads\/2025\/08\/lamborgini-sonus-faber.jpg\" alt=\"\" class=\"wp-image-40538\" srcset=\"https:\/\/www.italpassion.fr\/wp-content\/uploads\/2025\/08\/lamborgini-sonus-faber.jpg 1200w, https:\/\/www.italpassion.fr\/wp-content\/uploads\/2025\/08\/lamborgini-sonus-faber-420x280.jpg 420w, https:\/\/www.italpassion.fr\/wp-content\/uploads\/2025\/08\/lamborgini-sonus-faber-768x512.jpg 768w, https:\/\/www.italpassion.fr\/wp-content\/uploads\/2025\/08\/lamborgini-sonus-faber-18x12.jpg 18w\" sizes=\"auto, (max-width: 1200px) 100vw, 1200px\" \/><\/figure>\n\n\n\n<p>Limited to 50 numbered pairs, this special edition takes the technical basis of the Ex3me model, revised and sublimated for the occasion. The design is reminiscent of a supercar, with an angular five-sided case, Corsa-Tex\u00ae by Dinamica finishes, carbon fiber inserts and the emblematic Lamborghini coat of arms.<\/p>\n\n\n\n<h2 class=\"wp-block-heading\">Concentrated audiophile technology<\/h2>\n\n\n\n<p>Beneath its lines, each speaker hides an exceptional acoustic arsenal:<\/p>\n\n\n\n<ul class=\"wp-block-list\">\n<li>Beryllium diaphragm tweeter<\/li>\n\n\n\n<li>180 mm midrange driver<\/li>\n\n\n\n<li>Two 180 mm woofers<\/li>\n\n\n\n<li>Carbon fiber-reinforced side infrawoofers<\/li>\n\n\n\n<li>New Paracross Topology filter, fine-tuned by Sonus faber engineers for optimum sound reproduction<\/li>\n<\/ul>\n\n\n\n<p>The result is a surgically precise sound, where each instrument finds its place with near-live clarity.<\/p>\n\n\n\n<h2 class=\"wp-block-heading\">Five colors, all from the Lamborghini palette<\/h2>\n\n\n\n<p>Buyers will be able to match their audio system to their garage or to their desires thanks to five mythical colors:<\/p>\n\n\n\n<ul class=\"wp-block-list\">\n<li>Giallo Countach (yellow)<\/li>\n\n\n\n<li>Arancio Egon (orange)<\/li>\n\n\n\n<li>Blu Marinus Matte (matte blue)<\/li>\n\n\n\n<li>Verde Mercurius (green)<\/li>\n\n\n\n<li>Nero Nemesis Matte (matte black)<\/li>\n<\/ul>\n\n\n\n<h2 class=\"wp-block-heading\">A Monterey premiere... and a head-turning prize<\/h2>\n\n\n\n<p>The \"Cremonese Ex3me - Automobili Lamborghini Edition\" will be unveiled as a world preview during Monterey Car Week, at the Lamborghini Villa in Pebble Beach, California. And while the official price has not been announced, estimates hover around $130,000 per pair.<\/p>\n\n\n\n<p>As Christian Mastro, Marketing Director of Automobili Lamborghini, sums up:<\/p>\n\n\n\n<blockquote class=\"wp-block-quote is-layout-flow wp-block-quote-is-layout-flow\"><svg aria-hidden=\"true\" focusable=\"false\" class=\"icon icon-quote\" width=\"48\" height=\"48\"><use xlink:href=\"#icon-quote\"><\/use><\/svg>\n<p>\"This collaboration represents the perfect marriage of two Italian icons. The result is an uncompromising acoustic experience, reflecting our cultural heritage and our relentless quest for perfection.\"<\/p>\n<\/blockquote>\n\n\n\n<p>Between racy design and sonic performance, these speakers are a tribute to Made in Italy. It remains to be seen whether they'll make your heart beat faster than the sound of a V12 starting up.<\/p>\n\n\n\n<figure class=\"wp-block-embed is-type-video is-provider-youtube wp-block-embed-youtube wp-embed-aspect-16-9 wp-has-aspect-ratio\"><div class=\"wp-block-embed__wrapper\">\n<iframe loading=\"lazy\" title=\"Lamborghini X Sonus Faber\" width=\"1200\" height=\"675\" src=\"https:\/\/www.youtube-nocookie.com\/embed\/KQ7bbpTzi6U?feature=oembed\" frameborder=\"0\" allow=\"accelerometer; autoplay; clipboard-write; encrypted-media; gyroscope; picture-in-picture; web-share\" referrerpolicy=\"strict-origin-when-cross-origin\" allowfullscreen><\/iframe>\n<\/div><\/figure>","protected":false},"excerpt":{"rendered":"","protected":false},"author":1,"featured_media":40537,"comment_status":"open","ping_status":"open","sticky":false,"template":"","format":"standard","meta":{"_acf_changed":false,"_sitemap_exclude":false,"_sitemap_priority":"","_sitemap_frequency":"","footnotes":""},"categories":[25],"tags":[536],"class_list":["post-40536","post","type-post","status-publish","format-standard","has-post-thumbnail","hentry","category-lamborghini","tag-sonus-faber","generate-columns","tablet-grid-50","mobile-grid-100","grid-parent","grid-33"],"acf":[],"yoast_head":"<!-- This site is optimized with the Yoast SEO plugin v25.8 - https:\/\/yoast.com\/wordpress\/plugins\/seo\/ -->\n<title>Sonus Faber et Lamborghini d\u00e9voilent des enceintes &quot;Cremonese Ex3me&quot; en \u00e9dition limit\u00e9e... et au prix d&#039;une voiture de luxe ! - ItalPassion<\/title>\n<meta name=\"description\" content=\"L\u2019Italie sait faire vibrer ! Sur la route, avec les rugissements d\u2019un V12 Lamborghini. \u00c0 la maison, avec les enceintes Sonus faber. Cette fois, les deux\" \/>\n<meta name=\"robots\" content=\"index, follow, max-snippet:-1, max-image-preview:large, max-video-preview:-1\" \/>\n<link rel=\"canonical\" href=\"https:\/\/www.italpassion.fr\/en\/lamborghini\/sonus-faber-and-lamborghini-unveil-limited-edition-cremonese-ex3me-speakers-at-luxury-car-prices\/\" \/>\n<meta property=\"og:locale\" content=\"en_US\" \/>\n<meta property=\"og:type\" content=\"article\" \/>\n<meta property=\"og:title\" content=\"Sonus Faber et Lamborghini d\u00e9voilent des enceintes &quot;Cremonese Ex3me&quot; en \u00e9dition limit\u00e9e... et au prix d&#039;une voiture de luxe ! - ItalPassion\" \/>\n<meta property=\"og:description\" content=\"L\u2019Italie sait faire vibrer ! Sur la route, avec les rugissements d\u2019un V12 Lamborghini. \u00c0 la maison, avec les enceintes Sonus faber. Cette fois, les deux\" \/>\n<meta property=\"og:url\" content=\"https:\/\/www.italpassion.fr\/en\/lamborghini\/sonus-faber-and-lamborghini-unveil-limited-edition-cremonese-ex3me-speakers-at-luxury-car-prices\/\" \/>\n<meta property=\"og:site_name\" content=\"ItalPassion\" \/>\n<meta property=\"article:publisher\" content=\"https:\/\/www.facebook.com\/italpassion\" \/>\n<meta property=\"article:published_time\" content=\"2025-08-15T06:19:03+00:00\" \/>\n<meta property=\"og:image\" content=\"https:\/\/www.italpassion.fr\/wp-content\/uploads\/2025\/08\/lamborghini-sonus-faber-2.jpg\" \/>\n\t<meta property=\"og:image:width\" content=\"1200\" \/>\n\t<meta property=\"og:image:height\" content=\"800\" \/>\n\t<meta property=\"og:image:type\" content=\"image\/jpeg\" \/>\n<meta name=\"author\" content=\"Alexandre Filluzeau\" \/>\n<meta name=\"twitter:card\" content=\"summary_large_image\" \/>\n<meta name=\"twitter:creator\" content=\"@italpassion\" \/>\n<meta name=\"twitter:site\" content=\"@italpassion\" \/>\n<script type=\"application\/ld+json\" class=\"yoast-schema-graph\">{\"@context\":\"https:\/\/schema.org\",\"@graph\":[{\"@type\":\"NewsArticle\",\"@id\":\"https:\/\/www.italpassion.fr\/en\/lamborghini\/sonus-faber-et-lamborghini-devoilent-des-enceintes-cremonese-ex3me-en-edition-limitee-et-au-prix-dune-voiture-de-luxe\/#article\",\"isPartOf\":{\"@id\":\"https:\/\/www.italpassion.fr\/en\/lamborghini\/sonus-faber-et-lamborghini-devoilent-des-enceintes-cremonese-ex3me-en-edition-limitee-et-au-prix-dune-voiture-de-luxe\/\"},\"author\":{\"name\":\"Alexandre Filluzeau\",\"@id\":\"https:\/\/www.italpassion.fr\/en\/#\/schema\/person\/36f747b2a759ca202d847e85a9434ca0\"},\"headline\":\"Sonus Faber et Lamborghini d\u00e9voilent des enceintes \u00ab\u00a0Cremonese Ex3me\u00a0\u00bb en \u00e9dition limit\u00e9e&#8230; et au prix d&rsquo;une voiture de luxe !\",\"datePublished\":\"2025-08-15T06:19:03+00:00\",\"mainEntityOfPage\":{\"@id\":\"https:\/\/www.italpassion.fr\/en\/lamborghini\/sonus-faber-et-lamborghini-devoilent-des-enceintes-cremonese-ex3me-en-edition-limitee-et-au-prix-dune-voiture-de-luxe\/\"},\"wordCount\":481,\"commentCount\":0,\"publisher\":{\"@id\":\"https:\/\/www.italpassion.fr\/en\/#organization\"},\"image\":{\"@id\":\"https:\/\/www.italpassion.fr\/en\/lamborghini\/sonus-faber-et-lamborghini-devoilent-des-enceintes-cremonese-ex3me-en-edition-limitee-et-au-prix-dune-voiture-de-luxe\/#primaryimage\"},\"thumbnailUrl\":\"https:\/\/www.italpassion.fr\/wp-content\/uploads\/2025\/08\/lamborghini-sonus-faber-2.jpg\",\"keywords\":[\"Sonus Faber\"],\"articleSection\":[\"Lamborghini\"],\"inLanguage\":\"en-US\",\"potentialAction\":[{\"@type\":\"CommentAction\",\"name\":\"Comment\",\"target\":[\"https:\/\/www.italpassion.fr\/en\/lamborghini\/sonus-faber-et-lamborghini-devoilent-des-enceintes-cremonese-ex3me-en-edition-limitee-et-au-prix-dune-voiture-de-luxe\/#respond\"]}]},{\"@type\":\"WebPage\",\"@id\":\"https:\/\/www.italpassion.fr\/en\/lamborghini\/sonus-faber-et-lamborghini-devoilent-des-enceintes-cremonese-ex3me-en-edition-limitee-et-au-prix-dune-voiture-de-luxe\/\",\"url\":\"https:\/\/www.italpassion.fr\/en\/lamborghini\/sonus-faber-et-lamborghini-devoilent-des-enceintes-cremonese-ex3me-en-edition-limitee-et-au-prix-dune-voiture-de-luxe\/\",\"name\":\"Sonus Faber et Lamborghini d\u00e9voilent des enceintes \\\"Cremonese Ex3me\\\" en \u00e9dition limit\u00e9e... et au prix d'une voiture de luxe ! - ItalPassion\",\"isPartOf\":{\"@id\":\"https:\/\/www.italpassion.fr\/en\/#website\"},\"primaryImageOfPage\":{\"@id\":\"https:\/\/www.italpassion.fr\/en\/lamborghini\/sonus-faber-et-lamborghini-devoilent-des-enceintes-cremonese-ex3me-en-edition-limitee-et-au-prix-dune-voiture-de-luxe\/#primaryimage\"},\"image\":{\"@id\":\"https:\/\/www.italpassion.fr\/en\/lamborghini\/sonus-faber-et-lamborghini-devoilent-des-enceintes-cremonese-ex3me-en-edition-limitee-et-au-prix-dune-voiture-de-luxe\/#primaryimage\"},\"thumbnailUrl\":\"https:\/\/www.italpassion.fr\/wp-content\/uploads\/2025\/08\/lamborghini-sonus-faber-2.jpg\",\"datePublished\":\"2025-08-15T06:19:03+00:00\",\"description\":\"L\u2019Italie sait faire vibrer ! Sur la route, avec les rugissements d\u2019un V12 Lamborghini. \u00c0 la maison, avec les enceintes Sonus faber. Cette fois, les deux\",\"breadcrumb\":{\"@id\":\"https:\/\/www.italpassion.fr\/en\/lamborghini\/sonus-faber-et-lamborghini-devoilent-des-enceintes-cremonese-ex3me-en-edition-limitee-et-au-prix-dune-voiture-de-luxe\/#breadcrumb\"},\"inLanguage\":\"en-US\",\"potentialAction\":[{\"@type\":\"ReadAction\",\"target\":[\"https:\/\/www.italpassion.fr\/en\/lamborghini\/sonus-faber-et-lamborghini-devoilent-des-enceintes-cremonese-ex3me-en-edition-limitee-et-au-prix-dune-voiture-de-luxe\/\"]}]},{\"@type\":\"ImageObject\",\"inLanguage\":\"en-US\",\"@id\":\"https:\/\/www.italpassion.fr\/en\/lamborghini\/sonus-faber-et-lamborghini-devoilent-des-enceintes-cremonese-ex3me-en-edition-limitee-et-au-prix-dune-voiture-de-luxe\/#primaryimage\",\"url\":\"https:\/\/www.italpassion.fr\/wp-content\/uploads\/2025\/08\/lamborghini-sonus-faber-2.jpg\",\"contentUrl\":\"https:\/\/www.italpassion.fr\/wp-content\/uploads\/2025\/08\/lamborghini-sonus-faber-2.jpg\",\"width\":1200,\"height\":800},{\"@type\":\"BreadcrumbList\",\"@id\":\"https:\/\/www.italpassion.fr\/en\/lamborghini\/sonus-faber-et-lamborghini-devoilent-des-enceintes-cremonese-ex3me-en-edition-limitee-et-au-prix-dune-voiture-de-luxe\/#breadcrumb\",\"itemListElement\":[{\"@type\":\"ListItem\",\"position\":1,\"name\":\"Accueil\",\"item\":\"https:\/\/www.italpassion.fr\/en\/\"},{\"@type\":\"ListItem\",\"position\":2,\"name\":\"Sonus Faber et Lamborghini d\u00e9voilent des enceintes \u00ab\u00a0Cremonese Ex3me\u00a0\u00bb en \u00e9dition limit\u00e9e&#8230; et au prix d&rsquo;une voiture de luxe !\"}]},{\"@type\":\"WebSite\",\"@id\":\"https:\/\/www.italpassion.fr\/en\/#website\",\"url\":\"https:\/\/www.italpassion.fr\/en\/\",\"name\":\"ItalPassion\",\"description\":\"Les Passionn\u00e9s d&#039;Automobiles Italiennes\",\"publisher\":{\"@id\":\"https:\/\/www.italpassion.fr\/en\/#organization\"},\"potentialAction\":[{\"@type\":\"SearchAction\",\"target\":{\"@type\":\"EntryPoint\",\"urlTemplate\":\"https:\/\/www.italpassion.fr\/en\/?s={search_term_string}\"},\"query-input\":{\"@type\":\"PropertyValueSpecification\",\"valueRequired\":true,\"valueName\":\"search_term_string\"}}],\"inLanguage\":\"en-US\"},{\"@type\":\"Organization\",\"@id\":\"https:\/\/www.italpassion.fr\/en\/#organization\",\"name\":\"Italpassion\",\"url\":\"https:\/\/www.italpassion.fr\/en\/\",\"logo\":{\"@type\":\"ImageObject\",\"inLanguage\":\"en-US\",\"@id\":\"https:\/\/www.italpassion.fr\/en\/#\/schema\/logo\/image\/\",\"url\":\"https:\/\/www.italpassion.fr\/wp-content\/uploads\/2023\/07\/italpassion-yoast.jpg\",\"contentUrl\":\"https:\/\/www.italpassion.fr\/wp-content\/uploads\/2023\/07\/italpassion-yoast.jpg\",\"width\":696,\"height\":696,\"caption\":\"Italpassion\"},\"image\":{\"@id\":\"https:\/\/www.italpassion.fr\/en\/#\/schema\/logo\/image\/\"},\"sameAs\":[\"https:\/\/www.facebook.com\/italpassion\",\"https:\/\/x.com\/italpassion\",\"https:\/\/www.instagram.com\/italpassionfr\/\",\"https:\/\/www.youtube.com\/channel\/UCleq-ByQaA42OjhopwevRjQ\",\"https:\/\/www.facebook.com\/italpassion.en\/\",\"https:\/\/www.facebook.com\/italpassion.it\/\",\"https:\/\/www.facebook.com\/italpassion.de\/\",\"https:\/\/www.facebook.com\/italpassion.ja\/\"]},{\"@type\":\"Person\",\"@id\":\"https:\/\/www.italpassion.fr\/en\/#\/schema\/person\/36f747b2a759ca202d847e85a9434ca0\",\"name\":\"Alexandre Filluzeau\",\"image\":{\"@type\":\"ImageObject\",\"inLanguage\":\"en-US\",\"@id\":\"https:\/\/www.italpassion.fr\/en\/#\/schema\/person\/image\/\",\"url\":\"https:\/\/www.italpassion.fr\/wp-content\/uploads\/2025\/04\/avatar-alexandre-160x160.jpg\",\"contentUrl\":\"https:\/\/www.italpassion.fr\/wp-content\/uploads\/2025\/04\/avatar-alexandre-160x160.jpg\",\"caption\":\"Alexandre Filluzeau\"},\"description\":\"Fondateur du site ItalPassion, passionn\u00e9 de voitures italiennes et de l'Italie en g\u00e9n\u00e9ral. J'apporte un regard critique et technique aux actualit\u00e9s des marques italiennes quand cela est possible. Propri\u00e9taire d'une Maserati GranTurismo, Alfa Romeo MiTo, Lancia Fulvia et Ducati 695. Ex-propri\u00e9taire d'une Alfa Romeo Giulia.\",\"sameAs\":[\"https:\/\/www.italpassion.fr\/\"],\"url\":\"https:\/\/www.italpassion.fr\/en\/author\/alexandre\/\"}]}<\/script>\n<!-- \/ Yoast SEO plugin. -->","yoast_head_json":{"title":"Sonus Faber and Lamborghini unveil limited-edition \"Cremonese Ex3me\" speakers... at the price of a luxury car! - ItalPassion","description":"Italy knows how to thrill! On the road, with the roar of a Lamborghini V12. At home, with Sonus faber speakers. This time, both","robots":{"index":"index","follow":"follow","max-snippet":"max-snippet:-1","max-image-preview":"max-image-preview:large","max-video-preview":"max-video-preview:-1"},"canonical":"https:\/\/www.italpassion.fr\/en\/lamborghini\/sonus-faber-and-lamborghini-unveil-limited-edition-cremonese-ex3me-speakers-at-luxury-car-prices\/","og_locale":"en_US","og_type":"article","og_title":"Sonus Faber et Lamborghini d\u00e9voilent des enceintes \"Cremonese Ex3me\" en \u00e9dition limit\u00e9e... et au prix d'une voiture de luxe ! - ItalPassion","og_description":"L\u2019Italie sait faire vibrer ! Sur la route, avec les rugissements d\u2019un V12 Lamborghini. \u00c0 la maison, avec les enceintes Sonus faber. Cette fois, les deux","og_url":"https:\/\/www.italpassion.fr\/en\/lamborghini\/sonus-faber-and-lamborghini-unveil-limited-edition-cremonese-ex3me-speakers-at-luxury-car-prices\/","og_site_name":"ItalPassion","article_publisher":"https:\/\/www.facebook.com\/italpassion","article_published_time":"2025-08-15T06:19:03+00:00","og_image":[{"width":1200,"height":800,"url":"https:\/\/www.italpassion.fr\/wp-content\/uploads\/2025\/08\/lamborghini-sonus-faber-2.jpg","type":"image\/jpeg"}],"author":"Alexandre Filluzeau","twitter_card":"summary_large_image","twitter_creator":"@italpassion","twitter_site":"@italpassion","schema":{"@context":"https:\/\/schema.org","@graph":[{"@type":"NewsArticle","@id":"https:\/\/www.italpassion.fr\/en\/lamborghini\/sonus-faber-et-lamborghini-devoilent-des-enceintes-cremonese-ex3me-en-edition-limitee-et-au-prix-dune-voiture-de-luxe\/#article","isPartOf":{"@id":"https:\/\/www.italpassion.fr\/en\/lamborghini\/sonus-faber-et-lamborghini-devoilent-des-enceintes-cremonese-ex3me-en-edition-limitee-et-au-prix-dune-voiture-de-luxe\/"},"author":{"name":"Alexandre Filluzeau","@id":"https:\/\/www.italpassion.fr\/en\/#\/schema\/person\/36f747b2a759ca202d847e85a9434ca0"},"headline":"Sonus Faber et Lamborghini d\u00e9voilent des enceintes \u00ab\u00a0Cremonese Ex3me\u00a0\u00bb en \u00e9dition limit\u00e9e&#8230; et au prix d&rsquo;une voiture de luxe !","datePublished":"2025-08-15T06:19:03+00:00","mainEntityOfPage":{"@id":"https:\/\/www.italpassion.fr\/en\/lamborghini\/sonus-faber-et-lamborghini-devoilent-des-enceintes-cremonese-ex3me-en-edition-limitee-et-au-prix-dune-voiture-de-luxe\/"},"wordCount":481,"commentCount":0,"publisher":{"@id":"https:\/\/www.italpassion.fr\/en\/#organization"},"image":{"@id":"https:\/\/www.italpassion.fr\/en\/lamborghini\/sonus-faber-et-lamborghini-devoilent-des-enceintes-cremonese-ex3me-en-edition-limitee-et-au-prix-dune-voiture-de-luxe\/#primaryimage"},"thumbnailUrl":"https:\/\/www.italpassion.fr\/wp-content\/uploads\/2025\/08\/lamborghini-sonus-faber-2.jpg","keywords":["Sonus Faber"],"articleSection":["Lamborghini"],"inLanguage":"en-US","potentialAction":[{"@type":"CommentAction","name":"Comment","target":["https:\/\/www.italpassion.fr\/en\/lamborghini\/sonus-faber-et-lamborghini-devoilent-des-enceintes-cremonese-ex3me-en-edition-limitee-et-au-prix-dune-voiture-de-luxe\/#respond"]}]},{"@type":"WebPage","@id":"https:\/\/www.italpassion.fr\/en\/lamborghini\/sonus-faber-et-lamborghini-devoilent-des-enceintes-cremonese-ex3me-en-edition-limitee-et-au-prix-dune-voiture-de-luxe\/","url":"https:\/\/www.italpassion.fr\/en\/lamborghini\/sonus-faber-et-lamborghini-devoilent-des-enceintes-cremonese-ex3me-en-edition-limitee-et-au-prix-dune-voiture-de-luxe\/","name":"Sonus Faber and Lamborghini unveil limited-edition \"Cremonese Ex3me\" speakers... at the price of a luxury car! - ItalPassion","isPartOf":{"@id":"https:\/\/www.italpassion.fr\/en\/#website"},"primaryImageOfPage":{"@id":"https:\/\/www.italpassion.fr\/en\/lamborghini\/sonus-faber-et-lamborghini-devoilent-des-enceintes-cremonese-ex3me-en-edition-limitee-et-au-prix-dune-voiture-de-luxe\/#primaryimage"},"image":{"@id":"https:\/\/www.italpassion.fr\/en\/lamborghini\/sonus-faber-et-lamborghini-devoilent-des-enceintes-cremonese-ex3me-en-edition-limitee-et-au-prix-dune-voiture-de-luxe\/#primaryimage"},"thumbnailUrl":"https:\/\/www.italpassion.fr\/wp-content\/uploads\/2025\/08\/lamborghini-sonus-faber-2.jpg","datePublished":"2025-08-15T06:19:03+00:00","description":"Italy knows how to thrill! On the road, with the roar of a Lamborghini V12. At home, with Sonus faber speakers. This time, both","breadcrumb":{"@id":"https:\/\/www.italpassion.fr\/en\/lamborghini\/sonus-faber-et-lamborghini-devoilent-des-enceintes-cremonese-ex3me-en-edition-limitee-et-au-prix-dune-voiture-de-luxe\/#breadcrumb"},"inLanguage":"en-US","potentialAction":[{"@type":"ReadAction","target":["https:\/\/www.italpassion.fr\/en\/lamborghini\/sonus-faber-et-lamborghini-devoilent-des-enceintes-cremonese-ex3me-en-edition-limitee-et-au-prix-dune-voiture-de-luxe\/"]}]},{"@type":"ImageObject","inLanguage":"en-US","@id":"https:\/\/www.italpassion.fr\/en\/lamborghini\/sonus-faber-et-lamborghini-devoilent-des-enceintes-cremonese-ex3me-en-edition-limitee-et-au-prix-dune-voiture-de-luxe\/#primaryimage","url":"https:\/\/www.italpassion.fr\/wp-content\/uploads\/2025\/08\/lamborghini-sonus-faber-2.jpg","contentUrl":"https:\/\/www.italpassion.fr\/wp-content\/uploads\/2025\/08\/lamborghini-sonus-faber-2.jpg","width":1200,"height":800},{"@type":"BreadcrumbList","@id":"https:\/\/www.italpassion.fr\/en\/lamborghini\/sonus-faber-et-lamborghini-devoilent-des-enceintes-cremonese-ex3me-en-edition-limitee-et-au-prix-dune-voiture-de-luxe\/#breadcrumb","itemListElement":[{"@type":"ListItem","position":1,"name":"Accueil","item":"https:\/\/www.italpassion.fr\/en\/"},{"@type":"ListItem","position":2,"name":"Sonus Faber et Lamborghini d\u00e9voilent des enceintes \u00ab\u00a0Cremonese Ex3me\u00a0\u00bb en \u00e9dition limit\u00e9e&#8230; et au prix d&rsquo;une voiture de luxe !"}]},{"@type":"WebSite","@id":"https:\/\/www.italpassion.fr\/en\/#website","url":"https:\/\/www.italpassion.fr\/en\/","name":"ItalPassion","description":"Italian Car Enthusiasts","publisher":{"@id":"https:\/\/www.italpassion.fr\/en\/#organization"},"potentialAction":[{"@type":"SearchAction","target":{"@type":"EntryPoint","urlTemplate":"https:\/\/www.italpassion.fr\/en\/?s={search_term_string}"},"query-input":{"@type":"PropertyValueSpecification","valueRequired":true,"valueName":"search_term_string"}}],"inLanguage":"en-US"},{"@type":"Organization","@id":"https:\/\/www.italpassion.fr\/en\/#organization","name":"Italpassion","url":"https:\/\/www.italpassion.fr\/en\/","logo":{"@type":"ImageObject","inLanguage":"en-US","@id":"https:\/\/www.italpassion.fr\/en\/#\/schema\/logo\/image\/","url":"https:\/\/www.italpassion.fr\/wp-content\/uploads\/2023\/07\/italpassion-yoast.jpg","contentUrl":"https:\/\/www.italpassion.fr\/wp-content\/uploads\/2023\/07\/italpassion-yoast.jpg","width":696,"height":696,"caption":"Italpassion"},"image":{"@id":"https:\/\/www.italpassion.fr\/en\/#\/schema\/logo\/image\/"},"sameAs":["https:\/\/www.facebook.com\/italpassion","https:\/\/x.com\/italpassion","https:\/\/www.instagram.com\/italpassionfr\/","https:\/\/www.youtube.com\/channel\/UCleq-ByQaA42OjhopwevRjQ","https:\/\/www.facebook.com\/italpassion.en\/","https:\/\/www.facebook.com\/italpassion.it\/","https:\/\/www.facebook.com\/italpassion.de\/","https:\/\/www.facebook.com\/italpassion.ja\/"]},{"@type":"Person","@id":"https:\/\/www.italpassion.fr\/en\/#\/schema\/person\/36f747b2a759ca202d847e85a9434ca0","name":"Alexandre Filluzeau","image":{"@type":"ImageObject","inLanguage":"en-US","@id":"https:\/\/www.italpassion.fr\/en\/#\/schema\/person\/image\/","url":"https:\/\/www.italpassion.fr\/wp-content\/uploads\/2025\/04\/avatar-alexandre-160x160.jpg","contentUrl":"https:\/\/www.italpassion.fr\/wp-content\/uploads\/2025\/04\/avatar-alexandre-160x160.jpg","caption":"Alexandre Filluzeau"},"description":"Founder of the ItalPassion website, passionate about Italian cars and Italy in general. I bring a critical and technical eye to the news of Italian brands when possible. Owner of a Maserati GranTurismo, Alfa Romeo MiTo, Lancia Fulvia and Ducati 695. Ex-owner of an Alfa Romeo Giulia.","sameAs":["https:\/\/www.italpassion.fr\/"],"url":"https:\/\/www.italpassion.fr\/en\/author\/alexandre\/"}]}},"_links":{"self":[{"href":"https:\/\/www.italpassion.fr\/en\/wp-json\/wp\/v2\/posts\/40536","targetHints":{"allow":["GET"]}}],"collection":[{"href":"https:\/\/www.italpassion.fr\/en\/wp-json\/wp\/v2\/posts"}],"about":[{"href":"https:\/\/www.italpassion.fr\/en\/wp-json\/wp\/v2\/types\/post"}],"author":[{"embeddable":true,"href":"https:\/\/www.italpassion.fr\/en\/wp-json\/wp\/v2\/users\/1"}],"replies":[{"embeddable":true,"href":"https:\/\/www.italpassion.fr\/en\/wp-json\/wp\/v2\/comments?post=40536"}],"version-history":[{"count":2,"href":"https:\/\/www.italpassion.fr\/en\/wp-json\/wp\/v2\/posts\/40536\/revisions"}],"predecessor-version":[{"id":40554,"href":"https:\/\/www.italpassion.fr\/en\/wp-json\/wp\/v2\/posts\/40536\/revisions\/40554"}],"wp:featuredmedia":[{"embeddable":true,"href":"https:\/\/www.italpassion.fr\/en\/wp-json\/wp\/v2\/media\/40537"}],"wp:attachment":[{"href":"https:\/\/www.italpassion.fr\/en\/wp-json\/wp\/v2\/media?parent=40536"}],"wp:term":[{"taxonomy":"category","embeddable":true,"href":"https:\/\/www.italpassion.fr\/en\/wp-json\/wp\/v2\/categories?post=40536"},{"taxonomy":"post_tag","embeddable":true,"href":"https:\/\/www.italpassion.fr\/en\/wp-json\/wp\/v2\/tags?post=40536"}],"curies":[{"name":"wp","href":"https:\/\/api.w.org\/{rel}","templated":true}]}}