{"id":40067,"date":"2025-07-29T08:46:14","date_gmt":"2025-07-29T06:46:14","guid":{"rendered":"https:\/\/www.italpassion.fr\/?p=40067"},"modified":"2025-07-28T16:41:40","modified_gmt":"2025-07-28T14:41:40","slug":"he-transforms-his-alfa-romeo-junior-into-a-milano","status":"publish","type":"post","link":"https:\/\/www.italpassion.fr\/en\/alfa-romeo\/insolite-il-transforme-son-alfa-romeo-junior-en-milano\/","title":{"rendered":"Insolite: he transforms his Alfa Romeo Junior... into a Milano!"},"content":{"rendered":"<p>When some are content to proudly post a photo of their new <a href=\"https:\/\/www.italpassion.fr\/en\/cars\/alfa-romeo-junior\/\">Alfa Romeo Junior<\/a> on Facebook, others go further... much further. Almost a year and a half after its launch, the little SUV from the Biscione brand continues to make waves, sometimes in unexpected ways. The proof is in the form of a passionate owner who decided to transform his Alfa Romeo Junior... into a Milano. A nod to a controversy that had caused much ink to flow.<\/p>\n\n\n\n<h2 class=\"wp-block-heading\">The return of the forbidden name<\/h2>\n\n\n\n<p>Remember: in April 2024, the BSUV from<a href=\"https:\/\/www.italpassion.fr\/en\/alfa-romeo\/\">Alfa Romeo<\/a> was to be called Milano, in homage to the city where the brand was born in 1910. A strong, symbolic name... yet a forbidden one. The reason? A 2003 Italian law aimed at preventing \"Italian Sounding\" for products manufactured abroad. Junior is produced in Tychy, Poland. <a href=\"https:\/\/www.italpassion.fr\/en\/alfa-romeo\/alfa-romeo-milano-the-name-doesnt-please-the-minister-of-made-in-italy\/\">The Minister for Made in Italy, Adolfo Urso, got involved, denouncing a misleading name.<\/a>and Stellantis had to fold: <a href=\"https:\/\/www.italpassion.fr\/en\/alfa-romeo\/official-lalfa-romeo-milano-changes-name-to-junior\/\">Milano became Junior, just three days after the official presentation.<\/a>.<\/p>\n\n\n\n<h2 class=\"wp-block-heading\">Junior model pleases... but some want the original<\/h2>\n\n\n\n<p>Since its launch, the Alfa Romeo Junior has won over its public. On social networks, many owners share the smallest details of their new acquisition. But one owner decided to cross a line that even Alfa Romeo hadn't dared to cross officially: revive the Milano.<\/p>\n\n\n\n<figure class=\"wp-block-image size-full\"><img loading=\"lazy\" decoding=\"async\" width=\"1200\" height=\"800\" src=\"https:\/\/www.italpassion.fr\/wp-content\/uploads\/2025\/07\/alfa-romeo-milano-blanc-2.jpg\" alt=\"\" class=\"wp-image-40149\" srcset=\"https:\/\/www.italpassion.fr\/wp-content\/uploads\/2025\/07\/alfa-romeo-milano-blanc-2.jpg 1200w, https:\/\/www.italpassion.fr\/wp-content\/uploads\/2025\/07\/alfa-romeo-milano-blanc-2-420x280.jpg 420w, https:\/\/www.italpassion.fr\/wp-content\/uploads\/2025\/07\/alfa-romeo-milano-blanc-2-768x512.jpg 768w, https:\/\/www.italpassion.fr\/wp-content\/uploads\/2025\/07\/alfa-romeo-milano-blanc-2-18x12.jpg 18w\" sizes=\"auto, (max-width: 1200px) 100vw, 1200px\" \/><figcaption class=\"wp-element-caption\">Mario's Alfa Romeo Milano<\/figcaption><\/figure>\n\n\n\n<figure class=\"wp-block-image size-full\"><img loading=\"lazy\" decoding=\"async\" width=\"1200\" height=\"800\" src=\"https:\/\/www.italpassion.fr\/wp-content\/uploads\/2025\/07\/alfa-romeo-milano-blanc-3.jpg\" alt=\"\" class=\"wp-image-40150\" srcset=\"https:\/\/www.italpassion.fr\/wp-content\/uploads\/2025\/07\/alfa-romeo-milano-blanc-3.jpg 1200w, https:\/\/www.italpassion.fr\/wp-content\/uploads\/2025\/07\/alfa-romeo-milano-blanc-3-420x280.jpg 420w, https:\/\/www.italpassion.fr\/wp-content\/uploads\/2025\/07\/alfa-romeo-milano-blanc-3-768x512.jpg 768w, https:\/\/www.italpassion.fr\/wp-content\/uploads\/2025\/07\/alfa-romeo-milano-blanc-3-18x12.jpg 18w\" sizes=\"auto, (max-width: 1200px) 100vw, 1200px\" \/><figcaption class=\"wp-element-caption\">Mario's Alfa Romeo Milano<\/figcaption><\/figure>\n\n\n\n<figure class=\"wp-block-image size-full\"><img loading=\"lazy\" decoding=\"async\" width=\"1200\" height=\"800\" src=\"https:\/\/www.italpassion.fr\/wp-content\/uploads\/2025\/07\/alfa-romeo-milano-1.jpg\" alt=\"\" class=\"wp-image-40148\" srcset=\"https:\/\/www.italpassion.fr\/wp-content\/uploads\/2025\/07\/alfa-romeo-milano-1.jpg 1200w, https:\/\/www.italpassion.fr\/wp-content\/uploads\/2025\/07\/alfa-romeo-milano-1-420x280.jpg 420w, https:\/\/www.italpassion.fr\/wp-content\/uploads\/2025\/07\/alfa-romeo-milano-1-768x512.jpg 768w, https:\/\/www.italpassion.fr\/wp-content\/uploads\/2025\/07\/alfa-romeo-milano-1-18x12.jpg 18w\" sizes=\"auto, (max-width: 1200px) 100vw, 1200px\" \/><figcaption class=\"wp-element-caption\">Mario's Alfa Romeo Milano<\/figcaption><\/figure>\n\n\n\n<p>The model in question? A white Junior, transformed with precision. On the outside, the Milano logo sits proudly on the fenders. The rims have been replaced by MAK Monza 18-inch wheels, with a more assertive style. The hood features a sticker representing the Biscione, Alfa Romeo's historic emblem. The exterior mirrors feature an Italian flag.<\/p>\n\n\n\n<p>Inside, the personalization continues: alcantara steering wheel, embroidered Milano floor mats, and a detail that will make enthusiasts smile: the \"Start\" button has been changed from black to red, as on the Giulia and Stelvio Quadrifoglio. <\/p>\n\n\n\n<figure class=\"wp-block-image size-full\"><img loading=\"lazy\" decoding=\"async\" width=\"1200\" height=\"800\" src=\"https:\/\/www.italpassion.fr\/wp-content\/uploads\/2025\/07\/alfa-romeo-milano-blanc-4.jpg\" alt=\"\" class=\"wp-image-40151\" srcset=\"https:\/\/www.italpassion.fr\/wp-content\/uploads\/2025\/07\/alfa-romeo-milano-blanc-4.jpg 1200w, https:\/\/www.italpassion.fr\/wp-content\/uploads\/2025\/07\/alfa-romeo-milano-blanc-4-420x280.jpg 420w, https:\/\/www.italpassion.fr\/wp-content\/uploads\/2025\/07\/alfa-romeo-milano-blanc-4-768x512.jpg 768w, https:\/\/www.italpassion.fr\/wp-content\/uploads\/2025\/07\/alfa-romeo-milano-blanc-4-18x12.jpg 18w\" sizes=\"auto, (max-width: 1200px) 100vw, 1200px\" \/><figcaption class=\"wp-element-caption\">Mario's Alfa Romeo Milano<\/figcaption><\/figure>\n\n\n\n<p>This model may not officially be a Milano, but it also symbolizes a form of gentle protest, against a political decision that upset the history of a model that had barely been launched. To this day, it's probably the only \"Milano\" on Europe's roads. <\/p>\n\n\n\n<p>PS: please remain respectful in the comments.<\/p>","protected":false},"excerpt":{"rendered":"","protected":false},"author":1,"featured_media":40149,"comment_status":"open","ping_status":"open","sticky":false,"template":"","format":"standard","meta":{"_acf_changed":false,"_sitemap_exclude":false,"_sitemap_priority":"","_sitemap_frequency":"","footnotes":""},"categories":[22],"tags":[403],"class_list":["post-40067","post","type-post","status-publish","format-standard","has-post-thumbnail","hentry","category-alfa-romeo","tag-alfa-romeo-junior","generate-columns","tablet-grid-50","mobile-grid-100","grid-parent","grid-33"],"acf":[],"yoast_head":"<!-- This site is optimized with the Yoast SEO plugin v25.8 - https:\/\/yoast.com\/wordpress\/plugins\/seo\/ -->\n<title>Insolite : il transforme son Alfa Romeo Junior... en Milano ! - ItalPassion<\/title>\n<meta name=\"description\" content=\"Quand certains se contentent de poster fi\u00e8rement la photo de leur nouvelle Alfa Romeo Junior sur Facebook, d\u2019autres vont plus loin\u2026 Beaucoup plus loin.\" \/>\n<meta name=\"robots\" content=\"index, follow, max-snippet:-1, max-image-preview:large, max-video-preview:-1\" \/>\n<link rel=\"canonical\" href=\"https:\/\/www.italpassion.fr\/en\/alfa-romeo\/he-transforms-his-alfa-romeo-junior-into-a-milano\/\" \/>\n<meta property=\"og:locale\" content=\"en_US\" \/>\n<meta property=\"og:type\" content=\"article\" \/>\n<meta property=\"og:title\" content=\"Insolite : il transforme son Alfa Romeo Junior... en Milano ! - ItalPassion\" \/>\n<meta property=\"og:description\" content=\"Quand certains se contentent de poster fi\u00e8rement la photo de leur nouvelle Alfa Romeo Junior sur Facebook, d\u2019autres vont plus loin\u2026 Beaucoup plus loin.\" \/>\n<meta property=\"og:url\" content=\"https:\/\/www.italpassion.fr\/en\/alfa-romeo\/he-transforms-his-alfa-romeo-junior-into-a-milano\/\" \/>\n<meta property=\"og:site_name\" content=\"ItalPassion\" \/>\n<meta property=\"article:publisher\" content=\"https:\/\/www.facebook.com\/italpassion\" \/>\n<meta property=\"article:published_time\" content=\"2025-07-29T06:46:14+00:00\" \/>\n<meta property=\"og:image\" content=\"https:\/\/www.italpassion.fr\/wp-content\/uploads\/2025\/07\/alfa-romeo-milano-blanc-2.jpg\" \/>\n\t<meta property=\"og:image:width\" content=\"1200\" \/>\n\t<meta property=\"og:image:height\" content=\"800\" \/>\n\t<meta property=\"og:image:type\" content=\"image\/jpeg\" \/>\n<meta name=\"author\" content=\"Alexandre Filluzeau\" \/>\n<meta name=\"twitter:card\" content=\"summary_large_image\" \/>\n<meta name=\"twitter:creator\" content=\"@italpassion\" \/>\n<meta name=\"twitter:site\" content=\"@italpassion\" \/>\n<script type=\"application\/ld+json\" class=\"yoast-schema-graph\">{\"@context\":\"https:\/\/schema.org\",\"@graph\":[{\"@type\":\"NewsArticle\",\"@id\":\"https:\/\/www.italpassion.fr\/en\/alfa-romeo\/insolite-il-transforme-son-alfa-romeo-junior-en-milano\/#article\",\"isPartOf\":{\"@id\":\"https:\/\/www.italpassion.fr\/en\/alfa-romeo\/insolite-il-transforme-son-alfa-romeo-junior-en-milano\/\"},\"author\":{\"name\":\"Alexandre Filluzeau\",\"@id\":\"https:\/\/www.italpassion.fr\/en\/#\/schema\/person\/36f747b2a759ca202d847e85a9434ca0\"},\"headline\":\"Insolite : il transforme son Alfa Romeo Junior&#8230; en Milano !\",\"datePublished\":\"2025-07-29T06:46:14+00:00\",\"mainEntityOfPage\":{\"@id\":\"https:\/\/www.italpassion.fr\/en\/alfa-romeo\/insolite-il-transforme-son-alfa-romeo-junior-en-milano\/\"},\"wordCount\":455,\"commentCount\":8,\"publisher\":{\"@id\":\"https:\/\/www.italpassion.fr\/en\/#organization\"},\"image\":{\"@id\":\"https:\/\/www.italpassion.fr\/en\/alfa-romeo\/insolite-il-transforme-son-alfa-romeo-junior-en-milano\/#primaryimage\"},\"thumbnailUrl\":\"https:\/\/www.italpassion.fr\/wp-content\/uploads\/2025\/07\/alfa-romeo-milano-blanc-2.jpg\",\"keywords\":[\"Alfa Romeo Junior\"],\"articleSection\":[\"Alfa Romeo\"],\"inLanguage\":\"en-US\",\"potentialAction\":[{\"@type\":\"CommentAction\",\"name\":\"Comment\",\"target\":[\"https:\/\/www.italpassion.fr\/en\/alfa-romeo\/insolite-il-transforme-son-alfa-romeo-junior-en-milano\/#respond\"]}]},{\"@type\":\"WebPage\",\"@id\":\"https:\/\/www.italpassion.fr\/en\/alfa-romeo\/insolite-il-transforme-son-alfa-romeo-junior-en-milano\/\",\"url\":\"https:\/\/www.italpassion.fr\/en\/alfa-romeo\/insolite-il-transforme-son-alfa-romeo-junior-en-milano\/\",\"name\":\"Insolite : il transforme son Alfa Romeo Junior... en Milano ! - ItalPassion\",\"isPartOf\":{\"@id\":\"https:\/\/www.italpassion.fr\/en\/#website\"},\"primaryImageOfPage\":{\"@id\":\"https:\/\/www.italpassion.fr\/en\/alfa-romeo\/insolite-il-transforme-son-alfa-romeo-junior-en-milano\/#primaryimage\"},\"image\":{\"@id\":\"https:\/\/www.italpassion.fr\/en\/alfa-romeo\/insolite-il-transforme-son-alfa-romeo-junior-en-milano\/#primaryimage\"},\"thumbnailUrl\":\"https:\/\/www.italpassion.fr\/wp-content\/uploads\/2025\/07\/alfa-romeo-milano-blanc-2.jpg\",\"datePublished\":\"2025-07-29T06:46:14+00:00\",\"description\":\"Quand certains se contentent de poster fi\u00e8rement la photo de leur nouvelle Alfa Romeo Junior sur Facebook, d\u2019autres vont plus loin\u2026 Beaucoup plus loin.\",\"breadcrumb\":{\"@id\":\"https:\/\/www.italpassion.fr\/en\/alfa-romeo\/insolite-il-transforme-son-alfa-romeo-junior-en-milano\/#breadcrumb\"},\"inLanguage\":\"en-US\",\"potentialAction\":[{\"@type\":\"ReadAction\",\"target\":[\"https:\/\/www.italpassion.fr\/en\/alfa-romeo\/insolite-il-transforme-son-alfa-romeo-junior-en-milano\/\"]}]},{\"@type\":\"ImageObject\",\"inLanguage\":\"en-US\",\"@id\":\"https:\/\/www.italpassion.fr\/en\/alfa-romeo\/insolite-il-transforme-son-alfa-romeo-junior-en-milano\/#primaryimage\",\"url\":\"https:\/\/www.italpassion.fr\/wp-content\/uploads\/2025\/07\/alfa-romeo-milano-blanc-2.jpg\",\"contentUrl\":\"https:\/\/www.italpassion.fr\/wp-content\/uploads\/2025\/07\/alfa-romeo-milano-blanc-2.jpg\",\"width\":1200,\"height\":800},{\"@type\":\"BreadcrumbList\",\"@id\":\"https:\/\/www.italpassion.fr\/en\/alfa-romeo\/insolite-il-transforme-son-alfa-romeo-junior-en-milano\/#breadcrumb\",\"itemListElement\":[{\"@type\":\"ListItem\",\"position\":1,\"name\":\"Accueil\",\"item\":\"https:\/\/www.italpassion.fr\/en\/\"},{\"@type\":\"ListItem\",\"position\":2,\"name\":\"Insolite : il transforme son Alfa Romeo Junior&#8230; en Milano !\"}]},{\"@type\":\"WebSite\",\"@id\":\"https:\/\/www.italpassion.fr\/en\/#website\",\"url\":\"https:\/\/www.italpassion.fr\/en\/\",\"name\":\"ItalPassion\",\"description\":\"Les Passionn\u00e9s d&#039;Automobiles Italiennes\",\"publisher\":{\"@id\":\"https:\/\/www.italpassion.fr\/en\/#organization\"},\"potentialAction\":[{\"@type\":\"SearchAction\",\"target\":{\"@type\":\"EntryPoint\",\"urlTemplate\":\"https:\/\/www.italpassion.fr\/en\/?s={search_term_string}\"},\"query-input\":{\"@type\":\"PropertyValueSpecification\",\"valueRequired\":true,\"valueName\":\"search_term_string\"}}],\"inLanguage\":\"en-US\"},{\"@type\":\"Organization\",\"@id\":\"https:\/\/www.italpassion.fr\/en\/#organization\",\"name\":\"Italpassion\",\"url\":\"https:\/\/www.italpassion.fr\/en\/\",\"logo\":{\"@type\":\"ImageObject\",\"inLanguage\":\"en-US\",\"@id\":\"https:\/\/www.italpassion.fr\/en\/#\/schema\/logo\/image\/\",\"url\":\"https:\/\/www.italpassion.fr\/wp-content\/uploads\/2023\/07\/italpassion-yoast.jpg\",\"contentUrl\":\"https:\/\/www.italpassion.fr\/wp-content\/uploads\/2023\/07\/italpassion-yoast.jpg\",\"width\":696,\"height\":696,\"caption\":\"Italpassion\"},\"image\":{\"@id\":\"https:\/\/www.italpassion.fr\/en\/#\/schema\/logo\/image\/\"},\"sameAs\":[\"https:\/\/www.facebook.com\/italpassion\",\"https:\/\/x.com\/italpassion\",\"https:\/\/www.instagram.com\/italpassionfr\/\",\"https:\/\/www.youtube.com\/channel\/UCleq-ByQaA42OjhopwevRjQ\",\"https:\/\/www.facebook.com\/italpassion.en\/\",\"https:\/\/www.facebook.com\/italpassion.it\/\",\"https:\/\/www.facebook.com\/italpassion.de\/\",\"https:\/\/www.facebook.com\/italpassion.ja\/\"]},{\"@type\":\"Person\",\"@id\":\"https:\/\/www.italpassion.fr\/en\/#\/schema\/person\/36f747b2a759ca202d847e85a9434ca0\",\"name\":\"Alexandre Filluzeau\",\"image\":{\"@type\":\"ImageObject\",\"inLanguage\":\"en-US\",\"@id\":\"https:\/\/www.italpassion.fr\/en\/#\/schema\/person\/image\/\",\"url\":\"https:\/\/www.italpassion.fr\/wp-content\/uploads\/2025\/04\/avatar-alexandre-160x160.jpg\",\"contentUrl\":\"https:\/\/www.italpassion.fr\/wp-content\/uploads\/2025\/04\/avatar-alexandre-160x160.jpg\",\"caption\":\"Alexandre Filluzeau\"},\"description\":\"Fondateur du site ItalPassion, passionn\u00e9 de voitures italiennes et de l'Italie en g\u00e9n\u00e9ral. J'apporte un regard critique et technique aux actualit\u00e9s des marques italiennes quand cela est possible. Propri\u00e9taire d'une Maserati GranTurismo, Alfa Romeo MiTo, Lancia Fulvia et Ducati 695. Ex-propri\u00e9taire d'une Alfa Romeo Giulia.\",\"sameAs\":[\"https:\/\/www.italpassion.fr\/\"],\"url\":\"https:\/\/www.italpassion.fr\/en\/author\/alexandre\/\"}]}<\/script>\n<!-- \/ Yoast SEO plugin. -->","yoast_head_json":{"title":"Insolite: he transforms his Alfa Romeo Junior... into a Milano! - ItalPassion","description":"While some are content to proudly post pictures of their new Alfa Romeo Junior on Facebook, others go further... much further.","robots":{"index":"index","follow":"follow","max-snippet":"max-snippet:-1","max-image-preview":"max-image-preview:large","max-video-preview":"max-video-preview:-1"},"canonical":"https:\/\/www.italpassion.fr\/en\/alfa-romeo\/he-transforms-his-alfa-romeo-junior-into-a-milano\/","og_locale":"en_US","og_type":"article","og_title":"Insolite : il transforme son Alfa Romeo Junior... en Milano ! - ItalPassion","og_description":"Quand certains se contentent de poster fi\u00e8rement la photo de leur nouvelle Alfa Romeo Junior sur Facebook, d\u2019autres vont plus loin\u2026 Beaucoup plus loin.","og_url":"https:\/\/www.italpassion.fr\/en\/alfa-romeo\/he-transforms-his-alfa-romeo-junior-into-a-milano\/","og_site_name":"ItalPassion","article_publisher":"https:\/\/www.facebook.com\/italpassion","article_published_time":"2025-07-29T06:46:14+00:00","og_image":[{"width":1200,"height":800,"url":"https:\/\/www.italpassion.fr\/wp-content\/uploads\/2025\/07\/alfa-romeo-milano-blanc-2.jpg","type":"image\/jpeg"}],"author":"Alexandre Filluzeau","twitter_card":"summary_large_image","twitter_creator":"@italpassion","twitter_site":"@italpassion","schema":{"@context":"https:\/\/schema.org","@graph":[{"@type":"NewsArticle","@id":"https:\/\/www.italpassion.fr\/en\/alfa-romeo\/insolite-il-transforme-son-alfa-romeo-junior-en-milano\/#article","isPartOf":{"@id":"https:\/\/www.italpassion.fr\/en\/alfa-romeo\/insolite-il-transforme-son-alfa-romeo-junior-en-milano\/"},"author":{"name":"Alexandre Filluzeau","@id":"https:\/\/www.italpassion.fr\/en\/#\/schema\/person\/36f747b2a759ca202d847e85a9434ca0"},"headline":"Insolite : il transforme son Alfa Romeo Junior&#8230; en Milano !","datePublished":"2025-07-29T06:46:14+00:00","mainEntityOfPage":{"@id":"https:\/\/www.italpassion.fr\/en\/alfa-romeo\/insolite-il-transforme-son-alfa-romeo-junior-en-milano\/"},"wordCount":455,"commentCount":8,"publisher":{"@id":"https:\/\/www.italpassion.fr\/en\/#organization"},"image":{"@id":"https:\/\/www.italpassion.fr\/en\/alfa-romeo\/insolite-il-transforme-son-alfa-romeo-junior-en-milano\/#primaryimage"},"thumbnailUrl":"https:\/\/www.italpassion.fr\/wp-content\/uploads\/2025\/07\/alfa-romeo-milano-blanc-2.jpg","keywords":["Alfa Romeo Junior"],"articleSection":["Alfa Romeo"],"inLanguage":"en-US","potentialAction":[{"@type":"CommentAction","name":"Comment","target":["https:\/\/www.italpassion.fr\/en\/alfa-romeo\/insolite-il-transforme-son-alfa-romeo-junior-en-milano\/#respond"]}]},{"@type":"WebPage","@id":"https:\/\/www.italpassion.fr\/en\/alfa-romeo\/insolite-il-transforme-son-alfa-romeo-junior-en-milano\/","url":"https:\/\/www.italpassion.fr\/en\/alfa-romeo\/insolite-il-transforme-son-alfa-romeo-junior-en-milano\/","name":"Insolite: he transforms his Alfa Romeo Junior... into a Milano! - ItalPassion","isPartOf":{"@id":"https:\/\/www.italpassion.fr\/en\/#website"},"primaryImageOfPage":{"@id":"https:\/\/www.italpassion.fr\/en\/alfa-romeo\/insolite-il-transforme-son-alfa-romeo-junior-en-milano\/#primaryimage"},"image":{"@id":"https:\/\/www.italpassion.fr\/en\/alfa-romeo\/insolite-il-transforme-son-alfa-romeo-junior-en-milano\/#primaryimage"},"thumbnailUrl":"https:\/\/www.italpassion.fr\/wp-content\/uploads\/2025\/07\/alfa-romeo-milano-blanc-2.jpg","datePublished":"2025-07-29T06:46:14+00:00","description":"While some are content to proudly post pictures of their new Alfa Romeo Junior on Facebook, others go further... much further.","breadcrumb":{"@id":"https:\/\/www.italpassion.fr\/en\/alfa-romeo\/insolite-il-transforme-son-alfa-romeo-junior-en-milano\/#breadcrumb"},"inLanguage":"en-US","potentialAction":[{"@type":"ReadAction","target":["https:\/\/www.italpassion.fr\/en\/alfa-romeo\/insolite-il-transforme-son-alfa-romeo-junior-en-milano\/"]}]},{"@type":"ImageObject","inLanguage":"en-US","@id":"https:\/\/www.italpassion.fr\/en\/alfa-romeo\/insolite-il-transforme-son-alfa-romeo-junior-en-milano\/#primaryimage","url":"https:\/\/www.italpassion.fr\/wp-content\/uploads\/2025\/07\/alfa-romeo-milano-blanc-2.jpg","contentUrl":"https:\/\/www.italpassion.fr\/wp-content\/uploads\/2025\/07\/alfa-romeo-milano-blanc-2.jpg","width":1200,"height":800},{"@type":"BreadcrumbList","@id":"https:\/\/www.italpassion.fr\/en\/alfa-romeo\/insolite-il-transforme-son-alfa-romeo-junior-en-milano\/#breadcrumb","itemListElement":[{"@type":"ListItem","position":1,"name":"Accueil","item":"https:\/\/www.italpassion.fr\/en\/"},{"@type":"ListItem","position":2,"name":"Insolite : il transforme son Alfa Romeo Junior&#8230; en Milano !"}]},{"@type":"WebSite","@id":"https:\/\/www.italpassion.fr\/en\/#website","url":"https:\/\/www.italpassion.fr\/en\/","name":"ItalPassion","description":"Italian Car Enthusiasts","publisher":{"@id":"https:\/\/www.italpassion.fr\/en\/#organization"},"potentialAction":[{"@type":"SearchAction","target":{"@type":"EntryPoint","urlTemplate":"https:\/\/www.italpassion.fr\/en\/?s={search_term_string}"},"query-input":{"@type":"PropertyValueSpecification","valueRequired":true,"valueName":"search_term_string"}}],"inLanguage":"en-US"},{"@type":"Organization","@id":"https:\/\/www.italpassion.fr\/en\/#organization","name":"Italpassion","url":"https:\/\/www.italpassion.fr\/en\/","logo":{"@type":"ImageObject","inLanguage":"en-US","@id":"https:\/\/www.italpassion.fr\/en\/#\/schema\/logo\/image\/","url":"https:\/\/www.italpassion.fr\/wp-content\/uploads\/2023\/07\/italpassion-yoast.jpg","contentUrl":"https:\/\/www.italpassion.fr\/wp-content\/uploads\/2023\/07\/italpassion-yoast.jpg","width":696,"height":696,"caption":"Italpassion"},"image":{"@id":"https:\/\/www.italpassion.fr\/en\/#\/schema\/logo\/image\/"},"sameAs":["https:\/\/www.facebook.com\/italpassion","https:\/\/x.com\/italpassion","https:\/\/www.instagram.com\/italpassionfr\/","https:\/\/www.youtube.com\/channel\/UCleq-ByQaA42OjhopwevRjQ","https:\/\/www.facebook.com\/italpassion.en\/","https:\/\/www.facebook.com\/italpassion.it\/","https:\/\/www.facebook.com\/italpassion.de\/","https:\/\/www.facebook.com\/italpassion.ja\/"]},{"@type":"Person","@id":"https:\/\/www.italpassion.fr\/en\/#\/schema\/person\/36f747b2a759ca202d847e85a9434ca0","name":"Alexandre Filluzeau","image":{"@type":"ImageObject","inLanguage":"en-US","@id":"https:\/\/www.italpassion.fr\/en\/#\/schema\/person\/image\/","url":"https:\/\/www.italpassion.fr\/wp-content\/uploads\/2025\/04\/avatar-alexandre-160x160.jpg","contentUrl":"https:\/\/www.italpassion.fr\/wp-content\/uploads\/2025\/04\/avatar-alexandre-160x160.jpg","caption":"Alexandre Filluzeau"},"description":"Founder of the ItalPassion website, passionate about Italian cars and Italy in general. I bring a critical and technical eye to the news of Italian brands when possible. Owner of a Maserati GranTurismo, Alfa Romeo MiTo, Lancia Fulvia and Ducati 695. Ex-owner of an Alfa Romeo Giulia.","sameAs":["https:\/\/www.italpassion.fr\/"],"url":"https:\/\/www.italpassion.fr\/en\/author\/alexandre\/"}]}},"_links":{"self":[{"href":"https:\/\/www.italpassion.fr\/en\/wp-json\/wp\/v2\/posts\/40067","targetHints":{"allow":["GET"]}}],"collection":[{"href":"https:\/\/www.italpassion.fr\/en\/wp-json\/wp\/v2\/posts"}],"about":[{"href":"https:\/\/www.italpassion.fr\/en\/wp-json\/wp\/v2\/types\/post"}],"author":[{"embeddable":true,"href":"https:\/\/www.italpassion.fr\/en\/wp-json\/wp\/v2\/users\/1"}],"replies":[{"embeddable":true,"href":"https:\/\/www.italpassion.fr\/en\/wp-json\/wp\/v2\/comments?post=40067"}],"version-history":[{"count":3,"href":"https:\/\/www.italpassion.fr\/en\/wp-json\/wp\/v2\/posts\/40067\/revisions"}],"predecessor-version":[{"id":40153,"href":"https:\/\/www.italpassion.fr\/en\/wp-json\/wp\/v2\/posts\/40067\/revisions\/40153"}],"wp:featuredmedia":[{"embeddable":true,"href":"https:\/\/www.italpassion.fr\/en\/wp-json\/wp\/v2\/media\/40149"}],"wp:attachment":[{"href":"https:\/\/www.italpassion.fr\/en\/wp-json\/wp\/v2\/media?parent=40067"}],"wp:term":[{"taxonomy":"category","embeddable":true,"href":"https:\/\/www.italpassion.fr\/en\/wp-json\/wp\/v2\/categories?post=40067"},{"taxonomy":"post_tag","embeddable":true,"href":"https:\/\/www.italpassion.fr\/en\/wp-json\/wp\/v2\/tags?post=40067"}],"curies":[{"name":"wp","href":"https:\/\/api.w.org\/{rel}","templated":true}]}}