{"id":40035,"date":"2025-07-24T09:31:59","date_gmt":"2025-07-24T07:31:59","guid":{"rendered":"https:\/\/www.italpassion.fr\/?p=40035"},"modified":"2025-07-24T09:31:59","modified_gmt":"2025-07-24T07:31:59","slug":"this-alfa-romeo-alfetta-gtv-with-1000-hp-v8-is-transformed-into-a-dragster","status":"publish","type":"post","link":"https:\/\/www.italpassion.fr\/en\/alfa-romeo\/cette-alfa-romeo-alfetta-gtv-avec-v8-de-1000-ch-est-transformee-en-dragster\/","title":{"rendered":"This Alfa Romeo Alfetta GTV with 1000 hp V8 is transformed into a Dragster!"},"content":{"rendered":"<p>Ironically, it's 2009, the year in which Fiat began its acquisition of Chrysler. And that year, a Swiss pilot had already experimented with bringing Europe and the USA closer together.<\/p>\n\n\n\n<p>The driver is Alain D\u00fcrr, a Swiss specialist in drag racing, a discipline generally associated with the United States, but which is also practiced in Europe, with an FIA-approved championship. But even on the Old Continent, drag racing is associated with American muscle cars. So this Alfa Romeo Alfetta is a real original!<\/p>\n\n\n\n<h2 class=\"wp-block-heading\">If the Alfetta had ended up in Mad Max<\/h2>\n\n\n\n<figure class=\"wp-block-image size-full\"><img loading=\"lazy\" decoding=\"async\" width=\"1200\" height=\"800\" src=\"https:\/\/www.italpassion.fr\/wp-content\/uploads\/2025\/07\/alfa-romeo-gtv-v8.jpg\" alt=\"\" class=\"wp-image-40040\" srcset=\"https:\/\/www.italpassion.fr\/wp-content\/uploads\/2025\/07\/alfa-romeo-gtv-v8.jpg 1200w, https:\/\/www.italpassion.fr\/wp-content\/uploads\/2025\/07\/alfa-romeo-gtv-v8-420x280.jpg 420w, https:\/\/www.italpassion.fr\/wp-content\/uploads\/2025\/07\/alfa-romeo-gtv-v8-768x512.jpg 768w, https:\/\/www.italpassion.fr\/wp-content\/uploads\/2025\/07\/alfa-romeo-gtv-v8-18x12.jpg 18w\" sizes=\"auto, (max-width: 1200px) 100vw, 1200px\" \/><figcaption class=\"wp-element-caption\">Image Italiansupercarvideo<\/figcaption><\/figure>\n\n\n\n<p>And here again, drag racing cars give rise to veritable mechanical Frankensteins. Beast of the day? <strong>A 1984 Alfa Romeo Alfetta GTV, with a special drag racing V8 engine prepared by Mopar, the American specialist in special preparations and parts, often associated with Dodge.<\/strong> The car is entered in the Super Pro Stock class.<\/p>\n\n\n\n<figure class=\"wp-block-image size-full\"><img loading=\"lazy\" decoding=\"async\" width=\"1200\" height=\"800\" src=\"https:\/\/www.italpassion.fr\/wp-content\/uploads\/2025\/07\/moteur-alfetta-gtv-v8.jpg\" alt=\"\" class=\"wp-image-40038\" srcset=\"https:\/\/www.italpassion.fr\/wp-content\/uploads\/2025\/07\/moteur-alfetta-gtv-v8.jpg 1200w, https:\/\/www.italpassion.fr\/wp-content\/uploads\/2025\/07\/moteur-alfetta-gtv-v8-420x280.jpg 420w, https:\/\/www.italpassion.fr\/wp-content\/uploads\/2025\/07\/moteur-alfetta-gtv-v8-768x512.jpg 768w, https:\/\/www.italpassion.fr\/wp-content\/uploads\/2025\/07\/moteur-alfetta-gtv-v8-18x12.jpg 18w\" sizes=\"auto, (max-width: 1200px) 100vw, 1200px\" \/><figcaption class=\"wp-element-caption\">Image Italiansupercarvideo<\/figcaption><\/figure>\n\n\n\n<figure class=\"wp-block-image size-full\"><img loading=\"lazy\" decoding=\"async\" width=\"1200\" height=\"800\" src=\"https:\/\/www.italpassion.fr\/wp-content\/uploads\/2025\/07\/alfa-romeo-gtv-v8-compresseur.jpg\" alt=\"\" class=\"wp-image-40039\" srcset=\"https:\/\/www.italpassion.fr\/wp-content\/uploads\/2025\/07\/alfa-romeo-gtv-v8-compresseur.jpg 1200w, https:\/\/www.italpassion.fr\/wp-content\/uploads\/2025\/07\/alfa-romeo-gtv-v8-compresseur-420x280.jpg 420w, https:\/\/www.italpassion.fr\/wp-content\/uploads\/2025\/07\/alfa-romeo-gtv-v8-compresseur-768x512.jpg 768w, https:\/\/www.italpassion.fr\/wp-content\/uploads\/2025\/07\/alfa-romeo-gtv-v8-compresseur-18x12.jpg 18w\" sizes=\"auto, (max-width: 1200px) 100vw, 1200px\" \/><figcaption class=\"wp-element-caption\">Image Italiansupercarvideo<\/figcaption><\/figure>\n\n\n\n<p>So, obviously, there's not much left of the original GTV except for the silhouette. The car's structure has been modified, with reinforcements and a large opening on the hood to let the big compressor out. And with its black livery, this GTV is reminiscent of the Ford Interceptor from Mad Max!<\/p>\n\n\n\n<h2 class=\"wp-block-heading\">The power of a current Ferrari hypercar<\/h2>\n\n\n\n<figure class=\"wp-block-image size-full\"><img loading=\"lazy\" decoding=\"async\" width=\"1200\" height=\"800\" src=\"https:\/\/www.italpassion.fr\/wp-content\/uploads\/2025\/07\/alfa-romeo-alfetta-gtv-drag-1.jpg\" alt=\"\" class=\"wp-image-40041\" srcset=\"https:\/\/www.italpassion.fr\/wp-content\/uploads\/2025\/07\/alfa-romeo-alfetta-gtv-drag-1.jpg 1200w, https:\/\/www.italpassion.fr\/wp-content\/uploads\/2025\/07\/alfa-romeo-alfetta-gtv-drag-1-420x280.jpg 420w, https:\/\/www.italpassion.fr\/wp-content\/uploads\/2025\/07\/alfa-romeo-alfetta-gtv-drag-1-768x512.jpg 768w, https:\/\/www.italpassion.fr\/wp-content\/uploads\/2025\/07\/alfa-romeo-alfetta-gtv-drag-1-18x12.jpg 18w\" sizes=\"auto, (max-width: 1200px) 100vw, 1200px\" \/><figcaption class=\"wp-element-caption\">Image Italiansupercarvideo<\/figcaption><\/figure>\n\n\n\n<p>The compressor-equipped engine is mated to a drag-racing 2-speed Powerglide gearbox. <strong>The result is 1050 hp and 1080 nm of torque,<\/strong> about the power of a Ferrari SF-90 Stradale! All this is transmitted to the big rear tires, which squeal and smoke!<\/p>\n\n\n\n<figure class=\"wp-block-image size-full\"><img loading=\"lazy\" decoding=\"async\" width=\"1200\" height=\"800\" src=\"https:\/\/www.italpassion.fr\/wp-content\/uploads\/2025\/07\/alfa-romeo-gtv-v8-drag-2.jpg\" alt=\"\" class=\"wp-image-40042\" srcset=\"https:\/\/www.italpassion.fr\/wp-content\/uploads\/2025\/07\/alfa-romeo-gtv-v8-drag-2.jpg 1200w, https:\/\/www.italpassion.fr\/wp-content\/uploads\/2025\/07\/alfa-romeo-gtv-v8-drag-2-420x280.jpg 420w, https:\/\/www.italpassion.fr\/wp-content\/uploads\/2025\/07\/alfa-romeo-gtv-v8-drag-2-768x512.jpg 768w, https:\/\/www.italpassion.fr\/wp-content\/uploads\/2025\/07\/alfa-romeo-gtv-v8-drag-2-18x12.jpg 18w\" sizes=\"auto, (max-width: 1200px) 100vw, 1200px\" \/><\/figure>\n\n\n\n<p>For the record, V8 GTVs have been developed in the past. Autodelta had developed two competition models, but without success. Better still, the Biscione's German importer felt that the market was promising, and commissioned Delta AutoTechnik to develop eight-cylinder GTVs. The result in 1977 was the GTV8 2.6i, based on the Montreal block. But Delta AutoTechnik went bankrupt and only 2-3 examples were built, instead of the hundreds planned. As a result, they did not enjoy the same success as the GTVs equipped with the Italian Busso V6.<\/p>\n\n\n\n<figure class=\"wp-block-embed is-type-video is-provider-youtube wp-block-embed-youtube wp-embed-aspect-16-9 wp-has-aspect-ratio\"><div class=\"wp-block-embed__wrapper\">\n<iframe loading=\"lazy\" title=\"1000HP Alfa-Romeo GTV Pro ET Drag Race Car - Supercharged V8 Mopar Engine + Alain D\u00fcrr OnBoard\" width=\"1200\" height=\"675\" src=\"https:\/\/www.youtube-nocookie.com\/embed\/xINaiuoWllA?feature=oembed\" frameborder=\"0\" allow=\"accelerometer; autoplay; clipboard-write; encrypted-media; gyroscope; picture-in-picture; web-share\" referrerpolicy=\"strict-origin-when-cross-origin\" allowfullscreen><\/iframe>\n<\/div><\/figure>","protected":false},"excerpt":{"rendered":"","protected":false},"author":8,"featured_media":40040,"comment_status":"open","ping_status":"open","sticky":false,"template":"","format":"standard","meta":{"_acf_changed":false,"_sitemap_exclude":false,"_sitemap_priority":"","_sitemap_frequency":"","footnotes":""},"categories":[22],"tags":[516],"class_list":["post-40035","post","type-post","status-publish","format-standard","has-post-thumbnail","hentry","category-alfa-romeo","tag-alfa-romeo-alfetta-gtv","generate-columns","tablet-grid-50","mobile-grid-100","grid-parent","grid-33"],"acf":[],"yoast_head":"<!-- This site is optimized with the Yoast SEO plugin v25.8 - https:\/\/yoast.com\/wordpress\/plugins\/seo\/ -->\n<title>Cette Alfa Romeo Alfetta GTV avec V8 de 1000 ch est transform\u00e9e en Dragster ! - ItalPassion<\/title>\n<meta name=\"description\" content=\"Nous sommes en 2009 et de mani\u00e8re ironique, l&#039;ann\u00e9e du d\u00e9but d&#039;acquisition de Chrysler par Fiat Et cette ann\u00e9e-l\u00e0, un pilote suisse avait d\u00e9j\u00e0 exp\u00e9riment\u00e9\" \/>\n<meta name=\"robots\" content=\"index, follow, max-snippet:-1, max-image-preview:large, max-video-preview:-1\" \/>\n<link rel=\"canonical\" href=\"https:\/\/www.italpassion.fr\/en\/alfa-romeo\/this-alfa-romeo-alfetta-gtv-with-1000-hp-v8-is-transformed-into-a-dragster\/\" \/>\n<meta property=\"og:locale\" content=\"en_US\" \/>\n<meta property=\"og:type\" content=\"article\" \/>\n<meta property=\"og:title\" content=\"Cette Alfa Romeo Alfetta GTV avec V8 de 1000 ch est transform\u00e9e en Dragster ! - ItalPassion\" \/>\n<meta property=\"og:description\" content=\"Nous sommes en 2009 et de mani\u00e8re ironique, l&#039;ann\u00e9e du d\u00e9but d&#039;acquisition de Chrysler par Fiat Et cette ann\u00e9e-l\u00e0, un pilote suisse avait d\u00e9j\u00e0 exp\u00e9riment\u00e9\" \/>\n<meta property=\"og:url\" content=\"https:\/\/www.italpassion.fr\/en\/alfa-romeo\/this-alfa-romeo-alfetta-gtv-with-1000-hp-v8-is-transformed-into-a-dragster\/\" \/>\n<meta property=\"og:site_name\" content=\"ItalPassion\" \/>\n<meta property=\"article:publisher\" content=\"https:\/\/www.facebook.com\/italpassion\" \/>\n<meta property=\"article:published_time\" content=\"2025-07-24T07:31:59+00:00\" \/>\n<meta property=\"og:image\" content=\"https:\/\/www.italpassion.fr\/wp-content\/uploads\/2025\/07\/alfa-romeo-gtv-v8.jpg\" \/>\n\t<meta property=\"og:image:width\" content=\"1200\" \/>\n\t<meta property=\"og:image:height\" content=\"800\" \/>\n\t<meta property=\"og:image:type\" content=\"image\/jpeg\" \/>\n<meta name=\"author\" content=\"Nicolas Anderbegani\" \/>\n<meta name=\"twitter:card\" content=\"summary_large_image\" \/>\n<meta name=\"twitter:creator\" content=\"@italpassion\" \/>\n<meta name=\"twitter:site\" content=\"@italpassion\" \/>\n<script type=\"application\/ld+json\" class=\"yoast-schema-graph\">{\"@context\":\"https:\/\/schema.org\",\"@graph\":[{\"@type\":\"NewsArticle\",\"@id\":\"https:\/\/www.italpassion.fr\/en\/alfa-romeo\/cette-alfa-romeo-alfetta-gtv-avec-v8-de-1000-ch-est-transformee-en-dragster\/#article\",\"isPartOf\":{\"@id\":\"https:\/\/www.italpassion.fr\/en\/alfa-romeo\/cette-alfa-romeo-alfetta-gtv-avec-v8-de-1000-ch-est-transformee-en-dragster\/\"},\"author\":{\"name\":\"Nicolas Anderbegani\",\"@id\":\"https:\/\/www.italpassion.fr\/en\/#\/schema\/person\/efd63d72fc8007741c5836a896805b04\"},\"headline\":\"Cette Alfa Romeo Alfetta GTV avec V8 de 1000 ch est transform\u00e9e en Dragster !\",\"datePublished\":\"2025-07-24T07:31:59+00:00\",\"mainEntityOfPage\":{\"@id\":\"https:\/\/www.italpassion.fr\/en\/alfa-romeo\/cette-alfa-romeo-alfetta-gtv-avec-v8-de-1000-ch-est-transformee-en-dragster\/\"},\"wordCount\":441,\"commentCount\":1,\"publisher\":{\"@id\":\"https:\/\/www.italpassion.fr\/en\/#organization\"},\"image\":{\"@id\":\"https:\/\/www.italpassion.fr\/en\/alfa-romeo\/cette-alfa-romeo-alfetta-gtv-avec-v8-de-1000-ch-est-transformee-en-dragster\/#primaryimage\"},\"thumbnailUrl\":\"https:\/\/www.italpassion.fr\/wp-content\/uploads\/2025\/07\/alfa-romeo-gtv-v8.jpg\",\"keywords\":[\"Alfa Romeo Alfetta GTV\"],\"articleSection\":[\"Alfa Romeo\"],\"inLanguage\":\"en-US\",\"potentialAction\":[{\"@type\":\"CommentAction\",\"name\":\"Comment\",\"target\":[\"https:\/\/www.italpassion.fr\/en\/alfa-romeo\/cette-alfa-romeo-alfetta-gtv-avec-v8-de-1000-ch-est-transformee-en-dragster\/#respond\"]}]},{\"@type\":\"WebPage\",\"@id\":\"https:\/\/www.italpassion.fr\/en\/alfa-romeo\/cette-alfa-romeo-alfetta-gtv-avec-v8-de-1000-ch-est-transformee-en-dragster\/\",\"url\":\"https:\/\/www.italpassion.fr\/en\/alfa-romeo\/cette-alfa-romeo-alfetta-gtv-avec-v8-de-1000-ch-est-transformee-en-dragster\/\",\"name\":\"Cette Alfa Romeo Alfetta GTV avec V8 de 1000 ch est transform\u00e9e en Dragster ! - ItalPassion\",\"isPartOf\":{\"@id\":\"https:\/\/www.italpassion.fr\/en\/#website\"},\"primaryImageOfPage\":{\"@id\":\"https:\/\/www.italpassion.fr\/en\/alfa-romeo\/cette-alfa-romeo-alfetta-gtv-avec-v8-de-1000-ch-est-transformee-en-dragster\/#primaryimage\"},\"image\":{\"@id\":\"https:\/\/www.italpassion.fr\/en\/alfa-romeo\/cette-alfa-romeo-alfetta-gtv-avec-v8-de-1000-ch-est-transformee-en-dragster\/#primaryimage\"},\"thumbnailUrl\":\"https:\/\/www.italpassion.fr\/wp-content\/uploads\/2025\/07\/alfa-romeo-gtv-v8.jpg\",\"datePublished\":\"2025-07-24T07:31:59+00:00\",\"description\":\"Nous sommes en 2009 et de mani\u00e8re ironique, l'ann\u00e9e du d\u00e9but d'acquisition de Chrysler par Fiat Et cette ann\u00e9e-l\u00e0, un pilote suisse avait d\u00e9j\u00e0 exp\u00e9riment\u00e9\",\"breadcrumb\":{\"@id\":\"https:\/\/www.italpassion.fr\/en\/alfa-romeo\/cette-alfa-romeo-alfetta-gtv-avec-v8-de-1000-ch-est-transformee-en-dragster\/#breadcrumb\"},\"inLanguage\":\"en-US\",\"potentialAction\":[{\"@type\":\"ReadAction\",\"target\":[\"https:\/\/www.italpassion.fr\/en\/alfa-romeo\/cette-alfa-romeo-alfetta-gtv-avec-v8-de-1000-ch-est-transformee-en-dragster\/\"]}]},{\"@type\":\"ImageObject\",\"inLanguage\":\"en-US\",\"@id\":\"https:\/\/www.italpassion.fr\/en\/alfa-romeo\/cette-alfa-romeo-alfetta-gtv-avec-v8-de-1000-ch-est-transformee-en-dragster\/#primaryimage\",\"url\":\"https:\/\/www.italpassion.fr\/wp-content\/uploads\/2025\/07\/alfa-romeo-gtv-v8.jpg\",\"contentUrl\":\"https:\/\/www.italpassion.fr\/wp-content\/uploads\/2025\/07\/alfa-romeo-gtv-v8.jpg\",\"width\":1200,\"height\":800},{\"@type\":\"BreadcrumbList\",\"@id\":\"https:\/\/www.italpassion.fr\/en\/alfa-romeo\/cette-alfa-romeo-alfetta-gtv-avec-v8-de-1000-ch-est-transformee-en-dragster\/#breadcrumb\",\"itemListElement\":[{\"@type\":\"ListItem\",\"position\":1,\"name\":\"Accueil\",\"item\":\"https:\/\/www.italpassion.fr\/en\/\"},{\"@type\":\"ListItem\",\"position\":2,\"name\":\"Cette Alfa Romeo Alfetta GTV avec V8 de 1000 ch est transform\u00e9e en Dragster !\"}]},{\"@type\":\"WebSite\",\"@id\":\"https:\/\/www.italpassion.fr\/en\/#website\",\"url\":\"https:\/\/www.italpassion.fr\/en\/\",\"name\":\"ItalPassion\",\"description\":\"Les Passionn\u00e9s d&#039;Automobiles Italiennes\",\"publisher\":{\"@id\":\"https:\/\/www.italpassion.fr\/en\/#organization\"},\"potentialAction\":[{\"@type\":\"SearchAction\",\"target\":{\"@type\":\"EntryPoint\",\"urlTemplate\":\"https:\/\/www.italpassion.fr\/en\/?s={search_term_string}\"},\"query-input\":{\"@type\":\"PropertyValueSpecification\",\"valueRequired\":true,\"valueName\":\"search_term_string\"}}],\"inLanguage\":\"en-US\"},{\"@type\":\"Organization\",\"@id\":\"https:\/\/www.italpassion.fr\/en\/#organization\",\"name\":\"Italpassion\",\"url\":\"https:\/\/www.italpassion.fr\/en\/\",\"logo\":{\"@type\":\"ImageObject\",\"inLanguage\":\"en-US\",\"@id\":\"https:\/\/www.italpassion.fr\/en\/#\/schema\/logo\/image\/\",\"url\":\"https:\/\/www.italpassion.fr\/wp-content\/uploads\/2023\/07\/italpassion-yoast.jpg\",\"contentUrl\":\"https:\/\/www.italpassion.fr\/wp-content\/uploads\/2023\/07\/italpassion-yoast.jpg\",\"width\":696,\"height\":696,\"caption\":\"Italpassion\"},\"image\":{\"@id\":\"https:\/\/www.italpassion.fr\/en\/#\/schema\/logo\/image\/\"},\"sameAs\":[\"https:\/\/www.facebook.com\/italpassion\",\"https:\/\/x.com\/italpassion\",\"https:\/\/www.instagram.com\/italpassionfr\/\",\"https:\/\/www.youtube.com\/channel\/UCleq-ByQaA42OjhopwevRjQ\",\"https:\/\/www.facebook.com\/italpassion.en\/\",\"https:\/\/www.facebook.com\/italpassion.it\/\",\"https:\/\/www.facebook.com\/italpassion.de\/\",\"https:\/\/www.facebook.com\/italpassion.ja\/\"]},{\"@type\":\"Person\",\"@id\":\"https:\/\/www.italpassion.fr\/en\/#\/schema\/person\/efd63d72fc8007741c5836a896805b04\",\"name\":\"Nicolas Anderbegani\",\"image\":{\"@type\":\"ImageObject\",\"inLanguage\":\"en-US\",\"@id\":\"https:\/\/www.italpassion.fr\/en\/#\/schema\/person\/image\/\",\"url\":\"https:\/\/www.italpassion.fr\/wp-content\/uploads\/2025\/05\/nicolas-anderbegani-160x160.jpg\",\"contentUrl\":\"https:\/\/www.italpassion.fr\/wp-content\/uploads\/2025\/05\/nicolas-anderbegani-160x160.jpg\",\"caption\":\"Nicolas Anderbegani\"},\"description\":\"Nicolas est passionn\u00e9 d\u2019histoire et de sport automobile. Il roule en Alfa Romeo Giulietta et vous partagera avec vous sa passion de l\u2019automobile italienne.\",\"url\":\"https:\/\/www.italpassion.fr\/en\/author\/nicolas\/\"}]}<\/script>\n<!-- \/ Yoast SEO plugin. -->","yoast_head_json":{"title":"This Alfa Romeo Alfetta GTV with 1000 hp V8 is transformed into a Dragster! - ItalPassion","description":"Ironically, it's 2009, the year in which Fiat began its acquisition of Chrysler.","robots":{"index":"index","follow":"follow","max-snippet":"max-snippet:-1","max-image-preview":"max-image-preview:large","max-video-preview":"max-video-preview:-1"},"canonical":"https:\/\/www.italpassion.fr\/en\/alfa-romeo\/this-alfa-romeo-alfetta-gtv-with-1000-hp-v8-is-transformed-into-a-dragster\/","og_locale":"en_US","og_type":"article","og_title":"Cette Alfa Romeo Alfetta GTV avec V8 de 1000 ch est transform\u00e9e en Dragster ! - ItalPassion","og_description":"Nous sommes en 2009 et de mani\u00e8re ironique, l'ann\u00e9e du d\u00e9but d'acquisition de Chrysler par Fiat Et cette ann\u00e9e-l\u00e0, un pilote suisse avait d\u00e9j\u00e0 exp\u00e9riment\u00e9","og_url":"https:\/\/www.italpassion.fr\/en\/alfa-romeo\/this-alfa-romeo-alfetta-gtv-with-1000-hp-v8-is-transformed-into-a-dragster\/","og_site_name":"ItalPassion","article_publisher":"https:\/\/www.facebook.com\/italpassion","article_published_time":"2025-07-24T07:31:59+00:00","og_image":[{"width":1200,"height":800,"url":"https:\/\/www.italpassion.fr\/wp-content\/uploads\/2025\/07\/alfa-romeo-gtv-v8.jpg","type":"image\/jpeg"}],"author":"Nicolas Anderbegani","twitter_card":"summary_large_image","twitter_creator":"@italpassion","twitter_site":"@italpassion","schema":{"@context":"https:\/\/schema.org","@graph":[{"@type":"NewsArticle","@id":"https:\/\/www.italpassion.fr\/en\/alfa-romeo\/cette-alfa-romeo-alfetta-gtv-avec-v8-de-1000-ch-est-transformee-en-dragster\/#article","isPartOf":{"@id":"https:\/\/www.italpassion.fr\/en\/alfa-romeo\/cette-alfa-romeo-alfetta-gtv-avec-v8-de-1000-ch-est-transformee-en-dragster\/"},"author":{"name":"Nicolas Anderbegani","@id":"https:\/\/www.italpassion.fr\/en\/#\/schema\/person\/efd63d72fc8007741c5836a896805b04"},"headline":"Cette Alfa Romeo Alfetta GTV avec V8 de 1000 ch est transform\u00e9e en Dragster !","datePublished":"2025-07-24T07:31:59+00:00","mainEntityOfPage":{"@id":"https:\/\/www.italpassion.fr\/en\/alfa-romeo\/cette-alfa-romeo-alfetta-gtv-avec-v8-de-1000-ch-est-transformee-en-dragster\/"},"wordCount":441,"commentCount":1,"publisher":{"@id":"https:\/\/www.italpassion.fr\/en\/#organization"},"image":{"@id":"https:\/\/www.italpassion.fr\/en\/alfa-romeo\/cette-alfa-romeo-alfetta-gtv-avec-v8-de-1000-ch-est-transformee-en-dragster\/#primaryimage"},"thumbnailUrl":"https:\/\/www.italpassion.fr\/wp-content\/uploads\/2025\/07\/alfa-romeo-gtv-v8.jpg","keywords":["Alfa Romeo Alfetta GTV"],"articleSection":["Alfa Romeo"],"inLanguage":"en-US","potentialAction":[{"@type":"CommentAction","name":"Comment","target":["https:\/\/www.italpassion.fr\/en\/alfa-romeo\/cette-alfa-romeo-alfetta-gtv-avec-v8-de-1000-ch-est-transformee-en-dragster\/#respond"]}]},{"@type":"WebPage","@id":"https:\/\/www.italpassion.fr\/en\/alfa-romeo\/cette-alfa-romeo-alfetta-gtv-avec-v8-de-1000-ch-est-transformee-en-dragster\/","url":"https:\/\/www.italpassion.fr\/en\/alfa-romeo\/cette-alfa-romeo-alfetta-gtv-avec-v8-de-1000-ch-est-transformee-en-dragster\/","name":"This Alfa Romeo Alfetta GTV with 1000 hp V8 is transformed into a Dragster! - ItalPassion","isPartOf":{"@id":"https:\/\/www.italpassion.fr\/en\/#website"},"primaryImageOfPage":{"@id":"https:\/\/www.italpassion.fr\/en\/alfa-romeo\/cette-alfa-romeo-alfetta-gtv-avec-v8-de-1000-ch-est-transformee-en-dragster\/#primaryimage"},"image":{"@id":"https:\/\/www.italpassion.fr\/en\/alfa-romeo\/cette-alfa-romeo-alfetta-gtv-avec-v8-de-1000-ch-est-transformee-en-dragster\/#primaryimage"},"thumbnailUrl":"https:\/\/www.italpassion.fr\/wp-content\/uploads\/2025\/07\/alfa-romeo-gtv-v8.jpg","datePublished":"2025-07-24T07:31:59+00:00","description":"Ironically, it's 2009, the year in which Fiat began its acquisition of Chrysler.","breadcrumb":{"@id":"https:\/\/www.italpassion.fr\/en\/alfa-romeo\/cette-alfa-romeo-alfetta-gtv-avec-v8-de-1000-ch-est-transformee-en-dragster\/#breadcrumb"},"inLanguage":"en-US","potentialAction":[{"@type":"ReadAction","target":["https:\/\/www.italpassion.fr\/en\/alfa-romeo\/cette-alfa-romeo-alfetta-gtv-avec-v8-de-1000-ch-est-transformee-en-dragster\/"]}]},{"@type":"ImageObject","inLanguage":"en-US","@id":"https:\/\/www.italpassion.fr\/en\/alfa-romeo\/cette-alfa-romeo-alfetta-gtv-avec-v8-de-1000-ch-est-transformee-en-dragster\/#primaryimage","url":"https:\/\/www.italpassion.fr\/wp-content\/uploads\/2025\/07\/alfa-romeo-gtv-v8.jpg","contentUrl":"https:\/\/www.italpassion.fr\/wp-content\/uploads\/2025\/07\/alfa-romeo-gtv-v8.jpg","width":1200,"height":800},{"@type":"BreadcrumbList","@id":"https:\/\/www.italpassion.fr\/en\/alfa-romeo\/cette-alfa-romeo-alfetta-gtv-avec-v8-de-1000-ch-est-transformee-en-dragster\/#breadcrumb","itemListElement":[{"@type":"ListItem","position":1,"name":"Accueil","item":"https:\/\/www.italpassion.fr\/en\/"},{"@type":"ListItem","position":2,"name":"Cette Alfa Romeo Alfetta GTV avec V8 de 1000 ch est transform\u00e9e en Dragster !"}]},{"@type":"WebSite","@id":"https:\/\/www.italpassion.fr\/en\/#website","url":"https:\/\/www.italpassion.fr\/en\/","name":"ItalPassion","description":"Italian Car Enthusiasts","publisher":{"@id":"https:\/\/www.italpassion.fr\/en\/#organization"},"potentialAction":[{"@type":"SearchAction","target":{"@type":"EntryPoint","urlTemplate":"https:\/\/www.italpassion.fr\/en\/?s={search_term_string}"},"query-input":{"@type":"PropertyValueSpecification","valueRequired":true,"valueName":"search_term_string"}}],"inLanguage":"en-US"},{"@type":"Organization","@id":"https:\/\/www.italpassion.fr\/en\/#organization","name":"Italpassion","url":"https:\/\/www.italpassion.fr\/en\/","logo":{"@type":"ImageObject","inLanguage":"en-US","@id":"https:\/\/www.italpassion.fr\/en\/#\/schema\/logo\/image\/","url":"https:\/\/www.italpassion.fr\/wp-content\/uploads\/2023\/07\/italpassion-yoast.jpg","contentUrl":"https:\/\/www.italpassion.fr\/wp-content\/uploads\/2023\/07\/italpassion-yoast.jpg","width":696,"height":696,"caption":"Italpassion"},"image":{"@id":"https:\/\/www.italpassion.fr\/en\/#\/schema\/logo\/image\/"},"sameAs":["https:\/\/www.facebook.com\/italpassion","https:\/\/x.com\/italpassion","https:\/\/www.instagram.com\/italpassionfr\/","https:\/\/www.youtube.com\/channel\/UCleq-ByQaA42OjhopwevRjQ","https:\/\/www.facebook.com\/italpassion.en\/","https:\/\/www.facebook.com\/italpassion.it\/","https:\/\/www.facebook.com\/italpassion.de\/","https:\/\/www.facebook.com\/italpassion.ja\/"]},{"@type":"Person","@id":"https:\/\/www.italpassion.fr\/en\/#\/schema\/person\/efd63d72fc8007741c5836a896805b04","name":"Nicolas Anderbegani","image":{"@type":"ImageObject","inLanguage":"en-US","@id":"https:\/\/www.italpassion.fr\/en\/#\/schema\/person\/image\/","url":"https:\/\/www.italpassion.fr\/wp-content\/uploads\/2025\/05\/nicolas-anderbegani-160x160.jpg","contentUrl":"https:\/\/www.italpassion.fr\/wp-content\/uploads\/2025\/05\/nicolas-anderbegani-160x160.jpg","caption":"Nicolas Anderbegani"},"description":"Nicolas is passionate about history and motor sport. He drives an Alfa Romeo Giulietta and will share his passion for Italian cars with you.","url":"https:\/\/www.italpassion.fr\/en\/author\/nicolas\/"}]}},"_links":{"self":[{"href":"https:\/\/www.italpassion.fr\/en\/wp-json\/wp\/v2\/posts\/40035","targetHints":{"allow":["GET"]}}],"collection":[{"href":"https:\/\/www.italpassion.fr\/en\/wp-json\/wp\/v2\/posts"}],"about":[{"href":"https:\/\/www.italpassion.fr\/en\/wp-json\/wp\/v2\/types\/post"}],"author":[{"embeddable":true,"href":"https:\/\/www.italpassion.fr\/en\/wp-json\/wp\/v2\/users\/8"}],"replies":[{"embeddable":true,"href":"https:\/\/www.italpassion.fr\/en\/wp-json\/wp\/v2\/comments?post=40035"}],"version-history":[{"count":1,"href":"https:\/\/www.italpassion.fr\/en\/wp-json\/wp\/v2\/posts\/40035\/revisions"}],"predecessor-version":[{"id":40043,"href":"https:\/\/www.italpassion.fr\/en\/wp-json\/wp\/v2\/posts\/40035\/revisions\/40043"}],"wp:featuredmedia":[{"embeddable":true,"href":"https:\/\/www.italpassion.fr\/en\/wp-json\/wp\/v2\/media\/40040"}],"wp:attachment":[{"href":"https:\/\/www.italpassion.fr\/en\/wp-json\/wp\/v2\/media?parent=40035"}],"wp:term":[{"taxonomy":"category","embeddable":true,"href":"https:\/\/www.italpassion.fr\/en\/wp-json\/wp\/v2\/categories?post=40035"},{"taxonomy":"post_tag","embeddable":true,"href":"https:\/\/www.italpassion.fr\/en\/wp-json\/wp\/v2\/tags?post=40035"}],"curies":[{"name":"wp","href":"https:\/\/api.w.org\/{rel}","templated":true}]}}